{"id":95463,"date":"2018-02-27T00:29:43","date_gmt":"2018-02-26T23:29:43","guid":{"rendered":"https:\/\/liked.hu\/old\/?p=95463"},"modified":"2022-09-05T17:17:46","modified_gmt":"2022-09-05T15:17:46","slug":"igy-epul-fel-egy-4-kontenerbol-allo-alomotthon-kevesebb-mint-1-millio-forintbol","status":"publish","type":"post","link":"https:\/\/liked.hu\/old\/erdekes\/igy-epul-fel-egy-4-kontenerbol-allo-alomotthon-kevesebb-mint-1-millio-forintbol\/","title":{"rendered":"\u00cdgy \u00e9p\u00fcl fel egy 4 kont\u00e9nerb\u0151l \u00e1ll\u00f3 \u00e1lomotthon kevesebb, mint 1 milli\u00f3 forintb\u00f3l"},"content":{"rendered":"<p>A kanadai Claudie Dubreuil de Mirabel hossz\u00fa \u00e9vek \u00f3ta dolgozott az \u00e9p\u00edt\u0151iparban. Nap mint nap figyelte testk\u00f6zelb\u0151l a k\u00fcl\u00f6nf\u00e9le fah\u00e1zak \u00e9s t\u00f6bbemeletes csal\u00e1di h\u00e1zak \u00e9p\u00edt\u00e9s\u00e9t, \u00e1m amikor elj\u00f6tt az ideje, hogy mag\u00e1nak \u00e9p\u00edtse fel \u00e1lmai otthon\u00e1t, a n\u0151 \u00fagy d\u00f6nt\u00f6tt, hogy egy sokkal eredetibb projektbe v\u00e1gja bele a fejsz\u00e9j\u00e9t.<\/p>\n\n<div style=\"float:none;margin:0px 0 0px 0;text-align:center;\">\n<div class=\"mobileShowkakettes\"><div class=\"mobileShowka2\"><div style=\"padding-top:0px;padding-bottom:15px;min-height: 300px;\"><div class=\"hirdetes\">HIRDET\u00c9S<\/div>\n<!-- 300lista -->\n<ins class=\"adsbygoogle\"\n     style=\"display:inline-block;width:300px;height:250px\"\n     data-ad-client=\"ca-pub-9424088931673893\"\n     data-ad-slot=\"8471340766\"><\/ins>\n<script async>\n     (adsbygoogle = window.adsbygoogle || []).push({});\n<\/script><\/div><\/div><\/div><\/div>\n\n<div id=\"zombify-main-section-front\" class=\"zombify-main-section-front zombify-screen zf-media-full\">\r\n<link rel=\"stylesheet\" type=\"text\/css\" href=\"https:\/\/liked.hu\/old\/js\/zombify.css\">\r\n    <link rel=\"stylesheet\" type=\"text\/css\" href=\"https:\/\/liked.hu\/old\/wp-content\/themes\/newsy-child\/style.css\">\r\n\t\r\n    <div class=\"zf-container\">\r\n\r\n\r\n        <div id=\"zf-story\" class=\"zf-story\">\r\n            <div class=\"zf-story_item\">\r\n\t<h3 class=\"zf_title\"><\/h3>\r\n\t\t\t<figure class=\"zf-story_media zf-media-wrapper zf-image zf-type-image\">\r\n\t\t\t<div class=\"zf-media\">\r\n\t\t\t\t<img width=\"800\" height=\"520\" src=\"https:\/\/liked.hu\/old\/wp-content\/uploads\/2018\/02\/1-147.jpg\" class=\"\" alt=\"\" loading=\"lazy\" style=\"\" srcset=\"https:\/\/liked.hu\/old\/wp-content\/uploads\/2018\/02\/1-147.jpg 800w, https:\/\/liked.hu\/old\/wp-content\/uploads\/2018\/02\/1-147-300x195.jpg 300w, https:\/\/liked.hu\/old\/wp-content\/uploads\/2018\/02\/1-147-768x499.jpg 768w, https:\/\/liked.hu\/old\/wp-content\/uploads\/2018\/02\/1-147-545x354.jpg 545w\" sizes=\"(max-width: 800px) 100vw, 800px\" \/>\t\t\t<\/div>\r\n\t\t<\/figure>\r\n\t\t\t<\/div><div class=\"zf-story_item\">\r\n\t<h3 class=\"zf_title\">A montreali kik\u00f6t\u0151b\u0151l beszerzett kont\u00e9nerek \u00e1ra \u00f6sszesen 2600 doll\u00e1rba, vagyis valamivel t\u00f6bb, mint f\u00e9l milli\u00f3 forintba ker\u00fclt.<\/h3>\r\n\t\t\t<figure class=\"zf-story_media zf-media-wrapper zf-image zf-type-image\">\r\n\t\t\t<div class=\"zf-media\">\r\n\t\t\t\t<img width=\"800\" height=\"400\" src=\"https:\/\/liked.hu\/old\/wp-content\/uploads\/2018\/02\/2-149.jpg\" class=\"\" alt=\"\" loading=\"lazy\" style=\"\" srcset=\"https:\/\/liked.hu\/old\/wp-content\/uploads\/2018\/02\/2-149.jpg 800w, https:\/\/liked.hu\/old\/wp-content\/uploads\/2018\/02\/2-149-300x150.jpg 300w, https:\/\/liked.hu\/old\/wp-content\/uploads\/2018\/02\/2-149-768x384.jpg 768w, https:\/\/liked.hu\/old\/wp-content\/uploads\/2018\/02\/2-149-360x180.jpg 360w, https:\/\/liked.hu\/old\/wp-content\/uploads\/2018\/02\/2-149-545x273.jpg 545w\" sizes=\"(max-width: 800px) 100vw, 800px\" \/>\t\t\t<\/div>\r\n\t\t<\/figure>\r\n\t\t\t<\/div><div class=\"zf-story_item\">\r\n\t<h3 class=\"zf_title\"><\/h3>\r\n\t\t\t<figure class=\"zf-story_media zf-media-wrapper zf-image zf-type-image\">\r\n\t\t\t<div class=\"zf-media\">\r\n\t\t\t\t<img width=\"800\" height=\"538\" src=\"https:\/\/liked.hu\/old\/wp-content\/uploads\/2018\/02\/3-149.jpg\" class=\"\" alt=\"\" loading=\"lazy\" style=\"\" srcset=\"https:\/\/liked.hu\/old\/wp-content\/uploads\/2018\/02\/3-149.jpg 800w, https:\/\/liked.hu\/old\/wp-content\/uploads\/2018\/02\/3-149-300x202.jpg 300w, https:\/\/liked.hu\/old\/wp-content\/uploads\/2018\/02\/3-149-768x516.jpg 768w, https:\/\/liked.hu\/old\/wp-content\/uploads\/2018\/02\/3-149-545x367.jpg 545w\" sizes=\"(max-width: 800px) 100vw, 800px\" \/>\t\t\t<\/div>\r\n\t\t<\/figure>\r\n\t\t\t<\/div><div class=\"zf-story_item\">\r\n\t<h3 class=\"zf_title\">Ezut\u00e1n j\u00f6tt a szakemberek felb\u00e9rel\u00e9se, akik nem csak seg\u00edtett\u00e9k elhelyezni Claudie kont\u00e9nereit, de egy\u00fattal ig\u00e9ny szerint fel is v\u00e1gt\u00e1k azokat. A dolog \u00e9rdekess\u00e9ge, hogy kor\u00e1bban n\u00e9gy v\u00e1llalat is visszautas\u00edtotta a n\u0151 megkeres\u00e9s\u00e9t, mivel t\u00fal bonyolultnak \u00e9s rizik\u00f3snak tal\u00e1lt\u00e1k a projektet.<\/h3>\r\n\t\t\t<figure class=\"zf-story_media zf-media-wrapper zf-image zf-type-image\">\r\n\t\t\t<div class=\"zf-media\">\r\n\t\t\t\t<img width=\"800\" height=\"538\" src=\"https:\/\/liked.hu\/old\/wp-content\/uploads\/2018\/02\/4-145.jpg\" class=\"\" alt=\"\" loading=\"lazy\" style=\"\" srcset=\"https:\/\/liked.hu\/old\/wp-content\/uploads\/2018\/02\/4-145.jpg 800w, https:\/\/liked.hu\/old\/wp-content\/uploads\/2018\/02\/4-145-300x202.jpg 300w, https:\/\/liked.hu\/old\/wp-content\/uploads\/2018\/02\/4-145-768x516.jpg 768w, https:\/\/liked.hu\/old\/wp-content\/uploads\/2018\/02\/4-145-545x367.jpg 545w\" sizes=\"(max-width: 800px) 100vw, 800px\" \/>\t\t\t<\/div>\r\n\t\t<\/figure>\r\n\t\t\t<\/div><div class=\"zf-story_item\">\r\n\t<h3 class=\"zf_title\">K\u00e9t 2,44 x 12 m-es, egym\u00e1ssal \u00f6sszek\u00f6t\u00f6tt kont\u00e9ner k\u00e9pezi az als\u00f3 szintet, m\u00edg ugyancsak kett\u0151, 90 fokos sz\u00f6gben elford\u00edtott kont\u00e9ner az emeletet.<\/h3>\r\n\t\t\t<figure class=\"zf-story_media zf-media-wrapper zf-image zf-type-image\">\r\n\t\t\t<div class=\"zf-media\">\r\n\t\t\t\t<img width=\"800\" height=\"908\" src=\"https:\/\/liked.hu\/old\/wp-content\/uploads\/2018\/02\/5-136.jpg\" class=\"\" alt=\"\" loading=\"lazy\" style=\"\" srcset=\"https:\/\/liked.hu\/old\/wp-content\/uploads\/2018\/02\/5-136.jpg 800w, https:\/\/liked.hu\/old\/wp-content\/uploads\/2018\/02\/5-136-264x300.jpg 264w, https:\/\/liked.hu\/old\/wp-content\/uploads\/2018\/02\/5-136-768x872.jpg 768w, https:\/\/liked.hu\/old\/wp-content\/uploads\/2018\/02\/5-136-545x619.jpg 545w\" sizes=\"(max-width: 800px) 100vw, 800px\" \/>\t\t\t<\/div>\r\n\t\t<\/figure>\r\n\t\t\t<\/div><div class=\"zf-story_item\">\r\n\t<h3 class=\"zf_title\">Mindegyik kont\u00e9nert fejjel lefel\u00e9 helyezt\u00e9k el \u00e9s gerend\u00e1kkal er\u0151s\u00edtett\u00e9k. A h\u00e1z padl\u00f3j\u00e1t 12 cm betonr\u00e9teggel t\u00f6lt\u00f6tt\u00e9k fel, melyben m\u00e9g egy padl\u00f3f\u0171t\u00e9si rendszer is helyet kapott.<\/h3>\r\n\t\t\t<figure class=\"zf-story_media zf-media-wrapper zf-image zf-type-image\">\r\n\t\t\t<div class=\"zf-media\">\r\n\t\t\t\t<img width=\"800\" height=\"656\" src=\"https:\/\/liked.hu\/old\/wp-content\/uploads\/2018\/02\/6-133.jpg\" class=\"\" alt=\"\" loading=\"lazy\" style=\"\" srcset=\"https:\/\/liked.hu\/old\/wp-content\/uploads\/2018\/02\/6-133.jpg 800w, https:\/\/liked.hu\/old\/wp-content\/uploads\/2018\/02\/6-133-300x246.jpg 300w, https:\/\/liked.hu\/old\/wp-content\/uploads\/2018\/02\/6-133-768x630.jpg 768w, https:\/\/liked.hu\/old\/wp-content\/uploads\/2018\/02\/6-133-545x447.jpg 545w\" sizes=\"(max-width: 800px) 100vw, 800px\" \/>\t\t\t<\/div>\r\n\t\t<\/figure>\r\n\t\t\t<\/div><div class=\"zf-story_item\">\r\n\t<h3 class=\"zf_title\">Claudie igyekezett a lehet\u0151 legalacsonyabban tartani a k\u00f6lt\u00e9sgeket, ez\u00e9rt bel\u00fclr\u0151l a h\u00e1z csak egy feh\u00e9r fest\u00e9kr\u00e9teget kapott.<\/h3>\r\n\t\t\t<figure class=\"zf-story_media zf-media-wrapper zf-image zf-type-image\">\r\n\t\t\t<div class=\"zf-media\">\r\n\t\t\t\t<img width=\"800\" height=\"532\" src=\"https:\/\/liked.hu\/old\/wp-content\/uploads\/2018\/02\/7-130.jpg\" class=\"\" alt=\"\" loading=\"lazy\" style=\"\" srcset=\"https:\/\/liked.hu\/old\/wp-content\/uploads\/2018\/02\/7-130.jpg 800w, https:\/\/liked.hu\/old\/wp-content\/uploads\/2018\/02\/7-130-300x200.jpg 300w, https:\/\/liked.hu\/old\/wp-content\/uploads\/2018\/02\/7-130-768x511.jpg 768w, https:\/\/liked.hu\/old\/wp-content\/uploads\/2018\/02\/7-130-545x362.jpg 545w\" sizes=\"(max-width: 800px) 100vw, 800px\" \/>\t\t\t<\/div>\r\n\t\t<\/figure>\r\n\t\t\t\t\t<div class=\"zf_description\"><p>Az \u00e9p\u00fclet h\u0151szigetel\u0151 r\u00e9tege a kont\u00e9nerek k\u00fclsej\u00e9n helyezkedik el, erre j\u00f6n r\u00e1 d\u00edsz\u00edt\u00e9sk\u00e9nt a nem mindennapi hat\u00e1st kelt\u0151 feny\u0151burkolat. Mivel a kont\u00e9nerek belsej\u00e9b\u0151l nem vett el teret a falak szigetel\u00e9se, ez\u00e9rt Claudie v\u00e9g\u00fcl a lehet\u0151 legnagyobb bels\u0151 teret kapta.<\/p><\/div><\/div><div class=\"zf-story_item\">\r\n\t<h3 class=\"zf_title\">A bels\u0151 v\u00e1laszfalak k\u00fcl\u00f6nb\u00f6z\u0151 st\u00edlusokat kombin\u00e1lva, elt\u00e9r\u0151 anyagokkal d\u00edsz\u00edtve k\u00e9sz\u00fcltek, de t\u00f6bbs\u00e9g\u00e9ben persze a fa domin\u00e1l.<\/h3>\r\n\t\t\t<figure class=\"zf-story_media zf-media-wrapper zf-image zf-type-image\">\r\n\t\t\t<div class=\"zf-media\">\r\n\t\t\t\t<img width=\"800\" height=\"1089\" src=\"https:\/\/liked.hu\/old\/wp-content\/uploads\/2018\/02\/8-125.jpg\" class=\"\" alt=\"\" loading=\"lazy\" style=\"\" srcset=\"https:\/\/liked.hu\/old\/wp-content\/uploads\/2018\/02\/8-125.jpg 800w, https:\/\/liked.hu\/old\/wp-content\/uploads\/2018\/02\/8-125-220x300.jpg 220w, https:\/\/liked.hu\/old\/wp-content\/uploads\/2018\/02\/8-125-768x1045.jpg 768w, https:\/\/liked.hu\/old\/wp-content\/uploads\/2018\/02\/8-125-752x1024.jpg 752w, https:\/\/liked.hu\/old\/wp-content\/uploads\/2018\/02\/8-125-545x742.jpg 545w\" sizes=\"(max-width: 800px) 100vw, 800px\" \/>\t\t\t<\/div>\r\n\t\t<\/figure>\r\n\t\t\t<\/div><div class=\"zf-story_item\">\r\n\t<h3 class=\"zf_title\"><\/h3>\r\n\t\t\t<figure class=\"zf-story_media zf-media-wrapper zf-image zf-type-image\">\r\n\t\t\t<div class=\"zf-media\">\r\n\t\t\t\t<img width=\"800\" height=\"1206\" src=\"https:\/\/liked.hu\/old\/wp-content\/uploads\/2018\/02\/9-122_1.jpg\" class=\"\" alt=\"\" loading=\"lazy\" style=\"\" srcset=\"https:\/\/liked.hu\/old\/wp-content\/uploads\/2018\/02\/9-122_1.jpg 800w, https:\/\/liked.hu\/old\/wp-content\/uploads\/2018\/02\/9-122_1-199x300.jpg 199w, https:\/\/liked.hu\/old\/wp-content\/uploads\/2018\/02\/9-122_1-768x1158.jpg 768w, https:\/\/liked.hu\/old\/wp-content\/uploads\/2018\/02\/9-122_1-679x1024.jpg 679w, https:\/\/liked.hu\/old\/wp-content\/uploads\/2018\/02\/9-122_1-545x822.jpg 545w\" sizes=\"(max-width: 800px) 100vw, 800px\" \/>\t\t\t<\/div>\r\n\t\t<\/figure>\r\n\t\t\t<\/div><div class=\"zf-story_item\">\r\n\t<h3 class=\"zf_title\">A konyha teljesen felszerelt, \u00e9s mutat\u00f3s.<\/h3>\r\n\t\t\t<figure class=\"zf-story_media zf-media-wrapper zf-image zf-type-image\">\r\n\t\t\t<div class=\"zf-media\">\r\n\t\t\t\t<img width=\"800\" height=\"530\" src=\"https:\/\/liked.hu\/old\/wp-content\/uploads\/2018\/02\/10-115.jpg\" class=\"\" alt=\"\" loading=\"lazy\" style=\"\" srcset=\"https:\/\/liked.hu\/old\/wp-content\/uploads\/2018\/02\/10-115.jpg 800w, https:\/\/liked.hu\/old\/wp-content\/uploads\/2018\/02\/10-115-300x199.jpg 300w, https:\/\/liked.hu\/old\/wp-content\/uploads\/2018\/02\/10-115-768x509.jpg 768w, https:\/\/liked.hu\/old\/wp-content\/uploads\/2018\/02\/10-115-545x361.jpg 545w\" sizes=\"(max-width: 800px) 100vw, 800px\" \/>\t\t\t<\/div>\r\n\t\t<\/figure>\r\n\t\t\t<\/div><div class=\"zf-story_item\">\r\n\t<h3 class=\"zf_title\">Elektromos t\u0171zhely, szagelsz\u00edv\u00f3 \u00e9s h\u0171t\u0151szekr\u00e9ny is helyet kapott benne, mint m\u00e1s \u00e1tlag konyh\u00e1ban.<\/h3>\r\n\t\t\t<figure class=\"zf-story_media zf-media-wrapper zf-image zf-type-image\">\r\n\t\t\t<div class=\"zf-media\">\r\n\t\t\t\t<img width=\"800\" height=\"532\" src=\"https:\/\/liked.hu\/old\/wp-content\/uploads\/2018\/02\/13-94.jpg\" class=\"\" alt=\"\" loading=\"lazy\" style=\"\" srcset=\"https:\/\/liked.hu\/old\/wp-content\/uploads\/2018\/02\/13-94.jpg 800w, https:\/\/liked.hu\/old\/wp-content\/uploads\/2018\/02\/13-94-300x200.jpg 300w, https:\/\/liked.hu\/old\/wp-content\/uploads\/2018\/02\/13-94-768x511.jpg 768w, https:\/\/liked.hu\/old\/wp-content\/uploads\/2018\/02\/13-94-545x362.jpg 545w\" sizes=\"(max-width: 800px) 100vw, 800px\" \/>\t\t\t<\/div>\r\n\t\t<\/figure>\r\n\t\t\t<\/div><div class=\"zf-story_item\">\r\n\t<h3 class=\"zf_title\"><\/h3>\r\n\t\t\t<figure class=\"zf-story_media zf-media-wrapper zf-image zf-type-image\">\r\n\t\t\t<div class=\"zf-media\">\r\n\t\t\t\t<img width=\"800\" height=\"1201\" src=\"https:\/\/liked.hu\/old\/wp-content\/uploads\/2018\/02\/11-104.jpg\" class=\"\" alt=\"\" loading=\"lazy\" style=\"\" srcset=\"https:\/\/liked.hu\/old\/wp-content\/uploads\/2018\/02\/11-104.jpg 800w, https:\/\/liked.hu\/old\/wp-content\/uploads\/2018\/02\/11-104-200x300.jpg 200w, https:\/\/liked.hu\/old\/wp-content\/uploads\/2018\/02\/11-104-768x1153.jpg 768w, https:\/\/liked.hu\/old\/wp-content\/uploads\/2018\/02\/11-104-682x1024.jpg 682w, https:\/\/liked.hu\/old\/wp-content\/uploads\/2018\/02\/11-104-545x818.jpg 545w\" sizes=\"(max-width: 800px) 100vw, 800px\" \/>\t\t\t<\/div>\r\n\t\t<\/figure>\r\n\t\t\t<\/div><div class=\"zf-story_item\">\r\n\t<h3 class=\"zf_title\">A f\u00fcrd\u0151szoba mes\u00e9s, teljesen \u00f6tv\u00f6zi a rusztikust a modernnel.<\/h3>\r\n\t\t\t<figure class=\"zf-story_media zf-media-wrapper zf-image zf-type-image\">\r\n\t\t\t<div class=\"zf-media\">\r\n\t\t\t\t<img width=\"800\" height=\"534\" src=\"https:\/\/liked.hu\/old\/wp-content\/uploads\/2018\/02\/16-78.jpg\" class=\"\" alt=\"\" loading=\"lazy\" style=\"\" srcset=\"https:\/\/liked.hu\/old\/wp-content\/uploads\/2018\/02\/16-78.jpg 800w, https:\/\/liked.hu\/old\/wp-content\/uploads\/2018\/02\/16-78-300x200.jpg 300w, https:\/\/liked.hu\/old\/wp-content\/uploads\/2018\/02\/16-78-768x513.jpg 768w, https:\/\/liked.hu\/old\/wp-content\/uploads\/2018\/02\/16-78-545x364.jpg 545w\" sizes=\"(max-width: 800px) 100vw, 800px\" \/>\t\t\t<\/div>\r\n\t\t<\/figure>\r\n\t\t\t<\/div><div class=\"zf-story_item\">\r\n\t<h3 class=\"zf_title\"><\/h3>\r\n\t\t\t<figure class=\"zf-story_media zf-media-wrapper zf-image zf-type-image\">\r\n\t\t\t<div class=\"zf-media\">\r\n\t\t\t\t<img width=\"800\" height=\"1206\" src=\"https:\/\/liked.hu\/old\/wp-content\/uploads\/2018\/02\/14-89.jpg\" class=\"\" alt=\"\" loading=\"lazy\" style=\"\" srcset=\"https:\/\/liked.hu\/old\/wp-content\/uploads\/2018\/02\/14-89.jpg 800w, https:\/\/liked.hu\/old\/wp-content\/uploads\/2018\/02\/14-89-199x300.jpg 199w, https:\/\/liked.hu\/old\/wp-content\/uploads\/2018\/02\/14-89-768x1158.jpg 768w, https:\/\/liked.hu\/old\/wp-content\/uploads\/2018\/02\/14-89-679x1024.jpg 679w, https:\/\/liked.hu\/old\/wp-content\/uploads\/2018\/02\/14-89-545x822.jpg 545w\" sizes=\"(max-width: 800px) 100vw, 800px\" \/>\t\t\t<\/div>\r\n\t\t<\/figure>\r\n\t\t\t<\/div><div class=\"zf-story_item\">\r\n\t<h3 class=\"zf_title\"><\/h3>\r\n\t\t\t<figure class=\"zf-story_media zf-media-wrapper zf-image zf-type-image\">\r\n\t\t\t<div class=\"zf-media\">\r\n\t\t\t\t<img width=\"800\" height=\"534\" src=\"https:\/\/liked.hu\/old\/wp-content\/uploads\/2018\/02\/15-85.jpg\" class=\"\" alt=\"\" loading=\"lazy\" style=\"\" srcset=\"https:\/\/liked.hu\/old\/wp-content\/uploads\/2018\/02\/15-85.jpg 800w, https:\/\/liked.hu\/old\/wp-content\/uploads\/2018\/02\/15-85-300x200.jpg 300w, https:\/\/liked.hu\/old\/wp-content\/uploads\/2018\/02\/15-85-768x513.jpg 768w, https:\/\/liked.hu\/old\/wp-content\/uploads\/2018\/02\/15-85-545x364.jpg 545w\" sizes=\"(max-width: 800px) 100vw, 800px\" \/>\t\t\t<\/div>\r\n\t\t<\/figure>\r\n\t\t\t<\/div><div class=\"zf-story_item\">\r\n\t<h3 class=\"zf_title\">A boh\u00e9m h\u00e1l\u00f3szoba egy l\u00e9gt\u00e9rben van a csodasz\u00e9p f\u00fcrd\u0151vel.<\/h3>\r\n\t\t\t<figure class=\"zf-story_media zf-media-wrapper zf-image zf-type-image\">\r\n\t\t\t<div class=\"zf-media\">\r\n\t\t\t\t<img width=\"800\" height=\"1204\" src=\"https:\/\/liked.hu\/old\/wp-content\/uploads\/2018\/02\/17-70.jpg\" class=\"\" alt=\"\" loading=\"lazy\" style=\"\" srcset=\"https:\/\/liked.hu\/old\/wp-content\/uploads\/2018\/02\/17-70.jpg 800w, https:\/\/liked.hu\/old\/wp-content\/uploads\/2018\/02\/17-70-199x300.jpg 199w, https:\/\/liked.hu\/old\/wp-content\/uploads\/2018\/02\/17-70-768x1156.jpg 768w, https:\/\/liked.hu\/old\/wp-content\/uploads\/2018\/02\/17-70-680x1024.jpg 680w, https:\/\/liked.hu\/old\/wp-content\/uploads\/2018\/02\/17-70-545x820.jpg 545w\" sizes=\"(max-width: 800px) 100vw, 800px\" \/>\t\t\t<\/div>\r\n\t\t<\/figure>\r\n\t\t\t<\/div><div class=\"zf-story_item\">\r\n\t<h3 class=\"zf_title\">A fels\u0151 szint terasz\u00e1r\u00f3l nem csak csod\u00e1s kil\u00e1t\u00e1s ny\u00edlik, de m\u00e9g egy szabadt\u00e9ri zuhanyz\u00f3 is helyet kapott rajta.<\/h3>\r\n\t\t\t<figure class=\"zf-story_media zf-media-wrapper zf-image zf-type-image\">\r\n\t\t\t<div class=\"zf-media\">\r\n\t\t\t\t<img width=\"800\" height=\"530\" src=\"https:\/\/liked.hu\/old\/wp-content\/uploads\/2018\/02\/18-62.jpg\" class=\"\" alt=\"\" loading=\"lazy\" style=\"\" srcset=\"https:\/\/liked.hu\/old\/wp-content\/uploads\/2018\/02\/18-62.jpg 800w, https:\/\/liked.hu\/old\/wp-content\/uploads\/2018\/02\/18-62-300x199.jpg 300w, https:\/\/liked.hu\/old\/wp-content\/uploads\/2018\/02\/18-62-768x509.jpg 768w, https:\/\/liked.hu\/old\/wp-content\/uploads\/2018\/02\/18-62-545x361.jpg 545w\" sizes=\"(max-width: 800px) 100vw, 800px\" \/>\t\t\t<\/div>\r\n\t\t<\/figure>\r\n\t\t\t<\/div><div class=\"zf-story_item\">\r\n\t<h3 class=\"zf_title\">Egy sz\u00f3, mint sz\u00e1z: ez egy igazi luxus h\u00e1z, nem igaz?<\/h3>\r\n\t\t\t<figure class=\"zf-story_media zf-media-wrapper zf-image zf-type-image\">\r\n\t\t\t<div class=\"zf-media\">\r\n\t\t\t\t<img width=\"800\" height=\"520\" src=\"https:\/\/liked.hu\/old\/wp-content\/uploads\/2018\/02\/19-59.jpg\" class=\"\" alt=\"\" loading=\"lazy\" style=\"\" srcset=\"https:\/\/liked.hu\/old\/wp-content\/uploads\/2018\/02\/19-59.jpg 800w, https:\/\/liked.hu\/old\/wp-content\/uploads\/2018\/02\/19-59-300x195.jpg 300w, https:\/\/liked.hu\/old\/wp-content\/uploads\/2018\/02\/19-59-768x499.jpg 768w, https:\/\/liked.hu\/old\/wp-content\/uploads\/2018\/02\/19-59-545x354.jpg 545w\" sizes=\"(max-width: 800px) 100vw, 800px\" \/>\t\t\t<\/div>\r\n\t\t<\/figure>\r\n\t\t\t\t\t<div class=\"zf_description\"><p>A h\u00e1z teh\u00e1t \u00f6sszess\u00e9g\u00e9ben 1 milli\u00f3 forintb\u00f3l k\u00e9sz\u00fclt, ami mag\u00e1ba foglalja a kont\u00e9nereket, a k\u00fcls\u0151 feny\u0151 bor\u00edt\u00e1st, a panor\u00e1ma ablakokat, az alapoz\u00e1st \u00e9s a munk\u00e1sok b\u00e9r\u00e9t. Nem foglalja viszont mag\u00e1ba a berendez\u00e9s \u00e1r\u00e1t, de ezt \u00fagy is mindenki maga alak\u00edtan\u00e1 ki, a saj\u00e1t p\u00e9nzt\u00e1rc\u00e1j\u00e1hoz igaz\u00edtva. Egy milli\u00f3 forint azonban egy ilyen, 100 n\u00e9gyzetm\u00e9teres h\u00e1z\u00e9rt m\u00e9g \u00edgy is a h\u00fcly\u00e9nek is meg\u00e9ri.<\/p><\/div><\/div>        <\/div>\r\n    <\/div>\r\n\r\n    <\/div>\r\n\r\n\r\n\n","protected":false},"excerpt":{"rendered":"<p>A kanadai Claudie Dubreuil de Mirabel hossz\u00fa \u00e9vek \u00f3ta dolgozott az \u00e9p\u00edt\u0151iparban. Nap mint nap figyelte testk\u00f6zelb\u0151l a k\u00fcl\u00f6nf\u00e9le fah\u00e1zak \u00e9s t\u00f6bbemeletes csal\u00e1di h\u00e1zak \u00e9p\u00edt\u00e9s\u00e9t, \u00e1m amikor elj\u00f6tt az ideje, hogy mag\u00e1nak \u00e9p\u00edtse fel \u00e1lmai otthon\u00e1t, a n\u0151 \u00fagy d\u00f6nt\u00f6tt, hogy egy sokkal eredetibb projektbe v\u00e1gja bele a fejsz\u00e9j\u00e9t.<\/p>\n","protected":false},"author":5,"featured_media":95465,"comment_status":"open","ping_status":"closed","sticky":false,"template":"","format":"standard","meta":{"buzzeditor_post_format":""},"categories":[23],"tags":[5186,639,1027,4229,1994],"yoast_head":"<!-- This site is optimized with the Yoast SEO plugin v19.6.1 - https:\/\/yoast.com\/wordpress\/plugins\/seo\/ -->\n<title>\u00cdgy \u00e9p\u00fcl fel egy 4 kont\u00e9nerb\u0151l \u00e1ll\u00f3 \u00e1lomotthon kevesebb, mint 1 milli\u00f3 forintb\u00f3l<\/title>\n<meta name=\"description\" content=\"A kanadai Claudie Dubreuil de Mirabel hossz\u00fa \u00e9vek \u00f3ta dolgozott az \u00e9p\u00edt\u0151iparban. Nap mint nap figyelte testk\u00f6zelb\u0151l a k\u00fcl\u00f6nf\u00e9le fah\u00e1zak \u00e9s t\u00f6bbemeletes\" \/>\n<meta name=\"robots\" content=\"index, follow, max-snippet:-1, max-image-preview:large, max-video-preview:-1\" \/>\n<link rel=\"canonical\" href=\"https:\/\/liked.hu\/old\/erdekes\/igy-epul-fel-egy-4-kontenerbol-allo-alomotthon-kevesebb-mint-1-millio-forintbol\/\" \/>\n<meta property=\"og:locale\" content=\"hu_HU\" \/>\n<meta property=\"og:type\" content=\"article\" \/>\n<meta property=\"og:title\" content=\"\u00cdgy \u00e9p\u00fcl fel egy 4 kont\u00e9nerb\u0151l \u00e1ll\u00f3 \u00e1lomotthon kevesebb, mint 1 milli\u00f3 forintb\u00f3l\" \/>\n<meta property=\"og:description\" content=\"A kanadai Claudie Dubreuil de Mirabel hossz\u00fa \u00e9vek \u00f3ta dolgozott az \u00e9p\u00edt\u0151iparban. Nap mint nap figyelte testk\u00f6zelb\u0151l a k\u00fcl\u00f6nf\u00e9le fah\u00e1zak \u00e9s t\u00f6bbemeletes\" \/>\n<meta property=\"og:url\" content=\"https:\/\/liked.hu\/old\/erdekes\/igy-epul-fel-egy-4-kontenerbol-allo-alomotthon-kevesebb-mint-1-millio-forintbol\/\" \/>\n<meta property=\"og:site_name\" content=\"Liked.hu\" \/>\n<meta property=\"article:publisher\" content=\"https:\/\/www.facebook.com\/liked.hu\" \/>\n<meta property=\"article:published_time\" content=\"2018-02-26T23:29:43+00:00\" \/>\n<meta property=\"article:modified_time\" content=\"2022-09-05T15:17:46+00:00\" \/>\n<meta property=\"og:image\" content=\"https:\/\/liked.hu\/old\/wp-content\/uploads\/2018\/02\/Kontener-alomotthon-Facebook.jpg\" \/>\n\t<meta property=\"og:image:width\" content=\"1200\" \/>\n\t<meta property=\"og:image:height\" content=\"630\" \/>\n\t<meta property=\"og:image:type\" content=\"image\/jpeg\" \/>\n<meta name=\"author\" content=\"Sludenkor\" \/>\n<meta name=\"twitter:card\" content=\"summary\" \/>\n<meta name=\"twitter:creator\" content=\"@LikedHu\" \/>\n<meta name=\"twitter:site\" content=\"@LikedHu\" \/>\n<meta name=\"twitter:label1\" content=\"Szerz\u0151:\" \/>\n\t<meta name=\"twitter:data1\" content=\"Sludenkor\" \/>\n\t<meta name=\"twitter:label2\" content=\"Becs\u00fclt olvas\u00e1si id\u0151\" \/>\n\t<meta name=\"twitter:data2\" content=\"1 perc\" \/>\n<script type=\"application\/ld+json\" class=\"yoast-schema-graph\">{\"@context\":\"https:\/\/schema.org\",\"@graph\":[{\"@type\":\"Article\",\"@id\":\"https:\/\/liked.hu\/old\/erdekes\/igy-epul-fel-egy-4-kontenerbol-allo-alomotthon-kevesebb-mint-1-millio-forintbol\/#article\",\"isPartOf\":{\"@id\":\"https:\/\/liked.hu\/old\/erdekes\/igy-epul-fel-egy-4-kontenerbol-allo-alomotthon-kevesebb-mint-1-millio-forintbol\/\"},\"author\":{\"name\":\"Sludenkor\",\"@id\":\"https:\/\/liked.hu\/old\/#\/schema\/person\/6650f7130e2154421c3a5cae3435b47c\"},\"headline\":\"\u00cdgy \u00e9p\u00fcl fel egy 4 kont\u00e9nerb\u0151l \u00e1ll\u00f3 \u00e1lomotthon kevesebb, mint 1 milli\u00f3 forintb\u00f3l\",\"datePublished\":\"2018-02-26T23:29:43+00:00\",\"dateModified\":\"2022-09-05T15:17:46+00:00\",\"mainEntityOfPage\":{\"@id\":\"https:\/\/liked.hu\/old\/erdekes\/igy-epul-fel-egy-4-kontenerbol-allo-alomotthon-kevesebb-mint-1-millio-forintbol\/\"},\"wordCount\":91,\"commentCount\":3,\"publisher\":{\"@id\":\"https:\/\/liked.hu\/old\/#organization\"},\"keywords\":[\"1 milli\u00f3\",\"\u00e9p\u00edt\u00e9s\",\"h\u00e1z\",\"kont\u00e9ner\",\"otthon\"],\"articleSection\":[\"\u00c9rdekess\u00e9gek\"],\"inLanguage\":\"hu\",\"potentialAction\":[{\"@type\":\"CommentAction\",\"name\":\"Comment\",\"target\":[\"https:\/\/liked.hu\/old\/erdekes\/igy-epul-fel-egy-4-kontenerbol-allo-alomotthon-kevesebb-mint-1-millio-forintbol\/#respond\"]}]},{\"@type\":\"WebPage\",\"@id\":\"https:\/\/liked.hu\/old\/erdekes\/igy-epul-fel-egy-4-kontenerbol-allo-alomotthon-kevesebb-mint-1-millio-forintbol\/\",\"url\":\"https:\/\/liked.hu\/old\/erdekes\/igy-epul-fel-egy-4-kontenerbol-allo-alomotthon-kevesebb-mint-1-millio-forintbol\/\",\"name\":\"\u00cdgy \u00e9p\u00fcl fel egy 4 kont\u00e9nerb\u0151l \u00e1ll\u00f3 \u00e1lomotthon kevesebb, mint 1 milli\u00f3 forintb\u00f3l\",\"isPartOf\":{\"@id\":\"https:\/\/liked.hu\/old\/#website\"},\"datePublished\":\"2018-02-26T23:29:43+00:00\",\"dateModified\":\"2022-09-05T15:17:46+00:00\",\"description\":\"A kanadai Claudie Dubreuil de Mirabel hossz\u00fa \u00e9vek \u00f3ta dolgozott az \u00e9p\u00edt\u0151iparban. Nap mint nap figyelte testk\u00f6zelb\u0151l a k\u00fcl\u00f6nf\u00e9le fah\u00e1zak \u00e9s t\u00f6bbemeletes\",\"breadcrumb\":{\"@id\":\"https:\/\/liked.hu\/old\/erdekes\/igy-epul-fel-egy-4-kontenerbol-allo-alomotthon-kevesebb-mint-1-millio-forintbol\/#breadcrumb\"},\"inLanguage\":\"hu\",\"potentialAction\":[{\"@type\":\"ReadAction\",\"target\":[\"https:\/\/liked.hu\/old\/erdekes\/igy-epul-fel-egy-4-kontenerbol-allo-alomotthon-kevesebb-mint-1-millio-forintbol\/\"]}]},{\"@type\":\"BreadcrumbList\",\"@id\":\"https:\/\/liked.hu\/old\/erdekes\/igy-epul-fel-egy-4-kontenerbol-allo-alomotthon-kevesebb-mint-1-millio-forintbol\/#breadcrumb\",\"itemListElement\":[{\"@type\":\"ListItem\",\"position\":1,\"name\":\"Kezd\u0151lap\",\"item\":\"https:\/\/liked.hu\/old\/\"},{\"@type\":\"ListItem\",\"position\":2,\"name\":\"\u00cdgy \u00e9p\u00fcl fel egy 4 kont\u00e9nerb\u0151l \u00e1ll\u00f3 \u00e1lomotthon kevesebb, mint 1 milli\u00f3 forintb\u00f3l\"}]},{\"@type\":\"WebSite\",\"@id\":\"https:\/\/liked.hu\/old\/#website\",\"url\":\"https:\/\/liked.hu\/old\/\",\"name\":\"Liked.hu\",\"description\":\"\",\"publisher\":{\"@id\":\"https:\/\/liked.hu\/old\/#organization\"},\"potentialAction\":[{\"@type\":\"SearchAction\",\"target\":{\"@type\":\"EntryPoint\",\"urlTemplate\":\"https:\/\/liked.hu\/old\/?s={search_term_string}\"},\"query-input\":\"required name=search_term_string\"}],\"inLanguage\":\"hu\"},{\"@type\":\"Organization\",\"@id\":\"https:\/\/liked.hu\/old\/#organization\",\"name\":\"Liked.hu\",\"url\":\"https:\/\/liked.hu\/old\/\",\"sameAs\":[\"https:\/\/hu.pinterest.com\/likedhungary\/\",\"https:\/\/www.youtube.com\/channel\/UCPv91dbMoIukYcM9b9nHN6Q\",\"https:\/\/www.facebook.com\/liked.hu\",\"https:\/\/twitter.com\/LikedHu\"],\"logo\":{\"@type\":\"ImageObject\",\"inLanguage\":\"hu\",\"@id\":\"https:\/\/liked.hu\/old\/#\/schema\/logo\/image\/\",\"url\":\"https:\/\/liked.hu\/wp-content\/uploads\/2018\/08\/Liked-icon.png\",\"contentUrl\":\"https:\/\/liked.hu\/wp-content\/uploads\/2018\/08\/Liked-icon.png\",\"width\":512,\"height\":512,\"caption\":\"Liked.hu\"},\"image\":{\"@id\":\"https:\/\/liked.hu\/old\/#\/schema\/logo\/image\/\"}},{\"@type\":\"Person\",\"@id\":\"https:\/\/liked.hu\/old\/#\/schema\/person\/6650f7130e2154421c3a5cae3435b47c\",\"name\":\"Sludenkor\",\"image\":{\"@type\":\"ImageObject\",\"inLanguage\":\"hu\",\"@id\":\"https:\/\/liked.hu\/old\/#\/schema\/person\/image\/\",\"url\":\"https:\/\/liked.hu\/old\/wp-content\/uploads\/avatars\/5\/604de86470f75-bpfull.jpg\",\"contentUrl\":\"https:\/\/liked.hu\/old\/wp-content\/uploads\/avatars\/5\/604de86470f75-bpfull.jpg\",\"caption\":\"Sludenkor\"},\"url\":\"https:\/\/liked.hu\/old\/u\/sludenkor\/\"}]}<\/script>\n<!-- \/ Yoast SEO plugin. -->","yoast_head_json":{"title":"\u00cdgy \u00e9p\u00fcl fel egy 4 kont\u00e9nerb\u0151l \u00e1ll\u00f3 \u00e1lomotthon kevesebb, mint 1 milli\u00f3 forintb\u00f3l","description":"A kanadai Claudie Dubreuil de Mirabel hossz\u00fa \u00e9vek \u00f3ta dolgozott az \u00e9p\u00edt\u0151iparban. Nap mint nap figyelte testk\u00f6zelb\u0151l a k\u00fcl\u00f6nf\u00e9le fah\u00e1zak \u00e9s t\u00f6bbemeletes","robots":{"index":"index","follow":"follow","max-snippet":"max-snippet:-1","max-image-preview":"max-image-preview:large","max-video-preview":"max-video-preview:-1"},"canonical":"https:\/\/liked.hu\/old\/erdekes\/igy-epul-fel-egy-4-kontenerbol-allo-alomotthon-kevesebb-mint-1-millio-forintbol\/","og_locale":"hu_HU","og_type":"article","og_title":"\u00cdgy \u00e9p\u00fcl fel egy 4 kont\u00e9nerb\u0151l \u00e1ll\u00f3 \u00e1lomotthon kevesebb, mint 1 milli\u00f3 forintb\u00f3l","og_description":"A kanadai Claudie Dubreuil de Mirabel hossz\u00fa \u00e9vek \u00f3ta dolgozott az \u00e9p\u00edt\u0151iparban. Nap mint nap figyelte testk\u00f6zelb\u0151l a k\u00fcl\u00f6nf\u00e9le fah\u00e1zak \u00e9s t\u00f6bbemeletes","og_url":"https:\/\/liked.hu\/old\/erdekes\/igy-epul-fel-egy-4-kontenerbol-allo-alomotthon-kevesebb-mint-1-millio-forintbol\/","og_site_name":"Liked.hu","article_publisher":"https:\/\/www.facebook.com\/liked.hu","article_published_time":"2018-02-26T23:29:43+00:00","article_modified_time":"2022-09-05T15:17:46+00:00","og_image":[{"width":1200,"height":630,"url":"https:\/\/liked.hu\/old\/wp-content\/uploads\/2018\/02\/Kontener-alomotthon-Facebook.jpg","type":"image\/jpeg"}],"author":"Sludenkor","twitter_card":"summary","twitter_creator":"@LikedHu","twitter_site":"@LikedHu","twitter_misc":{"Szerz\u0151:":"Sludenkor","Becs\u00fclt olvas\u00e1si id\u0151":"1 perc"},"schema":{"@context":"https:\/\/schema.org","@graph":[{"@type":"Article","@id":"https:\/\/liked.hu\/old\/erdekes\/igy-epul-fel-egy-4-kontenerbol-allo-alomotthon-kevesebb-mint-1-millio-forintbol\/#article","isPartOf":{"@id":"https:\/\/liked.hu\/old\/erdekes\/igy-epul-fel-egy-4-kontenerbol-allo-alomotthon-kevesebb-mint-1-millio-forintbol\/"},"author":{"name":"Sludenkor","@id":"https:\/\/liked.hu\/old\/#\/schema\/person\/6650f7130e2154421c3a5cae3435b47c"},"headline":"\u00cdgy \u00e9p\u00fcl fel egy 4 kont\u00e9nerb\u0151l \u00e1ll\u00f3 \u00e1lomotthon kevesebb, mint 1 milli\u00f3 forintb\u00f3l","datePublished":"2018-02-26T23:29:43+00:00","dateModified":"2022-09-05T15:17:46+00:00","mainEntityOfPage":{"@id":"https:\/\/liked.hu\/old\/erdekes\/igy-epul-fel-egy-4-kontenerbol-allo-alomotthon-kevesebb-mint-1-millio-forintbol\/"},"wordCount":91,"commentCount":3,"publisher":{"@id":"https:\/\/liked.hu\/old\/#organization"},"keywords":["1 milli\u00f3","\u00e9p\u00edt\u00e9s","h\u00e1z","kont\u00e9ner","otthon"],"articleSection":["\u00c9rdekess\u00e9gek"],"inLanguage":"hu","potentialAction":[{"@type":"CommentAction","name":"Comment","target":["https:\/\/liked.hu\/old\/erdekes\/igy-epul-fel-egy-4-kontenerbol-allo-alomotthon-kevesebb-mint-1-millio-forintbol\/#respond"]}]},{"@type":"WebPage","@id":"https:\/\/liked.hu\/old\/erdekes\/igy-epul-fel-egy-4-kontenerbol-allo-alomotthon-kevesebb-mint-1-millio-forintbol\/","url":"https:\/\/liked.hu\/old\/erdekes\/igy-epul-fel-egy-4-kontenerbol-allo-alomotthon-kevesebb-mint-1-millio-forintbol\/","name":"\u00cdgy \u00e9p\u00fcl fel egy 4 kont\u00e9nerb\u0151l \u00e1ll\u00f3 \u00e1lomotthon kevesebb, mint 1 milli\u00f3 forintb\u00f3l","isPartOf":{"@id":"https:\/\/liked.hu\/old\/#website"},"datePublished":"2018-02-26T23:29:43+00:00","dateModified":"2022-09-05T15:17:46+00:00","description":"A kanadai Claudie Dubreuil de Mirabel hossz\u00fa \u00e9vek \u00f3ta dolgozott az \u00e9p\u00edt\u0151iparban. Nap mint nap figyelte testk\u00f6zelb\u0151l a k\u00fcl\u00f6nf\u00e9le fah\u00e1zak \u00e9s t\u00f6bbemeletes","breadcrumb":{"@id":"https:\/\/liked.hu\/old\/erdekes\/igy-epul-fel-egy-4-kontenerbol-allo-alomotthon-kevesebb-mint-1-millio-forintbol\/#breadcrumb"},"inLanguage":"hu","potentialAction":[{"@type":"ReadAction","target":["https:\/\/liked.hu\/old\/erdekes\/igy-epul-fel-egy-4-kontenerbol-allo-alomotthon-kevesebb-mint-1-millio-forintbol\/"]}]},{"@type":"BreadcrumbList","@id":"https:\/\/liked.hu\/old\/erdekes\/igy-epul-fel-egy-4-kontenerbol-allo-alomotthon-kevesebb-mint-1-millio-forintbol\/#breadcrumb","itemListElement":[{"@type":"ListItem","position":1,"name":"Kezd\u0151lap","item":"https:\/\/liked.hu\/old\/"},{"@type":"ListItem","position":2,"name":"\u00cdgy \u00e9p\u00fcl fel egy 4 kont\u00e9nerb\u0151l \u00e1ll\u00f3 \u00e1lomotthon kevesebb, mint 1 milli\u00f3 forintb\u00f3l"}]},{"@type":"WebSite","@id":"https:\/\/liked.hu\/old\/#website","url":"https:\/\/liked.hu\/old\/","name":"Liked.hu","description":"","publisher":{"@id":"https:\/\/liked.hu\/old\/#organization"},"potentialAction":[{"@type":"SearchAction","target":{"@type":"EntryPoint","urlTemplate":"https:\/\/liked.hu\/old\/?s={search_term_string}"},"query-input":"required name=search_term_string"}],"inLanguage":"hu"},{"@type":"Organization","@id":"https:\/\/liked.hu\/old\/#organization","name":"Liked.hu","url":"https:\/\/liked.hu\/old\/","sameAs":["https:\/\/hu.pinterest.com\/likedhungary\/","https:\/\/www.youtube.com\/channel\/UCPv91dbMoIukYcM9b9nHN6Q","https:\/\/www.facebook.com\/liked.hu","https:\/\/twitter.com\/LikedHu"],"logo":{"@type":"ImageObject","inLanguage":"hu","@id":"https:\/\/liked.hu\/old\/#\/schema\/logo\/image\/","url":"https:\/\/liked.hu\/wp-content\/uploads\/2018\/08\/Liked-icon.png","contentUrl":"https:\/\/liked.hu\/wp-content\/uploads\/2018\/08\/Liked-icon.png","width":512,"height":512,"caption":"Liked.hu"},"image":{"@id":"https:\/\/liked.hu\/old\/#\/schema\/logo\/image\/"}},{"@type":"Person","@id":"https:\/\/liked.hu\/old\/#\/schema\/person\/6650f7130e2154421c3a5cae3435b47c","name":"Sludenkor","image":{"@type":"ImageObject","inLanguage":"hu","@id":"https:\/\/liked.hu\/old\/#\/schema\/person\/image\/","url":"https:\/\/liked.hu\/old\/wp-content\/uploads\/avatars\/5\/604de86470f75-bpfull.jpg","contentUrl":"https:\/\/liked.hu\/old\/wp-content\/uploads\/avatars\/5\/604de86470f75-bpfull.jpg","caption":"Sludenkor"},"url":"https:\/\/liked.hu\/old\/u\/sludenkor\/"}]}},"publishpress_future_action":{"enabled":false,"date":"1970-01-01 01:00:00","action":"","terms":[],"taxonomy":"","browser_timezone_offset":0},"_links":{"self":[{"href":"https:\/\/liked.hu\/old\/wp-json\/wp\/v2\/posts\/95463"}],"collection":[{"href":"https:\/\/liked.hu\/old\/wp-json\/wp\/v2\/posts"}],"about":[{"href":"https:\/\/liked.hu\/old\/wp-json\/wp\/v2\/types\/post"}],"author":[{"embeddable":true,"href":"https:\/\/liked.hu\/old\/wp-json\/wp\/v2\/users\/5"}],"replies":[{"embeddable":true,"href":"https:\/\/liked.hu\/old\/wp-json\/wp\/v2\/comments?post=95463"}],"version-history":[{"count":0,"href":"https:\/\/liked.hu\/old\/wp-json\/wp\/v2\/posts\/95463\/revisions"}],"wp:featuredmedia":[{"embeddable":true,"href":"https:\/\/liked.hu\/old\/wp-json\/wp\/v2\/media\/95465"}],"wp:attachment":[{"href":"https:\/\/liked.hu\/old\/wp-json\/wp\/v2\/media?parent=95463"}],"wp:term":[{"taxonomy":"category","embeddable":true,"href":"https:\/\/liked.hu\/old\/wp-json\/wp\/v2\/categories?post=95463"},{"taxonomy":"post_tag","embeddable":true,"href":"https:\/\/liked.hu\/old\/wp-json\/wp\/v2\/tags?post=95463"}],"curies":[{"name":"wp","href":"https:\/\/api.w.org\/{rel}","templated":true}]}}