{"id":86815,"date":"2018-12-24T09:33:42","date_gmt":"2018-12-24T08:33:42","guid":{"rendered":"https:\/\/liked.hu\/old\/?p=86815"},"modified":"2022-09-05T18:42:12","modified_gmt":"2022-09-05T16:42:12","slug":"16-megrazo-foto-amit-nem-talalunk-meg-tortenelemkonyvekben","status":"publish","type":"post","link":"https:\/\/liked.hu\/old\/erdekes\/16-megrazo-foto-amit-nem-talalunk-meg-tortenelemkonyvekben\/","title":{"rendered":"16 megr\u00e1z\u00f3 fot\u00f3 a m\u00faltb\u00f3l, amit nem tal\u00e1lunk meg a t\u00f6rt\u00e9nelemk\u00f6nyvekben"},"content":{"rendered":"<p>A t\u00f6rt\u00e9nelm\u00fcnk tele van izgalmas, \u00e1m nem felt\u00e9tlen\u00fcl sz\u00edvder\u00edt\u0151 esem\u00e9nyekkel. Ett\u0151l f\u00fcggetlen\u00fcl persze ugyan\u00fagy a t\u00f6rt\u00e9nelm\u00fcnk r\u00e9sz\u00e9t k\u00e9pezik, m\u00e9g ha nem is sz\u00edvesen besz\u00e9l\u00fcnk r\u00f3luk.<\/p>\n\n<div style=\"float:none;margin:0px 0 0px 0;text-align:center;\">\n<div class=\"mobileShowkakettes\"><div class=\"mobileShowka2\"><div style=\"padding-top:0px;padding-bottom:15px;min-height: 300px;\"><div class=\"hirdetes\">HIRDET\u00c9S<\/div>\n<!-- 300lista -->\n<ins class=\"adsbygoogle\"\n     style=\"display:inline-block;width:300px;height:250px\"\n     data-ad-client=\"ca-pub-9424088931673893\"\n     data-ad-slot=\"8471340766\"><\/ins>\n<script async>\n     (adsbygoogle = window.adsbygoogle || []).push({});\n<\/script><\/div><\/div><\/div><\/div>\n\n<p>Az al\u00e1bbiakban 16 ilyen fot\u00f3t gy\u0171jt\u00f6tt\u00fcnk \u00f6ssze, melyeknek egyt\u0151l-egyig megvan a maguk nyomaszt\u00f3 hat\u00e1sa, \u00e9s amelyeket val\u00f3sz\u00edn\u0171leg \u00e9ppen ebb\u0151l az okb\u00f3l kifoly\u00f3lag ritk\u00e1n tal\u00e1lunk meg a t\u00f6rt\u00e9nelemk\u00f6nyvekben&#8230;<\/p>\n<div id=\"zombify-main-section-front\" class=\"zombify-main-section-front zombify-screen zf-media-full\">\r\n\t<link rel=\"stylesheet\" type=\"text\/css\" href=\"https:\/\/liked.hu\/old\/js\/zombify.css\">\r\n    <link rel=\"stylesheet\" type=\"text\/css\" href=\"https:\/\/liked.hu\/old\/wp-content\/themes\/newsy-child\/style.css\">\r\n\t<div class=\"zf-container\">\r\n\t\t<div id=\"zf-list\" class=\"zf-list zf-numbered\">\r\n\t\t\t<ol class=\"zf-structure-list\">\r\n\t\t\t\t\t\t\t\t\t\t<li class=\"zf-list_item\">\r\n\t\t\t\t\t\t\t<div class=\"zf-list_header\">\r\n\t\t\t\t\t\t\t\t<h3 id=\"listaelem1\" class=\"zf-list_title\">\r\n\t\t\t\t\t\t\t\t\t<span class=\"zf-number\">1<\/span>\r\n\t\t\t\t\t\t\t\t\tA Titanic \u00e1rv\u00e1i. Michel \u00e9s Edmond Navratil t\u00fal\u00e9lt\u00e9k ugyan a Titanic katasztr\u00f3f\u00e1j\u00e1t, de sz\u00fcleik m\u00e1r nem voltak ilyen szerencs\u00e9sek. Senki sem ismerte a nev\u00fcket, ez\u00e9rt fot\u00f3kat k\u00e9sz\u00edtettek r\u00f3luk, melyeket azt\u00e1n az \u00fajs\u00e1gokban terjesztettek, hogy \u00edgy tal\u00e1ljanak nekik k\u00f6zeli hozz\u00e1tartoz\u00f3kat, rokonokat.\t\t\t\t\t\t\t\t<\/h3>\r\n\t\t\t\t\t\t\t<\/div>\r\n\t\t\t\t\t\t\t\t\t\t\t\t\t\t\t<figure class=\"zf-list_media zf-media-wrapper zf-image zf-type-image\">\r\n\t\t\t\t\t\t\t\t\t<div title=\"A Titanic \u00e1rv\u00e1i. Michel \u00e9s Edmond Navratil t\u00fal\u00e9lt\u00e9k ugyan a Titanic katasztr\u00f3f\u00e1j\u00e1t, de sz\u00fcleik m\u00e1r nem voltak ilyen szerencs\u00e9sek. Senki sem ismerte a nev\u00fcket, ez\u00e9rt fot\u00f3kat k\u00e9sz\u00edtettek r\u00f3luk, melyeket azt\u00e1n az \u00fajs\u00e1gokban terjesztettek, hogy \u00edgy tal\u00e1ljanak nekik k\u00f6zeli hozz\u00e1tartoz\u00f3kat, rokonokat.\" alt=\"A Titanic \u00e1rv\u00e1i. Michel \u00e9s Edmond Navratil t\u00fal\u00e9lt\u00e9k ugyan a Titanic katasztr\u00f3f\u00e1j\u00e1t, de sz\u00fcleik m\u00e1r nem voltak ilyen szerencs\u00e9sek. Senki sem ismerte a nev\u00fcket, ez\u00e9rt fot\u00f3kat k\u00e9sz\u00edtettek r\u00f3luk, melyeket azt\u00e1n az \u00fajs\u00e1gokban terjesztettek, hogy \u00edgy tal\u00e1ljanak nekik k\u00f6zeli hozz\u00e1tartoz\u00f3kat, rokonokat.\" class=\"zf-media\">\r\n\t\t\t\t\t\t\t\t\t\t<img width=\"650\" height=\"469\" src=\"https:\/\/liked.hu\/old\/wp-content\/uploads\/2017\/12\/7720315-11222v-1511991127-650-034bd71db5-1512979163.jpg\" class=\"\" alt=\"\" loading=\"lazy\" style=\"\" srcset=\"https:\/\/liked.hu\/old\/wp-content\/uploads\/2017\/12\/7720315-11222v-1511991127-650-034bd71db5-1512979163.jpg 650w, https:\/\/liked.hu\/old\/wp-content\/uploads\/2017\/12\/7720315-11222v-1511991127-650-034bd71db5-1512979163-300x216.jpg 300w, https:\/\/liked.hu\/old\/wp-content\/uploads\/2017\/12\/7720315-11222v-1511991127-650-034bd71db5-1512979163-545x393.jpg 545w\" sizes=\"(max-width: 650px) 100vw, 650px\" \/>\t\t\t\t\t\t\t\t\t\t\t<figcaption class=\"zf-figcaption\">\r\n\t\t\t\t\t\t\t\t\t\t\t\t\t\t\t\t\t\t\t\t\t\t\t\t<cite>        <a class=\"zf-media_credit\" target=\"_blank\" href=\"https:\/\/liked.hu\/old\/kimeno.php?https:\/\/www.loc.gov\/item\/ggb2005011327\/\" rel=\"nofollow noopener\">loc<\/a>\r\n        <\/cite>\r\n\r\n\t\t\t\t\t\t\t\t\t\t\t\t\t\t\t\t\t\t\t\t\t\t\t<\/figcaption>\r\n\t\t\t\t\t\t\t\t\t\t\t\t\t\t\t\t\t\t\t<\/div>\r\n\t\t\t\t\t\t\t\t\t<hr \/>\r\n\t\t\t\t\t\t\t\t<\/figure>\r\n\t\t\t\t\t\t\t\t\t\t\t\t\t\t\t\t<div class=\"zf-list_description\"><p>\u00a0\u00a0<\/p><\/div>\r\n\t\t\t\t\t\t\t\t\t\t\t\t\t<\/li>\r\n\t\t\t\t\t\t\t\t\t\t\t\t<li class=\"zf-list_item\">\r\n\t\t\t\t\t\t\t<div class=\"zf-list_header\">\r\n\t\t\t\t\t\t\t\t<h3 id=\"listaelem2\" class=\"zf-list_title\">\r\n\t\t\t\t\t\t\t\t\t<span class=\"zf-number\">2<\/span>\r\n\t\t\t\t\t\t\t\t\tA 84 \u00e9ves P. Karlinsky, aki \u00e9let\u00e9b\u0151l 66 \u00e9vet azzal t\u00f6lt\u00f6tt, hogy az ukr\u00e1n Csernyihiv v\u00e1rosban tal\u00e1lhat\u00f3 csatorn\u00e1t fel\u00fcgyelte.\t\t\t\t\t\t\t\t<\/h3>\r\n\t\t\t\t\t\t\t<\/div>\r\n\t\t\t\t\t\t\t\t\t\t\t\t\t\t\t<figure class=\"zf-list_media zf-media-wrapper zf-image zf-type-image\">\r\n\t\t\t\t\t\t\t\t\t<div title=\"A 84 \u00e9ves P. Karlinsky, aki \u00e9let\u00e9b\u0151l 66 \u00e9vet azzal t\u00f6lt\u00f6tt, hogy az ukr\u00e1n Csernyihiv v\u00e1rosban tal\u00e1lhat\u00f3 csatorn\u00e1t fel\u00fcgyelte.\" alt=\"A 84 \u00e9ves P. Karlinsky, aki \u00e9let\u00e9b\u0151l 66 \u00e9vet azzal t\u00f6lt\u00f6tt, hogy az ukr\u00e1n Csernyihiv v\u00e1rosban tal\u00e1lhat\u00f3 csatorn\u00e1t fel\u00fcgyelte.\" class=\"zf-media\">\r\n\t\t\t\t\t\t\t\t\t\t<img width=\"650\" height=\"575\" src=\"https:\/\/liked.hu\/old\/wp-content\/uploads\/2017\/12\/7720415-p87-5006-1512375278-650-b020589531-1512979163.jpg\" class=\"\" alt=\"\" loading=\"lazy\" style=\"\" srcset=\"https:\/\/liked.hu\/old\/wp-content\/uploads\/2017\/12\/7720415-p87-5006-1512375278-650-b020589531-1512979163.jpg 650w, https:\/\/liked.hu\/old\/wp-content\/uploads\/2017\/12\/7720415-p87-5006-1512375278-650-b020589531-1512979163-300x265.jpg 300w, https:\/\/liked.hu\/old\/wp-content\/uploads\/2017\/12\/7720415-p87-5006-1512375278-650-b020589531-1512979163-545x482.jpg 545w\" sizes=\"(max-width: 650px) 100vw, 650px\" \/>\t\t\t\t\t\t\t\t\t\t\t<figcaption class=\"zf-figcaption\">\r\n\t\t\t\t\t\t\t\t\t\t\t\t\t\t\t\t\t\t\t\t\t\t\t\t<cite>        <a class=\"zf-media_credit\" target=\"_blank\" href=\"https:\/\/liked.hu\/old\/kimeno.php?https:\/\/www.loc.gov\/exhibits\/empire\/images\/p87-5006.jpg\" rel=\"nofollow noopener\">loc<\/a>\r\n        <\/cite>\r\n\r\n\t\t\t\t\t\t\t\t\t\t\t\t\t\t\t\t\t\t\t\t\t\t\t<\/figcaption>\r\n\t\t\t\t\t\t\t\t\t\t\t\t\t\t\t\t\t\t\t<\/div>\r\n\t\t\t\t\t\t\t\t\t<hr \/>\r\n\t\t\t\t\t\t\t\t<\/figure>\r\n\t\t\t\t\t\t\t\t\t\t\t\t\t\t\t\t<div class=\"zf-list_description\"><p>\u00a0\u00a0<\/p><\/div>\r\n\t\t\t\t\t\t\t\t\t\t\t\t\t<\/li>\r\n\t\t\t\t\t\t\t\t\t\t\t\t<li class=\"zf-list_item\">\r\n\t\t\t\t\t\t\t<div class=\"zf-list_header\">\r\n\t\t\t\t\t\t\t\t<h3 id=\"listaelem3\" class=\"zf-list_title\">\r\n\t\t\t\t\t\t\t\t\t<span class=\"zf-number\">3<\/span>\r\n\t\t\t\t\t\t\t\t\tLovas flashmob, melyet az els\u0151 vil\u00e1gh\u00e1bor\u00faban elhunyt lovak \u00e9s szamarak tisztelet\u00e9re k\u00e9sz\u00edtettek a katon\u00e1k.\t\t\t\t\t\t\t\t<\/h3>\r\n\t\t\t\t\t\t\t<\/div>\r\n\t\t\t\t\t\t\t\t\t\t\t\t\t\t\t<figure class=\"zf-list_media zf-media-wrapper zf-image zf-type-image\">\r\n\t\t\t\t\t\t\t\t\t<div title=\"Lovas flashmob, melyet az els\u0151 vil\u00e1gh\u00e1bor\u00faban elhunyt lovak \u00e9s szamarak tisztelet\u00e9re k\u00e9sz\u00edtettek a katon\u00e1k.\" alt=\"Lovas flashmob, melyet az els\u0151 vil\u00e1gh\u00e1bor\u00faban elhunyt lovak \u00e9s szamarak tisztelet\u00e9re k\u00e9sz\u00edtettek a katon\u00e1k.\" class=\"zf-media\">\r\n\t\t\t\t\t\t\t\t\t\t<img width=\"650\" height=\"884\" src=\"https:\/\/liked.hu\/old\/wp-content\/uploads\/2017\/12\/7720465-S7knY6dRt7c-1512535256-650-72e4393658-1512979163.jpg\" class=\"\" alt=\"\" loading=\"lazy\" style=\"\" srcset=\"https:\/\/liked.hu\/old\/wp-content\/uploads\/2017\/12\/7720465-S7knY6dRt7c-1512535256-650-72e4393658-1512979163.jpg 650w, https:\/\/liked.hu\/old\/wp-content\/uploads\/2017\/12\/7720465-S7knY6dRt7c-1512535256-650-72e4393658-1512979163-221x300.jpg 221w, https:\/\/liked.hu\/old\/wp-content\/uploads\/2017\/12\/7720465-S7knY6dRt7c-1512535256-650-72e4393658-1512979163-545x741.jpg 545w\" sizes=\"(max-width: 650px) 100vw, 650px\" \/>\t\t\t\t\t\t\t\t\t\t\t<figcaption class=\"zf-figcaption\">\r\n\t\t\t\t\t\t\t\t\t\t\t\t\t\t\t\t\t\t\t\t\t\t\t\t<cite>        <a class=\"zf-media_credit\" target=\"_blank\" href=\"https:\/\/liked.hu\/old\/kimeno.php?https:\/\/www.reddit.com\/r\/pics\/comments\/3qmgh2\/soldiers_pay_moving_tribute_to_8_million_horses\/\" rel=\"nofollow noopener\">reddit<\/a>\r\n        <\/cite>\r\n\r\n\t\t\t\t\t\t\t\t\t\t\t\t\t\t\t\t\t\t\t\t\t\t\t<\/figcaption>\r\n\t\t\t\t\t\t\t\t\t\t\t\t\t\t\t\t\t\t\t<\/div>\r\n\t\t\t\t\t\t\t\t\t<hr \/>\r\n\t\t\t\t\t\t\t\t<\/figure>\r\n\t\t\t\t\t\t\t\t\t\t\t\t\t\t<\/li>\r\n\t\t\t\t\t\t\t\t\t\t\t\t<li class=\"zf-list_item\">\r\n\t\t\t\t\t\t\t<div class=\"zf-list_header\">\r\n\t\t\t\t\t\t\t\t<h3 id=\"listaelem4\" class=\"zf-list_title\">\r\n\t\t\t\t\t\t\t\t\t<span class=\"zf-number\">4<\/span>\r\n\t\t\t\t\t\t\t\t\tA Ku-Klux-Klan egyik tagja, aki k\u00f6t\u00e9llel a kez\u00e9ben j\u00e1rta a Miamiban tal\u00e1lhat\u00f3 fekete-negyed utc\u00e1it, 1939 m\u00e1jus\u00e1ban.\t\t\t\t\t\t\t\t<\/h3>\r\n\t\t\t\t\t\t\t<\/div>\r\n\t\t\t\t\t\t\t\t\t\t\t\t\t\t\t<figure class=\"zf-list_media zf-media-wrapper zf-image zf-type-image\">\r\n\t\t\t\t\t\t\t\t\t<div title=\"A Ku-Klux-Klan egyik tagja, aki k\u00f6t\u00e9llel a kez\u00e9ben j\u00e1rta a Miamiban tal\u00e1lhat\u00f3 fekete-negyed utc\u00e1it, 1939 m\u00e1jus\u00e1ban.\" alt=\"A Ku-Klux-Klan egyik tagja, aki k\u00f6t\u00e9llel a kez\u00e9ben j\u00e1rta a Miamiban tal\u00e1lhat\u00f3 fekete-negyed utc\u00e1it, 1939 m\u00e1jus\u00e1ban.\" class=\"zf-media\">\r\n\t\t\t\t\t\t\t\t\t\t<img width=\"650\" height=\"829\" src=\"https:\/\/liked.hu\/old\/wp-content\/uploads\/2017\/12\/7720515-1511111538111678645-1512722552-650-f69f9227b2-1512979163.jpg\" class=\"\" alt=\"\" loading=\"lazy\" style=\"\" srcset=\"https:\/\/liked.hu\/old\/wp-content\/uploads\/2017\/12\/7720515-1511111538111678645-1512722552-650-f69f9227b2-1512979163.jpg 650w, https:\/\/liked.hu\/old\/wp-content\/uploads\/2017\/12\/7720515-1511111538111678645-1512722552-650-f69f9227b2-1512979163-235x300.jpg 235w, https:\/\/liked.hu\/old\/wp-content\/uploads\/2017\/12\/7720515-1511111538111678645-1512722552-650-f69f9227b2-1512979163-545x695.jpg 545w\" sizes=\"(max-width: 650px) 100vw, 650px\" \/>\t\t\t\t\t\t\t\t\t\t\t<figcaption class=\"zf-figcaption\">\r\n\t\t\t\t\t\t\t\t\t\t\t\t\t\t\t\t\t\t\t\t\t\t\t\t<cite>        <a class=\"zf-media_credit\" target=\"_blank\" href=\"https:\/\/liked.hu\/old\/kimeno.php?http:\/\/www.loc.gov\/pictures\/item\/2005676212\/\" rel=\"nofollow noopener\">loc<\/a>\r\n        <\/cite>\r\n\r\n\t\t\t\t\t\t\t\t\t\t\t\t\t\t\t\t\t\t\t\t\t\t\t<\/figcaption>\r\n\t\t\t\t\t\t\t\t\t\t\t\t\t\t\t\t\t\t\t<\/div>\r\n\t\t\t\t\t\t\t\t\t<hr \/>\r\n\t\t\t\t\t\t\t\t<\/figure>\r\n\t\t\t\t\t\t\t\t\t\t\t\t\t\t<\/li>\r\n\t\t\t\t\t\t\t\t\t\t\t\t<li class=\"zf-list_item\">\r\n\t\t\t\t\t\t\t<div class=\"zf-list_header\">\r\n\t\t\t\t\t\t\t\t<h3 id=\"listaelem5\" class=\"zf-list_title\">\r\n\t\t\t\t\t\t\t\t\t<span class=\"zf-number\">5<\/span>\r\n\t\t\t\t\t\t\t\t\t1951-ben az \u00e9vente megrendezett bostoni maratonon egy jap\u00e1n fut\u00f3, nevezetesen Shigeki Tanaka lett a gy\u0151ztes. Tanaka t\u00fal\u00e9lte a 6 \u00e9vvel azel\u0151tti Hiroshimai atomt\u00e1mad\u00e1st, mellyel a k\u00f6z\u00f6ns\u00e9g is pontosan tiszt\u00e1ban volt, ez\u00e9rt s\u00edri csendben figyelt\u00e9k, ahogy \u00e1tl\u00e9pi a c\u00e9lvonalat.\t\t\t\t\t\t\t\t<\/h3>\r\n\t\t\t\t\t\t\t<\/div>\r\n\t\t\t\t\t\t\t\t\t\t\t\t\t\t\t<figure class=\"zf-list_media zf-media-wrapper zf-image zf-type-image\">\r\n\t\t\t\t\t\t\t\t\t<div title=\"1951-ben az \u00e9vente megrendezett bostoni maratonon egy jap\u00e1n fut\u00f3, nevezetesen Shigeki Tanaka lett a gy\u0151ztes. Tanaka t\u00fal\u00e9lte a 6 \u00e9vvel azel\u0151tti Hiroshimai atomt\u00e1mad\u00e1st, mellyel a k\u00f6z\u00f6ns\u00e9g is pontosan tiszt\u00e1ban volt, ez\u00e9rt s\u00edri csendben figyelt\u00e9k, ahogy \u00e1tl\u00e9pi a c\u00e9lvonalat.\" alt=\"1951-ben az \u00e9vente megrendezett bostoni maratonon egy jap\u00e1n fut\u00f3, nevezetesen Shigeki Tanaka lett a gy\u0151ztes. Tanaka t\u00fal\u00e9lte a 6 \u00e9vvel azel\u0151tti Hiroshimai atomt\u00e1mad\u00e1st, mellyel a k\u00f6z\u00f6ns\u00e9g is pontosan tiszt\u00e1ban volt, ez\u00e9rt s\u00edri csendben figyelt\u00e9k, ahogy \u00e1tl\u00e9pi a c\u00e9lvonalat.\" class=\"zf-media\">\r\n\t\t\t\t\t\t\t\t\t\t<img width=\"650\" height=\"513\" src=\"https:\/\/liked.hu\/old\/wp-content\/uploads\/2017\/12\/7720615-yic1JHX-1511993312-650-f74ca1f3b9-1512979163.jpg\" class=\"\" alt=\"\" loading=\"lazy\" style=\"\" srcset=\"https:\/\/liked.hu\/old\/wp-content\/uploads\/2017\/12\/7720615-yic1JHX-1511993312-650-f74ca1f3b9-1512979163.jpg 650w, https:\/\/liked.hu\/old\/wp-content\/uploads\/2017\/12\/7720615-yic1JHX-1511993312-650-f74ca1f3b9-1512979163-300x237.jpg 300w, https:\/\/liked.hu\/old\/wp-content\/uploads\/2017\/12\/7720615-yic1JHX-1511993312-650-f74ca1f3b9-1512979163-545x430.jpg 545w\" sizes=\"(max-width: 650px) 100vw, 650px\" \/>\t\t\t\t\t\t\t\t\t\t\t<figcaption class=\"zf-figcaption\">\r\n\t\t\t\t\t\t\t\t\t\t\t\t\t\t\t\t\t\t\t\t\t\t\t\t<cite>        <a class=\"zf-media_credit\" target=\"_blank\" href=\"https:\/\/liked.hu\/old\/kimeno.php?https:\/\/imgur.com\/gallery\/yic1JHX\" rel=\"nofollow noopener\">imgur<\/a>\r\n        <\/cite>\r\n\r\n\t\t\t\t\t\t\t\t\t\t\t\t\t\t\t\t\t\t\t\t\t\t\t<\/figcaption>\r\n\t\t\t\t\t\t\t\t\t\t\t\t\t\t\t\t\t\t\t<\/div>\r\n\t\t\t\t\t\t\t\t\t<hr \/>\r\n\t\t\t\t\t\t\t\t<\/figure>\r\n\t\t\t\t\t\t\t\t\t\t\t\t\t\t<\/li>\r\n\t\t\t\t\t\t\t\t\t\t\t\t<li class=\"zf-list_item\">\r\n\t\t\t\t\t\t\t<div class=\"zf-list_header\">\r\n\t\t\t\t\t\t\t\t<h3 id=\"listaelem6\" class=\"zf-list_title\">\r\n\t\t\t\t\t\t\t\t\t<span class=\"zf-number\">6<\/span>\r\n\t\t\t\t\t\t\t\t\tDorothea Lange - az egyik legh\u00edresebb amerikai n\u0151i fot\u00f3m\u0171v\u00e9sz munk\u00e1ja, aki nem f\u00e9lt akt\u00edvan tev\u00e9kenykedni a nagy gazdas\u00e1gi v\u00e1ls\u00e1g idej\u00e9n sem, \u00e9s felh\u00edvni a figyelmet olyan \u00e9get\u0151 probl\u00e9m\u00e1kra, mint a gondatlan gyerekv\u00e1llal\u00e1s.\t\t\t\t\t\t\t\t<\/h3>\r\n\t\t\t\t\t\t\t<\/div>\r\n\t\t\t\t\t\t\t\t\t\t\t\t\t\t\t<figure class=\"zf-list_media zf-media-wrapper zf-image zf-type-image\">\r\n\t\t\t\t\t\t\t\t\t<div title=\"Dorothea Lange - az egyik legh\u00edresebb amerikai n\u0151i fot\u00f3m\u0171v\u00e9sz munk\u00e1ja, aki nem f\u00e9lt akt\u00edvan tev\u00e9kenykedni a nagy gazdas\u00e1gi v\u00e1ls\u00e1g idej\u00e9n sem, \u00e9s felh\u00edvni a figyelmet olyan \u00e9get\u0151 probl\u00e9m\u00e1kra, mint a gondatlan gyerekv\u00e1llal\u00e1s.\" alt=\"Dorothea Lange - az egyik legh\u00edresebb amerikai n\u0151i fot\u00f3m\u0171v\u00e9sz munk\u00e1ja, aki nem f\u00e9lt akt\u00edvan tev\u00e9kenykedni a nagy gazdas\u00e1gi v\u00e1ls\u00e1g idej\u00e9n sem, \u00e9s felh\u00edvni a figyelmet olyan \u00e9get\u0151 probl\u00e9m\u00e1kra, mint a gondatlan gyerekv\u00e1llal\u00e1s.\" class=\"zf-media\">\r\n\t\t\t\t\t\t\t\t\t\t<img width=\"650\" height=\"810\" src=\"https:\/\/liked.hu\/old\/wp-content\/uploads\/2017\/12\/7720215-8b29516v-1512370910-650-06813aed8c-1512979163.jpg\" class=\"\" alt=\"\" loading=\"lazy\" style=\"\" srcset=\"https:\/\/liked.hu\/old\/wp-content\/uploads\/2017\/12\/7720215-8b29516v-1512370910-650-06813aed8c-1512979163.jpg 650w, https:\/\/liked.hu\/old\/wp-content\/uploads\/2017\/12\/7720215-8b29516v-1512370910-650-06813aed8c-1512979163-241x300.jpg 241w, https:\/\/liked.hu\/old\/wp-content\/uploads\/2017\/12\/7720215-8b29516v-1512370910-650-06813aed8c-1512979163-545x679.jpg 545w\" sizes=\"(max-width: 650px) 100vw, 650px\" \/>\t\t\t\t\t\t\t\t\t\t\t<figcaption class=\"zf-figcaption\">\r\n\t\t\t\t\t\t\t\t\t\t\t\t\t\t\t\t\t\t\t\t\t\t\t\t<cite><\/cite>\r\n\r\n\t\t\t\t\t\t\t\t\t\t\t\t\t\t\t\t\t\t\t\t\t\t\t<\/figcaption>\r\n\t\t\t\t\t\t\t\t\t\t\t\t\t\t\t\t\t\t\t<\/div>\r\n\t\t\t\t\t\t\t\t\t<hr \/>\r\n\t\t\t\t\t\t\t\t<\/figure>\r\n\t\t\t\t\t\t\t\t\t\t\t\t\t\t<\/li>\r\n\t\t\t\t\t\t\t\t\t\t\t\t<li class=\"zf-list_item\">\r\n\t\t\t\t\t\t\t<div class=\"zf-list_header\">\r\n\t\t\t\t\t\t\t\t<h3 id=\"listaelem7\" class=\"zf-list_title\">\r\n\t\t\t\t\t\t\t\t\t<span class=\"zf-number\">7<\/span>\r\n\t\t\t\t\t\t\t\t\tA chilei eln\u00f6k, Salvador Allende ellen int\u00e9zett puccs egyik megr\u00e1z\u00f3 pillanata, amit Augusto Pinochet vezetett, 1973. szeptember 11-\u00e9n.\t\t\t\t\t\t\t\t<\/h3>\r\n\t\t\t\t\t\t\t<\/div>\r\n\t\t\t\t\t\t\t\t\t\t\t\t\t\t\t<figure class=\"zf-list_media zf-media-wrapper zf-image zf-type-image\">\r\n\t\t\t\t\t\t\t\t\t<div title=\"A chilei eln\u00f6k, Salvador Allende ellen int\u00e9zett puccs egyik megr\u00e1z\u00f3 pillanata, amit Augusto Pinochet vezetett, 1973. szeptember 11-\u00e9n.\" alt=\"A chilei eln\u00f6k, Salvador Allende ellen int\u00e9zett puccs egyik megr\u00e1z\u00f3 pillanata, amit Augusto Pinochet vezetett, 1973. szeptember 11-\u00e9n.\" class=\"zf-media\">\r\n\t\t\t\t\t\t\t\t\t\t<img width=\"650\" height=\"434\" src=\"https:\/\/liked.hu\/old\/wp-content\/uploads\/2017\/12\/7720665-017-1-1512376126-650-508aa12d24-1512979163.jpg\" class=\"\" alt=\"\" loading=\"lazy\" style=\"\" srcset=\"https:\/\/liked.hu\/old\/wp-content\/uploads\/2017\/12\/7720665-017-1-1512376126-650-508aa12d24-1512979163.jpg 650w, https:\/\/liked.hu\/old\/wp-content\/uploads\/2017\/12\/7720665-017-1-1512376126-650-508aa12d24-1512979163-300x200.jpg 300w, https:\/\/liked.hu\/old\/wp-content\/uploads\/2017\/12\/7720665-017-1-1512376126-650-508aa12d24-1512979163-545x364.jpg 545w\" sizes=\"(max-width: 650px) 100vw, 650px\" \/>\t\t\t\t\t\t\t\t\t\t\t<figcaption class=\"zf-figcaption\">\r\n\t\t\t\t\t\t\t\t\t\t\t\t\t\t\t\t\t\t\t\t\t\t\t\t<cite>        <a class=\"zf-media_credit\" target=\"_blank\" href=\"https:\/\/liked.hu\/old\/kimeno.php?https:\/\/www.jacobinmag.com\/2016\/09\/patricio-guzman-battle-of-chile-allende-popular-unity\" rel=\"nofollow noopener\">jacobinmag<\/a>\r\n        <\/cite>\r\n\r\n\t\t\t\t\t\t\t\t\t\t\t\t\t\t\t\t\t\t\t\t\t\t\t<\/figcaption>\r\n\t\t\t\t\t\t\t\t\t\t\t\t\t\t\t\t\t\t\t<\/div>\r\n\t\t\t\t\t\t\t\t\t<hr \/>\r\n\t\t\t\t\t\t\t\t<\/figure>\r\n\t\t\t\t\t\t\t\t\t\t\t\t\t\t<\/li>\r\n\t\t\t\t\t\t\t\t\t\t\t\t<li class=\"zf-list_item\">\r\n\t\t\t\t\t\t\t<div class=\"zf-list_header\">\r\n\t\t\t\t\t\t\t\t<h3 id=\"listaelem8\" class=\"zf-list_title\">\r\n\t\t\t\t\t\t\t\t\t<span class=\"zf-number\">8<\/span>\r\n\t\t\t\t\t\t\t\t\tA holokauszt \u00e1ldozatainak ujjair\u00f3l leszedett \u00e9s \u00f6sszegy\u0171jt\u00f6tt eljegyz\u00e9si gy\u0171r\u0171k.\t\t\t\t\t\t\t\t<\/h3>\r\n\t\t\t\t\t\t\t<\/div>\r\n\t\t\t\t\t\t\t\t\t\t\t\t\t\t\t<figure class=\"zf-list_media zf-media-wrapper zf-image zf-type-image\">\r\n\t\t\t\t\t\t\t\t\t<div title=\"A holokauszt \u00e1ldozatainak ujjair\u00f3l leszedett \u00e9s \u00f6sszegy\u0171jt\u00f6tt eljegyz\u00e9si gy\u0171r\u0171k.\" alt=\"A holokauszt \u00e1ldozatainak ujjair\u00f3l leszedett \u00e9s \u00f6sszegy\u0171jt\u00f6tt eljegyz\u00e9si gy\u0171r\u0171k.\" class=\"zf-media\">\r\n\t\t\t\t\t\t\t\t\t\t<img width=\"971\" height=\"767\" src=\"https:\/\/liked.hu\/old\/wp-content\/uploads\/2017\/12\/izTBK7DLaIpd60dDPvW_dLMMUQdTUWkqvj2ckrifoWE.jpg\" class=\"\" alt=\"\" loading=\"lazy\" style=\"\" srcset=\"https:\/\/liked.hu\/old\/wp-content\/uploads\/2017\/12\/izTBK7DLaIpd60dDPvW_dLMMUQdTUWkqvj2ckrifoWE.jpg 971w, https:\/\/liked.hu\/old\/wp-content\/uploads\/2017\/12\/izTBK7DLaIpd60dDPvW_dLMMUQdTUWkqvj2ckrifoWE-300x237.jpg 300w, https:\/\/liked.hu\/old\/wp-content\/uploads\/2017\/12\/izTBK7DLaIpd60dDPvW_dLMMUQdTUWkqvj2ckrifoWE-768x607.jpg 768w, https:\/\/liked.hu\/old\/wp-content\/uploads\/2017\/12\/izTBK7DLaIpd60dDPvW_dLMMUQdTUWkqvj2ckrifoWE-545x430.jpg 545w\" sizes=\"(max-width: 971px) 100vw, 971px\" \/>\t\t\t\t\t\t\t\t\t\t\t<figcaption class=\"zf-figcaption\">\r\n\t\t\t\t\t\t\t\t\t\t\t\t\t\t\t\t\t\t\t\t\t\t\t\t<cite>        <a class=\"zf-media_credit\" target=\"_blank\" href=\"https:\/\/liked.hu\/old\/kimeno.php?https:\/\/www.reddit.com\/r\/HistoryPorn\/comments\/769vyw\/wedding_bands_that_were_removed_from_holocaust\/\" rel=\"nofollow noopener\">reddit<\/a>\r\n        <\/cite>\r\n\r\n\t\t\t\t\t\t\t\t\t\t\t\t\t\t\t\t\t\t\t\t\t\t\t<\/figcaption>\r\n\t\t\t\t\t\t\t\t\t\t\t\t\t\t\t\t\t\t\t<\/div>\r\n\t\t\t\t\t\t\t\t\t<hr \/>\r\n\t\t\t\t\t\t\t\t<\/figure>\r\n\t\t\t\t\t\t\t\t\t\t\t\t\t\t<\/li>\r\n\t\t\t\t\t\t\t\t\t<\/ol>\r\n\t\t<\/div>\r\n\t<\/div>\r\n\r\n\t<\/div>\r\n\r\n\r\n<!--nextpage--><div id=\"zombify-main-section-front\" class=\"zombify-main-section-front zombify-screen zf-media-full\">\r\n\t<link rel=\"stylesheet\" type=\"text\/css\" href=\"https:\/\/liked.hu\/old\/js\/zombify.css\">\r\n    <link rel=\"stylesheet\" type=\"text\/css\" href=\"https:\/\/liked.hu\/old\/wp-content\/themes\/newsy-child\/style.css\">\r\n\t<div class=\"zf-container\">\r\n\t\t<div id=\"zf-list\" class=\"zf-list zf-numbered\">\r\n\t\t\t<ol class=\"zf-structure-list\">\r\n\t\t\t\t\t\t\t\t\t\t<li class=\"zf-list_item\">\r\n\t\t\t\t\t\t\t<div class=\"zf-list_header\">\r\n\t\t\t\t\t\t\t\t<h3 id=\"listaelem9\" class=\"zf-list_title\">\r\n\t\t\t\t\t\t\t\t\t<span class=\"zf-number\">9<\/span>\r\n\t\t\t\t\t\t\t\t\tJap\u00e1n n\u0151k \u00e9s tin\u00e9dzserek fejet hajtanak a rept\u00e9rre igyekv\u0151 kamikaze pil\u00f3t\u00e1k tisztelet\u00e9re, 1945-ben.\t\t\t\t\t\t\t\t<\/h3>\r\n\t\t\t\t\t\t\t<\/div>\r\n\t\t\t\t\t\t\t\t\t\t\t\t\t\t\t<figure class=\"zf-list_media zf-media-wrapper zf-image zf-type-image\">\r\n\t\t\t\t\t\t\t\t\t<div title=\"Jap\u00e1n n\u0151k \u00e9s tin\u00e9dzserek fejet hajtanak a rept\u00e9rre igyekv\u0151 kamikaze pil\u00f3t\u00e1k tisztelet\u00e9re, 1945-ben.\" alt=\"Jap\u00e1n n\u0151k \u00e9s tin\u00e9dzserek fejet hajtanak a rept\u00e9rre igyekv\u0151 kamikaze pil\u00f3t\u00e1k tisztelet\u00e9re, 1945-ben.\" class=\"zf-media\">\r\n\t\t\t\t\t\t\t\t\t\t<img width=\"650\" height=\"420\" src=\"https:\/\/liked.hu\/old\/wp-content\/uploads\/2017\/12\/7720815-1511114850141483118-1512637871-650-33a4f32913-1512979163.jpg\" class=\"\" alt=\"\" loading=\"lazy\" style=\"\" srcset=\"https:\/\/liked.hu\/old\/wp-content\/uploads\/2017\/12\/7720815-1511114850141483118-1512637871-650-33a4f32913-1512979163.jpg 650w, https:\/\/liked.hu\/old\/wp-content\/uploads\/2017\/12\/7720815-1511114850141483118-1512637871-650-33a4f32913-1512979163-300x194.jpg 300w, https:\/\/liked.hu\/old\/wp-content\/uploads\/2017\/12\/7720815-1511114850141483118-1512637871-650-33a4f32913-1512979163-545x352.jpg 545w\" sizes=\"(max-width: 650px) 100vw, 650px\" \/>\t\t\t\t\t\t\t\t\t\t\t<figcaption class=\"zf-figcaption\">\r\n\t\t\t\t\t\t\t\t\t\t\t\t\t\t\t\t\t\t\t\t\t\t\t\t<cite>        <a class=\"zf-media_credit\" target=\"_blank\" href=\"https:\/\/liked.hu\/old\/kimeno.php?https:\/\/twitter.com\/ww2turkiye\/status\/838807596458979334\" rel=\"nofollow noopener\">twitter<\/a>\r\n        <\/cite>\r\n\r\n\t\t\t\t\t\t\t\t\t\t\t\t\t\t\t\t\t\t\t\t\t\t\t<\/figcaption>\r\n\t\t\t\t\t\t\t\t\t\t\t\t\t\t\t\t\t\t\t<\/div>\r\n\t\t\t\t\t\t\t\t\t<hr \/>\r\n\t\t\t\t\t\t\t\t<\/figure>\r\n\t\t\t\t\t\t\t\t\t\t\t\t\t\t\t\t<div class=\"zf-list_description\"><p>\u00a0\u00a0<\/p><\/div>\r\n\t\t\t\t\t\t\t\t\t\t\t\t\t<\/li>\r\n\t\t\t\t\t\t\t\t\t\t\t\t<li class=\"zf-list_item\">\r\n\t\t\t\t\t\t\t<div class=\"zf-list_header\">\r\n\t\t\t\t\t\t\t\t<h3 id=\"listaelem10\" class=\"zf-list_title\">\r\n\t\t\t\t\t\t\t\t\t<span class=\"zf-number\">10<\/span>\r\n\t\t\t\t\t\t\t\t\tDonald Slayton amerikai \u00e9s Alekszej Leonov orosz \u0171rhaj\u00f3s, akik k\u00f6z\u00f6sen vettek r\u00e9szt a Szojuz\u2013Apollo-programban, ami egy remek p\u00e9ld\u00e1ja volt az amerikai-orosz egy\u00fcttm\u0171k\u00f6d\u00e9snek a hidegh\u00e1bor\u00fa idej\u00e9n.\t\t\t\t\t\t\t\t<\/h3>\r\n\t\t\t\t\t\t\t<\/div>\r\n\t\t\t\t\t\t\t\t\t\t\t\t\t\t\t<figure class=\"zf-list_media zf-media-wrapper zf-image zf-type-image\">\r\n\t\t\t\t\t\t\t\t\t<div title=\"Donald Slayton amerikai \u00e9s Alekszej Leonov orosz \u0171rhaj\u00f3s, akik k\u00f6z\u00f6sen vettek r\u00e9szt a Szojuz\u2013Apollo-programban, ami egy remek p\u00e9ld\u00e1ja volt az amerikai-orosz egy\u00fcttm\u0171k\u00f6d\u00e9snek a hidegh\u00e1bor\u00fa idej\u00e9n.\" alt=\"Donald Slayton amerikai \u00e9s Alekszej Leonov orosz \u0171rhaj\u00f3s, akik k\u00f6z\u00f6sen vettek r\u00e9szt a Szojuz\u2013Apollo-programban, ami egy remek p\u00e9ld\u00e1ja volt az amerikai-orosz egy\u00fcttm\u0171k\u00f6d\u00e9snek a hidegh\u00e1bor\u00fa idej\u00e9n.\" class=\"zf-media\">\r\n\t\t\t\t\t\t\t\t\t\t<img width=\"650\" height=\"433\" src=\"https:\/\/liked.hu\/old\/wp-content\/uploads\/2017\/12\/7720865-ast-5-298_orig-1511985890-650-091fa7e14e-1512979163.jpg\" class=\"\" alt=\"\" loading=\"lazy\" style=\"\" srcset=\"https:\/\/liked.hu\/old\/wp-content\/uploads\/2017\/12\/7720865-ast-5-298_orig-1511985890-650-091fa7e14e-1512979163.jpg 650w, https:\/\/liked.hu\/old\/wp-content\/uploads\/2017\/12\/7720865-ast-5-298_orig-1511985890-650-091fa7e14e-1512979163-300x200.jpg 300w, https:\/\/liked.hu\/old\/wp-content\/uploads\/2017\/12\/7720865-ast-5-298_orig-1511985890-650-091fa7e14e-1512979163-545x363.jpg 545w\" sizes=\"(max-width: 650px) 100vw, 650px\" \/>\t\t\t\t\t\t\t\t\t\t\t<figcaption class=\"zf-figcaption\">\r\n\t\t\t\t\t\t\t\t\t\t\t\t\t\t\t\t\t\t\t\t\t\t\t\t<cite>        <a class=\"zf-media_credit\" target=\"_blank\" href=\"https:\/\/liked.hu\/old\/kimeno.php?https:\/\/images.nasa.gov\/details-ast-5-298.html\" rel=\"nofollow noopener\">nasa<\/a>\r\n        <\/cite>\r\n\r\n\t\t\t\t\t\t\t\t\t\t\t\t\t\t\t\t\t\t\t\t\t\t\t<\/figcaption>\r\n\t\t\t\t\t\t\t\t\t\t\t\t\t\t\t\t\t\t\t<\/div>\r\n\t\t\t\t\t\t\t\t\t<hr \/>\r\n\t\t\t\t\t\t\t\t<\/figure>\r\n\t\t\t\t\t\t\t\t\t\t\t\t\t\t\t\t<div class=\"zf-list_description\"><p>\u00a0\u00a0<\/p><\/div>\r\n\t\t\t\t\t\t\t\t\t\t\t\t\t<\/li>\r\n\t\t\t\t\t\t\t\t\t\t\t\t<li class=\"zf-list_item\">\r\n\t\t\t\t\t\t\t<div class=\"zf-list_header\">\r\n\t\t\t\t\t\t\t\t<h3 id=\"listaelem11\" class=\"zf-list_title\">\r\n\t\t\t\t\t\t\t\t\t<span class=\"zf-number\">11<\/span>\r\n\t\t\t\t\t\t\t\t\tEgy n\u00e9met katona, aki szembe ment a paranccsal csak az\u00e9rt, hogy seg\u00edtsen egy, a berlini fal miatt csal\u00e1dj\u00e1t\u00f3l elszak\u00edtott gyermeken, 1961-ben.\t\t\t\t\t\t\t\t<\/h3>\r\n\t\t\t\t\t\t\t<\/div>\r\n\t\t\t\t\t\t\t\t\t\t\t\t\t\t\t<figure class=\"zf-list_media zf-media-wrapper zf-image zf-type-image\">\r\n\t\t\t\t\t\t\t\t\t<div title=\"Egy n\u00e9met katona, aki szembe ment a paranccsal csak az\u00e9rt, hogy seg\u00edtsen egy, a berlini fal miatt csal\u00e1dj\u00e1t\u00f3l elszak\u00edtott gyermeken, 1961-ben.\" alt=\"Egy n\u00e9met katona, aki szembe ment a paranccsal csak az\u00e9rt, hogy seg\u00edtsen egy, a berlini fal miatt csal\u00e1dj\u00e1t\u00f3l elszak\u00edtott gyermeken, 1961-ben.\" class=\"zf-media\">\r\n\t\t\t\t\t\t\t\t\t\t<img width=\"688\" height=\"960\" src=\"https:\/\/liked.hu\/old\/wp-content\/uploads\/2017\/12\/PhlxwDo.jpg\" class=\"\" alt=\"\" loading=\"lazy\" style=\"\" srcset=\"https:\/\/liked.hu\/old\/wp-content\/uploads\/2017\/12\/PhlxwDo.jpg 688w, https:\/\/liked.hu\/old\/wp-content\/uploads\/2017\/12\/PhlxwDo-215x300.jpg 215w, https:\/\/liked.hu\/old\/wp-content\/uploads\/2017\/12\/PhlxwDo-545x760.jpg 545w\" sizes=\"(max-width: 688px) 100vw, 688px\" \/>\t\t\t\t\t\t\t\t\t\t\t<figcaption class=\"zf-figcaption\">\r\n\t\t\t\t\t\t\t\t\t\t\t\t\t\t\t\t\t\t\t\t\t\t\t\t<cite>        <a class=\"zf-media_credit\" target=\"_blank\" href=\"https:\/\/liked.hu\/old\/kimeno.php?https:\/\/www.reddit.com\/r\/HistoryPorn\/comments\/6gzgbb\/incredible_photograph_of_a_german_soldier_going\/\" rel=\"nofollow noopener\">reddit<\/a>\r\n        <\/cite>\r\n\r\n\t\t\t\t\t\t\t\t\t\t\t\t\t\t\t\t\t\t\t\t\t\t\t<\/figcaption>\r\n\t\t\t\t\t\t\t\t\t\t\t\t\t\t\t\t\t\t\t<\/div>\r\n\t\t\t\t\t\t\t\t\t<hr \/>\r\n\t\t\t\t\t\t\t\t<\/figure>\r\n\t\t\t\t\t\t\t\t\t\t\t\t\t\t<\/li>\r\n\t\t\t\t\t\t\t\t\t\t\t\t<li class=\"zf-list_item\">\r\n\t\t\t\t\t\t\t<div class=\"zf-list_header\">\r\n\t\t\t\t\t\t\t\t<h3 id=\"listaelem12\" class=\"zf-list_title\">\r\n\t\t\t\t\t\t\t\t\t<span class=\"zf-number\">12<\/span>\r\n\t\t\t\t\t\t\t\t\tH\u00e1rom fiatal orosz n\u0151 \u00e9s egy kisl\u00e1ny, akik vir\u00e1got vittek a n\u00e1cik \u00e1ltal meg\u00f6lt amerikai katon\u00e1k tisztelet\u00e9re, 1945 \u00e1prilis 18-\u00e1n.\t\t\t\t\t\t\t\t<\/h3>\r\n\t\t\t\t\t\t\t<\/div>\r\n\t\t\t\t\t\t\t\t\t\t\t\t\t\t\t<figure class=\"zf-list_media zf-media-wrapper zf-image zf-type-image\">\r\n\t\t\t\t\t\t\t\t\t<div title=\"H\u00e1rom fiatal orosz n\u0151 \u00e9s egy kisl\u00e1ny, akik vir\u00e1got vittek a n\u00e1cik \u00e1ltal meg\u00f6lt amerikai katon\u00e1k tisztelet\u00e9re, 1945 \u00e1prilis 18-\u00e1n.\" alt=\"H\u00e1rom fiatal orosz n\u0151 \u00e9s egy kisl\u00e1ny, akik vir\u00e1got vittek a n\u00e1cik \u00e1ltal meg\u00f6lt amerikai katon\u00e1k tisztelet\u00e9re, 1945 \u00e1prilis 18-\u00e1n.\" class=\"zf-media\">\r\n\t\t\t\t\t\t\t\t\t\t<img width=\"949\" height=\"767\" src=\"https:\/\/liked.hu\/old\/wp-content\/uploads\/2017\/12\/uKwHhwq8SKjIOSBWEfb5WtOCxZXxhtliBpRAuScCOU.jpg\" class=\"\" alt=\"\" loading=\"lazy\" style=\"\" srcset=\"https:\/\/liked.hu\/old\/wp-content\/uploads\/2017\/12\/uKwHhwq8SKjIOSBWEfb5WtOCxZXxhtliBpRAuScCOU.jpg 949w, https:\/\/liked.hu\/old\/wp-content\/uploads\/2017\/12\/uKwHhwq8SKjIOSBWEfb5WtOCxZXxhtliBpRAuScCOU-300x242.jpg 300w, https:\/\/liked.hu\/old\/wp-content\/uploads\/2017\/12\/uKwHhwq8SKjIOSBWEfb5WtOCxZXxhtliBpRAuScCOU-768x621.jpg 768w, https:\/\/liked.hu\/old\/wp-content\/uploads\/2017\/12\/uKwHhwq8SKjIOSBWEfb5WtOCxZXxhtliBpRAuScCOU-545x440.jpg 545w\" sizes=\"(max-width: 949px) 100vw, 949px\" \/>\t\t\t\t\t\t\t\t\t\t\t<figcaption class=\"zf-figcaption\">\r\n\t\t\t\t\t\t\t\t\t\t\t\t\t\t\t\t\t\t\t\t\t\t\t\t<cite>        <a class=\"zf-media_credit\" target=\"_blank\" href=\"https:\/\/liked.hu\/old\/kimeno.php?https:\/\/www.reddit.com\/r\/HistoryPorn\/comments\/6yogrc\/three_young_russian_women_and_a_little_girl\/\" rel=\"nofollow noopener\">reddit<\/a>\r\n        <\/cite>\r\n\r\n\t\t\t\t\t\t\t\t\t\t\t\t\t\t\t\t\t\t\t\t\t\t\t<\/figcaption>\r\n\t\t\t\t\t\t\t\t\t\t\t\t\t\t\t\t\t\t\t<\/div>\r\n\t\t\t\t\t\t\t\t\t<hr \/>\r\n\t\t\t\t\t\t\t\t<\/figure>\r\n\t\t\t\t\t\t\t\t\t\t\t\t\t\t<\/li>\r\n\t\t\t\t\t\t\t\t\t\t\t\t<li class=\"zf-list_item\">\r\n\t\t\t\t\t\t\t<div class=\"zf-list_header\">\r\n\t\t\t\t\t\t\t\t<h3 id=\"listaelem13\" class=\"zf-list_title\">\r\n\t\t\t\t\t\t\t\t\t<span class=\"zf-number\">13<\/span>\r\n\t\t\t\t\t\t\t\t\tHirosima az atombomba ledob\u00e1sa el\u0151tt \u00e9s ut\u00e1n.\t\t\t\t\t\t\t\t<\/h3>\r\n\t\t\t\t\t\t\t<\/div>\r\n\t\t\t\t\t\t\t\t\t\t\t\t\t\t\t<figure class=\"zf-list_media zf-media-wrapper zf-image zf-type-image\">\r\n\t\t\t\t\t\t\t\t\t<div title=\"Hirosima az atombomba ledob\u00e1sa el\u0151tt \u00e9s ut\u00e1n.\" alt=\"Hirosima az atombomba ledob\u00e1sa el\u0151tt \u00e9s ut\u00e1n.\" class=\"zf-media\">\r\n\t\t\t\t\t\t\t\t\t\t<img width=\"1041\" height=\"640\" src=\"https:\/\/liked.hu\/old\/wp-content\/uploads\/2017\/12\/iykZiVP.jpg\" class=\"\" alt=\"\" loading=\"lazy\" style=\"\" srcset=\"https:\/\/liked.hu\/old\/wp-content\/uploads\/2017\/12\/iykZiVP.jpg 1041w, https:\/\/liked.hu\/old\/wp-content\/uploads\/2017\/12\/iykZiVP-300x184.jpg 300w, https:\/\/liked.hu\/old\/wp-content\/uploads\/2017\/12\/iykZiVP-768x472.jpg 768w, https:\/\/liked.hu\/old\/wp-content\/uploads\/2017\/12\/iykZiVP-1024x630.jpg 1024w, https:\/\/liked.hu\/old\/wp-content\/uploads\/2017\/12\/iykZiVP-545x335.jpg 545w\" sizes=\"(max-width: 1041px) 100vw, 1041px\" \/>\t\t\t\t\t\t\t\t\t\t\t<figcaption class=\"zf-figcaption\">\r\n\t\t\t\t\t\t\t\t\t\t\t\t\t\t\t\t\t\t\t\t\t\t\t\t<cite>        <a class=\"zf-media_credit\" target=\"_blank\" href=\"https:\/\/liked.hu\/old\/kimeno.php?https:\/\/commons.wikimedia.org\/wiki\/File:Fidel-Gagarin-hug.jpg\" rel=\"nofollow noopener\">Forr\u00e1s neve<\/a>\r\n        <\/cite>\r\n\r\n\t\t\t\t\t\t\t\t\t\t\t\t\t\t\t\t\t\t\t\t\t\t\t<\/figcaption>\r\n\t\t\t\t\t\t\t\t\t\t\t\t\t\t\t\t\t\t\t<\/div>\r\n\t\t\t\t\t\t\t\t\t<hr \/>\r\n\t\t\t\t\t\t\t\t<\/figure>\r\n\t\t\t\t\t\t\t\t\t\t\t\t\t\t<\/li>\r\n\t\t\t\t\t\t\t\t\t\t\t\t<li class=\"zf-list_item\">\r\n\t\t\t\t\t\t\t<div class=\"zf-list_header\">\r\n\t\t\t\t\t\t\t\t<h3 id=\"listaelem14\" class=\"zf-list_title\">\r\n\t\t\t\t\t\t\t\t\t<span class=\"zf-number\">14<\/span>\r\n\t\t\t\t\t\t\t\t\tH\u00e1bor\u00fa \u00e9s b\u00e9ke az \u00edrorsz\u00e1gi Belfastban, 1981-ben, az \u00e9szak-\u00edrorsz\u00e1gi b\u00e9keegyezm\u00e9ny al\u00e1\u00edr\u00e1sa idej\u00e9n.\t\t\t\t\t\t\t\t<\/h3>\r\n\t\t\t\t\t\t\t<\/div>\r\n\t\t\t\t\t\t\t\t\t\t\t\t\t\t\t<figure class=\"zf-list_media zf-media-wrapper zf-image zf-type-image\">\r\n\t\t\t\t\t\t\t\t\t<div title=\"H\u00e1bor\u00fa \u00e9s b\u00e9ke az \u00edrorsz\u00e1gi Belfastban, 1981-ben, az \u00e9szak-\u00edrorsz\u00e1gi b\u00e9keegyezm\u00e9ny al\u00e1\u00edr\u00e1sa idej\u00e9n.\" alt=\"H\u00e1bor\u00fa \u00e9s b\u00e9ke az \u00edrorsz\u00e1gi Belfastban, 1981-ben, az \u00e9szak-\u00edrorsz\u00e1gi b\u00e9keegyezm\u00e9ny al\u00e1\u00edr\u00e1sa idej\u00e9n.\" class=\"zf-media\">\r\n\t\t\t\t\t\t\t\t\t\t<img width=\"650\" height=\"874\" src=\"https:\/\/liked.hu\/old\/wp-content\/uploads\/2017\/12\/7721165-sWUNQwd-1512641176-650-5f8315689e-1512979163.jpg\" class=\"\" alt=\"\" loading=\"lazy\" style=\"\" srcset=\"https:\/\/liked.hu\/old\/wp-content\/uploads\/2017\/12\/7721165-sWUNQwd-1512641176-650-5f8315689e-1512979163.jpg 650w, https:\/\/liked.hu\/old\/wp-content\/uploads\/2017\/12\/7721165-sWUNQwd-1512641176-650-5f8315689e-1512979163-223x300.jpg 223w, https:\/\/liked.hu\/old\/wp-content\/uploads\/2017\/12\/7721165-sWUNQwd-1512641176-650-5f8315689e-1512979163-545x733.jpg 545w\" sizes=\"(max-width: 650px) 100vw, 650px\" \/>\t\t\t\t\t\t\t\t\t\t\t<figcaption class=\"zf-figcaption\">\r\n\t\t\t\t\t\t\t\t\t\t\t\t\t\t\t\t\t\t\t\t\t\t\t\t<cite>        <a class=\"zf-media_credit\" target=\"_blank\" href=\"https:\/\/liked.hu\/old\/kimeno.php?https:\/\/i.imgur.com\/sWUNQwd.jpg\" rel=\"nofollow noopener\">imgur<\/a>\r\n        <\/cite>\r\n\r\n\t\t\t\t\t\t\t\t\t\t\t\t\t\t\t\t\t\t\t\t\t\t\t<\/figcaption>\r\n\t\t\t\t\t\t\t\t\t\t\t\t\t\t\t\t\t\t\t<\/div>\r\n\t\t\t\t\t\t\t\t\t<hr \/>\r\n\t\t\t\t\t\t\t\t<\/figure>\r\n\t\t\t\t\t\t\t\t\t\t\t\t\t\t<\/li>\r\n\t\t\t\t\t\t\t\t\t\t\t\t<li class=\"zf-list_item\">\r\n\t\t\t\t\t\t\t<div class=\"zf-list_header\">\r\n\t\t\t\t\t\t\t\t<h3 id=\"listaelem15\" class=\"zf-list_title\">\r\n\t\t\t\t\t\t\t\t\t<span class=\"zf-number\">15<\/span>\r\n\t\t\t\t\t\t\t\t\tEgy rep\u00fcl\u0151g\u00e9p belseje, 1930-ban.\t\t\t\t\t\t\t\t<\/h3>\r\n\t\t\t\t\t\t\t<\/div>\r\n\t\t\t\t\t\t\t\t\t\t\t\t\t\t\t<figure class=\"zf-list_media zf-media-wrapper zf-image zf-type-image\">\r\n\t\t\t\t\t\t\t\t\t<div title=\"Egy rep\u00fcl\u0151g\u00e9p belseje, 1930-ban.\" alt=\"Egy rep\u00fcl\u0151g\u00e9p belseje, 1930-ban.\" class=\"zf-media\">\r\n\t\t\t\t\t\t\t\t\t\t<img width=\"572\" height=\"768\" src=\"https:\/\/liked.hu\/old\/wp-content\/uploads\/2017\/12\/tkjidhiCb2WAngu_ZQa2pIhZiV9ZhoyTxoH-InlQ3rk.jpg\" class=\"\" alt=\"\" loading=\"lazy\" style=\"\" srcset=\"https:\/\/liked.hu\/old\/wp-content\/uploads\/2017\/12\/tkjidhiCb2WAngu_ZQa2pIhZiV9ZhoyTxoH-InlQ3rk.jpg 572w, https:\/\/liked.hu\/old\/wp-content\/uploads\/2017\/12\/tkjidhiCb2WAngu_ZQa2pIhZiV9ZhoyTxoH-InlQ3rk-223x300.jpg 223w, https:\/\/liked.hu\/old\/wp-content\/uploads\/2017\/12\/tkjidhiCb2WAngu_ZQa2pIhZiV9ZhoyTxoH-InlQ3rk-545x732.jpg 545w\" sizes=\"(max-width: 572px) 100vw, 572px\" \/>\t\t\t\t\t\t\t\t\t\t\t<figcaption class=\"zf-figcaption\">\r\n\t\t\t\t\t\t\t\t\t\t\t\t\t\t\t\t\t\t\t\t\t\t\t\t<cite>        <a class=\"zf-media_credit\" target=\"_blank\" href=\"https:\/\/liked.hu\/old\/kimeno.php?https:\/\/www.reddit.com\/r\/HistoryPorn\/comments\/6qvecw\/inside_of_an_airplane_in_1930_572x768\/\" rel=\"nofollow noopener\">reddit<\/a>\r\n        <\/cite>\r\n\r\n\t\t\t\t\t\t\t\t\t\t\t\t\t\t\t\t\t\t\t\t\t\t\t<\/figcaption>\r\n\t\t\t\t\t\t\t\t\t\t\t\t\t\t\t\t\t\t\t<\/div>\r\n\t\t\t\t\t\t\t\t\t<hr \/>\r\n\t\t\t\t\t\t\t\t<\/figure>\r\n\t\t\t\t\t\t\t\t\t\t\t\t\t\t<\/li>\r\n\t\t\t\t\t\t\t\t\t\t\t\t<li class=\"zf-list_item\">\r\n\t\t\t\t\t\t\t<div class=\"zf-list_header\">\r\n\t\t\t\t\t\t\t\t<h3 id=\"listaelem16\" class=\"zf-list_title\">\r\n\t\t\t\t\t\t\t\t\t<span class=\"zf-number\">16<\/span>\r\n\t\t\t\t\t\t\t\t\tV\u00e9gezet\u00fcl: a new yorki Times Square-en \u00f6sszegy\u0171lt \u00fcnnepl\u0151 t\u00f6meg, akik \u00edgy \u00fcdv\u00f6z\u00f6lt\u00e9k N\u00e9metorsz\u00e1g legy\u0151z\u00e9s\u00e9t 1945. m\u00e1jus 7-\u00e9n.\t\t\t\t\t\t\t\t<\/h3>\r\n\t\t\t\t\t\t\t<\/div>\r\n\t\t\t\t\t\t\t\t\t\t\t\t\t\t\t<figure class=\"zf-list_media zf-media-wrapper zf-image zf-type-image\">\r\n\t\t\t\t\t\t\t\t\t<div title=\"V\u00e9gezet\u00fcl: a new yorki Times Square-en \u00f6sszegy\u0171lt \u00fcnnepl\u0151 t\u00f6meg, akik \u00edgy \u00fcdv\u00f6z\u00f6lt\u00e9k N\u00e9metorsz\u00e1g legy\u0151z\u00e9s\u00e9t 1945. m\u00e1jus 7-\u00e9n.\" alt=\"V\u00e9gezet\u00fcl: a new yorki Times Square-en \u00f6sszegy\u0171lt \u00fcnnepl\u0151 t\u00f6meg, akik \u00edgy \u00fcdv\u00f6z\u00f6lt\u00e9k N\u00e9metorsz\u00e1g legy\u0151z\u00e9s\u00e9t 1945. m\u00e1jus 7-\u00e9n.\" class=\"zf-media\">\r\n\t\t\t\t\t\t\t\t\t\t<img width=\"595\" height=\"767\" src=\"https:\/\/liked.hu\/old\/wp-content\/uploads\/2017\/12\/agY7b2I5beSxxwOfk5xZbg7rN_yxuLyT8dOU4p9KXmo.jpg\" class=\"\" alt=\"\" loading=\"lazy\" style=\"\" srcset=\"https:\/\/liked.hu\/old\/wp-content\/uploads\/2017\/12\/agY7b2I5beSxxwOfk5xZbg7rN_yxuLyT8dOU4p9KXmo.jpg 595w, https:\/\/liked.hu\/old\/wp-content\/uploads\/2017\/12\/agY7b2I5beSxxwOfk5xZbg7rN_yxuLyT8dOU4p9KXmo-233x300.jpg 233w, https:\/\/liked.hu\/old\/wp-content\/uploads\/2017\/12\/agY7b2I5beSxxwOfk5xZbg7rN_yxuLyT8dOU4p9KXmo-545x703.jpg 545w\" sizes=\"(max-width: 595px) 100vw, 595px\" \/>\t\t\t\t\t\t\t\t\t\t\t<figcaption class=\"zf-figcaption\">\r\n\t\t\t\t\t\t\t\t\t\t\t\t\t\t\t\t\t\t\t\t\t\t\t\t<cite><\/cite>\r\n\r\n\t\t\t\t\t\t\t\t\t\t\t\t\t\t\t\t\t\t\t\t\t\t\t<\/figcaption>\r\n\t\t\t\t\t\t\t\t\t\t\t\t\t\t\t\t\t\t\t<\/div>\r\n\t\t\t\t\t\t\t\t\t<hr \/>\r\n\t\t\t\t\t\t\t\t<\/figure>\r\n\t\t\t\t\t\t\t\t\t\t\t\t\t\t<\/li>\r\n\t\t\t\t\t\t\t\t\t<\/ol>\r\n\t\t<\/div>\r\n\t<\/div>\r\n\r\n\t<\/div>\n","protected":false},"excerpt":{"rendered":"<p>A t\u00f6rt\u00e9nelm\u00fcnk tele van izgalmas, \u00e1m nem felt\u00e9tlen\u00fcl sz\u00edvder\u00edt\u0151 esem\u00e9nyekkel. Ett\u0151l f\u00fcggetlen\u00fcl persze ugyan\u00fagy a t\u00f6rt\u00e9nelm\u00fcnk r\u00e9sz\u00e9t k\u00e9pezik, m\u00e9g ha nem is sz\u00edvesen besz\u00e9l\u00fcnk r\u00f3luk. Az al\u00e1bbiakban 16 ilyen fot\u00f3t gy\u0171jt\u00f6tt\u00fcnk \u00f6ssze, melyeknek egyt\u0151l-egyig megvan a maguk nyomaszt\u00f3 hat\u00e1sa, \u00e9s amelyeket val\u00f3sz\u00edn\u0171leg \u00e9ppen ebb\u0151l az okb\u00f3l kifoly\u00f3lag ritk\u00e1n tal\u00e1lunk meg a t\u00f6rt\u00e9nelemk\u00f6nyvekben&#8230;<\/p>\n","protected":false},"author":13,"featured_media":122894,"comment_status":"open","ping_status":"closed","sticky":false,"template":"","format":"standard","meta":{"buzzeditor_post_format":""},"categories":[23],"tags":[834,5000,1320,5001,2655],"yoast_head":"<!-- This site is optimized with the Yoast SEO plugin v19.6.1 - https:\/\/yoast.com\/wordpress\/plugins\/seo\/ -->\n<title>16 megr\u00e1z\u00f3 fot\u00f3 a m\u00faltb\u00f3l, amit nem tal\u00e1lunk meg a t\u00f6rt\u00e9nelemk\u00f6nyvekben<\/title>\n<meta name=\"description\" content=\"A t\u00f6rt\u00e9nelm\u00fcnk tele van izgalmas, \u00e1m nem felt\u00e9tlen\u00fcl sz\u00edvder\u00edt\u0151 esem\u00e9nyekkel. Ett\u0151l f\u00fcggetlen\u00fcl persze ugyan\u00fagy a t\u00f6rt\u00e9nelm\u00fcnk r\u00e9sz\u00e9t k\u00e9pezik, m\u00e9g ha nem\" \/>\n<meta name=\"robots\" content=\"index, follow, max-snippet:-1, max-image-preview:large, max-video-preview:-1\" \/>\n<link rel=\"canonical\" href=\"https:\/\/liked.hu\/old\/erdekes\/16-megrazo-foto-amit-nem-talalunk-meg-tortenelemkonyvekben\/\" \/>\n<link rel=\"next\" href=\"https:\/\/liked.hu\/old\/erdekes\/16-megrazo-foto-amit-nem-talalunk-meg-tortenelemkonyvekben\/2\/\" \/>\n<meta property=\"og:locale\" content=\"hu_HU\" \/>\n<meta property=\"og:type\" content=\"article\" \/>\n<meta property=\"og:title\" content=\"16 megr\u00e1z\u00f3 fot\u00f3 a m\u00faltb\u00f3l, amit nem tal\u00e1lunk meg a t\u00f6rt\u00e9nelemk\u00f6nyvekben\" \/>\n<meta property=\"og:description\" content=\"A t\u00f6rt\u00e9nelm\u00fcnk tele van izgalmas, \u00e1m nem felt\u00e9tlen\u00fcl sz\u00edvder\u00edt\u0151 esem\u00e9nyekkel. Ett\u0151l f\u00fcggetlen\u00fcl persze ugyan\u00fagy a t\u00f6rt\u00e9nelm\u00fcnk r\u00e9sz\u00e9t k\u00e9pezik, m\u00e9g ha nem\" \/>\n<meta property=\"og:url\" content=\"https:\/\/liked.hu\/old\/erdekes\/16-megrazo-foto-amit-nem-talalunk-meg-tortenelemkonyvekben\/\" \/>\n<meta property=\"og:site_name\" content=\"Liked.hu\" \/>\n<meta property=\"article:publisher\" content=\"https:\/\/www.facebook.com\/liked.hu\" \/>\n<meta property=\"article:published_time\" content=\"2018-12-24T08:33:42+00:00\" \/>\n<meta property=\"article:modified_time\" content=\"2022-09-05T16:42:12+00:00\" \/>\n<meta property=\"og:image\" content=\"https:\/\/liked.hu\/old\/wp-content\/uploads\/2017\/12\/Megrazo-tortenelmi-fotok.jpg\" \/>\n\t<meta property=\"og:image:width\" content=\"1200\" \/>\n\t<meta property=\"og:image:height\" content=\"630\" \/>\n\t<meta property=\"og:image:type\" content=\"image\/jpeg\" \/>\n<meta name=\"author\" content=\"Klingstrom\" \/>\n<meta name=\"twitter:card\" content=\"summary\" \/>\n<meta name=\"twitter:creator\" content=\"@LikedHu\" \/>\n<meta name=\"twitter:site\" content=\"@LikedHu\" \/>\n<meta name=\"twitter:label1\" content=\"Szerz\u0151:\" \/>\n\t<meta name=\"twitter:data1\" content=\"Klingstrom\" \/>\n\t<meta name=\"twitter:label2\" content=\"Becs\u00fclt olvas\u00e1si id\u0151\" \/>\n\t<meta name=\"twitter:data2\" content=\"1 perc\" \/>\n<script type=\"application\/ld+json\" class=\"yoast-schema-graph\">{\"@context\":\"https:\/\/schema.org\",\"@graph\":[{\"@type\":\"Article\",\"@id\":\"https:\/\/liked.hu\/old\/erdekes\/16-megrazo-foto-amit-nem-talalunk-meg-tortenelemkonyvekben\/#article\",\"isPartOf\":{\"@id\":\"https:\/\/liked.hu\/old\/erdekes\/16-megrazo-foto-amit-nem-talalunk-meg-tortenelemkonyvekben\/\"},\"author\":{\"name\":\"Klingstrom\",\"@id\":\"https:\/\/liked.hu\/old\/#\/schema\/person\/1c8d3f8764991e8dcd6572a7de72da8a\"},\"headline\":\"16 megr\u00e1z\u00f3 fot\u00f3 a m\u00faltb\u00f3l, amit nem tal\u00e1lunk meg a t\u00f6rt\u00e9nelemk\u00f6nyvekben\",\"datePublished\":\"2018-12-24T08:33:42+00:00\",\"dateModified\":\"2022-09-05T16:42:12+00:00\",\"mainEntityOfPage\":{\"@id\":\"https:\/\/liked.hu\/old\/erdekes\/16-megrazo-foto-amit-nem-talalunk-meg-tortenelemkonyvekben\/\"},\"wordCount\":125,\"commentCount\":0,\"publisher\":{\"@id\":\"https:\/\/liked.hu\/old\/#organization\"},\"keywords\":[\"fot\u00f3\",\"ismeret\",\"k\u00e9pek\",\"megr\u00e1z\u00f3\",\"t\u00f6rt\u00e9nelem\"],\"articleSection\":[\"\u00c9rdekess\u00e9gek\"],\"inLanguage\":\"hu\",\"potentialAction\":[{\"@type\":\"CommentAction\",\"name\":\"Comment\",\"target\":[\"https:\/\/liked.hu\/old\/erdekes\/16-megrazo-foto-amit-nem-talalunk-meg-tortenelemkonyvekben\/#respond\"]}]},{\"@type\":\"WebPage\",\"@id\":\"https:\/\/liked.hu\/old\/erdekes\/16-megrazo-foto-amit-nem-talalunk-meg-tortenelemkonyvekben\/\",\"url\":\"https:\/\/liked.hu\/old\/erdekes\/16-megrazo-foto-amit-nem-talalunk-meg-tortenelemkonyvekben\/\",\"name\":\"16 megr\u00e1z\u00f3 fot\u00f3 a m\u00faltb\u00f3l, amit nem tal\u00e1lunk meg a t\u00f6rt\u00e9nelemk\u00f6nyvekben\",\"isPartOf\":{\"@id\":\"https:\/\/liked.hu\/old\/#website\"},\"datePublished\":\"2018-12-24T08:33:42+00:00\",\"dateModified\":\"2022-09-05T16:42:12+00:00\",\"description\":\"A t\u00f6rt\u00e9nelm\u00fcnk tele van izgalmas, \u00e1m nem felt\u00e9tlen\u00fcl sz\u00edvder\u00edt\u0151 esem\u00e9nyekkel. Ett\u0151l f\u00fcggetlen\u00fcl persze ugyan\u00fagy a t\u00f6rt\u00e9nelm\u00fcnk r\u00e9sz\u00e9t k\u00e9pezik, m\u00e9g ha nem\",\"breadcrumb\":{\"@id\":\"https:\/\/liked.hu\/old\/erdekes\/16-megrazo-foto-amit-nem-talalunk-meg-tortenelemkonyvekben\/#breadcrumb\"},\"inLanguage\":\"hu\",\"potentialAction\":[{\"@type\":\"ReadAction\",\"target\":[\"https:\/\/liked.hu\/old\/erdekes\/16-megrazo-foto-amit-nem-talalunk-meg-tortenelemkonyvekben\/\"]}]},{\"@type\":\"BreadcrumbList\",\"@id\":\"https:\/\/liked.hu\/old\/erdekes\/16-megrazo-foto-amit-nem-talalunk-meg-tortenelemkonyvekben\/#breadcrumb\",\"itemListElement\":[{\"@type\":\"ListItem\",\"position\":1,\"name\":\"Kezd\u0151lap\"}]},{\"@type\":\"WebSite\",\"@id\":\"https:\/\/liked.hu\/old\/#website\",\"url\":\"https:\/\/liked.hu\/old\/\",\"name\":\"Liked.hu\",\"description\":\"\",\"publisher\":{\"@id\":\"https:\/\/liked.hu\/old\/#organization\"},\"potentialAction\":[{\"@type\":\"SearchAction\",\"target\":{\"@type\":\"EntryPoint\",\"urlTemplate\":\"https:\/\/liked.hu\/old\/?s={search_term_string}\"},\"query-input\":\"required name=search_term_string\"}],\"inLanguage\":\"hu\"},{\"@type\":\"Organization\",\"@id\":\"https:\/\/liked.hu\/old\/#organization\",\"name\":\"Liked.hu\",\"url\":\"https:\/\/liked.hu\/old\/\",\"sameAs\":[\"https:\/\/hu.pinterest.com\/likedhungary\/\",\"https:\/\/www.youtube.com\/channel\/UCPv91dbMoIukYcM9b9nHN6Q\",\"https:\/\/www.facebook.com\/liked.hu\",\"https:\/\/twitter.com\/LikedHu\"],\"logo\":{\"@type\":\"ImageObject\",\"inLanguage\":\"hu\",\"@id\":\"https:\/\/liked.hu\/old\/#\/schema\/logo\/image\/\",\"url\":\"https:\/\/liked.hu\/wp-content\/uploads\/2018\/08\/Liked-icon.png\",\"contentUrl\":\"https:\/\/liked.hu\/wp-content\/uploads\/2018\/08\/Liked-icon.png\",\"width\":512,\"height\":512,\"caption\":\"Liked.hu\"},\"image\":{\"@id\":\"https:\/\/liked.hu\/old\/#\/schema\/logo\/image\/\"}},{\"@type\":\"Person\",\"@id\":\"https:\/\/liked.hu\/old\/#\/schema\/person\/1c8d3f8764991e8dcd6572a7de72da8a\",\"name\":\"Klingstrom\",\"image\":{\"@type\":\"ImageObject\",\"inLanguage\":\"hu\",\"@id\":\"https:\/\/liked.hu\/old\/#\/schema\/person\/image\/\",\"url\":\"https:\/\/liked.hu\/old\/wp-content\/uploads\/avatars\/13\/604de88bd578a-bpfull.jpg\",\"contentUrl\":\"https:\/\/liked.hu\/old\/wp-content\/uploads\/avatars\/13\/604de88bd578a-bpfull.jpg\",\"caption\":\"Klingstrom\"},\"url\":\"https:\/\/liked.hu\/old\/u\/klingstrom\/\"}]}<\/script>\n<!-- \/ Yoast SEO plugin. -->","yoast_head_json":{"title":"16 megr\u00e1z\u00f3 fot\u00f3 a m\u00faltb\u00f3l, amit nem tal\u00e1lunk meg a t\u00f6rt\u00e9nelemk\u00f6nyvekben","description":"A t\u00f6rt\u00e9nelm\u00fcnk tele van izgalmas, \u00e1m nem felt\u00e9tlen\u00fcl sz\u00edvder\u00edt\u0151 esem\u00e9nyekkel. Ett\u0151l f\u00fcggetlen\u00fcl persze ugyan\u00fagy a t\u00f6rt\u00e9nelm\u00fcnk r\u00e9sz\u00e9t k\u00e9pezik, m\u00e9g ha nem","robots":{"index":"index","follow":"follow","max-snippet":"max-snippet:-1","max-image-preview":"max-image-preview:large","max-video-preview":"max-video-preview:-1"},"canonical":"https:\/\/liked.hu\/old\/erdekes\/16-megrazo-foto-amit-nem-talalunk-meg-tortenelemkonyvekben\/","next":"https:\/\/liked.hu\/old\/erdekes\/16-megrazo-foto-amit-nem-talalunk-meg-tortenelemkonyvekben\/2\/","og_locale":"hu_HU","og_type":"article","og_title":"16 megr\u00e1z\u00f3 fot\u00f3 a m\u00faltb\u00f3l, amit nem tal\u00e1lunk meg a t\u00f6rt\u00e9nelemk\u00f6nyvekben","og_description":"A t\u00f6rt\u00e9nelm\u00fcnk tele van izgalmas, \u00e1m nem felt\u00e9tlen\u00fcl sz\u00edvder\u00edt\u0151 esem\u00e9nyekkel. Ett\u0151l f\u00fcggetlen\u00fcl persze ugyan\u00fagy a t\u00f6rt\u00e9nelm\u00fcnk r\u00e9sz\u00e9t k\u00e9pezik, m\u00e9g ha nem","og_url":"https:\/\/liked.hu\/old\/erdekes\/16-megrazo-foto-amit-nem-talalunk-meg-tortenelemkonyvekben\/","og_site_name":"Liked.hu","article_publisher":"https:\/\/www.facebook.com\/liked.hu","article_published_time":"2018-12-24T08:33:42+00:00","article_modified_time":"2022-09-05T16:42:12+00:00","og_image":[{"width":1200,"height":630,"url":"https:\/\/liked.hu\/old\/wp-content\/uploads\/2017\/12\/Megrazo-tortenelmi-fotok.jpg","type":"image\/jpeg"}],"author":"Klingstrom","twitter_card":"summary","twitter_creator":"@LikedHu","twitter_site":"@LikedHu","twitter_misc":{"Szerz\u0151:":"Klingstrom","Becs\u00fclt olvas\u00e1si id\u0151":"1 perc"},"schema":{"@context":"https:\/\/schema.org","@graph":[{"@type":"Article","@id":"https:\/\/liked.hu\/old\/erdekes\/16-megrazo-foto-amit-nem-talalunk-meg-tortenelemkonyvekben\/#article","isPartOf":{"@id":"https:\/\/liked.hu\/old\/erdekes\/16-megrazo-foto-amit-nem-talalunk-meg-tortenelemkonyvekben\/"},"author":{"name":"Klingstrom","@id":"https:\/\/liked.hu\/old\/#\/schema\/person\/1c8d3f8764991e8dcd6572a7de72da8a"},"headline":"16 megr\u00e1z\u00f3 fot\u00f3 a m\u00faltb\u00f3l, amit nem tal\u00e1lunk meg a t\u00f6rt\u00e9nelemk\u00f6nyvekben","datePublished":"2018-12-24T08:33:42+00:00","dateModified":"2022-09-05T16:42:12+00:00","mainEntityOfPage":{"@id":"https:\/\/liked.hu\/old\/erdekes\/16-megrazo-foto-amit-nem-talalunk-meg-tortenelemkonyvekben\/"},"wordCount":125,"commentCount":0,"publisher":{"@id":"https:\/\/liked.hu\/old\/#organization"},"keywords":["fot\u00f3","ismeret","k\u00e9pek","megr\u00e1z\u00f3","t\u00f6rt\u00e9nelem"],"articleSection":["\u00c9rdekess\u00e9gek"],"inLanguage":"hu","potentialAction":[{"@type":"CommentAction","name":"Comment","target":["https:\/\/liked.hu\/old\/erdekes\/16-megrazo-foto-amit-nem-talalunk-meg-tortenelemkonyvekben\/#respond"]}]},{"@type":"WebPage","@id":"https:\/\/liked.hu\/old\/erdekes\/16-megrazo-foto-amit-nem-talalunk-meg-tortenelemkonyvekben\/","url":"https:\/\/liked.hu\/old\/erdekes\/16-megrazo-foto-amit-nem-talalunk-meg-tortenelemkonyvekben\/","name":"16 megr\u00e1z\u00f3 fot\u00f3 a m\u00faltb\u00f3l, amit nem tal\u00e1lunk meg a t\u00f6rt\u00e9nelemk\u00f6nyvekben","isPartOf":{"@id":"https:\/\/liked.hu\/old\/#website"},"datePublished":"2018-12-24T08:33:42+00:00","dateModified":"2022-09-05T16:42:12+00:00","description":"A t\u00f6rt\u00e9nelm\u00fcnk tele van izgalmas, \u00e1m nem felt\u00e9tlen\u00fcl sz\u00edvder\u00edt\u0151 esem\u00e9nyekkel. Ett\u0151l f\u00fcggetlen\u00fcl persze ugyan\u00fagy a t\u00f6rt\u00e9nelm\u00fcnk r\u00e9sz\u00e9t k\u00e9pezik, m\u00e9g ha nem","breadcrumb":{"@id":"https:\/\/liked.hu\/old\/erdekes\/16-megrazo-foto-amit-nem-talalunk-meg-tortenelemkonyvekben\/#breadcrumb"},"inLanguage":"hu","potentialAction":[{"@type":"ReadAction","target":["https:\/\/liked.hu\/old\/erdekes\/16-megrazo-foto-amit-nem-talalunk-meg-tortenelemkonyvekben\/"]}]},{"@type":"BreadcrumbList","@id":"https:\/\/liked.hu\/old\/erdekes\/16-megrazo-foto-amit-nem-talalunk-meg-tortenelemkonyvekben\/#breadcrumb","itemListElement":[{"@type":"ListItem","position":1,"name":"Kezd\u0151lap"}]},{"@type":"WebSite","@id":"https:\/\/liked.hu\/old\/#website","url":"https:\/\/liked.hu\/old\/","name":"Liked.hu","description":"","publisher":{"@id":"https:\/\/liked.hu\/old\/#organization"},"potentialAction":[{"@type":"SearchAction","target":{"@type":"EntryPoint","urlTemplate":"https:\/\/liked.hu\/old\/?s={search_term_string}"},"query-input":"required name=search_term_string"}],"inLanguage":"hu"},{"@type":"Organization","@id":"https:\/\/liked.hu\/old\/#organization","name":"Liked.hu","url":"https:\/\/liked.hu\/old\/","sameAs":["https:\/\/hu.pinterest.com\/likedhungary\/","https:\/\/www.youtube.com\/channel\/UCPv91dbMoIukYcM9b9nHN6Q","https:\/\/www.facebook.com\/liked.hu","https:\/\/twitter.com\/LikedHu"],"logo":{"@type":"ImageObject","inLanguage":"hu","@id":"https:\/\/liked.hu\/old\/#\/schema\/logo\/image\/","url":"https:\/\/liked.hu\/wp-content\/uploads\/2018\/08\/Liked-icon.png","contentUrl":"https:\/\/liked.hu\/wp-content\/uploads\/2018\/08\/Liked-icon.png","width":512,"height":512,"caption":"Liked.hu"},"image":{"@id":"https:\/\/liked.hu\/old\/#\/schema\/logo\/image\/"}},{"@type":"Person","@id":"https:\/\/liked.hu\/old\/#\/schema\/person\/1c8d3f8764991e8dcd6572a7de72da8a","name":"Klingstrom","image":{"@type":"ImageObject","inLanguage":"hu","@id":"https:\/\/liked.hu\/old\/#\/schema\/person\/image\/","url":"https:\/\/liked.hu\/old\/wp-content\/uploads\/avatars\/13\/604de88bd578a-bpfull.jpg","contentUrl":"https:\/\/liked.hu\/old\/wp-content\/uploads\/avatars\/13\/604de88bd578a-bpfull.jpg","caption":"Klingstrom"},"url":"https:\/\/liked.hu\/old\/u\/klingstrom\/"}]}},"publishpress_future_action":{"enabled":false,"date":"1970-01-01 01:00:00","action":"","terms":[],"taxonomy":"","browser_timezone_offset":0},"_links":{"self":[{"href":"https:\/\/liked.hu\/old\/wp-json\/wp\/v2\/posts\/86815"}],"collection":[{"href":"https:\/\/liked.hu\/old\/wp-json\/wp\/v2\/posts"}],"about":[{"href":"https:\/\/liked.hu\/old\/wp-json\/wp\/v2\/types\/post"}],"author":[{"embeddable":true,"href":"https:\/\/liked.hu\/old\/wp-json\/wp\/v2\/users\/13"}],"replies":[{"embeddable":true,"href":"https:\/\/liked.hu\/old\/wp-json\/wp\/v2\/comments?post=86815"}],"version-history":[{"count":0,"href":"https:\/\/liked.hu\/old\/wp-json\/wp\/v2\/posts\/86815\/revisions"}],"wp:featuredmedia":[{"embeddable":true,"href":"https:\/\/liked.hu\/old\/wp-json\/wp\/v2\/media\/122894"}],"wp:attachment":[{"href":"https:\/\/liked.hu\/old\/wp-json\/wp\/v2\/media?parent=86815"}],"wp:term":[{"taxonomy":"category","embeddable":true,"href":"https:\/\/liked.hu\/old\/wp-json\/wp\/v2\/categories?post=86815"},{"taxonomy":"post_tag","embeddable":true,"href":"https:\/\/liked.hu\/old\/wp-json\/wp\/v2\/tags?post=86815"}],"curies":[{"name":"wp","href":"https:\/\/api.w.org\/{rel}","templated":true}]}}