{"id":73086,"date":"2020-01-12T19:05:33","date_gmt":"2020-01-12T17:05:33","guid":{"rendered":"https:\/\/liked.hu\/old\/?p=73086"},"modified":"2022-09-06T13:36:07","modified_gmt":"2022-09-06T11:36:07","slug":"teszteld-le-mennyire-gondolkodsz-logikusan-melyik-vaza-fog-osszetorni-kepen","status":"publish","type":"post","link":"https:\/\/liked.hu\/old\/kviz\/teszteld-le-mennyire-gondolkodsz-logikusan-melyik-vaza-fog-osszetorni-kepen\/","title":{"rendered":"Teszteld le, mennyire gondolkodsz logikusan: melyik v\u00e1za fog \u00f6sszet\u00f6rni a k\u00e9pen?!"},"content":{"rendered":"<p>Az elm\u00falt hetekben fut\u00f3t\u0171zk\u00e9nt terjedt el az interneten a ,,melyik v\u00e1za fog \u00f6sszet\u00f6rni&#8221; n\u00e9vre keresztelt logikai j\u00e1t\u00e9k, mely voltak\u00e9ppen egy prec\u00edzen \u00f6sszerakott fejt\u00f6r\u0151, amin egy leg\u00f6rd\u00fcl\u0151 k\u00f6r-alakzat \u00fatj\u00e1t kell megj\u00f3solni a k\u00e9pen l\u00e1that\u00f3 param\u00e9terek seg\u00edts\u00e9g\u00e9vel, \u00e9s egy\u00fattal kital\u00e1lni, hogy vajon&nbsp;mely v\u00e1z\u00e1kat fogja sz\u00e9tz\u00fazni a legurul\u00e1s\u00e1val.&nbsp;Tedd pr\u00f3b\u00e1ra magad b\u00e1tran, a helyes megfejt\u00e9st pedig a k\u00f6vetkez\u0151 oldalon rejtett\u00fck el sz\u00e1modra&#8230;<\/p>\n\n<div style=\"float:none;margin:0px 0 0px 0;text-align:center;\">\n<div class=\"mobileShowkakettes\"><div class=\"mobileShowka2\"><div style=\"padding-top:0px;padding-bottom:15px;min-height: 300px;\"><div class=\"hirdetes\">HIRDET\u00c9S<\/div>\n<!-- 300lista -->\n<ins class=\"adsbygoogle\"\n     style=\"display:inline-block;width:300px;height:250px\"\n     data-ad-client=\"ca-pub-9424088931673893\"\n     data-ad-slot=\"8471340766\"><\/ins>\n<script async>\n     (adsbygoogle = window.adsbygoogle || []).push({});\n<\/script><\/div><\/div><\/div><\/div>\n\n<p><img loading=\"lazy\" class=\"aligncenter size-full wp-image-73089\" src=\"https:\/\/liked.hu\/old\/wp-content\/uploads\/2017\/06\/VAZA1.png\" alt=\"Melyik v\u00e1za fog \u00f6sszet\u00f6rni\" width=\"650\" height=\"540\" srcset=\"https:\/\/liked.hu\/old\/wp-content\/uploads\/2017\/06\/VAZA1.png 650w, https:\/\/liked.hu\/old\/wp-content\/uploads\/2017\/06\/VAZA1-300x249.png 300w, https:\/\/liked.hu\/old\/wp-content\/uploads\/2017\/06\/VAZA1-545x453.png 545w\" sizes=\"(max-width: 650px) 100vw, 650px\" \/><\/p>\n<p style=\"text-align: center;\"><script type=\"text\/javascript\" src=\"\/\/cdn.playbuzz.com\/widget\/feed.js\"><\/script><\/p>\n<div class=\"pb_feed\" data-embed-by=\"23f4a637-caff-4f4d-b31b-c4fcdffbaa33\" data-item=\"1173d229-0541-4a5c-a19a-b6b77364de5a\" data-recommend=\"false\" data-game-info=\"false\" data-comments=\"false\" data-shares=\"false\" data-version=\"2\"><\/div>\n<p><!--nextpage--><\/p>\n<h2>Megfejt\u00e9s:<\/h2>\n<p style=\"text-align: justify;\">A leg\u00f6rd\u00fcl\u0151 piros alakzat el\u0151sz\u00f6r is elmozd\u00edtja a&nbsp;s\u00e1rga t\u00e1rs\u00e1t tart\u00f3 &#8216;propellert&#8217;, illetve val\u00f3sz\u00edn\u0171leg \u00f6ssze is t\u00f6ri kicsit a D bet\u0171vel jelzett v\u00e1z\u00e1t, majd tov\u00e1bb gurulva elindul az A bet\u0171vel jelzett v\u00e1za fel\u00e9.&nbsp;Azt azonban nem \u00e9ri el, \u00e9ppen ez\u00e9rt a leejt\u0151n gurulva a B bet\u0171vel jelzett v\u00e1z\u00e1t veszi c\u00e9lba, amit meg is semmis\u00edt. Ereje azonban m\u00e1r nem lesz el\u00e9rni a C bet\u0171vel jelzett v\u00e1z\u00e1ig, \u00edgy az A bet\u0171vel jelzett v\u00e1z\u00e1val egy\u00fctt \u00e9pen marad. Mindek\u00f6zben pedig a D jelz\u00e9s\u0171 v\u00e1z\u00e1ra r\u00e1esik a &#8211; kor\u00e1bban &#8211; &#8216;propeller&#8217; tartotta s\u00e1rga alakzat, ezzel tot\u00e1lisan megsemmis\u00edtve a D bet\u0171vel jelzett v\u00e1z\u00e1t!<\/p>\n<p><img loading=\"lazy\" class=\"aligncenter size-full wp-image-73090\" src=\"https:\/\/liked.hu\/old\/wp-content\/uploads\/2017\/06\/VAZA2.png\" alt=\"Melyik v\u00e1za fog \u00f6sszet\u00f6rni\" width=\"650\" height=\"540\" srcset=\"https:\/\/liked.hu\/old\/wp-content\/uploads\/2017\/06\/VAZA2.png 650w, https:\/\/liked.hu\/old\/wp-content\/uploads\/2017\/06\/VAZA2-300x249.png 300w, https:\/\/liked.hu\/old\/wp-content\/uploads\/2017\/06\/VAZA2-545x453.png 545w\" sizes=\"(max-width: 650px) 100vw, 650px\" \/><\/p>\n","protected":false},"excerpt":{"rendered":"<p>Az elm\u00falt hetekben fut\u00f3t\u0171zk\u00e9nt terjedt el az interneten a ,,melyik v\u00e1za fog \u00f6sszet\u00f6rni&#8221; n\u00e9vre keresztelt logikai j\u00e1t\u00e9k, mely voltak\u00e9ppen egy prec\u00edzen \u00f6sszerakott fejt\u00f6r\u0151, amin egy leg\u00f6rd\u00fcl\u0151 k\u00f6r-alakzat \u00fatj\u00e1t kell megj\u00f3solni a k\u00e9pen l\u00e1that\u00f3 param\u00e9terek seg\u00edts\u00e9g\u00e9vel, \u00e9s egy\u00fattal kital\u00e1lni, hogy vajon&nbsp;mely v\u00e1z\u00e1kat fogja sz\u00e9tz\u00fazni a legurul\u00e1s\u00e1val.&nbsp;Tedd pr\u00f3b\u00e1ra magad b\u00e1tran, a helyes megfejt\u00e9st pedig a k\u00f6vetkez\u0151 oldalon [&hellip;]<\/p>\n","protected":false},"author":22,"featured_media":292715,"comment_status":"open","ping_status":"closed","sticky":false,"template":"","format":"standard","meta":{"buzzeditor_post_format":""},"categories":[28,9530],"tags":[647,1236,4060,4762,2596,2643,2773],"yoast_head":"<!-- This site is optimized with the Yoast SEO plugin v19.6.1 - https:\/\/yoast.com\/wordpress\/plugins\/seo\/ -->\n<title>Teszteld le, mennyire gondolkodsz logikusan: melyik v\u00e1za fog \u00f6sszet\u00f6rni a k\u00e9pen?!<\/title>\n<meta name=\"description\" content=\"Az elm\u00falt hetekben fut\u00f3t\u0171zk\u00e9nt terjedt el az interneten a ,,melyik v\u00e1za fog \u00f6sszet\u00f6rni&quot; n\u00e9vre keresztelt logikai j\u00e1t\u00e9k, mely voltak\u00e9ppen egy prec\u00edzen\" \/>\n<meta name=\"robots\" content=\"index, follow, max-snippet:-1, max-image-preview:large, max-video-preview:-1\" \/>\n<link rel=\"canonical\" href=\"https:\/\/liked.hu\/old\/kviz\/teszteld-le-mennyire-gondolkodsz-logikusan-melyik-vaza-fog-osszetorni-kepen\/\" \/>\n<link rel=\"next\" href=\"https:\/\/liked.hu\/old\/kviz\/teszteld-le-mennyire-gondolkodsz-logikusan-melyik-vaza-fog-osszetorni-kepen\/2\/\" \/>\n<meta property=\"og:locale\" content=\"hu_HU\" \/>\n<meta property=\"og:type\" content=\"article\" \/>\n<meta property=\"og:title\" content=\"Teszteld le, mennyire gondolkodsz logikusan: melyik v\u00e1za fog \u00f6sszet\u00f6rni a k\u00e9pen?!\" \/>\n<meta property=\"og:description\" content=\"Az elm\u00falt hetekben fut\u00f3t\u0171zk\u00e9nt terjedt el az interneten a ,,melyik v\u00e1za fog \u00f6sszet\u00f6rni&quot; n\u00e9vre keresztelt logikai j\u00e1t\u00e9k, mely voltak\u00e9ppen egy prec\u00edzen\" \/>\n<meta property=\"og:url\" content=\"https:\/\/liked.hu\/old\/kviz\/teszteld-le-mennyire-gondolkodsz-logikusan-melyik-vaza-fog-osszetorni-kepen\/\" \/>\n<meta property=\"og:site_name\" content=\"Liked.hu\" \/>\n<meta property=\"article:publisher\" content=\"https:\/\/www.facebook.com\/liked.hu\" \/>\n<meta property=\"article:author\" content=\"https:\/\/www.facebook.com\/profile.php?id=100069488029999\" \/>\n<meta property=\"article:published_time\" content=\"2020-01-12T17:05:33+00:00\" \/>\n<meta property=\"article:modified_time\" content=\"2022-09-06T11:36:07+00:00\" \/>\n<meta property=\"og:image\" content=\"https:\/\/liked.hu\/old\/wp-content\/uploads\/2020\/01\/Melyik-vaza-torik-ossze.jpg\" \/>\n\t<meta property=\"og:image:width\" content=\"1200\" \/>\n\t<meta property=\"og:image:height\" content=\"630\" \/>\n\t<meta property=\"og:image:type\" content=\"image\/jpeg\" \/>\n<meta name=\"author\" content=\"1mernok\" \/>\n<meta name=\"twitter:card\" content=\"summary\" \/>\n<meta name=\"twitter:creator\" content=\"@LikedHu\" \/>\n<meta name=\"twitter:site\" content=\"@LikedHu\" \/>\n<meta name=\"twitter:label1\" content=\"Szerz\u0151:\" \/>\n\t<meta name=\"twitter:data1\" content=\"1mernok\" \/>\n\t<meta name=\"twitter:label2\" content=\"Becs\u00fclt olvas\u00e1si id\u0151\" \/>\n\t<meta name=\"twitter:data2\" content=\"2 perc\" \/>\n<script type=\"application\/ld+json\" class=\"yoast-schema-graph\">{\"@context\":\"https:\/\/schema.org\",\"@graph\":[{\"@type\":\"Article\",\"@id\":\"https:\/\/liked.hu\/old\/kviz\/teszteld-le-mennyire-gondolkodsz-logikusan-melyik-vaza-fog-osszetorni-kepen\/#article\",\"isPartOf\":{\"@id\":\"https:\/\/liked.hu\/old\/kviz\/teszteld-le-mennyire-gondolkodsz-logikusan-melyik-vaza-fog-osszetorni-kepen\/\"},\"author\":{\"name\":\"1mernok\",\"@id\":\"https:\/\/liked.hu\/old\/#\/schema\/person\/eb840c492fdb3076d9c2d140cc634ebb\"},\"headline\":\"Teszteld le, mennyire gondolkodsz logikusan: melyik v\u00e1za fog \u00f6sszet\u00f6rni a k\u00e9pen?!\",\"datePublished\":\"2020-01-12T17:05:33+00:00\",\"dateModified\":\"2022-09-06T11:36:07+00:00\",\"mainEntityOfPage\":{\"@id\":\"https:\/\/liked.hu\/old\/kviz\/teszteld-le-mennyire-gondolkodsz-logikusan-melyik-vaza-fog-osszetorni-kepen\/\"},\"wordCount\":263,\"commentCount\":2,\"publisher\":{\"@id\":\"https:\/\/liked.hu\/old\/#organization\"},\"keywords\":[\"\u00e9rdekes\",\"j\u00e1t\u00e9k\",\"logika\",\"logikai j\u00e1t\u00e9k\",\"teszt\",\"t\u00f6r\u00e9s\",\"v\u00e1za\"],\"articleSection\":[\"Kv\u00edzek\",\"\ud83e\udd14 Logikai kv\u00edzek\"],\"inLanguage\":\"hu\",\"potentialAction\":[{\"@type\":\"CommentAction\",\"name\":\"Comment\",\"target\":[\"https:\/\/liked.hu\/old\/kviz\/teszteld-le-mennyire-gondolkodsz-logikusan-melyik-vaza-fog-osszetorni-kepen\/#respond\"]}]},{\"@type\":\"WebPage\",\"@id\":\"https:\/\/liked.hu\/old\/kviz\/teszteld-le-mennyire-gondolkodsz-logikusan-melyik-vaza-fog-osszetorni-kepen\/\",\"url\":\"https:\/\/liked.hu\/old\/kviz\/teszteld-le-mennyire-gondolkodsz-logikusan-melyik-vaza-fog-osszetorni-kepen\/\",\"name\":\"Teszteld le, mennyire gondolkodsz logikusan: melyik v\u00e1za fog \u00f6sszet\u00f6rni a k\u00e9pen?!\",\"isPartOf\":{\"@id\":\"https:\/\/liked.hu\/old\/#website\"},\"datePublished\":\"2020-01-12T17:05:33+00:00\",\"dateModified\":\"2022-09-06T11:36:07+00:00\",\"description\":\"Az elm\u00falt hetekben fut\u00f3t\u0171zk\u00e9nt terjedt el az interneten a ,,melyik v\u00e1za fog \u00f6sszet\u00f6rni\\\" n\u00e9vre keresztelt logikai j\u00e1t\u00e9k, mely voltak\u00e9ppen egy prec\u00edzen\",\"breadcrumb\":{\"@id\":\"https:\/\/liked.hu\/old\/kviz\/teszteld-le-mennyire-gondolkodsz-logikusan-melyik-vaza-fog-osszetorni-kepen\/#breadcrumb\"},\"inLanguage\":\"hu\",\"potentialAction\":[{\"@type\":\"ReadAction\",\"target\":[\"https:\/\/liked.hu\/old\/kviz\/teszteld-le-mennyire-gondolkodsz-logikusan-melyik-vaza-fog-osszetorni-kepen\/\"]}]},{\"@type\":\"BreadcrumbList\",\"@id\":\"https:\/\/liked.hu\/old\/kviz\/teszteld-le-mennyire-gondolkodsz-logikusan-melyik-vaza-fog-osszetorni-kepen\/#breadcrumb\",\"itemListElement\":[{\"@type\":\"ListItem\",\"position\":1,\"name\":\"Kezd\u0151lap\"}]},{\"@type\":\"WebSite\",\"@id\":\"https:\/\/liked.hu\/old\/#website\",\"url\":\"https:\/\/liked.hu\/old\/\",\"name\":\"Liked.hu\",\"description\":\"\",\"publisher\":{\"@id\":\"https:\/\/liked.hu\/old\/#organization\"},\"potentialAction\":[{\"@type\":\"SearchAction\",\"target\":{\"@type\":\"EntryPoint\",\"urlTemplate\":\"https:\/\/liked.hu\/old\/?s={search_term_string}\"},\"query-input\":\"required name=search_term_string\"}],\"inLanguage\":\"hu\"},{\"@type\":\"Organization\",\"@id\":\"https:\/\/liked.hu\/old\/#organization\",\"name\":\"Liked.hu\",\"url\":\"https:\/\/liked.hu\/old\/\",\"sameAs\":[\"https:\/\/hu.pinterest.com\/likedhungary\/\",\"https:\/\/www.youtube.com\/channel\/UCPv91dbMoIukYcM9b9nHN6Q\",\"https:\/\/www.facebook.com\/liked.hu\",\"https:\/\/twitter.com\/LikedHu\"],\"logo\":{\"@type\":\"ImageObject\",\"inLanguage\":\"hu\",\"@id\":\"https:\/\/liked.hu\/old\/#\/schema\/logo\/image\/\",\"url\":\"https:\/\/liked.hu\/wp-content\/uploads\/2018\/08\/Liked-icon.png\",\"contentUrl\":\"https:\/\/liked.hu\/wp-content\/uploads\/2018\/08\/Liked-icon.png\",\"width\":512,\"height\":512,\"caption\":\"Liked.hu\"},\"image\":{\"@id\":\"https:\/\/liked.hu\/old\/#\/schema\/logo\/image\/\"}},{\"@type\":\"Person\",\"@id\":\"https:\/\/liked.hu\/old\/#\/schema\/person\/eb840c492fdb3076d9c2d140cc634ebb\",\"name\":\"1mernok\",\"image\":{\"@type\":\"ImageObject\",\"inLanguage\":\"hu\",\"@id\":\"https:\/\/liked.hu\/old\/#\/schema\/person\/image\/\",\"url\":\"https:\/\/liked.hu\/old\/wp-content\/uploads\/avatars\/22\/604de6ee60df1-bpfull.jpg\",\"contentUrl\":\"https:\/\/liked.hu\/old\/wp-content\/uploads\/avatars\/22\/604de6ee60df1-bpfull.jpg\",\"caption\":\"1mernok\"},\"sameAs\":[\"https:\/\/www.facebook.com\/profile.php?id=100069488029999\"],\"url\":\"https:\/\/liked.hu\/old\/u\/1mernok\/\"}]}<\/script>\n<!-- \/ Yoast SEO plugin. -->","yoast_head_json":{"title":"Teszteld le, mennyire gondolkodsz logikusan: melyik v\u00e1za fog \u00f6sszet\u00f6rni a k\u00e9pen?!","description":"Az elm\u00falt hetekben fut\u00f3t\u0171zk\u00e9nt terjedt el az interneten a ,,melyik v\u00e1za fog \u00f6sszet\u00f6rni\" n\u00e9vre keresztelt logikai j\u00e1t\u00e9k, mely voltak\u00e9ppen egy prec\u00edzen","robots":{"index":"index","follow":"follow","max-snippet":"max-snippet:-1","max-image-preview":"max-image-preview:large","max-video-preview":"max-video-preview:-1"},"canonical":"https:\/\/liked.hu\/old\/kviz\/teszteld-le-mennyire-gondolkodsz-logikusan-melyik-vaza-fog-osszetorni-kepen\/","next":"https:\/\/liked.hu\/old\/kviz\/teszteld-le-mennyire-gondolkodsz-logikusan-melyik-vaza-fog-osszetorni-kepen\/2\/","og_locale":"hu_HU","og_type":"article","og_title":"Teszteld le, mennyire gondolkodsz logikusan: melyik v\u00e1za fog \u00f6sszet\u00f6rni a k\u00e9pen?!","og_description":"Az elm\u00falt hetekben fut\u00f3t\u0171zk\u00e9nt terjedt el az interneten a ,,melyik v\u00e1za fog \u00f6sszet\u00f6rni\" n\u00e9vre keresztelt logikai j\u00e1t\u00e9k, mely voltak\u00e9ppen egy prec\u00edzen","og_url":"https:\/\/liked.hu\/old\/kviz\/teszteld-le-mennyire-gondolkodsz-logikusan-melyik-vaza-fog-osszetorni-kepen\/","og_site_name":"Liked.hu","article_publisher":"https:\/\/www.facebook.com\/liked.hu","article_author":"https:\/\/www.facebook.com\/profile.php?id=100069488029999","article_published_time":"2020-01-12T17:05:33+00:00","article_modified_time":"2022-09-06T11:36:07+00:00","og_image":[{"width":1200,"height":630,"url":"https:\/\/liked.hu\/old\/wp-content\/uploads\/2020\/01\/Melyik-vaza-torik-ossze.jpg","type":"image\/jpeg"}],"author":"1mernok","twitter_card":"summary","twitter_creator":"@LikedHu","twitter_site":"@LikedHu","twitter_misc":{"Szerz\u0151:":"1mernok","Becs\u00fclt olvas\u00e1si id\u0151":"2 perc"},"schema":{"@context":"https:\/\/schema.org","@graph":[{"@type":"Article","@id":"https:\/\/liked.hu\/old\/kviz\/teszteld-le-mennyire-gondolkodsz-logikusan-melyik-vaza-fog-osszetorni-kepen\/#article","isPartOf":{"@id":"https:\/\/liked.hu\/old\/kviz\/teszteld-le-mennyire-gondolkodsz-logikusan-melyik-vaza-fog-osszetorni-kepen\/"},"author":{"name":"1mernok","@id":"https:\/\/liked.hu\/old\/#\/schema\/person\/eb840c492fdb3076d9c2d140cc634ebb"},"headline":"Teszteld le, mennyire gondolkodsz logikusan: melyik v\u00e1za fog \u00f6sszet\u00f6rni a k\u00e9pen?!","datePublished":"2020-01-12T17:05:33+00:00","dateModified":"2022-09-06T11:36:07+00:00","mainEntityOfPage":{"@id":"https:\/\/liked.hu\/old\/kviz\/teszteld-le-mennyire-gondolkodsz-logikusan-melyik-vaza-fog-osszetorni-kepen\/"},"wordCount":263,"commentCount":2,"publisher":{"@id":"https:\/\/liked.hu\/old\/#organization"},"keywords":["\u00e9rdekes","j\u00e1t\u00e9k","logika","logikai j\u00e1t\u00e9k","teszt","t\u00f6r\u00e9s","v\u00e1za"],"articleSection":["Kv\u00edzek","\ud83e\udd14 Logikai kv\u00edzek"],"inLanguage":"hu","potentialAction":[{"@type":"CommentAction","name":"Comment","target":["https:\/\/liked.hu\/old\/kviz\/teszteld-le-mennyire-gondolkodsz-logikusan-melyik-vaza-fog-osszetorni-kepen\/#respond"]}]},{"@type":"WebPage","@id":"https:\/\/liked.hu\/old\/kviz\/teszteld-le-mennyire-gondolkodsz-logikusan-melyik-vaza-fog-osszetorni-kepen\/","url":"https:\/\/liked.hu\/old\/kviz\/teszteld-le-mennyire-gondolkodsz-logikusan-melyik-vaza-fog-osszetorni-kepen\/","name":"Teszteld le, mennyire gondolkodsz logikusan: melyik v\u00e1za fog \u00f6sszet\u00f6rni a k\u00e9pen?!","isPartOf":{"@id":"https:\/\/liked.hu\/old\/#website"},"datePublished":"2020-01-12T17:05:33+00:00","dateModified":"2022-09-06T11:36:07+00:00","description":"Az elm\u00falt hetekben fut\u00f3t\u0171zk\u00e9nt terjedt el az interneten a ,,melyik v\u00e1za fog \u00f6sszet\u00f6rni\" n\u00e9vre keresztelt logikai j\u00e1t\u00e9k, mely voltak\u00e9ppen egy prec\u00edzen","breadcrumb":{"@id":"https:\/\/liked.hu\/old\/kviz\/teszteld-le-mennyire-gondolkodsz-logikusan-melyik-vaza-fog-osszetorni-kepen\/#breadcrumb"},"inLanguage":"hu","potentialAction":[{"@type":"ReadAction","target":["https:\/\/liked.hu\/old\/kviz\/teszteld-le-mennyire-gondolkodsz-logikusan-melyik-vaza-fog-osszetorni-kepen\/"]}]},{"@type":"BreadcrumbList","@id":"https:\/\/liked.hu\/old\/kviz\/teszteld-le-mennyire-gondolkodsz-logikusan-melyik-vaza-fog-osszetorni-kepen\/#breadcrumb","itemListElement":[{"@type":"ListItem","position":1,"name":"Kezd\u0151lap"}]},{"@type":"WebSite","@id":"https:\/\/liked.hu\/old\/#website","url":"https:\/\/liked.hu\/old\/","name":"Liked.hu","description":"","publisher":{"@id":"https:\/\/liked.hu\/old\/#organization"},"potentialAction":[{"@type":"SearchAction","target":{"@type":"EntryPoint","urlTemplate":"https:\/\/liked.hu\/old\/?s={search_term_string}"},"query-input":"required name=search_term_string"}],"inLanguage":"hu"},{"@type":"Organization","@id":"https:\/\/liked.hu\/old\/#organization","name":"Liked.hu","url":"https:\/\/liked.hu\/old\/","sameAs":["https:\/\/hu.pinterest.com\/likedhungary\/","https:\/\/www.youtube.com\/channel\/UCPv91dbMoIukYcM9b9nHN6Q","https:\/\/www.facebook.com\/liked.hu","https:\/\/twitter.com\/LikedHu"],"logo":{"@type":"ImageObject","inLanguage":"hu","@id":"https:\/\/liked.hu\/old\/#\/schema\/logo\/image\/","url":"https:\/\/liked.hu\/wp-content\/uploads\/2018\/08\/Liked-icon.png","contentUrl":"https:\/\/liked.hu\/wp-content\/uploads\/2018\/08\/Liked-icon.png","width":512,"height":512,"caption":"Liked.hu"},"image":{"@id":"https:\/\/liked.hu\/old\/#\/schema\/logo\/image\/"}},{"@type":"Person","@id":"https:\/\/liked.hu\/old\/#\/schema\/person\/eb840c492fdb3076d9c2d140cc634ebb","name":"1mernok","image":{"@type":"ImageObject","inLanguage":"hu","@id":"https:\/\/liked.hu\/old\/#\/schema\/person\/image\/","url":"https:\/\/liked.hu\/old\/wp-content\/uploads\/avatars\/22\/604de6ee60df1-bpfull.jpg","contentUrl":"https:\/\/liked.hu\/old\/wp-content\/uploads\/avatars\/22\/604de6ee60df1-bpfull.jpg","caption":"1mernok"},"sameAs":["https:\/\/www.facebook.com\/profile.php?id=100069488029999"],"url":"https:\/\/liked.hu\/old\/u\/1mernok\/"}]}},"publishpress_future_action":{"enabled":false,"date":"1970-01-01 01:00:00","action":"","terms":[],"taxonomy":"","browser_timezone_offset":0},"_links":{"self":[{"href":"https:\/\/liked.hu\/old\/wp-json\/wp\/v2\/posts\/73086"}],"collection":[{"href":"https:\/\/liked.hu\/old\/wp-json\/wp\/v2\/posts"}],"about":[{"href":"https:\/\/liked.hu\/old\/wp-json\/wp\/v2\/types\/post"}],"author":[{"embeddable":true,"href":"https:\/\/liked.hu\/old\/wp-json\/wp\/v2\/users\/22"}],"replies":[{"embeddable":true,"href":"https:\/\/liked.hu\/old\/wp-json\/wp\/v2\/comments?post=73086"}],"version-history":[{"count":0,"href":"https:\/\/liked.hu\/old\/wp-json\/wp\/v2\/posts\/73086\/revisions"}],"wp:featuredmedia":[{"embeddable":true,"href":"https:\/\/liked.hu\/old\/wp-json\/wp\/v2\/media\/292715"}],"wp:attachment":[{"href":"https:\/\/liked.hu\/old\/wp-json\/wp\/v2\/media?parent=73086"}],"wp:term":[{"taxonomy":"category","embeddable":true,"href":"https:\/\/liked.hu\/old\/wp-json\/wp\/v2\/categories?post=73086"},{"taxonomy":"post_tag","embeddable":true,"href":"https:\/\/liked.hu\/old\/wp-json\/wp\/v2\/tags?post=73086"}],"curies":[{"name":"wp","href":"https:\/\/api.w.org\/{rel}","templated":true}]}}