{"id":44239,"date":"2017-02-01T08:41:11","date_gmt":"2017-02-01T06:41:11","guid":{"rendered":"https:\/\/liked.hu\/old\/?p=44239"},"modified":"2022-09-05T12:17:38","modified_gmt":"2022-09-05T10:17:38","slug":"ugy-gondolod-hogy-jo-vagy-nemzetek-zaszlajaiban-akkor-ezt-tesztet-probald-meg-legyurni","status":"publish","type":"post","link":"https:\/\/liked.hu\/old\/kviz\/ugy-gondolod-hogy-jo-vagy-nemzetek-zaszlajaiban-akkor-ezt-tesztet-probald-meg-legyurni\/","title":{"rendered":"\u00dagy gondolod, hogy j\u00f3 vagy a nemzetek z\u00e1szlajaiban? Akkor ezt a tesztet pr\u00f3b\u00e1ld meg legy\u0171rni!"},"content":{"rendered":"<p>Az orsz\u00e1gok z\u00e1szlajai \u00e1ltal\u00e1ban senkinek sem szoktak probl\u00e9m\u00e1t okozni, hiszen m\u00e1r eg\u00e9sz kicsi korunkban alaposan a fej\u00fcnkbe v\u00e9sik \u0151ket. De mi van, hogyha n\u00e9h\u00e1ny nagyon hasonl\u00f3 orsz\u00e1g z\u00e1szlaja k\u00f6z\u00fcl kell kiv\u00e1lasztanunk, hogy melyik is az\u00e9 az omin\u00f3zus orsz\u00e1g\u00e9, amit mi keres\u00fcnk? \u00cdgy az\u00e9rt m\u00e1ris nem olyan k\u00f6nny\u0171 a feladat&#8230;<\/p>\n\n<div style=\"float:none;margin:0px 0 0px 0;text-align:center;\">\n<div class=\"mobileShowkakettes\"><div class=\"mobileShowka2\"><div style=\"padding-top:0px;padding-bottom:15px;min-height: 300px;\"><div class=\"hirdetes\">HIRDET\u00c9S<\/div>\n<!-- 300lista -->\n<ins class=\"adsbygoogle\"\n     style=\"display:inline-block;width:300px;height:250px\"\n     data-ad-client=\"ca-pub-9424088931673893\"\n     data-ad-slot=\"8471340766\"><\/ins>\n<script async>\n     (adsbygoogle = window.adsbygoogle || []).push({});\n<\/script><\/div><\/div><\/div><\/div>\n\n<p><script type=\"text\/javascript\" src=\"\/\/cdn.playbuzz.com\/widget\/feed.js\"><\/script><\/p>\n<div class=\"pb_feed\" data-embed-by=\"23f4a637-caff-4f4d-b31b-c4fcdffbaa33\" data-item=\"cace30e8-d9ba-4577-af9f-ef65f5f537ef\" data-recommend=\"false\" data-game-info=\"false\" data-comments=\"false\" data-shares=\"false\"><\/div>\n","protected":false},"excerpt":{"rendered":"<p>Az orsz\u00e1gok z\u00e1szlajai \u00e1ltal\u00e1ban senkinek sem szoktak probl\u00e9m\u00e1t okozni, hiszen m\u00e1r eg\u00e9sz kicsi korunkban alaposan a fej\u00fcnkbe v\u00e9sik \u0151ket. De mi van, hogyha n\u00e9h\u00e1ny nagyon hasonl\u00f3 orsz\u00e1g z\u00e1szlaja k\u00f6z\u00fcl kell kiv\u00e1lasztanunk, hogy melyik is az\u00e9 az omin\u00f3zus orsz\u00e1g\u00e9, amit mi keres\u00fcnk? \u00cdgy az\u00e9rt m\u00e1ris nem olyan k\u00f6nny\u0171 a feladat&#8230;<\/p>\n","protected":false},"author":4,"featured_media":291362,"comment_status":"open","ping_status":"open","sticky":false,"template":"","format":"standard","meta":{"buzzeditor_post_format":""},"categories":[28,9525,9531],"tags":[1236,1328,1499,3778,1854,1971,2596,2894],"yoast_head":"<!-- This site is optimized with the Yoast SEO plugin v19.6.1 - https:\/\/yoast.com\/wordpress\/plugins\/seo\/ -->\n<title>\u00dagy gondolod, hogy j\u00f3 vagy a nemzetek z\u00e1szlajaiban? Akkor ezt a tesztet pr\u00f3b\u00e1ld meg legy\u0171rni!<\/title>\n<meta name=\"description\" content=\"Az orsz\u00e1gok z\u00e1szlajai \u00e1ltal\u00e1ban senkinek sem szoktak probl\u00e9m\u00e1t okozni, hiszen m\u00e1r eg\u00e9sz kicsi korunkban alaposan a fej\u00fcnkbe v\u00e9sik \u0151ket. De mi van, hogyha\" \/>\n<meta name=\"robots\" content=\"index, follow, max-snippet:-1, max-image-preview:large, max-video-preview:-1\" \/>\n<link rel=\"canonical\" href=\"https:\/\/liked.hu\/old\/kviz\/ugy-gondolod-hogy-jo-vagy-nemzetek-zaszlajaiban-akkor-ezt-tesztet-probald-meg-legyurni\/\" \/>\n<meta property=\"og:locale\" content=\"hu_HU\" \/>\n<meta property=\"og:type\" content=\"article\" \/>\n<meta property=\"og:title\" content=\"\u00dagy gondolod, hogy j\u00f3 vagy a nemzetek z\u00e1szlajaiban? Akkor ezt a tesztet pr\u00f3b\u00e1ld meg legy\u0171rni!\" \/>\n<meta property=\"og:description\" content=\"Az orsz\u00e1gok z\u00e1szlajai \u00e1ltal\u00e1ban senkinek sem szoktak probl\u00e9m\u00e1t okozni, hiszen m\u00e1r eg\u00e9sz kicsi korunkban alaposan a fej\u00fcnkbe v\u00e9sik \u0151ket. De mi van, hogyha\" \/>\n<meta property=\"og:url\" content=\"https:\/\/liked.hu\/old\/kviz\/ugy-gondolod-hogy-jo-vagy-nemzetek-zaszlajaiban-akkor-ezt-tesztet-probald-meg-legyurni\/\" \/>\n<meta property=\"og:site_name\" content=\"Liked.hu\" \/>\n<meta property=\"article:publisher\" content=\"https:\/\/www.facebook.com\/liked.hu\" \/>\n<meta property=\"article:published_time\" content=\"2017-02-01T06:41:11+00:00\" \/>\n<meta property=\"article:modified_time\" content=\"2022-09-05T10:17:38+00:00\" \/>\n<meta property=\"og:image\" content=\"https:\/\/liked.hu\/old\/wp-content\/uploads\/2017\/02\/Zaszloteszt.jpg\" \/>\n\t<meta property=\"og:image:width\" content=\"1200\" \/>\n\t<meta property=\"og:image:height\" content=\"630\" \/>\n\t<meta property=\"og:image:type\" content=\"image\/jpeg\" \/>\n<meta name=\"author\" content=\"Simbakim\" \/>\n<meta name=\"twitter:card\" content=\"summary\" \/>\n<meta name=\"twitter:creator\" content=\"@LikedHu\" \/>\n<meta name=\"twitter:site\" content=\"@LikedHu\" \/>\n<meta name=\"twitter:label1\" content=\"Szerz\u0151:\" \/>\n\t<meta name=\"twitter:data1\" content=\"Simbakim\" \/>\n<script type=\"application\/ld+json\" class=\"yoast-schema-graph\">{\"@context\":\"https:\/\/schema.org\",\"@graph\":[{\"@type\":\"Article\",\"@id\":\"https:\/\/liked.hu\/old\/kviz\/ugy-gondolod-hogy-jo-vagy-nemzetek-zaszlajaiban-akkor-ezt-tesztet-probald-meg-legyurni\/#article\",\"isPartOf\":{\"@id\":\"https:\/\/liked.hu\/old\/kviz\/ugy-gondolod-hogy-jo-vagy-nemzetek-zaszlajaiban-akkor-ezt-tesztet-probald-meg-legyurni\/\"},\"author\":{\"name\":\"Simbakim\",\"@id\":\"https:\/\/liked.hu\/old\/#\/schema\/person\/e8b79b280dc82c4ac9b973eedc274b75\"},\"headline\":\"\u00dagy gondolod, hogy j\u00f3 vagy a nemzetek z\u00e1szlajaiban? Akkor ezt a tesztet pr\u00f3b\u00e1ld meg legy\u0171rni!\",\"datePublished\":\"2017-02-01T06:41:11+00:00\",\"dateModified\":\"2022-09-05T10:17:38+00:00\",\"mainEntityOfPage\":{\"@id\":\"https:\/\/liked.hu\/old\/kviz\/ugy-gondolod-hogy-jo-vagy-nemzetek-zaszlajaiban-akkor-ezt-tesztet-probald-meg-legyurni\/\"},\"wordCount\":92,\"commentCount\":3,\"publisher\":{\"@id\":\"https:\/\/liked.hu\/old\/#organization\"},\"keywords\":[\"j\u00e1t\u00e9k\",\"k\u00e9rd\u00e9s\",\"kv\u00edz\",\"melyik orsz\u00e1g z\u00e1szlaja\",\"nemzet\",\"orsz\u00e1g\",\"teszt\",\"z\u00e1szl\u00f3\"],\"articleSection\":[\"Kv\u00edzek\",\"\ud83c\udf0d F\u00f6ldrajz kv\u00edzek\",\"\ud83d\udcaf Igaz\/hamis kv\u00edzek\"],\"inLanguage\":\"hu\",\"potentialAction\":[{\"@type\":\"CommentAction\",\"name\":\"Comment\",\"target\":[\"https:\/\/liked.hu\/old\/kviz\/ugy-gondolod-hogy-jo-vagy-nemzetek-zaszlajaiban-akkor-ezt-tesztet-probald-meg-legyurni\/#respond\"]}]},{\"@type\":\"WebPage\",\"@id\":\"https:\/\/liked.hu\/old\/kviz\/ugy-gondolod-hogy-jo-vagy-nemzetek-zaszlajaiban-akkor-ezt-tesztet-probald-meg-legyurni\/\",\"url\":\"https:\/\/liked.hu\/old\/kviz\/ugy-gondolod-hogy-jo-vagy-nemzetek-zaszlajaiban-akkor-ezt-tesztet-probald-meg-legyurni\/\",\"name\":\"\u00dagy gondolod, hogy j\u00f3 vagy a nemzetek z\u00e1szlajaiban? Akkor ezt a tesztet pr\u00f3b\u00e1ld meg legy\u0171rni!\",\"isPartOf\":{\"@id\":\"https:\/\/liked.hu\/old\/#website\"},\"datePublished\":\"2017-02-01T06:41:11+00:00\",\"dateModified\":\"2022-09-05T10:17:38+00:00\",\"description\":\"Az orsz\u00e1gok z\u00e1szlajai \u00e1ltal\u00e1ban senkinek sem szoktak probl\u00e9m\u00e1t okozni, hiszen m\u00e1r eg\u00e9sz kicsi korunkban alaposan a fej\u00fcnkbe v\u00e9sik \u0151ket. De mi van, hogyha\",\"breadcrumb\":{\"@id\":\"https:\/\/liked.hu\/old\/kviz\/ugy-gondolod-hogy-jo-vagy-nemzetek-zaszlajaiban-akkor-ezt-tesztet-probald-meg-legyurni\/#breadcrumb\"},\"inLanguage\":\"hu\",\"potentialAction\":[{\"@type\":\"ReadAction\",\"target\":[\"https:\/\/liked.hu\/old\/kviz\/ugy-gondolod-hogy-jo-vagy-nemzetek-zaszlajaiban-akkor-ezt-tesztet-probald-meg-legyurni\/\"]}]},{\"@type\":\"BreadcrumbList\",\"@id\":\"https:\/\/liked.hu\/old\/kviz\/ugy-gondolod-hogy-jo-vagy-nemzetek-zaszlajaiban-akkor-ezt-tesztet-probald-meg-legyurni\/#breadcrumb\",\"itemListElement\":[{\"@type\":\"ListItem\",\"position\":1,\"name\":\"Kezd\u0151lap\",\"item\":\"https:\/\/liked.hu\/old\/\"},{\"@type\":\"ListItem\",\"position\":2,\"name\":\"\u00dagy gondolod, hogy j\u00f3 vagy a nemzetek z\u00e1szlajaiban? Akkor ezt a tesztet pr\u00f3b\u00e1ld meg legy\u0171rni!\"}]},{\"@type\":\"WebSite\",\"@id\":\"https:\/\/liked.hu\/old\/#website\",\"url\":\"https:\/\/liked.hu\/old\/\",\"name\":\"Liked.hu\",\"description\":\"\",\"publisher\":{\"@id\":\"https:\/\/liked.hu\/old\/#organization\"},\"potentialAction\":[{\"@type\":\"SearchAction\",\"target\":{\"@type\":\"EntryPoint\",\"urlTemplate\":\"https:\/\/liked.hu\/old\/?s={search_term_string}\"},\"query-input\":\"required name=search_term_string\"}],\"inLanguage\":\"hu\"},{\"@type\":\"Organization\",\"@id\":\"https:\/\/liked.hu\/old\/#organization\",\"name\":\"Liked.hu\",\"url\":\"https:\/\/liked.hu\/old\/\",\"sameAs\":[\"https:\/\/hu.pinterest.com\/likedhungary\/\",\"https:\/\/www.youtube.com\/channel\/UCPv91dbMoIukYcM9b9nHN6Q\",\"https:\/\/www.facebook.com\/liked.hu\",\"https:\/\/twitter.com\/LikedHu\"],\"logo\":{\"@type\":\"ImageObject\",\"inLanguage\":\"hu\",\"@id\":\"https:\/\/liked.hu\/old\/#\/schema\/logo\/image\/\",\"url\":\"https:\/\/liked.hu\/wp-content\/uploads\/2018\/08\/Liked-icon.png\",\"contentUrl\":\"https:\/\/liked.hu\/wp-content\/uploads\/2018\/08\/Liked-icon.png\",\"width\":512,\"height\":512,\"caption\":\"Liked.hu\"},\"image\":{\"@id\":\"https:\/\/liked.hu\/old\/#\/schema\/logo\/image\/\"}},{\"@type\":\"Person\",\"@id\":\"https:\/\/liked.hu\/old\/#\/schema\/person\/e8b79b280dc82c4ac9b973eedc274b75\",\"name\":\"Simbakim\",\"image\":{\"@type\":\"ImageObject\",\"inLanguage\":\"hu\",\"@id\":\"https:\/\/liked.hu\/old\/#\/schema\/person\/image\/\",\"url\":\"https:\/\/secure.gravatar.com\/avatar\/?s=96&d=mm&r=pg\",\"contentUrl\":\"https:\/\/secure.gravatar.com\/avatar\/?s=96&d=mm&r=pg\",\"caption\":\"Simbakim\"},\"url\":\"https:\/\/liked.hu\/old\/u\/simbakim\/\"}]}<\/script>\n<!-- \/ Yoast SEO plugin. -->","yoast_head_json":{"title":"\u00dagy gondolod, hogy j\u00f3 vagy a nemzetek z\u00e1szlajaiban? Akkor ezt a tesztet pr\u00f3b\u00e1ld meg legy\u0171rni!","description":"Az orsz\u00e1gok z\u00e1szlajai \u00e1ltal\u00e1ban senkinek sem szoktak probl\u00e9m\u00e1t okozni, hiszen m\u00e1r eg\u00e9sz kicsi korunkban alaposan a fej\u00fcnkbe v\u00e9sik \u0151ket. De mi van, hogyha","robots":{"index":"index","follow":"follow","max-snippet":"max-snippet:-1","max-image-preview":"max-image-preview:large","max-video-preview":"max-video-preview:-1"},"canonical":"https:\/\/liked.hu\/old\/kviz\/ugy-gondolod-hogy-jo-vagy-nemzetek-zaszlajaiban-akkor-ezt-tesztet-probald-meg-legyurni\/","og_locale":"hu_HU","og_type":"article","og_title":"\u00dagy gondolod, hogy j\u00f3 vagy a nemzetek z\u00e1szlajaiban? Akkor ezt a tesztet pr\u00f3b\u00e1ld meg legy\u0171rni!","og_description":"Az orsz\u00e1gok z\u00e1szlajai \u00e1ltal\u00e1ban senkinek sem szoktak probl\u00e9m\u00e1t okozni, hiszen m\u00e1r eg\u00e9sz kicsi korunkban alaposan a fej\u00fcnkbe v\u00e9sik \u0151ket. De mi van, hogyha","og_url":"https:\/\/liked.hu\/old\/kviz\/ugy-gondolod-hogy-jo-vagy-nemzetek-zaszlajaiban-akkor-ezt-tesztet-probald-meg-legyurni\/","og_site_name":"Liked.hu","article_publisher":"https:\/\/www.facebook.com\/liked.hu","article_published_time":"2017-02-01T06:41:11+00:00","article_modified_time":"2022-09-05T10:17:38+00:00","og_image":[{"width":1200,"height":630,"url":"https:\/\/liked.hu\/old\/wp-content\/uploads\/2017\/02\/Zaszloteszt.jpg","type":"image\/jpeg"}],"author":"Simbakim","twitter_card":"summary","twitter_creator":"@LikedHu","twitter_site":"@LikedHu","twitter_misc":{"Szerz\u0151:":"Simbakim"},"schema":{"@context":"https:\/\/schema.org","@graph":[{"@type":"Article","@id":"https:\/\/liked.hu\/old\/kviz\/ugy-gondolod-hogy-jo-vagy-nemzetek-zaszlajaiban-akkor-ezt-tesztet-probald-meg-legyurni\/#article","isPartOf":{"@id":"https:\/\/liked.hu\/old\/kviz\/ugy-gondolod-hogy-jo-vagy-nemzetek-zaszlajaiban-akkor-ezt-tesztet-probald-meg-legyurni\/"},"author":{"name":"Simbakim","@id":"https:\/\/liked.hu\/old\/#\/schema\/person\/e8b79b280dc82c4ac9b973eedc274b75"},"headline":"\u00dagy gondolod, hogy j\u00f3 vagy a nemzetek z\u00e1szlajaiban? Akkor ezt a tesztet pr\u00f3b\u00e1ld meg legy\u0171rni!","datePublished":"2017-02-01T06:41:11+00:00","dateModified":"2022-09-05T10:17:38+00:00","mainEntityOfPage":{"@id":"https:\/\/liked.hu\/old\/kviz\/ugy-gondolod-hogy-jo-vagy-nemzetek-zaszlajaiban-akkor-ezt-tesztet-probald-meg-legyurni\/"},"wordCount":92,"commentCount":3,"publisher":{"@id":"https:\/\/liked.hu\/old\/#organization"},"keywords":["j\u00e1t\u00e9k","k\u00e9rd\u00e9s","kv\u00edz","melyik orsz\u00e1g z\u00e1szlaja","nemzet","orsz\u00e1g","teszt","z\u00e1szl\u00f3"],"articleSection":["Kv\u00edzek","\ud83c\udf0d F\u00f6ldrajz kv\u00edzek","\ud83d\udcaf Igaz\/hamis kv\u00edzek"],"inLanguage":"hu","potentialAction":[{"@type":"CommentAction","name":"Comment","target":["https:\/\/liked.hu\/old\/kviz\/ugy-gondolod-hogy-jo-vagy-nemzetek-zaszlajaiban-akkor-ezt-tesztet-probald-meg-legyurni\/#respond"]}]},{"@type":"WebPage","@id":"https:\/\/liked.hu\/old\/kviz\/ugy-gondolod-hogy-jo-vagy-nemzetek-zaszlajaiban-akkor-ezt-tesztet-probald-meg-legyurni\/","url":"https:\/\/liked.hu\/old\/kviz\/ugy-gondolod-hogy-jo-vagy-nemzetek-zaszlajaiban-akkor-ezt-tesztet-probald-meg-legyurni\/","name":"\u00dagy gondolod, hogy j\u00f3 vagy a nemzetek z\u00e1szlajaiban? Akkor ezt a tesztet pr\u00f3b\u00e1ld meg legy\u0171rni!","isPartOf":{"@id":"https:\/\/liked.hu\/old\/#website"},"datePublished":"2017-02-01T06:41:11+00:00","dateModified":"2022-09-05T10:17:38+00:00","description":"Az orsz\u00e1gok z\u00e1szlajai \u00e1ltal\u00e1ban senkinek sem szoktak probl\u00e9m\u00e1t okozni, hiszen m\u00e1r eg\u00e9sz kicsi korunkban alaposan a fej\u00fcnkbe v\u00e9sik \u0151ket. De mi van, hogyha","breadcrumb":{"@id":"https:\/\/liked.hu\/old\/kviz\/ugy-gondolod-hogy-jo-vagy-nemzetek-zaszlajaiban-akkor-ezt-tesztet-probald-meg-legyurni\/#breadcrumb"},"inLanguage":"hu","potentialAction":[{"@type":"ReadAction","target":["https:\/\/liked.hu\/old\/kviz\/ugy-gondolod-hogy-jo-vagy-nemzetek-zaszlajaiban-akkor-ezt-tesztet-probald-meg-legyurni\/"]}]},{"@type":"BreadcrumbList","@id":"https:\/\/liked.hu\/old\/kviz\/ugy-gondolod-hogy-jo-vagy-nemzetek-zaszlajaiban-akkor-ezt-tesztet-probald-meg-legyurni\/#breadcrumb","itemListElement":[{"@type":"ListItem","position":1,"name":"Kezd\u0151lap","item":"https:\/\/liked.hu\/old\/"},{"@type":"ListItem","position":2,"name":"\u00dagy gondolod, hogy j\u00f3 vagy a nemzetek z\u00e1szlajaiban? Akkor ezt a tesztet pr\u00f3b\u00e1ld meg legy\u0171rni!"}]},{"@type":"WebSite","@id":"https:\/\/liked.hu\/old\/#website","url":"https:\/\/liked.hu\/old\/","name":"Liked.hu","description":"","publisher":{"@id":"https:\/\/liked.hu\/old\/#organization"},"potentialAction":[{"@type":"SearchAction","target":{"@type":"EntryPoint","urlTemplate":"https:\/\/liked.hu\/old\/?s={search_term_string}"},"query-input":"required name=search_term_string"}],"inLanguage":"hu"},{"@type":"Organization","@id":"https:\/\/liked.hu\/old\/#organization","name":"Liked.hu","url":"https:\/\/liked.hu\/old\/","sameAs":["https:\/\/hu.pinterest.com\/likedhungary\/","https:\/\/www.youtube.com\/channel\/UCPv91dbMoIukYcM9b9nHN6Q","https:\/\/www.facebook.com\/liked.hu","https:\/\/twitter.com\/LikedHu"],"logo":{"@type":"ImageObject","inLanguage":"hu","@id":"https:\/\/liked.hu\/old\/#\/schema\/logo\/image\/","url":"https:\/\/liked.hu\/wp-content\/uploads\/2018\/08\/Liked-icon.png","contentUrl":"https:\/\/liked.hu\/wp-content\/uploads\/2018\/08\/Liked-icon.png","width":512,"height":512,"caption":"Liked.hu"},"image":{"@id":"https:\/\/liked.hu\/old\/#\/schema\/logo\/image\/"}},{"@type":"Person","@id":"https:\/\/liked.hu\/old\/#\/schema\/person\/e8b79b280dc82c4ac9b973eedc274b75","name":"Simbakim","image":{"@type":"ImageObject","inLanguage":"hu","@id":"https:\/\/liked.hu\/old\/#\/schema\/person\/image\/","url":"https:\/\/secure.gravatar.com\/avatar\/?s=96&d=mm&r=pg","contentUrl":"https:\/\/secure.gravatar.com\/avatar\/?s=96&d=mm&r=pg","caption":"Simbakim"},"url":"https:\/\/liked.hu\/old\/u\/simbakim\/"}]}},"publishpress_future_action":{"enabled":false,"date":"1970-01-01 01:00:00","action":"","terms":[],"taxonomy":"","browser_timezone_offset":0},"_links":{"self":[{"href":"https:\/\/liked.hu\/old\/wp-json\/wp\/v2\/posts\/44239"}],"collection":[{"href":"https:\/\/liked.hu\/old\/wp-json\/wp\/v2\/posts"}],"about":[{"href":"https:\/\/liked.hu\/old\/wp-json\/wp\/v2\/types\/post"}],"author":[{"embeddable":true,"href":"https:\/\/liked.hu\/old\/wp-json\/wp\/v2\/users\/4"}],"replies":[{"embeddable":true,"href":"https:\/\/liked.hu\/old\/wp-json\/wp\/v2\/comments?post=44239"}],"version-history":[{"count":0,"href":"https:\/\/liked.hu\/old\/wp-json\/wp\/v2\/posts\/44239\/revisions"}],"wp:featuredmedia":[{"embeddable":true,"href":"https:\/\/liked.hu\/old\/wp-json\/wp\/v2\/media\/291362"}],"wp:attachment":[{"href":"https:\/\/liked.hu\/old\/wp-json\/wp\/v2\/media?parent=44239"}],"wp:term":[{"taxonomy":"category","embeddable":true,"href":"https:\/\/liked.hu\/old\/wp-json\/wp\/v2\/categories?post=44239"},{"taxonomy":"post_tag","embeddable":true,"href":"https:\/\/liked.hu\/old\/wp-json\/wp\/v2\/tags?post=44239"}],"curies":[{"name":"wp","href":"https:\/\/api.w.org\/{rel}","templated":true}]}}