{"id":341065,"date":"2024-08-30T14:37:46","date_gmt":"2024-08-30T13:37:46","guid":{"rendered":"https:\/\/liked.hu\/old\/?p=341065"},"modified":"2024-08-30T14:38:05","modified_gmt":"2024-08-30T13:38:05","slug":"19-foto-amely-a-szokatlan-hoseg-varatlan-kovetkezmenyeit-mutatja-be","status":"publish","type":"post","link":"https:\/\/liked.hu\/old\/internetes-dolgok\/19-foto-amely-a-szokatlan-hoseg-varatlan-kovetkezmenyeit-mutatja-be\/","title":{"rendered":"19 fot\u00f3, amely a szokatlan h\u0151s\u00e9g v\u00e1ratlan k\u00f6vetkezm\u00e9nyeit mutatja be"},"content":{"rendered":"\n<p>A h\u0151hull\u00e1m nem csak kellemetlen, de igazi pr\u00f3bat\u00e9tel is egyben mind az ember, mind a term\u00e9szet sz\u00e1m\u00e1ra. Amikor a h\u0151m\u00e9rs\u00e9klet elszabadul, a k\u00f6vetkezm\u00e9nyek v\u00e1ratlanok, s\u0151t, n\u00e9ha eg\u00e9szen bizarrok lehetnek.<\/p>\n\n\n\n\n<div style=\"float:none;margin:0px 0 0px 0;text-align:center;\">\n<div class=\"mobileShowkakettes\"><div class=\"mobileShowka2\"><div style=\"padding-top:0px;padding-bottom:15px;min-height: 300px;\"><div class=\"hirdetes\">HIRDET\u00c9S<\/div>\n<!-- 300lista -->\n<ins class=\"adsbygoogle\"\n     style=\"display:inline-block;width:300px;height:250px\"\n     data-ad-client=\"ca-pub-9424088931673893\"\n     data-ad-slot=\"8471340766\"><\/ins>\n<script async>\n     (adsbygoogle = window.adsbygoogle || []).push({});\n<\/script><\/div><\/div><\/div><\/div>\n\n\n\n\n<p>Ezek a fot\u00f3k megmutatj\u00e1k, hogyan k\u00e9pes az extr\u00e9m h\u0151s\u00e9g a megszokott dolgokat felismerhetetlenn\u00e9 v\u00e1ltoztatni: olvad\u00f3 t\u00e1rgyak, eldeform\u00e1l\u00f3dott alakzatok, \u00e1llatok \u00e9s emberek furcsa viselked\u00e9se. Ezek nem csak egyszer\u0171 fot\u00f3k, hanem val\u00f3di bizony\u00edt\u00e9kok arra, hogy a h\u0151s\u00e9g csod\u00e1kra k\u00e9pes, \u00e9s nem \u00e1rt vigy\u00e1zni a hatalm\u00e1val.<\/p>\n\n\n\n<div class=\"wp-block-buzzeditor-list be-list be-list-type-asc be-list-number-style-none\">\n<div class=\"wp-block-buzzeditor-list-item\"><h3 class=\"be-list-item-title\"><span style=\"color:;background-color:;border-color:\" class=\"be-list-item-number\">1<\/span> <span style=\"color:;background-color:;border-color:\" class=\"be-list-item-text\">A h\u0151s\u00e9g miatt sorba \u00e1lltak a v\u00edz\u00e9rt.<\/span><\/h3>\n<figure class=\"wp-block-image size-full\"><img loading=\"lazy\" width=\"700\" height=\"814\" src=\"https:\/\/liked.hu\/old\/wp-content\/uploads\/2024\/08\/Hoseg-forrosag-fotok-019.webp\" alt=\"H\u0151s\u00e9g forr\u00f3s\u00e1g fot\u00f3k 019\" class=\"wp-image-341085\"\/><\/figure>\n\n\n\n<p>Ez a fot\u00f3 eml\u00e9keztet r\u00e1, hogy milyen fontos a v\u00edz \u00e9s a hidrat\u00e1ci\u00f3 minden \u00e9l\u0151l\u00e9ny sz\u00e1m\u00e1ra.<\/p>\n<\/div>\n\n\n\n<div class=\"wp-block-buzzeditor-list-item\"><h3 class=\"be-list-item-title\"><span style=\"color:;background-color:;border-color:\" class=\"be-list-item-number\">2<\/span> <span style=\"color:;background-color:;border-color:\" class=\"be-list-item-text\">,,Olvad a szand\u00e1lom a melegben.&#8221;<\/span><\/h3>\n<figure class=\"wp-block-image size-full\"><img loading=\"lazy\" width=\"700\" height=\"782\" src=\"https:\/\/liked.hu\/old\/wp-content\/uploads\/2024\/08\/Hoseg-forrosag-fotok-018.webp\" alt=\"H\u0151s\u00e9g forr\u00f3s\u00e1g fot\u00f3k 018\" class=\"wp-image-341084\"\/><\/figure>\n\n\n\n<p>\u00dagy t\u0171nik, hogy a talp min\u0151s\u00e9ge hagy n\u00e9mi k\u00edv\u00e1nnival\u00f3t maga ut\u00e1n.<\/p>\n\n\n\n\n<div style=\"float:none;margin:0px 0 0px 0;text-align:center;\">\n<div class=\"mobileHideke5\"><div style=\"margin-top:25px;\"><div class=\"hirdeteshatter\"><div style=\"display: inline-block;width: 50%;min-width:305px;vertical-align: top;\"><div class=\"hirdetes\">HIRDET\u00c9S<\/div>\n<!-- LikedQ51 -->\n<ins class=\"adsbygoogle\"\n     style=\"display:inline-block;width:300px;height:250px\"\n     data-ad-client=\"ca-pub-9424088931673893\"\n     data-ad-slot=\"8284063326\"><\/ins>\n<script async>\n     (adsbygoogle = window.adsbygoogle || []).push({});\n<\/script><\/div><div style=\"display: inline-block;width: 50%;min-width:305px;vertical-align: top;\"><div class=\"hirdetes\">HIRDET\u00c9S<\/div>\n<!-- LikedQ52 -->\n<ins class=\"adsbygoogle\"\n     style=\"display:inline-block;width:300px;height:250px\"\n     data-ad-client=\"ca-pub-9424088931673893\"\n     data-ad-slot=\"2840164950\"><\/ins>\n<script async>\n     (adsbygoogle = window.adsbygoogle || []).push({});\n<\/script><\/div><\/div><\/div><\/div>\n<div style=\"display:flex;flex-direction:column;\"><div class=\"mobileShowka5\"><div style=\"padding-top:10px;padding-bottom:10px;min-height: 300px;\"><div class=\"hirdetes\">HIRDET\u00c9S<\/div>\n<!-- LikedQ5M -->\n<ins class=\"adsbygoogle\"\n     style=\"display:inline-block;width:300px;height:250px\"\n     data-ad-client=\"ca-pub-9424088931673893\"\n     data-ad-slot=\"9022429928\"><\/ins>\n<script async>\n     (adsbygoogle = window.adsbygoogle || []).push({});\n<\/script><\/div><\/div><\/div><\/div>\n\n<\/div>\n\n\n\n<div class=\"wp-block-buzzeditor-list-item\"><h3 class=\"be-list-item-title\"><span style=\"color:;background-color:;border-color:\" class=\"be-list-item-number\">3<\/span> <span style=\"color:;background-color:;border-color:\" class=\"be-list-item-text\">,,A fiam a napon hagyta a fest\u00e9k\u00e9t, \u00e9s kerek goly\u00f3kk\u00e1 t\u00f6p\u00f6r\u00f6dtek.&#8221;<\/span><\/h3>\n<figure class=\"wp-block-image size-full\"><img loading=\"lazy\" width=\"700\" height=\"933\" src=\"https:\/\/liked.hu\/old\/wp-content\/uploads\/2024\/08\/Hoseg-forrosag-fotok-017.webp\" alt=\"H\u0151s\u00e9g forr\u00f3s\u00e1g fot\u00f3k 017\" class=\"wp-image-341083\"\/><\/figure>\n\n\n\n<p>Csak adjunk hozz\u00e1 egy kis vizet.<\/p>\n<\/div>\n\n\n\n<div class=\"wp-block-buzzeditor-list-item\"><h3 class=\"be-list-item-title\"><span style=\"color:;background-color:;border-color:\" class=\"be-list-item-number\">4<\/span> <span style=\"color:;background-color:;border-color:\" class=\"be-list-item-text\">,,A kertib\u00fatorunkon a h\u0151s\u00e9g miatt spont\u00e1n bet\u00f6rt az \u00fcveg.&#8221;<\/span><\/h3>\n<figure class=\"wp-block-image size-full\"><img loading=\"lazy\" width=\"700\" height=\"732\" src=\"https:\/\/liked.hu\/old\/wp-content\/uploads\/2024\/08\/Hoseg-forrosag-fotok-016.webp\" alt=\"H\u0151s\u00e9g forr\u00f3s\u00e1g fot\u00f3k 016\" class=\"wp-image-341082\"\/><\/figure>\n\n\n\n<p class=\"has-text-align-center\"><em>,,A gyerek egy poh\u00e1r hideg Coca-Col\u00e1t tett az asztalra, amit\u0151l teljesen sz\u00e9trobbant. A gyerek szerencs\u00e9re j\u00f3l van.&#8221;<\/em><\/p>\n<\/div>\n\n\n\n<div class=\"wp-block-buzzeditor-list-item\"><h3 class=\"be-list-item-title\"><span style=\"color:;background-color:;border-color:\" class=\"be-list-item-number\">5<\/span> <span style=\"color:;background-color:;border-color:\" class=\"be-list-item-text\">,,A h\u0151 hat\u00e1s\u00e1ra a visszapillant\u00f3 t\u00fckr\u00f6m sz\u00e9pen lassan cs\u00faszik le a sz\u00e9lv\u00e9d\u0151n.&#8221;<\/span><\/h3>\n<figure class=\"wp-block-image size-full\"><img loading=\"lazy\" width=\"700\" height=\"639\" src=\"https:\/\/liked.hu\/old\/wp-content\/uploads\/2024\/08\/Hoseg-forrosag-fotok-015.webp\" alt=\"H\u0151s\u00e9g forr\u00f3s\u00e1g fot\u00f3k 015\" class=\"wp-image-341081\"\/><\/figure>\n\n\n\n<p>Csak egy k\u00e9rd\u00e9s: mi\u00e9rt van egy\u00e1ltal\u00e1n tapad\u00f3koronggal r\u00f6gz\u00edtve?!<\/p>\n\n\n\n\n<div style=\"float:none;margin:0px 0 0px 0;text-align:center;\">\n<div class=\"mobileHideke8\"><div style=\"margin-top:25px;\"><div class=\"hirdeteshatter\"><div style=\"display: inline-block;width: 50%;min-width:340px;vertical-align: top;\"><div class=\"hirdetes\">HIRDET\u00c9S<\/div>\n<!-- Liked7Q1 -->\n<ins class=\"adsbygoogle\"\n     style=\"display:inline-block;width:336px;height:280px\"\n     data-ad-client=\"ca-pub-9424088931673893\"\n     data-ad-slot=\"3022062587\"><\/ins>\n<script async>\n     (adsbygoogle = window.adsbygoogle || []).push({});\n<\/script><\/div><div style=\"display: inline-block;width: 50%;min-width:340px;vertical-align: top;\"><div class=\"hirdetes\">HIRDET\u00c9S<\/div>\n<!-- Liked7Q2 -->\n<ins class=\"adsbygoogle\"\n     style=\"display:inline-block;width:336px;height:280px\"\n     data-ad-client=\"ca-pub-9424088931673893\"\n     data-ad-slot=\"3952000871\"><\/ins>\n<script async>\n     (adsbygoogle = window.adsbygoogle || []).push({});\n<\/script><\/div><\/div><\/div><\/div>\n<div style=\"display:flex;flex-direction:column;\"><div class=\"mobileShowka8\"><div style=\"padding-top:15px;margin-bottom:15px;min-height: 300px;\"><div class=\"hirdetes\">HIRDET\u00c9S<\/div>\n<!-- Liked7QMobil -->\n<ins class=\"adsbygoogle\"\n     style=\"display:inline-block;width:336px;height:280px\"\n     data-ad-client=\"ca-pub-9424088931673893\"\n     data-ad-slot=\"5073510857\"><\/ins>\n<script async>\n     (adsbygoogle = window.adsbygoogle || []).push({});\n<\/script><\/div><\/div><\/div><\/div>\n\n<\/div>\n\n\n\n<div class=\"wp-block-buzzeditor-list-item\"><h3 class=\"be-list-item-title\"><span style=\"color:;background-color:;border-color:\" class=\"be-list-item-number\">6<\/span> <span style=\"color:;background-color:;border-color:\" class=\"be-list-item-text\">,,Ezt csin\u00e1lta ma a h\u0151s\u00e9g az aut\u00f3ban hagyott tollaimmal.&#8221;<\/span><\/h3>\n<figure class=\"wp-block-image size-full\"><img loading=\"lazy\" width=\"700\" height=\"522\" src=\"https:\/\/liked.hu\/old\/wp-content\/uploads\/2024\/08\/Hoseg-forrosag-fotok-014.webp\" alt=\"H\u0151s\u00e9g forr\u00f3s\u00e1g fot\u00f3k 014\" class=\"wp-image-341080\"\/><\/figure>\n\n\n\n<p>Vil\u00e1gosan mutatja, hogy mennyire vesz\u00e9lyesen felforr\u00f3sodnak az aut\u00f3k a napon, \u00e9s hogy mi\u00e9rt nem szabad benn\u00fck \u00e1llatot vagy gyereket hagyni m\u00e9g n\u00e9h\u00e1ny percre sem.<\/p>\n<\/div>\n\n\n\n<div class=\"wp-block-buzzeditor-list-item\"><h3 class=\"be-list-item-title\"><span style=\"color:;background-color:;border-color:\" class=\"be-list-item-number\">7<\/span> <span style=\"color:;background-color:;border-color:\" class=\"be-list-item-text\">,,A Nap a tet\u0151ablakon kereszt\u00fcl k\u00f6zvetlen\u00fcl a lemezlej\u00e1tsz\u00f3mra s\u00fct\u00f6tt.&#8221;<\/span><\/h3>\n<figure class=\"wp-block-image size-full\"><img loading=\"lazy\" width=\"700\" height=\"844\" src=\"https:\/\/liked.hu\/old\/wp-content\/uploads\/2024\/08\/Hoseg-forrosag-fotok-013.webp\" alt=\"H\u0151s\u00e9g forr\u00f3s\u00e1g fot\u00f3k 013\" class=\"wp-image-341079\"\/><\/figure>\n\n\n\n<p>Csak olvaszd meg kicsit \u00e9s k\u00e9sz\u00edts bel\u0151le cukork\u00e1s t\u00e1lat! Ez m\u00e1r \u00fagysem fog t\u00f6bbet zen\u00e9lni.<\/p>\n<\/div>\n\n\n\n<div class=\"wp-block-buzzeditor-list-item\"><h3 class=\"be-list-item-title\"><span style=\"color:;background-color:;border-color:\" class=\"be-list-item-number\">8<\/span> <span style=\"color:;background-color:;border-color:\" class=\"be-list-item-text\">,,Ma l\u00e1ttam ezt a sr\u00e1cot egy ventil\u00e1toros kab\u00e1tban a 36 fokos h\u0151s\u00e9gben Toki\u00f3ban.&#8221;<\/span><\/h3>\n<figure class=\"wp-block-image size-full\"><img loading=\"lazy\" width=\"700\" height=\"838\" src=\"https:\/\/liked.hu\/old\/wp-content\/uploads\/2024\/08\/Hoseg-forrosag-fotok-012.webp\" alt=\"H\u0151s\u00e9g forr\u00f3s\u00e1g fot\u00f3k 012\" class=\"wp-image-341078\"\/><\/figure>\n\n\n\n<p>Nagyon kipr\u00f3b\u00e1ln\u00e1nk, hogy milyen \u00e9rz\u00e9s lehet.<\/p>\n\n\n\n\n<div style=\"float:none;margin:0px 0 0px 0;text-align:center;\">\n<div class=\"mobileHideke8\"><div class=\"hirdeteshatter\"><div style=\"display: inline-block;width: 50%;min-width:340px;vertical-align: top;\"><div class=\"hirdetes\">HIRDET\u00c9S<\/div>\n<!-- LikedQ81 -->\n<ins class=\"adsbygoogle\"\n     style=\"display:inline-block;width:336px;height:280px\"\n     data-ad-client=\"ca-pub-9424088931673893\"\n     data-ad-slot=\"2436840276\"><\/ins>\n<script async>\n     (adsbygoogle = window.adsbygoogle || []).push({});\n<\/script><\/div><div style=\"display: inline-block;width: 50%;min-width:340px;vertical-align: top;\"><div class=\"hirdetes\">HIRDET\u00c9S<\/div>\n<!-- LikedQ82 -->\n<ins class=\"adsbygoogle\"\n     style=\"display:inline-block;width:336px;height:280px\"\n     data-ad-client=\"ca-pub-9424088931673893\"\n     data-ad-slot=\"3558350253\"><\/ins>\n<script async>\n     (adsbygoogle = window.adsbygoogle || []).push({});\n<\/script><\/div><\/div><\/div>\n<div style=\"display:flex;flex-direction:column;\"><div class=\"mobileShowka8 nyolc\"><div style=\"padding-top:15px;padding-bottom:5px;min-height: 300px;\"><div class=\"hirdetes\">HIRDET\u00c9S<\/div>\n<!-- LikedQ8M -->\n<ins class=\"adsbygoogle\"\n     style=\"display:inline-block;width:336px;height:280px\"\n     data-ad-client=\"ca-pub-9424088931673893\"\n     data-ad-slot=\"4679860235\"><\/ins>\n<script async>\n     (adsbygoogle = window.adsbygoogle || []).push({});\n<\/script><\/div><\/div><\/div><\/div>\n\n<\/div>\n\n\n\n<div class=\"wp-block-buzzeditor-list-item\"><h3 class=\"be-list-item-title\"><span style=\"color:;background-color:;border-color:\" class=\"be-list-item-number\">9<\/span> <span style=\"color:;background-color:;border-color:\" class=\"be-list-item-text\">,,N\u00e9ha, ha er\u0151s a h\u0151s\u00e9g, a kukorica megfert\u0151z\u0151dhet egy gomb\u00e1val, amely a szemek kit\u00e1gul\u00e1s\u00e1t, \u00e9s a golyv\u00e1s\u00fcsz\u00f6g megjelen\u00e9s\u00e9t okozhatja.&#8221; &#8211; Ez \u00e1ll\u00edt\u00f3lag egy nagyon finom \u00ednyencs\u00e9g.<\/span><\/h3>\n<figure class=\"wp-block-image size-full\"><img loading=\"lazy\" width=\"700\" height=\"742\" src=\"https:\/\/liked.hu\/old\/wp-content\/uploads\/2024\/08\/Hoseg-forrosag-fotok-011.webp\" alt=\"H\u0151s\u00e9g forr\u00f3s\u00e1g fot\u00f3k 011\" class=\"wp-image-341077\"\/><\/figure>\n\n\n\n<p>\u00c1ltal\u00e1ban quesadill\u00e1hoz \u00e9s m\u00e1s tortilla alap\u00fa \u00e9telekhez, valamint levesekhez adj\u00e1k.<\/p>\n<\/div>\n\n\n\n<div class=\"wp-block-buzzeditor-list-item\"><h3 class=\"be-list-item-title\"><span style=\"color:;background-color:;border-color:\" class=\"be-list-item-number\">10<\/span> <span style=\"color:;background-color:;border-color:\" class=\"be-list-item-text\">,,Eg\u00e9sz nap a teheraut\u00f3mban hagytam ezt az \u00fcveg \u00fcd\u00edt\u0151t.&#8221;<\/span><\/h3>\n<figure class=\"wp-block-image size-full\"><img loading=\"lazy\" width=\"700\" height=\"750\" src=\"https:\/\/liked.hu\/old\/wp-content\/uploads\/2024\/08\/Hoseg-forrosag-fotok-010.webp\" alt=\"H\u0151s\u00e9g forr\u00f3s\u00e1g fot\u00f3k 010\" class=\"wp-image-341076\"\/><\/figure>\n\n\n\n<p>Nagyon hasonl\u00edt egy udvarias, sapk\u00e1s \u00fariemberhez.<\/p>\n<\/div>\n\n\n\n<!--nextpage-->\n\n\n\n<div class=\"wp-block-buzzeditor-list-item\"><h3 class=\"be-list-item-title\"><span style=\"color:;background-color:;border-color:\" class=\"be-list-item-number\">11<\/span> <span style=\"color:;background-color:;border-color:\" class=\"be-list-item-text\">K\u00e1nikul\u00e1ban\u00a0felejtett gyerty\u00e1k.<\/span><\/h3>\n<figure class=\"wp-block-image size-full\"><img loading=\"lazy\" width=\"700\" height=\"525\" src=\"https:\/\/liked.hu\/old\/wp-content\/uploads\/2024\/08\/Hoseg-forrosag-fotok-009.webp\" alt=\"H\u0151s\u00e9g forr\u00f3s\u00e1g fot\u00f3k 009\" class=\"wp-image-341075\"\/><\/figure>\n\n\n\n<p>Most lenne \u00e9rdemes meggy\u00fajtani \u0151ket, \u00e9s megn\u00e9zni, hogyan \u00e9s milyen gyorsan \u00e9gnek.<\/p>\n<\/div>\n\n\n\n<div class=\"wp-block-buzzeditor-list-item\"><h3 class=\"be-list-item-title\"><span style=\"color:;background-color:;border-color:\" class=\"be-list-item-number\">12<\/span> <span style=\"color:;background-color:;border-color:\" class=\"be-list-item-text\">,,Egy \u00fcvegnyi r\u00e1g\u00f3tablett\u00e1m megolvadt a szekr\u00e9nyben. Most m\u00e1r nem lehet \u0151ket sz\u00e9tv\u00e1lasztani.&#8221;<\/span><\/h3>\n<figure class=\"wp-block-image size-full\"><img loading=\"lazy\" width=\"700\" height=\"722\" src=\"https:\/\/liked.hu\/old\/wp-content\/uploads\/2024\/08\/Hoseg-forrosag-fotok-008.webp\" alt=\"H\u0151s\u00e9g forr\u00f3s\u00e1g fot\u00f3k 008\" class=\"wp-image-341074\"\/><\/figure>\n\n\n\n<p class=\"has-text-align-center\"><em>,,A feles\u00e9gem k\u00e9ts\u00e9gbeesetten pr\u00f3b\u00e1lja megmenteni \u0151ket, de nagyon \u00f6sszen\u0151ttek.&#8221;<\/em><\/p>\n<\/div>\n\n\n\n<div class=\"wp-block-buzzeditor-list-item\"><h3 class=\"be-list-item-title\"><span style=\"color:;background-color:;border-color:\" class=\"be-list-item-number\">13<\/span> <span style=\"color:;background-color:;border-color:\" class=\"be-list-item-text\">,,A h\u0151s\u00e9g miatt ma elolvadtak a rol\u00f3ink.&#8221;<\/span><\/h3>\n<figure class=\"wp-block-image size-full\"><img loading=\"lazy\" width=\"700\" height=\"984\" src=\"https:\/\/liked.hu\/old\/wp-content\/uploads\/2024\/08\/Hoseg-forrosag-fotok-007.webp\" alt=\"H\u0151s\u00e9g forr\u00f3s\u00e1g fot\u00f3k 007\" class=\"wp-image-341073\"\/><\/figure>\n\n\n\n<p class=\"has-text-align-center\"><em>,,Arizon\u00e1ban \u00e9l\u00fcnk, \u00e9s ma 47,2 fok volt.&#8221;<\/em><\/p>\n\n\n\n\n<div style=\"float:none;margin:0px 0 0px 0;text-align:center;\">\n<div class=\"mobileHideke5\"><div style=\"margin-top:25px;\"><div class=\"hirdeteshatter\"><div style=\"display: inline-block;width: 50%;min-width:305px;vertical-align: top;\"><div class=\"hirdetes\">HIRDET\u00c9S<\/div>\n<!-- LikedQ51 -->\n<ins class=\"adsbygoogle\"\n     style=\"display:inline-block;width:300px;height:250px\"\n     data-ad-client=\"ca-pub-9424088931673893\"\n     data-ad-slot=\"8284063326\"><\/ins>\n<script async>\n     (adsbygoogle = window.adsbygoogle || []).push({});\n<\/script><\/div><div style=\"display: inline-block;width: 50%;min-width:305px;vertical-align: top;\"><div class=\"hirdetes\">HIRDET\u00c9S<\/div>\n<!-- LikedQ52 -->\n<ins class=\"adsbygoogle\"\n     style=\"display:inline-block;width:300px;height:250px\"\n     data-ad-client=\"ca-pub-9424088931673893\"\n     data-ad-slot=\"2840164950\"><\/ins>\n<script async>\n     (adsbygoogle = window.adsbygoogle || []).push({});\n<\/script><\/div><\/div><\/div><\/div>\n<div style=\"display:flex;flex-direction:column;\"><div class=\"mobileShowka5\"><div style=\"padding-top:10px;padding-bottom:10px;min-height: 300px;\"><div class=\"hirdetes\">HIRDET\u00c9S<\/div>\n<!-- LikedQ5M -->\n<ins class=\"adsbygoogle\"\n     style=\"display:inline-block;width:300px;height:250px\"\n     data-ad-client=\"ca-pub-9424088931673893\"\n     data-ad-slot=\"9022429928\"><\/ins>\n<script async>\n     (adsbygoogle = window.adsbygoogle || []).push({});\n<\/script><\/div><\/div><\/div><\/div>\n\n<\/div>\n\n\n\n<div class=\"wp-block-buzzeditor-list-item\"><h3 class=\"be-list-item-title\"><span style=\"color:;background-color:;border-color:\" class=\"be-list-item-number\">14<\/span> <span style=\"color:;background-color:;border-color:\" class=\"be-list-item-text\">,,Tal\u00e1n ez a Lincoln viaszszobor nem volt a legjobb \u00f6tlet a ny\u00e1ri meleg els\u0151 het\u00e9ben Washingtonban.&#8221;<\/span><\/h3>\n<figure class=\"wp-block-image size-full\"><img loading=\"lazy\" width=\"700\" height=\"933\" src=\"https:\/\/liked.hu\/old\/wp-content\/uploads\/2024\/08\/Hoseg-forrosag-fotok-006.webp\" alt=\"H\u0151s\u00e9g forr\u00f3s\u00e1g fot\u00f3k 006\" class=\"wp-image-341072\"\/><\/figure>\n\n\n\n<p>Vagy csak pihenni akart \ud83d\ude42<\/p>\n<\/div>\n\n\n\n<div class=\"wp-block-buzzeditor-list-item\"><h3 class=\"be-list-item-title\"><span style=\"color:;background-color:;border-color:\" class=\"be-list-item-number\">15<\/span> <span style=\"color:;background-color:;border-color:\" class=\"be-list-item-text\">,,Nagyon forr\u00f3 nap volt ma Finnorsz\u00e1gban. Nem csak az embereknek volt sz\u00fcks\u00e9g\u00fck egy kis h\u0171s\u00f6re a tengerparton.&#8221;<\/span><\/h3>\n<figure class=\"wp-block-image size-full\"><img loading=\"lazy\" width=\"700\" height=\"525\" src=\"https:\/\/liked.hu\/old\/wp-content\/uploads\/2024\/08\/Hoseg-forrosag-fotok-005.webp\" alt=\"H\u0151s\u00e9g forr\u00f3s\u00e1g fot\u00f3k 005\" class=\"wp-image-341071\"\/><\/figure>\n\n\n\n<p class=\"has-text-align-center\"><em>,,Ezek a r\u00e9nszarvasok, a karibu h\u00e1zias\u00edtott v\u00e1ltozatai, amelyek \u00c9szak-Amerik\u00e1ban \u0151shonosak. Szabadon barangolnak \u00c9szak-Finnorsz\u00e1g legt\u00f6bb ter\u00fclet\u00e9n.&#8221;<\/em><\/p>\n<\/div>\n\n\n\n<div class=\"wp-block-buzzeditor-list-item\"><h3 class=\"be-list-item-title\"><span style=\"color:;background-color:;border-color:\" class=\"be-list-item-number\">16<\/span> <span style=\"color:;background-color:;border-color:\" class=\"be-list-item-text\">,,A gumi vitaminjaim a h\u0151 hat\u00e1s\u00e1ra megolvadtak sz\u00e1ll\u00edt\u00e1s k\u00f6zben, \u00e9s nem lehet visszak\u00fcldeni.&#8221;<\/span><\/h3>\n<figure class=\"wp-block-image size-full\"><img loading=\"lazy\" width=\"700\" height=\"823\" src=\"https:\/\/liked.hu\/old\/wp-content\/uploads\/2024\/08\/Hoseg-forrosag-fotok-004.webp\" alt=\"H\u0151s\u00e9g forr\u00f3s\u00e1g fot\u00f3k 004\" class=\"wp-image-341070\"\/><\/figure>\n\n\n\n<p class=\"has-text-align-center\"><em>,,Azt hiszem, fogok egy k\u00e9st, \u00e9s minden nap lev\u00e1gok bel\u0151le egy kicsit.&#8221;<\/em><\/p>\n\n\n\n\n<div style=\"float:none;margin:0px 0 0px 0;text-align:center;\">\n<div class=\"mobileHideke8\"><div class=\"hirdeteshatter\"><div style=\"display: inline-block;width: 50%;min-width:340px;vertical-align: top;\"><div class=\"hirdetes\">HIRDET\u00c9S<\/div>\n<!-- LikedQ81 -->\n<ins class=\"adsbygoogle\"\n     style=\"display:inline-block;width:336px;height:280px\"\n     data-ad-client=\"ca-pub-9424088931673893\"\n     data-ad-slot=\"2436840276\"><\/ins>\n<script async>\n     (adsbygoogle = window.adsbygoogle || []).push({});\n<\/script><\/div><div style=\"display: inline-block;width: 50%;min-width:340px;vertical-align: top;\"><div class=\"hirdetes\">HIRDET\u00c9S<\/div>\n<!-- LikedQ82 -->\n<ins class=\"adsbygoogle\"\n     style=\"display:inline-block;width:336px;height:280px\"\n     data-ad-client=\"ca-pub-9424088931673893\"\n     data-ad-slot=\"3558350253\"><\/ins>\n<script async>\n     (adsbygoogle = window.adsbygoogle || []).push({});\n<\/script><\/div><\/div><\/div>\n<div style=\"display:flex;flex-direction:column;\"><div class=\"mobileShowka8 nyolc\"><div style=\"padding-top:15px;padding-bottom:5px;min-height: 300px;\"><div class=\"hirdetes\">HIRDET\u00c9S<\/div>\n<!-- LikedQ8M -->\n<ins class=\"adsbygoogle\"\n     style=\"display:inline-block;width:336px;height:280px\"\n     data-ad-client=\"ca-pub-9424088931673893\"\n     data-ad-slot=\"4679860235\"><\/ins>\n<script async>\n     (adsbygoogle = window.adsbygoogle || []).push({});\n<\/script><\/div><\/div><\/div><\/div>\n\n<\/div>\n\n\n\n<div class=\"wp-block-buzzeditor-list-item\"><h3 class=\"be-list-item-title\"><span style=\"color:;background-color:;border-color:\" class=\"be-list-item-number\">17<\/span> <span style=\"color:;background-color:;border-color:\" class=\"be-list-item-text\">,,Az aut\u00f3ban felejtettem a hitelk\u00e1rty\u00e1mat, \u00e9s megolvadt.&#8221;<\/span><\/h3>\n<figure class=\"wp-block-image size-full\"><img loading=\"lazy\" width=\"700\" height=\"736\" src=\"https:\/\/liked.hu\/old\/wp-content\/uploads\/2024\/08\/Hoseg-forrosag-fotok-003.webp\" alt=\"H\u0151s\u00e9g forr\u00f3s\u00e1g fot\u00f3k 003\" class=\"wp-image-341069\"\/><\/figure>\n\n\n\n<p class=\"has-text-align-center\"><em>,,Meglep\u0151 m\u00f3don \u00e9rint\u00e9s n\u00e9lk\u00fcli fizet\u00e9shez tudtam haszn\u00e1lni addig, am\u00edg meg\u00e9rkezett az \u00faj k\u00e1rtya.&#8221;<\/em><\/p>\n<\/div>\n\n\n\n<div class=\"wp-block-buzzeditor-list-item\"><h3 class=\"be-list-item-title\"><span style=\"color:;background-color:;border-color:\" class=\"be-list-item-number\">18<\/span> <span style=\"color:;background-color:;border-color:\" class=\"be-list-item-text\">Valaki nagyon rosszul v\u00e1lasztott anyagot a felj\u00e1r\u00f3hoz.<\/span><\/h3>\n<figure class=\"wp-block-image size-full\"><img loading=\"lazy\" width=\"700\" height=\"699\" src=\"https:\/\/liked.hu\/old\/wp-content\/uploads\/2024\/08\/Hoseg-forrosag-fotok-002.webp\" alt=\"H\u0151s\u00e9g forr\u00f3s\u00e1g fot\u00f3k 002\" class=\"wp-image-341068\"\/><\/figure>\n\n\n\n<p>Nem biztons\u00e1gos, de j\u00f3l n\u00e9z ki. Kicsit olyan most, mint Dali Elfoly\u00f3 id\u0151 c\u00edm\u0171 festm\u00e9nye.<\/p>\n<\/div>\n\n\n\n<div class=\"wp-block-buzzeditor-list-item\"><h3 class=\"be-list-item-title\"><span style=\"color:;background-color:;border-color:\" class=\"be-list-item-number\">19<\/span> <span style=\"color:;background-color:;border-color:\" class=\"be-list-item-text\">,,Ma t\u00fal meleg van kint, ez\u00e9rt \u00fagy d\u00f6nt\u00f6tt\u00fcnk, hogy bevissz\u00fck a medenc\u00e9t a h\u00e1zba a gyerekeknek.&#8221;<\/span><\/h3>\n<figure class=\"wp-block-image size-full\"><img loading=\"lazy\" width=\"700\" height=\"779\" src=\"https:\/\/liked.hu\/old\/wp-content\/uploads\/2024\/08\/Hoseg-forrosag-fotok-001.webp\" alt=\"H\u0151s\u00e9g forr\u00f3s\u00e1g fot\u00f3k 001\" class=\"wp-image-341067\"\/><\/figure>\n\n\n\n<p>Nagyon okos \u00f6tletnek t\u0171nik, \u00e9s nyilv\u00e1n semmi baj nem lehet bel\u0151le. \ud83d\ude43<\/p>\n<\/div>\n<\/div>\n\n\n\n<p><\/p>\n","protected":false},"excerpt":{"rendered":"<p>Nem csak minket, embereket visel meg a h\u0151s\u00e9g. \u2600\ufe0f<\/p>\n","protected":false},"author":1,"featured_media":341066,"comment_status":"open","ping_status":"closed","sticky":false,"template":"","format":"standard","meta":{"buzzeditor_post_format":""},"categories":[9578],"tags":[4749,1111,1151,1889],"yoast_head":"<!-- This site is optimized with the Yoast SEO plugin v19.6.1 - https:\/\/yoast.com\/wordpress\/plugins\/seo\/ -->\n<title>19 fot\u00f3, amely a szokatlan h\u0151s\u00e9g v\u00e1ratlan k\u00f6vetkezm\u00e9nyeit mutatja be<\/title>\n<meta name=\"description\" content=\"Nem csak minket, embereket visel meg a h\u0151s\u00e9g. \u2600\ufe0f\" \/>\n<meta name=\"robots\" content=\"index, follow, max-snippet:-1, max-image-preview:large, max-video-preview:-1\" \/>\n<link rel=\"canonical\" href=\"https:\/\/liked.hu\/old\/internetes-dolgok\/19-foto-amely-a-szokatlan-hoseg-varatlan-kovetkezmenyeit-mutatja-be\/\" \/>\n<link rel=\"next\" href=\"https:\/\/liked.hu\/old\/internetes-dolgok\/19-foto-amely-a-szokatlan-hoseg-varatlan-kovetkezmenyeit-mutatja-be\/2\/\" \/>\n<meta property=\"og:locale\" content=\"hu_HU\" \/>\n<meta property=\"og:type\" content=\"article\" \/>\n<meta property=\"og:title\" content=\"19 fot\u00f3, amely a szokatlan h\u0151s\u00e9g v\u00e1ratlan k\u00f6vetkezm\u00e9nyeit mutatja be\" \/>\n<meta property=\"og:description\" content=\"Nem csak minket, embereket visel meg a h\u0151s\u00e9g. \u2600\ufe0f\" \/>\n<meta property=\"og:url\" content=\"https:\/\/liked.hu\/old\/internetes-dolgok\/19-foto-amely-a-szokatlan-hoseg-varatlan-kovetkezmenyeit-mutatja-be\/\" \/>\n<meta property=\"og:site_name\" content=\"Liked.hu\" \/>\n<meta property=\"article:publisher\" content=\"https:\/\/www.facebook.com\/liked.hu\" \/>\n<meta property=\"article:author\" content=\"https:\/\/facebook.com\/liked.hu\" \/>\n<meta property=\"article:published_time\" content=\"2024-08-30T13:37:46+00:00\" \/>\n<meta property=\"article:modified_time\" content=\"2024-08-30T13:38:05+00:00\" \/>\n<meta property=\"og:image\" content=\"https:\/\/liked.hu\/old\/wp-content\/uploads\/2024\/08\/Forro-fotok-eredmenye.jpg\" \/>\n\t<meta property=\"og:image:width\" content=\"1200\" \/>\n\t<meta property=\"og:image:height\" content=\"630\" \/>\n\t<meta property=\"og:image:type\" content=\"image\/jpeg\" \/>\n<meta name=\"author\" content=\"VictorN.\" \/>\n<meta name=\"twitter:card\" content=\"summary\" \/>\n<meta name=\"twitter:creator\" content=\"@https:\/\/twitter.com\/likedhu\" \/>\n<meta name=\"twitter:site\" content=\"@LikedHu\" \/>\n<meta name=\"twitter:label1\" content=\"Szerz\u0151:\" \/>\n\t<meta name=\"twitter:data1\" content=\"VictorN.\" \/>\n\t<meta name=\"twitter:label2\" content=\"Becs\u00fclt olvas\u00e1si id\u0151\" \/>\n\t<meta name=\"twitter:data2\" content=\"4 perc\" \/>\n<script type=\"application\/ld+json\" class=\"yoast-schema-graph\">{\"@context\":\"https:\/\/schema.org\",\"@graph\":[{\"@type\":\"Article\",\"@id\":\"https:\/\/liked.hu\/old\/internetes-dolgok\/19-foto-amely-a-szokatlan-hoseg-varatlan-kovetkezmenyeit-mutatja-be\/#article\",\"isPartOf\":{\"@id\":\"https:\/\/liked.hu\/old\/internetes-dolgok\/19-foto-amely-a-szokatlan-hoseg-varatlan-kovetkezmenyeit-mutatja-be\/\"},\"author\":{\"name\":\"VictorN.\",\"@id\":\"https:\/\/liked.hu\/old\/#\/schema\/person\/02fa522b959d0531c9c34b0d531a7464\"},\"headline\":\"19 fot\u00f3, amely a szokatlan h\u0151s\u00e9g v\u00e1ratlan k\u00f6vetkezm\u00e9nyeit mutatja be\",\"datePublished\":\"2024-08-30T13:37:46+00:00\",\"dateModified\":\"2024-08-30T13:38:05+00:00\",\"mainEntityOfPage\":{\"@id\":\"https:\/\/liked.hu\/old\/internetes-dolgok\/19-foto-amely-a-szokatlan-hoseg-varatlan-kovetkezmenyeit-mutatja-be\/\"},\"wordCount\":762,\"commentCount\":0,\"publisher\":{\"@id\":\"https:\/\/liked.hu\/old\/#organization\"},\"keywords\":[\"forr\u00f3s\u00e1g\",\"h\u0151s\u00e9g\",\"id\u0151j\u00e1r\u00e1s\",\"ny\u00e1r\"],\"articleSection\":[\"Interneten tal\u00e1lt dolgok\"],\"inLanguage\":\"hu\",\"potentialAction\":[{\"@type\":\"CommentAction\",\"name\":\"Comment\",\"target\":[\"https:\/\/liked.hu\/old\/internetes-dolgok\/19-foto-amely-a-szokatlan-hoseg-varatlan-kovetkezmenyeit-mutatja-be\/#respond\"]}]},{\"@type\":\"WebPage\",\"@id\":\"https:\/\/liked.hu\/old\/internetes-dolgok\/19-foto-amely-a-szokatlan-hoseg-varatlan-kovetkezmenyeit-mutatja-be\/\",\"url\":\"https:\/\/liked.hu\/old\/internetes-dolgok\/19-foto-amely-a-szokatlan-hoseg-varatlan-kovetkezmenyeit-mutatja-be\/\",\"name\":\"19 fot\u00f3, amely a szokatlan h\u0151s\u00e9g v\u00e1ratlan k\u00f6vetkezm\u00e9nyeit mutatja be\",\"isPartOf\":{\"@id\":\"https:\/\/liked.hu\/old\/#website\"},\"datePublished\":\"2024-08-30T13:37:46+00:00\",\"dateModified\":\"2024-08-30T13:38:05+00:00\",\"description\":\"Nem csak minket, embereket visel meg a h\u0151s\u00e9g. \u2600\ufe0f\",\"breadcrumb\":{\"@id\":\"https:\/\/liked.hu\/old\/internetes-dolgok\/19-foto-amely-a-szokatlan-hoseg-varatlan-kovetkezmenyeit-mutatja-be\/#breadcrumb\"},\"inLanguage\":\"hu\",\"potentialAction\":[{\"@type\":\"ReadAction\",\"target\":[\"https:\/\/liked.hu\/old\/internetes-dolgok\/19-foto-amely-a-szokatlan-hoseg-varatlan-kovetkezmenyeit-mutatja-be\/\"]}]},{\"@type\":\"BreadcrumbList\",\"@id\":\"https:\/\/liked.hu\/old\/internetes-dolgok\/19-foto-amely-a-szokatlan-hoseg-varatlan-kovetkezmenyeit-mutatja-be\/#breadcrumb\",\"itemListElement\":[{\"@type\":\"ListItem\",\"position\":1,\"name\":\"Kezd\u0151lap\"}]},{\"@type\":\"WebSite\",\"@id\":\"https:\/\/liked.hu\/old\/#website\",\"url\":\"https:\/\/liked.hu\/old\/\",\"name\":\"Liked.hu\",\"description\":\"\",\"publisher\":{\"@id\":\"https:\/\/liked.hu\/old\/#organization\"},\"potentialAction\":[{\"@type\":\"SearchAction\",\"target\":{\"@type\":\"EntryPoint\",\"urlTemplate\":\"https:\/\/liked.hu\/old\/?s={search_term_string}\"},\"query-input\":\"required name=search_term_string\"}],\"inLanguage\":\"hu\"},{\"@type\":\"Organization\",\"@id\":\"https:\/\/liked.hu\/old\/#organization\",\"name\":\"Liked.hu\",\"url\":\"https:\/\/liked.hu\/old\/\",\"sameAs\":[\"https:\/\/hu.pinterest.com\/likedhungary\/\",\"https:\/\/www.youtube.com\/channel\/UCPv91dbMoIukYcM9b9nHN6Q\",\"https:\/\/www.facebook.com\/liked.hu\",\"https:\/\/twitter.com\/LikedHu\"],\"logo\":{\"@type\":\"ImageObject\",\"inLanguage\":\"hu\",\"@id\":\"https:\/\/liked.hu\/old\/#\/schema\/logo\/image\/\",\"url\":\"https:\/\/liked.hu\/wp-content\/uploads\/2018\/08\/Liked-icon.png\",\"contentUrl\":\"https:\/\/liked.hu\/wp-content\/uploads\/2018\/08\/Liked-icon.png\",\"width\":512,\"height\":512,\"caption\":\"Liked.hu\"},\"image\":{\"@id\":\"https:\/\/liked.hu\/old\/#\/schema\/logo\/image\/\"}},{\"@type\":\"Person\",\"@id\":\"https:\/\/liked.hu\/old\/#\/schema\/person\/02fa522b959d0531c9c34b0d531a7464\",\"name\":\"VictorN.\",\"image\":{\"@type\":\"ImageObject\",\"inLanguage\":\"hu\",\"@id\":\"https:\/\/liked.hu\/old\/#\/schema\/person\/image\/\",\"url\":\"https:\/\/liked.hu\/old\/wp-content\/uploads\/avatars\/1\/1683660043-bpfull.jpg\",\"contentUrl\":\"https:\/\/liked.hu\/old\/wp-content\/uploads\/avatars\/1\/1683660043-bpfull.jpg\",\"caption\":\"VictorN.\"},\"description\":\"A Liked.hu szerkeszt\u0151je vagyok, m\u00e1r az id\u0151k kezdete \u00f3ta. Szabadid\u0151mben Jedi lovag \u00e9s Pok\u00e9mester. Puszilom \u00e9desany\u00e1mat.\",\"sameAs\":[\"https:\/\/liked.hu\",\"https:\/\/facebook.com\/liked.hu\",\"https:\/\/www.instagram.com\/likedhu\/\",\"https:\/\/pinterest.com\/likedhu\",\"https:\/\/twitter.com\/https:\/\/twitter.com\/likedhu\",\"https:\/\/www.youtube.com\/channel\/UCPv91dbMoIukYcM9b9nHN6Q\"],\"url\":\"https:\/\/liked.hu\/old\/u\/victorn\/\"}]}<\/script>\n<!-- \/ Yoast SEO plugin. -->","yoast_head_json":{"title":"19 fot\u00f3, amely a szokatlan h\u0151s\u00e9g v\u00e1ratlan k\u00f6vetkezm\u00e9nyeit mutatja be","description":"Nem csak minket, embereket visel meg a h\u0151s\u00e9g. \u2600\ufe0f","robots":{"index":"index","follow":"follow","max-snippet":"max-snippet:-1","max-image-preview":"max-image-preview:large","max-video-preview":"max-video-preview:-1"},"canonical":"https:\/\/liked.hu\/old\/internetes-dolgok\/19-foto-amely-a-szokatlan-hoseg-varatlan-kovetkezmenyeit-mutatja-be\/","next":"https:\/\/liked.hu\/old\/internetes-dolgok\/19-foto-amely-a-szokatlan-hoseg-varatlan-kovetkezmenyeit-mutatja-be\/2\/","og_locale":"hu_HU","og_type":"article","og_title":"19 fot\u00f3, amely a szokatlan h\u0151s\u00e9g v\u00e1ratlan k\u00f6vetkezm\u00e9nyeit mutatja be","og_description":"Nem csak minket, embereket visel meg a h\u0151s\u00e9g. \u2600\ufe0f","og_url":"https:\/\/liked.hu\/old\/internetes-dolgok\/19-foto-amely-a-szokatlan-hoseg-varatlan-kovetkezmenyeit-mutatja-be\/","og_site_name":"Liked.hu","article_publisher":"https:\/\/www.facebook.com\/liked.hu","article_author":"https:\/\/facebook.com\/liked.hu","article_published_time":"2024-08-30T13:37:46+00:00","article_modified_time":"2024-08-30T13:38:05+00:00","og_image":[{"width":1200,"height":630,"url":"https:\/\/liked.hu\/old\/wp-content\/uploads\/2024\/08\/Forro-fotok-eredmenye.jpg","type":"image\/jpeg"}],"author":"VictorN.","twitter_card":"summary","twitter_creator":"@https:\/\/twitter.com\/likedhu","twitter_site":"@LikedHu","twitter_misc":{"Szerz\u0151:":"VictorN.","Becs\u00fclt olvas\u00e1si id\u0151":"4 perc"},"schema":{"@context":"https:\/\/schema.org","@graph":[{"@type":"Article","@id":"https:\/\/liked.hu\/old\/internetes-dolgok\/19-foto-amely-a-szokatlan-hoseg-varatlan-kovetkezmenyeit-mutatja-be\/#article","isPartOf":{"@id":"https:\/\/liked.hu\/old\/internetes-dolgok\/19-foto-amely-a-szokatlan-hoseg-varatlan-kovetkezmenyeit-mutatja-be\/"},"author":{"name":"VictorN.","@id":"https:\/\/liked.hu\/old\/#\/schema\/person\/02fa522b959d0531c9c34b0d531a7464"},"headline":"19 fot\u00f3, amely a szokatlan h\u0151s\u00e9g v\u00e1ratlan k\u00f6vetkezm\u00e9nyeit mutatja be","datePublished":"2024-08-30T13:37:46+00:00","dateModified":"2024-08-30T13:38:05+00:00","mainEntityOfPage":{"@id":"https:\/\/liked.hu\/old\/internetes-dolgok\/19-foto-amely-a-szokatlan-hoseg-varatlan-kovetkezmenyeit-mutatja-be\/"},"wordCount":762,"commentCount":0,"publisher":{"@id":"https:\/\/liked.hu\/old\/#organization"},"keywords":["forr\u00f3s\u00e1g","h\u0151s\u00e9g","id\u0151j\u00e1r\u00e1s","ny\u00e1r"],"articleSection":["Interneten tal\u00e1lt dolgok"],"inLanguage":"hu","potentialAction":[{"@type":"CommentAction","name":"Comment","target":["https:\/\/liked.hu\/old\/internetes-dolgok\/19-foto-amely-a-szokatlan-hoseg-varatlan-kovetkezmenyeit-mutatja-be\/#respond"]}]},{"@type":"WebPage","@id":"https:\/\/liked.hu\/old\/internetes-dolgok\/19-foto-amely-a-szokatlan-hoseg-varatlan-kovetkezmenyeit-mutatja-be\/","url":"https:\/\/liked.hu\/old\/internetes-dolgok\/19-foto-amely-a-szokatlan-hoseg-varatlan-kovetkezmenyeit-mutatja-be\/","name":"19 fot\u00f3, amely a szokatlan h\u0151s\u00e9g v\u00e1ratlan k\u00f6vetkezm\u00e9nyeit mutatja be","isPartOf":{"@id":"https:\/\/liked.hu\/old\/#website"},"datePublished":"2024-08-30T13:37:46+00:00","dateModified":"2024-08-30T13:38:05+00:00","description":"Nem csak minket, embereket visel meg a h\u0151s\u00e9g. \u2600\ufe0f","breadcrumb":{"@id":"https:\/\/liked.hu\/old\/internetes-dolgok\/19-foto-amely-a-szokatlan-hoseg-varatlan-kovetkezmenyeit-mutatja-be\/#breadcrumb"},"inLanguage":"hu","potentialAction":[{"@type":"ReadAction","target":["https:\/\/liked.hu\/old\/internetes-dolgok\/19-foto-amely-a-szokatlan-hoseg-varatlan-kovetkezmenyeit-mutatja-be\/"]}]},{"@type":"BreadcrumbList","@id":"https:\/\/liked.hu\/old\/internetes-dolgok\/19-foto-amely-a-szokatlan-hoseg-varatlan-kovetkezmenyeit-mutatja-be\/#breadcrumb","itemListElement":[{"@type":"ListItem","position":1,"name":"Kezd\u0151lap"}]},{"@type":"WebSite","@id":"https:\/\/liked.hu\/old\/#website","url":"https:\/\/liked.hu\/old\/","name":"Liked.hu","description":"","publisher":{"@id":"https:\/\/liked.hu\/old\/#organization"},"potentialAction":[{"@type":"SearchAction","target":{"@type":"EntryPoint","urlTemplate":"https:\/\/liked.hu\/old\/?s={search_term_string}"},"query-input":"required name=search_term_string"}],"inLanguage":"hu"},{"@type":"Organization","@id":"https:\/\/liked.hu\/old\/#organization","name":"Liked.hu","url":"https:\/\/liked.hu\/old\/","sameAs":["https:\/\/hu.pinterest.com\/likedhungary\/","https:\/\/www.youtube.com\/channel\/UCPv91dbMoIukYcM9b9nHN6Q","https:\/\/www.facebook.com\/liked.hu","https:\/\/twitter.com\/LikedHu"],"logo":{"@type":"ImageObject","inLanguage":"hu","@id":"https:\/\/liked.hu\/old\/#\/schema\/logo\/image\/","url":"https:\/\/liked.hu\/wp-content\/uploads\/2018\/08\/Liked-icon.png","contentUrl":"https:\/\/liked.hu\/wp-content\/uploads\/2018\/08\/Liked-icon.png","width":512,"height":512,"caption":"Liked.hu"},"image":{"@id":"https:\/\/liked.hu\/old\/#\/schema\/logo\/image\/"}},{"@type":"Person","@id":"https:\/\/liked.hu\/old\/#\/schema\/person\/02fa522b959d0531c9c34b0d531a7464","name":"VictorN.","image":{"@type":"ImageObject","inLanguage":"hu","@id":"https:\/\/liked.hu\/old\/#\/schema\/person\/image\/","url":"https:\/\/liked.hu\/old\/wp-content\/uploads\/avatars\/1\/1683660043-bpfull.jpg","contentUrl":"https:\/\/liked.hu\/old\/wp-content\/uploads\/avatars\/1\/1683660043-bpfull.jpg","caption":"VictorN."},"description":"A Liked.hu szerkeszt\u0151je vagyok, m\u00e1r az id\u0151k kezdete \u00f3ta. Szabadid\u0151mben Jedi lovag \u00e9s Pok\u00e9mester. Puszilom \u00e9desany\u00e1mat.","sameAs":["https:\/\/liked.hu","https:\/\/facebook.com\/liked.hu","https:\/\/www.instagram.com\/likedhu\/","https:\/\/pinterest.com\/likedhu","https:\/\/twitter.com\/https:\/\/twitter.com\/likedhu","https:\/\/www.youtube.com\/channel\/UCPv91dbMoIukYcM9b9nHN6Q"],"url":"https:\/\/liked.hu\/old\/u\/victorn\/"}]}},"publishpress_future_action":{"enabled":false,"date":"1970-01-01 01:00:00","action":"","terms":[],"taxonomy":"","browser_timezone_offset":0},"_links":{"self":[{"href":"https:\/\/liked.hu\/old\/wp-json\/wp\/v2\/posts\/341065"}],"collection":[{"href":"https:\/\/liked.hu\/old\/wp-json\/wp\/v2\/posts"}],"about":[{"href":"https:\/\/liked.hu\/old\/wp-json\/wp\/v2\/types\/post"}],"author":[{"embeddable":true,"href":"https:\/\/liked.hu\/old\/wp-json\/wp\/v2\/users\/1"}],"replies":[{"embeddable":true,"href":"https:\/\/liked.hu\/old\/wp-json\/wp\/v2\/comments?post=341065"}],"version-history":[{"count":1,"href":"https:\/\/liked.hu\/old\/wp-json\/wp\/v2\/posts\/341065\/revisions"}],"predecessor-version":[{"id":341086,"href":"https:\/\/liked.hu\/old\/wp-json\/wp\/v2\/posts\/341065\/revisions\/341086"}],"wp:featuredmedia":[{"embeddable":true,"href":"https:\/\/liked.hu\/old\/wp-json\/wp\/v2\/media\/341066"}],"wp:attachment":[{"href":"https:\/\/liked.hu\/old\/wp-json\/wp\/v2\/media?parent=341065"}],"wp:term":[{"taxonomy":"category","embeddable":true,"href":"https:\/\/liked.hu\/old\/wp-json\/wp\/v2\/categories?post=341065"},{"taxonomy":"post_tag","embeddable":true,"href":"https:\/\/liked.hu\/old\/wp-json\/wp\/v2\/tags?post=341065"}],"curies":[{"name":"wp","href":"https:\/\/api.w.org\/{rel}","templated":true}]}}