{"id":340932,"date":"2024-08-29T15:44:30","date_gmt":"2024-08-29T14:44:30","guid":{"rendered":"https:\/\/liked.hu\/old\/?p=340932"},"modified":"2024-08-29T15:44:37","modified_gmt":"2024-08-29T14:44:37","slug":"8-nepszeru-dolog-aminek-a-valodi-jelenteset-csak-kevesen-ismerik","status":"publish","type":"post","link":"https:\/\/liked.hu\/old\/egyeb\/8-nepszeru-dolog-aminek-a-valodi-jelenteset-csak-kevesen-ismerik\/","title":{"rendered":"8 n\u00e9pszer\u0171 dolog, aminek a val\u00f3di jelent\u00e9s\u00e9t csak kevesen ismerik"},"content":{"rendered":"\n<p>Manaps\u00e1g az emberek a vil\u00e1g nagy r\u00e9sz\u00e9n szabadon viselhetnek b\u00e1rmilyen ruh\u00e1t \u00e9s frizur\u00e1t, festhetik a k\u00f6rm\u00fcket, \u00e9s olyan tetov\u00e1l\u00e1sokat k\u00e9sz\u00edttethetnek, amilyeneket csak akarnak. R\u00e9gen azonban az \u0151seink mindezeknek a dolgoknak k\u00fcl\u00f6nleges jelent\u00e9st tulajdon\u00edtottak, gyakran teljesen ellent\u00e9teset a ma haszn\u00e1latosakkal.<\/p>\n\n\n\n\n<div style=\"float:none;margin:0px 0 0px 0;text-align:center;\">\n<div class=\"mobileShowkakettes\"><div class=\"mobileShowka2\"><div style=\"padding-top:0px;padding-bottom:15px;min-height: 300px;\"><div class=\"hirdetes\">HIRDET\u00c9S<\/div>\n<!-- 300lista -->\n<ins class=\"adsbygoogle\"\n     style=\"display:inline-block;width:300px;height:250px\"\n     data-ad-client=\"ca-pub-9424088931673893\"\n     data-ad-slot=\"8471340766\"><\/ins>\n<script async>\n     (adsbygoogle = window.adsbygoogle || []).push({});\n<\/script><\/div><\/div><\/div><\/div>\n\n\n\n\n<p>Vegy\u00fck p\u00e9ld\u00e1ul a piros r\u00fazst \u00e9s a divatos cs\u00edkos mint\u00e1t: mind\u00f6ssze n\u00e9h\u00e1ny \u00e9vsz\u00e1zaddal ezel\u0151tt ezek bizonyos t\u00e1rsadalmi st\u00e1tusz\u00fa n\u0151ket jel\u00f6ltek. \u00c1ttanulm\u00e1nyoztunk n\u00e9h\u00e1ny k\u00f6nyvet \u00e9s tudom\u00e1nyos cikket ebben a t\u00e9m\u00e1ban, \u00e9s most szeretn\u00e9nk megosztani veled a felfedez\u00e9seinket.<\/p>\n\n\n\n<h4>8. A f\u00e9rfi vagy n\u0151i undercut frizura r\u00e9gen a szent bossz\u00fat jelentette<\/h4>\n\n\n\n<figure class=\"wp-block-image size-full\"><img loading=\"lazy\" width=\"728\" height=\"436\" src=\"https:\/\/liked.hu\/old\/wp-content\/uploads\/2024\/08\/Dolgok-jelentese-008.webp\" alt=\"Dolgok jelent\u00e9se 008\" class=\"wp-image-340940\"\/><\/figure>\n\n\n\n<p>Valamikor r\u00e9gen a Marquesas-szigetek (Polin\u00e9zia) lak\u00f3i teljesen leborotv\u00e1lt\u00e1k a fej\u00fcket, csak a fej\u00fck tetej\u00e9n hagytak egy hossz\u00fa tincset, amelyet gyakran csom\u00f3ba k\u00f6t\u00f6ttek. Ezt a frizur\u00e1t csak akkor viselt\u00e9k, amikor \u00fcnnep\u00e9lyes esk\u00fct tettek, p\u00e9ld\u00e1ul hogy megbosszulj\u00e1k egy szeretett szem\u00e9ly hal\u00e1l\u00e1t. A hajukat addig nem v\u00e1gt\u00e1k le, am\u00edg az \u00edg\u00e9retet be nem v\u00e1ltott\u00e1k.<\/p>\n\n\n\n<h4>7. T\u00f6bb ezer \u00e9vvel ezel\u0151tt \u0151seink tetov\u00e1l\u00e1sokkal kezelt\u00e9k a betegs\u00e9geket<\/h4>\n\n\n\n<figure class=\"wp-block-image size-full\"><img loading=\"lazy\" width=\"728\" height=\"463\" src=\"https:\/\/liked.hu\/old\/wp-content\/uploads\/2024\/08\/Dolgok-jelentese-007.webp\" alt=\"Dolgok jelent\u00e9se 007\" class=\"wp-image-340939\"\/><\/figure>\n\n\n\n<p>1991-ben a tud\u00f3sok felfedeztek egy t\u00f6bb mint 5000 \u00e9ves m\u00fami\u00e1t, \u00e9s \u00d6tzinek nevezt\u00e9k el. Ez a vil\u00e1g legr\u00e9gebbi m\u00fami\u00e1ja. \u00d6tzi genetikai elemz\u00e9se kimutatta, hogy ez a szeg\u00e9ny fick\u00f3 az \u00e9let\u00e9ben rengeteg betegs\u00e9gt\u0151l szenvedett, az \u00edz\u00fcleti gyullad\u00e1st\u00f3l a gyomorfek\u00e9lyig. Emellett kider\u00fclt, hogy az eg\u00e9sz test\u00e9t tetov\u00e1l\u00e1sok bor\u00edtott\u00e1k &#8211; 61 tetov\u00e1l\u00e1st tal\u00e1ltak rajta \u00f6sszesen.<\/p>\n\n\n\n<p>A tud\u00f3sok elemezt\u00e9k a tetov\u00e1lt helyeket, \u00e9s arra a k\u00f6vetkeztet\u00e9sre jutottak, hogy a tetov\u00e1l\u00e1sokat nem m\u0171v\u00e9szi, hanem orvosi c\u00e9llal k\u00e9sz\u00edtett\u00e9k, mivel a rajzok kiz\u00e1r\u00f3lag a betegs\u00e9geknek kitett helyeken helyezkedtek el. Elmondhatjuk teh\u00e1t, hogy valamikor r\u00e9gen egyfajta tetov\u00e1l\u00e1s-akupunkt\u00fara l\u00e9tezhetett a m\u00faltban.<\/p>\n\n\n\n\n<div style=\"float:none;margin:0px 0 0px 0;text-align:center;\">\n<div class=\"mobileHideke5\"><div style=\"margin-top:25px;\"><div class=\"hirdeteshatter\"><div style=\"display: inline-block;width: 50%;min-width:305px;vertical-align: top;\"><div class=\"hirdetes\">HIRDET\u00c9S<\/div>\n<!-- LikedQ51 -->\n<ins class=\"adsbygoogle\"\n     style=\"display:inline-block;width:300px;height:250px\"\n     data-ad-client=\"ca-pub-9424088931673893\"\n     data-ad-slot=\"8284063326\"><\/ins>\n<script async>\n     (adsbygoogle = window.adsbygoogle || []).push({});\n<\/script><\/div><div style=\"display: inline-block;width: 50%;min-width:305px;vertical-align: top;\"><div class=\"hirdetes\">HIRDET\u00c9S<\/div>\n<!-- LikedQ52 -->\n<ins class=\"adsbygoogle\"\n     style=\"display:inline-block;width:300px;height:250px\"\n     data-ad-client=\"ca-pub-9424088931673893\"\n     data-ad-slot=\"2840164950\"><\/ins>\n<script async>\n     (adsbygoogle = window.adsbygoogle || []).push({});\n<\/script><\/div><\/div><\/div><\/div>\n<div style=\"display:flex;flex-direction:column;\"><div class=\"mobileShowka5\"><div style=\"padding-top:10px;padding-bottom:10px;min-height: 300px;\"><div class=\"hirdetes\">HIRDET\u00c9S<\/div>\n<!-- LikedQ5M -->\n<ins class=\"adsbygoogle\"\n     style=\"display:inline-block;width:300px;height:250px\"\n     data-ad-client=\"ca-pub-9424088931673893\"\n     data-ad-slot=\"9022429928\"><\/ins>\n<script async>\n     (adsbygoogle = window.adsbygoogle || []).push({});\n<\/script><\/div><\/div><\/div><\/div>\n\n\n\n\n<h4>6. A raszta haj c\u00e9lja az volt, hogy megijessz\u00e9k vele az ellens\u00e9get \u00e9s menek\u00fcl\u00e9sre k\u00e9sztess\u00e9k \u0151ket<\/h4>\n\n\n\n<figure class=\"wp-block-image size-full\"><img loading=\"lazy\" width=\"728\" height=\"485\" src=\"https:\/\/liked.hu\/old\/wp-content\/uploads\/2024\/08\/Dolgok-jelentese-006.webp\" alt=\"Dolgok jelent\u00e9se 006\" class=\"wp-image-340938\"\/><\/figure>\n\n\n\n<p>A raszta az \u00f3kori indi\u00e1nok, amazonok \u00e9s afroamerikaiak elengedhetetlen kell\u00e9kei voltak. Felt\u00e9telez\u00e9sek szerint az \u00f6sszefont haj egyik funkci\u00f3ja az volt, hogy elijessze az ellens\u00e9get \u00e9s menek\u00fcl\u00e9sre k\u00e9sztesse. B\u00e1r van egy k\u00f6lt\u0151ibb v\u00e1ltozat is.<\/p>\n\n\n\n<p>Jamaica, Eti\u00f3pia \u00e9s India n\u00e9h\u00e1ny lakosa, akik magasan a hegyekben \u00e9ltek, azt hitt\u00e9k, hogy egy Jah nev\u0171 istens\u00e9g az apokalipszis bek\u00f6sz\u00f6nt\u00e9vel a hajukn\u00e1l fogva h\u00fazza majd ki az igaz embereket egy m\u00e1sik vil\u00e1gba. Ez\u00e9rt az elm\u00e9let h\u00edvei hossz\u00fa hajat n\u00f6vesztettek \u00e9s raszt\u00e1ba font\u00e1k, hogy az istennek k\u00f6nnyebb legyen megragadni \u0151ket.<\/p>\n\n\n\n<h4>5. A cs\u00edkos ruh\u00e1kat r\u00e9gen az alacsony t\u00e1rsadalmi szint\u0171 vagy k\u00f6nny\u0171v\u00e9r\u0171 h\u00f6lgyek viselt\u00e9k<\/h4>\n\n\n\n<figure class=\"wp-block-image size-full\"><img loading=\"lazy\" width=\"728\" height=\"478\" src=\"https:\/\/liked.hu\/old\/wp-content\/uploads\/2024\/08\/Dolgok-jelentese-005.webp\" alt=\"Dolgok jelent\u00e9se 005\" class=\"wp-image-340937\"\/><\/figure>\n\n\n\n<p>A divatos cs\u00edkok a k\u00f6z\u00e9pkorban a kirekeszt\u00e9s egyik jelz\u0151i voltak. A t\u00f6rv\u00e9ny el\u0151\u00edrta, hogy a prostitu\u00e1ltaknak, eretnekeknek, bolondoknak, h\u00f3h\u00e9roknak \u00e9s lepr\u00e1soknak valamilyen cs\u00edkos ruhadarabot kell viselni\u00fck: ruh\u00e1t, s\u00e1lat vagy kab\u00e1tot. A t\u00e1rsadalom szemsz\u00f6g\u00e9b\u0151l ez ide\u00e1lis megold\u00e1s volt: a meglehet\u0151sen agressz\u00edv minta m\u00e1r messzir\u0151l is j\u00f3l l\u00e1tszott. A j\u00e1r\u00f3kel\u0151k azonnal meg\u00e9rtett\u00e9k, hogy nem tisztess\u00e9ges polg\u00e1rral van dolguk.<\/p>\n\n\n\n<p>Hasonl\u00f3 m\u00f3don b\u00e9lyegezt\u00e9k meg nemcsak a sz\u00e1mkivetetteket, hanem azokat a n\u0151ket is, akik megcsalt\u00e1k a f\u00e9rj\u00fcket \u00e9s rajtakapt\u00e1k \u0151ket, valamint a fatty\u00fakat. Csak a renesz\u00e1nsz korban v\u00e1ltozott a cs\u00edkokhoz val\u00f3 hozz\u00e1\u00e1ll\u00e1s: ekkor a szabadgondolkod\u00e1s \u00e9s a visel\u0151je eredetis\u00e9g\u00e9nek szimb\u00f3lum\u00e1v\u00e1 v\u00e1lt.<\/p>\n\n\n\n<!--nextpage-->\n\n\n\n<h4>4. A k\u00ednai hajt\u0171k valaha nindzsa fegyverek voltak<\/h4>\n\n\n\n<figure class=\"wp-block-image size-full\"><img loading=\"lazy\" width=\"728\" height=\"478\" src=\"https:\/\/liked.hu\/old\/wp-content\/uploads\/2024\/08\/Dolgok-jelentese-004.webp\" alt=\"Dolgok jelent\u00e9se 004\" class=\"wp-image-340936\"\/><\/figure>\n\n\n\n<p>A jap\u00e1n n\u0151k hajt\u0171ket \u00e9s botokat r\u00f6gz\u00edtettek a hajukba, hogy sz\u00e9ls\u0151s\u00e9ges helyzetekben fegyverk\u00e9nt haszn\u00e1lhass\u00e1k \u0151ket. A harci kieg\u00e9sz\u00edt\u0151ket f\u00e1b\u00f3l, csontb\u00f3l vagy f\u00e9mb\u0151l k\u00e9sz\u00edtett\u00e9k, \u00e9s sz\u00far\u00f3fegyverk\u00e9nt haszn\u00e1lt\u00e1k. A l\u00e1nyok \u00e9vekig gyakoroltak egy tapasztalt tan\u00e1r ir\u00e1ny\u00edt\u00e1sa alatt, hogy megtanulj\u00e1k helyesen haszn\u00e1lni \u0151ket.<\/p>\n\n\n\n<p>A rafin\u00e1ltabb h\u00f6lgyek a hajt\u0171k hegy\u00e9t er\u0151s m\u00e9reggel kent\u00e9k be, hogy a legkisebb karcol\u00e1s is hal\u00e1los legyen az ellenf\u00e9l sz\u00e1m\u00e1ra. Ezek a sz\u00e9ps\u00e9gek kunoichik\u00e9nt, n\u0151i nindzsak\u00e9nt vonultak be a t\u00f6rt\u00e9nelembe. N\u00e9ha &#8222;hal\u00e1los vir\u00e1goknak&#8221; is nevezt\u00e9k \u0151ket, mert a vir\u00e1g volt a leggyakoribb d\u00edsz, amit a hajt\u0171k\u00f6n haszn\u00e1ltak.<\/p>\n\n\n\n<h4>3. A fiatal n\u0151 haj\u00e1ba font szalagok alapj\u00e1n lehetett meg\u00edt\u00e9lni a csal\u00e1di \u00e1llapot\u00e1t<\/h4>\n\n\n\n<figure class=\"wp-block-image size-full\"><img loading=\"lazy\" width=\"728\" height=\"463\" src=\"https:\/\/liked.hu\/old\/wp-content\/uploads\/2024\/08\/Dolgok-jelentese-003.webp\" alt=\"Dolgok jelent\u00e9se 003\" class=\"wp-image-340935\"\/><\/figure>\n\n\n\n<p>A szl\u00e1v t\u00f6rzsekben a l\u00e1nyok k\u00f6z\u00f6tt szigor\u00fa hierarchia volt, amely t\u00f6bbek k\u00f6z\u00f6tt a frizur\u00e1jukon kereszt\u00fcl is kifejez\u0151d\u00f6tt. Az egyik legn\u00e9pszer\u0171bb kieg\u00e9sz\u00edt\u0151 a szalag volt, amelyet a copfba fontak:<\/p>\n\n\n\n<ul><li>A szalag hi\u00e1nya azt jelentette, hogy a l\u00e1ny akt\u00edvan p\u00e1rt keres, \u00e9s nyugodtan k\u00fcldhetnek hozz\u00e1 k\u00e9r\u0151ket.<\/li><li>Egy szalag azt jelezte, hogy a l\u00e1ny m\u00e1r tal\u00e1lt v\u0151leg\u00e9nyt, \u00e9s azt v\u00e1rja t\u0151le, hogy megk\u00e9rje a kez\u00e9t.<\/li><li>A k\u00e9t szalag pedig azt jelezte, hogy a v\u0151leg\u00e9ny megvan, meg is k\u00e9rte a l\u00e1ny kez\u00e9t, \u00e9s mindk\u00e9t f\u00e9l sz\u00fclei is j\u00f3v\u00e1hagyt\u00e1k a h\u00e1zass\u00e1got.<\/li><\/ul>\n\n\n\n\n<div style=\"float:none;margin:0px 0 0px 0;text-align:center;\">\n<div class=\"mobileHideke8\"><div class=\"hirdeteshatter\"><div style=\"display: inline-block;width: 50%;min-width:340px;vertical-align: top;\"><div class=\"hirdetes\">HIRDET\u00c9S<\/div>\n<!-- LikedQ81 -->\n<ins class=\"adsbygoogle\"\n     style=\"display:inline-block;width:336px;height:280px\"\n     data-ad-client=\"ca-pub-9424088931673893\"\n     data-ad-slot=\"2436840276\"><\/ins>\n<script async>\n     (adsbygoogle = window.adsbygoogle || []).push({});\n<\/script><\/div><div style=\"display: inline-block;width: 50%;min-width:340px;vertical-align: top;\"><div class=\"hirdetes\">HIRDET\u00c9S<\/div>\n<!-- LikedQ82 -->\n<ins class=\"adsbygoogle\"\n     style=\"display:inline-block;width:336px;height:280px\"\n     data-ad-client=\"ca-pub-9424088931673893\"\n     data-ad-slot=\"3558350253\"><\/ins>\n<script async>\n     (adsbygoogle = window.adsbygoogle || []).push({});\n<\/script><\/div><\/div><\/div>\n<div style=\"display:flex;flex-direction:column;\"><div class=\"mobileShowka8 nyolc\"><div style=\"padding-top:15px;padding-bottom:5px;min-height: 300px;\"><div class=\"hirdetes\">HIRDET\u00c9S<\/div>\n<!-- LikedQ8M -->\n<ins class=\"adsbygoogle\"\n     style=\"display:inline-block;width:336px;height:280px\"\n     data-ad-client=\"ca-pub-9424088931673893\"\n     data-ad-slot=\"4679860235\"><\/ins>\n<script async>\n     (adsbygoogle = window.adsbygoogle || []).push({});\n<\/script><\/div><\/div><\/div><\/div>\n\n\n\n\n<h4>2. A k\u00f6rm\u00f6k sz\u00edne a f\u00e9rfiak \u00e9s n\u0151k t\u00e1rsadalmi st\u00e1tusz\u00e1t jel\u00f6lte<\/h4>\n\n\n\n<figure class=\"wp-block-image size-full\"><img loading=\"lazy\" width=\"728\" height=\"463\" src=\"https:\/\/liked.hu\/old\/wp-content\/uploads\/2024\/08\/Dolgok-jelentese-002.webp\" alt=\"Dolgok jelent\u00e9se 002\" class=\"wp-image-340934\"\/><\/figure>\n\n\n\n<p>Az \u00f3kori Egyiptomban a k\u00f6rm\u00f6k sz\u00edne alapj\u00e1n meg lehetett \u00e1llap\u00edtani az ember t\u00e1rsadalmi helyzet\u00e9t: a papok \u00e9s a nemesek \u00e9l\u00e9nkpirosra festett\u00e9k a k\u00f6rm\u00fcket, m\u00edg a k\u00f6zemberek sokkal halv\u00e1nyabb \u00e1rnyalatokat haszn\u00e1ltak. Babilonban m\u00e1s volt a helyzet: a feket\u00e9t az arisztokrat\u00e1k, a z\u00f6ld sz\u00ednt pedig a szeg\u00e9nyek r\u00e9szes\u00edtett\u00e9k el\u0151nyben. \u00c9rdekes, hogy nemcsak a n\u0151k, hanem a f\u00e9rfiak is festett\u00e9k a k\u00f6rm\u00fcket.<\/p>\n\n\n\n<p>Mindk\u00e9t \u00e1llamban a j\u00f3 manik\u0171r a nemesi sz\u00e1rmaz\u00e1s bizony\u00edt\u00e9k\u00e1nak sz\u00e1m\u00edtott, ez\u00e9rt a gazdag h\u00e1zakban gyakran egy eg\u00e9sz szem\u00e9lyzetet tartottak, akik a h\u00e1z ura \u00e9s csal\u00e1dja k\u00f6rmeinek \u00e1pol\u00e1s\u00e1\u00e9rt voltak felel\u0151sek.<\/p>\n\n\n\n<h4>1. A piros r\u00fazs miatt Amerik\u00e1ban a f\u00e9rj elv\u00e1lhatott a feles\u00e9g\u00e9t\u0151l<\/h4>\n\n\n\n<figure class=\"wp-block-image size-full\"><img loading=\"lazy\" width=\"728\" height=\"463\" src=\"https:\/\/liked.hu\/old\/wp-content\/uploads\/2024\/08\/Dolgok-jelentese-001.webp\" alt=\"Dolgok jelent\u00e9se 001\" class=\"wp-image-340933\"\/><\/figure>\n\n\n\n<p>A k\u00f6z\u00e9pkorban a piros r\u00fazst az egyh\u00e1z szolg\u00e1i folyamatosan t\u00e1madt\u00e1k, mivel ezt a sz\u00ednt \u00f6rd\u00f6g sz\u00edn\u00e9nek tartott\u00e1k. Nagy-Britanni\u00e1ban p\u00e9ld\u00e1ul az ajkak piros sz\u00edn\u0171re fest\u00e9se a boszork\u00e1nys\u00e1g nyilv\u00e1nos beismer\u00e9s\u00e9t jelentette. A XVI. sz\u00e1zadi Amerik\u00e1ban pedig a f\u00e9rfi t\u00f6rv\u00e9nyesen \u00e9rv\u00e9nytelen\u00edthette a h\u00e1zass\u00e1g\u00e1t, ha a feles\u00e9ge az \u0151 tudta n\u00e9lk\u00fcl pirosra festette az ajkait.<\/p>\n\n\n\n<p>M\u00e1s volt a helyzet az \u00f3kori G\u00f6r\u00f6gorsz\u00e1gban: ott a kurtiz\u00e1nokat k\u00e9nyszer\u00edtett\u00e9k a piros r\u00fazs haszn\u00e1lat\u00e1ra, hogy minden j\u00e1r\u00f3kel\u0151 k\u00f6nnyen meg\u00e1llap\u00edthassa a szakmai st\u00e1tuszukat. Az \u00f3kori R\u00f3ma lak\u00f3i (n\u0151k \u00e9s f\u00e9rfiak egyar\u00e1nt) viszont \u00e9ppen ellenkez\u0151leg, el\u0151szeretettel haszn\u00e1lt\u00e1k a piros sz\u00ednt, hogy a vagyonukkal dicsekedhessenek m\u00e1soknak: min\u00e9l t\u00f6bb p\u00e9nze volt valakinek, ann\u00e1l \u00e9l\u00e9nkebb sz\u00edn\u0171 r\u00fazst haszn\u00e1lt.<\/p>\n","protected":false},"excerpt":{"rendered":"<p>Ki gondolta volna, hogy m\u00e9g egy hajv\u00e1g\u00e1snak is lehet rejtett jelent\u00e9se.<\/p>\n","protected":false},"author":9,"featured_media":340941,"comment_status":"open","ping_status":"closed","sticky":false,"template":"","format":"standard","meta":{"buzzeditor_post_format":""},"categories":[1],"tags":[1252,5823,2620],"yoast_head":"<!-- This site is optimized with the Yoast SEO plugin v19.6.1 - https:\/\/yoast.com\/wordpress\/plugins\/seo\/ -->\n<title>8 n\u00e9pszer\u0171 dolog, aminek a val\u00f3di jelent\u00e9s\u00e9t csak kevesen ismerik<\/title>\n<meta name=\"description\" content=\"Ki gondolta volna, hogy m\u00e9g egy hajv\u00e1g\u00e1snak is lehet rejtett jelent\u00e9se.\" \/>\n<meta name=\"robots\" content=\"index, follow, max-snippet:-1, max-image-preview:large, max-video-preview:-1\" \/>\n<link rel=\"canonical\" href=\"https:\/\/liked.hu\/old\/egyeb\/8-nepszeru-dolog-aminek-a-valodi-jelenteset-csak-kevesen-ismerik\/\" \/>\n<link rel=\"next\" href=\"https:\/\/liked.hu\/old\/egyeb\/8-nepszeru-dolog-aminek-a-valodi-jelenteset-csak-kevesen-ismerik\/2\/\" \/>\n<meta property=\"og:locale\" content=\"hu_HU\" \/>\n<meta property=\"og:type\" content=\"article\" \/>\n<meta property=\"og:title\" content=\"8 n\u00e9pszer\u0171 dolog, aminek a val\u00f3di jelent\u00e9s\u00e9t csak kevesen ismerik\" \/>\n<meta property=\"og:description\" content=\"Ki gondolta volna, hogy m\u00e9g egy hajv\u00e1g\u00e1snak is lehet rejtett jelent\u00e9se.\" \/>\n<meta property=\"og:url\" content=\"https:\/\/liked.hu\/old\/egyeb\/8-nepszeru-dolog-aminek-a-valodi-jelenteset-csak-kevesen-ismerik\/\" \/>\n<meta property=\"og:site_name\" content=\"Liked.hu\" \/>\n<meta property=\"article:publisher\" content=\"https:\/\/www.facebook.com\/liked.hu\" \/>\n<meta property=\"article:published_time\" content=\"2024-08-29T14:44:30+00:00\" \/>\n<meta property=\"article:modified_time\" content=\"2024-08-29T14:44:37+00:00\" \/>\n<meta property=\"og:image\" content=\"https:\/\/liked.hu\/old\/wp-content\/uploads\/2024\/08\/Dolgok-rejtett-jelentese.jpg\" \/>\n\t<meta property=\"og:image:width\" content=\"1200\" \/>\n\t<meta property=\"og:image:height\" content=\"630\" \/>\n\t<meta property=\"og:image:type\" content=\"image\/jpeg\" \/>\n<meta name=\"author\" content=\"ElzabetR\" \/>\n<meta name=\"twitter:card\" content=\"summary\" \/>\n<meta name=\"twitter:creator\" content=\"@LikedHu\" \/>\n<meta name=\"twitter:site\" content=\"@LikedHu\" \/>\n<meta name=\"twitter:label1\" content=\"Szerz\u0151:\" \/>\n\t<meta name=\"twitter:data1\" content=\"ElzabetR\" \/>\n\t<meta name=\"twitter:label2\" content=\"Becs\u00fclt olvas\u00e1si id\u0151\" \/>\n\t<meta name=\"twitter:data2\" content=\"7 perc\" \/>\n<script type=\"application\/ld+json\" class=\"yoast-schema-graph\">{\"@context\":\"https:\/\/schema.org\",\"@graph\":[{\"@type\":\"Article\",\"@id\":\"https:\/\/liked.hu\/old\/egyeb\/8-nepszeru-dolog-aminek-a-valodi-jelenteset-csak-kevesen-ismerik\/#article\",\"isPartOf\":{\"@id\":\"https:\/\/liked.hu\/old\/egyeb\/8-nepszeru-dolog-aminek-a-valodi-jelenteset-csak-kevesen-ismerik\/\"},\"author\":{\"name\":\"ElzabetR\",\"@id\":\"https:\/\/liked.hu\/old\/#\/schema\/person\/de8f8eb5563920e50fc1775e73262e1d\"},\"headline\":\"8 n\u00e9pszer\u0171 dolog, aminek a val\u00f3di jelent\u00e9s\u00e9t csak kevesen ismerik\",\"datePublished\":\"2024-08-29T14:44:30+00:00\",\"dateModified\":\"2024-08-29T14:44:37+00:00\",\"mainEntityOfPage\":{\"@id\":\"https:\/\/liked.hu\/old\/egyeb\/8-nepszeru-dolog-aminek-a-valodi-jelenteset-csak-kevesen-ismerik\/\"},\"wordCount\":1356,\"commentCount\":0,\"publisher\":{\"@id\":\"https:\/\/liked.hu\/old\/#organization\"},\"keywords\":[\"jelent\u00e9s\",\"Ma tudtam meg!\",\"titok\"],\"articleSection\":[\"Minden m\u00e1s\"],\"inLanguage\":\"hu\",\"potentialAction\":[{\"@type\":\"CommentAction\",\"name\":\"Comment\",\"target\":[\"https:\/\/liked.hu\/old\/egyeb\/8-nepszeru-dolog-aminek-a-valodi-jelenteset-csak-kevesen-ismerik\/#respond\"]}]},{\"@type\":\"WebPage\",\"@id\":\"https:\/\/liked.hu\/old\/egyeb\/8-nepszeru-dolog-aminek-a-valodi-jelenteset-csak-kevesen-ismerik\/\",\"url\":\"https:\/\/liked.hu\/old\/egyeb\/8-nepszeru-dolog-aminek-a-valodi-jelenteset-csak-kevesen-ismerik\/\",\"name\":\"8 n\u00e9pszer\u0171 dolog, aminek a val\u00f3di jelent\u00e9s\u00e9t csak kevesen ismerik\",\"isPartOf\":{\"@id\":\"https:\/\/liked.hu\/old\/#website\"},\"datePublished\":\"2024-08-29T14:44:30+00:00\",\"dateModified\":\"2024-08-29T14:44:37+00:00\",\"description\":\"Ki gondolta volna, hogy m\u00e9g egy hajv\u00e1g\u00e1snak is lehet rejtett jelent\u00e9se.\",\"breadcrumb\":{\"@id\":\"https:\/\/liked.hu\/old\/egyeb\/8-nepszeru-dolog-aminek-a-valodi-jelenteset-csak-kevesen-ismerik\/#breadcrumb\"},\"inLanguage\":\"hu\",\"potentialAction\":[{\"@type\":\"ReadAction\",\"target\":[\"https:\/\/liked.hu\/old\/egyeb\/8-nepszeru-dolog-aminek-a-valodi-jelenteset-csak-kevesen-ismerik\/\"]}]},{\"@type\":\"BreadcrumbList\",\"@id\":\"https:\/\/liked.hu\/old\/egyeb\/8-nepszeru-dolog-aminek-a-valodi-jelenteset-csak-kevesen-ismerik\/#breadcrumb\",\"itemListElement\":[{\"@type\":\"ListItem\",\"position\":1,\"name\":\"Kezd\u0151lap\"}]},{\"@type\":\"WebSite\",\"@id\":\"https:\/\/liked.hu\/old\/#website\",\"url\":\"https:\/\/liked.hu\/old\/\",\"name\":\"Liked.hu\",\"description\":\"\",\"publisher\":{\"@id\":\"https:\/\/liked.hu\/old\/#organization\"},\"potentialAction\":[{\"@type\":\"SearchAction\",\"target\":{\"@type\":\"EntryPoint\",\"urlTemplate\":\"https:\/\/liked.hu\/old\/?s={search_term_string}\"},\"query-input\":\"required name=search_term_string\"}],\"inLanguage\":\"hu\"},{\"@type\":\"Organization\",\"@id\":\"https:\/\/liked.hu\/old\/#organization\",\"name\":\"Liked.hu\",\"url\":\"https:\/\/liked.hu\/old\/\",\"sameAs\":[\"https:\/\/hu.pinterest.com\/likedhungary\/\",\"https:\/\/www.youtube.com\/channel\/UCPv91dbMoIukYcM9b9nHN6Q\",\"https:\/\/www.facebook.com\/liked.hu\",\"https:\/\/twitter.com\/LikedHu\"],\"logo\":{\"@type\":\"ImageObject\",\"inLanguage\":\"hu\",\"@id\":\"https:\/\/liked.hu\/old\/#\/schema\/logo\/image\/\",\"url\":\"https:\/\/liked.hu\/wp-content\/uploads\/2018\/08\/Liked-icon.png\",\"contentUrl\":\"https:\/\/liked.hu\/wp-content\/uploads\/2018\/08\/Liked-icon.png\",\"width\":512,\"height\":512,\"caption\":\"Liked.hu\"},\"image\":{\"@id\":\"https:\/\/liked.hu\/old\/#\/schema\/logo\/image\/\"}},{\"@type\":\"Person\",\"@id\":\"https:\/\/liked.hu\/old\/#\/schema\/person\/de8f8eb5563920e50fc1775e73262e1d\",\"name\":\"ElzabetR\",\"image\":{\"@type\":\"ImageObject\",\"inLanguage\":\"hu\",\"@id\":\"https:\/\/liked.hu\/old\/#\/schema\/person\/image\/\",\"url\":\"https:\/\/liked.hu\/old\/wp-content\/uploads\/avatars\/9\/604de854a1127-bpfull.jpg\",\"contentUrl\":\"https:\/\/liked.hu\/old\/wp-content\/uploads\/avatars\/9\/604de854a1127-bpfull.jpg\",\"caption\":\"ElzabetR\"},\"url\":\"https:\/\/liked.hu\/old\/u\/elzabetr\/\"}]}<\/script>\n<!-- \/ Yoast SEO plugin. -->","yoast_head_json":{"title":"8 n\u00e9pszer\u0171 dolog, aminek a val\u00f3di jelent\u00e9s\u00e9t csak kevesen ismerik","description":"Ki gondolta volna, hogy m\u00e9g egy hajv\u00e1g\u00e1snak is lehet rejtett jelent\u00e9se.","robots":{"index":"index","follow":"follow","max-snippet":"max-snippet:-1","max-image-preview":"max-image-preview:large","max-video-preview":"max-video-preview:-1"},"canonical":"https:\/\/liked.hu\/old\/egyeb\/8-nepszeru-dolog-aminek-a-valodi-jelenteset-csak-kevesen-ismerik\/","next":"https:\/\/liked.hu\/old\/egyeb\/8-nepszeru-dolog-aminek-a-valodi-jelenteset-csak-kevesen-ismerik\/2\/","og_locale":"hu_HU","og_type":"article","og_title":"8 n\u00e9pszer\u0171 dolog, aminek a val\u00f3di jelent\u00e9s\u00e9t csak kevesen ismerik","og_description":"Ki gondolta volna, hogy m\u00e9g egy hajv\u00e1g\u00e1snak is lehet rejtett jelent\u00e9se.","og_url":"https:\/\/liked.hu\/old\/egyeb\/8-nepszeru-dolog-aminek-a-valodi-jelenteset-csak-kevesen-ismerik\/","og_site_name":"Liked.hu","article_publisher":"https:\/\/www.facebook.com\/liked.hu","article_published_time":"2024-08-29T14:44:30+00:00","article_modified_time":"2024-08-29T14:44:37+00:00","og_image":[{"width":1200,"height":630,"url":"https:\/\/liked.hu\/old\/wp-content\/uploads\/2024\/08\/Dolgok-rejtett-jelentese.jpg","type":"image\/jpeg"}],"author":"ElzabetR","twitter_card":"summary","twitter_creator":"@LikedHu","twitter_site":"@LikedHu","twitter_misc":{"Szerz\u0151:":"ElzabetR","Becs\u00fclt olvas\u00e1si id\u0151":"7 perc"},"schema":{"@context":"https:\/\/schema.org","@graph":[{"@type":"Article","@id":"https:\/\/liked.hu\/old\/egyeb\/8-nepszeru-dolog-aminek-a-valodi-jelenteset-csak-kevesen-ismerik\/#article","isPartOf":{"@id":"https:\/\/liked.hu\/old\/egyeb\/8-nepszeru-dolog-aminek-a-valodi-jelenteset-csak-kevesen-ismerik\/"},"author":{"name":"ElzabetR","@id":"https:\/\/liked.hu\/old\/#\/schema\/person\/de8f8eb5563920e50fc1775e73262e1d"},"headline":"8 n\u00e9pszer\u0171 dolog, aminek a val\u00f3di jelent\u00e9s\u00e9t csak kevesen ismerik","datePublished":"2024-08-29T14:44:30+00:00","dateModified":"2024-08-29T14:44:37+00:00","mainEntityOfPage":{"@id":"https:\/\/liked.hu\/old\/egyeb\/8-nepszeru-dolog-aminek-a-valodi-jelenteset-csak-kevesen-ismerik\/"},"wordCount":1356,"commentCount":0,"publisher":{"@id":"https:\/\/liked.hu\/old\/#organization"},"keywords":["jelent\u00e9s","Ma tudtam meg!","titok"],"articleSection":["Minden m\u00e1s"],"inLanguage":"hu","potentialAction":[{"@type":"CommentAction","name":"Comment","target":["https:\/\/liked.hu\/old\/egyeb\/8-nepszeru-dolog-aminek-a-valodi-jelenteset-csak-kevesen-ismerik\/#respond"]}]},{"@type":"WebPage","@id":"https:\/\/liked.hu\/old\/egyeb\/8-nepszeru-dolog-aminek-a-valodi-jelenteset-csak-kevesen-ismerik\/","url":"https:\/\/liked.hu\/old\/egyeb\/8-nepszeru-dolog-aminek-a-valodi-jelenteset-csak-kevesen-ismerik\/","name":"8 n\u00e9pszer\u0171 dolog, aminek a val\u00f3di jelent\u00e9s\u00e9t csak kevesen ismerik","isPartOf":{"@id":"https:\/\/liked.hu\/old\/#website"},"datePublished":"2024-08-29T14:44:30+00:00","dateModified":"2024-08-29T14:44:37+00:00","description":"Ki gondolta volna, hogy m\u00e9g egy hajv\u00e1g\u00e1snak is lehet rejtett jelent\u00e9se.","breadcrumb":{"@id":"https:\/\/liked.hu\/old\/egyeb\/8-nepszeru-dolog-aminek-a-valodi-jelenteset-csak-kevesen-ismerik\/#breadcrumb"},"inLanguage":"hu","potentialAction":[{"@type":"ReadAction","target":["https:\/\/liked.hu\/old\/egyeb\/8-nepszeru-dolog-aminek-a-valodi-jelenteset-csak-kevesen-ismerik\/"]}]},{"@type":"BreadcrumbList","@id":"https:\/\/liked.hu\/old\/egyeb\/8-nepszeru-dolog-aminek-a-valodi-jelenteset-csak-kevesen-ismerik\/#breadcrumb","itemListElement":[{"@type":"ListItem","position":1,"name":"Kezd\u0151lap"}]},{"@type":"WebSite","@id":"https:\/\/liked.hu\/old\/#website","url":"https:\/\/liked.hu\/old\/","name":"Liked.hu","description":"","publisher":{"@id":"https:\/\/liked.hu\/old\/#organization"},"potentialAction":[{"@type":"SearchAction","target":{"@type":"EntryPoint","urlTemplate":"https:\/\/liked.hu\/old\/?s={search_term_string}"},"query-input":"required name=search_term_string"}],"inLanguage":"hu"},{"@type":"Organization","@id":"https:\/\/liked.hu\/old\/#organization","name":"Liked.hu","url":"https:\/\/liked.hu\/old\/","sameAs":["https:\/\/hu.pinterest.com\/likedhungary\/","https:\/\/www.youtube.com\/channel\/UCPv91dbMoIukYcM9b9nHN6Q","https:\/\/www.facebook.com\/liked.hu","https:\/\/twitter.com\/LikedHu"],"logo":{"@type":"ImageObject","inLanguage":"hu","@id":"https:\/\/liked.hu\/old\/#\/schema\/logo\/image\/","url":"https:\/\/liked.hu\/wp-content\/uploads\/2018\/08\/Liked-icon.png","contentUrl":"https:\/\/liked.hu\/wp-content\/uploads\/2018\/08\/Liked-icon.png","width":512,"height":512,"caption":"Liked.hu"},"image":{"@id":"https:\/\/liked.hu\/old\/#\/schema\/logo\/image\/"}},{"@type":"Person","@id":"https:\/\/liked.hu\/old\/#\/schema\/person\/de8f8eb5563920e50fc1775e73262e1d","name":"ElzabetR","image":{"@type":"ImageObject","inLanguage":"hu","@id":"https:\/\/liked.hu\/old\/#\/schema\/person\/image\/","url":"https:\/\/liked.hu\/old\/wp-content\/uploads\/avatars\/9\/604de854a1127-bpfull.jpg","contentUrl":"https:\/\/liked.hu\/old\/wp-content\/uploads\/avatars\/9\/604de854a1127-bpfull.jpg","caption":"ElzabetR"},"url":"https:\/\/liked.hu\/old\/u\/elzabetr\/"}]}},"publishpress_future_action":{"enabled":false,"date":"1970-01-01 01:00:00","action":"","terms":[],"taxonomy":"","browser_timezone_offset":0},"_links":{"self":[{"href":"https:\/\/liked.hu\/old\/wp-json\/wp\/v2\/posts\/340932"}],"collection":[{"href":"https:\/\/liked.hu\/old\/wp-json\/wp\/v2\/posts"}],"about":[{"href":"https:\/\/liked.hu\/old\/wp-json\/wp\/v2\/types\/post"}],"author":[{"embeddable":true,"href":"https:\/\/liked.hu\/old\/wp-json\/wp\/v2\/users\/9"}],"replies":[{"embeddable":true,"href":"https:\/\/liked.hu\/old\/wp-json\/wp\/v2\/comments?post=340932"}],"version-history":[{"count":1,"href":"https:\/\/liked.hu\/old\/wp-json\/wp\/v2\/posts\/340932\/revisions"}],"predecessor-version":[{"id":340942,"href":"https:\/\/liked.hu\/old\/wp-json\/wp\/v2\/posts\/340932\/revisions\/340942"}],"wp:featuredmedia":[{"embeddable":true,"href":"https:\/\/liked.hu\/old\/wp-json\/wp\/v2\/media\/340941"}],"wp:attachment":[{"href":"https:\/\/liked.hu\/old\/wp-json\/wp\/v2\/media?parent=340932"}],"wp:term":[{"taxonomy":"category","embeddable":true,"href":"https:\/\/liked.hu\/old\/wp-json\/wp\/v2\/categories?post=340932"},{"taxonomy":"post_tag","embeddable":true,"href":"https:\/\/liked.hu\/old\/wp-json\/wp\/v2\/tags?post=340932"}],"curies":[{"name":"wp","href":"https:\/\/api.w.org\/{rel}","templated":true}]}}