{"id":338657,"date":"2024-06-05T08:07:43","date_gmt":"2024-06-05T07:07:43","guid":{"rendered":"https:\/\/liked.hu\/old\/?p=338657"},"modified":"2024-06-05T08:09:08","modified_gmt":"2024-06-05T07:09:08","slug":"hogyan-es-miert-oltek-meg-regen-a-noket-szep-lassan-a-zold-ruhak","status":"publish","type":"post","link":"https:\/\/liked.hu\/old\/erdekes\/hogyan-es-miert-oltek-meg-regen-a-noket-szep-lassan-a-zold-ruhak\/","title":{"rendered":"Hogyan \u00e9s mi\u00e9rt \u00f6lt\u00e9k meg r\u00e9gen a n\u0151ket sz\u00e9p lassan a z\u00f6ld ruh\u00e1k"},"content":{"rendered":"\n<p>A z\u00f6ld sz\u00edn\u0171 ruh\u00e1zat mindig is k\u00fcl\u00f6nleges figyelmet kapott, mind a n\u0151k, mind a f\u00e9rfiak k\u00f6r\u00e9ben. Hiszen a z\u00f6ld az \u00e9let, a harm\u00f3nia \u00e9s az egyens\u00faly sz\u00edne. A k\u00f6z\u00e9pkorban term\u00e9szetes sz\u00ednez\u00e9keket adtak a sz\u00f6vethez, hogy el\u00e9rj\u00e9k ezt a sz\u00ednt.<\/p>\n\n\n\n\n<div style=\"float:none;margin:0px 0 0px 0;text-align:center;\">\n<div class=\"mobileShowkakettes\"><div class=\"mobileShowka2\"><div style=\"padding-top:0px;padding-bottom:15px;min-height: 300px;\"><div class=\"hirdetes\">HIRDET\u00c9S<\/div>\n<!-- 300lista -->\n<ins class=\"adsbygoogle\"\n     style=\"display:inline-block;width:300px;height:250px\"\n     data-ad-client=\"ca-pub-9424088931673893\"\n     data-ad-slot=\"8471340766\"><\/ins>\n<script async>\n     (adsbygoogle = window.adsbygoogle || []).push({});\n<\/script><\/div><\/div><\/div><\/div>\n\n\n\n\n<figure class=\"wp-block-image size-full\"><img loading=\"lazy\" width=\"1200\" height=\"791\" src=\"https:\/\/liked.hu\/old\/wp-content\/uploads\/2024\/06\/Veszelyes-zold-ruhak-016.webp\" alt=\"Vesz\u00e9lyes z\u00f6ld ruh\u00e1k 016\" class=\"wp-image-338674\" srcset=\"https:\/\/liked.hu\/old\/wp-content\/uploads\/2024\/06\/Veszelyes-zold-ruhak-016.webp 1200w, https:\/\/liked.hu\/old\/wp-content\/uploads\/2024\/06\/Veszelyes-zold-ruhak-016-768x506.webp 768w\" sizes=\"(max-width: 1200px) 100vw, 1200px\" \/><\/figure>\n\n\n\n<style>.morefelirat p {color: #000000 !important;border-top: 1px solid #181818bf !important;}<\/style>\n\n\n\n<h4>N\u00e9zd csak, milyen csod\u00e1latos smaragdz\u00f6ld takar\u00f3val pr\u00f3b\u00e1lja elfedni test\u00e9t a &#8222;Krisztus \u00e9s a h\u00e1zass\u00e1gt\u00f6r\u0151 asszony&#8221; c\u00edm\u0171 festm\u00e9ny h\u0151sn\u0151je, amelyet a velencei fest\u0151, Lorenzo Lotto (1480-1556) k\u00e9sz\u00edtett.<\/h4>\n\n\n\n<figure class=\"wp-block-image size-full\"><img loading=\"lazy\" width=\"1200\" height=\"897\" src=\"https:\/\/liked.hu\/old\/wp-content\/uploads\/2024\/06\/Veszelyes-zold-ruhak-015.webp\" alt=\"Vesz\u00e9lyes z\u00f6ld ruh\u00e1k 015\" class=\"wp-image-338673\" srcset=\"https:\/\/liked.hu\/old\/wp-content\/uploads\/2024\/06\/Veszelyes-zold-ruhak-015.webp 1200w, https:\/\/liked.hu\/old\/wp-content\/uploads\/2024\/06\/Veszelyes-zold-ruhak-015-768x574.webp 768w\" sizes=\"(max-width: 1200px) 100vw, 1200px\" \/><\/figure>\n\n\n\n\n<div style=\"float:none;margin:0px 0 0px 0;text-align:center;\">\n<div class=\"mobileHideke5\"><div style=\"margin-top:25px;\"><div class=\"hirdeteshatter\"><div style=\"display: inline-block;width: 50%;min-width:305px;vertical-align: top;\"><div class=\"hirdetes\">HIRDET\u00c9S<\/div>\n<!-- LikedQ51 -->\n<ins class=\"adsbygoogle\"\n     style=\"display:inline-block;width:300px;height:250px\"\n     data-ad-client=\"ca-pub-9424088931673893\"\n     data-ad-slot=\"8284063326\"><\/ins>\n<script async>\n     (adsbygoogle = window.adsbygoogle || []).push({});\n<\/script><\/div><div style=\"display: inline-block;width: 50%;min-width:305px;vertical-align: top;\"><div class=\"hirdetes\">HIRDET\u00c9S<\/div>\n<!-- LikedQ52 -->\n<ins class=\"adsbygoogle\"\n     style=\"display:inline-block;width:300px;height:250px\"\n     data-ad-client=\"ca-pub-9424088931673893\"\n     data-ad-slot=\"2840164950\"><\/ins>\n<script async>\n     (adsbygoogle = window.adsbygoogle || []).push({});\n<\/script><\/div><\/div><\/div><\/div>\n<div style=\"display:flex;flex-direction:column;\"><div class=\"mobileShowka5\"><div style=\"padding-top:10px;padding-bottom:10px;min-height: 300px;\"><div class=\"hirdetes\">HIRDET\u00c9S<\/div>\n<!-- LikedQ5M -->\n<ins class=\"adsbygoogle\"\n     style=\"display:inline-block;width:300px;height:250px\"\n     data-ad-client=\"ca-pub-9424088931673893\"\n     data-ad-slot=\"9022429928\"><\/ins>\n<script async>\n     (adsbygoogle = window.adsbygoogle || []).push({});\n<\/script><\/div><\/div><\/div><\/div>\n\n\n\n\n<h4>\u00c9s itt van M\u00e1ria Krisztina osztr\u00e1k f\u0151hercegn\u0151 portr\u00e9ja a b\u00e9csi m\u00fazeumb\u00f3l.<\/h4>\n\n\n\n<figure class=\"wp-block-image size-full\"><img loading=\"lazy\" width=\"983\" height=\"1200\" src=\"https:\/\/liked.hu\/old\/wp-content\/uploads\/2024\/06\/Veszelyes-zold-ruhak-014.webp\" alt=\"Vesz\u00e9lyes z\u00f6ld ruh\u00e1k 014\" class=\"wp-image-338672\" srcset=\"https:\/\/liked.hu\/old\/wp-content\/uploads\/2024\/06\/Veszelyes-zold-ruhak-014.webp 983w, https:\/\/liked.hu\/old\/wp-content\/uploads\/2024\/06\/Veszelyes-zold-ruhak-014-768x938.webp 768w\" sizes=\"(max-width: 983px) 100vw, 983px\" \/><\/figure>\n\n\n\n<h4>A flamand fest\u0151, Marcus Gheeraerts (1561-1636) az apj\u00e1t k\u00f6vetve Londonba k\u00f6lt\u00f6z\u00f6tt, \u00e9s az angol nemess\u00e9g portr\u00e9it festette. A h\u00e1rom Egerton l\u00e1nytestv\u00e9r \u00e9s egy k\u00e9t\u00e9ves kisfi\u00fa z\u00f6ld ruh\u00e1t visel. Igen, a gyerekek arca s\u00e1padt, de tal\u00e1n az\u00e9rt, mert a ruh\u00e1juk k\u00e9nyelmetlen \u00e9s t\u00fal sz\u0171k volt r\u00e1juk.<\/h4>\n\n\n\n<figure class=\"wp-block-image size-full\"><img loading=\"lazy\" width=\"1002\" height=\"1037\" src=\"https:\/\/liked.hu\/old\/wp-content\/uploads\/2024\/06\/Veszelyes-zold-ruhak-013.webp\" alt=\"Vesz\u00e9lyes z\u00f6ld ruh\u00e1k 013\" class=\"wp-image-338671\" srcset=\"https:\/\/liked.hu\/old\/wp-content\/uploads\/2024\/06\/Veszelyes-zold-ruhak-013.webp 1002w, https:\/\/liked.hu\/old\/wp-content\/uploads\/2024\/06\/Veszelyes-zold-ruhak-013-768x795.webp 768w\" sizes=\"(max-width: 1002px) 100vw, 1002px\" \/><\/figure>\n\n\n\n<h4>Egy\u00e9bk\u00e9nt Elizabeth Egerton itt hat\u00e9ves, Vere \u00f6t\u00e9ves, Mary pedig csak h\u00e1rom\u00e9ves.<\/h4>\n\n\n\n<figure class=\"wp-block-image size-full\"><img loading=\"lazy\" width=\"974\" height=\"1200\" src=\"https:\/\/liked.hu\/old\/wp-content\/uploads\/2024\/06\/Veszelyes-zold-ruhak-012.webp\" alt=\"Vesz\u00e9lyes z\u00f6ld ruh\u00e1k 012\" class=\"wp-image-338670\" srcset=\"https:\/\/liked.hu\/old\/wp-content\/uploads\/2024\/06\/Veszelyes-zold-ruhak-012.webp 974w, https:\/\/liked.hu\/old\/wp-content\/uploads\/2024\/06\/Veszelyes-zold-ruhak-012-768x946.webp 768w\" sizes=\"(max-width: 974px) 100vw, 974px\" \/><\/figure>\n\n\n\n\n<div style=\"float:none;margin:0px 0 0px 0;text-align:center;\">\n<div class=\"mobileHideke8\"><div style=\"margin-top:25px;\"><div class=\"hirdeteshatter\"><div style=\"display: inline-block;width: 50%;min-width:340px;vertical-align: top;\"><div class=\"hirdetes\">HIRDET\u00c9S<\/div>\n<!-- Liked7Q1 -->\n<ins class=\"adsbygoogle\"\n     style=\"display:inline-block;width:336px;height:280px\"\n     data-ad-client=\"ca-pub-9424088931673893\"\n     data-ad-slot=\"3022062587\"><\/ins>\n<script async>\n     (adsbygoogle = window.adsbygoogle || []).push({});\n<\/script><\/div><div style=\"display: inline-block;width: 50%;min-width:340px;vertical-align: top;\"><div class=\"hirdetes\">HIRDET\u00c9S<\/div>\n<!-- Liked7Q2 -->\n<ins class=\"adsbygoogle\"\n     style=\"display:inline-block;width:336px;height:280px\"\n     data-ad-client=\"ca-pub-9424088931673893\"\n     data-ad-slot=\"3952000871\"><\/ins>\n<script async>\n     (adsbygoogle = window.adsbygoogle || []).push({});\n<\/script><\/div><\/div><\/div><\/div>\n<div style=\"display:flex;flex-direction:column;\"><div class=\"mobileShowka8\"><div style=\"padding-top:15px;margin-bottom:15px;min-height: 300px;\"><div class=\"hirdetes\">HIRDET\u00c9S<\/div>\n<!-- Liked7QMobil -->\n<ins class=\"adsbygoogle\"\n     style=\"display:inline-block;width:336px;height:280px\"\n     data-ad-client=\"ca-pub-9424088931673893\"\n     data-ad-slot=\"5073510857\"><\/ins>\n<script async>\n     (adsbygoogle = window.adsbygoogle || []).push({});\n<\/script><\/div><\/div><\/div><\/div>\n\n\n\n\n<h4>Igen, igen, ne k\u00e9telkedj: ez val\u00f3ban egy kisfi\u00fa. Egy ilyen ruh\u00e1ban nem lehetett k\u00f6nny\u0171 futk\u00e1rozni, ugye?<\/h4>\n\n\n\n<p>De err\u0151l a smaragdz\u00f6ld ruh\u00e1s, fekete haj\u00fa h\u00f6lgyr\u0151l is besz\u00e9ln\u00fcnk kellene. Milyen gyakran viselte vajon ezt a ruh\u00e1t? J\u00f3l \u00e9rezte mag\u00e1t benne? Nem t\u00e1madta meg hirtelen betegs\u00e9g? Nem bor\u00edtott\u00e1k a test\u00e9t fek\u00e9lyek?<\/p>\n\n\n\n<figure class=\"wp-block-image size-full\"><img loading=\"lazy\" width=\"928\" height=\"1200\" src=\"https:\/\/liked.hu\/old\/wp-content\/uploads\/2024\/06\/Veszelyes-zold-ruhak-011.webp\" alt=\"Vesz\u00e9lyes z\u00f6ld ruh\u00e1k 011\" class=\"wp-image-338669\" srcset=\"https:\/\/liked.hu\/old\/wp-content\/uploads\/2024\/06\/Veszelyes-zold-ruhak-011.webp 928w, https:\/\/liked.hu\/old\/wp-content\/uploads\/2024\/06\/Veszelyes-zold-ruhak-011-768x993.webp 768w\" sizes=\"(max-width: 928px) 100vw, 928px\" \/><\/figure>\n\n\n\n<h4>Vajon agg\u00f3dnunk kell ez\u00e9rt a h\u00f6lgy\u00e9rt is, k\u00f6nyvvel a kez\u00e9ben?<\/h4>\n\n\n\n<figure class=\"wp-block-image size-full\"><img loading=\"lazy\" width=\"1000\" height=\"1180\" src=\"https:\/\/liked.hu\/old\/wp-content\/uploads\/2024\/06\/Veszelyes-zold-ruhak-010.webp\" alt=\"Vesz\u00e9lyes z\u00f6ld ruh\u00e1k 010\" class=\"wp-image-338668\" srcset=\"https:\/\/liked.hu\/old\/wp-content\/uploads\/2024\/06\/Veszelyes-zold-ruhak-010.webp 1000w, https:\/\/liked.hu\/old\/wp-content\/uploads\/2024\/06\/Veszelyes-zold-ruhak-010-768x906.webp 768w\" sizes=\"(max-width: 1000px) 100vw, 1000px\" \/><\/figure>\n\n\n\n<p>Minek ez a sok k\u00e9rd\u00e9s? A helyzet az, hogy a 18. sz\u00e1zad m\u00e1sodik fel\u00e9ben az eur\u00f3pai vegy\u00e9szek megoldott\u00e1k a z\u00f6ld fest\u00e9k tart\u00f3ss\u00e1g\u00e1nak probl\u00e9m\u00e1j\u00e1t. Igen, a m\u0171v\u00e9szeket nem szabad hib\u00e1ztatni: nem \u0151k tal\u00e1lt\u00e1k fel az \u00faj pigmentet. A tud\u00f3sok eredm\u00e9nyeinek k\u00f6sz\u00f6nhet\u0151en egyre t\u00f6bb k\u00fcl\u00f6nb\u00f6z\u0151 k\u00e9miai fest\u00e9kanyag jelent meg. Az egyik vagy m\u00e1sik sz\u00ednnel kapcsolatos divat \u00e9vente v\u00e1ltozott Eur\u00f3p\u00e1ban.<\/p>\n\n\n\n<figure class=\"wp-block-image size-full\"><img loading=\"lazy\" width=\"926\" height=\"1200\" src=\"https:\/\/liked.hu\/old\/wp-content\/uploads\/2024\/06\/Veszelyes-zold-ruhak-009.webp\" alt=\"Vesz\u00e9lyes z\u00f6ld ruh\u00e1k 009\" class=\"wp-image-338667\" srcset=\"https:\/\/liked.hu\/old\/wp-content\/uploads\/2024\/06\/Veszelyes-zold-ruhak-009.webp 926w, https:\/\/liked.hu\/old\/wp-content\/uploads\/2024\/06\/Veszelyes-zold-ruhak-009-768x995.webp 768w\" sizes=\"(max-width: 926px) 100vw, 926px\" \/><\/figure>\n\n\n\n<p>A francia k\u00e9mikus, Michel Eug\u00e8ne Chevreul megalkotta a sz\u00edntudom\u00e1nyt.<\/p>\n\n\n\n<p>Innent\u0151l kezdve a n\u0151k a sziv\u00e1rv\u00e1ny minden sz\u00edn\u00e9t kombin\u00e1lhatt\u00e1k \u00f6lt\u00f6z\u00e9k\u00fckben, mivel a fest\u00e9kanyagok olcs\u00f3bbak lettek. De tudod, hogy milyen anyag seg\u00edtett l\u00e9trehozni a z\u00f6ld minden \u00e1rnyalat\u00e1t? A feh\u00e9r arz\u00e9n!<\/p>\n\n\n\n<!--nextpage-->\n\n\n\n<h4>Ez egy finom por volt. Gy\u00f3gyszereket, r\u00e1gcs\u00e1l\u00f3irt\u00f3t \u00e9s&#8230; sz\u00f6vetfest\u00e9ket is k\u00e9sz\u00edtettek bel\u0151le.<\/h4>\n\n\n\n<figure class=\"wp-block-image size-full\"><img loading=\"lazy\" width=\"602\" height=\"816\" src=\"https:\/\/liked.hu\/old\/wp-content\/uploads\/2024\/06\/Veszelyes-zold-ruhak-008.webp\" alt=\"Vesz\u00e9lyes z\u00f6ld ruh\u00e1k 008\" class=\"wp-image-338666\"\/><\/figure>\n\n\n\n<p>A sv\u00e9d k\u00e9mikus, Carl Wilhelm Scheele nem sok\u00e1ig \u00e9lt &#8211; mind\u00f6ssze 43 \u00e9vig. \u0150 volt a 18. sz\u00e1zad kiemelked\u0151 k\u00eds\u00e9rletez\u0151je. II. Frigyes megh\u00edvta, hogy t\u00f6ltse be a k\u00e9mia tansz\u00e9ket a Berlini Egyetemen, de a tud\u00f3s visszautas\u00edtotta az aj\u00e1nlatot. Egy\u00e9bk\u00e9nt nem volt fels\u0151fok\u00fa v\u00e9gzetts\u00e9ge, de az a megtiszteltet\u00e9s \u00e9rte, hogy a Sv\u00e9d Tudom\u00e1nyos Akad\u00e9mia akad\u00e9mikusa lehetett.<\/p>\n\n\n\n<p>Sok\u00e1ig lehetne sorolni mindazt, amit Scheele felfedezett (p\u00e9ld\u00e1ul a glicerint \u00e9s oxig\u00e9nt). De a divat t\u00f6rt\u00e9n\u00e9szei sajnos most legink\u00e1bb a &#8222;Scheele-z\u00f6ld&#8221; miatt ismerik \u0151t. 1778-ban a tud\u00f3s publik\u00e1lta ugyanis a &#8222;Z\u00f6ld pigment&#8221; c\u00edm\u0171 cikket. Ebben le\u00edrta felfedez\u00e9s\u00e9t: r\u00e9z-szulf\u00e1t oldathoz k\u00e1lium \u00e9s arz\u00e9n kever\u00e9k\u00e9t adta. Az eredm\u00e9ny egy csod\u00e1latos, \u00e9l\u00e9nk z\u00f6ld \u00e1rnyalat lett.<\/p>\n\n\n\n<p>A tudom\u00e1ny nem \u00e1llt meg, \u00e9s 1814-ben ennek a pigmentnek egy m\u00e9g tel\u00edtettebb \u00e1rnyalat\u00e1t szintetiz\u00e1lt\u00e1k.<\/p>\n\n\n\n<p>Mindig m\u00e1shogy nevezt\u00e9k: vert anglais (&#8222;angol z\u00f6ld&#8221;) &#8211; Franciaorsz\u00e1gban, Angli\u00e1ban \u00e9s Amerik\u00e1ban pedig \u00e9ppen ellenkez\u0151leg &#8211; &#8222;francia z\u00f6ld&#8221;. A smaragdz\u00f6ld pigment gyakran azoknak az eur\u00f3pai v\u00e1rosoknak a nev\u00e9t kapta, ahol \u00e9ppen el\u0151\u00e1ll\u00edtott\u00e1k.<\/p>\n\n\n\n<figure class=\"wp-block-image size-full\"><img loading=\"lazy\" width=\"741\" height=\"1200\" src=\"https:\/\/liked.hu\/old\/wp-content\/uploads\/2024\/06\/Veszelyes-zold-ruhak-007.webp\" alt=\"Vesz\u00e9lyes z\u00f6ld ruh\u00e1k 007\" class=\"wp-image-338665\"\/><\/figure>\n\n\n\n\n<div style=\"float:none;margin:0px 0 0px 0;text-align:center;\">\n<div class=\"mobileHideke8\"><div class=\"hirdeteshatter\"><div style=\"display: inline-block;width: 50%;min-width:340px;vertical-align: top;\"><div class=\"hirdetes\">HIRDET\u00c9S<\/div>\n<!-- LikedQ81 -->\n<ins class=\"adsbygoogle\"\n     style=\"display:inline-block;width:336px;height:280px\"\n     data-ad-client=\"ca-pub-9424088931673893\"\n     data-ad-slot=\"2436840276\"><\/ins>\n<script async>\n     (adsbygoogle = window.adsbygoogle || []).push({});\n<\/script><\/div><div style=\"display: inline-block;width: 50%;min-width:340px;vertical-align: top;\"><div class=\"hirdetes\">HIRDET\u00c9S<\/div>\n<!-- LikedQ82 -->\n<ins class=\"adsbygoogle\"\n     style=\"display:inline-block;width:336px;height:280px\"\n     data-ad-client=\"ca-pub-9424088931673893\"\n     data-ad-slot=\"3558350253\"><\/ins>\n<script async>\n     (adsbygoogle = window.adsbygoogle || []).push({});\n<\/script><\/div><\/div><\/div>\n<div style=\"display:flex;flex-direction:column;\"><div class=\"mobileShowka8 nyolc\"><div style=\"padding-top:15px;padding-bottom:5px;min-height: 300px;\"><div class=\"hirdetes\">HIRDET\u00c9S<\/div>\n<!-- LikedQ8M -->\n<ins class=\"adsbygoogle\"\n     style=\"display:inline-block;width:336px;height:280px\"\n     data-ad-client=\"ca-pub-9424088931673893\"\n     data-ad-slot=\"4679860235\"><\/ins>\n<script async>\n     (adsbygoogle = window.adsbygoogle || []).push({});\n<\/script><\/div><\/div><\/div><\/div>\n\n\n\n\n<h4>A z\u00f6ld annyira n\u00e9pszer\u0171 sz\u00edn lett, hogy mindent &#8222;megh\u00f3d\u00edtott&#8221;: ruh\u00e1kat, cip\u0151ket \u00e9s kalapokat. Az arz\u00e9n alap\u00fa vegyi anyagokat tap\u00e9t\u00e1k \u00e9s falik\u00e1rpitok, f\u00fcgg\u00f6ny\u00f6k \u00e9s k\u00e1rpitok fest\u00e9s\u00e9re is haszn\u00e1lt\u00e1k.<\/h4>\n\n\n\n<figure class=\"wp-block-image size-full\"><img loading=\"lazy\" width=\"918\" height=\"1200\" src=\"https:\/\/liked.hu\/old\/wp-content\/uploads\/2024\/06\/Veszelyes-zold-ruhak-006.webp\" alt=\"Vesz\u00e9lyes z\u00f6ld ruh\u00e1k 006\" class=\"wp-image-338664\" srcset=\"https:\/\/liked.hu\/old\/wp-content\/uploads\/2024\/06\/Veszelyes-zold-ruhak-006.webp 918w, https:\/\/liked.hu\/old\/wp-content\/uploads\/2024\/06\/Veszelyes-zold-ruhak-006-768x1004.webp 768w\" sizes=\"(max-width: 918px) 100vw, 918px\" \/><\/figure>\n\n\n\n<h4>1812-ben Georg Friedrich Kersting megfestette az &#8222;Ablakn\u00e1l h\u00edmez\u0151 n\u0151&#8221; c\u00edm\u0171 festm\u00e9ny\u00e9t. \u00dagy t\u0171nik, hogy sajnos a z\u00f6ld volt a f\u0151 sz\u00edn a bels\u0151 t\u00e9rben.<\/h4>\n\n\n\n<p>A m\u00e9rgez\u0151 fest\u00e9k ekkora m\u00e1r 30 \u00e9ve m\u00e9rgezte a k\u00f6rnyezetet. Hiszen m\u00e9g s\u00fctem\u00e9nyek \u00e9s lekv\u00e1rok sz\u00ednez\u00e9s\u00e9re is haszn\u00e1lt\u00e1k!<\/p>\n\n\n\n<figure class=\"wp-block-image size-full\"><img loading=\"lazy\" width=\"1131\" height=\"1184\" src=\"https:\/\/liked.hu\/old\/wp-content\/uploads\/2024\/06\/Veszelyes-zold-ruhak-005.webp\" alt=\"Vesz\u00e9lyes z\u00f6ld ruh\u00e1k 005\" class=\"wp-image-338663\" srcset=\"https:\/\/liked.hu\/old\/wp-content\/uploads\/2024\/06\/Veszelyes-zold-ruhak-005.webp 1131w, https:\/\/liked.hu\/old\/wp-content\/uploads\/2024\/06\/Veszelyes-zold-ruhak-005-768x804.webp 768w\" sizes=\"(max-width: 1131px) 100vw, 1131px\" \/><\/figure>\n\n\n\n<p>A modern tud\u00f3sok arz\u00e9nnyomokat tal\u00e1ltak a William Morris \u00e1ltal gy\u00e1rtott sz\u00f6vetekben is.<\/p>\n\n\n\n<p>Kider\u00fclt, hogy a m\u00e9reg mindenhol \u00e9s \u00e9jjel-nappal \u00e9rte az embereket. Igen, a 19. sz\u00e1zad Eur\u00f3pa sz\u00e1m\u00e1ra egy &#8222;m\u00e9rgez\u0151&#8221; sz\u00e1zad lett.<\/p>\n\n\n\n<p>James Wharton m\u00e9g egy k\u00f6nyvet is \u00edrt err\u0151l &#8211; &#8222;Az arz\u00e9n kora: Hogyan fenyegette m\u00e9rgez\u00e9ssel az otthonuk, a munkahely\u00fck \u00e9s a szabadidej\u00fck a viktori\u00e1nus briteket&#8221;.<\/p>\n\n\n\n<figure class=\"wp-block-image size-full\"><img loading=\"lazy\" width=\"790\" height=\"1200\" src=\"https:\/\/liked.hu\/old\/wp-content\/uploads\/2024\/06\/Veszelyes-zold-ruhak-004.webp\" alt=\"Vesz\u00e9lyes z\u00f6ld ruh\u00e1k 004\" class=\"wp-image-338662\" srcset=\"https:\/\/liked.hu\/old\/wp-content\/uploads\/2024\/06\/Veszelyes-zold-ruhak-004.webp 790w, https:\/\/liked.hu\/old\/wp-content\/uploads\/2024\/06\/Veszelyes-zold-ruhak-004-768x1167.webp 768w\" sizes=\"(max-width: 790px) 100vw, 790px\" \/><\/figure>\n\n\n\n<p>&#8230;1861 november\u00e9ben botr\u00e1ny t\u00f6rt ki Londonban. Az orvosok elkezdt\u00e9k kider\u00edteni, mi okozta a 19 \u00e9ves Matilda Scheurer hal\u00e1l\u00e1t, \u00e9s bebizony\u00edtott\u00e1k, hogy &#8222;hirtelen&#8221; m\u00e9rgez\u00e9s t\u00f6rt\u00e9nt. A l\u00e1ny egy m\u0171helyben dolgozott, ahol m\u0171vir\u00e1gokat k\u00e9sz\u00edtettek. Z\u00f6ld anyagot kellett permeteznie a levelekre.<\/p>\n\n\n\n<p>Matilda gy\u00f6trelmes k\u00ednhal\u00e1lt halt. Fulladozott, a szeme feh\u00e9rje bez\u00f6ld\u00fclt. Folyamatosan h\u00e1nyt. A ny\u00e1la is z\u00f6ld volt. Az orvos\u00e1nak panaszkodott, hogy mindent z\u00f6ldnek l\u00e1t.<\/p>\n\n\n\n<p>Az \u00fajs\u00e1g\u00edr\u00f3k nem apr\u00f3l\u00e9kosan bemutatt\u00e1k a h\u00e1tborzongat\u00f3 r\u00e9szleteket, amikor le\u00edrt\u00e1k a hal\u00e1l\u00e1t. \u00c9s minden\u00e9rt a gazdag h\u00f6lgyeket hib\u00e1ztatt\u00e1k, akiknek Matilda \u00e9s bar\u00e1tn\u0151i m\u0171vir\u00e1gokb\u00f3l koszor\u00fakat k\u00e9sz\u00edtettek. M\u00e9g egy \u00faj kifejez\u00e9s is megjelent &#8211; Killing femme fatale. A &#8222;killing&#8221; sz\u00f3 ebben az \u00f6sszef\u00fcgg\u00e9sben kor\u00e1bban azt jelentette, hogy &#8222;vonz\u00f3&#8221;.<\/p>\n\n\n\n\n<div style=\"float:none;margin:0px 0 0px 0;text-align:center;\">\n<div class=\"mobileHideke5\"><div style=\"margin-top:25px;\"><div class=\"hirdeteshatter\"><div style=\"display: inline-block;width: 50%;min-width:305px;vertical-align: top;\"><div class=\"hirdetes\">HIRDET\u00c9S<\/div>\n<!-- LikedQ51 -->\n<ins class=\"adsbygoogle\"\n     style=\"display:inline-block;width:300px;height:250px\"\n     data-ad-client=\"ca-pub-9424088931673893\"\n     data-ad-slot=\"8284063326\"><\/ins>\n<script async>\n     (adsbygoogle = window.adsbygoogle || []).push({});\n<\/script><\/div><div style=\"display: inline-block;width: 50%;min-width:305px;vertical-align: top;\"><div class=\"hirdetes\">HIRDET\u00c9S<\/div>\n<!-- LikedQ52 -->\n<ins class=\"adsbygoogle\"\n     style=\"display:inline-block;width:300px;height:250px\"\n     data-ad-client=\"ca-pub-9424088931673893\"\n     data-ad-slot=\"2840164950\"><\/ins>\n<script async>\n     (adsbygoogle = window.adsbygoogle || []).push({});\n<\/script><\/div><\/div><\/div><\/div>\n<div style=\"display:flex;flex-direction:column;\"><div class=\"mobileShowka5\"><div style=\"padding-top:10px;padding-bottom:10px;min-height: 300px;\"><div class=\"hirdetes\">HIRDET\u00c9S<\/div>\n<!-- LikedQ5M -->\n<ins class=\"adsbygoogle\"\n     style=\"display:inline-block;width:300px;height:250px\"\n     data-ad-client=\"ca-pub-9424088931673893\"\n     data-ad-slot=\"9022429928\"><\/ins>\n<script async>\n     (adsbygoogle = window.adsbygoogle || []).push({});\n<\/script><\/div><\/div><\/div><\/div>\n\n\n\n\n<figure class=\"wp-block-image size-full\"><img loading=\"lazy\" width=\"900\" height=\"1050\" src=\"https:\/\/liked.hu\/old\/wp-content\/uploads\/2024\/06\/Veszelyes-zold-ruhak-003.webp\" alt=\"Vesz\u00e9lyes z\u00f6ld ruh\u00e1k 003\" class=\"wp-image-338661\" srcset=\"https:\/\/liked.hu\/old\/wp-content\/uploads\/2024\/06\/Veszelyes-zold-ruhak-003.webp 900w, https:\/\/liked.hu\/old\/wp-content\/uploads\/2024\/06\/Veszelyes-zold-ruhak-003-768x896.webp 768w\" sizes=\"(max-width: 900px) 100vw, 900px\" \/><\/figure>\n\n\n\n<p>Sz\u00f3val vonz\u00f3 vagy ink\u00e1bb gyilkos h\u00f6lgyek? Matilda Scheurer hal\u00e1la ut\u00e1n a vil\u00e1gh\u00edr\u0171 vegy\u00e9sz, August Wilhelm Hofmann megb\u00edz\u00e1st kapott a z\u00f6ld pigment vizsg\u00e1lat\u00e1ra. A szak\u00e9rt\u0151 v\u00e1llalta a szavai\u00e9rt a felel\u0151ss\u00e9get, amikor cikket k\u00f6z\u00f6lt a The Timesban, \u00e9s &#8222;A hal\u00e1l t\u00e1nca&#8221; c\u00edmet adta neki. Kider\u00fclt, hogy egyetlen hajd\u00edsz, amelyen Matilda \u00e9s bar\u00e1tn\u0151i dolgoztak, ak\u00e1r 20 embert is meg\u00f6lhetett volna, annyi arz\u00e9nt tartalmazott.<\/p>\n\n\n\n<p>Egy b\u00e1liruha pedig, amelyhez akkoriban 18 m\u00e9ter divatos &#8222;tartan&#8221; anyag kellett, k\u00f6r\u00fclbel\u00fcl 12 ember hal\u00e1l\u00e1t okozhatta volna t\u00e1nc k\u00f6zben. Ennek a 12 embernek el\u00e9g lett volna csup\u00e1n a ruh\u00e1t visel\u0151 h\u00f6lgy k\u00f6zel\u00e9ben tart\u00f3zkodni t\u00e1nc k\u00f6zben ahhoz, hogy arz\u00e9nm\u00e9rgez\u00e9st kapjanak. Mozg\u00e1s k\u00f6zben ugyanis err\u0151l a ruh\u00e1r\u00f3l kb. 60 szem arz\u00e9n hullott le, a m\u00e9rgez\u00e9shez pedig 4-5 szem is &#8222;el\u00e9g&#8221;. (Egy szem k\u00f6r\u00fclbel\u00fcl 65 mg.)<\/p>\n\n\n\n<figure class=\"wp-block-image size-full\"><img loading=\"lazy\" width=\"1200\" height=\"1200\" src=\"https:\/\/liked.hu\/old\/wp-content\/uploads\/2024\/06\/Veszelyes-zold-ruhak-002.webp\" alt=\"Vesz\u00e9lyes z\u00f6ld ruh\u00e1k 002\" class=\"wp-image-338660\" srcset=\"https:\/\/liked.hu\/old\/wp-content\/uploads\/2024\/06\/Veszelyes-zold-ruhak-002.webp 1200w, https:\/\/liked.hu\/old\/wp-content\/uploads\/2024\/06\/Veszelyes-zold-ruhak-002-768x768.webp 768w\" sizes=\"(max-width: 1200px) 100vw, 1200px\" \/><\/figure>\n\n\n\n<p>Hofmann cikk\u00e9nek megjelen\u00e9se ut\u00e1n a British Medical Journal szerz\u0151je el\u0151sz\u00f6r nevezte az angol divatos n\u0151ket &#8222;gyilkosoknak&#8221;. Azt \u00edrta: &#8222;Nevezz\u00fck az ilyen ruha elb\u0171v\u00f6l\u0151 tulajdonosait gyilkosoknak. A szokny\u00e1jukban el\u00e9g m\u00e9rget hordoznak ahhoz, hogy megm\u00e9rgezzenek f\u00e9l tucat embert egy b\u00e1lteremben.&#8221;<\/p>\n\n\n\n<figure class=\"wp-block-image size-full\"><img loading=\"lazy\" width=\"900\" height=\"1200\" src=\"https:\/\/liked.hu\/old\/wp-content\/uploads\/2024\/06\/Veszelyes-zold-ruhak-001.webp\" alt=\"Vesz\u00e9lyes z\u00f6ld ruh\u00e1k 001\" class=\"wp-image-338659\" srcset=\"https:\/\/liked.hu\/old\/wp-content\/uploads\/2024\/06\/Veszelyes-zold-ruhak-001.webp 900w, https:\/\/liked.hu\/old\/wp-content\/uploads\/2024\/06\/Veszelyes-zold-ruhak-001-768x1024.webp 768w\" sizes=\"(max-width: 900px) 100vw, 900px\" \/><\/figure>\n\n\n\n<p class=\"has-text-align-center\"><strong>Miel\u0151tt azonnal rohann\u00e1l, hogy megszabadulj minden z\u00f6ld ruh\u00e1dt\u00f3l, lassan a testtel! A z\u00f6ld ruh\u00e1k ma m\u00e1r teljesen biztons\u00e1gosak, az arz\u00e9n ugyanis ma m\u00e1r nem r\u00e9sze a z\u00f6ld sz\u00edn el\u0151\u00e1ll\u00edt\u00e1s\u00e1hoz haszn\u00e1lt vegyianyagoknak.<\/strong><\/p>\n","protected":false},"excerpt":{"rendered":"<p>A 18. sz\u00e1zadban m\u00e9g senki sem gondolta volna, hogy egy sz\u00edn vesz\u00e9lyes lehet.<\/p>\n","protected":false},"author":22,"featured_media":338658,"comment_status":"open","ping_status":"closed","sticky":false,"template":"","format":"standard","meta":{"buzzeditor_post_format":""},"categories":[23],"tags":[5823,2425,2655],"yoast_head":"<!-- This site is optimized with the Yoast SEO plugin v19.6.1 - https:\/\/yoast.com\/wordpress\/plugins\/seo\/ -->\n<title>Hogyan \u00e9s mi\u00e9rt \u00f6lt\u00e9k meg r\u00e9gen a n\u0151ket sz\u00e9p lassan a z\u00f6ld ruh\u00e1k<\/title>\n<meta name=\"description\" content=\"A 18. sz\u00e1zadban m\u00e9g senki sem gondolta volna, hogy egy sz\u00edn vesz\u00e9lyes lehet.\" \/>\n<meta name=\"robots\" content=\"index, follow, max-snippet:-1, max-image-preview:large, max-video-preview:-1\" \/>\n<link rel=\"canonical\" href=\"https:\/\/liked.hu\/old\/erdekes\/hogyan-es-miert-oltek-meg-regen-a-noket-szep-lassan-a-zold-ruhak\/\" \/>\n<link rel=\"next\" href=\"https:\/\/liked.hu\/old\/erdekes\/hogyan-es-miert-oltek-meg-regen-a-noket-szep-lassan-a-zold-ruhak\/2\/\" \/>\n<meta property=\"og:locale\" content=\"hu_HU\" \/>\n<meta property=\"og:type\" content=\"article\" \/>\n<meta property=\"og:title\" content=\"Hogyan \u00e9s mi\u00e9rt \u00f6lt\u00e9k meg r\u00e9gen a n\u0151ket sz\u00e9p lassan a z\u00f6ld ruh\u00e1k\" \/>\n<meta property=\"og:description\" content=\"A 18. sz\u00e1zadban m\u00e9g senki sem gondolta volna, hogy egy sz\u00edn vesz\u00e9lyes lehet.\" \/>\n<meta property=\"og:url\" content=\"https:\/\/liked.hu\/old\/erdekes\/hogyan-es-miert-oltek-meg-regen-a-noket-szep-lassan-a-zold-ruhak\/\" \/>\n<meta property=\"og:site_name\" content=\"Liked.hu\" \/>\n<meta property=\"article:publisher\" content=\"https:\/\/www.facebook.com\/liked.hu\" \/>\n<meta property=\"article:author\" content=\"https:\/\/www.facebook.com\/profile.php?id=100069488029999\" \/>\n<meta property=\"article:published_time\" content=\"2024-06-05T07:07:43+00:00\" \/>\n<meta property=\"article:modified_time\" content=\"2024-06-05T07:09:08+00:00\" \/>\n<meta property=\"og:image\" content=\"https:\/\/liked.hu\/old\/wp-content\/uploads\/2024\/06\/Veszelyes-zold-ruhak.jpg\" \/>\n\t<meta property=\"og:image:width\" content=\"1200\" \/>\n\t<meta property=\"og:image:height\" content=\"630\" \/>\n\t<meta property=\"og:image:type\" content=\"image\/jpeg\" \/>\n<meta name=\"author\" content=\"1mernok\" \/>\n<meta name=\"twitter:card\" content=\"summary\" \/>\n<meta name=\"twitter:creator\" content=\"@LikedHu\" \/>\n<meta name=\"twitter:site\" content=\"@LikedHu\" \/>\n<meta name=\"twitter:label1\" content=\"Szerz\u0151:\" \/>\n\t<meta name=\"twitter:data1\" content=\"1mernok\" \/>\n\t<meta name=\"twitter:label2\" content=\"Becs\u00fclt olvas\u00e1si id\u0151\" \/>\n\t<meta name=\"twitter:data2\" content=\"7 perc\" \/>\n<script type=\"application\/ld+json\" class=\"yoast-schema-graph\">{\"@context\":\"https:\/\/schema.org\",\"@graph\":[{\"@type\":\"Article\",\"@id\":\"https:\/\/liked.hu\/old\/erdekes\/hogyan-es-miert-oltek-meg-regen-a-noket-szep-lassan-a-zold-ruhak\/#article\",\"isPartOf\":{\"@id\":\"https:\/\/liked.hu\/old\/erdekes\/hogyan-es-miert-oltek-meg-regen-a-noket-szep-lassan-a-zold-ruhak\/\"},\"author\":{\"name\":\"1mernok\",\"@id\":\"https:\/\/liked.hu\/old\/#\/schema\/person\/eb840c492fdb3076d9c2d140cc634ebb\"},\"headline\":\"Hogyan \u00e9s mi\u00e9rt \u00f6lt\u00e9k meg r\u00e9gen a n\u0151ket sz\u00e9p lassan a z\u00f6ld ruh\u00e1k\",\"datePublished\":\"2024-06-05T07:07:43+00:00\",\"dateModified\":\"2024-06-05T07:09:08+00:00\",\"mainEntityOfPage\":{\"@id\":\"https:\/\/liked.hu\/old\/erdekes\/hogyan-es-miert-oltek-meg-regen-a-noket-szep-lassan-a-zold-ruhak\/\"},\"wordCount\":1357,\"commentCount\":0,\"publisher\":{\"@id\":\"https:\/\/liked.hu\/old\/#organization\"},\"keywords\":[\"Ma tudtam meg!\",\"sz\u00ednek\",\"t\u00f6rt\u00e9nelem\"],\"articleSection\":[\"\u00c9rdekess\u00e9gek\"],\"inLanguage\":\"hu\",\"potentialAction\":[{\"@type\":\"CommentAction\",\"name\":\"Comment\",\"target\":[\"https:\/\/liked.hu\/old\/erdekes\/hogyan-es-miert-oltek-meg-regen-a-noket-szep-lassan-a-zold-ruhak\/#respond\"]}]},{\"@type\":\"WebPage\",\"@id\":\"https:\/\/liked.hu\/old\/erdekes\/hogyan-es-miert-oltek-meg-regen-a-noket-szep-lassan-a-zold-ruhak\/\",\"url\":\"https:\/\/liked.hu\/old\/erdekes\/hogyan-es-miert-oltek-meg-regen-a-noket-szep-lassan-a-zold-ruhak\/\",\"name\":\"Hogyan \u00e9s mi\u00e9rt \u00f6lt\u00e9k meg r\u00e9gen a n\u0151ket sz\u00e9p lassan a z\u00f6ld ruh\u00e1k\",\"isPartOf\":{\"@id\":\"https:\/\/liked.hu\/old\/#website\"},\"datePublished\":\"2024-06-05T07:07:43+00:00\",\"dateModified\":\"2024-06-05T07:09:08+00:00\",\"description\":\"A 18. sz\u00e1zadban m\u00e9g senki sem gondolta volna, hogy egy sz\u00edn vesz\u00e9lyes lehet.\",\"breadcrumb\":{\"@id\":\"https:\/\/liked.hu\/old\/erdekes\/hogyan-es-miert-oltek-meg-regen-a-noket-szep-lassan-a-zold-ruhak\/#breadcrumb\"},\"inLanguage\":\"hu\",\"potentialAction\":[{\"@type\":\"ReadAction\",\"target\":[\"https:\/\/liked.hu\/old\/erdekes\/hogyan-es-miert-oltek-meg-regen-a-noket-szep-lassan-a-zold-ruhak\/\"]}]},{\"@type\":\"BreadcrumbList\",\"@id\":\"https:\/\/liked.hu\/old\/erdekes\/hogyan-es-miert-oltek-meg-regen-a-noket-szep-lassan-a-zold-ruhak\/#breadcrumb\",\"itemListElement\":[{\"@type\":\"ListItem\",\"position\":1,\"name\":\"Kezd\u0151lap\"}]},{\"@type\":\"WebSite\",\"@id\":\"https:\/\/liked.hu\/old\/#website\",\"url\":\"https:\/\/liked.hu\/old\/\",\"name\":\"Liked.hu\",\"description\":\"\",\"publisher\":{\"@id\":\"https:\/\/liked.hu\/old\/#organization\"},\"potentialAction\":[{\"@type\":\"SearchAction\",\"target\":{\"@type\":\"EntryPoint\",\"urlTemplate\":\"https:\/\/liked.hu\/old\/?s={search_term_string}\"},\"query-input\":\"required name=search_term_string\"}],\"inLanguage\":\"hu\"},{\"@type\":\"Organization\",\"@id\":\"https:\/\/liked.hu\/old\/#organization\",\"name\":\"Liked.hu\",\"url\":\"https:\/\/liked.hu\/old\/\",\"sameAs\":[\"https:\/\/hu.pinterest.com\/likedhungary\/\",\"https:\/\/www.youtube.com\/channel\/UCPv91dbMoIukYcM9b9nHN6Q\",\"https:\/\/www.facebook.com\/liked.hu\",\"https:\/\/twitter.com\/LikedHu\"],\"logo\":{\"@type\":\"ImageObject\",\"inLanguage\":\"hu\",\"@id\":\"https:\/\/liked.hu\/old\/#\/schema\/logo\/image\/\",\"url\":\"https:\/\/liked.hu\/wp-content\/uploads\/2018\/08\/Liked-icon.png\",\"contentUrl\":\"https:\/\/liked.hu\/wp-content\/uploads\/2018\/08\/Liked-icon.png\",\"width\":512,\"height\":512,\"caption\":\"Liked.hu\"},\"image\":{\"@id\":\"https:\/\/liked.hu\/old\/#\/schema\/logo\/image\/\"}},{\"@type\":\"Person\",\"@id\":\"https:\/\/liked.hu\/old\/#\/schema\/person\/eb840c492fdb3076d9c2d140cc634ebb\",\"name\":\"1mernok\",\"image\":{\"@type\":\"ImageObject\",\"inLanguage\":\"hu\",\"@id\":\"https:\/\/liked.hu\/old\/#\/schema\/person\/image\/\",\"url\":\"https:\/\/liked.hu\/old\/wp-content\/uploads\/avatars\/22\/604de6ee60df1-bpfull.jpg\",\"contentUrl\":\"https:\/\/liked.hu\/old\/wp-content\/uploads\/avatars\/22\/604de6ee60df1-bpfull.jpg\",\"caption\":\"1mernok\"},\"sameAs\":[\"https:\/\/www.facebook.com\/profile.php?id=100069488029999\"],\"url\":\"https:\/\/liked.hu\/old\/u\/1mernok\/\"}]}<\/script>\n<!-- \/ Yoast SEO plugin. -->","yoast_head_json":{"title":"Hogyan \u00e9s mi\u00e9rt \u00f6lt\u00e9k meg r\u00e9gen a n\u0151ket sz\u00e9p lassan a z\u00f6ld ruh\u00e1k","description":"A 18. sz\u00e1zadban m\u00e9g senki sem gondolta volna, hogy egy sz\u00edn vesz\u00e9lyes lehet.","robots":{"index":"index","follow":"follow","max-snippet":"max-snippet:-1","max-image-preview":"max-image-preview:large","max-video-preview":"max-video-preview:-1"},"canonical":"https:\/\/liked.hu\/old\/erdekes\/hogyan-es-miert-oltek-meg-regen-a-noket-szep-lassan-a-zold-ruhak\/","next":"https:\/\/liked.hu\/old\/erdekes\/hogyan-es-miert-oltek-meg-regen-a-noket-szep-lassan-a-zold-ruhak\/2\/","og_locale":"hu_HU","og_type":"article","og_title":"Hogyan \u00e9s mi\u00e9rt \u00f6lt\u00e9k meg r\u00e9gen a n\u0151ket sz\u00e9p lassan a z\u00f6ld ruh\u00e1k","og_description":"A 18. sz\u00e1zadban m\u00e9g senki sem gondolta volna, hogy egy sz\u00edn vesz\u00e9lyes lehet.","og_url":"https:\/\/liked.hu\/old\/erdekes\/hogyan-es-miert-oltek-meg-regen-a-noket-szep-lassan-a-zold-ruhak\/","og_site_name":"Liked.hu","article_publisher":"https:\/\/www.facebook.com\/liked.hu","article_author":"https:\/\/www.facebook.com\/profile.php?id=100069488029999","article_published_time":"2024-06-05T07:07:43+00:00","article_modified_time":"2024-06-05T07:09:08+00:00","og_image":[{"width":1200,"height":630,"url":"https:\/\/liked.hu\/old\/wp-content\/uploads\/2024\/06\/Veszelyes-zold-ruhak.jpg","type":"image\/jpeg"}],"author":"1mernok","twitter_card":"summary","twitter_creator":"@LikedHu","twitter_site":"@LikedHu","twitter_misc":{"Szerz\u0151:":"1mernok","Becs\u00fclt olvas\u00e1si id\u0151":"7 perc"},"schema":{"@context":"https:\/\/schema.org","@graph":[{"@type":"Article","@id":"https:\/\/liked.hu\/old\/erdekes\/hogyan-es-miert-oltek-meg-regen-a-noket-szep-lassan-a-zold-ruhak\/#article","isPartOf":{"@id":"https:\/\/liked.hu\/old\/erdekes\/hogyan-es-miert-oltek-meg-regen-a-noket-szep-lassan-a-zold-ruhak\/"},"author":{"name":"1mernok","@id":"https:\/\/liked.hu\/old\/#\/schema\/person\/eb840c492fdb3076d9c2d140cc634ebb"},"headline":"Hogyan \u00e9s mi\u00e9rt \u00f6lt\u00e9k meg r\u00e9gen a n\u0151ket sz\u00e9p lassan a z\u00f6ld ruh\u00e1k","datePublished":"2024-06-05T07:07:43+00:00","dateModified":"2024-06-05T07:09:08+00:00","mainEntityOfPage":{"@id":"https:\/\/liked.hu\/old\/erdekes\/hogyan-es-miert-oltek-meg-regen-a-noket-szep-lassan-a-zold-ruhak\/"},"wordCount":1357,"commentCount":0,"publisher":{"@id":"https:\/\/liked.hu\/old\/#organization"},"keywords":["Ma tudtam meg!","sz\u00ednek","t\u00f6rt\u00e9nelem"],"articleSection":["\u00c9rdekess\u00e9gek"],"inLanguage":"hu","potentialAction":[{"@type":"CommentAction","name":"Comment","target":["https:\/\/liked.hu\/old\/erdekes\/hogyan-es-miert-oltek-meg-regen-a-noket-szep-lassan-a-zold-ruhak\/#respond"]}]},{"@type":"WebPage","@id":"https:\/\/liked.hu\/old\/erdekes\/hogyan-es-miert-oltek-meg-regen-a-noket-szep-lassan-a-zold-ruhak\/","url":"https:\/\/liked.hu\/old\/erdekes\/hogyan-es-miert-oltek-meg-regen-a-noket-szep-lassan-a-zold-ruhak\/","name":"Hogyan \u00e9s mi\u00e9rt \u00f6lt\u00e9k meg r\u00e9gen a n\u0151ket sz\u00e9p lassan a z\u00f6ld ruh\u00e1k","isPartOf":{"@id":"https:\/\/liked.hu\/old\/#website"},"datePublished":"2024-06-05T07:07:43+00:00","dateModified":"2024-06-05T07:09:08+00:00","description":"A 18. sz\u00e1zadban m\u00e9g senki sem gondolta volna, hogy egy sz\u00edn vesz\u00e9lyes lehet.","breadcrumb":{"@id":"https:\/\/liked.hu\/old\/erdekes\/hogyan-es-miert-oltek-meg-regen-a-noket-szep-lassan-a-zold-ruhak\/#breadcrumb"},"inLanguage":"hu","potentialAction":[{"@type":"ReadAction","target":["https:\/\/liked.hu\/old\/erdekes\/hogyan-es-miert-oltek-meg-regen-a-noket-szep-lassan-a-zold-ruhak\/"]}]},{"@type":"BreadcrumbList","@id":"https:\/\/liked.hu\/old\/erdekes\/hogyan-es-miert-oltek-meg-regen-a-noket-szep-lassan-a-zold-ruhak\/#breadcrumb","itemListElement":[{"@type":"ListItem","position":1,"name":"Kezd\u0151lap"}]},{"@type":"WebSite","@id":"https:\/\/liked.hu\/old\/#website","url":"https:\/\/liked.hu\/old\/","name":"Liked.hu","description":"","publisher":{"@id":"https:\/\/liked.hu\/old\/#organization"},"potentialAction":[{"@type":"SearchAction","target":{"@type":"EntryPoint","urlTemplate":"https:\/\/liked.hu\/old\/?s={search_term_string}"},"query-input":"required name=search_term_string"}],"inLanguage":"hu"},{"@type":"Organization","@id":"https:\/\/liked.hu\/old\/#organization","name":"Liked.hu","url":"https:\/\/liked.hu\/old\/","sameAs":["https:\/\/hu.pinterest.com\/likedhungary\/","https:\/\/www.youtube.com\/channel\/UCPv91dbMoIukYcM9b9nHN6Q","https:\/\/www.facebook.com\/liked.hu","https:\/\/twitter.com\/LikedHu"],"logo":{"@type":"ImageObject","inLanguage":"hu","@id":"https:\/\/liked.hu\/old\/#\/schema\/logo\/image\/","url":"https:\/\/liked.hu\/wp-content\/uploads\/2018\/08\/Liked-icon.png","contentUrl":"https:\/\/liked.hu\/wp-content\/uploads\/2018\/08\/Liked-icon.png","width":512,"height":512,"caption":"Liked.hu"},"image":{"@id":"https:\/\/liked.hu\/old\/#\/schema\/logo\/image\/"}},{"@type":"Person","@id":"https:\/\/liked.hu\/old\/#\/schema\/person\/eb840c492fdb3076d9c2d140cc634ebb","name":"1mernok","image":{"@type":"ImageObject","inLanguage":"hu","@id":"https:\/\/liked.hu\/old\/#\/schema\/person\/image\/","url":"https:\/\/liked.hu\/old\/wp-content\/uploads\/avatars\/22\/604de6ee60df1-bpfull.jpg","contentUrl":"https:\/\/liked.hu\/old\/wp-content\/uploads\/avatars\/22\/604de6ee60df1-bpfull.jpg","caption":"1mernok"},"sameAs":["https:\/\/www.facebook.com\/profile.php?id=100069488029999"],"url":"https:\/\/liked.hu\/old\/u\/1mernok\/"}]}},"publishpress_future_action":{"enabled":false,"date":"1970-01-01 01:00:00","action":"","terms":[],"taxonomy":"","browser_timezone_offset":0},"_links":{"self":[{"href":"https:\/\/liked.hu\/old\/wp-json\/wp\/v2\/posts\/338657"}],"collection":[{"href":"https:\/\/liked.hu\/old\/wp-json\/wp\/v2\/posts"}],"about":[{"href":"https:\/\/liked.hu\/old\/wp-json\/wp\/v2\/types\/post"}],"author":[{"embeddable":true,"href":"https:\/\/liked.hu\/old\/wp-json\/wp\/v2\/users\/22"}],"replies":[{"embeddable":true,"href":"https:\/\/liked.hu\/old\/wp-json\/wp\/v2\/comments?post=338657"}],"version-history":[{"count":0,"href":"https:\/\/liked.hu\/old\/wp-json\/wp\/v2\/posts\/338657\/revisions"}],"wp:featuredmedia":[{"embeddable":true,"href":"https:\/\/liked.hu\/old\/wp-json\/wp\/v2\/media\/338658"}],"wp:attachment":[{"href":"https:\/\/liked.hu\/old\/wp-json\/wp\/v2\/media?parent=338657"}],"wp:term":[{"taxonomy":"category","embeddable":true,"href":"https:\/\/liked.hu\/old\/wp-json\/wp\/v2\/categories?post=338657"},{"taxonomy":"post_tag","embeddable":true,"href":"https:\/\/liked.hu\/old\/wp-json\/wp\/v2\/tags?post=338657"}],"curies":[{"name":"wp","href":"https:\/\/api.w.org\/{rel}","templated":true}]}}