{"id":336066,"date":"2024-05-01T18:14:49","date_gmt":"2024-05-01T17:14:49","guid":{"rendered":"https:\/\/liked.hu\/old\/?p=336066"},"modified":"2024-05-01T18:14:51","modified_gmt":"2024-05-01T17:14:51","slug":"a-vilag-5-legnagyobb-megfejtetlen-rejtelye","status":"publish","type":"post","link":"https:\/\/liked.hu\/old\/erdekes\/a-vilag-5-legnagyobb-megfejtetlen-rejtelye\/","title":{"rendered":"A vil\u00e1g 5 legnagyobb megfejtetlen rejt\u00e9lye"},"content":{"rendered":"\n<p>A F\u00f6ld tele van megfejtetlen rejt\u00e9lyekkel, \u0151si civiliz\u00e1ci\u00f3k nyomaival \u00e9s megmagyar\u00e1zhatatlan jelens\u00e9gekkel, amik \u00e9vsz\u00e1zadok \u00f3ta foglalkoztatj\u00e1k az emberis\u00e9get. Ezek a tal\u00e1nyok arra k\u00e9sztetnek minket, hogy feszegess\u00fck a tud\u00e1sunk hat\u00e1rait, \u00e9s \u00faj szemsz\u00f6gb\u0151l vizsg\u00e1ljuk a m\u00faltat \u00e9s a jelen\u00fcnket.<\/p>\n\n\n\n\n<div style=\"float:none;margin:0px 0 0px 0;text-align:center;\">\n<div class=\"mobileShowkakettes\"><div class=\"mobileShowka2\"><div style=\"padding-top:0px;padding-bottom:15px;min-height: 300px;\"><div class=\"hirdetes\">HIRDET\u00c9S<\/div>\n<!-- 300lista -->\n<ins class=\"adsbygoogle\"\n     style=\"display:inline-block;width:300px;height:250px\"\n     data-ad-client=\"ca-pub-9424088931673893\"\n     data-ad-slot=\"8471340766\"><\/ins>\n<script async>\n     (adsbygoogle = window.adsbygoogle || []).push({});\n<\/script><\/div><\/div><\/div><\/div>\n\n\n\n\n<p>Ma \u00f6t olyan esetet vizsg\u00e1lunk meg, amelyek a vil\u00e1g legnagyobb titkai k\u00f6z\u00e9 tartoznak.<\/p>\n\n\n\n<h4><strong>1. Bimini \u00fat<\/strong><\/h4>\n\n\n\n<figure class=\"wp-block-image size-full\"><img loading=\"lazy\" width=\"1200\" height=\"675\" src=\"https:\/\/liked.hu\/old\/wp-content\/uploads\/2024\/05\/Vilag-titkai-005.webp\" alt=\"Vil\u00e1g titkai 005\" class=\"wp-image-336071\" srcset=\"https:\/\/liked.hu\/old\/wp-content\/uploads\/2024\/05\/Vilag-titkai-005.webp 1200w, https:\/\/liked.hu\/old\/wp-content\/uploads\/2024\/05\/Vilag-titkai-005-768x432.webp 768w\" sizes=\"(max-width: 1200px) 100vw, 1200px\" \/><\/figure>\n\n\n\n<p>Ez a furcsa k\u0151k\u00e9pz\u0151dm\u00e9ny \u00e9vtizedek \u00f3ta k\u00e1pr\u00e1ztatja el a b\u00fav\u00e1rokat a Baham\u00e1kon. Jacques Mayol, a legend\u00e1s b\u00fav\u00e1r \u00e9s k\u00e9t t\u00e1rsa fedezte fel el\u0151sz\u00f6r, mik\u00f6zben a North Bimini sziget partjain\u00e1l mer\u00fcltek. A &#8222;j\u00e1rda&#8221; n\u00e9ven ismert k\u00e9pz\u0151dm\u00e9ny m\u00e9szk\u0151blokkokb\u00f3l \u00e1ll, \u00e9s becsl\u00e9sek szerint 1900 \u00e9s 3500 \u00e9v k\u00f6z\u00f6tti.<\/p>\n\n\n\n<p>A &#8222;f\u0151\u00fat&#8221; mellett k\u00e9t kisebb, p\u00e1rhuzamos k\u0151\u00fat is fut, ugyanolyan t\u00edpus\u00fa k\u00f6vekb\u0151l kirakva. Ezek az utak hamarosan elgondolkodtatt\u00e1k a t\u00f6rt\u00e9n\u00e9szeket, civileket \u00e9s b\u00fav\u00e1rokat egyar\u00e1nt egy r\u00e9g elveszett, az emberis\u00e9g sz\u00e1m\u00e1ra ismeretlen civiliz\u00e1ci\u00f3 lehet\u0151s\u00e9g\u00e9re.<\/p>\n\n\n\n<p>De mi a legijeszt\u0151bb ebben az \u00fatban? Edgar Cayce, a h\u00edres l\u00e1tnok egykor megj\u00f3solta, hogy Atlantisz romjai a Bimini-szigetek k\u00f6zel\u00e9ben fognak felbukkanni.<\/p>\n\n\n\n\n<div style=\"float:none;margin:0px 0 0px 0;text-align:center;\">\n<div class=\"mobileHideke5\"><div style=\"margin-top:25px;\"><div class=\"hirdeteshatter\"><div style=\"display: inline-block;width: 50%;min-width:305px;vertical-align: top;\"><div class=\"hirdetes\">HIRDET\u00c9S<\/div>\n<!-- LikedQ51 -->\n<ins class=\"adsbygoogle\"\n     style=\"display:inline-block;width:300px;height:250px\"\n     data-ad-client=\"ca-pub-9424088931673893\"\n     data-ad-slot=\"8284063326\"><\/ins>\n<script async>\n     (adsbygoogle = window.adsbygoogle || []).push({});\n<\/script><\/div><div style=\"display: inline-block;width: 50%;min-width:305px;vertical-align: top;\"><div class=\"hirdetes\">HIRDET\u00c9S<\/div>\n<!-- LikedQ52 -->\n<ins class=\"adsbygoogle\"\n     style=\"display:inline-block;width:300px;height:250px\"\n     data-ad-client=\"ca-pub-9424088931673893\"\n     data-ad-slot=\"2840164950\"><\/ins>\n<script async>\n     (adsbygoogle = window.adsbygoogle || []).push({});\n<\/script><\/div><\/div><\/div><\/div>\n<div style=\"display:flex;flex-direction:column;\"><div class=\"mobileShowka5\"><div style=\"padding-top:10px;padding-bottom:10px;min-height: 300px;\"><div class=\"hirdetes\">HIRDET\u00c9S<\/div>\n<!-- LikedQ5M -->\n<ins class=\"adsbygoogle\"\n     style=\"display:inline-block;width:300px;height:250px\"\n     data-ad-client=\"ca-pub-9424088931673893\"\n     data-ad-slot=\"9022429928\"><\/ins>\n<script async>\n     (adsbygoogle = window.adsbygoogle || []).push({});\n<\/script><\/div><\/div><\/div><\/div>\n\n\n\n\n<h4><strong>2. Piri Reis t\u00e9rk\u00e9pe<\/strong><\/h4>\n\n\n\n<figure class=\"wp-block-image size-full\"><img loading=\"lazy\" width=\"1200\" height=\"907\" src=\"https:\/\/liked.hu\/old\/wp-content\/uploads\/2024\/05\/Vilag-titkai-004.webp\" alt=\"Vil\u00e1g titkai 004\" class=\"wp-image-336070\" srcset=\"https:\/\/liked.hu\/old\/wp-content\/uploads\/2024\/05\/Vilag-titkai-004.webp 1200w, https:\/\/liked.hu\/old\/wp-content\/uploads\/2024\/05\/Vilag-titkai-004-768x580.webp 768w\" sizes=\"(max-width: 1200px) 100vw, 1200px\" \/><\/figure>\n\n\n\n<p>Erre a t\u00e9rk\u00e9pre, aminek csak az egyharmada maradt fenn, m\u00e9g 1929-ben bukkantak r\u00e1 egy csomag pap\u00edr k\u00f6z\u00f6tt, amit a m\u00fazeum nem tartott fontosnak.<\/p>\n\n\n\n<p>Piri Reis, oszm\u00e1n kartogr\u00e1fus \u00e9s admir\u00e1lis rajzolta \u00e9s \u00edrta al\u00e1 a t\u00e9rk\u00e9pet 1513 k\u00f6r\u00fcl. A t\u00e9rk\u00e9p Nyugat-Eur\u00f3p\u00e1t, \u00c9szak-Afrik\u00e1t \u00e9s Braz\u00edlia keleti partvid\u00e9k\u00e9t \u00e1br\u00e1zolja. Egyes felt\u00e9telez\u00e9sek szerint a t\u00e9rk\u00e9p elk\u00e9sz\u00edt\u00e9s\u00e9hez Kolumbusz Krist\u00f3f legend\u00e1s, elveszett t\u00e9rk\u00e9p\u00e9t is felhaszn\u00e1lt\u00e1k, \u00edgy ez az egyetlen fennmaradt m\u00e1solata. Piri Reis t\u00e9rk\u00e9pe \u00e9rdekes m\u00f3don az Antarktisz partvid\u00e9k\u00e9t is \u00e1br\u00e1zolja, amit hivatalosan csak 1820-ban fedeztek fel.<\/p>\n\n\n\n<p>A maga idej\u00e9ben a vil\u00e1g egyik legpontosabb t\u00e9rk\u00e9pek\u00e9nt sz\u00e1mon tartott Piri Reis t\u00e9rk\u00e9p rejt\u00e9ly\u00e9t fokozza, hogy csak t\u00f6red\u00e9k\u00e9ben maradt fenn. Vajon Piri Reisnek hogyan lehetett tudom\u00e1sa az Antarktisz partvid\u00e9k\u00e9r\u0151l t\u00f6bb mint 300 \u00e9vvel a hivatalos felfedez\u00e9se el\u0151tt?<\/p>\n\n\n\n<h4><strong>3. Stonehenge<\/strong><\/h4>\n\n\n\n<figure class=\"wp-block-image size-full\"><img loading=\"lazy\" width=\"1200\" height=\"801\" src=\"https:\/\/liked.hu\/old\/wp-content\/uploads\/2024\/05\/Vilag-titkai-003.webp\" alt=\"Vil\u00e1g titkai 003\" class=\"wp-image-336069\" srcset=\"https:\/\/liked.hu\/old\/wp-content\/uploads\/2024\/05\/Vilag-titkai-003.webp 1200w, https:\/\/liked.hu\/old\/wp-content\/uploads\/2024\/05\/Vilag-titkai-003-768x513.webp 768w\" sizes=\"(max-width: 1200px) 100vw, 1200px\" \/><\/figure>\n\n\n\n<p>A Wiltshire-ben, Anglia d\u00e9lnyugati r\u00e9sz\u00e9n fekv\u0151 Stonehenge a vil\u00e1g egyik legh\u00edresebb \u00e9s legrejt\u00e9lyesebb \u00e9p\u00edtm\u00e9nye. Ez a furcsa k\u0151k\u00f6r, melyet i.e. 2000 k\u00f6r\u00fcl \u00e9p\u00edtettek, m\u00e1r \u00e9vsz\u00e1zadok \u00f3ta leny\u0171g\u00f6zi az embereket.<\/p>\n\n\n\n<p>A Stonehenge egyes k\u00f6vei ak\u00e1r 50 tonn\u00e1t is nyomhatnak, \u00e9s mindegyiket egy 200 km-re fekv\u0151 helyr\u0151l sz\u00e1ll\u00edtott\u00e1k ide. Hogyan vitt\u00e9k oda a k\u0151korszaki emberek ezeket a hatalmas k\u00f6veket? \u00c9s hogyan emelt\u00e9k \u0151ket fel a Salisbury-s\u00edks\u00e1gra?<\/p>\n\n\n\n<p>De tal\u00e1n a legfontosabb k\u00e9rd\u00e9s, \u00e9s a legnagyobb rejt\u00e9ly: mi\u00e9rt \u00e9p\u00edtett\u00e9k a Stonehenge-et? A Stonehenge csak az egyik a sok-sok henge k\u00f6z\u00fcl, amelyeket ebben a korszakban \u00e9p\u00edtettek (az Avebury a legnagyobb ilyen k\u0151k\u00f6r), de senki sem tudja biztosan, hogy mi volt pontosan a c\u00e9ljuk.<\/p>\n\n\n\n<p>Mivel a Stonehenge \u00e9p\u00edt\u0151i nem hagytak h\u00e1tra \u00edr\u00e1sos feljegyz\u00e9seket, lehets\u00e9ges, hogy soha nem fogjuk megtudni, mi volt az igazi c\u00e9lja.<\/p>\n\n\n\n\n<div style=\"float:none;margin:0px 0 0px 0;text-align:center;\">\n<div class=\"mobileHideke8\"><div class=\"hirdeteshatter\"><div style=\"display: inline-block;width: 50%;min-width:340px;vertical-align: top;\"><div class=\"hirdetes\">HIRDET\u00c9S<\/div>\n<!-- LikedQ81 -->\n<ins class=\"adsbygoogle\"\n     style=\"display:inline-block;width:336px;height:280px\"\n     data-ad-client=\"ca-pub-9424088931673893\"\n     data-ad-slot=\"2436840276\"><\/ins>\n<script async>\n     (adsbygoogle = window.adsbygoogle || []).push({});\n<\/script><\/div><div style=\"display: inline-block;width: 50%;min-width:340px;vertical-align: top;\"><div class=\"hirdetes\">HIRDET\u00c9S<\/div>\n<!-- LikedQ82 -->\n<ins class=\"adsbygoogle\"\n     style=\"display:inline-block;width:336px;height:280px\"\n     data-ad-client=\"ca-pub-9424088931673893\"\n     data-ad-slot=\"3558350253\"><\/ins>\n<script async>\n     (adsbygoogle = window.adsbygoogle || []).push({});\n<\/script><\/div><\/div><\/div>\n<div style=\"display:flex;flex-direction:column;\"><div class=\"mobileShowka8 nyolc\"><div style=\"padding-top:15px;padding-bottom:5px;min-height: 300px;\"><div class=\"hirdetes\">HIRDET\u00c9S<\/div>\n<!-- LikedQ8M -->\n<ins class=\"adsbygoogle\"\n     style=\"display:inline-block;width:336px;height:280px\"\n     data-ad-client=\"ca-pub-9424088931673893\"\n     data-ad-slot=\"4679860235\"><\/ins>\n<script async>\n     (adsbygoogle = window.adsbygoogle || []).push({});\n<\/script><\/div><\/div><\/div><\/div>\n\n\n\n\n<h4><strong>4. A torin\u00f3i lepel<\/strong><\/h4>\n\n\n\n<figure class=\"wp-block-image size-full\"><img loading=\"lazy\" width=\"1200\" height=\"675\" src=\"https:\/\/liked.hu\/old\/wp-content\/uploads\/2024\/05\/Vilag-titkai-002.webp\" alt=\"Vil\u00e1g titkai 002\" class=\"wp-image-336068\" srcset=\"https:\/\/liked.hu\/old\/wp-content\/uploads\/2024\/05\/Vilag-titkai-002.webp 1200w, https:\/\/liked.hu\/old\/wp-content\/uploads\/2024\/05\/Vilag-titkai-002-768x432.webp 768w\" sizes=\"(max-width: 1200px) 100vw, 1200px\" \/><\/figure>\n\n\n\n<p>A torin\u00f3i lepel titka \u00e9vsz\u00e1zadok \u00f3ta foglalkoztatja az embereket. A leplet, amelyet el\u0151sz\u00f6r 1353-ban vagy 1357-ben \u00e1ll\u00edtottak ki egy kis francia templomban, \u00e1ll\u00edt\u00f3lag J\u00e9zus Krisztus k\u00e9p\u00e9t \u00e1br\u00e1zolja. \u00dagy gondolj\u00e1k, hogy ez a lepel volt az a v\u00e1szon, amelybe J\u00e9zus test\u00e9t a keresztre fesz\u00edt\u00e9se ut\u00e1n becsavart\u00e1k. A leplen l\u00e1that\u00f3 arc\u00e1nak \u00e9s test\u00e9nek lenyomata, bele\u00e9rtve a kezeit is.<\/p>\n\n\n\n<p>A lepel gyakran komoly vit\u00e1k alapj\u00e1t k\u00e9pezi, \u00e9s mindk\u00e9t oldalon szil\u00e1rdak a meggy\u0151z\u0151d\u00e9sek. 1988-ban a lepel egy kis sark\u00e1n sz\u00e9nizot\u00f3p-vizsg\u00e1latot v\u00e9geztek, amelynek eredm\u00e9nyek\u00e9nt 1260 \u00e9s 1390 k\u00f6z\u00f6tti d\u00e1tumot \u00e1llap\u00edtottak meg, ami \u00f6sszhangban van azzal a feltev\u00e9ssel, hogy hamis\u00edtv\u00e1ny, \u00e9s k\u00f6r\u00fclbel\u00fcl az els\u0151 ki\u00e1ll\u00edt\u00e1sa idej\u00e9n k\u00e9sz\u00fclt.<\/p>\n\n\n\n<p>A h\u00edv\u0151k r\u00e1mutatnak, hogy a lepel 1532-ben t\u0171zesetben megs\u00e9r\u00fclt, \u00e9s 1532-ben helyre\u00e1ll\u00edtott\u00e1k, ami befoly\u00e1solhatta a sz\u00e9nizot\u00f3p-vizsg\u00e1lat eredm\u00e9ny\u00e9t. A Vatik\u00e1n soha nem foglalt hivatalos \u00e1ll\u00e1spontot a torin\u00f3i lepellel kapcsolatban, b\u00e1r egyes p\u00e1p\u00e1k t\u00e1mogatt\u00e1k azt az \u00e1ll\u00edt\u00e1st, hogy t\u00e9nyleg J\u00e9zus arc\u00e1t \u00e1br\u00e1zolja.<\/p>\n\n\n\n<h4><strong>5. A Nazca-vonalak<\/strong><\/h4>\n\n\n\n<figure class=\"wp-block-image size-full\"><img loading=\"lazy\" width=\"1200\" height=\"679\" src=\"https:\/\/liked.hu\/old\/wp-content\/uploads\/2024\/05\/Vilag-titkai-001.webp\" alt=\"Vil\u00e1g titkai 001\" class=\"wp-image-336067\" srcset=\"https:\/\/liked.hu\/old\/wp-content\/uploads\/2024\/05\/Vilag-titkai-001.webp 1200w, https:\/\/liked.hu\/old\/wp-content\/uploads\/2024\/05\/Vilag-titkai-001-768x435.webp 768w\" sizes=\"(max-width: 1200px) 100vw, 1200px\" \/><\/figure>\n\n\n\n<p>Ezeket a furcsa vonalakat Peruban eleinte egyszer\u0171 \u00fatjelz\u0151nek tartott\u00e1k, amikor Pedro Cieza de Le\u00f3n konkviszt\u00e1dor 1553-ban felfedezte \u0151ket. Csak 1940-ben fedezte fel egy Long Island-i egyetem t\u00f6rt\u00e9n\u00e9sze a Nazca-vonalak \u00e1ltal alkotott mint\u00e1kat. A mintegy 150 n\u00e9gyzetkilom\u00e9ternyi ter\u00fcleten elter\u00fcl\u0151 Nazca-vonalak sz\u00e1mos l\u00e9nyt \u00e1br\u00e1zolnak, k\u00f6zt\u00fck kondort, kolibrit, majmot \u00e9s p\u00f3kot. Id\u0151vel egyre t\u00f6bb \u00e1br\u00e1t fedeztek fel, bele\u00e9rtve a b\u00e1ln\u00e1t, a p\u00f3kot \u00e9s az embert is.<\/p>\n\n\n\n<p>Ahogy a Stonehenge eset\u00e9ben is, a Nazca-vonalak \u00e9p\u00edt\u00e9s\u00e9nek m\u00f3dja \u00e9s c\u00e9lja is rejt\u00e9ly. A mad\u00e1rt\u00e1vlatb\u00f3l, b\u00e1rmilyen terepviszonyok n\u00e9lk\u00fcl ilyen pontos form\u00e1k rajzol\u00e1s\u00e1nak es\u00e9lye szinte lehetetlen.<\/p>\n\n\n\n<p>A modern t\u00f6rt\u00e9n\u00e9szek \u00fagy v\u00e9lik, hogy a vonalaknak sz\u00e1mos c\u00e9lja lehetett. Lehet, hogy egy \u00f6nt\u00f6z\u0151rendszer r\u00e9sz\u00e9t k\u00e9pezt\u00e9k. Az \u00e1br\u00e1k a term\u00e9kenys\u00e9g ikonjai lehettek. Lehet, hogy egy isten im\u00e1dat\u00e1t jelk\u00e9pezt\u00e9k, aki az alakjukat \u00f6lti mag\u00e1ra. Vagy ak\u00e1r csillag\u00e1szati \u200b\u200bm\u00e9rt\u00e9kk\u00e9nt is szolg\u00e1lhattak, mint a Stonehenge a t\u00e9li napfordul\u00f3 m\u00e9r\u00e9s\u00e9re.<\/p>\n\n\n\n<p class=\"has-text-align-center\"><strong>Tetszett a cikk? Kommentben v\u00e1rom a v\u00e9lem\u00e9nyeiteket \u00e9s a megjegyz\u00e9seiteket a t\u00e9m\u00e1val kapcsolatban!<\/strong><\/p>\n","protected":false},"excerpt":{"rendered":"<p>Tal\u00e1n egy nap v\u00e1laszt kapunk majd a vel\u00fck kapcsolatos k\u00e9rd\u00e9sekre.<\/p>\n","protected":false},"author":13,"featured_media":336072,"comment_status":"open","ping_status":"closed","sticky":false,"template":"","format":"standard","meta":{"buzzeditor_post_format":""},"categories":[23],"tags":[2165,2170,2655],"yoast_head":"<!-- This site is optimized with the Yoast SEO plugin v19.6.1 - https:\/\/yoast.com\/wordpress\/plugins\/seo\/ -->\n<title>A vil\u00e1g 5 legnagyobb megfejtetlen rejt\u00e9lye<\/title>\n<meta name=\"description\" content=\"Tal\u00e1n egy nap v\u00e1laszt kapunk majd a vel\u00fck kapcsolatos k\u00e9rd\u00e9sekre.\" \/>\n<meta name=\"robots\" content=\"index, follow, max-snippet:-1, max-image-preview:large, max-video-preview:-1\" \/>\n<link rel=\"canonical\" href=\"https:\/\/liked.hu\/old\/erdekes\/a-vilag-5-legnagyobb-megfejtetlen-rejtelye\/\" \/>\n<meta property=\"og:locale\" content=\"hu_HU\" \/>\n<meta property=\"og:type\" content=\"article\" \/>\n<meta property=\"og:title\" content=\"A vil\u00e1g 5 legnagyobb megfejtetlen rejt\u00e9lye\" \/>\n<meta property=\"og:description\" content=\"Tal\u00e1n egy nap v\u00e1laszt kapunk majd a vel\u00fck kapcsolatos k\u00e9rd\u00e9sekre.\" \/>\n<meta property=\"og:url\" content=\"https:\/\/liked.hu\/old\/erdekes\/a-vilag-5-legnagyobb-megfejtetlen-rejtelye\/\" \/>\n<meta property=\"og:site_name\" content=\"Liked.hu\" \/>\n<meta property=\"article:publisher\" content=\"https:\/\/www.facebook.com\/liked.hu\" \/>\n<meta property=\"article:published_time\" content=\"2024-05-01T17:14:49+00:00\" \/>\n<meta property=\"article:modified_time\" content=\"2024-05-01T17:14:51+00:00\" \/>\n<meta property=\"og:image\" content=\"https:\/\/liked.hu\/old\/wp-content\/uploads\/2024\/05\/Megfejtetlen-titkok.jpg\" \/>\n\t<meta property=\"og:image:width\" content=\"1200\" \/>\n\t<meta property=\"og:image:height\" content=\"630\" \/>\n\t<meta property=\"og:image:type\" content=\"image\/jpeg\" \/>\n<meta name=\"author\" content=\"Klingstrom\" \/>\n<meta name=\"twitter:card\" content=\"summary\" \/>\n<meta name=\"twitter:creator\" content=\"@LikedHu\" \/>\n<meta name=\"twitter:site\" content=\"@LikedHu\" \/>\n<meta name=\"twitter:label1\" content=\"Szerz\u0151:\" \/>\n\t<meta name=\"twitter:data1\" content=\"Klingstrom\" \/>\n\t<meta name=\"twitter:label2\" content=\"Becs\u00fclt olvas\u00e1si id\u0151\" \/>\n\t<meta name=\"twitter:data2\" content=\"5 perc\" \/>\n<script type=\"application\/ld+json\" class=\"yoast-schema-graph\">{\"@context\":\"https:\/\/schema.org\",\"@graph\":[{\"@type\":\"Article\",\"@id\":\"https:\/\/liked.hu\/old\/erdekes\/a-vilag-5-legnagyobb-megfejtetlen-rejtelye\/#article\",\"isPartOf\":{\"@id\":\"https:\/\/liked.hu\/old\/erdekes\/a-vilag-5-legnagyobb-megfejtetlen-rejtelye\/\"},\"author\":{\"name\":\"Klingstrom\",\"@id\":\"https:\/\/liked.hu\/old\/#\/schema\/person\/1c8d3f8764991e8dcd6572a7de72da8a\"},\"headline\":\"A vil\u00e1g 5 legnagyobb megfejtetlen rejt\u00e9lye\",\"datePublished\":\"2024-05-01T17:14:49+00:00\",\"dateModified\":\"2024-05-01T17:14:51+00:00\",\"mainEntityOfPage\":{\"@id\":\"https:\/\/liked.hu\/old\/erdekes\/a-vilag-5-legnagyobb-megfejtetlen-rejtelye\/\"},\"wordCount\":1060,\"commentCount\":2,\"publisher\":{\"@id\":\"https:\/\/liked.hu\/old\/#organization\"},\"keywords\":[\"r\u00e9g\u00e9szet\",\"rejt\u00e9ly\",\"t\u00f6rt\u00e9nelem\"],\"articleSection\":[\"\u00c9rdekess\u00e9gek\"],\"inLanguage\":\"hu\",\"potentialAction\":[{\"@type\":\"CommentAction\",\"name\":\"Comment\",\"target\":[\"https:\/\/liked.hu\/old\/erdekes\/a-vilag-5-legnagyobb-megfejtetlen-rejtelye\/#respond\"]}]},{\"@type\":\"WebPage\",\"@id\":\"https:\/\/liked.hu\/old\/erdekes\/a-vilag-5-legnagyobb-megfejtetlen-rejtelye\/\",\"url\":\"https:\/\/liked.hu\/old\/erdekes\/a-vilag-5-legnagyobb-megfejtetlen-rejtelye\/\",\"name\":\"A vil\u00e1g 5 legnagyobb megfejtetlen rejt\u00e9lye\",\"isPartOf\":{\"@id\":\"https:\/\/liked.hu\/old\/#website\"},\"datePublished\":\"2024-05-01T17:14:49+00:00\",\"dateModified\":\"2024-05-01T17:14:51+00:00\",\"description\":\"Tal\u00e1n egy nap v\u00e1laszt kapunk majd a vel\u00fck kapcsolatos k\u00e9rd\u00e9sekre.\",\"breadcrumb\":{\"@id\":\"https:\/\/liked.hu\/old\/erdekes\/a-vilag-5-legnagyobb-megfejtetlen-rejtelye\/#breadcrumb\"},\"inLanguage\":\"hu\",\"potentialAction\":[{\"@type\":\"ReadAction\",\"target\":[\"https:\/\/liked.hu\/old\/erdekes\/a-vilag-5-legnagyobb-megfejtetlen-rejtelye\/\"]}]},{\"@type\":\"BreadcrumbList\",\"@id\":\"https:\/\/liked.hu\/old\/erdekes\/a-vilag-5-legnagyobb-megfejtetlen-rejtelye\/#breadcrumb\",\"itemListElement\":[{\"@type\":\"ListItem\",\"position\":1,\"name\":\"Kezd\u0151lap\",\"item\":\"https:\/\/liked.hu\/old\/\"},{\"@type\":\"ListItem\",\"position\":2,\"name\":\"A vil\u00e1g 5 legnagyobb megfejtetlen rejt\u00e9lye\"}]},{\"@type\":\"WebSite\",\"@id\":\"https:\/\/liked.hu\/old\/#website\",\"url\":\"https:\/\/liked.hu\/old\/\",\"name\":\"Liked.hu\",\"description\":\"\",\"publisher\":{\"@id\":\"https:\/\/liked.hu\/old\/#organization\"},\"potentialAction\":[{\"@type\":\"SearchAction\",\"target\":{\"@type\":\"EntryPoint\",\"urlTemplate\":\"https:\/\/liked.hu\/old\/?s={search_term_string}\"},\"query-input\":\"required name=search_term_string\"}],\"inLanguage\":\"hu\"},{\"@type\":\"Organization\",\"@id\":\"https:\/\/liked.hu\/old\/#organization\",\"name\":\"Liked.hu\",\"url\":\"https:\/\/liked.hu\/old\/\",\"sameAs\":[\"https:\/\/hu.pinterest.com\/likedhungary\/\",\"https:\/\/www.youtube.com\/channel\/UCPv91dbMoIukYcM9b9nHN6Q\",\"https:\/\/www.facebook.com\/liked.hu\",\"https:\/\/twitter.com\/LikedHu\"],\"logo\":{\"@type\":\"ImageObject\",\"inLanguage\":\"hu\",\"@id\":\"https:\/\/liked.hu\/old\/#\/schema\/logo\/image\/\",\"url\":\"https:\/\/liked.hu\/wp-content\/uploads\/2018\/08\/Liked-icon.png\",\"contentUrl\":\"https:\/\/liked.hu\/wp-content\/uploads\/2018\/08\/Liked-icon.png\",\"width\":512,\"height\":512,\"caption\":\"Liked.hu\"},\"image\":{\"@id\":\"https:\/\/liked.hu\/old\/#\/schema\/logo\/image\/\"}},{\"@type\":\"Person\",\"@id\":\"https:\/\/liked.hu\/old\/#\/schema\/person\/1c8d3f8764991e8dcd6572a7de72da8a\",\"name\":\"Klingstrom\",\"image\":{\"@type\":\"ImageObject\",\"inLanguage\":\"hu\",\"@id\":\"https:\/\/liked.hu\/old\/#\/schema\/person\/image\/\",\"url\":\"https:\/\/liked.hu\/old\/wp-content\/uploads\/avatars\/13\/604de88bd578a-bpfull.jpg\",\"contentUrl\":\"https:\/\/liked.hu\/old\/wp-content\/uploads\/avatars\/13\/604de88bd578a-bpfull.jpg\",\"caption\":\"Klingstrom\"},\"url\":\"https:\/\/liked.hu\/old\/u\/klingstrom\/\"}]}<\/script>\n<!-- \/ Yoast SEO plugin. -->","yoast_head_json":{"title":"A vil\u00e1g 5 legnagyobb megfejtetlen rejt\u00e9lye","description":"Tal\u00e1n egy nap v\u00e1laszt kapunk majd a vel\u00fck kapcsolatos k\u00e9rd\u00e9sekre.","robots":{"index":"index","follow":"follow","max-snippet":"max-snippet:-1","max-image-preview":"max-image-preview:large","max-video-preview":"max-video-preview:-1"},"canonical":"https:\/\/liked.hu\/old\/erdekes\/a-vilag-5-legnagyobb-megfejtetlen-rejtelye\/","og_locale":"hu_HU","og_type":"article","og_title":"A vil\u00e1g 5 legnagyobb megfejtetlen rejt\u00e9lye","og_description":"Tal\u00e1n egy nap v\u00e1laszt kapunk majd a vel\u00fck kapcsolatos k\u00e9rd\u00e9sekre.","og_url":"https:\/\/liked.hu\/old\/erdekes\/a-vilag-5-legnagyobb-megfejtetlen-rejtelye\/","og_site_name":"Liked.hu","article_publisher":"https:\/\/www.facebook.com\/liked.hu","article_published_time":"2024-05-01T17:14:49+00:00","article_modified_time":"2024-05-01T17:14:51+00:00","og_image":[{"width":1200,"height":630,"url":"https:\/\/liked.hu\/old\/wp-content\/uploads\/2024\/05\/Megfejtetlen-titkok.jpg","type":"image\/jpeg"}],"author":"Klingstrom","twitter_card":"summary","twitter_creator":"@LikedHu","twitter_site":"@LikedHu","twitter_misc":{"Szerz\u0151:":"Klingstrom","Becs\u00fclt olvas\u00e1si id\u0151":"5 perc"},"schema":{"@context":"https:\/\/schema.org","@graph":[{"@type":"Article","@id":"https:\/\/liked.hu\/old\/erdekes\/a-vilag-5-legnagyobb-megfejtetlen-rejtelye\/#article","isPartOf":{"@id":"https:\/\/liked.hu\/old\/erdekes\/a-vilag-5-legnagyobb-megfejtetlen-rejtelye\/"},"author":{"name":"Klingstrom","@id":"https:\/\/liked.hu\/old\/#\/schema\/person\/1c8d3f8764991e8dcd6572a7de72da8a"},"headline":"A vil\u00e1g 5 legnagyobb megfejtetlen rejt\u00e9lye","datePublished":"2024-05-01T17:14:49+00:00","dateModified":"2024-05-01T17:14:51+00:00","mainEntityOfPage":{"@id":"https:\/\/liked.hu\/old\/erdekes\/a-vilag-5-legnagyobb-megfejtetlen-rejtelye\/"},"wordCount":1060,"commentCount":2,"publisher":{"@id":"https:\/\/liked.hu\/old\/#organization"},"keywords":["r\u00e9g\u00e9szet","rejt\u00e9ly","t\u00f6rt\u00e9nelem"],"articleSection":["\u00c9rdekess\u00e9gek"],"inLanguage":"hu","potentialAction":[{"@type":"CommentAction","name":"Comment","target":["https:\/\/liked.hu\/old\/erdekes\/a-vilag-5-legnagyobb-megfejtetlen-rejtelye\/#respond"]}]},{"@type":"WebPage","@id":"https:\/\/liked.hu\/old\/erdekes\/a-vilag-5-legnagyobb-megfejtetlen-rejtelye\/","url":"https:\/\/liked.hu\/old\/erdekes\/a-vilag-5-legnagyobb-megfejtetlen-rejtelye\/","name":"A vil\u00e1g 5 legnagyobb megfejtetlen rejt\u00e9lye","isPartOf":{"@id":"https:\/\/liked.hu\/old\/#website"},"datePublished":"2024-05-01T17:14:49+00:00","dateModified":"2024-05-01T17:14:51+00:00","description":"Tal\u00e1n egy nap v\u00e1laszt kapunk majd a vel\u00fck kapcsolatos k\u00e9rd\u00e9sekre.","breadcrumb":{"@id":"https:\/\/liked.hu\/old\/erdekes\/a-vilag-5-legnagyobb-megfejtetlen-rejtelye\/#breadcrumb"},"inLanguage":"hu","potentialAction":[{"@type":"ReadAction","target":["https:\/\/liked.hu\/old\/erdekes\/a-vilag-5-legnagyobb-megfejtetlen-rejtelye\/"]}]},{"@type":"BreadcrumbList","@id":"https:\/\/liked.hu\/old\/erdekes\/a-vilag-5-legnagyobb-megfejtetlen-rejtelye\/#breadcrumb","itemListElement":[{"@type":"ListItem","position":1,"name":"Kezd\u0151lap","item":"https:\/\/liked.hu\/old\/"},{"@type":"ListItem","position":2,"name":"A vil\u00e1g 5 legnagyobb megfejtetlen rejt\u00e9lye"}]},{"@type":"WebSite","@id":"https:\/\/liked.hu\/old\/#website","url":"https:\/\/liked.hu\/old\/","name":"Liked.hu","description":"","publisher":{"@id":"https:\/\/liked.hu\/old\/#organization"},"potentialAction":[{"@type":"SearchAction","target":{"@type":"EntryPoint","urlTemplate":"https:\/\/liked.hu\/old\/?s={search_term_string}"},"query-input":"required name=search_term_string"}],"inLanguage":"hu"},{"@type":"Organization","@id":"https:\/\/liked.hu\/old\/#organization","name":"Liked.hu","url":"https:\/\/liked.hu\/old\/","sameAs":["https:\/\/hu.pinterest.com\/likedhungary\/","https:\/\/www.youtube.com\/channel\/UCPv91dbMoIukYcM9b9nHN6Q","https:\/\/www.facebook.com\/liked.hu","https:\/\/twitter.com\/LikedHu"],"logo":{"@type":"ImageObject","inLanguage":"hu","@id":"https:\/\/liked.hu\/old\/#\/schema\/logo\/image\/","url":"https:\/\/liked.hu\/wp-content\/uploads\/2018\/08\/Liked-icon.png","contentUrl":"https:\/\/liked.hu\/wp-content\/uploads\/2018\/08\/Liked-icon.png","width":512,"height":512,"caption":"Liked.hu"},"image":{"@id":"https:\/\/liked.hu\/old\/#\/schema\/logo\/image\/"}},{"@type":"Person","@id":"https:\/\/liked.hu\/old\/#\/schema\/person\/1c8d3f8764991e8dcd6572a7de72da8a","name":"Klingstrom","image":{"@type":"ImageObject","inLanguage":"hu","@id":"https:\/\/liked.hu\/old\/#\/schema\/person\/image\/","url":"https:\/\/liked.hu\/old\/wp-content\/uploads\/avatars\/13\/604de88bd578a-bpfull.jpg","contentUrl":"https:\/\/liked.hu\/old\/wp-content\/uploads\/avatars\/13\/604de88bd578a-bpfull.jpg","caption":"Klingstrom"},"url":"https:\/\/liked.hu\/old\/u\/klingstrom\/"}]}},"publishpress_future_action":{"enabled":false,"date":"1970-01-01 01:00:00","action":"","terms":[],"taxonomy":"","browser_timezone_offset":0},"_links":{"self":[{"href":"https:\/\/liked.hu\/old\/wp-json\/wp\/v2\/posts\/336066"}],"collection":[{"href":"https:\/\/liked.hu\/old\/wp-json\/wp\/v2\/posts"}],"about":[{"href":"https:\/\/liked.hu\/old\/wp-json\/wp\/v2\/types\/post"}],"author":[{"embeddable":true,"href":"https:\/\/liked.hu\/old\/wp-json\/wp\/v2\/users\/13"}],"replies":[{"embeddable":true,"href":"https:\/\/liked.hu\/old\/wp-json\/wp\/v2\/comments?post=336066"}],"version-history":[{"count":0,"href":"https:\/\/liked.hu\/old\/wp-json\/wp\/v2\/posts\/336066\/revisions"}],"wp:featuredmedia":[{"embeddable":true,"href":"https:\/\/liked.hu\/old\/wp-json\/wp\/v2\/media\/336072"}],"wp:attachment":[{"href":"https:\/\/liked.hu\/old\/wp-json\/wp\/v2\/media?parent=336066"}],"wp:term":[{"taxonomy":"category","embeddable":true,"href":"https:\/\/liked.hu\/old\/wp-json\/wp\/v2\/categories?post=336066"},{"taxonomy":"post_tag","embeddable":true,"href":"https:\/\/liked.hu\/old\/wp-json\/wp\/v2\/tags?post=336066"}],"curies":[{"name":"wp","href":"https:\/\/api.w.org\/{rel}","templated":true}]}}