{"id":335987,"date":"2024-05-01T12:06:11","date_gmt":"2024-05-01T11:06:11","guid":{"rendered":"https:\/\/liked.hu\/old\/?p=335987"},"modified":"2024-05-01T12:06:15","modified_gmt":"2024-05-01T11:06:15","slug":"6-izgalmas-eletmodtanacs-az-izlandiaktol-amik-biztosan-lenyugoznek","status":"publish","type":"post","link":"https:\/\/liked.hu\/old\/erdekes\/6-izgalmas-eletmodtanacs-az-izlandiaktol-amik-biztosan-lenyugoznek\/","title":{"rendered":"6 izgalmas \u00e9letm\u00f3dtan\u00e1cs az izlandiakt\u00f3l, amik biztosan leny\u0171g\u00f6znek"},"content":{"rendered":"\n<p>Az izlandiak kem\u00e9ny emberek egy kem\u00e9ny \u00e9szaki orsz\u00e1gban: eg\u00e9szen a 20. sz\u00e1zad elej\u00e9ig extr\u00e9m k\u00f6r\u00fclm\u00e9nyek k\u00f6z\u00f6tt \u00e9ltek t\u00fal, ma pedig a vikingek \u00e9s kelt\u00e1k makacs lesz\u00e1rmazottai eserny\u0151 n\u00e9lk\u00fcl s\u00e9t\u00e1lnak az es\u0151ben, t\u0151zegtet\u0151s h\u00e1zakban laknak \u00e9s k\u00e9t \u00e1ll\u00e1sban dolgoznak egyszerre.<\/p>\n\n\n\n\n<div style=\"float:none;margin:0px 0 0px 0;text-align:center;\">\n<div class=\"mobileShowkakettes\"><div class=\"mobileShowka2\"><div style=\"padding-top:0px;padding-bottom:15px;min-height: 300px;\"><div class=\"hirdetes\">HIRDET\u00c9S<\/div>\n<!-- 300lista -->\n<ins class=\"adsbygoogle\"\n     style=\"display:inline-block;width:300px;height:250px\"\n     data-ad-client=\"ca-pub-9424088931673893\"\n     data-ad-slot=\"8471340766\"><\/ins>\n<script async>\n     (adsbygoogle = window.adsbygoogle || []).push({});\n<\/script><\/div><\/div><\/div><\/div>\n\n\n\n\n<p>Ezzel egy\u00fctt az izlandiak 98%-a boldognak \u00e9rzi mag\u00e1t, \u00e9s b\u00e1rmilyen kil\u00e1t\u00e1stalan helyzetben a &#8222;Minden rendben&#8221; vagy &#8222;Minden megold\u00f3dik&#8221; mondattal v\u00e1laszolnak.<\/p>\n\n\n\n<h4><strong>1.Vezet\u00e9kn\u00e9v helyett k\u00f6z\u00e9ps\u0151 n\u00e9v<\/strong><\/h4>\n\n\n\n<p>A vikingek \u0151si hagyom\u00e1ny\u00e1t k\u00f6vetve az \u00fajsz\u00fcl\u00f6tt izlandiak t\u00f6bbs\u00e9ge a vezet\u00e9kn\u00e9v helyett apanevet kap: a gyermek az apja nev\u00e9t kapja, amelyhez a -son (fi\u00fa) vagy -dottir (l\u00e1ny) ut\u00f3tag j\u00e1rul. P\u00e9ld\u00e1ul Bj\u00f6rk Gu\u00f0mundsd\u00f3ttir sz\u00f3 szerint &#8222;Bj\u00f6rk, Gu\u00f0mund l\u00e1nya&#8221;.<\/p>\n\n\n\n<h4>Csak a helyi lakoss\u00e1g 10%-\u00e1nak van val\u00f3di vezet\u00e9kneve &#8211; \u0151k jellemz\u0151en k\u00fclf\u00f6ldi sz\u00e1rmaz\u00e1s\u00fa izlandiak.<\/h4>\n\n\n\n<figure class=\"wp-block-image size-full\"><img loading=\"lazy\" width=\"800\" height=\"426\" src=\"https:\/\/liked.hu\/old\/wp-content\/uploads\/2024\/05\/Izlandi-fenykepek-004.webp\" alt=\"Izlandi f\u00e9nyk\u00e9pek 004\" class=\"wp-image-335992\" srcset=\"https:\/\/liked.hu\/old\/wp-content\/uploads\/2024\/05\/Izlandi-fenykepek-004.webp 800w, https:\/\/liked.hu\/old\/wp-content\/uploads\/2024\/05\/Izlandi-fenykepek-004-768x409.webp 768w\" sizes=\"(max-width: 800px) 100vw, 800px\" \/><\/figure>\n\n\n\n\n<div style=\"float:none;margin:0px 0 0px 0;text-align:center;\">\n<div class=\"mobileHideke5\"><div style=\"margin-top:25px;\"><div class=\"hirdeteshatter\"><div style=\"display: inline-block;width: 50%;min-width:305px;vertical-align: top;\"><div class=\"hirdetes\">HIRDET\u00c9S<\/div>\n<!-- LikedQ51 -->\n<ins class=\"adsbygoogle\"\n     style=\"display:inline-block;width:300px;height:250px\"\n     data-ad-client=\"ca-pub-9424088931673893\"\n     data-ad-slot=\"8284063326\"><\/ins>\n<script async>\n     (adsbygoogle = window.adsbygoogle || []).push({});\n<\/script><\/div><div style=\"display: inline-block;width: 50%;min-width:305px;vertical-align: top;\"><div class=\"hirdetes\">HIRDET\u00c9S<\/div>\n<!-- LikedQ52 -->\n<ins class=\"adsbygoogle\"\n     style=\"display:inline-block;width:300px;height:250px\"\n     data-ad-client=\"ca-pub-9424088931673893\"\n     data-ad-slot=\"2840164950\"><\/ins>\n<script async>\n     (adsbygoogle = window.adsbygoogle || []).push({});\n<\/script><\/div><\/div><\/div><\/div>\n<div style=\"display:flex;flex-direction:column;\"><div class=\"mobileShowka5\"><div style=\"padding-top:10px;padding-bottom:10px;min-height: 300px;\"><div class=\"hirdetes\">HIRDET\u00c9S<\/div>\n<!-- LikedQ5M -->\n<ins class=\"adsbygoogle\"\n     style=\"display:inline-block;width:300px;height:250px\"\n     data-ad-client=\"ca-pub-9424088931673893\"\n     data-ad-slot=\"9022429928\"><\/ins>\n<script async>\n     (adsbygoogle = window.adsbygoogle || []).push({});\n<\/script><\/div><\/div><\/div><\/div>\n\n\n\n\n<h4><strong>2. Ajt\u00f3k t\u00e1rva-nyitva<\/strong><\/h4>\n\n\n\n<p>&#8222;Az orsz\u00e1gunk nagyon kicsi, nagyon fecseg\u0151 \u00e9s nagyon k\u00edv\u00e1ncsi&#8221; &#8211; mondta a &#8222;Simpson csal\u00e1d&#8221; egyik izlandi karaktere: itt mind\u00f6ssze 300 ezer ember \u00e9l, a 120 ezres lakoss\u00e1g\u00fa f\u0151v\u00e1ros pedig egy magyar kisv\u00e1rossal vetekszik. Sok v\u00e1rosi lakos ismeri egym\u00e1st, ez\u00e9rt senki sem z\u00e1rk\u00f3zik el a szomsz\u00e9dait\u00f3l magas ker\u00edt\u00e9sekkel \u00e9s nem szerel fel vastag vasajt\u00f3kat.<\/p>\n\n\n\n<h4>Az ajt\u00f3kat gyakran egy\u00e1ltal\u00e1n nem z\u00e1rj\u00e1k be, az aut\u00f3k kulcsait a gy\u00fajt\u00e1skapcsol\u00f3ban hagyj\u00e1k, a babakocsiban l\u00e9v\u0151 csecsem\u0151ket pedig a k\u00e1v\u00e9z\u00f3k vagy \u00fczletek bej\u00e1rat\u00e1n\u00e1l.<\/h4>\n\n\n\n<figure class=\"wp-block-image size-full\"><img loading=\"lazy\" width=\"700\" height=\"421\" src=\"https:\/\/liked.hu\/old\/wp-content\/uploads\/2024\/05\/Izlandi-fenykepek-003.webp\" alt=\"Izlandi f\u00e9nyk\u00e9pek 003\" class=\"wp-image-335991\"\/><\/figure>\n\n\n\n<h4><strong>3. Rohadt c\u00e1pa \u00e9s a fekete hal\u00e1l<\/strong><\/h4>\n\n\n\n<p>Az izlandi f\u0151\u00e9telhez k\u00e9pest m\u00e9g a sv\u00e9d surstr\u00f6mming is gyenge desszertnek t\u0171nik: a h\u00e1karl a gr\u00f6nlandi c\u00e1pa romlott h\u00fasa, amely friss \u00e1llapotban m\u00e9rgez\u0151 a magas karbamidtartalma miatt. A m\u00e9rgez\u00e9s elker\u00fcl\u00e9se \u00e9rdek\u00e9ben f\u00e9l \u00e9vig kavics\u00e1gyas hord\u00f3kban \u00e9rlelik, majd tov\u00e1bbi k\u00e9t h\u00f3napig a napon sz\u00e1r\u00edtj\u00e1k.<\/p>\n\n\n\n<h4>A finoms\u00e1got &#8222;fekete hal\u00e1llal&#8221; \u00f6bl\u00edtik le &#8211; mivel m\u00e1ssal is? Ez egy er\u0151s alkoholos ital burgonyap\u00e1rlatb\u00f3l \u00e9s k\u00f6m\u00e9nymagb\u00f3l k\u00e9sz\u00edtve.<\/h4>\n\n\n\n<a data-flickr-embed=\"true\" href=\"https:\/\/www.flickr.com\/photos\/clarenceding\/3655038753\/\" title=\"H\u00e1karl\"><img loading=\"lazy\" src=\"https:\/\/live.staticflickr.com\/3400\/3655038753_ffa6578631_c.jpg\" width=\"800\" height=\"532\" alt=\"H\u00e1karl\"\/><\/a><script async src=\"\/\/embedr.flickr.com\/assets\/client-code.js\" charset=\"utf-8\"><\/script>\n\n\n\n\n<div style=\"float:none;margin:0px 0 0px 0;text-align:center;\">\n<div class=\"mobileHideke8\"><div style=\"margin-top:25px;\"><div class=\"hirdeteshatter\"><div style=\"display: inline-block;width: 50%;min-width:340px;vertical-align: top;\"><div class=\"hirdetes\">HIRDET\u00c9S<\/div>\n<!-- Liked7Q1 -->\n<ins class=\"adsbygoogle\"\n     style=\"display:inline-block;width:336px;height:280px\"\n     data-ad-client=\"ca-pub-9424088931673893\"\n     data-ad-slot=\"3022062587\"><\/ins>\n<script async>\n     (adsbygoogle = window.adsbygoogle || []).push({});\n<\/script><\/div><div style=\"display: inline-block;width: 50%;min-width:340px;vertical-align: top;\"><div class=\"hirdetes\">HIRDET\u00c9S<\/div>\n<!-- Liked7Q2 -->\n<ins class=\"adsbygoogle\"\n     style=\"display:inline-block;width:336px;height:280px\"\n     data-ad-client=\"ca-pub-9424088931673893\"\n     data-ad-slot=\"3952000871\"><\/ins>\n<script async>\n     (adsbygoogle = window.adsbygoogle || []).push({});\n<\/script><\/div><\/div><\/div><\/div>\n<div style=\"display:flex;flex-direction:column;\"><div class=\"mobileShowka8\"><div style=\"padding-top:15px;margin-bottom:15px;min-height: 300px;\"><div class=\"hirdetes\">HIRDET\u00c9S<\/div>\n<!-- Liked7QMobil -->\n<ins class=\"adsbygoogle\"\n     style=\"display:inline-block;width:336px;height:280px\"\n     data-ad-client=\"ca-pub-9424088931673893\"\n     data-ad-slot=\"5073510857\"><\/ins>\n<script async>\n     (adsbygoogle = window.adsbygoogle || []).push({});\n<\/script><\/div><\/div><\/div><\/div>\n\n\n\n\n<h4><strong>4. Er\u0151s n\u0151k<\/strong><\/h4>\n\n\n\n<p>Izland az els\u0151 orsz\u00e1g, amelynek n\u0151i eln\u00f6ke van, \u00e9s nem v\u00e9letlen\u00fcl: \u00e9vsz\u00e1zadokon \u00e1t az izlandi n\u0151k egyed\u00fcl gondoskodtak a h\u00e1zr\u00f3l, a gyerekekr\u0151l \u00e9s a juhny\u00e1jakr\u00f3l, m\u00edg a f\u00e9rjeik az Atlanti-\u00f3ce\u00e1n vid\u00e9keit j\u00e1rt\u00e1k. Manaps\u00e1g a n\u0151k m\u00e9g a p\u00e1rkapcsolatokban sem v\u00e1rj\u00e1k meg a f\u00e9rfiak kezdem\u00e9nyez\u00e9s\u00e9t, \u0151k maguk v\u00e1lasztj\u00e1k ki a partnereiket.<\/p>\n\n\n\n<h4>Az izlandi n\u0151k annyira kem\u00e9nyek, hogy a ink\u00e1bb s\u00f6t\u00e9t sz\u00edn\u0171re festik a hajukat: itt m\u00e1r t\u00fal sok a term\u00e9szetes sz\u0151ke.<\/h4>\n\n\n\n<figure class=\"wp-block-image size-full\"><img loading=\"lazy\" width=\"1024\" height=\"768\" src=\"https:\/\/liked.hu\/old\/wp-content\/uploads\/2024\/05\/Izlandi-fenykepek-002.webp\" alt=\"Izlandi f\u00e9nyk\u00e9pek 002\" class=\"wp-image-335990\" srcset=\"https:\/\/liked.hu\/old\/wp-content\/uploads\/2024\/05\/Izlandi-fenykepek-002.webp 1024w, https:\/\/liked.hu\/old\/wp-content\/uploads\/2024\/05\/Izlandi-fenykepek-002-768x576.webp 768w\" sizes=\"(max-width: 1024px) 100vw, 1024px\" \/><\/figure>\n\n\n\n<h4><strong>5. A kreativit\u00e1s szelleme \u00e9s a m\u00e1sod\u00e1ll\u00e1sok<\/strong><\/h4>\n\n\n\n<p>Az izlandiak k\u00f6r\u00e9ben nagyon n\u00e9pszer\u0171ek a kreat\u00edv szakm\u00e1k, \u00e9s szinte minden helyi sr\u00e1c rockzenekarban j\u00e1tszik, mellette pedig m\u0171v\u00e9szetet tanul. A magas \u00e1rak \u00e9s ad\u00f3k (36-46%) miatt azonban az izlandiaknak sokat kell dolgozniuk, a kreat\u00edv tev\u00e9kenys\u00e9geiket meglehet\u0151sen pr\u00f3zai foglalkoz\u00e1sokkal \u00f6tv\u00f6zve.<\/p>\n\n\n\n\n<div style=\"float:none;margin:0px 0 0px 0;text-align:center;\">\n<div class=\"mobileHideke8\"><div class=\"hirdeteshatter\"><div style=\"display: inline-block;width: 50%;min-width:340px;vertical-align: top;\"><div class=\"hirdetes\">HIRDET\u00c9S<\/div>\n<!-- LikedQ81 -->\n<ins class=\"adsbygoogle\"\n     style=\"display:inline-block;width:336px;height:280px\"\n     data-ad-client=\"ca-pub-9424088931673893\"\n     data-ad-slot=\"2436840276\"><\/ins>\n<script async>\n     (adsbygoogle = window.adsbygoogle || []).push({});\n<\/script><\/div><div style=\"display: inline-block;width: 50%;min-width:340px;vertical-align: top;\"><div class=\"hirdetes\">HIRDET\u00c9S<\/div>\n<!-- LikedQ82 -->\n<ins class=\"adsbygoogle\"\n     style=\"display:inline-block;width:336px;height:280px\"\n     data-ad-client=\"ca-pub-9424088931673893\"\n     data-ad-slot=\"3558350253\"><\/ins>\n<script async>\n     (adsbygoogle = window.adsbygoogle || []).push({});\n<\/script><\/div><\/div><\/div>\n<div style=\"display:flex;flex-direction:column;\"><div class=\"mobileShowka8 nyolc\"><div style=\"padding-top:15px;padding-bottom:5px;min-height: 300px;\"><div class=\"hirdetes\">HIRDET\u00c9S<\/div>\n<!-- LikedQ8M -->\n<ins class=\"adsbygoogle\"\n     style=\"display:inline-block;width:336px;height:280px\"\n     data-ad-client=\"ca-pub-9424088931673893\"\n     data-ad-slot=\"4679860235\"><\/ins>\n<script async>\n     (adsbygoogle = window.adsbygoogle || []).push({});\n<\/script><\/div><\/div><\/div><\/div>\n\n\n\n\n<h4>P\u00e9ld\u00e1ul a v\u00e1logatott labdar\u00fag\u00f3csapat edz\u0151je szabadidej\u00e9ben fogorvosk\u00e9nt dolgozik, \u00cdrsa Sigur\u00f0ard\u00f3ttir krimi\u00edr\u00f3 pedig m\u00e9rn\u00f6k.<\/h4>\n\n\n\n<figure class=\"wp-block-image size-full\"><img loading=\"lazy\" width=\"1024\" height=\"694\" src=\"https:\/\/liked.hu\/old\/wp-content\/uploads\/2024\/05\/Izlandi-fenykepek-001.webp\" alt=\"Izlandi f\u00e9nyk\u00e9pek 001\" class=\"wp-image-335989\" srcset=\"https:\/\/liked.hu\/old\/wp-content\/uploads\/2024\/05\/Izlandi-fenykepek-001.webp 1024w, https:\/\/liked.hu\/old\/wp-content\/uploads\/2024\/05\/Izlandi-fenykepek-001-768x521.webp 768w\" sizes=\"(max-width: 1024px) 100vw, 1024px\" \/><\/figure>\n\n\n\n<h4><strong>6. Templomok man\u00f3knak<\/strong><\/h4>\n\n\n\n<p>M\u00e9g a legf\u00e9lelmetesebb izlandiban is ott \u00e9l egy gyermek: a helyiek a mai napig hisznek a man\u00f3kban \u00e9s a trollokban. Annyira, hogy a telkeiken h\u00e1zakat \u00e9s templomokat \u00e9p\u00edtenek ezeknek a mesebeli l\u00e9nyeknek, az \u00e9p\u00fcletek \u00e9s utak \u00e9p\u00edt\u00e9se el\u0151tt pedig tan\u00e1cskoznak a helyi boszork\u00e1nyokkal, nehogy v\u00e9letlen\u00fcl elmozd\u00edtsanak egy k\u00f6vet, amely alatt esetleg man\u00f3k \u00e9lhetnek.<\/p>\n\n\n\n<a data-flickr-embed=\"true\" href=\"https:\/\/www.flickr.com\/photos\/chrisbrandl\/38495143461\/\" title=\"IMG_5406\"><img loading=\"lazy\" src=\"https:\/\/live.staticflickr.com\/4544\/38495143461_67ee730c65_c.jpg\" width=\"800\" height=\"443\" alt=\"IMG_5406\"\/><\/a><script async src=\"\/\/embedr.flickr.com\/assets\/client-code.js\" charset=\"utf-8\"><\/script>\n\n\n\n<h4>Ha a konfront\u00e1l\u00f3d\u00e1s elker\u00fclhetetlen, az izlandiak var\u00e1zslatokat v\u00e9geznek, hogy kiengesztelj\u00e9k valahogy a l\u00e1thatatlan szellemeket.<\/h4>\n\n\n\n<p class=\"has-text-align-center\"><strong>Szeretn\u00e9l Izlandon \u00e9lni?<\/strong><\/p>\n","protected":false},"excerpt":{"rendered":"<p>Tudj\u00e1k, hogyan kell \u00e9lni.<\/p>\n","protected":false},"author":5,"featured_media":335988,"comment_status":"open","ping_status":"closed","sticky":false,"template":"","format":"standard","meta":{"buzzeditor_post_format":""},"categories":[23],"tags":[584,1226],"yoast_head":"<!-- This site is optimized with the Yoast SEO plugin v19.6.1 - https:\/\/yoast.com\/wordpress\/plugins\/seo\/ -->\n<title>6 izgalmas \u00e9letm\u00f3dtan\u00e1cs az izlandiakt\u00f3l, amik biztosan leny\u0171g\u00f6znek<\/title>\n<meta name=\"description\" content=\"Tudj\u00e1k, hogyan kell \u00e9lni.\" \/>\n<meta name=\"robots\" content=\"index, follow, max-snippet:-1, max-image-preview:large, max-video-preview:-1\" \/>\n<link rel=\"canonical\" href=\"https:\/\/liked.hu\/old\/erdekes\/6-izgalmas-eletmodtanacs-az-izlandiaktol-amik-biztosan-lenyugoznek\/\" \/>\n<meta property=\"og:locale\" content=\"hu_HU\" \/>\n<meta property=\"og:type\" content=\"article\" \/>\n<meta property=\"og:title\" content=\"6 izgalmas \u00e9letm\u00f3dtan\u00e1cs az izlandiakt\u00f3l, amik biztosan leny\u0171g\u00f6znek\" \/>\n<meta property=\"og:description\" content=\"Tudj\u00e1k, hogyan kell \u00e9lni.\" \/>\n<meta property=\"og:url\" content=\"https:\/\/liked.hu\/old\/erdekes\/6-izgalmas-eletmodtanacs-az-izlandiaktol-amik-biztosan-lenyugoznek\/\" \/>\n<meta property=\"og:site_name\" content=\"Liked.hu\" \/>\n<meta property=\"article:publisher\" content=\"https:\/\/www.facebook.com\/liked.hu\" \/>\n<meta property=\"article:published_time\" content=\"2024-05-01T11:06:11+00:00\" \/>\n<meta property=\"article:modified_time\" content=\"2024-05-01T11:06:15+00:00\" \/>\n<meta property=\"og:image\" content=\"https:\/\/liked.hu\/old\/wp-content\/uploads\/2024\/05\/Izlandi-tanacsok.jpg\" \/>\n\t<meta property=\"og:image:width\" content=\"1200\" \/>\n\t<meta property=\"og:image:height\" content=\"630\" \/>\n\t<meta property=\"og:image:type\" content=\"image\/jpeg\" \/>\n<meta name=\"author\" content=\"Sludenkor\" \/>\n<meta name=\"twitter:card\" content=\"summary\" \/>\n<meta name=\"twitter:creator\" content=\"@LikedHu\" \/>\n<meta name=\"twitter:site\" content=\"@LikedHu\" \/>\n<meta name=\"twitter:label1\" content=\"Szerz\u0151:\" \/>\n\t<meta name=\"twitter:data1\" content=\"Sludenkor\" \/>\n\t<meta name=\"twitter:label2\" content=\"Becs\u00fclt olvas\u00e1si id\u0151\" \/>\n\t<meta name=\"twitter:data2\" content=\"4 perc\" \/>\n<script type=\"application\/ld+json\" class=\"yoast-schema-graph\">{\"@context\":\"https:\/\/schema.org\",\"@graph\":[{\"@type\":\"Article\",\"@id\":\"https:\/\/liked.hu\/old\/erdekes\/6-izgalmas-eletmodtanacs-az-izlandiaktol-amik-biztosan-lenyugoznek\/#article\",\"isPartOf\":{\"@id\":\"https:\/\/liked.hu\/old\/erdekes\/6-izgalmas-eletmodtanacs-az-izlandiaktol-amik-biztosan-lenyugoznek\/\"},\"author\":{\"name\":\"Sludenkor\",\"@id\":\"https:\/\/liked.hu\/old\/#\/schema\/person\/6650f7130e2154421c3a5cae3435b47c\"},\"headline\":\"6 izgalmas \u00e9letm\u00f3dtan\u00e1cs az izlandiakt\u00f3l, amik biztosan leny\u0171g\u00f6znek\",\"datePublished\":\"2024-05-01T11:06:11+00:00\",\"dateModified\":\"2024-05-01T11:06:15+00:00\",\"mainEntityOfPage\":{\"@id\":\"https:\/\/liked.hu\/old\/erdekes\/6-izgalmas-eletmodtanacs-az-izlandiaktol-amik-biztosan-lenyugoznek\/\"},\"wordCount\":731,\"commentCount\":0,\"publisher\":{\"@id\":\"https:\/\/liked.hu\/old\/#organization\"},\"keywords\":[\"\u00e9letm\u00f3d\",\"izland\"],\"articleSection\":[\"\u00c9rdekess\u00e9gek\"],\"inLanguage\":\"hu\",\"potentialAction\":[{\"@type\":\"CommentAction\",\"name\":\"Comment\",\"target\":[\"https:\/\/liked.hu\/old\/erdekes\/6-izgalmas-eletmodtanacs-az-izlandiaktol-amik-biztosan-lenyugoznek\/#respond\"]}]},{\"@type\":\"WebPage\",\"@id\":\"https:\/\/liked.hu\/old\/erdekes\/6-izgalmas-eletmodtanacs-az-izlandiaktol-amik-biztosan-lenyugoznek\/\",\"url\":\"https:\/\/liked.hu\/old\/erdekes\/6-izgalmas-eletmodtanacs-az-izlandiaktol-amik-biztosan-lenyugoznek\/\",\"name\":\"6 izgalmas \u00e9letm\u00f3dtan\u00e1cs az izlandiakt\u00f3l, amik biztosan leny\u0171g\u00f6znek\",\"isPartOf\":{\"@id\":\"https:\/\/liked.hu\/old\/#website\"},\"datePublished\":\"2024-05-01T11:06:11+00:00\",\"dateModified\":\"2024-05-01T11:06:15+00:00\",\"description\":\"Tudj\u00e1k, hogyan kell \u00e9lni.\",\"breadcrumb\":{\"@id\":\"https:\/\/liked.hu\/old\/erdekes\/6-izgalmas-eletmodtanacs-az-izlandiaktol-amik-biztosan-lenyugoznek\/#breadcrumb\"},\"inLanguage\":\"hu\",\"potentialAction\":[{\"@type\":\"ReadAction\",\"target\":[\"https:\/\/liked.hu\/old\/erdekes\/6-izgalmas-eletmodtanacs-az-izlandiaktol-amik-biztosan-lenyugoznek\/\"]}]},{\"@type\":\"BreadcrumbList\",\"@id\":\"https:\/\/liked.hu\/old\/erdekes\/6-izgalmas-eletmodtanacs-az-izlandiaktol-amik-biztosan-lenyugoznek\/#breadcrumb\",\"itemListElement\":[{\"@type\":\"ListItem\",\"position\":1,\"name\":\"Kezd\u0151lap\",\"item\":\"https:\/\/liked.hu\/old\/\"},{\"@type\":\"ListItem\",\"position\":2,\"name\":\"6 izgalmas \u00e9letm\u00f3dtan\u00e1cs az izlandiakt\u00f3l, amik biztosan leny\u0171g\u00f6znek\"}]},{\"@type\":\"WebSite\",\"@id\":\"https:\/\/liked.hu\/old\/#website\",\"url\":\"https:\/\/liked.hu\/old\/\",\"name\":\"Liked.hu\",\"description\":\"\",\"publisher\":{\"@id\":\"https:\/\/liked.hu\/old\/#organization\"},\"potentialAction\":[{\"@type\":\"SearchAction\",\"target\":{\"@type\":\"EntryPoint\",\"urlTemplate\":\"https:\/\/liked.hu\/old\/?s={search_term_string}\"},\"query-input\":\"required name=search_term_string\"}],\"inLanguage\":\"hu\"},{\"@type\":\"Organization\",\"@id\":\"https:\/\/liked.hu\/old\/#organization\",\"name\":\"Liked.hu\",\"url\":\"https:\/\/liked.hu\/old\/\",\"sameAs\":[\"https:\/\/hu.pinterest.com\/likedhungary\/\",\"https:\/\/www.youtube.com\/channel\/UCPv91dbMoIukYcM9b9nHN6Q\",\"https:\/\/www.facebook.com\/liked.hu\",\"https:\/\/twitter.com\/LikedHu\"],\"logo\":{\"@type\":\"ImageObject\",\"inLanguage\":\"hu\",\"@id\":\"https:\/\/liked.hu\/old\/#\/schema\/logo\/image\/\",\"url\":\"https:\/\/liked.hu\/wp-content\/uploads\/2018\/08\/Liked-icon.png\",\"contentUrl\":\"https:\/\/liked.hu\/wp-content\/uploads\/2018\/08\/Liked-icon.png\",\"width\":512,\"height\":512,\"caption\":\"Liked.hu\"},\"image\":{\"@id\":\"https:\/\/liked.hu\/old\/#\/schema\/logo\/image\/\"}},{\"@type\":\"Person\",\"@id\":\"https:\/\/liked.hu\/old\/#\/schema\/person\/6650f7130e2154421c3a5cae3435b47c\",\"name\":\"Sludenkor\",\"image\":{\"@type\":\"ImageObject\",\"inLanguage\":\"hu\",\"@id\":\"https:\/\/liked.hu\/old\/#\/schema\/person\/image\/\",\"url\":\"https:\/\/liked.hu\/old\/wp-content\/uploads\/avatars\/5\/604de86470f75-bpfull.jpg\",\"contentUrl\":\"https:\/\/liked.hu\/old\/wp-content\/uploads\/avatars\/5\/604de86470f75-bpfull.jpg\",\"caption\":\"Sludenkor\"},\"url\":\"https:\/\/liked.hu\/old\/u\/sludenkor\/\"}]}<\/script>\n<!-- \/ Yoast SEO plugin. -->","yoast_head_json":{"title":"6 izgalmas \u00e9letm\u00f3dtan\u00e1cs az izlandiakt\u00f3l, amik biztosan leny\u0171g\u00f6znek","description":"Tudj\u00e1k, hogyan kell \u00e9lni.","robots":{"index":"index","follow":"follow","max-snippet":"max-snippet:-1","max-image-preview":"max-image-preview:large","max-video-preview":"max-video-preview:-1"},"canonical":"https:\/\/liked.hu\/old\/erdekes\/6-izgalmas-eletmodtanacs-az-izlandiaktol-amik-biztosan-lenyugoznek\/","og_locale":"hu_HU","og_type":"article","og_title":"6 izgalmas \u00e9letm\u00f3dtan\u00e1cs az izlandiakt\u00f3l, amik biztosan leny\u0171g\u00f6znek","og_description":"Tudj\u00e1k, hogyan kell \u00e9lni.","og_url":"https:\/\/liked.hu\/old\/erdekes\/6-izgalmas-eletmodtanacs-az-izlandiaktol-amik-biztosan-lenyugoznek\/","og_site_name":"Liked.hu","article_publisher":"https:\/\/www.facebook.com\/liked.hu","article_published_time":"2024-05-01T11:06:11+00:00","article_modified_time":"2024-05-01T11:06:15+00:00","og_image":[{"width":1200,"height":630,"url":"https:\/\/liked.hu\/old\/wp-content\/uploads\/2024\/05\/Izlandi-tanacsok.jpg","type":"image\/jpeg"}],"author":"Sludenkor","twitter_card":"summary","twitter_creator":"@LikedHu","twitter_site":"@LikedHu","twitter_misc":{"Szerz\u0151:":"Sludenkor","Becs\u00fclt olvas\u00e1si id\u0151":"4 perc"},"schema":{"@context":"https:\/\/schema.org","@graph":[{"@type":"Article","@id":"https:\/\/liked.hu\/old\/erdekes\/6-izgalmas-eletmodtanacs-az-izlandiaktol-amik-biztosan-lenyugoznek\/#article","isPartOf":{"@id":"https:\/\/liked.hu\/old\/erdekes\/6-izgalmas-eletmodtanacs-az-izlandiaktol-amik-biztosan-lenyugoznek\/"},"author":{"name":"Sludenkor","@id":"https:\/\/liked.hu\/old\/#\/schema\/person\/6650f7130e2154421c3a5cae3435b47c"},"headline":"6 izgalmas \u00e9letm\u00f3dtan\u00e1cs az izlandiakt\u00f3l, amik biztosan leny\u0171g\u00f6znek","datePublished":"2024-05-01T11:06:11+00:00","dateModified":"2024-05-01T11:06:15+00:00","mainEntityOfPage":{"@id":"https:\/\/liked.hu\/old\/erdekes\/6-izgalmas-eletmodtanacs-az-izlandiaktol-amik-biztosan-lenyugoznek\/"},"wordCount":731,"commentCount":0,"publisher":{"@id":"https:\/\/liked.hu\/old\/#organization"},"keywords":["\u00e9letm\u00f3d","izland"],"articleSection":["\u00c9rdekess\u00e9gek"],"inLanguage":"hu","potentialAction":[{"@type":"CommentAction","name":"Comment","target":["https:\/\/liked.hu\/old\/erdekes\/6-izgalmas-eletmodtanacs-az-izlandiaktol-amik-biztosan-lenyugoznek\/#respond"]}]},{"@type":"WebPage","@id":"https:\/\/liked.hu\/old\/erdekes\/6-izgalmas-eletmodtanacs-az-izlandiaktol-amik-biztosan-lenyugoznek\/","url":"https:\/\/liked.hu\/old\/erdekes\/6-izgalmas-eletmodtanacs-az-izlandiaktol-amik-biztosan-lenyugoznek\/","name":"6 izgalmas \u00e9letm\u00f3dtan\u00e1cs az izlandiakt\u00f3l, amik biztosan leny\u0171g\u00f6znek","isPartOf":{"@id":"https:\/\/liked.hu\/old\/#website"},"datePublished":"2024-05-01T11:06:11+00:00","dateModified":"2024-05-01T11:06:15+00:00","description":"Tudj\u00e1k, hogyan kell \u00e9lni.","breadcrumb":{"@id":"https:\/\/liked.hu\/old\/erdekes\/6-izgalmas-eletmodtanacs-az-izlandiaktol-amik-biztosan-lenyugoznek\/#breadcrumb"},"inLanguage":"hu","potentialAction":[{"@type":"ReadAction","target":["https:\/\/liked.hu\/old\/erdekes\/6-izgalmas-eletmodtanacs-az-izlandiaktol-amik-biztosan-lenyugoznek\/"]}]},{"@type":"BreadcrumbList","@id":"https:\/\/liked.hu\/old\/erdekes\/6-izgalmas-eletmodtanacs-az-izlandiaktol-amik-biztosan-lenyugoznek\/#breadcrumb","itemListElement":[{"@type":"ListItem","position":1,"name":"Kezd\u0151lap","item":"https:\/\/liked.hu\/old\/"},{"@type":"ListItem","position":2,"name":"6 izgalmas \u00e9letm\u00f3dtan\u00e1cs az izlandiakt\u00f3l, amik biztosan leny\u0171g\u00f6znek"}]},{"@type":"WebSite","@id":"https:\/\/liked.hu\/old\/#website","url":"https:\/\/liked.hu\/old\/","name":"Liked.hu","description":"","publisher":{"@id":"https:\/\/liked.hu\/old\/#organization"},"potentialAction":[{"@type":"SearchAction","target":{"@type":"EntryPoint","urlTemplate":"https:\/\/liked.hu\/old\/?s={search_term_string}"},"query-input":"required name=search_term_string"}],"inLanguage":"hu"},{"@type":"Organization","@id":"https:\/\/liked.hu\/old\/#organization","name":"Liked.hu","url":"https:\/\/liked.hu\/old\/","sameAs":["https:\/\/hu.pinterest.com\/likedhungary\/","https:\/\/www.youtube.com\/channel\/UCPv91dbMoIukYcM9b9nHN6Q","https:\/\/www.facebook.com\/liked.hu","https:\/\/twitter.com\/LikedHu"],"logo":{"@type":"ImageObject","inLanguage":"hu","@id":"https:\/\/liked.hu\/old\/#\/schema\/logo\/image\/","url":"https:\/\/liked.hu\/wp-content\/uploads\/2018\/08\/Liked-icon.png","contentUrl":"https:\/\/liked.hu\/wp-content\/uploads\/2018\/08\/Liked-icon.png","width":512,"height":512,"caption":"Liked.hu"},"image":{"@id":"https:\/\/liked.hu\/old\/#\/schema\/logo\/image\/"}},{"@type":"Person","@id":"https:\/\/liked.hu\/old\/#\/schema\/person\/6650f7130e2154421c3a5cae3435b47c","name":"Sludenkor","image":{"@type":"ImageObject","inLanguage":"hu","@id":"https:\/\/liked.hu\/old\/#\/schema\/person\/image\/","url":"https:\/\/liked.hu\/old\/wp-content\/uploads\/avatars\/5\/604de86470f75-bpfull.jpg","contentUrl":"https:\/\/liked.hu\/old\/wp-content\/uploads\/avatars\/5\/604de86470f75-bpfull.jpg","caption":"Sludenkor"},"url":"https:\/\/liked.hu\/old\/u\/sludenkor\/"}]}},"publishpress_future_action":{"enabled":false,"date":"1970-01-01 01:00:00","action":"","terms":[],"taxonomy":"","browser_timezone_offset":0},"_links":{"self":[{"href":"https:\/\/liked.hu\/old\/wp-json\/wp\/v2\/posts\/335987"}],"collection":[{"href":"https:\/\/liked.hu\/old\/wp-json\/wp\/v2\/posts"}],"about":[{"href":"https:\/\/liked.hu\/old\/wp-json\/wp\/v2\/types\/post"}],"author":[{"embeddable":true,"href":"https:\/\/liked.hu\/old\/wp-json\/wp\/v2\/users\/5"}],"replies":[{"embeddable":true,"href":"https:\/\/liked.hu\/old\/wp-json\/wp\/v2\/comments?post=335987"}],"version-history":[{"count":0,"href":"https:\/\/liked.hu\/old\/wp-json\/wp\/v2\/posts\/335987\/revisions"}],"wp:featuredmedia":[{"embeddable":true,"href":"https:\/\/liked.hu\/old\/wp-json\/wp\/v2\/media\/335988"}],"wp:attachment":[{"href":"https:\/\/liked.hu\/old\/wp-json\/wp\/v2\/media?parent=335987"}],"wp:term":[{"taxonomy":"category","embeddable":true,"href":"https:\/\/liked.hu\/old\/wp-json\/wp\/v2\/categories?post=335987"},{"taxonomy":"post_tag","embeddable":true,"href":"https:\/\/liked.hu\/old\/wp-json\/wp\/v2\/tags?post=335987"}],"curies":[{"name":"wp","href":"https:\/\/api.w.org\/{rel}","templated":true}]}}