{"id":335637,"date":"2024-04-30T08:21:06","date_gmt":"2024-04-30T07:21:06","guid":{"rendered":"https:\/\/liked.hu\/old\/?p=335637"},"modified":"2024-04-30T08:21:09","modified_gmt":"2024-04-30T07:21:09","slug":"foldalatti-varosok-miert-es-hogyan-eltek-itt-az-emberek","status":"publish","type":"post","link":"https:\/\/liked.hu\/old\/erdekes\/foldalatti-varosok-miert-es-hogyan-eltek-itt-az-emberek\/","title":{"rendered":"F\u00f6ldalatti v\u00e1rosok: mi\u00e9rt \u00e9s hogyan \u00e9ltek itt az emberek"},"content":{"rendered":"\n<p>1963-ban egy t\u00f6r\u00f6k \u200b\u200bember a pinc\u00e9je fel\u00faj\u00edt\u00e1sa k\u00f6zben egy furcsa, r\u00e9gi k\u0151falat fedezett fel, amit r\u00e9szben le is bontott. A fal m\u00f6g\u00f6tt egy hatalmas, s\u00f6t\u00e9t \u00e9s hideg t\u00e9r t\u00e1rult el\u00e9.<\/p>\n\n\n\n\n<div style=\"float:none;margin:0px 0 0px 0;text-align:center;\">\n<div class=\"mobileShowkakettes\"><div class=\"mobileShowka2\"><div style=\"padding-top:0px;padding-bottom:15px;min-height: 300px;\"><div class=\"hirdetes\">HIRDET\u00c9S<\/div>\n<!-- 300lista -->\n<ins class=\"adsbygoogle\"\n     style=\"display:inline-block;width:300px;height:250px\"\n     data-ad-client=\"ca-pub-9424088931673893\"\n     data-ad-slot=\"8471340766\"><\/ins>\n<script async>\n     (adsbygoogle = window.adsbygoogle || []).push({});\n<\/script><\/div><\/div><\/div><\/div>\n\n\n\n\n<p>F\u00e9nyk\u00e9pez\u0151g\u00e9ppel felszerelkezve \u00e1tk\u00faszott a k\u0151falban l\u00e9v\u0151 lyukon, \u00e9s t\u00f6bb, f\u00e9lk\u00f6r alak\u00fa mennyezet\u0171 szob\u00e1t tal\u00e1lt, amelyeket vulk\u00e1ni k\u0151zetbe v\u00e1jtak.<\/p>\n\n\n\n<figure class=\"wp-block-image size-full\"><img loading=\"lazy\" width=\"697\" height=\"412\" src=\"https:\/\/liked.hu\/old\/wp-content\/uploads\/2024\/04\/Foldalatti-barlanglakasok-012.webp\" alt=\"F\u00f6ldalatti barlanglak\u00e1sok 012\" class=\"wp-image-335649\"\/><\/figure>\n\n\n\n<p>Ezek a titokzatos szob\u00e1k csak egy kis r\u00e9sz\u00e9t k\u00e9pezt\u00e9k az \u0151si lak\u00f3helyekb\u0151l \u00e1ll\u00f3 labirintusnak. A labirintus k\u00f6z\u00f6ss\u00e9gi terekb\u0151l \u00e9s alagutak h\u00e1l\u00f3zat\u00e1b\u00f3l \u00e1llt. A teljes \u00e9p\u00fcletkomplexum 13 szinten ter\u00fclt el, a legm\u00e9lyebb szint 85 m\u00e9terrel a f\u00f6ld alatt fek\u00fcdt.<\/p>\n\n\n\n<p>Ez az \u0151si helysz\u00edn el\u00e9g nagy volt ahhoz, hogy 20 000 embert is befogadjon. Kider\u00fclt, hogy egy hatalmas, elfeledett f\u00f6ldalatti v\u00e1rost fedeztek fel.<\/p>\n\n\n\n<style>.morefelirat p {color: #909090 !important;border-top: 1px solid #b3b3b3bf!important;}<\/style>\n\n\n\n<figure class=\"wp-block-image size-full\"><img loading=\"lazy\" width=\"1200\" height=\"833\" src=\"https:\/\/liked.hu\/old\/wp-content\/uploads\/2024\/04\/Foldalatti-barlanglakasok-011.webp\" alt=\"F\u00f6ldalatti barlanglak\u00e1sok 011\" class=\"wp-image-335648\" srcset=\"https:\/\/liked.hu\/old\/wp-content\/uploads\/2024\/04\/Foldalatti-barlanglakasok-011.webp 1200w, https:\/\/liked.hu\/old\/wp-content\/uploads\/2024\/04\/Foldalatti-barlanglakasok-011-768x533.webp 768w\" sizes=\"(max-width: 1200px) 100vw, 1200px\" \/><\/figure>\n\n\n\n<p>A napf\u00e9ny \u00e9s a friss leveg\u0151 szell\u0151z\u0151akn\u00e1kon \u00e1t jutott be a helyis\u00e9gekbe, a v\u00e1rost pedig egy krist\u00e1lytiszta v\u00edzt\u00e1roz\u00f3 t\u00e1pl\u00e1lta, amely iv\u00f3vizet biztos\u00edtott, \u00e9s k\u00f6zvetlen\u00fcl a v\u00e1ros alatt futott. A k\u00f6zeli szob\u00e1kat \u00e9s alagutakat bej\u00e1rva a restaur\u00e1tor v\u00e9g\u00fcl egy sz\u0171k \u00e1tj\u00e1r\u00f3hoz \u00e9rt, amelyet egy hatalmas kerek k\u0151 z\u00e1rt el, ami egy \u00f3ri\u00e1si malomk\u0151re hasonl\u00edtott. \u00dagy t\u0171nt, sz\u00e1nd\u00e9kosan helyezt\u00e9k oda, hogy elz\u00e1rja a tov\u00e1bbi bej\u00e1ratokat a f\u00f6ldalatti v\u00e1rosba.<\/p>\n\n\n\n\n<div style=\"float:none;margin:0px 0 0px 0;text-align:center;\">\n<div class=\"mobileHideke5\"><div style=\"margin-top:25px;\"><div class=\"hirdeteshatter\"><div style=\"display: inline-block;width: 50%;min-width:305px;vertical-align: top;\"><div class=\"hirdetes\">HIRDET\u00c9S<\/div>\n<!-- LikedQ51 -->\n<ins class=\"adsbygoogle\"\n     style=\"display:inline-block;width:300px;height:250px\"\n     data-ad-client=\"ca-pub-9424088931673893\"\n     data-ad-slot=\"8284063326\"><\/ins>\n<script async>\n     (adsbygoogle = window.adsbygoogle || []).push({});\n<\/script><\/div><div style=\"display: inline-block;width: 50%;min-width:305px;vertical-align: top;\"><div class=\"hirdetes\">HIRDET\u00c9S<\/div>\n<!-- LikedQ52 -->\n<ins class=\"adsbygoogle\"\n     style=\"display:inline-block;width:300px;height:250px\"\n     data-ad-client=\"ca-pub-9424088931673893\"\n     data-ad-slot=\"2840164950\"><\/ins>\n<script async>\n     (adsbygoogle = window.adsbygoogle || []).push({});\n<\/script><\/div><\/div><\/div><\/div>\n<div style=\"display:flex;flex-direction:column;\"><div class=\"mobileShowka5\"><div style=\"padding-top:10px;padding-bottom:10px;min-height: 300px;\"><div class=\"hirdetes\">HIRDET\u00c9S<\/div>\n<!-- LikedQ5M -->\n<ins class=\"adsbygoogle\"\n     style=\"display:inline-block;width:300px;height:250px\"\n     data-ad-client=\"ca-pub-9424088931673893\"\n     data-ad-slot=\"9022429928\"><\/ins>\n<script async>\n     (adsbygoogle = window.adsbygoogle || []).push({});\n<\/script><\/div><\/div><\/div><\/div>\n\n\n\n\n<h4>\u00cdgy fedezt\u00e9k fel a Kaymakl\u0131 nev\u0171 \u0151si f\u00f6ldalatti v\u00e1rost. Ez csak egy a kappadokiai r\u00e9gi\u00f3ban felfedezett sz\u00e1mos \u0151si f\u00f6ldalatti v\u00e1ros k\u00f6z\u00fcl.<\/h4>\n\n\n\n<figure class=\"wp-block-image size-full\"><img loading=\"lazy\" width=\"696\" height=\"654\" src=\"https:\/\/liked.hu\/old\/wp-content\/uploads\/2024\/04\/Foldalatti-barlanglakasok-010.webp\" alt=\"F\u00f6ldalatti barlanglak\u00e1sok 010\" class=\"wp-image-335647\"\/><\/figure>\n\n\n\n<p>Kamakl\u0131ban van egy 9 km hossz\u00fa alag\u00fat, amely egy m\u00e1sik f\u00f6ldalatti v\u00e1rosba, Derinkuyu-ba vezet. Jelenleg a r\u00e9g\u00e9szek nyolc szintet t\u00e1rtak fel, de csak a fels\u0151 n\u00e9gyet lehet l\u00e1togatni.<\/p>\n\n\n\n<figure class=\"wp-block-image size-full\"><img loading=\"lazy\" width=\"613\" height=\"406\" src=\"https:\/\/liked.hu\/old\/wp-content\/uploads\/2024\/04\/Foldalatti-barlanglakasok-009.webp\" alt=\"F\u00f6ldalatti barlanglak\u00e1sok 009\" class=\"wp-image-335646\"\/><\/figure>\n\n\n\n<p>B\u00e1r a pontos kor nem ismert, felt\u00e9telezik, hogy ezeket a hatalmas f\u00f6ldalatti v\u00e1rosokat legal\u00e1bb 2800 \u00e9vvel ezel\u0151tt \u00e9p\u00edtett\u00e9k. De a puha vulk\u00e1ni k\u0151zetbe v\u00e1jt barlangok potenci\u00e1lisan m\u00e1r sokkal kor\u00e1bban is lakhat\u00f3k lehettek.<\/p>\n\n\n\n\n<div style=\"float:none;margin:0px 0 0px 0;text-align:center;\">\n<div class=\"mobileHideke8\"><div style=\"margin-top:25px;\"><div class=\"hirdeteshatter\"><div style=\"display: inline-block;width: 50%;min-width:340px;vertical-align: top;\"><div class=\"hirdetes\">HIRDET\u00c9S<\/div>\n<!-- Liked7Q1 -->\n<ins class=\"adsbygoogle\"\n     style=\"display:inline-block;width:336px;height:280px\"\n     data-ad-client=\"ca-pub-9424088931673893\"\n     data-ad-slot=\"3022062587\"><\/ins>\n<script async>\n     (adsbygoogle = window.adsbygoogle || []).push({});\n<\/script><\/div><div style=\"display: inline-block;width: 50%;min-width:340px;vertical-align: top;\"><div class=\"hirdetes\">HIRDET\u00c9S<\/div>\n<!-- Liked7Q2 -->\n<ins class=\"adsbygoogle\"\n     style=\"display:inline-block;width:336px;height:280px\"\n     data-ad-client=\"ca-pub-9424088931673893\"\n     data-ad-slot=\"3952000871\"><\/ins>\n<script async>\n     (adsbygoogle = window.adsbygoogle || []).push({});\n<\/script><\/div><\/div><\/div><\/div>\n<div style=\"display:flex;flex-direction:column;\"><div class=\"mobileShowka8\"><div style=\"padding-top:15px;margin-bottom:15px;min-height: 300px;\"><div class=\"hirdetes\">HIRDET\u00c9S<\/div>\n<!-- Liked7QMobil -->\n<ins class=\"adsbygoogle\"\n     style=\"display:inline-block;width:336px;height:280px\"\n     data-ad-client=\"ca-pub-9424088931673893\"\n     data-ad-slot=\"5073510857\"><\/ins>\n<script async>\n     (adsbygoogle = window.adsbygoogle || []).push({});\n<\/script><\/div><\/div><\/div><\/div>\n\n\n\n\n<figure class=\"wp-block-image size-full\"><img loading=\"lazy\" width=\"1048\" height=\"733\" src=\"https:\/\/liked.hu\/old\/wp-content\/uploads\/2024\/04\/Foldalatti-barlanglakasok-008.webp\" alt=\"F\u00f6ldalatti barlanglak\u00e1sok 008\" class=\"wp-image-335645\" srcset=\"https:\/\/liked.hu\/old\/wp-content\/uploads\/2024\/04\/Foldalatti-barlanglakasok-008.webp 1048w, https:\/\/liked.hu\/old\/wp-content\/uploads\/2024\/04\/Foldalatti-barlanglakasok-008-768x537.webp 768w\" sizes=\"(max-width: 1048px) 100vw, 1048px\" \/><\/figure>\n\n\n\n<p>Biztos, hogy t\u00f6bb mint ezer \u00e9ven \u00e1t k\u00fcl\u00f6nb\u00f6z\u0151 kult\u00far\u00e1k lakt\u00e1k ezeket a f\u00f6ldalatti v\u00e1rosokat. El\u0151sz\u00f6r indoeur\u00f3paiak, majd g\u00f6r\u00f6g\u00f6k. K\u00e9s\u0151bb a r\u00f3maiak is kapcsolatba ker\u00fcltek a f\u00f6ldalatti civiliz\u00e1ci\u00f3kkal, majd az els\u0151 kereszt\u00e9nyek is itt kerestek mened\u00e9ket. B\u0151v\u00edtett\u00e9k a v\u00e1rosokat, \u00e9s f\u00f6ldalatti templomokat, k\u00e1poln\u00e1kat, s\u0151t iskol\u00e1kat is \u00e9p\u00edtettek.<\/p>\n\n\n\n<p>Olaszorsz\u00e1gban is van egy v\u00e1ros, ahol a t\u00f6rt\u00e9nelmi belv\u00e1ros szikl\u00e1ba v\u00e1jt barlangokb\u00f3l \u00e1ll. \u00c9vente milli\u00f3an l\u00e1togatnak el oda, \u00e9s ezt a v\u00e1rost hivatalosan Olaszorsz\u00e1g legr\u00e9gebbi v\u00e1ros\u00e1nak tartj\u00e1k &#8211; Matera.<\/p>\n\n\n\n<figure class=\"wp-block-image size-full\"><img loading=\"lazy\" width=\"597\" height=\"362\" src=\"https:\/\/liked.hu\/old\/wp-content\/uploads\/2024\/04\/Foldalatti-barlanglakasok-007.webp\" alt=\"F\u00f6ldalatti barlanglak\u00e1sok 007\" class=\"wp-image-335644\"\/><\/figure>\n\n\n\n<p>Matera v\u00e1rosa h\u00edres a t\u00f6rt\u00e9nelmi filmekben val\u00f3 szerepl\u00e9sr\u0151l, k\u00f6sz\u00f6nhet\u0151en a leny\u0171g\u00f6z\u0151 barlanglak\u00e1sainak \u00e9s az egyedi \u00e9p\u00edt\u00e9szet\u00e9nek. Mel Gibson is itt forgatta p\u00e9ld\u00e1ul a &#8222;Passi\u00f3&#8221; c\u00edm\u0171 filmet.<\/p>\n\n\n\n<figure class=\"wp-block-image size-full\"><img loading=\"lazy\" width=\"631\" height=\"470\" src=\"https:\/\/liked.hu\/old\/wp-content\/uploads\/2024\/04\/Foldalatti-barlanglakasok-006.webp\" alt=\"F\u00f6ldalatti barlanglak\u00e1sok 006\" class=\"wp-image-335643\"\/><\/figure>\n\n\n\n<p>A barlanglak\u00e1sok bej\u00e1rat\u00e1n\u00e1l gy\u00f6ny\u00f6r\u0171 homlokzatokat \u00e9s templomokat tal\u00e1lhatunk, melyek t\u00f6k\u00e9letesen illeszkednek a szikl\u00e1s t\u00e1jba.<\/p>\n\n\n\n<!--nextpage-->\n\n\n\n<h4>Matera \u0151si f\u00f6ldalatti v\u00e1ros\u00e1t a tufak\u0151 dombokba v\u00e1jt\u00e1k, ami kiv\u00e1l\u00f3 v\u00e9delmet ny\u00fajtott az ellens\u00e9ges csapatok ellen.<\/h4>\n\n\n\n<figure class=\"wp-block-image size-full\"><img loading=\"lazy\" width=\"1200\" height=\"558\" src=\"https:\/\/liked.hu\/old\/wp-content\/uploads\/2024\/04\/Foldalatti-barlanglakasok-005.webp\" alt=\"F\u00f6ldalatti barlanglak\u00e1sok 005\" class=\"wp-image-335642\" srcset=\"https:\/\/liked.hu\/old\/wp-content\/uploads\/2024\/04\/Foldalatti-barlanglakasok-005.webp 1200w, https:\/\/liked.hu\/old\/wp-content\/uploads\/2024\/04\/Foldalatti-barlanglakasok-005-768x357.webp 768w\" sizes=\"(max-width: 1200px) 100vw, 1200px\" \/><\/figure>\n\n\n\n<p>Orvieto is egy hasonl\u00f3 v\u00e1ros, mely R\u00f3m\u00e1t\u00f3l 100 km-re \u00e9szakra fekszik, \u00e9s b\u00fcszke lehet arra, hogy soha nem h\u00f3d\u00edtott\u00e1k meg az ostroml\u00f3 csapatok.<\/p>\n\n\n\n<figure class=\"wp-block-image size-full\"><img loading=\"lazy\" width=\"689\" height=\"457\" src=\"https:\/\/liked.hu\/old\/wp-content\/uploads\/2024\/04\/Foldalatti-barlanglakasok-004.webp\" alt=\"F\u00f6ldalatti barlanglak\u00e1sok 004\" class=\"wp-image-335641\"\/><\/figure>\n\n\n\n<p>Az etruszkok kezdt\u00e9k el itt a f\u00f6ldalatti \u00fcregek \u00e1s\u00e1s\u00e1t, kihaszn\u00e1lva a tufa h\u0151m\u00e9rs\u00e9klet-szab\u00e1lyoz\u00f3 tulajdons\u00e1gait. A f\u00f6ldalatti kamr\u00e1kban \u00e1lland\u00f3 12\u00b0C-os h\u0151m\u00e9rs\u00e9klet uralkodik, ami ide\u00e1lis a bor \u00e9s ol\u00edvaolaj t\u00e1rol\u00e1s\u00e1ra.<\/p>\n\n\n\n<figure class=\"wp-block-image size-full\"><img loading=\"lazy\" width=\"986\" height=\"774\" src=\"https:\/\/liked.hu\/old\/wp-content\/uploads\/2024\/04\/Foldalatti-barlanglakasok-003.webp\" alt=\"F\u00f6ldalatti barlanglak\u00e1sok 003\" class=\"wp-image-335640\" srcset=\"https:\/\/liked.hu\/old\/wp-content\/uploads\/2024\/04\/Foldalatti-barlanglakasok-003.webp 986w, https:\/\/liked.hu\/old\/wp-content\/uploads\/2024\/04\/Foldalatti-barlanglakasok-003-768x603.webp 768w\" sizes=\"(max-width: 986px) 100vw, 986px\" \/><\/figure>\n\n\n\n<p>A tufak\u0151be v\u00e1jt f\u00f6ldalatti v\u00e1rosok legfontosabb jellemz\u0151i k\u00f6z\u00e9 tartoztak a meredek szikl\u00e1kba v\u00e1jt ablakokkal ell\u00e1tott pinc\u00e9k \u00e9s a galambd\u00facok. Ezek a l\u00e9tes\u00edtm\u00e9nyek kulcsfontoss\u00e1g\u00fa szerepet j\u00e1tszottak a lakoss\u00e1g \u00e9lelmez\u00e9s\u00e9nek biztos\u00edt\u00e1s\u00e1ban ostrom idej\u00e9n, megakad\u00e1lyozva az \u00e9h\u00edns\u00e9get.<\/p>\n\n\n\n\n<div style=\"float:none;margin:0px 0 0px 0;text-align:center;\">\n<div class=\"mobileHideke8\"><div class=\"hirdeteshatter\"><div style=\"display: inline-block;width: 50%;min-width:340px;vertical-align: top;\"><div class=\"hirdetes\">HIRDET\u00c9S<\/div>\n<!-- LikedQ81 -->\n<ins class=\"adsbygoogle\"\n     style=\"display:inline-block;width:336px;height:280px\"\n     data-ad-client=\"ca-pub-9424088931673893\"\n     data-ad-slot=\"2436840276\"><\/ins>\n<script async>\n     (adsbygoogle = window.adsbygoogle || []).push({});\n<\/script><\/div><div style=\"display: inline-block;width: 50%;min-width:340px;vertical-align: top;\"><div class=\"hirdetes\">HIRDET\u00c9S<\/div>\n<!-- LikedQ82 -->\n<ins class=\"adsbygoogle\"\n     style=\"display:inline-block;width:336px;height:280px\"\n     data-ad-client=\"ca-pub-9424088931673893\"\n     data-ad-slot=\"3558350253\"><\/ins>\n<script async>\n     (adsbygoogle = window.adsbygoogle || []).push({});\n<\/script><\/div><\/div><\/div>\n<div style=\"display:flex;flex-direction:column;\"><div class=\"mobileShowka8 nyolc\"><div style=\"padding-top:15px;padding-bottom:5px;min-height: 300px;\"><div class=\"hirdetes\">HIRDET\u00c9S<\/div>\n<!-- LikedQ8M -->\n<ins class=\"adsbygoogle\"\n     style=\"display:inline-block;width:336px;height:280px\"\n     data-ad-client=\"ca-pub-9424088931673893\"\n     data-ad-slot=\"4679860235\"><\/ins>\n<script async>\n     (adsbygoogle = window.adsbygoogle || []).push({});\n<\/script><\/div><\/div><\/div><\/div>\n\n\n\n\n<h4>A galambd\u00facokban tartott galambok szabadon kirep\u00fclhettek a ny\u00edl\u00e1sokon, hogy a k\u00f6rnyez\u0151 mez\u0151k\u00f6n t\u00e1pl\u00e1lkozzanak.<\/h4>\n\n\n\n<p>Ezut\u00e1n visszat\u00e9rtek a d\u00facba, toj\u00e1st \u00e9s h\u00fast biztos\u00edtva a v\u00e1rosiaknak. Ez a fenntarthat\u00f3 \u00e9lelmiszerforr\u00e1s l\u00e9tfontoss\u00e1g\u00fa volt a t\u00fal\u00e9l\u00e9shez, ha a k\u00fcls\u0151 ell\u00e1t\u00e1st elv\u00e1gt\u00e1k.<\/p>\n\n\n\n<figure class=\"wp-block-image size-full\"><img loading=\"lazy\" width=\"1186\" height=\"784\" src=\"https:\/\/liked.hu\/old\/wp-content\/uploads\/2024\/04\/Foldalatti-barlanglakasok-002.webp\" alt=\"F\u00f6ldalatti barlanglak\u00e1sok 002\" class=\"wp-image-335639\" srcset=\"https:\/\/liked.hu\/old\/wp-content\/uploads\/2024\/04\/Foldalatti-barlanglakasok-002.webp 1186w, https:\/\/liked.hu\/old\/wp-content\/uploads\/2024\/04\/Foldalatti-barlanglakasok-002-768x508.webp 768w\" sizes=\"(max-width: 1186px) 100vw, 1186px\" \/><\/figure>\n\n\n\n<p>Az etruszkok, akik a r\u00e9gi\u00f3 korai lak\u00f3i voltak, m\u00e1r a Kr. e. 8. sz\u00e1zadban elkezdt\u00e9k \u00e1sni az els\u0151 kutakat a f\u00f6ldalatti v\u00e1rosban. Ezek a kutak k\u00e9zzel \u00e1sott lyukak voltak, amelyek a talajv\u00edz el\u00e9r\u00e9sig ny\u00faltak. A vizet v\u00f6dr\u00f6kkel vagy k\u00f6telekkel h\u00fazt\u00e1k fel a felsz\u00ednre.<\/p>\n\n\n\n<p>A 16. sz\u00e1zadban a materai \u00e9s orviet\u00f3i lakosok egy kifinomultabb v\u00edzell\u00e1t\u00f3 rendszert \u00e9p\u00edtettek ki, melyet \u00f6szv\u00e9rekkel \u00fczemeltettek.<\/p>\n\n\n\n<figure class=\"wp-block-image size-full\"><img loading=\"lazy\" width=\"830\" height=\"558\" src=\"https:\/\/liked.hu\/old\/wp-content\/uploads\/2024\/04\/Foldalatti-barlanglakasok-001.webp\" alt=\"F\u00f6ldalatti barlanglak\u00e1sok 001\" class=\"wp-image-335638\" srcset=\"https:\/\/liked.hu\/old\/wp-content\/uploads\/2024\/04\/Foldalatti-barlanglakasok-001.webp 830w, https:\/\/liked.hu\/old\/wp-content\/uploads\/2024\/04\/Foldalatti-barlanglakasok-001-768x516.webp 768w\" sizes=\"(max-width: 830px) 100vw, 830px\" \/><\/figure>\n\n\n\n<p>A f\u00f6ldalatti v\u00e1ros \u00e1s\u00e1sa k\u00f6zben keletkez\u0151 tufa k\u0151t\u00f6mb\u00f6ket egy\u00e9bk\u00e9nt a felsz\u00edni h\u00e1zak \u00e9p\u00edt\u00e9s\u00e9hez is felhaszn\u00e1lt\u00e1k.<\/p>\n\n\n\n<p>A m\u00e1sodik vil\u00e1gh\u00e1bor\u00fa idej\u00e9n a lakoss\u00e1g a f\u00f6ldalatti barlanglak\u00e1sokban tal\u00e1lt mened\u00e9ket a bomb\u00e1z\u00e1sok el\u0151l.<\/p>\n\n\n\n<p class=\"has-text-align-center\"><strong>J\u00e1rt\u00e1l m\u00e1r Mater\u00e1ban vagy Orviet\u00f3ban?<\/strong><\/p>\n","protected":false},"excerpt":{"rendered":"<p>Elk\u00e9peszt\u0151 barlangrendszereket hoztak l\u00e9tre a f\u00f6ld alatt.<\/p>\n","protected":false},"author":13,"featured_media":335650,"comment_status":"open","ping_status":"closed","sticky":false,"template":"","format":"standard","meta":{"buzzeditor_post_format":""},"categories":[23],"tags":[2165,2655],"yoast_head":"<!-- This site is optimized with the Yoast SEO plugin v19.6.1 - https:\/\/yoast.com\/wordpress\/plugins\/seo\/ -->\n<title>F\u00f6ldalatti v\u00e1rosok: mi\u00e9rt \u00e9s hogyan \u00e9ltek itt az emberek<\/title>\n<meta name=\"description\" content=\"Elk\u00e9peszt\u0151 barlangrendszereket hoztak l\u00e9tre a f\u00f6ld alatt.\" \/>\n<meta name=\"robots\" content=\"index, follow, max-snippet:-1, max-image-preview:large, max-video-preview:-1\" \/>\n<link rel=\"canonical\" href=\"https:\/\/liked.hu\/old\/erdekes\/foldalatti-varosok-miert-es-hogyan-eltek-itt-az-emberek\/\" \/>\n<link rel=\"next\" href=\"https:\/\/liked.hu\/old\/erdekes\/foldalatti-varosok-miert-es-hogyan-eltek-itt-az-emberek\/2\/\" \/>\n<meta property=\"og:locale\" content=\"hu_HU\" \/>\n<meta property=\"og:type\" content=\"article\" \/>\n<meta property=\"og:title\" content=\"F\u00f6ldalatti v\u00e1rosok: mi\u00e9rt \u00e9s hogyan \u00e9ltek itt az emberek\" \/>\n<meta property=\"og:description\" content=\"Elk\u00e9peszt\u0151 barlangrendszereket hoztak l\u00e9tre a f\u00f6ld alatt.\" \/>\n<meta property=\"og:url\" content=\"https:\/\/liked.hu\/old\/erdekes\/foldalatti-varosok-miert-es-hogyan-eltek-itt-az-emberek\/\" \/>\n<meta property=\"og:site_name\" content=\"Liked.hu\" \/>\n<meta property=\"article:publisher\" content=\"https:\/\/www.facebook.com\/liked.hu\" \/>\n<meta property=\"article:published_time\" content=\"2024-04-30T07:21:06+00:00\" \/>\n<meta property=\"article:modified_time\" content=\"2024-04-30T07:21:09+00:00\" \/>\n<meta property=\"og:image\" content=\"https:\/\/liked.hu\/old\/wp-content\/uploads\/2024\/04\/Foldalatti-elet.jpg\" \/>\n\t<meta property=\"og:image:width\" content=\"1200\" \/>\n\t<meta property=\"og:image:height\" content=\"630\" \/>\n\t<meta property=\"og:image:type\" content=\"image\/jpeg\" \/>\n<meta name=\"author\" content=\"Klingstrom\" \/>\n<meta name=\"twitter:card\" content=\"summary\" \/>\n<meta name=\"twitter:creator\" content=\"@LikedHu\" \/>\n<meta name=\"twitter:site\" content=\"@LikedHu\" \/>\n<meta name=\"twitter:label1\" content=\"Szerz\u0151:\" \/>\n\t<meta name=\"twitter:data1\" content=\"Klingstrom\" \/>\n\t<meta name=\"twitter:label2\" content=\"Becs\u00fclt olvas\u00e1si id\u0151\" \/>\n\t<meta name=\"twitter:data2\" content=\"5 perc\" \/>\n<script type=\"application\/ld+json\" class=\"yoast-schema-graph\">{\"@context\":\"https:\/\/schema.org\",\"@graph\":[{\"@type\":\"Article\",\"@id\":\"https:\/\/liked.hu\/old\/erdekes\/foldalatti-varosok-miert-es-hogyan-eltek-itt-az-emberek\/#article\",\"isPartOf\":{\"@id\":\"https:\/\/liked.hu\/old\/erdekes\/foldalatti-varosok-miert-es-hogyan-eltek-itt-az-emberek\/\"},\"author\":{\"name\":\"Klingstrom\",\"@id\":\"https:\/\/liked.hu\/old\/#\/schema\/person\/1c8d3f8764991e8dcd6572a7de72da8a\"},\"headline\":\"F\u00f6ldalatti v\u00e1rosok: mi\u00e9rt \u00e9s hogyan \u00e9ltek itt az emberek\",\"datePublished\":\"2024-04-30T07:21:06+00:00\",\"dateModified\":\"2024-04-30T07:21:09+00:00\",\"mainEntityOfPage\":{\"@id\":\"https:\/\/liked.hu\/old\/erdekes\/foldalatti-varosok-miert-es-hogyan-eltek-itt-az-emberek\/\"},\"wordCount\":969,\"commentCount\":0,\"publisher\":{\"@id\":\"https:\/\/liked.hu\/old\/#organization\"},\"keywords\":[\"r\u00e9g\u00e9szet\",\"t\u00f6rt\u00e9nelem\"],\"articleSection\":[\"\u00c9rdekess\u00e9gek\"],\"inLanguage\":\"hu\",\"potentialAction\":[{\"@type\":\"CommentAction\",\"name\":\"Comment\",\"target\":[\"https:\/\/liked.hu\/old\/erdekes\/foldalatti-varosok-miert-es-hogyan-eltek-itt-az-emberek\/#respond\"]}]},{\"@type\":\"WebPage\",\"@id\":\"https:\/\/liked.hu\/old\/erdekes\/foldalatti-varosok-miert-es-hogyan-eltek-itt-az-emberek\/\",\"url\":\"https:\/\/liked.hu\/old\/erdekes\/foldalatti-varosok-miert-es-hogyan-eltek-itt-az-emberek\/\",\"name\":\"F\u00f6ldalatti v\u00e1rosok: mi\u00e9rt \u00e9s hogyan \u00e9ltek itt az emberek\",\"isPartOf\":{\"@id\":\"https:\/\/liked.hu\/old\/#website\"},\"datePublished\":\"2024-04-30T07:21:06+00:00\",\"dateModified\":\"2024-04-30T07:21:09+00:00\",\"description\":\"Elk\u00e9peszt\u0151 barlangrendszereket hoztak l\u00e9tre a f\u00f6ld alatt.\",\"breadcrumb\":{\"@id\":\"https:\/\/liked.hu\/old\/erdekes\/foldalatti-varosok-miert-es-hogyan-eltek-itt-az-emberek\/#breadcrumb\"},\"inLanguage\":\"hu\",\"potentialAction\":[{\"@type\":\"ReadAction\",\"target\":[\"https:\/\/liked.hu\/old\/erdekes\/foldalatti-varosok-miert-es-hogyan-eltek-itt-az-emberek\/\"]}]},{\"@type\":\"BreadcrumbList\",\"@id\":\"https:\/\/liked.hu\/old\/erdekes\/foldalatti-varosok-miert-es-hogyan-eltek-itt-az-emberek\/#breadcrumb\",\"itemListElement\":[{\"@type\":\"ListItem\",\"position\":1,\"name\":\"Kezd\u0151lap\"}]},{\"@type\":\"WebSite\",\"@id\":\"https:\/\/liked.hu\/old\/#website\",\"url\":\"https:\/\/liked.hu\/old\/\",\"name\":\"Liked.hu\",\"description\":\"\",\"publisher\":{\"@id\":\"https:\/\/liked.hu\/old\/#organization\"},\"potentialAction\":[{\"@type\":\"SearchAction\",\"target\":{\"@type\":\"EntryPoint\",\"urlTemplate\":\"https:\/\/liked.hu\/old\/?s={search_term_string}\"},\"query-input\":\"required name=search_term_string\"}],\"inLanguage\":\"hu\"},{\"@type\":\"Organization\",\"@id\":\"https:\/\/liked.hu\/old\/#organization\",\"name\":\"Liked.hu\",\"url\":\"https:\/\/liked.hu\/old\/\",\"sameAs\":[\"https:\/\/hu.pinterest.com\/likedhungary\/\",\"https:\/\/www.youtube.com\/channel\/UCPv91dbMoIukYcM9b9nHN6Q\",\"https:\/\/www.facebook.com\/liked.hu\",\"https:\/\/twitter.com\/LikedHu\"],\"logo\":{\"@type\":\"ImageObject\",\"inLanguage\":\"hu\",\"@id\":\"https:\/\/liked.hu\/old\/#\/schema\/logo\/image\/\",\"url\":\"https:\/\/liked.hu\/wp-content\/uploads\/2018\/08\/Liked-icon.png\",\"contentUrl\":\"https:\/\/liked.hu\/wp-content\/uploads\/2018\/08\/Liked-icon.png\",\"width\":512,\"height\":512,\"caption\":\"Liked.hu\"},\"image\":{\"@id\":\"https:\/\/liked.hu\/old\/#\/schema\/logo\/image\/\"}},{\"@type\":\"Person\",\"@id\":\"https:\/\/liked.hu\/old\/#\/schema\/person\/1c8d3f8764991e8dcd6572a7de72da8a\",\"name\":\"Klingstrom\",\"image\":{\"@type\":\"ImageObject\",\"inLanguage\":\"hu\",\"@id\":\"https:\/\/liked.hu\/old\/#\/schema\/person\/image\/\",\"url\":\"https:\/\/liked.hu\/old\/wp-content\/uploads\/avatars\/13\/604de88bd578a-bpfull.jpg\",\"contentUrl\":\"https:\/\/liked.hu\/old\/wp-content\/uploads\/avatars\/13\/604de88bd578a-bpfull.jpg\",\"caption\":\"Klingstrom\"},\"url\":\"https:\/\/liked.hu\/old\/u\/klingstrom\/\"}]}<\/script>\n<!-- \/ Yoast SEO plugin. -->","yoast_head_json":{"title":"F\u00f6ldalatti v\u00e1rosok: mi\u00e9rt \u00e9s hogyan \u00e9ltek itt az emberek","description":"Elk\u00e9peszt\u0151 barlangrendszereket hoztak l\u00e9tre a f\u00f6ld alatt.","robots":{"index":"index","follow":"follow","max-snippet":"max-snippet:-1","max-image-preview":"max-image-preview:large","max-video-preview":"max-video-preview:-1"},"canonical":"https:\/\/liked.hu\/old\/erdekes\/foldalatti-varosok-miert-es-hogyan-eltek-itt-az-emberek\/","next":"https:\/\/liked.hu\/old\/erdekes\/foldalatti-varosok-miert-es-hogyan-eltek-itt-az-emberek\/2\/","og_locale":"hu_HU","og_type":"article","og_title":"F\u00f6ldalatti v\u00e1rosok: mi\u00e9rt \u00e9s hogyan \u00e9ltek itt az emberek","og_description":"Elk\u00e9peszt\u0151 barlangrendszereket hoztak l\u00e9tre a f\u00f6ld alatt.","og_url":"https:\/\/liked.hu\/old\/erdekes\/foldalatti-varosok-miert-es-hogyan-eltek-itt-az-emberek\/","og_site_name":"Liked.hu","article_publisher":"https:\/\/www.facebook.com\/liked.hu","article_published_time":"2024-04-30T07:21:06+00:00","article_modified_time":"2024-04-30T07:21:09+00:00","og_image":[{"width":1200,"height":630,"url":"https:\/\/liked.hu\/old\/wp-content\/uploads\/2024\/04\/Foldalatti-elet.jpg","type":"image\/jpeg"}],"author":"Klingstrom","twitter_card":"summary","twitter_creator":"@LikedHu","twitter_site":"@LikedHu","twitter_misc":{"Szerz\u0151:":"Klingstrom","Becs\u00fclt olvas\u00e1si id\u0151":"5 perc"},"schema":{"@context":"https:\/\/schema.org","@graph":[{"@type":"Article","@id":"https:\/\/liked.hu\/old\/erdekes\/foldalatti-varosok-miert-es-hogyan-eltek-itt-az-emberek\/#article","isPartOf":{"@id":"https:\/\/liked.hu\/old\/erdekes\/foldalatti-varosok-miert-es-hogyan-eltek-itt-az-emberek\/"},"author":{"name":"Klingstrom","@id":"https:\/\/liked.hu\/old\/#\/schema\/person\/1c8d3f8764991e8dcd6572a7de72da8a"},"headline":"F\u00f6ldalatti v\u00e1rosok: mi\u00e9rt \u00e9s hogyan \u00e9ltek itt az emberek","datePublished":"2024-04-30T07:21:06+00:00","dateModified":"2024-04-30T07:21:09+00:00","mainEntityOfPage":{"@id":"https:\/\/liked.hu\/old\/erdekes\/foldalatti-varosok-miert-es-hogyan-eltek-itt-az-emberek\/"},"wordCount":969,"commentCount":0,"publisher":{"@id":"https:\/\/liked.hu\/old\/#organization"},"keywords":["r\u00e9g\u00e9szet","t\u00f6rt\u00e9nelem"],"articleSection":["\u00c9rdekess\u00e9gek"],"inLanguage":"hu","potentialAction":[{"@type":"CommentAction","name":"Comment","target":["https:\/\/liked.hu\/old\/erdekes\/foldalatti-varosok-miert-es-hogyan-eltek-itt-az-emberek\/#respond"]}]},{"@type":"WebPage","@id":"https:\/\/liked.hu\/old\/erdekes\/foldalatti-varosok-miert-es-hogyan-eltek-itt-az-emberek\/","url":"https:\/\/liked.hu\/old\/erdekes\/foldalatti-varosok-miert-es-hogyan-eltek-itt-az-emberek\/","name":"F\u00f6ldalatti v\u00e1rosok: mi\u00e9rt \u00e9s hogyan \u00e9ltek itt az emberek","isPartOf":{"@id":"https:\/\/liked.hu\/old\/#website"},"datePublished":"2024-04-30T07:21:06+00:00","dateModified":"2024-04-30T07:21:09+00:00","description":"Elk\u00e9peszt\u0151 barlangrendszereket hoztak l\u00e9tre a f\u00f6ld alatt.","breadcrumb":{"@id":"https:\/\/liked.hu\/old\/erdekes\/foldalatti-varosok-miert-es-hogyan-eltek-itt-az-emberek\/#breadcrumb"},"inLanguage":"hu","potentialAction":[{"@type":"ReadAction","target":["https:\/\/liked.hu\/old\/erdekes\/foldalatti-varosok-miert-es-hogyan-eltek-itt-az-emberek\/"]}]},{"@type":"BreadcrumbList","@id":"https:\/\/liked.hu\/old\/erdekes\/foldalatti-varosok-miert-es-hogyan-eltek-itt-az-emberek\/#breadcrumb","itemListElement":[{"@type":"ListItem","position":1,"name":"Kezd\u0151lap"}]},{"@type":"WebSite","@id":"https:\/\/liked.hu\/old\/#website","url":"https:\/\/liked.hu\/old\/","name":"Liked.hu","description":"","publisher":{"@id":"https:\/\/liked.hu\/old\/#organization"},"potentialAction":[{"@type":"SearchAction","target":{"@type":"EntryPoint","urlTemplate":"https:\/\/liked.hu\/old\/?s={search_term_string}"},"query-input":"required name=search_term_string"}],"inLanguage":"hu"},{"@type":"Organization","@id":"https:\/\/liked.hu\/old\/#organization","name":"Liked.hu","url":"https:\/\/liked.hu\/old\/","sameAs":["https:\/\/hu.pinterest.com\/likedhungary\/","https:\/\/www.youtube.com\/channel\/UCPv91dbMoIukYcM9b9nHN6Q","https:\/\/www.facebook.com\/liked.hu","https:\/\/twitter.com\/LikedHu"],"logo":{"@type":"ImageObject","inLanguage":"hu","@id":"https:\/\/liked.hu\/old\/#\/schema\/logo\/image\/","url":"https:\/\/liked.hu\/wp-content\/uploads\/2018\/08\/Liked-icon.png","contentUrl":"https:\/\/liked.hu\/wp-content\/uploads\/2018\/08\/Liked-icon.png","width":512,"height":512,"caption":"Liked.hu"},"image":{"@id":"https:\/\/liked.hu\/old\/#\/schema\/logo\/image\/"}},{"@type":"Person","@id":"https:\/\/liked.hu\/old\/#\/schema\/person\/1c8d3f8764991e8dcd6572a7de72da8a","name":"Klingstrom","image":{"@type":"ImageObject","inLanguage":"hu","@id":"https:\/\/liked.hu\/old\/#\/schema\/person\/image\/","url":"https:\/\/liked.hu\/old\/wp-content\/uploads\/avatars\/13\/604de88bd578a-bpfull.jpg","contentUrl":"https:\/\/liked.hu\/old\/wp-content\/uploads\/avatars\/13\/604de88bd578a-bpfull.jpg","caption":"Klingstrom"},"url":"https:\/\/liked.hu\/old\/u\/klingstrom\/"}]}},"publishpress_future_action":{"enabled":false,"date":"1970-01-01 01:00:00","action":"","terms":[],"taxonomy":"","browser_timezone_offset":0},"_links":{"self":[{"href":"https:\/\/liked.hu\/old\/wp-json\/wp\/v2\/posts\/335637"}],"collection":[{"href":"https:\/\/liked.hu\/old\/wp-json\/wp\/v2\/posts"}],"about":[{"href":"https:\/\/liked.hu\/old\/wp-json\/wp\/v2\/types\/post"}],"author":[{"embeddable":true,"href":"https:\/\/liked.hu\/old\/wp-json\/wp\/v2\/users\/13"}],"replies":[{"embeddable":true,"href":"https:\/\/liked.hu\/old\/wp-json\/wp\/v2\/comments?post=335637"}],"version-history":[{"count":0,"href":"https:\/\/liked.hu\/old\/wp-json\/wp\/v2\/posts\/335637\/revisions"}],"wp:featuredmedia":[{"embeddable":true,"href":"https:\/\/liked.hu\/old\/wp-json\/wp\/v2\/media\/335650"}],"wp:attachment":[{"href":"https:\/\/liked.hu\/old\/wp-json\/wp\/v2\/media?parent=335637"}],"wp:term":[{"taxonomy":"category","embeddable":true,"href":"https:\/\/liked.hu\/old\/wp-json\/wp\/v2\/categories?post=335637"},{"taxonomy":"post_tag","embeddable":true,"href":"https:\/\/liked.hu\/old\/wp-json\/wp\/v2\/tags?post=335637"}],"curies":[{"name":"wp","href":"https:\/\/api.w.org\/{rel}","templated":true}]}}