{"id":335050,"date":"2024-04-26T04:09:48","date_gmt":"2024-04-26T03:09:48","guid":{"rendered":"https:\/\/liked.hu\/old\/?p=335050"},"modified":"2024-04-26T04:09:50","modified_gmt":"2024-04-26T03:09:50","slug":"mi-a-teendo-ha-dizel-helyett-benzint-tankolsz-es-forditva","status":"publish","type":"post","link":"https:\/\/liked.hu\/old\/erdekes\/mi-a-teendo-ha-dizel-helyett-benzint-tankolsz-es-forditva\/","title":{"rendered":"Mi a teend\u0151, ha d\u00edzel helyett benzint tankolsz, \u00e9s ford\u00edtva?"},"content":{"rendered":"\n<p>A tankol\u00e1s sor\u00e1n elk\u00f6vetett hiba kellemetlen \u00e9s bosszant\u00f3 lehet, de sajnos nem ritka, f\u0151leg azok sz\u00e1m\u00e1ra, akik gyakran v\u00e1ltanak aut\u00f3t, c\u00e9ges j\u00e1rm\u0171veket haszn\u00e1lnak, vagy nemr\u00e9g t\u00e9rtek \u00e1t egy m\u00e1sik \u00fczemanyagfajt\u00e1ra.<\/p>\n\n\n\n\n<div style=\"float:none;margin:0px 0 0px 0;text-align:center;\">\n<div class=\"mobileShowkakettes\"><div class=\"mobileShowka2\"><div style=\"padding-top:0px;padding-bottom:15px;min-height: 300px;\"><div class=\"hirdetes\">HIRDET\u00c9S<\/div>\n<!-- 300lista -->\n<ins class=\"adsbygoogle\"\n     style=\"display:inline-block;width:300px;height:250px\"\n     data-ad-client=\"ca-pub-9424088931673893\"\n     data-ad-slot=\"8471340766\"><\/ins>\n<script async>\n     (adsbygoogle = window.adsbygoogle || []).push({});\n<\/script><\/div><\/div><\/div><\/div>\n\n\n\n\n<p>Mi a teend\u0151, ha &#8222;nem megfelel\u0151&#8221; \u00fczemanyag ker\u00fclt a tankba? Milyen k\u00f6vetkezm\u00e9nyekkel j\u00e1r, ha a sof\u0151r nemcsak hib\u00e1san tankolt, de m\u00e1r el is hajtott a k\u00fatr\u00f3l? \u00c9s v\u00e9g\u00fcl, lehets\u00e9ges-e, hogy a nem megfelel\u0151 \u00fczemanyag beker\u00fcl\u00e9se a tankba nem j\u00e1r semmilyen k\u00f6vetkezm\u00e9nnyel?<\/p>\n\n\n\n<figure class=\"wp-block-image size-full\"><img loading=\"lazy\" width=\"799\" height=\"663\" src=\"https:\/\/liked.hu\/old\/wp-content\/uploads\/2024\/04\/Benzin-es-dizel-013.webp\" alt=\"Benzin \u00e9s d\u00edzel 013\" class=\"wp-image-335055\" srcset=\"https:\/\/liked.hu\/old\/wp-content\/uploads\/2024\/04\/Benzin-es-dizel-013.webp 799w, https:\/\/liked.hu\/old\/wp-content\/uploads\/2024\/04\/Benzin-es-dizel-013-768x637.webp 768w\" sizes=\"(max-width: 799px) 100vw, 799px\" \/><\/figure>\n\n\n\n<p><strong>Ne m\u00e9lyedj\u00fcnk el a hiba okainak \u00e9s m\u00f3djainak taglal\u00e1s\u00e1ban.<\/strong> Csak arra \u00f6sszpontos\u00edtunk, hogy a d\u00edzel \u00fczemanyag bet\u00f6lt\u00e9se benzines aut\u00f3ba nehezebb, mint ford\u00edtva. Ennek oka, hogy a d\u00edzel &#8222;pisztoly&#8221; csonkja vastagabb, mint a benzines\u00e9, \u00edgy fizikailag lehetetlen behelyezni egy benzines szem\u00e9lyaut\u00f3 t\u00f6lt\u0151ny\u00edl\u00e1s\u00e1ba. Ennek ellen\u00e9re k\u00fcl\u00f6nb\u00f6z\u0151 forgat\u00f3k\u00f6nyvek is ad\u00f3dhatnak, ez\u00e9rt n\u00e9zz\u00fck meg mindk\u00e9t esetet a hib\u00e1s tankol\u00e1ssal kapcsolatban.<\/p>\n\n\n\n<h4><strong>Mit tegy\u00e9l, ha a motor m\u00e9g nem indult el?<\/strong><\/h4>\n\n\n\n<p>F\u00fcggetlen\u00fcl att\u00f3l, hogy milyen nem megfelel\u0151 \u00fczemanyag ker\u00fclt a tankba, ha ezt a tankol\u00e1s ut\u00e1n azonnal \u00e9szreveszed, az els\u0151 \u00e9s legfontosabb teend\u0151, hogy ne ind\u00edtsd be a motort. S\u0151t, m\u00e9g a kulcsot se tedd a gy\u00fajt\u00e1skapcsol\u00f3ba: a gy\u00fajt\u00e1s r\u00e1ad\u00e1sa ugyanis m\u00e1r aktiv\u00e1lhatja az \u00fczemanyagszivatty\u00fat a rendszer nyom\u00e1s\u00e1nak fenntart\u00e1sa \u00e9rdek\u00e9ben, \u00e9s a nem megfelel\u0151 \u00fczemanyag a motorba ker\u00fclhet. Am\u00edg a motor nem j\u00e1r, az \u00fczemanyag (vagy ink\u00e1bb az \u00fczemanyagok kever\u00e9ke) a tankban marad, \u00e9s nem jut be az \u00fczemanyagrendszerbe. Ez azt jelenti, hogy elker\u00fclhet\u0151k a s\u00falyos probl\u00e9m\u00e1k.<\/p>\n\n\n\n\n<div style=\"float:none;margin:0px 0 0px 0;text-align:center;\">\n<div class=\"mobileHideke5\"><div style=\"margin-top:25px;\"><div class=\"hirdeteshatter\"><div style=\"display: inline-block;width: 50%;min-width:305px;vertical-align: top;\"><div class=\"hirdetes\">HIRDET\u00c9S<\/div>\n<!-- LikedQ51 -->\n<ins class=\"adsbygoogle\"\n     style=\"display:inline-block;width:300px;height:250px\"\n     data-ad-client=\"ca-pub-9424088931673893\"\n     data-ad-slot=\"8284063326\"><\/ins>\n<script async>\n     (adsbygoogle = window.adsbygoogle || []).push({});\n<\/script><\/div><div style=\"display: inline-block;width: 50%;min-width:305px;vertical-align: top;\"><div class=\"hirdetes\">HIRDET\u00c9S<\/div>\n<!-- LikedQ52 -->\n<ins class=\"adsbygoogle\"\n     style=\"display:inline-block;width:300px;height:250px\"\n     data-ad-client=\"ca-pub-9424088931673893\"\n     data-ad-slot=\"2840164950\"><\/ins>\n<script async>\n     (adsbygoogle = window.adsbygoogle || []).push({});\n<\/script><\/div><\/div><\/div><\/div>\n<div style=\"display:flex;flex-direction:column;\"><div class=\"mobileShowka5\"><div style=\"padding-top:10px;padding-bottom:10px;min-height: 300px;\"><div class=\"hirdetes\">HIRDET\u00c9S<\/div>\n<!-- LikedQ5M -->\n<ins class=\"adsbygoogle\"\n     style=\"display:inline-block;width:300px;height:250px\"\n     data-ad-client=\"ca-pub-9424088931673893\"\n     data-ad-slot=\"9022429928\"><\/ins>\n<script async>\n     (adsbygoogle = window.adsbygoogle || []).push({});\n<\/script><\/div><\/div><\/div><\/div>\n\n\n\n\n<figure class=\"wp-block-image size-full\"><img loading=\"lazy\" width=\"640\" height=\"427\" src=\"https:\/\/liked.hu\/old\/wp-content\/uploads\/2024\/04\/dawn-mcdonald-TIZmsrOw7vc-unsplash.jpg\" alt=\"dawn mcdonald TIZmsrOw7vc unsplash\" class=\"wp-image-335056\"\/><\/figure>\n\n\n\n<p><strong>A tov\u00e1bbi teend\u0151k a hiba okoz\u00f3j\u00e1t\u00f3l f\u00fcggnek.<\/strong> Mindenesetre az els\u0151 l\u00e9p\u00e9s, hogy a lehet\u0151 leghamarabb t\u00e1vol\u00edtsd el az aut\u00f3t a k\u00fatr\u00f3l (a motor beind\u00edt\u00e1sa n\u00e9lk\u00fcl). Ezut\u00e1n k\u00e9t lehet\u0151s\u00e9g van. Ha a hib\u00e1t a j\u00e1rm\u0171 tulajdonosa k\u00f6vette el, h\u00edvj vontat\u00f3t \u00e9s sz\u00e1ll\u00edtsd az aut\u00f3t szervizbe, hogy leengedj\u00e9k a nem megfelel\u0151 \u00fczemanyagot a tankb\u00f3l, \u00e9s felt\u00f6lts\u00e9k a megfelel\u0151vel. Ezenk\u00edv\u00fcl ig\u00e9nybe veheted a szakosodott \u00fczemanyag-kiszippant\u00f3 szolg\u00e1ltat\u00e1sokat is &#8211; egyes c\u00e9gek erre a probl\u00e9m\u00e1ra specializ\u00e1l\u00f3dtak.<\/p>\n\n\n\n<p><strong>Ha a nem megfelel\u0151 \u00fczemanyag a benzink\u00fat vagy az egyik ott dolgoz\u00f3 munk\u00e1s hib\u00e1ja miatt ker\u00fclt a tankba, akkor a probl\u00e9m\u00e1t a benzink\u00faton kell megoldani.<\/strong> A nagy h\u00e1l\u00f3zatokban lehetnek erre kijel\u00f6lt kapcsolattart\u00f3k vagy \u00fcgyf\u00e9lszolg\u00e1lati szolg\u00e1ltat\u00e1sok. Kis benzinkutakn\u00e1l rend\u0151rs\u00e9gi bejelent\u00e9s \u00e9s a benzink\u00fat hib\u00e1j\u00e1nak bizony\u00edt\u00e1sa sz\u00fcks\u00e9ges lehet &#8211; a tankol\u00e1si nyugta, a kamerafelv\u00e9telek \u00e9s a tankb\u00f3l sz\u00e1rmaz\u00f3 \u00fczemanyagmint\u00e1k elemz\u00e9se a saj\u00e1t k\u00f6lts\u00e9geden. Ezt k\u00f6vet\u0151en b\u00edr\u00f3s\u00e1gon lehet k\u00e1rt\u00e9r\u00edt\u00e9st k\u00f6vetelni a j\u00e1rm\u0171 vontat\u00e1s\u00e1nak \u00e9s a szervizben v\u00e9gzett jav\u00edt\u00e1sok k\u00f6lts\u00e9geire.<\/p>\n\n\n\n<h4><strong>Mit tegy\u00e9l, ha a hib\u00e1t menet k\u00f6zben fedezed fel?<\/strong><\/h4>\n\n\n\n<figure class=\"wp-block-image size-full\"><img loading=\"lazy\" width=\"1200\" height=\"676\" src=\"https:\/\/liked.hu\/old\/wp-content\/uploads\/2024\/04\/Benzin-es-dizel-012.webp\" alt=\"Benzin \u00e9s d\u00edzel 012\" class=\"wp-image-335054\" srcset=\"https:\/\/liked.hu\/old\/wp-content\/uploads\/2024\/04\/Benzin-es-dizel-012.webp 1200w, https:\/\/liked.hu\/old\/wp-content\/uploads\/2024\/04\/Benzin-es-dizel-012-768x433.webp 768w\" sizes=\"(max-width: 1200px) 100vw, 1200px\" \/><figcaption>&#8222;Check Engine&#8221; hiba az aut\u00f3 m\u0171szerfal\u00e1n.<\/figcaption><\/figure>\n\n\n\n<p>Ha a tankol\u00e1s ut\u00e1n nem vetted \u00e9szre a hib\u00e1t, besz\u00e1llt\u00e1l az aut\u00f3ba \u00e9s elindult\u00e1l, de a probl\u00e9m\u00e1kat menet k\u00f6zben fedezed fel, az els\u0151 l\u00e9p\u00e9s itt is az, hogy azonnal \u00e1ll\u00edtsd le a motort. A tov\u00e1bbi l\u00e9p\u00e9sek nagyr\u00e9szt megegyeznek a fent le\u00edrtakkal: vontat\u00f3 h\u00edv\u00e1sa &#8211; szervizbe vitele &#8211; a k\u00f6r\u00fclm\u00e9nyek tiszt\u00e1z\u00e1sa. Itt azonban m\u00e1r nem elegend\u0151 a tankb\u00f3l val\u00f3 \u00fczemanyag leenged\u00e9se: a teljes \u00fczemanyagrendszer \u00e1tmos\u00e1s\u00e1ra \u00e9s a nem megfelel\u0151 \u00fczemanyag \u00e1ltal okozott esetleges k\u00e1rok felm\u00e9r\u00e9s\u00e9re is sz\u00fcks\u00e9g lesz.<\/p>\n\n\n\n\n<div style=\"float:none;margin:0px 0 0px 0;text-align:center;\">\n<div class=\"mobileHideke8\"><div style=\"margin-top:25px;\"><div class=\"hirdeteshatter\"><div style=\"display: inline-block;width: 50%;min-width:340px;vertical-align: top;\"><div class=\"hirdetes\">HIRDET\u00c9S<\/div>\n<!-- Liked7Q1 -->\n<ins class=\"adsbygoogle\"\n     style=\"display:inline-block;width:336px;height:280px\"\n     data-ad-client=\"ca-pub-9424088931673893\"\n     data-ad-slot=\"3022062587\"><\/ins>\n<script async>\n     (adsbygoogle = window.adsbygoogle || []).push({});\n<\/script><\/div><div style=\"display: inline-block;width: 50%;min-width:340px;vertical-align: top;\"><div class=\"hirdetes\">HIRDET\u00c9S<\/div>\n<!-- Liked7Q2 -->\n<ins class=\"adsbygoogle\"\n     style=\"display:inline-block;width:336px;height:280px\"\n     data-ad-client=\"ca-pub-9424088931673893\"\n     data-ad-slot=\"3952000871\"><\/ins>\n<script async>\n     (adsbygoogle = window.adsbygoogle || []).push({});\n<\/script><\/div><\/div><\/div><\/div>\n<div style=\"display:flex;flex-direction:column;\"><div class=\"mobileShowka8\"><div style=\"padding-top:15px;margin-bottom:15px;min-height: 300px;\"><div class=\"hirdetes\">HIRDET\u00c9S<\/div>\n<!-- Liked7QMobil -->\n<ins class=\"adsbygoogle\"\n     style=\"display:inline-block;width:336px;height:280px\"\n     data-ad-client=\"ca-pub-9424088931673893\"\n     data-ad-slot=\"5073510857\"><\/ins>\n<script async>\n     (adsbygoogle = window.adsbygoogle || []).push({});\n<\/script><\/div><\/div><\/div><\/div>\n\n\n\n\n<h4><strong>Mi\u00e9rt jelent vesz\u00e9lyt a benzin a d\u00edzelmotorban?<\/strong><\/h4>\n\n\n\n<p>A benzin d\u00edzelmotorban t\u00f6rt\u00e9n\u0151 haszn\u00e1lata s\u00falyosabb probl\u00e9m\u00e1t jelent, mint a d\u00edzel \u00fczemanyag a benzines motorban. Ennek oka az \u00fczemanyagok tulajdons\u00e1gainak \u00e9s a dr\u00e1ga \u00fczemanyag-befecskendez\u0151 berendez\u00e9sek k\u00f6z\u00f6tti k\u00fcl\u00f6nbs\u00e9g, amelyek ak\u00e1r t\u00f6bb sz\u00e1z bar nyom\u00e1st is k\u00e9pesek gener\u00e1lni. A d\u00edzel \u00fczemanyag s\u0171r\u0171bb \u00e9s viszk\u00f3zusabb, ugyanakkor a motor ken\u0151anyagak\u00e9nt is funkcion\u00e1l. A benzin viszont k\u00f6nnyebb \u00e9s nem rendelkezik ken\u0151anyaggal, ez\u00e9rt a s\u00farl\u00f3d\u00e1sb\u00f3l ered\u0151 kop\u00e1s sokkal gyorsabb, ak\u00e1r nagys\u00e1grendekkel is.<\/p>\n\n\n\n<figure class=\"wp-block-image size-full\"><img loading=\"lazy\" width=\"833\" height=\"443\" src=\"https:\/\/liked.hu\/old\/wp-content\/uploads\/2024\/04\/Benzin-es-dizel-011.webp\" alt=\"Benzin \u00e9s d\u00edzel 011\" class=\"wp-image-335053\" srcset=\"https:\/\/liked.hu\/old\/wp-content\/uploads\/2024\/04\/Benzin-es-dizel-011.webp 833w, https:\/\/liked.hu\/old\/wp-content\/uploads\/2024\/04\/Benzin-es-dizel-011-768x408.webp 768w\" sizes=\"(max-width: 833px) 100vw, 833px\" \/><\/figure>\n\n\n\n<p>Ezenk\u00edv\u00fcl a benzinnel \u00fczemeltetett d\u00edzelmotor hajlamos a berobban\u00e1sra: a d\u00edzel \u00fczemanyagnak \u00e9s a benzinnek l\u00e9nyegesen elt\u00e9r\u0151 gy\u00fajt\u00e1si jellemz\u0151i vannak. A d\u00edzel \u00fczemanyag nehezebben gyullad \u00e9s lassabban \u00e9g, m\u00edg a benzin min\u0151s\u00e9g\u00e9t okt\u00e1nsz\u00e1ma jellemzi, amely az \u00f6nrobban\u00e1sra val\u00f3 hajlam\u00e1t mutatja. \u00cdgy a nagy kompresszi\u00f3j\u00fa d\u00edzelmotorban a benzin gyorsabban \u00e9s hamarabb gyulladhat, ezzel robban\u00e1st okozva a motort\u00e9rben. Ez a hat\u00e1s negat\u00edvan befoly\u00e1solhatja a henger-dugatty\u00fa rendszert.<\/p>\n\n\n\n<p>Azonban a legnagyobb k\u00e1rokat a d\u00edzelmotor \u00fczemanyagrendszere szenvedheti el. A tankban l\u00e9v\u0151 \u00fczemanyagszivatty\u00fat mindenk\u00e9ppen ki kell szerelni \u00e9s \u00e1t kell mosni, a durvasz\u0171r\u0151t pedig ki kell cser\u00e9lni. A tankt\u00f3l a motort\u00e9rbe vezet\u0151 \u00fczemanyagcs\u00f6veket is \u00e1t kell mosni. A f\u0151 finomsz\u0171r\u0151 cser\u00e9je is er\u0151sen aj\u00e1nlott a benzinnel val\u00f3 \u00e9rintkez\u00e9s ut\u00e1n. A szivatty\u00fa, ha van, \u00e1tmos\u00e1sra \u00e9s funkcionalit\u00e1s ellen\u0151rz\u00e9s\u00e9re szorul.<\/p>\n\n\n\n<p>Mindez azonban elt\u00f6rp\u00fcl a nagynyom\u00e1s\u00fa \u00fczemanyagrendszer (TNVD) esetleges probl\u00e9m\u00e1i mellett. Ez egy nagyon prec\u00edz alkatr\u00e9sz, \u00e9s \u00e9rz\u00e9kenyebb a ken\u0151anyag hi\u00e1ny\u00e1ra, amelyet a d\u00edzel \u00fczemanyag biztos\u00edt. Benzinnel t\u00f6rt\u00e9n\u0151 \u00fczemeltet\u00e9s eset\u00e9n a s\u00farl\u00f3d\u00e1s megn\u0151, \u00e9s a TNVD elkezdi kip\u00f6rgetni a f\u00e9mr\u00e9szecsk\u00e9ket \u00e9s m\u00e1s kopott anyagokat az \u00fczemanyagba. A benzin a t\u00f6m\u00edt\u00e9sek &#8211; t\u00f6m\u00edt\u00e9sek \u00e9s m\u00e1s d\u00edzel \u00fczemanyaggal val\u00f3 \u00fczemeltet\u00e9sre tervezett alkatr\u00e9szek &#8211; leboml\u00e1s\u00e1t is okozhatja, ami sziv\u00e1rg\u00e1sokhoz \u00e9s egy\u00e9b probl\u00e9m\u00e1khoz vezethet. V\u00e9g\u00fcl a kataliz\u00e1tor \u00e9s a d\u00edzel r\u00e9szecskesz\u0171r\u0151 is megs\u00e9r\u00fclhet a benzin helytelen haszn\u00e1lata miatt a d\u00edzelmotorban.<\/p>\n\n\n\n<p>Meg kell jegyezni, hogy a k\u00e9t \u00fczemanyag s\u0171r\u0171s\u00e9g\u00e9nek a k\u00fcl\u00f6nbs\u00e9ge sajnos nem ment meg a probl\u00e9m\u00e1kt\u00f3l. A benzin s\u0171r\u0171s\u00e9ge kisebb, mint a d\u00edzel \u00fczemanyag\u00e9, \u00e9s nyugalmi \u00e1llapotban emiatt j\u00f3l sz\u00e9tv\u00e1lnak (mint az olaj egy poh\u00e1r v\u00edz tetej\u00e9n). A j\u00e1rm\u0171 mozg\u00e1sa \u00e9s mag\u00e1nak a tankol\u00e1snak a folyamata miatt azonban \u00f6sszekeverednek, a szivatty\u00fa pedig csak felgyors\u00edtja ezt a folyamatot.<\/p>\n\n\n\n\n<div style=\"float:none;margin:0px 0 0px 0;text-align:center;\">\n<div class=\"mobileHideke8\"><div class=\"hirdeteshatter\"><div style=\"display: inline-block;width: 50%;min-width:340px;vertical-align: top;\"><div class=\"hirdetes\">HIRDET\u00c9S<\/div>\n<!-- LikedQ81 -->\n<ins class=\"adsbygoogle\"\n     style=\"display:inline-block;width:336px;height:280px\"\n     data-ad-client=\"ca-pub-9424088931673893\"\n     data-ad-slot=\"2436840276\"><\/ins>\n<script async>\n     (adsbygoogle = window.adsbygoogle || []).push({});\n<\/script><\/div><div style=\"display: inline-block;width: 50%;min-width:340px;vertical-align: top;\"><div class=\"hirdetes\">HIRDET\u00c9S<\/div>\n<!-- LikedQ82 -->\n<ins class=\"adsbygoogle\"\n     style=\"display:inline-block;width:336px;height:280px\"\n     data-ad-client=\"ca-pub-9424088931673893\"\n     data-ad-slot=\"3558350253\"><\/ins>\n<script async>\n     (adsbygoogle = window.adsbygoogle || []).push({});\n<\/script><\/div><\/div><\/div>\n<div style=\"display:flex;flex-direction:column;\"><div class=\"mobileShowka8 nyolc\"><div style=\"padding-top:15px;padding-bottom:5px;min-height: 300px;\"><div class=\"hirdetes\">HIRDET\u00c9S<\/div>\n<!-- LikedQ8M -->\n<ins class=\"adsbygoogle\"\n     style=\"display:inline-block;width:336px;height:280px\"\n     data-ad-client=\"ca-pub-9424088931673893\"\n     data-ad-slot=\"4679860235\"><\/ins>\n<script async>\n     (adsbygoogle = window.adsbygoogle || []).push({});\n<\/script><\/div><\/div><\/div><\/div>\n\n\n\n\n<h4><strong>Mi\u00e9rt vesz\u00e9lyes a d\u00edzel \u00fczemanyag a benzines motorban?<\/strong><\/h4>\n\n\n\n<p>A d\u00edzel \u00fczemanyag benzines aut\u00f3ba val\u00f3 bet\u00f6lt\u00e9se is okozhat probl\u00e9m\u00e1kat, b\u00e1r kevesebbet, mint a ford\u00edtott eset. Ezek a probl\u00e9m\u00e1k azonban viszonylag gyorsan jelentkezhetnek: a d\u00edzel \u00fczemanyag nagyobb s\u0171r\u0171s\u00e9ge miatt les\u00fcllyed a tank alj\u00e1ra, \u00e9s azonnal bejut az \u00fczemanyagrendszerbe. Ha a motort beind\u00edtj\u00e1k, a d\u00edzel \u00fczemanyag \u00f6sszekeveredik a benzinnel, \u00e9s bet\u00f6lti az eg\u00e9sz \u00fczemanyagrendszert. B\u00e1r a benzines motor k\u00e9pes ilyen kever\u00e9kkel is \u00fczemelni, val\u00f3sz\u00edn\u0171leg probl\u00e9m\u00e1kat fogsz tapasztalni, mint p\u00e9ld\u00e1ul:<\/p>\n\n\n\n<ul><li><strong>Teljes\u00edtm\u00e9nycs\u00f6kken\u00e9s<\/strong><\/li><li><strong>&#8222;Check Engine&#8221; hibajelz\u00e9s<\/strong><\/li><li><strong>Fekete f\u00fcst a kipufog\u00f3b\u00f3l<\/strong><\/li><li><strong>Egy\u00e9b hib\u00e1k<\/strong><\/li><\/ul>\n\n\n\n<figure class=\"wp-block-image size-full\"><img loading=\"lazy\" width=\"1060\" height=\"797\" src=\"https:\/\/liked.hu\/old\/wp-content\/uploads\/2024\/04\/Benzin-es-dizel-010.webp\" alt=\"Benzin \u00e9s d\u00edzel 010\" class=\"wp-image-335052\" srcset=\"https:\/\/liked.hu\/old\/wp-content\/uploads\/2024\/04\/Benzin-es-dizel-010.webp 1060w, https:\/\/liked.hu\/old\/wp-content\/uploads\/2024\/04\/Benzin-es-dizel-010-768x577.webp 768w\" sizes=\"(max-width: 1060px) 100vw, 1060px\" \/><\/figure>\n\n\n\n<p>A jav\u00edt\u00e1si munk\u00e1k \u00e9s a k\u00f6lts\u00e9gek ebben az esetben kisebbek lesznek, mint ford\u00edtott esetben. Mindenesetre aj\u00e1nlott kicser\u00e9lni az \u00fczemanyagsz\u0171r\u0151t, valamint ellen\u0151rizni \u00e9s megtiszt\u00edtani a gy\u00fajt\u00f3gyerty\u00e1kat &#8211; lehets\u00e9ges, hogy a robban\u00e1sb\u00f3l ered\u0151 s\u00e9r\u00fcl\u00e9sek miatt ki kell cser\u00e9lni \u0151ket. Az \u00fczemanyagrendszert \u00e1t kell mosni \u00e9s ki kell f\u00fajni. Ha az aut\u00f3 k\u00f6zvetlen befecskendez\u00e9s\u0171 \u00fczemanyagrendszerrel van felszerelve, a befecskendez\u0151ket is meg kell tiszt\u00edtani, a nagynyom\u00e1s\u00fa \u00fczemanyagszivatty\u00fa (TNVD) pedig tov\u00e1bbi terhel\u00e9snek lesz kit\u00e9ve. Ezenk\u00edv\u00fcl, mint a d\u00edzelmotor eset\u00e9ben, a kataliz\u00e1tor itt is megs\u00e9r\u00fclhet, ha hosszabb ideig benzin-d\u00edzel \u00fczemanyag kever\u00e9kkel \u00fczemel.<\/p>\n\n\n\n<h4><strong>Lehets\u00e9ges, hogy minden gond n\u00e9lk\u00fcl meg\u00fasszuk az \u00fczemanyag felcser\u00e9l\u00e9s\u00e9t?<\/strong><\/h4>\n\n\n\n<p>Az interneten egyes felhaszn\u00e1l\u00f3k arr\u00f3l sz\u00e1molnak be, hogy a rendszer \u00e1tmos\u00e1sa vagy a benzin-d\u00edzel \u00fczemanyag kever\u00e9k haszn\u00e1lata nem okozott probl\u00e9m\u00e1t, \u00e9s tov\u00e1bbra is gond n\u00e9lk\u00fcl haszn\u00e1lj\u00e1k az aut\u00f3jukat. Azonban ezt nem szabad k\u00e9szp\u00e9nznek venni: lehet, hogy a probl\u00e9m\u00e1k csak k\u00e9s\u0151bb jelentkeznek \u00e9s nem azonnal. Ezenk\u00edv\u00fcl sok m\u00falik a haszn\u00e1lati k\u00f6r\u00fclm\u00e9nyeken: alacsony terhel\u00e9sen \u00e9s alapj\u00e1raton mind a d\u00edzel-, mind a benzines motor k\u00f6nnyen megem\u00e9sztheti a nem megfelel\u0151 \u00fczemanyagot, de nagy fordulatsz\u00e1mon \u00e9s t\u00falhev\u00fcl\u00e9skor a benzin miatt kenetlen\u00fcl maradt TNVD komoly probl\u00e9m\u00e1kat okozhat.<\/p>\n\n\n\n<p>Az egyetlen eset, amikor a d\u00edzel \u00fczemanyag benzinesbe vagy ford\u00edtva t\u00f6rt\u00e9n\u0151 bet\u00f6lt\u00e9se komplik\u00e1ci\u00f3k n\u00e9lk\u00fcl is megt\u00f6rt\u00e9nhet, ha a nem megfelel\u0151 \u00fczemanyag mennyis\u00e9ge kicsi &#8211; legfeljebb 5-10% a teljes t\u00e9rfogatb\u00f3l. Ebben az esetben lehets\u00e9ges a tank felt\u00f6lt\u00e9se a megfelel\u0151 \u00fczemanyaggal, \u00e9s a kever\u00e9k fokozatos kiszor\u00edt\u00e1sa, lehet\u0151s\u00e9g szerint az aut\u00f3 intenz\u00edv terhel\u00e9s\u00e9nek elker\u00fcl\u00e9s\u00e9vel.<\/p>\n\n\n\n<p>L\u00e9teznek javaslatok a k\u00e9t\u00fctem\u0171 motorolajnak vagy d\u00edzel \u00fczemanyag adal\u00e9koknak a hozz\u00e1ad\u00e1s\u00e1ra is. Azonban ha a nem megfelel\u0151 \u00fczemanyag ar\u00e1nya jelent\u0151s, ezeket a m\u00f3dszereket csak saj\u00e1t felel\u0151ss\u00e9gre szabad alkalmazni, maximum akkor, ha valami\u00e9rt nincs lehet\u0151s\u00e9g seg\u00edts\u00e9get h\u00edvni. Ellenkez\u0151 esetben jobb szakemberhez fordulni, kifizetni a vontat\u00e1st \u00e9s a tart\u00e1ly \u00e1tmos\u00e1s\u00e1t.<\/p>\n","protected":false},"excerpt":{"rendered":"<p>B\u00e1rki mell\u00e9ny\u00falhat a benzink\u00faton.<\/p>\n","protected":false},"author":2160,"featured_media":335051,"comment_status":"open","ping_status":"closed","sticky":false,"template":"","format":"standard","meta":{"buzzeditor_post_format":""},"categories":[23],"tags":[219,281,500,5823],"yoast_head":"<!-- This site is optimized with the Yoast SEO plugin v19.6.1 - https:\/\/yoast.com\/wordpress\/plugins\/seo\/ -->\n<title>Mi a teend\u0151, ha d\u00edzel helyett benzint tankolsz, \u00e9s ford\u00edtva?<\/title>\n<meta name=\"description\" content=\"B\u00e1rki mell\u00e9ny\u00falhat a benzink\u00faton.\" \/>\n<meta name=\"robots\" content=\"index, follow, max-snippet:-1, max-image-preview:large, max-video-preview:-1\" \/>\n<link rel=\"canonical\" href=\"https:\/\/liked.hu\/old\/erdekes\/mi-a-teendo-ha-dizel-helyett-benzint-tankolsz-es-forditva\/\" \/>\n<meta property=\"og:locale\" content=\"hu_HU\" \/>\n<meta property=\"og:type\" content=\"article\" \/>\n<meta property=\"og:title\" content=\"Mi a teend\u0151, ha d\u00edzel helyett benzint tankolsz, \u00e9s ford\u00edtva?\" \/>\n<meta property=\"og:description\" content=\"B\u00e1rki mell\u00e9ny\u00falhat a benzink\u00faton.\" \/>\n<meta property=\"og:url\" content=\"https:\/\/liked.hu\/old\/erdekes\/mi-a-teendo-ha-dizel-helyett-benzint-tankolsz-es-forditva\/\" \/>\n<meta property=\"og:site_name\" content=\"Liked.hu\" \/>\n<meta property=\"article:publisher\" content=\"https:\/\/www.facebook.com\/liked.hu\" \/>\n<meta property=\"article:published_time\" content=\"2024-04-26T03:09:48+00:00\" \/>\n<meta property=\"article:modified_time\" content=\"2024-04-26T03:09:50+00:00\" \/>\n<meta property=\"og:image\" content=\"https:\/\/liked.hu\/old\/wp-content\/uploads\/2024\/04\/Benzin-helyett-dizel.jpg\" \/>\n\t<meta property=\"og:image:width\" content=\"1200\" \/>\n\t<meta property=\"og:image:height\" content=\"630\" \/>\n\t<meta property=\"og:image:type\" content=\"image\/jpeg\" \/>\n<meta name=\"author\" content=\"MihalyiNORR\" \/>\n<meta name=\"twitter:card\" content=\"summary\" \/>\n<meta name=\"twitter:creator\" content=\"@LikedHu\" \/>\n<meta name=\"twitter:site\" content=\"@LikedHu\" \/>\n<meta name=\"twitter:label1\" content=\"Szerz\u0151:\" \/>\n\t<meta name=\"twitter:data1\" content=\"MihalyiNORR\" \/>\n\t<meta name=\"twitter:label2\" content=\"Becs\u00fclt olvas\u00e1si id\u0151\" \/>\n\t<meta name=\"twitter:data2\" content=\"9 perc\" \/>\n<script type=\"application\/ld+json\" class=\"yoast-schema-graph\">{\"@context\":\"https:\/\/schema.org\",\"@graph\":[{\"@type\":\"Article\",\"@id\":\"https:\/\/liked.hu\/old\/erdekes\/mi-a-teendo-ha-dizel-helyett-benzint-tankolsz-es-forditva\/#article\",\"isPartOf\":{\"@id\":\"https:\/\/liked.hu\/old\/erdekes\/mi-a-teendo-ha-dizel-helyett-benzint-tankolsz-es-forditva\/\"},\"author\":{\"name\":\"MihalyiNORR\",\"@id\":\"https:\/\/liked.hu\/old\/#\/schema\/person\/5a04436b0181b0ed963bf7b8aacf2f9f\"},\"headline\":\"Mi a teend\u0151, ha d\u00edzel helyett benzint tankolsz, \u00e9s ford\u00edtva?\",\"datePublished\":\"2024-04-26T03:09:48+00:00\",\"dateModified\":\"2024-04-26T03:09:50+00:00\",\"mainEntityOfPage\":{\"@id\":\"https:\/\/liked.hu\/old\/erdekes\/mi-a-teendo-ha-dizel-helyett-benzint-tankolsz-es-forditva\/\"},\"wordCount\":1766,\"commentCount\":0,\"publisher\":{\"@id\":\"https:\/\/liked.hu\/old\/#organization\"},\"keywords\":[\"aut\u00f3\",\"benzin\",\"d\u00edzel\",\"Ma tudtam meg!\"],\"articleSection\":[\"\u00c9rdekess\u00e9gek\"],\"inLanguage\":\"hu\",\"potentialAction\":[{\"@type\":\"CommentAction\",\"name\":\"Comment\",\"target\":[\"https:\/\/liked.hu\/old\/erdekes\/mi-a-teendo-ha-dizel-helyett-benzint-tankolsz-es-forditva\/#respond\"]}]},{\"@type\":\"WebPage\",\"@id\":\"https:\/\/liked.hu\/old\/erdekes\/mi-a-teendo-ha-dizel-helyett-benzint-tankolsz-es-forditva\/\",\"url\":\"https:\/\/liked.hu\/old\/erdekes\/mi-a-teendo-ha-dizel-helyett-benzint-tankolsz-es-forditva\/\",\"name\":\"Mi a teend\u0151, ha d\u00edzel helyett benzint tankolsz, \u00e9s ford\u00edtva?\",\"isPartOf\":{\"@id\":\"https:\/\/liked.hu\/old\/#website\"},\"datePublished\":\"2024-04-26T03:09:48+00:00\",\"dateModified\":\"2024-04-26T03:09:50+00:00\",\"description\":\"B\u00e1rki mell\u00e9ny\u00falhat a benzink\u00faton.\",\"breadcrumb\":{\"@id\":\"https:\/\/liked.hu\/old\/erdekes\/mi-a-teendo-ha-dizel-helyett-benzint-tankolsz-es-forditva\/#breadcrumb\"},\"inLanguage\":\"hu\",\"potentialAction\":[{\"@type\":\"ReadAction\",\"target\":[\"https:\/\/liked.hu\/old\/erdekes\/mi-a-teendo-ha-dizel-helyett-benzint-tankolsz-es-forditva\/\"]}]},{\"@type\":\"BreadcrumbList\",\"@id\":\"https:\/\/liked.hu\/old\/erdekes\/mi-a-teendo-ha-dizel-helyett-benzint-tankolsz-es-forditva\/#breadcrumb\",\"itemListElement\":[{\"@type\":\"ListItem\",\"position\":1,\"name\":\"Kezd\u0151lap\",\"item\":\"https:\/\/liked.hu\/old\/\"},{\"@type\":\"ListItem\",\"position\":2,\"name\":\"Mi a teend\u0151, ha d\u00edzel helyett benzint tankolsz, \u00e9s ford\u00edtva?\"}]},{\"@type\":\"WebSite\",\"@id\":\"https:\/\/liked.hu\/old\/#website\",\"url\":\"https:\/\/liked.hu\/old\/\",\"name\":\"Liked.hu\",\"description\":\"\",\"publisher\":{\"@id\":\"https:\/\/liked.hu\/old\/#organization\"},\"potentialAction\":[{\"@type\":\"SearchAction\",\"target\":{\"@type\":\"EntryPoint\",\"urlTemplate\":\"https:\/\/liked.hu\/old\/?s={search_term_string}\"},\"query-input\":\"required name=search_term_string\"}],\"inLanguage\":\"hu\"},{\"@type\":\"Organization\",\"@id\":\"https:\/\/liked.hu\/old\/#organization\",\"name\":\"Liked.hu\",\"url\":\"https:\/\/liked.hu\/old\/\",\"sameAs\":[\"https:\/\/hu.pinterest.com\/likedhungary\/\",\"https:\/\/www.youtube.com\/channel\/UCPv91dbMoIukYcM9b9nHN6Q\",\"https:\/\/www.facebook.com\/liked.hu\",\"https:\/\/twitter.com\/LikedHu\"],\"logo\":{\"@type\":\"ImageObject\",\"inLanguage\":\"hu\",\"@id\":\"https:\/\/liked.hu\/old\/#\/schema\/logo\/image\/\",\"url\":\"https:\/\/liked.hu\/wp-content\/uploads\/2018\/08\/Liked-icon.png\",\"contentUrl\":\"https:\/\/liked.hu\/wp-content\/uploads\/2018\/08\/Liked-icon.png\",\"width\":512,\"height\":512,\"caption\":\"Liked.hu\"},\"image\":{\"@id\":\"https:\/\/liked.hu\/old\/#\/schema\/logo\/image\/\"}},{\"@type\":\"Person\",\"@id\":\"https:\/\/liked.hu\/old\/#\/schema\/person\/5a04436b0181b0ed963bf7b8aacf2f9f\",\"name\":\"MihalyiNORR\",\"image\":{\"@type\":\"ImageObject\",\"inLanguage\":\"hu\",\"@id\":\"https:\/\/liked.hu\/old\/#\/schema\/person\/image\/\",\"url\":\"https:\/\/liked.hu\/old\/wp-content\/uploads\/avatars\/2160\/1712747161-bpfull.jpg\",\"contentUrl\":\"https:\/\/liked.hu\/old\/wp-content\/uploads\/avatars\/2160\/1712747161-bpfull.jpg\",\"caption\":\"MihalyiNORR\"},\"url\":\"https:\/\/liked.hu\/old\/u\/mihalyinorr\/\"}]}<\/script>\n<!-- \/ Yoast SEO plugin. -->","yoast_head_json":{"title":"Mi a teend\u0151, ha d\u00edzel helyett benzint tankolsz, \u00e9s ford\u00edtva?","description":"B\u00e1rki mell\u00e9ny\u00falhat a benzink\u00faton.","robots":{"index":"index","follow":"follow","max-snippet":"max-snippet:-1","max-image-preview":"max-image-preview:large","max-video-preview":"max-video-preview:-1"},"canonical":"https:\/\/liked.hu\/old\/erdekes\/mi-a-teendo-ha-dizel-helyett-benzint-tankolsz-es-forditva\/","og_locale":"hu_HU","og_type":"article","og_title":"Mi a teend\u0151, ha d\u00edzel helyett benzint tankolsz, \u00e9s ford\u00edtva?","og_description":"B\u00e1rki mell\u00e9ny\u00falhat a benzink\u00faton.","og_url":"https:\/\/liked.hu\/old\/erdekes\/mi-a-teendo-ha-dizel-helyett-benzint-tankolsz-es-forditva\/","og_site_name":"Liked.hu","article_publisher":"https:\/\/www.facebook.com\/liked.hu","article_published_time":"2024-04-26T03:09:48+00:00","article_modified_time":"2024-04-26T03:09:50+00:00","og_image":[{"width":1200,"height":630,"url":"https:\/\/liked.hu\/old\/wp-content\/uploads\/2024\/04\/Benzin-helyett-dizel.jpg","type":"image\/jpeg"}],"author":"MihalyiNORR","twitter_card":"summary","twitter_creator":"@LikedHu","twitter_site":"@LikedHu","twitter_misc":{"Szerz\u0151:":"MihalyiNORR","Becs\u00fclt olvas\u00e1si id\u0151":"9 perc"},"schema":{"@context":"https:\/\/schema.org","@graph":[{"@type":"Article","@id":"https:\/\/liked.hu\/old\/erdekes\/mi-a-teendo-ha-dizel-helyett-benzint-tankolsz-es-forditva\/#article","isPartOf":{"@id":"https:\/\/liked.hu\/old\/erdekes\/mi-a-teendo-ha-dizel-helyett-benzint-tankolsz-es-forditva\/"},"author":{"name":"MihalyiNORR","@id":"https:\/\/liked.hu\/old\/#\/schema\/person\/5a04436b0181b0ed963bf7b8aacf2f9f"},"headline":"Mi a teend\u0151, ha d\u00edzel helyett benzint tankolsz, \u00e9s ford\u00edtva?","datePublished":"2024-04-26T03:09:48+00:00","dateModified":"2024-04-26T03:09:50+00:00","mainEntityOfPage":{"@id":"https:\/\/liked.hu\/old\/erdekes\/mi-a-teendo-ha-dizel-helyett-benzint-tankolsz-es-forditva\/"},"wordCount":1766,"commentCount":0,"publisher":{"@id":"https:\/\/liked.hu\/old\/#organization"},"keywords":["aut\u00f3","benzin","d\u00edzel","Ma tudtam meg!"],"articleSection":["\u00c9rdekess\u00e9gek"],"inLanguage":"hu","potentialAction":[{"@type":"CommentAction","name":"Comment","target":["https:\/\/liked.hu\/old\/erdekes\/mi-a-teendo-ha-dizel-helyett-benzint-tankolsz-es-forditva\/#respond"]}]},{"@type":"WebPage","@id":"https:\/\/liked.hu\/old\/erdekes\/mi-a-teendo-ha-dizel-helyett-benzint-tankolsz-es-forditva\/","url":"https:\/\/liked.hu\/old\/erdekes\/mi-a-teendo-ha-dizel-helyett-benzint-tankolsz-es-forditva\/","name":"Mi a teend\u0151, ha d\u00edzel helyett benzint tankolsz, \u00e9s ford\u00edtva?","isPartOf":{"@id":"https:\/\/liked.hu\/old\/#website"},"datePublished":"2024-04-26T03:09:48+00:00","dateModified":"2024-04-26T03:09:50+00:00","description":"B\u00e1rki mell\u00e9ny\u00falhat a benzink\u00faton.","breadcrumb":{"@id":"https:\/\/liked.hu\/old\/erdekes\/mi-a-teendo-ha-dizel-helyett-benzint-tankolsz-es-forditva\/#breadcrumb"},"inLanguage":"hu","potentialAction":[{"@type":"ReadAction","target":["https:\/\/liked.hu\/old\/erdekes\/mi-a-teendo-ha-dizel-helyett-benzint-tankolsz-es-forditva\/"]}]},{"@type":"BreadcrumbList","@id":"https:\/\/liked.hu\/old\/erdekes\/mi-a-teendo-ha-dizel-helyett-benzint-tankolsz-es-forditva\/#breadcrumb","itemListElement":[{"@type":"ListItem","position":1,"name":"Kezd\u0151lap","item":"https:\/\/liked.hu\/old\/"},{"@type":"ListItem","position":2,"name":"Mi a teend\u0151, ha d\u00edzel helyett benzint tankolsz, \u00e9s ford\u00edtva?"}]},{"@type":"WebSite","@id":"https:\/\/liked.hu\/old\/#website","url":"https:\/\/liked.hu\/old\/","name":"Liked.hu","description":"","publisher":{"@id":"https:\/\/liked.hu\/old\/#organization"},"potentialAction":[{"@type":"SearchAction","target":{"@type":"EntryPoint","urlTemplate":"https:\/\/liked.hu\/old\/?s={search_term_string}"},"query-input":"required name=search_term_string"}],"inLanguage":"hu"},{"@type":"Organization","@id":"https:\/\/liked.hu\/old\/#organization","name":"Liked.hu","url":"https:\/\/liked.hu\/old\/","sameAs":["https:\/\/hu.pinterest.com\/likedhungary\/","https:\/\/www.youtube.com\/channel\/UCPv91dbMoIukYcM9b9nHN6Q","https:\/\/www.facebook.com\/liked.hu","https:\/\/twitter.com\/LikedHu"],"logo":{"@type":"ImageObject","inLanguage":"hu","@id":"https:\/\/liked.hu\/old\/#\/schema\/logo\/image\/","url":"https:\/\/liked.hu\/wp-content\/uploads\/2018\/08\/Liked-icon.png","contentUrl":"https:\/\/liked.hu\/wp-content\/uploads\/2018\/08\/Liked-icon.png","width":512,"height":512,"caption":"Liked.hu"},"image":{"@id":"https:\/\/liked.hu\/old\/#\/schema\/logo\/image\/"}},{"@type":"Person","@id":"https:\/\/liked.hu\/old\/#\/schema\/person\/5a04436b0181b0ed963bf7b8aacf2f9f","name":"MihalyiNORR","image":{"@type":"ImageObject","inLanguage":"hu","@id":"https:\/\/liked.hu\/old\/#\/schema\/person\/image\/","url":"https:\/\/liked.hu\/old\/wp-content\/uploads\/avatars\/2160\/1712747161-bpfull.jpg","contentUrl":"https:\/\/liked.hu\/old\/wp-content\/uploads\/avatars\/2160\/1712747161-bpfull.jpg","caption":"MihalyiNORR"},"url":"https:\/\/liked.hu\/old\/u\/mihalyinorr\/"}]}},"publishpress_future_action":{"enabled":false,"date":"1970-01-01 01:00:00","action":"","terms":[],"taxonomy":"","browser_timezone_offset":0},"_links":{"self":[{"href":"https:\/\/liked.hu\/old\/wp-json\/wp\/v2\/posts\/335050"}],"collection":[{"href":"https:\/\/liked.hu\/old\/wp-json\/wp\/v2\/posts"}],"about":[{"href":"https:\/\/liked.hu\/old\/wp-json\/wp\/v2\/types\/post"}],"author":[{"embeddable":true,"href":"https:\/\/liked.hu\/old\/wp-json\/wp\/v2\/users\/2160"}],"replies":[{"embeddable":true,"href":"https:\/\/liked.hu\/old\/wp-json\/wp\/v2\/comments?post=335050"}],"version-history":[{"count":0,"href":"https:\/\/liked.hu\/old\/wp-json\/wp\/v2\/posts\/335050\/revisions"}],"wp:featuredmedia":[{"embeddable":true,"href":"https:\/\/liked.hu\/old\/wp-json\/wp\/v2\/media\/335051"}],"wp:attachment":[{"href":"https:\/\/liked.hu\/old\/wp-json\/wp\/v2\/media?parent=335050"}],"wp:term":[{"taxonomy":"category","embeddable":true,"href":"https:\/\/liked.hu\/old\/wp-json\/wp\/v2\/categories?post=335050"},{"taxonomy":"post_tag","embeddable":true,"href":"https:\/\/liked.hu\/old\/wp-json\/wp\/v2\/tags?post=335050"}],"curies":[{"name":"wp","href":"https:\/\/api.w.org\/{rel}","templated":true}]}}