{"id":334934,"date":"2024-04-25T20:25:04","date_gmt":"2024-04-25T19:25:04","guid":{"rendered":"https:\/\/liked.hu\/old\/?p=334934"},"modified":"2024-04-25T20:27:05","modified_gmt":"2024-04-25T19:27:05","slug":"miert-latunk-kukacokat-uszni-a-szemunkben-es-mit-tegyunk-ellene","status":"publish","type":"post","link":"https:\/\/liked.hu\/old\/erdekes\/miert-latunk-kukacokat-uszni-a-szemunkben-es-mit-tegyunk-ellene\/","title":{"rendered":"Mi\u00e9rt l\u00e1tunk &#8222;kukacokat&#8221; \u00faszni a szem\u00fcnkben, \u00e9s mit tegy\u00fcnk ellene?"},"content":{"rendered":"\n<p>A szemben apr\u00f3, lebeg\u0151 fonalakk\u00e9nt, szalagokk\u00e9nt, &#8222;f\u00e9rgekk\u00e9nt&#8221;, s\u00f6t\u00e9t &#8222;legyekk\u00e9nt&#8221; \u00e9szlelhet\u0151 jelens\u00e9gek, melyek f\u0151leg vil\u00e1gos h\u00e1tt\u00e9r el\u0151tt (pl. ablak, h\u00f3, \u00e9gbolt, monitor) t\u0171nnek fel.<\/p>\n\n\n\n\n<div style=\"float:none;margin:0px 0 0px 0;text-align:center;\">\n<div class=\"mobileShowkakettes\"><div class=\"mobileShowka2\"><div style=\"padding-top:0px;padding-bottom:15px;min-height: 300px;\"><div class=\"hirdetes\">HIRDET\u00c9S<\/div>\n<!-- 300lista -->\n<ins class=\"adsbygoogle\"\n     style=\"display:inline-block;width:300px;height:250px\"\n     data-ad-client=\"ca-pub-9424088931673893\"\n     data-ad-slot=\"8471340766\"><\/ins>\n<script async>\n     (adsbygoogle = window.adsbygoogle || []).push({});\n<\/script><\/div><\/div><\/div><\/div>\n\n\n\n\n<p>Ezek a &#8222;kukacok&#8221; jellemz\u0151en hom\u00e1lyosan \u00e9s a l\u00e1t\u00f3t\u00e9r sz\u00e9l\u00e9n jelennek meg, de elt\u0171nnek, ha megpr\u00f3b\u00e1lunk r\u00e1juk f\u00f3kusz\u00e1lni. Sem a mos\u00e1s, sem a szemd\u00f6rzs\u00f6l\u00e9s, sem a kontaktlencse cser\u00e9je nem befoly\u00e1solja \u0151ket.<\/p>\n\n\n\n<figure class=\"wp-block-image size-full\"><img loading=\"lazy\" width=\"1200\" height=\"1200\" src=\"https:\/\/liked.hu\/old\/wp-content\/uploads\/2024\/04\/Furcsa-dolgok-a-szemben-012.webp\" alt=\"Furcsa dolgok a szemben 012\" class=\"wp-image-334937\" srcset=\"https:\/\/liked.hu\/old\/wp-content\/uploads\/2024\/04\/Furcsa-dolgok-a-szemben-012.webp 1200w, https:\/\/liked.hu\/old\/wp-content\/uploads\/2024\/04\/Furcsa-dolgok-a-szemben-012-768x768.webp 768w\" sizes=\"(max-width: 1200px) 100vw, 1200px\" \/><\/figure>\n\n\n\n<h4><strong>Mit\u0151l vannak?<\/strong><\/h4>\n\n\n\n<p>A &#8222;legyek&#8221;, &#8222;f\u00e9rgek&#8221;, &#8222;p\u00f3kh\u00e1l\u00f3k&#8221;, pontok \u00e9s vonalak a szemben, melyek v\u00e1ltozatos m\u00e9ret\u0171ek \u00e9s form\u00e1j\u00faak, a szemmozg\u00e1s sor\u00e1n jelennek meg. Oka a szem \u00fcvegtest\u00e9ben bek\u00f6vetkezett v\u00e1ltoz\u00e1sok.<\/p>\n\n\n\n<p>A szemlencse \u00e9s a retina k\u00f6z\u00f6tt elhelyezked\u0151 \u00e1tl\u00e1tsz\u00f3 \u00fcvegtest g\u00e9lhez hasonl\u00f3, szil\u00e1rd anyaggal van kit\u00f6ltve. Ez a g\u00e9l hialuronsavat, s\u00f3kat, nyomokban sz\u00e9rumfeh\u00e9rj\u00e9ket, kollag\u00e9nt \u00e9s m\u00e1s anyagokat tartalmaz. Id\u0151vel a test h\u00e1l\u00f3szerkezete megv\u00e1ltozik, a g\u00e9l pedig h\u00edgabb\u00e1 v\u00e1lik. Az anyag egyenetlenn\u00e9 v\u00e1lik, s\u0171r\u0171bb \u00e9s foly\u00e9konyabb frakci\u00f3kra bomlik, az rostok vastagodnak \u00e9s elvesz\u00edtik \u00e1tl\u00e1tsz\u00f3s\u00e1gukat, majd \u00f6sszetapadnak \u00e9s \u00f6sszefon\u00f3dnak. Ezek a t\u00f6m\u00f6r\u00fcl\u00e9sek \u00e1rny\u00e9kot vetnek a retin\u00e1ra, \u00edgy j\u00f6nnek l\u00e9tre a l\u00e1t\u00f3t\u00e9ren \u00faszk\u00e1l\u00f3 szalagok \u00e9s foltok. Ez a folyamat term\u00e9szetes, \u00e9s a szem \u00fcvegtest r\u00e9sz\u00e9ben l\u00e9v\u0151 apr\u00f3 foltok \u00e9s darabok orvosi szempontb\u00f3l norm\u00e1lisnak min\u0151s\u00fclnek.<\/p>\n\n\n\n\n<div style=\"float:none;margin:0px 0 0px 0;text-align:center;\">\n<div class=\"mobileHideke5\"><div style=\"margin-top:25px;\"><div class=\"hirdeteshatter\"><div style=\"display: inline-block;width: 50%;min-width:305px;vertical-align: top;\"><div class=\"hirdetes\">HIRDET\u00c9S<\/div>\n<!-- LikedQ51 -->\n<ins class=\"adsbygoogle\"\n     style=\"display:inline-block;width:300px;height:250px\"\n     data-ad-client=\"ca-pub-9424088931673893\"\n     data-ad-slot=\"8284063326\"><\/ins>\n<script async>\n     (adsbygoogle = window.adsbygoogle || []).push({});\n<\/script><\/div><div style=\"display: inline-block;width: 50%;min-width:305px;vertical-align: top;\"><div class=\"hirdetes\">HIRDET\u00c9S<\/div>\n<!-- LikedQ52 -->\n<ins class=\"adsbygoogle\"\n     style=\"display:inline-block;width:300px;height:250px\"\n     data-ad-client=\"ca-pub-9424088931673893\"\n     data-ad-slot=\"2840164950\"><\/ins>\n<script async>\n     (adsbygoogle = window.adsbygoogle || []).push({});\n<\/script><\/div><\/div><\/div><\/div>\n<div style=\"display:flex;flex-direction:column;\"><div class=\"mobileShowka5\"><div style=\"padding-top:10px;padding-bottom:10px;min-height: 300px;\"><div class=\"hirdetes\">HIRDET\u00c9S<\/div>\n<!-- LikedQ5M -->\n<ins class=\"adsbygoogle\"\n     style=\"display:inline-block;width:300px;height:250px\"\n     data-ad-client=\"ca-pub-9424088931673893\"\n     data-ad-slot=\"9022429928\"><\/ins>\n<script async>\n     (adsbygoogle = window.adsbygoogle || []).push({});\n<\/script><\/div><\/div><\/div><\/div>\n\n\n\n\n<figure class=\"wp-block-image size-full\"><img loading=\"lazy\" width=\"624\" height=\"400\" src=\"https:\/\/liked.hu\/old\/wp-content\/uploads\/2024\/04\/Furcsa-dolgok-a-szemben-011.webp\" alt=\"Furcsa dolgok a szemben 011\" class=\"wp-image-334936\"\/><\/figure>\n\n\n\n<h4><strong>Mikor kell agg\u00f3dni?<\/strong><\/h4>\n\n\n\n<p>Gyullad\u00e1sok, bev\u00e9rz\u00e9sek \u00e9s szemtraum\u00e1k eset\u00e9n a szem\u00fcvegtestben s\u0171r\u0171bb, durv\u00e1bb, nehezebben felsz\u00edv\u00f3d\u00f3 \u00f6sszetapad\u00e1sok \u00e9s rostok is kialakulhatnak. Ezek ronthatj\u00e1k a l\u00e1t\u00e1s\u00e9less\u00e9get, \u00e9s a szem k\u00f3ros folyamatainak egyik t\u00fcnete is lehetnek. Ilyen esetekben m\u00e1r nem tekinthet\u0151ek norm\u00e1lisnak.<\/p>\n\n\n\n<p>A l\u00e1t\u00e1si torzul\u00e1sok m\u00e1sik lehets\u00e9ges oka a szem\u00fcvegtest r\u00e9sz\u00e9nek elv\u00e1l\u00e1sa a szem h\u00e1ts\u00f3 r\u00e9sz\u00e9t\u0151l. Ez fesz\u00fclts\u00e9get okoz, ami f\u00e9nyvillan\u00e1sokat \u00e9s szikr\u00e1kat eredm\u00e9nyez a l\u00e1t\u00f3t\u00e9rben.<\/p>\n\n\n\n<h4>Vesz\u00e9lyes-e a szemben \u00faszk\u00e1l\u00f3 &#8222;kukacok&#8221; jelens\u00e9ge?<\/h4>\n\n\n\n<p>Amennyiben a jelens\u00e9g term\u00e9szetes folyamat k\u00f6vetkezm\u00e9nye, nem t\u00fal gyakori, nem zavarja a l\u00e1t\u00e1st \u00e9s \u00e1lland\u00f3an jelen van, akkor <strong>norm\u00e1lisnak min\u0151s\u00fclhet<\/strong>. Panaszok jellemz\u0151en 50 \u00e9ves kor feletti p\u00e1ciensekn\u00e9l fordulnak el\u0151 gyakrabban, amikor a korral j\u00e1r\u00f3 v\u00e1ltoz\u00e1sok felgyorsulnak.<\/p>\n\n\n\n<p>Azonban a v\u00e1ltoz\u00e1sok kor\u00e1bban vagy intenz\u00edvebben is bek\u00f6vetkezhetnek:<\/p>\n\n\n\n<ul><li><strong>Endokrin zavarok<\/strong>, els\u0151sorban cukorbetegs\u00e9g eset\u00e9n.<\/li><li><strong>Az \u00e9rrendszer t\u00f3nus\u00e1nak zavarai<\/strong>&nbsp;vagy m\u00e1s agyi kering\u00e9si zavarok (pl. ateroszkler\u00f3zis, nyaki csigolyat\u00f6r\u00e9s).<\/li><li><strong>Magas v\u00e9rnyom\u00e1s<\/strong>.<\/li><li><strong>R\u00f6vidl\u00e1t\u00f3s\u00e1g<\/strong>.<\/li><li><strong>A l\u00e1t\u00f3szervek gyullad\u00e1sa<\/strong>.<\/li><li><strong>Szemtraum\u00e1k \u00e9s m\u0171t\u00e9tek<\/strong>.<\/li><li><strong>Szem \u00e1lland\u00f3 t\u00falterhel\u00e9se sz\u00e1m\u00edt\u00f3g\u00e9pes munka sor\u00e1n<\/strong>.<\/li><\/ul>\n\n\n\n\n<div style=\"float:none;margin:0px 0 0px 0;text-align:center;\">\n<div class=\"mobileHideke8\"><div style=\"margin-top:25px;\"><div class=\"hirdeteshatter\"><div style=\"display: inline-block;width: 50%;min-width:340px;vertical-align: top;\"><div class=\"hirdetes\">HIRDET\u00c9S<\/div>\n<!-- Liked7Q1 -->\n<ins class=\"adsbygoogle\"\n     style=\"display:inline-block;width:336px;height:280px\"\n     data-ad-client=\"ca-pub-9424088931673893\"\n     data-ad-slot=\"3022062587\"><\/ins>\n<script async>\n     (adsbygoogle = window.adsbygoogle || []).push({});\n<\/script><\/div><div style=\"display: inline-block;width: 50%;min-width:340px;vertical-align: top;\"><div class=\"hirdetes\">HIRDET\u00c9S<\/div>\n<!-- Liked7Q2 -->\n<ins class=\"adsbygoogle\"\n     style=\"display:inline-block;width:336px;height:280px\"\n     data-ad-client=\"ca-pub-9424088931673893\"\n     data-ad-slot=\"3952000871\"><\/ins>\n<script async>\n     (adsbygoogle = window.adsbygoogle || []).push({});\n<\/script><\/div><\/div><\/div><\/div>\n<div style=\"display:flex;flex-direction:column;\"><div class=\"mobileShowka8\"><div style=\"padding-top:15px;margin-bottom:15px;min-height: 300px;\"><div class=\"hirdetes\">HIRDET\u00c9S<\/div>\n<!-- Liked7QMobil -->\n<ins class=\"adsbygoogle\"\n     style=\"display:inline-block;width:336px;height:280px\"\n     data-ad-client=\"ca-pub-9424088931673893\"\n     data-ad-slot=\"5073510857\"><\/ins>\n<script async>\n     (adsbygoogle = window.adsbygoogle || []).push({});\n<\/script><\/div><\/div><\/div><\/div>\n\n\n\n\n<figure class=\"wp-block-image size-full\"><img loading=\"lazy\" width=\"1200\" height=\"800\" src=\"https:\/\/liked.hu\/old\/wp-content\/uploads\/2024\/04\/Furcsa-dolgok-a-szemben-010.webp\" alt=\"Furcsa dolgok a szemben 010\" class=\"wp-image-334935\" srcset=\"https:\/\/liked.hu\/old\/wp-content\/uploads\/2024\/04\/Furcsa-dolgok-a-szemben-010.webp 1200w, https:\/\/liked.hu\/old\/wp-content\/uploads\/2024\/04\/Furcsa-dolgok-a-szemben-010-768x512.webp 768w\" sizes=\"(max-width: 1200px) 100vw, 1200px\" \/><\/figure>\n\n\n\n<p>A kulcsfontoss\u00e1g\u00fa t\u00e9nyez\u0151 a jelens\u00e9g gyakoris\u00e1ga, a megjelen\u00e9s hirtelens\u00e9ge \u00e9s az egy\u00e9b t\u00fcnetek fenn\u00e1ll\u00e1sa.<\/p>\n\n\n\n<p>S\u00fcrg\u0151s szem\u00e9szeti vizsg\u00e1lat javasolt, ha:<\/p>\n\n\n\n<ul><li><strong>Nagyon sok<\/strong>&nbsp;a villan\u00e1s \u00e9s m\u00e1s torzul\u00e1s.<\/li><li><strong>Hirtelen<\/strong>&nbsp;jelentek meg, vagy&nbsp;<strong>fejs\u00e9r\u00fcl\u00e9s, esetleg valamilyen betegs\u00e9g (pl. magas v\u00e9rnyom\u00e1s, cukorbetegs\u00e9g) diagnosztiz\u00e1l\u00e1sa<\/strong>&nbsp;ut\u00e1n alakultak ki.<\/li><li><strong>Egy\u00e9b l\u00e1t\u00e1si zavarok<\/strong>&nbsp;is jelentkeznek &#8211; pl. \u00e1rny\u00e9k a l\u00e1t\u00f3t\u00e9r sz\u00e9l\u00e9n, s\u00f6t\u00e9tebb k\u00e9p.<\/li><\/ul>\n\n\n\n<p>Ezek a t\u00fcnetek nem felt\u00e9tlen\u00fcl az \u00f6reged\u00e9s vagy m\u00e1s okok miatti norm\u00e1lis v\u00e1ltoz\u00e1sok jelei, hanem a retina elv\u00e1l\u00e1s\u00e1nak, bev\u00e9rz\u00e9s\u00e9nek vagy reped\u00e9s\u00e9nek jelei is lehetnek, amelyek l\u00e1t\u00e1sveszt\u00e9shez vezethetnek. Ez\u00e9rt halad\u00e9ktalanul fordulj orvoshoz ilyen esetekben!<\/p>\n\n\n\n<h4><strong>Mit kell tenni?<\/strong><\/h4>\n\n\n\n<p>M\u00e9g ha a &#8222;kukacok&#8221;, a villan\u00e1sok \u00e9s m\u00e1s l\u00e1t\u00e1si torzul\u00e1sok nem is befoly\u00e1solj\u00e1k a l\u00e1t\u00e1sodat \u00e9s k\u00f6nnyen figyelmen k\u00edv\u00fcl hagyhat\u00f3k, <strong>\u00e9vente egyszer akkor is javasolt a szem\u00e9szeti vizsg\u00e1lat<\/strong>, hogy megbizonyosodj r\u00f3la, hogy a szemeddel minden rendben van. Hirtelen v\u00e1ltoz\u00e1sok eset\u00e9n semmik\u00e9pp se halogasd a vizsg\u00e1latot!<\/p>\n\n\n\n\n<div style=\"float:none;margin:0px 0 0px 0;text-align:center;\">\n<div class=\"mobileHideke8\"><div class=\"hirdeteshatter\"><div style=\"display: inline-block;width: 50%;min-width:340px;vertical-align: top;\"><div class=\"hirdetes\">HIRDET\u00c9S<\/div>\n<!-- LikedQ81 -->\n<ins class=\"adsbygoogle\"\n     style=\"display:inline-block;width:336px;height:280px\"\n     data-ad-client=\"ca-pub-9424088931673893\"\n     data-ad-slot=\"2436840276\"><\/ins>\n<script async>\n     (adsbygoogle = window.adsbygoogle || []).push({});\n<\/script><\/div><div style=\"display: inline-block;width: 50%;min-width:340px;vertical-align: top;\"><div class=\"hirdetes\">HIRDET\u00c9S<\/div>\n<!-- LikedQ82 -->\n<ins class=\"adsbygoogle\"\n     style=\"display:inline-block;width:336px;height:280px\"\n     data-ad-client=\"ca-pub-9424088931673893\"\n     data-ad-slot=\"3558350253\"><\/ins>\n<script async>\n     (adsbygoogle = window.adsbygoogle || []).push({});\n<\/script><\/div><\/div><\/div>\n<div style=\"display:flex;flex-direction:column;\"><div class=\"mobileShowka8 nyolc\"><div style=\"padding-top:15px;padding-bottom:5px;min-height: 300px;\"><div class=\"hirdetes\">HIRDET\u00c9S<\/div>\n<!-- LikedQ8M -->\n<ins class=\"adsbygoogle\"\n     style=\"display:inline-block;width:336px;height:280px\"\n     data-ad-client=\"ca-pub-9424088931673893\"\n     data-ad-slot=\"4679860235\"><\/ins>\n<script async>\n     (adsbygoogle = window.adsbygoogle || []).push({});\n<\/script><\/div><\/div><\/div><\/div>\n\n\n\n\n<figure class=\"wp-block-image size-full\"><img loading=\"lazy\" width=\"1400\" height=\"600\" src=\"https:\/\/liked.hu\/old\/wp-content\/uploads\/2024\/04\/Szemuvegtest.png\" alt=\"Szemuvegtest\" class=\"wp-image-334938\" srcset=\"https:\/\/liked.hu\/old\/wp-content\/uploads\/2024\/04\/Szemuvegtest.png 1400w, https:\/\/liked.hu\/old\/wp-content\/uploads\/2024\/04\/Szemuvegtest-768x329.png 768w\" sizes=\"(max-width: 1400px) 100vw, 1400px\" \/><\/figure>\n\n\n\n<h4><strong>Hogyan kezelik a szem \u00fcvegtest r\u00e9sz\u00e9nek elv\u00e1ltoz\u00e1sait?<\/strong><\/h4>\n\n\n\n<p>A kezel\u00e9s sor\u00e1n az orvosnak el\u0151sz\u00f6r meg kell hat\u00e1roznia a jelens\u00e9g ok\u00e1t. Fontos meg\u00e1llap\u00edtani, hogy a zavarok degenerat\u00edv \u00e1llapotok (pl. korral j\u00e1r\u00f3 norm\u00e1lis v\u00e1ltoz\u00e1sok), gyullad\u00e1sok, bev\u00e9rz\u00e9sek vagy a retina elv\u00e1l\u00e1s\u00e1nak kezdeti jelei okozz\u00e1k-e. Az els\u0151 esetben nem sz\u00fcks\u00e9ges beavatkoz\u00e1s. A m\u00e1sodik esetben kezel\u00e9sre van sz\u00fcks\u00e9g.<\/p>\n\n\n\n<p>A ter\u00e1pia lehet:<\/p>\n\n\n\n<ul><li><strong>Konzervat\u00edv:<\/strong>&nbsp;szemcseppek alkalmaz\u00e1sa.<\/li><li><strong>M\u0171t\u00e9ti:<\/strong>&nbsp;a retina szakad\u00e1sainak vagy a szem\u00fcvegtestben l\u00e9v\u0151 v\u00e9rr\u00f6g\u00f6k l\u00e9zeres koagul\u00e1ci\u00f3ja, esetleg a szem\u00fcvegtest elt\u00e1vol\u00edt\u00e1sa \u00e9s speci\u00e1lis oldattal val\u00f3 helyettes\u00edt\u00e9se. M\u0171t\u00e9tre csak k\u00fcl\u00f6n\u00f6sen indokolt esetben ker\u00fclhet sor.<\/li><\/ul>\n\n\n\n<p><strong>\u00c9rdekes fejlem\u00e9ny:<\/strong> 2021-ben a belgiumi Genti Egyetem tud\u00f3sai bemutatt\u00e1k a szem\u00fcvegtest patol\u00f3gi\u00e1inak arany nanor\u00e9szecsk\u00e9kkel t\u00f6rt\u00e9n\u0151 kezel\u00e9s\u00e9nek egy \u00faj m\u00f3dszer\u00e9t. Kijelent\u00e9s\u00fck szerint a m\u00f3dszer 5-7 \u00e9ven bel\u00fcl hasznos alternat\u00edv\u00e1ja lehet a m\u0171t\u00e9tnek. A nyulakon v\u00e9gzett els\u0151 klinikai vizsg\u00e1latok a m\u00f3dszer biztons\u00e1goss\u00e1g\u00e1t \u00e9s hat\u00e9konys\u00e1g\u00e1t igazolt\u00e1k.<\/p>\n\n\n\n<p>Lehets\u00e9ges, hogy a j\u00f6v\u0151ben \u00faj, kev\u00e9sb\u00e9 invaz\u00edv kezel\u00e9si m\u00f3dszerek is el\u00e9rhet\u0151v\u00e9 v\u00e1lnak. Jelenleg a legjobb m\u00f3dja a l\u00e1t\u00e1s\u00e9less\u00e9g \u00e9s a szem eg\u00e9szs\u00e9g\u00e9nek meg\u0151rz\u00e9s\u00e9nek az eg\u00e9szs\u00e9ges \u00e9letm\u00f3d (amely cs\u00f6kkenti a betegs\u00e9gek kock\u00e1zat\u00e1t) \u00e9s az <strong>\u00e9vente egyszeri szemvizsg\u00e1lat<\/strong>. A korai diagn\u00f3zis \u00e9s a id\u0151ben elkezdett kezel\u00e9s meg\u0151rzi a szem eg\u00e9szs\u00e9g\u00e9t \u00e9s k\u00e9slelteti a m\u0171t\u00e9tek \u00e9s m\u00e1s beavatkoz\u00e1sok sz\u00fcks\u00e9gess\u00e9g\u00e9t.<\/p>\n\n\n\n<p class=\"has-text-align-center\"><strong>J\u00f3 eg\u00e9szs\u00e9get k\u00edv\u00e1nunk neked!<\/strong><\/p>\n","protected":false},"excerpt":{"rendered":"<p>A j\u00f3 h\u00edr, hogy ez egy term\u00e9szetes jelens\u00e9g.<\/p>\n","protected":false},"author":4,"featured_media":334939,"comment_status":"open","ping_status":"closed","sticky":false,"template":"","format":"standard","meta":{"buzzeditor_post_format":""},"categories":[23],"tags":[547,1521,2382],"yoast_head":"<!-- This site is optimized with the Yoast SEO plugin v19.6.1 - https:\/\/yoast.com\/wordpress\/plugins\/seo\/ -->\n<title>Mi\u00e9rt l\u00e1tunk &quot;kukacokat&quot; \u00faszni a szem\u00fcnkben, \u00e9s mit tegy\u00fcnk ellene?<\/title>\n<meta name=\"description\" content=\"A j\u00f3 h\u00edr, hogy ez egy term\u00e9szetes jelens\u00e9g.\" \/>\n<meta name=\"robots\" content=\"index, follow, max-snippet:-1, max-image-preview:large, max-video-preview:-1\" \/>\n<link rel=\"canonical\" href=\"https:\/\/liked.hu\/old\/erdekes\/miert-latunk-kukacokat-uszni-a-szemunkben-es-mit-tegyunk-ellene\/\" \/>\n<meta property=\"og:locale\" content=\"hu_HU\" \/>\n<meta property=\"og:type\" content=\"article\" \/>\n<meta property=\"og:title\" content=\"Mi\u00e9rt l\u00e1tunk &quot;kukacokat&quot; \u00faszni a szem\u00fcnkben, \u00e9s mit tegy\u00fcnk ellene?\" \/>\n<meta property=\"og:description\" content=\"A j\u00f3 h\u00edr, hogy ez egy term\u00e9szetes jelens\u00e9g.\" \/>\n<meta property=\"og:url\" content=\"https:\/\/liked.hu\/old\/erdekes\/miert-latunk-kukacokat-uszni-a-szemunkben-es-mit-tegyunk-ellene\/\" \/>\n<meta property=\"og:site_name\" content=\"Liked.hu\" \/>\n<meta property=\"article:publisher\" content=\"https:\/\/www.facebook.com\/liked.hu\" \/>\n<meta property=\"article:published_time\" content=\"2024-04-25T19:25:04+00:00\" \/>\n<meta property=\"article:modified_time\" content=\"2024-04-25T19:27:05+00:00\" \/>\n<meta property=\"og:image\" content=\"https:\/\/liked.hu\/old\/wp-content\/uploads\/2024\/04\/Kukacok-a-szemben.jpg\" \/>\n\t<meta property=\"og:image:width\" content=\"1200\" \/>\n\t<meta property=\"og:image:height\" content=\"630\" \/>\n\t<meta property=\"og:image:type\" content=\"image\/jpeg\" \/>\n<meta name=\"author\" content=\"Simbakim\" \/>\n<meta name=\"twitter:card\" content=\"summary\" \/>\n<meta name=\"twitter:creator\" content=\"@LikedHu\" \/>\n<meta name=\"twitter:site\" content=\"@LikedHu\" \/>\n<meta name=\"twitter:label1\" content=\"Szerz\u0151:\" \/>\n\t<meta name=\"twitter:data1\" content=\"Simbakim\" \/>\n\t<meta name=\"twitter:label2\" content=\"Becs\u00fclt olvas\u00e1si id\u0151\" \/>\n\t<meta name=\"twitter:data2\" content=\"5 perc\" \/>\n<script type=\"application\/ld+json\" class=\"yoast-schema-graph\">{\"@context\":\"https:\/\/schema.org\",\"@graph\":[{\"@type\":\"Article\",\"@id\":\"https:\/\/liked.hu\/old\/erdekes\/miert-latunk-kukacokat-uszni-a-szemunkben-es-mit-tegyunk-ellene\/#article\",\"isPartOf\":{\"@id\":\"https:\/\/liked.hu\/old\/erdekes\/miert-latunk-kukacokat-uszni-a-szemunkben-es-mit-tegyunk-ellene\/\"},\"author\":{\"name\":\"Simbakim\",\"@id\":\"https:\/\/liked.hu\/old\/#\/schema\/person\/e8b79b280dc82c4ac9b973eedc274b75\"},\"headline\":\"Mi\u00e9rt l\u00e1tunk &#8222;kukacokat&#8221; \u00faszni a szem\u00fcnkben, \u00e9s mit tegy\u00fcnk ellene?\",\"datePublished\":\"2024-04-25T19:25:04+00:00\",\"dateModified\":\"2024-04-25T19:27:05+00:00\",\"mainEntityOfPage\":{\"@id\":\"https:\/\/liked.hu\/old\/erdekes\/miert-latunk-kukacokat-uszni-a-szemunkben-es-mit-tegyunk-ellene\/\"},\"wordCount\":1089,\"commentCount\":0,\"publisher\":{\"@id\":\"https:\/\/liked.hu\/old\/#organization\"},\"keywords\":[\"eg\u00e9szs\u00e9g\",\"l\u00e1t\u00e1s\",\"szem\"],\"articleSection\":[\"\u00c9rdekess\u00e9gek\"],\"inLanguage\":\"hu\",\"potentialAction\":[{\"@type\":\"CommentAction\",\"name\":\"Comment\",\"target\":[\"https:\/\/liked.hu\/old\/erdekes\/miert-latunk-kukacokat-uszni-a-szemunkben-es-mit-tegyunk-ellene\/#respond\"]}]},{\"@type\":\"WebPage\",\"@id\":\"https:\/\/liked.hu\/old\/erdekes\/miert-latunk-kukacokat-uszni-a-szemunkben-es-mit-tegyunk-ellene\/\",\"url\":\"https:\/\/liked.hu\/old\/erdekes\/miert-latunk-kukacokat-uszni-a-szemunkben-es-mit-tegyunk-ellene\/\",\"name\":\"Mi\u00e9rt l\u00e1tunk \\\"kukacokat\\\" \u00faszni a szem\u00fcnkben, \u00e9s mit tegy\u00fcnk ellene?\",\"isPartOf\":{\"@id\":\"https:\/\/liked.hu\/old\/#website\"},\"datePublished\":\"2024-04-25T19:25:04+00:00\",\"dateModified\":\"2024-04-25T19:27:05+00:00\",\"description\":\"A j\u00f3 h\u00edr, hogy ez egy term\u00e9szetes jelens\u00e9g.\",\"breadcrumb\":{\"@id\":\"https:\/\/liked.hu\/old\/erdekes\/miert-latunk-kukacokat-uszni-a-szemunkben-es-mit-tegyunk-ellene\/#breadcrumb\"},\"inLanguage\":\"hu\",\"potentialAction\":[{\"@type\":\"ReadAction\",\"target\":[\"https:\/\/liked.hu\/old\/erdekes\/miert-latunk-kukacokat-uszni-a-szemunkben-es-mit-tegyunk-ellene\/\"]}]},{\"@type\":\"BreadcrumbList\",\"@id\":\"https:\/\/liked.hu\/old\/erdekes\/miert-latunk-kukacokat-uszni-a-szemunkben-es-mit-tegyunk-ellene\/#breadcrumb\",\"itemListElement\":[{\"@type\":\"ListItem\",\"position\":1,\"name\":\"Kezd\u0151lap\",\"item\":\"https:\/\/liked.hu\/old\/\"},{\"@type\":\"ListItem\",\"position\":2,\"name\":\"Mi\u00e9rt l\u00e1tunk &#8222;kukacokat&#8221; \u00faszni a szem\u00fcnkben, \u00e9s mit tegy\u00fcnk ellene?\"}]},{\"@type\":\"WebSite\",\"@id\":\"https:\/\/liked.hu\/old\/#website\",\"url\":\"https:\/\/liked.hu\/old\/\",\"name\":\"Liked.hu\",\"description\":\"\",\"publisher\":{\"@id\":\"https:\/\/liked.hu\/old\/#organization\"},\"potentialAction\":[{\"@type\":\"SearchAction\",\"target\":{\"@type\":\"EntryPoint\",\"urlTemplate\":\"https:\/\/liked.hu\/old\/?s={search_term_string}\"},\"query-input\":\"required name=search_term_string\"}],\"inLanguage\":\"hu\"},{\"@type\":\"Organization\",\"@id\":\"https:\/\/liked.hu\/old\/#organization\",\"name\":\"Liked.hu\",\"url\":\"https:\/\/liked.hu\/old\/\",\"sameAs\":[\"https:\/\/hu.pinterest.com\/likedhungary\/\",\"https:\/\/www.youtube.com\/channel\/UCPv91dbMoIukYcM9b9nHN6Q\",\"https:\/\/www.facebook.com\/liked.hu\",\"https:\/\/twitter.com\/LikedHu\"],\"logo\":{\"@type\":\"ImageObject\",\"inLanguage\":\"hu\",\"@id\":\"https:\/\/liked.hu\/old\/#\/schema\/logo\/image\/\",\"url\":\"https:\/\/liked.hu\/wp-content\/uploads\/2018\/08\/Liked-icon.png\",\"contentUrl\":\"https:\/\/liked.hu\/wp-content\/uploads\/2018\/08\/Liked-icon.png\",\"width\":512,\"height\":512,\"caption\":\"Liked.hu\"},\"image\":{\"@id\":\"https:\/\/liked.hu\/old\/#\/schema\/logo\/image\/\"}},{\"@type\":\"Person\",\"@id\":\"https:\/\/liked.hu\/old\/#\/schema\/person\/e8b79b280dc82c4ac9b973eedc274b75\",\"name\":\"Simbakim\",\"image\":{\"@type\":\"ImageObject\",\"inLanguage\":\"hu\",\"@id\":\"https:\/\/liked.hu\/old\/#\/schema\/person\/image\/\",\"url\":\"https:\/\/secure.gravatar.com\/avatar\/?s=96&d=mm&r=pg\",\"contentUrl\":\"https:\/\/secure.gravatar.com\/avatar\/?s=96&d=mm&r=pg\",\"caption\":\"Simbakim\"},\"url\":\"https:\/\/liked.hu\/old\/u\/simbakim\/\"}]}<\/script>\n<!-- \/ Yoast SEO plugin. -->","yoast_head_json":{"title":"Mi\u00e9rt l\u00e1tunk \"kukacokat\" \u00faszni a szem\u00fcnkben, \u00e9s mit tegy\u00fcnk ellene?","description":"A j\u00f3 h\u00edr, hogy ez egy term\u00e9szetes jelens\u00e9g.","robots":{"index":"index","follow":"follow","max-snippet":"max-snippet:-1","max-image-preview":"max-image-preview:large","max-video-preview":"max-video-preview:-1"},"canonical":"https:\/\/liked.hu\/old\/erdekes\/miert-latunk-kukacokat-uszni-a-szemunkben-es-mit-tegyunk-ellene\/","og_locale":"hu_HU","og_type":"article","og_title":"Mi\u00e9rt l\u00e1tunk \"kukacokat\" \u00faszni a szem\u00fcnkben, \u00e9s mit tegy\u00fcnk ellene?","og_description":"A j\u00f3 h\u00edr, hogy ez egy term\u00e9szetes jelens\u00e9g.","og_url":"https:\/\/liked.hu\/old\/erdekes\/miert-latunk-kukacokat-uszni-a-szemunkben-es-mit-tegyunk-ellene\/","og_site_name":"Liked.hu","article_publisher":"https:\/\/www.facebook.com\/liked.hu","article_published_time":"2024-04-25T19:25:04+00:00","article_modified_time":"2024-04-25T19:27:05+00:00","og_image":[{"width":1200,"height":630,"url":"https:\/\/liked.hu\/old\/wp-content\/uploads\/2024\/04\/Kukacok-a-szemben.jpg","type":"image\/jpeg"}],"author":"Simbakim","twitter_card":"summary","twitter_creator":"@LikedHu","twitter_site":"@LikedHu","twitter_misc":{"Szerz\u0151:":"Simbakim","Becs\u00fclt olvas\u00e1si id\u0151":"5 perc"},"schema":{"@context":"https:\/\/schema.org","@graph":[{"@type":"Article","@id":"https:\/\/liked.hu\/old\/erdekes\/miert-latunk-kukacokat-uszni-a-szemunkben-es-mit-tegyunk-ellene\/#article","isPartOf":{"@id":"https:\/\/liked.hu\/old\/erdekes\/miert-latunk-kukacokat-uszni-a-szemunkben-es-mit-tegyunk-ellene\/"},"author":{"name":"Simbakim","@id":"https:\/\/liked.hu\/old\/#\/schema\/person\/e8b79b280dc82c4ac9b973eedc274b75"},"headline":"Mi\u00e9rt l\u00e1tunk &#8222;kukacokat&#8221; \u00faszni a szem\u00fcnkben, \u00e9s mit tegy\u00fcnk ellene?","datePublished":"2024-04-25T19:25:04+00:00","dateModified":"2024-04-25T19:27:05+00:00","mainEntityOfPage":{"@id":"https:\/\/liked.hu\/old\/erdekes\/miert-latunk-kukacokat-uszni-a-szemunkben-es-mit-tegyunk-ellene\/"},"wordCount":1089,"commentCount":0,"publisher":{"@id":"https:\/\/liked.hu\/old\/#organization"},"keywords":["eg\u00e9szs\u00e9g","l\u00e1t\u00e1s","szem"],"articleSection":["\u00c9rdekess\u00e9gek"],"inLanguage":"hu","potentialAction":[{"@type":"CommentAction","name":"Comment","target":["https:\/\/liked.hu\/old\/erdekes\/miert-latunk-kukacokat-uszni-a-szemunkben-es-mit-tegyunk-ellene\/#respond"]}]},{"@type":"WebPage","@id":"https:\/\/liked.hu\/old\/erdekes\/miert-latunk-kukacokat-uszni-a-szemunkben-es-mit-tegyunk-ellene\/","url":"https:\/\/liked.hu\/old\/erdekes\/miert-latunk-kukacokat-uszni-a-szemunkben-es-mit-tegyunk-ellene\/","name":"Mi\u00e9rt l\u00e1tunk \"kukacokat\" \u00faszni a szem\u00fcnkben, \u00e9s mit tegy\u00fcnk ellene?","isPartOf":{"@id":"https:\/\/liked.hu\/old\/#website"},"datePublished":"2024-04-25T19:25:04+00:00","dateModified":"2024-04-25T19:27:05+00:00","description":"A j\u00f3 h\u00edr, hogy ez egy term\u00e9szetes jelens\u00e9g.","breadcrumb":{"@id":"https:\/\/liked.hu\/old\/erdekes\/miert-latunk-kukacokat-uszni-a-szemunkben-es-mit-tegyunk-ellene\/#breadcrumb"},"inLanguage":"hu","potentialAction":[{"@type":"ReadAction","target":["https:\/\/liked.hu\/old\/erdekes\/miert-latunk-kukacokat-uszni-a-szemunkben-es-mit-tegyunk-ellene\/"]}]},{"@type":"BreadcrumbList","@id":"https:\/\/liked.hu\/old\/erdekes\/miert-latunk-kukacokat-uszni-a-szemunkben-es-mit-tegyunk-ellene\/#breadcrumb","itemListElement":[{"@type":"ListItem","position":1,"name":"Kezd\u0151lap","item":"https:\/\/liked.hu\/old\/"},{"@type":"ListItem","position":2,"name":"Mi\u00e9rt l\u00e1tunk &#8222;kukacokat&#8221; \u00faszni a szem\u00fcnkben, \u00e9s mit tegy\u00fcnk ellene?"}]},{"@type":"WebSite","@id":"https:\/\/liked.hu\/old\/#website","url":"https:\/\/liked.hu\/old\/","name":"Liked.hu","description":"","publisher":{"@id":"https:\/\/liked.hu\/old\/#organization"},"potentialAction":[{"@type":"SearchAction","target":{"@type":"EntryPoint","urlTemplate":"https:\/\/liked.hu\/old\/?s={search_term_string}"},"query-input":"required name=search_term_string"}],"inLanguage":"hu"},{"@type":"Organization","@id":"https:\/\/liked.hu\/old\/#organization","name":"Liked.hu","url":"https:\/\/liked.hu\/old\/","sameAs":["https:\/\/hu.pinterest.com\/likedhungary\/","https:\/\/www.youtube.com\/channel\/UCPv91dbMoIukYcM9b9nHN6Q","https:\/\/www.facebook.com\/liked.hu","https:\/\/twitter.com\/LikedHu"],"logo":{"@type":"ImageObject","inLanguage":"hu","@id":"https:\/\/liked.hu\/old\/#\/schema\/logo\/image\/","url":"https:\/\/liked.hu\/wp-content\/uploads\/2018\/08\/Liked-icon.png","contentUrl":"https:\/\/liked.hu\/wp-content\/uploads\/2018\/08\/Liked-icon.png","width":512,"height":512,"caption":"Liked.hu"},"image":{"@id":"https:\/\/liked.hu\/old\/#\/schema\/logo\/image\/"}},{"@type":"Person","@id":"https:\/\/liked.hu\/old\/#\/schema\/person\/e8b79b280dc82c4ac9b973eedc274b75","name":"Simbakim","image":{"@type":"ImageObject","inLanguage":"hu","@id":"https:\/\/liked.hu\/old\/#\/schema\/person\/image\/","url":"https:\/\/secure.gravatar.com\/avatar\/?s=96&d=mm&r=pg","contentUrl":"https:\/\/secure.gravatar.com\/avatar\/?s=96&d=mm&r=pg","caption":"Simbakim"},"url":"https:\/\/liked.hu\/old\/u\/simbakim\/"}]}},"publishpress_future_action":{"enabled":false,"date":"1970-01-01 01:00:00","action":"","terms":[],"taxonomy":"","browser_timezone_offset":0},"_links":{"self":[{"href":"https:\/\/liked.hu\/old\/wp-json\/wp\/v2\/posts\/334934"}],"collection":[{"href":"https:\/\/liked.hu\/old\/wp-json\/wp\/v2\/posts"}],"about":[{"href":"https:\/\/liked.hu\/old\/wp-json\/wp\/v2\/types\/post"}],"author":[{"embeddable":true,"href":"https:\/\/liked.hu\/old\/wp-json\/wp\/v2\/users\/4"}],"replies":[{"embeddable":true,"href":"https:\/\/liked.hu\/old\/wp-json\/wp\/v2\/comments?post=334934"}],"version-history":[{"count":0,"href":"https:\/\/liked.hu\/old\/wp-json\/wp\/v2\/posts\/334934\/revisions"}],"wp:featuredmedia":[{"embeddable":true,"href":"https:\/\/liked.hu\/old\/wp-json\/wp\/v2\/media\/334939"}],"wp:attachment":[{"href":"https:\/\/liked.hu\/old\/wp-json\/wp\/v2\/media?parent=334934"}],"wp:term":[{"taxonomy":"category","embeddable":true,"href":"https:\/\/liked.hu\/old\/wp-json\/wp\/v2\/categories?post=334934"},{"taxonomy":"post_tag","embeddable":true,"href":"https:\/\/liked.hu\/old\/wp-json\/wp\/v2\/tags?post=334934"}],"curies":[{"name":"wp","href":"https:\/\/api.w.org\/{rel}","templated":true}]}}