{"id":333815,"date":"2024-04-21T02:25:52","date_gmt":"2024-04-21T01:25:52","guid":{"rendered":"https:\/\/liked.hu\/old\/?p=333815"},"modified":"2024-04-21T02:25:55","modified_gmt":"2024-04-21T01:25:55","slug":"maganyos-haz-egy-hideg-szigeten-ki-epitette-es-miert","status":"publish","type":"post","link":"https:\/\/liked.hu\/old\/erdekes\/maganyos-haz-egy-hideg-szigeten-ki-epitette-es-miert\/","title":{"rendered":"Mag\u00e1nyos h\u00e1z egy hideg szigeten. Ki \u00e9p\u00edtette \u00e9s mi\u00e9rt?"},"content":{"rendered":"\n<p>Amikor el\u0151sz\u00f6r pillantottam meg ezt a fot\u00f3t, r\u00f6gt\u00f6n felmer\u00fclt bennem a k\u00e9rd\u00e9s: ki \u00e9lhet ilyen zord k\u00f6r\u00fclm\u00e9nyek k\u00f6z\u00f6tt?<\/p>\n\n\n\n\n<div style=\"float:none;margin:0px 0 0px 0;text-align:center;\">\n<div class=\"mobileShowkakettes\"><div class=\"mobileShowka2\"><div style=\"padding-top:0px;padding-bottom:15px;min-height: 300px;\"><div class=\"hirdetes\">HIRDET\u00c9S<\/div>\n<!-- 300lista -->\n<ins class=\"adsbygoogle\"\n     style=\"display:inline-block;width:300px;height:250px\"\n     data-ad-client=\"ca-pub-9424088931673893\"\n     data-ad-slot=\"8471340766\"><\/ins>\n<script async>\n     (adsbygoogle = window.adsbygoogle || []).push({});\n<\/script><\/div><\/div><\/div><\/div>\n\n\n\n\n<p>Hiszen m\u00e1r az \u00e9lelmiszer eljuttat\u00e1sa is komoly feladatnak t\u0171nik &#8211; csak n\u00e9zd meg azokat a meredek szikl\u00e1kat!<\/p>\n\n\n\n<p>\u00c1m egy m\u00e1sik sz\u00f6gb\u0151l szeml\u00e9lve a dolgot, m\u00e1r nem t\u0171nt olyan borzaszt\u00f3nak a helyzet. Vizsg\u00e1ljuk meg k\u00f6zelebbr\u0151l, hogy mi is pontosan ez a sziget, ki \u00e9p\u00edtett itt h\u00e1zat, \u00e9s mi\u00e9rt.<\/p>\n\n\n\n<figure class=\"wp-block-image size-full\"><img loading=\"lazy\" width=\"1080\" height=\"580\" src=\"https:\/\/liked.hu\/old\/wp-content\/uploads\/2024\/04\/Izlandi-maganyos-haz-013.webp\" alt=\"Izlandi mag\u00e1nyos h\u00e1z 013\" class=\"wp-image-333820\" srcset=\"https:\/\/liked.hu\/old\/wp-content\/uploads\/2024\/04\/Izlandi-maganyos-haz-013.webp 1080w, https:\/\/liked.hu\/old\/wp-content\/uploads\/2024\/04\/Izlandi-maganyos-haz-013-768x412.webp 768w\" sizes=\"(max-width: 1080px) 100vw, 1080px\" \/><\/figure>\n\n\n\n<p>Az Elli\u00f0aey nev\u0171 sziget egy szigetcsoport tagja, mely Izlandhoz tartozik.<\/p>\n\n\n\n<p>A Vestmannaeyjar egy vulkanikus eredet\u0171 szigetekb\u0151l \u00e1ll\u00f3 szigetcsoport. 18 szigete van, melyek k\u00f6z\u00fcl a legt\u00f6bb lakatlan. Azonban van egy sziget, amely meglehet\u0151sen figyelemre m\u00e9lt\u00f3.<\/p>\n\n\n\n<p>A sziget ter\u00fclete mind\u00f6ssze 0,45 n\u00e9gyzetkilom\u00e9ter. Ezen a t\u00e1voli, a civiliz\u00e1ci\u00f3t\u00f3l elszigetelt helyen tal\u00e1lhat\u00f3 ez a kis h\u00e1zik\u00f3. De ki \u00e9s mi\u00e9rt \u00e9p\u00edtette?<\/p>\n\n\n\n\n<div style=\"float:none;margin:0px 0 0px 0;text-align:center;\">\n<div class=\"mobileHideke5\"><div style=\"margin-top:25px;\"><div class=\"hirdeteshatter\"><div style=\"display: inline-block;width: 50%;min-width:305px;vertical-align: top;\"><div class=\"hirdetes\">HIRDET\u00c9S<\/div>\n<!-- LikedQ51 -->\n<ins class=\"adsbygoogle\"\n     style=\"display:inline-block;width:300px;height:250px\"\n     data-ad-client=\"ca-pub-9424088931673893\"\n     data-ad-slot=\"8284063326\"><\/ins>\n<script async>\n     (adsbygoogle = window.adsbygoogle || []).push({});\n<\/script><\/div><div style=\"display: inline-block;width: 50%;min-width:305px;vertical-align: top;\"><div class=\"hirdetes\">HIRDET\u00c9S<\/div>\n<!-- LikedQ52 -->\n<ins class=\"adsbygoogle\"\n     style=\"display:inline-block;width:300px;height:250px\"\n     data-ad-client=\"ca-pub-9424088931673893\"\n     data-ad-slot=\"2840164950\"><\/ins>\n<script async>\n     (adsbygoogle = window.adsbygoogle || []).push({});\n<\/script><\/div><\/div><\/div><\/div>\n<div style=\"display:flex;flex-direction:column;\"><div class=\"mobileShowka5\"><div style=\"padding-top:10px;padding-bottom:10px;min-height: 300px;\"><div class=\"hirdetes\">HIRDET\u00c9S<\/div>\n<!-- LikedQ5M -->\n<ins class=\"adsbygoogle\"\n     style=\"display:inline-block;width:300px;height:250px\"\n     data-ad-client=\"ca-pub-9424088931673893\"\n     data-ad-slot=\"9022429928\"><\/ins>\n<script async>\n     (adsbygoogle = window.adsbygoogle || []).push({});\n<\/script><\/div><\/div><\/div><\/div>\n\n\n\n\n<figure class=\"wp-block-image size-full\"><img loading=\"lazy\" width=\"640\" height=\"427\" src=\"https:\/\/liked.hu\/old\/wp-content\/uploads\/2024\/04\/Izlandi-maganyos-haz-014.webp\" alt=\"Izlandi mag\u00e1nyos h\u00e1z 014\" class=\"wp-image-333821\"\/><\/figure>\n\n\n\n<p>Ez a h\u00e1zik\u00f3 egy vad\u00e1szh\u00e1z. Az Elli\u00f0aey Vad\u00e1szsz\u00f6vets\u00e9g tagjai \u00e9p\u00edtett\u00e9k 1953-ban. Ez a vad\u00e1szh\u00e1z az egyetlen \u00e9p\u00fclet, ami megmaradt ezen a szigeten. De nem mindig volt ez \u00edgy.<\/p>\n\n\n\n<p>H\u00e1romsz\u00e1z \u00e9vvel ezel\u0151tt \u00f6t csal\u00e1d \u00e9lt itt Elli\u00f0aey-n. \u00d6t k\u00fcl\u00f6n kunyh\u00f3ban laktak. Vad\u00e1szattal \u00e9s hal\u00e1szattal biztos\u00edtott\u00e1k a meg\u00e9lhet\u00e9s\u00fcket. S\u0151t, m\u00e9g \u00e1llatot is tartottak &#8211; a helyi legel\u0151k elegend\u0151 t\u00e1pl\u00e1l\u00e9kot biztos\u00edtottak n\u00e9h\u00e1ny \u00e1llat sz\u00e1m\u00e1ra.<\/p>\n\n\n\n<p>A sziget utols\u00f3 lak\u00f3i az 1930-as \u00e9vekben t\u00e1voztak innen.<\/p>\n\n\n\n<p>A h\u00e1zr\u00f3l k\u00e9sz\u00fclt fot\u00f3k m\u00e1r r\u00e9g\u00f3ta keringenek az interneten azzal a legend\u00e1val, hogy \u00e1ll\u00edt\u00f3lag itt \u00e9l a h\u00edres \u00e9nekesn\u0151, Bj\u00f6rk. Ez egy izlandi minisztereln\u00f6k egyik kijelent\u00e9s\u00e9hez kapcsol\u00f3dik, aki egyszer azt mondta, hogy az \u00e1llam hajland\u00f3 \u00e1tadni ezt a h\u00e1zat Bj\u00f6rknek, ha akarja. Az \u00e9nekesn\u0151 azonban nem mutatott k\u00fcl\u00f6n\u00f6sebb \u00e9rdekl\u0151d\u00e9st.<\/p>\n\n\n\n<figure class=\"wp-block-image size-full\"><img loading=\"lazy\" width=\"1200\" height=\"461\" src=\"https:\/\/liked.hu\/old\/wp-content\/uploads\/2024\/04\/Izlandi-maganyos-haz-012.webp\" alt=\"Izlandi mag\u00e1nyos h\u00e1z 012\" class=\"wp-image-333819\" srcset=\"https:\/\/liked.hu\/old\/wp-content\/uploads\/2024\/04\/Izlandi-maganyos-haz-012.webp 1200w, https:\/\/liked.hu\/old\/wp-content\/uploads\/2024\/04\/Izlandi-maganyos-haz-012-768x295.webp 768w\" sizes=\"(max-width: 1200px) 100vw, 1200px\" \/><\/figure>\n\n\n\n\n<div style=\"float:none;margin:0px 0 0px 0;text-align:center;\">\n<div class=\"mobileHideke8\"><div class=\"hirdeteshatter\"><div style=\"display: inline-block;width: 50%;min-width:340px;vertical-align: top;\"><div class=\"hirdetes\">HIRDET\u00c9S<\/div>\n<!-- LikedQ81 -->\n<ins class=\"adsbygoogle\"\n     style=\"display:inline-block;width:336px;height:280px\"\n     data-ad-client=\"ca-pub-9424088931673893\"\n     data-ad-slot=\"2436840276\"><\/ins>\n<script async>\n     (adsbygoogle = window.adsbygoogle || []).push({});\n<\/script><\/div><div style=\"display: inline-block;width: 50%;min-width:340px;vertical-align: top;\"><div class=\"hirdetes\">HIRDET\u00c9S<\/div>\n<!-- LikedQ82 -->\n<ins class=\"adsbygoogle\"\n     style=\"display:inline-block;width:336px;height:280px\"\n     data-ad-client=\"ca-pub-9424088931673893\"\n     data-ad-slot=\"3558350253\"><\/ins>\n<script async>\n     (adsbygoogle = window.adsbygoogle || []).push({});\n<\/script><\/div><\/div><\/div>\n<div style=\"display:flex;flex-direction:column;\"><div class=\"mobileShowka8 nyolc\"><div style=\"padding-top:15px;padding-bottom:5px;min-height: 300px;\"><div class=\"hirdetes\">HIRDET\u00c9S<\/div>\n<!-- LikedQ8M -->\n<ins class=\"adsbygoogle\"\n     style=\"display:inline-block;width:336px;height:280px\"\n     data-ad-client=\"ca-pub-9424088931673893\"\n     data-ad-slot=\"4679860235\"><\/ins>\n<script async>\n     (adsbygoogle = window.adsbygoogle || []).push({});\n<\/script><\/div><\/div><\/div><\/div>\n\n\n\n\n<h4>De kikre is vad\u00e1sztak az emberek ezen a l\u00e1tsz\u00f3lag \u00e9lettelen szigeten?<\/h4>\n\n\n\n<p>Nos \u00edme, \u0151k voltak a c\u00e9lpontok:<\/p>\n\n\n\n<figure class=\"wp-block-image size-full\"><img loading=\"lazy\" width=\"1200\" height=\"800\" src=\"https:\/\/liked.hu\/old\/wp-content\/uploads\/2024\/04\/Izlandi-maganyos-haz-011.webp\" alt=\"Izlandi mag\u00e1nyos h\u00e1z 011\" class=\"wp-image-333818\" srcset=\"https:\/\/liked.hu\/old\/wp-content\/uploads\/2024\/04\/Izlandi-maganyos-haz-011.webp 1200w, https:\/\/liked.hu\/old\/wp-content\/uploads\/2024\/04\/Izlandi-maganyos-haz-011-768x512.webp 768w\" sizes=\"(max-width: 1200px) 100vw, 1200px\" \/><\/figure>\n\n\n\n<p>A lund\u00e1k, b\u00e1r komikusnak \u00e9s \u00fcgyetlennek t\u0171nnek, val\u00f3j\u00e1ban nagyon gyorsan rep\u00fclnek. Legink\u00e1bb a f\u00e9szkel\u0151helyeiken lehet \u0151ket elejteni. Ezt a szigetet pedig k\u00fcl\u00f6n\u00f6sen kedvelik. \u00cdzletes h\u00fasuk, toj\u00e1saik \u00e9s gy\u00f6ny\u00f6r\u0171 tollazatuk van. Neh\u00e9z elk\u00e9pzelni, hogy hogyan lehet vad\u00e1szni egy ilyen aranyos teremt\u00e9sre. De az arktikus t\u00e9l \u00e9lelmiszerhi\u00e1ny\u00e1nak idej\u00e9n ez \u00e9rthet\u0151. Napjainkban, amikor b\u0151ven van \u00e9lelem, m\u00e1r nem ennyire egy\u00e9rtelm\u0171 a vad\u00e1szat l\u00e9tjogosults\u00e1ga.<\/p>\n\n\n\n<p>A lund\u00e1kat gyakran nagy h\u00e1l\u00f3val fogj\u00e1k, amikor a tengerben \u00fasznak.<\/p>\n\n\n\n<p>Ez a hely manaps\u00e1g az egyik legjobb lundavad\u00e1szter\u00fclet. Ez\u00e9rt rendszeresen l\u00e1togatnak ide az Elli\u00f0aey Vad\u00e1szsz\u00f6vets\u00e9g tagjai, hogy vad\u00e1sszanak.<\/p>\n\n\n\n<figure class=\"wp-block-image size-full\"><img loading=\"lazy\" width=\"615\" height=\"410\" src=\"https:\/\/liked.hu\/old\/wp-content\/uploads\/2024\/04\/Izlandi-maganyos-haz-010.webp\" alt=\"Izlandi mag\u00e1nyos h\u00e1z 010\" class=\"wp-image-333817\"\/><\/figure>\n\n\n\n<p>A h\u00e1z, b\u00e1r meghittnek t\u0171nik, minden k\u00e9nyelmi berendez\u00e9st n\u00e9lk\u00fcl\u00f6z. Nincs benne villany, internet (b\u00e1r a telefon n\u00e9ha fogja), vagy v\u00edzvezet\u00e9k. Viszont van szauna!<\/p>\n\n\n\n<p>A f\u0151z\u00e9shez, iv\u00e1shoz \u00e9s a szaun\u00e1hoz sz\u00fcks\u00e9ges vizet egy speci\u00e1lis es\u0151v\u00edzgy\u0171jt\u0151 rendszerrel szerzik be.<\/p>\n\n\n\n<p>A h\u00e1zat \u00e9rdekes m\u00f3don ker\u00edt\u00e9s \u00f6vezi! Val\u00f3sz\u00edn\u0171leg az\u00e9rt, hogy a lund\u00e1k nehogy ellent\u00e1mad\u00e1sba kezdhessenek, mik\u00f6zben a vad\u00e1szok b\u00e9k\u00e9sen szuny\u00f3k\u00e1lnak \u00e9jszaka.<\/p>\n","protected":false},"excerpt":{"rendered":"<p>Itt nincs gond a szomsz\u00e9dokkal.<\/p>\n","protected":false},"author":593,"featured_media":333816,"comment_status":"open","ping_status":"closed","sticky":false,"template":"","format":"standard","meta":{"buzzeditor_post_format":""},"categories":[23],"tags":[1027,1226,2420],"yoast_head":"<!-- This site is optimized with the Yoast SEO plugin v19.6.1 - https:\/\/yoast.com\/wordpress\/plugins\/seo\/ -->\n<title>Mag\u00e1nyos h\u00e1z egy hideg szigeten. Ki \u00e9p\u00edtette \u00e9s mi\u00e9rt?<\/title>\n<meta name=\"description\" content=\"Itt nincs gond a szomsz\u00e9dokkal.\" \/>\n<meta name=\"robots\" content=\"index, follow, max-snippet:-1, max-image-preview:large, max-video-preview:-1\" \/>\n<link rel=\"canonical\" href=\"https:\/\/liked.hu\/old\/erdekes\/maganyos-haz-egy-hideg-szigeten-ki-epitette-es-miert\/\" \/>\n<meta property=\"og:locale\" content=\"hu_HU\" \/>\n<meta property=\"og:type\" content=\"article\" \/>\n<meta property=\"og:title\" content=\"Mag\u00e1nyos h\u00e1z egy hideg szigeten. Ki \u00e9p\u00edtette \u00e9s mi\u00e9rt?\" \/>\n<meta property=\"og:description\" content=\"Itt nincs gond a szomsz\u00e9dokkal.\" \/>\n<meta property=\"og:url\" content=\"https:\/\/liked.hu\/old\/erdekes\/maganyos-haz-egy-hideg-szigeten-ki-epitette-es-miert\/\" \/>\n<meta property=\"og:site_name\" content=\"Liked.hu\" \/>\n<meta property=\"article:publisher\" content=\"https:\/\/www.facebook.com\/liked.hu\" \/>\n<meta property=\"article:published_time\" content=\"2024-04-21T01:25:52+00:00\" \/>\n<meta property=\"article:modified_time\" content=\"2024-04-21T01:25:55+00:00\" \/>\n<meta property=\"og:image\" content=\"https:\/\/liked.hu\/old\/wp-content\/uploads\/2024\/04\/Maganyos-haz.jpg\" \/>\n\t<meta property=\"og:image:width\" content=\"1200\" \/>\n\t<meta property=\"og:image:height\" content=\"630\" \/>\n\t<meta property=\"og:image:type\" content=\"image\/jpeg\" \/>\n<meta name=\"author\" content=\"timborcsa\" \/>\n<meta name=\"twitter:card\" content=\"summary\" \/>\n<meta name=\"twitter:creator\" content=\"@LikedHu\" \/>\n<meta name=\"twitter:site\" content=\"@LikedHu\" \/>\n<meta name=\"twitter:label1\" content=\"Szerz\u0151:\" \/>\n\t<meta name=\"twitter:data1\" content=\"timborcsa\" \/>\n\t<meta name=\"twitter:label2\" content=\"Becs\u00fclt olvas\u00e1si id\u0151\" \/>\n\t<meta name=\"twitter:data2\" content=\"3 perc\" \/>\n<script type=\"application\/ld+json\" class=\"yoast-schema-graph\">{\"@context\":\"https:\/\/schema.org\",\"@graph\":[{\"@type\":\"Article\",\"@id\":\"https:\/\/liked.hu\/old\/erdekes\/maganyos-haz-egy-hideg-szigeten-ki-epitette-es-miert\/#article\",\"isPartOf\":{\"@id\":\"https:\/\/liked.hu\/old\/erdekes\/maganyos-haz-egy-hideg-szigeten-ki-epitette-es-miert\/\"},\"author\":{\"name\":\"timborcsa\",\"@id\":\"https:\/\/liked.hu\/old\/#\/schema\/person\/cb264216a886031cc3fda23f0dcf78c4\"},\"headline\":\"Mag\u00e1nyos h\u00e1z egy hideg szigeten. Ki \u00e9p\u00edtette \u00e9s mi\u00e9rt?\",\"datePublished\":\"2024-04-21T01:25:52+00:00\",\"dateModified\":\"2024-04-21T01:25:55+00:00\",\"mainEntityOfPage\":{\"@id\":\"https:\/\/liked.hu\/old\/erdekes\/maganyos-haz-egy-hideg-szigeten-ki-epitette-es-miert\/\"},\"wordCount\":621,\"commentCount\":0,\"publisher\":{\"@id\":\"https:\/\/liked.hu\/old\/#organization\"},\"keywords\":[\"h\u00e1z\",\"izland\",\"sziget\"],\"articleSection\":[\"\u00c9rdekess\u00e9gek\"],\"inLanguage\":\"hu\",\"potentialAction\":[{\"@type\":\"CommentAction\",\"name\":\"Comment\",\"target\":[\"https:\/\/liked.hu\/old\/erdekes\/maganyos-haz-egy-hideg-szigeten-ki-epitette-es-miert\/#respond\"]}]},{\"@type\":\"WebPage\",\"@id\":\"https:\/\/liked.hu\/old\/erdekes\/maganyos-haz-egy-hideg-szigeten-ki-epitette-es-miert\/\",\"url\":\"https:\/\/liked.hu\/old\/erdekes\/maganyos-haz-egy-hideg-szigeten-ki-epitette-es-miert\/\",\"name\":\"Mag\u00e1nyos h\u00e1z egy hideg szigeten. Ki \u00e9p\u00edtette \u00e9s mi\u00e9rt?\",\"isPartOf\":{\"@id\":\"https:\/\/liked.hu\/old\/#website\"},\"datePublished\":\"2024-04-21T01:25:52+00:00\",\"dateModified\":\"2024-04-21T01:25:55+00:00\",\"description\":\"Itt nincs gond a szomsz\u00e9dokkal.\",\"breadcrumb\":{\"@id\":\"https:\/\/liked.hu\/old\/erdekes\/maganyos-haz-egy-hideg-szigeten-ki-epitette-es-miert\/#breadcrumb\"},\"inLanguage\":\"hu\",\"potentialAction\":[{\"@type\":\"ReadAction\",\"target\":[\"https:\/\/liked.hu\/old\/erdekes\/maganyos-haz-egy-hideg-szigeten-ki-epitette-es-miert\/\"]}]},{\"@type\":\"BreadcrumbList\",\"@id\":\"https:\/\/liked.hu\/old\/erdekes\/maganyos-haz-egy-hideg-szigeten-ki-epitette-es-miert\/#breadcrumb\",\"itemListElement\":[{\"@type\":\"ListItem\",\"position\":1,\"name\":\"Kezd\u0151lap\",\"item\":\"https:\/\/liked.hu\/old\/\"},{\"@type\":\"ListItem\",\"position\":2,\"name\":\"Mag\u00e1nyos h\u00e1z egy hideg szigeten. Ki \u00e9p\u00edtette \u00e9s mi\u00e9rt?\"}]},{\"@type\":\"WebSite\",\"@id\":\"https:\/\/liked.hu\/old\/#website\",\"url\":\"https:\/\/liked.hu\/old\/\",\"name\":\"Liked.hu\",\"description\":\"\",\"publisher\":{\"@id\":\"https:\/\/liked.hu\/old\/#organization\"},\"potentialAction\":[{\"@type\":\"SearchAction\",\"target\":{\"@type\":\"EntryPoint\",\"urlTemplate\":\"https:\/\/liked.hu\/old\/?s={search_term_string}\"},\"query-input\":\"required name=search_term_string\"}],\"inLanguage\":\"hu\"},{\"@type\":\"Organization\",\"@id\":\"https:\/\/liked.hu\/old\/#organization\",\"name\":\"Liked.hu\",\"url\":\"https:\/\/liked.hu\/old\/\",\"sameAs\":[\"https:\/\/hu.pinterest.com\/likedhungary\/\",\"https:\/\/www.youtube.com\/channel\/UCPv91dbMoIukYcM9b9nHN6Q\",\"https:\/\/www.facebook.com\/liked.hu\",\"https:\/\/twitter.com\/LikedHu\"],\"logo\":{\"@type\":\"ImageObject\",\"inLanguage\":\"hu\",\"@id\":\"https:\/\/liked.hu\/old\/#\/schema\/logo\/image\/\",\"url\":\"https:\/\/liked.hu\/wp-content\/uploads\/2018\/08\/Liked-icon.png\",\"contentUrl\":\"https:\/\/liked.hu\/wp-content\/uploads\/2018\/08\/Liked-icon.png\",\"width\":512,\"height\":512,\"caption\":\"Liked.hu\"},\"image\":{\"@id\":\"https:\/\/liked.hu\/old\/#\/schema\/logo\/image\/\"}},{\"@type\":\"Person\",\"@id\":\"https:\/\/liked.hu\/old\/#\/schema\/person\/cb264216a886031cc3fda23f0dcf78c4\",\"name\":\"timborcsa\",\"image\":{\"@type\":\"ImageObject\",\"inLanguage\":\"hu\",\"@id\":\"https:\/\/liked.hu\/old\/#\/schema\/person\/image\/\",\"url\":\"https:\/\/liked.hu\/old\/wp-content\/uploads\/avatars\/593\/604de87ccf8ae-bpfull.jpg\",\"contentUrl\":\"https:\/\/liked.hu\/old\/wp-content\/uploads\/avatars\/593\/604de87ccf8ae-bpfull.jpg\",\"caption\":\"timborcsa\"},\"url\":\"https:\/\/liked.hu\/old\/u\/timborcsa\/\"}]}<\/script>\n<!-- \/ Yoast SEO plugin. -->","yoast_head_json":{"title":"Mag\u00e1nyos h\u00e1z egy hideg szigeten. Ki \u00e9p\u00edtette \u00e9s mi\u00e9rt?","description":"Itt nincs gond a szomsz\u00e9dokkal.","robots":{"index":"index","follow":"follow","max-snippet":"max-snippet:-1","max-image-preview":"max-image-preview:large","max-video-preview":"max-video-preview:-1"},"canonical":"https:\/\/liked.hu\/old\/erdekes\/maganyos-haz-egy-hideg-szigeten-ki-epitette-es-miert\/","og_locale":"hu_HU","og_type":"article","og_title":"Mag\u00e1nyos h\u00e1z egy hideg szigeten. Ki \u00e9p\u00edtette \u00e9s mi\u00e9rt?","og_description":"Itt nincs gond a szomsz\u00e9dokkal.","og_url":"https:\/\/liked.hu\/old\/erdekes\/maganyos-haz-egy-hideg-szigeten-ki-epitette-es-miert\/","og_site_name":"Liked.hu","article_publisher":"https:\/\/www.facebook.com\/liked.hu","article_published_time":"2024-04-21T01:25:52+00:00","article_modified_time":"2024-04-21T01:25:55+00:00","og_image":[{"width":1200,"height":630,"url":"https:\/\/liked.hu\/old\/wp-content\/uploads\/2024\/04\/Maganyos-haz.jpg","type":"image\/jpeg"}],"author":"timborcsa","twitter_card":"summary","twitter_creator":"@LikedHu","twitter_site":"@LikedHu","twitter_misc":{"Szerz\u0151:":"timborcsa","Becs\u00fclt olvas\u00e1si id\u0151":"3 perc"},"schema":{"@context":"https:\/\/schema.org","@graph":[{"@type":"Article","@id":"https:\/\/liked.hu\/old\/erdekes\/maganyos-haz-egy-hideg-szigeten-ki-epitette-es-miert\/#article","isPartOf":{"@id":"https:\/\/liked.hu\/old\/erdekes\/maganyos-haz-egy-hideg-szigeten-ki-epitette-es-miert\/"},"author":{"name":"timborcsa","@id":"https:\/\/liked.hu\/old\/#\/schema\/person\/cb264216a886031cc3fda23f0dcf78c4"},"headline":"Mag\u00e1nyos h\u00e1z egy hideg szigeten. Ki \u00e9p\u00edtette \u00e9s mi\u00e9rt?","datePublished":"2024-04-21T01:25:52+00:00","dateModified":"2024-04-21T01:25:55+00:00","mainEntityOfPage":{"@id":"https:\/\/liked.hu\/old\/erdekes\/maganyos-haz-egy-hideg-szigeten-ki-epitette-es-miert\/"},"wordCount":621,"commentCount":0,"publisher":{"@id":"https:\/\/liked.hu\/old\/#organization"},"keywords":["h\u00e1z","izland","sziget"],"articleSection":["\u00c9rdekess\u00e9gek"],"inLanguage":"hu","potentialAction":[{"@type":"CommentAction","name":"Comment","target":["https:\/\/liked.hu\/old\/erdekes\/maganyos-haz-egy-hideg-szigeten-ki-epitette-es-miert\/#respond"]}]},{"@type":"WebPage","@id":"https:\/\/liked.hu\/old\/erdekes\/maganyos-haz-egy-hideg-szigeten-ki-epitette-es-miert\/","url":"https:\/\/liked.hu\/old\/erdekes\/maganyos-haz-egy-hideg-szigeten-ki-epitette-es-miert\/","name":"Mag\u00e1nyos h\u00e1z egy hideg szigeten. Ki \u00e9p\u00edtette \u00e9s mi\u00e9rt?","isPartOf":{"@id":"https:\/\/liked.hu\/old\/#website"},"datePublished":"2024-04-21T01:25:52+00:00","dateModified":"2024-04-21T01:25:55+00:00","description":"Itt nincs gond a szomsz\u00e9dokkal.","breadcrumb":{"@id":"https:\/\/liked.hu\/old\/erdekes\/maganyos-haz-egy-hideg-szigeten-ki-epitette-es-miert\/#breadcrumb"},"inLanguage":"hu","potentialAction":[{"@type":"ReadAction","target":["https:\/\/liked.hu\/old\/erdekes\/maganyos-haz-egy-hideg-szigeten-ki-epitette-es-miert\/"]}]},{"@type":"BreadcrumbList","@id":"https:\/\/liked.hu\/old\/erdekes\/maganyos-haz-egy-hideg-szigeten-ki-epitette-es-miert\/#breadcrumb","itemListElement":[{"@type":"ListItem","position":1,"name":"Kezd\u0151lap","item":"https:\/\/liked.hu\/old\/"},{"@type":"ListItem","position":2,"name":"Mag\u00e1nyos h\u00e1z egy hideg szigeten. Ki \u00e9p\u00edtette \u00e9s mi\u00e9rt?"}]},{"@type":"WebSite","@id":"https:\/\/liked.hu\/old\/#website","url":"https:\/\/liked.hu\/old\/","name":"Liked.hu","description":"","publisher":{"@id":"https:\/\/liked.hu\/old\/#organization"},"potentialAction":[{"@type":"SearchAction","target":{"@type":"EntryPoint","urlTemplate":"https:\/\/liked.hu\/old\/?s={search_term_string}"},"query-input":"required name=search_term_string"}],"inLanguage":"hu"},{"@type":"Organization","@id":"https:\/\/liked.hu\/old\/#organization","name":"Liked.hu","url":"https:\/\/liked.hu\/old\/","sameAs":["https:\/\/hu.pinterest.com\/likedhungary\/","https:\/\/www.youtube.com\/channel\/UCPv91dbMoIukYcM9b9nHN6Q","https:\/\/www.facebook.com\/liked.hu","https:\/\/twitter.com\/LikedHu"],"logo":{"@type":"ImageObject","inLanguage":"hu","@id":"https:\/\/liked.hu\/old\/#\/schema\/logo\/image\/","url":"https:\/\/liked.hu\/wp-content\/uploads\/2018\/08\/Liked-icon.png","contentUrl":"https:\/\/liked.hu\/wp-content\/uploads\/2018\/08\/Liked-icon.png","width":512,"height":512,"caption":"Liked.hu"},"image":{"@id":"https:\/\/liked.hu\/old\/#\/schema\/logo\/image\/"}},{"@type":"Person","@id":"https:\/\/liked.hu\/old\/#\/schema\/person\/cb264216a886031cc3fda23f0dcf78c4","name":"timborcsa","image":{"@type":"ImageObject","inLanguage":"hu","@id":"https:\/\/liked.hu\/old\/#\/schema\/person\/image\/","url":"https:\/\/liked.hu\/old\/wp-content\/uploads\/avatars\/593\/604de87ccf8ae-bpfull.jpg","contentUrl":"https:\/\/liked.hu\/old\/wp-content\/uploads\/avatars\/593\/604de87ccf8ae-bpfull.jpg","caption":"timborcsa"},"url":"https:\/\/liked.hu\/old\/u\/timborcsa\/"}]}},"publishpress_future_action":{"enabled":false,"date":"1970-01-01 01:00:00","action":"","terms":[],"taxonomy":"","browser_timezone_offset":0},"_links":{"self":[{"href":"https:\/\/liked.hu\/old\/wp-json\/wp\/v2\/posts\/333815"}],"collection":[{"href":"https:\/\/liked.hu\/old\/wp-json\/wp\/v2\/posts"}],"about":[{"href":"https:\/\/liked.hu\/old\/wp-json\/wp\/v2\/types\/post"}],"author":[{"embeddable":true,"href":"https:\/\/liked.hu\/old\/wp-json\/wp\/v2\/users\/593"}],"replies":[{"embeddable":true,"href":"https:\/\/liked.hu\/old\/wp-json\/wp\/v2\/comments?post=333815"}],"version-history":[{"count":0,"href":"https:\/\/liked.hu\/old\/wp-json\/wp\/v2\/posts\/333815\/revisions"}],"wp:featuredmedia":[{"embeddable":true,"href":"https:\/\/liked.hu\/old\/wp-json\/wp\/v2\/media\/333816"}],"wp:attachment":[{"href":"https:\/\/liked.hu\/old\/wp-json\/wp\/v2\/media?parent=333815"}],"wp:term":[{"taxonomy":"category","embeddable":true,"href":"https:\/\/liked.hu\/old\/wp-json\/wp\/v2\/categories?post=333815"},{"taxonomy":"post_tag","embeddable":true,"href":"https:\/\/liked.hu\/old\/wp-json\/wp\/v2\/tags?post=333815"}],"curies":[{"name":"wp","href":"https:\/\/api.w.org\/{rel}","templated":true}]}}