{"id":332839,"date":"2024-04-16T12:23:07","date_gmt":"2024-04-16T11:23:07","guid":{"rendered":"https:\/\/liked.hu\/old\/?p=332839"},"modified":"2024-04-16T12:26:06","modified_gmt":"2024-04-16T11:26:06","slug":"10-hihetetlen-teny-az-europai-mult-hagyomanyairol","status":"publish","type":"post","link":"https:\/\/liked.hu\/old\/erdekes\/10-hihetetlen-teny-az-europai-mult-hagyomanyairol\/","title":{"rendered":"10 hihetetlen t\u00e9ny az eur\u00f3pai m\u00falt hagyom\u00e1nyair\u00f3l"},"content":{"rendered":"\n<p>Az emberek gyakran \u00fagy v\u00e9lik, hogy a vil\u00e1g egyre \u0151r\u00fcltebb\u00e9 v\u00e1lik \u00e9s sz\u00e9pen lassan megbolondul. A mai politikusok, szt\u00e1rok \u00e9s \u00e1tlagemberek is gyakran hoznak megmagyar\u00e1zhatatlan, ostoba \u00e9s egyenesen vesz\u00e9lyes d\u00f6nt\u00e9seket.<\/p>\n\n\n\n\n<div style=\"float:none;margin:0px 0 0px 0;text-align:center;\">\n<div class=\"mobileShowkakettes\"><div class=\"mobileShowka2\"><div style=\"padding-top:0px;padding-bottom:15px;min-height: 300px;\"><div class=\"hirdetes\">HIRDET\u00c9S<\/div>\n<!-- 300lista -->\n<ins class=\"adsbygoogle\"\n     style=\"display:inline-block;width:300px;height:250px\"\n     data-ad-client=\"ca-pub-9424088931673893\"\n     data-ad-slot=\"8471340766\"><\/ins>\n<script async>\n     (adsbygoogle = window.adsbygoogle || []).push({});\n<\/script><\/div><\/div><\/div><\/div>\n\n\n\n\n<p>Azonban a val\u00f3s\u00e1gban, ha a 21. sz\u00e1zadi embereket \u00f6sszehasonl\u00edtjuk a r\u00e9gm\u00falt id\u0151k politikusaival, uralkod\u00f3ival \u00e9s \u00e1tlagembereivel, r\u00e1j\u00f6v\u00fcnk, hogy hozz\u00e1juk k\u00e9pest a j\u00f3zan \u00e9sz \u00e9s a civiliz\u00e1lts\u00e1g mintap\u00e9ld\u00e1i. Ez persze csak az\u00e9rt t\u00f6rt\u00e9nhet meg, mert a t\u00f6rt\u00e9nelem tele van furcsa esem\u00e9nyekkel \u00e9s tettekkel, amikr\u0151l most mes\u00e9lni fogok nektek.<\/p>\n\n\n\n<h4>10. XIV. Lajos \u00e9s az \u00faj divat<\/h4>\n\n\n\n<figure class=\"wp-block-image size-full\"><img loading=\"lazy\" width=\"1080\" height=\"1007\" src=\"https:\/\/liked.hu\/old\/wp-content\/uploads\/2024\/04\/Kozepkori-europai-furcsasagok-020.webp\" alt=\"K\u00f6z\u00e9pkori eur\u00f3pai furcsas\u00e1gok 020\" class=\"wp-image-332852\" srcset=\"https:\/\/liked.hu\/old\/wp-content\/uploads\/2024\/04\/Kozepkori-europai-furcsasagok-020.webp 1080w, https:\/\/liked.hu\/old\/wp-content\/uploads\/2024\/04\/Kozepkori-europai-furcsasagok-020-768x716.webp 768w\" sizes=\"(max-width: 1080px) 100vw, 1080px\" \/><\/figure>\n\n\n\n<p>A kort\u00e1rsak szerint XIV. Lajos francia kir\u00e1ly Eur\u00f3pa egyik legpiszkosabb uralkod\u00f3ja volt. A fennmaradt inform\u00e1ci\u00f3k alapj\u00e1n \u00e9lete sor\u00e1n mind\u00f6ssze k\u00e9tszer mosdott meg, \u00e9s egyszer \u00e9rintkezett v\u00edzzel a keresztel\u00e9sekor. Ezzel szemben bel\u00fclr\u0151l ann\u00e1l tiszt\u00e1bb volt: f\u00e9l \u00e9ven bel\u00fcl t\u00f6bb mint 200 alkalommal kapott be\u00f6nt\u00e9st, amiket kifejezetten \u00e9lvezett is!<\/p>\n\n\n\n<p>Annyi biztos, hogy a kir\u00e1ly \u00e9let\u00e9nek egy pontj\u00e1n val\u00f3ban borzalmas szaga volt. Ennek oka az volt, hogy XIV. Lajosnak <a href=\"https:\/\/hu.wikipedia.org\/wiki\/V%C3%A9gb%C3%A9lsipoly\" target=\"_blank\" rel=\"noreferrer noopener\">v\u00e9gb\u00e9lsipolya<\/a> volt &#8211; an\u00e9lk\u00fcl, hogy belemenn\u00e9nk a r\u00e9szletekbe, ez a v\u00e9gb\u00e9l \u00e9s a v\u00e9gb\u00e9lny\u00edl\u00e1s s\u00falyos gyullad\u00e1sa, ami miatt nagyon szenvedett. A szag nem a mosdatlans\u00e1g\u00e1nak volt k\u00f6sz\u00f6nhet\u0151, hanem&#8230; h\u00e1t, \u00e9rtitek.<\/p>\n\n\n\n<figure class=\"wp-block-image size-full\"><img loading=\"lazy\" width=\"1193\" height=\"796\" src=\"https:\/\/liked.hu\/old\/wp-content\/uploads\/2024\/04\/Kozepkori-europai-furcsasagok-019.webp\" alt=\"K\u00f6z\u00e9pkori eur\u00f3pai furcsas\u00e1gok 019\" class=\"wp-image-332851\" srcset=\"https:\/\/liked.hu\/old\/wp-content\/uploads\/2024\/04\/Kozepkori-europai-furcsasagok-019.webp 1193w, https:\/\/liked.hu\/old\/wp-content\/uploads\/2024\/04\/Kozepkori-europai-furcsasagok-019-768x512.webp 768w\" sizes=\"(max-width: 1193px) 100vw, 1193px\" \/><\/figure>\n\n\n\n<p>A kir\u00e1ly kipr\u00f3b\u00e1lt tucatnyi ken\u0151cs\u00f6t, de csak egy m\u0171t\u00e9t szabad\u00edtotta meg a francia fels\u00e9get a kellemetlen betegs\u00e9gt\u0151l. Mivel a m\u0171t\u00e9tet primit\u00edv eszk\u00f6z\u00f6kkel v\u00e9gezt\u00e9k, \u00e9s a sterilit\u00e1ssal is gondok ad\u00f3dtak, a sz\u00f6vetek gy\u00f3gyul\u00e1sa jelent\u0151sen elh\u00faz\u00f3dott. Ez\u00e9rt XIV. Lajosnak sok\u00e1ig &#8222;nadr\u00e1g n\u00e9lk\u00fcl&#8221; kellett j\u00e1rnia, egyetlen k\u00f6t\u00e9ssel a s\u00e9r\u00fclt testr\u00e9sz\u00e9n.<\/p>\n\n\n\n<p>A nem t\u00fal okos udvaroncok, amikor \u00e9szrevett\u00e9k a kir\u00e1ly &#8222;k\u00fcl\u00f6nleges&#8221; \u00f6lt\u00f6zk\u00f6d\u00e9s\u00e9t, elkezdt\u00e9k ut\u00e1nozni a versailles-i divatot, \u00e9s \u0151k is bek\u00f6t\u00f6tt\u00e9k a h\u00e1ts\u00f3jukat. Ennek k\u00f6vetkezt\u00e9ben egy ideig szinte az \u00f6sszes f\u00e9rfi\u00fanemes b\u00fcszk\u00e9n mutogatta egym\u00e1snak a hasonl\u00f3 k\u00f6t\u00e9seiket, fogalmuk sem volt r\u00f3la, hogy mire szolg\u00e1lnak val\u00f3j\u00e1ban a h\u00f3feh\u00e9r anyagok \u00e9s p\u00f3ly\u00e1k.<\/p>\n\n\n\n<h4>9. A lovagok hal\u00e1la a p\u00f6ceg\u00f6d\u00f6rben<\/h4>\n\n\n\n<p>A lovagrend a k\u00f6z\u00e9pkor k\u00fcl\u00f6nleges k\u00f6z\u00f6ss\u00e9ge volt, ahov\u00e1 csak a legkiv\u00e1l\u00f3bb harcosok l\u00e9phettek be. B\u00e1rmelyik eur\u00f3pai \u00e1llam sz\u00e1m\u00e1ra trag\u00e9di\u00e1nak sz\u00e1m\u00edtott volna, ha csat\u00e1ban elvesz\u00edt n\u00e9h\u00e1ny tucat kik\u00e9pzett \u00e9s felszerelt lovagot.<\/p>\n\n\n\n<figure class=\"wp-block-image size-full\"><img loading=\"lazy\" width=\"900\" height=\"706\" src=\"https:\/\/liked.hu\/old\/wp-content\/uploads\/2024\/04\/Kozepkori-europai-furcsasagok-018.webp\" alt=\"K\u00f6z\u00e9pkori eur\u00f3pai furcsas\u00e1gok 018\" class=\"wp-image-332850\" srcset=\"https:\/\/liked.hu\/old\/wp-content\/uploads\/2024\/04\/Kozepkori-europai-furcsasagok-018.webp 900w, https:\/\/liked.hu\/old\/wp-content\/uploads\/2024\/04\/Kozepkori-europai-furcsasagok-018-768x602.webp 768w\" sizes=\"(max-width: 900px) 100vw, 900px\" \/><\/figure>\n\n\n\n<p>Azonban 1184-ben, a 12. sz\u00e1zadi N\u00e9metorsz\u00e1gban 60 lovag egyszerre lelte hal\u00e1l\u00e1t, miut\u00e1n belefulladtak egy p\u00f6ceg\u00f6d\u00f6rbe. Ennek oka az volt, hogy abban az id\u0151ben sok er\u0151d\u00edtm\u00e9nyt \u00e9s nagy k\u0151\u00e9p\u00fcletet \u00f3ri\u00e1si g\u00f6dr\u00f6k f\u00f6l\u00e9 \u00e9p\u00edtettek, amiket az emberi hullad\u00e9k t\u00e1rol\u00e1s\u00e1ra haszn\u00e1ltak.<\/p>\n\n\n\n<p>Ekkoriban, az Erfurti Szent P\u00e9ter-templom t\u00f6bb mint 100 lovag \u00e9s nemes gy\u0171lt \u00f6ssze t\u00e1rgyal\u00e1sokra, hogy megoldjanak n\u00e9h\u00e1ny probl\u00e9m\u00e1t \u00e9s bels\u0151 visz\u00e1lyt. A hagyom\u00e1nyok szerint a meg\u00e1llapod\u00e1sokat egy hatalmas lakom\u00e1val \u00fcnnepelt\u00e9k volna meg. De jaj! A lakom\u00e1hoz kijel\u00f6lt terem padl\u00f3ja beszakadt, \u00e9s az \u00f6sszes t\u00e1rgyal\u00f3 \u00e9s diplomata a p\u00f6ceg\u00f6d\u00f6rbe zuhant, ahol \u00e9vek \u00f3ta gy\u0171lt az emberi hullad\u00e9k.<\/p>\n\n\n\n<p>A 60 legnevesebb \u00e9s leger\u0151sebb eur\u00f3pai f\u00e9rfi egyszer\u0171en k\u00e9ptelen volt kim\u00e1szni a sz\u00f6rny\u0171 helyzetb\u0151l. Ez a piszkos \u00e9s tragikus baleset a t\u00f6rt\u00e9nelembe &#8222;Az erfurti latrina-katasztr\u00f3fa&#8221; n\u00e9ven vonult be.<\/p>\n\n\n\n\n<div style=\"float:none;margin:0px 0 0px 0;text-align:center;\">\n<div class=\"mobileHideke5\"><div style=\"margin-top:25px;\"><div class=\"hirdeteshatter\"><div style=\"display: inline-block;width: 50%;min-width:305px;vertical-align: top;\"><div class=\"hirdetes\">HIRDET\u00c9S<\/div>\n<!-- LikedQ51 -->\n<ins class=\"adsbygoogle\"\n     style=\"display:inline-block;width:300px;height:250px\"\n     data-ad-client=\"ca-pub-9424088931673893\"\n     data-ad-slot=\"8284063326\"><\/ins>\n<script async>\n     (adsbygoogle = window.adsbygoogle || []).push({});\n<\/script><\/div><div style=\"display: inline-block;width: 50%;min-width:305px;vertical-align: top;\"><div class=\"hirdetes\">HIRDET\u00c9S<\/div>\n<!-- LikedQ52 -->\n<ins class=\"adsbygoogle\"\n     style=\"display:inline-block;width:300px;height:250px\"\n     data-ad-client=\"ca-pub-9424088931673893\"\n     data-ad-slot=\"2840164950\"><\/ins>\n<script async>\n     (adsbygoogle = window.adsbygoogle || []).push({});\n<\/script><\/div><\/div><\/div><\/div>\n<div style=\"display:flex;flex-direction:column;\"><div class=\"mobileShowka5\"><div style=\"padding-top:10px;padding-bottom:10px;min-height: 300px;\"><div class=\"hirdetes\">HIRDET\u00c9S<\/div>\n<!-- LikedQ5M -->\n<ins class=\"adsbygoogle\"\n     style=\"display:inline-block;width:300px;height:250px\"\n     data-ad-client=\"ca-pub-9424088931673893\"\n     data-ad-slot=\"9022429928\"><\/ins>\n<script async>\n     (adsbygoogle = window.adsbygoogle || []).push({});\n<\/script><\/div><\/div><\/div><\/div>\n\n\n\n\n<h4>8. Victor Hugo k\u00fcl\u00f6nleges tehets\u00e9ge<\/h4>\n\n\n\n<p>A h\u00edres francia \u00edr\u00f3, Victor Hugo gyakran a bord\u00e9lyh\u00e1zakban kereste az ihletet. A fennmaradt inform\u00e1ci\u00f3k alapj\u00e1n m\u00e9g a feles\u00e9ge is beleegyezett abba, hogy a t\u00fals\u00e1gosan &#8222;szeretet\u00e9hes&#8221; f\u00e9rje rendszeresen l\u00e1togassa ezeket a &#8222;sz\u00f3rakoz\u00f3helyeket&#8221;.<\/p>\n\n\n\n<figure class=\"wp-block-image size-full\"><img loading=\"lazy\" width=\"1200\" height=\"921\" src=\"https:\/\/liked.hu\/old\/wp-content\/uploads\/2024\/04\/Kozepkori-europai-furcsasagok-017.webp\" alt=\"K\u00f6z\u00e9pkori eur\u00f3pai furcsas\u00e1gok 017\" class=\"wp-image-332849\" srcset=\"https:\/\/liked.hu\/old\/wp-content\/uploads\/2024\/04\/Kozepkori-europai-furcsasagok-017.webp 1200w, https:\/\/liked.hu\/old\/wp-content\/uploads\/2024\/04\/Kozepkori-europai-furcsasagok-017-768x589.webp 768w\" sizes=\"(max-width: 1200px) 100vw, 1200px\" \/><\/figure>\n\n\n\n<p>Maga Hugo sem utas\u00edtotta vissza a lehet\u0151s\u00e9get. \u00cdgy feln\u0151tt \u00e9lete nagy r\u00e9sz\u00e9t, eg\u00e9szen 83 \u00e9ves kor\u00e1ig folyamatosan prostitu\u00e1ltakkal t\u00f6lt\u00f6tte, akiket nemcsak a figyelm\u00e9vel, de jelent\u0151s aj\u00e1nd\u00e9kokkal is jutalmazott.<\/p>\n\n\n\n<p>A korabeli h\u00edrek \u00e9s nekrol\u00f3gok szerint amikor Victor Hugo 1885-ben elhunyt, tisztelet\u00e9re, a nagy \u00edr\u00f3 eml\u00e9k\u00e9re P\u00e1rizsban az \u00f6sszes bord\u00e9lyh\u00e1zat bez\u00e1rt\u00e1k a gy\u00e1sz jelek\u00e9nt, mint a legodaad\u00f3bb vend\u00e9g ir\u00e1nti tisztelet jele.<\/p>\n\n\n\n<h4>7. II. K\u00e1roly bossz\u00faja a halottakon<\/h4>\n\n\n\n<figure class=\"wp-block-image size-full\"><img loading=\"lazy\" width=\"952\" height=\"1200\" src=\"https:\/\/liked.hu\/old\/wp-content\/uploads\/2024\/04\/Kozepkori-europai-furcsasagok-016.webp\" alt=\"K\u00f6z\u00e9pkori eur\u00f3pai furcsas\u00e1gok 016\" class=\"wp-image-332848\" srcset=\"https:\/\/liked.hu\/old\/wp-content\/uploads\/2024\/04\/Kozepkori-europai-furcsasagok-016.webp 952w, https:\/\/liked.hu\/old\/wp-content\/uploads\/2024\/04\/Kozepkori-europai-furcsasagok-016-768x968.webp 768w\" sizes=\"(max-width: 952px) 100vw, 952px\" \/><\/figure>\n\n\n\n<p>II. K\u00e1roly, Anglia egyik vitatott uralkod\u00f3ja, annyira haragudott apja ellens\u00e9geire, hogy miut\u00e1n tr\u00f3nra l\u00e9pett a sz\u00e1m\u0171zet\u00e9sb\u0151l val\u00f3 visszat\u00e9r\u00e9s\u00e9t k\u00f6vet\u0151en, azonnal 59 elhunyt nemesember kihantol\u00e1s\u00e1t rendelte el, akik al\u00e1\u00edrt\u00e1k az el\u0151dje, I. K\u00e1roly kiv\u00e9gz\u00e9s\u00e9r\u0151l sz\u00f3l\u00f3 rendeletet. A kihantol\u00e1s ut\u00e1n az \u00faj uralkod\u00f3 kiv\u00e9geztette a holttesteket. M\u00e1s sz\u00f3val, hal\u00e1lra \u00edt\u00e9lte \u0151ket m\u00e1sodszor is.<\/p>\n\n\n\n<p>K\u00fcl\u00f6n\u00f6sen kem\u00e9nyen b\u00e1nt a h\u00edrhedt angol nemesemberrel, Cromwell-lel, akinek holttest\u00e9t ki\u00e1st\u00e1k \u00e9s a t\u00e9ren lefejezt\u00e9k, a kiv\u00e9gz\u00e9sek \u00f6sszes szab\u00e1lya szerint, int\u0151 jelk\u00e9nt az angol kir\u00e1ly t\u00f6bbi ellens\u00e9ge sz\u00e1m\u00e1ra. A szeg\u00e9ny nemesember fej\u00e9t majdnem 30 \u00e9vig tartott\u00e1k egy kar\u00f3ra t\u0171zve a Westminster Hallban, elrettent\u00e9s\u00fcl.<\/p>\n\n\n\n\n<div style=\"float:none;margin:0px 0 0px 0;text-align:center;\">\n<div class=\"mobileHideke8\"><div style=\"margin-top:25px;\"><div class=\"hirdeteshatter\"><div style=\"display: inline-block;width: 50%;min-width:340px;vertical-align: top;\"><div class=\"hirdetes\">HIRDET\u00c9S<\/div>\n<!-- Liked7Q1 -->\n<ins class=\"adsbygoogle\"\n     style=\"display:inline-block;width:336px;height:280px\"\n     data-ad-client=\"ca-pub-9424088931673893\"\n     data-ad-slot=\"3022062587\"><\/ins>\n<script async>\n     (adsbygoogle = window.adsbygoogle || []).push({});\n<\/script><\/div><div style=\"display: inline-block;width: 50%;min-width:340px;vertical-align: top;\"><div class=\"hirdetes\">HIRDET\u00c9S<\/div>\n<!-- Liked7Q2 -->\n<ins class=\"adsbygoogle\"\n     style=\"display:inline-block;width:336px;height:280px\"\n     data-ad-client=\"ca-pub-9424088931673893\"\n     data-ad-slot=\"3952000871\"><\/ins>\n<script async>\n     (adsbygoogle = window.adsbygoogle || []).push({});\n<\/script><\/div><\/div><\/div><\/div>\n<div style=\"display:flex;flex-direction:column;\"><div class=\"mobileShowka8\"><div style=\"padding-top:15px;margin-bottom:15px;min-height: 300px;\"><div class=\"hirdetes\">HIRDET\u00c9S<\/div>\n<!-- Liked7QMobil -->\n<ins class=\"adsbygoogle\"\n     style=\"display:inline-block;width:336px;height:280px\"\n     data-ad-client=\"ca-pub-9424088931673893\"\n     data-ad-slot=\"5073510857\"><\/ins>\n<script async>\n     (adsbygoogle = window.adsbygoogle || []).push({});\n<\/script><\/div><\/div><\/div><\/div>\n\n\n\n\n<h4>6. Adolf Hitler \u00e9s a meteorizmus<\/h4>\n\n\n\n<p>A kort\u00e1rsak visszaeml\u00e9kez\u00e9sei alapj\u00e1n a n\u00e1ci N\u00e9metorsz\u00e1g vezet\u0151je, Adolf Hitler hihetetlen\u00fcl gonosz term\u00e9szet\u0171 volt, ami miatt a legodaad\u00f3bb beosztottjai is megkapt\u00e1k a maguk\u00e9t. Term\u00e9szetesen szerepet j\u00e1tszott ebben az is, hogy nem fogadt\u00e1k el tehets\u00e9ges osztr\u00e1k m\u0171v\u00e9szk\u00e9nt, a kudarcok minden fronton \u00e9rt\u00e9k \u0151t: a &#8222;F\u00fchrer&#8221; legk\u00f6zelebbi k\u00f6rnyezet\u00e9nek besz\u00e1mol\u00f3i alapj\u00e1n a n\u00e9met vezet\u0151 sz\u00f6rny\u0171, kontroll\u00e1latlan meteorizmusban (haspuffad\u00e1s) szenvedett.<\/p>\n\n\n\n<figure class=\"wp-block-image size-full\"><img loading=\"lazy\" width=\"1050\" height=\"591\" src=\"https:\/\/liked.hu\/old\/wp-content\/uploads\/2024\/04\/Kozepkori-europai-furcsasagok-015.webp\" alt=\"K\u00f6z\u00e9pkori eur\u00f3pai furcsas\u00e1gok 015\" class=\"wp-image-332847\" srcset=\"https:\/\/liked.hu\/old\/wp-content\/uploads\/2024\/04\/Kozepkori-europai-furcsasagok-015.webp 1050w, https:\/\/liked.hu\/old\/wp-content\/uploads\/2024\/04\/Kozepkori-europai-furcsasagok-015-768x432.webp 768w\" sizes=\"(max-width: 1050px) 100vw, 1050px\" \/><\/figure>\n\n\n\n<p>Term\u00e9szetesen N\u00e9metorsz\u00e1gban mindig is \u00fagy gondolt\u00e1k, hogy a testb\u0151l sz\u00e1rmaz\u00f3 term\u00e9szetes &#8222;hangok&#8221; \u00e9s &#8222;g\u00e1zok&#8221; nem olyan el\u00edt\u00e9lend\u0151k \u00e9s katasztrof\u00e1lisak, mint m\u00e1sutt a F\u00f6ld\u00f6n. De m\u00e9g ennek az eur\u00f3pai orsz\u00e1gnak a k\u00e9pvisel\u0151it is gyakran sokkolta Adolf Hitler st\u00edlusa, aki a legfontosabb tan\u00e1cskoz\u00e1sokon is folyamatosan &#8222;rontotta a leveg\u0151t&#8221;, \u00e9s &#8222;hangos mennyd\u00f6rg\u00e9ssel&#8221; t\u00f6lt\u00f6tte be a szob\u00e1t.<\/p>\n\n\n\n<p>Ennek a viselked\u00e9snek az oka az volt, hogy maga a dikt\u00e1tor egyszer\u0171en nem tudta kontroll\u00e1lni \u00e9s visszatartani ezt a folyamatot a test\u00e9ben.<\/p>\n\n\n\n<h4>5. Pr\u00e1ga \u00e9s a politikai ellenfelek ablakon t\u00f6rt\u00e9n\u0151 kidob\u00e1s\u00e1nak hagyom\u00e1nya<\/h4>\n\n\n\n<p>Az uralkod\u00f3v\u00e1lt\u00e1sok sor\u00e1n Eur\u00f3p\u00e1ban (\u00e9s a c\u00e1ri Oroszorsz\u00e1gban is) gyakran el\u0151fordult, hogy a r\u00e9gi uralkod\u00f3k pezsg\u0151sdug\u00f3k\u00e9nt rep\u00fcltek ki az ablakon, a politik\u00e1ban \u00e9s a t\u00e1rsadalomban bek\u00f6vetkez\u0151 \u00faj \u00e1ramlatoknak k\u00f6sz\u00f6nhet\u0151en. Pr\u00e1g\u00e1ban azonban a 16. \u00e9s 17. sz\u00e1zadban a politikai ellenfelek kidob\u00e1sa az ablakon igazi hagyom\u00e1nny\u00e1 v\u00e1lt.<\/p>\n\n\n\n<figure class=\"wp-block-image size-full\"><img loading=\"lazy\" width=\"1200\" height=\"745\" src=\"https:\/\/liked.hu\/old\/wp-content\/uploads\/2024\/04\/Kozepkori-europai-furcsasagok-014.webp\" alt=\"K\u00f6z\u00e9pkori eur\u00f3pai furcsas\u00e1gok 014\" class=\"wp-image-332846\" srcset=\"https:\/\/liked.hu\/old\/wp-content\/uploads\/2024\/04\/Kozepkori-europai-furcsasagok-014.webp 1200w, https:\/\/liked.hu\/old\/wp-content\/uploads\/2024\/04\/Kozepkori-europai-furcsasagok-014-768x477.webp 768w\" sizes=\"(max-width: 1200px) 100vw, 1200px\" \/><\/figure>\n\n\n\n<p>Ha valamelyik f\u0151\u00far vagy politikus b\u0171ncselekm\u00e9nyt k\u00f6vetett el, p\u00e9ld\u00e1ul \u00e1rul\u00e1st vagy szembement a t\u00f6bbs\u00e9g v\u00e9lem\u00e9ny\u00e9vel, vagy ny\u00edltan k\u00e1rt okozott, gyakran f\u0151 b\u00fcntet\u00e9sk\u00e9nt kihaj\u00edtott\u00e1k \u0151t az ablakon abb\u00f3l az \u00e9p\u00fcletb\u0151l, ahol a korm\u00e1ny \u00fcl\u00e9sezett.<\/p>\n\n\n\n<p>Az utols\u00f3 ablakos incidens 1948-ban t\u00f6rt\u00e9nt, amikor Jan Masaryk politikust holtan tal\u00e1lt\u00e1k, miut\u00e1n a Szovjetuni\u00f3 melletti hatalom h\u00edvei egyszer\u0171en &#8222;kidobt\u00e1k&#8221; \u0151t az ablakon.<\/p>\n\n\n\n<!--nextpage-->\n\n\n\n<h4>4. IX. Gergely p\u00e1pa \u00e9s a macska elleni h\u00e1bor\u00fa<\/h4>\n\n\n\n<p>Az egyik r\u00f3mai p\u00e1pa, IX. Gergely igazi h\u00e1bor\u00fat ind\u00edtott a macsk\u00e1k ellen, mivel nemcsak a pokol sz\u00fcl\u00f6tteinek tartotta ezeket a l\u00e9nyeket, hanem \u00fagy gondolta, hogy a pestist is tudatosan terjesztik.<\/p>\n\n\n\n<figure class=\"wp-block-image size-full\"><img loading=\"lazy\" width=\"1200\" height=\"600\" src=\"https:\/\/liked.hu\/old\/wp-content\/uploads\/2024\/04\/Kozepkori-europai-furcsasagok-013.webp\" alt=\"K\u00f6z\u00e9pkori eur\u00f3pai furcsas\u00e1gok 013\" class=\"wp-image-332845\" srcset=\"https:\/\/liked.hu\/old\/wp-content\/uploads\/2024\/04\/Kozepkori-europai-furcsasagok-013.webp 1200w, https:\/\/liked.hu\/old\/wp-content\/uploads\/2024\/04\/Kozepkori-europai-furcsasagok-013-768x384.webp 768w, https:\/\/liked.hu\/old\/wp-content\/uploads\/2024\/04\/Kozepkori-europai-furcsasagok-013-360x180.webp 360w\" sizes=\"(max-width: 1200px) 100vw, 1200px\" \/><\/figure>\n\n\n\n<p>Ennek a d\u00f6nt\u00e9snek a k\u00f6vetkezt\u00e9ben a 13. sz\u00e1zadban hivatalosan is h\u00e1bor\u00fat hirdettek eme eml\u0151sfaj ellen, amely az emberis\u00e9g teljes gy\u0151zelm\u00e9vel z\u00e1rult. \u00c1m a 13. sz\u00e1zadi Eur\u00f3p\u00e1ban a t\u00f6meges macskairt\u00e1s ellen\u00e9re a sz\u0151r\u00f6s, puha \u00e9s nagyon ravasz l\u00e9nyek csak egy csat\u00e1t, nem pedig a h\u00e1bor\u00fat vesztett\u00e9k el. A 21. sz\u00e1zadban pedig teljes m\u00e9rt\u00e9kben &#8222;rabszolgasorba&#8221; k\u00e9nyszer\u00edtett\u00e9k az emberis\u00e9get.<\/p>\n\n\n\n<h4>3. I. Frigyes Vilmos \u00e9s az \u00f3ri\u00e1sok ir\u00e1nti szerelme<\/h4>\n\n\n\n<p>I. Frigyes porosz kir\u00e1ly annyira szerette a magas embereket, hogy k\u00fcl\u00f6nleges alakulatot hozott l\u00e9tre, amit b\u00fcszk\u00e9n &#8222;Potsdami \u00d3ri\u00e1sok&#8221;-nak neveztek. Ez a kis csapat v\u00e9g\u00fcl egy 83 000 f\u0151s hadseregg\u00e9 n\u0151tte ki mag\u00e1t, amely hatalmas v\u00e1llm\u00e9reteivel \u00e9s magass\u00e1g\u00e1val ijesztette meg ellenfeleit.<\/p>\n\n\n\n<figure class=\"wp-block-image size-full\"><img loading=\"lazy\" width=\"810\" height=\"316\" src=\"https:\/\/liked.hu\/old\/wp-content\/uploads\/2024\/04\/Kozepkori-europai-furcsasagok-012.webp\" alt=\"K\u00f6z\u00e9pkori eur\u00f3pai furcsas\u00e1gok 012\" class=\"wp-image-332844\" srcset=\"https:\/\/liked.hu\/old\/wp-content\/uploads\/2024\/04\/Kozepkori-europai-furcsasagok-012.webp 810w, https:\/\/liked.hu\/old\/wp-content\/uploads\/2024\/04\/Kozepkori-europai-furcsasagok-012-768x300.webp 768w\" sizes=\"(max-width: 810px) 100vw, 810px\" \/><\/figure>\n\n\n\n<p>A kiz\u00e1r\u00f3lag a magass\u00e1g alapj\u00e1n t\u00f6rt\u00e9n\u0151 toborz\u00e1s hagyom\u00e1nya 1713 \u00e9s 1740 k\u00f6z\u00f6tt tartott. A legfontosabb k\u00f6vetelm\u00e9ny a 180 cm feletti magass\u00e1g volt, amit a v\u00e1logat\u00e1s sor\u00e1n szigor\u00faan ellen\u0151riztek.<\/p>\n\n\n\n<p>Sajnos az &#8222;\u00f3ri\u00e1sok&#8221; \u00e9s I. Frigyes Vilmos sz\u00e1m\u00e1ra a pusk\u00e1k elterjed\u00e9se ut\u00e1n a magass\u00e1g nem jelentett semmilyen el\u0151nyt a csatat\u00e9ren &#8211; \u00e9pp ellenkez\u0151leg. Ez\u00e9rt a &#8222;Potsdami \u00d3ri\u00e1sok&#8221; nem b\u00fcszk\u00e9lkedhettek semmilyen jelent\u0151s gy\u0151zelemmel a csat\u00e1kban.<\/p>\n\n\n\n<p>Azonban I. Frigyes Vilmos, an\u00e9lk\u00fcl, hogy tudat\u00e1ban lett volna, egy nagyon \u00e9rdekes \u00f6sszeur\u00f3pai hagyom\u00e1nyt teremtett, miszerint a <a href=\"https:\/\/hu.wikipedia.org\/wiki\/Gr%C3%A1n%C3%A1tos\" target=\"_blank\" rel=\"noreferrer noopener\">gr\u00e1n\u00e1tosokat<\/a> kiz\u00e1r\u00f3lag a magas \u00e9s er\u0151s f\u00e9rfiak k\u00f6z\u00fcl v\u00e1lasztott\u00e1k.<\/p>\n\n\n\n\n<div style=\"float:none;margin:0px 0 0px 0;text-align:center;\">\n<div class=\"mobileHideke8\"><div class=\"hirdeteshatter\"><div style=\"display: inline-block;width: 50%;min-width:340px;vertical-align: top;\"><div class=\"hirdetes\">HIRDET\u00c9S<\/div>\n<!-- LikedQ81 -->\n<ins class=\"adsbygoogle\"\n     style=\"display:inline-block;width:336px;height:280px\"\n     data-ad-client=\"ca-pub-9424088931673893\"\n     data-ad-slot=\"2436840276\"><\/ins>\n<script async>\n     (adsbygoogle = window.adsbygoogle || []).push({});\n<\/script><\/div><div style=\"display: inline-block;width: 50%;min-width:340px;vertical-align: top;\"><div class=\"hirdetes\">HIRDET\u00c9S<\/div>\n<!-- LikedQ82 -->\n<ins class=\"adsbygoogle\"\n     style=\"display:inline-block;width:336px;height:280px\"\n     data-ad-client=\"ca-pub-9424088931673893\"\n     data-ad-slot=\"3558350253\"><\/ins>\n<script async>\n     (adsbygoogle = window.adsbygoogle || []).push({});\n<\/script><\/div><\/div><\/div>\n<div style=\"display:flex;flex-direction:column;\"><div class=\"mobileShowka8 nyolc\"><div style=\"padding-top:15px;padding-bottom:5px;min-height: 300px;\"><div class=\"hirdetes\">HIRDET\u00c9S<\/div>\n<!-- LikedQ8M -->\n<ins class=\"adsbygoogle\"\n     style=\"display:inline-block;width:336px;height:280px\"\n     data-ad-client=\"ca-pub-9424088931673893\"\n     data-ad-slot=\"4679860235\"><\/ins>\n<script async>\n     (adsbygoogle = window.adsbygoogle || []).push({});\n<\/script><\/div><\/div><\/div><\/div>\n\n\n\n\n<h4>2. Charles Darwin k\u00fcl\u00f6nleges &#8222;sz\u00f3rakoz\u00e1sa&#8221;<\/h4>\n\n\n\n<figure class=\"wp-block-image size-full\"><img loading=\"lazy\" width=\"1200\" height=\"790\" src=\"https:\/\/liked.hu\/old\/wp-content\/uploads\/2024\/04\/Kozepkori-europai-furcsasagok-011.webp\" alt=\"K\u00f6z\u00e9pkori eur\u00f3pai furcsas\u00e1gok 011\" class=\"wp-image-332843\" srcset=\"https:\/\/liked.hu\/old\/wp-content\/uploads\/2024\/04\/Kozepkori-europai-furcsasagok-011.webp 1200w, https:\/\/liked.hu\/old\/wp-content\/uploads\/2024\/04\/Kozepkori-europai-furcsasagok-011-768x506.webp 768w\" sizes=\"(max-width: 1200px) 100vw, 1200px\" \/><\/figure>\n\n\n\n<p>Amikor Charles Darwin 1831-ben meg\u00e9rkezett a Gal\u00e1pagos-szigetekre, annyira leny\u0171g\u00f6zte, hogy a vad\u00e1llatok egy\u00e1ltal\u00e1n nem f\u00e9lnek az embert\u0151l, hogy \u0151r\u00fclt sz\u00f3rakoz\u00e1sba kezdett.<\/p>\n\n\n\n<p>Miut\u00e1n fel\u00e1ll\u00edtotta a elm\u00e9letet, hogy ragadoz\u00f3k teljes hi\u00e1ny\u00e1ban minden szigetlak\u00f3 \u00e1llat szel\u00edd, Darwin, hogy bebizony\u00edtsa \u00e1ll\u00edt\u00e1sainak jogoss\u00e1g\u00e1t, elkezdett lovagolni az \u00f3ri\u00e1stekn\u0151s\u00f6k\u00f6n, felkapta az alv\u00f3 legu\u00e1nokat \u00e9s a tengerbe dobta \u0151ket, s\u0151t csupasz k\u00e9zzel vad\u00e1szott madarakra. M\u00e1s sz\u00f3val, minden l\u00e9tez\u0151 \u00e9s kegyetlen m\u00f3don sz\u00f3rakozott a kor\u00e1bban \u00e9rintetlen \u00e1llatvil\u00e1ggal. Kiz\u00e1r\u00f3lag kutat\u00e1si c\u00e9llal, persze!<\/p>\n\n\n\n<h4>1. Az aranyhal mint csemege<\/h4>\n\n\n\n<p>A 20. sz\u00e1zad elej\u00e9n az aranyhalakat, amelyeket ma oly n\u00e9pszer\u0171ek az akv\u00e1riumokban, eg\u00e9szen m\u00e1s c\u00e9lokra haszn\u00e1lt\u00e1k.<\/p>\n\n\n\n<figure class=\"wp-block-image size-full\"><img loading=\"lazy\" width=\"1200\" height=\"675\" src=\"https:\/\/liked.hu\/old\/wp-content\/uploads\/2024\/04\/Kozepkori-europai-furcsasagok-010.webp\" alt=\"K\u00f6z\u00e9pkori eur\u00f3pai furcsas\u00e1gok 010\" class=\"wp-image-332842\" srcset=\"https:\/\/liked.hu\/old\/wp-content\/uploads\/2024\/04\/Kozepkori-europai-furcsasagok-010.webp 1200w, https:\/\/liked.hu\/old\/wp-content\/uploads\/2024\/04\/Kozepkori-europai-furcsasagok-010-768x432.webp 768w\" sizes=\"(max-width: 1200px) 100vw, 1200px\" \/><\/figure>\n\n\n\n<p>Igen, eg\u00e9sz Eur\u00f3p\u00e1ban furcsa divat h\u00f3d\u00edtott a fiatalok k\u00f6r\u00e9ben, ami abb\u00f3l \u00e1llt, hogy nyilv\u00e1nosan lenyelt\u00e9k az aranyhalat. K\u00fcl\u00f6n\u00f6sen mer\u00e9sznek sz\u00e1m\u00edtott t\u00f6bb halat is lenyelni egyszerre, mert \u00e1ltal\u00e1nos hiedelem volt, hogy egy f\u0151iskol\u00e1s di\u00e1k maximum 89 ilyen kis l\u00e9nyt tudott lenyelni, ami a kimondatlan rekordnak sz\u00e1m\u00edtott, \u00e9s a fiatalok nagyon szerett\u00e9k volna megd\u00f6nteni.<\/p>\n\n\n\n<p>A szenved\u00e9ly olyan m\u00e9reteket \u00f6lt\u00f6tt, hogy Massachusetts szen\u00e1tora k\u00e9nytelen volt t\u00f6rv\u00e9nyjavaslatot beny\u00fajtani, amely egyenesen betiltotta ezt a vesz\u00e9lyes gyakorlatot az Amerikai Egyes\u00fclt \u00c1llamok eg\u00e9sz ter\u00fclet\u00e9n.<\/p>\n\n\n\n<p class=\"has-text-align-center\"><strong>\u00cdgy \u00e9ltek sz\u00f3rakoztak teh\u00e1t az emberek a t\u00e1voli \u00e9s k\u00f6zeli m\u00faltban. \u00dagy t\u0171nik, hogy mi m\u00e9g csak nem is a legrosszabb \u00e9s legfurcs\u00e1bb id\u0151kben \u00e9l\u00fcnk. De persze n\u00e1lunk is akad &#8222;k\u00f6z\u00e9pkori viselked\u00e9s&#8221; b\u0151ven.<\/strong><\/p>\n","protected":false},"excerpt":{"rendered":"<p>Az embereknek mindig megvoltak a maguk &#8222;furcsas\u00e1gai&#8221;.<\/p>\n","protected":false},"author":1,"featured_media":332840,"comment_status":"open","ping_status":"closed","sticky":false,"template":"","format":"standard","meta":{"buzzeditor_post_format":""},"categories":[23],"tags":[678,2655],"yoast_head":"<!-- This site is optimized with the Yoast SEO plugin v19.6.1 - https:\/\/yoast.com\/wordpress\/plugins\/seo\/ -->\n<title>10 hihetetlen t\u00e9ny az eur\u00f3pai m\u00falt hagyom\u00e1nyair\u00f3l<\/title>\n<meta name=\"description\" content=\"Az embereknek mindig megvoltak a maguk &quot;furcsas\u00e1gai&quot;.\" \/>\n<meta name=\"robots\" content=\"index, follow, max-snippet:-1, max-image-preview:large, max-video-preview:-1\" \/>\n<link rel=\"canonical\" href=\"https:\/\/liked.hu\/old\/erdekes\/10-hihetetlen-teny-az-europai-mult-hagyomanyairol\/\" \/>\n<link rel=\"next\" href=\"https:\/\/liked.hu\/old\/erdekes\/10-hihetetlen-teny-az-europai-mult-hagyomanyairol\/2\/\" \/>\n<meta property=\"og:locale\" content=\"hu_HU\" \/>\n<meta property=\"og:type\" content=\"article\" \/>\n<meta property=\"og:title\" content=\"10 hihetetlen t\u00e9ny az eur\u00f3pai m\u00falt hagyom\u00e1nyair\u00f3l\" \/>\n<meta property=\"og:description\" content=\"Az embereknek mindig megvoltak a maguk &quot;furcsas\u00e1gai&quot;.\" \/>\n<meta property=\"og:url\" content=\"https:\/\/liked.hu\/old\/erdekes\/10-hihetetlen-teny-az-europai-mult-hagyomanyairol\/\" \/>\n<meta property=\"og:site_name\" content=\"Liked.hu\" \/>\n<meta property=\"article:publisher\" content=\"https:\/\/www.facebook.com\/liked.hu\" \/>\n<meta property=\"article:author\" content=\"https:\/\/facebook.com\/liked.hu\" \/>\n<meta property=\"article:published_time\" content=\"2024-04-16T11:23:07+00:00\" \/>\n<meta property=\"article:modified_time\" content=\"2024-04-16T11:26:06+00:00\" \/>\n<meta property=\"og:image\" content=\"https:\/\/liked.hu\/old\/wp-content\/uploads\/2024\/04\/Europai-tortenelem.jpg\" \/>\n\t<meta property=\"og:image:width\" content=\"1200\" \/>\n\t<meta property=\"og:image:height\" content=\"630\" \/>\n\t<meta property=\"og:image:type\" content=\"image\/jpeg\" \/>\n<meta name=\"author\" content=\"VictorN.\" \/>\n<meta name=\"twitter:card\" content=\"summary\" \/>\n<meta name=\"twitter:creator\" content=\"@https:\/\/twitter.com\/likedhu\" \/>\n<meta name=\"twitter:site\" content=\"@LikedHu\" \/>\n<meta name=\"twitter:label1\" content=\"Szerz\u0151:\" \/>\n\t<meta name=\"twitter:data1\" content=\"VictorN.\" \/>\n\t<meta name=\"twitter:label2\" content=\"Becs\u00fclt olvas\u00e1si id\u0151\" \/>\n\t<meta name=\"twitter:data2\" content=\"10 perc\" \/>\n<script type=\"application\/ld+json\" class=\"yoast-schema-graph\">{\"@context\":\"https:\/\/schema.org\",\"@graph\":[{\"@type\":\"Article\",\"@id\":\"https:\/\/liked.hu\/old\/erdekes\/10-hihetetlen-teny-az-europai-mult-hagyomanyairol\/#article\",\"isPartOf\":{\"@id\":\"https:\/\/liked.hu\/old\/erdekes\/10-hihetetlen-teny-az-europai-mult-hagyomanyairol\/\"},\"author\":{\"name\":\"VictorN.\",\"@id\":\"https:\/\/liked.hu\/old\/#\/schema\/person\/02fa522b959d0531c9c34b0d531a7464\"},\"headline\":\"10 hihetetlen t\u00e9ny az eur\u00f3pai m\u00falt hagyom\u00e1nyair\u00f3l\",\"datePublished\":\"2024-04-16T11:23:07+00:00\",\"dateModified\":\"2024-04-16T11:26:06+00:00\",\"mainEntityOfPage\":{\"@id\":\"https:\/\/liked.hu\/old\/erdekes\/10-hihetetlen-teny-az-europai-mult-hagyomanyairol\/\"},\"wordCount\":2012,\"commentCount\":0,\"publisher\":{\"@id\":\"https:\/\/liked.hu\/old\/#organization\"},\"keywords\":[\"eur\u00f3pa\",\"t\u00f6rt\u00e9nelem\"],\"articleSection\":[\"\u00c9rdekess\u00e9gek\"],\"inLanguage\":\"hu\",\"potentialAction\":[{\"@type\":\"CommentAction\",\"name\":\"Comment\",\"target\":[\"https:\/\/liked.hu\/old\/erdekes\/10-hihetetlen-teny-az-europai-mult-hagyomanyairol\/#respond\"]}]},{\"@type\":\"WebPage\",\"@id\":\"https:\/\/liked.hu\/old\/erdekes\/10-hihetetlen-teny-az-europai-mult-hagyomanyairol\/\",\"url\":\"https:\/\/liked.hu\/old\/erdekes\/10-hihetetlen-teny-az-europai-mult-hagyomanyairol\/\",\"name\":\"10 hihetetlen t\u00e9ny az eur\u00f3pai m\u00falt hagyom\u00e1nyair\u00f3l\",\"isPartOf\":{\"@id\":\"https:\/\/liked.hu\/old\/#website\"},\"datePublished\":\"2024-04-16T11:23:07+00:00\",\"dateModified\":\"2024-04-16T11:26:06+00:00\",\"description\":\"Az embereknek mindig megvoltak a maguk \\\"furcsas\u00e1gai\\\".\",\"breadcrumb\":{\"@id\":\"https:\/\/liked.hu\/old\/erdekes\/10-hihetetlen-teny-az-europai-mult-hagyomanyairol\/#breadcrumb\"},\"inLanguage\":\"hu\",\"potentialAction\":[{\"@type\":\"ReadAction\",\"target\":[\"https:\/\/liked.hu\/old\/erdekes\/10-hihetetlen-teny-az-europai-mult-hagyomanyairol\/\"]}]},{\"@type\":\"BreadcrumbList\",\"@id\":\"https:\/\/liked.hu\/old\/erdekes\/10-hihetetlen-teny-az-europai-mult-hagyomanyairol\/#breadcrumb\",\"itemListElement\":[{\"@type\":\"ListItem\",\"position\":1,\"name\":\"Kezd\u0151lap\"}]},{\"@type\":\"WebSite\",\"@id\":\"https:\/\/liked.hu\/old\/#website\",\"url\":\"https:\/\/liked.hu\/old\/\",\"name\":\"Liked.hu\",\"description\":\"\",\"publisher\":{\"@id\":\"https:\/\/liked.hu\/old\/#organization\"},\"potentialAction\":[{\"@type\":\"SearchAction\",\"target\":{\"@type\":\"EntryPoint\",\"urlTemplate\":\"https:\/\/liked.hu\/old\/?s={search_term_string}\"},\"query-input\":\"required name=search_term_string\"}],\"inLanguage\":\"hu\"},{\"@type\":\"Organization\",\"@id\":\"https:\/\/liked.hu\/old\/#organization\",\"name\":\"Liked.hu\",\"url\":\"https:\/\/liked.hu\/old\/\",\"sameAs\":[\"https:\/\/hu.pinterest.com\/likedhungary\/\",\"https:\/\/www.youtube.com\/channel\/UCPv91dbMoIukYcM9b9nHN6Q\",\"https:\/\/www.facebook.com\/liked.hu\",\"https:\/\/twitter.com\/LikedHu\"],\"logo\":{\"@type\":\"ImageObject\",\"inLanguage\":\"hu\",\"@id\":\"https:\/\/liked.hu\/old\/#\/schema\/logo\/image\/\",\"url\":\"https:\/\/liked.hu\/wp-content\/uploads\/2018\/08\/Liked-icon.png\",\"contentUrl\":\"https:\/\/liked.hu\/wp-content\/uploads\/2018\/08\/Liked-icon.png\",\"width\":512,\"height\":512,\"caption\":\"Liked.hu\"},\"image\":{\"@id\":\"https:\/\/liked.hu\/old\/#\/schema\/logo\/image\/\"}},{\"@type\":\"Person\",\"@id\":\"https:\/\/liked.hu\/old\/#\/schema\/person\/02fa522b959d0531c9c34b0d531a7464\",\"name\":\"VictorN.\",\"image\":{\"@type\":\"ImageObject\",\"inLanguage\":\"hu\",\"@id\":\"https:\/\/liked.hu\/old\/#\/schema\/person\/image\/\",\"url\":\"https:\/\/liked.hu\/old\/wp-content\/uploads\/avatars\/1\/1683660043-bpfull.jpg\",\"contentUrl\":\"https:\/\/liked.hu\/old\/wp-content\/uploads\/avatars\/1\/1683660043-bpfull.jpg\",\"caption\":\"VictorN.\"},\"description\":\"A Liked.hu szerkeszt\u0151je vagyok, m\u00e1r az id\u0151k kezdete \u00f3ta. Szabadid\u0151mben Jedi lovag \u00e9s Pok\u00e9mester. Puszilom \u00e9desany\u00e1mat.\",\"sameAs\":[\"https:\/\/liked.hu\",\"https:\/\/facebook.com\/liked.hu\",\"https:\/\/www.instagram.com\/likedhu\/\",\"https:\/\/pinterest.com\/likedhu\",\"https:\/\/twitter.com\/https:\/\/twitter.com\/likedhu\",\"https:\/\/www.youtube.com\/channel\/UCPv91dbMoIukYcM9b9nHN6Q\"],\"url\":\"https:\/\/liked.hu\/old\/u\/victorn\/\"}]}<\/script>\n<!-- \/ Yoast SEO plugin. -->","yoast_head_json":{"title":"10 hihetetlen t\u00e9ny az eur\u00f3pai m\u00falt hagyom\u00e1nyair\u00f3l","description":"Az embereknek mindig megvoltak a maguk \"furcsas\u00e1gai\".","robots":{"index":"index","follow":"follow","max-snippet":"max-snippet:-1","max-image-preview":"max-image-preview:large","max-video-preview":"max-video-preview:-1"},"canonical":"https:\/\/liked.hu\/old\/erdekes\/10-hihetetlen-teny-az-europai-mult-hagyomanyairol\/","next":"https:\/\/liked.hu\/old\/erdekes\/10-hihetetlen-teny-az-europai-mult-hagyomanyairol\/2\/","og_locale":"hu_HU","og_type":"article","og_title":"10 hihetetlen t\u00e9ny az eur\u00f3pai m\u00falt hagyom\u00e1nyair\u00f3l","og_description":"Az embereknek mindig megvoltak a maguk \"furcsas\u00e1gai\".","og_url":"https:\/\/liked.hu\/old\/erdekes\/10-hihetetlen-teny-az-europai-mult-hagyomanyairol\/","og_site_name":"Liked.hu","article_publisher":"https:\/\/www.facebook.com\/liked.hu","article_author":"https:\/\/facebook.com\/liked.hu","article_published_time":"2024-04-16T11:23:07+00:00","article_modified_time":"2024-04-16T11:26:06+00:00","og_image":[{"width":1200,"height":630,"url":"https:\/\/liked.hu\/old\/wp-content\/uploads\/2024\/04\/Europai-tortenelem.jpg","type":"image\/jpeg"}],"author":"VictorN.","twitter_card":"summary","twitter_creator":"@https:\/\/twitter.com\/likedhu","twitter_site":"@LikedHu","twitter_misc":{"Szerz\u0151:":"VictorN.","Becs\u00fclt olvas\u00e1si id\u0151":"10 perc"},"schema":{"@context":"https:\/\/schema.org","@graph":[{"@type":"Article","@id":"https:\/\/liked.hu\/old\/erdekes\/10-hihetetlen-teny-az-europai-mult-hagyomanyairol\/#article","isPartOf":{"@id":"https:\/\/liked.hu\/old\/erdekes\/10-hihetetlen-teny-az-europai-mult-hagyomanyairol\/"},"author":{"name":"VictorN.","@id":"https:\/\/liked.hu\/old\/#\/schema\/person\/02fa522b959d0531c9c34b0d531a7464"},"headline":"10 hihetetlen t\u00e9ny az eur\u00f3pai m\u00falt hagyom\u00e1nyair\u00f3l","datePublished":"2024-04-16T11:23:07+00:00","dateModified":"2024-04-16T11:26:06+00:00","mainEntityOfPage":{"@id":"https:\/\/liked.hu\/old\/erdekes\/10-hihetetlen-teny-az-europai-mult-hagyomanyairol\/"},"wordCount":2012,"commentCount":0,"publisher":{"@id":"https:\/\/liked.hu\/old\/#organization"},"keywords":["eur\u00f3pa","t\u00f6rt\u00e9nelem"],"articleSection":["\u00c9rdekess\u00e9gek"],"inLanguage":"hu","potentialAction":[{"@type":"CommentAction","name":"Comment","target":["https:\/\/liked.hu\/old\/erdekes\/10-hihetetlen-teny-az-europai-mult-hagyomanyairol\/#respond"]}]},{"@type":"WebPage","@id":"https:\/\/liked.hu\/old\/erdekes\/10-hihetetlen-teny-az-europai-mult-hagyomanyairol\/","url":"https:\/\/liked.hu\/old\/erdekes\/10-hihetetlen-teny-az-europai-mult-hagyomanyairol\/","name":"10 hihetetlen t\u00e9ny az eur\u00f3pai m\u00falt hagyom\u00e1nyair\u00f3l","isPartOf":{"@id":"https:\/\/liked.hu\/old\/#website"},"datePublished":"2024-04-16T11:23:07+00:00","dateModified":"2024-04-16T11:26:06+00:00","description":"Az embereknek mindig megvoltak a maguk \"furcsas\u00e1gai\".","breadcrumb":{"@id":"https:\/\/liked.hu\/old\/erdekes\/10-hihetetlen-teny-az-europai-mult-hagyomanyairol\/#breadcrumb"},"inLanguage":"hu","potentialAction":[{"@type":"ReadAction","target":["https:\/\/liked.hu\/old\/erdekes\/10-hihetetlen-teny-az-europai-mult-hagyomanyairol\/"]}]},{"@type":"BreadcrumbList","@id":"https:\/\/liked.hu\/old\/erdekes\/10-hihetetlen-teny-az-europai-mult-hagyomanyairol\/#breadcrumb","itemListElement":[{"@type":"ListItem","position":1,"name":"Kezd\u0151lap"}]},{"@type":"WebSite","@id":"https:\/\/liked.hu\/old\/#website","url":"https:\/\/liked.hu\/old\/","name":"Liked.hu","description":"","publisher":{"@id":"https:\/\/liked.hu\/old\/#organization"},"potentialAction":[{"@type":"SearchAction","target":{"@type":"EntryPoint","urlTemplate":"https:\/\/liked.hu\/old\/?s={search_term_string}"},"query-input":"required name=search_term_string"}],"inLanguage":"hu"},{"@type":"Organization","@id":"https:\/\/liked.hu\/old\/#organization","name":"Liked.hu","url":"https:\/\/liked.hu\/old\/","sameAs":["https:\/\/hu.pinterest.com\/likedhungary\/","https:\/\/www.youtube.com\/channel\/UCPv91dbMoIukYcM9b9nHN6Q","https:\/\/www.facebook.com\/liked.hu","https:\/\/twitter.com\/LikedHu"],"logo":{"@type":"ImageObject","inLanguage":"hu","@id":"https:\/\/liked.hu\/old\/#\/schema\/logo\/image\/","url":"https:\/\/liked.hu\/wp-content\/uploads\/2018\/08\/Liked-icon.png","contentUrl":"https:\/\/liked.hu\/wp-content\/uploads\/2018\/08\/Liked-icon.png","width":512,"height":512,"caption":"Liked.hu"},"image":{"@id":"https:\/\/liked.hu\/old\/#\/schema\/logo\/image\/"}},{"@type":"Person","@id":"https:\/\/liked.hu\/old\/#\/schema\/person\/02fa522b959d0531c9c34b0d531a7464","name":"VictorN.","image":{"@type":"ImageObject","inLanguage":"hu","@id":"https:\/\/liked.hu\/old\/#\/schema\/person\/image\/","url":"https:\/\/liked.hu\/old\/wp-content\/uploads\/avatars\/1\/1683660043-bpfull.jpg","contentUrl":"https:\/\/liked.hu\/old\/wp-content\/uploads\/avatars\/1\/1683660043-bpfull.jpg","caption":"VictorN."},"description":"A Liked.hu szerkeszt\u0151je vagyok, m\u00e1r az id\u0151k kezdete \u00f3ta. Szabadid\u0151mben Jedi lovag \u00e9s Pok\u00e9mester. Puszilom \u00e9desany\u00e1mat.","sameAs":["https:\/\/liked.hu","https:\/\/facebook.com\/liked.hu","https:\/\/www.instagram.com\/likedhu\/","https:\/\/pinterest.com\/likedhu","https:\/\/twitter.com\/https:\/\/twitter.com\/likedhu","https:\/\/www.youtube.com\/channel\/UCPv91dbMoIukYcM9b9nHN6Q"],"url":"https:\/\/liked.hu\/old\/u\/victorn\/"}]}},"publishpress_future_action":{"enabled":false,"date":"1970-01-01 01:00:00","action":"","terms":[],"taxonomy":"","browser_timezone_offset":0},"_links":{"self":[{"href":"https:\/\/liked.hu\/old\/wp-json\/wp\/v2\/posts\/332839"}],"collection":[{"href":"https:\/\/liked.hu\/old\/wp-json\/wp\/v2\/posts"}],"about":[{"href":"https:\/\/liked.hu\/old\/wp-json\/wp\/v2\/types\/post"}],"author":[{"embeddable":true,"href":"https:\/\/liked.hu\/old\/wp-json\/wp\/v2\/users\/1"}],"replies":[{"embeddable":true,"href":"https:\/\/liked.hu\/old\/wp-json\/wp\/v2\/comments?post=332839"}],"version-history":[{"count":0,"href":"https:\/\/liked.hu\/old\/wp-json\/wp\/v2\/posts\/332839\/revisions"}],"wp:featuredmedia":[{"embeddable":true,"href":"https:\/\/liked.hu\/old\/wp-json\/wp\/v2\/media\/332840"}],"wp:attachment":[{"href":"https:\/\/liked.hu\/old\/wp-json\/wp\/v2\/media?parent=332839"}],"wp:term":[{"taxonomy":"category","embeddable":true,"href":"https:\/\/liked.hu\/old\/wp-json\/wp\/v2\/categories?post=332839"},{"taxonomy":"post_tag","embeddable":true,"href":"https:\/\/liked.hu\/old\/wp-json\/wp\/v2\/tags?post=332839"}],"curies":[{"name":"wp","href":"https:\/\/api.w.org\/{rel}","templated":true}]}}