{"id":332415,"date":"2024-04-14T02:29:13","date_gmt":"2024-04-14T01:29:13","guid":{"rendered":"https:\/\/liked.hu\/old\/?p=332415"},"modified":"2024-04-14T02:32:48","modified_gmt":"2024-04-14T01:32:48","slug":"miert-csak-6-ezer-eve-es-egyszerre-ugyanabban-az-idoben-jelentek-meg-az-elso-civilizaciok","status":"publish","type":"post","link":"https:\/\/liked.hu\/old\/erdekes\/miert-csak-6-ezer-eve-es-egyszerre-ugyanabban-az-idoben-jelentek-meg-az-elso-civilizaciok\/","title":{"rendered":"Mi\u00e9rt csak 6 ezer \u00e9ve, \u00e9s egyszerre, ugyanabban az id\u0151ben jelentek meg az els\u0151 civiliz\u00e1ci\u00f3k?"},"content":{"rendered":"\n<p>A F\u00f6ld els\u0151 civiliz\u00e1ci\u00f3i a Kr. e. 4. \u00e9vezredben jelentek meg, szinte szinkronban szerte a bolyg\u00f3n: Egyiptomban, Mezopot\u00e1mia ter\u00fclet\u00e9n, Indi\u00e1ban, a T\u00e1vol-Keleten, s\u0151t m\u00e9g Peruban is. Tekintettel arra, hogy a &#8222;civiliz\u00e1ci\u00f3&#8221; fogalm\u00e1nak defin\u00edci\u00f3ja nem egy\u00e9rtelm\u0171, \u00e9s igaz\u00e1b\u00f3l n\u00e9z\u0151pont k\u00e9rd\u00e9se, nem relev\u00e1ns a vita, hogy az egyiptomiak vagy a sum\u00e9rok voltak-e az els\u0151k.<\/p>\n\n\n\n\n<div style=\"float:none;margin:0px 0 0px 0;text-align:center;\">\n<div class=\"mobileShowkakettes\"><div class=\"mobileShowka2\"><div style=\"padding-top:0px;padding-bottom:15px;min-height: 300px;\"><div class=\"hirdetes\">HIRDET\u00c9S<\/div>\n<!-- 300lista -->\n<ins class=\"adsbygoogle\"\n     style=\"display:inline-block;width:300px;height:250px\"\n     data-ad-client=\"ca-pub-9424088931673893\"\n     data-ad-slot=\"8471340766\"><\/ins>\n<script async>\n     (adsbygoogle = window.adsbygoogle || []).push({});\n<\/script><\/div><\/div><\/div><\/div>\n\n\n\n\n<p>Ak\u00e1rhogy is, 5500 \u00e9vvel ezel\u0151tt valami olyasmi t\u00f6rt\u00e9nt a F\u00f6ld\u00f6n, ami a kult\u00far\u00e1t egy \u00faj szintre emelte, egy olyan szintre, amit kor\u00e1bban el\u00e9rhetetlennek tartottak.<\/p>\n\n\n\n<figure class=\"wp-block-image size-full\"><img loading=\"lazy\" width=\"640\" height=\"960\" src=\"https:\/\/liked.hu\/old\/wp-content\/uploads\/2024\/04\/Civilizacios-dolgok-010.webp\" alt=\"Civiliz\u00e1ci\u00f3s dolgok 010\" class=\"wp-image-332416\"\/><figcaption><a href=\"https:\/\/unsplash.com\/@vtrpldn?utm_content=creditCopyText&amp;utm_medium=referral&amp;utm_source=unsplash\" target=\"_blank\" rel=\"noreferrer noopener nofollow\">Vitor Paladini<\/a> \/ <a href=\"https:\/\/unsplash.com\/photos\/a-rock-with-some-paintings-on-it-kO3-5FoV8bo?utm_content=creditCopyText&amp;utm_medium=referral&amp;utm_source=unsplash\" target=\"_blank\" rel=\"noreferrer noopener nofollow\">Unsplash<\/a><\/figcaption><\/figure>\n\n\n\n<p>K\u00f6nnyen elcs\u00e1bulhatunk a Lem\u00faria, H\u00fcperborea \u00e9s Atlantisz (ami els\u00fcllyedt) civiliz\u00e1ci\u00f3k gondolata ment\u00e9n, vagy ak\u00e1r a f\u00f6ld\u00f6nk\u00edv\u00fcliekhez is folyamodhatunk a paleokontaktus hipot\u00e9zis keret\u00e9ben. De jobb elker\u00fclni a kital\u00e1lt entit\u00e1sokat, mivel nem adnak magyar\u00e1zatot a megfigyelhet\u0151 jelens\u00e9gre. A val\u00f3s\u00e1g az, hogy a civiliz\u00e1ci\u00f3k a maguk idej\u00e9ben j\u00f6nnek l\u00e9tre, nem el\u0151bb \u00e9s nem k\u00e9s\u0151bb, mint az esem\u00e9nyek \u00e1ltal\u00e1nos fejl\u0151d\u00e9s\u00e9nek, \u00e9s ezen bel\u00fcl az ember fejl\u0151d\u00e9s\u00e9nek t\u00f6rv\u00e9nyszer\u0171 eredm\u00e9nyei.<\/p>\n\n\n\n<p>Minden 12 000 \u00e9vvel ezel\u0151tt kezd\u0151d\u00f6tt, amikor a W\u00fcrm-glaci\u00e1lis id\u0151szak hirtelen v\u00e9get \u00e9rt. A j\u00e9gkorszak 100 000 \u00e9vig tartott. A gleccserek n\u00e9ha visszah\u00faz\u00f3dtak, hogy lend\u00fcletet vegyenek, de ez csak tr\u00fckk volt: visszat\u00e9rtek, \u00e9s minden alkalommal egyre beljebb hatoltak, 20 000 \u00e9vvel ezel\u0151tt pedig minden rekordot megd\u00f6nt\u00f6ttek. \u00c9pp ez\u00e9rt mindenki hozz\u00e1szokott m\u00e1r a v\u00e1ls\u00e1ghoz, \u00e9s ahhoz, hogy \u00e9vr\u0151l \u00e9vre egyre csak rosszabb hely lesz a vil\u00e1g, de hirtelen minden megv\u00e1ltozott. A v\u00e1ratlans\u00e1gt\u00f3l m\u00e9g a mamutok is kihaltak. Az embereknek alkalmazkodniuk kellett a boldogabb id\u0151kh\u00f6z, \u00e9s egy teljesen m\u00e1s kl\u00edm\u00e1j\u00fa vil\u00e1ghoz.<\/p>\n\n\n\n\n<div style=\"float:none;margin:0px 0 0px 0;text-align:center;\">\n<div class=\"mobileHideke5\"><div style=\"margin-top:25px;\"><div class=\"hirdeteshatter\"><div style=\"display: inline-block;width: 50%;min-width:305px;vertical-align: top;\"><div class=\"hirdetes\">HIRDET\u00c9S<\/div>\n<!-- LikedQ51 -->\n<ins class=\"adsbygoogle\"\n     style=\"display:inline-block;width:300px;height:250px\"\n     data-ad-client=\"ca-pub-9424088931673893\"\n     data-ad-slot=\"8284063326\"><\/ins>\n<script async>\n     (adsbygoogle = window.adsbygoogle || []).push({});\n<\/script><\/div><div style=\"display: inline-block;width: 50%;min-width:305px;vertical-align: top;\"><div class=\"hirdetes\">HIRDET\u00c9S<\/div>\n<!-- LikedQ52 -->\n<ins class=\"adsbygoogle\"\n     style=\"display:inline-block;width:300px;height:250px\"\n     data-ad-client=\"ca-pub-9424088931673893\"\n     data-ad-slot=\"2840164950\"><\/ins>\n<script async>\n     (adsbygoogle = window.adsbygoogle || []).push({});\n<\/script><\/div><\/div><\/div><\/div>\n<div style=\"display:flex;flex-direction:column;\"><div class=\"mobileShowka5\"><div style=\"padding-top:10px;padding-bottom:10px;min-height: 300px;\"><div class=\"hirdetes\">HIRDET\u00c9S<\/div>\n<!-- LikedQ5M -->\n<ins class=\"adsbygoogle\"\n     style=\"display:inline-block;width:300px;height:250px\"\n     data-ad-client=\"ca-pub-9424088931673893\"\n     data-ad-slot=\"9022429928\"><\/ins>\n<script async>\n     (adsbygoogle = window.adsbygoogle || []).push({});\n<\/script><\/div><\/div><\/div><\/div>\n\n\n\n\n<figure class=\"wp-block-image size-full is-resized\"><img loading=\"lazy\" src=\"https:\/\/liked.hu\/old\/wp-content\/uploads\/2024\/04\/Civilizacios-dolgok-013.webp\" alt=\"Civiliz\u00e1ci\u00f3s dolgok 013\" class=\"wp-image-332419\" width=\"641\" height=\"854\"\/><figcaption><a href=\"https:\/\/unsplash.com\/@rosetheguide?utm_content=creditCopyText&amp;utm_medium=referral&amp;utm_source=unsplash\" target=\"_blank\" rel=\"noreferrer noopener nofollow\">Rose Istanbul Tour Guides<\/a> \/ <a href=\"https:\/\/unsplash.com\/photos\/a-stone-carving-of-a-man-and-woman-_MBoNmjsTmw?utm_content=creditCopyText&amp;utm_medium=referral&amp;utm_source=unsplash\" target=\"_blank\" rel=\"noreferrer noopener nofollow\">Unsplash<\/a><\/figcaption><\/figure>\n\n\n\n<p>A j\u00e9gkorszak nem csak hideg volt (ahol val\u00f3ban hideg volt, ott nem \u00e9ltek emberek, de m\u00e9g mamutok sem), hanem sz\u00e1raz is. A gleccserek elsz\u00edvt\u00e1k a p\u00e1r\u00e1t a l\u00e9gk\u00f6rb\u0151l, maguk el\u00e9 tolva a kiterjedt sivatagok, f\u00e9lsivatagok, \u00e9s jobb esetben sztyepp\u00e9k vagy tundrasztyepp\u00e9k \u00f6vezeteit.<\/p>\n\n\n\n<p>Az Egyenl\u00edt\u0151h\u00f6z k\u00f6zelebb term\u00e9szetesen megmaradt a nedves erd\u0151k z\u00f3n\u00e1ja. De itt van egy b\u00f6kken\u0151. Az erd\u0151k, ahol a vad\u00e1szat sor\u00e1n a l\u00e1t\u00e1s kev\u00e9sb\u00e9 fontos, mint a szagl\u00e1s \u00e9s a hall\u00e1s, az ember sz\u00e1m\u00e1ra szokatlan \u00e9s k\u00e9nyelmetlen volt, \u00edgy ezeket a ter\u00fcleteket utolj\u00e1ra n\u00e9pes\u00edtett\u00e9k be.<\/p>\n\n\n\n<figure class=\"wp-block-image size-full\"><img loading=\"lazy\" width=\"640\" height=\"427\" src=\"https:\/\/liked.hu\/old\/wp-content\/uploads\/2024\/04\/vitor-paladini-9sDE3ENSu48-unsplash.jpg\" alt=\"vitor paladini 9sDE3ENSu48 unsplash\" class=\"wp-image-332422\"\/><figcaption><a href=\"https:\/\/unsplash.com\/@vtrpldn?utm_content=creditCopyText&amp;utm_medium=referral&amp;utm_source=unsplash\" target=\"_blank\" rel=\"noreferrer noopener nofollow\">Vitor Paladini<\/a> \/ <a href=\"https:\/\/unsplash.com\/photos\/a-rock-painting-of-people-and-animals-on-it-9sDE3ENSu48?utm_content=creditCopyText&amp;utm_medium=referral&amp;utm_source=unsplash\" target=\"_blank\" rel=\"noreferrer noopener nofollow\">Unsplash<\/a><\/figcaption><\/figure>\n\n\n\n<p>Teh\u00e1t az emberek a sztyepp\u00e9ken \u00e9s f\u00e9lsivatagokban \u00e9ltek, \u00e9s nom\u00e1d \u00e9letm\u00f3dot folytattak, ahogyan k\u00e9s\u0151bb is tett\u00e9k ezen a vid\u00e9ken. A technol\u00f3gi\u00e1juk mezolitikus szinten \u00e1llt, azaz sz\u00e9les k\u00f6rben haszn\u00e1ltak fat- vagy csontnyel\u0171 szersz\u00e1mokat, melyek peng\u00e9i apr\u00f3, beragasztott kovak\u0151- vagy obszidi\u00e1n darabokb\u00f3l k\u00e9sz\u00fcltek.<\/p>\n\n\n\n<p>Ezek a szersz\u00e1mok k\u00f6nny\u0171ek voltak, ami elengedhetetlen volt a gyalogos nom\u00e1dok sz\u00e1m\u00e1ra. A j\u00e9gkorszak ut\u00e1ni \u00e9letm\u00f3dr\u00f3l k\u00e9pet alkothatunk az ausztr\u00e1liai \u0151slakosok p\u00e9ld\u00e1j\u00e1n, akik meg\u0151rizt\u00e9k a minimalista termel\u00e9si \u00e9s fogyaszt\u00e1si hagyom\u00e1nyokat.<\/p>\n\n\n\n\n<div style=\"float:none;margin:0px 0 0px 0;text-align:center;\">\n<div class=\"mobileHideke8\"><div style=\"margin-top:25px;\"><div class=\"hirdeteshatter\"><div style=\"display: inline-block;width: 50%;min-width:340px;vertical-align: top;\"><div class=\"hirdetes\">HIRDET\u00c9S<\/div>\n<!-- Liked7Q1 -->\n<ins class=\"adsbygoogle\"\n     style=\"display:inline-block;width:336px;height:280px\"\n     data-ad-client=\"ca-pub-9424088931673893\"\n     data-ad-slot=\"3022062587\"><\/ins>\n<script async>\n     (adsbygoogle = window.adsbygoogle || []).push({});\n<\/script><\/div><div style=\"display: inline-block;width: 50%;min-width:340px;vertical-align: top;\"><div class=\"hirdetes\">HIRDET\u00c9S<\/div>\n<!-- Liked7Q2 -->\n<ins class=\"adsbygoogle\"\n     style=\"display:inline-block;width:336px;height:280px\"\n     data-ad-client=\"ca-pub-9424088931673893\"\n     data-ad-slot=\"3952000871\"><\/ins>\n<script async>\n     (adsbygoogle = window.adsbygoogle || []).push({});\n<\/script><\/div><\/div><\/div><\/div>\n<div style=\"display:flex;flex-direction:column;\"><div class=\"mobileShowka8\"><div style=\"padding-top:15px;margin-bottom:15px;min-height: 300px;\"><div class=\"hirdetes\">HIRDET\u00c9S<\/div>\n<!-- Liked7QMobil -->\n<ins class=\"adsbygoogle\"\n     style=\"display:inline-block;width:336px;height:280px\"\n     data-ad-client=\"ca-pub-9424088931673893\"\n     data-ad-slot=\"5073510857\"><\/ins>\n<script async>\n     (adsbygoogle = window.adsbygoogle || []).push({});\n<\/script><\/div><\/div><\/div><\/div>\n\n\n\n\n<figure class=\"wp-block-image size-full\"><img loading=\"lazy\" width=\"640\" height=\"960\" src=\"https:\/\/liked.hu\/old\/wp-content\/uploads\/2024\/04\/Civilizacios-dolgok-012.webp\" alt=\"Civiliz\u00e1ci\u00f3s dolgok 012\" class=\"wp-image-332418\"\/><figcaption><a href=\"https:\/\/unsplash.com\/@thomasbormans?utm_content=creditCopyText&amp;utm_medium=referral&amp;utm_source=unsplash\" target=\"_blank\" rel=\"noreferrer noopener nofollow\">Thomas Bormans<\/a> \/ <a href=\"https:\/\/unsplash.com\/photos\/a-shelf-filled-with-lots-of-clay-vases-3WCq2NNZgRI?utm_content=creditCopyText&amp;utm_medium=referral&amp;utm_source=unsplash\" target=\"_blank\" rel=\"noreferrer noopener nofollow\">Unsplash<\/a><\/figcaption><\/figure>\n\n\n\n<p>A gleccser visszah\u00faz\u00f3d\u00e1sa drasztikusan megn\u00f6velte a term\u0151f\u00f6ldek biol\u00f3giai produktivit\u00e1s\u00e1t, \u00e9s m\u00e1r 9-12 ezer \u00e9vvel ezel\u0151tt is elind\u00edtotta a &#8222;telep\u00fcl\u00e9si gy\u0171jt\u00f6get\u00e9s&#8221; furcsa jelens\u00e9g\u00e9t, amely ott terjedt el, ahol a vadon term\u0151 gabonaf\u00e9l\u00e9k vagy m\u00e1s ehet\u0151 n\u00f6v\u00e9nyek gazdagon fordultak el\u0151. Ebbe a korszakba tartoznak az els\u0151 \u00e1lland\u00f3 telep\u00fcl\u00e9sek (mint a \u00c7atalh\u00f6y\u00fck) \u00e9s a mezolitikus templomok (G\u00f6bekli Tepe). A telep\u00fcl\u00e9sekre alkalmas ter\u00fcletek sz\u00e9tsz\u00f3r\u00f3dtak a bolyg\u00f3n, \u00e9s nagyr\u00e9szt egybeesnek a civiliz\u00e1ci\u00f3k keletkez\u00e9si z\u00f3n\u00e1ival.<\/p>\n\n\n\n<p>Azonban a civiliz\u00e1ci\u00f3k kialakul\u00e1s\u00e1ig m\u00e9g hossz\u00fa \u00fat vezetett. El\u0151sz\u00f6r ki kellett tal\u00e1lni a mez\u0151gazdas\u00e1got. A &#8222;vad&#8221; f\u00f6ldek gyorsan kimer\u00fcltek, mivel az ember megakad\u00e1lyozta a b\u00faza szaporod\u00e1s\u00e1t, a gyomn\u00f6v\u00e9nyek pedig ben\u0151tt\u00e9k \u0151ket. Ha m\u00e1r fel\u00e9p\u00edtettek egy er\u0151d\u00f6t \u00e9s egy templomot, nem volt c\u00e9lszer\u0171 m\u00e1shov\u00e1 menni. Sz\u00e1ntani kellett.<\/p>\n\n\n\n<figure class=\"wp-block-image size-full\"><img loading=\"lazy\" width=\"640\" height=\"427\" src=\"https:\/\/liked.hu\/old\/wp-content\/uploads\/2024\/04\/Civilizacios-dolgok-011.webp\" alt=\"Civiliz\u00e1ci\u00f3s dolgok 011\" class=\"wp-image-332417\"\/><figcaption><a href=\"https:\/\/unsplash.com\/@trnavskauni?utm_content=creditCopyText&amp;utm_medium=referral&amp;utm_source=unsplash\" target=\"_blank\" rel=\"noreferrer noopener nofollow\">Trnava University<\/a> \/ <a href=\"https:\/\/unsplash.com\/photos\/brown-ceramic-vase-on-brown-wooden-table-uKtCug0SKuk?utm_content=creditCopyText&amp;utm_medium=referral&amp;utm_source=unsplash\" target=\"_blank\" rel=\"noreferrer noopener nofollow\">Unsplash<\/a><\/figcaption><\/figure>\n\n\n\n<p>Sok m\u00e1st is ki kellett tal\u00e1lni, a rakt\u00e1roz\u00e1si ed\u00e9nyekt\u0151l kezdve. Kor\u00e1bban ilyen probl\u00e9ma nem volt, a vad\u00e1szok \u00e9s gy\u0171jt\u00f6get\u0151k nem szereztek be t\u00f6bb \u00e9lelmet, mint amennyit meg tudtak enni. Most azonban r\u00e1gcs\u00e1l\u00f3k lept\u00e9k el \u0151ket, ha t\u00fal sok\u00e1ig t\u00e1rolt\u00e1k. A leteleped\u00e9s \u00f6szt\u00f6n\u00f6zte a feltal\u00e1l\u00e1st, de a folyamat id\u0151t vett ig\u00e9nybe. <\/p>\n\n\n\n<p>Ennek eredm\u00e9nyek\u00e9nt a teljes \u00e9rt\u00e9k\u0171 neolitikum csak 6000 \u00e9vvel ezel\u0151tt kezd\u0151d\u00f6tt el. A f\u00f6ldm\u0171vesek ekkorra m\u00e1r messze elterjedtek az eredeti r\u00e9gi\u00f3k hat\u00e1rain t\u00fal, \u00e9s ben\u00e9pes\u00edtett\u00e9k az \u00f6sszes kedvez\u0151 kl\u00edm\u00e1j\u00fa ter\u00fcletet.<\/p>\n\n\n\n\n<div style=\"float:none;margin:0px 0 0px 0;text-align:center;\">\n<div class=\"mobileHideke8\"><div class=\"hirdeteshatter\"><div style=\"display: inline-block;width: 50%;min-width:340px;vertical-align: top;\"><div class=\"hirdetes\">HIRDET\u00c9S<\/div>\n<!-- LikedQ81 -->\n<ins class=\"adsbygoogle\"\n     style=\"display:inline-block;width:336px;height:280px\"\n     data-ad-client=\"ca-pub-9424088931673893\"\n     data-ad-slot=\"2436840276\"><\/ins>\n<script async>\n     (adsbygoogle = window.adsbygoogle || []).push({});\n<\/script><\/div><div style=\"display: inline-block;width: 50%;min-width:340px;vertical-align: top;\"><div class=\"hirdetes\">HIRDET\u00c9S<\/div>\n<!-- LikedQ82 -->\n<ins class=\"adsbygoogle\"\n     style=\"display:inline-block;width:336px;height:280px\"\n     data-ad-client=\"ca-pub-9424088931673893\"\n     data-ad-slot=\"3558350253\"><\/ins>\n<script async>\n     (adsbygoogle = window.adsbygoogle || []).push({});\n<\/script><\/div><\/div><\/div>\n<div style=\"display:flex;flex-direction:column;\"><div class=\"mobileShowka8 nyolc\"><div style=\"padding-top:15px;padding-bottom:5px;min-height: 300px;\"><div class=\"hirdetes\">HIRDET\u00c9S<\/div>\n<!-- LikedQ8M -->\n<ins class=\"adsbygoogle\"\n     style=\"display:inline-block;width:336px;height:280px\"\n     data-ad-client=\"ca-pub-9424088931673893\"\n     data-ad-slot=\"4679860235\"><\/ins>\n<script async>\n     (adsbygoogle = window.adsbygoogle || []).push({});\n<\/script><\/div><\/div><\/div><\/div>\n\n\n\n\n<figure class=\"wp-block-image size-full\"><img loading=\"lazy\" width=\"640\" height=\"480\" src=\"https:\/\/liked.hu\/old\/wp-content\/uploads\/2024\/04\/russ-mccabe-4f_fhoAn3bI-unsplash.jpg\" alt=\"russ mccabe 4f fhoAn3bI unsplash\" class=\"wp-image-332424\"\/><figcaption><a href=\"https:\/\/unsplash.com\/@digibread?utm_content=creditCopyText&amp;utm_medium=referral&amp;utm_source=unsplash\" target=\"_blank\" rel=\"noreferrer noopener nofollow\">Russ McCabe<\/a> \/ <a href=\"https:\/\/unsplash.com\/photos\/brown-concrete-buildings-4f_fhoAn3bI?utm_content=creditCopyText&amp;utm_medium=referral&amp;utm_source=unsplash\" target=\"_blank\" rel=\"noreferrer noopener nofollow\">Unsplash<\/a><\/figcaption><\/figure>\n\n\n\n<p>Azonban m\u00e9g mindig nem besz\u00e9lhet\u00fcnk civiliz\u00e1ci\u00f3kr\u00f3l. Hi\u00e1nyzott m\u00e9g egy kulcsfontoss\u00e1g\u00fa tal\u00e1lm\u00e1ny: az \u00f6nt\u00f6z\u00e9s. Minden \u0151si civiliz\u00e1ci\u00f3 ott j\u00f6tt l\u00e9tre ugyanis, ahol a f\u00f6ldm\u0171vel\u00e9shez \u00f6nt\u00f6z\u0151- (vagy v\u00edzelvezet\u0151-) csatorn\u00e1kat kellett \u00e9p\u00edteni.<\/p>\n\n\n\n<p>Ezek ugyanis t\u00fal nagy projektek voltak egyetlen apr\u00f3 t\u00f6rzs sz\u00e1m\u00e1ra. Olyan t\u00f6megeket \u00f6sszekov\u00e1csol\u00f3 t\u00e9nyez\u0151re volt sz\u00fcks\u00e9g a l\u00e9trehoz\u00e1sukhoz, mint az \u00e1llam.<\/p>\n\n\n\n<figure class=\"wp-block-image size-full\"><img loading=\"lazy\" width=\"1024\" height=\"870\" src=\"https:\/\/liked.hu\/old\/wp-content\/uploads\/2024\/04\/Civilizacios-dolgok-014.webp\" alt=\"Civiliz\u00e1ci\u00f3s dolgok 014\" class=\"wp-image-332420\" srcset=\"https:\/\/liked.hu\/old\/wp-content\/uploads\/2024\/04\/Civilizacios-dolgok-014.webp 1024w, https:\/\/liked.hu\/old\/wp-content\/uploads\/2024\/04\/Civilizacios-dolgok-014-768x653.webp 768w\" sizes=\"(max-width: 1024px) 100vw, 1024px\" \/><\/figure>\n\n\n\n<p>K\u00f6vetkez\u00e9sk\u00e9ppen teh\u00e1t a civiliz\u00e1ci\u00f3k gyakorlatilag nem j\u00f6hettek l\u00e9tre 6000 \u00e9vn\u00e9l kor\u00e1bban, mivel a technol\u00f3giai fejl\u0151d\u00e9s m\u00e9g nem \u00e9rte el az ehhez sz\u00fcks\u00e9ges szintet. A bolyg\u00f3 egyetlen pontj\u00e1n sem. Hallott m\u00e1r valaki h\u00fcperboreai vagy atlantiszi ker\u00e1mi\u00e1r\u00f3l? Ugye, hogy nem. <\/p>\n\n\n\n<p>\u00c9s miut\u00e1n felhalmoz\u00f3dott a tud\u00e1s, \u2013 nagyj\u00e1b\u00f3l egy id\u0151ben mindenhol, mivel a leteleped\u00e9sre alkalmass\u00e1 v\u00e1l\u00f3 z\u00f3n\u00e1kban (az emberis\u00e9g fejl\u0151d\u00e9si k\u00f6zpontjaiban) a felt\u00e9telek nagyj\u00e1b\u00f3l egyenl\u0151ek voltak \u2013 az \u00e1llamok ott j\u00f6ttek l\u00e9tre, ahol objekt\u00edv sz\u00fcks\u00e9g volt r\u00e1juk. M\u00e1s r\u00e9gi\u00f3kban a civiliz\u00e1ci\u00f3k k\u00e9s\u0151bb, a bronz- \u00e9s vaskorszakban j\u00f6ttek l\u00e9tre, m\u00e1r az \u00f6nt\u00f6z\u00e9s hat\u00e1s\u00e1ra.<\/p>\n","protected":false},"excerpt":{"rendered":"<p>V\u00e9letlen egybees\u00e9s lenne az eg\u00e9sz? Igaz\u00e1b\u00f3l nem.<\/p>\n","protected":false},"author":7,"featured_media":332421,"comment_status":"open","ping_status":"closed","sticky":false,"template":"","format":"standard","meta":{"buzzeditor_post_format":""},"categories":[23],"tags":[626,5823,2655],"yoast_head":"<!-- This site is optimized with the Yoast SEO plugin v19.6.1 - https:\/\/yoast.com\/wordpress\/plugins\/seo\/ -->\n<title>Mi\u00e9rt csak 6 ezer \u00e9ve, \u00e9s egyszerre, ugyanabban az id\u0151ben jelentek meg az els\u0151 civiliz\u00e1ci\u00f3k?<\/title>\n<meta name=\"description\" content=\"V\u00e9letlen egybees\u00e9s lenne az eg\u00e9sz? Igaz\u00e1b\u00f3l nem.\" \/>\n<meta name=\"robots\" content=\"index, follow, max-snippet:-1, max-image-preview:large, max-video-preview:-1\" \/>\n<link rel=\"canonical\" href=\"https:\/\/liked.hu\/old\/erdekes\/miert-csak-6-ezer-eve-es-egyszerre-ugyanabban-az-idoben-jelentek-meg-az-elso-civilizaciok\/\" \/>\n<meta property=\"og:locale\" content=\"hu_HU\" \/>\n<meta property=\"og:type\" content=\"article\" \/>\n<meta property=\"og:title\" content=\"Mi\u00e9rt csak 6 ezer \u00e9ve, \u00e9s egyszerre, ugyanabban az id\u0151ben jelentek meg az els\u0151 civiliz\u00e1ci\u00f3k?\" \/>\n<meta property=\"og:description\" content=\"V\u00e9letlen egybees\u00e9s lenne az eg\u00e9sz? Igaz\u00e1b\u00f3l nem.\" \/>\n<meta property=\"og:url\" content=\"https:\/\/liked.hu\/old\/erdekes\/miert-csak-6-ezer-eve-es-egyszerre-ugyanabban-az-idoben-jelentek-meg-az-elso-civilizaciok\/\" \/>\n<meta property=\"og:site_name\" content=\"Liked.hu\" \/>\n<meta property=\"article:publisher\" content=\"https:\/\/www.facebook.com\/liked.hu\" \/>\n<meta property=\"article:published_time\" content=\"2024-04-14T01:29:13+00:00\" \/>\n<meta property=\"article:modified_time\" content=\"2024-04-14T01:32:48+00:00\" \/>\n<meta property=\"og:image\" content=\"https:\/\/liked.hu\/old\/wp-content\/uploads\/2024\/04\/Megjelent-civilizaciok.jpg\" \/>\n\t<meta property=\"og:image:width\" content=\"1200\" \/>\n\t<meta property=\"og:image:height\" content=\"630\" \/>\n\t<meta property=\"og:image:type\" content=\"image\/jpeg\" \/>\n<meta name=\"author\" content=\"Tiborc\" \/>\n<meta name=\"twitter:card\" content=\"summary\" \/>\n<meta name=\"twitter:creator\" content=\"@LikedHu\" \/>\n<meta name=\"twitter:site\" content=\"@LikedHu\" \/>\n<meta name=\"twitter:label1\" content=\"Szerz\u0151:\" \/>\n\t<meta name=\"twitter:data1\" content=\"Tiborc\" \/>\n\t<meta name=\"twitter:label2\" content=\"Becs\u00fclt olvas\u00e1si id\u0151\" \/>\n\t<meta name=\"twitter:data2\" content=\"6 perc\" \/>\n<script type=\"application\/ld+json\" class=\"yoast-schema-graph\">{\"@context\":\"https:\/\/schema.org\",\"@graph\":[{\"@type\":\"Article\",\"@id\":\"https:\/\/liked.hu\/old\/erdekes\/miert-csak-6-ezer-eve-es-egyszerre-ugyanabban-az-idoben-jelentek-meg-az-elso-civilizaciok\/#article\",\"isPartOf\":{\"@id\":\"https:\/\/liked.hu\/old\/erdekes\/miert-csak-6-ezer-eve-es-egyszerre-ugyanabban-az-idoben-jelentek-meg-az-elso-civilizaciok\/\"},\"author\":{\"name\":\"Tiborc\",\"@id\":\"https:\/\/liked.hu\/old\/#\/schema\/person\/8b92210be73c8af1a8255bd30ebe772b\"},\"headline\":\"Mi\u00e9rt csak 6 ezer \u00e9ve, \u00e9s egyszerre, ugyanabban az id\u0151ben jelentek meg az els\u0151 civiliz\u00e1ci\u00f3k?\",\"datePublished\":\"2024-04-14T01:29:13+00:00\",\"dateModified\":\"2024-04-14T01:32:48+00:00\",\"mainEntityOfPage\":{\"@id\":\"https:\/\/liked.hu\/old\/erdekes\/miert-csak-6-ezer-eve-es-egyszerre-ugyanabban-az-idoben-jelentek-meg-az-elso-civilizaciok\/\"},\"wordCount\":1160,\"commentCount\":0,\"publisher\":{\"@id\":\"https:\/\/liked.hu\/old\/#organization\"},\"keywords\":[\"emberis\u00e9g\",\"Ma tudtam meg!\",\"t\u00f6rt\u00e9nelem\"],\"articleSection\":[\"\u00c9rdekess\u00e9gek\"],\"inLanguage\":\"hu\",\"potentialAction\":[{\"@type\":\"CommentAction\",\"name\":\"Comment\",\"target\":[\"https:\/\/liked.hu\/old\/erdekes\/miert-csak-6-ezer-eve-es-egyszerre-ugyanabban-az-idoben-jelentek-meg-az-elso-civilizaciok\/#respond\"]}]},{\"@type\":\"WebPage\",\"@id\":\"https:\/\/liked.hu\/old\/erdekes\/miert-csak-6-ezer-eve-es-egyszerre-ugyanabban-az-idoben-jelentek-meg-az-elso-civilizaciok\/\",\"url\":\"https:\/\/liked.hu\/old\/erdekes\/miert-csak-6-ezer-eve-es-egyszerre-ugyanabban-az-idoben-jelentek-meg-az-elso-civilizaciok\/\",\"name\":\"Mi\u00e9rt csak 6 ezer \u00e9ve, \u00e9s egyszerre, ugyanabban az id\u0151ben jelentek meg az els\u0151 civiliz\u00e1ci\u00f3k?\",\"isPartOf\":{\"@id\":\"https:\/\/liked.hu\/old\/#website\"},\"datePublished\":\"2024-04-14T01:29:13+00:00\",\"dateModified\":\"2024-04-14T01:32:48+00:00\",\"description\":\"V\u00e9letlen egybees\u00e9s lenne az eg\u00e9sz? Igaz\u00e1b\u00f3l nem.\",\"breadcrumb\":{\"@id\":\"https:\/\/liked.hu\/old\/erdekes\/miert-csak-6-ezer-eve-es-egyszerre-ugyanabban-az-idoben-jelentek-meg-az-elso-civilizaciok\/#breadcrumb\"},\"inLanguage\":\"hu\",\"potentialAction\":[{\"@type\":\"ReadAction\",\"target\":[\"https:\/\/liked.hu\/old\/erdekes\/miert-csak-6-ezer-eve-es-egyszerre-ugyanabban-az-idoben-jelentek-meg-az-elso-civilizaciok\/\"]}]},{\"@type\":\"BreadcrumbList\",\"@id\":\"https:\/\/liked.hu\/old\/erdekes\/miert-csak-6-ezer-eve-es-egyszerre-ugyanabban-az-idoben-jelentek-meg-az-elso-civilizaciok\/#breadcrumb\",\"itemListElement\":[{\"@type\":\"ListItem\",\"position\":1,\"name\":\"Kezd\u0151lap\",\"item\":\"https:\/\/liked.hu\/old\/\"},{\"@type\":\"ListItem\",\"position\":2,\"name\":\"Mi\u00e9rt csak 6 ezer \u00e9ve, \u00e9s egyszerre, ugyanabban az id\u0151ben jelentek meg az els\u0151 civiliz\u00e1ci\u00f3k?\"}]},{\"@type\":\"WebSite\",\"@id\":\"https:\/\/liked.hu\/old\/#website\",\"url\":\"https:\/\/liked.hu\/old\/\",\"name\":\"Liked.hu\",\"description\":\"\",\"publisher\":{\"@id\":\"https:\/\/liked.hu\/old\/#organization\"},\"potentialAction\":[{\"@type\":\"SearchAction\",\"target\":{\"@type\":\"EntryPoint\",\"urlTemplate\":\"https:\/\/liked.hu\/old\/?s={search_term_string}\"},\"query-input\":\"required name=search_term_string\"}],\"inLanguage\":\"hu\"},{\"@type\":\"Organization\",\"@id\":\"https:\/\/liked.hu\/old\/#organization\",\"name\":\"Liked.hu\",\"url\":\"https:\/\/liked.hu\/old\/\",\"sameAs\":[\"https:\/\/hu.pinterest.com\/likedhungary\/\",\"https:\/\/www.youtube.com\/channel\/UCPv91dbMoIukYcM9b9nHN6Q\",\"https:\/\/www.facebook.com\/liked.hu\",\"https:\/\/twitter.com\/LikedHu\"],\"logo\":{\"@type\":\"ImageObject\",\"inLanguage\":\"hu\",\"@id\":\"https:\/\/liked.hu\/old\/#\/schema\/logo\/image\/\",\"url\":\"https:\/\/liked.hu\/wp-content\/uploads\/2018\/08\/Liked-icon.png\",\"contentUrl\":\"https:\/\/liked.hu\/wp-content\/uploads\/2018\/08\/Liked-icon.png\",\"width\":512,\"height\":512,\"caption\":\"Liked.hu\"},\"image\":{\"@id\":\"https:\/\/liked.hu\/old\/#\/schema\/logo\/image\/\"}},{\"@type\":\"Person\",\"@id\":\"https:\/\/liked.hu\/old\/#\/schema\/person\/8b92210be73c8af1a8255bd30ebe772b\",\"name\":\"Tiborc\",\"image\":{\"@type\":\"ImageObject\",\"inLanguage\":\"hu\",\"@id\":\"https:\/\/liked.hu\/old\/#\/schema\/person\/image\/\",\"url\":\"https:\/\/liked.hu\/old\/wp-content\/uploads\/avatars\/7\/604de8ed2ffd6-bpfull.jpg\",\"contentUrl\":\"https:\/\/liked.hu\/old\/wp-content\/uploads\/avatars\/7\/604de8ed2ffd6-bpfull.jpg\",\"caption\":\"Tiborc\"},\"url\":\"https:\/\/liked.hu\/old\/u\/tiborc\/\"}]}<\/script>\n<!-- \/ Yoast SEO plugin. -->","yoast_head_json":{"title":"Mi\u00e9rt csak 6 ezer \u00e9ve, \u00e9s egyszerre, ugyanabban az id\u0151ben jelentek meg az els\u0151 civiliz\u00e1ci\u00f3k?","description":"V\u00e9letlen egybees\u00e9s lenne az eg\u00e9sz? Igaz\u00e1b\u00f3l nem.","robots":{"index":"index","follow":"follow","max-snippet":"max-snippet:-1","max-image-preview":"max-image-preview:large","max-video-preview":"max-video-preview:-1"},"canonical":"https:\/\/liked.hu\/old\/erdekes\/miert-csak-6-ezer-eve-es-egyszerre-ugyanabban-az-idoben-jelentek-meg-az-elso-civilizaciok\/","og_locale":"hu_HU","og_type":"article","og_title":"Mi\u00e9rt csak 6 ezer \u00e9ve, \u00e9s egyszerre, ugyanabban az id\u0151ben jelentek meg az els\u0151 civiliz\u00e1ci\u00f3k?","og_description":"V\u00e9letlen egybees\u00e9s lenne az eg\u00e9sz? Igaz\u00e1b\u00f3l nem.","og_url":"https:\/\/liked.hu\/old\/erdekes\/miert-csak-6-ezer-eve-es-egyszerre-ugyanabban-az-idoben-jelentek-meg-az-elso-civilizaciok\/","og_site_name":"Liked.hu","article_publisher":"https:\/\/www.facebook.com\/liked.hu","article_published_time":"2024-04-14T01:29:13+00:00","article_modified_time":"2024-04-14T01:32:48+00:00","og_image":[{"width":1200,"height":630,"url":"https:\/\/liked.hu\/old\/wp-content\/uploads\/2024\/04\/Megjelent-civilizaciok.jpg","type":"image\/jpeg"}],"author":"Tiborc","twitter_card":"summary","twitter_creator":"@LikedHu","twitter_site":"@LikedHu","twitter_misc":{"Szerz\u0151:":"Tiborc","Becs\u00fclt olvas\u00e1si id\u0151":"6 perc"},"schema":{"@context":"https:\/\/schema.org","@graph":[{"@type":"Article","@id":"https:\/\/liked.hu\/old\/erdekes\/miert-csak-6-ezer-eve-es-egyszerre-ugyanabban-az-idoben-jelentek-meg-az-elso-civilizaciok\/#article","isPartOf":{"@id":"https:\/\/liked.hu\/old\/erdekes\/miert-csak-6-ezer-eve-es-egyszerre-ugyanabban-az-idoben-jelentek-meg-az-elso-civilizaciok\/"},"author":{"name":"Tiborc","@id":"https:\/\/liked.hu\/old\/#\/schema\/person\/8b92210be73c8af1a8255bd30ebe772b"},"headline":"Mi\u00e9rt csak 6 ezer \u00e9ve, \u00e9s egyszerre, ugyanabban az id\u0151ben jelentek meg az els\u0151 civiliz\u00e1ci\u00f3k?","datePublished":"2024-04-14T01:29:13+00:00","dateModified":"2024-04-14T01:32:48+00:00","mainEntityOfPage":{"@id":"https:\/\/liked.hu\/old\/erdekes\/miert-csak-6-ezer-eve-es-egyszerre-ugyanabban-az-idoben-jelentek-meg-az-elso-civilizaciok\/"},"wordCount":1160,"commentCount":0,"publisher":{"@id":"https:\/\/liked.hu\/old\/#organization"},"keywords":["emberis\u00e9g","Ma tudtam meg!","t\u00f6rt\u00e9nelem"],"articleSection":["\u00c9rdekess\u00e9gek"],"inLanguage":"hu","potentialAction":[{"@type":"CommentAction","name":"Comment","target":["https:\/\/liked.hu\/old\/erdekes\/miert-csak-6-ezer-eve-es-egyszerre-ugyanabban-az-idoben-jelentek-meg-az-elso-civilizaciok\/#respond"]}]},{"@type":"WebPage","@id":"https:\/\/liked.hu\/old\/erdekes\/miert-csak-6-ezer-eve-es-egyszerre-ugyanabban-az-idoben-jelentek-meg-az-elso-civilizaciok\/","url":"https:\/\/liked.hu\/old\/erdekes\/miert-csak-6-ezer-eve-es-egyszerre-ugyanabban-az-idoben-jelentek-meg-az-elso-civilizaciok\/","name":"Mi\u00e9rt csak 6 ezer \u00e9ve, \u00e9s egyszerre, ugyanabban az id\u0151ben jelentek meg az els\u0151 civiliz\u00e1ci\u00f3k?","isPartOf":{"@id":"https:\/\/liked.hu\/old\/#website"},"datePublished":"2024-04-14T01:29:13+00:00","dateModified":"2024-04-14T01:32:48+00:00","description":"V\u00e9letlen egybees\u00e9s lenne az eg\u00e9sz? Igaz\u00e1b\u00f3l nem.","breadcrumb":{"@id":"https:\/\/liked.hu\/old\/erdekes\/miert-csak-6-ezer-eve-es-egyszerre-ugyanabban-az-idoben-jelentek-meg-az-elso-civilizaciok\/#breadcrumb"},"inLanguage":"hu","potentialAction":[{"@type":"ReadAction","target":["https:\/\/liked.hu\/old\/erdekes\/miert-csak-6-ezer-eve-es-egyszerre-ugyanabban-az-idoben-jelentek-meg-az-elso-civilizaciok\/"]}]},{"@type":"BreadcrumbList","@id":"https:\/\/liked.hu\/old\/erdekes\/miert-csak-6-ezer-eve-es-egyszerre-ugyanabban-az-idoben-jelentek-meg-az-elso-civilizaciok\/#breadcrumb","itemListElement":[{"@type":"ListItem","position":1,"name":"Kezd\u0151lap","item":"https:\/\/liked.hu\/old\/"},{"@type":"ListItem","position":2,"name":"Mi\u00e9rt csak 6 ezer \u00e9ve, \u00e9s egyszerre, ugyanabban az id\u0151ben jelentek meg az els\u0151 civiliz\u00e1ci\u00f3k?"}]},{"@type":"WebSite","@id":"https:\/\/liked.hu\/old\/#website","url":"https:\/\/liked.hu\/old\/","name":"Liked.hu","description":"","publisher":{"@id":"https:\/\/liked.hu\/old\/#organization"},"potentialAction":[{"@type":"SearchAction","target":{"@type":"EntryPoint","urlTemplate":"https:\/\/liked.hu\/old\/?s={search_term_string}"},"query-input":"required name=search_term_string"}],"inLanguage":"hu"},{"@type":"Organization","@id":"https:\/\/liked.hu\/old\/#organization","name":"Liked.hu","url":"https:\/\/liked.hu\/old\/","sameAs":["https:\/\/hu.pinterest.com\/likedhungary\/","https:\/\/www.youtube.com\/channel\/UCPv91dbMoIukYcM9b9nHN6Q","https:\/\/www.facebook.com\/liked.hu","https:\/\/twitter.com\/LikedHu"],"logo":{"@type":"ImageObject","inLanguage":"hu","@id":"https:\/\/liked.hu\/old\/#\/schema\/logo\/image\/","url":"https:\/\/liked.hu\/wp-content\/uploads\/2018\/08\/Liked-icon.png","contentUrl":"https:\/\/liked.hu\/wp-content\/uploads\/2018\/08\/Liked-icon.png","width":512,"height":512,"caption":"Liked.hu"},"image":{"@id":"https:\/\/liked.hu\/old\/#\/schema\/logo\/image\/"}},{"@type":"Person","@id":"https:\/\/liked.hu\/old\/#\/schema\/person\/8b92210be73c8af1a8255bd30ebe772b","name":"Tiborc","image":{"@type":"ImageObject","inLanguage":"hu","@id":"https:\/\/liked.hu\/old\/#\/schema\/person\/image\/","url":"https:\/\/liked.hu\/old\/wp-content\/uploads\/avatars\/7\/604de8ed2ffd6-bpfull.jpg","contentUrl":"https:\/\/liked.hu\/old\/wp-content\/uploads\/avatars\/7\/604de8ed2ffd6-bpfull.jpg","caption":"Tiborc"},"url":"https:\/\/liked.hu\/old\/u\/tiborc\/"}]}},"publishpress_future_action":{"enabled":false,"date":"1970-01-01 01:00:00","action":"","terms":[],"taxonomy":"","browser_timezone_offset":0},"_links":{"self":[{"href":"https:\/\/liked.hu\/old\/wp-json\/wp\/v2\/posts\/332415"}],"collection":[{"href":"https:\/\/liked.hu\/old\/wp-json\/wp\/v2\/posts"}],"about":[{"href":"https:\/\/liked.hu\/old\/wp-json\/wp\/v2\/types\/post"}],"author":[{"embeddable":true,"href":"https:\/\/liked.hu\/old\/wp-json\/wp\/v2\/users\/7"}],"replies":[{"embeddable":true,"href":"https:\/\/liked.hu\/old\/wp-json\/wp\/v2\/comments?post=332415"}],"version-history":[{"count":0,"href":"https:\/\/liked.hu\/old\/wp-json\/wp\/v2\/posts\/332415\/revisions"}],"wp:featuredmedia":[{"embeddable":true,"href":"https:\/\/liked.hu\/old\/wp-json\/wp\/v2\/media\/332421"}],"wp:attachment":[{"href":"https:\/\/liked.hu\/old\/wp-json\/wp\/v2\/media?parent=332415"}],"wp:term":[{"taxonomy":"category","embeddable":true,"href":"https:\/\/liked.hu\/old\/wp-json\/wp\/v2\/categories?post=332415"},{"taxonomy":"post_tag","embeddable":true,"href":"https:\/\/liked.hu\/old\/wp-json\/wp\/v2\/tags?post=332415"}],"curies":[{"name":"wp","href":"https:\/\/api.w.org\/{rel}","templated":true}]}}