{"id":331869,"date":"2024-04-11T19:55:48","date_gmt":"2024-04-11T18:55:48","guid":{"rendered":"https:\/\/liked.hu\/old\/?p=331869"},"modified":"2024-04-11T19:55:51","modified_gmt":"2024-04-11T18:55:51","slug":"17-erdekes-osszehasonlitas-ami-minden-szonal-jobban-mutatja-be-a-kulonbsegeket","status":"publish","type":"post","link":"https:\/\/liked.hu\/old\/erdekes\/17-erdekes-osszehasonlitas-ami-minden-szonal-jobban-mutatja-be-a-kulonbsegeket\/","title":{"rendered":"17 \u00e9rdekes \u00f6sszehasonl\u00edt\u00e1s, ami minden sz\u00f3n\u00e1l jobban mutatja be a k\u00fcl\u00f6nbs\u00e9geket"},"content":{"rendered":"\n<p>A mond\u00e1s, miszerint &#8222;mindent viszony\u00edt\u00e1s r\u00e9v\u00e9n ismer\u00fcnk meg&#8221;, b\u00e1r k\u00f6zhelyes, m\u00e9gis hihetetlen\u00fcl igaz. Az \u00f6sszehasonl\u00edt\u00e1snak ugyanis megvan az a k\u00fcl\u00f6nleges k\u00e9pess\u00e9ge, hogy a seg\u00edts\u00e9g\u00e9vel vil\u00e1gosan kiemelhetj\u00fck a t\u00e1rgyak k\u00f6zti hasonl\u00f3s\u00e1gokat vagy k\u00fcl\u00f6nbs\u00e9geket.<\/p>\n\n\n\n\n<div style=\"float:none;margin:0px 0 0px 0;text-align:center;\">\n<div class=\"mobileShowkakettes\"><div class=\"mobileShowka2\"><div style=\"padding-top:0px;padding-bottom:15px;min-height: 300px;\"><div class=\"hirdetes\">HIRDET\u00c9S<\/div>\n<!-- 300lista -->\n<ins class=\"adsbygoogle\"\n     style=\"display:inline-block;width:300px;height:250px\"\n     data-ad-client=\"ca-pub-9424088931673893\"\n     data-ad-slot=\"8471340766\"><\/ins>\n<script async>\n     (adsbygoogle = window.adsbygoogle || []).push({});\n<\/script><\/div><\/div><\/div><\/div>\n\n\n\n\n<p>A m\u00f3dszer legf\u0151bb el\u0151nye az egyszer\u0171s\u00e9g \u00e9s a meg\u00e9rthet\u0151s\u00e9g. Nincs sz\u00fcks\u00e9g felesleges magyar\u00e1zatokra \u00e9s sz\u00e1m\u00edt\u00e1sokra. Az \u00f6sszehasonl\u00edt\u00e1sok gyakran kulcsot adnak \u00faj felfedez\u00e9sekhez \u00e9s k\u00f6vetkeztet\u00e9sekhez, amelyek ez\u00e1ltal hozz\u00e1j\u00e1rulnak a l\u00e1t\u00f3k\u00f6r\u00fcnk b\u0151v\u00edt\u00e9s\u00e9hez. Ezek n\u00e9ha olyan furcs\u00e1k \u00e9s szokatlanok is lehetnek, hogy azonnal meg akarjuk osztani \u0151ket m\u00e1sokkal.<\/p>\n\n\n\n<div class=\"wp-block-buzzeditor-list be-list be-list-type-asc be-list-number-style-none\">\n<div class=\"wp-block-buzzeditor-list-item\"><h3 class=\"be-list-item-title\"><span style=\"color:;background-color:;border-color:\" class=\"be-list-item-number\">1<\/span> <span style=\"color:;background-color:;border-color:\" class=\"be-list-item-text\">\u00daj sz\u0171r\u0151 \u00e9s egy hetes sz\u0171r\u0151 egy gy\u00e1rt\u00f3m\u0171helyben.<\/span><\/h3>\n<figure class=\"wp-block-image size-full\"><img loading=\"lazy\" width=\"1080\" height=\"1920\" src=\"https:\/\/liked.hu\/old\/wp-content\/uploads\/2024\/04\/Osszehasonlito-fotok-erdekesseg-026.webp\" alt=\"\u00d6sszehasonl\u00edt\u00f3 fot\u00f3k \u00e9rdekess\u00e9g 026\" class=\"wp-image-331887\" srcset=\"https:\/\/liked.hu\/old\/wp-content\/uploads\/2024\/04\/Osszehasonlito-fotok-erdekesseg-026.webp 1080w, https:\/\/liked.hu\/old\/wp-content\/uploads\/2024\/04\/Osszehasonlito-fotok-erdekesseg-026-768x1365.webp 768w\" sizes=\"(max-width: 1080px) 100vw, 1080px\" \/><\/figure>\n\n\n\n<p><\/p>\n<\/div>\n\n\n\n<div class=\"wp-block-buzzeditor-list-item\"><h3 class=\"be-list-item-title\"><span style=\"color:;background-color:;border-color:\" class=\"be-list-item-number\">2<\/span> <span style=\"color:;background-color:;border-color:\" class=\"be-list-item-text\">Ez a l\u00e1ny elment fodr\u00e1szhoz, hogy kiegyenes\u00edtse a g\u00f6nd\u00f6r f\u00fcrtjeit. N\u00e9zd meg, hogy milyen hossz\u00faak val\u00f3j\u00e1ban.<\/span><\/h3>\n<figure class=\"wp-block-image size-full\"><img loading=\"lazy\" width=\"1080\" height=\"1080\" src=\"https:\/\/liked.hu\/old\/wp-content\/uploads\/2024\/04\/Osszehasonlito-fotok-erdekesseg-025.webp\" alt=\"\u00d6sszehasonl\u00edt\u00f3 fot\u00f3k \u00e9rdekess\u00e9g 025\" class=\"wp-image-331886\" srcset=\"https:\/\/liked.hu\/old\/wp-content\/uploads\/2024\/04\/Osszehasonlito-fotok-erdekesseg-025.webp 1080w, https:\/\/liked.hu\/old\/wp-content\/uploads\/2024\/04\/Osszehasonlito-fotok-erdekesseg-025-768x768.webp 768w\" sizes=\"(max-width: 1080px) 100vw, 1080px\" \/><\/figure>\n\n\n\n\n<div style=\"float:none;margin:0px 0 0px 0;text-align:center;\">\n<div class=\"mobileHideke5\"><div style=\"margin-top:25px;\"><div class=\"hirdeteshatter\"><div style=\"display: inline-block;width: 50%;min-width:305px;vertical-align: top;\"><div class=\"hirdetes\">HIRDET\u00c9S<\/div>\n<!-- LikedQ51 -->\n<ins class=\"adsbygoogle\"\n     style=\"display:inline-block;width:300px;height:250px\"\n     data-ad-client=\"ca-pub-9424088931673893\"\n     data-ad-slot=\"8284063326\"><\/ins>\n<script async>\n     (adsbygoogle = window.adsbygoogle || []).push({});\n<\/script><\/div><div style=\"display: inline-block;width: 50%;min-width:305px;vertical-align: top;\"><div class=\"hirdetes\">HIRDET\u00c9S<\/div>\n<!-- LikedQ52 -->\n<ins class=\"adsbygoogle\"\n     style=\"display:inline-block;width:300px;height:250px\"\n     data-ad-client=\"ca-pub-9424088931673893\"\n     data-ad-slot=\"2840164950\"><\/ins>\n<script async>\n     (adsbygoogle = window.adsbygoogle || []).push({});\n<\/script><\/div><\/div><\/div><\/div>\n<div style=\"display:flex;flex-direction:column;\"><div class=\"mobileShowka5\"><div style=\"padding-top:10px;padding-bottom:10px;min-height: 300px;\"><div class=\"hirdetes\">HIRDET\u00c9S<\/div>\n<!-- LikedQ5M -->\n<ins class=\"adsbygoogle\"\n     style=\"display:inline-block;width:300px;height:250px\"\n     data-ad-client=\"ca-pub-9424088931673893\"\n     data-ad-slot=\"9022429928\"><\/ins>\n<script async>\n     (adsbygoogle = window.adsbygoogle || []).push({});\n<\/script><\/div><\/div><\/div><\/div>\n\n<\/div>\n\n\n\n<div class=\"wp-block-buzzeditor-list-item\"><h3 class=\"be-list-item-title\"><span style=\"color:;background-color:;border-color:\" class=\"be-list-item-number\">3<\/span> <span style=\"color:;background-color:;border-color:\" class=\"be-list-item-text\">A k\u00fcl\u00f6nbs\u00e9g k\u00e9t j\u00e9gkorongcsapat j\u00e1t\u00e9kosai k\u00f6z\u00f6tt.<\/span><\/h3>\n<figure class=\"wp-block-image size-full\"><img loading=\"lazy\" width=\"1080\" height=\"1274\" src=\"https:\/\/liked.hu\/old\/wp-content\/uploads\/2024\/04\/Osszehasonlito-fotok-erdekesseg-024.webp\" alt=\"\u00d6sszehasonl\u00edt\u00f3 fot\u00f3k \u00e9rdekess\u00e9g 024\" class=\"wp-image-331885\" srcset=\"https:\/\/liked.hu\/old\/wp-content\/uploads\/2024\/04\/Osszehasonlito-fotok-erdekesseg-024.webp 1080w, https:\/\/liked.hu\/old\/wp-content\/uploads\/2024\/04\/Osszehasonlito-fotok-erdekesseg-024-768x906.webp 768w\" sizes=\"(max-width: 1080px) 100vw, 1080px\" \/><\/figure>\n\n\n\n<p><\/p>\n<\/div>\n\n\n\n<div class=\"wp-block-buzzeditor-list-item\"><h3 class=\"be-list-item-title\"><span style=\"color:;background-color:;border-color:\" class=\"be-list-item-number\">4<\/span> <span style=\"color:;background-color:;border-color:\" class=\"be-list-item-text\">,,Az agyam bal f\u00e9ltek\u00e9je nagyobb, mint a jobb.&#8221;<\/span><\/h3>\n<figure class=\"wp-block-image size-full\"><img loading=\"lazy\" width=\"1008\" height=\"1087\" src=\"https:\/\/liked.hu\/old\/wp-content\/uploads\/2024\/04\/Osszehasonlito-fotok-erdekesseg-023.webp\" alt=\"\u00d6sszehasonl\u00edt\u00f3 fot\u00f3k \u00e9rdekess\u00e9g 023\" class=\"wp-image-331884\" srcset=\"https:\/\/liked.hu\/old\/wp-content\/uploads\/2024\/04\/Osszehasonlito-fotok-erdekesseg-023.webp 1008w, https:\/\/liked.hu\/old\/wp-content\/uploads\/2024\/04\/Osszehasonlito-fotok-erdekesseg-023-768x828.webp 768w\" sizes=\"(max-width: 1008px) 100vw, 1008px\" \/><\/figure>\n\n\n\n<ul><li>Technikailag a jobb oldala nagyobb. Az MRI-vizsg\u00e1latok alulr\u00f3l k\u00e9sz\u00fclnek, \u00edgy fel\u00fclr\u0151l lefel\u00e9 n\u00e9z, nem pedig ford\u00edtva.<\/li><\/ul>\n<\/div>\n\n\n\n<div class=\"wp-block-buzzeditor-list-item\"><h3 class=\"be-list-item-title\"><span style=\"color:;background-color:;border-color:\" class=\"be-list-item-number\">5<\/span> <span style=\"color:;background-color:;border-color:\" class=\"be-list-item-text\">\u00d3ri\u00e1s alma vagy kis g\u00f6r\u00f6gdinnye?<\/span><\/h3>\n<figure class=\"wp-block-image size-full\"><img loading=\"lazy\" width=\"800\" height=\"800\" src=\"https:\/\/liked.hu\/old\/wp-content\/uploads\/2024\/04\/Osszehasonlito-fotok-erdekesseg-022.webp\" alt=\"\u00d6sszehasonl\u00edt\u00f3 fot\u00f3k \u00e9rdekess\u00e9g 022\" class=\"wp-image-331883\" srcset=\"https:\/\/liked.hu\/old\/wp-content\/uploads\/2024\/04\/Osszehasonlito-fotok-erdekesseg-022.webp 800w, https:\/\/liked.hu\/old\/wp-content\/uploads\/2024\/04\/Osszehasonlito-fotok-erdekesseg-022-768x768.webp 768w\" sizes=\"(max-width: 800px) 100vw, 800px\" \/><\/figure>\n\n\n\n\n<div style=\"float:none;margin:0px 0 0px 0;text-align:center;\">\n<div class=\"mobileHideke8\"><div style=\"margin-top:25px;\"><div class=\"hirdeteshatter\"><div style=\"display: inline-block;width: 50%;min-width:340px;vertical-align: top;\"><div class=\"hirdetes\">HIRDET\u00c9S<\/div>\n<!-- Liked7Q1 -->\n<ins class=\"adsbygoogle\"\n     style=\"display:inline-block;width:336px;height:280px\"\n     data-ad-client=\"ca-pub-9424088931673893\"\n     data-ad-slot=\"3022062587\"><\/ins>\n<script async>\n     (adsbygoogle = window.adsbygoogle || []).push({});\n<\/script><\/div><div style=\"display: inline-block;width: 50%;min-width:340px;vertical-align: top;\"><div class=\"hirdetes\">HIRDET\u00c9S<\/div>\n<!-- Liked7Q2 -->\n<ins class=\"adsbygoogle\"\n     style=\"display:inline-block;width:336px;height:280px\"\n     data-ad-client=\"ca-pub-9424088931673893\"\n     data-ad-slot=\"3952000871\"><\/ins>\n<script async>\n     (adsbygoogle = window.adsbygoogle || []).push({});\n<\/script><\/div><\/div><\/div><\/div>\n<div style=\"display:flex;flex-direction:column;\"><div class=\"mobileShowka8\"><div style=\"padding-top:15px;margin-bottom:15px;min-height: 300px;\"><div class=\"hirdetes\">HIRDET\u00c9S<\/div>\n<!-- Liked7QMobil -->\n<ins class=\"adsbygoogle\"\n     style=\"display:inline-block;width:336px;height:280px\"\n     data-ad-client=\"ca-pub-9424088931673893\"\n     data-ad-slot=\"5073510857\"><\/ins>\n<script async>\n     (adsbygoogle = window.adsbygoogle || []).push({});\n<\/script><\/div><\/div><\/div><\/div>\n\n<\/div>\n\n\n\n<div class=\"wp-block-buzzeditor-list-item\"><h3 class=\"be-list-item-title\"><span style=\"color:;background-color:;border-color:\" class=\"be-list-item-number\">6<\/span> <span style=\"color:;background-color:;border-color:\" class=\"be-list-item-text\">K\u00fcl\u00f6nbs\u00e9g az Egyes\u00fclt \u00c1llamok \u00e9szakkeleti \u00e9s k\u00f6z\u00e9pnyugati r\u00e9sze k\u00f6z\u00f6tt (Boston \u00e9s Chicago).<\/span><\/h3>\n<figure class=\"wp-block-image size-full\"><img loading=\"lazy\" width=\"1080\" height=\"546\" src=\"https:\/\/liked.hu\/old\/wp-content\/uploads\/2024\/04\/Osszehasonlito-fotok-erdekesseg-021.webp\" alt=\"\u00d6sszehasonl\u00edt\u00f3 fot\u00f3k \u00e9rdekess\u00e9g 021\" class=\"wp-image-331882\" srcset=\"https:\/\/liked.hu\/old\/wp-content\/uploads\/2024\/04\/Osszehasonlito-fotok-erdekesseg-021.webp 1080w, https:\/\/liked.hu\/old\/wp-content\/uploads\/2024\/04\/Osszehasonlito-fotok-erdekesseg-021-768x388.webp 768w\" sizes=\"(max-width: 1080px) 100vw, 1080px\" \/><\/figure>\n\n\n\n<p><\/p>\n<\/div>\n\n\n\n<div class=\"wp-block-buzzeditor-list-item\"><h3 class=\"be-list-item-title\"><span style=\"color:;background-color:;border-color:\" class=\"be-list-item-number\">7<\/span> <span style=\"color:;background-color:;border-color:\" class=\"be-list-item-text\">A h\u0151kamera megmutatja a h\u0151m\u00e9rs\u00e9klet-k\u00fcl\u00f6nbs\u00e9get egy norm\u00e1l l\u00e1b \u00e9s egy ben\u0151tt k\u00f6rm\u00f6s l\u00e1b k\u00f6z\u00f6tt.<\/span><\/h3>\n<figure class=\"wp-block-image size-full\"><img loading=\"lazy\" width=\"790\" height=\"558\" src=\"https:\/\/liked.hu\/old\/wp-content\/uploads\/2024\/04\/Osszehasonlito-fotok-erdekesseg-020.webp\" alt=\"\u00d6sszehasonl\u00edt\u00f3 fot\u00f3k \u00e9rdekess\u00e9g 020\" class=\"wp-image-331881\" srcset=\"https:\/\/liked.hu\/old\/wp-content\/uploads\/2024\/04\/Osszehasonlito-fotok-erdekesseg-020.webp 790w, https:\/\/liked.hu\/old\/wp-content\/uploads\/2024\/04\/Osszehasonlito-fotok-erdekesseg-020-768x542.webp 768w\" sizes=\"(max-width: 790px) 100vw, 790px\" \/><\/figure>\n\n\n\n<p>A gyullad\u00e1sos folyamat megn\u00f6velte a b\u0151rfel\u00fclet h\u0151m\u00e9rs\u00e9klet\u00e9t. Az \u00e1llapot normaliz\u00e1l\u00e1sa \u00e9rdek\u00e9ben meg kell szabadulni a gyullad\u00e1s forr\u00e1s\u00e1t\u00f3l.<\/p>\n<\/div>\n\n\n\n<div class=\"wp-block-buzzeditor-list-item\"><h3 class=\"be-list-item-title\"><span style=\"color:;background-color:;border-color:\" class=\"be-list-item-number\">8<\/span> <span style=\"color:;background-color:;border-color:\" class=\"be-list-item-text\">Otthoni sz\u00e1r\u00edt\u00f3g\u00e9p egy ipari sz\u00e1r\u00edt\u00f3g\u00e9phez k\u00e9pest.<\/span><\/h3>\n<figure class=\"wp-block-image size-full\"><img loading=\"lazy\" width=\"825\" height=\"849\" src=\"https:\/\/liked.hu\/old\/wp-content\/uploads\/2024\/04\/Osszehasonlito-fotok-erdekesseg-019.webp\" alt=\"\u00d6sszehasonl\u00edt\u00f3 fot\u00f3k \u00e9rdekess\u00e9g 019\" class=\"wp-image-331880\" srcset=\"https:\/\/liked.hu\/old\/wp-content\/uploads\/2024\/04\/Osszehasonlito-fotok-erdekesseg-019.webp 825w, https:\/\/liked.hu\/old\/wp-content\/uploads\/2024\/04\/Osszehasonlito-fotok-erdekesseg-019-768x790.webp 768w\" sizes=\"(max-width: 825px) 100vw, 825px\" \/><\/figure>\n\n\n\n\n<div style=\"float:none;margin:0px 0 0px 0;text-align:center;\">\n<div class=\"mobileHideke8\"><div class=\"hirdeteshatter\"><div style=\"display: inline-block;width: 50%;min-width:340px;vertical-align: top;\"><div class=\"hirdetes\">HIRDET\u00c9S<\/div>\n<!-- LikedQ81 -->\n<ins class=\"adsbygoogle\"\n     style=\"display:inline-block;width:336px;height:280px\"\n     data-ad-client=\"ca-pub-9424088931673893\"\n     data-ad-slot=\"2436840276\"><\/ins>\n<script async>\n     (adsbygoogle = window.adsbygoogle || []).push({});\n<\/script><\/div><div style=\"display: inline-block;width: 50%;min-width:340px;vertical-align: top;\"><div class=\"hirdetes\">HIRDET\u00c9S<\/div>\n<!-- LikedQ82 -->\n<ins class=\"adsbygoogle\"\n     style=\"display:inline-block;width:336px;height:280px\"\n     data-ad-client=\"ca-pub-9424088931673893\"\n     data-ad-slot=\"3558350253\"><\/ins>\n<script async>\n     (adsbygoogle = window.adsbygoogle || []).push({});\n<\/script><\/div><\/div><\/div>\n<div style=\"display:flex;flex-direction:column;\"><div class=\"mobileShowka8 nyolc\"><div style=\"padding-top:15px;padding-bottom:5px;min-height: 300px;\"><div class=\"hirdetes\">HIRDET\u00c9S<\/div>\n<!-- LikedQ8M -->\n<ins class=\"adsbygoogle\"\n     style=\"display:inline-block;width:336px;height:280px\"\n     data-ad-client=\"ca-pub-9424088931673893\"\n     data-ad-slot=\"4679860235\"><\/ins>\n<script async>\n     (adsbygoogle = window.adsbygoogle || []).push({});\n<\/script><\/div><\/div><\/div><\/div>\n\n<\/div>\n\n\n\n<div class=\"wp-block-buzzeditor-list-item\"><h3 class=\"be-list-item-title\"><span style=\"color:;background-color:;border-color:\" class=\"be-list-item-number\">9<\/span> <span style=\"color:;background-color:;border-color:\" class=\"be-list-item-text\">K\u00e9t bontatlan \u00fcveg azonos m\u00e1rk\u00e1j\u00fa m\u00e9zet t\u00e1roltak egym\u00e1s mellett t\u00f6bb h\u00f3napig. Az egyik kikrist\u00e1lyosodott, a m\u00e1sik nem.<\/span><\/h3>\n<figure class=\"wp-block-image size-full\"><img loading=\"lazy\" width=\"1080\" height=\"853\" src=\"https:\/\/liked.hu\/old\/wp-content\/uploads\/2024\/04\/Osszehasonlito-fotok-erdekesseg-018.webp\" alt=\"\u00d6sszehasonl\u00edt\u00f3 fot\u00f3k \u00e9rdekess\u00e9g 018\" class=\"wp-image-331879\" srcset=\"https:\/\/liked.hu\/old\/wp-content\/uploads\/2024\/04\/Osszehasonlito-fotok-erdekesseg-018.webp 1080w, https:\/\/liked.hu\/old\/wp-content\/uploads\/2024\/04\/Osszehasonlito-fotok-erdekesseg-018-768x607.webp 768w\" sizes=\"(max-width: 1080px) 100vw, 1080px\" \/><\/figure>\n\n\n\n<p>K\u00fcl\u00f6nb\u00f6z\u0151 kapt\u00e1rakb\u00f3l vagy m\u00e9h\u00e9szetekb\u0151l sz\u00e1rmaznak. A frukt\u00f3z \u00e9s a gl\u00fck\u00f3z ar\u00e1ny\u00e1nak k\u00fcl\u00f6nbs\u00e9ge az oka annak, hogy a m\u00e9z kikrist\u00e1lyosodik vagy sem.<\/p>\n<\/div>\n\n\n\n<div class=\"wp-block-buzzeditor-list-item\"><h3 class=\"be-list-item-title\"><span style=\"color:;background-color:;border-color:\" class=\"be-list-item-number\">10<\/span> <span style=\"color:;background-color:;border-color:\" class=\"be-list-item-text\">,,A legnagyobb \u00e9s a legkisebb \u00e9desburgonya, amit any\u00e1m id\u00e9n termesztett.&#8221;<\/span><\/h3>\n<figure class=\"wp-block-image size-full\"><img loading=\"lazy\" width=\"1080\" height=\"1440\" src=\"https:\/\/liked.hu\/old\/wp-content\/uploads\/2024\/04\/Osszehasonlito-fotok-erdekesseg-017.webp\" alt=\"\u00d6sszehasonl\u00edt\u00f3 fot\u00f3k \u00e9rdekess\u00e9g 017\" class=\"wp-image-331878\" srcset=\"https:\/\/liked.hu\/old\/wp-content\/uploads\/2024\/04\/Osszehasonlito-fotok-erdekesseg-017.webp 1080w, https:\/\/liked.hu\/old\/wp-content\/uploads\/2024\/04\/Osszehasonlito-fotok-erdekesseg-017-768x1024.webp 768w\" sizes=\"(max-width: 1080px) 100vw, 1080px\" \/><\/figure>\n\n\n\n<p><\/p>\n<\/div>\n\n\n\n<!--nextpage-->\n\n\n\n<div class=\"wp-block-buzzeditor-list-item\"><h3 class=\"be-list-item-title\"><span style=\"color:;background-color:;border-color:\" class=\"be-list-item-number\">11<\/span> <span style=\"color:;background-color:;border-color:\" class=\"be-list-item-text\">Norm\u00e1l \u00e9s h\u00e1romsz\u00f6g alak\u00fa (gy\u00e1rt\u00e1shib\u00e1s) Skittles.<\/span><\/h3>\n<figure class=\"wp-block-image size-full\"><img loading=\"lazy\" width=\"1080\" height=\"1440\" src=\"https:\/\/liked.hu\/old\/wp-content\/uploads\/2024\/04\/Osszehasonlito-fotok-erdekesseg-016.webp\" alt=\"\u00d6sszehasonl\u00edt\u00f3 fot\u00f3k \u00e9rdekess\u00e9g 016\" class=\"wp-image-331877\" srcset=\"https:\/\/liked.hu\/old\/wp-content\/uploads\/2024\/04\/Osszehasonlito-fotok-erdekesseg-016.webp 1080w, https:\/\/liked.hu\/old\/wp-content\/uploads\/2024\/04\/Osszehasonlito-fotok-erdekesseg-016-768x1024.webp 768w\" sizes=\"(max-width: 1080px) 100vw, 1080px\" \/><\/figure>\n\n\n\n<p><\/p>\n<\/div>\n\n\n\n<div class=\"wp-block-buzzeditor-list-item\"><h3 class=\"be-list-item-title\"><span style=\"color:;background-color:;border-color:\" class=\"be-list-item-number\">12<\/span> <span style=\"color:;background-color:;border-color:\" class=\"be-list-item-text\">Ez a r\u00fccsk\u00f6s toj\u00e1s val\u00f3j\u00e1ban fogyaszthat\u00f3, azonban a furcsa h\u00e9j annak a jele, hogy a mad\u00e1r test\u00e9ben r\u00e9zhi\u00e1ny van.<\/span><\/h3>\n<figure class=\"wp-block-image size-full\"><img loading=\"lazy\" width=\"720\" height=\"540\" src=\"https:\/\/liked.hu\/old\/wp-content\/uploads\/2024\/04\/Osszehasonlito-fotok-erdekesseg-015.webp\" alt=\"\u00d6sszehasonl\u00edt\u00f3 fot\u00f3k \u00e9rdekess\u00e9g 015\" class=\"wp-image-331876\"\/><\/figure>\n\n\n\n\n<div style=\"float:none;margin:0px 0 0px 0;text-align:center;\">\n<div class=\"mobileHideke5\"><div style=\"margin-top:25px;\"><div class=\"hirdeteshatter\"><div style=\"display: inline-block;width: 50%;min-width:305px;vertical-align: top;\"><div class=\"hirdetes\">HIRDET\u00c9S<\/div>\n<!-- LikedQ51 -->\n<ins class=\"adsbygoogle\"\n     style=\"display:inline-block;width:300px;height:250px\"\n     data-ad-client=\"ca-pub-9424088931673893\"\n     data-ad-slot=\"8284063326\"><\/ins>\n<script async>\n     (adsbygoogle = window.adsbygoogle || []).push({});\n<\/script><\/div><div style=\"display: inline-block;width: 50%;min-width:305px;vertical-align: top;\"><div class=\"hirdetes\">HIRDET\u00c9S<\/div>\n<!-- LikedQ52 -->\n<ins class=\"adsbygoogle\"\n     style=\"display:inline-block;width:300px;height:250px\"\n     data-ad-client=\"ca-pub-9424088931673893\"\n     data-ad-slot=\"2840164950\"><\/ins>\n<script async>\n     (adsbygoogle = window.adsbygoogle || []).push({});\n<\/script><\/div><\/div><\/div><\/div>\n<div style=\"display:flex;flex-direction:column;\"><div class=\"mobileShowka5\"><div style=\"padding-top:10px;padding-bottom:10px;min-height: 300px;\"><div class=\"hirdetes\">HIRDET\u00c9S<\/div>\n<!-- LikedQ5M -->\n<ins class=\"adsbygoogle\"\n     style=\"display:inline-block;width:300px;height:250px\"\n     data-ad-client=\"ca-pub-9424088931673893\"\n     data-ad-slot=\"9022429928\"><\/ins>\n<script async>\n     (adsbygoogle = window.adsbygoogle || []).push({});\n<\/script><\/div><\/div><\/div><\/div>\n\n<\/div>\n\n\n\n<div class=\"wp-block-buzzeditor-list-item\"><h3 class=\"be-list-item-title\"><span style=\"color:;background-color:;border-color:\" class=\"be-list-item-number\">13<\/span> <span style=\"color:;background-color:;border-color:\" class=\"be-list-item-text\">Egy\u00e9rtelm\u0171 k\u00fcl\u00f6nbs\u00e9g k\u00e9t testv\u00e9r b\u0151rt\u00edpusa k\u00f6z\u00f6tt.<\/span><\/h3>\n<figure class=\"wp-block-image size-full\"><img loading=\"lazy\" width=\"1080\" height=\"1440\" src=\"https:\/\/liked.hu\/old\/wp-content\/uploads\/2024\/04\/Osszehasonlito-fotok-erdekesseg-014.webp\" alt=\"\u00d6sszehasonl\u00edt\u00f3 fot\u00f3k \u00e9rdekess\u00e9g 014\" class=\"wp-image-331875\" srcset=\"https:\/\/liked.hu\/old\/wp-content\/uploads\/2024\/04\/Osszehasonlito-fotok-erdekesseg-014.webp 1080w, https:\/\/liked.hu\/old\/wp-content\/uploads\/2024\/04\/Osszehasonlito-fotok-erdekesseg-014-768x1024.webp 768w\" sizes=\"(max-width: 1080px) 100vw, 1080px\" \/><\/figure>\n\n\n\n<p><\/p>\n<\/div>\n\n\n\n<div class=\"wp-block-buzzeditor-list-item\"><h3 class=\"be-list-item-title\"><span style=\"color:;background-color:;border-color:\" class=\"be-list-item-number\">14<\/span> <span style=\"color:;background-color:;border-color:\" class=\"be-list-item-text\">Hatalmas ametiszt ge\u00f3da egy ember m\u00e9ret\u00e9hez k\u00e9pest.<\/span><\/h3>\n<figure class=\"wp-block-image size-full\"><img loading=\"lazy\" width=\"1080\" height=\"1149\" src=\"https:\/\/liked.hu\/old\/wp-content\/uploads\/2024\/04\/Osszehasonlito-fotok-erdekesseg-013.webp\" alt=\"\u00d6sszehasonl\u00edt\u00f3 fot\u00f3k \u00e9rdekess\u00e9g 013\" class=\"wp-image-331874\" srcset=\"https:\/\/liked.hu\/old\/wp-content\/uploads\/2024\/04\/Osszehasonlito-fotok-erdekesseg-013.webp 1080w, https:\/\/liked.hu\/old\/wp-content\/uploads\/2024\/04\/Osszehasonlito-fotok-erdekesseg-013-768x817.webp 768w\" sizes=\"(max-width: 1080px) 100vw, 1080px\" \/><\/figure>\n\n\n\n<p>A geoda krist\u00e1lyokb\u00f3l \u00e1ll\u00f3 z\u00e1rt \u00fcreg, amely a f\u00f6ld alatt k\u00e9pz\u0151dik.<\/p>\n<\/div>\n\n\n\n<div class=\"wp-block-buzzeditor-list-item\"><h3 class=\"be-list-item-title\"><span style=\"color:;background-color:;border-color:\" class=\"be-list-item-number\">15<\/span> <span style=\"color:;background-color:;border-color:\" class=\"be-list-item-text\">\u00d3ri\u00e1si j\u00e9ges\u0151.<\/span><\/h3>\n<figure class=\"wp-block-image size-full\"><img loading=\"lazy\" width=\"808\" height=\"711\" src=\"https:\/\/liked.hu\/old\/wp-content\/uploads\/2024\/04\/Osszehasonlito-fotok-erdekesseg-012.webp\" alt=\"\u00d6sszehasonl\u00edt\u00f3 fot\u00f3k \u00e9rdekess\u00e9g 012\" class=\"wp-image-331873\" srcset=\"https:\/\/liked.hu\/old\/wp-content\/uploads\/2024\/04\/Osszehasonlito-fotok-erdekesseg-012.webp 808w, https:\/\/liked.hu\/old\/wp-content\/uploads\/2024\/04\/Osszehasonlito-fotok-erdekesseg-012-768x676.webp 768w\" sizes=\"(max-width: 808px) 100vw, 808px\" \/><\/figure>\n\n\n\n\n<div style=\"float:none;margin:0px 0 0px 0;text-align:center;\">\n<div class=\"mobileHideke8\"><div class=\"hirdeteshatter\"><div style=\"display: inline-block;width: 50%;min-width:340px;vertical-align: top;\"><div class=\"hirdetes\">HIRDET\u00c9S<\/div>\n<!-- LikedQ81 -->\n<ins class=\"adsbygoogle\"\n     style=\"display:inline-block;width:336px;height:280px\"\n     data-ad-client=\"ca-pub-9424088931673893\"\n     data-ad-slot=\"2436840276\"><\/ins>\n<script async>\n     (adsbygoogle = window.adsbygoogle || []).push({});\n<\/script><\/div><div style=\"display: inline-block;width: 50%;min-width:340px;vertical-align: top;\"><div class=\"hirdetes\">HIRDET\u00c9S<\/div>\n<!-- LikedQ82 -->\n<ins class=\"adsbygoogle\"\n     style=\"display:inline-block;width:336px;height:280px\"\n     data-ad-client=\"ca-pub-9424088931673893\"\n     data-ad-slot=\"3558350253\"><\/ins>\n<script async>\n     (adsbygoogle = window.adsbygoogle || []).push({});\n<\/script><\/div><\/div><\/div>\n<div style=\"display:flex;flex-direction:column;\"><div class=\"mobileShowka8 nyolc\"><div style=\"padding-top:15px;padding-bottom:5px;min-height: 300px;\"><div class=\"hirdetes\">HIRDET\u00c9S<\/div>\n<!-- LikedQ8M -->\n<ins class=\"adsbygoogle\"\n     style=\"display:inline-block;width:336px;height:280px\"\n     data-ad-client=\"ca-pub-9424088931673893\"\n     data-ad-slot=\"4679860235\"><\/ins>\n<script async>\n     (adsbygoogle = window.adsbygoogle || []).push({});\n<\/script><\/div><\/div><\/div><\/div>\n\n<\/div>\n\n\n\n<div class=\"wp-block-buzzeditor-list-item\"><h3 class=\"be-list-item-title\"><span style=\"color:;background-color:;border-color:\" class=\"be-list-item-number\">16<\/span> <span style=\"color:;background-color:;border-color:\" class=\"be-list-item-text\">T\u00f6bb h\u00f3napon \u00e1t akt\u00edvan haszn\u00e1lt (jobbra) varr\u00f3t\u0171 egy \u00fajhoz k\u00e9pest.<\/span><\/h3>\n<figure class=\"wp-block-image size-full\"><img loading=\"lazy\" width=\"1080\" height=\"1172\" src=\"https:\/\/liked.hu\/old\/wp-content\/uploads\/2024\/04\/Osszehasonlito-fotok-erdekesseg-011.webp\" alt=\"\u00d6sszehasonl\u00edt\u00f3 fot\u00f3k \u00e9rdekess\u00e9g 011\" class=\"wp-image-331872\" srcset=\"https:\/\/liked.hu\/old\/wp-content\/uploads\/2024\/04\/Osszehasonlito-fotok-erdekesseg-011.webp 1080w, https:\/\/liked.hu\/old\/wp-content\/uploads\/2024\/04\/Osszehasonlito-fotok-erdekesseg-011-768x833.webp 768w\" sizes=\"(max-width: 1080px) 100vw, 1080px\" \/><\/figure>\n\n\n\n<p class=\"has-text-align-center\">Kider\u00fclt, hogy h\u00fasz varr\u00e1s\u00f3r\u00e1nk\u00e9nt aj\u00e1nlott t\u0171t cser\u00e9lni.<\/p>\n<\/div>\n\n\n\n<div class=\"wp-block-buzzeditor-list-item\"><h3 class=\"be-list-item-title\"><span style=\"color:;background-color:;border-color:\" class=\"be-list-item-number\">17<\/span> <span style=\"color:;background-color:;border-color:\" class=\"be-list-item-text\">A baloldalon egy eg\u00e9szs\u00e9ges ember v\u00e9re, a jobb oldalon pedig egy v\u00e9rszeg\u00e9nys\u00e9gben szenved\u0151 ember v\u00e9re l\u00e1that\u00f3.<\/span><\/h3>\n<figure class=\"wp-block-image size-full\"><img loading=\"lazy\" width=\"1080\" height=\"1440\" src=\"https:\/\/liked.hu\/old\/wp-content\/uploads\/2024\/04\/Osszehasonlito-fotok-erdekesseg-010.webp\" alt=\"\u00d6sszehasonl\u00edt\u00f3 fot\u00f3k \u00e9rdekess\u00e9g 010\" class=\"wp-image-331871\" srcset=\"https:\/\/liked.hu\/old\/wp-content\/uploads\/2024\/04\/Osszehasonlito-fotok-erdekesseg-010.webp 1080w, https:\/\/liked.hu\/old\/wp-content\/uploads\/2024\/04\/Osszehasonlito-fotok-erdekesseg-010-768x1024.webp 768w\" sizes=\"(max-width: 1080px) 100vw, 1080px\" \/><\/figure>\n\n\n\n<p class=\"has-text-align-center\">A v\u00e9rszeg\u00e9nys\u00e9get a sejtek szerkezet\u00e9nek s\u00e9r\u00fcl\u00e9se \u00e9s a hemoglobinszint cs\u00f6kken\u00e9se jellemzi, amely t\u00f6bbek k\u00f6z\u00f6tt meghat\u00e1rozza a v\u00e9r sz\u00edn\u00e9t is a k\u00e9mcs\u0151ben.<\/p>\n<\/div>\n<\/div>\n","protected":false},"excerpt":{"rendered":"<p>Ezek a k\u00e9pek minden sz\u00f3n\u00e1l t\u00f6bbet mondanak.<\/p>\n","protected":false},"author":5,"featured_media":331870,"comment_status":"open","ping_status":"closed","sticky":false,"template":"","format":"standard","meta":{"buzzeditor_post_format":""},"categories":[23],"tags":[6380,1985],"yoast_head":"<!-- This site is optimized with the Yoast SEO plugin v19.6.1 - https:\/\/yoast.com\/wordpress\/plugins\/seo\/ -->\n<title>17 \u00e9rdekes \u00f6sszehasonl\u00edt\u00e1s, ami minden sz\u00f3n\u00e1l jobban mutatja be a k\u00fcl\u00f6nbs\u00e9geket<\/title>\n<meta name=\"description\" content=\"Ezek a k\u00e9pek minden sz\u00f3n\u00e1l t\u00f6bbet mondanak.\" \/>\n<meta name=\"robots\" content=\"index, follow, max-snippet:-1, max-image-preview:large, max-video-preview:-1\" \/>\n<link rel=\"canonical\" href=\"https:\/\/liked.hu\/old\/erdekes\/17-erdekes-osszehasonlitas-ami-minden-szonal-jobban-mutatja-be-a-kulonbsegeket\/\" \/>\n<link rel=\"next\" href=\"https:\/\/liked.hu\/old\/erdekes\/17-erdekes-osszehasonlitas-ami-minden-szonal-jobban-mutatja-be-a-kulonbsegeket\/2\/\" \/>\n<meta property=\"og:locale\" content=\"hu_HU\" \/>\n<meta property=\"og:type\" content=\"article\" \/>\n<meta property=\"og:title\" content=\"17 \u00e9rdekes \u00f6sszehasonl\u00edt\u00e1s, ami minden sz\u00f3n\u00e1l jobban mutatja be a k\u00fcl\u00f6nbs\u00e9geket\" \/>\n<meta property=\"og:description\" content=\"Ezek a k\u00e9pek minden sz\u00f3n\u00e1l t\u00f6bbet mondanak.\" \/>\n<meta property=\"og:url\" content=\"https:\/\/liked.hu\/old\/erdekes\/17-erdekes-osszehasonlitas-ami-minden-szonal-jobban-mutatja-be-a-kulonbsegeket\/\" \/>\n<meta property=\"og:site_name\" content=\"Liked.hu\" \/>\n<meta property=\"article:publisher\" content=\"https:\/\/www.facebook.com\/liked.hu\" \/>\n<meta property=\"article:published_time\" content=\"2024-04-11T18:55:48+00:00\" \/>\n<meta property=\"article:modified_time\" content=\"2024-04-11T18:55:51+00:00\" \/>\n<meta property=\"og:image\" content=\"https:\/\/liked.hu\/old\/wp-content\/uploads\/2024\/04\/Osszehasonlito-fotok.jpg\" \/>\n\t<meta property=\"og:image:width\" content=\"1200\" \/>\n\t<meta property=\"og:image:height\" content=\"630\" \/>\n\t<meta property=\"og:image:type\" content=\"image\/jpeg\" \/>\n<meta name=\"author\" content=\"Sludenkor\" \/>\n<meta name=\"twitter:card\" content=\"summary\" \/>\n<meta name=\"twitter:creator\" content=\"@LikedHu\" \/>\n<meta name=\"twitter:site\" content=\"@LikedHu\" \/>\n<meta name=\"twitter:label1\" content=\"Szerz\u0151:\" \/>\n\t<meta name=\"twitter:data1\" content=\"Sludenkor\" \/>\n\t<meta name=\"twitter:label2\" content=\"Becs\u00fclt olvas\u00e1si id\u0151\" \/>\n\t<meta name=\"twitter:data2\" content=\"3 perc\" \/>\n<script type=\"application\/ld+json\" class=\"yoast-schema-graph\">{\"@context\":\"https:\/\/schema.org\",\"@graph\":[{\"@type\":\"Article\",\"@id\":\"https:\/\/liked.hu\/old\/erdekes\/17-erdekes-osszehasonlitas-ami-minden-szonal-jobban-mutatja-be-a-kulonbsegeket\/#article\",\"isPartOf\":{\"@id\":\"https:\/\/liked.hu\/old\/erdekes\/17-erdekes-osszehasonlitas-ami-minden-szonal-jobban-mutatja-be-a-kulonbsegeket\/\"},\"author\":{\"name\":\"Sludenkor\",\"@id\":\"https:\/\/liked.hu\/old\/#\/schema\/person\/6650f7130e2154421c3a5cae3435b47c\"},\"headline\":\"17 \u00e9rdekes \u00f6sszehasonl\u00edt\u00e1s, ami minden sz\u00f3n\u00e1l jobban mutatja be a k\u00fcl\u00f6nbs\u00e9geket\",\"datePublished\":\"2024-04-11T18:55:48+00:00\",\"dateModified\":\"2024-04-11T18:55:51+00:00\",\"mainEntityOfPage\":{\"@id\":\"https:\/\/liked.hu\/old\/erdekes\/17-erdekes-osszehasonlitas-ami-minden-szonal-jobban-mutatja-be-a-kulonbsegeket\/\"},\"wordCount\":623,\"commentCount\":0,\"publisher\":{\"@id\":\"https:\/\/liked.hu\/old\/#organization\"},\"keywords\":[\"el\u00e9g \u00e9rdekes\",\"\u00f6sszehasonl\u00edt\u00e1s\"],\"articleSection\":[\"\u00c9rdekess\u00e9gek\"],\"inLanguage\":\"hu\",\"potentialAction\":[{\"@type\":\"CommentAction\",\"name\":\"Comment\",\"target\":[\"https:\/\/liked.hu\/old\/erdekes\/17-erdekes-osszehasonlitas-ami-minden-szonal-jobban-mutatja-be-a-kulonbsegeket\/#respond\"]}]},{\"@type\":\"WebPage\",\"@id\":\"https:\/\/liked.hu\/old\/erdekes\/17-erdekes-osszehasonlitas-ami-minden-szonal-jobban-mutatja-be-a-kulonbsegeket\/\",\"url\":\"https:\/\/liked.hu\/old\/erdekes\/17-erdekes-osszehasonlitas-ami-minden-szonal-jobban-mutatja-be-a-kulonbsegeket\/\",\"name\":\"17 \u00e9rdekes \u00f6sszehasonl\u00edt\u00e1s, ami minden sz\u00f3n\u00e1l jobban mutatja be a k\u00fcl\u00f6nbs\u00e9geket\",\"isPartOf\":{\"@id\":\"https:\/\/liked.hu\/old\/#website\"},\"datePublished\":\"2024-04-11T18:55:48+00:00\",\"dateModified\":\"2024-04-11T18:55:51+00:00\",\"description\":\"Ezek a k\u00e9pek minden sz\u00f3n\u00e1l t\u00f6bbet mondanak.\",\"breadcrumb\":{\"@id\":\"https:\/\/liked.hu\/old\/erdekes\/17-erdekes-osszehasonlitas-ami-minden-szonal-jobban-mutatja-be-a-kulonbsegeket\/#breadcrumb\"},\"inLanguage\":\"hu\",\"potentialAction\":[{\"@type\":\"ReadAction\",\"target\":[\"https:\/\/liked.hu\/old\/erdekes\/17-erdekes-osszehasonlitas-ami-minden-szonal-jobban-mutatja-be-a-kulonbsegeket\/\"]}]},{\"@type\":\"BreadcrumbList\",\"@id\":\"https:\/\/liked.hu\/old\/erdekes\/17-erdekes-osszehasonlitas-ami-minden-szonal-jobban-mutatja-be-a-kulonbsegeket\/#breadcrumb\",\"itemListElement\":[{\"@type\":\"ListItem\",\"position\":1,\"name\":\"Kezd\u0151lap\"}]},{\"@type\":\"WebSite\",\"@id\":\"https:\/\/liked.hu\/old\/#website\",\"url\":\"https:\/\/liked.hu\/old\/\",\"name\":\"Liked.hu\",\"description\":\"\",\"publisher\":{\"@id\":\"https:\/\/liked.hu\/old\/#organization\"},\"potentialAction\":[{\"@type\":\"SearchAction\",\"target\":{\"@type\":\"EntryPoint\",\"urlTemplate\":\"https:\/\/liked.hu\/old\/?s={search_term_string}\"},\"query-input\":\"required name=search_term_string\"}],\"inLanguage\":\"hu\"},{\"@type\":\"Organization\",\"@id\":\"https:\/\/liked.hu\/old\/#organization\",\"name\":\"Liked.hu\",\"url\":\"https:\/\/liked.hu\/old\/\",\"sameAs\":[\"https:\/\/hu.pinterest.com\/likedhungary\/\",\"https:\/\/www.youtube.com\/channel\/UCPv91dbMoIukYcM9b9nHN6Q\",\"https:\/\/www.facebook.com\/liked.hu\",\"https:\/\/twitter.com\/LikedHu\"],\"logo\":{\"@type\":\"ImageObject\",\"inLanguage\":\"hu\",\"@id\":\"https:\/\/liked.hu\/old\/#\/schema\/logo\/image\/\",\"url\":\"https:\/\/liked.hu\/wp-content\/uploads\/2018\/08\/Liked-icon.png\",\"contentUrl\":\"https:\/\/liked.hu\/wp-content\/uploads\/2018\/08\/Liked-icon.png\",\"width\":512,\"height\":512,\"caption\":\"Liked.hu\"},\"image\":{\"@id\":\"https:\/\/liked.hu\/old\/#\/schema\/logo\/image\/\"}},{\"@type\":\"Person\",\"@id\":\"https:\/\/liked.hu\/old\/#\/schema\/person\/6650f7130e2154421c3a5cae3435b47c\",\"name\":\"Sludenkor\",\"image\":{\"@type\":\"ImageObject\",\"inLanguage\":\"hu\",\"@id\":\"https:\/\/liked.hu\/old\/#\/schema\/person\/image\/\",\"url\":\"https:\/\/liked.hu\/old\/wp-content\/uploads\/avatars\/5\/604de86470f75-bpfull.jpg\",\"contentUrl\":\"https:\/\/liked.hu\/old\/wp-content\/uploads\/avatars\/5\/604de86470f75-bpfull.jpg\",\"caption\":\"Sludenkor\"},\"url\":\"https:\/\/liked.hu\/old\/u\/sludenkor\/\"}]}<\/script>\n<!-- \/ Yoast SEO plugin. -->","yoast_head_json":{"title":"17 \u00e9rdekes \u00f6sszehasonl\u00edt\u00e1s, ami minden sz\u00f3n\u00e1l jobban mutatja be a k\u00fcl\u00f6nbs\u00e9geket","description":"Ezek a k\u00e9pek minden sz\u00f3n\u00e1l t\u00f6bbet mondanak.","robots":{"index":"index","follow":"follow","max-snippet":"max-snippet:-1","max-image-preview":"max-image-preview:large","max-video-preview":"max-video-preview:-1"},"canonical":"https:\/\/liked.hu\/old\/erdekes\/17-erdekes-osszehasonlitas-ami-minden-szonal-jobban-mutatja-be-a-kulonbsegeket\/","next":"https:\/\/liked.hu\/old\/erdekes\/17-erdekes-osszehasonlitas-ami-minden-szonal-jobban-mutatja-be-a-kulonbsegeket\/2\/","og_locale":"hu_HU","og_type":"article","og_title":"17 \u00e9rdekes \u00f6sszehasonl\u00edt\u00e1s, ami minden sz\u00f3n\u00e1l jobban mutatja be a k\u00fcl\u00f6nbs\u00e9geket","og_description":"Ezek a k\u00e9pek minden sz\u00f3n\u00e1l t\u00f6bbet mondanak.","og_url":"https:\/\/liked.hu\/old\/erdekes\/17-erdekes-osszehasonlitas-ami-minden-szonal-jobban-mutatja-be-a-kulonbsegeket\/","og_site_name":"Liked.hu","article_publisher":"https:\/\/www.facebook.com\/liked.hu","article_published_time":"2024-04-11T18:55:48+00:00","article_modified_time":"2024-04-11T18:55:51+00:00","og_image":[{"width":1200,"height":630,"url":"https:\/\/liked.hu\/old\/wp-content\/uploads\/2024\/04\/Osszehasonlito-fotok.jpg","type":"image\/jpeg"}],"author":"Sludenkor","twitter_card":"summary","twitter_creator":"@LikedHu","twitter_site":"@LikedHu","twitter_misc":{"Szerz\u0151:":"Sludenkor","Becs\u00fclt olvas\u00e1si id\u0151":"3 perc"},"schema":{"@context":"https:\/\/schema.org","@graph":[{"@type":"Article","@id":"https:\/\/liked.hu\/old\/erdekes\/17-erdekes-osszehasonlitas-ami-minden-szonal-jobban-mutatja-be-a-kulonbsegeket\/#article","isPartOf":{"@id":"https:\/\/liked.hu\/old\/erdekes\/17-erdekes-osszehasonlitas-ami-minden-szonal-jobban-mutatja-be-a-kulonbsegeket\/"},"author":{"name":"Sludenkor","@id":"https:\/\/liked.hu\/old\/#\/schema\/person\/6650f7130e2154421c3a5cae3435b47c"},"headline":"17 \u00e9rdekes \u00f6sszehasonl\u00edt\u00e1s, ami minden sz\u00f3n\u00e1l jobban mutatja be a k\u00fcl\u00f6nbs\u00e9geket","datePublished":"2024-04-11T18:55:48+00:00","dateModified":"2024-04-11T18:55:51+00:00","mainEntityOfPage":{"@id":"https:\/\/liked.hu\/old\/erdekes\/17-erdekes-osszehasonlitas-ami-minden-szonal-jobban-mutatja-be-a-kulonbsegeket\/"},"wordCount":623,"commentCount":0,"publisher":{"@id":"https:\/\/liked.hu\/old\/#organization"},"keywords":["el\u00e9g \u00e9rdekes","\u00f6sszehasonl\u00edt\u00e1s"],"articleSection":["\u00c9rdekess\u00e9gek"],"inLanguage":"hu","potentialAction":[{"@type":"CommentAction","name":"Comment","target":["https:\/\/liked.hu\/old\/erdekes\/17-erdekes-osszehasonlitas-ami-minden-szonal-jobban-mutatja-be-a-kulonbsegeket\/#respond"]}]},{"@type":"WebPage","@id":"https:\/\/liked.hu\/old\/erdekes\/17-erdekes-osszehasonlitas-ami-minden-szonal-jobban-mutatja-be-a-kulonbsegeket\/","url":"https:\/\/liked.hu\/old\/erdekes\/17-erdekes-osszehasonlitas-ami-minden-szonal-jobban-mutatja-be-a-kulonbsegeket\/","name":"17 \u00e9rdekes \u00f6sszehasonl\u00edt\u00e1s, ami minden sz\u00f3n\u00e1l jobban mutatja be a k\u00fcl\u00f6nbs\u00e9geket","isPartOf":{"@id":"https:\/\/liked.hu\/old\/#website"},"datePublished":"2024-04-11T18:55:48+00:00","dateModified":"2024-04-11T18:55:51+00:00","description":"Ezek a k\u00e9pek minden sz\u00f3n\u00e1l t\u00f6bbet mondanak.","breadcrumb":{"@id":"https:\/\/liked.hu\/old\/erdekes\/17-erdekes-osszehasonlitas-ami-minden-szonal-jobban-mutatja-be-a-kulonbsegeket\/#breadcrumb"},"inLanguage":"hu","potentialAction":[{"@type":"ReadAction","target":["https:\/\/liked.hu\/old\/erdekes\/17-erdekes-osszehasonlitas-ami-minden-szonal-jobban-mutatja-be-a-kulonbsegeket\/"]}]},{"@type":"BreadcrumbList","@id":"https:\/\/liked.hu\/old\/erdekes\/17-erdekes-osszehasonlitas-ami-minden-szonal-jobban-mutatja-be-a-kulonbsegeket\/#breadcrumb","itemListElement":[{"@type":"ListItem","position":1,"name":"Kezd\u0151lap"}]},{"@type":"WebSite","@id":"https:\/\/liked.hu\/old\/#website","url":"https:\/\/liked.hu\/old\/","name":"Liked.hu","description":"","publisher":{"@id":"https:\/\/liked.hu\/old\/#organization"},"potentialAction":[{"@type":"SearchAction","target":{"@type":"EntryPoint","urlTemplate":"https:\/\/liked.hu\/old\/?s={search_term_string}"},"query-input":"required name=search_term_string"}],"inLanguage":"hu"},{"@type":"Organization","@id":"https:\/\/liked.hu\/old\/#organization","name":"Liked.hu","url":"https:\/\/liked.hu\/old\/","sameAs":["https:\/\/hu.pinterest.com\/likedhungary\/","https:\/\/www.youtube.com\/channel\/UCPv91dbMoIukYcM9b9nHN6Q","https:\/\/www.facebook.com\/liked.hu","https:\/\/twitter.com\/LikedHu"],"logo":{"@type":"ImageObject","inLanguage":"hu","@id":"https:\/\/liked.hu\/old\/#\/schema\/logo\/image\/","url":"https:\/\/liked.hu\/wp-content\/uploads\/2018\/08\/Liked-icon.png","contentUrl":"https:\/\/liked.hu\/wp-content\/uploads\/2018\/08\/Liked-icon.png","width":512,"height":512,"caption":"Liked.hu"},"image":{"@id":"https:\/\/liked.hu\/old\/#\/schema\/logo\/image\/"}},{"@type":"Person","@id":"https:\/\/liked.hu\/old\/#\/schema\/person\/6650f7130e2154421c3a5cae3435b47c","name":"Sludenkor","image":{"@type":"ImageObject","inLanguage":"hu","@id":"https:\/\/liked.hu\/old\/#\/schema\/person\/image\/","url":"https:\/\/liked.hu\/old\/wp-content\/uploads\/avatars\/5\/604de86470f75-bpfull.jpg","contentUrl":"https:\/\/liked.hu\/old\/wp-content\/uploads\/avatars\/5\/604de86470f75-bpfull.jpg","caption":"Sludenkor"},"url":"https:\/\/liked.hu\/old\/u\/sludenkor\/"}]}},"publishpress_future_action":{"enabled":false,"date":"1970-01-01 01:00:00","action":"","terms":[],"taxonomy":"","browser_timezone_offset":0},"_links":{"self":[{"href":"https:\/\/liked.hu\/old\/wp-json\/wp\/v2\/posts\/331869"}],"collection":[{"href":"https:\/\/liked.hu\/old\/wp-json\/wp\/v2\/posts"}],"about":[{"href":"https:\/\/liked.hu\/old\/wp-json\/wp\/v2\/types\/post"}],"author":[{"embeddable":true,"href":"https:\/\/liked.hu\/old\/wp-json\/wp\/v2\/users\/5"}],"replies":[{"embeddable":true,"href":"https:\/\/liked.hu\/old\/wp-json\/wp\/v2\/comments?post=331869"}],"version-history":[{"count":0,"href":"https:\/\/liked.hu\/old\/wp-json\/wp\/v2\/posts\/331869\/revisions"}],"wp:featuredmedia":[{"embeddable":true,"href":"https:\/\/liked.hu\/old\/wp-json\/wp\/v2\/media\/331870"}],"wp:attachment":[{"href":"https:\/\/liked.hu\/old\/wp-json\/wp\/v2\/media?parent=331869"}],"wp:term":[{"taxonomy":"category","embeddable":true,"href":"https:\/\/liked.hu\/old\/wp-json\/wp\/v2\/categories?post=331869"},{"taxonomy":"post_tag","embeddable":true,"href":"https:\/\/liked.hu\/old\/wp-json\/wp\/v2\/tags?post=331869"}],"curies":[{"name":"wp","href":"https:\/\/api.w.org\/{rel}","templated":true}]}}