{"id":330566,"date":"2024-04-05T22:51:20","date_gmt":"2024-04-05T21:51:20","guid":{"rendered":"https:\/\/liked.hu\/old\/?p=330566"},"modified":"2024-04-05T22:51:23","modified_gmt":"2024-04-05T21:51:23","slug":"szineszek-akik-bevallottak-hogy-soha-nem-lesz-gyerekuk-es-azt-is-elmagyaraztak-hogy-miert","status":"publish","type":"post","link":"https:\/\/liked.hu\/old\/sztarok-es-celebek\/szineszek-akik-bevallottak-hogy-soha-nem-lesz-gyerekuk-es-azt-is-elmagyaraztak-hogy-miert\/","title":{"rendered":"Sz\u00edn\u00e9szek, akik bevallott\u00e1k, hogy soha nem lesz gyerek\u00fck, \u00e9s azt is elmagyar\u00e1zt\u00e1k, hogy mi\u00e9rt"},"content":{"rendered":"\n<p>Hollywood tele van csillog\u00e1ssal, glam\u00farral, \u00e9s persze&#8230;gyerekekkel. A szt\u00e1rok sokszor mutatj\u00e1k be a t\u00f6k\u00e9letes csal\u00e1djukat a paparazz\u00f3knak, de vajon mi a helyzet azokkal a h\u00edress\u00e9gekkel, akiknek nem c\u00e9ljuk a gyerekv\u00e1llal\u00e1s?<\/p>\n\n\n\n\n<div style=\"float:none;margin:0px 0 0px 0;text-align:center;\">\n<div class=\"mobileShowkakettes\"><div class=\"mobileShowka2\"><div style=\"padding-top:0px;padding-bottom:15px;min-height: 300px;\"><div class=\"hirdetes\">HIRDET\u00c9S<\/div>\n<!-- 300lista -->\n<ins class=\"adsbygoogle\"\n     style=\"display:inline-block;width:300px;height:250px\"\n     data-ad-client=\"ca-pub-9424088931673893\"\n     data-ad-slot=\"8471340766\"><\/ins>\n<script async>\n     (adsbygoogle = window.adsbygoogle || []).push({});\n<\/script><\/div><\/div><\/div><\/div>\n\n\n\n\n<p>Ebben a cikkben 7 olyan vil\u00e1gh\u00edr\u0171 szt\u00e1rt mutatunk be, akik nem terveznek csal\u00e1dalap\u00edt\u00e1st.<\/p>\n\n\n\n<h4>Keanu Reeves<\/h4>\n\n\n\n<figure class=\"wp-block-image size-full\"><img loading=\"lazy\" width=\"1200\" height=\"675\" src=\"https:\/\/liked.hu\/old\/wp-content\/uploads\/2024\/04\/Gyerektelen-sztarok-016.webp\" alt=\"Gyerektelen szt\u00e1rok 016\" class=\"wp-image-330573\" srcset=\"https:\/\/liked.hu\/old\/wp-content\/uploads\/2024\/04\/Gyerektelen-sztarok-016.webp 1200w, https:\/\/liked.hu\/old\/wp-content\/uploads\/2024\/04\/Gyerektelen-sztarok-016-768x432.webp 768w\" sizes=\"(max-width: 1200px) 100vw, 1200px\" \/><\/figure>\n\n\n\n<p>Sok filmszeret\u0151 ismeri Keanu Reeves t\u00f6rt\u00e9net\u00e9t, aki hatalmas h\u00edrn\u00e9vre tett szert, mik\u00f6zben sokaknak Hollywood legszomor\u00fabb sz\u00edn\u00e9szek\u00e9nt maradt meg. Keanu-nak van egy h\u00faga, aki r\u00e1kos lett, \u00e9s Reeves hossz\u00fa ideig \u00e1polta \u0151t, \u00e9s mindent megtett a gy\u00f3gyul\u00e1s\u00e1\u00e9rt. V\u00e9g\u00fcl egy\u00fctt legy\u0151zt\u00e9k a betegs\u00e9get. Azonban Keanu-nak nem siker\u00fclt boldognak maradnia a bar\u00e1tn\u0151j\u00e9vel, aki gyermeket v\u00e1rt t\u0151le. \u0150 \u00e9s Jennifer Syme kisl\u00e1nyt v\u00e1rtak, de a terhess\u00e9g nyolcadik h\u00f3napj\u00e1ban a kisl\u00e1nyuk meghalt. K\u00e9t \u00e9vvel k\u00e9s\u0151bb Jennifer is elhunyt egy balesetben.<\/p>\n\n\n\n<p>Ezut\u00e1n Keanu hossz\u00fa ideig egyed\u00fcl volt, am\u00edg meg nem ismerkedett Alexandra Grant-tel, de k\u00f6z\u00f6s gyermeket nem terveznek. Keanu bevallotta, hogy m\u00e1r t\u00fal k\u00e9s\u0151 ehhez, hiszen 52 \u00e9ves.<\/p>\n\n\n\n\n<div style=\"float:none;margin:0px 0 0px 0;text-align:center;\">\n<div class=\"mobileHideke5\"><div style=\"margin-top:25px;\"><div class=\"hirdeteshatter\"><div style=\"display: inline-block;width: 50%;min-width:305px;vertical-align: top;\"><div class=\"hirdetes\">HIRDET\u00c9S<\/div>\n<!-- LikedQ51 -->\n<ins class=\"adsbygoogle\"\n     style=\"display:inline-block;width:300px;height:250px\"\n     data-ad-client=\"ca-pub-9424088931673893\"\n     data-ad-slot=\"8284063326\"><\/ins>\n<script async>\n     (adsbygoogle = window.adsbygoogle || []).push({});\n<\/script><\/div><div style=\"display: inline-block;width: 50%;min-width:305px;vertical-align: top;\"><div class=\"hirdetes\">HIRDET\u00c9S<\/div>\n<!-- LikedQ52 -->\n<ins class=\"adsbygoogle\"\n     style=\"display:inline-block;width:300px;height:250px\"\n     data-ad-client=\"ca-pub-9424088931673893\"\n     data-ad-slot=\"2840164950\"><\/ins>\n<script async>\n     (adsbygoogle = window.adsbygoogle || []).push({});\n<\/script><\/div><\/div><\/div><\/div>\n<div style=\"display:flex;flex-direction:column;\"><div class=\"mobileShowka5\"><div style=\"padding-top:10px;padding-bottom:10px;min-height: 300px;\"><div class=\"hirdetes\">HIRDET\u00c9S<\/div>\n<!-- LikedQ5M -->\n<ins class=\"adsbygoogle\"\n     style=\"display:inline-block;width:300px;height:250px\"\n     data-ad-client=\"ca-pub-9424088931673893\"\n     data-ad-slot=\"9022429928\"><\/ins>\n<script async>\n     (adsbygoogle = window.adsbygoogle || []).push({});\n<\/script><\/div><\/div><\/div><\/div>\n\n\n\n\n<h4>Helen Mirren<\/h4>\n\n\n\n<figure class=\"wp-block-image size-full\"><img loading=\"lazy\" width=\"1200\" height=\"720\" src=\"https:\/\/liked.hu\/old\/wp-content\/uploads\/2024\/04\/Gyerektelen-sztarok-015.webp\" alt=\"Gyerektelen szt\u00e1rok 015\" class=\"wp-image-330572\" srcset=\"https:\/\/liked.hu\/old\/wp-content\/uploads\/2024\/04\/Gyerektelen-sztarok-015.webp 1200w, https:\/\/liked.hu\/old\/wp-content\/uploads\/2024\/04\/Gyerektelen-sztarok-015-768x461.webp 768w\" sizes=\"(max-width: 1200px) 100vw, 1200px\" \/><\/figure>\n\n\n\n<p>Helen Mirren m\u00e1r a hatvanas \u00e9vekben elkezdte a karrierj\u00e9t, \u00e9s az\u00f3ta olyan filmekben szerepelt, mint a &#8222;A kir\u00e1lyn\u0151&#8221;, &#8222;A hazug&#8221;, &#8222;Caligula&#8221; \u00e9s a &#8222;RED&#8221;. Kellemes lenne Helen Mirrent a v\u00f6r\u00f6s sz\u0151nyegen a gyermek\u00e9vel l\u00e1tni, de ez nem adatott meg neki. Helen elmondta, hogy soha nem akart gyereket, mert nem \u00e9rezte mag\u00e1ban az anyai \u00f6szt\u00f6nt. Ugyanakkor elmondta, hogy val\u00f3j\u00e1ban szereti a gyerekeket \u00e9s a csal\u00e1dj\u00e1t, de \u00f6r\u00fcl, hogy neki szem\u00e9ly szerint nincsenek gyerekei.<\/p>\n\n\n\n<h4>Jared Leto<\/h4>\n\n\n\n<figure class=\"wp-block-image size-full\"><img loading=\"lazy\" width=\"1200\" height=\"676\" src=\"https:\/\/liked.hu\/old\/wp-content\/uploads\/2024\/04\/Gyerektelen-sztarok-014.webp\" alt=\"Gyerektelen szt\u00e1rok 014\" class=\"wp-image-330571\" srcset=\"https:\/\/liked.hu\/old\/wp-content\/uploads\/2024\/04\/Gyerektelen-sztarok-014.webp 1200w, https:\/\/liked.hu\/old\/wp-content\/uploads\/2024\/04\/Gyerektelen-sztarok-014-768x433.webp 768w\" sizes=\"(max-width: 1200px) 100vw, 1200px\" \/><\/figure>\n\n\n\n<p>Jared Leto m\u00e1r 50 \u00e9ves, \u00e9s ezt figyelembe v\u00e9ve el\u00e1mulhatunk a k\u00fclsej\u00e9n. Ilyen genetik\u00e1t nem szabad csak \u00fagy elpazarolni, de Jared \u00fagy d\u00f6nt\u00f6tt, hogy nem osztja meg senkivel. Soha nem volt h\u00e1zas, de sz\u00edn\u00e9szi karrierje sor\u00e1n b\u0151ven volt bar\u00e1tn\u0151je &#8211; Scarlett Johansson, Ashley Olsen, Lindsay Lohan, Paris Hilton \u00e9s m\u00e1sok. Egyik\u00fck sem tudta Jaredot hosszabb id\u0151re mag\u00e1hoz l\u00e1ncolni, nemhogy csal\u00e1dot alap\u00edtani vele. Leto bevallotta, hogy a gyerekv\u00e1llal\u00e1s nagy felel\u0151ss\u00e9g, amire nem \u00e1ll k\u00e9szen, \u00e9s r\u00e1ad\u00e1sul sok olyan dolog van, amir\u0151l gondoskodnia kell.<\/p>\n\n\n\n\n<div style=\"float:none;margin:0px 0 0px 0;text-align:center;\">\n<div class=\"mobileHideke8\"><div style=\"margin-top:25px;\"><div class=\"hirdeteshatter\"><div style=\"display: inline-block;width: 50%;min-width:340px;vertical-align: top;\"><div class=\"hirdetes\">HIRDET\u00c9S<\/div>\n<!-- Liked7Q1 -->\n<ins class=\"adsbygoogle\"\n     style=\"display:inline-block;width:336px;height:280px\"\n     data-ad-client=\"ca-pub-9424088931673893\"\n     data-ad-slot=\"3022062587\"><\/ins>\n<script async>\n     (adsbygoogle = window.adsbygoogle || []).push({});\n<\/script><\/div><div style=\"display: inline-block;width: 50%;min-width:340px;vertical-align: top;\"><div class=\"hirdetes\">HIRDET\u00c9S<\/div>\n<!-- Liked7Q2 -->\n<ins class=\"adsbygoogle\"\n     style=\"display:inline-block;width:336px;height:280px\"\n     data-ad-client=\"ca-pub-9424088931673893\"\n     data-ad-slot=\"3952000871\"><\/ins>\n<script async>\n     (adsbygoogle = window.adsbygoogle || []).push({});\n<\/script><\/div><\/div><\/div><\/div>\n<div style=\"display:flex;flex-direction:column;\"><div class=\"mobileShowka8\"><div style=\"padding-top:15px;margin-bottom:15px;min-height: 300px;\"><div class=\"hirdetes\">HIRDET\u00c9S<\/div>\n<!-- Liked7QMobil -->\n<ins class=\"adsbygoogle\"\n     style=\"display:inline-block;width:336px;height:280px\"\n     data-ad-client=\"ca-pub-9424088931673893\"\n     data-ad-slot=\"5073510857\"><\/ins>\n<script async>\n     (adsbygoogle = window.adsbygoogle || []).push({});\n<\/script><\/div><\/div><\/div><\/div>\n\n\n\n\n<h4>Jon Hamm<\/h4>\n\n\n\n<figure class=\"wp-block-image size-full\"><img loading=\"lazy\" width=\"1197\" height=\"673\" src=\"https:\/\/liked.hu\/old\/wp-content\/uploads\/2024\/04\/Gyerektelen-sztarok-013.webp\" alt=\"Gyerektelen szt\u00e1rok 013\" class=\"wp-image-330570\" srcset=\"https:\/\/liked.hu\/old\/wp-content\/uploads\/2024\/04\/Gyerektelen-sztarok-013.webp 1197w, https:\/\/liked.hu\/old\/wp-content\/uploads\/2024\/04\/Gyerektelen-sztarok-013-768x432.webp 768w\" sizes=\"(max-width: 1197px) 100vw, 1197px\" \/><\/figure>\n\n\n\n<p>Jon Hamm egy m\u00e1sik figyelemre m\u00e9lt\u00f3 sz\u00edn\u00e9sz, akinek nincsenek gyerekei. Legink\u00e1bb a &#8222;Mad Men &#8211; Rekl\u00e1m\u0151r\u00fcltek&#8221; c\u00edm\u0171 sorozatb\u00f3l, valamint a &#8222;Nyomd, b\u00e9bi, nyomd&#8221;, a &#8222;Need for Speed&#8221;, a &#8222;Tolvajok v\u00e1rosa&#8221; \u00e9s a &#8222;K\u00e9mek a szomsz\u00e9dban&#8221; c\u00edm\u0171 filmekb\u0151l ismert. 18 \u00e9vig j\u00e1rt Jennifer Westfeldt sz\u00edn\u00e9szn\u0151vel, de ez id\u0151 alatt nem v\u00e1llaltak gyereket. Val\u00f3sz\u00edn\u0171leg egyet\u00e9rtettek a gyerekv\u00e1llal\u00e1s k\u00e9rd\u00e9s\u00e9ben, mert 18 \u00e9vig egy\u00fctt \u00e9lni an\u00e9lk\u00fcl, hogy egy ilyen fontos k\u00e9rd\u00e9sben ne lenn\u00e9nek egy v\u00e9lem\u00e9nyen, szinte lehetetlen. Jon jelenleg 51 \u00e9ves, \u00e9s val\u00f3sz\u00edn\u0171leg nem lesznek gyerekei, f\u0151leg miut\u00e1n kijelentette, hogy sz\u00f6rny\u0171 apa lenne. 2012-ben elmondta, hogy l\u00e1tja a gyerekes bar\u00e1tait, \u00e9s csod\u00e1lkozik, hogy hogyan tudnak reggel 6-kor munk\u00e1ba menni.<\/p>\n\n\n\n<h4>Leonardo DiCaprio<\/h4>\n\n\n\n<figure class=\"wp-block-image size-full\"><img loading=\"lazy\" width=\"1200\" height=\"979\" src=\"https:\/\/liked.hu\/old\/wp-content\/uploads\/2024\/04\/Gyerektelen-sztarok-012.webp\" alt=\"Gyerektelen szt\u00e1rok 012\" class=\"wp-image-330569\" srcset=\"https:\/\/liked.hu\/old\/wp-content\/uploads\/2024\/04\/Gyerektelen-sztarok-012.webp 1200w, https:\/\/liked.hu\/old\/wp-content\/uploads\/2024\/04\/Gyerektelen-sztarok-012-768x627.webp 768w\" sizes=\"(max-width: 1200px) 100vw, 1200px\" \/><\/figure>\n\n\n\n<p>Leonardo DiCaprio nemcsak a filmszerepeivel, de a gyerekv\u00e1llal\u00e1ssal kapcsolatos v\u00e9lem\u00e9ny\u00e9vel is meglepi rajong\u00f3it. Amikor DiCapri\u00f3t megk\u00e9rdezt\u00e9k, hogy akar-e gyereket, egy\u00e9rtelm\u0171en kijelentette, hogy nem l\u00e1tja \u00e9rtelm\u00e9t \u00faj \u00e9letet hozni a vil\u00e1gra, utalva arra, hogy a bolyg\u00f3 jelenleg nem a legjobb \u00e1llapotban van, a vil\u00e1g pedig sz\u00e9tszakad. Ez\u00e9rt tal\u00e1n egoista lenne csak az\u00e9rt gyereket v\u00e1llalni, mert a t\u00e1rsadalom elv\u00e1rja, de nem felt\u00e9tlen\u00fcl j\u00f3 a gyereknek, akinek egy olyan vil\u00e1gban kell majd \u00e9lnie, ahol az \u00e9let m\u00e1r nem felh\u0151tlen. Ugyanakkor DiCaprio megjegyezte, hogy a gyerekv\u00e1llal\u00e1ssal kapcsolatos d\u00f6nt\u00e9se m\u00e9g v\u00e1ltozhat, \u00edgy ha meggondolja mag\u00e1t, a rajong\u00f3k kis Leonard\u00f3kat is l\u00e1thatnak majd. F\u0151leg, hogy DiCapri\u00f3nak m\u00e1r 5 \u00e9ve van \u00e1lland\u00f3 partnere, \u00edgy van rem\u00e9ny.<\/p>\n\n\n\n\n<div style=\"float:none;margin:0px 0 0px 0;text-align:center;\">\n<div class=\"mobileHideke8\"><div class=\"hirdeteshatter\"><div style=\"display: inline-block;width: 50%;min-width:340px;vertical-align: top;\"><div class=\"hirdetes\">HIRDET\u00c9S<\/div>\n<!-- LikedQ81 -->\n<ins class=\"adsbygoogle\"\n     style=\"display:inline-block;width:336px;height:280px\"\n     data-ad-client=\"ca-pub-9424088931673893\"\n     data-ad-slot=\"2436840276\"><\/ins>\n<script async>\n     (adsbygoogle = window.adsbygoogle || []).push({});\n<\/script><\/div><div style=\"display: inline-block;width: 50%;min-width:340px;vertical-align: top;\"><div class=\"hirdetes\">HIRDET\u00c9S<\/div>\n<!-- LikedQ82 -->\n<ins class=\"adsbygoogle\"\n     style=\"display:inline-block;width:336px;height:280px\"\n     data-ad-client=\"ca-pub-9424088931673893\"\n     data-ad-slot=\"3558350253\"><\/ins>\n<script async>\n     (adsbygoogle = window.adsbygoogle || []).push({});\n<\/script><\/div><\/div><\/div>\n<div style=\"display:flex;flex-direction:column;\"><div class=\"mobileShowka8 nyolc\"><div style=\"padding-top:15px;padding-bottom:5px;min-height: 300px;\"><div class=\"hirdetes\">HIRDET\u00c9S<\/div>\n<!-- LikedQ8M -->\n<ins class=\"adsbygoogle\"\n     style=\"display:inline-block;width:336px;height:280px\"\n     data-ad-client=\"ca-pub-9424088931673893\"\n     data-ad-slot=\"4679860235\"><\/ins>\n<script async>\n     (adsbygoogle = window.adsbygoogle || []).push({});\n<\/script><\/div><\/div><\/div><\/div>\n\n\n\n\n<h4>Jennifer Lawrence<\/h4>\n\n\n\n<figure class=\"wp-block-image size-full\"><img loading=\"lazy\" width=\"1200\" height=\"822\" src=\"https:\/\/liked.hu\/old\/wp-content\/uploads\/2024\/04\/Gyerektelen-sztarok-011.webp\" alt=\"Gyerektelen szt\u00e1rok 011\" class=\"wp-image-330568\" srcset=\"https:\/\/liked.hu\/old\/wp-content\/uploads\/2024\/04\/Gyerektelen-sztarok-011.webp 1200w, https:\/\/liked.hu\/old\/wp-content\/uploads\/2024\/04\/Gyerektelen-sztarok-011-768x526.webp 768w\" sizes=\"(max-width: 1200px) 100vw, 1200px\" \/><\/figure>\n\n\n\n<p>Jennifer Lawrence nem felt\u00e9tlen\u00fcl illik ebbe a t\u00e9m\u00e1ba, de a p\u00e9ld\u00e1ja tal\u00e1n megnyugtathatja azokat a rajong\u00f3kat, akik att\u00f3l tartanak, hogy soha nem l\u00e1tj\u00e1k kedvenc\u00fcket apa vagy anya szerepben.<\/p>\n\n\n\n<p>Jennifer 2017-ben bevallotta, hogy 21 \u00e9vesen nagyon szeretett volna gyereket, de az id\u0151 m\u00fal\u00e1s\u00e1val a hozz\u00e1\u00e1ll\u00e1sa megv\u00e1ltozott. Anyai \u00f6szt\u00f6ne \u00e9vr\u0151l \u00e9vre gyeng\u00fclt, \u00e9s ez Jennifert is el\u00e9gg\u00e9 aggasztotta.<\/p>\n\n\n\n<p>N\u00e9gy \u00e9vvel k\u00e9s\u0151bb kider\u00fclt, hogy a sz\u00edn\u00e9szn\u0151 terhes, 2022-ben pedig gyermeket sz\u00fclt.<\/p>\n\n\n\n<h4>Miley Cyrus<\/h4>\n\n\n\n<figure class=\"wp-block-image size-full\"><img loading=\"lazy\" width=\"1000\" height=\"1000\" src=\"https:\/\/liked.hu\/old\/wp-content\/uploads\/2024\/04\/Gyerektelen-sztarok-010.webp\" alt=\"Gyerektelen szt\u00e1rok 010\" class=\"wp-image-330567\" srcset=\"https:\/\/liked.hu\/old\/wp-content\/uploads\/2024\/04\/Gyerektelen-sztarok-010.webp 1000w, https:\/\/liked.hu\/old\/wp-content\/uploads\/2024\/04\/Gyerektelen-sztarok-010-768x768.webp 768w\" sizes=\"(max-width: 1000px) 100vw, 1000px\" \/><\/figure>\n\n\n\n<p>Miley Cyrus a gyerekv\u00e1llal\u00e1shoz val\u00f3 hozz\u00e1\u00e1ll\u00e1sa hasonl\u00edt Leonardo DiCaprio\u00e9hoz. Miley azt mondja, hogy egy\u00e1ltal\u00e1n nem akar \u00e9letet adni egy olyan gyermeknek, aki egy \u00e9ghajlati katasztr\u00f3f\u00e1k s\u00fajtotta bolyg\u00f3n fog \u00e9lni. Cyrus hozz\u00e1tette, hogy ha biztos lesz benne, hogy a gyermeke egy olyan F\u00f6ld\u00f6n fog \u00e9lni, ahol a halak m\u00e9g v\u00edgan \u00faszk\u00e1lnak a v\u00edzben, akkor tal\u00e1n meggondolja mag\u00e1t.<\/p>\n\n\n\n<p class=\"has-text-align-center\"><strong>Neked mi a v\u00e9lem\u00e9nyed a h\u00edress\u00e9gek hozz\u00e1\u00e1ll\u00e1s\u00e1r\u00f3l?<\/strong><\/p>\n","protected":false},"excerpt":{"rendered":"<p>Nem minden szt\u00e1r tartja j\u00f3 \u00f6tletnek a gyerekv\u00e1llal\u00e1st.<\/p>\n","protected":false},"author":5,"featured_media":330574,"comment_status":"open","ping_status":"closed","sticky":false,"template":"","format":"standard","meta":{"buzzeditor_post_format":""},"categories":[8667],"tags":[4788,1082,3897],"yoast_head":"<!-- This site is optimized with the Yoast SEO plugin v19.6.1 - https:\/\/yoast.com\/wordpress\/plugins\/seo\/ -->\n<title>Sz\u00edn\u00e9szek, akik bevallott\u00e1k, hogy soha nem lesz gyerek\u00fck, \u00e9s azt is elmagyar\u00e1zt\u00e1k, hogy mi\u00e9rt<\/title>\n<meta name=\"description\" content=\"Nem minden szt\u00e1r tartja j\u00f3 \u00f6tletnek a gyerekv\u00e1llal\u00e1st.\" \/>\n<meta name=\"robots\" content=\"index, follow, max-snippet:-1, max-image-preview:large, max-video-preview:-1\" \/>\n<link rel=\"canonical\" href=\"https:\/\/liked.hu\/old\/sztarok-es-celebek\/szineszek-akik-bevallottak-hogy-soha-nem-lesz-gyerekuk-es-azt-is-elmagyaraztak-hogy-miert\/\" \/>\n<meta property=\"og:locale\" content=\"hu_HU\" \/>\n<meta property=\"og:type\" content=\"article\" \/>\n<meta property=\"og:title\" content=\"Sz\u00edn\u00e9szek, akik bevallott\u00e1k, hogy soha nem lesz gyerek\u00fck, \u00e9s azt is elmagyar\u00e1zt\u00e1k, hogy mi\u00e9rt\" \/>\n<meta property=\"og:description\" content=\"Nem minden szt\u00e1r tartja j\u00f3 \u00f6tletnek a gyerekv\u00e1llal\u00e1st.\" \/>\n<meta property=\"og:url\" content=\"https:\/\/liked.hu\/old\/sztarok-es-celebek\/szineszek-akik-bevallottak-hogy-soha-nem-lesz-gyerekuk-es-azt-is-elmagyaraztak-hogy-miert\/\" \/>\n<meta property=\"og:site_name\" content=\"Liked.hu\" \/>\n<meta property=\"article:publisher\" content=\"https:\/\/www.facebook.com\/liked.hu\" \/>\n<meta property=\"article:published_time\" content=\"2024-04-05T21:51:20+00:00\" \/>\n<meta property=\"article:modified_time\" content=\"2024-04-05T21:51:23+00:00\" \/>\n<meta property=\"og:image\" content=\"https:\/\/liked.hu\/old\/wp-content\/uploads\/2024\/04\/Gyerektelen-hiressegek.jpg\" \/>\n\t<meta property=\"og:image:width\" content=\"1200\" \/>\n\t<meta property=\"og:image:height\" content=\"630\" \/>\n\t<meta property=\"og:image:type\" content=\"image\/jpeg\" \/>\n<meta name=\"author\" content=\"Sludenkor\" \/>\n<meta name=\"twitter:card\" content=\"summary\" \/>\n<meta name=\"twitter:creator\" content=\"@LikedHu\" \/>\n<meta name=\"twitter:site\" content=\"@LikedHu\" \/>\n<meta name=\"twitter:label1\" content=\"Szerz\u0151:\" \/>\n\t<meta name=\"twitter:data1\" content=\"Sludenkor\" \/>\n\t<meta name=\"twitter:label2\" content=\"Becs\u00fclt olvas\u00e1si id\u0151\" \/>\n\t<meta name=\"twitter:data2\" content=\"5 perc\" \/>\n<script type=\"application\/ld+json\" class=\"yoast-schema-graph\">{\"@context\":\"https:\/\/schema.org\",\"@graph\":[{\"@type\":\"Article\",\"@id\":\"https:\/\/liked.hu\/old\/sztarok-es-celebek\/szineszek-akik-bevallottak-hogy-soha-nem-lesz-gyerekuk-es-azt-is-elmagyaraztak-hogy-miert\/#article\",\"isPartOf\":{\"@id\":\"https:\/\/liked.hu\/old\/sztarok-es-celebek\/szineszek-akik-bevallottak-hogy-soha-nem-lesz-gyerekuk-es-azt-is-elmagyaraztak-hogy-miert\/\"},\"author\":{\"name\":\"Sludenkor\",\"@id\":\"https:\/\/liked.hu\/old\/#\/schema\/person\/6650f7130e2154421c3a5cae3435b47c\"},\"headline\":\"Sz\u00edn\u00e9szek, akik bevallott\u00e1k, hogy soha nem lesz gyerek\u00fck, \u00e9s azt is elmagyar\u00e1zt\u00e1k, hogy mi\u00e9rt\",\"datePublished\":\"2024-04-05T21:51:20+00:00\",\"dateModified\":\"2024-04-05T21:51:23+00:00\",\"mainEntityOfPage\":{\"@id\":\"https:\/\/liked.hu\/old\/sztarok-es-celebek\/szineszek-akik-bevallottak-hogy-soha-nem-lesz-gyerekuk-es-azt-is-elmagyaraztak-hogy-miert\/\"},\"wordCount\":936,\"commentCount\":0,\"publisher\":{\"@id\":\"https:\/\/liked.hu\/old\/#organization\"},\"keywords\":[\"gyerekv\u00e1llal\u00e1s\",\"h\u00edress\u00e9gek\",\"szt\u00e1rok\"],\"articleSection\":[\"Szt\u00e1rok \u00e9s celebek\"],\"inLanguage\":\"hu\",\"potentialAction\":[{\"@type\":\"CommentAction\",\"name\":\"Comment\",\"target\":[\"https:\/\/liked.hu\/old\/sztarok-es-celebek\/szineszek-akik-bevallottak-hogy-soha-nem-lesz-gyerekuk-es-azt-is-elmagyaraztak-hogy-miert\/#respond\"]}]},{\"@type\":\"WebPage\",\"@id\":\"https:\/\/liked.hu\/old\/sztarok-es-celebek\/szineszek-akik-bevallottak-hogy-soha-nem-lesz-gyerekuk-es-azt-is-elmagyaraztak-hogy-miert\/\",\"url\":\"https:\/\/liked.hu\/old\/sztarok-es-celebek\/szineszek-akik-bevallottak-hogy-soha-nem-lesz-gyerekuk-es-azt-is-elmagyaraztak-hogy-miert\/\",\"name\":\"Sz\u00edn\u00e9szek, akik bevallott\u00e1k, hogy soha nem lesz gyerek\u00fck, \u00e9s azt is elmagyar\u00e1zt\u00e1k, hogy mi\u00e9rt\",\"isPartOf\":{\"@id\":\"https:\/\/liked.hu\/old\/#website\"},\"datePublished\":\"2024-04-05T21:51:20+00:00\",\"dateModified\":\"2024-04-05T21:51:23+00:00\",\"description\":\"Nem minden szt\u00e1r tartja j\u00f3 \u00f6tletnek a gyerekv\u00e1llal\u00e1st.\",\"breadcrumb\":{\"@id\":\"https:\/\/liked.hu\/old\/sztarok-es-celebek\/szineszek-akik-bevallottak-hogy-soha-nem-lesz-gyerekuk-es-azt-is-elmagyaraztak-hogy-miert\/#breadcrumb\"},\"inLanguage\":\"hu\",\"potentialAction\":[{\"@type\":\"ReadAction\",\"target\":[\"https:\/\/liked.hu\/old\/sztarok-es-celebek\/szineszek-akik-bevallottak-hogy-soha-nem-lesz-gyerekuk-es-azt-is-elmagyaraztak-hogy-miert\/\"]}]},{\"@type\":\"BreadcrumbList\",\"@id\":\"https:\/\/liked.hu\/old\/sztarok-es-celebek\/szineszek-akik-bevallottak-hogy-soha-nem-lesz-gyerekuk-es-azt-is-elmagyaraztak-hogy-miert\/#breadcrumb\",\"itemListElement\":[{\"@type\":\"ListItem\",\"position\":1,\"name\":\"Kezd\u0151lap\",\"item\":\"https:\/\/liked.hu\/old\/\"},{\"@type\":\"ListItem\",\"position\":2,\"name\":\"Sz\u00edn\u00e9szek, akik bevallott\u00e1k, hogy soha nem lesz gyerek\u00fck, \u00e9s azt is elmagyar\u00e1zt\u00e1k, hogy mi\u00e9rt\"}]},{\"@type\":\"WebSite\",\"@id\":\"https:\/\/liked.hu\/old\/#website\",\"url\":\"https:\/\/liked.hu\/old\/\",\"name\":\"Liked.hu\",\"description\":\"\",\"publisher\":{\"@id\":\"https:\/\/liked.hu\/old\/#organization\"},\"potentialAction\":[{\"@type\":\"SearchAction\",\"target\":{\"@type\":\"EntryPoint\",\"urlTemplate\":\"https:\/\/liked.hu\/old\/?s={search_term_string}\"},\"query-input\":\"required name=search_term_string\"}],\"inLanguage\":\"hu\"},{\"@type\":\"Organization\",\"@id\":\"https:\/\/liked.hu\/old\/#organization\",\"name\":\"Liked.hu\",\"url\":\"https:\/\/liked.hu\/old\/\",\"sameAs\":[\"https:\/\/hu.pinterest.com\/likedhungary\/\",\"https:\/\/www.youtube.com\/channel\/UCPv91dbMoIukYcM9b9nHN6Q\",\"https:\/\/www.facebook.com\/liked.hu\",\"https:\/\/twitter.com\/LikedHu\"],\"logo\":{\"@type\":\"ImageObject\",\"inLanguage\":\"hu\",\"@id\":\"https:\/\/liked.hu\/old\/#\/schema\/logo\/image\/\",\"url\":\"https:\/\/liked.hu\/wp-content\/uploads\/2018\/08\/Liked-icon.png\",\"contentUrl\":\"https:\/\/liked.hu\/wp-content\/uploads\/2018\/08\/Liked-icon.png\",\"width\":512,\"height\":512,\"caption\":\"Liked.hu\"},\"image\":{\"@id\":\"https:\/\/liked.hu\/old\/#\/schema\/logo\/image\/\"}},{\"@type\":\"Person\",\"@id\":\"https:\/\/liked.hu\/old\/#\/schema\/person\/6650f7130e2154421c3a5cae3435b47c\",\"name\":\"Sludenkor\",\"image\":{\"@type\":\"ImageObject\",\"inLanguage\":\"hu\",\"@id\":\"https:\/\/liked.hu\/old\/#\/schema\/person\/image\/\",\"url\":\"https:\/\/liked.hu\/old\/wp-content\/uploads\/avatars\/5\/604de86470f75-bpfull.jpg\",\"contentUrl\":\"https:\/\/liked.hu\/old\/wp-content\/uploads\/avatars\/5\/604de86470f75-bpfull.jpg\",\"caption\":\"Sludenkor\"},\"url\":\"https:\/\/liked.hu\/old\/u\/sludenkor\/\"}]}<\/script>\n<!-- \/ Yoast SEO plugin. -->","yoast_head_json":{"title":"Sz\u00edn\u00e9szek, akik bevallott\u00e1k, hogy soha nem lesz gyerek\u00fck, \u00e9s azt is elmagyar\u00e1zt\u00e1k, hogy mi\u00e9rt","description":"Nem minden szt\u00e1r tartja j\u00f3 \u00f6tletnek a gyerekv\u00e1llal\u00e1st.","robots":{"index":"index","follow":"follow","max-snippet":"max-snippet:-1","max-image-preview":"max-image-preview:large","max-video-preview":"max-video-preview:-1"},"canonical":"https:\/\/liked.hu\/old\/sztarok-es-celebek\/szineszek-akik-bevallottak-hogy-soha-nem-lesz-gyerekuk-es-azt-is-elmagyaraztak-hogy-miert\/","og_locale":"hu_HU","og_type":"article","og_title":"Sz\u00edn\u00e9szek, akik bevallott\u00e1k, hogy soha nem lesz gyerek\u00fck, \u00e9s azt is elmagyar\u00e1zt\u00e1k, hogy mi\u00e9rt","og_description":"Nem minden szt\u00e1r tartja j\u00f3 \u00f6tletnek a gyerekv\u00e1llal\u00e1st.","og_url":"https:\/\/liked.hu\/old\/sztarok-es-celebek\/szineszek-akik-bevallottak-hogy-soha-nem-lesz-gyerekuk-es-azt-is-elmagyaraztak-hogy-miert\/","og_site_name":"Liked.hu","article_publisher":"https:\/\/www.facebook.com\/liked.hu","article_published_time":"2024-04-05T21:51:20+00:00","article_modified_time":"2024-04-05T21:51:23+00:00","og_image":[{"width":1200,"height":630,"url":"https:\/\/liked.hu\/old\/wp-content\/uploads\/2024\/04\/Gyerektelen-hiressegek.jpg","type":"image\/jpeg"}],"author":"Sludenkor","twitter_card":"summary","twitter_creator":"@LikedHu","twitter_site":"@LikedHu","twitter_misc":{"Szerz\u0151:":"Sludenkor","Becs\u00fclt olvas\u00e1si id\u0151":"5 perc"},"schema":{"@context":"https:\/\/schema.org","@graph":[{"@type":"Article","@id":"https:\/\/liked.hu\/old\/sztarok-es-celebek\/szineszek-akik-bevallottak-hogy-soha-nem-lesz-gyerekuk-es-azt-is-elmagyaraztak-hogy-miert\/#article","isPartOf":{"@id":"https:\/\/liked.hu\/old\/sztarok-es-celebek\/szineszek-akik-bevallottak-hogy-soha-nem-lesz-gyerekuk-es-azt-is-elmagyaraztak-hogy-miert\/"},"author":{"name":"Sludenkor","@id":"https:\/\/liked.hu\/old\/#\/schema\/person\/6650f7130e2154421c3a5cae3435b47c"},"headline":"Sz\u00edn\u00e9szek, akik bevallott\u00e1k, hogy soha nem lesz gyerek\u00fck, \u00e9s azt is elmagyar\u00e1zt\u00e1k, hogy mi\u00e9rt","datePublished":"2024-04-05T21:51:20+00:00","dateModified":"2024-04-05T21:51:23+00:00","mainEntityOfPage":{"@id":"https:\/\/liked.hu\/old\/sztarok-es-celebek\/szineszek-akik-bevallottak-hogy-soha-nem-lesz-gyerekuk-es-azt-is-elmagyaraztak-hogy-miert\/"},"wordCount":936,"commentCount":0,"publisher":{"@id":"https:\/\/liked.hu\/old\/#organization"},"keywords":["gyerekv\u00e1llal\u00e1s","h\u00edress\u00e9gek","szt\u00e1rok"],"articleSection":["Szt\u00e1rok \u00e9s celebek"],"inLanguage":"hu","potentialAction":[{"@type":"CommentAction","name":"Comment","target":["https:\/\/liked.hu\/old\/sztarok-es-celebek\/szineszek-akik-bevallottak-hogy-soha-nem-lesz-gyerekuk-es-azt-is-elmagyaraztak-hogy-miert\/#respond"]}]},{"@type":"WebPage","@id":"https:\/\/liked.hu\/old\/sztarok-es-celebek\/szineszek-akik-bevallottak-hogy-soha-nem-lesz-gyerekuk-es-azt-is-elmagyaraztak-hogy-miert\/","url":"https:\/\/liked.hu\/old\/sztarok-es-celebek\/szineszek-akik-bevallottak-hogy-soha-nem-lesz-gyerekuk-es-azt-is-elmagyaraztak-hogy-miert\/","name":"Sz\u00edn\u00e9szek, akik bevallott\u00e1k, hogy soha nem lesz gyerek\u00fck, \u00e9s azt is elmagyar\u00e1zt\u00e1k, hogy mi\u00e9rt","isPartOf":{"@id":"https:\/\/liked.hu\/old\/#website"},"datePublished":"2024-04-05T21:51:20+00:00","dateModified":"2024-04-05T21:51:23+00:00","description":"Nem minden szt\u00e1r tartja j\u00f3 \u00f6tletnek a gyerekv\u00e1llal\u00e1st.","breadcrumb":{"@id":"https:\/\/liked.hu\/old\/sztarok-es-celebek\/szineszek-akik-bevallottak-hogy-soha-nem-lesz-gyerekuk-es-azt-is-elmagyaraztak-hogy-miert\/#breadcrumb"},"inLanguage":"hu","potentialAction":[{"@type":"ReadAction","target":["https:\/\/liked.hu\/old\/sztarok-es-celebek\/szineszek-akik-bevallottak-hogy-soha-nem-lesz-gyerekuk-es-azt-is-elmagyaraztak-hogy-miert\/"]}]},{"@type":"BreadcrumbList","@id":"https:\/\/liked.hu\/old\/sztarok-es-celebek\/szineszek-akik-bevallottak-hogy-soha-nem-lesz-gyerekuk-es-azt-is-elmagyaraztak-hogy-miert\/#breadcrumb","itemListElement":[{"@type":"ListItem","position":1,"name":"Kezd\u0151lap","item":"https:\/\/liked.hu\/old\/"},{"@type":"ListItem","position":2,"name":"Sz\u00edn\u00e9szek, akik bevallott\u00e1k, hogy soha nem lesz gyerek\u00fck, \u00e9s azt is elmagyar\u00e1zt\u00e1k, hogy mi\u00e9rt"}]},{"@type":"WebSite","@id":"https:\/\/liked.hu\/old\/#website","url":"https:\/\/liked.hu\/old\/","name":"Liked.hu","description":"","publisher":{"@id":"https:\/\/liked.hu\/old\/#organization"},"potentialAction":[{"@type":"SearchAction","target":{"@type":"EntryPoint","urlTemplate":"https:\/\/liked.hu\/old\/?s={search_term_string}"},"query-input":"required name=search_term_string"}],"inLanguage":"hu"},{"@type":"Organization","@id":"https:\/\/liked.hu\/old\/#organization","name":"Liked.hu","url":"https:\/\/liked.hu\/old\/","sameAs":["https:\/\/hu.pinterest.com\/likedhungary\/","https:\/\/www.youtube.com\/channel\/UCPv91dbMoIukYcM9b9nHN6Q","https:\/\/www.facebook.com\/liked.hu","https:\/\/twitter.com\/LikedHu"],"logo":{"@type":"ImageObject","inLanguage":"hu","@id":"https:\/\/liked.hu\/old\/#\/schema\/logo\/image\/","url":"https:\/\/liked.hu\/wp-content\/uploads\/2018\/08\/Liked-icon.png","contentUrl":"https:\/\/liked.hu\/wp-content\/uploads\/2018\/08\/Liked-icon.png","width":512,"height":512,"caption":"Liked.hu"},"image":{"@id":"https:\/\/liked.hu\/old\/#\/schema\/logo\/image\/"}},{"@type":"Person","@id":"https:\/\/liked.hu\/old\/#\/schema\/person\/6650f7130e2154421c3a5cae3435b47c","name":"Sludenkor","image":{"@type":"ImageObject","inLanguage":"hu","@id":"https:\/\/liked.hu\/old\/#\/schema\/person\/image\/","url":"https:\/\/liked.hu\/old\/wp-content\/uploads\/avatars\/5\/604de86470f75-bpfull.jpg","contentUrl":"https:\/\/liked.hu\/old\/wp-content\/uploads\/avatars\/5\/604de86470f75-bpfull.jpg","caption":"Sludenkor"},"url":"https:\/\/liked.hu\/old\/u\/sludenkor\/"}]}},"publishpress_future_action":{"enabled":false,"date":"1970-01-01 01:00:00","action":"","terms":[],"taxonomy":"","browser_timezone_offset":0},"_links":{"self":[{"href":"https:\/\/liked.hu\/old\/wp-json\/wp\/v2\/posts\/330566"}],"collection":[{"href":"https:\/\/liked.hu\/old\/wp-json\/wp\/v2\/posts"}],"about":[{"href":"https:\/\/liked.hu\/old\/wp-json\/wp\/v2\/types\/post"}],"author":[{"embeddable":true,"href":"https:\/\/liked.hu\/old\/wp-json\/wp\/v2\/users\/5"}],"replies":[{"embeddable":true,"href":"https:\/\/liked.hu\/old\/wp-json\/wp\/v2\/comments?post=330566"}],"version-history":[{"count":0,"href":"https:\/\/liked.hu\/old\/wp-json\/wp\/v2\/posts\/330566\/revisions"}],"wp:featuredmedia":[{"embeddable":true,"href":"https:\/\/liked.hu\/old\/wp-json\/wp\/v2\/media\/330574"}],"wp:attachment":[{"href":"https:\/\/liked.hu\/old\/wp-json\/wp\/v2\/media?parent=330566"}],"wp:term":[{"taxonomy":"category","embeddable":true,"href":"https:\/\/liked.hu\/old\/wp-json\/wp\/v2\/categories?post=330566"},{"taxonomy":"post_tag","embeddable":true,"href":"https:\/\/liked.hu\/old\/wp-json\/wp\/v2\/tags?post=330566"}],"curies":[{"name":"wp","href":"https:\/\/api.w.org\/{rel}","templated":true}]}}