{"id":330009,"date":"2024-04-02T23:42:48","date_gmt":"2024-04-02T22:42:48","guid":{"rendered":"https:\/\/liked.hu\/old\/?p=330009"},"modified":"2024-04-02T23:42:55","modified_gmt":"2024-04-02T22:42:55","slug":"el-a-viztol-miert-kerulik-a-madarak-a-nagy-viztomegeket-vonulas-kozben","status":"publish","type":"post","link":"https:\/\/liked.hu\/old\/erdekes\/el-a-viztol-miert-kerulik-a-madarak-a-nagy-viztomegeket-vonulas-kozben\/","title":{"rendered":"El a v\u00edzt\u0151l! Mi\u00e9rt ker\u00fclik a madarak a nagy v\u00edzt\u00f6megeket vonul\u00e1s k\u00f6zben?"},"content":{"rendered":"\n<figure class=\"wp-block-image size-full\"><img loading=\"lazy\" width=\"616\" height=\"800\" src=\"https:\/\/liked.hu\/old\/wp-content\/uploads\/2024\/04\/Madarak-vonulasa-002.webp\" alt=\"Madarak vonul\u00e1sa 002\" class=\"wp-image-330012\"\/><\/figure>\n\n\n\n<p>A fot\u00f3n egy s\u00f3lyom v\u00e1ndorl\u00e1si \u00fatvonal\u00e1t l\u00e1thatjuk. A mad\u00e1rra GPS-es nyomk\u00f6vet\u0151t szereltek, hogy nyomon k\u00f6vethess\u00e9k a migr\u00e1ci\u00f3j\u00e1t. D\u00e9l-Afrik\u00e1b\u00f3l eg\u00e9szen Finnorsz\u00e1gig rep\u00fclt.<\/p>\n\n\n\n\n<div style=\"float:none;margin:0px 0 0px 0;text-align:center;\">\n<div class=\"mobileShowkakettes\"><div class=\"mobileShowka2\"><div style=\"padding-top:0px;padding-bottom:15px;min-height: 300px;\"><div class=\"hirdetes\">HIRDET\u00c9S<\/div>\n<!-- 300lista -->\n<ins class=\"adsbygoogle\"\n     style=\"display:inline-block;width:300px;height:250px\"\n     data-ad-client=\"ca-pub-9424088931673893\"\n     data-ad-slot=\"8471340766\"><\/ins>\n<script async>\n     (adsbygoogle = window.adsbygoogle || []).push({});\n<\/script><\/div><\/div><\/div><\/div>\n\n\n\n\n<p>A nyomk\u00f6vet\u0151 adatai alapj\u00e1n 42 nap alatt t\u00f6bb mint 10 000 km-t tett meg. \u00c1tlagosan 230 km-t rep\u00fclt naponta, szinte egyenes vonalban. Csak az utols\u00f3 napokban t\u00e9rt le err\u0151l a p\u00e1ly\u00e1r\u00f3l, val\u00f3sz\u00edn\u0171leg nagyon haza akart m\u00e1r t\u00e9rni a hossz\u00fa utaz\u00e1s ut\u00e1n.<\/p>\n\n\n\n<p>\u00c9rdemes megfigyelni, hogy a s\u00f3lyom f\u0151leg sz\u00e1razf\u00f6ld felett rep\u00fclt. A nagy v\u00edzt\u00f6megeket, bele\u00e9rtve a F\u00f6ldk\u00f6zi-tengert is, elker\u00fclte.<\/p>\n\n\n\n<figure class=\"wp-block-image size-full\"><img loading=\"lazy\" width=\"640\" height=\"480\" src=\"https:\/\/liked.hu\/old\/wp-content\/uploads\/2024\/04\/ruben-marques-FJzZ1fGD5Js-unsplash.jpg\" alt=\"ruben marques FJzZ1fGD5Js unsplash\" class=\"wp-image-330013\"\/><figcaption><a href=\"https:\/\/unsplash.com\/@gorudenrakurai?utm_content=creditCopyText&amp;utm_medium=referral&amp;utm_source=unsplash\" target=\"_blank\" rel=\"noreferrer noopener\">R\u00faben Marques<\/a>\u00a0\/\u00a0<a href=\"https:\/\/unsplash.com\/photos\/white-and-black-bird-on-brown-wooden-post-FJzZ1fGD5Js?utm_content=creditCopyText&amp;utm_medium=referral&amp;utm_source=unsplash\" target=\"_blank\" rel=\"noreferrer noopener\">Unsplash<\/a><\/figcaption><\/figure>\n\n\n\n<p>S\u0151t, a V\u00f6r\u00f6s-tenger mellett is egy jelent\u0151s t\u00e1vols\u00e1gon p\u00e1rhuzamosan rep\u00fclt a parttal, hogy ne kelljen v\u00edz felett rep\u00fclnie. V\u00e9g\u00fcl eljutott a Szuezi-csatorn\u00e1ig, \u00e9s ott \u00e1tkelt a v\u00edzen.<\/p>\n\n\n\n<p>Hasonl\u00f3 viselked\u00e9st figyeltek meg m\u00e1s madarakn\u00e1l is. A sasokra szerelt nyomk\u00f6vet\u0151k azt mutatt\u00e1k, hogy \u0151k is igyekeznek elker\u00fclni a nagy v\u00edzt\u00f6megeket. Itt l\u00e1thatsz egy t\u00e9rk\u00e9pet egy sas \u00fatvonal\u00e1r\u00f3l, akire Kazahszt\u00e1nban szereltek fel nyomk\u00f6vet\u0151t. Figyeld meg, hogyan ker\u00fcli el a Kaszpi-tengert \u00e9s a V\u00f6r\u00f6s-tengert, \u00e9s hogyan rep\u00fcl a Perzsa-\u00f6b\u00f6l partja ment\u00e9n, ahelyett, hogy \u00e1tkelne rajta a v\u00edz felett.<\/p>\n\n\n\n\n<div style=\"float:none;margin:0px 0 0px 0;text-align:center;\">\n<div class=\"mobileHideke5\"><div style=\"margin-top:25px;\"><div class=\"hirdeteshatter\"><div style=\"display: inline-block;width: 50%;min-width:305px;vertical-align: top;\"><div class=\"hirdetes\">HIRDET\u00c9S<\/div>\n<!-- LikedQ51 -->\n<ins class=\"adsbygoogle\"\n     style=\"display:inline-block;width:300px;height:250px\"\n     data-ad-client=\"ca-pub-9424088931673893\"\n     data-ad-slot=\"8284063326\"><\/ins>\n<script async>\n     (adsbygoogle = window.adsbygoogle || []).push({});\n<\/script><\/div><div style=\"display: inline-block;width: 50%;min-width:305px;vertical-align: top;\"><div class=\"hirdetes\">HIRDET\u00c9S<\/div>\n<!-- LikedQ52 -->\n<ins class=\"adsbygoogle\"\n     style=\"display:inline-block;width:300px;height:250px\"\n     data-ad-client=\"ca-pub-9424088931673893\"\n     data-ad-slot=\"2840164950\"><\/ins>\n<script async>\n     (adsbygoogle = window.adsbygoogle || []).push({});\n<\/script><\/div><\/div><\/div><\/div>\n<div style=\"display:flex;flex-direction:column;\"><div class=\"mobileShowka5\"><div style=\"padding-top:10px;padding-bottom:10px;min-height: 300px;\"><div class=\"hirdetes\">HIRDET\u00c9S<\/div>\n<!-- LikedQ5M -->\n<ins class=\"adsbygoogle\"\n     style=\"display:inline-block;width:300px;height:250px\"\n     data-ad-client=\"ca-pub-9424088931673893\"\n     data-ad-slot=\"9022429928\"><\/ins>\n<script async>\n     (adsbygoogle = window.adsbygoogle || []).push({});\n<\/script><\/div><\/div><\/div><\/div>\n\n\n\n\n<figure class=\"wp-block-image size-full\"><img loading=\"lazy\" width=\"700\" height=\"700\" src=\"https:\/\/liked.hu\/old\/wp-content\/uploads\/2024\/04\/Madarak-vonulasa-001.webp\" alt=\"Madarak vonul\u00e1sa 001\" class=\"wp-image-330011\"\/><\/figure>\n\n\n\n<p>A zool\u00f3gusok k\u00e9t okot emelnek ki a madarak &#8222;v\u00edziszony\u00e1ra&#8221;:<\/p>\n\n\n\n<p><strong>1. Navig\u00e1ci\u00f3:<\/strong> A madarak a sz\u00e1razf\u00f6ldet haszn\u00e1lj\u00e1k navig\u00e1ci\u00f3ra, \u00edgy k\u00f6nnyebben megtal\u00e1lj\u00e1k a c\u00e9ljukat.<\/p>\n\n\n\n<p>A v\u00e1ndorl\u00e1st \u00f6szt\u00f6n hajtja, de a v\u00e1ndorl\u00e1si \u00fatvonalat \u00e9s a c\u00e9lpontot a madarak a gyakorlatban tanulj\u00e1k meg. Ez a tanul\u00e1s \u00e9s a v\u00e9letlen eredm\u00e9nye. Ahogy megtanulj\u00e1k, \u00fagy rep\u00fclnek, eml\u00e9kezve az \u00fatvonalra. A sz\u00e1razf\u00f6ldi objektumok seg\u00edtenek a madaraknak a t\u00e1j\u00e9koz\u00f3d\u00e1sban.<\/p>\n\n\n\n<p><strong>2. Pihen\u00e9s \u00e9s t\u00e1pl\u00e1lkoz\u00e1s:<\/strong> A madaraknak le kell sz\u00e1llniuk, hogy pihenjenek \u00e9s t\u00e1pl\u00e1lkozzanak.<\/p>\n\n\n\n<p>A legt\u00f6bb mad\u00e1r a s\u00f3lyomhoz vagy a sashoz hasonl\u00f3an viselkedik &#8211; v\u00e1ndorl\u00e1skor a partvonal ment\u00e9n rep\u00fcl. De vannak kiv\u00e9telek is.<\/p>\n\n\n\n\n<div style=\"float:none;margin:0px 0 0px 0;text-align:center;\">\n<div class=\"mobileHideke8\"><div class=\"hirdeteshatter\"><div style=\"display: inline-block;width: 50%;min-width:340px;vertical-align: top;\"><div class=\"hirdetes\">HIRDET\u00c9S<\/div>\n<!-- LikedQ81 -->\n<ins class=\"adsbygoogle\"\n     style=\"display:inline-block;width:336px;height:280px\"\n     data-ad-client=\"ca-pub-9424088931673893\"\n     data-ad-slot=\"2436840276\"><\/ins>\n<script async>\n     (adsbygoogle = window.adsbygoogle || []).push({});\n<\/script><\/div><div style=\"display: inline-block;width: 50%;min-width:340px;vertical-align: top;\"><div class=\"hirdetes\">HIRDET\u00c9S<\/div>\n<!-- LikedQ82 -->\n<ins class=\"adsbygoogle\"\n     style=\"display:inline-block;width:336px;height:280px\"\n     data-ad-client=\"ca-pub-9424088931673893\"\n     data-ad-slot=\"3558350253\"><\/ins>\n<script async>\n     (adsbygoogle = window.adsbygoogle || []).push({});\n<\/script><\/div><\/div><\/div>\n<div style=\"display:flex;flex-direction:column;\"><div class=\"mobileShowka8 nyolc\"><div style=\"padding-top:15px;padding-bottom:5px;min-height: 300px;\"><div class=\"hirdetes\">HIRDET\u00c9S<\/div>\n<!-- LikedQ8M -->\n<ins class=\"adsbygoogle\"\n     style=\"display:inline-block;width:336px;height:280px\"\n     data-ad-client=\"ca-pub-9424088931673893\"\n     data-ad-slot=\"4679860235\"><\/ins>\n<script async>\n     (adsbygoogle = window.adsbygoogle || []).push({});\n<\/script><\/div><\/div><\/div><\/div>\n\n\n\n\n<figure class=\"wp-block-image size-full\"><img loading=\"lazy\" width=\"640\" height=\"800\" src=\"https:\/\/liked.hu\/old\/wp-content\/uploads\/2024\/04\/misha-martin-c_DnfH3miG8-unsplash.jpg\" alt=\"misha martin c DnfH3miG8 unsplash\" class=\"wp-image-330014\"\/><figcaption><a href=\"https:\/\/unsplash.com\/@_mishamartin?utm_content=creditCopyText&amp;utm_medium=referral&amp;utm_source=unsplash\" target=\"_blank\" rel=\"noreferrer noopener\">Misha Martin<\/a>\u00a0\/\u00a0<a href=\"https:\/\/unsplash.com\/photos\/a-white-bird-flying-through-a-cloudy-sky-c_DnfH3miG8?utm_content=creditCopyText&amp;utm_medium=referral&amp;utm_source=unsplash\" target=\"_blank\" rel=\"noreferrer noopener\">Unsplash<\/a><\/figcaption><\/figure>\n\n\n\n<p>Ilyen kiv\u00e9tel a sarki cs\u00e9r, amely a F\u00f6ld \u00e9szaki f\u00e9ltek\u00e9j\u00e9nek sarkvid\u00e9ki ter\u00fcletein f\u00e9szkel, Eur\u00f3p\u00e1t\u00f3l Alaszk\u00e1ig, bele\u00e9rtve Oroszorsz\u00e1g \u00e9szaki r\u00e9sz\u00e9t is. V\u00e1ndorl\u00e1skor az \u00f3ce\u00e1n felett rep\u00fcl, szigeteken pihenve. Halakkal t\u00e1pl\u00e1lkozik.<\/p>\n\n\n\n<p>A cs\u00e9r az Antarktiszon telel. Ez azt jelenti, hogy a cs\u00e9r egy\u00e1ltal\u00e1n nem tapasztalja meg a sarki \u00e9jszak\u00e1t. Ez a mad\u00e1r t\u00f6bb nappali f\u00e9nyt l\u00e1t, mint b\u00e1rmely m\u00e1s \u00e9l\u0151l\u00e9ny a F\u00f6ld\u00f6n.<\/p>\n\n\n\n<p>Egy m\u00e1sik leny\u0171g\u00f6z\u0151 p\u00e9lda a tengeri v\u00e1ndorl\u00e1sra az albatrosz. Ez a nagy mad\u00e1r megtanult a leveg\u0151ben lebegni, hogy energi\u00e1t takar\u00edtson meg. Egy nap alatt ak\u00e1r 1000 km-t is k\u00e9pes megtenni.<\/p>\n","protected":false},"excerpt":{"rendered":"<p>A madarak \u00e9rdekesebbek ann\u00e1l, mint amilyennek l\u00e1tszanak.<\/p>\n","protected":false},"author":7,"featured_media":330010,"comment_status":"open","ping_status":"closed","sticky":false,"template":"","format":"standard","meta":{"buzzeditor_post_format":""},"categories":[46,23],"tags":[5823,8288],"yoast_head":"<!-- This site is optimized with the Yoast SEO plugin v19.6.1 - https:\/\/yoast.com\/wordpress\/plugins\/seo\/ -->\n<title>El a v\u00edzt\u0151l! Mi\u00e9rt ker\u00fclik a madarak a nagy v\u00edzt\u00f6megeket vonul\u00e1s k\u00f6zben?<\/title>\n<meta name=\"description\" content=\"A madarak \u00e9rdekesebbek ann\u00e1l, mint amilyennek l\u00e1tszanak.\" \/>\n<meta name=\"robots\" content=\"index, follow, max-snippet:-1, max-image-preview:large, max-video-preview:-1\" \/>\n<link rel=\"canonical\" href=\"https:\/\/liked.hu\/old\/erdekes\/el-a-viztol-miert-kerulik-a-madarak-a-nagy-viztomegeket-vonulas-kozben\/\" \/>\n<meta property=\"og:locale\" content=\"hu_HU\" \/>\n<meta property=\"og:type\" content=\"article\" \/>\n<meta property=\"og:title\" content=\"El a v\u00edzt\u0151l! Mi\u00e9rt ker\u00fclik a madarak a nagy v\u00edzt\u00f6megeket vonul\u00e1s k\u00f6zben?\" \/>\n<meta property=\"og:description\" content=\"A madarak \u00e9rdekesebbek ann\u00e1l, mint amilyennek l\u00e1tszanak.\" \/>\n<meta property=\"og:url\" content=\"https:\/\/liked.hu\/old\/erdekes\/el-a-viztol-miert-kerulik-a-madarak-a-nagy-viztomegeket-vonulas-kozben\/\" \/>\n<meta property=\"og:site_name\" content=\"Liked.hu\" \/>\n<meta property=\"article:publisher\" content=\"https:\/\/www.facebook.com\/liked.hu\" \/>\n<meta property=\"article:published_time\" content=\"2024-04-02T22:42:48+00:00\" \/>\n<meta property=\"article:modified_time\" content=\"2024-04-02T22:42:55+00:00\" \/>\n<meta property=\"og:image\" content=\"https:\/\/liked.hu\/old\/wp-content\/uploads\/2024\/04\/Madarak-vonulasa.jpg\" \/>\n\t<meta property=\"og:image:width\" content=\"1200\" \/>\n\t<meta property=\"og:image:height\" content=\"630\" \/>\n\t<meta property=\"og:image:type\" content=\"image\/jpeg\" \/>\n<meta name=\"author\" content=\"Tiborc\" \/>\n<meta name=\"twitter:card\" content=\"summary\" \/>\n<meta name=\"twitter:creator\" content=\"@LikedHu\" \/>\n<meta name=\"twitter:site\" content=\"@LikedHu\" \/>\n<meta name=\"twitter:label1\" content=\"Szerz\u0151:\" \/>\n\t<meta name=\"twitter:data1\" content=\"Tiborc\" \/>\n\t<meta name=\"twitter:label2\" content=\"Becs\u00fclt olvas\u00e1si id\u0151\" \/>\n\t<meta name=\"twitter:data2\" content=\"3 perc\" \/>\n<script type=\"application\/ld+json\" class=\"yoast-schema-graph\">{\"@context\":\"https:\/\/schema.org\",\"@graph\":[{\"@type\":\"Article\",\"@id\":\"https:\/\/liked.hu\/old\/erdekes\/el-a-viztol-miert-kerulik-a-madarak-a-nagy-viztomegeket-vonulas-kozben\/#article\",\"isPartOf\":{\"@id\":\"https:\/\/liked.hu\/old\/erdekes\/el-a-viztol-miert-kerulik-a-madarak-a-nagy-viztomegeket-vonulas-kozben\/\"},\"author\":{\"name\":\"Tiborc\",\"@id\":\"https:\/\/liked.hu\/old\/#\/schema\/person\/8b92210be73c8af1a8255bd30ebe772b\"},\"headline\":\"El a v\u00edzt\u0151l! Mi\u00e9rt ker\u00fclik a madarak a nagy v\u00edzt\u00f6megeket vonul\u00e1s k\u00f6zben?\",\"datePublished\":\"2024-04-02T22:42:48+00:00\",\"dateModified\":\"2024-04-02T22:42:55+00:00\",\"mainEntityOfPage\":{\"@id\":\"https:\/\/liked.hu\/old\/erdekes\/el-a-viztol-miert-kerulik-a-madarak-a-nagy-viztomegeket-vonulas-kozben\/\"},\"wordCount\":560,\"commentCount\":1,\"publisher\":{\"@id\":\"https:\/\/liked.hu\/old\/#organization\"},\"keywords\":[\"Ma tudtam meg!\",\"madarak\"],\"articleSection\":[\"\u00c1llatok\",\"\u00c9rdekess\u00e9gek\"],\"inLanguage\":\"hu\",\"potentialAction\":[{\"@type\":\"CommentAction\",\"name\":\"Comment\",\"target\":[\"https:\/\/liked.hu\/old\/erdekes\/el-a-viztol-miert-kerulik-a-madarak-a-nagy-viztomegeket-vonulas-kozben\/#respond\"]}]},{\"@type\":\"WebPage\",\"@id\":\"https:\/\/liked.hu\/old\/erdekes\/el-a-viztol-miert-kerulik-a-madarak-a-nagy-viztomegeket-vonulas-kozben\/\",\"url\":\"https:\/\/liked.hu\/old\/erdekes\/el-a-viztol-miert-kerulik-a-madarak-a-nagy-viztomegeket-vonulas-kozben\/\",\"name\":\"El a v\u00edzt\u0151l! Mi\u00e9rt ker\u00fclik a madarak a nagy v\u00edzt\u00f6megeket vonul\u00e1s k\u00f6zben?\",\"isPartOf\":{\"@id\":\"https:\/\/liked.hu\/old\/#website\"},\"datePublished\":\"2024-04-02T22:42:48+00:00\",\"dateModified\":\"2024-04-02T22:42:55+00:00\",\"description\":\"A madarak \u00e9rdekesebbek ann\u00e1l, mint amilyennek l\u00e1tszanak.\",\"breadcrumb\":{\"@id\":\"https:\/\/liked.hu\/old\/erdekes\/el-a-viztol-miert-kerulik-a-madarak-a-nagy-viztomegeket-vonulas-kozben\/#breadcrumb\"},\"inLanguage\":\"hu\",\"potentialAction\":[{\"@type\":\"ReadAction\",\"target\":[\"https:\/\/liked.hu\/old\/erdekes\/el-a-viztol-miert-kerulik-a-madarak-a-nagy-viztomegeket-vonulas-kozben\/\"]}]},{\"@type\":\"BreadcrumbList\",\"@id\":\"https:\/\/liked.hu\/old\/erdekes\/el-a-viztol-miert-kerulik-a-madarak-a-nagy-viztomegeket-vonulas-kozben\/#breadcrumb\",\"itemListElement\":[{\"@type\":\"ListItem\",\"position\":1,\"name\":\"Kezd\u0151lap\",\"item\":\"https:\/\/liked.hu\/old\/\"},{\"@type\":\"ListItem\",\"position\":2,\"name\":\"El a v\u00edzt\u0151l! Mi\u00e9rt ker\u00fclik a madarak a nagy v\u00edzt\u00f6megeket vonul\u00e1s k\u00f6zben?\"}]},{\"@type\":\"WebSite\",\"@id\":\"https:\/\/liked.hu\/old\/#website\",\"url\":\"https:\/\/liked.hu\/old\/\",\"name\":\"Liked.hu\",\"description\":\"\",\"publisher\":{\"@id\":\"https:\/\/liked.hu\/old\/#organization\"},\"potentialAction\":[{\"@type\":\"SearchAction\",\"target\":{\"@type\":\"EntryPoint\",\"urlTemplate\":\"https:\/\/liked.hu\/old\/?s={search_term_string}\"},\"query-input\":\"required name=search_term_string\"}],\"inLanguage\":\"hu\"},{\"@type\":\"Organization\",\"@id\":\"https:\/\/liked.hu\/old\/#organization\",\"name\":\"Liked.hu\",\"url\":\"https:\/\/liked.hu\/old\/\",\"sameAs\":[\"https:\/\/hu.pinterest.com\/likedhungary\/\",\"https:\/\/www.youtube.com\/channel\/UCPv91dbMoIukYcM9b9nHN6Q\",\"https:\/\/www.facebook.com\/liked.hu\",\"https:\/\/twitter.com\/LikedHu\"],\"logo\":{\"@type\":\"ImageObject\",\"inLanguage\":\"hu\",\"@id\":\"https:\/\/liked.hu\/old\/#\/schema\/logo\/image\/\",\"url\":\"https:\/\/liked.hu\/wp-content\/uploads\/2018\/08\/Liked-icon.png\",\"contentUrl\":\"https:\/\/liked.hu\/wp-content\/uploads\/2018\/08\/Liked-icon.png\",\"width\":512,\"height\":512,\"caption\":\"Liked.hu\"},\"image\":{\"@id\":\"https:\/\/liked.hu\/old\/#\/schema\/logo\/image\/\"}},{\"@type\":\"Person\",\"@id\":\"https:\/\/liked.hu\/old\/#\/schema\/person\/8b92210be73c8af1a8255bd30ebe772b\",\"name\":\"Tiborc\",\"image\":{\"@type\":\"ImageObject\",\"inLanguage\":\"hu\",\"@id\":\"https:\/\/liked.hu\/old\/#\/schema\/person\/image\/\",\"url\":\"https:\/\/liked.hu\/old\/wp-content\/uploads\/avatars\/7\/604de8ed2ffd6-bpfull.jpg\",\"contentUrl\":\"https:\/\/liked.hu\/old\/wp-content\/uploads\/avatars\/7\/604de8ed2ffd6-bpfull.jpg\",\"caption\":\"Tiborc\"},\"url\":\"https:\/\/liked.hu\/old\/u\/tiborc\/\"}]}<\/script>\n<!-- \/ Yoast SEO plugin. -->","yoast_head_json":{"title":"El a v\u00edzt\u0151l! Mi\u00e9rt ker\u00fclik a madarak a nagy v\u00edzt\u00f6megeket vonul\u00e1s k\u00f6zben?","description":"A madarak \u00e9rdekesebbek ann\u00e1l, mint amilyennek l\u00e1tszanak.","robots":{"index":"index","follow":"follow","max-snippet":"max-snippet:-1","max-image-preview":"max-image-preview:large","max-video-preview":"max-video-preview:-1"},"canonical":"https:\/\/liked.hu\/old\/erdekes\/el-a-viztol-miert-kerulik-a-madarak-a-nagy-viztomegeket-vonulas-kozben\/","og_locale":"hu_HU","og_type":"article","og_title":"El a v\u00edzt\u0151l! Mi\u00e9rt ker\u00fclik a madarak a nagy v\u00edzt\u00f6megeket vonul\u00e1s k\u00f6zben?","og_description":"A madarak \u00e9rdekesebbek ann\u00e1l, mint amilyennek l\u00e1tszanak.","og_url":"https:\/\/liked.hu\/old\/erdekes\/el-a-viztol-miert-kerulik-a-madarak-a-nagy-viztomegeket-vonulas-kozben\/","og_site_name":"Liked.hu","article_publisher":"https:\/\/www.facebook.com\/liked.hu","article_published_time":"2024-04-02T22:42:48+00:00","article_modified_time":"2024-04-02T22:42:55+00:00","og_image":[{"width":1200,"height":630,"url":"https:\/\/liked.hu\/old\/wp-content\/uploads\/2024\/04\/Madarak-vonulasa.jpg","type":"image\/jpeg"}],"author":"Tiborc","twitter_card":"summary","twitter_creator":"@LikedHu","twitter_site":"@LikedHu","twitter_misc":{"Szerz\u0151:":"Tiborc","Becs\u00fclt olvas\u00e1si id\u0151":"3 perc"},"schema":{"@context":"https:\/\/schema.org","@graph":[{"@type":"Article","@id":"https:\/\/liked.hu\/old\/erdekes\/el-a-viztol-miert-kerulik-a-madarak-a-nagy-viztomegeket-vonulas-kozben\/#article","isPartOf":{"@id":"https:\/\/liked.hu\/old\/erdekes\/el-a-viztol-miert-kerulik-a-madarak-a-nagy-viztomegeket-vonulas-kozben\/"},"author":{"name":"Tiborc","@id":"https:\/\/liked.hu\/old\/#\/schema\/person\/8b92210be73c8af1a8255bd30ebe772b"},"headline":"El a v\u00edzt\u0151l! Mi\u00e9rt ker\u00fclik a madarak a nagy v\u00edzt\u00f6megeket vonul\u00e1s k\u00f6zben?","datePublished":"2024-04-02T22:42:48+00:00","dateModified":"2024-04-02T22:42:55+00:00","mainEntityOfPage":{"@id":"https:\/\/liked.hu\/old\/erdekes\/el-a-viztol-miert-kerulik-a-madarak-a-nagy-viztomegeket-vonulas-kozben\/"},"wordCount":560,"commentCount":1,"publisher":{"@id":"https:\/\/liked.hu\/old\/#organization"},"keywords":["Ma tudtam meg!","madarak"],"articleSection":["\u00c1llatok","\u00c9rdekess\u00e9gek"],"inLanguage":"hu","potentialAction":[{"@type":"CommentAction","name":"Comment","target":["https:\/\/liked.hu\/old\/erdekes\/el-a-viztol-miert-kerulik-a-madarak-a-nagy-viztomegeket-vonulas-kozben\/#respond"]}]},{"@type":"WebPage","@id":"https:\/\/liked.hu\/old\/erdekes\/el-a-viztol-miert-kerulik-a-madarak-a-nagy-viztomegeket-vonulas-kozben\/","url":"https:\/\/liked.hu\/old\/erdekes\/el-a-viztol-miert-kerulik-a-madarak-a-nagy-viztomegeket-vonulas-kozben\/","name":"El a v\u00edzt\u0151l! Mi\u00e9rt ker\u00fclik a madarak a nagy v\u00edzt\u00f6megeket vonul\u00e1s k\u00f6zben?","isPartOf":{"@id":"https:\/\/liked.hu\/old\/#website"},"datePublished":"2024-04-02T22:42:48+00:00","dateModified":"2024-04-02T22:42:55+00:00","description":"A madarak \u00e9rdekesebbek ann\u00e1l, mint amilyennek l\u00e1tszanak.","breadcrumb":{"@id":"https:\/\/liked.hu\/old\/erdekes\/el-a-viztol-miert-kerulik-a-madarak-a-nagy-viztomegeket-vonulas-kozben\/#breadcrumb"},"inLanguage":"hu","potentialAction":[{"@type":"ReadAction","target":["https:\/\/liked.hu\/old\/erdekes\/el-a-viztol-miert-kerulik-a-madarak-a-nagy-viztomegeket-vonulas-kozben\/"]}]},{"@type":"BreadcrumbList","@id":"https:\/\/liked.hu\/old\/erdekes\/el-a-viztol-miert-kerulik-a-madarak-a-nagy-viztomegeket-vonulas-kozben\/#breadcrumb","itemListElement":[{"@type":"ListItem","position":1,"name":"Kezd\u0151lap","item":"https:\/\/liked.hu\/old\/"},{"@type":"ListItem","position":2,"name":"El a v\u00edzt\u0151l! Mi\u00e9rt ker\u00fclik a madarak a nagy v\u00edzt\u00f6megeket vonul\u00e1s k\u00f6zben?"}]},{"@type":"WebSite","@id":"https:\/\/liked.hu\/old\/#website","url":"https:\/\/liked.hu\/old\/","name":"Liked.hu","description":"","publisher":{"@id":"https:\/\/liked.hu\/old\/#organization"},"potentialAction":[{"@type":"SearchAction","target":{"@type":"EntryPoint","urlTemplate":"https:\/\/liked.hu\/old\/?s={search_term_string}"},"query-input":"required name=search_term_string"}],"inLanguage":"hu"},{"@type":"Organization","@id":"https:\/\/liked.hu\/old\/#organization","name":"Liked.hu","url":"https:\/\/liked.hu\/old\/","sameAs":["https:\/\/hu.pinterest.com\/likedhungary\/","https:\/\/www.youtube.com\/channel\/UCPv91dbMoIukYcM9b9nHN6Q","https:\/\/www.facebook.com\/liked.hu","https:\/\/twitter.com\/LikedHu"],"logo":{"@type":"ImageObject","inLanguage":"hu","@id":"https:\/\/liked.hu\/old\/#\/schema\/logo\/image\/","url":"https:\/\/liked.hu\/wp-content\/uploads\/2018\/08\/Liked-icon.png","contentUrl":"https:\/\/liked.hu\/wp-content\/uploads\/2018\/08\/Liked-icon.png","width":512,"height":512,"caption":"Liked.hu"},"image":{"@id":"https:\/\/liked.hu\/old\/#\/schema\/logo\/image\/"}},{"@type":"Person","@id":"https:\/\/liked.hu\/old\/#\/schema\/person\/8b92210be73c8af1a8255bd30ebe772b","name":"Tiborc","image":{"@type":"ImageObject","inLanguage":"hu","@id":"https:\/\/liked.hu\/old\/#\/schema\/person\/image\/","url":"https:\/\/liked.hu\/old\/wp-content\/uploads\/avatars\/7\/604de8ed2ffd6-bpfull.jpg","contentUrl":"https:\/\/liked.hu\/old\/wp-content\/uploads\/avatars\/7\/604de8ed2ffd6-bpfull.jpg","caption":"Tiborc"},"url":"https:\/\/liked.hu\/old\/u\/tiborc\/"}]}},"publishpress_future_action":{"enabled":false,"date":"1970-01-01 01:00:00","action":"","terms":[],"taxonomy":"","browser_timezone_offset":0},"_links":{"self":[{"href":"https:\/\/liked.hu\/old\/wp-json\/wp\/v2\/posts\/330009"}],"collection":[{"href":"https:\/\/liked.hu\/old\/wp-json\/wp\/v2\/posts"}],"about":[{"href":"https:\/\/liked.hu\/old\/wp-json\/wp\/v2\/types\/post"}],"author":[{"embeddable":true,"href":"https:\/\/liked.hu\/old\/wp-json\/wp\/v2\/users\/7"}],"replies":[{"embeddable":true,"href":"https:\/\/liked.hu\/old\/wp-json\/wp\/v2\/comments?post=330009"}],"version-history":[{"count":0,"href":"https:\/\/liked.hu\/old\/wp-json\/wp\/v2\/posts\/330009\/revisions"}],"wp:featuredmedia":[{"embeddable":true,"href":"https:\/\/liked.hu\/old\/wp-json\/wp\/v2\/media\/330010"}],"wp:attachment":[{"href":"https:\/\/liked.hu\/old\/wp-json\/wp\/v2\/media?parent=330009"}],"wp:term":[{"taxonomy":"category","embeddable":true,"href":"https:\/\/liked.hu\/old\/wp-json\/wp\/v2\/categories?post=330009"},{"taxonomy":"post_tag","embeddable":true,"href":"https:\/\/liked.hu\/old\/wp-json\/wp\/v2\/tags?post=330009"}],"curies":[{"name":"wp","href":"https:\/\/api.w.org\/{rel}","templated":true}]}}