{"id":329815,"date":"2024-04-02T12:01:03","date_gmt":"2024-04-02T11:01:03","guid":{"rendered":"https:\/\/liked.hu\/old\/?p=329815"},"modified":"2024-04-02T12:01:09","modified_gmt":"2024-04-02T11:01:09","slug":"8-undorito-es-ijeszto-dolog-ami-az-okori-romaban-vart-volna-rad","status":"publish","type":"post","link":"https:\/\/liked.hu\/old\/erdekes\/8-undorito-es-ijeszto-dolog-ami-az-okori-romaban-vart-volna-rad\/","title":{"rendered":"8 undor\u00edt\u00f3 \u00e9s ijeszt\u0151 dolog, ami az \u00f3kori R\u00f3m\u00e1ban v\u00e1rt volna r\u00e1d"},"content":{"rendered":"\n<p>Az \u00f3kori R\u00f3ma egy leny\u0171g\u00f6z\u0151 civiliz\u00e1ci\u00f3 volt, tele leny\u0171g\u00f6z\u0151 \u00e9p\u00edt\u00e9szeti eml\u00e9kekkel, leny\u0171g\u00f6z\u0151 m\u00e9rn\u00f6ki brav\u00farokkal \u00e9s leny\u0171g\u00f6z\u0151 katonai hatalommal. De ne feledkezz\u00fcnk meg a s\u00f6t\u00e9tebb oldalr\u00f3l sem: a furcsa szok\u00e1sokr\u00f3l, a bizarr higi\u00e9ni\u00e1r\u00f3l \u00e9s a leplezetlen brutalit\u00e1sr\u00f3l.<\/p>\n\n\n\n\n<div style=\"float:none;margin:0px 0 0px 0;text-align:center;\">\n<div class=\"mobileShowkakettes\"><div class=\"mobileShowka2\"><div style=\"padding-top:0px;padding-bottom:15px;min-height: 300px;\"><div class=\"hirdetes\">HIRDET\u00c9S<\/div>\n<!-- 300lista -->\n<ins class=\"adsbygoogle\"\n     style=\"display:inline-block;width:300px;height:250px\"\n     data-ad-client=\"ca-pub-9424088931673893\"\n     data-ad-slot=\"8471340766\"><\/ins>\n<script async>\n     (adsbygoogle = window.adsbygoogle || []).push({});\n<\/script><\/div><\/div><\/div><\/div>\n\n\n\n\n<p>Ebben a cikkben 8 olyan dolgot mutatunk be az \u00f3kori R\u00f3m\u00e1b\u00f3l, amit\u0151l tuti kir\u00e1zna a hideg.<\/p>\n\n\n\n<h4>1. Vizelettel most\u00e1k a ruh\u00e1kat \u00e9s \u00f6bl\u00edtett\u00e9k a sz\u00e1jukat<\/h4>\n\n\n\n<p>Az \u00f3kori R\u00f3m\u00e1ban a k\u00f6zf\u00fcrd\u0151k \u00e9s latrin\u00e1k fenntart\u00e1sa igen j\u00f6vedelmez\u0151 \u00fczlet volt. Vespasianus cs\u00e1sz\u00e1r m\u00e9g egy \u00faj ad\u00f3t is bevezetett a nyilv\u00e1nos v\u00e9c\u00e9kre, ezzel tan\u00edtva fi\u00e1t, hogy a p\u00e9nznek nincs szaga. A vizelet \u00e9rt\u00e9kes gazdas\u00e1gi forr\u00e1snak sz\u00e1m\u00edtott. T\u00f6bb tucatnyi c\u00e9lra haszn\u00e1lt\u00e1k, t\u00f6bbek k\u00f6z\u00f6tt b\u0151r megmunk\u00e1l\u00e1sra, gyapj\u00fa \u00e9s m\u00e1s sz\u00f6vetek feldolgoz\u00e1s\u00e1ra, fest\u00e9kgy\u00e1rt\u00e1sban, vagy ak\u00e1r mos\u00f3szer helyett.<\/p>\n\n\n\n<figure class=\"wp-block-image size-full\"><img loading=\"lazy\" width=\"417\" height=\"524\" src=\"https:\/\/liked.hu\/old\/wp-content\/uploads\/2024\/04\/Okori-romai-dolgok-006.webp\" alt=\"\u00d3kori r\u00f3mai dolgok 006\" class=\"wp-image-329825\"\/><\/figure>\n\n\n\n<p>A mos\u00e1s technol\u00f3gi\u00e1ja a k\u00f6vetkez\u0151 volt: a haszn\u00e1lt ruh\u00e1kat egy vizelettel teli k\u00e1dba dobt\u00e1k, letapost\u00e1k \u0151ket, alaposan ki\u00f6bl\u00edtett\u00e9k, hogy elt\u00e1vol\u00edts\u00e1k a b\u0171zt, \u00e9s m\u00e1ris tiszta ruh\u00e1khoz jutottak. Hogy hogyan? A vizeletben l\u00e9v\u0151 amm\u00f3nia a titok, aminek, mint tudjuk, feh\u00e9r\u00edt\u0151 hat\u00e1sa van.<\/p>\n\n\n\n<p>A sz\u00e9klet \u00e9s vizelet gy\u0171jt\u00e9se nem volt preszt\u00edzs munka, de fontos volt. Egyesek a nyilv\u00e1nos v\u00e9c\u00e9ket \u00fczemeltett\u00e9k, m\u00e1sok a mag\u00e1nh\u00e1zakb\u00f3l gy\u0171jt\u00f6tt\u00e9k be a k\u00e9szterm\u00e9ket. Ezt k\u00f6vet\u0151en mindent eladtak a t\u00edm\u00e1roknak, fest\u0151knek, mosod\u00e1knak \u00e9s kert\u00e9szeteknek, ahol az \u00e9rt\u00e9kes amm\u00f3ni\u00e1ban gazdag tr\u00e1gy\u00e1t p\u00e9ld\u00e1ul a gr\u00e1n\u00e1talmaf\u00e1k tr\u00e1gy\u00e1z\u00e1s\u00e1ra haszn\u00e1lt\u00e1k.<\/p>\n\n\n\n<p>Ezenk\u00edv\u00fcl n\u00e9h\u00e1ny nemes h\u00f6lgy \u00e9s \u00far, eml\u00e9kezve a vizelet feh\u00e9r\u00edt\u0151 hat\u00e1s\u00e1ra, fogmos\u00e1sra is haszn\u00e1lta azt. Ez a szok\u00e1s k\u00fcl\u00f6n\u00f6sen n\u00e9pszer\u0171 volt a spanyol provinci\u00e1ban.<\/p>\n\n\n\n<p>Megjegyzend\u0151, hogy h\u00e1rom modern eur\u00f3pai nyelven &#8211; franci\u00e1ul, olaszul \u00e9s rom\u00e1nul &#8211; a nyilv\u00e1nos v\u00e9c\u00e9kben tal\u00e1lhat\u00f3 piszo\u00e1rokat m\u00e9g ma is Vespasianus cs\u00e1sz\u00e1r nev\u00e9vel illetik.<\/p>\n\n\n\n<h4>2. Egy szivacsot haszn\u00e1ltak a fen\u00e9k let\u00f6rl\u00e9s\u00e9re<\/h4>\n\n\n\n<figure class=\"wp-block-image size-full\"><img loading=\"lazy\" width=\"900\" height=\"566\" src=\"https:\/\/liked.hu\/old\/wp-content\/uploads\/2024\/04\/Okori-romai-dolgok-005.webp\" alt=\"\u00d3kori r\u00f3mai dolgok 005\" class=\"wp-image-329824\" srcset=\"https:\/\/liked.hu\/old\/wp-content\/uploads\/2024\/04\/Okori-romai-dolgok-005.webp 900w, https:\/\/liked.hu\/old\/wp-content\/uploads\/2024\/04\/Okori-romai-dolgok-005-768x483.webp 768w\" sizes=\"(max-width: 900px) 100vw, 900px\" \/><\/figure>\n\n\n\n<p>Wc-pap\u00edr helyett egy tersorium vagy xylospondium nev\u0171 eszk\u00f6zt haszn\u00e1ltak. Ez egy r\u00fadra szerelt szivacs volt, egyfajta t\u00f6bbsz\u00f6r\u00f6sen haszn\u00e1lhat\u00f3 bojtorj\u00e1n. Mindenki k\u00f6z\u00f6sen haszn\u00e1lta. A proced\u00fara a k\u00f6vetkez\u0151 volt: a haszn\u00e1lat ut\u00e1n a szivacsot egy ecetes s\u00f3s l\u00e9vel teli v\u00f6d\u00f6rbe tett\u00e9k, ahol boldogan v\u00e1rta a k\u00f6vetkez\u0151 \u00fcgyfelet. Sz\u00fcks\u00e9g eset\u00e9n a szersz\u00e1mot dugul\u00e1selh\u00e1r\u00edt\u00f3k\u00e9nt is haszn\u00e1lt\u00e1k az eldugult cs\u00f6vek tiszt\u00edt\u00e1s\u00e1ra.<\/p>\n\n\n\n<p>Term\u00e9szetesen nem cser\u00e9lt\u00e9k gyakran, csak akkor, ha a szivacs el\u00f6regedett, \u00e9s foszlani kezdett.<\/p>\n\n\n\n\n<div style=\"float:none;margin:0px 0 0px 0;text-align:center;\">\n<div class=\"mobileHideke5\"><div style=\"margin-top:25px;\"><div class=\"hirdeteshatter\"><div style=\"display: inline-block;width: 50%;min-width:305px;vertical-align: top;\"><div class=\"hirdetes\">HIRDET\u00c9S<\/div>\n<!-- LikedQ51 -->\n<ins class=\"adsbygoogle\"\n     style=\"display:inline-block;width:300px;height:250px\"\n     data-ad-client=\"ca-pub-9424088931673893\"\n     data-ad-slot=\"8284063326\"><\/ins>\n<script async>\n     (adsbygoogle = window.adsbygoogle || []).push({});\n<\/script><\/div><div style=\"display: inline-block;width: 50%;min-width:305px;vertical-align: top;\"><div class=\"hirdetes\">HIRDET\u00c9S<\/div>\n<!-- LikedQ52 -->\n<ins class=\"adsbygoogle\"\n     style=\"display:inline-block;width:300px;height:250px\"\n     data-ad-client=\"ca-pub-9424088931673893\"\n     data-ad-slot=\"2840164950\"><\/ins>\n<script async>\n     (adsbygoogle = window.adsbygoogle || []).push({});\n<\/script><\/div><\/div><\/div><\/div>\n<div style=\"display:flex;flex-direction:column;\"><div class=\"mobileShowka5\"><div style=\"padding-top:10px;padding-bottom:10px;min-height: 300px;\"><div class=\"hirdetes\">HIRDET\u00c9S<\/div>\n<!-- LikedQ5M -->\n<ins class=\"adsbygoogle\"\n     style=\"display:inline-block;width:300px;height:250px\"\n     data-ad-client=\"ca-pub-9424088931673893\"\n     data-ad-slot=\"9022429928\"><\/ins>\n<script async>\n     (adsbygoogle = window.adsbygoogle || []).push({});\n<\/script><\/div><\/div><\/div><\/div>\n\n\n\n\n<h4>3. Robban\u00e1sok, \u00e1rvizek \u00e9s vend\u00e9gek a csatorn\u00e1b\u00f3l<\/h4>\n\n\n\n<figure class=\"wp-block-image size-full\"><img loading=\"lazy\" width=\"800\" height=\"516\" src=\"https:\/\/liked.hu\/old\/wp-content\/uploads\/2024\/04\/Okori-romai-dolgok-004.webp\" alt=\"\u00d3kori r\u00f3mai dolgok 004\" class=\"wp-image-329823\" srcset=\"https:\/\/liked.hu\/old\/wp-content\/uploads\/2024\/04\/Okori-romai-dolgok-004.webp 800w, https:\/\/liked.hu\/old\/wp-content\/uploads\/2024\/04\/Okori-romai-dolgok-004-768x495.webp 768w\" sizes=\"(max-width: 800px) 100vw, 800px\" \/><\/figure>\n\n\n\n<p>Az \u00f3kori R\u00f3ma nyilv\u00e1nos v\u00e9c\u00e9i meglehet\u0151sen t\u00e1vol \u00e1lltak a maiakt\u00f3l. Ink\u00e1bb egyfajta f\u00f3rumk\u00e9nt szolg\u00e1ltak, ahol a tisztelt urak \u00e9s h\u00f6lgyek b\u00e1rmilyen t\u00e9m\u00e1ban kifejthett\u00e9k v\u00e9lem\u00e9ny\u00fcket, mik\u00f6zben elv\u00e9gezt\u00e9k a dolgukat. Nem volt v\u00e1laszfal az egyes helyek k\u00f6z\u00f6tt &#8211; a r\u00f3mai n\u00e9p nemigen tisztelte a priv\u00e1t szf\u00e9r\u00e1t. Egy latrin\u00e1ban &#8211; \u00edgy h\u00edvt\u00e1k ezt a l\u00e9tes\u00edtm\u00e9nyt &#8211; ak\u00e1r 80-100 ember is tart\u00f3zkodhatott egyszerre. A v\u00e9c\u00e9besz\u00e9lget\u00e9sek meglehet\u0151sen bizalmasak voltak: \u00fagy gondolt\u00e1k, hogy ilyen helyzetben a besz\u00e9lget\u0151t\u00e1rs aligha fog hazugs\u00e1gokhoz folyamodni.<\/p>\n\n\n\n<p>Ugyanakkor minden toalettl\u00e1togat\u00e1s sz\u00e1mos vesz\u00e9llyel j\u00e1rt. Nem csak a v\u00e9c\u00e9ben rejt\u0151zk\u00f6d\u0151 patk\u00e1nyra vagy k\u00edgy\u00f3ra kell gondolni, hanem a csatorn\u00e1ban felgy\u00fclemlett g\u00e1zok, els\u0151sorban met\u00e1n vagy k\u00e9nhidrog\u00e9n robban\u00e1svesz\u00e9lyeire is. Ha a v\u00e9c\u00e9 r\u00e9gi volt \u00e9s nem takar\u00edtott\u00e1k sok\u00e1ig, egyetlen szikra is elegend\u0151 volt ahhoz, hogy az eg\u00e9sz felrobbanjon. Nem lehet azt mondani, hogy ezek a robban\u00e1sok hal\u00e1lt vagy puszt\u00edt\u00e1st okoztak volna, de el\u0151fordult, hogy sz\u0151rtelen\u00edt\u00e9shez vagy intim ter\u00fcletek \u00e9g\u00e9si s\u00e9r\u00fcl\u00e9seihez vezettek.<\/p>\n\n\n\n<p>Nem csod\u00e1lkozunk teh\u00e1t, hogy a r\u00f3maiak, akik meglehet\u0151sen vall\u00e1sosak voltak, m\u00e9g a v\u00e9c\u00e9kre is voltak Isteneik. Sterquilinus volt felel\u0151s a szagok\u00e9rt, Cloacina a csatornarendszer\u00e9rt, Crepitus pedig a WC-k\u00e9rt. Mindannyiuknak \u00e1ldozatokat \u00e9s aj\u00e1nd\u00e9kokat mutattak be. S\u0151t, a toalettben a szerencse istenn\u0151j\u00e9t, Fortun\u00e1t is gyakran elhelyezt\u00e9k.<\/p>\n\n\n\n<h4>4. Korrupt t\u0171zolt\u00f3k<\/h4>\n\n\n\n<figure class=\"wp-block-image size-full\"><img loading=\"lazy\" width=\"1200\" height=\"504\" src=\"https:\/\/liked.hu\/old\/wp-content\/uploads\/2024\/04\/Okori-romai-dolgok-003.webp\" alt=\"\u00d3kori r\u00f3mai dolgok 003\" class=\"wp-image-329822\" srcset=\"https:\/\/liked.hu\/old\/wp-content\/uploads\/2024\/04\/Okori-romai-dolgok-003.webp 1200w, https:\/\/liked.hu\/old\/wp-content\/uploads\/2024\/04\/Okori-romai-dolgok-003-768x323.webp 768w\" sizes=\"(max-width: 1200px) 100vw, 1200px\" \/><\/figure>\n\n\n\n<p>Mint minden nagyv\u00e1ros, R\u00f3ma is gyakran \u00e9gett a t\u00f6rt\u00e9nelem sor\u00e1n. Nero &#8222;nagy t\u00fcze&#8221; kor\u00e1ntsem volt az egyetlen &#8211; szinte rendszeresen \u00e9gett, \u00e9s minden t\u0171zv\u00e9sz ut\u00e1n mindent \u00fajj\u00e1 kellett \u00e9p\u00edteni.<\/p>\n\n\n\n<p>A r\u00f3mai polg\u00e1roknak hivatalosan tilos volt konyh\u00e1t tartani \u00e9s t\u00fczet gy\u00fajtani a t\u00e1rsash\u00e1zakban, \u00e9s a k\u00f6z\u00e9tkeztet\u00e9st is vend\u00e9gl\u0151kben oldott\u00e1k meg. Azonban ez nem oldotta meg a helyzetet: amint egy r\u00f3mai matr\u00f3na gyerty\u00e1val a kez\u00e9ben bel\u00e9pett a v\u00e9c\u00e9be, bek\u00f6vetkezett a robban\u00e1s. \u00c9s azt\u00e1n a t\u0171z.<\/p>\n\n\n\n<p>Az ig\u00e9ny sz\u00fcli a k\u00edn\u00e1latot &#8211; egy sz\u00e9p napon \u00f6nk\u00e9ntes t\u0171zolt\u00f3csapatok, az \u00fagynevezett &#8222;nocturnal triumviri&#8221; jelentek meg a v\u00e1rosban. A t\u00fczeket ecetes rongyokkal oltott\u00e1k el. De volt egy b\u00f6kken\u0151: a szolg\u00e1ltat\u00e1s fizet\u0151s volt, \u00e9s a d\u00edjat a t\u0171zolt\u00e1s el\u0151tt, nem pedig ut\u00e1na kellett megfizetni. Nincs n\u00e1lad k\u00e9szp\u00e9nz? Semmi gond, menj el \u00e9s k\u00e9rj k\u00f6lcs\u00f6n a szomsz\u00e9dokt\u00f3l, csak gyorsan, am\u00edg m\u00e9g maradt valami a h\u00e1zadb\u00f3l.<\/p>\n\n\n\n<figure class=\"wp-block-image size-full\"><img loading=\"lazy\" width=\"1200\" height=\"591\" src=\"https:\/\/liked.hu\/old\/wp-content\/uploads\/2024\/04\/Okori-romai-dolgok-002.webp\" alt=\"\u00d3kori r\u00f3mai dolgok 002\" class=\"wp-image-329821\" srcset=\"https:\/\/liked.hu\/old\/wp-content\/uploads\/2024\/04\/Okori-romai-dolgok-002.webp 1200w, https:\/\/liked.hu\/old\/wp-content\/uploads\/2024\/04\/Okori-romai-dolgok-002-768x378.webp 768w\" sizes=\"(max-width: 1200px) 100vw, 1200px\" \/><\/figure>\n\n\n\n<p>A legismertebb csapat Julius Caesar t\u00e1rs\u00e1nak, Marcus Crassusnak a tulajdon\u00e1ban volt. Crassus kib\u0151v\u00edtette az \u00fczletet: ha egy h\u00e1zat semmik\u00e9ppen sem siker\u00fclt eloltani, fill\u00e9rek\u00e9rt megv\u00e1s\u00e1rolta a t\u0171zv\u00e9szben egyre olcs\u00f3bbod\u00f3 ingatlanokat, majd \u00fajj\u00e1\u00e9p\u00edtette \u00e9s nem kis haszonnal tov\u00e1bbadta \u0151ket. Nem csoda, hogy Crassus triumvir hihetetlen\u00fcl gazdag volt.<\/p>\n\n\n\n\n<div style=\"float:none;margin:0px 0 0px 0;text-align:center;\">\n<div class=\"mobileHideke8\"><div style=\"margin-top:25px;\"><div class=\"hirdeteshatter\"><div style=\"display: inline-block;width: 50%;min-width:340px;vertical-align: top;\"><div class=\"hirdetes\">HIRDET\u00c9S<\/div>\n<!-- Liked7Q1 -->\n<ins class=\"adsbygoogle\"\n     style=\"display:inline-block;width:336px;height:280px\"\n     data-ad-client=\"ca-pub-9424088931673893\"\n     data-ad-slot=\"3022062587\"><\/ins>\n<script async>\n     (adsbygoogle = window.adsbygoogle || []).push({});\n<\/script><\/div><div style=\"display: inline-block;width: 50%;min-width:340px;vertical-align: top;\"><div class=\"hirdetes\">HIRDET\u00c9S<\/div>\n<!-- Liked7Q2 -->\n<ins class=\"adsbygoogle\"\n     style=\"display:inline-block;width:336px;height:280px\"\n     data-ad-client=\"ca-pub-9424088931673893\"\n     data-ad-slot=\"3952000871\"><\/ins>\n<script async>\n     (adsbygoogle = window.adsbygoogle || []).push({});\n<\/script><\/div><\/div><\/div><\/div>\n<div style=\"display:flex;flex-direction:column;\"><div class=\"mobileShowka8\"><div style=\"padding-top:15px;margin-bottom:15px;min-height: 300px;\"><div class=\"hirdetes\">HIRDET\u00c9S<\/div>\n<!-- Liked7QMobil -->\n<ins class=\"adsbygoogle\"\n     style=\"display:inline-block;width:336px;height:280px\"\n     data-ad-client=\"ca-pub-9424088931673893\"\n     data-ad-slot=\"5073510857\"><\/ins>\n<script async>\n     (adsbygoogle = window.adsbygoogle || []).push({});\n<\/script><\/div><\/div><\/div><\/div>\n\n\n\n\n<h4>5. Radik\u00e1lis fogamz\u00e1sg\u00e1tl\u00e1si m\u00f3dszerek<\/h4>\n\n\n\n<figure class=\"wp-block-image size-full\"><img loading=\"lazy\" width=\"600\" height=\"379\" src=\"https:\/\/liked.hu\/old\/wp-content\/uploads\/2024\/04\/Silphium-contraceptive-herb.jpg\" alt=\"Silphium contraceptive herb\" class=\"wp-image-329819\"\/><\/figure>\n\n\n\n<p>A r\u00f3mai n\u0151k \u00fagy gondolt\u00e1k, hogy nem kell sok gyerek, \u00e9s a m\u00e9h\u00fcket b\u00e1rmilyen el\u00e9rhet\u0151 eszk\u00f6zzel vissza lehet fogni \u00e9s korl\u00e1tozni. A sz\u00fclet\u00e9sszab\u00e1lyoz\u00e1s m\u00f3djai meglehet\u0151sen v\u00e1ltozatosak voltak. P\u00e9ld\u00e1ul fogtak egy solpuga p\u00f3kot, szarvasb\u0151rbe tekert\u00e9k, \u00e9s bet\u00e9tk\u00e9nt haszn\u00e1lt\u00e1k. A f\u00e9rfiak pedig bor\u00f3k\u00e1val d\u00f6rzs\u00f6lt\u00e9k be a nemi szerv\u00fcket randiz\u00e1s el\u0151tt (neh\u00e9z megmondani, mennyire volt ez hat\u00e9kony).<\/p>\n\n\n\n<p>Ha a p\u00f3kok \u00e9s a bor\u00f3ka nem &#8222;v\u00e1ltak be&#8221;, akkor volt egy radik\u00e1lisabb m\u00f3dszer is. A l\u00e9nyeg az volt, hogy a r\u00f3mai jog embernek tekintette a gyermeket att\u00f3l a pillanatt\u00f3l kezdve, hogy szil\u00e1rd t\u00e1pl\u00e1l\u00e9kot kezdett fogyasztani az anyatej helyett &#8211; azaz l\u00e9nyeg\u00e9ben elv\u00e1lik az anya test\u00e9t\u0151l \u00e9s h\u00fas\u00e1t\u00f3l. Ennek megfelel\u0151en &#8222;abortuszt&#8221; lehetett v\u00e9gezni meglehet\u0151sen k\u00e9s\u0151i st\u00e1diumban is &#8211; m\u00e1r a magzat megsz\u00fclet\u00e9se ut\u00e1n is.<\/p>\n\n\n\n<h4>6. Tr\u00e1gy\u00e1b\u00f3l \u00e9s ecetb\u0151l k\u00e9sz\u00fclt energiaitalok<\/h4>\n\n\n\n<figure class=\"wp-block-image size-full\"><img loading=\"lazy\" width=\"620\" height=\"270\" src=\"https:\/\/liked.hu\/old\/wp-content\/uploads\/2024\/04\/roman-wine_2651127b-620x270-1.jpg\" alt=\"roman wine 2651127b 620x270 1\" class=\"wp-image-329818\"\/><\/figure>\n\n\n\n<p>A sokat dics\u00e9rt \u00f3kori orvosl\u00e1s ellen\u00e9re R\u00f3m\u00e1ban sok mindent nem tudtak. P\u00e9ld\u00e1ul a kisebb sebeket ahelyett, hogy bek\u00f6t\u00f6tt\u00e9k volna, ink\u00e1bb sz\u00e1r\u00edtott kecske\u00fcr\u00fcl\u00e9kkel ragasztott\u00e1k le, amit tavasszal gy\u0171jt\u00f6ttek. Haszn\u00e1lat el\u0151tt ezt az &#8222;orvoss\u00e1got&#8221; c\u00e9lszer\u0171 volt a sz\u00e1jban, ny\u00e1llal l\u00e1gy\u00edtani, majd p\u00f3kh\u00e1l\u00f3val bek\u00f6tni. A recept g\u00f6r\u00f6g eredet\u0171 volt, \u00e9s nagyon hat\u00e9konynak tartott\u00e1k.<\/p>\n\n\n\n<p>Meg kell jegyezni, hogy nem ez volt az egyetlen m\u00f3dja a kecske\u00fcr\u00fcl\u00e9k haszn\u00e1lat\u00e1nak. A sportol\u00f3k \u00f6sszekevert\u00e9k ecettel, felforralt\u00e1k, kicsit leh\u0171t\u00f6tt\u00e9k &#8211; majd egyfajta energitalk\u00e9nt itt\u00e1k, ami n\u00f6velte az \u00e1ll\u00f3k\u00e9pess\u00e9get.<\/p>\n\n\n\n<p>Ez egy meglehet\u0151sen specifikus dopping volt. A kecske\u00fcr\u00fcl\u00e9k rajong\u00f3i voltak m\u00e9g a kocsisok \u00e9s a csik\u00f3sok is &#8211; ez lehet\u0151v\u00e9 tette sz\u00e1mukra, hogy napokig ne aludjanak. Plinius pedig azt \u00e1ll\u00edtotta, hogy Nero cs\u00e1sz\u00e1r is szerette ezt a &#8222;mennyei nekt\u00e1rt&#8221; inni. Ugyanakkor volt egy kev\u00e9sb\u00e9 visszatasz\u00edt\u00f3 m\u00f3dja is a felfriss\u00fcl\u00e9snek &#8211; ehhez hamut haszn\u00e1ltak v\u00edzzel, ami meggyors\u00edtotta a sebek gy\u00f3gyul\u00e1s\u00e1t, \u00e9s b\u00e1tors\u00e1got adott.<\/p>\n\n\n\n\n<div style=\"float:none;margin:0px 0 0px 0;text-align:center;\">\n<div class=\"mobileHideke8\"><div class=\"hirdeteshatter\"><div style=\"display: inline-block;width: 50%;min-width:340px;vertical-align: top;\"><div class=\"hirdetes\">HIRDET\u00c9S<\/div>\n<!-- LikedQ81 -->\n<ins class=\"adsbygoogle\"\n     style=\"display:inline-block;width:336px;height:280px\"\n     data-ad-client=\"ca-pub-9424088931673893\"\n     data-ad-slot=\"2436840276\"><\/ins>\n<script async>\n     (adsbygoogle = window.adsbygoogle || []).push({});\n<\/script><\/div><div style=\"display: inline-block;width: 50%;min-width:340px;vertical-align: top;\"><div class=\"hirdetes\">HIRDET\u00c9S<\/div>\n<!-- LikedQ82 -->\n<ins class=\"adsbygoogle\"\n     style=\"display:inline-block;width:336px;height:280px\"\n     data-ad-client=\"ca-pub-9424088931673893\"\n     data-ad-slot=\"3558350253\"><\/ins>\n<script async>\n     (adsbygoogle = window.adsbygoogle || []).push({});\n<\/script><\/div><\/div><\/div>\n<div style=\"display:flex;flex-direction:column;\"><div class=\"mobileShowka8 nyolc\"><div style=\"padding-top:15px;padding-bottom:5px;min-height: 300px;\"><div class=\"hirdetes\">HIRDET\u00c9S<\/div>\n<!-- LikedQ8M -->\n<ins class=\"adsbygoogle\"\n     style=\"display:inline-block;width:336px;height:280px\"\n     data-ad-client=\"ca-pub-9424088931673893\"\n     data-ad-slot=\"4679860235\"><\/ins>\n<script async>\n     (adsbygoogle = window.adsbygoogle || []).push({});\n<\/script><\/div><\/div><\/div><\/div>\n\n\n\n\n<h4>7. Kozmetikumok \u00e9s gy\u00f3gym\u00f3dok gladi\u00e1torok verejt\u00e9k\u00e9b\u0151l<\/h4>\n\n\n\n<figure class=\"wp-block-image size-full\"><img loading=\"lazy\" width=\"1173\" height=\"866\" src=\"https:\/\/liked.hu\/old\/wp-content\/uploads\/2024\/04\/Okori-romai-dolgok-001.webp\" alt=\"\u00d3kori r\u00f3mai dolgok 001\" class=\"wp-image-329820\" srcset=\"https:\/\/liked.hu\/old\/wp-content\/uploads\/2024\/04\/Okori-romai-dolgok-001.webp 1173w, https:\/\/liked.hu\/old\/wp-content\/uploads\/2024\/04\/Okori-romai-dolgok-001-768x567.webp 768w\" sizes=\"(max-width: 1173px) 100vw, 1173px\" \/><\/figure>\n\n\n\n<p>A gladi\u00e1torharcok nem csup\u00e1n a k\u00f6z\u00f6ns\u00e9g sz\u00f3rakoztat\u00e1s\u00e1t szolg\u00e1lt\u00e1k, de a korabeli orvostudom\u00e1ny sz\u00e1m\u00e1ra gyakorlati haszonnal is j\u00e1rt. A harcok ut\u00e1n a tud\u00f3sok olajjal kent\u00e9k be a gy\u0151ztest, majd egy speci\u00e1lis kapar\u00f3val lekapart\u00e1k r\u00f3la a kever\u00e9ket: a verejt\u00e9k, v\u00e9r, zs\u00edr \u00e9s elhalt h\u00e1msejtek elegy\u00e9t \u00fcvegcs\u00e9kbe t\u00f6lt\u00f6tt\u00e9k \u00e9s a r\u00f3mai n\u0151knek kr\u00e9mk\u00e9nt \u00e1rult\u00e1k, amely ellen\u00e1llhatatlann\u00e1 tette \u0151ket.<\/p>\n\n\n\n<p>Leggyakrabban az arcra kent\u00e9k, de a leggazdagabb sz\u00e9ps\u00e9gek nagy t\u00e9telben v\u00e1s\u00e1rolt\u00e1k ezt a f\u00f6rtelmet.<\/p>\n\n\n\n<p>A v\u00e9rt is hasznos\u00edtott\u00e1k &#8211; a sebekb\u0151l lecsapolt\u00e1k, hogy k\u00e9s\u0151bb migr\u00e9n \u00e9s epilepszi\u00e1s rohamok elleni gy\u00f3gyszerk\u00e9nt adj\u00e1k el. Dupla haszon: a v\u00e9rrel egy\u00fctt a szennyez\u0151d\u00e9st \u00e9s a gennyt is kipr\u00e9selt\u00e9k a sebb\u0151l. A gladi\u00e1tor harcos gazd\u00e1i pedig nem kis p\u00e9nzt kereshettek ezzel.<\/p>\n\n\n\n<h4>8. Romlott halb\u00f3l k\u00e9sz\u00fclt sz\u00f3sz<\/h4>\n\n\n\n<figure class=\"wp-block-image size-full\"><img loading=\"lazy\" width=\"800\" height=\"1067\" src=\"https:\/\/liked.hu\/old\/wp-content\/uploads\/2024\/04\/garum.webp\" alt=\"garum\" class=\"wp-image-329817\" srcset=\"https:\/\/liked.hu\/old\/wp-content\/uploads\/2024\/04\/garum.webp 800w, https:\/\/liked.hu\/old\/wp-content\/uploads\/2024\/04\/garum-768x1024.webp 768w\" sizes=\"(max-width: 800px) 100vw, 800px\" \/><figcaption><a href=\"https:\/\/hu.wikipedia.org\/wiki\/Garum#\/media\/F%C3%A1jl:Garum_Mosaik_Pompeji.JPG\" target=\"_blank\" rel=\"noreferrer noopener\">Claus Ableiter \/ Wikipedia<\/a><\/figcaption><\/figure>\n\n\n\n<p>Az \u00f3kori vil\u00e1g lak\u00f3inak a t\u00e1pl\u00e1lkoz\u00e1ssal kapcsolatos elk\u00e9pzel\u00e9sei n\u00e9mileg szokatlanok voltak a mai \u00edzl\u00e9s\u00fcnkh\u00f6z k\u00e9pest. P\u00e9ld\u00e1ul az \u00e9telek nagy r\u00e9sz\u00e9t halsz\u00f3sszal \u00edzes\u00edtett\u00e9k, amelynek neve <strong>garum<\/strong> volt.<\/p>\n\n\n\n<p>Az elk\u00e9sz\u00edt\u00e9se meglehet\u0151sen egyszer\u0171 volt. A kis halakat, amelyek nem voltak m\u00e9lt\u00f3k ahhoz, hogy \u00f6n\u00e1ll\u00f3 \u00e9telk\u00e9nt t\u00e1lalj\u00e1k \u0151ket, egy s\u00f3oldatos hord\u00f3ba tett\u00e9k. Ezut\u00e1n a hord\u00f3t kivitt\u00e9k a napra \u00e9s ott hagyt\u00e1k n\u00e9h\u00e1ny h\u00f3napra &#8211; ak\u00e1r f\u00e9l \u00e9vre is. Ez id\u0151 alatt a hal barna, b\u00fcd\u00f6s l\u00e9v\u00e9 alakult \u00e1t.<\/p>\n\n\n\n<p>Ennek a sz\u00f3sznak felejthetetlen volt az illata, \u00e9s b\u00e1rmilyen \u00e9telhez \u00edzes\u00edt\u0151k\u00e9nt volt adhat\u00f3, radik\u00e1lisan meger\u0151s\u00edtve az \u00edz\u00e9t. Ezt a sz\u00f3szt mindig vid\u00e9ken gy\u00e1rtott\u00e1k, a f\u0151v\u00e1rosba pedig m\u00e1r k\u00e9szterm\u00e9kk\u00e9nt sz\u00e1ll\u00edtott\u00e1k, viasszal lepecs\u00e9telve, speci\u00e1lis form\u00e1j\u00fa ker\u00e1miapalackokban.<\/p>\n","protected":false},"excerpt":{"rendered":"<p>Milyen j\u00f3, hogy mi m\u00e1r a 20. sz\u00e1zadban sz\u00fclett\u00fcnk.<\/p>\n","protected":false},"author":13,"featured_media":329816,"comment_status":"open","ping_status":"closed","sticky":false,"template":"","format":"standard","meta":{"buzzeditor_post_format":""},"categories":[23],"tags":[9125,7355,2655],"yoast_head":"<!-- This site is optimized with the Yoast SEO plugin v19.6.1 - https:\/\/yoast.com\/wordpress\/plugins\/seo\/ -->\n<title>8 undor\u00edt\u00f3 \u00e9s ijeszt\u0151 dolog, ami az \u00f3kori R\u00f3m\u00e1ban v\u00e1rt volna r\u00e1d<\/title>\n<meta name=\"description\" content=\"Milyen j\u00f3, hogy mi m\u00e1r a 20. sz\u00e1zadban sz\u00fclett\u00fcnk.\" \/>\n<meta name=\"robots\" content=\"index, follow, max-snippet:-1, max-image-preview:large, max-video-preview:-1\" \/>\n<link rel=\"canonical\" href=\"https:\/\/liked.hu\/old\/erdekes\/8-undorito-es-ijeszto-dolog-ami-az-okori-romaban-vart-volna-rad\/\" \/>\n<meta property=\"og:locale\" content=\"hu_HU\" \/>\n<meta property=\"og:type\" content=\"article\" \/>\n<meta property=\"og:title\" content=\"8 undor\u00edt\u00f3 \u00e9s ijeszt\u0151 dolog, ami az \u00f3kori R\u00f3m\u00e1ban v\u00e1rt volna r\u00e1d\" \/>\n<meta property=\"og:description\" content=\"Milyen j\u00f3, hogy mi m\u00e1r a 20. sz\u00e1zadban sz\u00fclett\u00fcnk.\" \/>\n<meta property=\"og:url\" content=\"https:\/\/liked.hu\/old\/erdekes\/8-undorito-es-ijeszto-dolog-ami-az-okori-romaban-vart-volna-rad\/\" \/>\n<meta property=\"og:site_name\" content=\"Liked.hu\" \/>\n<meta property=\"article:publisher\" content=\"https:\/\/www.facebook.com\/liked.hu\" \/>\n<meta property=\"article:published_time\" content=\"2024-04-02T11:01:03+00:00\" \/>\n<meta property=\"article:modified_time\" content=\"2024-04-02T11:01:09+00:00\" \/>\n<meta property=\"og:image\" content=\"https:\/\/liked.hu\/old\/wp-content\/uploads\/2024\/04\/Romai-dolgok.jpg\" \/>\n\t<meta property=\"og:image:width\" content=\"1200\" \/>\n\t<meta property=\"og:image:height\" content=\"630\" \/>\n\t<meta property=\"og:image:type\" content=\"image\/jpeg\" \/>\n<meta name=\"author\" content=\"Klingstrom\" \/>\n<meta name=\"twitter:card\" content=\"summary\" \/>\n<meta name=\"twitter:creator\" content=\"@LikedHu\" \/>\n<meta name=\"twitter:site\" content=\"@LikedHu\" \/>\n<meta name=\"twitter:label1\" content=\"Szerz\u0151:\" \/>\n\t<meta name=\"twitter:data1\" content=\"Klingstrom\" \/>\n\t<meta name=\"twitter:label2\" content=\"Becs\u00fclt olvas\u00e1si id\u0151\" \/>\n\t<meta name=\"twitter:data2\" content=\"10 perc\" \/>\n<script type=\"application\/ld+json\" class=\"yoast-schema-graph\">{\"@context\":\"https:\/\/schema.org\",\"@graph\":[{\"@type\":\"Article\",\"@id\":\"https:\/\/liked.hu\/old\/erdekes\/8-undorito-es-ijeszto-dolog-ami-az-okori-romaban-vart-volna-rad\/#article\",\"isPartOf\":{\"@id\":\"https:\/\/liked.hu\/old\/erdekes\/8-undorito-es-ijeszto-dolog-ami-az-okori-romaban-vart-volna-rad\/\"},\"author\":{\"name\":\"Klingstrom\",\"@id\":\"https:\/\/liked.hu\/old\/#\/schema\/person\/1c8d3f8764991e8dcd6572a7de72da8a\"},\"headline\":\"8 undor\u00edt\u00f3 \u00e9s ijeszt\u0151 dolog, ami az \u00f3kori R\u00f3m\u00e1ban v\u00e1rt volna r\u00e1d\",\"datePublished\":\"2024-04-02T11:01:03+00:00\",\"dateModified\":\"2024-04-02T11:01:09+00:00\",\"mainEntityOfPage\":{\"@id\":\"https:\/\/liked.hu\/old\/erdekes\/8-undorito-es-ijeszto-dolog-ami-az-okori-romaban-vart-volna-rad\/\"},\"wordCount\":1947,\"commentCount\":0,\"publisher\":{\"@id\":\"https:\/\/liked.hu\/old\/#organization\"},\"keywords\":[\"\u00f3kor\",\"r\u00f3ma\",\"t\u00f6rt\u00e9nelem\"],\"articleSection\":[\"\u00c9rdekess\u00e9gek\"],\"inLanguage\":\"hu\",\"potentialAction\":[{\"@type\":\"CommentAction\",\"name\":\"Comment\",\"target\":[\"https:\/\/liked.hu\/old\/erdekes\/8-undorito-es-ijeszto-dolog-ami-az-okori-romaban-vart-volna-rad\/#respond\"]}]},{\"@type\":\"WebPage\",\"@id\":\"https:\/\/liked.hu\/old\/erdekes\/8-undorito-es-ijeszto-dolog-ami-az-okori-romaban-vart-volna-rad\/\",\"url\":\"https:\/\/liked.hu\/old\/erdekes\/8-undorito-es-ijeszto-dolog-ami-az-okori-romaban-vart-volna-rad\/\",\"name\":\"8 undor\u00edt\u00f3 \u00e9s ijeszt\u0151 dolog, ami az \u00f3kori R\u00f3m\u00e1ban v\u00e1rt volna r\u00e1d\",\"isPartOf\":{\"@id\":\"https:\/\/liked.hu\/old\/#website\"},\"datePublished\":\"2024-04-02T11:01:03+00:00\",\"dateModified\":\"2024-04-02T11:01:09+00:00\",\"description\":\"Milyen j\u00f3, hogy mi m\u00e1r a 20. sz\u00e1zadban sz\u00fclett\u00fcnk.\",\"breadcrumb\":{\"@id\":\"https:\/\/liked.hu\/old\/erdekes\/8-undorito-es-ijeszto-dolog-ami-az-okori-romaban-vart-volna-rad\/#breadcrumb\"},\"inLanguage\":\"hu\",\"potentialAction\":[{\"@type\":\"ReadAction\",\"target\":[\"https:\/\/liked.hu\/old\/erdekes\/8-undorito-es-ijeszto-dolog-ami-az-okori-romaban-vart-volna-rad\/\"]}]},{\"@type\":\"BreadcrumbList\",\"@id\":\"https:\/\/liked.hu\/old\/erdekes\/8-undorito-es-ijeszto-dolog-ami-az-okori-romaban-vart-volna-rad\/#breadcrumb\",\"itemListElement\":[{\"@type\":\"ListItem\",\"position\":1,\"name\":\"Kezd\u0151lap\",\"item\":\"https:\/\/liked.hu\/old\/\"},{\"@type\":\"ListItem\",\"position\":2,\"name\":\"8 undor\u00edt\u00f3 \u00e9s ijeszt\u0151 dolog, ami az \u00f3kori R\u00f3m\u00e1ban v\u00e1rt volna r\u00e1d\"}]},{\"@type\":\"WebSite\",\"@id\":\"https:\/\/liked.hu\/old\/#website\",\"url\":\"https:\/\/liked.hu\/old\/\",\"name\":\"Liked.hu\",\"description\":\"\",\"publisher\":{\"@id\":\"https:\/\/liked.hu\/old\/#organization\"},\"potentialAction\":[{\"@type\":\"SearchAction\",\"target\":{\"@type\":\"EntryPoint\",\"urlTemplate\":\"https:\/\/liked.hu\/old\/?s={search_term_string}\"},\"query-input\":\"required name=search_term_string\"}],\"inLanguage\":\"hu\"},{\"@type\":\"Organization\",\"@id\":\"https:\/\/liked.hu\/old\/#organization\",\"name\":\"Liked.hu\",\"url\":\"https:\/\/liked.hu\/old\/\",\"sameAs\":[\"https:\/\/hu.pinterest.com\/likedhungary\/\",\"https:\/\/www.youtube.com\/channel\/UCPv91dbMoIukYcM9b9nHN6Q\",\"https:\/\/www.facebook.com\/liked.hu\",\"https:\/\/twitter.com\/LikedHu\"],\"logo\":{\"@type\":\"ImageObject\",\"inLanguage\":\"hu\",\"@id\":\"https:\/\/liked.hu\/old\/#\/schema\/logo\/image\/\",\"url\":\"https:\/\/liked.hu\/wp-content\/uploads\/2018\/08\/Liked-icon.png\",\"contentUrl\":\"https:\/\/liked.hu\/wp-content\/uploads\/2018\/08\/Liked-icon.png\",\"width\":512,\"height\":512,\"caption\":\"Liked.hu\"},\"image\":{\"@id\":\"https:\/\/liked.hu\/old\/#\/schema\/logo\/image\/\"}},{\"@type\":\"Person\",\"@id\":\"https:\/\/liked.hu\/old\/#\/schema\/person\/1c8d3f8764991e8dcd6572a7de72da8a\",\"name\":\"Klingstrom\",\"image\":{\"@type\":\"ImageObject\",\"inLanguage\":\"hu\",\"@id\":\"https:\/\/liked.hu\/old\/#\/schema\/person\/image\/\",\"url\":\"https:\/\/liked.hu\/old\/wp-content\/uploads\/avatars\/13\/604de88bd578a-bpfull.jpg\",\"contentUrl\":\"https:\/\/liked.hu\/old\/wp-content\/uploads\/avatars\/13\/604de88bd578a-bpfull.jpg\",\"caption\":\"Klingstrom\"},\"url\":\"https:\/\/liked.hu\/old\/u\/klingstrom\/\"}]}<\/script>\n<!-- \/ Yoast SEO plugin. -->","yoast_head_json":{"title":"8 undor\u00edt\u00f3 \u00e9s ijeszt\u0151 dolog, ami az \u00f3kori R\u00f3m\u00e1ban v\u00e1rt volna r\u00e1d","description":"Milyen j\u00f3, hogy mi m\u00e1r a 20. sz\u00e1zadban sz\u00fclett\u00fcnk.","robots":{"index":"index","follow":"follow","max-snippet":"max-snippet:-1","max-image-preview":"max-image-preview:large","max-video-preview":"max-video-preview:-1"},"canonical":"https:\/\/liked.hu\/old\/erdekes\/8-undorito-es-ijeszto-dolog-ami-az-okori-romaban-vart-volna-rad\/","og_locale":"hu_HU","og_type":"article","og_title":"8 undor\u00edt\u00f3 \u00e9s ijeszt\u0151 dolog, ami az \u00f3kori R\u00f3m\u00e1ban v\u00e1rt volna r\u00e1d","og_description":"Milyen j\u00f3, hogy mi m\u00e1r a 20. sz\u00e1zadban sz\u00fclett\u00fcnk.","og_url":"https:\/\/liked.hu\/old\/erdekes\/8-undorito-es-ijeszto-dolog-ami-az-okori-romaban-vart-volna-rad\/","og_site_name":"Liked.hu","article_publisher":"https:\/\/www.facebook.com\/liked.hu","article_published_time":"2024-04-02T11:01:03+00:00","article_modified_time":"2024-04-02T11:01:09+00:00","og_image":[{"width":1200,"height":630,"url":"https:\/\/liked.hu\/old\/wp-content\/uploads\/2024\/04\/Romai-dolgok.jpg","type":"image\/jpeg"}],"author":"Klingstrom","twitter_card":"summary","twitter_creator":"@LikedHu","twitter_site":"@LikedHu","twitter_misc":{"Szerz\u0151:":"Klingstrom","Becs\u00fclt olvas\u00e1si id\u0151":"10 perc"},"schema":{"@context":"https:\/\/schema.org","@graph":[{"@type":"Article","@id":"https:\/\/liked.hu\/old\/erdekes\/8-undorito-es-ijeszto-dolog-ami-az-okori-romaban-vart-volna-rad\/#article","isPartOf":{"@id":"https:\/\/liked.hu\/old\/erdekes\/8-undorito-es-ijeszto-dolog-ami-az-okori-romaban-vart-volna-rad\/"},"author":{"name":"Klingstrom","@id":"https:\/\/liked.hu\/old\/#\/schema\/person\/1c8d3f8764991e8dcd6572a7de72da8a"},"headline":"8 undor\u00edt\u00f3 \u00e9s ijeszt\u0151 dolog, ami az \u00f3kori R\u00f3m\u00e1ban v\u00e1rt volna r\u00e1d","datePublished":"2024-04-02T11:01:03+00:00","dateModified":"2024-04-02T11:01:09+00:00","mainEntityOfPage":{"@id":"https:\/\/liked.hu\/old\/erdekes\/8-undorito-es-ijeszto-dolog-ami-az-okori-romaban-vart-volna-rad\/"},"wordCount":1947,"commentCount":0,"publisher":{"@id":"https:\/\/liked.hu\/old\/#organization"},"keywords":["\u00f3kor","r\u00f3ma","t\u00f6rt\u00e9nelem"],"articleSection":["\u00c9rdekess\u00e9gek"],"inLanguage":"hu","potentialAction":[{"@type":"CommentAction","name":"Comment","target":["https:\/\/liked.hu\/old\/erdekes\/8-undorito-es-ijeszto-dolog-ami-az-okori-romaban-vart-volna-rad\/#respond"]}]},{"@type":"WebPage","@id":"https:\/\/liked.hu\/old\/erdekes\/8-undorito-es-ijeszto-dolog-ami-az-okori-romaban-vart-volna-rad\/","url":"https:\/\/liked.hu\/old\/erdekes\/8-undorito-es-ijeszto-dolog-ami-az-okori-romaban-vart-volna-rad\/","name":"8 undor\u00edt\u00f3 \u00e9s ijeszt\u0151 dolog, ami az \u00f3kori R\u00f3m\u00e1ban v\u00e1rt volna r\u00e1d","isPartOf":{"@id":"https:\/\/liked.hu\/old\/#website"},"datePublished":"2024-04-02T11:01:03+00:00","dateModified":"2024-04-02T11:01:09+00:00","description":"Milyen j\u00f3, hogy mi m\u00e1r a 20. sz\u00e1zadban sz\u00fclett\u00fcnk.","breadcrumb":{"@id":"https:\/\/liked.hu\/old\/erdekes\/8-undorito-es-ijeszto-dolog-ami-az-okori-romaban-vart-volna-rad\/#breadcrumb"},"inLanguage":"hu","potentialAction":[{"@type":"ReadAction","target":["https:\/\/liked.hu\/old\/erdekes\/8-undorito-es-ijeszto-dolog-ami-az-okori-romaban-vart-volna-rad\/"]}]},{"@type":"BreadcrumbList","@id":"https:\/\/liked.hu\/old\/erdekes\/8-undorito-es-ijeszto-dolog-ami-az-okori-romaban-vart-volna-rad\/#breadcrumb","itemListElement":[{"@type":"ListItem","position":1,"name":"Kezd\u0151lap","item":"https:\/\/liked.hu\/old\/"},{"@type":"ListItem","position":2,"name":"8 undor\u00edt\u00f3 \u00e9s ijeszt\u0151 dolog, ami az \u00f3kori R\u00f3m\u00e1ban v\u00e1rt volna r\u00e1d"}]},{"@type":"WebSite","@id":"https:\/\/liked.hu\/old\/#website","url":"https:\/\/liked.hu\/old\/","name":"Liked.hu","description":"","publisher":{"@id":"https:\/\/liked.hu\/old\/#organization"},"potentialAction":[{"@type":"SearchAction","target":{"@type":"EntryPoint","urlTemplate":"https:\/\/liked.hu\/old\/?s={search_term_string}"},"query-input":"required name=search_term_string"}],"inLanguage":"hu"},{"@type":"Organization","@id":"https:\/\/liked.hu\/old\/#organization","name":"Liked.hu","url":"https:\/\/liked.hu\/old\/","sameAs":["https:\/\/hu.pinterest.com\/likedhungary\/","https:\/\/www.youtube.com\/channel\/UCPv91dbMoIukYcM9b9nHN6Q","https:\/\/www.facebook.com\/liked.hu","https:\/\/twitter.com\/LikedHu"],"logo":{"@type":"ImageObject","inLanguage":"hu","@id":"https:\/\/liked.hu\/old\/#\/schema\/logo\/image\/","url":"https:\/\/liked.hu\/wp-content\/uploads\/2018\/08\/Liked-icon.png","contentUrl":"https:\/\/liked.hu\/wp-content\/uploads\/2018\/08\/Liked-icon.png","width":512,"height":512,"caption":"Liked.hu"},"image":{"@id":"https:\/\/liked.hu\/old\/#\/schema\/logo\/image\/"}},{"@type":"Person","@id":"https:\/\/liked.hu\/old\/#\/schema\/person\/1c8d3f8764991e8dcd6572a7de72da8a","name":"Klingstrom","image":{"@type":"ImageObject","inLanguage":"hu","@id":"https:\/\/liked.hu\/old\/#\/schema\/person\/image\/","url":"https:\/\/liked.hu\/old\/wp-content\/uploads\/avatars\/13\/604de88bd578a-bpfull.jpg","contentUrl":"https:\/\/liked.hu\/old\/wp-content\/uploads\/avatars\/13\/604de88bd578a-bpfull.jpg","caption":"Klingstrom"},"url":"https:\/\/liked.hu\/old\/u\/klingstrom\/"}]}},"publishpress_future_action":{"enabled":false,"date":"1970-01-01 01:00:00","action":"","terms":[],"taxonomy":"","browser_timezone_offset":0},"_links":{"self":[{"href":"https:\/\/liked.hu\/old\/wp-json\/wp\/v2\/posts\/329815"}],"collection":[{"href":"https:\/\/liked.hu\/old\/wp-json\/wp\/v2\/posts"}],"about":[{"href":"https:\/\/liked.hu\/old\/wp-json\/wp\/v2\/types\/post"}],"author":[{"embeddable":true,"href":"https:\/\/liked.hu\/old\/wp-json\/wp\/v2\/users\/13"}],"replies":[{"embeddable":true,"href":"https:\/\/liked.hu\/old\/wp-json\/wp\/v2\/comments?post=329815"}],"version-history":[{"count":0,"href":"https:\/\/liked.hu\/old\/wp-json\/wp\/v2\/posts\/329815\/revisions"}],"wp:featuredmedia":[{"embeddable":true,"href":"https:\/\/liked.hu\/old\/wp-json\/wp\/v2\/media\/329816"}],"wp:attachment":[{"href":"https:\/\/liked.hu\/old\/wp-json\/wp\/v2\/media?parent=329815"}],"wp:term":[{"taxonomy":"category","embeddable":true,"href":"https:\/\/liked.hu\/old\/wp-json\/wp\/v2\/categories?post=329815"},{"taxonomy":"post_tag","embeddable":true,"href":"https:\/\/liked.hu\/old\/wp-json\/wp\/v2\/tags?post=329815"}],"curies":[{"name":"wp","href":"https:\/\/api.w.org\/{rel}","templated":true}]}}