{"id":329677,"date":"2024-04-01T11:34:24","date_gmt":"2024-04-01T10:34:24","guid":{"rendered":"https:\/\/liked.hu\/old\/?p=329677"},"modified":"2024-04-01T11:34:56","modified_gmt":"2024-04-01T10:34:56","slug":"az-ubasute-hagyomanya-avagy-hogyan-szabadultak-meg-regen-az-oregektol-japanban","status":"publish","type":"post","link":"https:\/\/liked.hu\/old\/erdekes\/az-ubasute-hagyomanya-avagy-hogyan-szabadultak-meg-regen-az-oregektol-japanban\/","title":{"rendered":"Az &#8222;ubasute&#8221; hagyom\u00e1nya, avagy hogyan szabadultak meg r\u00e9gen az \u00f6regekt\u0151l Jap\u00e1nban"},"content":{"rendered":"\n<p>Senkinek sem meglep\u0151, hogy a jap\u00e1n n\u00e9p egyik kiemelked\u0151 jellemz\u0151je a hossz\u00fa \u00e9let, \u00e9s ennek k\u00f6vetkezt\u00e9ben a fiatal gener\u00e1ci\u00f3k rendk\u00edv\u00fcli tisztelete az id\u0151sebbek ir\u00e1nt, akik a b\u00f6lcsess\u00e9g \u00e9s a felbecs\u00fclhetetlen tud\u00e1s kincsest\u00e1rai.<\/p>\n\n\n\n\n<div style=\"float:none;margin:0px 0 0px 0;text-align:center;\">\n<div class=\"mobileShowkakettes\"><div class=\"mobileShowka2\"><div style=\"padding-top:0px;padding-bottom:15px;min-height: 300px;\"><div class=\"hirdetes\">HIRDET\u00c9S<\/div>\n<!-- 300lista -->\n<ins class=\"adsbygoogle\"\n     style=\"display:inline-block;width:300px;height:250px\"\n     data-ad-client=\"ca-pub-9424088931673893\"\n     data-ad-slot=\"8471340766\"><\/ins>\n<script async>\n     (adsbygoogle = window.adsbygoogle || []).push({});\n<\/script><\/div><\/div><\/div><\/div>\n\n\n\n\n<p>A tisztelet a m\u00faltban \u00e9s ma is jellemz\u0151 Jap\u00e1nban. Ez\u00e9rt is meglep\u0151, hogy a Felkel\u0151 Nap Orsz\u00e1ga t\u00f6rt\u00e9nelm\u00e9ben tal\u00e1lunk egy meglehet\u0151sen specifikus szok\u00e1st &#8222;ubasute&#8221;, &#8222;obasute&#8221; vagy &#8222;oyasute&#8221; n\u00e9ven, ami sz\u00f3 szerint azt jelenti, hogy &#8222;<strong>az \u00f6regasszony elhagy\u00e1sa<\/strong>&#8222;.<\/p>\n\n\n\n<figure class=\"wp-block-image size-full\"><img loading=\"lazy\" width=\"820\" height=\"614\" src=\"https:\/\/liked.hu\/old\/wp-content\/uploads\/2024\/04\/Ubasute-japan-018.webp\" alt=\"Ubasute jap\u00e1n 018\" class=\"wp-image-329696\" srcset=\"https:\/\/liked.hu\/old\/wp-content\/uploads\/2024\/04\/Ubasute-japan-018.webp 820w, https:\/\/liked.hu\/old\/wp-content\/uploads\/2024\/04\/Ubasute-japan-018-768x575.webp 768w\" sizes=\"(max-width: 820px) 100vw, 820px\" \/><\/figure>\n\n\n\n<p>A szok\u00e1s l\u00e9nyege az volt, hogy a jap\u00e1nok, akiknek nem volt lehet\u0151s\u00e9g\u00fck gondoskodni az id\u0151s\u00f6d\u0151 sz\u00fcleikr\u0151l, \u00e9s ami a legfontosabb, etetni \u0151ket, elvitt\u00e9k \u0151ket a s\u0171r\u0171 erd\u0151be vagy a hegyekbe, \u00e9henhal\u00e1sra vagy fagyhal\u00e1lra \u00edt\u00e9lve \u0151ket. B\u00e1rmilyen borzalmasan is hangzik, a jap\u00e1nok ezt kiz\u00e1r\u00f3lag a takar\u00e9koss\u00e1g jegy\u00e9ben tett\u00e9k, hogy megszabaduljanak a &#8222;felesleges sz\u00e1jakt\u00f3l&#8221;.<\/p>\n\n\n\n<figure class=\"wp-block-image size-full\"><img loading=\"lazy\" width=\"746\" height=\"750\" src=\"https:\/\/liked.hu\/old\/wp-content\/uploads\/2024\/04\/Ubasute-japan-017.webp\" alt=\"Ubasute jap\u00e1n 017\" class=\"wp-image-329695\"\/><\/figure>\n\n\n\n<p>Tal\u00e1n ismered a Grimm fiv\u00e9rek &#8222;Jancsi \u00e9s Juliska&#8221; c\u00edm\u0171 mes\u00e9j\u00e9t, ahol a sz\u00fcl\u0151k elengedik gyermekeiket az erd\u0151be, mert m\u00e1r nem tudj\u00e1k \u0151ket eltartani. Nos, az &#8222;ubasute&#8221; nevezet\u0171 jap\u00e1n szok\u00e1s nagyj\u00e1b\u00f3l k\u00f6veti a mes\u00e9b\u0151l ismert cselekm\u00e9nyt, csak a kisgyermekek helyett a fiatal jap\u00e1nok az id\u0151s\u00f6d\u0151 sz\u00fcleiket k\u00fcldt\u00e9k a s\u0171r\u0171 erd\u0151be vagy a hegycs\u00facsra.<\/p>\n\n\n\n\n<div style=\"float:none;margin:0px 0 0px 0;text-align:center;\">\n<div class=\"mobileHideke5\"><div style=\"margin-top:25px;\"><div class=\"hirdeteshatter\"><div style=\"display: inline-block;width: 50%;min-width:305px;vertical-align: top;\"><div class=\"hirdetes\">HIRDET\u00c9S<\/div>\n<!-- LikedQ51 -->\n<ins class=\"adsbygoogle\"\n     style=\"display:inline-block;width:300px;height:250px\"\n     data-ad-client=\"ca-pub-9424088931673893\"\n     data-ad-slot=\"8284063326\"><\/ins>\n<script async>\n     (adsbygoogle = window.adsbygoogle || []).push({});\n<\/script><\/div><div style=\"display: inline-block;width: 50%;min-width:305px;vertical-align: top;\"><div class=\"hirdetes\">HIRDET\u00c9S<\/div>\n<!-- LikedQ52 -->\n<ins class=\"adsbygoogle\"\n     style=\"display:inline-block;width:300px;height:250px\"\n     data-ad-client=\"ca-pub-9424088931673893\"\n     data-ad-slot=\"2840164950\"><\/ins>\n<script async>\n     (adsbygoogle = window.adsbygoogle || []).push({});\n<\/script><\/div><\/div><\/div><\/div>\n<div style=\"display:flex;flex-direction:column;\"><div class=\"mobileShowka5\"><div style=\"padding-top:10px;padding-bottom:10px;min-height: 300px;\"><div class=\"hirdetes\">HIRDET\u00c9S<\/div>\n<!-- LikedQ5M -->\n<ins class=\"adsbygoogle\"\n     style=\"display:inline-block;width:300px;height:250px\"\n     data-ad-client=\"ca-pub-9424088931673893\"\n     data-ad-slot=\"9022429928\"><\/ins>\n<script async>\n     (adsbygoogle = window.adsbygoogle || []).push({});\n<\/script><\/div><\/div><\/div><\/div>\n\n\n\n\n<figure class=\"wp-block-image size-full\"><img loading=\"lazy\" width=\"1024\" height=\"506\" src=\"https:\/\/liked.hu\/old\/wp-content\/uploads\/2024\/04\/Ubasute-japan-016.webp\" alt=\"Ubasute jap\u00e1n 016\" class=\"wp-image-329694\" srcset=\"https:\/\/liked.hu\/old\/wp-content\/uploads\/2024\/04\/Ubasute-japan-016.webp 1024w, https:\/\/liked.hu\/old\/wp-content\/uploads\/2024\/04\/Ubasute-japan-016-768x380.webp 768w\" sizes=\"(max-width: 1024px) 100vw, 1024px\" \/><\/figure>\n\n\n\n<p>Ha egy pillanatra felt\u00e9telezz\u00fck, hogy ez a szok\u00e1s val\u00f3ban l\u00e9tezett a val\u00f3s\u00e1gban, \u00e9s nem csup\u00e1n egy \u00fajabb jap\u00e1n folkl\u00f3rkital\u00e1ci\u00f3, akkor nemcsak a kegyetlens\u00e9ge d\u00f6bbenetes, de ellentmond az \u00f6sszes l\u00e9tez\u0151 jap\u00e1n erk\u00f6lcsi norm\u00e1nak is, amelyek &#8211; ahogy m\u00e1r eml\u00edtettem &#8211; a tiszteletet \u00e9s a megbecs\u00fcl\u00e9st \u00edrj\u00e1k el\u0151 t\u00f6rv\u00e9nyi szinten is az id\u0151sekkel szemben.<\/p>\n\n\n\n<figure class=\"wp-block-image size-full\"><img loading=\"lazy\" width=\"630\" height=\"382\" src=\"https:\/\/liked.hu\/old\/wp-content\/uploads\/2024\/04\/Ubasute-japan-015.webp\" alt=\"Ubasute jap\u00e1n 015\" class=\"wp-image-329693\"\/><\/figure>\n\n\n\n<p>Az &#8222;ubasute&#8221; szok\u00e1s val\u00f3s\u00e1galapj\u00e1nak egyik gyakran eml\u00edtett \u00e9rve, hogy a jap\u00e1n Nagano prefekt\u00far\u00e1ban, Chikuma v\u00e1rosa mellett tal\u00e1lhat\u00f3 Kamurikiyama hegynek van egy m\u00e1sik neve is: Ubasuteyama. \u00c1ll\u00edt\u00f3lag erre a hegyre vitt\u00e9k a jap\u00e1nok az id\u0151s\u00f6d\u0151 sz\u00fcleiket meghalni. Azonban ez a hegyelnevez\u00e9s csak a 19. sz\u00e1zad v\u00e9g\u00e9n terjedt el, \u00edgy ez a &#8222;bizony\u00edt\u00e9k&#8221; meglehet\u0151sen er\u0151ltetettnek t\u0171nik.<\/p>\n\n\n\n<figure class=\"wp-block-image size-full\"><img loading=\"lazy\" width=\"1024\" height=\"768\" src=\"https:\/\/liked.hu\/old\/wp-content\/uploads\/2024\/04\/Ubasute-japan-014.webp\" alt=\"Ubasute jap\u00e1n 014\" class=\"wp-image-329692\" srcset=\"https:\/\/liked.hu\/old\/wp-content\/uploads\/2024\/04\/Ubasute-japan-014.webp 1024w, https:\/\/liked.hu\/old\/wp-content\/uploads\/2024\/04\/Ubasute-japan-014-768x576.webp 768w\" sizes=\"(max-width: 1024px) 100vw, 1024px\" \/><\/figure>\n\n\n\n<p>El\u0151sz\u00f6r is, a jap\u00e1n jogrendszer alapja, eg\u00e9szen a 7. sz\u00e1zadi els\u0151 adminisztrat\u00edv k\u00f3dexig, ellentmond az &#8222;ubasute&#8221; l\u00e9nyeg\u00e9nek, miszerint az \u00f6regek teher lenn\u00e9nek a csal\u00e1d sz\u00e1m\u00e1ra. Val\u00f3j\u00e1ban a 60 \u00e9v feletti \u00e1llampolg\u00e1rok jelent\u0151s ad\u00f3kedvezm\u00e9nyeket \u00e9s mentess\u00e9geket kaptak. Ezenk\u00edv\u00fcl a v\u00e1rosi t\u00f6rv\u00e9nyek szigor\u00fa b\u00fcntet\u00e9st szabtak ki az apa vagy anya meg\u00f6l\u00e9s\u00e9re (amelybe beletartozik az erd\u0151ben vagy hegycs\u00facson val\u00f3 mag\u00e1ra hagy\u00e1s is), \u00edgy val\u00f3sz\u00edn\u0171tlen, hogy a jap\u00e1nok \u00f6nk\u00e9nt v\u00e1llalt\u00e1k volna ezt a kock\u00e1zatot.<\/p>\n\n\n\n\n<div style=\"float:none;margin:0px 0 0px 0;text-align:center;\">\n<div class=\"mobileHideke8\"><div style=\"margin-top:25px;\"><div class=\"hirdeteshatter\"><div style=\"display: inline-block;width: 50%;min-width:340px;vertical-align: top;\"><div class=\"hirdetes\">HIRDET\u00c9S<\/div>\n<!-- Liked7Q1 -->\n<ins class=\"adsbygoogle\"\n     style=\"display:inline-block;width:336px;height:280px\"\n     data-ad-client=\"ca-pub-9424088931673893\"\n     data-ad-slot=\"3022062587\"><\/ins>\n<script async>\n     (adsbygoogle = window.adsbygoogle || []).push({});\n<\/script><\/div><div style=\"display: inline-block;width: 50%;min-width:340px;vertical-align: top;\"><div class=\"hirdetes\">HIRDET\u00c9S<\/div>\n<!-- Liked7Q2 -->\n<ins class=\"adsbygoogle\"\n     style=\"display:inline-block;width:336px;height:280px\"\n     data-ad-client=\"ca-pub-9424088931673893\"\n     data-ad-slot=\"3952000871\"><\/ins>\n<script async>\n     (adsbygoogle = window.adsbygoogle || []).push({});\n<\/script><\/div><\/div><\/div><\/div>\n<div style=\"display:flex;flex-direction:column;\"><div class=\"mobileShowka8\"><div style=\"padding-top:15px;margin-bottom:15px;min-height: 300px;\"><div class=\"hirdetes\">HIRDET\u00c9S<\/div>\n<!-- Liked7QMobil -->\n<ins class=\"adsbygoogle\"\n     style=\"display:inline-block;width:336px;height:280px\"\n     data-ad-client=\"ca-pub-9424088931673893\"\n     data-ad-slot=\"5073510857\"><\/ins>\n<script async>\n     (adsbygoogle = window.adsbygoogle || []).push({});\n<\/script><\/div><\/div><\/div><\/div>\n\n\n\n\n<figure class=\"wp-block-image size-full\"><img loading=\"lazy\" width=\"700\" height=\"666\" src=\"https:\/\/liked.hu\/old\/wp-content\/uploads\/2024\/04\/Ubasute-japan-013.webp\" alt=\"Ubasute jap\u00e1n 013\" class=\"wp-image-329691\"\/><\/figure>\n\n\n\n<p>Fontos szerepet j\u00e1tszottak a konfuci\u00e1nus eszm\u00e9k is, amelyek K\u00edn\u00e1b\u00f3l terjedtek \u00e1t Jap\u00e1nba. Ezek a tan\u00edt\u00e1sok a tiszteletteljes b\u00e1n\u00e1sm\u00f3dot hirdett\u00e9k az id\u0151sebbek ir\u00e1nt, \u00e9s semmik\u00e9ppen sem \u00f6szt\u00f6n\u00f6zt\u00e9k a jap\u00e1nokat arra, hogy \u00edgy b\u00e1njanak id\u0151s\u00f6d\u0151 sz\u00fcleikkel.<\/p>\n\n\n\n<p>Ugyanakkor k\u00e9ts\u00e9gtelen hogy az &#8222;ubasute&#8221; jelens\u00e9g nem a semmib\u0151l j\u00f6tt l\u00e9tre. Val\u00f3sz\u00edn\u0171leg l\u00e9teztek esetek, amikor a jap\u00e1nok magukra hagyt\u00e1k az id\u0151s\u00f6d\u0151 rokonaikat az erd\u0151ben, f\u0151leg a szeg\u00e9ny, elszigetelt falvakban, ahol a t\u00f6rv\u00e9nyek kev\u00e9sb\u00e9 \u00e9rv\u00e9nyes\u00fcltek. A paraszti \u00e9let a term\u00e9shozamt\u00f3l f\u00fcgg\u00f6tt, \u00edgy az \u00e9h\u00edns\u00e9g idej\u00e9n, amikor a &#8222;felesleges&#8221; sz\u00e1jak vesz\u00e9lyt jelentettek, az &#8222;ubasute&#8221; gyakorlata val\u00f3ban elterjedhetett.<\/p>\n\n\n\n<figure class=\"wp-block-image size-full\"><img loading=\"lazy\" width=\"929\" height=\"606\" src=\"https:\/\/liked.hu\/old\/wp-content\/uploads\/2024\/04\/Ubasute-japan-012.webp\" alt=\"Ubasute jap\u00e1n 012\" class=\"wp-image-329690\" srcset=\"https:\/\/liked.hu\/old\/wp-content\/uploads\/2024\/04\/Ubasute-japan-012.webp 929w, https:\/\/liked.hu\/old\/wp-content\/uploads\/2024\/04\/Ubasute-japan-012-768x501.webp 768w\" sizes=\"(max-width: 929px) 100vw, 929px\" \/><\/figure>\n\n\n\n<p>Jap\u00e1nban az &#8222;ubasute&#8221; legend\u00e1j\u00e1ra alapozva \u00edr\u00f3dott egy azonos c\u00edm\u0171 mese is. A t\u00f6rt\u00e9net egy k\u00f6z\u00e9pkori jap\u00e1n nagybirtokosr\u00f3l, Daimj\u00f3r\u00f3l sz\u00f3l, aki rendeletet ad ki, miszerint a 60 \u00e9vesn\u00e9l id\u0151sebb embereket az erd\u0151be kell vinni \u00e9s otthagyni. A t\u00f6rt\u00e9net szerint k\u00e9t fi\u00fa testv\u00e9rnek is szembe kellett n\u00e9znie apjuk sors\u00e1val. Mivel nem mertek ellenszeg\u00fclni Daimj\u00f3 parancs\u00e1nak, ez\u00e9rt a h\u00e1tukra vett\u00e9k apjukat, \u00e9s elindultak az erd\u0151be.<\/p>\n\n\n\n<!--nextpage-->\n\n\n\n<figure class=\"wp-block-image size-full\"><img loading=\"lazy\" width=\"1200\" height=\"633\" src=\"https:\/\/liked.hu\/old\/wp-content\/uploads\/2024\/04\/Ubasute-japan-010.webp\" alt=\"Ubasute jap\u00e1n 010\" class=\"wp-image-329688\" srcset=\"https:\/\/liked.hu\/old\/wp-content\/uploads\/2024\/04\/Ubasute-japan-010.webp 1200w, https:\/\/liked.hu\/old\/wp-content\/uploads\/2024\/04\/Ubasute-japan-010-768x405.webp 768w\" sizes=\"(max-width: 1200px) 100vw, 1200px\" \/><\/figure>\n\n\n\n<p>A hossz\u00fa \u00fat sor\u00e1n a fi\u00fak felv\u00e1ltva cipelik apjukat. \u0150 ek\u00f6zben leveleket \u00e9s gallyakat sz\u00f3r az \u00f6sv\u00e9nyre, hasonl\u00f3an ahhoz, ahogy Jancsi \u00e9s Juliska tett\u00e9k a mes\u00e9ben. A fi\u00fak megk\u00e9rdezik apjukat, hogy mi\u00e9rt teszi ezt, mire \u0151 rejt\u00e9lyesen azt feleli, hogy &#8222;ti \u00e9rdeketekben&#8221;.<\/p>\n\n\n\n<figure class=\"wp-block-image size-full\"><img loading=\"lazy\" width=\"630\" height=\"442\" src=\"https:\/\/liked.hu\/old\/wp-content\/uploads\/2024\/04\/Ubasute-japan-009.webp\" alt=\"Ubasute jap\u00e1n 009\" class=\"wp-image-329687\"\/><\/figure>\n\n\n\n<p>Amikor a fi\u00fak meg\u00e9rkeztek a kijel\u00f6lt helyre, \u00e9s bevitt\u00e9k apjukat a s\u0171r\u0171 erd\u0151be, m\u00e1r \u00e9jf\u00e9l is elm\u00falt. B\u00facs\u00fat intve neki, m\u00e1r \u00e9pp elindultak volna hazafel\u00e9, de hirtelen r\u00e1j\u00f6ttek, hogy elt\u00e9vedtek. Az egyetlen t\u00e1mpontjuk a kihullajtott gallyak voltak, amik v\u00e9g\u00fcl visszavezett\u00e9k \u0151ket az apjukhoz. Amikor az apa megl\u00e1tta a fiait, elmagyar\u00e1zta, hogy az\u00e9rt sz\u00f3rta el az \u00e1gakat \u00e9s a leveleket, hogy miut\u00e1n befejezt\u00e9k a k\u00fcldet\u00e9s\u00fcket, k\u00f6nnyen megtal\u00e1lj\u00e1k a hazavezet\u0151 utat. Ekkor a fi\u00fak r\u00e1j\u00f6ttek, milyen kedves \u00e9s b\u00f6lcs az apjuk, els\u00edrt\u00e1k magukat, \u00e9s \u00fagy d\u00f6nt\u00f6ttek, visszaviszik \u0151t a h\u00e1zba. A kir\u00e1ndul\u00e1st titokban tartott\u00e1k, ak\u00e1rcsak apjuk hazat\u00e9r\u00e9s\u00e9t.<\/p>\n\n\n\n<figure class=\"wp-block-image size-full\"><img loading=\"lazy\" width=\"1200\" height=\"900\" src=\"https:\/\/liked.hu\/old\/wp-content\/uploads\/2024\/04\/Ubasute-japan-008.webp\" alt=\"Ubasute jap\u00e1n 008\" class=\"wp-image-329686\" srcset=\"https:\/\/liked.hu\/old\/wp-content\/uploads\/2024\/04\/Ubasute-japan-008.webp 1200w, https:\/\/liked.hu\/old\/wp-content\/uploads\/2024\/04\/Ubasute-japan-008-768x576.webp 768w\" sizes=\"(max-width: 1200px) 100vw, 1200px\" \/><\/figure>\n\n\n\n<p>Nem sokkal k\u00e9s\u0151bb Daimj\u00f3, az\u00e9rt, hogy pr\u00f3b\u00e1ra tegye az alattval\u00f3it, \u00e9s megtal\u00e1lja a legb\u00f6lcsebb embereket, feladatot adott nekik: k\u00f6telet kellett k\u00e9sz\u00edteni\u00fck&#8230; hamub\u00f3l. A fi\u00fatestv\u00e9rek sok\u00e1ig t\u00f6prengtek, hogyan is hajthatn\u00e1k v\u00e9gre a lehetetlent, de nem tal\u00e1ltak megold\u00e1st. V\u00e9g\u00fcl tan\u00e1cs\u00e9rt fordultak az \u00f6reg \u00e9desapjukhoz. A b\u00f6lcs \u00f6regember azt tan\u00e1csolta nekik, hogy el\u0151sz\u00f6r \u00e1ztassanak be szalm\u00e1t tengeri v\u00edzbe, majd sodorjanak bel\u0151le k\u00f6telet, \u00e9s \u00e9gess\u00e9k el. \u00cdgy kapni fognak egy k\u00f6telet, hamub\u00f3l. A fi\u00fak k\u00f6vett\u00e9k apjuk tan\u00e1cs\u00e1t, \u00e9s sikeresen teljes\u00edtett\u00e9k a Daimj\u00f3 lehetetlennek t\u0171n\u0151 feladat\u00e1t.<\/p>\n\n\n\n\n<div style=\"float:none;margin:0px 0 0px 0;text-align:center;\">\n<div class=\"mobileHideke8\"><div class=\"hirdeteshatter\"><div style=\"display: inline-block;width: 50%;min-width:340px;vertical-align: top;\"><div class=\"hirdetes\">HIRDET\u00c9S<\/div>\n<!-- LikedQ81 -->\n<ins class=\"adsbygoogle\"\n     style=\"display:inline-block;width:336px;height:280px\"\n     data-ad-client=\"ca-pub-9424088931673893\"\n     data-ad-slot=\"2436840276\"><\/ins>\n<script async>\n     (adsbygoogle = window.adsbygoogle || []).push({});\n<\/script><\/div><div style=\"display: inline-block;width: 50%;min-width:340px;vertical-align: top;\"><div class=\"hirdetes\">HIRDET\u00c9S<\/div>\n<!-- LikedQ82 -->\n<ins class=\"adsbygoogle\"\n     style=\"display:inline-block;width:336px;height:280px\"\n     data-ad-client=\"ca-pub-9424088931673893\"\n     data-ad-slot=\"3558350253\"><\/ins>\n<script async>\n     (adsbygoogle = window.adsbygoogle || []).push({});\n<\/script><\/div><\/div><\/div>\n<div style=\"display:flex;flex-direction:column;\"><div class=\"mobileShowka8 nyolc\"><div style=\"padding-top:15px;padding-bottom:5px;min-height: 300px;\"><div class=\"hirdetes\">HIRDET\u00c9S<\/div>\n<!-- LikedQ8M -->\n<ins class=\"adsbygoogle\"\n     style=\"display:inline-block;width:336px;height:280px\"\n     data-ad-client=\"ca-pub-9424088931673893\"\n     data-ad-slot=\"4679860235\"><\/ins>\n<script async>\n     (adsbygoogle = window.adsbygoogle || []).push({});\n<\/script><\/div><\/div><\/div><\/div>\n\n\n\n\n<figure class=\"wp-block-image size-full\"><img loading=\"lazy\" width=\"1200\" height=\"800\" src=\"https:\/\/liked.hu\/old\/wp-content\/uploads\/2024\/04\/Ubasute-japan-007.webp\" alt=\"Ubasute jap\u00e1n 007\" class=\"wp-image-329685\" srcset=\"https:\/\/liked.hu\/old\/wp-content\/uploads\/2024\/04\/Ubasute-japan-007.webp 1200w, https:\/\/liked.hu\/old\/wp-content\/uploads\/2024\/04\/Ubasute-japan-007-768x512.webp 768w\" sizes=\"(max-width: 1200px) 100vw, 1200px\" \/><\/figure>\n\n\n\n<p>Amikor Daimj\u00f3 megl\u00e1tta a fi\u00fak munk\u00e1j\u00e1nak eredm\u00e9ny\u00e9t, nagyon meglep\u0151d\u00f6tt, \u00e9s egy \u00fajabb feladatot adott nekik: f\u0171zzenek \u00e1t egy c\u00e9rn\u00e1t egy nagy csigah\u00e1zon, \u00e9s vezess\u00e9k \u00e1t a csigah\u00e1z \u00f6sszes j\u00e1rat\u00e1n. A fi\u00fak, mint mindig, apjukhoz fordultak tan\u00e1cs\u00e9rt. A b\u00f6lcs \u00f6regember azt javasolta nekik, hogy k\u00f6ssenek a c\u00e9rna v\u00e9g\u00e9re egy kis darab rizst, majd engedjenek be egy hangy\u00e1t a csigah\u00e1zba. A hangy\u00e1t a rizs illata mag\u00e1hoz fogja vonzani, \u00e9s maga ut\u00e1n fogja h\u00fazni a r\u00e1 er\u0151s\u00edtett c\u00e9rn\u00e1t, \u00edgy az \u00e1tjut majd a csigah\u00e1z minden j\u00e1rat\u00e1n.<\/p>\n\n\n\n<figure class=\"wp-block-image size-full\"><img loading=\"lazy\" width=\"1024\" height=\"1024\" src=\"https:\/\/liked.hu\/old\/wp-content\/uploads\/2024\/04\/Ubasute-japan-005.webp\" alt=\"Ubasute jap\u00e1n 005\" class=\"wp-image-329683\" srcset=\"https:\/\/liked.hu\/old\/wp-content\/uploads\/2024\/04\/Ubasute-japan-005.webp 1024w, https:\/\/liked.hu\/old\/wp-content\/uploads\/2024\/04\/Ubasute-japan-005-768x768.webp 768w\" sizes=\"(max-width: 1024px) 100vw, 1024px\" \/><\/figure>\n\n\n\n<p>A fi\u00fak hamarosan elv\u00e9gezt\u00e9k a m\u00e1sodik feladatot is. Daimj\u00f3, el\u00e1mulva a tal\u00e1l\u00e9konys\u00e1gukt\u00f3l \u00e9s b\u00f6lcsess\u00e9g\u00fckt\u0151l, b\u0151kez\u0171en jutalmazta \u0151ket, \u00e9s a birodalom legmegbecs\u00fcltebb emberei k\u00f6z\u00e9 emelte a testv\u00e9rp\u00e1rt. A fi\u00fak b\u00fcszk\u00e9k voltak apjukra, aki b\u00f6lcs tan\u00e1csaival seg\u00edtett nekik a lehetetlennek t\u0171n\u0151 feladatok lek\u00fczd\u00e9s\u00e9ben.<\/p>\n\n\n\n<p>Daimj\u00f3 megk\u00e9rdezte a fi\u00fakat, hogyan jutottak esz\u00fckbe ezek a remek megold\u00e1sok. A fi\u00fak, l\u00e1tva, hogy a fejedelem kedveli \u0151ket, bevallott\u00e1k, hogy apjuk tan\u00e1csai seg\u00edtett\u00e9k \u0151ket. Daimj\u00f3 ekkor bel\u00e1tta, hogy hib\u00e1t k\u00f6vetett el az \u00f6regek el\u0171z\u00e9s\u00e9re vonatkoz\u00f3 rendelet\u00e9vel. Meg\u00e9rtette, hogy \u0151k a b\u00f6lcsess\u00e9g \u00e9s a felbecs\u00fclhetetlen \u00e9rt\u00e9k\u0171 tud\u00e1s kulcsai, \u00e9s nem szabad megszabadulni t\u0151l\u00fck.<\/p>\n\n\n\n\n<div style=\"float:none;margin:0px 0 0px 0;text-align:center;\">\n<div class=\"mobileHideke5\"><div style=\"margin-top:25px;\"><div class=\"hirdeteshatter\"><div style=\"display: inline-block;width: 50%;min-width:305px;vertical-align: top;\"><div class=\"hirdetes\">HIRDET\u00c9S<\/div>\n<!-- LikedQ51 -->\n<ins class=\"adsbygoogle\"\n     style=\"display:inline-block;width:300px;height:250px\"\n     data-ad-client=\"ca-pub-9424088931673893\"\n     data-ad-slot=\"8284063326\"><\/ins>\n<script async>\n     (adsbygoogle = window.adsbygoogle || []).push({});\n<\/script><\/div><div style=\"display: inline-block;width: 50%;min-width:305px;vertical-align: top;\"><div class=\"hirdetes\">HIRDET\u00c9S<\/div>\n<!-- LikedQ52 -->\n<ins class=\"adsbygoogle\"\n     style=\"display:inline-block;width:300px;height:250px\"\n     data-ad-client=\"ca-pub-9424088931673893\"\n     data-ad-slot=\"2840164950\"><\/ins>\n<script async>\n     (adsbygoogle = window.adsbygoogle || []).push({});\n<\/script><\/div><\/div><\/div><\/div>\n<div style=\"display:flex;flex-direction:column;\"><div class=\"mobileShowka5\"><div style=\"padding-top:10px;padding-bottom:10px;min-height: 300px;\"><div class=\"hirdetes\">HIRDET\u00c9S<\/div>\n<!-- LikedQ5M -->\n<ins class=\"adsbygoogle\"\n     style=\"display:inline-block;width:300px;height:250px\"\n     data-ad-client=\"ca-pub-9424088931673893\"\n     data-ad-slot=\"9022429928\"><\/ins>\n<script async>\n     (adsbygoogle = window.adsbygoogle || []).push({});\n<\/script><\/div><\/div><\/div><\/div>\n\n\n\n\n<figure class=\"wp-block-image size-full\"><img loading=\"lazy\" width=\"700\" height=\"565\" src=\"https:\/\/liked.hu\/old\/wp-content\/uploads\/2024\/04\/Ubasute-japan-004.webp\" alt=\"Ubasute jap\u00e1n 004\" class=\"wp-image-329682\"\/><\/figure>\n\n\n\n<p>A mese tanuls\u00e1ga mellett \u00e9rdemes elgondolkodni azon is, hogy az &#8222;ubasute&#8221; szok\u00e1s mi\u00e9rt v\u00e1lt ism\u00e9t aktu\u00e1liss\u00e1 a modern jap\u00e1n t\u00e1rsadalomban. Els\u0151 pillant\u00e1sra meglep\u0151nek t\u0171nhet, hogy egy \u0151si, elfeledettnek hitt hagyom\u00e1ny hogyan t\u00e9rhet vissza a 21. sz\u00e1zadban. A v\u00e1lasz \u00f6sszetett, \u00e9s szorosan \u00f6sszef\u00fcgg Jap\u00e1n jelenlegi gazdas\u00e1gi \u00e9s demogr\u00e1fiai kih\u00edv\u00e1saival.<\/p>\n\n\n\n<figure class=\"wp-block-image size-full\"><img loading=\"lazy\" width=\"893\" height=\"494\" src=\"https:\/\/liked.hu\/old\/wp-content\/uploads\/2024\/04\/Ubasute-japan-003.webp\" alt=\"Ubasute jap\u00e1n 003\" class=\"wp-image-329681\" srcset=\"https:\/\/liked.hu\/old\/wp-content\/uploads\/2024\/04\/Ubasute-japan-003.webp 893w, https:\/\/liked.hu\/old\/wp-content\/uploads\/2024\/04\/Ubasute-japan-003-768x425.webp 768w\" sizes=\"(max-width: 893px) 100vw, 893px\" \/><\/figure>\n\n\n\n<p>Sok jap\u00e1n csal\u00e1d a szeg\u00e9nys\u00e9g hat\u00e1r\u00e1n \u00e9l, \u00e9s ez\u00e9rt egyszer\u0171en fizikailag nem tudnak gondoskodni az id\u0151s sz\u00fcleikr\u0151l &#8211; erre nincs anyagi lehet\u0151s\u00e9g\u00fck.<\/p>\n\n\n\n<figure class=\"wp-block-image size-full\"><img loading=\"lazy\" width=\"800\" height=\"450\" src=\"https:\/\/liked.hu\/old\/wp-content\/uploads\/2024\/04\/Ubasute-japan-002.webp\" alt=\"Ubasute jap\u00e1n 002\" class=\"wp-image-329680\" srcset=\"https:\/\/liked.hu\/old\/wp-content\/uploads\/2024\/04\/Ubasute-japan-002.webp 800w, https:\/\/liked.hu\/old\/wp-content\/uploads\/2024\/04\/Ubasute-japan-002-768x432.webp 768w\" sizes=\"(max-width: 800px) 100vw, 800px\" \/><\/figure>\n\n\n\n<p>Term\u00e9szetesen egy civiliz\u00e1lt t\u00e1rsadalomban senki nem visz be senkit az erd\u0151be, \u00e9s senkit nem hurcol fel egy magas hegy tetej\u00e9re. Ez nem sz\u00fcks\u00e9ges, mert vannak m\u00e1s megold\u00e1sok \u00e9s helyek, melyek jobban megfelelnek a kor szellem\u00e9nek &#8211; speci\u00e1lis gondoz\u00f3h\u00e1zak, k\u00f3rh\u00e1zak, j\u00f3t\u00e9konys\u00e1gi szervezetek stb.<\/p>\n\n\n\n\n<div style=\"float:none;margin:0px 0 0px 0;text-align:center;\">\n<div class=\"mobileHideke8\"><div style=\"margin-top:25px;\"><div class=\"hirdeteshatter\"><div style=\"display: inline-block;width: 50%;min-width:340px;vertical-align: top;\"><div class=\"hirdetes\">HIRDET\u00c9S<\/div>\n<!-- Liked7Q1 -->\n<ins class=\"adsbygoogle\"\n     style=\"display:inline-block;width:336px;height:280px\"\n     data-ad-client=\"ca-pub-9424088931673893\"\n     data-ad-slot=\"3022062587\"><\/ins>\n<script async>\n     (adsbygoogle = window.adsbygoogle || []).push({});\n<\/script><\/div><div style=\"display: inline-block;width: 50%;min-width:340px;vertical-align: top;\"><div class=\"hirdetes\">HIRDET\u00c9S<\/div>\n<!-- Liked7Q2 -->\n<ins class=\"adsbygoogle\"\n     style=\"display:inline-block;width:336px;height:280px\"\n     data-ad-client=\"ca-pub-9424088931673893\"\n     data-ad-slot=\"3952000871\"><\/ins>\n<script async>\n     (adsbygoogle = window.adsbygoogle || []).push({});\n<\/script><\/div><\/div><\/div><\/div>\n<div style=\"display:flex;flex-direction:column;\"><div class=\"mobileShowka8\"><div style=\"padding-top:15px;margin-bottom:15px;min-height: 300px;\"><div class=\"hirdetes\">HIRDET\u00c9S<\/div>\n<!-- Liked7QMobil -->\n<ins class=\"adsbygoogle\"\n     style=\"display:inline-block;width:336px;height:280px\"\n     data-ad-client=\"ca-pub-9424088931673893\"\n     data-ad-slot=\"5073510857\"><\/ins>\n<script async>\n     (adsbygoogle = window.adsbygoogle || []).push({});\n<\/script><\/div><\/div><\/div><\/div>\n\n\n\n\n<figure class=\"wp-block-image size-full\"><img loading=\"lazy\" width=\"700\" height=\"467\" src=\"https:\/\/liked.hu\/old\/wp-content\/uploads\/2024\/04\/Ubasute-japan-001.webp\" alt=\"Ubasute jap\u00e1n 001\" class=\"wp-image-329679\"\/><\/figure>\n\n\n\n<p>Jap\u00e1n demogr\u00e1fiai v\u00e1ls\u00e1ga s\u00falyos probl\u00e9m\u00e1t jelent az orsz\u00e1g sz\u00e1m\u00e1ra. A lakoss\u00e1g el\u00f6reged\u00e9se, azaz az id\u0151sek ar\u00e1ny\u00e1nak n\u00f6veked\u00e9se a fiatalok ar\u00e1ny\u00e1hoz k\u00e9pest, sz\u00e1mos negat\u00edv k\u00f6vetkezm\u00e9nnyel j\u00e1r az orsz\u00e1g gazdas\u00e1g\u00e1ra.<\/p>\n\n\n\n<p>A legf\u0151bb probl\u00e9ma a munkaer\u0151hi\u00e1ny. A munkak\u00e9pes kor\u00fa lakoss\u00e1g sz\u00e1ma folyamatosan cs\u00f6kken, m\u00edg az id\u0151sek sz\u00e1ma n\u00f6vekszik. Ez azt jelenti, hogy kevesebb ember \u00e1ll rendelkez\u00e9sre a gazdas\u00e1g m\u0171k\u00f6dtet\u00e9s\u00e9hez, ami a termel\u00e9s \u00e9s a szolg\u00e1ltat\u00e1sok visszaes\u00e9s\u00e9hez vezethet.<\/p>\n\n\n\n<figure class=\"wp-block-image size-full\"><img loading=\"lazy\" width=\"700\" height=\"345\" src=\"https:\/\/liked.hu\/old\/wp-content\/uploads\/2024\/04\/japan-ubasute.webp\" alt=\"japan ubasute\" class=\"wp-image-329697\"\/><\/figure>\n\n\n\n<p>A demogr\u00e1fiai v\u00e1ls\u00e1g teh\u00e1t nemcsak az \u00e1llamot, de a jap\u00e1n lakoss\u00e1got is s\u00falyosan \u00e9rinti. A munkaer\u0151hi\u00e1ny \u00e9s a b\u00e9rek stagn\u00e1l\u00e1sa miatt a csal\u00e1dok egyre nehezebben tudnak meg\u00e9lni. Ez pedig azt jelenti, hogy kevesebb p\u00e9nz jut az id\u0151sek ell\u00e1t\u00e1s\u00e1ra is.<\/p>\n\n\n\n<p class=\"has-text-align-center\"><strong>Mi a v\u00e9lem\u00e9nyed az &#8222;ubasute&#8221; hagyom\u00e1nyr\u00f3l? Oszd meg vel\u00fcnk a gondolataidat kommentben!<\/strong><\/p>\n","protected":false},"excerpt":{"rendered":"<p>Ez egy nagyon r\u00e9gi, \u00e9s ellentmond\u00e1sos hagyom\u00e1ny.<\/p>\n","protected":false},"author":13,"featured_media":329678,"comment_status":"open","ping_status":"closed","sticky":false,"template":"","format":"standard","meta":{"buzzeditor_post_format":""},"categories":[23],"tags":[976,1231,5823,1971],"yoast_head":"<!-- This site is optimized with the Yoast SEO plugin v19.6.1 - https:\/\/yoast.com\/wordpress\/plugins\/seo\/ -->\n<title>Az &quot;ubasute&quot; hagyom\u00e1nya, avagy hogyan szabadultak meg r\u00e9gen az \u00f6regekt\u0151l Jap\u00e1nban<\/title>\n<meta name=\"description\" content=\"Ez egy nagyon r\u00e9gi, \u00e9s ellentmond\u00e1sos hagyom\u00e1ny.\" \/>\n<meta name=\"robots\" content=\"index, follow, max-snippet:-1, max-image-preview:large, max-video-preview:-1\" \/>\n<link rel=\"canonical\" href=\"https:\/\/liked.hu\/old\/erdekes\/az-ubasute-hagyomanya-avagy-hogyan-szabadultak-meg-regen-az-oregektol-japanban\/\" \/>\n<link rel=\"next\" href=\"https:\/\/liked.hu\/old\/erdekes\/az-ubasute-hagyomanya-avagy-hogyan-szabadultak-meg-regen-az-oregektol-japanban\/2\/\" \/>\n<meta property=\"og:locale\" content=\"hu_HU\" \/>\n<meta property=\"og:type\" content=\"article\" \/>\n<meta property=\"og:title\" content=\"Az &quot;ubasute&quot; hagyom\u00e1nya, avagy hogyan szabadultak meg r\u00e9gen az \u00f6regekt\u0151l Jap\u00e1nban\" \/>\n<meta property=\"og:description\" content=\"Ez egy nagyon r\u00e9gi, \u00e9s ellentmond\u00e1sos hagyom\u00e1ny.\" \/>\n<meta property=\"og:url\" content=\"https:\/\/liked.hu\/old\/erdekes\/az-ubasute-hagyomanya-avagy-hogyan-szabadultak-meg-regen-az-oregektol-japanban\/\" \/>\n<meta property=\"og:site_name\" content=\"Liked.hu\" \/>\n<meta property=\"article:publisher\" content=\"https:\/\/www.facebook.com\/liked.hu\" \/>\n<meta property=\"article:published_time\" content=\"2024-04-01T10:34:24+00:00\" \/>\n<meta property=\"article:modified_time\" content=\"2024-04-01T10:34:56+00:00\" \/>\n<meta property=\"og:image\" content=\"https:\/\/liked.hu\/old\/wp-content\/uploads\/2024\/04\/Japan-hagyomany.jpg\" \/>\n\t<meta property=\"og:image:width\" content=\"1200\" \/>\n\t<meta property=\"og:image:height\" content=\"630\" \/>\n\t<meta property=\"og:image:type\" content=\"image\/jpeg\" \/>\n<meta name=\"author\" content=\"Klingstrom\" \/>\n<meta name=\"twitter:card\" content=\"summary\" \/>\n<meta name=\"twitter:creator\" content=\"@LikedHu\" \/>\n<meta name=\"twitter:site\" content=\"@LikedHu\" \/>\n<meta name=\"twitter:label1\" content=\"Szerz\u0151:\" \/>\n\t<meta name=\"twitter:data1\" content=\"Klingstrom\" \/>\n\t<meta name=\"twitter:label2\" content=\"Becs\u00fclt olvas\u00e1si id\u0151\" \/>\n\t<meta name=\"twitter:data2\" content=\"9 perc\" \/>\n<script type=\"application\/ld+json\" class=\"yoast-schema-graph\">{\"@context\":\"https:\/\/schema.org\",\"@graph\":[{\"@type\":\"Article\",\"@id\":\"https:\/\/liked.hu\/old\/erdekes\/az-ubasute-hagyomanya-avagy-hogyan-szabadultak-meg-regen-az-oregektol-japanban\/#article\",\"isPartOf\":{\"@id\":\"https:\/\/liked.hu\/old\/erdekes\/az-ubasute-hagyomanya-avagy-hogyan-szabadultak-meg-regen-az-oregektol-japanban\/\"},\"author\":{\"name\":\"Klingstrom\",\"@id\":\"https:\/\/liked.hu\/old\/#\/schema\/person\/1c8d3f8764991e8dcd6572a7de72da8a\"},\"headline\":\"Az &#8222;ubasute&#8221; hagyom\u00e1nya, avagy hogyan szabadultak meg r\u00e9gen az \u00f6regekt\u0151l Jap\u00e1nban\",\"datePublished\":\"2024-04-01T10:34:24+00:00\",\"dateModified\":\"2024-04-01T10:34:56+00:00\",\"mainEntityOfPage\":{\"@id\":\"https:\/\/liked.hu\/old\/erdekes\/az-ubasute-hagyomanya-avagy-hogyan-szabadultak-meg-regen-az-oregektol-japanban\/\"},\"wordCount\":1727,\"commentCount\":1,\"publisher\":{\"@id\":\"https:\/\/liked.hu\/old\/#organization\"},\"keywords\":[\"hagyom\u00e1ny\",\"jap\u00e1n\",\"Ma tudtam meg!\",\"orsz\u00e1g\"],\"articleSection\":[\"\u00c9rdekess\u00e9gek\"],\"inLanguage\":\"hu\",\"potentialAction\":[{\"@type\":\"CommentAction\",\"name\":\"Comment\",\"target\":[\"https:\/\/liked.hu\/old\/erdekes\/az-ubasute-hagyomanya-avagy-hogyan-szabadultak-meg-regen-az-oregektol-japanban\/#respond\"]}]},{\"@type\":\"WebPage\",\"@id\":\"https:\/\/liked.hu\/old\/erdekes\/az-ubasute-hagyomanya-avagy-hogyan-szabadultak-meg-regen-az-oregektol-japanban\/\",\"url\":\"https:\/\/liked.hu\/old\/erdekes\/az-ubasute-hagyomanya-avagy-hogyan-szabadultak-meg-regen-az-oregektol-japanban\/\",\"name\":\"Az \\\"ubasute\\\" hagyom\u00e1nya, avagy hogyan szabadultak meg r\u00e9gen az \u00f6regekt\u0151l Jap\u00e1nban\",\"isPartOf\":{\"@id\":\"https:\/\/liked.hu\/old\/#website\"},\"datePublished\":\"2024-04-01T10:34:24+00:00\",\"dateModified\":\"2024-04-01T10:34:56+00:00\",\"description\":\"Ez egy nagyon r\u00e9gi, \u00e9s ellentmond\u00e1sos hagyom\u00e1ny.\",\"breadcrumb\":{\"@id\":\"https:\/\/liked.hu\/old\/erdekes\/az-ubasute-hagyomanya-avagy-hogyan-szabadultak-meg-regen-az-oregektol-japanban\/#breadcrumb\"},\"inLanguage\":\"hu\",\"potentialAction\":[{\"@type\":\"ReadAction\",\"target\":[\"https:\/\/liked.hu\/old\/erdekes\/az-ubasute-hagyomanya-avagy-hogyan-szabadultak-meg-regen-az-oregektol-japanban\/\"]}]},{\"@type\":\"BreadcrumbList\",\"@id\":\"https:\/\/liked.hu\/old\/erdekes\/az-ubasute-hagyomanya-avagy-hogyan-szabadultak-meg-regen-az-oregektol-japanban\/#breadcrumb\",\"itemListElement\":[{\"@type\":\"ListItem\",\"position\":1,\"name\":\"Kezd\u0151lap\"}]},{\"@type\":\"WebSite\",\"@id\":\"https:\/\/liked.hu\/old\/#website\",\"url\":\"https:\/\/liked.hu\/old\/\",\"name\":\"Liked.hu\",\"description\":\"\",\"publisher\":{\"@id\":\"https:\/\/liked.hu\/old\/#organization\"},\"potentialAction\":[{\"@type\":\"SearchAction\",\"target\":{\"@type\":\"EntryPoint\",\"urlTemplate\":\"https:\/\/liked.hu\/old\/?s={search_term_string}\"},\"query-input\":\"required name=search_term_string\"}],\"inLanguage\":\"hu\"},{\"@type\":\"Organization\",\"@id\":\"https:\/\/liked.hu\/old\/#organization\",\"name\":\"Liked.hu\",\"url\":\"https:\/\/liked.hu\/old\/\",\"sameAs\":[\"https:\/\/hu.pinterest.com\/likedhungary\/\",\"https:\/\/www.youtube.com\/channel\/UCPv91dbMoIukYcM9b9nHN6Q\",\"https:\/\/www.facebook.com\/liked.hu\",\"https:\/\/twitter.com\/LikedHu\"],\"logo\":{\"@type\":\"ImageObject\",\"inLanguage\":\"hu\",\"@id\":\"https:\/\/liked.hu\/old\/#\/schema\/logo\/image\/\",\"url\":\"https:\/\/liked.hu\/wp-content\/uploads\/2018\/08\/Liked-icon.png\",\"contentUrl\":\"https:\/\/liked.hu\/wp-content\/uploads\/2018\/08\/Liked-icon.png\",\"width\":512,\"height\":512,\"caption\":\"Liked.hu\"},\"image\":{\"@id\":\"https:\/\/liked.hu\/old\/#\/schema\/logo\/image\/\"}},{\"@type\":\"Person\",\"@id\":\"https:\/\/liked.hu\/old\/#\/schema\/person\/1c8d3f8764991e8dcd6572a7de72da8a\",\"name\":\"Klingstrom\",\"image\":{\"@type\":\"ImageObject\",\"inLanguage\":\"hu\",\"@id\":\"https:\/\/liked.hu\/old\/#\/schema\/person\/image\/\",\"url\":\"https:\/\/liked.hu\/old\/wp-content\/uploads\/avatars\/13\/604de88bd578a-bpfull.jpg\",\"contentUrl\":\"https:\/\/liked.hu\/old\/wp-content\/uploads\/avatars\/13\/604de88bd578a-bpfull.jpg\",\"caption\":\"Klingstrom\"},\"url\":\"https:\/\/liked.hu\/old\/u\/klingstrom\/\"}]}<\/script>\n<!-- \/ Yoast SEO plugin. -->","yoast_head_json":{"title":"Az \"ubasute\" hagyom\u00e1nya, avagy hogyan szabadultak meg r\u00e9gen az \u00f6regekt\u0151l Jap\u00e1nban","description":"Ez egy nagyon r\u00e9gi, \u00e9s ellentmond\u00e1sos hagyom\u00e1ny.","robots":{"index":"index","follow":"follow","max-snippet":"max-snippet:-1","max-image-preview":"max-image-preview:large","max-video-preview":"max-video-preview:-1"},"canonical":"https:\/\/liked.hu\/old\/erdekes\/az-ubasute-hagyomanya-avagy-hogyan-szabadultak-meg-regen-az-oregektol-japanban\/","next":"https:\/\/liked.hu\/old\/erdekes\/az-ubasute-hagyomanya-avagy-hogyan-szabadultak-meg-regen-az-oregektol-japanban\/2\/","og_locale":"hu_HU","og_type":"article","og_title":"Az \"ubasute\" hagyom\u00e1nya, avagy hogyan szabadultak meg r\u00e9gen az \u00f6regekt\u0151l Jap\u00e1nban","og_description":"Ez egy nagyon r\u00e9gi, \u00e9s ellentmond\u00e1sos hagyom\u00e1ny.","og_url":"https:\/\/liked.hu\/old\/erdekes\/az-ubasute-hagyomanya-avagy-hogyan-szabadultak-meg-regen-az-oregektol-japanban\/","og_site_name":"Liked.hu","article_publisher":"https:\/\/www.facebook.com\/liked.hu","article_published_time":"2024-04-01T10:34:24+00:00","article_modified_time":"2024-04-01T10:34:56+00:00","og_image":[{"width":1200,"height":630,"url":"https:\/\/liked.hu\/old\/wp-content\/uploads\/2024\/04\/Japan-hagyomany.jpg","type":"image\/jpeg"}],"author":"Klingstrom","twitter_card":"summary","twitter_creator":"@LikedHu","twitter_site":"@LikedHu","twitter_misc":{"Szerz\u0151:":"Klingstrom","Becs\u00fclt olvas\u00e1si id\u0151":"9 perc"},"schema":{"@context":"https:\/\/schema.org","@graph":[{"@type":"Article","@id":"https:\/\/liked.hu\/old\/erdekes\/az-ubasute-hagyomanya-avagy-hogyan-szabadultak-meg-regen-az-oregektol-japanban\/#article","isPartOf":{"@id":"https:\/\/liked.hu\/old\/erdekes\/az-ubasute-hagyomanya-avagy-hogyan-szabadultak-meg-regen-az-oregektol-japanban\/"},"author":{"name":"Klingstrom","@id":"https:\/\/liked.hu\/old\/#\/schema\/person\/1c8d3f8764991e8dcd6572a7de72da8a"},"headline":"Az &#8222;ubasute&#8221; hagyom\u00e1nya, avagy hogyan szabadultak meg r\u00e9gen az \u00f6regekt\u0151l Jap\u00e1nban","datePublished":"2024-04-01T10:34:24+00:00","dateModified":"2024-04-01T10:34:56+00:00","mainEntityOfPage":{"@id":"https:\/\/liked.hu\/old\/erdekes\/az-ubasute-hagyomanya-avagy-hogyan-szabadultak-meg-regen-az-oregektol-japanban\/"},"wordCount":1727,"commentCount":1,"publisher":{"@id":"https:\/\/liked.hu\/old\/#organization"},"keywords":["hagyom\u00e1ny","jap\u00e1n","Ma tudtam meg!","orsz\u00e1g"],"articleSection":["\u00c9rdekess\u00e9gek"],"inLanguage":"hu","potentialAction":[{"@type":"CommentAction","name":"Comment","target":["https:\/\/liked.hu\/old\/erdekes\/az-ubasute-hagyomanya-avagy-hogyan-szabadultak-meg-regen-az-oregektol-japanban\/#respond"]}]},{"@type":"WebPage","@id":"https:\/\/liked.hu\/old\/erdekes\/az-ubasute-hagyomanya-avagy-hogyan-szabadultak-meg-regen-az-oregektol-japanban\/","url":"https:\/\/liked.hu\/old\/erdekes\/az-ubasute-hagyomanya-avagy-hogyan-szabadultak-meg-regen-az-oregektol-japanban\/","name":"Az \"ubasute\" hagyom\u00e1nya, avagy hogyan szabadultak meg r\u00e9gen az \u00f6regekt\u0151l Jap\u00e1nban","isPartOf":{"@id":"https:\/\/liked.hu\/old\/#website"},"datePublished":"2024-04-01T10:34:24+00:00","dateModified":"2024-04-01T10:34:56+00:00","description":"Ez egy nagyon r\u00e9gi, \u00e9s ellentmond\u00e1sos hagyom\u00e1ny.","breadcrumb":{"@id":"https:\/\/liked.hu\/old\/erdekes\/az-ubasute-hagyomanya-avagy-hogyan-szabadultak-meg-regen-az-oregektol-japanban\/#breadcrumb"},"inLanguage":"hu","potentialAction":[{"@type":"ReadAction","target":["https:\/\/liked.hu\/old\/erdekes\/az-ubasute-hagyomanya-avagy-hogyan-szabadultak-meg-regen-az-oregektol-japanban\/"]}]},{"@type":"BreadcrumbList","@id":"https:\/\/liked.hu\/old\/erdekes\/az-ubasute-hagyomanya-avagy-hogyan-szabadultak-meg-regen-az-oregektol-japanban\/#breadcrumb","itemListElement":[{"@type":"ListItem","position":1,"name":"Kezd\u0151lap"}]},{"@type":"WebSite","@id":"https:\/\/liked.hu\/old\/#website","url":"https:\/\/liked.hu\/old\/","name":"Liked.hu","description":"","publisher":{"@id":"https:\/\/liked.hu\/old\/#organization"},"potentialAction":[{"@type":"SearchAction","target":{"@type":"EntryPoint","urlTemplate":"https:\/\/liked.hu\/old\/?s={search_term_string}"},"query-input":"required name=search_term_string"}],"inLanguage":"hu"},{"@type":"Organization","@id":"https:\/\/liked.hu\/old\/#organization","name":"Liked.hu","url":"https:\/\/liked.hu\/old\/","sameAs":["https:\/\/hu.pinterest.com\/likedhungary\/","https:\/\/www.youtube.com\/channel\/UCPv91dbMoIukYcM9b9nHN6Q","https:\/\/www.facebook.com\/liked.hu","https:\/\/twitter.com\/LikedHu"],"logo":{"@type":"ImageObject","inLanguage":"hu","@id":"https:\/\/liked.hu\/old\/#\/schema\/logo\/image\/","url":"https:\/\/liked.hu\/wp-content\/uploads\/2018\/08\/Liked-icon.png","contentUrl":"https:\/\/liked.hu\/wp-content\/uploads\/2018\/08\/Liked-icon.png","width":512,"height":512,"caption":"Liked.hu"},"image":{"@id":"https:\/\/liked.hu\/old\/#\/schema\/logo\/image\/"}},{"@type":"Person","@id":"https:\/\/liked.hu\/old\/#\/schema\/person\/1c8d3f8764991e8dcd6572a7de72da8a","name":"Klingstrom","image":{"@type":"ImageObject","inLanguage":"hu","@id":"https:\/\/liked.hu\/old\/#\/schema\/person\/image\/","url":"https:\/\/liked.hu\/old\/wp-content\/uploads\/avatars\/13\/604de88bd578a-bpfull.jpg","contentUrl":"https:\/\/liked.hu\/old\/wp-content\/uploads\/avatars\/13\/604de88bd578a-bpfull.jpg","caption":"Klingstrom"},"url":"https:\/\/liked.hu\/old\/u\/klingstrom\/"}]}},"publishpress_future_action":{"enabled":false,"date":"1970-01-01 01:00:00","action":"","terms":[],"taxonomy":"","browser_timezone_offset":0},"_links":{"self":[{"href":"https:\/\/liked.hu\/old\/wp-json\/wp\/v2\/posts\/329677"}],"collection":[{"href":"https:\/\/liked.hu\/old\/wp-json\/wp\/v2\/posts"}],"about":[{"href":"https:\/\/liked.hu\/old\/wp-json\/wp\/v2\/types\/post"}],"author":[{"embeddable":true,"href":"https:\/\/liked.hu\/old\/wp-json\/wp\/v2\/users\/13"}],"replies":[{"embeddable":true,"href":"https:\/\/liked.hu\/old\/wp-json\/wp\/v2\/comments?post=329677"}],"version-history":[{"count":0,"href":"https:\/\/liked.hu\/old\/wp-json\/wp\/v2\/posts\/329677\/revisions"}],"wp:featuredmedia":[{"embeddable":true,"href":"https:\/\/liked.hu\/old\/wp-json\/wp\/v2\/media\/329678"}],"wp:attachment":[{"href":"https:\/\/liked.hu\/old\/wp-json\/wp\/v2\/media?parent=329677"}],"wp:term":[{"taxonomy":"category","embeddable":true,"href":"https:\/\/liked.hu\/old\/wp-json\/wp\/v2\/categories?post=329677"},{"taxonomy":"post_tag","embeddable":true,"href":"https:\/\/liked.hu\/old\/wp-json\/wp\/v2\/tags?post=329677"}],"curies":[{"name":"wp","href":"https:\/\/api.w.org\/{rel}","templated":true}]}}