{"id":328977,"date":"2024-03-27T00:24:08","date_gmt":"2024-03-26T23:24:08","guid":{"rendered":"https:\/\/liked.hu\/old\/?p=328977"},"modified":"2024-03-27T00:24:10","modified_gmt":"2024-03-26T23:24:10","slug":"hajok-amik-a-furcsa-kialakitasukkal-es-funkcioikkal-nagy-meglepetest-okoznak","status":"publish","type":"post","link":"https:\/\/liked.hu\/old\/erdekes\/hajok-amik-a-furcsa-kialakitasukkal-es-funkcioikkal-nagy-meglepetest-okoznak\/","title":{"rendered":"Haj\u00f3k, amik a furcsa kialak\u00edt\u00e1sukkal \u00e9s funkci\u00f3ikkal nagy meglepet\u00e9st okoznak"},"content":{"rendered":"\n<p>Ezek a leny\u0171g\u00f6z\u0151 haj\u00f3k ak\u00e1r 2000 aut\u00f3t is k\u00e9pesek sz\u00e1ll\u00edtani, \u00e1tv\u00e9szelik a tombol\u00f3 viharokat, s\u0151t, m\u00e9g olajf\u00far\u00f3tornyokat is mozgatnak.<\/p>\n\n\n\n\n<div style=\"float:none;margin:0px 0 0px 0;text-align:center;\">\n<div class=\"mobileShowkakettes\"><div class=\"mobileShowka2\"><div style=\"padding-top:0px;padding-bottom:15px;min-height: 300px;\"><div class=\"hirdetes\">HIRDET\u00c9S<\/div>\n<!-- 300lista -->\n<ins class=\"adsbygoogle\"\n     style=\"display:inline-block;width:300px;height:250px\"\n     data-ad-client=\"ca-pub-9424088931673893\"\n     data-ad-slot=\"8471340766\"><\/ins>\n<script async>\n     (adsbygoogle = window.adsbygoogle || []).push({});\n<\/script><\/div><\/div><\/div><\/div>\n\n\n\n\n<p>\u00cdme, h\u00e9t leny\u0171g\u00f6z\u0151 p\u00e9ld\u00e1ny, amelyek \u00f6r\u00f6kre megv\u00e1ltoztatj\u00e1k a haj\u00f3kkal kapcsolatos elk\u00e9pzel\u00e9seidet.<\/p>\n\n\n\n<h4><strong>7. City of St. Petersburg<\/strong><\/h4>\n\n\n\n<figure class=\"wp-block-image size-full\"><img loading=\"lazy\" width=\"1200\" height=\"736\" src=\"https:\/\/liked.hu\/old\/wp-content\/uploads\/2024\/03\/Kulonleges-hajok-016.webp\" alt=\"K\u00fcl\u00f6nleges haj\u00f3k 016\" class=\"wp-image-328994\" srcset=\"https:\/\/liked.hu\/old\/wp-content\/uploads\/2024\/03\/Kulonleges-hajok-016.webp 1200w, https:\/\/liked.hu\/old\/wp-content\/uploads\/2024\/03\/Kulonleges-hajok-016-768x471.webp 768w\" sizes=\"(max-width: 1200px) 100vw, 1200px\" \/><\/figure>\n\n\n\n<p>A 12 fed\u00e9lzet\u0171 City of St. Petersburg (&#8222;Szentp\u00e9terv\u00e1r v\u00e1rosa&#8221;) egy ro-ro haj\u00f3, azaz kerekes \u00e1rukat (aut\u00f3kat, teheraut\u00f3kat, vas\u00fati kocsikat) \u00e9s utasokat is sz\u00e1ll\u00edt. A jap\u00e1n Ssimonoszeki haj\u00f3gy\u00e1rban \u00e9p\u00fclt 2010 v\u00e9g\u00e9n, \u00e9s 2011-ben \u00e1ll\u00edtott\u00e1k \u00fczembe. A ro-ro haj\u00f3 f\u0151 feladata aut\u00f3k sz\u00e1ll\u00edt\u00e1sa Jap\u00e1nb\u00f3l \u00c9szak-Eur\u00f3pa kik\u00f6t\u0151ibe.<\/p>\n\n\n\n<p>A haj\u00f3 a neve ellen\u00e9re semmilyen kapcsolatban sem \u00e1ll Oroszorsz\u00e1ggal: megrendel\u0151je \u00e9s tulajdonosa a jap\u00e1n Nissan Motor Corporation, \u00fczemeltet\u0151je a holland Euro Marine Carriers BV, a haj\u00f3 lobog\u00f3ja pedig Panama.<\/p>\n\n\n\n<figure class=\"wp-block-image size-full\"><img loading=\"lazy\" width=\"1200\" height=\"900\" src=\"https:\/\/liked.hu\/old\/wp-content\/uploads\/2024\/03\/Kulonleges-hajok-015.webp\" alt=\"K\u00fcl\u00f6nleges haj\u00f3k 015\" class=\"wp-image-328993\" srcset=\"https:\/\/liked.hu\/old\/wp-content\/uploads\/2024\/03\/Kulonleges-hajok-015.webp 1200w, https:\/\/liked.hu\/old\/wp-content\/uploads\/2024\/03\/Kulonleges-hajok-015-768x576.webp 768w\" sizes=\"(max-width: 1200px) 100vw, 1200px\" \/><\/figure>\n\n\n\n<p>A haj\u00f3test szokatlan form\u00e1j\u00e1t az okozza, hogy a l\u00e9gellen\u00e1ll\u00e1s cs\u00f6kkent\u00e9s\u00e9vel kevesebb \u00fczemanyagot fogyasztanak, \u00e9s ez\u00e1ltal kevesebb sz\u00e9n-dioxidot bocs\u00e1tanak ki a l\u00e9gk\u00f6rbe. Az \u00fczemanyag-megtakar\u00edt\u00e1s az \u00f3ce\u00e1nban uralkod\u00f3 sz\u00e9l er\u0151ss\u00e9g\u00e9t\u0151l \u00e9s ir\u00e1ny\u00e1t\u00f3l f\u00fcgg; a becsl\u00e9sek szerint \u00e9vi 800 tonn\u00e1t tesz ki. A haj\u00f3tulajdonosok \u00e1ll\u00edtj\u00e1k, hogy az \u00f6tlet bev\u00e1lt: viharos szembesz\u00e9lben az \u00c9szaki-tengeren a City of St. Petersburg mozg\u00e1si ellen\u00e1ll\u00e1sa a hagyom\u00e1nyos \u00e9p\u00edt\u00e9s\u0171 haj\u00f3khoz k\u00e9pest k\u00f6r\u00fclbel\u00fcl a fel\u00e9re cs\u00f6kkent. A haj\u00f3 egyetlen \u00fat sor\u00e1n 2000 aut\u00f3t tud sz\u00e1ll\u00edtani. Hossza 140 m\u00e9ter, sz\u00e9less\u00e9ge 22,4 m\u00e9ter, mer\u00fcl\u00e9se pedig 6,5 m\u00e9ter.<\/p>\n\n\n\n\n<div style=\"float:none;margin:0px 0 0px 0;text-align:center;\">\n<div class=\"mobileHideke5\"><div style=\"margin-top:25px;\"><div class=\"hirdeteshatter\"><div style=\"display: inline-block;width: 50%;min-width:305px;vertical-align: top;\"><div class=\"hirdetes\">HIRDET\u00c9S<\/div>\n<!-- LikedQ51 -->\n<ins class=\"adsbygoogle\"\n     style=\"display:inline-block;width:300px;height:250px\"\n     data-ad-client=\"ca-pub-9424088931673893\"\n     data-ad-slot=\"8284063326\"><\/ins>\n<script async>\n     (adsbygoogle = window.adsbygoogle || []).push({});\n<\/script><\/div><div style=\"display: inline-block;width: 50%;min-width:305px;vertical-align: top;\"><div class=\"hirdetes\">HIRDET\u00c9S<\/div>\n<!-- LikedQ52 -->\n<ins class=\"adsbygoogle\"\n     style=\"display:inline-block;width:300px;height:250px\"\n     data-ad-client=\"ca-pub-9424088931673893\"\n     data-ad-slot=\"2840164950\"><\/ins>\n<script async>\n     (adsbygoogle = window.adsbygoogle || []).push({});\n<\/script><\/div><\/div><\/div><\/div>\n<div style=\"display:flex;flex-direction:column;\"><div class=\"mobileShowka5\"><div style=\"padding-top:10px;padding-bottom:10px;min-height: 300px;\"><div class=\"hirdetes\">HIRDET\u00c9S<\/div>\n<!-- LikedQ5M -->\n<ins class=\"adsbygoogle\"\n     style=\"display:inline-block;width:300px;height:250px\"\n     data-ad-client=\"ca-pub-9424088931673893\"\n     data-ad-slot=\"9022429928\"><\/ins>\n<script async>\n     (adsbygoogle = window.adsbygoogle || []).push({});\n<\/script><\/div><\/div><\/div><\/div>\n\n\n\n\n<h4><strong>6. Teljesen automatikus Rolls-Royce komphaj\u00f3<\/strong><\/h4>\n\n\n\n<figure class=\"wp-block-image size-full\"><img loading=\"lazy\" width=\"1200\" height=\"675\" src=\"https:\/\/liked.hu\/old\/wp-content\/uploads\/2024\/03\/Kulonleges-hajok-014.webp\" alt=\"K\u00fcl\u00f6nleges haj\u00f3k 014\" class=\"wp-image-328992\" srcset=\"https:\/\/liked.hu\/old\/wp-content\/uploads\/2024\/03\/Kulonleges-hajok-014.webp 1200w, https:\/\/liked.hu\/old\/wp-content\/uploads\/2024\/03\/Kulonleges-hajok-014-768x432.webp 768w\" sizes=\"(max-width: 1200px) 100vw, 1200px\" \/><\/figure>\n\n\n\n<p>A Rolls-Royce hajt\u00f3m\u0171gy\u00e1rt\u00f3 \u00e9s a finn \u00e1llami Finferries haj\u00f3z\u00e1si t\u00e1rsas\u00e1g 2018. december 3-\u00e1n mutatta be az els\u0151, teljesen automata komphaj\u00f3 k\u00e9pess\u00e9geit egy szem\u00e9lyzet n\u00e9lk\u00fcli pr\u00f3ba\u00faton a finnorsz\u00e1gi Turku v\u00e1ros\u00e1t\u00f3l d\u00e9lre fekv\u0151 szigetcsoporton.<\/p>\n\n\n\n<figure class=\"wp-block-image size-full\"><img loading=\"lazy\" width=\"1200\" height=\"800\" src=\"https:\/\/liked.hu\/old\/wp-content\/uploads\/2024\/03\/Kulonleges-hajok-013.webp\" alt=\"K\u00fcl\u00f6nleges haj\u00f3k 013\" class=\"wp-image-328991\" srcset=\"https:\/\/liked.hu\/old\/wp-content\/uploads\/2024\/03\/Kulonleges-hajok-013.webp 1200w, https:\/\/liked.hu\/old\/wp-content\/uploads\/2024\/03\/Kulonleges-hajok-013-768x512.webp 768w\" sizes=\"(max-width: 1200px) 100vw, 1200px\" \/><\/figure>\n\n\n\n<p>A Falco kompot \u00e9rz\u00e9kel\u0151kkel szerelt\u00e9k fel, amelyek val\u00f3s idej\u0171, az emberi k\u00e9pess\u00e9geket meghalad\u00f3 r\u00e9szletess\u00e9ggel hoznak l\u00e9tre egy r\u00e9szletes k\u00e9pet a k\u00f6rnyezetr\u0151l. A helyzetfelismer\u00e9si k\u00e9pet az \u00e9rz\u00e9kel\u0151adatok \u00f6sszevon\u00e1s\u00e1val hozz\u00e1k l\u00e9tre, \u00e9s tov\u00e1bb\u00edtj\u00e1k a Finferries sz\u00e1razf\u00f6ldi t\u00e1vir\u00e1ny\u00edt\u00f3 k\u00f6zpontj\u00e1ba, amely k\u00f6r\u00fclbel\u00fcl 50 km-re fekszik Turku belv\u00e1ros\u00e1t\u00f3l. A k\u00f6zpontban egy kapit\u00e1ny fel\u00fcgyeli az \u00f6sszes automata m\u0171veletet, \u00e9s sz\u00fcks\u00e9g eset\u00e9n \u00e1tveheti a haj\u00f3 t\u00e1vir\u00e1ny\u00edt\u00e1s\u00e1t. A tesztek sor\u00e1n kipr\u00f3b\u00e1lt\u00e1k a Rolls-Royce \u00e1ltal kifejlesztett automata dokkol\u00e1si rendszert is. Ez lehet\u0151v\u00e9 teszi a haj\u00f3 automatikus ir\u00e1ny- \u00e9s sebess\u00e9gv\u00e1lt\u00e1s\u00e1t a m\u00f3l\u00f3hoz val\u00f3 k\u00f6zeled\u00e9skor, \u00e9s az emberi beavatkoz\u00e1s n\u00e9lk\u00fcli automatikus dokkol\u00e1st.<\/p>\n\n\n\n<h4><strong>5. Blue Marlin<\/strong><\/h4>\n\n\n\n<figure class=\"wp-block-image size-full\"><img loading=\"lazy\" width=\"1200\" height=\"900\" src=\"https:\/\/liked.hu\/old\/wp-content\/uploads\/2024\/03\/Kulonleges-hajok-012.webp\" alt=\"K\u00fcl\u00f6nleges haj\u00f3k 012\" class=\"wp-image-328990\" srcset=\"https:\/\/liked.hu\/old\/wp-content\/uploads\/2024\/03\/Kulonleges-hajok-012.webp 1200w, https:\/\/liked.hu\/old\/wp-content\/uploads\/2024\/03\/Kulonleges-hajok-012-768x576.webp 768w\" sizes=\"(max-width: 1200px) 100vw, 1200px\" \/><\/figure>\n\n\n\n<p>A Blue Marlin egy hatalmas fed\u00e9lzettel rendelkez\u0151 haj\u00f3, amely nagym\u00e9ret\u0171 rakom\u00e1nyok, k\u00f6zt\u00fck m\u00e1s haj\u00f3k sz\u00e1ll\u00edt\u00e1s\u00e1ra is alkalmas. A haj\u00f3 k\u00fcl\u00f6nlegess\u00e9ge a rakom\u00e1ny berakod\u00e1si m\u00f3dj\u00e1ban rejlik.<\/p>\n\n\n\n<figure class=\"wp-block-image size-full\"><img loading=\"lazy\" width=\"735\" height=\"615\" src=\"https:\/\/liked.hu\/old\/wp-content\/uploads\/2024\/03\/Kulonleges-hajok-011.webp\" alt=\"K\u00fcl\u00f6nleges haj\u00f3k 011\" class=\"wp-image-328989\"\/><\/figure>\n\n\n\n<p>Ha egy haj\u00f3t vagy egy lebeg\u0151 f\u00far\u00f3tornyot kell a fed\u00e9lzetre rakodni, a Blue Marlin v\u00edzbe mer\u00fcl, am\u00edg a rakom\u00e1nyt hordoz\u00f3 fed\u00e9lzet a v\u00edzvonal al\u00e1 ker\u00fcl. Ezut\u00e1n a f\u00e9lig els\u00fcllyedt dokkhaj\u00f3 a nagym\u00e9ret\u0171 lebeg\u0151 rakom\u00e1ny al\u00e1 man\u0151verez, \u00e9s elkezdi a felemelked\u00e9st. V\u00e9g\u00fcl a lebeg\u0151 rakom\u00e1ny a dokkhaj\u00f3 fed\u00e9lzet\u00e9n tal\u00e1lja mag\u00e1t, \u00e9s \u00edgy a v\u00edzen sz\u00e1ll\u00edthat\u00f3 b\u00e1rhov\u00e1. A dokkhaj\u00f3 emellett 60 kabinnal is rendelkezik a szem\u00e9lyzet \u00e9s a rakom\u00e1nyt k\u00eds\u00e9r\u0151 szem\u00e9lyek sz\u00e1m\u00e1ra, valamint edz\u0151teremmel, szaun\u00e1val \u00e9s \u00fasz\u00f3medenc\u00e9vel is fel van szerelve.<\/p>\n\n\n\n\n<div style=\"float:none;margin:0px 0 0px 0;text-align:center;\">\n<div class=\"mobileHideke8\"><div style=\"margin-top:25px;\"><div class=\"hirdeteshatter\"><div style=\"display: inline-block;width: 50%;min-width:340px;vertical-align: top;\"><div class=\"hirdetes\">HIRDET\u00c9S<\/div>\n<!-- Liked7Q1 -->\n<ins class=\"adsbygoogle\"\n     style=\"display:inline-block;width:336px;height:280px\"\n     data-ad-client=\"ca-pub-9424088931673893\"\n     data-ad-slot=\"3022062587\"><\/ins>\n<script async>\n     (adsbygoogle = window.adsbygoogle || []).push({});\n<\/script><\/div><div style=\"display: inline-block;width: 50%;min-width:340px;vertical-align: top;\"><div class=\"hirdetes\">HIRDET\u00c9S<\/div>\n<!-- Liked7Q2 -->\n<ins class=\"adsbygoogle\"\n     style=\"display:inline-block;width:336px;height:280px\"\n     data-ad-client=\"ca-pub-9424088931673893\"\n     data-ad-slot=\"3952000871\"><\/ins>\n<script async>\n     (adsbygoogle = window.adsbygoogle || []).push({});\n<\/script><\/div><\/div><\/div><\/div>\n<div style=\"display:flex;flex-direction:column;\"><div class=\"mobileShowka8\"><div style=\"padding-top:15px;margin-bottom:15px;min-height: 300px;\"><div class=\"hirdetes\">HIRDET\u00c9S<\/div>\n<!-- Liked7QMobil -->\n<ins class=\"adsbygoogle\"\n     style=\"display:inline-block;width:336px;height:280px\"\n     data-ad-client=\"ca-pub-9424088931673893\"\n     data-ad-slot=\"5073510857\"><\/ins>\n<script async>\n     (adsbygoogle = window.adsbygoogle || []).push({});\n<\/script><\/div><\/div><\/div><\/div>\n\n\n\n\n<h4><strong>4. Ramform Hyperion<\/strong><\/h4>\n\n\n\n<figure class=\"wp-block-image size-full\"><img loading=\"lazy\" width=\"1024\" height=\"768\" src=\"https:\/\/liked.hu\/old\/wp-content\/uploads\/2024\/03\/Kulonleges-hajok-010.webp\" alt=\"K\u00fcl\u00f6nleges haj\u00f3k 010\" class=\"wp-image-328988\" srcset=\"https:\/\/liked.hu\/old\/wp-content\/uploads\/2024\/03\/Kulonleges-hajok-010.webp 1024w, https:\/\/liked.hu\/old\/wp-content\/uploads\/2024\/03\/Kulonleges-hajok-010-768x576.webp 768w\" sizes=\"(max-width: 1024px) 100vw, 1024px\" \/><\/figure>\n\n\n\n<p>A Ramform Hyperion kutat\u00f3haj\u00f3 2017 m\u00e1rcius\u00e1ban ker\u00fclt v\u00edzre. Sz\u00e9les kialak\u00edt\u00e1sa rendk\u00edv\u00fcl stabil \u00e9s biztons\u00e1gos platformot biztos\u00edt a fed\u00e9lzeten elhelyezett berendez\u00e9sek sz\u00e1m\u00e1ra. A haj\u00f3 t\u00f6bb sz\u00e1zezer elektronikus \u00e9rz\u00e9kel\u0151t vontat maga ut\u00e1n, amelyek egy 12 n\u00e9gyzetkilom\u00e9tern\u00e9l is nagyobb ter\u00fcletet fednek le. A vontat\u00e1st meghat\u00e1rozott sebess\u00e9ggel v\u00e9gzik. A kutat\u00e1sok ideje alatt a t\u00f6bbi haj\u00f3nak javasolt 10 tengeri m\u00e9rf\u00f6ldn\u00e9l (18 km) nagyobb t\u00e1vols\u00e1got tartania a platformt\u00f3l. A csend elengedhetetlen a m\u00e9r\u00e9sek, valamint a hidroakusztikai \u00e9s elektronikus rendszerek zavartalan m\u0171k\u00f6d\u00e9se szempontj\u00e1b\u00f3l.<\/p>\n\n\n\n<figure class=\"wp-block-image size-full\"><img loading=\"lazy\" width=\"860\" height=\"486\" src=\"https:\/\/liked.hu\/old\/wp-content\/uploads\/2024\/03\/Kulonleges-hajok-009.webp\" alt=\"K\u00fcl\u00f6nleges haj\u00f3k 009\" class=\"wp-image-328987\" srcset=\"https:\/\/liked.hu\/old\/wp-content\/uploads\/2024\/03\/Kulonleges-hajok-009.webp 860w, https:\/\/liked.hu\/old\/wp-content\/uploads\/2024\/03\/Kulonleges-hajok-009-768x434.webp 768w\" sizes=\"(max-width: 860px) 100vw, 860px\" \/><\/figure>\n\n\n\n<p>A haj\u00f3 mozg\u00e1s k\u00f6zben nem r\u00e1nt hirtelen, \u00e9s a haj\u00f3test kialak\u00edt\u00e1s\u00e1nak k\u00f6sz\u00f6nhet\u0151en a d\u0151l\u00e9s is minim\u00e1lisra cs\u00f6kken, ami szint\u00e9n befoly\u00e1solja a kapott adatok pontoss\u00e1g\u00e1t. Az \u00e9rz\u00e9kel\u0151ket hatalmas darukkal egy meghat\u00e1rozott sorrendben engedik a v\u00edzbe, mivel a tengerben egym\u00e1st\u00f3l meghat\u00e1rozott t\u00e1vols\u00e1gra kell lenni\u00fck. T\u00f6bb ezer mikrofont helyeznek el rajtuk. A kapott hangrezg\u00e9seket speci\u00e1lis berendez\u00e9sen dolgozz\u00e1k fel, \u00e9s a monitorokon 3D-s k\u00e9pen jelen\u00edtik meg.<\/p>\n\n\n\n<figure class=\"wp-block-image size-full\"><img loading=\"lazy\" width=\"1200\" height=\"675\" src=\"https:\/\/liked.hu\/old\/wp-content\/uploads\/2024\/03\/Kulonleges-hajok-008.webp\" alt=\"K\u00fcl\u00f6nleges haj\u00f3k 008\" class=\"wp-image-328986\" srcset=\"https:\/\/liked.hu\/old\/wp-content\/uploads\/2024\/03\/Kulonleges-hajok-008.webp 1200w, https:\/\/liked.hu\/old\/wp-content\/uploads\/2024\/03\/Kulonleges-hajok-008-768x432.webp 768w\" sizes=\"(max-width: 1200px) 100vw, 1200px\" \/><\/figure>\n\n\n\n<p>Ez a tengeri kutat\u00e1si m\u00f3dszer lehet\u0151v\u00e9 teszi a sz\u00e9nhidrog\u00e9n-lel\u0151helyek felt\u00e1r\u00e1s\u00e1t. A haj\u00f3 legf\u0151bb jellemz\u0151i: hossza 104,2 m, sz\u00e9less\u00e9ge 70 m, utaz\u00f3sebess\u00e9ge 16 csom\u00f3. Legfeljebb 80 f\u0151s szem\u00e9lyzet befogad\u00e1s\u00e1ra alkalmas, 60 egy\u00e1gyas \u00e9s 10 k\u00e9t\u00e1gyas kabinnal rendelkezik. A Bahama-szigetek lobog\u00f3ja alatt haj\u00f3zik.<\/p>\n\n\n\n<!--nextpage-->\n\n\n\n<h4><strong>3. Seawise Giant<\/strong><\/h4>\n\n\n\n<figure class=\"wp-block-image size-full\"><img loading=\"lazy\" width=\"800\" height=\"636\" src=\"https:\/\/liked.hu\/old\/wp-content\/uploads\/2024\/03\/Kulonleges-hajok-007.webp\" alt=\"K\u00fcl\u00f6nleges haj\u00f3k 007\" class=\"wp-image-328985\" srcset=\"https:\/\/liked.hu\/old\/wp-content\/uploads\/2024\/03\/Kulonleges-hajok-007.webp 800w, https:\/\/liked.hu\/old\/wp-content\/uploads\/2024\/03\/Kulonleges-hajok-007-768x611.webp 768w\" sizes=\"(max-width: 800px) 100vw, 800px\" \/><\/figure>\n\n\n\n<p>A Seawise Giant n\u00e9ven is ismert tanker a valaha \u00e9p\u00edtett legnagyobb haj\u00f3 volt. A jap\u00e1n haj\u00f3gy\u00e1rak 1974-ben kapt\u00e1k a megb\u00edz\u00e1st a vil\u00e1g legnagyobb tanker\u00e9nek meg\u00e9p\u00edt\u00e9s\u00e9re. \u00d6t \u00e9vvel k\u00e9s\u0151bb, 1979-ben bocs\u00e1tott\u00e1k v\u00edzre a leny\u0171g\u00f6z\u0151 m\u00e9ret\u0171 \u00f3ri\u00e1shaj\u00f3t. A vil\u00e1g legnagyobb haj\u00f3j\u00e1nak m\u00e9retei a k\u00f6vetkez\u0151k: hossza 458,45 m\u00e9ter, sz\u00e9less\u00e9ge 68,86 m\u00e9ter, sz\u00e1ll\u00edthat\u00f3 rakom\u00e1ny t\u00f6mege 564 763 tonna, a haj\u00f3 \u00f6ns\u00falya pedig 81 879 tonna.<\/p>\n\n\n\n<figure class=\"wp-block-image size-full\"><img loading=\"lazy\" width=\"1000\" height=\"870\" src=\"https:\/\/liked.hu\/old\/wp-content\/uploads\/2024\/03\/Kulonleges-hajok-006.webp\" alt=\"K\u00fcl\u00f6nleges haj\u00f3k 006\" class=\"wp-image-328984\" srcset=\"https:\/\/liked.hu\/old\/wp-content\/uploads\/2024\/03\/Kulonleges-hajok-006.webp 1000w, https:\/\/liked.hu\/old\/wp-content\/uploads\/2024\/03\/Kulonleges-hajok-006-768x668.webp 768w\" sizes=\"(max-width: 1000px) 100vw, 1000px\" \/><\/figure>\n\n\n\n<p>K\u00e9s\u0151bb kider\u00fclt, hogy ezek a sz\u00e1mok nemcsak el\u0151nyt, hanem h\u00e1tr\u00e1nyt is jelentettek a gig\u00e1sz sz\u00e1m\u00e1ra. Teljes terhel\u00e9s mellett a tanker 29,8 m\u00e9terrel (kb. egy kilencemeletes h\u00e1z magass\u00e1ga) mer\u00fclt a v\u00edzbe. Nem meglep\u0151, hogy ekkora mer\u00fcl\u00e9ssel a tanker nem tudta haszn\u00e1lni a Szuezi- vagy a Panama-csatorn\u00e1t. 1981-ben a tanker munk\u00e1ba \u00e1llt. \u00datvonala a K\u00f6zel-Kelet olajmez\u0151ir\u0151l az USA-ba \u00e9s vissza vezetett. 1988. m\u00e1jus 14-\u00e9n egy iraki vad\u00e1szbomb\u00e1z\u00f3 megt\u00e1madta a Seawise Giantot. A tanker s\u00falyos s\u00e9r\u00fcl\u00e9seket szenvedett \u00e9s \u00fczemk\u00e9ptelenn\u00e9 v\u00e1lt. Megjav\u00edtott\u00e1k, \u00e9s \u00fasz\u00f3 olajt\u00e1roz\u00f3k\u00e9nt kezdt\u00e9k haszn\u00e1lni. 2009-ben a tanker utols\u00f3 \u00fatj\u00e1ra indult Indi\u00e1ba. V\u00e9g\u00e1llom\u00e1sa az Alang nev\u0171, vil\u00e1gh\u00edr\u0171 haj\u00f3temet\u0151 volt. Ott a tankert n\u00e9h\u00e1ny h\u00f3nap alatt feldarabolt\u00e1k \u00e9s beolvasztott\u00e1k.<\/p>\n\n\n\n<h4><strong>2. RP Flip<\/strong><\/h4>\n\n\n\n<figure class=\"wp-block-image size-full\"><img loading=\"lazy\" width=\"1200\" height=\"900\" src=\"https:\/\/liked.hu\/old\/wp-content\/uploads\/2024\/03\/Kulonleges-hajok-005.webp\" alt=\"K\u00fcl\u00f6nleges haj\u00f3k 005\" class=\"wp-image-328983\" srcset=\"https:\/\/liked.hu\/old\/wp-content\/uploads\/2024\/03\/Kulonleges-hajok-005.webp 1200w, https:\/\/liked.hu\/old\/wp-content\/uploads\/2024\/03\/Kulonleges-hajok-005-768x576.webp 768w\" sizes=\"(max-width: 1200px) 100vw, 1200px\" \/><\/figure>\n\n\n\n<p>Az Amerikai Haditenger\u00e9szeti Kutat\u00f3hivatal (ONR) egy meglehet\u0151sen furcsa oceanogr\u00e1fiai eszk\u00f6zzel b\u00fcszk\u00e9lkedhet: az RP Flip nev\u0171 \u00fasz\u00f3 platformmal, melyet a Kaliforniai Egyetem Scripps Tengeri Int\u00e9zet\u00e9ben fejlesztettek ki. A Flip nem igaz\u00e1n haj\u00f3, annak ellen\u00e9re, hogy kutat\u00f3k hosszabb ny\u00edlt tengeri kutat\u00e1sok idej\u00e9n \u00e9lnek \u00e9s dolgoznak rajta. Val\u00f3j\u00e1ban egy hatalmas, speci\u00e1lis b\u00f3j\u00e1r\u00f3l van sz\u00f3, \u00e9s a legk\u00fcl\u00f6nlegesebb tulajdons\u00e1ga, hogy k\u00e9pes megfordulni (&#8222;Flip&#8221; angolul &#8222;fordul\u00e1st&#8221; jelent).<\/p>\n\n\n\n\n<div style=\"float:none;margin:0px 0 0px 0;text-align:center;\">\n<div class=\"mobileHideke8\"><div class=\"hirdeteshatter\"><div style=\"display: inline-block;width: 50%;min-width:340px;vertical-align: top;\"><div class=\"hirdetes\">HIRDET\u00c9S<\/div>\n<!-- LikedQ81 -->\n<ins class=\"adsbygoogle\"\n     style=\"display:inline-block;width:336px;height:280px\"\n     data-ad-client=\"ca-pub-9424088931673893\"\n     data-ad-slot=\"2436840276\"><\/ins>\n<script async>\n     (adsbygoogle = window.adsbygoogle || []).push({});\n<\/script><\/div><div style=\"display: inline-block;width: 50%;min-width:340px;vertical-align: top;\"><div class=\"hirdetes\">HIRDET\u00c9S<\/div>\n<!-- LikedQ82 -->\n<ins class=\"adsbygoogle\"\n     style=\"display:inline-block;width:336px;height:280px\"\n     data-ad-client=\"ca-pub-9424088931673893\"\n     data-ad-slot=\"3558350253\"><\/ins>\n<script async>\n     (adsbygoogle = window.adsbygoogle || []).push({});\n<\/script><\/div><\/div><\/div>\n<div style=\"display:flex;flex-direction:column;\"><div class=\"mobileShowka8 nyolc\"><div style=\"padding-top:15px;padding-bottom:5px;min-height: 300px;\"><div class=\"hirdetes\">HIRDET\u00c9S<\/div>\n<!-- LikedQ8M -->\n<ins class=\"adsbygoogle\"\n     style=\"display:inline-block;width:336px;height:280px\"\n     data-ad-client=\"ca-pub-9424088931673893\"\n     data-ad-slot=\"4679860235\"><\/ins>\n<script async>\n     (adsbygoogle = window.adsbygoogle || []).push({});\n<\/script><\/div><\/div><\/div><\/div>\n\n\n\n\n<figure class=\"wp-block-image size-full\"><img loading=\"lazy\" width=\"1200\" height=\"900\" src=\"https:\/\/liked.hu\/old\/wp-content\/uploads\/2024\/03\/Kulonleges-hajok-004.webp\" alt=\"K\u00fcl\u00f6nleges haj\u00f3k 004\" class=\"wp-image-328982\" srcset=\"https:\/\/liked.hu\/old\/wp-content\/uploads\/2024\/03\/Kulonleges-hajok-004.webp 1200w, https:\/\/liked.hu\/old\/wp-content\/uploads\/2024\/03\/Kulonleges-hajok-004-768x576.webp 768w\" sizes=\"(max-width: 1200px) 100vw, 1200px\" \/><\/figure>\n\n\n\n<p>A Flip 108 m\u00e9ter hossz\u00fa, v\u00e9gig keskeny, kis rekeszekkel, \u00e9s egy nagy, \u00fcreges r\u00e9sszel a v\u00e9g\u00e9n. Amikor ezek a hossz\u00fa tart\u00e1lyok leveg\u0151vel vannak tele, a Flip v\u00edzszintes helyzetben van, de ha tengerv\u00edzzel t\u00f6ltik fel \u0151ket, \u00fasz\u00f3k\u00e9nt kiemelkedik a tenger felsz\u00edne f\u00f6l\u00e9, ami rendk\u00edv\u00fcli stabilit\u00e1st biztos\u00edt sz\u00e1m\u00e1ra er\u0151s viharok idej\u00e9n is. Amikor a vizet leeresztik, a haj\u00f3 visszat\u00e9r v\u00edzszintes helyzetbe, \u00e9s \u00faj helysz\u00ednre sz\u00e1ll\u00edthat\u00f3.<\/p>\n\n\n\n<figure class=\"wp-block-image size-full\"><img loading=\"lazy\" width=\"1200\" height=\"734\" src=\"https:\/\/liked.hu\/old\/wp-content\/uploads\/2024\/03\/Kulonleges-hajok-003.webp\" alt=\"K\u00fcl\u00f6nleges haj\u00f3k 003\" class=\"wp-image-328981\" srcset=\"https:\/\/liked.hu\/old\/wp-content\/uploads\/2024\/03\/Kulonleges-hajok-003.webp 1200w, https:\/\/liked.hu\/old\/wp-content\/uploads\/2024\/03\/Kulonleges-hajok-003-768x470.webp 768w\" sizes=\"(max-width: 1200px) 100vw, 1200px\" \/><\/figure>\n\n\n\n<p>A bels\u0151 berendez\u00e9s \u00fagy van kialak\u00edtva, hogy a megfordul\u00e1skor minden alkalmazkodjon az \u00faj poz\u00edci\u00f3hoz. A kabinokban k\u00e9t ajt\u00f3 tal\u00e1lhat\u00f3, \u00edgy k\u00f6nnyen lehet haszn\u00e1lni \u0151ket minden helyzetben. A WC-ket \u00e9s a konyha bizonyos elemeit dupl\u00e1n \u00e9p\u00edtett\u00e9k be. A teljes fordul\u00e1si folyamat 28 percet vesz ig\u00e9nybe, ami egy ekkora \u00f3ri\u00e1s sz\u00e1m\u00e1ra meglehet\u0151sen gyors.<\/p>\n\n\n\n<p>A Flipet hull\u00e1mmagass\u00e1g, akusztikai jelek, v\u00edzm\u00e9rs\u00e9klet \u00e9s s\u0171r\u0171s\u00e9g vizsg\u00e1lat\u00e1ra fejlesztett\u00e9k ki. Mivel nem zavarhatja az akusztikai berendez\u00e9seket, a haj\u00f3nak nincs motorja, \u00e9s \u00e1lland\u00f3an vontatni kell a kutat\u00e1si helysz\u00ednre, ahol lehorgonyozz\u00e1k. F\u00fcgg\u0151leges helyzetben a haj\u00f3 rendk\u00edv\u00fcl stabill\u00e1 \u00e9s csendess\u00e9 v\u00e1lik.<\/p>\n\n\n\n\n<div style=\"float:none;margin:0px 0 0px 0;text-align:center;\">\n<div class=\"mobileHideke5\"><div style=\"margin-top:25px;\"><div class=\"hirdeteshatter\"><div style=\"display: inline-block;width: 50%;min-width:305px;vertical-align: top;\"><div class=\"hirdetes\">HIRDET\u00c9S<\/div>\n<!-- LikedQ51 -->\n<ins class=\"adsbygoogle\"\n     style=\"display:inline-block;width:300px;height:250px\"\n     data-ad-client=\"ca-pub-9424088931673893\"\n     data-ad-slot=\"8284063326\"><\/ins>\n<script async>\n     (adsbygoogle = window.adsbygoogle || []).push({});\n<\/script><\/div><div style=\"display: inline-block;width: 50%;min-width:305px;vertical-align: top;\"><div class=\"hirdetes\">HIRDET\u00c9S<\/div>\n<!-- LikedQ52 -->\n<ins class=\"adsbygoogle\"\n     style=\"display:inline-block;width:300px;height:250px\"\n     data-ad-client=\"ca-pub-9424088931673893\"\n     data-ad-slot=\"2840164950\"><\/ins>\n<script async>\n     (adsbygoogle = window.adsbygoogle || []).push({});\n<\/script><\/div><\/div><\/div><\/div>\n<div style=\"display:flex;flex-direction:column;\"><div class=\"mobileShowka5\"><div style=\"padding-top:10px;padding-bottom:10px;min-height: 300px;\"><div class=\"hirdetes\">HIRDET\u00c9S<\/div>\n<!-- LikedQ5M -->\n<ins class=\"adsbygoogle\"\n     style=\"display:inline-block;width:300px;height:250px\"\n     data-ad-client=\"ca-pub-9424088931673893\"\n     data-ad-slot=\"9022429928\"><\/ins>\n<script async>\n     (adsbygoogle = window.adsbygoogle || []).push({});\n<\/script><\/div><\/div><\/div><\/div>\n\n\n\n\n<h4><strong>1. Le Plongeur<\/strong><\/h4>\n\n\n\n<figure class=\"wp-block-image size-full\"><img loading=\"lazy\" width=\"900\" height=\"469\" src=\"https:\/\/liked.hu\/old\/wp-content\/uploads\/2024\/03\/Kulonleges-hajok-002.webp\" alt=\"K\u00fcl\u00f6nleges haj\u00f3k 002\" class=\"wp-image-328980\" srcset=\"https:\/\/liked.hu\/old\/wp-content\/uploads\/2024\/03\/Kulonleges-hajok-002.webp 900w, https:\/\/liked.hu\/old\/wp-content\/uploads\/2024\/03\/Kulonleges-hajok-002-768x400.webp 768w\" sizes=\"(max-width: 900px) 100vw, 900px\" \/><\/figure>\n\n\n\n<p>A Le Plongeur egy k\u00eds\u00e9rleti francia tengeralattj\u00e1r\u00f3 volt, egyben a 19. sz\u00e1zad legnagyobb tengeralattj\u00e1r\u00f3ja \u00e9s az els\u0151 mechanikus hajt\u00e1s\u00fa propellerrel felszerelt tengeralattj\u00e1r\u00f3 a vil\u00e1gon. A tengeralattj\u00e1r\u00f3 f\u0151 fegyverzete egy t\u00e1vir\u00e1ny\u00edt\u00e1s\u00fa akna volt, amelyet a haj\u00f3 orr\u00e1ban egy 10 m\u00e9teres r\u00fadon r\u00f6gz\u00edtettek. Miut\u00e1n kivont\u00e1k a francia flotta akt\u00edv \u00e1llom\u00e1ny\u00e1b\u00f3l, a tengeralattj\u00e1r\u00f3t v\u00edztart\u00e1lyhaj\u00f3v\u00e1 alak\u00edtott\u00e1k \u00e1t.<\/p>\n\n\n\n<p>A Le Plongeurt S. Bourgeois kapit\u00e1ny \u00e9s Ch. Brunon haj\u00f3\u00e9p\u00edt\u0151 tervezte. A Rochefort-i haditenger\u00e9szeti arzen\u00e1lban \u00e9p\u00fclt. A tengeralattj\u00e1r\u00f3 m\u00e9retei:<\/p>\n\n\n\n<ul><li>Hossz: 42,5 m<\/li><li>Sz\u00e9less\u00e9g: 6,0 m<\/li><li>Magass\u00e1g a toronnyal: 4,35 m<\/li><\/ul>\n\n\n\n<figure class=\"wp-block-image size-full\"><img loading=\"lazy\" width=\"1200\" height=\"609\" src=\"https:\/\/liked.hu\/old\/wp-content\/uploads\/2024\/03\/Kulonleges-hajok-001.webp\" alt=\"K\u00fcl\u00f6nleges haj\u00f3k 001\" class=\"wp-image-328979\" srcset=\"https:\/\/liked.hu\/old\/wp-content\/uploads\/2024\/03\/Kulonleges-hajok-001.webp 1200w, https:\/\/liked.hu\/old\/wp-content\/uploads\/2024\/03\/Kulonleges-hajok-001-768x390.webp 768w\" sizes=\"(max-width: 1200px) 100vw, 1200px\" \/><\/figure>\n\n\n\n<p>Mer\u00fcl\u00e9skor a Le Plongeur 30 tonna vizet szor\u00edtott ki. A tengeralattj\u00e1r\u00f3 mer\u00fcl\u00e9si m\u00e9lys\u00e9ge kevesebb volt, mint 10 m\u00e9ter.<\/p>\n\n\n\n<p>Szerkezetileg a Le Plongeur k\u00e9nytelen volt a felsz\u00edn k\u00f6zel\u00e9ben maradni, hogy elker\u00fclje a haj\u00f3test belsej\u00e9ben a megn\u00f6vekedett nyom\u00e1st, ami probl\u00e9m\u00e1kat okozott a leg\u00e9nys\u00e9g \u00e9letfenntart\u00e1s\u00e1ban \u00e9s cs\u00f6kkentette a motor hat\u00e9konys\u00e1g\u00e1t. A mer\u00fcl\u00e9si m\u00e9lys\u00e9get egy hidrosztatikus dugatty\u00fa \u00e9s a haj\u00f3 tatj\u00e1n elhelyezett k\u00e9t v\u00edzszintes korm\u00e1nylap seg\u00edts\u00e9g\u00e9vel szab\u00e1lyozt\u00e1k. A hosszir\u00e1ny\u00fa egyens\u00falyt cs\u00f6vek \u00e9s dugatty\u00fak rendszere biztos\u00edtotta, amelyek vizet mozgattak a haj\u00f3 egyik v\u00e9g\u00e9b\u0151l a m\u00e1sikba. Ez a rendszer nagyon lassan m\u0171k\u00f6d\u00f6tt, \u00e9s a tengeralattj\u00e1r\u00f3 orra vagy er\u0151sen lefel\u00e9, vagy felfel\u00e9 ir\u00e1nyult. K\u00e9s\u0151bb a tengeralattj\u00e1r\u00f3 konstrukci\u00f3j\u00e1hoz egy f\u00fcgg\u0151leges tengely\u0171 haj\u00f3csavart is hozz\u00e1adtak, de a tengeralattj\u00e1r\u00f3 kis sebess\u00e9ge \u00e9s nagy t\u00f6mege miatt a Le Plongeur kiegyens\u00falyoz\u00e1sa nem siker\u00fclt, \u00edgy a haj\u00f3 nem tudta tartani a k\u00edv\u00e1nt m\u00e9lys\u00e9get.<\/p>\n\n\n\n<p class=\"has-text-align-center\"><strong>Melyik haj\u00f3 tetszett a legjobban?<\/strong><\/p>\n","protected":false},"excerpt":{"rendered":"<p>Ilyen haj\u00f3kat m\u00e9g nem l\u00e1tt\u00e1l.<\/p>\n","protected":false},"author":22,"featured_media":328978,"comment_status":"open","ping_status":"closed","sticky":false,"template":"","format":"standard","meta":{"buzzeditor_post_format":""},"categories":[23],"tags":[6380,981,1235],"yoast_head":"<!-- This site is optimized with the Yoast SEO plugin v19.6.1 - https:\/\/yoast.com\/wordpress\/plugins\/seo\/ -->\n<title>Haj\u00f3k, amik a furcsa kialak\u00edt\u00e1sukkal \u00e9s funkci\u00f3ikkal nagy meglepet\u00e9st okoznak<\/title>\n<meta name=\"description\" content=\"Ilyen haj\u00f3kat m\u00e9g nem l\u00e1tt\u00e1l.\" \/>\n<meta name=\"robots\" content=\"index, follow, max-snippet:-1, max-image-preview:large, max-video-preview:-1\" \/>\n<link rel=\"canonical\" href=\"https:\/\/liked.hu\/old\/erdekes\/hajok-amik-a-furcsa-kialakitasukkal-es-funkcioikkal-nagy-meglepetest-okoznak\/\" \/>\n<link rel=\"next\" href=\"https:\/\/liked.hu\/old\/erdekes\/hajok-amik-a-furcsa-kialakitasukkal-es-funkcioikkal-nagy-meglepetest-okoznak\/2\/\" \/>\n<meta property=\"og:locale\" content=\"hu_HU\" \/>\n<meta property=\"og:type\" content=\"article\" \/>\n<meta property=\"og:title\" content=\"Haj\u00f3k, amik a furcsa kialak\u00edt\u00e1sukkal \u00e9s funkci\u00f3ikkal nagy meglepet\u00e9st okoznak\" \/>\n<meta property=\"og:description\" content=\"Ilyen haj\u00f3kat m\u00e9g nem l\u00e1tt\u00e1l.\" \/>\n<meta property=\"og:url\" content=\"https:\/\/liked.hu\/old\/erdekes\/hajok-amik-a-furcsa-kialakitasukkal-es-funkcioikkal-nagy-meglepetest-okoznak\/\" \/>\n<meta property=\"og:site_name\" content=\"Liked.hu\" \/>\n<meta property=\"article:publisher\" content=\"https:\/\/www.facebook.com\/liked.hu\" \/>\n<meta property=\"article:author\" content=\"https:\/\/www.facebook.com\/profile.php?id=100069488029999\" \/>\n<meta property=\"article:published_time\" content=\"2024-03-26T23:24:08+00:00\" \/>\n<meta property=\"article:modified_time\" content=\"2024-03-26T23:24:10+00:00\" \/>\n<meta property=\"og:image\" content=\"https:\/\/liked.hu\/old\/wp-content\/uploads\/2024\/03\/Furcsa-hajok.jpg\" \/>\n\t<meta property=\"og:image:width\" content=\"1200\" \/>\n\t<meta property=\"og:image:height\" content=\"630\" \/>\n\t<meta property=\"og:image:type\" content=\"image\/jpeg\" \/>\n<meta name=\"author\" content=\"1mernok\" \/>\n<meta name=\"twitter:card\" content=\"summary\" \/>\n<meta name=\"twitter:creator\" content=\"@LikedHu\" \/>\n<meta name=\"twitter:site\" content=\"@LikedHu\" \/>\n<meta name=\"twitter:label1\" content=\"Szerz\u0151:\" \/>\n\t<meta name=\"twitter:data1\" content=\"1mernok\" \/>\n\t<meta name=\"twitter:label2\" content=\"Becs\u00fclt olvas\u00e1si id\u0151\" \/>\n\t<meta name=\"twitter:data2\" content=\"9 perc\" \/>\n<script type=\"application\/ld+json\" class=\"yoast-schema-graph\">{\"@context\":\"https:\/\/schema.org\",\"@graph\":[{\"@type\":\"Article\",\"@id\":\"https:\/\/liked.hu\/old\/erdekes\/hajok-amik-a-furcsa-kialakitasukkal-es-funkcioikkal-nagy-meglepetest-okoznak\/#article\",\"isPartOf\":{\"@id\":\"https:\/\/liked.hu\/old\/erdekes\/hajok-amik-a-furcsa-kialakitasukkal-es-funkcioikkal-nagy-meglepetest-okoznak\/\"},\"author\":{\"name\":\"1mernok\",\"@id\":\"https:\/\/liked.hu\/old\/#\/schema\/person\/eb840c492fdb3076d9c2d140cc634ebb\"},\"headline\":\"Haj\u00f3k, amik a furcsa kialak\u00edt\u00e1sukkal \u00e9s funkci\u00f3ikkal nagy meglepet\u00e9st okoznak\",\"datePublished\":\"2024-03-26T23:24:08+00:00\",\"dateModified\":\"2024-03-26T23:24:10+00:00\",\"mainEntityOfPage\":{\"@id\":\"https:\/\/liked.hu\/old\/erdekes\/hajok-amik-a-furcsa-kialakitasukkal-es-funkcioikkal-nagy-meglepetest-okoznak\/\"},\"wordCount\":1866,\"commentCount\":0,\"publisher\":{\"@id\":\"https:\/\/liked.hu\/old\/#organization\"},\"keywords\":[\"el\u00e9g \u00e9rdekes\",\"haj\u00f3\",\"j\u00e1rm\u0171\"],\"articleSection\":[\"\u00c9rdekess\u00e9gek\"],\"inLanguage\":\"hu\",\"potentialAction\":[{\"@type\":\"CommentAction\",\"name\":\"Comment\",\"target\":[\"https:\/\/liked.hu\/old\/erdekes\/hajok-amik-a-furcsa-kialakitasukkal-es-funkcioikkal-nagy-meglepetest-okoznak\/#respond\"]}]},{\"@type\":\"WebPage\",\"@id\":\"https:\/\/liked.hu\/old\/erdekes\/hajok-amik-a-furcsa-kialakitasukkal-es-funkcioikkal-nagy-meglepetest-okoznak\/\",\"url\":\"https:\/\/liked.hu\/old\/erdekes\/hajok-amik-a-furcsa-kialakitasukkal-es-funkcioikkal-nagy-meglepetest-okoznak\/\",\"name\":\"Haj\u00f3k, amik a furcsa kialak\u00edt\u00e1sukkal \u00e9s funkci\u00f3ikkal nagy meglepet\u00e9st okoznak\",\"isPartOf\":{\"@id\":\"https:\/\/liked.hu\/old\/#website\"},\"datePublished\":\"2024-03-26T23:24:08+00:00\",\"dateModified\":\"2024-03-26T23:24:10+00:00\",\"description\":\"Ilyen haj\u00f3kat m\u00e9g nem l\u00e1tt\u00e1l.\",\"breadcrumb\":{\"@id\":\"https:\/\/liked.hu\/old\/erdekes\/hajok-amik-a-furcsa-kialakitasukkal-es-funkcioikkal-nagy-meglepetest-okoznak\/#breadcrumb\"},\"inLanguage\":\"hu\",\"potentialAction\":[{\"@type\":\"ReadAction\",\"target\":[\"https:\/\/liked.hu\/old\/erdekes\/hajok-amik-a-furcsa-kialakitasukkal-es-funkcioikkal-nagy-meglepetest-okoznak\/\"]}]},{\"@type\":\"BreadcrumbList\",\"@id\":\"https:\/\/liked.hu\/old\/erdekes\/hajok-amik-a-furcsa-kialakitasukkal-es-funkcioikkal-nagy-meglepetest-okoznak\/#breadcrumb\",\"itemListElement\":[{\"@type\":\"ListItem\",\"position\":1,\"name\":\"Kezd\u0151lap\"}]},{\"@type\":\"WebSite\",\"@id\":\"https:\/\/liked.hu\/old\/#website\",\"url\":\"https:\/\/liked.hu\/old\/\",\"name\":\"Liked.hu\",\"description\":\"\",\"publisher\":{\"@id\":\"https:\/\/liked.hu\/old\/#organization\"},\"potentialAction\":[{\"@type\":\"SearchAction\",\"target\":{\"@type\":\"EntryPoint\",\"urlTemplate\":\"https:\/\/liked.hu\/old\/?s={search_term_string}\"},\"query-input\":\"required name=search_term_string\"}],\"inLanguage\":\"hu\"},{\"@type\":\"Organization\",\"@id\":\"https:\/\/liked.hu\/old\/#organization\",\"name\":\"Liked.hu\",\"url\":\"https:\/\/liked.hu\/old\/\",\"sameAs\":[\"https:\/\/hu.pinterest.com\/likedhungary\/\",\"https:\/\/www.youtube.com\/channel\/UCPv91dbMoIukYcM9b9nHN6Q\",\"https:\/\/www.facebook.com\/liked.hu\",\"https:\/\/twitter.com\/LikedHu\"],\"logo\":{\"@type\":\"ImageObject\",\"inLanguage\":\"hu\",\"@id\":\"https:\/\/liked.hu\/old\/#\/schema\/logo\/image\/\",\"url\":\"https:\/\/liked.hu\/wp-content\/uploads\/2018\/08\/Liked-icon.png\",\"contentUrl\":\"https:\/\/liked.hu\/wp-content\/uploads\/2018\/08\/Liked-icon.png\",\"width\":512,\"height\":512,\"caption\":\"Liked.hu\"},\"image\":{\"@id\":\"https:\/\/liked.hu\/old\/#\/schema\/logo\/image\/\"}},{\"@type\":\"Person\",\"@id\":\"https:\/\/liked.hu\/old\/#\/schema\/person\/eb840c492fdb3076d9c2d140cc634ebb\",\"name\":\"1mernok\",\"image\":{\"@type\":\"ImageObject\",\"inLanguage\":\"hu\",\"@id\":\"https:\/\/liked.hu\/old\/#\/schema\/person\/image\/\",\"url\":\"https:\/\/liked.hu\/old\/wp-content\/uploads\/avatars\/22\/604de6ee60df1-bpfull.jpg\",\"contentUrl\":\"https:\/\/liked.hu\/old\/wp-content\/uploads\/avatars\/22\/604de6ee60df1-bpfull.jpg\",\"caption\":\"1mernok\"},\"sameAs\":[\"https:\/\/www.facebook.com\/profile.php?id=100069488029999\"],\"url\":\"https:\/\/liked.hu\/old\/u\/1mernok\/\"}]}<\/script>\n<!-- \/ Yoast SEO plugin. -->","yoast_head_json":{"title":"Haj\u00f3k, amik a furcsa kialak\u00edt\u00e1sukkal \u00e9s funkci\u00f3ikkal nagy meglepet\u00e9st okoznak","description":"Ilyen haj\u00f3kat m\u00e9g nem l\u00e1tt\u00e1l.","robots":{"index":"index","follow":"follow","max-snippet":"max-snippet:-1","max-image-preview":"max-image-preview:large","max-video-preview":"max-video-preview:-1"},"canonical":"https:\/\/liked.hu\/old\/erdekes\/hajok-amik-a-furcsa-kialakitasukkal-es-funkcioikkal-nagy-meglepetest-okoznak\/","next":"https:\/\/liked.hu\/old\/erdekes\/hajok-amik-a-furcsa-kialakitasukkal-es-funkcioikkal-nagy-meglepetest-okoznak\/2\/","og_locale":"hu_HU","og_type":"article","og_title":"Haj\u00f3k, amik a furcsa kialak\u00edt\u00e1sukkal \u00e9s funkci\u00f3ikkal nagy meglepet\u00e9st okoznak","og_description":"Ilyen haj\u00f3kat m\u00e9g nem l\u00e1tt\u00e1l.","og_url":"https:\/\/liked.hu\/old\/erdekes\/hajok-amik-a-furcsa-kialakitasukkal-es-funkcioikkal-nagy-meglepetest-okoznak\/","og_site_name":"Liked.hu","article_publisher":"https:\/\/www.facebook.com\/liked.hu","article_author":"https:\/\/www.facebook.com\/profile.php?id=100069488029999","article_published_time":"2024-03-26T23:24:08+00:00","article_modified_time":"2024-03-26T23:24:10+00:00","og_image":[{"width":1200,"height":630,"url":"https:\/\/liked.hu\/old\/wp-content\/uploads\/2024\/03\/Furcsa-hajok.jpg","type":"image\/jpeg"}],"author":"1mernok","twitter_card":"summary","twitter_creator":"@LikedHu","twitter_site":"@LikedHu","twitter_misc":{"Szerz\u0151:":"1mernok","Becs\u00fclt olvas\u00e1si id\u0151":"9 perc"},"schema":{"@context":"https:\/\/schema.org","@graph":[{"@type":"Article","@id":"https:\/\/liked.hu\/old\/erdekes\/hajok-amik-a-furcsa-kialakitasukkal-es-funkcioikkal-nagy-meglepetest-okoznak\/#article","isPartOf":{"@id":"https:\/\/liked.hu\/old\/erdekes\/hajok-amik-a-furcsa-kialakitasukkal-es-funkcioikkal-nagy-meglepetest-okoznak\/"},"author":{"name":"1mernok","@id":"https:\/\/liked.hu\/old\/#\/schema\/person\/eb840c492fdb3076d9c2d140cc634ebb"},"headline":"Haj\u00f3k, amik a furcsa kialak\u00edt\u00e1sukkal \u00e9s funkci\u00f3ikkal nagy meglepet\u00e9st okoznak","datePublished":"2024-03-26T23:24:08+00:00","dateModified":"2024-03-26T23:24:10+00:00","mainEntityOfPage":{"@id":"https:\/\/liked.hu\/old\/erdekes\/hajok-amik-a-furcsa-kialakitasukkal-es-funkcioikkal-nagy-meglepetest-okoznak\/"},"wordCount":1866,"commentCount":0,"publisher":{"@id":"https:\/\/liked.hu\/old\/#organization"},"keywords":["el\u00e9g \u00e9rdekes","haj\u00f3","j\u00e1rm\u0171"],"articleSection":["\u00c9rdekess\u00e9gek"],"inLanguage":"hu","potentialAction":[{"@type":"CommentAction","name":"Comment","target":["https:\/\/liked.hu\/old\/erdekes\/hajok-amik-a-furcsa-kialakitasukkal-es-funkcioikkal-nagy-meglepetest-okoznak\/#respond"]}]},{"@type":"WebPage","@id":"https:\/\/liked.hu\/old\/erdekes\/hajok-amik-a-furcsa-kialakitasukkal-es-funkcioikkal-nagy-meglepetest-okoznak\/","url":"https:\/\/liked.hu\/old\/erdekes\/hajok-amik-a-furcsa-kialakitasukkal-es-funkcioikkal-nagy-meglepetest-okoznak\/","name":"Haj\u00f3k, amik a furcsa kialak\u00edt\u00e1sukkal \u00e9s funkci\u00f3ikkal nagy meglepet\u00e9st okoznak","isPartOf":{"@id":"https:\/\/liked.hu\/old\/#website"},"datePublished":"2024-03-26T23:24:08+00:00","dateModified":"2024-03-26T23:24:10+00:00","description":"Ilyen haj\u00f3kat m\u00e9g nem l\u00e1tt\u00e1l.","breadcrumb":{"@id":"https:\/\/liked.hu\/old\/erdekes\/hajok-amik-a-furcsa-kialakitasukkal-es-funkcioikkal-nagy-meglepetest-okoznak\/#breadcrumb"},"inLanguage":"hu","potentialAction":[{"@type":"ReadAction","target":["https:\/\/liked.hu\/old\/erdekes\/hajok-amik-a-furcsa-kialakitasukkal-es-funkcioikkal-nagy-meglepetest-okoznak\/"]}]},{"@type":"BreadcrumbList","@id":"https:\/\/liked.hu\/old\/erdekes\/hajok-amik-a-furcsa-kialakitasukkal-es-funkcioikkal-nagy-meglepetest-okoznak\/#breadcrumb","itemListElement":[{"@type":"ListItem","position":1,"name":"Kezd\u0151lap"}]},{"@type":"WebSite","@id":"https:\/\/liked.hu\/old\/#website","url":"https:\/\/liked.hu\/old\/","name":"Liked.hu","description":"","publisher":{"@id":"https:\/\/liked.hu\/old\/#organization"},"potentialAction":[{"@type":"SearchAction","target":{"@type":"EntryPoint","urlTemplate":"https:\/\/liked.hu\/old\/?s={search_term_string}"},"query-input":"required name=search_term_string"}],"inLanguage":"hu"},{"@type":"Organization","@id":"https:\/\/liked.hu\/old\/#organization","name":"Liked.hu","url":"https:\/\/liked.hu\/old\/","sameAs":["https:\/\/hu.pinterest.com\/likedhungary\/","https:\/\/www.youtube.com\/channel\/UCPv91dbMoIukYcM9b9nHN6Q","https:\/\/www.facebook.com\/liked.hu","https:\/\/twitter.com\/LikedHu"],"logo":{"@type":"ImageObject","inLanguage":"hu","@id":"https:\/\/liked.hu\/old\/#\/schema\/logo\/image\/","url":"https:\/\/liked.hu\/wp-content\/uploads\/2018\/08\/Liked-icon.png","contentUrl":"https:\/\/liked.hu\/wp-content\/uploads\/2018\/08\/Liked-icon.png","width":512,"height":512,"caption":"Liked.hu"},"image":{"@id":"https:\/\/liked.hu\/old\/#\/schema\/logo\/image\/"}},{"@type":"Person","@id":"https:\/\/liked.hu\/old\/#\/schema\/person\/eb840c492fdb3076d9c2d140cc634ebb","name":"1mernok","image":{"@type":"ImageObject","inLanguage":"hu","@id":"https:\/\/liked.hu\/old\/#\/schema\/person\/image\/","url":"https:\/\/liked.hu\/old\/wp-content\/uploads\/avatars\/22\/604de6ee60df1-bpfull.jpg","contentUrl":"https:\/\/liked.hu\/old\/wp-content\/uploads\/avatars\/22\/604de6ee60df1-bpfull.jpg","caption":"1mernok"},"sameAs":["https:\/\/www.facebook.com\/profile.php?id=100069488029999"],"url":"https:\/\/liked.hu\/old\/u\/1mernok\/"}]}},"publishpress_future_action":{"enabled":false,"date":"1970-01-01 01:00:00","action":"","terms":[],"taxonomy":"","browser_timezone_offset":0},"_links":{"self":[{"href":"https:\/\/liked.hu\/old\/wp-json\/wp\/v2\/posts\/328977"}],"collection":[{"href":"https:\/\/liked.hu\/old\/wp-json\/wp\/v2\/posts"}],"about":[{"href":"https:\/\/liked.hu\/old\/wp-json\/wp\/v2\/types\/post"}],"author":[{"embeddable":true,"href":"https:\/\/liked.hu\/old\/wp-json\/wp\/v2\/users\/22"}],"replies":[{"embeddable":true,"href":"https:\/\/liked.hu\/old\/wp-json\/wp\/v2\/comments?post=328977"}],"version-history":[{"count":0,"href":"https:\/\/liked.hu\/old\/wp-json\/wp\/v2\/posts\/328977\/revisions"}],"wp:featuredmedia":[{"embeddable":true,"href":"https:\/\/liked.hu\/old\/wp-json\/wp\/v2\/media\/328978"}],"wp:attachment":[{"href":"https:\/\/liked.hu\/old\/wp-json\/wp\/v2\/media?parent=328977"}],"wp:term":[{"taxonomy":"category","embeddable":true,"href":"https:\/\/liked.hu\/old\/wp-json\/wp\/v2\/categories?post=328977"},{"taxonomy":"post_tag","embeddable":true,"href":"https:\/\/liked.hu\/old\/wp-json\/wp\/v2\/tags?post=328977"}],"curies":[{"name":"wp","href":"https:\/\/api.w.org\/{rel}","templated":true}]}}