{"id":328720,"date":"2024-03-25T21:31:01","date_gmt":"2024-03-25T20:31:01","guid":{"rendered":"https:\/\/liked.hu\/old\/?p=328720"},"modified":"2024-03-25T21:31:04","modified_gmt":"2024-03-25T20:31:04","slug":"miert-lehet-nagaszakiban-es-hirosimaban-elni-csernobilban-viszont-nem","status":"publish","type":"post","link":"https:\/\/liked.hu\/old\/erdekes\/miert-lehet-nagaszakiban-es-hirosimaban-elni-csernobilban-viszont-nem\/","title":{"rendered":"Mi\u00e9rt lehet Nagaszakiban \u00e9s Hirosim\u00e1ban \u00e9lni, Csernobilban viszont nem?"},"content":{"rendered":"\n<p>38 \u00e9v telt el a csernobili katasztr\u00f3fa \u00f3ta. Azt gondolhatn\u00e1nk, hogy m\u00e1r r\u00e9g mindennek v\u00e9ge, de nem.<\/p>\n\n\n\n\n<div style=\"float:none;margin:0px 0 0px 0;text-align:center;\">\n<div class=\"mobileShowkakettes\"><div class=\"mobileShowka2\"><div style=\"padding-top:0px;padding-bottom:15px;min-height: 300px;\"><div class=\"hirdetes\">HIRDET\u00c9S<\/div>\n<!-- 300lista -->\n<ins class=\"adsbygoogle\"\n     style=\"display:inline-block;width:300px;height:250px\"\n     data-ad-client=\"ca-pub-9424088931673893\"\n     data-ad-slot=\"8471340766\"><\/ins>\n<script async>\n     (adsbygoogle = window.adsbygoogle || []).push({});\n<\/script><\/div><\/div><\/div><\/div>\n\n\n\n\n<p>Elgondolkodtam, hogy mi\u00e9rt \u00e9lnek m\u00e1r r\u00e9g\u00f3ta emberek Hirosim\u00e1ban \u00e9s Nagaszakiban, m\u00edg Csernobil m\u00e9g mindig szennyezi a k\u00f6rnyezetet? \u00cdme, amit kider\u00edtettem:<\/p>\n\n\n\n<p><strong>A robban\u00e1s helysz\u00edne:<\/strong><\/p>\n\n\n\n<ul><li>A Hirosim\u00e1ra \u00e9s Nagaszakira dobott bomb\u00e1k 500 m\u00e9terrel a felsz\u00edn felett robbantak. A radioakt\u00edv anyagok nagy r\u00e9sze a l\u00e9gk\u00f6rbe ker\u00fclt. Ezenk\u00edv\u00fcl Hirosim\u00e1ban a 64 kg ur\u00e1nb\u00f3l csak 700 gramm l\u00e9pett nukle\u00e1ris reakci\u00f3ba, a marad\u00e9k ur\u00e1nt a robban\u00e1s sz\u00e9tsz\u00f3rta.<\/li><li>Csernobilban a robban\u00e1s a f\u00f6ld\u00f6n t\u00f6rt\u00e9nt. A radioakt\u00edv anyagok nagy r\u00e9sze a talajba ker\u00fclt. Tov\u00e1bb\u00e1, m\u00edg Jap\u00e1nban a robban\u00e1s egyszeri volt, Csernobilban a radioakt\u00edv anyagok egy h\u00f3napon \u00e1t jutottak a talajba!<\/li><\/ul>\n\n\n\n<figure class=\"wp-block-image size-full\"><img loading=\"lazy\" width=\"1200\" height=\"630\" src=\"https:\/\/liked.hu\/old\/wp-content\/uploads\/2024\/03\/Nagaszakis-dolgok.jpg\" alt=\"Nagaszakis dolgok\" class=\"wp-image-328721\" srcset=\"https:\/\/liked.hu\/old\/wp-content\/uploads\/2024\/03\/Nagaszakis-dolgok.jpg 1200w, https:\/\/liked.hu\/old\/wp-content\/uploads\/2024\/03\/Nagaszakis-dolgok-768x403.jpg 768w\" sizes=\"(max-width: 1200px) 100vw, 1200px\" \/><\/figure>\n\n\n\n<h4><strong>A robban\u00f3anyagok mennyis\u00e9ge:<\/strong><\/h4>\n\n\n\n<ul><li>A Hirosim\u00e1ban felrobbantott bomba 64 kg ur\u00e1nt tartalmazott, ebb\u0151l csak 700 gramm l\u00e9pett nukle\u00e1ris reakci\u00f3ba. A Nagaszakira dobott bomba 6 kg plut\u00f3niumot l\u00e9pett nukle\u00e1ris reakci\u00f3ba.<\/li><li>Csernobilban a felrobbant reaktor 180 tonna radioakt\u00edv kever\u00e9ket tartalmazott, 3,6 tonna ur\u00e1nnal.<\/li><\/ul>\n\n\n\n<p>Hasonl\u00edtsuk \u00f6ssze: 700 gramm \u00e9s 3,6 tonna!<\/p>\n\n\n\n\n<div style=\"float:none;margin:0px 0 0px 0;text-align:center;\">\n<div class=\"mobileHideke5\"><div style=\"margin-top:25px;\"><div class=\"hirdeteshatter\"><div style=\"display: inline-block;width: 50%;min-width:305px;vertical-align: top;\"><div class=\"hirdetes\">HIRDET\u00c9S<\/div>\n<!-- LikedQ51 -->\n<ins class=\"adsbygoogle\"\n     style=\"display:inline-block;width:300px;height:250px\"\n     data-ad-client=\"ca-pub-9424088931673893\"\n     data-ad-slot=\"8284063326\"><\/ins>\n<script async>\n     (adsbygoogle = window.adsbygoogle || []).push({});\n<\/script><\/div><div style=\"display: inline-block;width: 50%;min-width:305px;vertical-align: top;\"><div class=\"hirdetes\">HIRDET\u00c9S<\/div>\n<!-- LikedQ52 -->\n<ins class=\"adsbygoogle\"\n     style=\"display:inline-block;width:300px;height:250px\"\n     data-ad-client=\"ca-pub-9424088931673893\"\n     data-ad-slot=\"2840164950\"><\/ins>\n<script async>\n     (adsbygoogle = window.adsbygoogle || []).push({});\n<\/script><\/div><\/div><\/div><\/div>\n<div style=\"display:flex;flex-direction:column;\"><div class=\"mobileShowka5\"><div style=\"padding-top:10px;padding-bottom:10px;min-height: 300px;\"><div class=\"hirdetes\">HIRDET\u00c9S<\/div>\n<!-- LikedQ5M -->\n<ins class=\"adsbygoogle\"\n     style=\"display:inline-block;width:300px;height:250px\"\n     data-ad-client=\"ca-pub-9424088931673893\"\n     data-ad-slot=\"9022429928\"><\/ins>\n<script async>\n     (adsbygoogle = window.adsbygoogle || []).push({});\n<\/script><\/div><\/div><\/div><\/div>\n\n\n\n\n<figure class=\"wp-block-image size-full\"><img loading=\"lazy\" width=\"1200\" height=\"866\" src=\"https:\/\/liked.hu\/old\/wp-content\/uploads\/2024\/03\/Hirosima-es-csernobil-002.webp\" alt=\"Hirosima \u00e9s csernobil 002\" class=\"wp-image-328723\" srcset=\"https:\/\/liked.hu\/old\/wp-content\/uploads\/2024\/03\/Hirosima-es-csernobil-002.webp 1200w, https:\/\/liked.hu\/old\/wp-content\/uploads\/2024\/03\/Hirosima-es-csernobil-002-768x554.webp 768w\" sizes=\"(max-width: 1200px) 100vw, 1200px\" \/><\/figure>\n\n\n\n<h4><strong>Sug\u00e1rz\u00e1s<\/strong><\/h4>\n\n\n\n<p><strong>Hirosima \u00e9s Nagaszaki:<\/strong><\/p>\n\n\n\n<ul><li>A sug\u00e1rz\u00e1s Hirosim\u00e1ban \u00e9s Nagaszakiban&nbsp;<strong>f\u00e9l \u00e9v<\/strong>&nbsp;alatt normaliz\u00e1l\u00f3dott. Az amerikai csapatok m\u00e9r\u00e9seket v\u00e9geztek, \u00e9s kijelentett\u00e9k, hogy a bomb\u00e1zott ter\u00fcleten tart\u00f3zkodni&nbsp;<strong>biztons\u00e1gos<\/strong>.<\/li><\/ul>\n\n\n\n<p><strong>Csernobil:<\/strong><\/p>\n\n\n\n<ul><li>Csernobilban a sug\u00e1rz\u00e1si \u00e9rt\u00e9kek&nbsp;<strong>a mai napig<\/strong>&nbsp;aggaszt\u00f3an&nbsp;<strong>magasak<\/strong>.<\/li><\/ul>\n\n\n\n<p><strong>A radioakt\u00edv kever\u00e9k \u00f6sszet\u00e9tele:<\/strong><\/p>\n\n\n\n<ul><li>A csernobili robban\u00e1s sor\u00e1n a k\u00f6vetkez\u0151 anyagokat mutatt\u00e1k ki:\u00a0<strong>stroncium-90, j\u00f3d-131, c\u00e9zium-137, americium-241 \u00e9s plut\u00f3nium-239<\/strong>.<\/li><li><strong>Hirosim\u00e1ban \u00e9s Nagaszakiban<\/strong>\u00a0az els\u0151 m\u00e9r\u00e9seket csak\u00a0<strong>h\u00f3napokkal<\/strong>\u00a0a robban\u00e1s ut\u00e1n v\u00e9gezt\u00e9k el, \u00edgy nem \u00e1ll rendelkez\u00e9sre el\u00e9g inform\u00e1ci\u00f3 arr\u00f3l, hogy\u00a0<strong>milyen radioakt\u00edv izot\u00f3pok<\/strong>\u00a0voltak jelen, \u00e9s\u00a0<strong>mekkora<\/strong>\u00a0volt a mennyis\u00e9g\u00fck. Ezt m\u00e1r soha nem is fogjuk megtudni.<\/li><\/ul>\n\n\n\n\n<div style=\"float:none;margin:0px 0 0px 0;text-align:center;\">\n<div class=\"mobileHideke8\"><div style=\"margin-top:25px;\"><div class=\"hirdeteshatter\"><div style=\"display: inline-block;width: 50%;min-width:340px;vertical-align: top;\"><div class=\"hirdetes\">HIRDET\u00c9S<\/div>\n<!-- Liked7Q1 -->\n<ins class=\"adsbygoogle\"\n     style=\"display:inline-block;width:336px;height:280px\"\n     data-ad-client=\"ca-pub-9424088931673893\"\n     data-ad-slot=\"3022062587\"><\/ins>\n<script async>\n     (adsbygoogle = window.adsbygoogle || []).push({});\n<\/script><\/div><div style=\"display: inline-block;width: 50%;min-width:340px;vertical-align: top;\"><div class=\"hirdetes\">HIRDET\u00c9S<\/div>\n<!-- Liked7Q2 -->\n<ins class=\"adsbygoogle\"\n     style=\"display:inline-block;width:336px;height:280px\"\n     data-ad-client=\"ca-pub-9424088931673893\"\n     data-ad-slot=\"3952000871\"><\/ins>\n<script async>\n     (adsbygoogle = window.adsbygoogle || []).push({});\n<\/script><\/div><\/div><\/div><\/div>\n<div style=\"display:flex;flex-direction:column;\"><div class=\"mobileShowka8\"><div style=\"padding-top:15px;margin-bottom:15px;min-height: 300px;\"><div class=\"hirdetes\">HIRDET\u00c9S<\/div>\n<!-- Liked7QMobil -->\n<ins class=\"adsbygoogle\"\n     style=\"display:inline-block;width:336px;height:280px\"\n     data-ad-client=\"ca-pub-9424088931673893\"\n     data-ad-slot=\"5073510857\"><\/ins>\n<script async>\n     (adsbygoogle = window.adsbygoogle || []).push({});\n<\/script><\/div><\/div><\/div><\/div>\n\n\n\n\n<figure class=\"wp-block-image size-full\"><img loading=\"lazy\" width=\"1200\" height=\"857\" src=\"https:\/\/liked.hu\/old\/wp-content\/uploads\/2024\/03\/Hirosima-es-csernobil-001.webp\" alt=\"Hirosima \u00e9s csernobil 001\" class=\"wp-image-328722\" srcset=\"https:\/\/liked.hu\/old\/wp-content\/uploads\/2024\/03\/Hirosima-es-csernobil-001.webp 1200w, https:\/\/liked.hu\/old\/wp-content\/uploads\/2024\/03\/Hirosima-es-csernobil-001-768x548.webp 768w\" sizes=\"(max-width: 1200px) 100vw, 1200px\" \/><\/figure>\n\n\n\n<ul><li>Jap\u00e1n tud\u00f3sok 1970-ben, 1980-ban \u00e9s 2010-ben is vizsg\u00e1lt\u00e1k a hirosimai talajt ur\u00e1n-236, c\u00e9zium-137, plut\u00f3nium-239 \u00e9s 240 atomok nyomai ut\u00e1n kutatva, de\u00a0<strong>nem tal\u00e1ltak semmit<\/strong>.<\/li><\/ul>\n\n\n\n<p>A <strong>Hirosim\u00e1ban \u00e9s Nagaszakiban<\/strong> tapasztalt, illetve a <strong>Csernobilban<\/strong> m\u00e9rt sug\u00e1rz\u00e1si szintek k\u00f6z\u00f6tti \u00f3ri\u00e1si k\u00fcl\u00f6nbs\u00e9g oka teh\u00e1t a robban\u00e1sok <strong>elt\u00e9r\u0151 helysz\u00edneiben<\/strong> rejlik. Jap\u00e1nban a bomb\u00e1k a <strong>l\u00e9gk\u00f6rben<\/strong> robbantak, \u00edgy a k\u00e1ros anyagok nagy r\u00e9sze <strong>nem \u00e9rte el a talajt<\/strong>. A sug\u00e1rz\u00e1s a robban\u00e1st k\u00f6vet\u0151 <strong>n\u00e9h\u00e1ny h\u00f3nap<\/strong> alatt normaliz\u00e1l\u00f3dott.<\/p>\n\n\n\n<p>Jelenleg <strong>Hirosim\u00e1ban \u00e9s Nagaszakiban<\/strong> k\u00f6r\u00fclbel\u00fcl <strong>1,6 milli\u00f3 ember<\/strong> \u00e9l. Csernobilban <strong>a mai napig<\/strong> \u00e9rv\u00e9nyben van a <strong>30 kilom\u00e9teres tilalmi z\u00f3na.<\/strong><\/p>\n","protected":false},"excerpt":{"rendered":"<p>Biztosan te is elgondolkodt\u00e1l m\u00e1r ezen.<\/p>\n","protected":false},"author":13,"featured_media":328721,"comment_status":"open","ping_status":"closed","sticky":false,"template":"","format":"standard","meta":{"buzzeditor_post_format":""},"categories":[23],"tags":[5823],"yoast_head":"<!-- This site is optimized with the Yoast SEO plugin v19.6.1 - https:\/\/yoast.com\/wordpress\/plugins\/seo\/ -->\n<title>Mi\u00e9rt lehet Nagaszakiban \u00e9s Hirosim\u00e1ban \u00e9lni, Csernobilban viszont nem?<\/title>\n<meta name=\"description\" content=\"Biztosan te is elgondolkodt\u00e1l m\u00e1r ezen.\" \/>\n<meta name=\"robots\" content=\"index, follow, max-snippet:-1, max-image-preview:large, max-video-preview:-1\" \/>\n<link rel=\"canonical\" href=\"https:\/\/liked.hu\/old\/erdekes\/miert-lehet-nagaszakiban-es-hirosimaban-elni-csernobilban-viszont-nem\/\" \/>\n<meta property=\"og:locale\" content=\"hu_HU\" \/>\n<meta property=\"og:type\" content=\"article\" \/>\n<meta property=\"og:title\" content=\"Mi\u00e9rt lehet Nagaszakiban \u00e9s Hirosim\u00e1ban \u00e9lni, Csernobilban viszont nem?\" \/>\n<meta property=\"og:description\" content=\"Biztosan te is elgondolkodt\u00e1l m\u00e1r ezen.\" \/>\n<meta property=\"og:url\" content=\"https:\/\/liked.hu\/old\/erdekes\/miert-lehet-nagaszakiban-es-hirosimaban-elni-csernobilban-viszont-nem\/\" \/>\n<meta property=\"og:site_name\" content=\"Liked.hu\" \/>\n<meta property=\"article:publisher\" content=\"https:\/\/www.facebook.com\/liked.hu\" \/>\n<meta property=\"article:published_time\" content=\"2024-03-25T20:31:01+00:00\" \/>\n<meta property=\"article:modified_time\" content=\"2024-03-25T20:31:04+00:00\" \/>\n<meta property=\"og:image\" content=\"https:\/\/liked.hu\/old\/wp-content\/uploads\/2024\/03\/Nagaszakis-dolgok.jpg\" \/>\n\t<meta property=\"og:image:width\" content=\"1200\" \/>\n\t<meta property=\"og:image:height\" content=\"630\" \/>\n\t<meta property=\"og:image:type\" content=\"image\/jpeg\" \/>\n<meta name=\"author\" content=\"Klingstrom\" \/>\n<meta name=\"twitter:card\" content=\"summary\" \/>\n<meta name=\"twitter:creator\" content=\"@LikedHu\" \/>\n<meta name=\"twitter:site\" content=\"@LikedHu\" \/>\n<meta name=\"twitter:label1\" content=\"Szerz\u0151:\" \/>\n\t<meta name=\"twitter:data1\" content=\"Klingstrom\" \/>\n\t<meta name=\"twitter:label2\" content=\"Becs\u00fclt olvas\u00e1si id\u0151\" \/>\n\t<meta name=\"twitter:data2\" content=\"2 perc\" \/>\n<script type=\"application\/ld+json\" class=\"yoast-schema-graph\">{\"@context\":\"https:\/\/schema.org\",\"@graph\":[{\"@type\":\"Article\",\"@id\":\"https:\/\/liked.hu\/old\/erdekes\/miert-lehet-nagaszakiban-es-hirosimaban-elni-csernobilban-viszont-nem\/#article\",\"isPartOf\":{\"@id\":\"https:\/\/liked.hu\/old\/erdekes\/miert-lehet-nagaszakiban-es-hirosimaban-elni-csernobilban-viszont-nem\/\"},\"author\":{\"name\":\"Klingstrom\",\"@id\":\"https:\/\/liked.hu\/old\/#\/schema\/person\/1c8d3f8764991e8dcd6572a7de72da8a\"},\"headline\":\"Mi\u00e9rt lehet Nagaszakiban \u00e9s Hirosim\u00e1ban \u00e9lni, Csernobilban viszont nem?\",\"datePublished\":\"2024-03-25T20:31:01+00:00\",\"dateModified\":\"2024-03-25T20:31:04+00:00\",\"mainEntityOfPage\":{\"@id\":\"https:\/\/liked.hu\/old\/erdekes\/miert-lehet-nagaszakiban-es-hirosimaban-elni-csernobilban-viszont-nem\/\"},\"wordCount\":509,\"commentCount\":0,\"publisher\":{\"@id\":\"https:\/\/liked.hu\/old\/#organization\"},\"keywords\":[\"Ma tudtam meg!\"],\"articleSection\":[\"\u00c9rdekess\u00e9gek\"],\"inLanguage\":\"hu\",\"potentialAction\":[{\"@type\":\"CommentAction\",\"name\":\"Comment\",\"target\":[\"https:\/\/liked.hu\/old\/erdekes\/miert-lehet-nagaszakiban-es-hirosimaban-elni-csernobilban-viszont-nem\/#respond\"]}]},{\"@type\":\"WebPage\",\"@id\":\"https:\/\/liked.hu\/old\/erdekes\/miert-lehet-nagaszakiban-es-hirosimaban-elni-csernobilban-viszont-nem\/\",\"url\":\"https:\/\/liked.hu\/old\/erdekes\/miert-lehet-nagaszakiban-es-hirosimaban-elni-csernobilban-viszont-nem\/\",\"name\":\"Mi\u00e9rt lehet Nagaszakiban \u00e9s Hirosim\u00e1ban \u00e9lni, Csernobilban viszont nem?\",\"isPartOf\":{\"@id\":\"https:\/\/liked.hu\/old\/#website\"},\"datePublished\":\"2024-03-25T20:31:01+00:00\",\"dateModified\":\"2024-03-25T20:31:04+00:00\",\"description\":\"Biztosan te is elgondolkodt\u00e1l m\u00e1r ezen.\",\"breadcrumb\":{\"@id\":\"https:\/\/liked.hu\/old\/erdekes\/miert-lehet-nagaszakiban-es-hirosimaban-elni-csernobilban-viszont-nem\/#breadcrumb\"},\"inLanguage\":\"hu\",\"potentialAction\":[{\"@type\":\"ReadAction\",\"target\":[\"https:\/\/liked.hu\/old\/erdekes\/miert-lehet-nagaszakiban-es-hirosimaban-elni-csernobilban-viszont-nem\/\"]}]},{\"@type\":\"BreadcrumbList\",\"@id\":\"https:\/\/liked.hu\/old\/erdekes\/miert-lehet-nagaszakiban-es-hirosimaban-elni-csernobilban-viszont-nem\/#breadcrumb\",\"itemListElement\":[{\"@type\":\"ListItem\",\"position\":1,\"name\":\"Kezd\u0151lap\",\"item\":\"https:\/\/liked.hu\/old\/\"},{\"@type\":\"ListItem\",\"position\":2,\"name\":\"Mi\u00e9rt lehet Nagaszakiban \u00e9s Hirosim\u00e1ban \u00e9lni, Csernobilban viszont nem?\"}]},{\"@type\":\"WebSite\",\"@id\":\"https:\/\/liked.hu\/old\/#website\",\"url\":\"https:\/\/liked.hu\/old\/\",\"name\":\"Liked.hu\",\"description\":\"\",\"publisher\":{\"@id\":\"https:\/\/liked.hu\/old\/#organization\"},\"potentialAction\":[{\"@type\":\"SearchAction\",\"target\":{\"@type\":\"EntryPoint\",\"urlTemplate\":\"https:\/\/liked.hu\/old\/?s={search_term_string}\"},\"query-input\":\"required name=search_term_string\"}],\"inLanguage\":\"hu\"},{\"@type\":\"Organization\",\"@id\":\"https:\/\/liked.hu\/old\/#organization\",\"name\":\"Liked.hu\",\"url\":\"https:\/\/liked.hu\/old\/\",\"sameAs\":[\"https:\/\/hu.pinterest.com\/likedhungary\/\",\"https:\/\/www.youtube.com\/channel\/UCPv91dbMoIukYcM9b9nHN6Q\",\"https:\/\/www.facebook.com\/liked.hu\",\"https:\/\/twitter.com\/LikedHu\"],\"logo\":{\"@type\":\"ImageObject\",\"inLanguage\":\"hu\",\"@id\":\"https:\/\/liked.hu\/old\/#\/schema\/logo\/image\/\",\"url\":\"https:\/\/liked.hu\/wp-content\/uploads\/2018\/08\/Liked-icon.png\",\"contentUrl\":\"https:\/\/liked.hu\/wp-content\/uploads\/2018\/08\/Liked-icon.png\",\"width\":512,\"height\":512,\"caption\":\"Liked.hu\"},\"image\":{\"@id\":\"https:\/\/liked.hu\/old\/#\/schema\/logo\/image\/\"}},{\"@type\":\"Person\",\"@id\":\"https:\/\/liked.hu\/old\/#\/schema\/person\/1c8d3f8764991e8dcd6572a7de72da8a\",\"name\":\"Klingstrom\",\"image\":{\"@type\":\"ImageObject\",\"inLanguage\":\"hu\",\"@id\":\"https:\/\/liked.hu\/old\/#\/schema\/person\/image\/\",\"url\":\"https:\/\/liked.hu\/old\/wp-content\/uploads\/avatars\/13\/604de88bd578a-bpfull.jpg\",\"contentUrl\":\"https:\/\/liked.hu\/old\/wp-content\/uploads\/avatars\/13\/604de88bd578a-bpfull.jpg\",\"caption\":\"Klingstrom\"},\"url\":\"https:\/\/liked.hu\/old\/u\/klingstrom\/\"}]}<\/script>\n<!-- \/ Yoast SEO plugin. -->","yoast_head_json":{"title":"Mi\u00e9rt lehet Nagaszakiban \u00e9s Hirosim\u00e1ban \u00e9lni, Csernobilban viszont nem?","description":"Biztosan te is elgondolkodt\u00e1l m\u00e1r ezen.","robots":{"index":"index","follow":"follow","max-snippet":"max-snippet:-1","max-image-preview":"max-image-preview:large","max-video-preview":"max-video-preview:-1"},"canonical":"https:\/\/liked.hu\/old\/erdekes\/miert-lehet-nagaszakiban-es-hirosimaban-elni-csernobilban-viszont-nem\/","og_locale":"hu_HU","og_type":"article","og_title":"Mi\u00e9rt lehet Nagaszakiban \u00e9s Hirosim\u00e1ban \u00e9lni, Csernobilban viszont nem?","og_description":"Biztosan te is elgondolkodt\u00e1l m\u00e1r ezen.","og_url":"https:\/\/liked.hu\/old\/erdekes\/miert-lehet-nagaszakiban-es-hirosimaban-elni-csernobilban-viszont-nem\/","og_site_name":"Liked.hu","article_publisher":"https:\/\/www.facebook.com\/liked.hu","article_published_time":"2024-03-25T20:31:01+00:00","article_modified_time":"2024-03-25T20:31:04+00:00","og_image":[{"width":1200,"height":630,"url":"https:\/\/liked.hu\/old\/wp-content\/uploads\/2024\/03\/Nagaszakis-dolgok.jpg","type":"image\/jpeg"}],"author":"Klingstrom","twitter_card":"summary","twitter_creator":"@LikedHu","twitter_site":"@LikedHu","twitter_misc":{"Szerz\u0151:":"Klingstrom","Becs\u00fclt olvas\u00e1si id\u0151":"2 perc"},"schema":{"@context":"https:\/\/schema.org","@graph":[{"@type":"Article","@id":"https:\/\/liked.hu\/old\/erdekes\/miert-lehet-nagaszakiban-es-hirosimaban-elni-csernobilban-viszont-nem\/#article","isPartOf":{"@id":"https:\/\/liked.hu\/old\/erdekes\/miert-lehet-nagaszakiban-es-hirosimaban-elni-csernobilban-viszont-nem\/"},"author":{"name":"Klingstrom","@id":"https:\/\/liked.hu\/old\/#\/schema\/person\/1c8d3f8764991e8dcd6572a7de72da8a"},"headline":"Mi\u00e9rt lehet Nagaszakiban \u00e9s Hirosim\u00e1ban \u00e9lni, Csernobilban viszont nem?","datePublished":"2024-03-25T20:31:01+00:00","dateModified":"2024-03-25T20:31:04+00:00","mainEntityOfPage":{"@id":"https:\/\/liked.hu\/old\/erdekes\/miert-lehet-nagaszakiban-es-hirosimaban-elni-csernobilban-viszont-nem\/"},"wordCount":509,"commentCount":0,"publisher":{"@id":"https:\/\/liked.hu\/old\/#organization"},"keywords":["Ma tudtam meg!"],"articleSection":["\u00c9rdekess\u00e9gek"],"inLanguage":"hu","potentialAction":[{"@type":"CommentAction","name":"Comment","target":["https:\/\/liked.hu\/old\/erdekes\/miert-lehet-nagaszakiban-es-hirosimaban-elni-csernobilban-viszont-nem\/#respond"]}]},{"@type":"WebPage","@id":"https:\/\/liked.hu\/old\/erdekes\/miert-lehet-nagaszakiban-es-hirosimaban-elni-csernobilban-viszont-nem\/","url":"https:\/\/liked.hu\/old\/erdekes\/miert-lehet-nagaszakiban-es-hirosimaban-elni-csernobilban-viszont-nem\/","name":"Mi\u00e9rt lehet Nagaszakiban \u00e9s Hirosim\u00e1ban \u00e9lni, Csernobilban viszont nem?","isPartOf":{"@id":"https:\/\/liked.hu\/old\/#website"},"datePublished":"2024-03-25T20:31:01+00:00","dateModified":"2024-03-25T20:31:04+00:00","description":"Biztosan te is elgondolkodt\u00e1l m\u00e1r ezen.","breadcrumb":{"@id":"https:\/\/liked.hu\/old\/erdekes\/miert-lehet-nagaszakiban-es-hirosimaban-elni-csernobilban-viszont-nem\/#breadcrumb"},"inLanguage":"hu","potentialAction":[{"@type":"ReadAction","target":["https:\/\/liked.hu\/old\/erdekes\/miert-lehet-nagaszakiban-es-hirosimaban-elni-csernobilban-viszont-nem\/"]}]},{"@type":"BreadcrumbList","@id":"https:\/\/liked.hu\/old\/erdekes\/miert-lehet-nagaszakiban-es-hirosimaban-elni-csernobilban-viszont-nem\/#breadcrumb","itemListElement":[{"@type":"ListItem","position":1,"name":"Kezd\u0151lap","item":"https:\/\/liked.hu\/old\/"},{"@type":"ListItem","position":2,"name":"Mi\u00e9rt lehet Nagaszakiban \u00e9s Hirosim\u00e1ban \u00e9lni, Csernobilban viszont nem?"}]},{"@type":"WebSite","@id":"https:\/\/liked.hu\/old\/#website","url":"https:\/\/liked.hu\/old\/","name":"Liked.hu","description":"","publisher":{"@id":"https:\/\/liked.hu\/old\/#organization"},"potentialAction":[{"@type":"SearchAction","target":{"@type":"EntryPoint","urlTemplate":"https:\/\/liked.hu\/old\/?s={search_term_string}"},"query-input":"required name=search_term_string"}],"inLanguage":"hu"},{"@type":"Organization","@id":"https:\/\/liked.hu\/old\/#organization","name":"Liked.hu","url":"https:\/\/liked.hu\/old\/","sameAs":["https:\/\/hu.pinterest.com\/likedhungary\/","https:\/\/www.youtube.com\/channel\/UCPv91dbMoIukYcM9b9nHN6Q","https:\/\/www.facebook.com\/liked.hu","https:\/\/twitter.com\/LikedHu"],"logo":{"@type":"ImageObject","inLanguage":"hu","@id":"https:\/\/liked.hu\/old\/#\/schema\/logo\/image\/","url":"https:\/\/liked.hu\/wp-content\/uploads\/2018\/08\/Liked-icon.png","contentUrl":"https:\/\/liked.hu\/wp-content\/uploads\/2018\/08\/Liked-icon.png","width":512,"height":512,"caption":"Liked.hu"},"image":{"@id":"https:\/\/liked.hu\/old\/#\/schema\/logo\/image\/"}},{"@type":"Person","@id":"https:\/\/liked.hu\/old\/#\/schema\/person\/1c8d3f8764991e8dcd6572a7de72da8a","name":"Klingstrom","image":{"@type":"ImageObject","inLanguage":"hu","@id":"https:\/\/liked.hu\/old\/#\/schema\/person\/image\/","url":"https:\/\/liked.hu\/old\/wp-content\/uploads\/avatars\/13\/604de88bd578a-bpfull.jpg","contentUrl":"https:\/\/liked.hu\/old\/wp-content\/uploads\/avatars\/13\/604de88bd578a-bpfull.jpg","caption":"Klingstrom"},"url":"https:\/\/liked.hu\/old\/u\/klingstrom\/"}]}},"publishpress_future_action":{"enabled":false,"date":"1970-01-01 01:00:00","action":"","terms":[],"taxonomy":"","browser_timezone_offset":0},"_links":{"self":[{"href":"https:\/\/liked.hu\/old\/wp-json\/wp\/v2\/posts\/328720"}],"collection":[{"href":"https:\/\/liked.hu\/old\/wp-json\/wp\/v2\/posts"}],"about":[{"href":"https:\/\/liked.hu\/old\/wp-json\/wp\/v2\/types\/post"}],"author":[{"embeddable":true,"href":"https:\/\/liked.hu\/old\/wp-json\/wp\/v2\/users\/13"}],"replies":[{"embeddable":true,"href":"https:\/\/liked.hu\/old\/wp-json\/wp\/v2\/comments?post=328720"}],"version-history":[{"count":0,"href":"https:\/\/liked.hu\/old\/wp-json\/wp\/v2\/posts\/328720\/revisions"}],"wp:featuredmedia":[{"embeddable":true,"href":"https:\/\/liked.hu\/old\/wp-json\/wp\/v2\/media\/328721"}],"wp:attachment":[{"href":"https:\/\/liked.hu\/old\/wp-json\/wp\/v2\/media?parent=328720"}],"wp:term":[{"taxonomy":"category","embeddable":true,"href":"https:\/\/liked.hu\/old\/wp-json\/wp\/v2\/categories?post=328720"},{"taxonomy":"post_tag","embeddable":true,"href":"https:\/\/liked.hu\/old\/wp-json\/wp\/v2\/tags?post=328720"}],"curies":[{"name":"wp","href":"https:\/\/api.w.org\/{rel}","templated":true}]}}