{"id":328484,"date":"2024-03-24T20:25:17","date_gmt":"2024-03-24T19:25:17","guid":{"rendered":"https:\/\/liked.hu\/old\/?p=328484"},"modified":"2024-03-24T20:25:20","modified_gmt":"2024-03-24T19:25:20","slug":"11-hihetetlen-tortenelmi-teny-amik-kitalacionak-tunnek","status":"publish","type":"post","link":"https:\/\/liked.hu\/old\/erdekes\/11-hihetetlen-tortenelmi-teny-amik-kitalacionak-tunnek\/","title":{"rendered":"11 hihetetlen t\u00f6rt\u00e9nelmi t\u00e9ny, amik kital\u00e1ci\u00f3nak t\u0171nnek"},"content":{"rendered":"\n<p>N\u00e9ha a kommentel\u0151k azt \u00edrj\u00e1k nekem: &#8222;Ezek a t\u00f6rt\u00e9netek olyanok, mint a filmekben!&#8221;. Val\u00f3j\u00e1ban a t\u00f6rt\u00e9nelemben annyi hihetetlen dolog t\u00f6rt\u00e9nt, hogy nincs is sz\u00fcks\u00e9g kital\u00e1lt hollywoodi t\u00f6rt\u00e9netekre ahhoz, hogy meglep\u0151dj\u00fcnk.<\/p>\n\n\n\n\n<div style=\"float:none;margin:0px 0 0px 0;text-align:center;\">\n<div class=\"mobileShowkakettes\"><div class=\"mobileShowka2\"><div style=\"padding-top:0px;padding-bottom:15px;min-height: 300px;\"><div class=\"hirdetes\">HIRDET\u00c9S<\/div>\n<!-- 300lista -->\n<ins class=\"adsbygoogle\"\n     style=\"display:inline-block;width:300px;height:250px\"\n     data-ad-client=\"ca-pub-9424088931673893\"\n     data-ad-slot=\"8471340766\"><\/ins>\n<script async>\n     (adsbygoogle = window.adsbygoogle || []).push({});\n<\/script><\/div><\/div><\/div><\/div>\n\n\n\n\n<p>\u00cdme, egy v\u00e1logat\u00e1s olyan t\u00e9nyekb\u0151l, amelyek meglepnek \u00e9s megnevettetnek majd.<\/p>\n\n\n\n<h4>1. Sz\u00e1zadokkal ezel\u0151tt vizelettel festett\u00e9k a hajat!<\/h4>\n\n\n\n<figure class=\"wp-block-image size-full\"><img loading=\"lazy\" width=\"735\" height=\"861\" src=\"https:\/\/liked.hu\/old\/wp-content\/uploads\/2024\/03\/Tortenelmi-tenyek-005.webp\" alt=\"T\u00f6rt\u00e9nelmi t\u00e9nyek 005\" class=\"wp-image-328489\"\/><\/figure>\n\n\n\n<p>Manaps\u00e1g neh\u00e9z elk\u00e9pzelni, de a 15-16. sz\u00e1zadban ezt a szokatlan m\u00f3dszert alkalmazt\u00e1k a haj sz\u0151k\u00edt\u00e9s\u00e9re. Ebben az id\u0151szakban \u0151r\u00fclt divat volt a sz\u0151kes\u00e9g: a fest\u0151k arany- vagy sz\u0151ke haj\u00fa Madonn\u00e1kat festettek, a k\u00f6lt\u0151k pedig aranysz\u0151ke sz\u00e9ps\u00e9geket dics\u0151\u00edtettek. Akiknek nem volt ilyen hajsz\u00edn\u00fck, kital\u00e1ltak egy tr\u00fckk\u00f6t a hajuk sz\u0151k\u00edt\u00e9s\u00e9re. K\u00fcl\u00f6nleges, kiv\u00e1gott tetej\u0171 kalapot viseltek, hogy a hajuk kifakuljon a napon. N\u00e9ha citroml\u00e9vel, n\u00e9ha vizelettel nedves\u00edtett\u00e9k a tincseket. Ennek eredm\u00e9nyek\u00e9nt a haj \u00e9szrevehet\u0151en vil\u00e1gosabb lett! Term\u00e9szetesen ez nem mindenkinek volt j\u00f3. A sz\u0151ke haj\u00fa n\u0151k nem tudtak drasztikusan &#8222;vil\u00e1gosodni&#8221;. A leggazdagabbak egyszer\u0171en sz\u0151ke par\u00f3k\u00e1t v\u00e1s\u00e1roltak.<\/p>\n\n\n\n<h4>2. A braunschweig-l\u00fcneburgi herceg 1525-ben \u00e1l-temet\u00e9st rendezett.<\/h4>\n\n\n\n<p>Eva von Trottot halottnak nyilv\u00e1n\u00edtott\u00e1k, hogy a herceg feles\u00e9ge ne tegye zaklassa a l\u00e1nyt! A herceg ugyanis beleszeretett Ev\u00e1ba, a feles\u00e9ge pedig megesk\u00fcd\u00f6tt, hogy a m\u00e1svil\u00e1gra k\u00fcldi a sz\u00e9ps\u00e9get. Mindenki tudta, hogy ez megt\u00f6rt\u00e9nhet, mivel a hercegn\u0151 kegyetlen term\u00e9szet\u0171 volt. Ez\u00e9rt a herceg egy napon szomor\u00faan bejelentette, hogy Eva von Trottot meghalt. Egy bab\u00e1t \u00f6lt\u00f6ztettek a l\u00e1ny ruh\u00e1j\u00e1ba, \u00e9s aranyat fizettek a papnak a hallgat\u00e1s\u00e1\u00e9rt. Val\u00f3j\u00e1ban Ev\u00e1t elrejtett\u00e9k, \u00e9s a herceg titokban l\u00e1togatta \u0151t n\u00e9h\u00e1ny \u00e9vig, am\u00edg a feles\u00e9ge meg nem halt.<\/p>\n\n\n\n\n<div style=\"float:none;margin:0px 0 0px 0;text-align:center;\">\n<div class=\"mobileHideke5\"><div style=\"margin-top:25px;\"><div class=\"hirdeteshatter\"><div style=\"display: inline-block;width: 50%;min-width:305px;vertical-align: top;\"><div class=\"hirdetes\">HIRDET\u00c9S<\/div>\n<!-- LikedQ51 -->\n<ins class=\"adsbygoogle\"\n     style=\"display:inline-block;width:300px;height:250px\"\n     data-ad-client=\"ca-pub-9424088931673893\"\n     data-ad-slot=\"8284063326\"><\/ins>\n<script async>\n     (adsbygoogle = window.adsbygoogle || []).push({});\n<\/script><\/div><div style=\"display: inline-block;width: 50%;min-width:305px;vertical-align: top;\"><div class=\"hirdetes\">HIRDET\u00c9S<\/div>\n<!-- LikedQ52 -->\n<ins class=\"adsbygoogle\"\n     style=\"display:inline-block;width:300px;height:250px\"\n     data-ad-client=\"ca-pub-9424088931673893\"\n     data-ad-slot=\"2840164950\"><\/ins>\n<script async>\n     (adsbygoogle = window.adsbygoogle || []).push({});\n<\/script><\/div><\/div><\/div><\/div>\n<div style=\"display:flex;flex-direction:column;\"><div class=\"mobileShowka5\"><div style=\"padding-top:10px;padding-bottom:10px;min-height: 300px;\"><div class=\"hirdetes\">HIRDET\u00c9S<\/div>\n<!-- LikedQ5M -->\n<ins class=\"adsbygoogle\"\n     style=\"display:inline-block;width:300px;height:250px\"\n     data-ad-client=\"ca-pub-9424088931673893\"\n     data-ad-slot=\"9022429928\"><\/ins>\n<script async>\n     (adsbygoogle = window.adsbygoogle || []).push({});\n<\/script><\/div><\/div><\/div><\/div>\n\n\n\n\n<h4>3. Emma Eliza Donnithorne 35 \u00e9vet t\u00f6lt\u00f6tt bez\u00e1rva az esk\u00fcv\u0151i ruh\u00e1j\u00e1ban.<\/h4>\n\n\n\n<figure class=\"wp-block-image size-full\"><img loading=\"lazy\" width=\"1000\" height=\"858\" src=\"https:\/\/liked.hu\/old\/wp-content\/uploads\/2024\/03\/Tortenelmi-tenyek-006.webp\" alt=\"T\u00f6rt\u00e9nelmi t\u00e9nyek 006\" class=\"wp-image-328490\" srcset=\"https:\/\/liked.hu\/old\/wp-content\/uploads\/2024\/03\/Tortenelmi-tenyek-006.webp 1000w, https:\/\/liked.hu\/old\/wp-content\/uploads\/2024\/03\/Tortenelmi-tenyek-006-768x659.webp 768w\" sizes=\"(max-width: 1000px) 100vw, 1000px\" \/><\/figure>\n\n\n\n<p>Ezt a j\u00f3m\u00f3d\u00fa csal\u00e1db\u00f3l sz\u00e1rmaz\u00f3 l\u00e1nyt ismeretlen okokb\u00f3l fak\u00e9pn\u00e9l hagyta a v\u0151leg\u00e9nye. Nem jelent meg az olt\u00e1rn\u00e1l! 1821-ben sz\u00fcletett Ausztr\u00e1li\u00e1ban, \u00e9s huszonn\u00e9gy \u00e9vesen feles\u00e9g\u00fcl ment volna egy olyan emberhez, akit az apja nem helyeselt. A megbesz\u00e9lt id\u0151pontban a fiatalember egyszer\u0171en elt\u0171nt! K\u00fcl\u00f6nb\u00f6z\u0151 pletyk\u00e1k keringtek: hogy Eliza apja p\u00e9nzt adott neki \u00e9s haj\u00f3jegyet v\u00e1s\u00e1rolt, hogy elhagyja a kontinenst. Hogy a v\u0151leg\u00e9nyt tal\u00e1n meg\u00f6lt\u00e9k. Ak\u00e1rhogy is volt, Eliza sokkot kapott. Bez\u00e1rk\u00f3zott a h\u00e1z\u00e1ba, \u00e9s nem volt hajland\u00f3 levenni az esk\u00fcv\u0151i ruh\u00e1j\u00e1t. Ebben t\u00f6lt\u00f6tte az elk\u00f6vetkez\u0151 h\u00e1rom \u00e9s f\u00e9l \u00e9vtizedet. Van okunk azt hinni, hogy Charles Dickens Eliza t\u00f6rt\u00e9net\u00e9t haszn\u00e1lta fel a &#8222;Nagy v\u00e1rakoz\u00e1sok&#8221; c\u00edm\u0171 reg\u00e9ny\u00e9ben.<\/p>\n\n\n\n<h4>4. II. K\u00e1roly spanyol kir\u00e1ly 28 \u00f6r\u00f6kletes betegs\u00e9ggel k\u00fczd\u00f6tt.<\/h4>\n\n\n\n<p>Neh\u00e9zs\u00e9gei voltak a besz\u00e9ddel, a j\u00e1r\u00e1ssal, nem tudott gyermeket nemzeni, em\u00e9szt\u00e9si probl\u00e9m\u00e1kkal k\u00fczd\u00f6tt, \u00e9s epilepszi\u00e1s rohamok gy\u00f6t\u00f6rt\u00e9k. A szerencs\u00e9tlen uralkod\u00f3 a t\u00f6bb \u00e9vsz\u00e1zados belterjes h\u00e1zass\u00e1gok k\u00f6vetkezm\u00e9nyeivel szembes\u00fclt. A Habsburg-csal\u00e1d, ahonnan sz\u00e1rmazott, h\u00e1romsz\u00e1z \u00e9ven \u00e1t alig &#8222;keveredett&#8221; m\u00e1s dinaszti\u00e1kkal. P\u00e9ld\u00e1ul II. K\u00e1roly apja az anyja nagyb\u00e1tyja volt. Anyja pedig unokatestv\u00e9r\u00e9nek \u00e9s unokan\u0151v\u00e9r\u00e9nek h\u00e1zass\u00e1g\u00e1b\u00f3l sz\u00fcletett. II. F\u00fcl\u00f6p spanyol kir\u00e1ly els\u0151 feles\u00e9ge k\u00e9tszeres unokatestv\u00e9re volt, utols\u00f3 feles\u00e9ge pedig a saj\u00e1t unokah\u00faga, aki egyben k\u00e9tszeres unokatestv\u00e9re is volt.<\/p>\n\n\n\n<p>M\u00e1r a puszta l\u00e1tv\u00e1nya is megijesztette az embereket. A francia hercegn\u0151, amikor megtudta, hogy feles\u00e9g\u00fcl kell mennie ehhez az emberhez, zokogott \u00e9s k\u00f6ny\u00f6rg\u00f6tt, hogy k\u00fcldj\u00e9k ink\u00e1bb kolostorba. Csak ne Madridba! De k\u00e9nytelen volt elutazni: a kir\u00e1lys\u00e1g \u00e9rdekei mindenn\u00e9l el\u0151bbre val\u00f3k&#8230; K\u00e1roly nem hagyott h\u00e1tra \u00f6r\u00f6k\u00f6s\u00f6ket, \u00edgy v\u00e9g\u00fcl a francia kir\u00e1ly unok\u00e1ja \u00fclt a spanyol tr\u00f3nra.<\/p>\n\n\n\n<h4>5. Fjodor Vasziljev orosz paraszt a t\u00f6rt\u00e9nelem egyik legterm\u00e9kenyebb apja volt.<\/h4>\n\n\n\n<figure class=\"wp-block-image size-full\"><img loading=\"lazy\" width=\"1116\" height=\"800\" src=\"https:\/\/liked.hu\/old\/wp-content\/uploads\/2024\/03\/Tortenelmi-tenyek-004.webp\" alt=\"T\u00f6rt\u00e9nelmi t\u00e9nyek 004\" class=\"wp-image-328488\" srcset=\"https:\/\/liked.hu\/old\/wp-content\/uploads\/2024\/03\/Tortenelmi-tenyek-004.webp 1116w, https:\/\/liked.hu\/old\/wp-content\/uploads\/2024\/03\/Tortenelmi-tenyek-004-768x551.webp 768w\" sizes=\"(max-width: 1116px) 100vw, 1116px\" \/><\/figure>\n\n\n\n<p>K\u00e9t feles\u00e9g\u00e9t\u0151l 89 (m\u00e1s forr\u00e1sok szerint 87) gyermeke sz\u00fcletett! Felt\u00e9telez\u00e9sek szerint az els\u0151 feles\u00e9ge 67 ut\u00f3ddal aj\u00e1nd\u00e9kozta meg, a csal\u00e1dban pedig gyakran sz\u00fclettek ikrek \u00e9s h\u00e1rmasikrek. Ez az eredm\u00e9ny beker\u00fclt a Guinness Rekordok K\u00f6nyv\u00e9be. A paraszt egy\u00e9bk\u00e9nt hossz\u00fa \u00e9letet \u00e9lt, \u00e9s 75 \u00e9vesen bemutatt\u00e1k II. Katalin c\u00e1rn\u0151nek. Mivel az angol k\u00f6vet is jelen volt az esem\u00e9nyen, besz\u00e1molt a rendk\u00edv\u00fcli orosz emberr\u0151l Londonban. K\u00e9s\u0151bb a The Gentleman&#8217;s Magazine c\u00edm\u0171 angol foly\u00f3iratban is megjelent egy cikk Vasziljevr\u0151l.<\/p>\n\n\n\n\n<div style=\"float:none;margin:0px 0 0px 0;text-align:center;\">\n<div class=\"mobileHideke8\"><div style=\"margin-top:25px;\"><div class=\"hirdeteshatter\"><div style=\"display: inline-block;width: 50%;min-width:340px;vertical-align: top;\"><div class=\"hirdetes\">HIRDET\u00c9S<\/div>\n<!-- Liked7Q1 -->\n<ins class=\"adsbygoogle\"\n     style=\"display:inline-block;width:336px;height:280px\"\n     data-ad-client=\"ca-pub-9424088931673893\"\n     data-ad-slot=\"3022062587\"><\/ins>\n<script async>\n     (adsbygoogle = window.adsbygoogle || []).push({});\n<\/script><\/div><div style=\"display: inline-block;width: 50%;min-width:340px;vertical-align: top;\"><div class=\"hirdetes\">HIRDET\u00c9S<\/div>\n<!-- Liked7Q2 -->\n<ins class=\"adsbygoogle\"\n     style=\"display:inline-block;width:336px;height:280px\"\n     data-ad-client=\"ca-pub-9424088931673893\"\n     data-ad-slot=\"3952000871\"><\/ins>\n<script async>\n     (adsbygoogle = window.adsbygoogle || []).push({});\n<\/script><\/div><\/div><\/div><\/div>\n<div style=\"display:flex;flex-direction:column;\"><div class=\"mobileShowka8\"><div style=\"padding-top:15px;margin-bottom:15px;min-height: 300px;\"><div class=\"hirdetes\">HIRDET\u00c9S<\/div>\n<!-- Liked7QMobil -->\n<ins class=\"adsbygoogle\"\n     style=\"display:inline-block;width:336px;height:280px\"\n     data-ad-client=\"ca-pub-9424088931673893\"\n     data-ad-slot=\"5073510857\"><\/ins>\n<script async>\n     (adsbygoogle = window.adsbygoogle || []).push({});\n<\/script><\/div><\/div><\/div><\/div>\n\n\n\n\n<h4>6. Marie Lenormand, a 18. sz\u00e1zad v\u00e9gi Franciaorsz\u00e1g legn\u00e9pszer\u0171bb j\u00f3sn\u0151je egyszer egy akkor m\u00e9g ismeretlen h\u00f6lgynek, Jos\u00e9phine de Beauharnais-nak j\u00f3solt: &#8222;T\u00f6bbre viszed, mint egy kir\u00e1lyn\u0151.&#8221;<\/h4>\n\n\n\n<p>A fiatal n\u0151 felnevetett ennek hallat\u00e1n. Micsoda kir\u00e1lyn\u0151 lehetne \u0151? Alig ment v\u00e9gbe a forradalom, \u00faj hatalom alakult. A nemesek rettegtek az \u00e9let\u00fck\u00e9rt. De Marie Lenormand kitartott a j\u00f6vend\u00f6l\u00e9se mellett, \u00e9s igaza lett! Jos\u00e9phine hamarosan tal\u00e1lkozott Nap\u00f3leon Bonapart\u00e9val, majd feles\u00e9g\u00fcl ment hozz\u00e1, \u00e9s amikor Nap\u00f3leont cs\u00e1sz\u00e1rr\u00e1 koron\u00e1zt\u00e1k, \u0151 lett a cs\u00e1sz\u00e1rn\u00e9! A p\u00e1rt maga a p\u00e1pa koron\u00e1zta meg. A cs\u00e1sz\u00e1ri c\u00edm, megjegyzend\u0151, magasabb rang\u00fa, mint a kir\u00e1lyi!<\/p>\n\n\n\n<h4>7. Ugyanez a Jos\u00e9phine egy\u00e9bk\u00e9nt r\u00e1ad\u00e1sul m\u00e9g a saj\u00e1t l\u00e1nya menye is lett!<\/h4>\n\n\n\n<p>Hortense de Beauharnais, akit az els\u0151 h\u00e1zass\u00e1g\u00e1ban sz\u00fclt, k\u00e9s\u0151bb Nap\u00f3leon \u00f6ccs\u00e9hez ment feles\u00e9g\u00fcl. \u00cdgy a k\u00e9t n\u0151 \u2013 Jos\u00e9phine \u00e9s Hortense \u2013 anya \u00e9s l\u00e1nya l\u00e9v\u00e9n, egym\u00e1s meny\u00e9v\u00e9 is v\u00e1ltak. Ritka eset a t\u00f6rt\u00e9nelemben.<\/p>\n\n\n\n<h4>8. \u00cdme egy rejt\u00e9lyes t\u00e9ny.<\/h4>\n\n\n\n<figure class=\"wp-block-image size-full\"><img loading=\"lazy\" width=\"1200\" height=\"800\" src=\"https:\/\/liked.hu\/old\/wp-content\/uploads\/2024\/03\/Tortenelmi-tenyek-003.webp\" alt=\"T\u00f6rt\u00e9nelmi t\u00e9nyek 003\" class=\"wp-image-328487\" srcset=\"https:\/\/liked.hu\/old\/wp-content\/uploads\/2024\/03\/Tortenelmi-tenyek-003.webp 1200w, https:\/\/liked.hu\/old\/wp-content\/uploads\/2024\/03\/Tortenelmi-tenyek-003-768x512.webp 768w\" sizes=\"(max-width: 1200px) 100vw, 1200px\" \/><\/figure>\n\n\n\n<p>1867 \u00f3ta napjainkig friss vir\u00e1gokat hoznak Karolina Walter s\u00edrj\u00e1ra. A fiatal l\u00e1ny Freiburg b\u00fcszkes\u00e9ge volt: gy\u00f6ny\u00f6r\u0171 \u00e9s okos! Sz\u00fclei meghaltak, \u00fagyhogy Karolin\u00e1r\u00f3l el\u0151sz\u00f6r a nagymam\u00e1ja, majd a f\u00e9rjezett n\u0151v\u00e9re gondoskodott. A l\u00e1ny olyan gy\u00f6ny\u00f6r\u0171 volt, hogy senki sem k\u00e9telkedett benne, hogy ragyog\u00f3 karriert fog befutni. Azonban tizenhat \u00e9vesen Karolina v\u00e1ratlanul elhunyt. A gy\u00e1szol\u00f3 n\u0151v\u00e9r hatalmas \u00f6sszeget fizetett egy szobr\u00e1sznak, hogy k\u00e9sz\u00edtse el a legszebb s\u00edreml\u00e9ket, amit csak tud. \u00cdgy sz\u00fcletett meg Karolina \u00f6r\u00f6k eml\u00e9km\u0171ve&#8230; Ha r\u00e1n\u00e9z\u00fcnk, azt hihetn\u00e9nk, hogy a l\u00e1ny csak elszund\u00edtott, mik\u00f6zben olvasott egy k\u00f6nyvet. Nem sokkal ezut\u00e1n friss vir\u00e1gok jelentek meg Karolina l\u00e1b\u00e1n\u00e1l. Azt\u00e1n \u00fajra. \u00c9s sz\u00e1z \u00e9vvel k\u00e9s\u0151bb m\u00e9g mindig! Karolina rejt\u00e9lye ma is k\u00e9rd\u00e9seket vet fel: ki hozza a vir\u00e1gokat?<\/p>\n\n\n\n<h4>9. A Romanov-h\u00e1z felemelked\u00e9se az Ipatyev kolostorban kezd\u0151d\u00f6tt, \u00e9s az utols\u00f3 uralkod\u00f3 \u00e9lete az Ipatyev-h\u00e1zban \u00e9rt v\u00e9get.<\/h4>\n\n\n\n<figure class=\"wp-block-image size-full\"><img loading=\"lazy\" width=\"1200\" height=\"789\" src=\"https:\/\/liked.hu\/old\/wp-content\/uploads\/2024\/03\/romanov.webp\" alt=\"romanov\" class=\"wp-image-328491\" srcset=\"https:\/\/liked.hu\/old\/wp-content\/uploads\/2024\/03\/romanov.webp 1200w, https:\/\/liked.hu\/old\/wp-content\/uploads\/2024\/03\/romanov-768x505.webp 768w\" sizes=\"(max-width: 1200px) 100vw, 1200px\" \/><\/figure>\n\n\n\n<p>A meglep\u0151 egybees\u00e9s elgondolkodtat\u00f3. 1612-ben a fiatal Mihail Romanov anyj\u00e1val egy\u00fctt a kolostorban telepedett le. 1613 m\u00e1rcius\u00e1ban ide, az Ipatyev kolostorba \u00e9rkeztek a k\u00f6vetek, hogy Mihailt \u00e9rtes\u00edts\u00e9k \u00faj, magas rangj\u00e1r\u00f3l. Ett\u0151l kezdve a Romanovok uralkodtak az orosz tr\u00f3non.<\/p>\n\n\n\n<p>H\u00e1rom \u00e9vsz\u00e1zaddal k\u00e9s\u0151bb, Jekatyerinburgban, az Ipatyev m\u00e9rn\u00f6k h\u00e1z\u00e1ban helyezt\u00e9k el a c\u00e1ri csal\u00e1dot: II. Mikl\u00f3st feles\u00e9g\u00e9vel, fi\u00e1val, l\u00e1nyaival \u00e9s k\u00eds\u00e9ret\u00fck n\u00e9h\u00e1ny tagj\u00e1val. Ebben a k\u00fari\u00e1ban, a Voszneszenszkij sug\u00e1r\u00fat sark\u00e1n l\u0151tt\u00e9k le \u0151ket 1918. j\u00falius 16-r\u00f3l 17-re virrad\u00f3 \u00e9jjel. A h\u00e1z nem maradt fenn napjainkig (a kolostorral ellent\u00e9tben). Lebont\u00e1s\u00e1t maga Borisz Jelcin rendelte el, aki akkoriban a Szverdlovszki Ter\u00fcleti P\u00e1rtbizotts\u00e1g els\u0151 titk\u00e1ra volt. Pedig kor\u00e1bban ezt a k\u00fari\u00e1t t\u00f6rt\u00e9nelmi eml\u00e9knek min\u0151s\u00edtett\u00e9k!<\/p>\n\n\n\n\n<div style=\"float:none;margin:0px 0 0px 0;text-align:center;\">\n<div class=\"mobileHideke8\"><div class=\"hirdeteshatter\"><div style=\"display: inline-block;width: 50%;min-width:340px;vertical-align: top;\"><div class=\"hirdetes\">HIRDET\u00c9S<\/div>\n<!-- LikedQ81 -->\n<ins class=\"adsbygoogle\"\n     style=\"display:inline-block;width:336px;height:280px\"\n     data-ad-client=\"ca-pub-9424088931673893\"\n     data-ad-slot=\"2436840276\"><\/ins>\n<script async>\n     (adsbygoogle = window.adsbygoogle || []).push({});\n<\/script><\/div><div style=\"display: inline-block;width: 50%;min-width:340px;vertical-align: top;\"><div class=\"hirdetes\">HIRDET\u00c9S<\/div>\n<!-- LikedQ82 -->\n<ins class=\"adsbygoogle\"\n     style=\"display:inline-block;width:336px;height:280px\"\n     data-ad-client=\"ca-pub-9424088931673893\"\n     data-ad-slot=\"3558350253\"><\/ins>\n<script async>\n     (adsbygoogle = window.adsbygoogle || []).push({});\n<\/script><\/div><\/div><\/div>\n<div style=\"display:flex;flex-direction:column;\"><div class=\"mobileShowka8 nyolc\"><div style=\"padding-top:15px;padding-bottom:5px;min-height: 300px;\"><div class=\"hirdetes\">HIRDET\u00c9S<\/div>\n<!-- LikedQ8M -->\n<ins class=\"adsbygoogle\"\n     style=\"display:inline-block;width:336px;height:280px\"\n     data-ad-client=\"ca-pub-9424088931673893\"\n     data-ad-slot=\"4679860235\"><\/ins>\n<script async>\n     (adsbygoogle = window.adsbygoogle || []).push({});\n<\/script><\/div><\/div><\/div><\/div>\n\n\n\n\n<h4>10. I. Sebesty\u00e9n portug\u00e1l kir\u00e1ly nyomtalanul elt\u0171nt 1574-ben.<\/h4>\n\n\n\n<figure class=\"wp-block-image size-full\"><img loading=\"lazy\" width=\"430\" height=\"555\" src=\"https:\/\/liked.hu\/old\/wp-content\/uploads\/2024\/03\/Tortenelmi-tenyek-002.webp\" alt=\"T\u00f6rt\u00e9nelmi t\u00e9nyek 002\" class=\"wp-image-328486\"\/><\/figure>\n\n\n\n<p>Tangerbe vezetett exped\u00edci\u00f3t, hatalmas zsoldos sereggel, de egy pillanatban a kir\u00e1ly&#8230; mintha k\u00f6dd\u00e9 v\u00e1lt volna. Hetekig kerest\u00e9k, egyesek \u00e1ll\u00edt\u00f3lag l\u00e1tt\u00e1k, amint fogs\u00e1gba ejtik. De v\u00e1lts\u00e1gd\u00edj-aj\u00e1nlat sosem \u00e9rkezett. &#8222;Lehet, hogy a kir\u00e1ly meghalt?&#8221; &#8211; mer\u00e9szelt\u00e9k felt\u00e9telezni a hadvez\u00e9rek.<\/p>\n\n\n\n<p>Sebesty\u00e9n fiatal volt, nem volt ideje megh\u00e1zasodni \u00e9s \u00f6r\u00f6k\u00f6st h\u00e1trahagyni. S\u0151t! Vele kihalt az uralkod\u00f3 Aviz-h\u00e1z. \u00cdgy a kir\u00e1ly hal\u00e1la rendk\u00edv\u00fcl kellemetlen volt Portug\u00e1lia sz\u00e1m\u00e1ra. Sebesty\u00e9n rejt\u00e9ly\u00e9t a mai napig nem tudt\u00e1k megoldani. Term\u00e9szetesen ez a rejt\u00e9lyes elt\u0171n\u00e9s sz\u00e1mos imposztort vonzott mag\u00e1val, akik Eur\u00f3pa k\u00fcl\u00f6nb\u00f6z\u0151 r\u00e9szein kiadt\u00e1k magukat a kir\u00e1lynak. Hamarosan bebizonyosodott, hogy mindannyian csal\u00f3k.<\/p>\n\n\n\n<h4>11. Ausztr\u00e1lia egyszer megnevettette a vil\u00e1got: h\u00e1bor\u00fat ind\u00edtott&#8230; az emuk ellen.<\/h4>\n\n\n\n<figure class=\"wp-block-image size-full\"><img loading=\"lazy\" width=\"925\" height=\"500\" src=\"https:\/\/liked.hu\/old\/wp-content\/uploads\/2024\/03\/Tortenelmi-tenyek-001.webp\" alt=\"T\u00f6rt\u00e9nelmi t\u00e9nyek 001\" class=\"wp-image-328485\" srcset=\"https:\/\/liked.hu\/old\/wp-content\/uploads\/2024\/03\/Tortenelmi-tenyek-001.webp 925w, https:\/\/liked.hu\/old\/wp-content\/uploads\/2024\/03\/Tortenelmi-tenyek-001-768x415.webp 768w\" sizes=\"(max-width: 925px) 100vw, 925px\" \/><\/figure>\n\n\n\n<p>1929-ben a kontinens korm\u00e1nya \u00fagy d\u00f6nt\u00f6tt, hogy n\u00f6veli a b\u00faza vet\u00e9ster\u00fclet\u00e9t. Ehhez \u00faj f\u00f6ldekre volt sz\u00fcks\u00e9g! A ter\u00fcletet kiirtva a farmerek egy nagy probl\u00e9m\u00e1val szembes\u00fcltek: az emuk nagy \u00e9lvezettel fogyasztott\u00e1k a friss hajt\u00e1sokat, vagy egyszer\u0171en letapost\u00e1k \u0151ket. Hiszen \u00e9vsz\u00e1zadok \u00f3ta ezek a ter\u00fcletek voltak az otthonuk! Ez\u00e9rt 1932-ben igazi hadj\u00e1ratot ind\u00edtottak a madarak ellen: az ember oldal\u00e1n volt a puszt\u00edt\u00f3 fegyverzet, az emuk oldal\u00e1n a gyors fut\u00e1s k\u00e9pess\u00e9ge. A t\u00f6lt\u00e9nyek &#8222;elrep\u00fcltek&#8221;, a madarak sz\u00e1ma pedig alig cs\u00f6kkent. Az emuk tov\u00e1bbra is bet\u00f6rtek a sz\u00e1nt\u00f3kra, \u00e9s a korm\u00e1ny v\u00e9g\u00fcl feladta. A beavatkoz\u00e1sok nem seg\u00edtettek. \u00cdgy az emuk magabiztosan legy\u0151zt\u00e9k az embert.<\/p>\n\n\n\n<p class=\"has-text-align-center\"><strong>Ezek a t\u00e9nyek els\u0151 pillant\u00e1sra hihetetlennek t\u0171nnek, azonban ez a sz\u00edntiszta igazs\u00e1g. A t\u00f6rt\u00e9nelem nem egyszer bebizony\u00edtotta, hogy a val\u00f3s\u00e1g izgalmasabb, mint b\u00e1rmilyen film vagy fikci\u00f3!<\/strong><\/p>\n","protected":false},"excerpt":{"rendered":"<p>Ilyet ki sem lehetne tal\u00e1lni.<\/p>\n","protected":false},"author":13,"featured_media":328493,"comment_status":"open","ping_status":"closed","sticky":false,"template":"","format":"standard","meta":{"buzzeditor_post_format":""},"categories":[23],"tags":[5823,2569,2655],"yoast_head":"<!-- This site is optimized with the Yoast SEO plugin v19.6.1 - https:\/\/yoast.com\/wordpress\/plugins\/seo\/ -->\n<title>11 hihetetlen t\u00f6rt\u00e9nelmi t\u00e9ny, amik kital\u00e1ci\u00f3nak t\u0171nnek<\/title>\n<meta name=\"description\" content=\"Ilyet ki sem lehetne tal\u00e1lni.\" \/>\n<meta name=\"robots\" content=\"index, follow, max-snippet:-1, max-image-preview:large, max-video-preview:-1\" \/>\n<link rel=\"canonical\" href=\"https:\/\/liked.hu\/old\/erdekes\/11-hihetetlen-tortenelmi-teny-amik-kitalacionak-tunnek\/\" \/>\n<meta property=\"og:locale\" content=\"hu_HU\" \/>\n<meta property=\"og:type\" content=\"article\" \/>\n<meta property=\"og:title\" content=\"11 hihetetlen t\u00f6rt\u00e9nelmi t\u00e9ny, amik kital\u00e1ci\u00f3nak t\u0171nnek\" \/>\n<meta property=\"og:description\" content=\"Ilyet ki sem lehetne tal\u00e1lni.\" \/>\n<meta property=\"og:url\" content=\"https:\/\/liked.hu\/old\/erdekes\/11-hihetetlen-tortenelmi-teny-amik-kitalacionak-tunnek\/\" \/>\n<meta property=\"og:site_name\" content=\"Liked.hu\" \/>\n<meta property=\"article:publisher\" content=\"https:\/\/www.facebook.com\/liked.hu\" \/>\n<meta property=\"article:published_time\" content=\"2024-03-24T19:25:17+00:00\" \/>\n<meta property=\"article:modified_time\" content=\"2024-03-24T19:25:20+00:00\" \/>\n<meta property=\"og:image\" content=\"https:\/\/liked.hu\/old\/wp-content\/uploads\/2024\/03\/Emuk-elleni-haboru.jpg\" \/>\n\t<meta property=\"og:image:width\" content=\"1200\" \/>\n\t<meta property=\"og:image:height\" content=\"630\" \/>\n\t<meta property=\"og:image:type\" content=\"image\/jpeg\" \/>\n<meta name=\"author\" content=\"Klingstrom\" \/>\n<meta name=\"twitter:card\" content=\"summary\" \/>\n<meta name=\"twitter:creator\" content=\"@LikedHu\" \/>\n<meta name=\"twitter:site\" content=\"@LikedHu\" \/>\n<meta name=\"twitter:label1\" content=\"Szerz\u0151:\" \/>\n\t<meta name=\"twitter:data1\" content=\"Klingstrom\" \/>\n\t<meta name=\"twitter:label2\" content=\"Becs\u00fclt olvas\u00e1si id\u0151\" \/>\n\t<meta name=\"twitter:data2\" content=\"9 perc\" \/>\n<script type=\"application\/ld+json\" class=\"yoast-schema-graph\">{\"@context\":\"https:\/\/schema.org\",\"@graph\":[{\"@type\":\"Article\",\"@id\":\"https:\/\/liked.hu\/old\/erdekes\/11-hihetetlen-tortenelmi-teny-amik-kitalacionak-tunnek\/#article\",\"isPartOf\":{\"@id\":\"https:\/\/liked.hu\/old\/erdekes\/11-hihetetlen-tortenelmi-teny-amik-kitalacionak-tunnek\/\"},\"author\":{\"name\":\"Klingstrom\",\"@id\":\"https:\/\/liked.hu\/old\/#\/schema\/person\/1c8d3f8764991e8dcd6572a7de72da8a\"},\"headline\":\"11 hihetetlen t\u00f6rt\u00e9nelmi t\u00e9ny, amik kital\u00e1ci\u00f3nak t\u0171nnek\",\"datePublished\":\"2024-03-24T19:25:17+00:00\",\"dateModified\":\"2024-03-24T19:25:20+00:00\",\"mainEntityOfPage\":{\"@id\":\"https:\/\/liked.hu\/old\/erdekes\/11-hihetetlen-tortenelmi-teny-amik-kitalacionak-tunnek\/\"},\"wordCount\":1802,\"commentCount\":0,\"publisher\":{\"@id\":\"https:\/\/liked.hu\/old\/#organization\"},\"keywords\":[\"Ma tudtam meg!\",\"t\u00e9nyek\",\"t\u00f6rt\u00e9nelem\"],\"articleSection\":[\"\u00c9rdekess\u00e9gek\"],\"inLanguage\":\"hu\",\"potentialAction\":[{\"@type\":\"CommentAction\",\"name\":\"Comment\",\"target\":[\"https:\/\/liked.hu\/old\/erdekes\/11-hihetetlen-tortenelmi-teny-amik-kitalacionak-tunnek\/#respond\"]}]},{\"@type\":\"WebPage\",\"@id\":\"https:\/\/liked.hu\/old\/erdekes\/11-hihetetlen-tortenelmi-teny-amik-kitalacionak-tunnek\/\",\"url\":\"https:\/\/liked.hu\/old\/erdekes\/11-hihetetlen-tortenelmi-teny-amik-kitalacionak-tunnek\/\",\"name\":\"11 hihetetlen t\u00f6rt\u00e9nelmi t\u00e9ny, amik kital\u00e1ci\u00f3nak t\u0171nnek\",\"isPartOf\":{\"@id\":\"https:\/\/liked.hu\/old\/#website\"},\"datePublished\":\"2024-03-24T19:25:17+00:00\",\"dateModified\":\"2024-03-24T19:25:20+00:00\",\"description\":\"Ilyet ki sem lehetne tal\u00e1lni.\",\"breadcrumb\":{\"@id\":\"https:\/\/liked.hu\/old\/erdekes\/11-hihetetlen-tortenelmi-teny-amik-kitalacionak-tunnek\/#breadcrumb\"},\"inLanguage\":\"hu\",\"potentialAction\":[{\"@type\":\"ReadAction\",\"target\":[\"https:\/\/liked.hu\/old\/erdekes\/11-hihetetlen-tortenelmi-teny-amik-kitalacionak-tunnek\/\"]}]},{\"@type\":\"BreadcrumbList\",\"@id\":\"https:\/\/liked.hu\/old\/erdekes\/11-hihetetlen-tortenelmi-teny-amik-kitalacionak-tunnek\/#breadcrumb\",\"itemListElement\":[{\"@type\":\"ListItem\",\"position\":1,\"name\":\"Kezd\u0151lap\",\"item\":\"https:\/\/liked.hu\/old\/\"},{\"@type\":\"ListItem\",\"position\":2,\"name\":\"11 hihetetlen t\u00f6rt\u00e9nelmi t\u00e9ny, amik kital\u00e1ci\u00f3nak t\u0171nnek\"}]},{\"@type\":\"WebSite\",\"@id\":\"https:\/\/liked.hu\/old\/#website\",\"url\":\"https:\/\/liked.hu\/old\/\",\"name\":\"Liked.hu\",\"description\":\"\",\"publisher\":{\"@id\":\"https:\/\/liked.hu\/old\/#organization\"},\"potentialAction\":[{\"@type\":\"SearchAction\",\"target\":{\"@type\":\"EntryPoint\",\"urlTemplate\":\"https:\/\/liked.hu\/old\/?s={search_term_string}\"},\"query-input\":\"required name=search_term_string\"}],\"inLanguage\":\"hu\"},{\"@type\":\"Organization\",\"@id\":\"https:\/\/liked.hu\/old\/#organization\",\"name\":\"Liked.hu\",\"url\":\"https:\/\/liked.hu\/old\/\",\"sameAs\":[\"https:\/\/hu.pinterest.com\/likedhungary\/\",\"https:\/\/www.youtube.com\/channel\/UCPv91dbMoIukYcM9b9nHN6Q\",\"https:\/\/www.facebook.com\/liked.hu\",\"https:\/\/twitter.com\/LikedHu\"],\"logo\":{\"@type\":\"ImageObject\",\"inLanguage\":\"hu\",\"@id\":\"https:\/\/liked.hu\/old\/#\/schema\/logo\/image\/\",\"url\":\"https:\/\/liked.hu\/wp-content\/uploads\/2018\/08\/Liked-icon.png\",\"contentUrl\":\"https:\/\/liked.hu\/wp-content\/uploads\/2018\/08\/Liked-icon.png\",\"width\":512,\"height\":512,\"caption\":\"Liked.hu\"},\"image\":{\"@id\":\"https:\/\/liked.hu\/old\/#\/schema\/logo\/image\/\"}},{\"@type\":\"Person\",\"@id\":\"https:\/\/liked.hu\/old\/#\/schema\/person\/1c8d3f8764991e8dcd6572a7de72da8a\",\"name\":\"Klingstrom\",\"image\":{\"@type\":\"ImageObject\",\"inLanguage\":\"hu\",\"@id\":\"https:\/\/liked.hu\/old\/#\/schema\/person\/image\/\",\"url\":\"https:\/\/liked.hu\/old\/wp-content\/uploads\/avatars\/13\/604de88bd578a-bpfull.jpg\",\"contentUrl\":\"https:\/\/liked.hu\/old\/wp-content\/uploads\/avatars\/13\/604de88bd578a-bpfull.jpg\",\"caption\":\"Klingstrom\"},\"url\":\"https:\/\/liked.hu\/old\/u\/klingstrom\/\"}]}<\/script>\n<!-- \/ Yoast SEO plugin. -->","yoast_head_json":{"title":"11 hihetetlen t\u00f6rt\u00e9nelmi t\u00e9ny, amik kital\u00e1ci\u00f3nak t\u0171nnek","description":"Ilyet ki sem lehetne tal\u00e1lni.","robots":{"index":"index","follow":"follow","max-snippet":"max-snippet:-1","max-image-preview":"max-image-preview:large","max-video-preview":"max-video-preview:-1"},"canonical":"https:\/\/liked.hu\/old\/erdekes\/11-hihetetlen-tortenelmi-teny-amik-kitalacionak-tunnek\/","og_locale":"hu_HU","og_type":"article","og_title":"11 hihetetlen t\u00f6rt\u00e9nelmi t\u00e9ny, amik kital\u00e1ci\u00f3nak t\u0171nnek","og_description":"Ilyet ki sem lehetne tal\u00e1lni.","og_url":"https:\/\/liked.hu\/old\/erdekes\/11-hihetetlen-tortenelmi-teny-amik-kitalacionak-tunnek\/","og_site_name":"Liked.hu","article_publisher":"https:\/\/www.facebook.com\/liked.hu","article_published_time":"2024-03-24T19:25:17+00:00","article_modified_time":"2024-03-24T19:25:20+00:00","og_image":[{"width":1200,"height":630,"url":"https:\/\/liked.hu\/old\/wp-content\/uploads\/2024\/03\/Emuk-elleni-haboru.jpg","type":"image\/jpeg"}],"author":"Klingstrom","twitter_card":"summary","twitter_creator":"@LikedHu","twitter_site":"@LikedHu","twitter_misc":{"Szerz\u0151:":"Klingstrom","Becs\u00fclt olvas\u00e1si id\u0151":"9 perc"},"schema":{"@context":"https:\/\/schema.org","@graph":[{"@type":"Article","@id":"https:\/\/liked.hu\/old\/erdekes\/11-hihetetlen-tortenelmi-teny-amik-kitalacionak-tunnek\/#article","isPartOf":{"@id":"https:\/\/liked.hu\/old\/erdekes\/11-hihetetlen-tortenelmi-teny-amik-kitalacionak-tunnek\/"},"author":{"name":"Klingstrom","@id":"https:\/\/liked.hu\/old\/#\/schema\/person\/1c8d3f8764991e8dcd6572a7de72da8a"},"headline":"11 hihetetlen t\u00f6rt\u00e9nelmi t\u00e9ny, amik kital\u00e1ci\u00f3nak t\u0171nnek","datePublished":"2024-03-24T19:25:17+00:00","dateModified":"2024-03-24T19:25:20+00:00","mainEntityOfPage":{"@id":"https:\/\/liked.hu\/old\/erdekes\/11-hihetetlen-tortenelmi-teny-amik-kitalacionak-tunnek\/"},"wordCount":1802,"commentCount":0,"publisher":{"@id":"https:\/\/liked.hu\/old\/#organization"},"keywords":["Ma tudtam meg!","t\u00e9nyek","t\u00f6rt\u00e9nelem"],"articleSection":["\u00c9rdekess\u00e9gek"],"inLanguage":"hu","potentialAction":[{"@type":"CommentAction","name":"Comment","target":["https:\/\/liked.hu\/old\/erdekes\/11-hihetetlen-tortenelmi-teny-amik-kitalacionak-tunnek\/#respond"]}]},{"@type":"WebPage","@id":"https:\/\/liked.hu\/old\/erdekes\/11-hihetetlen-tortenelmi-teny-amik-kitalacionak-tunnek\/","url":"https:\/\/liked.hu\/old\/erdekes\/11-hihetetlen-tortenelmi-teny-amik-kitalacionak-tunnek\/","name":"11 hihetetlen t\u00f6rt\u00e9nelmi t\u00e9ny, amik kital\u00e1ci\u00f3nak t\u0171nnek","isPartOf":{"@id":"https:\/\/liked.hu\/old\/#website"},"datePublished":"2024-03-24T19:25:17+00:00","dateModified":"2024-03-24T19:25:20+00:00","description":"Ilyet ki sem lehetne tal\u00e1lni.","breadcrumb":{"@id":"https:\/\/liked.hu\/old\/erdekes\/11-hihetetlen-tortenelmi-teny-amik-kitalacionak-tunnek\/#breadcrumb"},"inLanguage":"hu","potentialAction":[{"@type":"ReadAction","target":["https:\/\/liked.hu\/old\/erdekes\/11-hihetetlen-tortenelmi-teny-amik-kitalacionak-tunnek\/"]}]},{"@type":"BreadcrumbList","@id":"https:\/\/liked.hu\/old\/erdekes\/11-hihetetlen-tortenelmi-teny-amik-kitalacionak-tunnek\/#breadcrumb","itemListElement":[{"@type":"ListItem","position":1,"name":"Kezd\u0151lap","item":"https:\/\/liked.hu\/old\/"},{"@type":"ListItem","position":2,"name":"11 hihetetlen t\u00f6rt\u00e9nelmi t\u00e9ny, amik kital\u00e1ci\u00f3nak t\u0171nnek"}]},{"@type":"WebSite","@id":"https:\/\/liked.hu\/old\/#website","url":"https:\/\/liked.hu\/old\/","name":"Liked.hu","description":"","publisher":{"@id":"https:\/\/liked.hu\/old\/#organization"},"potentialAction":[{"@type":"SearchAction","target":{"@type":"EntryPoint","urlTemplate":"https:\/\/liked.hu\/old\/?s={search_term_string}"},"query-input":"required name=search_term_string"}],"inLanguage":"hu"},{"@type":"Organization","@id":"https:\/\/liked.hu\/old\/#organization","name":"Liked.hu","url":"https:\/\/liked.hu\/old\/","sameAs":["https:\/\/hu.pinterest.com\/likedhungary\/","https:\/\/www.youtube.com\/channel\/UCPv91dbMoIukYcM9b9nHN6Q","https:\/\/www.facebook.com\/liked.hu","https:\/\/twitter.com\/LikedHu"],"logo":{"@type":"ImageObject","inLanguage":"hu","@id":"https:\/\/liked.hu\/old\/#\/schema\/logo\/image\/","url":"https:\/\/liked.hu\/wp-content\/uploads\/2018\/08\/Liked-icon.png","contentUrl":"https:\/\/liked.hu\/wp-content\/uploads\/2018\/08\/Liked-icon.png","width":512,"height":512,"caption":"Liked.hu"},"image":{"@id":"https:\/\/liked.hu\/old\/#\/schema\/logo\/image\/"}},{"@type":"Person","@id":"https:\/\/liked.hu\/old\/#\/schema\/person\/1c8d3f8764991e8dcd6572a7de72da8a","name":"Klingstrom","image":{"@type":"ImageObject","inLanguage":"hu","@id":"https:\/\/liked.hu\/old\/#\/schema\/person\/image\/","url":"https:\/\/liked.hu\/old\/wp-content\/uploads\/avatars\/13\/604de88bd578a-bpfull.jpg","contentUrl":"https:\/\/liked.hu\/old\/wp-content\/uploads\/avatars\/13\/604de88bd578a-bpfull.jpg","caption":"Klingstrom"},"url":"https:\/\/liked.hu\/old\/u\/klingstrom\/"}]}},"publishpress_future_action":{"enabled":false,"date":"1970-01-01 01:00:00","action":"","terms":[],"taxonomy":"","browser_timezone_offset":0},"_links":{"self":[{"href":"https:\/\/liked.hu\/old\/wp-json\/wp\/v2\/posts\/328484"}],"collection":[{"href":"https:\/\/liked.hu\/old\/wp-json\/wp\/v2\/posts"}],"about":[{"href":"https:\/\/liked.hu\/old\/wp-json\/wp\/v2\/types\/post"}],"author":[{"embeddable":true,"href":"https:\/\/liked.hu\/old\/wp-json\/wp\/v2\/users\/13"}],"replies":[{"embeddable":true,"href":"https:\/\/liked.hu\/old\/wp-json\/wp\/v2\/comments?post=328484"}],"version-history":[{"count":0,"href":"https:\/\/liked.hu\/old\/wp-json\/wp\/v2\/posts\/328484\/revisions"}],"wp:featuredmedia":[{"embeddable":true,"href":"https:\/\/liked.hu\/old\/wp-json\/wp\/v2\/media\/328493"}],"wp:attachment":[{"href":"https:\/\/liked.hu\/old\/wp-json\/wp\/v2\/media?parent=328484"}],"wp:term":[{"taxonomy":"category","embeddable":true,"href":"https:\/\/liked.hu\/old\/wp-json\/wp\/v2\/categories?post=328484"},{"taxonomy":"post_tag","embeddable":true,"href":"https:\/\/liked.hu\/old\/wp-json\/wp\/v2\/tags?post=328484"}],"curies":[{"name":"wp","href":"https:\/\/api.w.org\/{rel}","templated":true}]}}