{"id":328404,"date":"2024-03-24T15:24:05","date_gmt":"2024-03-24T14:24:05","guid":{"rendered":"https:\/\/liked.hu\/old\/?p=328404"},"modified":"2024-03-24T15:24:29","modified_gmt":"2024-03-24T14:24:29","slug":"regeszeti-leletek-amiket-a-tudosok-nem-tudtak-megmagyarazni","status":"publish","type":"post","link":"https:\/\/liked.hu\/old\/erdekes\/regeszeti-leletek-amiket-a-tudosok-nem-tudtak-megmagyarazni\/","title":{"rendered":"R\u00e9g\u00e9szeti leletek, amiket a tud\u00f3sok nem tudtak megmagyar\u00e1zni"},"content":{"rendered":"\n<p>A tudom\u00e1ny hihetetlen dolgokra k\u00e9pes, de m\u00e9g mindig akadnak olyan rejt\u00e9lyek, amikre nem tal\u00e1l magyar\u00e1zatot. Ezek a rejt\u00e9lyek m\u00e9g a szak\u00e9rt\u0151ket is megd\u00f6bbentik &#8211; a titokzatos kardokt\u00f3l a h\u00e1tborzongat\u00f3 t\u00fckr\u00f6kig.<\/p>\n\n\n\n\n<div style=\"float:none;margin:0px 0 0px 0;text-align:center;\">\n<div class=\"mobileShowkakettes\"><div class=\"mobileShowka2\"><div style=\"padding-top:0px;padding-bottom:15px;min-height: 300px;\"><div class=\"hirdetes\">HIRDET\u00c9S<\/div>\n<!-- 300lista -->\n<ins class=\"adsbygoogle\"\n     style=\"display:inline-block;width:300px;height:250px\"\n     data-ad-client=\"ca-pub-9424088931673893\"\n     data-ad-slot=\"8471340766\"><\/ins>\n<script async>\n     (adsbygoogle = window.adsbygoogle || []).push({});\n<\/script><\/div><\/div><\/div><\/div>\n\n\n\n\n<p>Most bemutatjuk neked a legmeglep\u0151bb felfedez\u00e9seket, amiket a tudom\u00e1ny eddig nem tudott megfejteni!<\/p>\n\n\n\n<h4><strong>Ulfberht kardok<\/strong><\/h4>\n\n\n\n<figure class=\"wp-block-image size-full\"><img loading=\"lazy\" width=\"1072\" height=\"715\" src=\"https:\/\/liked.hu\/old\/wp-content\/uploads\/2024\/03\/Regeszeti-felfedezesek-011.webp\" alt=\"R\u00e9g\u00e9szeti felfedez\u00e9sek 011\" class=\"wp-image-328416\" srcset=\"https:\/\/liked.hu\/old\/wp-content\/uploads\/2024\/03\/Regeszeti-felfedezesek-011.webp 1072w, https:\/\/liked.hu\/old\/wp-content\/uploads\/2024\/03\/Regeszeti-felfedezesek-011-768x512.webp 768w\" sizes=\"(max-width: 1072px) 100vw, 1072px\" \/><\/figure>\n\n\n\n<p>\u00c9breszd fel magadban a bels\u0151 vikingedet! Az Ulfberht kardok t\u00f6bb mint 170 k\u00f6z\u00e9pkori kardot jelentenek, amiket f\u0151leg \u00c9szak-Eur\u00f3p\u00e1ban tal\u00e1ltak. Ezek a kardok a VLFBERHT jelz\u00e9snek k\u00f6sz\u00f6nhet\u0151en lettek h\u00edresek, ami val\u00f3sz\u00edn\u0171leg a kov\u00e1cs nev\u00e9t rejti. De itt j\u00f6n a csavar: az Ulfberht kardok a kov\u00e1csol\u00e1s k\u00fcl\u00f6nb\u00f6z\u0151 technik\u00e1it \u00f6tv\u00f6zik. N\u00e9melyik a legmagasabb min\u0151s\u00e9g\u0171, k\u00f6z\u00e9p-\u00e1zsiai ac\u00e9lb\u00f3l k\u00e9sz\u00fclt. A peng\u00e9k rendk\u00edv\u00fcl tart\u00f3sak \u00e9s \u00e9lesek voltak.<\/p>\n\n\n\n<figure class=\"wp-block-image size-full\"><img loading=\"lazy\" width=\"1200\" height=\"924\" src=\"https:\/\/liked.hu\/old\/wp-content\/uploads\/2024\/03\/Regeszeti-felfedezesek-010.webp\" alt=\"R\u00e9g\u00e9szeti felfedez\u00e9sek 010\" class=\"wp-image-328415\" srcset=\"https:\/\/liked.hu\/old\/wp-content\/uploads\/2024\/03\/Regeszeti-felfedezesek-010.webp 1200w, https:\/\/liked.hu\/old\/wp-content\/uploads\/2024\/03\/Regeszeti-felfedezesek-010-768x591.webp 768w\" sizes=\"(max-width: 1200px) 100vw, 1200px\" \/><\/figure>\n\n\n\n<p>Nem tudjuk pontosan, h\u00e1ny Ulfberht kard l\u00e9tezik, mert nem mindegyik maradt fenn egyben, de a legt\u00f6bbet Skandin\u00e1vi\u00e1ban \u00e9s a Balti-tenger k\u00f6rny\u00e9k\u00e9n tal\u00e1lt\u00e1k. Ezekkel a kardokkal b\u00e1rki f\u00e9lelmetes harcoss\u00e1 v\u00e1lhatott! A kardokat nem egy darab f\u00e9mb\u0151l kov\u00e1csolt\u00e1k, hanem t\u00f6bb, \u00f6sszehegesztett r\u00e9szb\u0151l \u00e1llnak. A vikingek st\u00edlusosan h\u00f3d\u00edtott\u00e1k meg a ter\u00fcleteket! El tudod k\u00e9pzelni, milyen l\u00e1tv\u00e1ny lehetett egy Ulfberht kardot tart\u00f3 viking harcos? Szerencs\u00e9re a mai vil\u00e1gban m\u00e1r nem kell ilyen ellenf\u00e9llel sz\u00e1molnunk.<\/p>\n\n\n\n\n<div style=\"float:none;margin:0px 0 0px 0;text-align:center;\">\n<div class=\"mobileHideke5\"><div style=\"margin-top:25px;\"><div class=\"hirdeteshatter\"><div style=\"display: inline-block;width: 50%;min-width:305px;vertical-align: top;\"><div class=\"hirdetes\">HIRDET\u00c9S<\/div>\n<!-- LikedQ51 -->\n<ins class=\"adsbygoogle\"\n     style=\"display:inline-block;width:300px;height:250px\"\n     data-ad-client=\"ca-pub-9424088931673893\"\n     data-ad-slot=\"8284063326\"><\/ins>\n<script async>\n     (adsbygoogle = window.adsbygoogle || []).push({});\n<\/script><\/div><div style=\"display: inline-block;width: 50%;min-width:305px;vertical-align: top;\"><div class=\"hirdetes\">HIRDET\u00c9S<\/div>\n<!-- LikedQ52 -->\n<ins class=\"adsbygoogle\"\n     style=\"display:inline-block;width:300px;height:250px\"\n     data-ad-client=\"ca-pub-9424088931673893\"\n     data-ad-slot=\"2840164950\"><\/ins>\n<script async>\n     (adsbygoogle = window.adsbygoogle || []).push({});\n<\/script><\/div><\/div><\/div><\/div>\n<div style=\"display:flex;flex-direction:column;\"><div class=\"mobileShowka5\"><div style=\"padding-top:10px;padding-bottom:10px;min-height: 300px;\"><div class=\"hirdetes\">HIRDET\u00c9S<\/div>\n<!-- LikedQ5M -->\n<ins class=\"adsbygoogle\"\n     style=\"display:inline-block;width:300px;height:250px\"\n     data-ad-client=\"ca-pub-9424088931673893\"\n     data-ad-slot=\"9022429928\"><\/ins>\n<script async>\n     (adsbygoogle = window.adsbygoogle || []).push({});\n<\/script><\/div><\/div><\/div><\/div>\n\n\n\n\n<h4><strong>Drepanosaurusok<\/strong><\/h4>\n\n\n\n<figure class=\"wp-block-image size-full\"><img loading=\"lazy\" width=\"800\" height=\"403\" src=\"https:\/\/liked.hu\/old\/wp-content\/uploads\/2024\/03\/Regeszeti-felfedezesek-009.webp\" alt=\"R\u00e9g\u00e9szeti felfedez\u00e9sek 009\" class=\"wp-image-328414\" srcset=\"https:\/\/liked.hu\/old\/wp-content\/uploads\/2024\/03\/Regeszeti-felfedezesek-009.webp 800w, https:\/\/liked.hu\/old\/wp-content\/uploads\/2024\/03\/Regeszeti-felfedezesek-009-768x387.webp 768w, https:\/\/liked.hu\/old\/wp-content\/uploads\/2024\/03\/Regeszeti-felfedezesek-009-360x180.webp 360w\" sizes=\"(max-width: 800px) 100vw, 800px\" \/><\/figure>\n\n\n\n<p>K\u00e9pzelj el egy l\u00e9nyt, ami egyszerre hasonl\u00edt egy gy\u00edkra, egy majomra, egy velociraptorra \u00e9s egy mad\u00e1rra! Ez a furcsa l\u00e9ny a drepanosaurus, ami 200 milli\u00f3 \u00e9vvel ezel\u0151tt \u00e9lt a F\u00f6ld\u00f6n. Olaszorsz\u00e1gban, Angli\u00e1ban \u00e9s D\u00e9l-Amerika d\u00e9lnyugati r\u00e9sz\u00e9n leltek r\u00e1 a fossz\u00edli\u00e1ira. Ez a k\u00fcl\u00f6nleges l\u00e9ny mad\u00e1rkopony\u00e1val, cs\u0151rrel \u00e9s csigoly\u00e1kb\u00f3l \u00f6sszeolvadt v\u00e1llp\u00fappal rendelkezett. N\u00e9h\u00e1ny p\u00e9ld\u00e1nynak k\u00e9tujj\u00fa mancsa \u00e9s kapaszkod\u00e1sra k\u00e9pes farka is volt karomszer\u0171 k\u00e9pz\u0151dm\u00e9nnyel a legv\u00e9g\u00e9n.<\/p>\n\n\n\n<figure class=\"wp-block-image size-full\"><img loading=\"lazy\" width=\"937\" height=\"1171\" src=\"https:\/\/liked.hu\/old\/wp-content\/uploads\/2024\/03\/Regeszeti-felfedezesek-008.webp\" alt=\"R\u00e9g\u00e9szeti felfedez\u00e9sek 008\" class=\"wp-image-328413\" srcset=\"https:\/\/liked.hu\/old\/wp-content\/uploads\/2024\/03\/Regeszeti-felfedezesek-008.webp 937w, https:\/\/liked.hu\/old\/wp-content\/uploads\/2024\/03\/Regeszeti-felfedezesek-008-768x960.webp 768w\" sizes=\"(max-width: 937px) 100vw, 937px\" \/><\/figure>\n\n\n\n<p>A drepanosaurusok maradv\u00e1nyait 1979-ben fedezt\u00e9k fel \u00c9szak-Olaszorsz\u00e1gban. A nev\u00fck a g\u00f6r\u00f6g nyelvb\u0151l sz\u00e1rmazik, \u00e9s &#8222;sarl\u00f3 alak\u00fa gy\u00edkot&#8221; jelent. A drepanosaurusok mind\u00f6ssze 45-50 centim\u00e9ter hossz\u00fara n\u0151ttek, \u00e9s \u00e9let\u00fck nagy r\u00e9sz\u00e9t a f\u00e1kon t\u00f6lt\u00f6tt\u00e9k. A kam\u00e9leonhoz hasonl\u00edt\u00f3 mancsaikkal \u00fcgyesen mozogtak \u00e1gr\u00f3l-\u00e1gra, amiben a farkuk is seg\u00edtett a mozg\u00e1sban. Igencsak hasonl\u00edtottak a majmokra! Felt\u00e9telezik, hogy a drepanosaurusok rovarev\u0151k voltak. Karmaikkal leh\u00e1ntott\u00e1k a fak\u00e9rget, \u00e9s a f\u00e1k reped\u00e9seiben kerest\u00e9k a rovarokat. Elk\u00e9pzelhet\u0151, hogy a &#8222;karmos&#8221; farkukat is haszn\u00e1lt\u00e1k a t\u00e1pl\u00e1lkoz\u00e1shoz, mint egy kis \u00e1s\u00f3t! A drepanosaurusok rendk\u00edv\u00fcl k\u00fcl\u00f6nleges \u0151si l\u00e9nyek voltak! Most m\u00e1r tudod, hogyan n\u00e9zett ki ez a furcsa l\u00e9ny, ami egyszerre gy\u00edk, majom, velociraptor \u00e9s mad\u00e1r is volt!<\/p>\n\n\n\n<h4><strong>Marsi meteoritok<\/strong><\/h4>\n\n\n\n<figure class=\"wp-block-image size-full\"><img loading=\"lazy\" width=\"1200\" height=\"799\" src=\"https:\/\/liked.hu\/old\/wp-content\/uploads\/2024\/03\/Regeszeti-felfedezesek-007.webp\" alt=\"R\u00e9g\u00e9szeti felfedez\u00e9sek 007\" class=\"wp-image-328412\" srcset=\"https:\/\/liked.hu\/old\/wp-content\/uploads\/2024\/03\/Regeszeti-felfedezesek-007.webp 1200w, https:\/\/liked.hu\/old\/wp-content\/uploads\/2024\/03\/Regeszeti-felfedezesek-007-768x511.webp 768w\" sizes=\"(max-width: 1200px) 100vw, 1200px\" \/><\/figure>\n\n\n\n<p>\u00dcdv\u00f6zlet a kozmoszb\u00f3l! Igen, j\u00f3l olvastad, ezek a k\u00f6vek a Marsr\u00f3l \u00e9rkeztek a F\u00f6ldre! El\u00e9g h\u00e1tborzongat\u00f3 belegondolni, de ez az igazs\u00e1g! Vajon hogyan jutottak el a v\u00f6r\u00f6s bolyg\u00f3 darabjai a F\u00f6ldre? Nos, ez egy izgalmas t\u00f6rt\u00e9net. Minden egy aszteroida vagy \u00fcst\u00f6k\u00f6s becsap\u00f3d\u00e1s\u00e1val kezd\u0151d\u00f6tt a Marson, amelynek sor\u00e1n a k\u0151zetdarabok akkora er\u0151vel l\u00f6velltek ki, hogy el tudtak menek\u00fclni a Mars gravit\u00e1ci\u00f3ja el\u0151l, ami egy\u00e9bk\u00e9nt a F\u00f6ld gravit\u00e1ci\u00f3j\u00e1nak k\u00f6r\u00fclbel\u00fcl 60%-a. A marsi t\u00f6rmel\u00e9kek t\u00f6bb mint egymilli\u00f3 \u00e9ven \u00e1t keringtek a Nap k\u00f6r\u00fcl, am\u00edg egy r\u00e9sz\u00fck meteorites\u0151 form\u00e1j\u00e1ban elindult a F\u00f6ld fel\u00e9. Ez 2020 szeptember\u00e9ben t\u00f6rt\u00e9nt. Kider\u00fclt, hogy 277 meteorit marsi eredet\u0171.<\/p>\n\n\n\n<figure class=\"wp-block-image size-full\"><img loading=\"lazy\" width=\"1200\" height=\"559\" src=\"https:\/\/liked.hu\/old\/wp-content\/uploads\/2024\/03\/Regeszeti-felfedezesek-006.webp\" alt=\"R\u00e9g\u00e9szeti felfedez\u00e9sek 006\" class=\"wp-image-328411\" srcset=\"https:\/\/liked.hu\/old\/wp-content\/uploads\/2024\/03\/Regeszeti-felfedezesek-006.webp 1200w, https:\/\/liked.hu\/old\/wp-content\/uploads\/2024\/03\/Regeszeti-felfedezesek-006-768x358.webp 768w\" sizes=\"(max-width: 1200px) 100vw, 1200px\" \/><\/figure>\n\n\n\n<p>A legnagyobb k\u00f6z\u00fcl\u00fck a Taoudenni 002, amelyet 2021 elej\u00e9n fedeztek fel a Mali K\u00f6zt\u00e1rsas\u00e1gban. S\u00falya 14,5 kilogramm! Jelenleg az USA-beli Maine \u00e1llamban, a Miner\u00e1l- \u00e9s K\u0151zetm\u00fazeumban tal\u00e1lhat\u00f3. De ez m\u00e9g nem minden! Sz\u00e1mos marsi meteoritban tal\u00e1ltak \u0151smaradv\u00e1nyokat, amelyek valamif\u00e9le marsi \u00e9letform\u00e1kra utalnak. Az egyik legjelent\u0151sebb lelet az Allan Hills-hegys\u00e9gben, az Antarktiszon tal\u00e1lt meteorit. Ez a meteorit 16 milli\u00f3 \u00e9vvel ezel\u0151tt v\u00e1lt le a Marsr\u00f3l, \u00e9s k\u00f6r\u00fclbel\u00fcl 13 000 \u00e9vvel ezel\u0151tt \u00e9rkezett a F\u00f6ldre. Hihetetlen bolyg\u00f3k\u00f6zi utaz\u00e1s!<\/p>\n\n\n\n\n<div style=\"float:none;margin:0px 0 0px 0;text-align:center;\">\n<div class=\"mobileHideke8\"><div style=\"margin-top:25px;\"><div class=\"hirdeteshatter\"><div style=\"display: inline-block;width: 50%;min-width:340px;vertical-align: top;\"><div class=\"hirdetes\">HIRDET\u00c9S<\/div>\n<!-- Liked7Q1 -->\n<ins class=\"adsbygoogle\"\n     style=\"display:inline-block;width:336px;height:280px\"\n     data-ad-client=\"ca-pub-9424088931673893\"\n     data-ad-slot=\"3022062587\"><\/ins>\n<script async>\n     (adsbygoogle = window.adsbygoogle || []).push({});\n<\/script><\/div><div style=\"display: inline-block;width: 50%;min-width:340px;vertical-align: top;\"><div class=\"hirdetes\">HIRDET\u00c9S<\/div>\n<!-- Liked7Q2 -->\n<ins class=\"adsbygoogle\"\n     style=\"display:inline-block;width:336px;height:280px\"\n     data-ad-client=\"ca-pub-9424088931673893\"\n     data-ad-slot=\"3952000871\"><\/ins>\n<script async>\n     (adsbygoogle = window.adsbygoogle || []).push({});\n<\/script><\/div><\/div><\/div><\/div>\n<div style=\"display:flex;flex-direction:column;\"><div class=\"mobileShowka8\"><div style=\"padding-top:15px;margin-bottom:15px;min-height: 300px;\"><div class=\"hirdetes\">HIRDET\u00c9S<\/div>\n<!-- Liked7QMobil -->\n<ins class=\"adsbygoogle\"\n     style=\"display:inline-block;width:336px;height:280px\"\n     data-ad-client=\"ca-pub-9424088931673893\"\n     data-ad-slot=\"5073510857\"><\/ins>\n<script async>\n     (adsbygoogle = window.adsbygoogle || []).push({});\n<\/script><\/div><\/div><\/div><\/div>\n\n\n\n\n<h4><strong>Longyou-barlangok<\/strong><\/h4>\n\n\n\n<figure class=\"wp-block-image size-full\"><img loading=\"lazy\" width=\"1200\" height=\"800\" src=\"https:\/\/liked.hu\/old\/wp-content\/uploads\/2024\/03\/Regeszeti-felfedezesek-005.webp\" alt=\"R\u00e9g\u00e9szeti felfedez\u00e9sek 005\" class=\"wp-image-328410\" srcset=\"https:\/\/liked.hu\/old\/wp-content\/uploads\/2024\/03\/Regeszeti-felfedezesek-005.webp 1200w, https:\/\/liked.hu\/old\/wp-content\/uploads\/2024\/03\/Regeszeti-felfedezesek-005-768x512.webp 768w\" sizes=\"(max-width: 1200px) 100vw, 1200px\" \/><\/figure>\n\n\n\n<p>K\u00e9sz\u00fclj fel egy m\u00e9lyrehat\u00f3 utaz\u00e1sra a F\u00f6ld belsej\u00e9ben, a vil\u00e1g egyik legrejt\u00e9lyesebb barlangrendszer\u00e9be! Ezek a barlangok egyszer\u0171en leny\u0171g\u00f6z\u0151ek! A tud\u00f3sok \u00e9s kutat\u00f3k m\u00e1r \u00e9vek \u00f3ta a Longyou-barlangok rejt\u00e9ly\u00e9n t\u00f6prengenek. Ezt a leny\u0171g\u00f6z\u0151 felfedez\u00e9st egy k\u00ednai faluban tett\u00e9k, amikor \u00fagy d\u00f6nt\u00f6ttek, hogy ut\u00e1naj\u00e1rnak a &#8222;feneketlen tavakr\u00f3l&#8221; sz\u00f3l\u00f3 helyi legend\u00e1nak. Az 1990-es \u00e9vekben egy csapat b\u00e1tor ember \u00fagy d\u00f6nt\u00f6tt, hogy leereszti a tavat, \u00e9s megn\u00e9zi, mi van a v\u00edz felsz\u00edne alatt. Meglep\u0151 m\u00f3don a v\u00edz alatt egy barlangrendszer bej\u00e1rata rejt\u0151z\u00f6tt! A barlangok ter\u00fclete t\u00f6bb mint 30.000 n\u00e9gyzetm\u00e9ter, tele csarnokokkal, folyos\u00f3kkal \u00e9s oszlopokkal. Mindez emberi k\u00e9z munk\u00e1ja!<\/p>\n\n\n\n<figure class=\"wp-block-image size-full\"><img loading=\"lazy\" width=\"1200\" height=\"800\" src=\"https:\/\/liked.hu\/old\/wp-content\/uploads\/2024\/03\/Regeszeti-felfedezesek-004.webp\" alt=\"R\u00e9g\u00e9szeti felfedez\u00e9sek 004\" class=\"wp-image-328409\" srcset=\"https:\/\/liked.hu\/old\/wp-content\/uploads\/2024\/03\/Regeszeti-felfedezesek-004.webp 1200w, https:\/\/liked.hu\/old\/wp-content\/uploads\/2024\/03\/Regeszeti-felfedezesek-004-768x512.webp 768w\" sizes=\"(max-width: 1200px) 100vw, 1200px\" \/><\/figure>\n\n\n\n<p>\u00c9s a hab a tort\u00e1n: a falakat megfejthetetlen szimb\u00f3lumok \u00e9s mint\u00e1k bor\u00edtj\u00e1k. Nem csoda, hogy ez az \u0151si lelet megd\u00f6bbentette a tud\u00f3sokat! Ez a mesters\u00e9ges csoda i. e. 200 k\u00f6r\u00fcl keletkezett. A kutat\u00f3k becsl\u00e9sei szerint a barlangok \u00e9p\u00edt\u00e9se 1000 ember munk\u00e1j\u00e1t ig\u00e9nyelte, akik \u00e9vtizedekig, \u00e9jjel-nappal dolgoztak a meg\u00e9p\u00edt\u00e9s\u00fck\u00f6n. A legnagyobb rejt\u00e9ly azonban az, hogy milyen eszk\u00f6z\u00f6ket haszn\u00e1ltak, \u00e9s mi volt a c\u00e9ljuk a barlangok l\u00e9trehoz\u00e1s\u00e1val?<\/p>\n\n\n\n<h4><strong>A Nampa-i agyagbaba<\/strong><\/h4>\n\n\n\n<figure class=\"wp-block-image size-full\"><img loading=\"lazy\" width=\"1167\" height=\"806\" src=\"https:\/\/liked.hu\/old\/wp-content\/uploads\/2024\/03\/Regeszeti-felfedezesek-003.webp\" alt=\"R\u00e9g\u00e9szeti felfedez\u00e9sek 003\" class=\"wp-image-328408\" srcset=\"https:\/\/liked.hu\/old\/wp-content\/uploads\/2024\/03\/Regeszeti-felfedezesek-003.webp 1167w, https:\/\/liked.hu\/old\/wp-content\/uploads\/2024\/03\/Regeszeti-felfedezesek-003-768x530.webp 768w\" sizes=\"(max-width: 1167px) 100vw, 1167px\" \/><\/figure>\n\n\n\n<p>A bab\u00e1k f\u00e9lelmetesek tudnak lenni. K\u00fcl\u00f6n\u00f6sen a Nampa-i agyagbaba &#8211; egyszer\u0171en h\u00e1tborzongat\u00f3! Sz\u00e1rmaz\u00e1s\u00e1r\u00f3l \u00e9vtizedek \u00f3ta vitatkoznak. A bab\u00e1t 1889-ben fedezt\u00e9k fel, amikor az idah\u00f3i Nampa v\u00e1ros\u00e1ban a munk\u00e1sok vizet kerestek. K\u00f6r\u00fclbel\u00fcl 90 m\u00e9ter m\u00e9lyre f\u00fartak kutat. \u00c9s ott v\u00e1rt r\u00e1juk a meglepet\u00e9s! Az agyagban egy karcs\u00fa n\u0151i alakot \u00e1br\u00e1zol\u00f3 kis figur\u00e1t vettek \u00e9szre. Mit jelenthet ez? Ki k\u00e9sz\u00edtette, \u00e9s mi volt a c\u00e9lja? Sokan \u00fagy gondolj\u00e1k, hogy ez a lelet egy egyszer\u0171 \u00e1tver\u00e9s. A baba m\u00e1ig megtal\u00e1lhat\u00f3, hagyma form\u00e1j\u00fa feje, sz\u00e9les v\u00e1llai vannak, amit r\u00f6vid, izmos karok \u00e9s hossz\u00fa l\u00e1bak eg\u00e9sz\u00edtenek ki. A jobb l\u00e1ba elt\u00f6rt. Ezen k\u00edv\u00fcl a bab\u00e1n halv\u00e1ny geometriai jelek l\u00e1that\u00f3k &#8211; lehet, hogy ezek ruh\u00e1zat vagy \u00e9kszerek v\u00e1zlatai, k\u00fcl\u00f6n\u00f6sen a nyak \u00e9s a csukl\u00f3k k\u00f6r\u00fcl. A lelet kor\u00e1t illet\u0151en is vit\u00e1k vannak. Kezdetben \u00fagy gondolt\u00e1k, hogy 2 milli\u00f3 \u00e9ves! Ez azt jelenten\u00e9, hogy j\u00f3val az emberek el\u0151tt \u00e9rkezett Amerik\u00e1ba. \u00c1m George Frederick Wright, William Henry Holmes \u00e9s Keith Fitzpatrick-Matthews r\u00e9g\u00e9szek arra a k\u00f6vetkeztet\u00e9sre jutottak, hogy a szobrocsk\u00e1t egyszer\u0171en a f\u00far\u00e1s miatt mozgatt\u00e1k meg, vagy geol\u00f3giai jelens\u00e9g miatt ker\u00fclhetett m\u00e9lyen a f\u00f6ld al\u00e1. A Nampa-i agyagbaba tov\u00e1bbra is rejt\u00e9ly marad. Vajon siker\u00fcl valaha is megfejteni a titk\u00e1t?<\/p>\n\n\n\n\n<div style=\"float:none;margin:0px 0 0px 0;text-align:center;\">\n<div class=\"mobileHideke8\"><div class=\"hirdeteshatter\"><div style=\"display: inline-block;width: 50%;min-width:340px;vertical-align: top;\"><div class=\"hirdetes\">HIRDET\u00c9S<\/div>\n<!-- LikedQ81 -->\n<ins class=\"adsbygoogle\"\n     style=\"display:inline-block;width:336px;height:280px\"\n     data-ad-client=\"ca-pub-9424088931673893\"\n     data-ad-slot=\"2436840276\"><\/ins>\n<script async>\n     (adsbygoogle = window.adsbygoogle || []).push({});\n<\/script><\/div><div style=\"display: inline-block;width: 50%;min-width:340px;vertical-align: top;\"><div class=\"hirdetes\">HIRDET\u00c9S<\/div>\n<!-- LikedQ82 -->\n<ins class=\"adsbygoogle\"\n     style=\"display:inline-block;width:336px;height:280px\"\n     data-ad-client=\"ca-pub-9424088931673893\"\n     data-ad-slot=\"3558350253\"><\/ins>\n<script async>\n     (adsbygoogle = window.adsbygoogle || []).push({});\n<\/script><\/div><\/div><\/div>\n<div style=\"display:flex;flex-direction:column;\"><div class=\"mobileShowka8 nyolc\"><div style=\"padding-top:15px;padding-bottom:5px;min-height: 300px;\"><div class=\"hirdetes\">HIRDET\u00c9S<\/div>\n<!-- LikedQ8M -->\n<ins class=\"adsbygoogle\"\n     style=\"display:inline-block;width:336px;height:280px\"\n     data-ad-client=\"ca-pub-9424088931673893\"\n     data-ad-slot=\"4679860235\"><\/ins>\n<script async>\n     (adsbygoogle = window.adsbygoogle || []).push({});\n<\/script><\/div><\/div><\/div><\/div>\n\n\n\n\n<h4><strong>A Szibilla-barlang<\/strong><\/h4>\n\n\n\n<figure class=\"wp-block-image size-full\"><img loading=\"lazy\" width=\"1024\" height=\"682\" src=\"https:\/\/liked.hu\/old\/wp-content\/uploads\/2024\/03\/Regeszeti-felfedezesek-002.webp\" alt=\"R\u00e9g\u00e9szeti felfedez\u00e9sek 002\" class=\"wp-image-328407\" srcset=\"https:\/\/liked.hu\/old\/wp-content\/uploads\/2024\/03\/Regeszeti-felfedezesek-002.webp 1024w, https:\/\/liked.hu\/old\/wp-content\/uploads\/2024\/03\/Regeszeti-felfedezesek-002-768x512.webp 768w\" sizes=\"(max-width: 1024px) 100vw, 1024px\" \/><\/figure>\n\n\n\n<p>K\u00edv\u00e1ncsi vagy egy olyan barlangra, ahol elmos\u00f3dik a hat\u00e1r a m\u00edtosz \u00e9s a val\u00f3s\u00e1g k\u00f6z\u00f6tt? Akkor itt a helyed! Induljunk el egy kalandra a Szibilla-barlang rejt\u00e9lyes m\u00e9ly\u00e9re. Olaszorsz\u00e1gban, a N\u00e1poly melletti Cumae \u0151si v\u00e1rosa alatt tal\u00e1lhat\u00f3. Felt\u00e9telez\u00e9sek szerint a barlangot i. e. 6. sz\u00e1zadban etruszk foglyok v\u00e1jt\u00e1k ki.<\/p>\n\n\n\n<p>A Szibilla-barlang \u00e9vsz\u00e1zadok \u00f3ta leny\u0171g\u00f6zi a l\u00e1togat\u00f3it a kanyarg\u00f3s folyos\u00f3inak \u00e9s a cumaei Szibill\u00e1val val\u00f3 kapcsol\u00f3d\u00e1s\u00e1nak k\u00f6sz\u00f6nhet\u0151en. A Szibilla egy j\u00f3sn\u0151 volt, aki a legenda szerint a f\u00f6ld alatt fogalmazta meg j\u00f6vend\u00f6l\u00e9seit, \u00e9s n\u00f6v\u00e9nyi levelekre jegyezte fel \u0151ket. A barlang tele van bej\u00e1ratokkal, \u00e9s egy 5 m\u00e9ter magas, 131 m\u00e9ter hossz\u00fa folyos\u00f3 vezet be. Ez egy igazi utaz\u00e1s az ismeretlenbe! A folyos\u00f3 v\u00e9g\u00e9n egy t\u00e9glalap alak\u00fa terem tal\u00e1lhat\u00f3, balra egy el\u0151t\u00e9rrel, amely egy tov\u00e1bbi, h\u00e1rom r\u00e9szre osztott terembe vezet. A hiedelem szerint itt \u00edrta Szibilla a j\u00f6vend\u00f6l\u00e9seit, \u00e9s ez egy port\u00e1l egy m\u00e1sik vil\u00e1gba!<\/p>\n\n\n\n<p>Te bev\u00e1llaln\u00e1d, hogy leereszkedsz \u00e9s felfedezed ezt a rejt\u00e9lyes barlangot?<\/p>\n\n\n\n<h4><strong>Az oxfordshire-i t\u00fck\u00f6r<\/strong><\/h4>\n\n\n\n<figure class=\"wp-block-image size-full\"><img loading=\"lazy\" width=\"536\" height=\"800\" src=\"https:\/\/liked.hu\/old\/wp-content\/uploads\/2024\/03\/Regeszeti-felfedezesek-001.webp\" alt=\"R\u00e9g\u00e9szeti felfedez\u00e9sek 001\" class=\"wp-image-328406\"\/><\/figure>\n\n\n\n<p>A mai vil\u00e1gban a t\u00fckr\u00f6k m\u00e1r nem t\u0171nnek olyan rejt\u00e9lyesnek. Azonban a m\u00faltban f\u00e9lelmet \u00e9s tiszteletet keltettek. Mi a t\u00fckr\u00f6ket sminkel\u00e9shez, ruhapr\u00f3b\u00e1l\u00e1shoz \u00e9s a biztons\u00e1gos vezet\u00e9shez haszn\u00e1ljuk, de r\u00e9gen eg\u00e9szen m\u00e1s c\u00e9lja volt.<\/p>\n\n\n\n<p>Angli\u00e1ban, Didcot f\u00f6ldjeiben egy lelkes f\u00e9mkeres\u0151 igazi kincset tal\u00e1lt. Ez egy i. e. 1. sz\u00e1zadb\u00f3l sz\u00e1rmaz\u00f3 t\u00fck\u00f6r, egy \u00e9rt\u00e9kes \u00e9s rejt\u00e9lyes m\u0171t\u00e1rgy. Ez a 18 fennmaradt t\u00fck\u00f6r egyike. A vaskorban a t\u00fckr\u00f6k nagy jelent\u0151s\u00e9ggel b\u00edrtak, \u00e9s csak n\u00e9h\u00e1ny kiv\u00e1lts\u00e1gos szem\u00e9ly birtok\u00e1ban voltak. Azonban a val\u00f3di c\u00e9ljuk tov\u00e1bbra is rejt\u00e9ly.<\/p>\n\n\n\n<p>A t\u00fckr\u00f6t arra haszn\u00e1lt\u00e1k, hogy f\u00e9nysugarat ir\u00e1ny\u00edtsanak a s\u00f6t\u00e9ts\u00e9gbe? Jelz\u00e9st k\u00fcldjenek nagy t\u00e1vols\u00e1gra? Vagy tal\u00e1n sminkel\u00e9sre? David Munden, az Oxfordi M\u00fazeum r\u00e9g\u00e9szeti gyakorlat\u00e1nak kur\u00e1tora szerint sok kult\u00far\u00e1ban a t\u00fckr\u00f6ket m\u00e1gikus t\u00e1rgynak tartott\u00e1k. Az emberek azt hitt\u00e9k, hogy m\u00e1s vil\u00e1got mutatnak, vagy ak\u00e1r port\u00e1lok szerep\u00e9t t\u00f6ltik be. Lehets\u00e9ges, hogy ez a helyzet volt a vaskorban is &#8211; a t\u00fckr\u00f6ket talizm\u00e1nokk\u00e9nt vagy s\u00e1m\u00e1nisztikus szertart\u00e1sokhoz haszn\u00e1lt\u00e1k.<\/p>\n\n\n\n<p class=\"has-text-align-center\"><strong>Ismersz m\u00e9g olyan r\u00e9g\u00e9szeti felfedez\u00e9seket, amik val\u00f3sz\u00edn\u0171leg soha nem lesznek megfejtve?<\/strong><\/p>\n","protected":false},"excerpt":{"rendered":"<p>Val\u00f3sz\u00edn\u0171leg m\u00e1r sosem kapunk v\u00e1laszt ezekre.<\/p>\n","protected":false},"author":13,"featured_media":328405,"comment_status":"open","ping_status":"closed","sticky":false,"template":"","format":"standard","meta":{"buzzeditor_post_format":""},"categories":[23],"tags":[3188,2165,2655],"yoast_head":"<!-- This site is optimized with the Yoast SEO plugin v19.6.1 - https:\/\/yoast.com\/wordpress\/plugins\/seo\/ -->\n<title>R\u00e9g\u00e9szeti leletek, amiket a tud\u00f3sok nem tudtak megmagyar\u00e1zni<\/title>\n<meta name=\"description\" content=\"Val\u00f3sz\u00edn\u0171leg m\u00e1r sosem kapunk v\u00e1laszt ezekre.\" \/>\n<meta name=\"robots\" content=\"index, follow, max-snippet:-1, max-image-preview:large, max-video-preview:-1\" \/>\n<link rel=\"canonical\" href=\"https:\/\/liked.hu\/old\/erdekes\/regeszeti-leletek-amiket-a-tudosok-nem-tudtak-megmagyarazni\/\" \/>\n<meta property=\"og:locale\" content=\"hu_HU\" \/>\n<meta property=\"og:type\" content=\"article\" \/>\n<meta property=\"og:title\" content=\"R\u00e9g\u00e9szeti leletek, amiket a tud\u00f3sok nem tudtak megmagyar\u00e1zni\" \/>\n<meta property=\"og:description\" content=\"Val\u00f3sz\u00edn\u0171leg m\u00e1r sosem kapunk v\u00e1laszt ezekre.\" \/>\n<meta property=\"og:url\" content=\"https:\/\/liked.hu\/old\/erdekes\/regeszeti-leletek-amiket-a-tudosok-nem-tudtak-megmagyarazni\/\" \/>\n<meta property=\"og:site_name\" content=\"Liked.hu\" \/>\n<meta property=\"article:publisher\" content=\"https:\/\/www.facebook.com\/liked.hu\" \/>\n<meta property=\"article:published_time\" content=\"2024-03-24T14:24:05+00:00\" \/>\n<meta property=\"article:modified_time\" content=\"2024-03-24T14:24:29+00:00\" \/>\n<meta property=\"og:image\" content=\"https:\/\/liked.hu\/old\/wp-content\/uploads\/2024\/03\/Regeszeti-leletek.jpg\" \/>\n\t<meta property=\"og:image:width\" content=\"1200\" \/>\n\t<meta property=\"og:image:height\" content=\"630\" \/>\n\t<meta property=\"og:image:type\" content=\"image\/jpeg\" \/>\n<meta name=\"author\" content=\"Klingstrom\" \/>\n<meta name=\"twitter:card\" content=\"summary\" \/>\n<meta name=\"twitter:creator\" content=\"@LikedHu\" \/>\n<meta name=\"twitter:site\" content=\"@LikedHu\" \/>\n<meta name=\"twitter:label1\" content=\"Szerz\u0151:\" \/>\n\t<meta name=\"twitter:data1\" content=\"Klingstrom\" \/>\n\t<meta name=\"twitter:label2\" content=\"Becs\u00fclt olvas\u00e1si id\u0151\" \/>\n\t<meta name=\"twitter:data2\" content=\"9 perc\" \/>\n<script type=\"application\/ld+json\" class=\"yoast-schema-graph\">{\"@context\":\"https:\/\/schema.org\",\"@graph\":[{\"@type\":\"Article\",\"@id\":\"https:\/\/liked.hu\/old\/erdekes\/regeszeti-leletek-amiket-a-tudosok-nem-tudtak-megmagyarazni\/#article\",\"isPartOf\":{\"@id\":\"https:\/\/liked.hu\/old\/erdekes\/regeszeti-leletek-amiket-a-tudosok-nem-tudtak-megmagyarazni\/\"},\"author\":{\"name\":\"Klingstrom\",\"@id\":\"https:\/\/liked.hu\/old\/#\/schema\/person\/1c8d3f8764991e8dcd6572a7de72da8a\"},\"headline\":\"R\u00e9g\u00e9szeti leletek, amiket a tud\u00f3sok nem tudtak megmagyar\u00e1zni\",\"datePublished\":\"2024-03-24T14:24:05+00:00\",\"dateModified\":\"2024-03-24T14:24:29+00:00\",\"mainEntityOfPage\":{\"@id\":\"https:\/\/liked.hu\/old\/erdekes\/regeszeti-leletek-amiket-a-tudosok-nem-tudtak-megmagyarazni\/\"},\"wordCount\":1789,\"commentCount\":0,\"publisher\":{\"@id\":\"https:\/\/liked.hu\/old\/#organization\"},\"keywords\":[\"lelet\",\"r\u00e9g\u00e9szet\",\"t\u00f6rt\u00e9nelem\"],\"articleSection\":[\"\u00c9rdekess\u00e9gek\"],\"inLanguage\":\"hu\",\"potentialAction\":[{\"@type\":\"CommentAction\",\"name\":\"Comment\",\"target\":[\"https:\/\/liked.hu\/old\/erdekes\/regeszeti-leletek-amiket-a-tudosok-nem-tudtak-megmagyarazni\/#respond\"]}]},{\"@type\":\"WebPage\",\"@id\":\"https:\/\/liked.hu\/old\/erdekes\/regeszeti-leletek-amiket-a-tudosok-nem-tudtak-megmagyarazni\/\",\"url\":\"https:\/\/liked.hu\/old\/erdekes\/regeszeti-leletek-amiket-a-tudosok-nem-tudtak-megmagyarazni\/\",\"name\":\"R\u00e9g\u00e9szeti leletek, amiket a tud\u00f3sok nem tudtak megmagyar\u00e1zni\",\"isPartOf\":{\"@id\":\"https:\/\/liked.hu\/old\/#website\"},\"datePublished\":\"2024-03-24T14:24:05+00:00\",\"dateModified\":\"2024-03-24T14:24:29+00:00\",\"description\":\"Val\u00f3sz\u00edn\u0171leg m\u00e1r sosem kapunk v\u00e1laszt ezekre.\",\"breadcrumb\":{\"@id\":\"https:\/\/liked.hu\/old\/erdekes\/regeszeti-leletek-amiket-a-tudosok-nem-tudtak-megmagyarazni\/#breadcrumb\"},\"inLanguage\":\"hu\",\"potentialAction\":[{\"@type\":\"ReadAction\",\"target\":[\"https:\/\/liked.hu\/old\/erdekes\/regeszeti-leletek-amiket-a-tudosok-nem-tudtak-megmagyarazni\/\"]}]},{\"@type\":\"BreadcrumbList\",\"@id\":\"https:\/\/liked.hu\/old\/erdekes\/regeszeti-leletek-amiket-a-tudosok-nem-tudtak-megmagyarazni\/#breadcrumb\",\"itemListElement\":[{\"@type\":\"ListItem\",\"position\":1,\"name\":\"Kezd\u0151lap\",\"item\":\"https:\/\/liked.hu\/old\/\"},{\"@type\":\"ListItem\",\"position\":2,\"name\":\"R\u00e9g\u00e9szeti leletek, amiket a tud\u00f3sok nem tudtak megmagyar\u00e1zni\"}]},{\"@type\":\"WebSite\",\"@id\":\"https:\/\/liked.hu\/old\/#website\",\"url\":\"https:\/\/liked.hu\/old\/\",\"name\":\"Liked.hu\",\"description\":\"\",\"publisher\":{\"@id\":\"https:\/\/liked.hu\/old\/#organization\"},\"potentialAction\":[{\"@type\":\"SearchAction\",\"target\":{\"@type\":\"EntryPoint\",\"urlTemplate\":\"https:\/\/liked.hu\/old\/?s={search_term_string}\"},\"query-input\":\"required name=search_term_string\"}],\"inLanguage\":\"hu\"},{\"@type\":\"Organization\",\"@id\":\"https:\/\/liked.hu\/old\/#organization\",\"name\":\"Liked.hu\",\"url\":\"https:\/\/liked.hu\/old\/\",\"sameAs\":[\"https:\/\/hu.pinterest.com\/likedhungary\/\",\"https:\/\/www.youtube.com\/channel\/UCPv91dbMoIukYcM9b9nHN6Q\",\"https:\/\/www.facebook.com\/liked.hu\",\"https:\/\/twitter.com\/LikedHu\"],\"logo\":{\"@type\":\"ImageObject\",\"inLanguage\":\"hu\",\"@id\":\"https:\/\/liked.hu\/old\/#\/schema\/logo\/image\/\",\"url\":\"https:\/\/liked.hu\/wp-content\/uploads\/2018\/08\/Liked-icon.png\",\"contentUrl\":\"https:\/\/liked.hu\/wp-content\/uploads\/2018\/08\/Liked-icon.png\",\"width\":512,\"height\":512,\"caption\":\"Liked.hu\"},\"image\":{\"@id\":\"https:\/\/liked.hu\/old\/#\/schema\/logo\/image\/\"}},{\"@type\":\"Person\",\"@id\":\"https:\/\/liked.hu\/old\/#\/schema\/person\/1c8d3f8764991e8dcd6572a7de72da8a\",\"name\":\"Klingstrom\",\"image\":{\"@type\":\"ImageObject\",\"inLanguage\":\"hu\",\"@id\":\"https:\/\/liked.hu\/old\/#\/schema\/person\/image\/\",\"url\":\"https:\/\/liked.hu\/old\/wp-content\/uploads\/avatars\/13\/604de88bd578a-bpfull.jpg\",\"contentUrl\":\"https:\/\/liked.hu\/old\/wp-content\/uploads\/avatars\/13\/604de88bd578a-bpfull.jpg\",\"caption\":\"Klingstrom\"},\"url\":\"https:\/\/liked.hu\/old\/u\/klingstrom\/\"}]}<\/script>\n<!-- \/ Yoast SEO plugin. -->","yoast_head_json":{"title":"R\u00e9g\u00e9szeti leletek, amiket a tud\u00f3sok nem tudtak megmagyar\u00e1zni","description":"Val\u00f3sz\u00edn\u0171leg m\u00e1r sosem kapunk v\u00e1laszt ezekre.","robots":{"index":"index","follow":"follow","max-snippet":"max-snippet:-1","max-image-preview":"max-image-preview:large","max-video-preview":"max-video-preview:-1"},"canonical":"https:\/\/liked.hu\/old\/erdekes\/regeszeti-leletek-amiket-a-tudosok-nem-tudtak-megmagyarazni\/","og_locale":"hu_HU","og_type":"article","og_title":"R\u00e9g\u00e9szeti leletek, amiket a tud\u00f3sok nem tudtak megmagyar\u00e1zni","og_description":"Val\u00f3sz\u00edn\u0171leg m\u00e1r sosem kapunk v\u00e1laszt ezekre.","og_url":"https:\/\/liked.hu\/old\/erdekes\/regeszeti-leletek-amiket-a-tudosok-nem-tudtak-megmagyarazni\/","og_site_name":"Liked.hu","article_publisher":"https:\/\/www.facebook.com\/liked.hu","article_published_time":"2024-03-24T14:24:05+00:00","article_modified_time":"2024-03-24T14:24:29+00:00","og_image":[{"width":1200,"height":630,"url":"https:\/\/liked.hu\/old\/wp-content\/uploads\/2024\/03\/Regeszeti-leletek.jpg","type":"image\/jpeg"}],"author":"Klingstrom","twitter_card":"summary","twitter_creator":"@LikedHu","twitter_site":"@LikedHu","twitter_misc":{"Szerz\u0151:":"Klingstrom","Becs\u00fclt olvas\u00e1si id\u0151":"9 perc"},"schema":{"@context":"https:\/\/schema.org","@graph":[{"@type":"Article","@id":"https:\/\/liked.hu\/old\/erdekes\/regeszeti-leletek-amiket-a-tudosok-nem-tudtak-megmagyarazni\/#article","isPartOf":{"@id":"https:\/\/liked.hu\/old\/erdekes\/regeszeti-leletek-amiket-a-tudosok-nem-tudtak-megmagyarazni\/"},"author":{"name":"Klingstrom","@id":"https:\/\/liked.hu\/old\/#\/schema\/person\/1c8d3f8764991e8dcd6572a7de72da8a"},"headline":"R\u00e9g\u00e9szeti leletek, amiket a tud\u00f3sok nem tudtak megmagyar\u00e1zni","datePublished":"2024-03-24T14:24:05+00:00","dateModified":"2024-03-24T14:24:29+00:00","mainEntityOfPage":{"@id":"https:\/\/liked.hu\/old\/erdekes\/regeszeti-leletek-amiket-a-tudosok-nem-tudtak-megmagyarazni\/"},"wordCount":1789,"commentCount":0,"publisher":{"@id":"https:\/\/liked.hu\/old\/#organization"},"keywords":["lelet","r\u00e9g\u00e9szet","t\u00f6rt\u00e9nelem"],"articleSection":["\u00c9rdekess\u00e9gek"],"inLanguage":"hu","potentialAction":[{"@type":"CommentAction","name":"Comment","target":["https:\/\/liked.hu\/old\/erdekes\/regeszeti-leletek-amiket-a-tudosok-nem-tudtak-megmagyarazni\/#respond"]}]},{"@type":"WebPage","@id":"https:\/\/liked.hu\/old\/erdekes\/regeszeti-leletek-amiket-a-tudosok-nem-tudtak-megmagyarazni\/","url":"https:\/\/liked.hu\/old\/erdekes\/regeszeti-leletek-amiket-a-tudosok-nem-tudtak-megmagyarazni\/","name":"R\u00e9g\u00e9szeti leletek, amiket a tud\u00f3sok nem tudtak megmagyar\u00e1zni","isPartOf":{"@id":"https:\/\/liked.hu\/old\/#website"},"datePublished":"2024-03-24T14:24:05+00:00","dateModified":"2024-03-24T14:24:29+00:00","description":"Val\u00f3sz\u00edn\u0171leg m\u00e1r sosem kapunk v\u00e1laszt ezekre.","breadcrumb":{"@id":"https:\/\/liked.hu\/old\/erdekes\/regeszeti-leletek-amiket-a-tudosok-nem-tudtak-megmagyarazni\/#breadcrumb"},"inLanguage":"hu","potentialAction":[{"@type":"ReadAction","target":["https:\/\/liked.hu\/old\/erdekes\/regeszeti-leletek-amiket-a-tudosok-nem-tudtak-megmagyarazni\/"]}]},{"@type":"BreadcrumbList","@id":"https:\/\/liked.hu\/old\/erdekes\/regeszeti-leletek-amiket-a-tudosok-nem-tudtak-megmagyarazni\/#breadcrumb","itemListElement":[{"@type":"ListItem","position":1,"name":"Kezd\u0151lap","item":"https:\/\/liked.hu\/old\/"},{"@type":"ListItem","position":2,"name":"R\u00e9g\u00e9szeti leletek, amiket a tud\u00f3sok nem tudtak megmagyar\u00e1zni"}]},{"@type":"WebSite","@id":"https:\/\/liked.hu\/old\/#website","url":"https:\/\/liked.hu\/old\/","name":"Liked.hu","description":"","publisher":{"@id":"https:\/\/liked.hu\/old\/#organization"},"potentialAction":[{"@type":"SearchAction","target":{"@type":"EntryPoint","urlTemplate":"https:\/\/liked.hu\/old\/?s={search_term_string}"},"query-input":"required name=search_term_string"}],"inLanguage":"hu"},{"@type":"Organization","@id":"https:\/\/liked.hu\/old\/#organization","name":"Liked.hu","url":"https:\/\/liked.hu\/old\/","sameAs":["https:\/\/hu.pinterest.com\/likedhungary\/","https:\/\/www.youtube.com\/channel\/UCPv91dbMoIukYcM9b9nHN6Q","https:\/\/www.facebook.com\/liked.hu","https:\/\/twitter.com\/LikedHu"],"logo":{"@type":"ImageObject","inLanguage":"hu","@id":"https:\/\/liked.hu\/old\/#\/schema\/logo\/image\/","url":"https:\/\/liked.hu\/wp-content\/uploads\/2018\/08\/Liked-icon.png","contentUrl":"https:\/\/liked.hu\/wp-content\/uploads\/2018\/08\/Liked-icon.png","width":512,"height":512,"caption":"Liked.hu"},"image":{"@id":"https:\/\/liked.hu\/old\/#\/schema\/logo\/image\/"}},{"@type":"Person","@id":"https:\/\/liked.hu\/old\/#\/schema\/person\/1c8d3f8764991e8dcd6572a7de72da8a","name":"Klingstrom","image":{"@type":"ImageObject","inLanguage":"hu","@id":"https:\/\/liked.hu\/old\/#\/schema\/person\/image\/","url":"https:\/\/liked.hu\/old\/wp-content\/uploads\/avatars\/13\/604de88bd578a-bpfull.jpg","contentUrl":"https:\/\/liked.hu\/old\/wp-content\/uploads\/avatars\/13\/604de88bd578a-bpfull.jpg","caption":"Klingstrom"},"url":"https:\/\/liked.hu\/old\/u\/klingstrom\/"}]}},"publishpress_future_action":{"enabled":false,"date":"1970-01-01 01:00:00","action":"","terms":[],"taxonomy":"","browser_timezone_offset":0},"_links":{"self":[{"href":"https:\/\/liked.hu\/old\/wp-json\/wp\/v2\/posts\/328404"}],"collection":[{"href":"https:\/\/liked.hu\/old\/wp-json\/wp\/v2\/posts"}],"about":[{"href":"https:\/\/liked.hu\/old\/wp-json\/wp\/v2\/types\/post"}],"author":[{"embeddable":true,"href":"https:\/\/liked.hu\/old\/wp-json\/wp\/v2\/users\/13"}],"replies":[{"embeddable":true,"href":"https:\/\/liked.hu\/old\/wp-json\/wp\/v2\/comments?post=328404"}],"version-history":[{"count":0,"href":"https:\/\/liked.hu\/old\/wp-json\/wp\/v2\/posts\/328404\/revisions"}],"wp:featuredmedia":[{"embeddable":true,"href":"https:\/\/liked.hu\/old\/wp-json\/wp\/v2\/media\/328405"}],"wp:attachment":[{"href":"https:\/\/liked.hu\/old\/wp-json\/wp\/v2\/media?parent=328404"}],"wp:term":[{"taxonomy":"category","embeddable":true,"href":"https:\/\/liked.hu\/old\/wp-json\/wp\/v2\/categories?post=328404"},{"taxonomy":"post_tag","embeddable":true,"href":"https:\/\/liked.hu\/old\/wp-json\/wp\/v2\/tags?post=328404"}],"curies":[{"name":"wp","href":"https:\/\/api.w.org\/{rel}","templated":true}]}}