{"id":327387,"date":"2024-03-17T03:05:27","date_gmt":"2024-03-17T02:05:27","guid":{"rendered":"https:\/\/liked.hu\/old\/?p=327387"},"modified":"2024-03-17T03:05:29","modified_gmt":"2024-03-17T02:05:29","slug":"elkepeszto-tenyek-amikrol-soha-nem-tudtal","status":"publish","type":"post","link":"https:\/\/liked.hu\/old\/erdekes\/elkepeszto-tenyek-amikrol-soha-nem-tudtal\/","title":{"rendered":"Elk\u00e9peszt\u0151 t\u00e9nyek, amikr\u0151l soha nem tudt\u00e1l"},"content":{"rendered":"\n<p>A vil\u00e1gban minden nap annyi leny\u0171g\u00f6z\u0151 \u00e9s fantasztikus dolog t\u00f6rt\u00e9nik, hogy lehetetlen egyed\u00fcl mindent nyomon k\u00f6vetni. Rengeteg olyan dolog van, ami eszedbe juttatja: &#8222;Ki gondolta volna, hogy ilyesmi lehets\u00e9ges?&#8221;.<\/p>\n\n\n\n\n<div style=\"float:none;margin:0px 0 0px 0;text-align:center;\">\n<div class=\"mobileShowkakettes\"><div class=\"mobileShowka2\"><div style=\"padding-top:0px;padding-bottom:15px;min-height: 300px;\"><div class=\"hirdetes\">HIRDET\u00c9S<\/div>\n<!-- 300lista -->\n<ins class=\"adsbygoogle\"\n     style=\"display:inline-block;width:300px;height:250px\"\n     data-ad-client=\"ca-pub-9424088931673893\"\n     data-ad-slot=\"8471340766\"><\/ins>\n<script async>\n     (adsbygoogle = window.adsbygoogle || []).push({});\n<\/script><\/div><\/div><\/div><\/div>\n\n\n\n\n<p>Ma megismerheted a vil\u00e1g legr\u00f6videbb rep\u00fcl\u0151\u00fatj\u00e1t, a legk\u00fcl\u00f6nlegesebb utc\u00e1j\u00e1t, \u00e9s azt az izz\u00f3t, ami m\u00e1r t\u00f6bb mint 100 \u00e9ve vil\u00e1g\u00edt.<\/p>\n\n\n\n<h4>A legr\u00f6videbb rep\u00fcl\u0151\u00fat<\/h4>\n\n\n\n<figure class=\"wp-block-image size-full\"><img loading=\"lazy\" width=\"1200\" height=\"677\" src=\"https:\/\/liked.hu\/old\/wp-content\/uploads\/2024\/03\/Erdekes-tenyek-016.webp\" alt=\"\u00c9rdekes t\u00e9nyek 016\" class=\"wp-image-327403\" srcset=\"https:\/\/liked.hu\/old\/wp-content\/uploads\/2024\/03\/Erdekes-tenyek-016.webp 1200w, https:\/\/liked.hu\/old\/wp-content\/uploads\/2024\/03\/Erdekes-tenyek-016-768x433.webp 768w\" sizes=\"(max-width: 1200px) 100vw, 1200px\" \/><\/figure>\n\n\n\n<p>Utazz el Sk\u00f3ci\u00e1ba, az Orkney-szigetek egyik leg\u00e9szakibb r\u00e9sz\u00e9re, Westray-re, hogy kipr\u00f3b\u00e1ld a vil\u00e1g legr\u00f6videbb rep\u00fcl\u0151\u00fatj\u00e1t! A csup\u00e1n 2,7 kilom\u00e9teres t\u00e1vols\u00e1got Westray \u00e9s Papa Westray szigetei k\u00f6z\u00f6tt rep\u00fclik le.<\/p>\n\n\n\n<p>A Loganair, Sk\u00f3cia legnagyobb l\u00e9git\u00e1rsas\u00e1ga naponta egyszer ind\u00edt j\u00e1ratot a k\u00e9t sziget k\u00f6z\u00f6tt. A menetrend szerint a rep\u00fcl\u00e9s 2 percig tart, de kedvez\u0151 sz\u00e9lviszonyok eset\u00e9n ez ak\u00e1r 57 m\u00e1sodperc alatt is letudhat\u00f3!<\/p>\n\n\n\n<figure class=\"wp-block-image size-full\"><img loading=\"lazy\" width=\"1200\" height=\"900\" src=\"https:\/\/liked.hu\/old\/wp-content\/uploads\/2024\/03\/Erdekes-tenyek-015.webp\" alt=\"\u00c9rdekes t\u00e9nyek 015\" class=\"wp-image-327402\" srcset=\"https:\/\/liked.hu\/old\/wp-content\/uploads\/2024\/03\/Erdekes-tenyek-015.webp 1200w, https:\/\/liked.hu\/old\/wp-content\/uploads\/2024\/03\/Erdekes-tenyek-015-768x576.webp 768w\" sizes=\"(max-width: 1200px) 100vw, 1200px\" \/><\/figure>\n\n\n\n<p>A 8 \u00fcl\u00e9ses Britten-Norman Islander rep\u00fcl\u0151g\u00e9ppel t\u00f6rt\u00e9n\u0151 utaz\u00e1s\u00e9rt 14,50 fontot (kb. 6600 forintot) kell fizetni. A j\u00e1rat 1967 \u00f3ta \u00fczemel, \u00e9s 2017-ben \u00fcnnepelte az 50. \u00e9vfordul\u00f3j\u00e1t. Az utasok az\u00f3ta oklevelet is kapnak, ami igazolja, hogy megtett\u00e9k a vil\u00e1g legr\u00f6videbb rep\u00fcl\u0151\u00fatj\u00e1t.<\/p>\n\n\n\n\n<div style=\"float:none;margin:0px 0 0px 0;text-align:center;\">\n<div class=\"mobileHideke5\"><div style=\"margin-top:25px;\"><div class=\"hirdeteshatter\"><div style=\"display: inline-block;width: 50%;min-width:305px;vertical-align: top;\"><div class=\"hirdetes\">HIRDET\u00c9S<\/div>\n<!-- LikedQ51 -->\n<ins class=\"adsbygoogle\"\n     style=\"display:inline-block;width:300px;height:250px\"\n     data-ad-client=\"ca-pub-9424088931673893\"\n     data-ad-slot=\"8284063326\"><\/ins>\n<script async>\n     (adsbygoogle = window.adsbygoogle || []).push({});\n<\/script><\/div><div style=\"display: inline-block;width: 50%;min-width:305px;vertical-align: top;\"><div class=\"hirdetes\">HIRDET\u00c9S<\/div>\n<!-- LikedQ52 -->\n<ins class=\"adsbygoogle\"\n     style=\"display:inline-block;width:300px;height:250px\"\n     data-ad-client=\"ca-pub-9424088931673893\"\n     data-ad-slot=\"2840164950\"><\/ins>\n<script async>\n     (adsbygoogle = window.adsbygoogle || []).push({});\n<\/script><\/div><\/div><\/div><\/div>\n<div style=\"display:flex;flex-direction:column;\"><div class=\"mobileShowka5\"><div style=\"padding-top:10px;padding-bottom:10px;min-height: 300px;\"><div class=\"hirdetes\">HIRDET\u00c9S<\/div>\n<!-- LikedQ5M -->\n<ins class=\"adsbygoogle\"\n     style=\"display:inline-block;width:300px;height:250px\"\n     data-ad-client=\"ca-pub-9424088931673893\"\n     data-ad-slot=\"9022429928\"><\/ins>\n<script async>\n     (adsbygoogle = window.adsbygoogle || []).push({});\n<\/script><\/div><\/div><\/div><\/div>\n\n\n\n\n<h4>A vil\u00e1g legnagyobb j\u00e9ghegye<\/h4>\n\n\n\n<figure class=\"wp-block-image size-full\"><img loading=\"lazy\" width=\"1200\" height=\"800\" src=\"https:\/\/liked.hu\/old\/wp-content\/uploads\/2024\/03\/Erdekes-tenyek-014.webp\" alt=\"\u00c9rdekes t\u00e9nyek 014\" class=\"wp-image-327401\" srcset=\"https:\/\/liked.hu\/old\/wp-content\/uploads\/2024\/03\/Erdekes-tenyek-014.webp 1200w, https:\/\/liked.hu\/old\/wp-content\/uploads\/2024\/03\/Erdekes-tenyek-014-768x512.webp 768w\" sizes=\"(max-width: 1200px) 100vw, 1200px\" \/><\/figure>\n\n\n\n<p>Az A-76 n\u00e9ven jel\u00f6lt j\u00e9ghegy, ami 2023 m\u00e1jus\u00e1ban v\u00e1lt le a Filchner-Ronne selfj\u00e9gr\u0151l a Weddell-tengeren, az Antarktisz nyugati partjain\u00e1l, jelenleg a F\u00f6ld legnagyobb j\u00e9ghegye.<\/p>\n\n\n\n<figure class=\"wp-block-image size-full\"><img loading=\"lazy\" width=\"1200\" height=\"676\" src=\"https:\/\/liked.hu\/old\/wp-content\/uploads\/2024\/03\/Erdekes-tenyek-013.webp\" alt=\"\u00c9rdekes t\u00e9nyek 013\" class=\"wp-image-327400\" srcset=\"https:\/\/liked.hu\/old\/wp-content\/uploads\/2024\/03\/Erdekes-tenyek-013.webp 1200w, https:\/\/liked.hu\/old\/wp-content\/uploads\/2024\/03\/Erdekes-tenyek-013-768x433.webp 768w\" sizes=\"(max-width: 1200px) 100vw, 1200px\" \/><\/figure>\n\n\n\n<p>K\u00f6r\u00fclbel\u00fcl 4320 n\u00e9gyzetkilom\u00e9teres ter\u00fclet\u00e9vel (ami meghaladja Mallorca sziget\u00e9nek m\u00e9ret\u00e9t) 170 km hossz\u00fa \u00e9s 25 km sz\u00e9les. A kor\u00e1bbi rekorder, az A-23A j\u00e9ghegy 3880 n\u00e9gyzetkilom\u00e9ter volt.<\/p>\n\n\n\n<h4>Egy amerikai apa &#8222;kir\u00e1lys\u00e1got&#8221; adott a l\u00e1ny\u00e1nak<\/h4>\n\n\n\n<figure class=\"wp-block-image size-full\"><img loading=\"lazy\" width=\"970\" height=\"787\" src=\"https:\/\/liked.hu\/old\/wp-content\/uploads\/2024\/03\/Erdekes-tenyek-012.webp\" alt=\"\u00c9rdekes t\u00e9nyek 012\" class=\"wp-image-327399\" srcset=\"https:\/\/liked.hu\/old\/wp-content\/uploads\/2024\/03\/Erdekes-tenyek-012.webp 970w, https:\/\/liked.hu\/old\/wp-content\/uploads\/2024\/03\/Erdekes-tenyek-012-768x623.webp 768w\" sizes=\"(max-width: 970px) 100vw, 970px\" \/><\/figure>\n\n\n\n<p>Egy h\u00e1romgyermekes apa, Jeremiah Heaton, Virginia \u00e1llamb\u00f3l, val\u00f3ra v\u00e1ltotta a 7 \u00e9ves l\u00e1nya, Emily \u00e1lm\u00e1t, hogy hercegn\u0151v\u00e9 v\u00e1lhasson. Egy Egyiptom \u00e9s Szud\u00e1n k\u00f6z\u00f6tt fekv\u0151, 1300 n\u00e9gyzetkilom\u00e9teres ter\u00fcletet &#8222;kir\u00e1lys\u00e1gg\u00e1&#8221; nyilv\u00e1n\u00edtotta. A ter\u00fclet a senki f\u00f6ldje, ez\u00e9rt Heaton kit\u0171z\u00f6tt ott egy z\u00e1szl\u00f3t.<\/p>\n\n\n\n<figure class=\"wp-block-image size-full\"><img loading=\"lazy\" width=\"1200\" height=\"675\" src=\"https:\/\/liked.hu\/old\/wp-content\/uploads\/2024\/03\/Erdekes-tenyek-011.webp\" alt=\"\u00c9rdekes t\u00e9nyek 011\" class=\"wp-image-327398\" srcset=\"https:\/\/liked.hu\/old\/wp-content\/uploads\/2024\/03\/Erdekes-tenyek-011.webp 1200w, https:\/\/liked.hu\/old\/wp-content\/uploads\/2024\/03\/Erdekes-tenyek-011-768x432.webp 768w\" sizes=\"(max-width: 1200px) 100vw, 1200px\" \/><\/figure>\n\n\n\n<p>&#8222;Egy t\u00e9li napon Emily a hercegn\u0151kr\u0151l besz\u00e9lt, \u00e9s komolyan megk\u00e9rdezte, hogy lehet-e bel\u0151le hercegn\u0151. Azt mondtam neki, hogy igen,&#8221; &#8211; mes\u00e9lte Heaton a t\u00f6rt\u00e9net h\u00e1tter\u00e9t. A &#8222;Kir\u00e1lys\u00e1g&#8221; hivatalos neve &#8222;Emily Hercegn\u0151s\u00e9g Kir\u00e1lys\u00e1ga&#8221;, \u00e9s egy szimbolikus gesztus, amellyel Heaton megmutatta l\u00e1ny\u00e1nak, hogy b\u00e1rmi lehets\u00e9ges, ha hisz benne. A &#8222;kir\u00e1lys\u00e1g&#8221; hivatalos megalap\u00edt\u00e1sa m\u00e9g jelenleg is folyamatban van.<\/p>\n\n\n\n\n<div style=\"float:none;margin:0px 0 0px 0;text-align:center;\">\n<div class=\"mobileHideke8\"><div style=\"margin-top:25px;\"><div class=\"hirdeteshatter\"><div style=\"display: inline-block;width: 50%;min-width:340px;vertical-align: top;\"><div class=\"hirdetes\">HIRDET\u00c9S<\/div>\n<!-- Liked7Q1 -->\n<ins class=\"adsbygoogle\"\n     style=\"display:inline-block;width:336px;height:280px\"\n     data-ad-client=\"ca-pub-9424088931673893\"\n     data-ad-slot=\"3022062587\"><\/ins>\n<script async>\n     (adsbygoogle = window.adsbygoogle || []).push({});\n<\/script><\/div><div style=\"display: inline-block;width: 50%;min-width:340px;vertical-align: top;\"><div class=\"hirdetes\">HIRDET\u00c9S<\/div>\n<!-- Liked7Q2 -->\n<ins class=\"adsbygoogle\"\n     style=\"display:inline-block;width:336px;height:280px\"\n     data-ad-client=\"ca-pub-9424088931673893\"\n     data-ad-slot=\"3952000871\"><\/ins>\n<script async>\n     (adsbygoogle = window.adsbygoogle || []).push({});\n<\/script><\/div><\/div><\/div><\/div>\n<div style=\"display:flex;flex-direction:column;\"><div class=\"mobileShowka8\"><div style=\"padding-top:15px;margin-bottom:15px;min-height: 300px;\"><div class=\"hirdetes\">HIRDET\u00c9S<\/div>\n<!-- Liked7QMobil -->\n<ins class=\"adsbygoogle\"\n     style=\"display:inline-block;width:336px;height:280px\"\n     data-ad-client=\"ca-pub-9424088931673893\"\n     data-ad-slot=\"5073510857\"><\/ins>\n<script async>\n     (adsbygoogle = window.adsbygoogle || []).push({});\n<\/script><\/div><\/div><\/div><\/div>\n\n\n\n\n<h4>Bossz\u00fab\u00f3l \u00e9p\u00fclt h\u00e1z<\/h4>\n\n\n\n<figure class=\"wp-block-image size-full\"><img loading=\"lazy\" width=\"1024\" height=\"653\" src=\"https:\/\/liked.hu\/old\/wp-content\/uploads\/2024\/03\/Erdekes-tenyek-010.webp\" alt=\"\u00c9rdekes t\u00e9nyek 010\" class=\"wp-image-327397\" srcset=\"https:\/\/liked.hu\/old\/wp-content\/uploads\/2024\/03\/Erdekes-tenyek-010.webp 1024w, https:\/\/liked.hu\/old\/wp-content\/uploads\/2024\/03\/Erdekes-tenyek-010-768x490.webp 768w\" sizes=\"(max-width: 1024px) 100vw, 1024px\" \/><\/figure>\n\n\n\n<p>Az 1925-ben, az USA-beli Seattle k\u00fclv\u00e1ros\u00e1ban, Montlake v\u00e1ros\u00e1ban \u00e9p\u00fclt csinos kis h\u00e1z mind\u00f6ssze 79 n\u00e9gyzetm\u00e9teren, \u00e9s egy igaz\u00e1n eredeti, megny\u00fajtott h\u00e1romsz\u00f6g alak\u00fa alaprajzzal b\u00fcszk\u00e9lkedhet. Az egyik oldal\u00e1n mind\u00f6ssze 4,57 m\u00e9ter, a m\u00e1sikon pedig 1,4 m\u00e9ter sz\u00e9les, de ez b\u0151ven elegend\u0151 volt egy bej\u00e1rati ajt\u00f3 elhelyez\u00e9s\u00e9hez. A t\u00f6rt\u00e9net szerint a Montlake Spite House-t sz\u00f3 szerint a szomsz\u00e9dok bosszant\u00e1s\u00e1ra \u00e9p\u00edtett\u00e9k.<\/p>\n\n\n\n<figure class=\"wp-block-image size-full\"><img loading=\"lazy\" width=\"1083\" height=\"829\" src=\"https:\/\/liked.hu\/old\/wp-content\/uploads\/2024\/03\/Erdekes-tenyek-009.webp\" alt=\"\u00c9rdekes t\u00e9nyek 009\" class=\"wp-image-327396\" srcset=\"https:\/\/liked.hu\/old\/wp-content\/uploads\/2024\/03\/Erdekes-tenyek-009.webp 1083w, https:\/\/liked.hu\/old\/wp-content\/uploads\/2024\/03\/Erdekes-tenyek-009-768x588.webp 768w\" sizes=\"(max-width: 1083px) 100vw, 1083px\" \/><\/figure>\n\n\n\n<p>Egykor a kis, mind\u00f6ssze 287 n\u00e9gyzetm\u00e9teres telek tulajdonosa \u00fagy d\u00f6nt\u00f6tt, hogy eladja a szomsz\u00e9dainak b\u0151v\u00edt\u00e9s c\u00e9lj\u00e1b\u00f3l. \u0150k azonban egy olyan nevets\u00e9gesen alacsony \u00f6sszeget aj\u00e1nlottak fel, hogy a tulajdonost d\u00fchbe gurult. Bossz\u00fab\u00f3l a telek tulajdonosa egy hossz\u00fa, keskeny h\u00e1zat \u00e9p\u00edtett a telk\u00e9n. Az \u00faj, hossz\u00fa \u00e9p\u00fclet v\u00e9g\u00fcl teljesen elz\u00e1rta a szomsz\u00e9dok kil\u00e1t\u00e1s\u00e1t az utcafrontra.<\/p>\n\n\n\n<h4>A t\u00f3 &#8222;\u00f6reg&#8221; rejt\u00e9lye<\/h4>\n\n\n\n<figure class=\"wp-block-image size-full\"><img loading=\"lazy\" width=\"790\" height=\"592\" src=\"https:\/\/liked.hu\/old\/wp-content\/uploads\/2024\/03\/Erdekes-tenyek-008.webp\" alt=\"\u00c9rdekes t\u00e9nyek 008\" class=\"wp-image-327395\" srcset=\"https:\/\/liked.hu\/old\/wp-content\/uploads\/2024\/03\/Erdekes-tenyek-008.webp 790w, https:\/\/liked.hu\/old\/wp-content\/uploads\/2024\/03\/Erdekes-tenyek-008-768x576.webp 768w\" sizes=\"(max-width: 790px) 100vw, 790px\" \/><\/figure>\n\n\n\n<p>Az Oregon \u00e1llambeli Crater Lake Nemzeti Park a park n\u00e9vad\u00f3 f\u0151 l\u00e1tnival\u00f3j\u00e1r\u00f3l kapta a nev\u00e9t. Ez a v\u00edzt\u00e1roz\u00f3, amely k\u00f6r\u00fclbel\u00fcl 7700 \u00e9vvel ezel\u0151tt a Mount Mazama vulk\u00e1n \u00f6sszeoml\u00e1sa ut\u00e1n keletkezett, az Egyes\u00fclt \u00c1llamok legm\u00e9lyebb tava (597 m\u00e9ter) \u00e9s a vil\u00e1g nyolcadik legm\u00e9lyebb tava. A t\u00f3 tov\u00e1bbi h\u00edrnevet szerzett mag\u00e1nak az &#8222;\u00d6reg&#8221; n\u00e9ven ismert hatalmas fat\u00f6rzsnek k\u00f6sz\u00f6nhet\u0151en, amely m\u00e1r t\u00f6bb mint sz\u00e1z \u00e9ve f\u00fcgg\u0151legesen \u00faszik a v\u00edzben. Az els\u0151 feljegyz\u00e9sek r\u00f3la 1896-b\u00f3l sz\u00e1rmaznak, a radiokarbonos vizsg\u00e1latok pedig 450 \u00e9ves korra dat\u00e1lt\u00e1k.<\/p>\n\n\n\n<p>Val\u00f3sz\u00edn\u0171leg egy vulk\u00e1ni lejt\u0151n leoml\u00f3 f\u00f6ldcsuszaml\u00e1s sodorta a v\u00edzbe az &#8222;\u00d6reget&#8221;, \u00e9s a t\u00f3 jeges vize &#8222;konzerv\u00e1lta&#8221;, megakad\u00e1lyozva a faanyag boml\u00e1s\u00e1t. A fat\u00f6rzs \u00e1tm\u00e9r\u0151je ma is 61 cm, a v\u00edzb\u0151l 1,2 m\u00e9ter magasan emelkedik ki, teljes hossza pedig 9 m\u00e9ter. A v\u00edz feletti r\u00e9sz kiss\u00e9 meggyeng\u00fclt, de a fa m\u00e9g mindig el\u00e9g er\u0151s ahhoz, hogy elb\u00edrja egy feln\u0151tt ember s\u00faly\u00e1t. A tud\u00f3sok, akik a jelens\u00e9get vizsg\u00e1lt\u00e1k, megfigyelt\u00e9k, hogy a fat\u00f6rzs folyamatosan mozog a v\u00edzen. Csak a megfigyel\u00e9si id\u0151szakban (1938 j\u00faliusa \u00e9s szeptembere k\u00f6z\u00f6tt) a fat\u00f6rzs k\u00f6zel 100 kilom\u00e9tert tett meg.<\/p>\n\n\n\n<p class=\"has-text-align-center\"><strong>M\u00e9g nincs v\u00e9ge, a bejegyz\u00e9s a hirdet\u00e9s alatti gombbal folytat\u00f3dik!<\/strong><\/p>\n\n\n\n<!--nextpage-->\n\n\n\n<h4>Casper, a buszmacska<\/h4>\n\n\n\n<figure class=\"wp-block-image size-full\"><img loading=\"lazy\" width=\"840\" height=\"472\" src=\"https:\/\/liked.hu\/old\/wp-content\/uploads\/2024\/03\/Erdekes-tenyek-007.webp\" alt=\"\u00c9rdekes t\u00e9nyek 007\" class=\"wp-image-327394\" srcset=\"https:\/\/liked.hu\/old\/wp-content\/uploads\/2024\/03\/Erdekes-tenyek-007.webp 840w, https:\/\/liked.hu\/old\/wp-content\/uploads\/2024\/03\/Erdekes-tenyek-007-768x432.webp 768w\" sizes=\"(max-width: 840px) 100vw, 840px\" \/><\/figure>\n\n\n\n<p>K\u00f6r\u00fclbel\u00fcl 10 \u00e9vvel ezel\u0151tt eg\u00e9sz Nagy-Britannia izgatottan figyelte Casper, a plymouthi macska kalandos \u00e9let\u00e9t, aki im\u00e1dta a buszoz\u00e1st. A fekete-feh\u00e9r cica minden reggel a h\u00e1za el\u0151tt v\u00e1rta a 3-as buszt, felsz\u00e1llt, \u00e9s v\u00e9gigutazta a k\u00f6rj\u00e1ratot. A sof\u0151r ezut\u00e1n gondosan kiengedte a cic\u00e1t ugyanott, ahol reggel felvette.<\/p>\n\n\n\n<figure class=\"wp-block-image size-full\"><img loading=\"lazy\" width=\"840\" height=\"472\" src=\"https:\/\/liked.hu\/old\/wp-content\/uploads\/2024\/03\/Erdekes-tenyek-006.webp\" alt=\"\u00c9rdekes t\u00e9nyek 006\" class=\"wp-image-327393\" srcset=\"https:\/\/liked.hu\/old\/wp-content\/uploads\/2024\/03\/Erdekes-tenyek-006.webp 840w, https:\/\/liked.hu\/old\/wp-content\/uploads\/2024\/03\/Erdekes-tenyek-006-768x432.webp 768w\" sizes=\"(max-width: 840px) 100vw, 840px\" \/><\/figure>\n\n\n\n<p>Kasper k\u00fcl\u00f6nleges hobbija orsz\u00e1gos m\u00e9diavisszhangot kapott, gazd\u00e1ja, Susan Finden pedig m\u00e9g k\u00f6nyvet is \u00edrt r\u00f3la. Susan-t a 2017-es hal\u00e1l\u00e1ig folyamatosan rajong\u00f3i levelek bomb\u00e1zt\u00e1k. Susan l\u00e1nya, Kim Holland elmond\u00e1sa szerint a k\u00f6nyv \u00f3ri\u00e1si sikert aratott.<\/p>\n\n\n\n<figure class=\"wp-block-image size-full\"><img loading=\"lazy\" width=\"525\" height=\"600\" src=\"https:\/\/liked.hu\/old\/wp-content\/uploads\/2024\/03\/Erdekes-tenyek-005.webp\" alt=\"\u00c9rdekes t\u00e9nyek 005\" class=\"wp-image-327392\"\/><\/figure>\n\n\n\n<p>&#8222;Rengeteg lev\u00e9l j\u00f6tt. N\u00e9h\u00e1nyan csak annyit \u00edrtak a bor\u00edt\u00e9kra: &#8216;Casper anyuk\u00e1j\u00e1nak, Plymouth-ba&#8217;, \u00e9s a post\u00e1s automatikusan k\u00e9zbes\u00edtette ezeket a leveleket&#8221; &#8211; eml\u00e9kszik vissza. Egy producer is felvette a kapcsolatot a csal\u00e1ddal, aki j\u00e1t\u00e9kfilmet akart forgatni, de nem siker\u00fclt finansz\u00edroz\u00f3t szereznie.<\/p>\n\n\n\n<p>Casper kalandjai sajnos 2010-ben tragikus v\u00e9get \u00e9rtek, amikor egy aut\u00f3 el\u00fct\u00f6tte. &#8222;Szeg\u00e9ny Caspert egy taxi \u00fct\u00f6tte el k\u00f6zvetlen\u00fcl a h\u00e1zunk el\u0151tt. ,,Anyu k\u00e9s\u0151bb rengeteg r\u00e9szv\u00e9tnyilv\u00e1n\u00edt\u00f3 levelet kapott buszsof\u0151r\u00f6kt\u0151l \u00e9s helyi lakosokt\u00f3l&#8221; &#8211; mes\u00e9lte Kim Holland.<\/p>\n\n\n\n\n<div style=\"float:none;margin:0px 0 0px 0;text-align:center;\">\n<div class=\"mobileHideke8\"><div class=\"hirdeteshatter\"><div style=\"display: inline-block;width: 50%;min-width:340px;vertical-align: top;\"><div class=\"hirdetes\">HIRDET\u00c9S<\/div>\n<!-- LikedQ81 -->\n<ins class=\"adsbygoogle\"\n     style=\"display:inline-block;width:336px;height:280px\"\n     data-ad-client=\"ca-pub-9424088931673893\"\n     data-ad-slot=\"2436840276\"><\/ins>\n<script async>\n     (adsbygoogle = window.adsbygoogle || []).push({});\n<\/script><\/div><div style=\"display: inline-block;width: 50%;min-width:340px;vertical-align: top;\"><div class=\"hirdetes\">HIRDET\u00c9S<\/div>\n<!-- LikedQ82 -->\n<ins class=\"adsbygoogle\"\n     style=\"display:inline-block;width:336px;height:280px\"\n     data-ad-client=\"ca-pub-9424088931673893\"\n     data-ad-slot=\"3558350253\"><\/ins>\n<script async>\n     (adsbygoogle = window.adsbygoogle || []).push({});\n<\/script><\/div><\/div><\/div>\n<div style=\"display:flex;flex-direction:column;\"><div class=\"mobileShowka8 nyolc\"><div style=\"padding-top:15px;padding-bottom:5px;min-height: 300px;\"><div class=\"hirdetes\">HIRDET\u00c9S<\/div>\n<!-- LikedQ8M -->\n<ins class=\"adsbygoogle\"\n     style=\"display:inline-block;width:336px;height:280px\"\n     data-ad-client=\"ca-pub-9424088931673893\"\n     data-ad-slot=\"4679860235\"><\/ins>\n<script async>\n     (adsbygoogle = window.adsbygoogle || []).push({});\n<\/script><\/div><\/div><\/div><\/div>\n\n\n\n\n<h4>Hal\u00e1los graffitik<\/h4>\n\n\n\n<figure class=\"wp-block-image size-full\"><img loading=\"lazy\" width=\"1200\" height=\"675\" src=\"https:\/\/liked.hu\/old\/wp-content\/uploads\/2024\/03\/Erdekes-tenyek-004.webp\" alt=\"\u00c9rdekes t\u00e9nyek 004\" class=\"wp-image-327391\" srcset=\"https:\/\/liked.hu\/old\/wp-content\/uploads\/2024\/03\/Erdekes-tenyek-004.webp 1200w, https:\/\/liked.hu\/old\/wp-content\/uploads\/2024\/03\/Erdekes-tenyek-004-768x432.webp 768w\" sizes=\"(max-width: 1200px) 100vw, 1200px\" \/><\/figure>\n\n\n\n<p>A graffiti egy n\u00e9pszer\u0171, de nem mindig leg\u00e1lis \u00f6nkifejez\u00e9si forma, amellyel a vil\u00e1g minden t\u00e1j\u00e1n tal\u00e1lkozhatunk. Utak, falak, \u00fatpadk\u00e1k, felh\u0151karcol\u00f3k, s\u0151t m\u00e9g betonj\u00e1rd\u00e1k is v\u00e1szonn\u00e1 v\u00e1lhatnak a graffitim\u0171v\u00e9szek sz\u00e1m\u00e1ra. A legt\u00f6bb orsz\u00e1gban a t\u00f6rv\u00e9ny a k\u00f6z- vagy mag\u00e1ntulajdonon l\u00e9v\u0151 graffitit vandalizmusnak min\u0151s\u00edti.<\/p>\n\n\n\n<p>N\u00e9h\u00e1ny graffitim\u0171v\u00e9sz nagy kock\u00e1zatot v\u00e1llal \u00e9s jelent\u0151s t\u00e1vols\u00e1gokat tesz meg, hogy nyomot hagyjon maga ut\u00e1n. A kock\u00e1zat nem mindig csak a rend\u0151rs\u00e9g \u00e1ltali elkap\u00e1s vesz\u00e9ly\u00e9t jelenti. El\u0151fordul, hogy a m\u0171v\u00e9szeknek nagyon vesz\u00e9lyes helyeken kell alkotniuk.<\/p>\n\n\n\n<figure class=\"wp-block-image size-full\"><img loading=\"lazy\" width=\"1200\" height=\"900\" src=\"https:\/\/liked.hu\/old\/wp-content\/uploads\/2024\/03\/Erdekes-tenyek-003.webp\" alt=\"\u00c9rdekes t\u00e9nyek 003\" class=\"wp-image-327390\" srcset=\"https:\/\/liked.hu\/old\/wp-content\/uploads\/2024\/03\/Erdekes-tenyek-003.webp 1200w, https:\/\/liked.hu\/old\/wp-content\/uploads\/2024\/03\/Erdekes-tenyek-003-768x576.webp 768w\" sizes=\"(max-width: 1200px) 100vw, 1200px\" \/><\/figure>\n\n\n\n<p>Az egyik legvesz\u00e9lyesebb graffitis munk\u00e1t Mexik\u00f3ban k\u00e9sz\u00edtett\u00e9k. Egy vide\u00f3n l\u00e1that\u00f3, ahogy fiatalok egy h\u00edd als\u00f3 sz\u00e9l\u00e9n haladnak. Biztos, hogy sokan fogj\u00e1k l\u00e1tni a graffittij\u00fcket. De vajon az, aki a felv\u00e9telt k\u00e9sz\u00edtette, eml\u00e9ket akart r\u00f3la \u00f6r\u00f6k\u00edteni, vagy a b\u0171ncselekm\u00e9nyt r\u00f6gz\u00edteni \u00e9s \u00e1tadni a felv\u00e9telt a rend\u0151rs\u00e9gnek? A h\u00edd v\u00e9kony perem\u00e9n \u00e1llva egyszerre t\u00f6bb fiatal is dolgozott, de sz\u00e1z m\u00e9terrel egy forgalmas \u00fat felett graffitizni rendk\u00edv\u00fcl kock\u00e1zatos v\u00e1llalkoz\u00e1s.<\/p>\n\n\n\n\n<div style=\"float:none;margin:0px 0 0px 0;text-align:center;\">\n<div class=\"mobileHideke5\"><div style=\"margin-top:25px;\"><div class=\"hirdeteshatter\"><div style=\"display: inline-block;width: 50%;min-width:305px;vertical-align: top;\"><div class=\"hirdetes\">HIRDET\u00c9S<\/div>\n<!-- LikedQ51 -->\n<ins class=\"adsbygoogle\"\n     style=\"display:inline-block;width:300px;height:250px\"\n     data-ad-client=\"ca-pub-9424088931673893\"\n     data-ad-slot=\"8284063326\"><\/ins>\n<script async>\n     (adsbygoogle = window.adsbygoogle || []).push({});\n<\/script><\/div><div style=\"display: inline-block;width: 50%;min-width:305px;vertical-align: top;\"><div class=\"hirdetes\">HIRDET\u00c9S<\/div>\n<!-- LikedQ52 -->\n<ins class=\"adsbygoogle\"\n     style=\"display:inline-block;width:300px;height:250px\"\n     data-ad-client=\"ca-pub-9424088931673893\"\n     data-ad-slot=\"2840164950\"><\/ins>\n<script async>\n     (adsbygoogle = window.adsbygoogle || []).push({});\n<\/script><\/div><\/div><\/div><\/div>\n<div style=\"display:flex;flex-direction:column;\"><div class=\"mobileShowka5\"><div style=\"padding-top:10px;padding-bottom:10px;min-height: 300px;\"><div class=\"hirdetes\">HIRDET\u00c9S<\/div>\n<!-- LikedQ5M -->\n<ins class=\"adsbygoogle\"\n     style=\"display:inline-block;width:300px;height:250px\"\n     data-ad-client=\"ca-pub-9424088931673893\"\n     data-ad-slot=\"9022429928\"><\/ins>\n<script async>\n     (adsbygoogle = window.adsbygoogle || []).push({});\n<\/script><\/div><\/div><\/div><\/div>\n\n\n\n\n<h4>A sz\u00e1z\u00e9ves l\u00e1mpa<\/h4>\n\n\n\n<figure class=\"wp-block-image size-full\"><img loading=\"lazy\" width=\"690\" height=\"450\" src=\"https:\/\/liked.hu\/old\/wp-content\/uploads\/2024\/03\/Erdekes-tenyek-002.webp\" alt=\"\u00c9rdekes t\u00e9nyek 002\" class=\"wp-image-327389\"\/><\/figure>\n\n\n\n<p>A hagyom\u00e1nyos izz\u00f3l\u00e1mp\u00e1k \u00e9lettartama k\u00f6r\u00fclbel\u00fcl ezer \u00f3ra. Ez is csak akkor igaz, ha j\u00f3 min\u0151s\u00e9g\u0171ek \u00e9s a legkedvez\u0151bb k\u00f6r\u00fclm\u00e9nyek k\u00f6z\u00f6tt haszn\u00e1lj\u00e1k \u0151ket. Ez\u00e9rt is leny\u0171g\u00f6z\u0151, hogy a vil\u00e1gon van egy izz\u00f3l\u00e1mpa, ami 1901 \u00f3ta, azaz m\u00e1r majdnem 120 \u00e9ve folyamatosan vil\u00e1g\u00edt.<\/p>\n\n\n\n<p>Csak k\u00e9tszer fordult el\u0151, hogy kikapcsolt\u00e1k: el\u0151sz\u00f6r 1976-ban, 22 percre, amikor \u00e1thelyezt\u00e9k, m\u00e1sodszor pedig 2013-ban, 7 \u00f3r\u00e1ra, az \u00e1ramell\u00e1t\u00e1s cser\u00e9je miatt.<\/p>\n\n\n\n<p>A mind\u00f6ssze 4 wattos (m\u00e1s forr\u00e1sok szerint 8 wattos) izz\u00f3nak saj\u00e1t neve van (a sz\u00e1z\u00e9ves l\u00e1mpa \/ Centennial Light), saj\u00e1t weboldala, \u00e9s m\u00e9g egy webkamera is figyeli a folyamatos m\u0171k\u00f6d\u00e9s\u00e9t.<\/p>\n\n\n\n<figure class=\"wp-block-image size-full\"><img loading=\"lazy\" width=\"1000\" height=\"805\" src=\"https:\/\/liked.hu\/old\/wp-content\/uploads\/2024\/03\/Erdekes-tenyek-001.webp\" alt=\"\u00c9rdekes t\u00e9nyek 001\" class=\"wp-image-327388\" srcset=\"https:\/\/liked.hu\/old\/wp-content\/uploads\/2024\/03\/Erdekes-tenyek-001.webp 1000w, https:\/\/liked.hu\/old\/wp-content\/uploads\/2024\/03\/Erdekes-tenyek-001-768x618.webp 768w\" sizes=\"(max-width: 1000px) 100vw, 1000px\" \/><\/figure>\n\n\n\n<p>Az izz\u00f3t a Shelby Electric Co. gy\u00e1rtotta, \u00e9s nem a megszokott volfr\u00e1m, hanem sz\u00e9n izz\u00f3sz\u00e1l van benne, ami nyolcszor vastagabb, mint a modern izz\u00f3kban. Az \u00fcvegb\u00far\u00e1t pedig k\u00e9zzel f\u00fajt\u00e1k a 20. sz\u00e1zad eleji \u00fcvegf\u00fav\u00f3k.<\/p>\n\n\n\n<p>Az izz\u00f3t Thomas Edison legf\u0151bb vet\u00e9lyt\u00e1rsa, Adolphe Chaye tervezte a vil\u00e1g\u00edt\u00e1stechnikai verseng\u00e9s keret\u00e9ben. \u00c9rdekess\u00e9g, hogy a Shelby Electric Co. 1912-ben elvesztette ezt a versenyt \u00e9s megsz\u0171nt.<\/p>\n","protected":false},"excerpt":{"rendered":"<p>Mes\u00e9l\u00fcnk n\u00e9h\u00e1ny dolgot, amit nem tudt\u00e1l a vil\u00e1gr\u00f3l.<\/p>\n","protected":false},"author":13,"featured_media":327405,"comment_status":"open","ping_status":"closed","sticky":false,"template":"","format":"standard","meta":{"buzzeditor_post_format":""},"categories":[23],"tags":[5823,2569],"yoast_head":"<!-- This site is optimized with the Yoast SEO plugin v19.6.1 - https:\/\/yoast.com\/wordpress\/plugins\/seo\/ -->\n<title>Elk\u00e9peszt\u0151 t\u00e9nyek, amikr\u0151l soha nem tudt\u00e1l<\/title>\n<meta name=\"description\" content=\"Mes\u00e9l\u00fcnk n\u00e9h\u00e1ny dolgot, amit nem tudt\u00e1l a vil\u00e1gr\u00f3l.\" \/>\n<meta name=\"robots\" content=\"index, follow, max-snippet:-1, max-image-preview:large, max-video-preview:-1\" \/>\n<link rel=\"canonical\" href=\"https:\/\/liked.hu\/old\/erdekes\/elkepeszto-tenyek-amikrol-soha-nem-tudtal\/\" \/>\n<link rel=\"next\" href=\"https:\/\/liked.hu\/old\/erdekes\/elkepeszto-tenyek-amikrol-soha-nem-tudtal\/2\/\" \/>\n<meta property=\"og:locale\" content=\"hu_HU\" \/>\n<meta property=\"og:type\" content=\"article\" \/>\n<meta property=\"og:title\" content=\"Elk\u00e9peszt\u0151 t\u00e9nyek, amikr\u0151l soha nem tudt\u00e1l\" \/>\n<meta property=\"og:description\" content=\"Mes\u00e9l\u00fcnk n\u00e9h\u00e1ny dolgot, amit nem tudt\u00e1l a vil\u00e1gr\u00f3l.\" \/>\n<meta property=\"og:url\" content=\"https:\/\/liked.hu\/old\/erdekes\/elkepeszto-tenyek-amikrol-soha-nem-tudtal\/\" \/>\n<meta property=\"og:site_name\" content=\"Liked.hu\" \/>\n<meta property=\"article:publisher\" content=\"https:\/\/www.facebook.com\/liked.hu\" \/>\n<meta property=\"article:published_time\" content=\"2024-03-17T02:05:27+00:00\" \/>\n<meta property=\"article:modified_time\" content=\"2024-03-17T02:05:29+00:00\" \/>\n<meta property=\"og:image\" content=\"https:\/\/liked.hu\/old\/wp-content\/uploads\/2024\/03\/Erdekes-tenyek.jpg\" \/>\n\t<meta property=\"og:image:width\" content=\"1200\" \/>\n\t<meta property=\"og:image:height\" content=\"630\" \/>\n\t<meta property=\"og:image:type\" content=\"image\/jpeg\" \/>\n<meta name=\"author\" content=\"Klingstrom\" \/>\n<meta name=\"twitter:card\" content=\"summary\" \/>\n<meta name=\"twitter:creator\" content=\"@LikedHu\" \/>\n<meta name=\"twitter:site\" content=\"@LikedHu\" \/>\n<meta name=\"twitter:label1\" content=\"Szerz\u0151:\" \/>\n\t<meta name=\"twitter:data1\" content=\"Klingstrom\" \/>\n\t<meta name=\"twitter:label2\" content=\"Becs\u00fclt olvas\u00e1si id\u0151\" \/>\n\t<meta name=\"twitter:data2\" content=\"8 perc\" \/>\n<script type=\"application\/ld+json\" class=\"yoast-schema-graph\">{\"@context\":\"https:\/\/schema.org\",\"@graph\":[{\"@type\":\"Article\",\"@id\":\"https:\/\/liked.hu\/old\/erdekes\/elkepeszto-tenyek-amikrol-soha-nem-tudtal\/#article\",\"isPartOf\":{\"@id\":\"https:\/\/liked.hu\/old\/erdekes\/elkepeszto-tenyek-amikrol-soha-nem-tudtal\/\"},\"author\":{\"name\":\"Klingstrom\",\"@id\":\"https:\/\/liked.hu\/old\/#\/schema\/person\/1c8d3f8764991e8dcd6572a7de72da8a\"},\"headline\":\"Elk\u00e9peszt\u0151 t\u00e9nyek, amikr\u0151l soha nem tudt\u00e1l\",\"datePublished\":\"2024-03-17T02:05:27+00:00\",\"dateModified\":\"2024-03-17T02:05:29+00:00\",\"mainEntityOfPage\":{\"@id\":\"https:\/\/liked.hu\/old\/erdekes\/elkepeszto-tenyek-amikrol-soha-nem-tudtal\/\"},\"wordCount\":1606,\"commentCount\":0,\"publisher\":{\"@id\":\"https:\/\/liked.hu\/old\/#organization\"},\"keywords\":[\"Ma tudtam meg!\",\"t\u00e9nyek\"],\"articleSection\":[\"\u00c9rdekess\u00e9gek\"],\"inLanguage\":\"hu\",\"potentialAction\":[{\"@type\":\"CommentAction\",\"name\":\"Comment\",\"target\":[\"https:\/\/liked.hu\/old\/erdekes\/elkepeszto-tenyek-amikrol-soha-nem-tudtal\/#respond\"]}]},{\"@type\":\"WebPage\",\"@id\":\"https:\/\/liked.hu\/old\/erdekes\/elkepeszto-tenyek-amikrol-soha-nem-tudtal\/\",\"url\":\"https:\/\/liked.hu\/old\/erdekes\/elkepeszto-tenyek-amikrol-soha-nem-tudtal\/\",\"name\":\"Elk\u00e9peszt\u0151 t\u00e9nyek, amikr\u0151l soha nem tudt\u00e1l\",\"isPartOf\":{\"@id\":\"https:\/\/liked.hu\/old\/#website\"},\"datePublished\":\"2024-03-17T02:05:27+00:00\",\"dateModified\":\"2024-03-17T02:05:29+00:00\",\"description\":\"Mes\u00e9l\u00fcnk n\u00e9h\u00e1ny dolgot, amit nem tudt\u00e1l a vil\u00e1gr\u00f3l.\",\"breadcrumb\":{\"@id\":\"https:\/\/liked.hu\/old\/erdekes\/elkepeszto-tenyek-amikrol-soha-nem-tudtal\/#breadcrumb\"},\"inLanguage\":\"hu\",\"potentialAction\":[{\"@type\":\"ReadAction\",\"target\":[\"https:\/\/liked.hu\/old\/erdekes\/elkepeszto-tenyek-amikrol-soha-nem-tudtal\/\"]}]},{\"@type\":\"BreadcrumbList\",\"@id\":\"https:\/\/liked.hu\/old\/erdekes\/elkepeszto-tenyek-amikrol-soha-nem-tudtal\/#breadcrumb\",\"itemListElement\":[{\"@type\":\"ListItem\",\"position\":1,\"name\":\"Kezd\u0151lap\"}]},{\"@type\":\"WebSite\",\"@id\":\"https:\/\/liked.hu\/old\/#website\",\"url\":\"https:\/\/liked.hu\/old\/\",\"name\":\"Liked.hu\",\"description\":\"\",\"publisher\":{\"@id\":\"https:\/\/liked.hu\/old\/#organization\"},\"potentialAction\":[{\"@type\":\"SearchAction\",\"target\":{\"@type\":\"EntryPoint\",\"urlTemplate\":\"https:\/\/liked.hu\/old\/?s={search_term_string}\"},\"query-input\":\"required name=search_term_string\"}],\"inLanguage\":\"hu\"},{\"@type\":\"Organization\",\"@id\":\"https:\/\/liked.hu\/old\/#organization\",\"name\":\"Liked.hu\",\"url\":\"https:\/\/liked.hu\/old\/\",\"sameAs\":[\"https:\/\/hu.pinterest.com\/likedhungary\/\",\"https:\/\/www.youtube.com\/channel\/UCPv91dbMoIukYcM9b9nHN6Q\",\"https:\/\/www.facebook.com\/liked.hu\",\"https:\/\/twitter.com\/LikedHu\"],\"logo\":{\"@type\":\"ImageObject\",\"inLanguage\":\"hu\",\"@id\":\"https:\/\/liked.hu\/old\/#\/schema\/logo\/image\/\",\"url\":\"https:\/\/liked.hu\/wp-content\/uploads\/2018\/08\/Liked-icon.png\",\"contentUrl\":\"https:\/\/liked.hu\/wp-content\/uploads\/2018\/08\/Liked-icon.png\",\"width\":512,\"height\":512,\"caption\":\"Liked.hu\"},\"image\":{\"@id\":\"https:\/\/liked.hu\/old\/#\/schema\/logo\/image\/\"}},{\"@type\":\"Person\",\"@id\":\"https:\/\/liked.hu\/old\/#\/schema\/person\/1c8d3f8764991e8dcd6572a7de72da8a\",\"name\":\"Klingstrom\",\"image\":{\"@type\":\"ImageObject\",\"inLanguage\":\"hu\",\"@id\":\"https:\/\/liked.hu\/old\/#\/schema\/person\/image\/\",\"url\":\"https:\/\/liked.hu\/old\/wp-content\/uploads\/avatars\/13\/604de88bd578a-bpfull.jpg\",\"contentUrl\":\"https:\/\/liked.hu\/old\/wp-content\/uploads\/avatars\/13\/604de88bd578a-bpfull.jpg\",\"caption\":\"Klingstrom\"},\"url\":\"https:\/\/liked.hu\/old\/u\/klingstrom\/\"}]}<\/script>\n<!-- \/ Yoast SEO plugin. -->","yoast_head_json":{"title":"Elk\u00e9peszt\u0151 t\u00e9nyek, amikr\u0151l soha nem tudt\u00e1l","description":"Mes\u00e9l\u00fcnk n\u00e9h\u00e1ny dolgot, amit nem tudt\u00e1l a vil\u00e1gr\u00f3l.","robots":{"index":"index","follow":"follow","max-snippet":"max-snippet:-1","max-image-preview":"max-image-preview:large","max-video-preview":"max-video-preview:-1"},"canonical":"https:\/\/liked.hu\/old\/erdekes\/elkepeszto-tenyek-amikrol-soha-nem-tudtal\/","next":"https:\/\/liked.hu\/old\/erdekes\/elkepeszto-tenyek-amikrol-soha-nem-tudtal\/2\/","og_locale":"hu_HU","og_type":"article","og_title":"Elk\u00e9peszt\u0151 t\u00e9nyek, amikr\u0151l soha nem tudt\u00e1l","og_description":"Mes\u00e9l\u00fcnk n\u00e9h\u00e1ny dolgot, amit nem tudt\u00e1l a vil\u00e1gr\u00f3l.","og_url":"https:\/\/liked.hu\/old\/erdekes\/elkepeszto-tenyek-amikrol-soha-nem-tudtal\/","og_site_name":"Liked.hu","article_publisher":"https:\/\/www.facebook.com\/liked.hu","article_published_time":"2024-03-17T02:05:27+00:00","article_modified_time":"2024-03-17T02:05:29+00:00","og_image":[{"width":1200,"height":630,"url":"https:\/\/liked.hu\/old\/wp-content\/uploads\/2024\/03\/Erdekes-tenyek.jpg","type":"image\/jpeg"}],"author":"Klingstrom","twitter_card":"summary","twitter_creator":"@LikedHu","twitter_site":"@LikedHu","twitter_misc":{"Szerz\u0151:":"Klingstrom","Becs\u00fclt olvas\u00e1si id\u0151":"8 perc"},"schema":{"@context":"https:\/\/schema.org","@graph":[{"@type":"Article","@id":"https:\/\/liked.hu\/old\/erdekes\/elkepeszto-tenyek-amikrol-soha-nem-tudtal\/#article","isPartOf":{"@id":"https:\/\/liked.hu\/old\/erdekes\/elkepeszto-tenyek-amikrol-soha-nem-tudtal\/"},"author":{"name":"Klingstrom","@id":"https:\/\/liked.hu\/old\/#\/schema\/person\/1c8d3f8764991e8dcd6572a7de72da8a"},"headline":"Elk\u00e9peszt\u0151 t\u00e9nyek, amikr\u0151l soha nem tudt\u00e1l","datePublished":"2024-03-17T02:05:27+00:00","dateModified":"2024-03-17T02:05:29+00:00","mainEntityOfPage":{"@id":"https:\/\/liked.hu\/old\/erdekes\/elkepeszto-tenyek-amikrol-soha-nem-tudtal\/"},"wordCount":1606,"commentCount":0,"publisher":{"@id":"https:\/\/liked.hu\/old\/#organization"},"keywords":["Ma tudtam meg!","t\u00e9nyek"],"articleSection":["\u00c9rdekess\u00e9gek"],"inLanguage":"hu","potentialAction":[{"@type":"CommentAction","name":"Comment","target":["https:\/\/liked.hu\/old\/erdekes\/elkepeszto-tenyek-amikrol-soha-nem-tudtal\/#respond"]}]},{"@type":"WebPage","@id":"https:\/\/liked.hu\/old\/erdekes\/elkepeszto-tenyek-amikrol-soha-nem-tudtal\/","url":"https:\/\/liked.hu\/old\/erdekes\/elkepeszto-tenyek-amikrol-soha-nem-tudtal\/","name":"Elk\u00e9peszt\u0151 t\u00e9nyek, amikr\u0151l soha nem tudt\u00e1l","isPartOf":{"@id":"https:\/\/liked.hu\/old\/#website"},"datePublished":"2024-03-17T02:05:27+00:00","dateModified":"2024-03-17T02:05:29+00:00","description":"Mes\u00e9l\u00fcnk n\u00e9h\u00e1ny dolgot, amit nem tudt\u00e1l a vil\u00e1gr\u00f3l.","breadcrumb":{"@id":"https:\/\/liked.hu\/old\/erdekes\/elkepeszto-tenyek-amikrol-soha-nem-tudtal\/#breadcrumb"},"inLanguage":"hu","potentialAction":[{"@type":"ReadAction","target":["https:\/\/liked.hu\/old\/erdekes\/elkepeszto-tenyek-amikrol-soha-nem-tudtal\/"]}]},{"@type":"BreadcrumbList","@id":"https:\/\/liked.hu\/old\/erdekes\/elkepeszto-tenyek-amikrol-soha-nem-tudtal\/#breadcrumb","itemListElement":[{"@type":"ListItem","position":1,"name":"Kezd\u0151lap"}]},{"@type":"WebSite","@id":"https:\/\/liked.hu\/old\/#website","url":"https:\/\/liked.hu\/old\/","name":"Liked.hu","description":"","publisher":{"@id":"https:\/\/liked.hu\/old\/#organization"},"potentialAction":[{"@type":"SearchAction","target":{"@type":"EntryPoint","urlTemplate":"https:\/\/liked.hu\/old\/?s={search_term_string}"},"query-input":"required name=search_term_string"}],"inLanguage":"hu"},{"@type":"Organization","@id":"https:\/\/liked.hu\/old\/#organization","name":"Liked.hu","url":"https:\/\/liked.hu\/old\/","sameAs":["https:\/\/hu.pinterest.com\/likedhungary\/","https:\/\/www.youtube.com\/channel\/UCPv91dbMoIukYcM9b9nHN6Q","https:\/\/www.facebook.com\/liked.hu","https:\/\/twitter.com\/LikedHu"],"logo":{"@type":"ImageObject","inLanguage":"hu","@id":"https:\/\/liked.hu\/old\/#\/schema\/logo\/image\/","url":"https:\/\/liked.hu\/wp-content\/uploads\/2018\/08\/Liked-icon.png","contentUrl":"https:\/\/liked.hu\/wp-content\/uploads\/2018\/08\/Liked-icon.png","width":512,"height":512,"caption":"Liked.hu"},"image":{"@id":"https:\/\/liked.hu\/old\/#\/schema\/logo\/image\/"}},{"@type":"Person","@id":"https:\/\/liked.hu\/old\/#\/schema\/person\/1c8d3f8764991e8dcd6572a7de72da8a","name":"Klingstrom","image":{"@type":"ImageObject","inLanguage":"hu","@id":"https:\/\/liked.hu\/old\/#\/schema\/person\/image\/","url":"https:\/\/liked.hu\/old\/wp-content\/uploads\/avatars\/13\/604de88bd578a-bpfull.jpg","contentUrl":"https:\/\/liked.hu\/old\/wp-content\/uploads\/avatars\/13\/604de88bd578a-bpfull.jpg","caption":"Klingstrom"},"url":"https:\/\/liked.hu\/old\/u\/klingstrom\/"}]}},"publishpress_future_action":{"enabled":false,"date":"1970-01-01 01:00:00","action":"","terms":[],"taxonomy":"","browser_timezone_offset":0},"_links":{"self":[{"href":"https:\/\/liked.hu\/old\/wp-json\/wp\/v2\/posts\/327387"}],"collection":[{"href":"https:\/\/liked.hu\/old\/wp-json\/wp\/v2\/posts"}],"about":[{"href":"https:\/\/liked.hu\/old\/wp-json\/wp\/v2\/types\/post"}],"author":[{"embeddable":true,"href":"https:\/\/liked.hu\/old\/wp-json\/wp\/v2\/users\/13"}],"replies":[{"embeddable":true,"href":"https:\/\/liked.hu\/old\/wp-json\/wp\/v2\/comments?post=327387"}],"version-history":[{"count":0,"href":"https:\/\/liked.hu\/old\/wp-json\/wp\/v2\/posts\/327387\/revisions"}],"wp:featuredmedia":[{"embeddable":true,"href":"https:\/\/liked.hu\/old\/wp-json\/wp\/v2\/media\/327405"}],"wp:attachment":[{"href":"https:\/\/liked.hu\/old\/wp-json\/wp\/v2\/media?parent=327387"}],"wp:term":[{"taxonomy":"category","embeddable":true,"href":"https:\/\/liked.hu\/old\/wp-json\/wp\/v2\/categories?post=327387"},{"taxonomy":"post_tag","embeddable":true,"href":"https:\/\/liked.hu\/old\/wp-json\/wp\/v2\/tags?post=327387"}],"curies":[{"name":"wp","href":"https:\/\/api.w.org\/{rel}","templated":true}]}}