{"id":326835,"date":"2024-03-14T20:34:31","date_gmt":"2024-03-14T19:34:31","guid":{"rendered":"https:\/\/liked.hu\/old\/?p=326835"},"modified":"2024-03-14T20:34:35","modified_gmt":"2024-03-14T19:34:35","slug":"9-furcsa-es-erdekes-lelet-amit-a-sajat-udvarukon-talaltak-az-emberek","status":"publish","type":"post","link":"https:\/\/liked.hu\/old\/erdekes\/9-furcsa-es-erdekes-lelet-amit-a-sajat-udvarukon-talaltak-az-emberek\/","title":{"rendered":"9 furcsa \u00e9s \u00e9rdekes lelet, amit a saj\u00e1t udvarukon tal\u00e1ltak az emberek"},"content":{"rendered":"\n<p>A kert\u00e9szked\u00e9s nem csak a n\u00f6v\u00e9nyekr\u0151l \u00e9s a friss leveg\u0151r\u0151l sz\u00f3l. N\u00e9ha a leghihetetlenebb kincsekre bukkanhatunk a f\u00f6ldben turk\u00e1lva! K\u00e9pzeld el, hogy \u00e1sol egy g\u00f6dr\u00f6t egy \u00faj bokornak, \u00e9s egy \u0151si temet\u0151re bukkansz! Vagy tal\u00e1lsz egy elrejtett Ferrari versenyaut\u00f3t, ami \u00e9vtizedek \u00f3ta a f\u00f6ld alatt pihent!<\/p>\n\n\n\n\n<div style=\"float:none;margin:0px 0 0px 0;text-align:center;\">\n<div class=\"mobileShowkakettes\"><div class=\"mobileShowka2\"><div style=\"padding-top:0px;padding-bottom:15px;min-height: 300px;\"><div class=\"hirdetes\">HIRDET\u00c9S<\/div>\n<!-- 300lista -->\n<ins class=\"adsbygoogle\"\n     style=\"display:inline-block;width:300px;height:250px\"\n     data-ad-client=\"ca-pub-9424088931673893\"\n     data-ad-slot=\"8471340766\"><\/ins>\n<script async>\n     (adsbygoogle = window.adsbygoogle || []).push({});\n<\/script><\/div><\/div><\/div><\/div>\n\n\n\n\n<p>Ebben a cikkben bemutatunk n\u00e9h\u00e1ny leny\u0171g\u00f6z\u0151 leletet, amikre az emberek a kertj\u00fckben bukkantak. Biztosan leesik az \u00e1llad, ha megl\u00e1tod, mit tal\u00e1ltak!<\/p>\n\n\n\n<h4>1. Sug\u00e1rv\u00e9delmi \u00f3v\u00f3hely<\/h4>\n\n\n\n<figure class=\"wp-block-image size-full\"><img loading=\"lazy\" width=\"640\" height=\"413\" src=\"https:\/\/liked.hu\/old\/wp-content\/uploads\/2024\/03\/Kertben-talalt-dolgok-010.webp\" alt=\"Kertben talalt dolgok 010\" class=\"wp-image-326837\"\/><\/figure>\n\n\n\n<p>A wisconsini Nin\u00e1b\u00f3l sz\u00e1rmaz\u00f3 Zwick csal\u00e1d \u00e9vek \u00f3ta hallotta a szomsz\u00e9dait\u00f3l, hogy a ter\u00fclet\u00fck\u00f6n r\u00e9gen radioakt\u00edv hullad\u00e9klerak\u00f3 volt, \u00e1ll\u00edt\u00f3lag egy f\u00e9mkapu al\u00e1 elrejtve. Sok\u00e1ig nem hittek a pletyk\u00e1knak, am\u00edg egy napon el nem hat\u00e1rozt\u00e1k, hogy felfedezik a kertj\u00fcket.<\/p>\n\n\n\n<p>2010-ben a csal\u00e1d felfedezett egy rejt\u00e9lyes bunkert \u00e9lelemmel, szersz\u00e1mokkal, eleml\u00e1mp\u00e1kkal, gyerty\u00e1kkal, gy\u00f3gyszerekkel, toalettcikkekkel, vad\u00e1szati felszerel\u00e9ssel \u00e9s egy Geiger-sz\u00e1ml\u00e1l\u00f3val a sug\u00e1rz\u00e1sszint m\u00e9r\u00e9s\u00e9hez.<\/p>\n\n\n\n<p>\u00dagy gondolj\u00e1k, hogy a minibunkert az 1960-as \u00e9vekben \u00e9p\u00edtett\u00e9k, a hidegh\u00e1bor\u00fa cs\u00facspontj\u00e1n. A kis helyis\u00e9gben, amit hamarosan m\u00fazeumm\u00e1 alak\u00edtottak, \u00e1gyak \u00e9s WC-k is voltak. Ken Zwick, aki felfedezte a mened\u00e9ket, azt mondja, hogy az \u00e9lelmiszerk\u00e9szlet k\u00f6r\u00fclbel\u00fcl k\u00e9t h\u00e9tre lett volna elegend\u0151.<\/p>\n\n\n\n<h4>2. Sz\u00e9p, ismeretlen eredet\u0171 \u00e1sv\u00e1ny<\/h4>\n\n\n\n<figure class=\"wp-block-image size-full\"><img loading=\"lazy\" width=\"640\" height=\"379\" src=\"https:\/\/liked.hu\/old\/wp-content\/uploads\/2024\/03\/Kertben-talalt-dolgok-009.webp\" alt=\"Kertben talalt dolgok 009\" class=\"wp-image-326838\"\/><\/figure>\n\n\n\n<p>Egy napon k\u00e9t Kitchenerb\u0151l, Kanad\u00e1b\u00f3l sz\u00e1rmaz\u00f3 l\u00e1ny a kertj\u00fckben \u00e1sott giliszt\u00e1kat a k\u00f6zelg\u0151 horg\u00e1szathoz. Hirtelen a l\u00e1nyok valami sokkal nagyobbra bukkantak &#8211; ismeretlenre, titokzatosra \u00e9s meglep\u0151re.<\/p>\n\n\n\n<p>A l\u00e1nyok egy hatalmas, \u00e1ttetsz\u0151 k\u0151re bukkantak, amely a napon csillogott, \u00e9s nem hasonl\u00edtott egyetlen ismert \u00e1sv\u00e1nyhoz sem. K\u00e9s\u0151bb kider\u00fclt, hogy nemcsak a l\u00e1nyok, de a szak\u00e9rt\u0151k sem tudt\u00e1k meghat\u00e1rozni, mi ez a k\u0151.<\/p>\n\n\n\n<p>&#8222;Ez nem meteoritdarab, nem kvarc, nem \u00fcveg, nem gy\u00e9m\u00e1nt \u00e9s nem rubin&#8221; &#8211; mondja Gary Winkler, a Kitcheneri K\u00f6vek \u00e9s \u00c1sv\u00e1nyok Klubj\u00e1nak tiszteletbeli tagja. &#8222;M\u00e9g soha nem l\u00e1ttam ekkora nagy \u00e9s csillog\u00f3 k\u00f6vet.&#8221;<\/p>\n\n\n\n\n<div style=\"float:none;margin:0px 0 0px 0;text-align:center;\">\n<div class=\"mobileHideke5\"><div style=\"margin-top:25px;\"><div class=\"hirdeteshatter\"><div style=\"display: inline-block;width: 50%;min-width:305px;vertical-align: top;\"><div class=\"hirdetes\">HIRDET\u00c9S<\/div>\n<!-- LikedQ51 -->\n<ins class=\"adsbygoogle\"\n     style=\"display:inline-block;width:300px;height:250px\"\n     data-ad-client=\"ca-pub-9424088931673893\"\n     data-ad-slot=\"8284063326\"><\/ins>\n<script async>\n     (adsbygoogle = window.adsbygoogle || []).push({});\n<\/script><\/div><div style=\"display: inline-block;width: 50%;min-width:305px;vertical-align: top;\"><div class=\"hirdetes\">HIRDET\u00c9S<\/div>\n<!-- LikedQ52 -->\n<ins class=\"adsbygoogle\"\n     style=\"display:inline-block;width:300px;height:250px\"\n     data-ad-client=\"ca-pub-9424088931673893\"\n     data-ad-slot=\"2840164950\"><\/ins>\n<script async>\n     (adsbygoogle = window.adsbygoogle || []).push({});\n<\/script><\/div><\/div><\/div><\/div>\n<div style=\"display:flex;flex-direction:column;\"><div class=\"mobileShowka5\"><div style=\"padding-top:10px;padding-bottom:10px;min-height: 300px;\"><div class=\"hirdetes\">HIRDET\u00c9S<\/div>\n<!-- LikedQ5M -->\n<ins class=\"adsbygoogle\"\n     style=\"display:inline-block;width:300px;height:250px\"\n     data-ad-client=\"ca-pub-9424088931673893\"\n     data-ad-slot=\"9022429928\"><\/ins>\n<script async>\n     (adsbygoogle = window.adsbygoogle || []).push({});\n<\/script><\/div><\/div><\/div><\/div>\n\n\n\n\n<h4>3. 14 milli\u00f3 \u00e9ves b\u00e1lnamaradv\u00e1nyok<\/h4>\n\n\n\n<figure class=\"wp-block-image size-full\"><img loading=\"lazy\" width=\"1200\" height=\"800\" src=\"https:\/\/liked.hu\/old\/wp-content\/uploads\/2024\/03\/Kertben-talalt-dolgok-008.webp\" alt=\"Kertben talalt dolgok 008\" class=\"wp-image-326839\" srcset=\"https:\/\/liked.hu\/old\/wp-content\/uploads\/2024\/03\/Kertben-talalt-dolgok-008.webp 1200w, https:\/\/liked.hu\/old\/wp-content\/uploads\/2024\/03\/Kertben-talalt-dolgok-008-768x512.webp 768w\" sizes=\"(max-width: 1200px) 100vw, 1200px\" \/><\/figure>\n\n\n\n<p>1978-ban Gary Johnson egy nagy szikl\u00e1t tal\u00e1lt a kertj\u00e9ben. Miut\u00e1n megvizsg\u00e1lta a leletet, egy tapasztalt bar\u00e1tja elmagyar\u00e1zta neki, hogy nem \u00e9rt\u00e9kes, ez\u00e9rt otthagyta a k\u00f6vet.<\/p>\n\n\n\n<p>\u00c9vtizedekkel k\u00e9s\u0151bb, 2014-ben Gary Johnson a t\u00e9v\u00e9ben egy riportot l\u00e1tott a szomsz\u00e9dj\u00e1r\u00f3l. Azt mondt\u00e1k, hogy a f\u00e9rfi udvar\u00e1n egy r\u00e9gi \u00e1llat maradv\u00e1nyait tal\u00e1lt\u00e1k. Ezut\u00e1n Gary egy m\u00e1sik szak\u00e9rt\u0151t h\u00edvott a k\u0151 megvizsg\u00e1l\u00e1s\u00e1ra. A hipot\u00e9zis beigazol\u00f3dott: a h\u00e9tk\u00f6znapi k\u0151 egy ritka b\u00e1lna maradv\u00e1nya volt, amir\u0151l \u00fagy gondolj\u00e1k, hogy 14-17 milli\u00f3 \u00e9ve lehetett a f\u00f6ldben.<\/p>\n\n\n\n<h4>4. 400 \u00e9ves templomi harangok<\/h4>\n\n\n\n<figure class=\"wp-block-image size-full\"><img loading=\"lazy\" width=\"600\" height=\"435\" src=\"https:\/\/liked.hu\/old\/wp-content\/uploads\/2024\/03\/Kertben-talalt-dolgok-007.webp\" alt=\"Kertben talalt dolgok 007\" class=\"wp-image-326840\"\/><\/figure>\n\n\n\n<p>2013-ban Csehorsz\u00e1gban 400 \u00e9vesre becs\u00fclt templomi harangokat tal\u00e1ltak. A felfedez\u00e9s egy helyi lakos v\u00e9letlen szerencs\u00e9je volt, aki a kertj\u00e9ben \u00e1sott \u00e1rkot a cs\u00f6vek lefektet\u00e9s\u00e9hez, amikor belebotlott a harangokba.<\/p>\n\n\n\n<p>Azt mondj\u00e1k, hogy a harangokat t\u00edz \u00e9vvel kor\u00e1bban lopt\u00e1k el a szomsz\u00e9dos templomb\u00f3l, \u00e9s val\u00f3sz\u00edn\u0171leg a gyan\u00fatlan f\u00e9rfi udvar\u00e1n rejtett\u00e9k el \u0151ket.<\/p>\n\n\n\n\n<div style=\"float:none;margin:0px 0 0px 0;text-align:center;\">\n<div class=\"mobileHideke8\"><div style=\"margin-top:25px;\"><div class=\"hirdeteshatter\"><div style=\"display: inline-block;width: 50%;min-width:340px;vertical-align: top;\"><div class=\"hirdetes\">HIRDET\u00c9S<\/div>\n<!-- Liked7Q1 -->\n<ins class=\"adsbygoogle\"\n     style=\"display:inline-block;width:336px;height:280px\"\n     data-ad-client=\"ca-pub-9424088931673893\"\n     data-ad-slot=\"3022062587\"><\/ins>\n<script async>\n     (adsbygoogle = window.adsbygoogle || []).push({});\n<\/script><\/div><div style=\"display: inline-block;width: 50%;min-width:340px;vertical-align: top;\"><div class=\"hirdetes\">HIRDET\u00c9S<\/div>\n<!-- Liked7Q2 -->\n<ins class=\"adsbygoogle\"\n     style=\"display:inline-block;width:336px;height:280px\"\n     data-ad-client=\"ca-pub-9424088931673893\"\n     data-ad-slot=\"3952000871\"><\/ins>\n<script async>\n     (adsbygoogle = window.adsbygoogle || []).push({});\n<\/script><\/div><\/div><\/div><\/div>\n<div style=\"display:flex;flex-direction:column;\"><div class=\"mobileShowka8\"><div style=\"padding-top:15px;margin-bottom:15px;min-height: 300px;\"><div class=\"hirdetes\">HIRDET\u00c9S<\/div>\n<!-- Liked7QMobil -->\n<ins class=\"adsbygoogle\"\n     style=\"display:inline-block;width:336px;height:280px\"\n     data-ad-client=\"ca-pub-9424088931673893\"\n     data-ad-slot=\"5073510857\"><\/ins>\n<script async>\n     (adsbygoogle = window.adsbygoogle || []).push({});\n<\/script><\/div><\/div><\/div><\/div>\n\n\n\n\n<h4>5. K\u00f6z\u00e9pkori kincs<\/h4>\n\n\n\n<figure class=\"wp-block-image size-full\"><img loading=\"lazy\" width=\"900\" height=\"620\" src=\"https:\/\/liked.hu\/old\/wp-content\/uploads\/2024\/03\/Kertben-talalt-dolgok-006.webp\" alt=\"Kertben talalt dolgok 006\" class=\"wp-image-326841\" srcset=\"https:\/\/liked.hu\/old\/wp-content\/uploads\/2024\/03\/Kertben-talalt-dolgok-006.webp 900w, https:\/\/liked.hu\/old\/wp-content\/uploads\/2024\/03\/Kertben-talalt-dolgok-006-768x529.webp 768w\" sizes=\"(max-width: 900px) 100vw, 900px\" \/><\/figure>\n\n\n\n<p>Azt mondhatn\u00e1nk, hogy senki sem gazdagszik meg egyik napr\u00f3l a m\u00e1sikra a kertj\u00e9ben \u00e1sott kincsek r\u00e9v\u00e9n. De ahogy l\u00e1thatjuk, n\u00e9ha ez m\u00e9gis megt\u00f6rt\u00e9nik. 2007-ben p\u00e9ld\u00e1ul osztr\u00e1k lakosok 1300 \u00e9ves \u00e9rt\u00e9kes gy\u0171r\u0171ket, brossokat \u00e9s \u00e9rm\u00e9ket tal\u00e1ltak a f\u00f6ldben.<\/p>\n\n\n\n<h4>6. Bronzkori s\u00edrk\u0151 (i. e. 25. sz\u00e1zadb\u00f3l)<\/h4>\n\n\n\n<figure class=\"wp-block-image size-full\"><img loading=\"lazy\" width=\"600\" height=\"398\" src=\"https:\/\/liked.hu\/old\/wp-content\/uploads\/2024\/03\/Kertben-talalt-dolgok-005.webp\" alt=\"Kertben talalt dolgok 005\" class=\"wp-image-326842\"\/><\/figure>\n\n\n\n<p>2001-ben egy brit ember, Steven Davis \u00fagy d\u00f6nt\u00f6tt, hogy megvizsg\u00e1l egy furcsa k\u00f6vet, ami m\u00e1r r\u00e9g\u00f3ta eltemetve pihent a birtok\u00e1n. T\u00f6rt\u00e9n\u00e9szhez fordult, hogy megtudja a rejt\u00e9lyes t\u00e1bla t\u00f6rt\u00e9net\u00e9t.<\/p>\n\n\n\n<p>Kider\u00fclt, hogy Davis kertj\u00e9ben l\u00e9v\u0151 k\u0151 nem egy h\u00e9tk\u00f6znapi k\u0151, hanem egy bronzkori s\u00edrk\u0151. A leletet alaposan megvizsg\u00e1lva a szak\u00e9rt\u0151 meg\u00e1llap\u00edtotta, hogy k\u00f6r\u00fclbel\u00fcl az i.e. 25. sz\u00e1zadban k\u00e9sz\u00fclhetett.<\/p>\n\n\n\n<!--nextpage-->\n\n\n\n<h4>7. \u0150si mamut maradv\u00e1nyai<\/h4>\n\n\n\n<figure class=\"wp-block-image size-full\"><img loading=\"lazy\" width=\"1200\" height=\"675\" src=\"https:\/\/liked.hu\/old\/wp-content\/uploads\/2024\/03\/Kertben-talalt-dolgok-004.webp\" alt=\"Kertben talalt dolgok 004\" class=\"wp-image-326843\" srcset=\"https:\/\/liked.hu\/old\/wp-content\/uploads\/2024\/03\/Kertben-talalt-dolgok-004.webp 1200w, https:\/\/liked.hu\/old\/wp-content\/uploads\/2024\/03\/Kertben-talalt-dolgok-004-768x432.webp 768w\" sizes=\"(max-width: 1200px) 100vw, 1200px\" \/><\/figure>\n\n\n\n<p>Egy michigani farmer a kertj\u00e9ben dolgozott, amikor az \u00e1s\u00f3ja hirtelen valami kem\u00e9nybe \u00fctk\u00f6z\u00f6tt&#8230; &#8222;Kincs!&#8221; &#8211; ki\u00e1ltotta fel boldogan a f\u00e9rfi. De kider\u00fclt, hogy ez sokkal jobb volt, mint valami arany\u00e9kszer.<\/p>\n\n\n\n<p>A rejt\u00e9lyes k\u00f6v\u00fclet egy mamut csontja volt, amelyet k\u00f6r\u00fclbel\u00fcl 12.000 \u00e9vvel ezel\u0151tt temettek el a f\u00f6ldbe. A becsl\u00e9sek szerint az \u00e1llat k\u00f6r\u00fclbel\u00fcl 40 \u00e9vesen pusztult el.<\/p>\n\n\n\n<h4>8. A m\u00e1sodik vil\u00e1gh\u00e1bor\u00fab\u00f3l sz\u00e1rmaz\u00f3 rak\u00e9t\u00e1k egy iskol\u00e1ban<\/h4>\n\n\n\n<figure class=\"wp-block-image size-full\"><img loading=\"lazy\" width=\"600\" height=\"449\" src=\"https:\/\/liked.hu\/old\/wp-content\/uploads\/2024\/03\/Kertben-talalt-dolgok-003.webp\" alt=\"Kertben talalt dolgok 003\" class=\"wp-image-326844\"\/><\/figure>\n\n\n\n<p>Egy floridai k\u00f6z\u00e9piskola campus\u00e1t egykor katonai l\u0151t\u00e9rk\u00e9nt haszn\u00e1lt\u00e1k, ahol k\u00fcl\u00f6nb\u00f6z\u0151 l\u0151szereket, bomb\u00e1kat \u00e9s rak\u00e9t\u00e1kat teszteltek. Ezeket az iskola fel\u00faj\u00edt\u00e1sa sor\u00e1n fedezt\u00e9k fel.<\/p>\n\n\n\n<p>Ennek k\u00f6vetkezt\u00e9ben az iskol\u00e1t be kellett z\u00e1rni, \u00e9s a helysz\u00ednen nagyszab\u00e1s\u00fa f\u00f6ldmunk\u00e1k kezd\u0151dtek. Az USA sz\u00e1razf\u00f6ldi hadsereg\u00e9nek M\u00e9rn\u00f6ki Hadtest\u00e9nek k\u00e9pvisel\u0151i kijelentett\u00e9k, hogy t\u00f6bb k\u00fcl\u00f6nb\u00f6z\u0151 t\u00edpus\u00fa l\u0151szert, s\u0151t m\u00e9g egy eg\u00e9sz tankot is tal\u00e1ltak!<\/p>\n\n\n\n\n<div style=\"float:none;margin:0px 0 0px 0;text-align:center;\">\n<div class=\"mobileHideke8\"><div class=\"hirdeteshatter\"><div style=\"display: inline-block;width: 50%;min-width:340px;vertical-align: top;\"><div class=\"hirdetes\">HIRDET\u00c9S<\/div>\n<!-- LikedQ81 -->\n<ins class=\"adsbygoogle\"\n     style=\"display:inline-block;width:336px;height:280px\"\n     data-ad-client=\"ca-pub-9424088931673893\"\n     data-ad-slot=\"2436840276\"><\/ins>\n<script async>\n     (adsbygoogle = window.adsbygoogle || []).push({});\n<\/script><\/div><div style=\"display: inline-block;width: 50%;min-width:340px;vertical-align: top;\"><div class=\"hirdetes\">HIRDET\u00c9S<\/div>\n<!-- LikedQ82 -->\n<ins class=\"adsbygoogle\"\n     style=\"display:inline-block;width:336px;height:280px\"\n     data-ad-client=\"ca-pub-9424088931673893\"\n     data-ad-slot=\"3558350253\"><\/ins>\n<script async>\n     (adsbygoogle = window.adsbygoogle || []).push({});\n<\/script><\/div><\/div><\/div>\n<div style=\"display:flex;flex-direction:column;\"><div class=\"mobileShowka8 nyolc\"><div style=\"padding-top:15px;padding-bottom:5px;min-height: 300px;\"><div class=\"hirdetes\">HIRDET\u00c9S<\/div>\n<!-- LikedQ8M -->\n<ins class=\"adsbygoogle\"\n     style=\"display:inline-block;width:336px;height:280px\"\n     data-ad-client=\"ca-pub-9424088931673893\"\n     data-ad-slot=\"4679860235\"><\/ins>\n<script async>\n     (adsbygoogle = window.adsbygoogle || []).push({});\n<\/script><\/div><\/div><\/div><\/div>\n\n\n\n\n<h4>9. 18. sz\u00e1zadi temet\u0151<\/h4>\n\n\n\n<figure class=\"wp-block-image size-full\"><img loading=\"lazy\" width=\"640\" height=\"503\" src=\"https:\/\/liked.hu\/old\/wp-content\/uploads\/2024\/03\/Kertben-talalt-dolgok-002.webp\" alt=\"Kertben talalt dolgok 002\" class=\"wp-image-326845\"\/><\/figure>\n\n\n\n<p>2010-ben egy Vincent Marcello nev\u0171 f\u00e9rfi New Orleansban, az USA-ban akart egy g\u00f6dr\u00f6t \u00e1sni a kertj\u00e9ben, hogy \u00fasz\u00f3medenc\u00e9t \u00e9p\u00edtsen. Amikor elkezdett \u00e1sni, az \u00e1s\u00f3ja egy fadarabba \u00fctk\u00f6z\u00f6tt. Ez furcs\u00e1nak t\u0171nt neki, \u00e9s h\u00edvott egy r\u00e9g\u00e9szcsoportot. K\u00e9s\u0151bb k\u00f6z\u00f6sen 15 fa kopors\u00f3t \u00e1stak ki Marcello h\u00e1ts\u00f3 udvar\u00e1n.<\/p>\n\n\n\n<p>Kider\u00fclt, hogy ez egy 18. sz\u00e1zadi temet\u0151. Valamikor a temet\u0151t betemett\u00e9k \u00e9s elfelejtett\u00e9k. Nem a legkellemesebb lelet, be kell vallani&#8230;<\/p>\n\n\n\n<h4>10. Verseny Ferrari<\/h4>\n\n\n\n<figure class=\"wp-block-image size-full\"><img loading=\"lazy\" width=\"970\" height=\"587\" src=\"https:\/\/liked.hu\/old\/wp-content\/uploads\/2024\/03\/Kertben-talalt-dolgok-001.webp\" alt=\"Kertben talalt dolgok 001\" class=\"wp-image-326846\" srcset=\"https:\/\/liked.hu\/old\/wp-content\/uploads\/2024\/03\/Kertben-talalt-dolgok-001.webp 970w, https:\/\/liked.hu\/old\/wp-content\/uploads\/2024\/03\/Kertben-talalt-dolgok-001-768x465.webp 768w\" sizes=\"(max-width: 970px) 100vw, 970px\" \/><\/figure>\n\n\n\n<p>Ez egy olyan felfedez\u00e9s, amir\u0151l minden gyerek \u00e1lmodik. Egy versenyaut\u00f3, \u00e9s m\u00e9ghozz\u00e1 egy igazi legenda: egy Ferrari Dino 264 GTS. Az aut\u00f3t 1978-ban tal\u00e1lt\u00e1k meg Los Angelesben. Gyerekek j\u00e1tszottak a kertben, amikor hirtelen valami furcs\u00e1ra bukkantak. Ahogy tov\u00e1bb \u00e1stak \u00e9s alaposabban megvizsg\u00e1lt\u00e1k a t\u00e1rgyat, a gyerekek r\u00e1j\u00f6ttek, hogy ez egy aut\u00f3 teteje.<\/p>\n\n\n\n<p>A gyerekeknek szerencs\u00e9j\u00fck volt, mert \u00e9ppen ekkor aut\u00f3zott arra egy seriff. Meg\u00e1ll\u00edtott\u00e1k, \u00e9s elmes\u00e9lt\u00e9k neki a furcsa felfedez\u00e9s\u00fcket. A seriff a koll\u00e9g\u00e1i seg\u00edts\u00e9g\u00e9vel ki\u00e1sta a Ferrari Dino 264 GTS-t, amelynek \u00e9rt\u00e9ke akkoriban 1800 doll\u00e1r volt.<\/p>\n\n\n\n<p>Kider\u00fclt, hogy az aut\u00f3t ellopt\u00e1k, de a rend\u0151rs\u00e9g v\u00e9g\u00fcl soha nem j\u00f6tt r\u00e1, hogy ki \u00e1shatta el a kertben.<\/p>\n\n\n\n<p class=\"has-text-align-center\"><strong>\u00c9s te milyen furcsa \u00e9s szokatlan t\u00e1rgyakat tal\u00e1lt\u00e1l m\u00e1r?<\/strong><\/p>\n","protected":false},"excerpt":{"rendered":"<p>N\u00e9ha t\u00e9nyleg meg\u00e9ri a kertben dolgozni.<\/p>\n","protected":false},"author":1,"featured_media":326836,"comment_status":"open","ping_status":"closed","sticky":false,"template":"","format":"standard","meta":{"buzzeditor_post_format":""},"categories":[23],"tags":[6380,1341,8893],"yoast_head":"<!-- This site is optimized with the Yoast SEO plugin v19.6.1 - https:\/\/yoast.com\/wordpress\/plugins\/seo\/ -->\n<title>9 furcsa \u00e9s \u00e9rdekes lelet, amit a saj\u00e1t udvarukon tal\u00e1ltak az emberek<\/title>\n<meta name=\"description\" content=\"N\u00e9ha t\u00e9nyleg meg\u00e9ri a kertben dolgozni.\" \/>\n<meta name=\"robots\" content=\"index, follow, max-snippet:-1, max-image-preview:large, max-video-preview:-1\" \/>\n<link rel=\"canonical\" href=\"https:\/\/liked.hu\/old\/erdekes\/9-furcsa-es-erdekes-lelet-amit-a-sajat-udvarukon-talaltak-az-emberek\/\" \/>\n<link rel=\"next\" href=\"https:\/\/liked.hu\/old\/erdekes\/9-furcsa-es-erdekes-lelet-amit-a-sajat-udvarukon-talaltak-az-emberek\/2\/\" \/>\n<meta property=\"og:locale\" content=\"hu_HU\" \/>\n<meta property=\"og:type\" content=\"article\" \/>\n<meta property=\"og:title\" content=\"9 furcsa \u00e9s \u00e9rdekes lelet, amit a saj\u00e1t udvarukon tal\u00e1ltak az emberek\" \/>\n<meta property=\"og:description\" content=\"N\u00e9ha t\u00e9nyleg meg\u00e9ri a kertben dolgozni.\" \/>\n<meta property=\"og:url\" content=\"https:\/\/liked.hu\/old\/erdekes\/9-furcsa-es-erdekes-lelet-amit-a-sajat-udvarukon-talaltak-az-emberek\/\" \/>\n<meta property=\"og:site_name\" content=\"Liked.hu\" \/>\n<meta property=\"article:publisher\" content=\"https:\/\/www.facebook.com\/liked.hu\" \/>\n<meta property=\"article:author\" content=\"https:\/\/facebook.com\/liked.hu\" \/>\n<meta property=\"article:published_time\" content=\"2024-03-14T19:34:31+00:00\" \/>\n<meta property=\"article:modified_time\" content=\"2024-03-14T19:34:35+00:00\" \/>\n<meta property=\"og:image\" content=\"https:\/\/liked.hu\/old\/wp-content\/uploads\/2024\/03\/Udvaron-talaltak.jpg\" \/>\n\t<meta property=\"og:image:width\" content=\"1200\" \/>\n\t<meta property=\"og:image:height\" content=\"630\" \/>\n\t<meta property=\"og:image:type\" content=\"image\/jpeg\" \/>\n<meta name=\"author\" content=\"VictorN.\" \/>\n<meta name=\"twitter:card\" content=\"summary\" \/>\n<meta name=\"twitter:creator\" content=\"@https:\/\/twitter.com\/likedhu\" \/>\n<meta name=\"twitter:site\" content=\"@LikedHu\" \/>\n<meta name=\"twitter:label1\" content=\"Szerz\u0151:\" \/>\n\t<meta name=\"twitter:data1\" content=\"VictorN.\" \/>\n\t<meta name=\"twitter:label2\" content=\"Becs\u00fclt olvas\u00e1si id\u0151\" \/>\n\t<meta name=\"twitter:data2\" content=\"6 perc\" \/>\n<script type=\"application\/ld+json\" class=\"yoast-schema-graph\">{\"@context\":\"https:\/\/schema.org\",\"@graph\":[{\"@type\":\"Article\",\"@id\":\"https:\/\/liked.hu\/old\/erdekes\/9-furcsa-es-erdekes-lelet-amit-a-sajat-udvarukon-talaltak-az-emberek\/#article\",\"isPartOf\":{\"@id\":\"https:\/\/liked.hu\/old\/erdekes\/9-furcsa-es-erdekes-lelet-amit-a-sajat-udvarukon-talaltak-az-emberek\/\"},\"author\":{\"name\":\"VictorN.\",\"@id\":\"https:\/\/liked.hu\/old\/#\/schema\/person\/02fa522b959d0531c9c34b0d531a7464\"},\"headline\":\"9 furcsa \u00e9s \u00e9rdekes lelet, amit a saj\u00e1t udvarukon tal\u00e1ltak az emberek\",\"datePublished\":\"2024-03-14T19:34:31+00:00\",\"dateModified\":\"2024-03-14T19:34:35+00:00\",\"mainEntityOfPage\":{\"@id\":\"https:\/\/liked.hu\/old\/erdekes\/9-furcsa-es-erdekes-lelet-amit-a-sajat-udvarukon-talaltak-az-emberek\/\"},\"wordCount\":1208,\"commentCount\":0,\"publisher\":{\"@id\":\"https:\/\/liked.hu\/old\/#organization\"},\"keywords\":[\"el\u00e9g \u00e9rdekes\",\"kert\",\"tal\u00e1lat\"],\"articleSection\":[\"\u00c9rdekess\u00e9gek\"],\"inLanguage\":\"hu\",\"potentialAction\":[{\"@type\":\"CommentAction\",\"name\":\"Comment\",\"target\":[\"https:\/\/liked.hu\/old\/erdekes\/9-furcsa-es-erdekes-lelet-amit-a-sajat-udvarukon-talaltak-az-emberek\/#respond\"]}]},{\"@type\":\"WebPage\",\"@id\":\"https:\/\/liked.hu\/old\/erdekes\/9-furcsa-es-erdekes-lelet-amit-a-sajat-udvarukon-talaltak-az-emberek\/\",\"url\":\"https:\/\/liked.hu\/old\/erdekes\/9-furcsa-es-erdekes-lelet-amit-a-sajat-udvarukon-talaltak-az-emberek\/\",\"name\":\"9 furcsa \u00e9s \u00e9rdekes lelet, amit a saj\u00e1t udvarukon tal\u00e1ltak az emberek\",\"isPartOf\":{\"@id\":\"https:\/\/liked.hu\/old\/#website\"},\"datePublished\":\"2024-03-14T19:34:31+00:00\",\"dateModified\":\"2024-03-14T19:34:35+00:00\",\"description\":\"N\u00e9ha t\u00e9nyleg meg\u00e9ri a kertben dolgozni.\",\"breadcrumb\":{\"@id\":\"https:\/\/liked.hu\/old\/erdekes\/9-furcsa-es-erdekes-lelet-amit-a-sajat-udvarukon-talaltak-az-emberek\/#breadcrumb\"},\"inLanguage\":\"hu\",\"potentialAction\":[{\"@type\":\"ReadAction\",\"target\":[\"https:\/\/liked.hu\/old\/erdekes\/9-furcsa-es-erdekes-lelet-amit-a-sajat-udvarukon-talaltak-az-emberek\/\"]}]},{\"@type\":\"BreadcrumbList\",\"@id\":\"https:\/\/liked.hu\/old\/erdekes\/9-furcsa-es-erdekes-lelet-amit-a-sajat-udvarukon-talaltak-az-emberek\/#breadcrumb\",\"itemListElement\":[{\"@type\":\"ListItem\",\"position\":1,\"name\":\"Kezd\u0151lap\"}]},{\"@type\":\"WebSite\",\"@id\":\"https:\/\/liked.hu\/old\/#website\",\"url\":\"https:\/\/liked.hu\/old\/\",\"name\":\"Liked.hu\",\"description\":\"\",\"publisher\":{\"@id\":\"https:\/\/liked.hu\/old\/#organization\"},\"potentialAction\":[{\"@type\":\"SearchAction\",\"target\":{\"@type\":\"EntryPoint\",\"urlTemplate\":\"https:\/\/liked.hu\/old\/?s={search_term_string}\"},\"query-input\":\"required name=search_term_string\"}],\"inLanguage\":\"hu\"},{\"@type\":\"Organization\",\"@id\":\"https:\/\/liked.hu\/old\/#organization\",\"name\":\"Liked.hu\",\"url\":\"https:\/\/liked.hu\/old\/\",\"sameAs\":[\"https:\/\/hu.pinterest.com\/likedhungary\/\",\"https:\/\/www.youtube.com\/channel\/UCPv91dbMoIukYcM9b9nHN6Q\",\"https:\/\/www.facebook.com\/liked.hu\",\"https:\/\/twitter.com\/LikedHu\"],\"logo\":{\"@type\":\"ImageObject\",\"inLanguage\":\"hu\",\"@id\":\"https:\/\/liked.hu\/old\/#\/schema\/logo\/image\/\",\"url\":\"https:\/\/liked.hu\/wp-content\/uploads\/2018\/08\/Liked-icon.png\",\"contentUrl\":\"https:\/\/liked.hu\/wp-content\/uploads\/2018\/08\/Liked-icon.png\",\"width\":512,\"height\":512,\"caption\":\"Liked.hu\"},\"image\":{\"@id\":\"https:\/\/liked.hu\/old\/#\/schema\/logo\/image\/\"}},{\"@type\":\"Person\",\"@id\":\"https:\/\/liked.hu\/old\/#\/schema\/person\/02fa522b959d0531c9c34b0d531a7464\",\"name\":\"VictorN.\",\"image\":{\"@type\":\"ImageObject\",\"inLanguage\":\"hu\",\"@id\":\"https:\/\/liked.hu\/old\/#\/schema\/person\/image\/\",\"url\":\"https:\/\/liked.hu\/old\/wp-content\/uploads\/avatars\/1\/1683660043-bpfull.jpg\",\"contentUrl\":\"https:\/\/liked.hu\/old\/wp-content\/uploads\/avatars\/1\/1683660043-bpfull.jpg\",\"caption\":\"VictorN.\"},\"description\":\"A Liked.hu szerkeszt\u0151je vagyok, m\u00e1r az id\u0151k kezdete \u00f3ta. Szabadid\u0151mben Jedi lovag \u00e9s Pok\u00e9mester. Puszilom \u00e9desany\u00e1mat.\",\"sameAs\":[\"https:\/\/liked.hu\",\"https:\/\/facebook.com\/liked.hu\",\"https:\/\/www.instagram.com\/likedhu\/\",\"https:\/\/pinterest.com\/likedhu\",\"https:\/\/twitter.com\/https:\/\/twitter.com\/likedhu\",\"https:\/\/www.youtube.com\/channel\/UCPv91dbMoIukYcM9b9nHN6Q\"],\"url\":\"https:\/\/liked.hu\/old\/u\/victorn\/\"}]}<\/script>\n<!-- \/ Yoast SEO plugin. -->","yoast_head_json":{"title":"9 furcsa \u00e9s \u00e9rdekes lelet, amit a saj\u00e1t udvarukon tal\u00e1ltak az emberek","description":"N\u00e9ha t\u00e9nyleg meg\u00e9ri a kertben dolgozni.","robots":{"index":"index","follow":"follow","max-snippet":"max-snippet:-1","max-image-preview":"max-image-preview:large","max-video-preview":"max-video-preview:-1"},"canonical":"https:\/\/liked.hu\/old\/erdekes\/9-furcsa-es-erdekes-lelet-amit-a-sajat-udvarukon-talaltak-az-emberek\/","next":"https:\/\/liked.hu\/old\/erdekes\/9-furcsa-es-erdekes-lelet-amit-a-sajat-udvarukon-talaltak-az-emberek\/2\/","og_locale":"hu_HU","og_type":"article","og_title":"9 furcsa \u00e9s \u00e9rdekes lelet, amit a saj\u00e1t udvarukon tal\u00e1ltak az emberek","og_description":"N\u00e9ha t\u00e9nyleg meg\u00e9ri a kertben dolgozni.","og_url":"https:\/\/liked.hu\/old\/erdekes\/9-furcsa-es-erdekes-lelet-amit-a-sajat-udvarukon-talaltak-az-emberek\/","og_site_name":"Liked.hu","article_publisher":"https:\/\/www.facebook.com\/liked.hu","article_author":"https:\/\/facebook.com\/liked.hu","article_published_time":"2024-03-14T19:34:31+00:00","article_modified_time":"2024-03-14T19:34:35+00:00","og_image":[{"width":1200,"height":630,"url":"https:\/\/liked.hu\/old\/wp-content\/uploads\/2024\/03\/Udvaron-talaltak.jpg","type":"image\/jpeg"}],"author":"VictorN.","twitter_card":"summary","twitter_creator":"@https:\/\/twitter.com\/likedhu","twitter_site":"@LikedHu","twitter_misc":{"Szerz\u0151:":"VictorN.","Becs\u00fclt olvas\u00e1si id\u0151":"6 perc"},"schema":{"@context":"https:\/\/schema.org","@graph":[{"@type":"Article","@id":"https:\/\/liked.hu\/old\/erdekes\/9-furcsa-es-erdekes-lelet-amit-a-sajat-udvarukon-talaltak-az-emberek\/#article","isPartOf":{"@id":"https:\/\/liked.hu\/old\/erdekes\/9-furcsa-es-erdekes-lelet-amit-a-sajat-udvarukon-talaltak-az-emberek\/"},"author":{"name":"VictorN.","@id":"https:\/\/liked.hu\/old\/#\/schema\/person\/02fa522b959d0531c9c34b0d531a7464"},"headline":"9 furcsa \u00e9s \u00e9rdekes lelet, amit a saj\u00e1t udvarukon tal\u00e1ltak az emberek","datePublished":"2024-03-14T19:34:31+00:00","dateModified":"2024-03-14T19:34:35+00:00","mainEntityOfPage":{"@id":"https:\/\/liked.hu\/old\/erdekes\/9-furcsa-es-erdekes-lelet-amit-a-sajat-udvarukon-talaltak-az-emberek\/"},"wordCount":1208,"commentCount":0,"publisher":{"@id":"https:\/\/liked.hu\/old\/#organization"},"keywords":["el\u00e9g \u00e9rdekes","kert","tal\u00e1lat"],"articleSection":["\u00c9rdekess\u00e9gek"],"inLanguage":"hu","potentialAction":[{"@type":"CommentAction","name":"Comment","target":["https:\/\/liked.hu\/old\/erdekes\/9-furcsa-es-erdekes-lelet-amit-a-sajat-udvarukon-talaltak-az-emberek\/#respond"]}]},{"@type":"WebPage","@id":"https:\/\/liked.hu\/old\/erdekes\/9-furcsa-es-erdekes-lelet-amit-a-sajat-udvarukon-talaltak-az-emberek\/","url":"https:\/\/liked.hu\/old\/erdekes\/9-furcsa-es-erdekes-lelet-amit-a-sajat-udvarukon-talaltak-az-emberek\/","name":"9 furcsa \u00e9s \u00e9rdekes lelet, amit a saj\u00e1t udvarukon tal\u00e1ltak az emberek","isPartOf":{"@id":"https:\/\/liked.hu\/old\/#website"},"datePublished":"2024-03-14T19:34:31+00:00","dateModified":"2024-03-14T19:34:35+00:00","description":"N\u00e9ha t\u00e9nyleg meg\u00e9ri a kertben dolgozni.","breadcrumb":{"@id":"https:\/\/liked.hu\/old\/erdekes\/9-furcsa-es-erdekes-lelet-amit-a-sajat-udvarukon-talaltak-az-emberek\/#breadcrumb"},"inLanguage":"hu","potentialAction":[{"@type":"ReadAction","target":["https:\/\/liked.hu\/old\/erdekes\/9-furcsa-es-erdekes-lelet-amit-a-sajat-udvarukon-talaltak-az-emberek\/"]}]},{"@type":"BreadcrumbList","@id":"https:\/\/liked.hu\/old\/erdekes\/9-furcsa-es-erdekes-lelet-amit-a-sajat-udvarukon-talaltak-az-emberek\/#breadcrumb","itemListElement":[{"@type":"ListItem","position":1,"name":"Kezd\u0151lap"}]},{"@type":"WebSite","@id":"https:\/\/liked.hu\/old\/#website","url":"https:\/\/liked.hu\/old\/","name":"Liked.hu","description":"","publisher":{"@id":"https:\/\/liked.hu\/old\/#organization"},"potentialAction":[{"@type":"SearchAction","target":{"@type":"EntryPoint","urlTemplate":"https:\/\/liked.hu\/old\/?s={search_term_string}"},"query-input":"required name=search_term_string"}],"inLanguage":"hu"},{"@type":"Organization","@id":"https:\/\/liked.hu\/old\/#organization","name":"Liked.hu","url":"https:\/\/liked.hu\/old\/","sameAs":["https:\/\/hu.pinterest.com\/likedhungary\/","https:\/\/www.youtube.com\/channel\/UCPv91dbMoIukYcM9b9nHN6Q","https:\/\/www.facebook.com\/liked.hu","https:\/\/twitter.com\/LikedHu"],"logo":{"@type":"ImageObject","inLanguage":"hu","@id":"https:\/\/liked.hu\/old\/#\/schema\/logo\/image\/","url":"https:\/\/liked.hu\/wp-content\/uploads\/2018\/08\/Liked-icon.png","contentUrl":"https:\/\/liked.hu\/wp-content\/uploads\/2018\/08\/Liked-icon.png","width":512,"height":512,"caption":"Liked.hu"},"image":{"@id":"https:\/\/liked.hu\/old\/#\/schema\/logo\/image\/"}},{"@type":"Person","@id":"https:\/\/liked.hu\/old\/#\/schema\/person\/02fa522b959d0531c9c34b0d531a7464","name":"VictorN.","image":{"@type":"ImageObject","inLanguage":"hu","@id":"https:\/\/liked.hu\/old\/#\/schema\/person\/image\/","url":"https:\/\/liked.hu\/old\/wp-content\/uploads\/avatars\/1\/1683660043-bpfull.jpg","contentUrl":"https:\/\/liked.hu\/old\/wp-content\/uploads\/avatars\/1\/1683660043-bpfull.jpg","caption":"VictorN."},"description":"A Liked.hu szerkeszt\u0151je vagyok, m\u00e1r az id\u0151k kezdete \u00f3ta. Szabadid\u0151mben Jedi lovag \u00e9s Pok\u00e9mester. Puszilom \u00e9desany\u00e1mat.","sameAs":["https:\/\/liked.hu","https:\/\/facebook.com\/liked.hu","https:\/\/www.instagram.com\/likedhu\/","https:\/\/pinterest.com\/likedhu","https:\/\/twitter.com\/https:\/\/twitter.com\/likedhu","https:\/\/www.youtube.com\/channel\/UCPv91dbMoIukYcM9b9nHN6Q"],"url":"https:\/\/liked.hu\/old\/u\/victorn\/"}]}},"publishpress_future_action":{"enabled":false,"date":"1970-01-01 01:00:00","action":"","terms":[],"taxonomy":"","browser_timezone_offset":0},"_links":{"self":[{"href":"https:\/\/liked.hu\/old\/wp-json\/wp\/v2\/posts\/326835"}],"collection":[{"href":"https:\/\/liked.hu\/old\/wp-json\/wp\/v2\/posts"}],"about":[{"href":"https:\/\/liked.hu\/old\/wp-json\/wp\/v2\/types\/post"}],"author":[{"embeddable":true,"href":"https:\/\/liked.hu\/old\/wp-json\/wp\/v2\/users\/1"}],"replies":[{"embeddable":true,"href":"https:\/\/liked.hu\/old\/wp-json\/wp\/v2\/comments?post=326835"}],"version-history":[{"count":0,"href":"https:\/\/liked.hu\/old\/wp-json\/wp\/v2\/posts\/326835\/revisions"}],"wp:featuredmedia":[{"embeddable":true,"href":"https:\/\/liked.hu\/old\/wp-json\/wp\/v2\/media\/326836"}],"wp:attachment":[{"href":"https:\/\/liked.hu\/old\/wp-json\/wp\/v2\/media?parent=326835"}],"wp:term":[{"taxonomy":"category","embeddable":true,"href":"https:\/\/liked.hu\/old\/wp-json\/wp\/v2\/categories?post=326835"},{"taxonomy":"post_tag","embeddable":true,"href":"https:\/\/liked.hu\/old\/wp-json\/wp\/v2\/tags?post=326835"}],"curies":[{"name":"wp","href":"https:\/\/api.w.org\/{rel}","templated":true}]}}