{"id":326221,"date":"2024-03-12T15:55:25","date_gmt":"2024-03-12T14:55:25","guid":{"rendered":"https:\/\/liked.hu\/old\/?p=326221"},"modified":"2024-03-12T15:55:27","modified_gmt":"2024-03-12T14:55:27","slug":"15-titokzatos-es-nehezen-megmagyarazhato-regeszeti-lelet","status":"publish","type":"post","link":"https:\/\/liked.hu\/old\/erdekes\/15-titokzatos-es-nehezen-megmagyarazhato-regeszeti-lelet\/","title":{"rendered":"15 titokzatos \u00e9s nehezen megmagyar\u00e1zhat\u00f3 r\u00e9g\u00e9szeti lelet"},"content":{"rendered":"\n<p>Az archeol\u00f3gia egy leny\u0171g\u00f6z\u0151 tudom\u00e1ny, ami betekint\u00e9st enged a m\u00faltba, \u00e9s felt\u00e1rja \u0151seink titkait. Azonban n\u00e9ha a r\u00e9g\u00e9szek olyan furcsa leletekre bukkannak, amelyek megfejt\u00e9se komoly kih\u00edv\u00e1st jelent.<\/p>\n\n\n\n\n<div style=\"float:none;margin:0px 0 0px 0;text-align:center;\">\n<div class=\"mobileShowkakettes\"><div class=\"mobileShowka2\"><div style=\"padding-top:0px;padding-bottom:15px;min-height: 300px;\"><div class=\"hirdetes\">HIRDET\u00c9S<\/div>\n<!-- 300lista -->\n<ins class=\"adsbygoogle\"\n     style=\"display:inline-block;width:300px;height:250px\"\n     data-ad-client=\"ca-pub-9424088931673893\"\n     data-ad-slot=\"8471340766\"><\/ins>\n<script async>\n     (adsbygoogle = window.adsbygoogle || []).push({});\n<\/script><\/div><\/div><\/div><\/div>\n\n\n\n\n<p>Ezek a rejt\u00e9lyes t\u00e1rgyak elgondolkodtatnak minket, \u00e9s arra k\u00e9sztetnek, hogy \u00fajragondoljuk a m\u00faltbeli civiliz\u00e1ci\u00f3k tud\u00e1s\u00e1t \u00e9s technol\u00f3gi\u00e1j\u00e1t.<\/p>\n\n\n\n<h4>1. A Szakkarai mad\u00e1r<\/h4>\n\n\n\n<figure class=\"wp-block-image size-full\"><img loading=\"lazy\" width=\"610\" height=\"450\" src=\"https:\/\/liked.hu\/old\/wp-content\/uploads\/2024\/03\/Regeszeti-leletek-015.webp\" alt=\"Regeszeti leletek 015\" class=\"wp-image-326223\"\/><\/figure>\n\n\n\n<p>A 19. sz\u00e1zad v\u00e9g\u00e9n Szakkar\u00e1ban tal\u00e1lt\u00e1k ezt a f\u00e1b\u00f3l k\u00e9sz\u00fclt mad\u00e1rfigur\u00e1t, ami az \u00f3kori Egyiptomb\u00f3l sz\u00e1rmazik. A szak\u00e9rt\u0151k nem tudnak megegyezni a pontos funkci\u00f3j\u00e1t illet\u0151en. A rep\u00fcl\u0151g\u00e9phez hasonl\u00edt\u00f3 szerkezete miatt egyesek \u00fagy gondolj\u00e1k, hogy ez egy \u0151si egyiptomi rep\u00fcl\u0151g\u00e9pmodell lehet. T\u00f6bb protot\u00edpust is \u00e9p\u00edtettek a tesztel\u00e9shez, de az eredm\u00e9nyek nem egy\u00e9rtelm\u0171ek. M\u00e1sok \u00fagy v\u00e9lik, hogy a Szakkarai mad\u00e1r csup\u00e1n egy gyerekj\u00e1t\u00e9k.<\/p>\n\n\n\n<h4>2. \u0150si &#8222;rep\u00fcl\u0151k&#8221;<\/h4>\n\n\n\n<figure class=\"wp-block-image size-full\"><img loading=\"lazy\" width=\"610\" height=\"450\" src=\"https:\/\/liked.hu\/old\/wp-content\/uploads\/2024\/03\/Regeszeti-leletek-014.webp\" alt=\"Regeszeti leletek 014\" class=\"wp-image-326224\"\/><\/figure>\n\n\n\n<p>Egy m\u00e1sik rejt\u00e9lyes lelet Kolumbi\u00e1b\u00f3l sz\u00e1rmazik. Ez egy 500 k\u00f6r\u00fclre dat\u00e1lt, aranyb\u00f3l k\u00e9sz\u00fclt, prec\u00edzen kidolgozott t\u00e1rgy. Vajon egy \u00e1llatot \u00e1br\u00e1zol, vagy egy bonyolult rep\u00fcl\u0151g\u00e9pmodell? Ez a &#8222;csecsebecse&#8221; alaposan megnehez\u00edtette az archeol\u00f3gusok dolg\u00e1t.<\/p>\n\n\n\n\n<div style=\"float:none;margin:0px 0 0px 0;text-align:center;\">\n<div class=\"mobileHideke5\"><div style=\"margin-top:25px;\"><div class=\"hirdeteshatter\"><div style=\"display: inline-block;width: 50%;min-width:305px;vertical-align: top;\"><div class=\"hirdetes\">HIRDET\u00c9S<\/div>\n<!-- LikedQ51 -->\n<ins class=\"adsbygoogle\"\n     style=\"display:inline-block;width:300px;height:250px\"\n     data-ad-client=\"ca-pub-9424088931673893\"\n     data-ad-slot=\"8284063326\"><\/ins>\n<script async>\n     (adsbygoogle = window.adsbygoogle || []).push({});\n<\/script><\/div><div style=\"display: inline-block;width: 50%;min-width:305px;vertical-align: top;\"><div class=\"hirdetes\">HIRDET\u00c9S<\/div>\n<!-- LikedQ52 -->\n<ins class=\"adsbygoogle\"\n     style=\"display:inline-block;width:300px;height:250px\"\n     data-ad-client=\"ca-pub-9424088931673893\"\n     data-ad-slot=\"2840164950\"><\/ins>\n<script async>\n     (adsbygoogle = window.adsbygoogle || []).push({});\n<\/script><\/div><\/div><\/div><\/div>\n<div style=\"display:flex;flex-direction:column;\"><div class=\"mobileShowka5\"><div style=\"padding-top:10px;padding-bottom:10px;min-height: 300px;\"><div class=\"hirdetes\">HIRDET\u00c9S<\/div>\n<!-- LikedQ5M -->\n<ins class=\"adsbygoogle\"\n     style=\"display:inline-block;width:300px;height:250px\"\n     data-ad-client=\"ca-pub-9424088931673893\"\n     data-ad-slot=\"9022429928\"><\/ins>\n<script async>\n     (adsbygoogle = window.adsbygoogle || []).push({});\n<\/script><\/div><\/div><\/div><\/div>\n\n\n\n\n<h4>3. A bagdadi &#8222;elem&#8221;<\/h4>\n\n\n\n<figure class=\"wp-block-image size-full\"><img loading=\"lazy\" width=\"610\" height=\"450\" src=\"https:\/\/liked.hu\/old\/wp-content\/uploads\/2024\/03\/Regeszeti-leletek-013.webp\" alt=\"Regeszeti leletek 013\" class=\"wp-image-326225\"\/><\/figure>\n\n\n\n<p>Az elemeket modern tal\u00e1lm\u00e1nynak gondoljuk, de vajon l\u00e9tezhettek m\u00e1r az \u0151sid\u0151kben is? A bagdadi &#8222;elemet&#8221; az 1930-as \u00e9vek v\u00e9g\u00e9n Wilhelm K\u00f6nig n\u00e9met archeol\u00f3gus fedezte fel Irakban. K\u00fcls\u0151re egy agyaged\u00e9nynek t\u0171nik, de ha belen\u00e9z\u00fcnk, egy feltekert r\u00e9zlapot tal\u00e1lunk benne, vasr\u00faddal. Ez a szerkezet k\u00e9pes elektromoss\u00e1got termelni, b\u00e1r csak nagyon kis teljes\u00edtm\u00e9nyt. A m\u0171k\u00f6d\u00e9shez csup\u00e1n egy gyenge ecetsavas oldatot kell az ed\u00e9nybe \u00f6nteni. A sav reakci\u00f3ba l\u00e9p a r\u00e9zzel \u00e9s a vassal, \u00edgy elektromos \u00e1ram keletkezik. Wilhelm K\u00f6nig \u00fagy gondolta, hogy a savval vagy l\u00faggal felt\u00f6lt\u00f6tt bagdadi &#8222;elem&#8221; (pontosabban galvanikus elem) egy voltos fesz\u00fclts\u00e9get tudott l\u00e9trehozni. K\u00f6nig ezut\u00e1n alaposabban \u00e1ttanulm\u00e1nyozta az iraki Nemzeti M\u00fazeum gy\u0171jtem\u00e9ny\u00e9t, \u00e9s leny\u0171g\u00f6zt\u00e9k a Kr. e. 2500-b\u00f3l sz\u00e1rmaz\u00f3 ez\u00fcst\u00f6z\u00f6tt r\u00e9zv\u00e1z\u00e1k. K\u00f6nig elm\u00e9lete szerint az ed\u00e9nyekre elektrol\u00edzissel vitt\u00e9k fel az ez\u00fcst\u00f6t.<\/p>\n\n\n\n<h4>4. A Patom kr\u00e1ter<\/h4>\n\n\n\n<figure class=\"wp-block-image size-full\"><img loading=\"lazy\" width=\"610\" height=\"450\" src=\"https:\/\/liked.hu\/old\/wp-content\/uploads\/2024\/03\/Regeszeti-leletek-012.webp\" alt=\"Regeszeti leletek 012\" class=\"wp-image-326226\"\/><\/figure>\n\n\n\n<p>Ez a m\u00e9szk\u0151b\u0151l \u00e1ll\u00f3 furcsas\u00e1g \u00fagy n\u00e9z ki, mintha emberi k\u00e9z alkotta volna, de val\u00f3sz\u00edn\u0171leg a term\u00e9szet m\u0171ve. Legal\u00e1bbis ez az elm\u00e9let. Senki sem tudja biztosan, hogyan keletkezett a kr\u00e1ter (m\u00e9g UFO-kkal kapcsolatos hipot\u00e9zisek is l\u00e9teznek). A kr\u00e1ter \u00e1tm\u00e9r\u0151je 160 m\u00e9ter, magass\u00e1ga 40 m\u00e9ter. A Patom foly\u00f3r\u00f3l kapta a nev\u00e9t, \u00e9s az Irkutszki ter\u00fclet Bodajbinszki j\u00e1r\u00e1s\u00e1ban tal\u00e1lhat\u00f3. A kr\u00e1ternek van egy m\u00e1sik neve is: &#8222;Sasf\u00e9szek&#8221;. A kr\u00e1ter k\u00f6r\u00fclbel\u00fcl 500 \u00e9ves. 1949-ben fedezte fel Vadim Kolpakov szovjet geol\u00f3gus.<\/p>\n\n\n\n<h4>5. A Nazca-geoglif\u00e1k<\/h4>\n\n\n\n<figure class=\"wp-block-image size-full\"><img loading=\"lazy\" width=\"610\" height=\"450\" src=\"https:\/\/liked.hu\/old\/wp-content\/uploads\/2024\/03\/Regeszeti-leletek-011.webp\" alt=\"Regeszeti leletek 011\" class=\"wp-image-326227\"\/><\/figure>\n\n\n\n<p>A Nazca-geoglif\u00e1k \u00f3ri\u00e1si geometriai \u00e9s figur\u00e1lis \u00e1br\u00e1k csoportja a perui Nazca-fenns\u00edkon &#8211; 143 rajz \u00e9s 13 000 vonal \u00e9s figura egy hatalmas &#8222;v\u00e1szonon&#8221;. Kr. e. 500-t\u00f3l Kr. u. 500-ig k\u00e9sz\u00fcltek. A geoglif\u00e1k k\u00fcl\u00f6nb\u00f6z\u0151 \u00e1llatokat \u00e9s n\u00f6v\u00e9nyeket \u00e1br\u00e1zolnak, emellett sok s\u00e1vot, h\u00e1romsz\u00f6get, trap\u00e9zt \u00e9s spir\u00e1lt is tal\u00e1lhatunk rajtuk. Azonban m\u00e9g mindig nem tal\u00e1ltak egy\u00e9rtelm\u0171 magyar\u00e1zatot arra, hogy mi\u00e9rt k\u00e9sz\u00fcltek.<\/p>\n\n\n\n\n<div style=\"float:none;margin:0px 0 0px 0;text-align:center;\">\n<div class=\"mobileHideke8\"><div style=\"margin-top:25px;\"><div class=\"hirdeteshatter\"><div style=\"display: inline-block;width: 50%;min-width:340px;vertical-align: top;\"><div class=\"hirdetes\">HIRDET\u00c9S<\/div>\n<!-- Liked7Q1 -->\n<ins class=\"adsbygoogle\"\n     style=\"display:inline-block;width:336px;height:280px\"\n     data-ad-client=\"ca-pub-9424088931673893\"\n     data-ad-slot=\"3022062587\"><\/ins>\n<script async>\n     (adsbygoogle = window.adsbygoogle || []).push({});\n<\/script><\/div><div style=\"display: inline-block;width: 50%;min-width:340px;vertical-align: top;\"><div class=\"hirdetes\">HIRDET\u00c9S<\/div>\n<!-- Liked7Q2 -->\n<ins class=\"adsbygoogle\"\n     style=\"display:inline-block;width:336px;height:280px\"\n     data-ad-client=\"ca-pub-9424088931673893\"\n     data-ad-slot=\"3952000871\"><\/ins>\n<script async>\n     (adsbygoogle = window.adsbygoogle || []).push({});\n<\/script><\/div><\/div><\/div><\/div>\n<div style=\"display:flex;flex-direction:column;\"><div class=\"mobileShowka8\"><div style=\"padding-top:15px;margin-bottom:15px;min-height: 300px;\"><div class=\"hirdetes\">HIRDET\u00c9S<\/div>\n<!-- Liked7QMobil -->\n<ins class=\"adsbygoogle\"\n     style=\"display:inline-block;width:336px;height:280px\"\n     data-ad-client=\"ca-pub-9424088931673893\"\n     data-ad-slot=\"5073510857\"><\/ins>\n<script async>\n     (adsbygoogle = window.adsbygoogle || []).push({});\n<\/script><\/div><\/div><\/div><\/div>\n\n\n\n\n<h4>6. A rejt\u00e9lyes domb<\/h4>\n\n\n\n<figure class=\"wp-block-image size-full\"><img loading=\"lazy\" width=\"610\" height=\"450\" src=\"https:\/\/liked.hu\/old\/wp-content\/uploads\/2024\/03\/Regeszeti-leletek-010.webp\" alt=\"Regeszeti leletek 010\" class=\"wp-image-326228\"\/><\/figure>\n\n\n\n<p>Az Amerikai Egyes\u00fclt \u00c1llamokban van egy &#8222;Rejt\u00e9lyes domb&#8221; nev\u0171 hely New Hampshire-ben. A domb k\u0151barlangokb\u00f3l \u00e1ll, amelyek falakkal \u00e9s mennyezettel ell\u00e1tott \u00e9p\u00edtm\u00e9nyekre eml\u00e9keztetnek. Vajon ez egy \u0151si, 4000 \u00e9vvel ezel\u0151tt az \u0151slakos amerikaiak \u00e1ltal \u00e9p\u00edtett megalitikus csillagvizsg\u00e1l\u00f3? Vagy egy enn\u00e9l modernebb \u00e9p\u00edtm\u00e9ny? Vannak, akik \u00fagy gondolj\u00e1k, hogy a 19. sz\u00e1zadb\u00f3l sz\u00e1rmazik. Ijeszt\u0151 t\u00e9ny, hogy ez a hely Salemben tal\u00e1lhat\u00f3, a boszork\u00e1nyokr\u00f3l \u00e9s \u00fcld\u00f6z\u0151ikr\u0151l h\u00edres v\u00e1rosban.<\/p>\n\n\n\n<h4>7. Az arc a szikl\u00e1ban<\/h4>\n\n\n\n<figure class=\"wp-block-image size-full\"><img loading=\"lazy\" width=\"610\" height=\"450\" src=\"https:\/\/liked.hu\/old\/wp-content\/uploads\/2024\/03\/Regeszeti-leletek-009.webp\" alt=\"Regeszeti leletek 009\" class=\"wp-image-326229\"\/><\/figure>\n\n\n\n<p>Ezt az arcot &#8211; vagy ami annak t\u0171nik &#8211; 2008-ban fedezt\u00e9k fel v\u00e9letlen\u00fcl a kanadai Csendes-\u00f3ce\u00e1ni Nemzeti Park rezerv\u00e1tum\u00e1ban, a Riks-szigeten, amikor valaki kajakozott a k\u00f6zelben. Neh\u00e9z megmondani, hogy emberi k\u00e9z vagy a term\u00e9szeti er\u0151k hozt\u00e1k-e l\u00e9tre. L\u00e9tezik egy elm\u00e9let, miszerint a Tseshaht t\u00f6rzs, amely \u0151sid\u0151k \u00f3ta ezen a ter\u00fcleten \u00e9l, k\u00f6zrej\u00e1tszhatott a m\u0171 l\u00e9trehoz\u00e1s\u00e1ban.<\/p>\n\n\n\n<h4>8. G\u00f6bekli Tepe<\/h4>\n\n\n\n<figure class=\"wp-block-image size-full\"><img loading=\"lazy\" width=\"610\" height=\"450\" src=\"https:\/\/liked.hu\/old\/wp-content\/uploads\/2024\/03\/Regeszeti-leletek-008.webp\" alt=\"Regeszeti leletek 008\" class=\"wp-image-326230\"\/><\/figure>\n\n\n\n<p>Ez a m\u00e1sik rejt\u00e9lyes k\u0151\u00e9p\u00edtm\u00e9ny D\u00e9lkelet-T\u00f6r\u00f6korsz\u00e1gban tal\u00e1lhat\u00f3, G\u00f6bekli Tepe n\u00e9ven. A neve &#8222;K\u00f6v\u00e9r domb&#8221;-ot jelent. A n\u00e9met Klaus Schmidt r\u00e9g\u00e9sz fedezte fel az 1990-es \u00e9vekben. K\u00f6r\u00fclbel\u00fcl 11 000 \u00e9ves. T alak\u00fa m\u00e9szk\u0151oszlopokb\u00f3l \u00e1ll, \u00e9s k\u0151korszaki szersz\u00e1mokat is tal\u00e1ltak a k\u00f6zel\u00e9ben. Val\u00f3sz\u00edn\u0171leg a neolitikum el\u0151tti vad\u00e1sz-gy\u0171jt\u00f6get\u0151 t\u00e1rsadalmak \u00e9p\u00edtett\u00e9k, de pontos funkci\u00f3ja a m\u00falt hom\u00e1ly\u00e1ba veszett. Biztosan felt\u00e9telezhet\u0151, hogy a G\u00f6bekli Tepe \u00e9p\u00edt\u00e9se vall\u00e1si tev\u00e9kenys\u00e9ggel kapcsolatos volt. Klaus Schmidt \u00fagy gondolta, hogy ritu\u00e1l\u00e9kat tartottak itt, \u00e9s nemr\u00e9g bizony\u00edt\u00e9kokat tal\u00e1ltak arra is, hogy emberek \u00e9ltek a helysz\u00ednen. Ez az egyik legr\u00e9gebbi ilyen jelleg\u0171 \u00e9p\u00edtm\u00e9ny a bolyg\u00f3n.<\/p>\n\n\n\n<!--nextpage-->\n\n\n\n<h4>9. Az Ica k\u00f6vek<\/h4>\n\n\n\n<figure class=\"wp-block-image size-full\"><img loading=\"lazy\" width=\"610\" height=\"450\" src=\"https:\/\/liked.hu\/old\/wp-content\/uploads\/2024\/03\/Regeszeti-leletek-007.webp\" alt=\"Regeszeti leletek 007\" class=\"wp-image-326231\"\/><\/figure>\n\n\n\n<p>Az Ica k\u00f6veket Dr. Javier Cabrera hozta nyilv\u00e1noss\u00e1gra. Az 1930-as \u00e9vekben egy perui farmer egy halat \u00e1br\u00e1zol\u00f3 k\u0151vel fordult a doktorhoz. Nem egy h\u00e9tk\u00f6znapi hal volt, hanem egy fosszilis hal rajza. Ki k\u00e9sz\u00edtette vajonezt a k\u00e9pet? Dr. Cabrera szerint idegenek lehettek. Vagy az emberek m\u00e1r kor\u00e1bban l\u00e9teztek, mint eddig gondoltuk. Dr. Javier Cabrera orvos volt, r\u00e9g\u00e9szeti v\u00e9gzetts\u00e9ggel nem rendelkezett, de h\u00e1trahagyott egy Tudom\u00e1nyos M\u00fazeumot, amely t\u00f6bb mint 50 000 Ica k\u00f6vet \u0151riz. Ezeken az Andok \u0151si lak\u00f3inak \u00e1br\u00e1zol\u00e1sai l\u00e1that\u00f3k, olyan t\u00f6rt\u00e9netekben, amelyek ellentmondanak a modern kronol\u00f3gi\u00e1nak. Sokan \u00fagy gondolj\u00e1k, hogy ez egy egyszer\u0171 megt\u00e9veszt\u00e9s. De vannak, akik az \u0151si eredet mellett \u00e9rvelnek. Az Ica k\u00f6vek egy\u00e9b kis gy\u0171jtem\u00e9nyei m\u00e1s perui m\u00fazeumokban is megtal\u00e1lhat\u00f3k.<\/p>\n\n\n\n<h4>10. A guatemalai k\u0151fej<\/h4>\n\n\n\n<figure class=\"wp-block-image size-full\"><img loading=\"lazy\" width=\"610\" height=\"450\" src=\"https:\/\/liked.hu\/old\/wp-content\/uploads\/2024\/03\/Regeszeti-leletek-006.webp\" alt=\"Regeszeti leletek 006\" class=\"wp-image-326232\"\/><\/figure>\n\n\n\n<p>Val\u00f3sz\u00edn\u0171leg hallott\u00e1l a H\u00fasv\u00e9t-sziget hatalmas k\u0151fejeir\u0151l, de mi a helyzet a k\u00f6z\u00e9p-amerikai Guatemal\u00e1ban tal\u00e1lhat\u00f3 k\u0151fejjel? Ez az arc a dzsungelben tal\u00e1lhat\u00f3 az orsz\u00e1g d\u00e9li r\u00e9sz\u00e9n. Von\u00e1sai nem hasonl\u00edtanak a helyi lakoss\u00e1g\u00e9hoz. Keveset tudunk err\u0151l a fejr\u0151l, azon k\u00edv\u00fcl, hogy t\u00f6bb mint 100 \u00e9vvel ezel\u0151tt fedezt\u00e9k fel. Dr. Oscar Rafael Padilla Lara mutatta be a vil\u00e1gnak. Egyel\u0151re nincs bizony\u00edt\u00e9k r\u00e1, hogy val\u00f3ban egy \u0151si darabr\u00f3l van sz\u00f3 \u00e9s nem valami modern hamis\u00edtv\u00e1nyr\u00f3l.<\/p>\n\n\n\n\n<div style=\"float:none;margin:0px 0 0px 0;text-align:center;\">\n<div class=\"mobileHideke8\"><div class=\"hirdeteshatter\"><div style=\"display: inline-block;width: 50%;min-width:340px;vertical-align: top;\"><div class=\"hirdetes\">HIRDET\u00c9S<\/div>\n<!-- LikedQ81 -->\n<ins class=\"adsbygoogle\"\n     style=\"display:inline-block;width:336px;height:280px\"\n     data-ad-client=\"ca-pub-9424088931673893\"\n     data-ad-slot=\"2436840276\"><\/ins>\n<script async>\n     (adsbygoogle = window.adsbygoogle || []).push({});\n<\/script><\/div><div style=\"display: inline-block;width: 50%;min-width:340px;vertical-align: top;\"><div class=\"hirdetes\">HIRDET\u00c9S<\/div>\n<!-- LikedQ82 -->\n<ins class=\"adsbygoogle\"\n     style=\"display:inline-block;width:336px;height:280px\"\n     data-ad-client=\"ca-pub-9424088931673893\"\n     data-ad-slot=\"3558350253\"><\/ins>\n<script async>\n     (adsbygoogle = window.adsbygoogle || []).push({});\n<\/script><\/div><\/div><\/div>\n<div style=\"display:flex;flex-direction:column;\"><div class=\"mobileShowka8 nyolc\"><div style=\"padding-top:15px;padding-bottom:5px;min-height: 300px;\"><div class=\"hirdetes\">HIRDET\u00c9S<\/div>\n<!-- LikedQ8M -->\n<ins class=\"adsbygoogle\"\n     style=\"display:inline-block;width:336px;height:280px\"\n     data-ad-client=\"ca-pub-9424088931673893\"\n     data-ad-slot=\"4679860235\"><\/ins>\n<script async>\n     (adsbygoogle = window.adsbygoogle || []).push({});\n<\/script><\/div><\/div><\/div><\/div>\n\n\n\n\n<h4>11. Angkor<\/h4>\n\n\n\n<figure class=\"wp-block-image size-full\"><img loading=\"lazy\" width=\"610\" height=\"450\" src=\"https:\/\/liked.hu\/old\/wp-content\/uploads\/2024\/03\/Regeszeti-leletek-005.webp\" alt=\"Regeszeti leletek 005\" class=\"wp-image-326233\"\/><\/figure>\n\n\n\n<p>Egy \u00fajabb leny\u0171g\u00f6z\u0151 felfedez\u00e9s, amit a kambodzsai dzsungelban tal\u00e1ltak. Ez egykoron az \u0151si Angkor v\u00e1ros volt. Becsl\u00e9sek szerint ez a preindusztri\u00e1lis metropolisz egymilli\u00f3 embernek adott otthont, \u00e9s a v\u00edz szolg\u00e1lt energiaforr\u00e1sk\u00e9nt. J\u00f3 \u00e1llapotban maradt, de ett\u0151l m\u00e9g nem kev\u00e9sb\u00e9 rejt\u00e9lyes. Senki sem tudja, hogy ez a hatalmas v\u00e1rosk\u00f6zpont mi\u00e9rt v\u00e1lt elhagyatott\u00e1.<\/p>\n\n\n\n<h4>12. A Sanxingdui leletek<\/h4>\n\n\n\n<figure class=\"wp-block-image size-full\"><img loading=\"lazy\" width=\"610\" height=\"450\" src=\"https:\/\/liked.hu\/old\/wp-content\/uploads\/2024\/03\/Regeszeti-leletek-004.webp\" alt=\"Regeszeti leletek 004\" class=\"wp-image-326234\"\/><\/figure>\n\n\n\n<p>A modern ember el\u0151sz\u00f6r 1929-ben hallott r\u00f3luk, de a r\u00e9szletesebb t\u00f6rt\u00e9net\u00fck csak f\u00e9l \u00e9vsz\u00e1zaddal k\u00e9s\u0151bb der\u00fclt ki. A Sanxingdui kult\u00fara K\u00edn\u00e1ban \u00e9lt k\u00f6r\u00fclbel\u00fcl 3000 \u00e9vvel ezel\u0151tt. Leny\u0171g\u00f6z\u0151 jade-, k\u0151-, bronz- \u00e9s m\u00e1s anyagokb\u00f3l k\u00e9sz\u00fclt leleteket hagytak h\u00e1tra. Valamilyen okn\u00e1l fogva a Sanxingdui-iak elhagyt\u00e1k az otthonukat, de ami \u00e9rdekes, hogy sok figyelemre m\u00e9lt\u00f3 t\u00e1rgyukat g\u00f6dr\u00f6kbe temett\u00e9k. Ez a szokatlan mad\u00e1rfej csak egy p\u00e9lda a sok k\u00f6z\u00fcl.<\/p>\n\n\n\n<h4>13. Costa Rica k\u0151g\u00f6mbjei<\/h4>\n\n\n\n<figure class=\"wp-block-image size-full\"><img loading=\"lazy\" width=\"610\" height=\"450\" src=\"https:\/\/liked.hu\/old\/wp-content\/uploads\/2024\/03\/Regeszeti-leletek-003.webp\" alt=\"Regeszeti leletek 003\" class=\"wp-image-326235\"\/><\/figure>\n\n\n\n<p>Ezek a t\u00f6k\u00e9letesen g\u00f6mb alak\u00fa, k\u00fcl\u00f6nb\u00f6z\u0151 m\u00e9ret\u0171 furcsas\u00e1gok K\u00f6z\u00e9p-Amerika dzsungeleiben tal\u00e1lhat\u00f3k. Az \u00f3kori Costa Rica ter\u00fclet\u00e9n \u00e9l\u0151 vezet\u0151k ezeket a g\u00f6mb\u00f6ket a h\u00e1zuk bej\u00e1rat\u00e1n\u00e1l sorba rendezt\u00e9k. N\u00e9h\u00e1ny g\u00f6mb \u00e1tm\u00e9r\u0151je el\u00e9rte a k\u00e9t m\u00e9tert. Min\u00e9l nagyobb a g\u00f6mb, ann\u00e1l nagyobb a hatalom? Ki tudja. Gabbr\u00f3b\u00f3l, m\u00e9szk\u0151b\u0151l \u00e9s homokk\u0151b\u0151l k\u00e9sz\u00fcltek. M\u00e9ret\u00fck egy h\u00fcvelykt\u0151l k\u00e9t m\u00e9terig terjed, a legnagyobbak 16 tonn\u00e1t nyomnak.<\/p>\n\n\n\n\n<div style=\"float:none;margin:0px 0 0px 0;text-align:center;\">\n<div class=\"mobileHideke5\"><div style=\"margin-top:25px;\"><div class=\"hirdeteshatter\"><div style=\"display: inline-block;width: 50%;min-width:305px;vertical-align: top;\"><div class=\"hirdetes\">HIRDET\u00c9S<\/div>\n<!-- LikedQ51 -->\n<ins class=\"adsbygoogle\"\n     style=\"display:inline-block;width:300px;height:250px\"\n     data-ad-client=\"ca-pub-9424088931673893\"\n     data-ad-slot=\"8284063326\"><\/ins>\n<script async>\n     (adsbygoogle = window.adsbygoogle || []).push({});\n<\/script><\/div><div style=\"display: inline-block;width: 50%;min-width:305px;vertical-align: top;\"><div class=\"hirdetes\">HIRDET\u00c9S<\/div>\n<!-- LikedQ52 -->\n<ins class=\"adsbygoogle\"\n     style=\"display:inline-block;width:300px;height:250px\"\n     data-ad-client=\"ca-pub-9424088931673893\"\n     data-ad-slot=\"2840164950\"><\/ins>\n<script async>\n     (adsbygoogle = window.adsbygoogle || []).push({});\n<\/script><\/div><\/div><\/div><\/div>\n<div style=\"display:flex;flex-direction:column;\"><div class=\"mobileShowka5\"><div style=\"padding-top:10px;padding-bottom:10px;min-height: 300px;\"><div class=\"hirdetes\">HIRDET\u00c9S<\/div>\n<!-- LikedQ5M -->\n<ins class=\"adsbygoogle\"\n     style=\"display:inline-block;width:300px;height:250px\"\n     data-ad-client=\"ca-pub-9424088931673893\"\n     data-ad-slot=\"9022429928\"><\/ins>\n<script async>\n     (adsbygoogle = window.adsbygoogle || []).push({});\n<\/script><\/div><\/div><\/div><\/div>\n\n\n\n\n<h4>14. &#8222;Hobbitok&#8221;<\/h4>\n\n\n\n<figure class=\"wp-block-image size-full\"><img loading=\"lazy\" width=\"610\" height=\"450\" src=\"https:\/\/liked.hu\/old\/wp-content\/uploads\/2024\/03\/Regeszeti-leletek-002.webp\" alt=\"Regeszeti leletek 002\" class=\"wp-image-326236\"\/><\/figure>\n\n\n\n<p>Nem a Gy\u0171r\u0171k Ura l\u00e9nyeir\u0151l van sz\u00f3, hanem egy \u0151si csontv\u00e1zgy\u0171jtem\u00e9nyr\u0151l, amely az ember egy kis csoportj\u00e1nak, a Homo floresiensisnek az \u0151smaradv\u00e1nyait \u0151rzi. Meglep\u0151 m\u00f3don 2003-ig nem tudtunk ezekr\u0151l a kis emberekr\u0151l, am\u00edg fel nem fedezt\u00e9k \u0151ket az indon\u00e9ziai Flores szigeten. Ez a lelet kib\u0151v\u00edtette az emberis\u00e9g fejl\u0151d\u00e9s\u00e9r\u0151l alkotott k\u00e9p\u00fcnket, de nem adott teljes magyar\u00e1zatot a jelens\u00e9gre. \u00dagy t\u0171nik, hogy a &#8222;hobbitok&#8221; k\u00f6r\u00fclbel\u00fcl 100 000 \u00e9vvel ezel\u0151tt \u00e9ltek a szigeten. \u00c9s igen, mint Tolkien hobbitjai, nekik is r\u00f6vid l\u00e1buk \u00e9s nagy l\u00e1bfej\u00fck volt.<\/p>\n\n\n\n<h4>15. Term\u00e9szetes nukle\u00e1ris reaktor<\/h4>\n\n\n\n<figure class=\"wp-block-image size-full\"><img loading=\"lazy\" width=\"610\" height=\"450\" src=\"https:\/\/liked.hu\/old\/wp-content\/uploads\/2024\/03\/Regeszeti-leletek-001.webp\" alt=\"Regeszeti leletek 001\" class=\"wp-image-326237\"\/><\/figure>\n\n\n\n<p>Nem kell \u00e9p\u00edt\u0151brig\u00e1d ahhoz, hogy nukle\u00e1ris reaktort \u00e9p\u00edts\u00fcnk. Term\u00e9szet anya is meg tudja csin\u00e1lni. Honnan tudjuk ezt? Az archeol\u00f3gia \u00e9s az \u0151si vil\u00e1g r\u00e9v\u00e9n.<\/p>\n\n\n\n<p>Nyugat-Afrik\u00e1ban, egy b\u00e1ny\u00e1ban fedeztek fel egy reaktort, amit emberi beavatkoz\u00e1s n\u00e9lk\u00fcl hozt\u00e1k l\u00e9tre. Val\u00f3j\u00e1ban m\u00e9g az emberis\u00e9g megjelen\u00e9se el\u0151tt alakult ki. Az Oklo b\u00e1ny\u00e1ban tal\u00e1lhat\u00f3 reaktor becs\u00fclt \u00e9letkora k\u00f6r\u00fclbel\u00fcl k\u00e9tmilli\u00e1rd \u00e9v.<\/p>\n\n\n\n<p>Hogyan m\u0171k\u00f6d\u00f6tt? H\u0151energi\u00e1t kezdett termelni az agyag \u00e9s az ur\u00e1n\u00e1sv\u00e1nyok kombin\u00e1ci\u00f3ja r\u00e9v\u00e9n, amelyek \u00f6sszekeveredtek. Ezut\u00e1n a talajv\u00edz feloldotta az \u00e1sv\u00e1nyokat, majd hatalmas v\u00edzt\u00e1roz\u00f3kba mosta a f\u00f6ld al\u00e1. Az alg\u00e1k ur\u00e1nt sz\u00edvtak fel. Mivel nagyon sok ur\u00e1nban gazdag alga volt, ez kritikus t\u00f6meghez, majd l\u00e1ncreakci\u00f3hoz vezetett. A neutronok \u00e9s az atomok tett\u00e9k a dolgukat, a t\u00f6bbi pedig m\u00e1r t\u00f6rt\u00e9nelem.<\/p>\n","protected":false},"excerpt":{"rendered":"<p>Hagytak n\u00e9h\u00e1ny megv\u00e1laszolatlan k\u00e9rd\u00e9st.<\/p>\n","protected":false},"author":1,"featured_media":326222,"comment_status":"open","ping_status":"closed","sticky":false,"template":"","format":"standard","meta":{"buzzeditor_post_format":""},"categories":[23],"tags":[3188,1797,2165,2655],"yoast_head":"<!-- This site is optimized with the Yoast SEO plugin v19.6.1 - https:\/\/yoast.com\/wordpress\/plugins\/seo\/ -->\n<title>15 titokzatos \u00e9s nehezen megmagyar\u00e1zhat\u00f3 r\u00e9g\u00e9szeti lelet<\/title>\n<meta name=\"description\" content=\"Hagytak n\u00e9h\u00e1ny megv\u00e1laszolatlan k\u00e9rd\u00e9st.\" \/>\n<meta name=\"robots\" content=\"index, follow, max-snippet:-1, max-image-preview:large, max-video-preview:-1\" \/>\n<link rel=\"canonical\" href=\"https:\/\/liked.hu\/old\/erdekes\/15-titokzatos-es-nehezen-megmagyarazhato-regeszeti-lelet\/\" \/>\n<link rel=\"next\" href=\"https:\/\/liked.hu\/old\/erdekes\/15-titokzatos-es-nehezen-megmagyarazhato-regeszeti-lelet\/2\/\" \/>\n<meta property=\"og:locale\" content=\"hu_HU\" \/>\n<meta property=\"og:type\" content=\"article\" \/>\n<meta property=\"og:title\" content=\"15 titokzatos \u00e9s nehezen megmagyar\u00e1zhat\u00f3 r\u00e9g\u00e9szeti lelet\" \/>\n<meta property=\"og:description\" content=\"Hagytak n\u00e9h\u00e1ny megv\u00e1laszolatlan k\u00e9rd\u00e9st.\" \/>\n<meta property=\"og:url\" content=\"https:\/\/liked.hu\/old\/erdekes\/15-titokzatos-es-nehezen-megmagyarazhato-regeszeti-lelet\/\" \/>\n<meta property=\"og:site_name\" content=\"Liked.hu\" \/>\n<meta property=\"article:publisher\" content=\"https:\/\/www.facebook.com\/liked.hu\" \/>\n<meta property=\"article:author\" content=\"https:\/\/facebook.com\/liked.hu\" \/>\n<meta property=\"article:published_time\" content=\"2024-03-12T14:55:25+00:00\" \/>\n<meta property=\"article:modified_time\" content=\"2024-03-12T14:55:27+00:00\" \/>\n<meta property=\"og:image\" content=\"https:\/\/liked.hu\/old\/wp-content\/uploads\/2024\/03\/Furcsa-dolgok-tortenelem.jpg\" \/>\n\t<meta property=\"og:image:width\" content=\"1200\" \/>\n\t<meta property=\"og:image:height\" content=\"630\" \/>\n\t<meta property=\"og:image:type\" content=\"image\/jpeg\" \/>\n<meta name=\"author\" content=\"VictorN.\" \/>\n<meta name=\"twitter:card\" content=\"summary\" \/>\n<meta name=\"twitter:creator\" content=\"@https:\/\/twitter.com\/likedhu\" \/>\n<meta name=\"twitter:site\" content=\"@LikedHu\" \/>\n<meta name=\"twitter:label1\" content=\"Szerz\u0151:\" \/>\n\t<meta name=\"twitter:data1\" content=\"VictorN.\" \/>\n\t<meta name=\"twitter:label2\" content=\"Becs\u00fclt olvas\u00e1si id\u0151\" \/>\n\t<meta name=\"twitter:data2\" content=\"9 perc\" \/>\n<script type=\"application\/ld+json\" class=\"yoast-schema-graph\">{\"@context\":\"https:\/\/schema.org\",\"@graph\":[{\"@type\":\"Article\",\"@id\":\"https:\/\/liked.hu\/old\/erdekes\/15-titokzatos-es-nehezen-megmagyarazhato-regeszeti-lelet\/#article\",\"isPartOf\":{\"@id\":\"https:\/\/liked.hu\/old\/erdekes\/15-titokzatos-es-nehezen-megmagyarazhato-regeszeti-lelet\/\"},\"author\":{\"name\":\"VictorN.\",\"@id\":\"https:\/\/liked.hu\/old\/#\/schema\/person\/02fa522b959d0531c9c34b0d531a7464\"},\"headline\":\"15 titokzatos \u00e9s nehezen megmagyar\u00e1zhat\u00f3 r\u00e9g\u00e9szeti lelet\",\"datePublished\":\"2024-03-12T14:55:25+00:00\",\"dateModified\":\"2024-03-12T14:55:27+00:00\",\"mainEntityOfPage\":{\"@id\":\"https:\/\/liked.hu\/old\/erdekes\/15-titokzatos-es-nehezen-megmagyarazhato-regeszeti-lelet\/\"},\"wordCount\":1832,\"commentCount\":0,\"publisher\":{\"@id\":\"https:\/\/liked.hu\/old\/#organization\"},\"keywords\":[\"lelet\",\"m\u00falt\",\"r\u00e9g\u00e9szet\",\"t\u00f6rt\u00e9nelem\"],\"articleSection\":[\"\u00c9rdekess\u00e9gek\"],\"inLanguage\":\"hu\",\"potentialAction\":[{\"@type\":\"CommentAction\",\"name\":\"Comment\",\"target\":[\"https:\/\/liked.hu\/old\/erdekes\/15-titokzatos-es-nehezen-megmagyarazhato-regeszeti-lelet\/#respond\"]}]},{\"@type\":\"WebPage\",\"@id\":\"https:\/\/liked.hu\/old\/erdekes\/15-titokzatos-es-nehezen-megmagyarazhato-regeszeti-lelet\/\",\"url\":\"https:\/\/liked.hu\/old\/erdekes\/15-titokzatos-es-nehezen-megmagyarazhato-regeszeti-lelet\/\",\"name\":\"15 titokzatos \u00e9s nehezen megmagyar\u00e1zhat\u00f3 r\u00e9g\u00e9szeti lelet\",\"isPartOf\":{\"@id\":\"https:\/\/liked.hu\/old\/#website\"},\"datePublished\":\"2024-03-12T14:55:25+00:00\",\"dateModified\":\"2024-03-12T14:55:27+00:00\",\"description\":\"Hagytak n\u00e9h\u00e1ny megv\u00e1laszolatlan k\u00e9rd\u00e9st.\",\"breadcrumb\":{\"@id\":\"https:\/\/liked.hu\/old\/erdekes\/15-titokzatos-es-nehezen-megmagyarazhato-regeszeti-lelet\/#breadcrumb\"},\"inLanguage\":\"hu\",\"potentialAction\":[{\"@type\":\"ReadAction\",\"target\":[\"https:\/\/liked.hu\/old\/erdekes\/15-titokzatos-es-nehezen-megmagyarazhato-regeszeti-lelet\/\"]}]},{\"@type\":\"BreadcrumbList\",\"@id\":\"https:\/\/liked.hu\/old\/erdekes\/15-titokzatos-es-nehezen-megmagyarazhato-regeszeti-lelet\/#breadcrumb\",\"itemListElement\":[{\"@type\":\"ListItem\",\"position\":1,\"name\":\"Kezd\u0151lap\"}]},{\"@type\":\"WebSite\",\"@id\":\"https:\/\/liked.hu\/old\/#website\",\"url\":\"https:\/\/liked.hu\/old\/\",\"name\":\"Liked.hu\",\"description\":\"\",\"publisher\":{\"@id\":\"https:\/\/liked.hu\/old\/#organization\"},\"potentialAction\":[{\"@type\":\"SearchAction\",\"target\":{\"@type\":\"EntryPoint\",\"urlTemplate\":\"https:\/\/liked.hu\/old\/?s={search_term_string}\"},\"query-input\":\"required name=search_term_string\"}],\"inLanguage\":\"hu\"},{\"@type\":\"Organization\",\"@id\":\"https:\/\/liked.hu\/old\/#organization\",\"name\":\"Liked.hu\",\"url\":\"https:\/\/liked.hu\/old\/\",\"sameAs\":[\"https:\/\/hu.pinterest.com\/likedhungary\/\",\"https:\/\/www.youtube.com\/channel\/UCPv91dbMoIukYcM9b9nHN6Q\",\"https:\/\/www.facebook.com\/liked.hu\",\"https:\/\/twitter.com\/LikedHu\"],\"logo\":{\"@type\":\"ImageObject\",\"inLanguage\":\"hu\",\"@id\":\"https:\/\/liked.hu\/old\/#\/schema\/logo\/image\/\",\"url\":\"https:\/\/liked.hu\/wp-content\/uploads\/2018\/08\/Liked-icon.png\",\"contentUrl\":\"https:\/\/liked.hu\/wp-content\/uploads\/2018\/08\/Liked-icon.png\",\"width\":512,\"height\":512,\"caption\":\"Liked.hu\"},\"image\":{\"@id\":\"https:\/\/liked.hu\/old\/#\/schema\/logo\/image\/\"}},{\"@type\":\"Person\",\"@id\":\"https:\/\/liked.hu\/old\/#\/schema\/person\/02fa522b959d0531c9c34b0d531a7464\",\"name\":\"VictorN.\",\"image\":{\"@type\":\"ImageObject\",\"inLanguage\":\"hu\",\"@id\":\"https:\/\/liked.hu\/old\/#\/schema\/person\/image\/\",\"url\":\"https:\/\/liked.hu\/old\/wp-content\/uploads\/avatars\/1\/1683660043-bpfull.jpg\",\"contentUrl\":\"https:\/\/liked.hu\/old\/wp-content\/uploads\/avatars\/1\/1683660043-bpfull.jpg\",\"caption\":\"VictorN.\"},\"description\":\"A Liked.hu szerkeszt\u0151je vagyok, m\u00e1r az id\u0151k kezdete \u00f3ta. Szabadid\u0151mben Jedi lovag \u00e9s Pok\u00e9mester. Puszilom \u00e9desany\u00e1mat.\",\"sameAs\":[\"https:\/\/liked.hu\",\"https:\/\/facebook.com\/liked.hu\",\"https:\/\/www.instagram.com\/likedhu\/\",\"https:\/\/pinterest.com\/likedhu\",\"https:\/\/twitter.com\/https:\/\/twitter.com\/likedhu\",\"https:\/\/www.youtube.com\/channel\/UCPv91dbMoIukYcM9b9nHN6Q\"],\"url\":\"https:\/\/liked.hu\/old\/u\/victorn\/\"}]}<\/script>\n<!-- \/ Yoast SEO plugin. -->","yoast_head_json":{"title":"15 titokzatos \u00e9s nehezen megmagyar\u00e1zhat\u00f3 r\u00e9g\u00e9szeti lelet","description":"Hagytak n\u00e9h\u00e1ny megv\u00e1laszolatlan k\u00e9rd\u00e9st.","robots":{"index":"index","follow":"follow","max-snippet":"max-snippet:-1","max-image-preview":"max-image-preview:large","max-video-preview":"max-video-preview:-1"},"canonical":"https:\/\/liked.hu\/old\/erdekes\/15-titokzatos-es-nehezen-megmagyarazhato-regeszeti-lelet\/","next":"https:\/\/liked.hu\/old\/erdekes\/15-titokzatos-es-nehezen-megmagyarazhato-regeszeti-lelet\/2\/","og_locale":"hu_HU","og_type":"article","og_title":"15 titokzatos \u00e9s nehezen megmagyar\u00e1zhat\u00f3 r\u00e9g\u00e9szeti lelet","og_description":"Hagytak n\u00e9h\u00e1ny megv\u00e1laszolatlan k\u00e9rd\u00e9st.","og_url":"https:\/\/liked.hu\/old\/erdekes\/15-titokzatos-es-nehezen-megmagyarazhato-regeszeti-lelet\/","og_site_name":"Liked.hu","article_publisher":"https:\/\/www.facebook.com\/liked.hu","article_author":"https:\/\/facebook.com\/liked.hu","article_published_time":"2024-03-12T14:55:25+00:00","article_modified_time":"2024-03-12T14:55:27+00:00","og_image":[{"width":1200,"height":630,"url":"https:\/\/liked.hu\/old\/wp-content\/uploads\/2024\/03\/Furcsa-dolgok-tortenelem.jpg","type":"image\/jpeg"}],"author":"VictorN.","twitter_card":"summary","twitter_creator":"@https:\/\/twitter.com\/likedhu","twitter_site":"@LikedHu","twitter_misc":{"Szerz\u0151:":"VictorN.","Becs\u00fclt olvas\u00e1si id\u0151":"9 perc"},"schema":{"@context":"https:\/\/schema.org","@graph":[{"@type":"Article","@id":"https:\/\/liked.hu\/old\/erdekes\/15-titokzatos-es-nehezen-megmagyarazhato-regeszeti-lelet\/#article","isPartOf":{"@id":"https:\/\/liked.hu\/old\/erdekes\/15-titokzatos-es-nehezen-megmagyarazhato-regeszeti-lelet\/"},"author":{"name":"VictorN.","@id":"https:\/\/liked.hu\/old\/#\/schema\/person\/02fa522b959d0531c9c34b0d531a7464"},"headline":"15 titokzatos \u00e9s nehezen megmagyar\u00e1zhat\u00f3 r\u00e9g\u00e9szeti lelet","datePublished":"2024-03-12T14:55:25+00:00","dateModified":"2024-03-12T14:55:27+00:00","mainEntityOfPage":{"@id":"https:\/\/liked.hu\/old\/erdekes\/15-titokzatos-es-nehezen-megmagyarazhato-regeszeti-lelet\/"},"wordCount":1832,"commentCount":0,"publisher":{"@id":"https:\/\/liked.hu\/old\/#organization"},"keywords":["lelet","m\u00falt","r\u00e9g\u00e9szet","t\u00f6rt\u00e9nelem"],"articleSection":["\u00c9rdekess\u00e9gek"],"inLanguage":"hu","potentialAction":[{"@type":"CommentAction","name":"Comment","target":["https:\/\/liked.hu\/old\/erdekes\/15-titokzatos-es-nehezen-megmagyarazhato-regeszeti-lelet\/#respond"]}]},{"@type":"WebPage","@id":"https:\/\/liked.hu\/old\/erdekes\/15-titokzatos-es-nehezen-megmagyarazhato-regeszeti-lelet\/","url":"https:\/\/liked.hu\/old\/erdekes\/15-titokzatos-es-nehezen-megmagyarazhato-regeszeti-lelet\/","name":"15 titokzatos \u00e9s nehezen megmagyar\u00e1zhat\u00f3 r\u00e9g\u00e9szeti lelet","isPartOf":{"@id":"https:\/\/liked.hu\/old\/#website"},"datePublished":"2024-03-12T14:55:25+00:00","dateModified":"2024-03-12T14:55:27+00:00","description":"Hagytak n\u00e9h\u00e1ny megv\u00e1laszolatlan k\u00e9rd\u00e9st.","breadcrumb":{"@id":"https:\/\/liked.hu\/old\/erdekes\/15-titokzatos-es-nehezen-megmagyarazhato-regeszeti-lelet\/#breadcrumb"},"inLanguage":"hu","potentialAction":[{"@type":"ReadAction","target":["https:\/\/liked.hu\/old\/erdekes\/15-titokzatos-es-nehezen-megmagyarazhato-regeszeti-lelet\/"]}]},{"@type":"BreadcrumbList","@id":"https:\/\/liked.hu\/old\/erdekes\/15-titokzatos-es-nehezen-megmagyarazhato-regeszeti-lelet\/#breadcrumb","itemListElement":[{"@type":"ListItem","position":1,"name":"Kezd\u0151lap"}]},{"@type":"WebSite","@id":"https:\/\/liked.hu\/old\/#website","url":"https:\/\/liked.hu\/old\/","name":"Liked.hu","description":"","publisher":{"@id":"https:\/\/liked.hu\/old\/#organization"},"potentialAction":[{"@type":"SearchAction","target":{"@type":"EntryPoint","urlTemplate":"https:\/\/liked.hu\/old\/?s={search_term_string}"},"query-input":"required name=search_term_string"}],"inLanguage":"hu"},{"@type":"Organization","@id":"https:\/\/liked.hu\/old\/#organization","name":"Liked.hu","url":"https:\/\/liked.hu\/old\/","sameAs":["https:\/\/hu.pinterest.com\/likedhungary\/","https:\/\/www.youtube.com\/channel\/UCPv91dbMoIukYcM9b9nHN6Q","https:\/\/www.facebook.com\/liked.hu","https:\/\/twitter.com\/LikedHu"],"logo":{"@type":"ImageObject","inLanguage":"hu","@id":"https:\/\/liked.hu\/old\/#\/schema\/logo\/image\/","url":"https:\/\/liked.hu\/wp-content\/uploads\/2018\/08\/Liked-icon.png","contentUrl":"https:\/\/liked.hu\/wp-content\/uploads\/2018\/08\/Liked-icon.png","width":512,"height":512,"caption":"Liked.hu"},"image":{"@id":"https:\/\/liked.hu\/old\/#\/schema\/logo\/image\/"}},{"@type":"Person","@id":"https:\/\/liked.hu\/old\/#\/schema\/person\/02fa522b959d0531c9c34b0d531a7464","name":"VictorN.","image":{"@type":"ImageObject","inLanguage":"hu","@id":"https:\/\/liked.hu\/old\/#\/schema\/person\/image\/","url":"https:\/\/liked.hu\/old\/wp-content\/uploads\/avatars\/1\/1683660043-bpfull.jpg","contentUrl":"https:\/\/liked.hu\/old\/wp-content\/uploads\/avatars\/1\/1683660043-bpfull.jpg","caption":"VictorN."},"description":"A Liked.hu szerkeszt\u0151je vagyok, m\u00e1r az id\u0151k kezdete \u00f3ta. Szabadid\u0151mben Jedi lovag \u00e9s Pok\u00e9mester. Puszilom \u00e9desany\u00e1mat.","sameAs":["https:\/\/liked.hu","https:\/\/facebook.com\/liked.hu","https:\/\/www.instagram.com\/likedhu\/","https:\/\/pinterest.com\/likedhu","https:\/\/twitter.com\/https:\/\/twitter.com\/likedhu","https:\/\/www.youtube.com\/channel\/UCPv91dbMoIukYcM9b9nHN6Q"],"url":"https:\/\/liked.hu\/old\/u\/victorn\/"}]}},"publishpress_future_action":{"enabled":false,"date":"1970-01-01 01:00:00","action":"","terms":[],"taxonomy":"","browser_timezone_offset":0},"_links":{"self":[{"href":"https:\/\/liked.hu\/old\/wp-json\/wp\/v2\/posts\/326221"}],"collection":[{"href":"https:\/\/liked.hu\/old\/wp-json\/wp\/v2\/posts"}],"about":[{"href":"https:\/\/liked.hu\/old\/wp-json\/wp\/v2\/types\/post"}],"author":[{"embeddable":true,"href":"https:\/\/liked.hu\/old\/wp-json\/wp\/v2\/users\/1"}],"replies":[{"embeddable":true,"href":"https:\/\/liked.hu\/old\/wp-json\/wp\/v2\/comments?post=326221"}],"version-history":[{"count":0,"href":"https:\/\/liked.hu\/old\/wp-json\/wp\/v2\/posts\/326221\/revisions"}],"wp:featuredmedia":[{"embeddable":true,"href":"https:\/\/liked.hu\/old\/wp-json\/wp\/v2\/media\/326222"}],"wp:attachment":[{"href":"https:\/\/liked.hu\/old\/wp-json\/wp\/v2\/media?parent=326221"}],"wp:term":[{"taxonomy":"category","embeddable":true,"href":"https:\/\/liked.hu\/old\/wp-json\/wp\/v2\/categories?post=326221"},{"taxonomy":"post_tag","embeddable":true,"href":"https:\/\/liked.hu\/old\/wp-json\/wp\/v2\/tags?post=326221"}],"curies":[{"name":"wp","href":"https:\/\/api.w.org\/{rel}","templated":true}]}}