{"id":326132,"date":"2024-03-12T01:28:03","date_gmt":"2024-03-12T00:28:03","guid":{"rendered":"https:\/\/liked.hu\/old\/?p=326132"},"modified":"2024-03-12T01:37:10","modified_gmt":"2024-03-12T00:37:10","slug":"16-anyuka-oszinten-meselt-arrol-hogyan-valtozott-meg-az-eletuk-180-fokkal-a-szules-utan","status":"publish","type":"post","link":"https:\/\/liked.hu\/old\/internetes-dolgok\/16-anyuka-oszinten-meselt-arrol-hogyan-valtozott-meg-az-eletuk-180-fokkal-a-szules-utan\/","title":{"rendered":"16 anyuka \u0151szint\u00e9n mes\u00e9lt arr\u00f3l, hogyan v\u00e1ltozott meg az \u00e9let\u00fck 180 fokkal a sz\u00fcl\u00e9s ut\u00e1n"},"content":{"rendered":"\n<p>Egy kisbaba \u00e9rkez\u00e9se gy\u00f6keresen megv\u00e1ltoztathatja az ember \u00e9let\u00e9t. N\u00e9ha ez csak az alv\u00e1s \u00e9s a szabadid\u0151 korl\u00e1toz\u00e1s\u00e1t jelenti. M\u00e1skor viszont ez a jeles esem\u00e9ny megv\u00e1ltoztatja a v\u00e9lem\u00e9ny\u00fcnket a szeretteinkr\u0151l, s\u0151t, ak\u00e1r m\u00e9g \u00f6nmagunkr\u00f3l is.<\/p>\n\n\n\n\n<div style=\"float:none;margin:0px 0 0px 0;text-align:center;\">\n<div class=\"mobileShowkakettes\"><div class=\"mobileShowka2\"><div style=\"padding-top:0px;padding-bottom:15px;min-height: 300px;\"><div class=\"hirdetes\">HIRDET\u00c9S<\/div>\n<!-- 300lista -->\n<ins class=\"adsbygoogle\"\n     style=\"display:inline-block;width:300px;height:250px\"\n     data-ad-client=\"ca-pub-9424088931673893\"\n     data-ad-slot=\"8471340766\"><\/ins>\n<script async>\n     (adsbygoogle = window.adsbygoogle || []).push({});\n<\/script><\/div><\/div><\/div><\/div>\n\n\n\n\n<p>A l\u00e9nyeg, hogy ne cs\u00fcggedj\u00fcnk, hanem vonjunk le tanuls\u00e1gokat \u00e9s pr\u00f3b\u00e1ljunk meg mindent rendbe hozni. N\u00e9ha az is j\u00f3t tud tenni, ha a szem\u00e9lyes t\u00f6rt\u00e9neteinket \u0151szint\u00e9n megosztjuk m\u00e1sokkal. A most k\u00f6vetkez\u0151 anyuk\u00e1k is ezt tett\u00e9k.<\/p>\n\n\n\n<ul><li>A m\u00e1sodik terhess\u00e9gemre r\u00e9g\u00f3ta v\u00e1rtunk, majdnem 7 \u00e9vig nem siker\u00fclt teherbe esnem. A k\u00f6z\u00e9rzetem kiv\u00e1l\u00f3 volt, az \u00e9tv\u00e1gyam is, ettem kett\u0151nk helyett. A terhess\u00e9g v\u00e9g\u00e9re t\u00f6bb mint 30 kilogrammot h\u00edztam. De ez nem zavart. Am\u00edg \u00e9szre nem vettem, hogy a f\u00e9rjem mintha elker\u00fclne. Mintha ott lenne mellettem, de idegenk\u00e9nt.<br>K\u00e9rdezgetni kezdtem, hogy mi t\u00f6rt\u00e9nt, nem jelent-e meg egy m\u00e1sik n\u0151, am\u00edg \u00e9n az anyas\u00e1ggal vagyok elfoglalva. Eleinte nem akart semmit mondani, de azt\u00e1n megsz\u00f3lalt. Azt mondta, hogy n\u00e9zzek m\u00e1r magamra a t\u00fck\u00f6rben, hogy kire hasonl\u00edtok &#8211; elh\u00edztam, nem figyelek magamra, egy k\u00f6v\u00e9r anyuka lettem. Eg\u00e9sz \u00e9jjel s\u00edrtam, \u00e9s nem tudom, mit csin\u00e1ljak. Mintha ez olyan egyszer\u0171 lenne &#8211; k\u00e9t gyereket kihordani, megsz\u00fclni, szoptatni, \u00e9jszak\u00e1kat nem aludni. \u00c9s a h\u00e1la helyett &#8211; csak panaszt kapok a megv\u00e1ltozott alakomra \u00e9s a koszos hajamra. <a href=\"https:\/\/vk.com\/wall-168924797_1020788\" target=\"_blank\" rel=\"noreferrer noopener\">\u00a9 fineburgee \/ VK<\/a><\/li><\/ul>\n\n\n\n<ul><li>A f\u00e9rjek gyakran panaszkodnak, hogy a feles\u00e9geik ig\u00e9nytelenn\u00e9 v\u00e1lnak, az eny\u00e9m pedig ford\u00edtva. A f\u00e9rjemmel mindketten akartunk gyereket, de nem siker\u00fclt. 3 \u00e9v ut\u00e1n v\u00e9gre itthon vagyok gyesen. K\u00fcls\u0151leg nem v\u00e1ltoztam, de \u00e1lland\u00f3an piszk\u00e1l. Kinek festem magam reggel? Sehova nem megyek, csak s\u00e9t\u00e1lni. Mi\u00e9rt kellene hozz\u00e1 magas sark\u00fa cip\u0151, hogyan fogok \u00edgy babakocsit tolni? A k\u00f6rm\u00f6k &#8211; vesz\u00e9lyesek a gyerekre, a hajat nem szabad festeni, am\u00edg szoptatok, a parf\u00fcmre pedig allergi\u00e1s lehet &#8211; mondj.<br>M\u00e1r hisztirohamokat kapok n\u00e9ha, elegem van abb\u00f3l, hogy 3 hetente kiab\u00e1lva kell k\u00f6rm\u00f6sh\u00f6z mennem, vagy egy bolt k\u00f6zep\u00e9n veszekedni. Igen, \u00e9rtem, a f\u00e9rjemnek pont egy &#8222;tipikus anyuka&#8221; t\u00edpus kellene. A k\u00fcls\u0151mre ford\u00edtott kiad\u00e1sok szerinte mindig feleslegesek. A legfontosabb neki, hogy ne menjek el a gyerekt\u0151l egy percre sem, azt pedig, hogy k\u00f6zben \u00e9n hogyan n\u00e9zek ki vagy \u00e9rzem magam, azt magasr\u00f3l leszarja. <a href=\"https:\/\/ideer.ru\/p\/196352\" target=\"_blank\" rel=\"noreferrer noopener\">\u00a9 fezwrithing \/ Ideer<\/a><\/li><\/ul>\n\n\n\n\n<div style=\"float:none;margin:0px 0 0px 0;text-align:center;\">\n<div class=\"mobileHideke5\"><div style=\"margin-top:25px;\"><div class=\"hirdeteshatter\"><div style=\"display: inline-block;width: 50%;min-width:305px;vertical-align: top;\"><div class=\"hirdetes\">HIRDET\u00c9S<\/div>\n<!-- LikedQ51 -->\n<ins class=\"adsbygoogle\"\n     style=\"display:inline-block;width:300px;height:250px\"\n     data-ad-client=\"ca-pub-9424088931673893\"\n     data-ad-slot=\"8284063326\"><\/ins>\n<script async>\n     (adsbygoogle = window.adsbygoogle || []).push({});\n<\/script><\/div><div style=\"display: inline-block;width: 50%;min-width:305px;vertical-align: top;\"><div class=\"hirdetes\">HIRDET\u00c9S<\/div>\n<!-- LikedQ52 -->\n<ins class=\"adsbygoogle\"\n     style=\"display:inline-block;width:300px;height:250px\"\n     data-ad-client=\"ca-pub-9424088931673893\"\n     data-ad-slot=\"2840164950\"><\/ins>\n<script async>\n     (adsbygoogle = window.adsbygoogle || []).push({});\n<\/script><\/div><\/div><\/div><\/div>\n<div style=\"display:flex;flex-direction:column;\"><div class=\"mobileShowka5\"><div style=\"padding-top:10px;padding-bottom:10px;min-height: 300px;\"><div class=\"hirdetes\">HIRDET\u00c9S<\/div>\n<!-- LikedQ5M -->\n<ins class=\"adsbygoogle\"\n     style=\"display:inline-block;width:300px;height:250px\"\n     data-ad-client=\"ca-pub-9424088931673893\"\n     data-ad-slot=\"9022429928\"><\/ins>\n<script async>\n     (adsbygoogle = window.adsbygoogle || []).push({});\n<\/script><\/div><\/div><\/div><\/div>\n\n\n\n\n<figure class=\"wp-block-image size-full\"><img loading=\"lazy\" width=\"1000\" height=\"667\" src=\"https:\/\/liked.hu\/old\/wp-content\/uploads\/2024\/03\/Tipikus-anyuka.jpg\" alt=\"Tipikus anyuka\" class=\"wp-image-326142\" srcset=\"https:\/\/liked.hu\/old\/wp-content\/uploads\/2024\/03\/Tipikus-anyuka.jpg 1000w, https:\/\/liked.hu\/old\/wp-content\/uploads\/2024\/03\/Tipikus-anyuka-768x512.jpg 768w\" sizes=\"(max-width: 1000px) 100vw, 1000px\" \/><figcaption><a href=\"https:\/\/unsplash.com\/@jonflobrant?utm_content=creditCopyText&amp;utm_medium=referral&amp;utm_source=unsplash\" target=\"_blank\" rel=\"noreferrer noopener nofollow\">Jon Flobrant<\/a>\u00a0\/\u00a0<a href=\"https:\/\/unsplash.com\/photos\/woman-and-girl-walking-on-road-surrounded-by-green-grass-C2PvO6dOORY?utm_content=creditCopyText&amp;utm_medium=referral&amp;utm_source=unsplash\" target=\"_blank\" rel=\"noreferrer noopener nofollow\">Unsplash<\/a><\/figcaption><\/figure>\n\n\n\n<ul><li>A gyerek sz\u00fclet\u00e9se sz\u00f3 szerint mindent megv\u00e1ltoztat az \u00e9leted minden ter\u00fclet\u00e9n. Annyira, hogy nekem sok id\u0151be telt, mire r\u00e1j\u00f6ttem, hogy alapvet\u0151en \u00e9n m\u00e9g mindig ugyanaz az ember vagyok, aki voltam. Rendbe kellett tennem az \u00f6n\u00e9rt\u00e9kel\u00e9semet. Fogalmam sem volt, hogy kor\u00e1bban mennyi szabadid\u0151m volt, am\u00edg nem sz\u00fcltem. Ezenk\u00edv\u00fcl nagyon sok\u00e1ig egy\u00e1ltal\u00e1n nem \u00e9reztem magam embernek. Egy ideig \u00fagy \u00e9reztem, hogy az \u00e9letem gyakorlatilag abban a pillanatban v\u00e9get \u00e9rt, amikor megsz\u00fcletett, \u00e9s most m\u00e1r csak egy j\u00e1t\u00e9kos vagyok az \u0151 \u00e9let\u00e9ben. <a href=\"https:\/\/www.reddit.com\/r\/AskReddit\/comments\/38iten\/comment\/crvdbeb\/\" target=\"_blank\" rel=\"noreferrer noopener\">\u00a9 Kenziecocktail \/ Reddit<\/a><\/li><\/ul>\n\n\n\n<ul><li>Nemr\u00e9giben lett saj\u00e1t fitneszedz\u0151m! Kor\u00e1bban egy\u00e1ltal\u00e1n nem sportoltam, s\u0151t, bevallom, m\u00e9g a h\u00e1zb\u00f3l kil\u00e9pni is lusta voltam, mondjuk pl. bev\u00e1s\u00e1rolni. Azt\u00e1n a f\u00e9rjemet \u00e9s engem is el\u00e1rasztott a j\u00f3 h\u00edrek hull\u00e1ma &#8211; bab\u00e1t v\u00e1runk, \u00e9s k\u00e9s\u0151bb megtudtuk, hogy nem is egyet, hanem kett\u0151t! Most \u0151k lettek a szem\u00e9lyes fitneszedz\u0151im. Kor\u00e1n kelni, etetni, majd lemenni a babakocsival a nyolcadik emeletr\u0151l, s\u00e9t\u00e1lni, visszamenni. \u00c9s ezt \u00edgy minden nap. Az alakom m\u00e9g sosem volt ennyire j\u00f3! <a href=\"https:\/\/vk.com\/wall-148708103_1933611\" target=\"_blank\" rel=\"noreferrer noopener\">\u00a9 Mamdarinka \/ VK<\/a><\/li><\/ul>\n\n\n\n<figure class=\"wp-block-image size-full\"><img loading=\"lazy\" width=\"1000\" height=\"667\" src=\"https:\/\/liked.hu\/old\/wp-content\/uploads\/2024\/03\/ikerbabak.webp\" alt=\"ikerbabak\" class=\"wp-image-326134\" srcset=\"https:\/\/liked.hu\/old\/wp-content\/uploads\/2024\/03\/ikerbabak.webp 1000w, https:\/\/liked.hu\/old\/wp-content\/uploads\/2024\/03\/ikerbabak-768x512.webp 768w\" sizes=\"(max-width: 1000px) 100vw, 1000px\" \/><figcaption><a href=\"https:\/\/unsplash.com\/@lingchor?utm_content=creditCopyText&amp;utm_medium=referral&amp;utm_source=unsplash\" target=\"_blank\" rel=\"noreferrer noopener nofollow\">Lingchor<\/a>\u00a0\/\u00a0<a href=\"https:\/\/unsplash.com\/photos\/baby-in-white-shirt-and-black-pants-lying-on-brown-carpet-cEbjAORB_I4?utm_content=creditCopyText&amp;utm_medium=referral&amp;utm_source=unsplash\" target=\"_blank\" rel=\"noreferrer noopener nofollow\">Unsplash<\/a><\/figcaption><\/figure>\n\n\n\n<ul><li>N\u00e9ha meg\u0151r\u00fcl\u00f6k a gyerekemt\u0151l. Rengeteg energi\u00e1ja van, \u00e1lland\u00f3an m\u00e1szik valahova, bedugna valamit a konnektorba \u00e9s mindent a sz\u00e1j\u00e1ba vesz. Olvastam, hogy ez egy olyan korszak, amikor a gyerekek felfedezik a vil\u00e1got. J\u00f3 lenne, ha most m\u00e1r lassacsk\u00e1n k\u00f6nnyebb lenne, mert a f\u00e1radts\u00e1gt\u00f3l \u00e9s a tehetetlens\u00e9gt\u0151l minden este hisztizem. Tegnap 10 percre mag\u00e1ra hagytam. A kis fick\u00f3nak siker\u00fclt kih\u00faznia a szemetesv\u00f6dr\u00f6t, felbor\u00edtani \u00e9s ki\u00f6nteni mindent a padl\u00f3ra. Amikor rajtakaptam, ban\u00e1nh\u00e9jjal a fej\u00e9n \u00fclt. <a href=\"https:\/\/vk.com\/wall-148708103_1901281\" target=\"_blank\" rel=\"noreferrer noopener\">\u00a9 shannon \/ VK<\/a><\/li><\/ul>\n\n\n\n<ul><li>A terhess\u00e9g alatt nem volt semmilyen k\u00fcl\u00f6n\u00f6sebb kattan\u00e1som, tal\u00e1n az\u00e9rt, mert az utols\u00f3 pillanatig dolgoztam, \u00e9s a szellemi munka nem enged ellazulni. De a sz\u00fcl\u00e9s nagyon megviselt. H\u00e1rom nappal a cs\u00e1sz\u00e1rmetsz\u00e9s ut\u00e1n megn\u00e9ztem a varr\u00e1st a hasamon, borzalmas volt. \u00dagy gondoltam, hogy ilyen marad. Hogy s\u00edrtam! <a href=\"https:\/\/vk.com\/wall-148708103_1933611\" target=\"_blank\" rel=\"noreferrer noopener\">\u00a9 radicallaveer \/ VK<\/a><\/li><\/ul>\n\n\n\n<p class=\"has-text-align-center\">M\u00e9g nincs v\u00e9ge, a t\u00f6rt\u00e9netek a <strong>hirdet\u00e9s alatti gombbal<\/strong> folytat\u00f3dnak!<\/p>\n\n\n\n<!--nextpage-->\n\n\n\n<ul><li>Sokkal jobban f\u00e1radok. Nem sokkal az els\u0151 ut\u00e1n megsz\u00fcletett a m\u00e1sodik is, \u00e9s a napok \u00e9szrev\u00e9tlen\u00fcl rep\u00fclnek. Reggel felkelsz, elkezdesz foglalkozni a gyerekkel, \u00e9s mire \u00e9szbe kapsz, m\u00e1r este 10 \u00f3ra van, \u00e9s te ott fekszel a kanap\u00e9n. <a href=\"https:\/\/www.reddit.com\/r\/AskReddit\/comments\/4wnmi0\/comment\/d68j3at\/\" target=\"_blank\" rel=\"noreferrer noopener\">\u00a9 jarjums\/Reddit<\/a><\/li><\/ul>\n\n\n\n<ul><li>Mindenkinek megvan a maga tapasztalata. A legnagyobb v\u00e1ltoz\u00e1s az volt, hogy elvesztettem a lehet\u0151s\u00e9get, hogy azt tegyem, amit akarok, akkor, amikor akarok. Este meg kell etetni a gyereket \u00e9s le kell fektetni. Ha mindent j\u00f3l csin\u00e1lsz, a marad\u00e9k szabadid\u0151det este tal\u00e1n magadra ford\u00edthatod. Alig t\u00f6lt\u00fcnk id\u0151t a bar\u00e1tainkkal, akik vagy messze laknak, vagy nekik sincs saj\u00e1t gyerek\u00fck. \u00d6sszebar\u00e1tkoztunk a szomsz\u00e9dokkal, akiknek van gyerek\u00fck, \u00e9s akik gyakran \u00f6ssze\u00fclnek a k\u00f6rny\u00e9kbeli parkban. <a href=\"https:\/\/www.reddit.com\/r\/AskReddit\/comments\/38iten\/comment\/crvck4a\/\" target=\"_blank\" rel=\"noreferrer noopener\">\u00a9 aftonroe \/ Reddit<\/a><\/li><\/ul>\n\n\n\n<figure class=\"wp-block-image size-full\"><img loading=\"lazy\" width=\"1000\" height=\"667\" src=\"https:\/\/liked.hu\/old\/wp-content\/uploads\/2024\/03\/lanyok.webp\" alt=\"lanyok\" class=\"wp-image-326135\" srcset=\"https:\/\/liked.hu\/old\/wp-content\/uploads\/2024\/03\/lanyok.webp 1000w, https:\/\/liked.hu\/old\/wp-content\/uploads\/2024\/03\/lanyok-768x512.webp 768w\" sizes=\"(max-width: 1000px) 100vw, 1000px\" \/><figcaption><a href=\"https:\/\/unsplash.com\/@miekelauren?utm_content=creditCopyText&amp;utm_medium=referral&amp;utm_source=unsplash\" target=\"_blank\" rel=\"noreferrer noopener nofollow\">Mieke Campbell<\/a>\u00a0\/\u00a0<a href=\"https:\/\/unsplash.com\/photos\/a-couple-of-girls-cleaning-the-ground-LOCYhBKrPM0?utm_content=creditCopyText&amp;utm_medium=referral&amp;utm_source=unsplash\" target=\"_blank\" rel=\"noreferrer noopener nofollow\">Unsplash<\/a><\/figcaption><\/figure>\n\n\n\n<ul><li>Ma a fiam kibor\u00edtott egy eg\u00e9sz faz\u00e9k p\u00f6rk\u00f6ltet a padl\u00f3ra. F\u00e9l \u00f3r\u00e1val az \u00e9tkez\u00e9s el\u0151tt megfosztotta a csal\u00e1dot a vacsor\u00e1t\u00f3l. Nyugodtan \u00f6sszeszedtem a p\u00f6rk\u00f6ltet, kidobtam, megmostam a gyereket, felmostam a konyh\u00e1t, 20 perc alatt \u00f6sszedobtam egy rakott t\u00e9szt\u00e1t, \u00e9s elfelejtettem az eg\u00e9szet. Nem s\u00edrtam, nem voltam ideges, m\u00e9g a gyereket sem b\u00fcntettem meg. Szerintetek ez m\u00e1r az anyas\u00e1gi immunit\u00e1s? <a href=\"https:\/\/vk.com\/wall-148708103_1398017\" target=\"_blank\" rel=\"noreferrer noopener\">\u00a9 Mamdarinka \/ VK<\/a><\/li><\/ul>\n\n\n\n<ul><li>L\u00e1ttatok m\u00e1r \u00fczletekben a f\u00f6ld\u00f6n fetreng\u0151, verg\u0151d\u0151 \u00e9s vis\u00edt\u00f3 gyerekeket? \u00c9n is l\u00e1ttam. \u00c9s a fiam sz\u00fclet\u00e9se el\u0151tt naiv m\u00f3don azt hittem, hogy ezek a gyerekkori hiszt\u00e9ri\u00e1k a nevel\u00e9s hi\u00e1ny\u00e1b\u00f3l erednek, \u00e9s \u00e9n egy\u00e1ltal\u00e1n nem akarok ilyen sz\u00fcl\u0151 lenni. Ma pedig a k\u00e9t\u00e9ves gyerekem a szupermarketben hisztirohamot kapkodott, a padl\u00f3ra dob\u00e1lta mag\u00e1t, megpr\u00f3b\u00e1lt mindent eltaposni \u00e9s sik\u00edtott. Sz\u00f3 szerint a kez\u00e9n\u00e9l fogva vonszoltam ki a boltb\u00f3l, mik\u00f6zben idegesen kifizettem azt a n\u00e9h\u00e1ny gy\u00fcm\u00f6lcs\u00f6t, amit t\u00f6nkretett.<br>\u00c9s nem volt semmi el\u0151zm\u00e9nye. Egyszer\u0171en csak a gyerek azt akarta, hogy \u0151 maga pakolja bele a gy\u00fcm\u00f6lcs\u00f6ket a zacsk\u00f3ba. Le a kalappal azok el\u0151tt a sz\u00fcl\u0151k el\u0151tt, akik h\u0151siesen \u00e1tv\u00e9szelik gyermekeik hisztijeit. <a href=\"https:\/\/pikabu.ru\/story\/pro_detskie_isteriki_10808827\" target=\"_blank\" rel=\"noreferrer noopener\">\u00a9 Yazaemamas\/Pikabu<\/a><\/li><\/ul>\n\n\n\n\n<div style=\"float:none;margin:0px 0 0px 0;text-align:center;\">\n<div class=\"mobileHideke8\"><div style=\"margin-top:25px;\"><div class=\"hirdeteshatter\"><div style=\"display: inline-block;width: 50%;min-width:340px;vertical-align: top;\"><div class=\"hirdetes\">HIRDET\u00c9S<\/div>\n<!-- Liked7Q1 -->\n<ins class=\"adsbygoogle\"\n     style=\"display:inline-block;width:336px;height:280px\"\n     data-ad-client=\"ca-pub-9424088931673893\"\n     data-ad-slot=\"3022062587\"><\/ins>\n<script async>\n     (adsbygoogle = window.adsbygoogle || []).push({});\n<\/script><\/div><div style=\"display: inline-block;width: 50%;min-width:340px;vertical-align: top;\"><div class=\"hirdetes\">HIRDET\u00c9S<\/div>\n<!-- Liked7Q2 -->\n<ins class=\"adsbygoogle\"\n     style=\"display:inline-block;width:336px;height:280px\"\n     data-ad-client=\"ca-pub-9424088931673893\"\n     data-ad-slot=\"3952000871\"><\/ins>\n<script async>\n     (adsbygoogle = window.adsbygoogle || []).push({});\n<\/script><\/div><\/div><\/div><\/div>\n<div style=\"display:flex;flex-direction:column;\"><div class=\"mobileShowka8\"><div style=\"padding-top:15px;margin-bottom:15px;min-height: 300px;\"><div class=\"hirdetes\">HIRDET\u00c9S<\/div>\n<!-- Liked7QMobil -->\n<ins class=\"adsbygoogle\"\n     style=\"display:inline-block;width:336px;height:280px\"\n     data-ad-client=\"ca-pub-9424088931673893\"\n     data-ad-slot=\"5073510857\"><\/ins>\n<script async>\n     (adsbygoogle = window.adsbygoogle || []).push({});\n<\/script><\/div><\/div><\/div><\/div>\n\n\n\n\n<figure class=\"wp-block-image size-full\"><img loading=\"lazy\" width=\"1000\" height=\"667\" src=\"https:\/\/liked.hu\/old\/wp-content\/uploads\/2024\/03\/hisztikriszti.webp\" alt=\"hisztikriszti\" class=\"wp-image-326144\" srcset=\"https:\/\/liked.hu\/old\/wp-content\/uploads\/2024\/03\/hisztikriszti.webp 1000w, https:\/\/liked.hu\/old\/wp-content\/uploads\/2024\/03\/hisztikriszti-768x512.webp 768w\" sizes=\"(max-width: 1000px) 100vw, 1000px\" \/><\/figure>\n\n\n\n<ul><li>A kisl\u00e1nyom 4 h\u00f3napos volt. Az egyik \u00e9jszakai etet\u00e9skor azt mondtam a f\u00e9rjemnek: \u201eHozd ide szoptatni a m\u00e1sikat is!\u201d R\u00e1m n\u00e9zett, legyintett egyet, majd elfordult \u00e9s elaludt. \u00c9n meg ott fek\u00fcdtem \u00e9s gondolkodtam: \u201eHogy k\u00e9pzeli ezt?! Most megetetem a l\u00e1nyomat, azt\u00e1n m\u00e9g a fiamat is szoptatnom kell\u2026mikor fogok tudni \u00e9n is aludni egy kicsit?\u201d Csak 10 perc m\u00falva esett le, hogy a fiam m\u00e1r 7 \u00e9ves, \u00e9s a m\u00e1sik szob\u00e1ban alszik. <a href=\"https:\/\/vk.com\/wall-148708103_405079\" target=\"_blank\" rel=\"noreferrer noopener\">\u00a9 scarletjumbled \/ VK<\/a><\/li><\/ul>\n\n\n\n<ul><li>A priorit\u00e1sok megv\u00e1ltoznak, a nyaral\u00e1s m\u00e1r nem pihentet\u0151, egyre fontosabb\u00e1 v\u00e1lik a stabil j\u00f6vedelem fenntart\u00e1sa, \u00e9s sz\u00e1mos \u00faj t\u00e9ma mer\u00fcl fel, amelyekben n\u00e9zetelt\u00e9r\u00e9s lehet a partnereddel. <a href=\"https:\/\/www.reddit.com\/r\/AskReddit\/comments\/lbfn6e\/comment\/gltrryc\/\" target=\"_blank\" rel=\"noreferrer noopener\">\u00a9 wooter99\/Reddit<\/a><\/li><\/ul>\n\n\n\n<ul><li>H\u00e1rom gyerekem van: 7 \u00e9ves, 5 \u00e9ves \u00e9s 15 h\u00f3napos. A legnehezebb az, hogy mennyire gondosan kell megtervezni a legapr\u00f3bb dolgokat is. Fel kell \u00f6lt\u00f6ztetni a gyerekeket. Be kell \u0151ket k\u00f6tni a gyerek\u00fcl\u00e9sekbe. Ki kell sz\u00e1molni, hogy mennyi ideig lesz\u00fcnk t\u00e1vol \u2013 nem fog-e ebbe belesz\u00f3lnia az alv\u00e1s, az etet\u00e9s vagy az uzsonna ideje? K\u00e9t tartal\u00e9k pelenk\u00e1t vigy\u00fcnk vagy h\u00e1rmat? Kell-e vinni cumis\u00fcveget vagy uzsonn\u00e1t? Hogyan tartsuk hidegen a cumis\u00fcveget? \u00c9s \u00edgy tov\u00e1bb. R\u00e9gen borzaszt\u00f3an szervezetlen ember voltam. Most van list\u00e1m \u00e9s menetrendem, terveket k\u00e9sz\u00edtek \u00e9s tartom magam hozz\u00e1juk. Ez nagyon klassz. <a href=\"https:\/\/www.reddit.com\/r\/AskReddit\/comments\/2vkuc6\/comment\/coiros3\/\" target=\"_blank\" rel=\"noreferrer noopener\">\u00a9 Louis_Farizee \/ Reddit<\/a><\/li><\/ul>\n\n\n\n\n<div style=\"float:none;margin:0px 0 0px 0;text-align:center;\">\n<div class=\"mobileHideke8\"><div class=\"hirdeteshatter\"><div style=\"display: inline-block;width: 50%;min-width:340px;vertical-align: top;\"><div class=\"hirdetes\">HIRDET\u00c9S<\/div>\n<!-- LikedQ81 -->\n<ins class=\"adsbygoogle\"\n     style=\"display:inline-block;width:336px;height:280px\"\n     data-ad-client=\"ca-pub-9424088931673893\"\n     data-ad-slot=\"2436840276\"><\/ins>\n<script async>\n     (adsbygoogle = window.adsbygoogle || []).push({});\n<\/script><\/div><div style=\"display: inline-block;width: 50%;min-width:340px;vertical-align: top;\"><div class=\"hirdetes\">HIRDET\u00c9S<\/div>\n<!-- LikedQ82 -->\n<ins class=\"adsbygoogle\"\n     style=\"display:inline-block;width:336px;height:280px\"\n     data-ad-client=\"ca-pub-9424088931673893\"\n     data-ad-slot=\"3558350253\"><\/ins>\n<script async>\n     (adsbygoogle = window.adsbygoogle || []).push({});\n<\/script><\/div><\/div><\/div>\n<div style=\"display:flex;flex-direction:column;\"><div class=\"mobileShowka8 nyolc\"><div style=\"padding-top:15px;padding-bottom:5px;min-height: 300px;\"><div class=\"hirdetes\">HIRDET\u00c9S<\/div>\n<!-- LikedQ8M -->\n<ins class=\"adsbygoogle\"\n     style=\"display:inline-block;width:336px;height:280px\"\n     data-ad-client=\"ca-pub-9424088931673893\"\n     data-ad-slot=\"4679860235\"><\/ins>\n<script async>\n     (adsbygoogle = window.adsbygoogle || []).push({});\n<\/script><\/div><\/div><\/div><\/div>\n\n\n\n\n<figure class=\"wp-block-image size-full\"><img loading=\"lazy\" width=\"1000\" height=\"667\" src=\"https:\/\/liked.hu\/old\/wp-content\/uploads\/2024\/03\/testverek.webp\" alt=\"testverek\" class=\"wp-image-326136\" srcset=\"https:\/\/liked.hu\/old\/wp-content\/uploads\/2024\/03\/testverek.webp 1000w, https:\/\/liked.hu\/old\/wp-content\/uploads\/2024\/03\/testverek-768x512.webp 768w\" sizes=\"(max-width: 1000px) 100vw, 1000px\" \/><figcaption><a href=\"https:\/\/unsplash.com\/@jwwhitt?utm_content=creditCopyText&amp;utm_medium=referral&amp;utm_source=unsplash\" target=\"_blank\" rel=\"noreferrer noopener nofollow\">Jordan Whitt<\/a>\u00a0\/\u00a0<a href=\"https:\/\/unsplash.com\/photos\/three-boys-running-on-field-b8rkmfxZjdU?utm_content=creditCopyText&amp;utm_medium=referral&amp;utm_source=unsplash\" target=\"_blank\" rel=\"noreferrer noopener nofollow\">Unsplash<\/a><\/figcaption><\/figure>\n\n\n\n<ul><li>R\u00e1j\u00f6ttem egy fontos dologra: ha gyereket akarsz, csakis magadra sz\u00e1m\u00edts. Az els\u0151 h\u00e1zass\u00e1gom korai volt, r\u00f6gt\u00f6n az esk\u00fcv\u0151 ut\u00e1n teherbe estem. A f\u00e9rjem \u00f6r\u00fclt, \u00edg\u00e9rte, hogy a tenyer\u00e9n fog hordozni. Amikor megsz\u00fcletett a fiunk, egyenesen a plafonig ugr\u00e1lt \u00f6r\u00f6m\u00e9ben. De a gyerek csak \u00fcv\u00f6lt\u00f6tt, \u00e9s a f\u00e9rjem pedig hamar megunta az apaszerepet. T\u00fal\u00e9ltem, megbirk\u00f3ztam vele, elv\u00e1ltam. M\u00e1sodszor m\u00e1r cinikus n\u0151k\u00e9nt mentem f\u00e9rjhez. A m\u00e1sodik f\u00e9rjem kedves, gondoskod\u00f3, nagylelk\u0171 volt. Im\u00e1dta a fiamat, m\u00e9g egy l\u00e1nyt is akart. Sok\u00e1ig gondolkodtam, de v\u00e9g\u00fcl megsz\u00fcltem.<br>\u00c9s a f\u00e9rjem megmutatta a val\u00f3di arc\u00e1t! Amikor r\u00e9gen \u00e9n kerestem t\u00f6bbet, \u00e9n soha nem k\u00e9rdeztem meg, hogy mire k\u00f6lti a p\u00e9nzt. Most, hogy t\u0151le f\u00fcgg\u00f6k, elkezdte kontroll\u00e1lni a k\u00f6lt\u00e9seimet. A gyes a pelenk\u00e1ra \u00e9s a gyerekre ment, a h\u00e1ztart\u00e1sra pedig k\u00f6ny\u00f6r\u00f6gn\u00f6m kellett a p\u00e9nz\u00e9rt! H\u00edztam a sz\u00fcl\u00e9s ut\u00e1n, de nem volt mib\u0151l vennem m\u00e9g egy melltart\u00f3t \u00e9s bugyit sem. V\u00e9g\u00fcl elv\u00e1ltunk. Van egy tinil\u00e1nyom, \u00e9s mindig azt mondom neki, hogy csak akkor legyen gyereke, ha \u0151 maga is \u00fagy \u00e9rzi, hogy egyed\u00fcl is meg tud birk\u00f3zni mindennel, az elej\u00e9t\u0151l a v\u00e9g\u00e9ig. <a href=\"https:\/\/ideer.ru\/p\/193473\" target=\"_blank\" rel=\"noreferrer noopener\">\u00a9 fourjeer \/ Ideer<\/a><\/li><\/ul>\n\n\n\n<ul><li>A f\u00e9rjemmel mindketten karrierist\u00e1k vagyunk, reggelt\u0151l estig dolgozunk, \u00e9s otthon idill van. De nemr\u00e9g elmentem gyesre. A f\u00e9rjem csak \u00e9jszak\u00e1ra j\u00f6n haza, szabadid\u0151ben szemin\u00e1riumokra j\u00e1r, vide\u00f3leck\u00e9ket n\u00e9z vagy alszik. Csak a test\u00e9vel van ott vel\u00fcnk. Ha besz\u00e9l\u00fcnk, akkor csak a munk\u00e1j\u00e1r\u00f3l besz\u00e9l\u00fcnk, ha van id\u0151nk egy\u00e1ltal\u00e1n besz\u00e9lgetni. Nem tudom hib\u00e1ztatni, mert csod\u00e1lom, amikor valaki ennyire elhivatott a munk\u00e1ja ir\u00e1nt, r\u00e1ad\u00e1sul \u0151 a mi lelkiismeretes keny\u00e9rkeres\u0151nk. De \u00e9rzem, hogy ink\u00e1bb partnerek vagyunk, mint csal\u00e1d. Ostobas\u00e1g lenne emiatt megs\u00e9rt\u0151dni, de m\u00e9gis f\u00e1j a sz\u00edvem. <a href=\"https:\/\/ideer.ru\/p\/198928\" target=\"_blank\" rel=\"noreferrer noopener\">\u00a9 tubetumble \/ Ideer<\/a><\/li><li>A l\u00e1nyomat mostan\u00e1ban minden \u00e9rdekel, ez\u00e9rt a f\u00e9rjemmel h\u0151siesen t\u0171r\u00fcnk \u00e9s v\u00e1laszolunk minden k\u00e9rd\u00e9s\u00e9re, mint p\u00e9ld\u00e1ul: \u201eMi\u00e9rt k\u00e9k az \u00e9g?\u201d, \u201eMi\u00e9rt nem szabad a hegeszt\u00e9sre n\u00e9zni?\u201d, \u201eL\u00e9teznek-e t\u00fcnd\u00e9rek \u00e9s sell\u0151k?\u201d \u00c9s ebb\u0151l van k\u00f6r\u00fclbel\u00fcl 100 naponta. Szombati reggel, 5 \u00f3ra. A f\u00e9rjemmel arra \u00e9bred\u00fcnk, hogy kiny\u00edlik az ajt\u00f3nk, \u00e9s bel\u00e9p a l\u00e1nyunk. Befek\u00fcdt k\u00f6z\u00e9nk \u00e9s el\u00e9g hangosan megsz\u00f3lal: \u201eApa\u201d. A f\u00e9rjem \u00e1lmosan megk\u00e9rdezi, hogy most m\u00e9gis mit akar. El\u0151sz\u00f6r s\u00edri csend, meg se sz\u00f3lal. Azt\u00e1n zavartan: \u201eJaj, m\u00e9g nem tal\u00e1ltam ki.\u201d <a href=\"https:\/\/vk.com\/wall-148708103_1299302\" target=\"_blank\" rel=\"noreferrer noopener\">\u00a9 ballfourth \/ VK<\/a><\/li><\/ul>\n\n\n\n<p class=\"has-text-align-center\"><strong>Sz\u00e1modra mi okozta a legnagyobb meglepet\u00e9st vagy v\u00e1ltoz\u00e1st, amikor megsz\u00fcletett a gyermeked?<\/strong><\/p>\n","protected":false},"excerpt":{"rendered":"<p>Egy gyermek sz\u00fclet\u00e9se m\u00e9g a legt\u00f6k\u00e9letesebb kapcsolatokat is pr\u00f3b\u00e1ra teszi.<\/p>\n","protected":false},"author":5,"featured_media":326148,"comment_status":"open","ping_status":"closed","sticky":false,"template":"","format":"standard","meta":{"buzzeditor_post_format":""},"categories":[9578],"tags":[409,940,2159,2469,2474,5700],"yoast_head":"<!-- This site is optimized with the Yoast SEO plugin v19.6.1 - https:\/\/yoast.com\/wordpress\/plugins\/seo\/ -->\n<title>16 anyuka \u0151szint\u00e9n mes\u00e9lt arr\u00f3l, hogyan v\u00e1ltozott meg az \u00e9let\u00fck 180 fokkal a sz\u00fcl\u00e9s ut\u00e1n<\/title>\n<meta name=\"description\" content=\"Egy gyermek sz\u00fclet\u00e9se m\u00e9g a legt\u00f6k\u00e9letesebb kapcsolatokat is pr\u00f3b\u00e1ra teszi.\" \/>\n<meta name=\"robots\" content=\"index, follow, max-snippet:-1, max-image-preview:large, max-video-preview:-1\" \/>\n<link rel=\"canonical\" href=\"https:\/\/liked.hu\/old\/internetes-dolgok\/16-anyuka-oszinten-meselt-arrol-hogyan-valtozott-meg-az-eletuk-180-fokkal-a-szules-utan\/\" \/>\n<link rel=\"next\" href=\"https:\/\/liked.hu\/old\/internetes-dolgok\/16-anyuka-oszinten-meselt-arrol-hogyan-valtozott-meg-az-eletuk-180-fokkal-a-szules-utan\/2\/\" \/>\n<meta property=\"og:locale\" content=\"hu_HU\" \/>\n<meta property=\"og:type\" content=\"article\" \/>\n<meta property=\"og:title\" content=\"16 anyuka \u0151szint\u00e9n mes\u00e9lt arr\u00f3l, hogyan v\u00e1ltozott meg az \u00e9let\u00fck 180 fokkal a sz\u00fcl\u00e9s ut\u00e1n\" \/>\n<meta property=\"og:description\" content=\"Egy gyermek sz\u00fclet\u00e9se m\u00e9g a legt\u00f6k\u00e9letesebb kapcsolatokat is pr\u00f3b\u00e1ra teszi.\" \/>\n<meta property=\"og:url\" content=\"https:\/\/liked.hu\/old\/internetes-dolgok\/16-anyuka-oszinten-meselt-arrol-hogyan-valtozott-meg-az-eletuk-180-fokkal-a-szules-utan\/\" \/>\n<meta property=\"og:site_name\" content=\"Liked.hu\" \/>\n<meta property=\"article:publisher\" content=\"https:\/\/www.facebook.com\/liked.hu\" \/>\n<meta property=\"article:published_time\" content=\"2024-03-12T00:28:03+00:00\" \/>\n<meta property=\"article:modified_time\" content=\"2024-03-12T00:37:10+00:00\" \/>\n<meta property=\"og:image\" content=\"https:\/\/liked.hu\/old\/wp-content\/uploads\/2024\/03\/Anyukak-tortenetei.jpg\" \/>\n\t<meta property=\"og:image:width\" content=\"1200\" \/>\n\t<meta property=\"og:image:height\" content=\"630\" \/>\n\t<meta property=\"og:image:type\" content=\"image\/jpeg\" \/>\n<meta name=\"author\" content=\"Sludenkor\" \/>\n<meta name=\"twitter:card\" content=\"summary\" \/>\n<meta name=\"twitter:creator\" content=\"@LikedHu\" \/>\n<meta name=\"twitter:site\" content=\"@LikedHu\" \/>\n<meta name=\"twitter:label1\" content=\"Szerz\u0151:\" \/>\n\t<meta name=\"twitter:data1\" content=\"Sludenkor\" \/>\n\t<meta name=\"twitter:label2\" content=\"Becs\u00fclt olvas\u00e1si id\u0151\" \/>\n\t<meta name=\"twitter:data2\" content=\"10 perc\" \/>\n<script type=\"application\/ld+json\" class=\"yoast-schema-graph\">{\"@context\":\"https:\/\/schema.org\",\"@graph\":[{\"@type\":\"Article\",\"@id\":\"https:\/\/liked.hu\/old\/internetes-dolgok\/16-anyuka-oszinten-meselt-arrol-hogyan-valtozott-meg-az-eletuk-180-fokkal-a-szules-utan\/#article\",\"isPartOf\":{\"@id\":\"https:\/\/liked.hu\/old\/internetes-dolgok\/16-anyuka-oszinten-meselt-arrol-hogyan-valtozott-meg-az-eletuk-180-fokkal-a-szules-utan\/\"},\"author\":{\"name\":\"Sludenkor\",\"@id\":\"https:\/\/liked.hu\/old\/#\/schema\/person\/6650f7130e2154421c3a5cae3435b47c\"},\"headline\":\"16 anyuka \u0151szint\u00e9n mes\u00e9lt arr\u00f3l, hogyan v\u00e1ltozott meg az \u00e9let\u00fck 180 fokkal a sz\u00fcl\u00e9s ut\u00e1n\",\"datePublished\":\"2024-03-12T00:28:03+00:00\",\"dateModified\":\"2024-03-12T00:37:10+00:00\",\"mainEntityOfPage\":{\"@id\":\"https:\/\/liked.hu\/old\/internetes-dolgok\/16-anyuka-oszinten-meselt-arrol-hogyan-valtozott-meg-az-eletuk-180-fokkal-a-szules-utan\/\"},\"wordCount\":2054,\"commentCount\":0,\"publisher\":{\"@id\":\"https:\/\/liked.hu\/old\/#organization\"},\"keywords\":[\"csal\u00e1d\",\"gyereknevel\u00e9s\",\"reddit\",\"sz\u00fcl\u00e9s\",\"sz\u00fcl\u0151k\",\"t\u00f6rt\u00e9netek\"],\"articleSection\":[\"Interneten tal\u00e1lt dolgok\"],\"inLanguage\":\"hu\",\"potentialAction\":[{\"@type\":\"CommentAction\",\"name\":\"Comment\",\"target\":[\"https:\/\/liked.hu\/old\/internetes-dolgok\/16-anyuka-oszinten-meselt-arrol-hogyan-valtozott-meg-az-eletuk-180-fokkal-a-szules-utan\/#respond\"]}]},{\"@type\":\"WebPage\",\"@id\":\"https:\/\/liked.hu\/old\/internetes-dolgok\/16-anyuka-oszinten-meselt-arrol-hogyan-valtozott-meg-az-eletuk-180-fokkal-a-szules-utan\/\",\"url\":\"https:\/\/liked.hu\/old\/internetes-dolgok\/16-anyuka-oszinten-meselt-arrol-hogyan-valtozott-meg-az-eletuk-180-fokkal-a-szules-utan\/\",\"name\":\"16 anyuka \u0151szint\u00e9n mes\u00e9lt arr\u00f3l, hogyan v\u00e1ltozott meg az \u00e9let\u00fck 180 fokkal a sz\u00fcl\u00e9s ut\u00e1n\",\"isPartOf\":{\"@id\":\"https:\/\/liked.hu\/old\/#website\"},\"datePublished\":\"2024-03-12T00:28:03+00:00\",\"dateModified\":\"2024-03-12T00:37:10+00:00\",\"description\":\"Egy gyermek sz\u00fclet\u00e9se m\u00e9g a legt\u00f6k\u00e9letesebb kapcsolatokat is pr\u00f3b\u00e1ra teszi.\",\"breadcrumb\":{\"@id\":\"https:\/\/liked.hu\/old\/internetes-dolgok\/16-anyuka-oszinten-meselt-arrol-hogyan-valtozott-meg-az-eletuk-180-fokkal-a-szules-utan\/#breadcrumb\"},\"inLanguage\":\"hu\",\"potentialAction\":[{\"@type\":\"ReadAction\",\"target\":[\"https:\/\/liked.hu\/old\/internetes-dolgok\/16-anyuka-oszinten-meselt-arrol-hogyan-valtozott-meg-az-eletuk-180-fokkal-a-szules-utan\/\"]}]},{\"@type\":\"BreadcrumbList\",\"@id\":\"https:\/\/liked.hu\/old\/internetes-dolgok\/16-anyuka-oszinten-meselt-arrol-hogyan-valtozott-meg-az-eletuk-180-fokkal-a-szules-utan\/#breadcrumb\",\"itemListElement\":[{\"@type\":\"ListItem\",\"position\":1,\"name\":\"Kezd\u0151lap\"}]},{\"@type\":\"WebSite\",\"@id\":\"https:\/\/liked.hu\/old\/#website\",\"url\":\"https:\/\/liked.hu\/old\/\",\"name\":\"Liked.hu\",\"description\":\"\",\"publisher\":{\"@id\":\"https:\/\/liked.hu\/old\/#organization\"},\"potentialAction\":[{\"@type\":\"SearchAction\",\"target\":{\"@type\":\"EntryPoint\",\"urlTemplate\":\"https:\/\/liked.hu\/old\/?s={search_term_string}\"},\"query-input\":\"required name=search_term_string\"}],\"inLanguage\":\"hu\"},{\"@type\":\"Organization\",\"@id\":\"https:\/\/liked.hu\/old\/#organization\",\"name\":\"Liked.hu\",\"url\":\"https:\/\/liked.hu\/old\/\",\"sameAs\":[\"https:\/\/hu.pinterest.com\/likedhungary\/\",\"https:\/\/www.youtube.com\/channel\/UCPv91dbMoIukYcM9b9nHN6Q\",\"https:\/\/www.facebook.com\/liked.hu\",\"https:\/\/twitter.com\/LikedHu\"],\"logo\":{\"@type\":\"ImageObject\",\"inLanguage\":\"hu\",\"@id\":\"https:\/\/liked.hu\/old\/#\/schema\/logo\/image\/\",\"url\":\"https:\/\/liked.hu\/wp-content\/uploads\/2018\/08\/Liked-icon.png\",\"contentUrl\":\"https:\/\/liked.hu\/wp-content\/uploads\/2018\/08\/Liked-icon.png\",\"width\":512,\"height\":512,\"caption\":\"Liked.hu\"},\"image\":{\"@id\":\"https:\/\/liked.hu\/old\/#\/schema\/logo\/image\/\"}},{\"@type\":\"Person\",\"@id\":\"https:\/\/liked.hu\/old\/#\/schema\/person\/6650f7130e2154421c3a5cae3435b47c\",\"name\":\"Sludenkor\",\"image\":{\"@type\":\"ImageObject\",\"inLanguage\":\"hu\",\"@id\":\"https:\/\/liked.hu\/old\/#\/schema\/person\/image\/\",\"url\":\"https:\/\/liked.hu\/old\/wp-content\/uploads\/avatars\/5\/604de86470f75-bpfull.jpg\",\"contentUrl\":\"https:\/\/liked.hu\/old\/wp-content\/uploads\/avatars\/5\/604de86470f75-bpfull.jpg\",\"caption\":\"Sludenkor\"},\"url\":\"https:\/\/liked.hu\/old\/u\/sludenkor\/\"}]}<\/script>\n<!-- \/ Yoast SEO plugin. -->","yoast_head_json":{"title":"16 anyuka \u0151szint\u00e9n mes\u00e9lt arr\u00f3l, hogyan v\u00e1ltozott meg az \u00e9let\u00fck 180 fokkal a sz\u00fcl\u00e9s ut\u00e1n","description":"Egy gyermek sz\u00fclet\u00e9se m\u00e9g a legt\u00f6k\u00e9letesebb kapcsolatokat is pr\u00f3b\u00e1ra teszi.","robots":{"index":"index","follow":"follow","max-snippet":"max-snippet:-1","max-image-preview":"max-image-preview:large","max-video-preview":"max-video-preview:-1"},"canonical":"https:\/\/liked.hu\/old\/internetes-dolgok\/16-anyuka-oszinten-meselt-arrol-hogyan-valtozott-meg-az-eletuk-180-fokkal-a-szules-utan\/","next":"https:\/\/liked.hu\/old\/internetes-dolgok\/16-anyuka-oszinten-meselt-arrol-hogyan-valtozott-meg-az-eletuk-180-fokkal-a-szules-utan\/2\/","og_locale":"hu_HU","og_type":"article","og_title":"16 anyuka \u0151szint\u00e9n mes\u00e9lt arr\u00f3l, hogyan v\u00e1ltozott meg az \u00e9let\u00fck 180 fokkal a sz\u00fcl\u00e9s ut\u00e1n","og_description":"Egy gyermek sz\u00fclet\u00e9se m\u00e9g a legt\u00f6k\u00e9letesebb kapcsolatokat is pr\u00f3b\u00e1ra teszi.","og_url":"https:\/\/liked.hu\/old\/internetes-dolgok\/16-anyuka-oszinten-meselt-arrol-hogyan-valtozott-meg-az-eletuk-180-fokkal-a-szules-utan\/","og_site_name":"Liked.hu","article_publisher":"https:\/\/www.facebook.com\/liked.hu","article_published_time":"2024-03-12T00:28:03+00:00","article_modified_time":"2024-03-12T00:37:10+00:00","og_image":[{"width":1200,"height":630,"url":"https:\/\/liked.hu\/old\/wp-content\/uploads\/2024\/03\/Anyukak-tortenetei.jpg","type":"image\/jpeg"}],"author":"Sludenkor","twitter_card":"summary","twitter_creator":"@LikedHu","twitter_site":"@LikedHu","twitter_misc":{"Szerz\u0151:":"Sludenkor","Becs\u00fclt olvas\u00e1si id\u0151":"10 perc"},"schema":{"@context":"https:\/\/schema.org","@graph":[{"@type":"Article","@id":"https:\/\/liked.hu\/old\/internetes-dolgok\/16-anyuka-oszinten-meselt-arrol-hogyan-valtozott-meg-az-eletuk-180-fokkal-a-szules-utan\/#article","isPartOf":{"@id":"https:\/\/liked.hu\/old\/internetes-dolgok\/16-anyuka-oszinten-meselt-arrol-hogyan-valtozott-meg-az-eletuk-180-fokkal-a-szules-utan\/"},"author":{"name":"Sludenkor","@id":"https:\/\/liked.hu\/old\/#\/schema\/person\/6650f7130e2154421c3a5cae3435b47c"},"headline":"16 anyuka \u0151szint\u00e9n mes\u00e9lt arr\u00f3l, hogyan v\u00e1ltozott meg az \u00e9let\u00fck 180 fokkal a sz\u00fcl\u00e9s ut\u00e1n","datePublished":"2024-03-12T00:28:03+00:00","dateModified":"2024-03-12T00:37:10+00:00","mainEntityOfPage":{"@id":"https:\/\/liked.hu\/old\/internetes-dolgok\/16-anyuka-oszinten-meselt-arrol-hogyan-valtozott-meg-az-eletuk-180-fokkal-a-szules-utan\/"},"wordCount":2054,"commentCount":0,"publisher":{"@id":"https:\/\/liked.hu\/old\/#organization"},"keywords":["csal\u00e1d","gyereknevel\u00e9s","reddit","sz\u00fcl\u00e9s","sz\u00fcl\u0151k","t\u00f6rt\u00e9netek"],"articleSection":["Interneten tal\u00e1lt dolgok"],"inLanguage":"hu","potentialAction":[{"@type":"CommentAction","name":"Comment","target":["https:\/\/liked.hu\/old\/internetes-dolgok\/16-anyuka-oszinten-meselt-arrol-hogyan-valtozott-meg-az-eletuk-180-fokkal-a-szules-utan\/#respond"]}]},{"@type":"WebPage","@id":"https:\/\/liked.hu\/old\/internetes-dolgok\/16-anyuka-oszinten-meselt-arrol-hogyan-valtozott-meg-az-eletuk-180-fokkal-a-szules-utan\/","url":"https:\/\/liked.hu\/old\/internetes-dolgok\/16-anyuka-oszinten-meselt-arrol-hogyan-valtozott-meg-az-eletuk-180-fokkal-a-szules-utan\/","name":"16 anyuka \u0151szint\u00e9n mes\u00e9lt arr\u00f3l, hogyan v\u00e1ltozott meg az \u00e9let\u00fck 180 fokkal a sz\u00fcl\u00e9s ut\u00e1n","isPartOf":{"@id":"https:\/\/liked.hu\/old\/#website"},"datePublished":"2024-03-12T00:28:03+00:00","dateModified":"2024-03-12T00:37:10+00:00","description":"Egy gyermek sz\u00fclet\u00e9se m\u00e9g a legt\u00f6k\u00e9letesebb kapcsolatokat is pr\u00f3b\u00e1ra teszi.","breadcrumb":{"@id":"https:\/\/liked.hu\/old\/internetes-dolgok\/16-anyuka-oszinten-meselt-arrol-hogyan-valtozott-meg-az-eletuk-180-fokkal-a-szules-utan\/#breadcrumb"},"inLanguage":"hu","potentialAction":[{"@type":"ReadAction","target":["https:\/\/liked.hu\/old\/internetes-dolgok\/16-anyuka-oszinten-meselt-arrol-hogyan-valtozott-meg-az-eletuk-180-fokkal-a-szules-utan\/"]}]},{"@type":"BreadcrumbList","@id":"https:\/\/liked.hu\/old\/internetes-dolgok\/16-anyuka-oszinten-meselt-arrol-hogyan-valtozott-meg-az-eletuk-180-fokkal-a-szules-utan\/#breadcrumb","itemListElement":[{"@type":"ListItem","position":1,"name":"Kezd\u0151lap"}]},{"@type":"WebSite","@id":"https:\/\/liked.hu\/old\/#website","url":"https:\/\/liked.hu\/old\/","name":"Liked.hu","description":"","publisher":{"@id":"https:\/\/liked.hu\/old\/#organization"},"potentialAction":[{"@type":"SearchAction","target":{"@type":"EntryPoint","urlTemplate":"https:\/\/liked.hu\/old\/?s={search_term_string}"},"query-input":"required name=search_term_string"}],"inLanguage":"hu"},{"@type":"Organization","@id":"https:\/\/liked.hu\/old\/#organization","name":"Liked.hu","url":"https:\/\/liked.hu\/old\/","sameAs":["https:\/\/hu.pinterest.com\/likedhungary\/","https:\/\/www.youtube.com\/channel\/UCPv91dbMoIukYcM9b9nHN6Q","https:\/\/www.facebook.com\/liked.hu","https:\/\/twitter.com\/LikedHu"],"logo":{"@type":"ImageObject","inLanguage":"hu","@id":"https:\/\/liked.hu\/old\/#\/schema\/logo\/image\/","url":"https:\/\/liked.hu\/wp-content\/uploads\/2018\/08\/Liked-icon.png","contentUrl":"https:\/\/liked.hu\/wp-content\/uploads\/2018\/08\/Liked-icon.png","width":512,"height":512,"caption":"Liked.hu"},"image":{"@id":"https:\/\/liked.hu\/old\/#\/schema\/logo\/image\/"}},{"@type":"Person","@id":"https:\/\/liked.hu\/old\/#\/schema\/person\/6650f7130e2154421c3a5cae3435b47c","name":"Sludenkor","image":{"@type":"ImageObject","inLanguage":"hu","@id":"https:\/\/liked.hu\/old\/#\/schema\/person\/image\/","url":"https:\/\/liked.hu\/old\/wp-content\/uploads\/avatars\/5\/604de86470f75-bpfull.jpg","contentUrl":"https:\/\/liked.hu\/old\/wp-content\/uploads\/avatars\/5\/604de86470f75-bpfull.jpg","caption":"Sludenkor"},"url":"https:\/\/liked.hu\/old\/u\/sludenkor\/"}]}},"publishpress_future_action":{"enabled":false,"date":"1970-01-01 01:00:00","action":"","terms":[],"taxonomy":"","browser_timezone_offset":0},"_links":{"self":[{"href":"https:\/\/liked.hu\/old\/wp-json\/wp\/v2\/posts\/326132"}],"collection":[{"href":"https:\/\/liked.hu\/old\/wp-json\/wp\/v2\/posts"}],"about":[{"href":"https:\/\/liked.hu\/old\/wp-json\/wp\/v2\/types\/post"}],"author":[{"embeddable":true,"href":"https:\/\/liked.hu\/old\/wp-json\/wp\/v2\/users\/5"}],"replies":[{"embeddable":true,"href":"https:\/\/liked.hu\/old\/wp-json\/wp\/v2\/comments?post=326132"}],"version-history":[{"count":0,"href":"https:\/\/liked.hu\/old\/wp-json\/wp\/v2\/posts\/326132\/revisions"}],"wp:featuredmedia":[{"embeddable":true,"href":"https:\/\/liked.hu\/old\/wp-json\/wp\/v2\/media\/326148"}],"wp:attachment":[{"href":"https:\/\/liked.hu\/old\/wp-json\/wp\/v2\/media?parent=326132"}],"wp:term":[{"taxonomy":"category","embeddable":true,"href":"https:\/\/liked.hu\/old\/wp-json\/wp\/v2\/categories?post=326132"},{"taxonomy":"post_tag","embeddable":true,"href":"https:\/\/liked.hu\/old\/wp-json\/wp\/v2\/tags?post=326132"}],"curies":[{"name":"wp","href":"https:\/\/api.w.org\/{rel}","templated":true}]}}