{"id":326007,"date":"2024-03-11T17:38:19","date_gmt":"2024-03-11T16:38:19","guid":{"rendered":"https:\/\/liked.hu\/old\/?p=326007"},"modified":"2024-03-11T17:38:21","modified_gmt":"2024-03-11T16:38:21","slug":"mi-tortent-az-okori-vilag-7-csodajaval","status":"publish","type":"post","link":"https:\/\/liked.hu\/old\/erdekes\/mi-tortent-az-okori-vilag-7-csodajaval\/","title":{"rendered":"Mi t\u00f6rt\u00e9nt az \u00f3kori vil\u00e1g 7 csod\u00e1j\u00e1val?"},"content":{"rendered":"\n<p>Az \u00f3kori vil\u00e1g h\u00e9t csod\u00e1ja egykor leny\u0171g\u00f6zte az embereket. Grandi\u00f3zus projektek voltak, amiknek c\u00e9lja az volt, hogy \u00e9vezredekig \u00e1lljanak.<\/p>\n\n\n\n\n<div style=\"float:none;margin:0px 0 0px 0;text-align:center;\">\n<div class=\"mobileShowkakettes\"><div class=\"mobileShowka2\"><div style=\"padding-top:0px;padding-bottom:15px;min-height: 300px;\"><div class=\"hirdetes\">HIRDET\u00c9S<\/div>\n<!-- 300lista -->\n<ins class=\"adsbygoogle\"\n     style=\"display:inline-block;width:300px;height:250px\"\n     data-ad-client=\"ca-pub-9424088931673893\"\n     data-ad-slot=\"8471340766\"><\/ins>\n<script async>\n     (adsbygoogle = window.adsbygoogle || []).push({});\n<\/script><\/div><\/div><\/div><\/div>\n\n\n\n\n<p>Sajnos, ebb\u0151l a list\u00e1b\u00f3l napjainkra csak Kheopsz piramisa maradt fenn. Ebben a cikkben elmes\u00e9lj\u00fck, mi t\u00f6rt\u00e9nt a t\u00f6bbi csod\u00e1val, \u00e9s mi maradt bel\u0151l\u00fck napjainkra.<\/p>\n\n\n\n<h4>7. A rodoszi kolosszus<\/h4>\n\n\n\n<p>A rodoszi kolosszus egy hatalmas szobor volt, ami H\u00e9liosz napistent \u00e1br\u00e1zolta, \u00e9s az \u00f3kori g\u00f6r\u00f6g Rodosz v\u00e1ros\u00e1ban \u00e1llt.<\/p>\n\n\n\n<p>A t\u00f6rt\u00e9nete a k\u00f6vetkez\u0151: a Kr. e. 3. sz\u00e1zadban Rodosz ostrom al\u00e1 ker\u00fclt &#8211; az akkori maked\u00f3n kir\u00e1ly, Demetriosz akarta bevenni a v\u00e1rost (nem hagyta \u0151ket nyugodni Nagy S\u00e1ndor h\u00edrneve, de nem tudt\u00e1k megism\u00e9telni a sikereit).<\/p>\n\n\n\n<figure class=\"wp-block-image size-full\"><img loading=\"lazy\" width=\"602\" height=\"339\" src=\"https:\/\/liked.hu\/old\/wp-content\/uploads\/2024\/03\/Okori-vilag-csodai-014.webp\" alt=\"Okori vilag csodai 014\" class=\"wp-image-326010\"\/><\/figure>\n\n\n\n<p>Rodosz ellen\u00e1llt, \u00e9s el\u0171zte a maked\u00f3nokat. A ostromg\u00e9peket elkobozt\u00e1k, eladt\u00e1k, \u00e9s \u00edgy nyeres\u00e9gre tettek szert. A bev\u00e9telt egy hatalmas eml\u00e9km\u0171 fel\u00e1ll\u00edt\u00e1s\u00e1ra ford\u00edtott\u00e1k a dics\u0151s\u00e9ges gy\u0151zelem eml\u00e9k\u00e9re!<\/p>\n\n\n\n<p>13 tonna bronzot \u00e9s 8 tonna vasat haszn\u00e1ltak fel &#8211; \u00f3ri\u00e1si mennyis\u00e9gnek sz\u00e1m\u00edtott ez abban az id\u0151ben!<\/p>\n\n\n\n<p>Khar\u00e9sz szobr\u00e1sz 12 \u00e9ven \u00e1t dolgozott a remekm\u0171v\u00e9n. V\u00e9g\u00fcl elk\u00e9sz\u00fclt az \u00faj Vil\u00e1gcsoda!<\/p>\n\n\n\n<p>A kolosszus mind\u00f6ssze f\u00e9l \u00e9vsz\u00e1zadig \u00e1llt, majd egy f\u00f6ldreng\u00e9s led\u00f6nt\u00f6tte.<\/p>\n\n\n\n<p>800 \u00e9ven \u00e1t fek\u00fcdt a f\u00f6ld\u00f6n, a t\u00e9rdein\u00e9l elt\u00f6rve.<\/p>\n\n\n\n<figure class=\"wp-block-image size-full\"><img loading=\"lazy\" width=\"1200\" height=\"652\" src=\"https:\/\/liked.hu\/old\/wp-content\/uploads\/2024\/03\/Okori-vilag-csodai-013.webp\" alt=\"Okori vilag csodai 013\" class=\"wp-image-326012\" srcset=\"https:\/\/liked.hu\/old\/wp-content\/uploads\/2024\/03\/Okori-vilag-csodai-013.webp 1200w, https:\/\/liked.hu\/old\/wp-content\/uploads\/2024\/03\/Okori-vilag-csodai-013-768x417.webp 768w\" sizes=\"(max-width: 1200px) 100vw, 1200px\" \/><\/figure>\n\n\n\n<p>A Kr. u. 7. sz\u00e1zadban Rodoszt az arabok foglalt\u00e1k el. I. Mu\u00e1vija kalifa beolvasztotta a szobrot, hogy eladhassa. Egy zsid\u00f3 keresked\u0151 v\u00e1s\u00e1rolta meg, \u00e9s 900 tev\u00e9b\u0151l \u00e1ll\u00f3 karav\u00e1nnal sz\u00e1ll\u00edttatta el a kolosszus darabjait.<\/p>\n\n\n\n<p>Sajnos, a rodoszi kolosszusb\u00f3l napjainkra semmi sem maradt fenn. S\u0151t, a tud\u00f3sok m\u00e9g mindig nem tudj\u00e1k pontosan, hogy hol \u00e1llt a szobor. Val\u00f3sz\u00edn\u0171leg ott \u00e1llt, ahol ma a Mandrakki kik\u00f6t\u0151 bej\u00e1rat\u00e1n\u00e1l k\u00e9t oszlop tal\u00e1lhat\u00f3.<\/p>\n\n\n\n\n<div style=\"float:none;margin:0px 0 0px 0;text-align:center;\">\n<div class=\"mobileHideke5\"><div style=\"margin-top:25px;\"><div class=\"hirdeteshatter\"><div style=\"display: inline-block;width: 50%;min-width:305px;vertical-align: top;\"><div class=\"hirdetes\">HIRDET\u00c9S<\/div>\n<!-- LikedQ51 -->\n<ins class=\"adsbygoogle\"\n     style=\"display:inline-block;width:300px;height:250px\"\n     data-ad-client=\"ca-pub-9424088931673893\"\n     data-ad-slot=\"8284063326\"><\/ins>\n<script async>\n     (adsbygoogle = window.adsbygoogle || []).push({});\n<\/script><\/div><div style=\"display: inline-block;width: 50%;min-width:305px;vertical-align: top;\"><div class=\"hirdetes\">HIRDET\u00c9S<\/div>\n<!-- LikedQ52 -->\n<ins class=\"adsbygoogle\"\n     style=\"display:inline-block;width:300px;height:250px\"\n     data-ad-client=\"ca-pub-9424088931673893\"\n     data-ad-slot=\"2840164950\"><\/ins>\n<script async>\n     (adsbygoogle = window.adsbygoogle || []).push({});\n<\/script><\/div><\/div><\/div><\/div>\n<div style=\"display:flex;flex-direction:column;\"><div class=\"mobileShowka5\"><div style=\"padding-top:10px;padding-bottom:10px;min-height: 300px;\"><div class=\"hirdetes\">HIRDET\u00c9S<\/div>\n<!-- LikedQ5M -->\n<ins class=\"adsbygoogle\"\n     style=\"display:inline-block;width:300px;height:250px\"\n     data-ad-client=\"ca-pub-9424088931673893\"\n     data-ad-slot=\"9022429928\"><\/ins>\n<script async>\n     (adsbygoogle = window.adsbygoogle || []).push({});\n<\/script><\/div><\/div><\/div><\/div>\n\n\n\n\n<h4>6. A Halikarnasszoszi Mauz\u00f3leum<\/h4>\n\n\n\n<p>Mausz\u00f3losz, K\u00e1ria uralkod\u00f3ja \u00e9lete sor\u00e1n egy gy\u00f6ny\u00f6r\u0171 \u00faj f\u0151v\u00e1rost \u00e9p\u00edtett mag\u00e1nak \u00e9s feles\u00e9g\u00e9nek, Artemisi\u00e1nak Halikarnasszoszban (a mai T\u00f6r\u00f6korsz\u00e1g nyugati partj\u00e1n).<\/p>\n\n\n\n<p>F\u00e9rje hal\u00e1la ut\u00e1n Artemisia megb\u00edzta a g\u00f6r\u00f6g \u00e9p\u00edt\u00e9szeket egy s\u00edreml\u00e9k meg\u00e9p\u00edt\u00e9s\u00e9vel. A monument\u00e1lis \u00e9p\u00edtm\u00e9ny, melyet feh\u00e9r m\u00e1rv\u00e1nyb\u00f3l emeltek, egy dombon \u00e1llt, ahonnan kil\u00e1t\u00e1s ny\u00edlt a f\u0151v\u00e1rosra.<\/p>\n\n\n\n<figure class=\"wp-block-image size-full\"><img loading=\"lazy\" width=\"1001\" height=\"755\" src=\"https:\/\/liked.hu\/old\/wp-content\/uploads\/2024\/03\/Okori-vilag-csodai-012.webp\" alt=\"Okori vilag csodai 012\" class=\"wp-image-326013\" srcset=\"https:\/\/liked.hu\/old\/wp-content\/uploads\/2024\/03\/Okori-vilag-csodai-012.webp 1001w, https:\/\/liked.hu\/old\/wp-content\/uploads\/2024\/03\/Okori-vilag-csodai-012-768x579.webp 768w\" sizes=\"(max-width: 1001px) 100vw, 1001px\" \/><\/figure>\n\n\n\n<p>A mauz\u00f3leum val\u00f3sz\u00edn\u0171leg egy f\u00f6ldreng\u00e9s sor\u00e1n pusztult el a Kr. u. 11. \u00e9s 15. sz\u00e1zad k\u00f6z\u00f6tt, \u00e9s k\u00f6veit a helyi \u00e9p\u00edtkez\u00e9sekhez haszn\u00e1lt\u00e1k fel.<\/p>\n\n\n\n<p>1852-ben a British Museum Charles Thomas Newton r\u00e9g\u00e9szt k\u00fcldte a mauz\u00f3leum maradv\u00e1nyainak felkutat\u00e1s\u00e1ra. Newton nem ismerte a s\u00edreml\u00e9k pontos hely\u00e9t, \u00e9s a k\u00f6rny\u00e9k \u00f6sszes kis f\u00f6ldter\u00fclet\u00e9nek felv\u00e1s\u00e1rl\u00e1sa csillag\u00e1szati \u00f6sszegbe ker\u00fclt volna. Ehelyett Newton az \u00f3kori \u00edr\u00f3k, mint Plinius feljegyz\u00e9seit tanulm\u00e1nyozta, hogy megtudja a mauz\u00f3leum hozz\u00e1vet\u0151leges m\u00e9ret\u00e9t \u00e9s elhelyezked\u00e9s\u00e9t, majd a legval\u00f3sz\u00edn\u0171bb helyen v\u00e1s\u00e1rolt egy f\u00f6ldter\u00fcletet.<\/p>\n\n\n\n<figure class=\"wp-block-image size-full\"><img loading=\"lazy\" width=\"830\" height=\"553\" src=\"https:\/\/liked.hu\/old\/wp-content\/uploads\/2024\/03\/Okori-vilag-csodai-011.webp\" alt=\"Okori vilag csodai 011\" class=\"wp-image-326014\" srcset=\"https:\/\/liked.hu\/old\/wp-content\/uploads\/2024\/03\/Okori-vilag-csodai-011.webp 830w, https:\/\/liked.hu\/old\/wp-content\/uploads\/2024\/03\/Okori-vilag-csodai-011-768x512.webp 768w\" sizes=\"(max-width: 830px) 100vw, 830px\" \/><\/figure>\n\n\n\n<p>Siker\u00fclt felfedeznie n\u00e9h\u00e1ny falat, egy l\u00e9pcs\u0151t, \u00e9s v\u00e9g\u00fcl az alapoz\u00e1s h\u00e1rom sark\u00e1t. Ezen ismeretek birtok\u00e1ban Newton meg tudta hat\u00e1rozni, hogy mely f\u00f6ldter\u00fcleteket kell m\u00e9g megv\u00e1s\u00e1rolnia.<\/p>\n\n\n\n<p>Newton \u00e1sat\u00e1sokat v\u00e9gzett, \u00e9s megtal\u00e1lta az \u00e9p\u00fclet falait d\u00edsz\u00edt\u0151 domborm\u0171vek darabjait, valamint a l\u00e9pcs\u0151s tet\u0151 elemeit. Felfedeztek egy t\u00f6r\u00f6tt, k\u00f6r\u00fclbel\u00fcl 2 m\u00e9ter \u00e1tm\u00e9r\u0151j\u0171 k\u0151 szek\u00e9rkereket is, amely a mauz\u00f3leum tet\u0151szobr\u00e1szat\u00e1nak r\u00e9sze volt. V\u00e9g\u00fcl r\u00e1bukkantak Mausz\u00f3losz \u00e9s Artemisia szobroira is, amelyek az \u00e9p\u00fclet tetej\u00e9n \u00e1lltak.<\/p>\n\n\n\n<p>Bodrumban ma is \u00e1ll a johannita lovagrend (a Szent J\u00e1nos lovagrend) hatalmas v\u00e1ra, amelynek falai k\u00f6z\u00f6tt a mauz\u00f3leum csiszolt k\u0151- \u00e9s m\u00e1rv\u00e1nyt\u00f6mbjeit is meg lehet tekinteni. A mauz\u00f3leum hely\u00e9n napjainkra csak az alapzat \u00e9s egy kis m\u00fazeum maradt fenn.<\/p>\n\n\n\n\n<div style=\"float:none;margin:0px 0 0px 0;text-align:center;\">\n<div class=\"mobileHideke8\"><div style=\"margin-top:25px;\"><div class=\"hirdeteshatter\"><div style=\"display: inline-block;width: 50%;min-width:340px;vertical-align: top;\"><div class=\"hirdetes\">HIRDET\u00c9S<\/div>\n<!-- Liked7Q1 -->\n<ins class=\"adsbygoogle\"\n     style=\"display:inline-block;width:336px;height:280px\"\n     data-ad-client=\"ca-pub-9424088931673893\"\n     data-ad-slot=\"3022062587\"><\/ins>\n<script async>\n     (adsbygoogle = window.adsbygoogle || []).push({});\n<\/script><\/div><div style=\"display: inline-block;width: 50%;min-width:340px;vertical-align: top;\"><div class=\"hirdetes\">HIRDET\u00c9S<\/div>\n<!-- Liked7Q2 -->\n<ins class=\"adsbygoogle\"\n     style=\"display:inline-block;width:336px;height:280px\"\n     data-ad-client=\"ca-pub-9424088931673893\"\n     data-ad-slot=\"3952000871\"><\/ins>\n<script async>\n     (adsbygoogle = window.adsbygoogle || []).push({});\n<\/script><\/div><\/div><\/div><\/div>\n<div style=\"display:flex;flex-direction:column;\"><div class=\"mobileShowka8\"><div style=\"padding-top:15px;margin-bottom:15px;min-height: 300px;\"><div class=\"hirdetes\">HIRDET\u00c9S<\/div>\n<!-- Liked7QMobil -->\n<ins class=\"adsbygoogle\"\n     style=\"display:inline-block;width:336px;height:280px\"\n     data-ad-client=\"ca-pub-9424088931673893\"\n     data-ad-slot=\"5073510857\"><\/ins>\n<script async>\n     (adsbygoogle = window.adsbygoogle || []).push({});\n<\/script><\/div><\/div><\/div><\/div>\n\n\n\n\n<h4>5. A Sz\u00e9miramisz f\u00fcgg\u0151 kertje<\/h4>\n\n\n\n<p>A h\u00edres kertekr\u0151l \u00fagy tartj\u00e1k, hogy Babilonban \u00e9p\u00fcltek. Azonban fontos megjegyezni, hogy a l\u00e9tez\u00e9s\u00fckre vonatkoz\u00f3an &#8211; a sz\u00e1mos \u00f3kori g\u00f6r\u00f6g \u00e9s r\u00f3mai forr\u00e1sban tal\u00e1lhat\u00f3 eml\u00edt\u00e9s ellen\u00e9re &#8211; m\u00e9g nem tal\u00e1ltak k\u00e9zzelfoghat\u00f3 bizony\u00edt\u00e9kot.<\/p>\n\n\n\n<p>A f\u00fcgg\u0151 kertek \u00e1ll\u00edt\u00f3lag egy n\u00e9gyzet alak\u00fa ter\u00fcleten fek\u00fcdtek, melynek oldalai mintegy 120 m\u00e9ter hossz\u00faak voltak. T\u00f6bb szintet is magukban foglaltak, \u00e9s a teljes magass\u00e1guk el\u00e9rte a 60 m\u00e9tert. A vizet Arkhim\u00e9d\u00e9sz csig\u00e1j\u00e1val emelt\u00e9k fel, ami egy spir\u00e1lis cs\u0151 volt, melyet sz\u00e9lker\u00e9k forgatott, \u00e9s \u00edgy juttatta fel a vizet a magasabb szintekre.<\/p>\n\n\n\n<figure class=\"wp-block-image size-full\"><img loading=\"lazy\" width=\"1200\" height=\"890\" src=\"https:\/\/liked.hu\/old\/wp-content\/uploads\/2024\/03\/Okori-vilag-csodai-009.webp\" alt=\"Okori vilag csodai 009\" class=\"wp-image-326016\" srcset=\"https:\/\/liked.hu\/old\/wp-content\/uploads\/2024\/03\/Okori-vilag-csodai-009.webp 1200w, https:\/\/liked.hu\/old\/wp-content\/uploads\/2024\/03\/Okori-vilag-csodai-009-768x570.webp 768w\" sizes=\"(max-width: 1200px) 100vw, 1200px\" \/><\/figure>\n\n\n\n<p>Hagyom\u00e1nyosan \u00fagy gondolj\u00e1k, hogy a kerteket vagy a legend\u00e1s S\u00e9miramisz kir\u00e1lyn\u0151, vagy Nabukodonozor II. kir\u00e1ly (Kr. e. 605-561 k\u00f6r\u00fcl uralkodott) \u00e9p\u00edttette, hogy feles\u00e9g\u00e9t, Amitiszt megvigasztalja, aki honv\u00e1gyat \u00e9rzett a hegyes \u00e9s z\u00f6ldell\u0151 sz\u00fcl\u0151f\u00f6ldje, M\u00e9dia ir\u00e1nt.<\/p>\n\n\n\n<p>B\u00e1rmi is legyen az igazs\u00e1g, a kertek l\u00e9tez\u00e9s\u00e9nek 100%-os bizony\u00edt\u00e9ka tov\u00e1bbra is hi\u00e1nyzik. Azonban az ehhez hasonl\u00f3 szerkezetek nem voltak ritk\u00e1k abban az id\u0151ben.<\/p>\n\n\n\n<p>A Sz\u00e9miramisz f\u00fcgg\u0151 kertje gyakorlatilag a vil\u00e1g els\u0151 &#8222;l\u00e9gkondicion\u00e1l\u00f3ja&#8221; volt! A f\u00e1kb\u00f3l, cserj\u00e9kb\u0151l \u00e9s sz\u0151l\u0151\u00fcltetv\u00e9nyekb\u0151l \u00e1ll\u00f3 kaszk\u00e1d oldalr\u00f3l n\u00e9zve egy gy\u00f6ny\u00f6r\u0171 z\u00f6ld hegynek t\u0171nt. A kerteket gy\u00f6ny\u00f6r\u0171 v\u00edzes\u00e9sek d\u00edsz\u00edtett\u00e9k.<\/p>\n\n\n\n<p>De nem csup\u00e1n az eszt\u00e9tika volt a c\u00e9l. A kertek egyed\u00fcl\u00e1ll\u00f3an komfortos mikrokl\u00edm\u00e1t is teremtettek.<\/p>\n\n\n\n<p>Hasonl\u00f3 szerkezetek gyakran el\u0151fordultak az assz\u00edrok \u00e9s a babiloniak k\u00f6r\u00e9ben. T\u00f6bb kilom\u00e9ter hossz\u00fa csatorna-, g\u00e1t- \u00e9s v\u00edzvezet\u00e9krendszereket \u00e9p\u00edtettek, amelyekkel vizet sz\u00e1ll\u00edtottak \u00e9s elosztottak a kert minden szintj\u00e9n.<\/p>\n\n\n\n<p>Az ilyen kertekben \u00e9p\u00edtett h\u00e1zakban kellemes volt \u00e9lni &#8211; a h\u0151m\u00e9rs\u00e9klet ak\u00e1r 10 fokkal is alacsonyabb volt, mint a k\u00f6rnyez\u0151 ter\u00fcleten. \u00cdgy a h\u0151s\u00e9g m\u00e1r nem okozott akkora kellemetlens\u00e9get.<\/p>\n\n\n\n<!--nextpage-->\n\n\n\n<h4>4. Kheopsz piramisa<\/h4>\n\n\n\n<p>A Kheopsz-piramis, fel\u00fcln\u00e9zetb\u0151l.<\/p>\n\n\n\n<figure class=\"wp-block-image size-full\"><img loading=\"lazy\" width=\"637\" height=\"640\" src=\"https:\/\/liked.hu\/old\/wp-content\/uploads\/2024\/03\/Okori-vilag-csodai-010.webp\" alt=\"Okori vilag csodai 010\" class=\"wp-image-326015\"\/><\/figure>\n\n\n\n<p>Az egyiptomi Kheopsz-piramisa az egyetlen fennmaradt a &#8222;Vil\u00e1g h\u00e9t csod\u00e1ja&#8221; k\u00f6z\u00fcl. 4500 \u00e9vvel ezel\u0151tt \u00e9p\u00fclt.<\/p>\n\n\n\n<p>Az \u00f3korban a piramis feh\u00e9r homokk\u0151vel volt burkolva. A tetej\u00e9n pedig egy aranyozott k\u0151b\u0151l k\u00e9sz\u00fclt d\u00edsz\u00edt\u0151elem, a piramidion \u00e1llt. A burkolat ragyogott \u00e9s messzir\u0151l is l\u00e1that\u00f3 volt. Azonban a h\u00e1bor\u00fak \u00e9s a fosztogat\u00e1sok sor\u00e1n a piramis burkolat\u00e1t elt\u00e1vol\u00edtott\u00e1k.<\/p>\n\n\n\n<figure class=\"wp-block-image size-full\"><img loading=\"lazy\" width=\"1200\" height=\"753\" src=\"https:\/\/liked.hu\/old\/wp-content\/uploads\/2024\/03\/Okori-vilag-csodai-008.webp\" alt=\"Okori vilag csodai 008\" class=\"wp-image-326017\" srcset=\"https:\/\/liked.hu\/old\/wp-content\/uploads\/2024\/03\/Okori-vilag-csodai-008.webp 1200w, https:\/\/liked.hu\/old\/wp-content\/uploads\/2024\/03\/Okori-vilag-csodai-008-768x482.webp 768w\" sizes=\"(max-width: 1200px) 100vw, 1200px\" \/><\/figure>\n\n\n\n<p>Eredetileg 146,5 m\u00e9ter magas volt, ami a vil\u00e1g legmagasabb \u00e9p\u00edtm\u00e9ny\u00e9v\u00e9 tette, eg\u00e9szen a 14. sz\u00e1zadig, am\u00edg a Lincolni katedr\u00e1lis fel nem \u00e9p\u00fclt.<\/p>\n\n\n\n<p>Az \u00e9vek sor\u00e1n a m\u00e9szk\u0151 k\u00fcls\u0151 r\u00e9tege erod\u00e1l\u00f3dott, ami a piramis magass\u00e1g\u00e1t majdnem 8 m\u00e9terrel cs\u00f6kkentette. Azonban tov\u00e1bbra is a bolyg\u00f3 egyik legk\u00fcl\u00f6nlegesebb l\u00e1tnival\u00f3ja. A becsl\u00e9sek szerint a 2,3 milli\u00f3 k\u0151t\u00f6mb sz\u00e1ll\u00edt\u00e1sa \u00e9s elhelyez\u00e9se k\u00f6r\u00fclbel\u00fcl 14 \u00e9vbe telt.<\/p>\n\n\n\n<figure class=\"wp-block-image size-full\"><img loading=\"lazy\" width=\"800\" height=\"544\" src=\"https:\/\/liked.hu\/old\/wp-content\/uploads\/2024\/03\/Okori-vilag-csodai-007.webp\" alt=\"Okori vilag csodai 007\" class=\"wp-image-326018\" srcset=\"https:\/\/liked.hu\/old\/wp-content\/uploads\/2024\/03\/Okori-vilag-csodai-007.webp 800w, https:\/\/liked.hu\/old\/wp-content\/uploads\/2024\/03\/Okori-vilag-csodai-007-768x522.webp 768w\" sizes=\"(max-width: 800px) 100vw, 800px\" \/><\/figure>\n\n\n\n<p>B\u00e1r a g\u00edzai Nagy Piramis, valamint a kisebb piramisok, templomok, eml\u00e9km\u0171vek \u00e9s s\u00edrok tov\u00e1bbra is nagy tiszteletnek \u00f6rvendtek Egyiptom t\u00f6rt\u00e9nelme sor\u00e1n, az i. e. 30-ban bek\u00f6vetkezett r\u00f3mai megsz\u00e1ll\u00e1s \u00e9s annexi\u00f3 ut\u00e1n a hely hanyatl\u00e1snak indult. A r\u00f3maiak az alexandriai v\u00e1rosra \u00e9s az orsz\u00e1gb\u00f3l sz\u00e1rmaz\u00f3 b\u0151s\u00e9ges term\u00e9sre \u00f6sszpontos\u00edtottak, Egyiptomot R\u00f3ma \u00e9l\u00e9skamr\u00e1j\u00e1v\u00e1 alak\u00edtva.<\/p>\n\n\n\n<p>A helyet eg\u00e9szen Nap\u00f3leon 1798\u20131801-es egyiptomi hadj\u00e1rat\u00e1ig elhagyt\u00e1k, amikor is tud\u00f3sokb\u00f3l \u00e9s kutat\u00f3kb\u00f3l \u00e1ll\u00f3 csapatot vitt mag\u00e1val az \u00f3kori egyiptomi kult\u00fara \u00e9s eml\u00e9kek dokument\u00e1l\u00e1s\u00e1ra.<\/p>\n\n\n\n\n<div style=\"float:none;margin:0px 0 0px 0;text-align:center;\">\n<div class=\"mobileHideke8\"><div class=\"hirdeteshatter\"><div style=\"display: inline-block;width: 50%;min-width:340px;vertical-align: top;\"><div class=\"hirdetes\">HIRDET\u00c9S<\/div>\n<!-- LikedQ81 -->\n<ins class=\"adsbygoogle\"\n     style=\"display:inline-block;width:336px;height:280px\"\n     data-ad-client=\"ca-pub-9424088931673893\"\n     data-ad-slot=\"2436840276\"><\/ins>\n<script async>\n     (adsbygoogle = window.adsbygoogle || []).push({});\n<\/script><\/div><div style=\"display: inline-block;width: 50%;min-width:340px;vertical-align: top;\"><div class=\"hirdetes\">HIRDET\u00c9S<\/div>\n<!-- LikedQ82 -->\n<ins class=\"adsbygoogle\"\n     style=\"display:inline-block;width:336px;height:280px\"\n     data-ad-client=\"ca-pub-9424088931673893\"\n     data-ad-slot=\"3558350253\"><\/ins>\n<script async>\n     (adsbygoogle = window.adsbygoogle || []).push({});\n<\/script><\/div><\/div><\/div>\n<div style=\"display:flex;flex-direction:column;\"><div class=\"mobileShowka8 nyolc\"><div style=\"padding-top:15px;padding-bottom:5px;min-height: 300px;\"><div class=\"hirdetes\">HIRDET\u00c9S<\/div>\n<!-- LikedQ8M -->\n<ins class=\"adsbygoogle\"\n     style=\"display:inline-block;width:336px;height:280px\"\n     data-ad-client=\"ca-pub-9424088931673893\"\n     data-ad-slot=\"4679860235\"><\/ins>\n<script async>\n     (adsbygoogle = window.adsbygoogle || []).push({});\n<\/script><\/div><\/div><\/div><\/div>\n\n\n\n\n<h4>3. Az alexandriai vil\u00e1g\u00edt\u00f3torony<\/h4>\n\n\n\n<p>Az alexandriai vil\u00e1g\u00edt\u00f3torony az \u00f3kori vil\u00e1g h\u00e9t csod\u00e1j\u00e1nak egyike, \u00e9s az egyetlen, melynek kifejezetten praktikus funkci\u00f3ja volt.<\/p>\n\n\n\n<p>Alexandria fontos kereskedelmi kik\u00f6t\u0151v\u00e1ros volt. A vil\u00e1g\u00edt\u00f3torony egyr\u00e9szt seg\u00edtette a tenger\u00e9szeket, hogy messzir\u0151l \u00e9szrevegy\u00e9k a v\u00e1rost \u00e9s a kik\u00f6t\u0151t, ami k\u00fcl\u00f6n\u00f6sen fontos volt, tekintve, hogy az egyiptomi tengerpart meglehet\u0151sen egyhang\u00fa. M\u00e1sr\u00e9szt a toronyr\u00f3l \u00e9szlelhet\u0151 volt az ellens\u00e9g k\u00f6zeled\u00e9se is. Alexandri\u00e1t l\u00e9nyeg\u00e9ben csak tenger fel\u0151l lehetett megt\u00e1madni, a sz\u00e1razf\u00f6ld fel\u0151l a sivatag ny\u00fajtott term\u00e9szetes v\u00e9delmet.<\/p>\n\n\n\n<figure class=\"wp-block-image size-full\"><img loading=\"lazy\" width=\"1200\" height=\"800\" src=\"https:\/\/liked.hu\/old\/wp-content\/uploads\/2024\/03\/Okori-vilag-csodai-006.webp\" alt=\"Okori vilag csodai 006\" class=\"wp-image-326019\" srcset=\"https:\/\/liked.hu\/old\/wp-content\/uploads\/2024\/03\/Okori-vilag-csodai-006.webp 1200w, https:\/\/liked.hu\/old\/wp-content\/uploads\/2024\/03\/Okori-vilag-csodai-006-768x512.webp 768w\" sizes=\"(max-width: 1200px) 100vw, 1200px\" \/><\/figure>\n\n\n\n<p>A vil\u00e1g\u00edt\u00f3torony az egyiptomi Alexandria \u00e9szaki partjain\u00e1l, a Pharosz-sziget d\u00e9lkeleti sark\u00e1ban \u00e1llt. Magass\u00e1ga el\u00e9rte a 118 m\u00e9tert, alapzata pedig 30&#215;30 m\u00e9teres volt.<\/p>\n\n\n\n<p>A vil\u00e1g\u00edt\u00f3torony \u00f6t f\u00f6ldreng\u00e9st \u00e9lt t\u00fal, melyek mindegyike s\u00falyos k\u00e1rokat okozott. Azonban a tornyot minden alkalommal kijav\u00edtott\u00e1k.<\/p>\n\n\n\n<p>A 20. sz\u00e1zadban a tud\u00f3sok r\u00e1j\u00f6ttek, hogy az alexandriai vil\u00e1g\u00edt\u00f3torony rendk\u00edv\u00fcl szerencs\u00e9tlen helyen \u00e1llt. Itt tal\u00e1lkozik ugyanis az Arab- \u00e9s az Afrikai tektonikus lemez.<\/p>\n\n\n\n<p>V\u00e9g\u00fcl egy 1323-ban bek\u00f6vetkezett puszt\u00edt\u00f3 f\u00f6ldreng\u00e9s v\u00e9gleg elpuszt\u00edtotta a tornyot.<\/p>\n\n\n\n<p>A vil\u00e1g\u00edt\u00f3torony romjai a F\u00f6ldk\u00f6zi-tenger fenek\u00e9n nyugszanak.<\/p>\n\n\n\n<figure class=\"wp-block-image size-full\"><img loading=\"lazy\" width=\"800\" height=\"600\" src=\"https:\/\/liked.hu\/old\/wp-content\/uploads\/2024\/03\/Okori-vilag-csodai-005.webp\" alt=\"Okori vilag csodai 005\" class=\"wp-image-326020\" srcset=\"https:\/\/liked.hu\/old\/wp-content\/uploads\/2024\/03\/Okori-vilag-csodai-005.webp 800w, https:\/\/liked.hu\/old\/wp-content\/uploads\/2024\/03\/Okori-vilag-csodai-005-768x576.webp 768w\" sizes=\"(max-width: 800px) 100vw, 800px\" \/><\/figure>\n\n\n\n<p>Kait-baj szult\u00e1n nem \u00e9p\u00edtette \u00fajj\u00e1 a vil\u00e1g\u00edt\u00f3tornyot, de a helyet meger\u0151s\u00edtette a tengerparti v\u00e9delem r\u00e9szek\u00e9nt.<\/p>\n\n\n\n<p>1968-ban, egy r\u00e9g\u00e9szeti exped\u00edci\u00f3 sor\u00e1n az alexandriai vil\u00e1g\u00edt\u00f3tornyot \u00fajra felfedezt\u00e9k a F\u00f6ldk\u00f6zi-tenger alj\u00e1n.<\/p>\n\n\n\n\n<div style=\"float:none;margin:0px 0 0px 0;text-align:center;\">\n<div class=\"mobileHideke5\"><div style=\"margin-top:25px;\"><div class=\"hirdeteshatter\"><div style=\"display: inline-block;width: 50%;min-width:305px;vertical-align: top;\"><div class=\"hirdetes\">HIRDET\u00c9S<\/div>\n<!-- LikedQ51 -->\n<ins class=\"adsbygoogle\"\n     style=\"display:inline-block;width:300px;height:250px\"\n     data-ad-client=\"ca-pub-9424088931673893\"\n     data-ad-slot=\"8284063326\"><\/ins>\n<script async>\n     (adsbygoogle = window.adsbygoogle || []).push({});\n<\/script><\/div><div style=\"display: inline-block;width: 50%;min-width:305px;vertical-align: top;\"><div class=\"hirdetes\">HIRDET\u00c9S<\/div>\n<!-- LikedQ52 -->\n<ins class=\"adsbygoogle\"\n     style=\"display:inline-block;width:300px;height:250px\"\n     data-ad-client=\"ca-pub-9424088931673893\"\n     data-ad-slot=\"2840164950\"><\/ins>\n<script async>\n     (adsbygoogle = window.adsbygoogle || []).push({});\n<\/script><\/div><\/div><\/div><\/div>\n<div style=\"display:flex;flex-direction:column;\"><div class=\"mobileShowka5\"><div style=\"padding-top:10px;padding-bottom:10px;min-height: 300px;\"><div class=\"hirdetes\">HIRDET\u00c9S<\/div>\n<!-- LikedQ5M -->\n<ins class=\"adsbygoogle\"\n     style=\"display:inline-block;width:300px;height:250px\"\n     data-ad-client=\"ca-pub-9424088931673893\"\n     data-ad-slot=\"9022429928\"><\/ins>\n<script async>\n     (adsbygoogle = window.adsbygoogle || []).push({});\n<\/script><\/div><\/div><\/div><\/div>\n\n\n\n\n<h4>2. Zeusz szobra<\/h4>\n\n\n\n<p>Ez a szobor egyed\u00fcl\u00e1ll\u00f3 abb\u00f3l a szempontb\u00f3l, hogy ez az egyetlen a Vil\u00e1gcsod\u00e1k k\u00f6z\u00fcl, amely a kontinent\u00e1lis Eur\u00f3pa ter\u00fclet\u00e9n \u00e1llt. Az i. e. 5. sz\u00e1zadban \u00e9p\u00fclt.<\/p>\n\n\n\n<p>Az olimpiai j\u00e1t\u00e9kok \u00f3ri\u00e1si n\u00e9pszer\u0171s\u00e9gnek \u00f6rvendtek. Zeusz tisztelet\u00e9re rendezt\u00e9k \u0151ket, de Ath\u00e9nban nem volt Zeusznak saj\u00e1t temploma. Ez\u00e9rt \u00fagy d\u00f6nt\u00f6ttek, hogy \u00e9p\u00edtenek egyet, egyed\u00fcl\u00e1ll\u00f3 szoborral kieg\u00e9sz\u00edtve.<\/p>\n\n\n\n<p>A szobor \u00e9p\u00edt\u00e9s\u00e9hez 200 kilogramm tiszta aranyat \u00e9s rengeteg dr\u00e1gak\u00f6vet sz\u00e1ll\u00edtottak a helysz\u00ednre.<\/p>\n\n\n\n<figure class=\"wp-block-image size-full\"><img loading=\"lazy\" width=\"1200\" height=\"750\" src=\"https:\/\/liked.hu\/old\/wp-content\/uploads\/2024\/03\/Okori-vilag-csodai-004.webp\" alt=\"Okori vilag csodai 004\" class=\"wp-image-326021\" srcset=\"https:\/\/liked.hu\/old\/wp-content\/uploads\/2024\/03\/Okori-vilag-csodai-004.webp 1200w, https:\/\/liked.hu\/old\/wp-content\/uploads\/2024\/03\/Okori-vilag-csodai-004-768x480.webp 768w\" sizes=\"(max-width: 1200px) 100vw, 1200px\" \/><\/figure>\n\n\n\n<p>A k\u00f6zel 12 m\u00e9ter magas, aranyb\u00f3l \u00e9s elef\u00e1ntcsontb\u00f3l k\u00e9sz\u00fclt szobor a tr\u00f3non \u00fcl\u0151 istent \u00e1br\u00e1zolta. A tr\u00f3n c\u00e9drusf\u00e1b\u00f3l k\u00e9sz\u00fclt, \u00e9s fekete f\u00e1val, elef\u00e1ntcsonttal, arannyal \u00e9s dr\u00e1gak\u00f6vekkel d\u00edsz\u00edtett\u00e9k.<\/p>\n\n\n\n<p>A szobor mindenkit leny\u0171g\u00f6z\u00f6tt, aki l\u00e1tta. Zeusz &#8222;\u00e9l\u0151&#8221; szemei csillogtak, \u00e9s maga a szobor isteni f\u00e9nnyel ragyogta be a l\u00e1togat\u00f3kat. Ehhez a szobr\u00e1sz egy ravasz medenc\u00e9t \u00e9p\u00edtett, ahol a v\u00edz ol\u00edvaolajjal volt keverve. Ez egyed\u00fcl\u00e1ll\u00f3 optikai effektet eredm\u00e9nyezett.<\/p>\n\n\n\n<figure class=\"wp-block-image size-full\"><img loading=\"lazy\" width=\"801\" height=\"1161\" src=\"https:\/\/liked.hu\/old\/wp-content\/uploads\/2024\/03\/Okori-vilag-csodai-003.webp\" alt=\"Okori vilag csodai 003\" class=\"wp-image-326022\" srcset=\"https:\/\/liked.hu\/old\/wp-content\/uploads\/2024\/03\/Okori-vilag-csodai-003.webp 801w, https:\/\/liked.hu\/old\/wp-content\/uploads\/2024\/03\/Okori-vilag-csodai-003-768x1113.webp 768w\" sizes=\"(max-width: 801px) 100vw, 801px\" \/><\/figure>\n\n\n\n<p>Manaps\u00e1g m\u00e1r nem maradt semmi sem a hatalmas templomb\u00f3l, amelyben egykor Zeusz h\u00edres szobra \u00e1llt. Term\u00e9szeti katasztr\u00f3f\u00e1k puszt\u00edtott\u00e1k el teljesen.<\/p>\n\n\n\n<p>Caligula cs\u00e1sz\u00e1r, aki \u0151r\u00fclt hajlamair\u00f3l volt ismert, el akarta vinni mag\u00e1val a szobrot R\u00f3m\u00e1ba. Azt akarta, hogy Zeusz fej\u00e9t lev\u00e1gj\u00e1k, \u00e9s a hely\u00e9re egy k\u0151b\u0151l k\u00e9sz\u00fclt Caligula-fejet tegyenek.<\/p>\n\n\n\n<p>Caligula uralkod\u00e1sa azonban nem tartott sok\u00e1ig, \u00e9s a szobor sorsa m\u00e1sk\u00e9pp alakult. K\u00f6zel ezer \u00e9vig \u00e1llt, szenvedett a f\u00f6ldreng\u00e9sekt\u0151l, \u00e9s t\u00f6bbsz\u00f6r is restaur\u00e1lt\u00e1k. Ezut\u00e1n Konstantin\u00e1polyba sz\u00e1ll\u00edtott\u00e1k. A szobor tov\u00e1bbi sorsa a 5. sz\u00e1zadban Konstantin\u00e1polyban puszt\u00edt\u00f3 t\u0171zv\u00e9szek sorozata ut\u00e1n hom\u00e1lyba veszett.<\/p>\n\n\n\n<h4>1. Artemisz temploma<\/h4>\n\n\n\n<p>Ennek a Vil\u00e1gcsod\u00e1nak a t\u00f6rt\u00e9nete abb\u00f3l a szempontb\u00f3l figyelemre m\u00e9lt\u00f3, hogy k\u00e9tszer is \u00fajj\u00e1\u00e9p\u00fclt a semmib\u0151l.<\/p>\n\n\n\n<figure class=\"wp-block-image size-full\"><img loading=\"lazy\" width=\"1200\" height=\"801\" src=\"https:\/\/liked.hu\/old\/wp-content\/uploads\/2024\/03\/Okori-vilag-csodai-002.webp\" alt=\"Okori vilag csodai 002\" class=\"wp-image-326023\" srcset=\"https:\/\/liked.hu\/old\/wp-content\/uploads\/2024\/03\/Okori-vilag-csodai-002.webp 1200w, https:\/\/liked.hu\/old\/wp-content\/uploads\/2024\/03\/Okori-vilag-csodai-002-768x513.webp 768w\" sizes=\"(max-width: 1200px) 100vw, 1200px\" \/><\/figure>\n\n\n\n<p>Artemisz temploma Epheszoszban (a mai T\u00f6r\u00f6korsz\u00e1g nyugati r\u00e9sz\u00e9n) \u00e1llt. A grandi\u00f3zus templomot Kr\u0151zus, a l\u00edd kir\u00e1ly \u00e9p\u00edttette az i. e. 550 \u00e9v k\u00f6r\u00fcl. Az i. e. 4. sz\u00e1zadban egy helyi lakos, H\u00e9rostratosz felgy\u00fajtotta. H\u00e9rostratosz c\u00e9lja az volt, hogy puszt\u00edt\u00f3 tett\u00e9vel beker\u00fclj\u00f6n a t\u00f6rt\u00e9nelemk\u00f6nyvekbe, amit el is \u00e9rt.<\/p>\n\n\n\n<p>Nagy S\u00e1ndor azonban p\u00e9nzt adott a templom \u00fajj\u00e1\u00e9p\u00edt\u00e9s\u00e9re, \u00edgy Artemisz temploma ism\u00e9t fel\u00e9p\u00fclt.<\/p>\n\n\n\n<p>A templomnak nemcsak vall\u00e1si jelent\u0151s\u00e9ge volt, de a helyi kereskedelem k\u00f6zpontjak\u00e9nt is szolg\u00e1lt.<\/p>\n\n\n\n<figure class=\"wp-block-image size-full\"><img loading=\"lazy\" width=\"1000\" height=\"632\" src=\"https:\/\/liked.hu\/old\/wp-content\/uploads\/2024\/03\/Okori-vilag-csodai-001.webp\" alt=\"Okori vilag csodai 001\" class=\"wp-image-326024\" srcset=\"https:\/\/liked.hu\/old\/wp-content\/uploads\/2024\/03\/Okori-vilag-csodai-001.webp 1000w, https:\/\/liked.hu\/old\/wp-content\/uploads\/2024\/03\/Okori-vilag-csodai-001-768x485.webp 768w\" sizes=\"(max-width: 1000px) 100vw, 1000px\" \/><\/figure>\n\n\n\n<p>A templomot ezut\u00e1n a g\u00f3tok puszt\u00edtott\u00e1k el 262-ben, az inv\u00e1zi\u00f3juk sor\u00e1n. De \u00fajb\u00f3l \u00fajj\u00e1\u00e9p\u00edtett\u00e9k. Azonban 100 \u00e9vvel k\u00e9s\u0151bb a kereszt\u00e9nys\u00e9g lett az egyed\u00fcli vall\u00e1s R\u00f3m\u00e1ban, \u00e9s minden m\u00e1s pog\u00e1ny vall\u00e1st betiltottak. Artemisz temploma ezut\u00e1n m\u00e9g egy ideig romos \u00e1llapotban \u00e1llt, majd \u00e9p\u00edt\u0151anyagk\u00e9nt sz\u00e9thordt\u00e1k.<\/p>\n\n\n\n<p>Ma m\u00e1r csak a templom alapzata maradt fenn, \u00e9s az egyetlen megmaradt oszlop, melyet az eredeti \u00e9p\u00edtm\u00e9ny elemeib\u0151l \u00e1ll\u00edtottak \u00f6ssze, nem a templom egykori nagys\u00e1g\u00e1t id\u00e9zi, ink\u00e1bb melank\u00f3likus hangulatot k\u00f6lcs\u00f6n\u00f6z a helynek, ami egykor a F\u00f6ldk\u00f6zi-tenger egyik legcsod\u00e1sabb \u00e9p\u00edtm\u00e9ny\u00e9nek adott otthont.<\/p>\n","protected":false},"excerpt":{"rendered":"<p>Milyen j\u00f3 lett volna ezeket \u00e9l\u0151ben is l\u00e1tni.<\/p>\n","protected":false},"author":13,"featured_media":326008,"comment_status":"open","ping_status":"closed","sticky":false,"template":"","format":"standard","meta":{"buzzeditor_post_format":""},"categories":[23],"tags":[9125,2165,2655],"yoast_head":"<!-- This site is optimized with the Yoast SEO plugin v19.6.1 - https:\/\/yoast.com\/wordpress\/plugins\/seo\/ -->\n<title>Mi t\u00f6rt\u00e9nt az \u00f3kori vil\u00e1g 7 csod\u00e1j\u00e1val?<\/title>\n<meta name=\"description\" content=\"Milyen j\u00f3 lett volna ezeket \u00e9l\u0151ben is l\u00e1tni.\" \/>\n<meta name=\"robots\" content=\"index, follow, max-snippet:-1, max-image-preview:large, max-video-preview:-1\" \/>\n<link rel=\"canonical\" href=\"https:\/\/liked.hu\/old\/erdekes\/mi-tortent-az-okori-vilag-7-csodajaval\/\" \/>\n<link rel=\"next\" href=\"https:\/\/liked.hu\/old\/erdekes\/mi-tortent-az-okori-vilag-7-csodajaval\/2\/\" \/>\n<meta property=\"og:locale\" content=\"hu_HU\" \/>\n<meta property=\"og:type\" content=\"article\" \/>\n<meta property=\"og:title\" content=\"Mi t\u00f6rt\u00e9nt az \u00f3kori vil\u00e1g 7 csod\u00e1j\u00e1val?\" \/>\n<meta property=\"og:description\" content=\"Milyen j\u00f3 lett volna ezeket \u00e9l\u0151ben is l\u00e1tni.\" \/>\n<meta property=\"og:url\" content=\"https:\/\/liked.hu\/old\/erdekes\/mi-tortent-az-okori-vilag-7-csodajaval\/\" \/>\n<meta property=\"og:site_name\" content=\"Liked.hu\" \/>\n<meta property=\"article:publisher\" content=\"https:\/\/www.facebook.com\/liked.hu\" \/>\n<meta property=\"article:published_time\" content=\"2024-03-11T16:38:19+00:00\" \/>\n<meta property=\"article:modified_time\" content=\"2024-03-11T16:38:21+00:00\" \/>\n<meta property=\"og:image\" content=\"https:\/\/liked.hu\/old\/wp-content\/uploads\/2024\/03\/Regi-epitmenyek.jpg\" \/>\n\t<meta property=\"og:image:width\" content=\"1200\" \/>\n\t<meta property=\"og:image:height\" content=\"630\" \/>\n\t<meta property=\"og:image:type\" content=\"image\/jpeg\" \/>\n<meta name=\"author\" content=\"Klingstrom\" \/>\n<meta name=\"twitter:card\" content=\"summary\" \/>\n<meta name=\"twitter:creator\" content=\"@LikedHu\" \/>\n<meta name=\"twitter:site\" content=\"@LikedHu\" \/>\n<meta name=\"twitter:label1\" content=\"Szerz\u0151:\" \/>\n\t<meta name=\"twitter:data1\" content=\"Klingstrom\" \/>\n\t<meta name=\"twitter:label2\" content=\"Becs\u00fclt olvas\u00e1si id\u0151\" \/>\n\t<meta name=\"twitter:data2\" content=\"12 perc\" \/>\n<script type=\"application\/ld+json\" class=\"yoast-schema-graph\">{\"@context\":\"https:\/\/schema.org\",\"@graph\":[{\"@type\":\"Article\",\"@id\":\"https:\/\/liked.hu\/old\/erdekes\/mi-tortent-az-okori-vilag-7-csodajaval\/#article\",\"isPartOf\":{\"@id\":\"https:\/\/liked.hu\/old\/erdekes\/mi-tortent-az-okori-vilag-7-csodajaval\/\"},\"author\":{\"name\":\"Klingstrom\",\"@id\":\"https:\/\/liked.hu\/old\/#\/schema\/person\/1c8d3f8764991e8dcd6572a7de72da8a\"},\"headline\":\"Mi t\u00f6rt\u00e9nt az \u00f3kori vil\u00e1g 7 csod\u00e1j\u00e1val?\",\"datePublished\":\"2024-03-11T16:38:19+00:00\",\"dateModified\":\"2024-03-11T16:38:21+00:00\",\"mainEntityOfPage\":{\"@id\":\"https:\/\/liked.hu\/old\/erdekes\/mi-tortent-az-okori-vilag-7-csodajaval\/\"},\"wordCount\":2328,\"commentCount\":0,\"publisher\":{\"@id\":\"https:\/\/liked.hu\/old\/#organization\"},\"keywords\":[\"\u00f3kor\",\"r\u00e9g\u00e9szet\",\"t\u00f6rt\u00e9nelem\"],\"articleSection\":[\"\u00c9rdekess\u00e9gek\"],\"inLanguage\":\"hu\",\"potentialAction\":[{\"@type\":\"CommentAction\",\"name\":\"Comment\",\"target\":[\"https:\/\/liked.hu\/old\/erdekes\/mi-tortent-az-okori-vilag-7-csodajaval\/#respond\"]}]},{\"@type\":\"WebPage\",\"@id\":\"https:\/\/liked.hu\/old\/erdekes\/mi-tortent-az-okori-vilag-7-csodajaval\/\",\"url\":\"https:\/\/liked.hu\/old\/erdekes\/mi-tortent-az-okori-vilag-7-csodajaval\/\",\"name\":\"Mi t\u00f6rt\u00e9nt az \u00f3kori vil\u00e1g 7 csod\u00e1j\u00e1val?\",\"isPartOf\":{\"@id\":\"https:\/\/liked.hu\/old\/#website\"},\"datePublished\":\"2024-03-11T16:38:19+00:00\",\"dateModified\":\"2024-03-11T16:38:21+00:00\",\"description\":\"Milyen j\u00f3 lett volna ezeket \u00e9l\u0151ben is l\u00e1tni.\",\"breadcrumb\":{\"@id\":\"https:\/\/liked.hu\/old\/erdekes\/mi-tortent-az-okori-vilag-7-csodajaval\/#breadcrumb\"},\"inLanguage\":\"hu\",\"potentialAction\":[{\"@type\":\"ReadAction\",\"target\":[\"https:\/\/liked.hu\/old\/erdekes\/mi-tortent-az-okori-vilag-7-csodajaval\/\"]}]},{\"@type\":\"BreadcrumbList\",\"@id\":\"https:\/\/liked.hu\/old\/erdekes\/mi-tortent-az-okori-vilag-7-csodajaval\/#breadcrumb\",\"itemListElement\":[{\"@type\":\"ListItem\",\"position\":1,\"name\":\"Kezd\u0151lap\"}]},{\"@type\":\"WebSite\",\"@id\":\"https:\/\/liked.hu\/old\/#website\",\"url\":\"https:\/\/liked.hu\/old\/\",\"name\":\"Liked.hu\",\"description\":\"\",\"publisher\":{\"@id\":\"https:\/\/liked.hu\/old\/#organization\"},\"potentialAction\":[{\"@type\":\"SearchAction\",\"target\":{\"@type\":\"EntryPoint\",\"urlTemplate\":\"https:\/\/liked.hu\/old\/?s={search_term_string}\"},\"query-input\":\"required name=search_term_string\"}],\"inLanguage\":\"hu\"},{\"@type\":\"Organization\",\"@id\":\"https:\/\/liked.hu\/old\/#organization\",\"name\":\"Liked.hu\",\"url\":\"https:\/\/liked.hu\/old\/\",\"sameAs\":[\"https:\/\/hu.pinterest.com\/likedhungary\/\",\"https:\/\/www.youtube.com\/channel\/UCPv91dbMoIukYcM9b9nHN6Q\",\"https:\/\/www.facebook.com\/liked.hu\",\"https:\/\/twitter.com\/LikedHu\"],\"logo\":{\"@type\":\"ImageObject\",\"inLanguage\":\"hu\",\"@id\":\"https:\/\/liked.hu\/old\/#\/schema\/logo\/image\/\",\"url\":\"https:\/\/liked.hu\/wp-content\/uploads\/2018\/08\/Liked-icon.png\",\"contentUrl\":\"https:\/\/liked.hu\/wp-content\/uploads\/2018\/08\/Liked-icon.png\",\"width\":512,\"height\":512,\"caption\":\"Liked.hu\"},\"image\":{\"@id\":\"https:\/\/liked.hu\/old\/#\/schema\/logo\/image\/\"}},{\"@type\":\"Person\",\"@id\":\"https:\/\/liked.hu\/old\/#\/schema\/person\/1c8d3f8764991e8dcd6572a7de72da8a\",\"name\":\"Klingstrom\",\"image\":{\"@type\":\"ImageObject\",\"inLanguage\":\"hu\",\"@id\":\"https:\/\/liked.hu\/old\/#\/schema\/person\/image\/\",\"url\":\"https:\/\/liked.hu\/old\/wp-content\/uploads\/avatars\/13\/604de88bd578a-bpfull.jpg\",\"contentUrl\":\"https:\/\/liked.hu\/old\/wp-content\/uploads\/avatars\/13\/604de88bd578a-bpfull.jpg\",\"caption\":\"Klingstrom\"},\"url\":\"https:\/\/liked.hu\/old\/u\/klingstrom\/\"}]}<\/script>\n<!-- \/ Yoast SEO plugin. -->","yoast_head_json":{"title":"Mi t\u00f6rt\u00e9nt az \u00f3kori vil\u00e1g 7 csod\u00e1j\u00e1val?","description":"Milyen j\u00f3 lett volna ezeket \u00e9l\u0151ben is l\u00e1tni.","robots":{"index":"index","follow":"follow","max-snippet":"max-snippet:-1","max-image-preview":"max-image-preview:large","max-video-preview":"max-video-preview:-1"},"canonical":"https:\/\/liked.hu\/old\/erdekes\/mi-tortent-az-okori-vilag-7-csodajaval\/","next":"https:\/\/liked.hu\/old\/erdekes\/mi-tortent-az-okori-vilag-7-csodajaval\/2\/","og_locale":"hu_HU","og_type":"article","og_title":"Mi t\u00f6rt\u00e9nt az \u00f3kori vil\u00e1g 7 csod\u00e1j\u00e1val?","og_description":"Milyen j\u00f3 lett volna ezeket \u00e9l\u0151ben is l\u00e1tni.","og_url":"https:\/\/liked.hu\/old\/erdekes\/mi-tortent-az-okori-vilag-7-csodajaval\/","og_site_name":"Liked.hu","article_publisher":"https:\/\/www.facebook.com\/liked.hu","article_published_time":"2024-03-11T16:38:19+00:00","article_modified_time":"2024-03-11T16:38:21+00:00","og_image":[{"width":1200,"height":630,"url":"https:\/\/liked.hu\/old\/wp-content\/uploads\/2024\/03\/Regi-epitmenyek.jpg","type":"image\/jpeg"}],"author":"Klingstrom","twitter_card":"summary","twitter_creator":"@LikedHu","twitter_site":"@LikedHu","twitter_misc":{"Szerz\u0151:":"Klingstrom","Becs\u00fclt olvas\u00e1si id\u0151":"12 perc"},"schema":{"@context":"https:\/\/schema.org","@graph":[{"@type":"Article","@id":"https:\/\/liked.hu\/old\/erdekes\/mi-tortent-az-okori-vilag-7-csodajaval\/#article","isPartOf":{"@id":"https:\/\/liked.hu\/old\/erdekes\/mi-tortent-az-okori-vilag-7-csodajaval\/"},"author":{"name":"Klingstrom","@id":"https:\/\/liked.hu\/old\/#\/schema\/person\/1c8d3f8764991e8dcd6572a7de72da8a"},"headline":"Mi t\u00f6rt\u00e9nt az \u00f3kori vil\u00e1g 7 csod\u00e1j\u00e1val?","datePublished":"2024-03-11T16:38:19+00:00","dateModified":"2024-03-11T16:38:21+00:00","mainEntityOfPage":{"@id":"https:\/\/liked.hu\/old\/erdekes\/mi-tortent-az-okori-vilag-7-csodajaval\/"},"wordCount":2328,"commentCount":0,"publisher":{"@id":"https:\/\/liked.hu\/old\/#organization"},"keywords":["\u00f3kor","r\u00e9g\u00e9szet","t\u00f6rt\u00e9nelem"],"articleSection":["\u00c9rdekess\u00e9gek"],"inLanguage":"hu","potentialAction":[{"@type":"CommentAction","name":"Comment","target":["https:\/\/liked.hu\/old\/erdekes\/mi-tortent-az-okori-vilag-7-csodajaval\/#respond"]}]},{"@type":"WebPage","@id":"https:\/\/liked.hu\/old\/erdekes\/mi-tortent-az-okori-vilag-7-csodajaval\/","url":"https:\/\/liked.hu\/old\/erdekes\/mi-tortent-az-okori-vilag-7-csodajaval\/","name":"Mi t\u00f6rt\u00e9nt az \u00f3kori vil\u00e1g 7 csod\u00e1j\u00e1val?","isPartOf":{"@id":"https:\/\/liked.hu\/old\/#website"},"datePublished":"2024-03-11T16:38:19+00:00","dateModified":"2024-03-11T16:38:21+00:00","description":"Milyen j\u00f3 lett volna ezeket \u00e9l\u0151ben is l\u00e1tni.","breadcrumb":{"@id":"https:\/\/liked.hu\/old\/erdekes\/mi-tortent-az-okori-vilag-7-csodajaval\/#breadcrumb"},"inLanguage":"hu","potentialAction":[{"@type":"ReadAction","target":["https:\/\/liked.hu\/old\/erdekes\/mi-tortent-az-okori-vilag-7-csodajaval\/"]}]},{"@type":"BreadcrumbList","@id":"https:\/\/liked.hu\/old\/erdekes\/mi-tortent-az-okori-vilag-7-csodajaval\/#breadcrumb","itemListElement":[{"@type":"ListItem","position":1,"name":"Kezd\u0151lap"}]},{"@type":"WebSite","@id":"https:\/\/liked.hu\/old\/#website","url":"https:\/\/liked.hu\/old\/","name":"Liked.hu","description":"","publisher":{"@id":"https:\/\/liked.hu\/old\/#organization"},"potentialAction":[{"@type":"SearchAction","target":{"@type":"EntryPoint","urlTemplate":"https:\/\/liked.hu\/old\/?s={search_term_string}"},"query-input":"required name=search_term_string"}],"inLanguage":"hu"},{"@type":"Organization","@id":"https:\/\/liked.hu\/old\/#organization","name":"Liked.hu","url":"https:\/\/liked.hu\/old\/","sameAs":["https:\/\/hu.pinterest.com\/likedhungary\/","https:\/\/www.youtube.com\/channel\/UCPv91dbMoIukYcM9b9nHN6Q","https:\/\/www.facebook.com\/liked.hu","https:\/\/twitter.com\/LikedHu"],"logo":{"@type":"ImageObject","inLanguage":"hu","@id":"https:\/\/liked.hu\/old\/#\/schema\/logo\/image\/","url":"https:\/\/liked.hu\/wp-content\/uploads\/2018\/08\/Liked-icon.png","contentUrl":"https:\/\/liked.hu\/wp-content\/uploads\/2018\/08\/Liked-icon.png","width":512,"height":512,"caption":"Liked.hu"},"image":{"@id":"https:\/\/liked.hu\/old\/#\/schema\/logo\/image\/"}},{"@type":"Person","@id":"https:\/\/liked.hu\/old\/#\/schema\/person\/1c8d3f8764991e8dcd6572a7de72da8a","name":"Klingstrom","image":{"@type":"ImageObject","inLanguage":"hu","@id":"https:\/\/liked.hu\/old\/#\/schema\/person\/image\/","url":"https:\/\/liked.hu\/old\/wp-content\/uploads\/avatars\/13\/604de88bd578a-bpfull.jpg","contentUrl":"https:\/\/liked.hu\/old\/wp-content\/uploads\/avatars\/13\/604de88bd578a-bpfull.jpg","caption":"Klingstrom"},"url":"https:\/\/liked.hu\/old\/u\/klingstrom\/"}]}},"publishpress_future_action":{"enabled":false,"date":"1970-01-01 01:00:00","action":"","terms":[],"taxonomy":"","browser_timezone_offset":0},"_links":{"self":[{"href":"https:\/\/liked.hu\/old\/wp-json\/wp\/v2\/posts\/326007"}],"collection":[{"href":"https:\/\/liked.hu\/old\/wp-json\/wp\/v2\/posts"}],"about":[{"href":"https:\/\/liked.hu\/old\/wp-json\/wp\/v2\/types\/post"}],"author":[{"embeddable":true,"href":"https:\/\/liked.hu\/old\/wp-json\/wp\/v2\/users\/13"}],"replies":[{"embeddable":true,"href":"https:\/\/liked.hu\/old\/wp-json\/wp\/v2\/comments?post=326007"}],"version-history":[{"count":0,"href":"https:\/\/liked.hu\/old\/wp-json\/wp\/v2\/posts\/326007\/revisions"}],"wp:featuredmedia":[{"embeddable":true,"href":"https:\/\/liked.hu\/old\/wp-json\/wp\/v2\/media\/326008"}],"wp:attachment":[{"href":"https:\/\/liked.hu\/old\/wp-json\/wp\/v2\/media?parent=326007"}],"wp:term":[{"taxonomy":"category","embeddable":true,"href":"https:\/\/liked.hu\/old\/wp-json\/wp\/v2\/categories?post=326007"},{"taxonomy":"post_tag","embeddable":true,"href":"https:\/\/liked.hu\/old\/wp-json\/wp\/v2\/tags?post=326007"}],"curies":[{"name":"wp","href":"https:\/\/api.w.org\/{rel}","templated":true}]}}