{"id":325752,"date":"2024-03-10T17:57:15","date_gmt":"2024-03-10T16:57:15","guid":{"rendered":"https:\/\/liked.hu\/old\/?p=325752"},"modified":"2024-03-10T17:57:17","modified_gmt":"2024-03-10T16:57:17","slug":"megeri-e-fellazadni-ha-le-akarjak-bontani-a-hazadat-peldak-az-emberek-es-vallalatok-kozti-osszecsapasra","status":"publish","type":"post","link":"https:\/\/liked.hu\/old\/erdekes\/megeri-e-fellazadni-ha-le-akarjak-bontani-a-hazadat-peldak-az-emberek-es-vallalatok-kozti-osszecsapasra\/","title":{"rendered":"Meg\u00e9ri-e fell\u00e1zadni, ha le akarj\u00e1k bontani a h\u00e1zadat? \u2013 p\u00e9ld\u00e1k az emberek \u00e9s v\u00e1llalatok k\u00f6zti \u00f6sszecsap\u00e1sra"},"content":{"rendered":"\n<p>Vannak, akik mindent megtesznek az\u00e9rt, hogy elker\u00fclj\u00e9k, hogy kilakoltass\u00e1k \u0151ket otthonukb\u00f3l: a rep\u00fcl\u0151t\u00e9ri h\u00e1zakt\u00f3l a hihetetlen\u00fcl sz\u0171k \u00e9p\u00fcletekig.<\/p>\n\n\n\n\n<div style=\"float:none;margin:0px 0 0px 0;text-align:center;\">\n<div class=\"mobileShowkakettes\"><div class=\"mobileShowka2\"><div style=\"padding-top:0px;padding-bottom:15px;min-height: 300px;\"><div class=\"hirdetes\">HIRDET\u00c9S<\/div>\n<!-- 300lista -->\n<ins class=\"adsbygoogle\"\n     style=\"display:inline-block;width:300px;height:250px\"\n     data-ad-client=\"ca-pub-9424088931673893\"\n     data-ad-slot=\"8471340766\"><\/ins>\n<script async>\n     (adsbygoogle = window.adsbygoogle || []).push({});\n<\/script><\/div><\/div><\/div><\/div>\n\n\n\n\n<p>T\u00f6rt\u00e9net\u00fcnk f\u0151szerepl\u0151i olyan makacs h\u00e1ztulajdonosok, akik nem voltak hajland\u00f3k feladni az otthonukat a felh\u0151karcol\u00f3k, aut\u00f3p\u00e1ly\u00e1k \u00e9s egy\u00e9b fejleszt\u00e9sek miatt.<\/p>\n\n\n\n<h4>12. A kis h\u00e1z, ami meg\u00e1ll\u00edtotta a forgalmat<\/h4>\n\n\n\n<figure class=\"wp-block-image size-full\"><img loading=\"lazy\" width=\"1200\" height=\"806\" src=\"https:\/\/liked.hu\/old\/wp-content\/uploads\/2024\/03\/Makacs-tulajok-011.webp\" alt=\"Makacs tulajok 011\" class=\"wp-image-325753\" srcset=\"https:\/\/liked.hu\/old\/wp-content\/uploads\/2024\/03\/Makacs-tulajok-011.webp 1200w, https:\/\/liked.hu\/old\/wp-content\/uploads\/2024\/03\/Makacs-tulajok-011-768x516.webp 768w\" sizes=\"(max-width: 1200px) 100vw, 1200px\" \/><\/figure>\n\n\n\n<p>Nanning v\u00e1ros\u00e1ban egy apr\u00f3cska h\u00e1z g\u00e1tat szabott egy \u00fat \u00e9p\u00edt\u00e9s\u00e9nek. A tulajdonos 2015-ben elutas\u00edtotta a hat\u00f3s\u00e1gok \u00e1ltal k\u00edn\u00e1lt k\u00e1rt\u00e9r\u00edt\u00e9st, \u00edgy az utc\u00e1t \u00e1t\u00e9p\u00edtett\u00e9k k\u00f6r\u00fcl\u00f6tte, \u0151 pedig az\u00f3ta is b\u00fcszk\u00e9n \u0151rzi a r\u00e9gi id\u0151k eml\u00e9k\u00e9t.<\/p>\n\n\n\n<h4>11. A &#8222;Szomjas H\u00f3d&#8221;, ami nem adta fel<\/h4>\n\n\n\n<figure class=\"wp-block-image size-full\"><img loading=\"lazy\" width=\"1200\" height=\"780\" src=\"https:\/\/liked.hu\/old\/wp-content\/uploads\/2024\/03\/Makacs-tulajok-010.webp\" alt=\"Makacs tulajok 010\" class=\"wp-image-325754\" srcset=\"https:\/\/liked.hu\/old\/wp-content\/uploads\/2024\/03\/Makacs-tulajok-010.webp 1200w, https:\/\/liked.hu\/old\/wp-content\/uploads\/2024\/03\/Makacs-tulajok-010-768x499.webp 768w\" sizes=\"(max-width: 1200px) 100vw, 1200px\" \/><\/figure>\n\n\n\n<p>\u00c9szak-Karolin\u00e1ban a &#8222;Szomjas H\u00f3d&#8221; nev\u0171 b\u00e1r k\u00f6rny\u00e9k\u00e9t 2015-ben \u00e9rt\u00e9kes\u00edtett\u00e9k egy \u00e9p\u00edt\u0151ipari konglomer\u00e1tumnak. A Salem csal\u00e1d tulajdon\u00e1ban l\u00e9v\u0151 kis kocsma azonban nem volt hajland\u00f3 elk\u00f6lt\u00f6zni. A c\u00e9g v\u00e9g\u00fcl k\u00e9nytelen volt \u00e9p\u00fcleteket emelni a b\u00e1r k\u00f6r\u00e9, \u00edgy a &#8222;Szomjas H\u00f3d&#8221; ma egy hatalmas lak\u00f3\u00e9p\u00fclett\u00f6mb k\u00f6zep\u00e9n rejt\u0151zk\u00f6dik.<\/p>\n\n\n\n\n<div style=\"float:none;margin:0px 0 0px 0;text-align:center;\">\n<div class=\"mobileHideke5\"><div style=\"margin-top:25px;\"><div class=\"hirdeteshatter\"><div style=\"display: inline-block;width: 50%;min-width:305px;vertical-align: top;\"><div class=\"hirdetes\">HIRDET\u00c9S<\/div>\n<!-- LikedQ51 -->\n<ins class=\"adsbygoogle\"\n     style=\"display:inline-block;width:300px;height:250px\"\n     data-ad-client=\"ca-pub-9424088931673893\"\n     data-ad-slot=\"8284063326\"><\/ins>\n<script async>\n     (adsbygoogle = window.adsbygoogle || []).push({});\n<\/script><\/div><div style=\"display: inline-block;width: 50%;min-width:305px;vertical-align: top;\"><div class=\"hirdetes\">HIRDET\u00c9S<\/div>\n<!-- LikedQ52 -->\n<ins class=\"adsbygoogle\"\n     style=\"display:inline-block;width:300px;height:250px\"\n     data-ad-client=\"ca-pub-9424088931673893\"\n     data-ad-slot=\"2840164950\"><\/ins>\n<script async>\n     (adsbygoogle = window.adsbygoogle || []).push({});\n<\/script><\/div><\/div><\/div><\/div>\n<div style=\"display:flex;flex-direction:column;\"><div class=\"mobileShowka5\"><div style=\"padding-top:10px;padding-bottom:10px;min-height: 300px;\"><div class=\"hirdetes\">HIRDET\u00c9S<\/div>\n<!-- LikedQ5M -->\n<ins class=\"adsbygoogle\"\n     style=\"display:inline-block;width:300px;height:250px\"\n     data-ad-client=\"ca-pub-9424088931673893\"\n     data-ad-slot=\"9022429928\"><\/ins>\n<script async>\n     (adsbygoogle = window.adsbygoogle || []).push({});\n<\/script><\/div><\/div><\/div><\/div>\n\n\n\n\n<h4>10. A makacs \u00f3ra\u00fczlet, ami t\u00fal\u00e9lte a versenyt\u00e1rsat<\/h4>\n\n\n\n<figure class=\"wp-block-image size-full\"><img loading=\"lazy\" width=\"1200\" height=\"784\" src=\"https:\/\/liked.hu\/old\/wp-content\/uploads\/2024\/03\/Makacs-tulajok-009.webp\" alt=\"Makacs tulajok 009\" class=\"wp-image-325755\" srcset=\"https:\/\/liked.hu\/old\/wp-content\/uploads\/2024\/03\/Makacs-tulajok-009.webp 1200w, https:\/\/liked.hu\/old\/wp-content\/uploads\/2024\/03\/Makacs-tulajok-009-768x502.webp 768w\" sizes=\"(max-width: 1200px) 100vw, 1200px\" \/><\/figure>\n\n\n\n<p>A 20. sz\u00e1zad elej\u00e9n a Wakeham csal\u00e1d egy \u00e1ruh\u00e1zat \u00e9p\u00edtett Londonban, hogy versenyezzen a Selfridges-szel. Azonban terv\u00fcket meghi\u00fas\u00edtotta a Spiegelhalter csal\u00e1d, egy \u00f3ra- \u00e9s \u00e9kszer\u00e9sz dinasztia, akik nem adt\u00e1k el a Wakehamek \u00e1ltal kiszemelt telek egy r\u00e9sz\u00e9t. V\u00e9g\u00fcl az \u00e1ruh\u00e1zat fel\u00e9p\u00edtett\u00e9k, de k\u00e9t r\u00e9szre osztott\u00e1k, abban a rem\u00e9nyben, hogy a Spiegelhalterek hamarosan beadj\u00e1k a kulcsot. Azonban az \u00e9kszerbolt t\u00fal\u00e9lte az \u00e1ruh\u00e1zat, ami a 60-as \u00e9vekben bez\u00e1rt. Ma mindk\u00e9t \u00e9p\u00fclet rossz \u00e1llapotban van, de a makacss\u00e1g eml\u00e9ke tov\u00e1bb \u00e9l a Maylandben tal\u00e1lhat\u00f3 furcsa \u00e9p\u00fcletben.<\/p>\n\n\n\n<h4>9. A h\u00e1z, ami egyed\u00fcl maradt<\/h4>\n\n\n\n<figure class=\"wp-block-image size-full\"><img loading=\"lazy\" width=\"1200\" height=\"907\" src=\"https:\/\/liked.hu\/old\/wp-content\/uploads\/2024\/03\/Makacs-tulajok-007.webp\" alt=\"Makacs tulajok 007\" class=\"wp-image-325757\" srcset=\"https:\/\/liked.hu\/old\/wp-content\/uploads\/2024\/03\/Makacs-tulajok-007.webp 1200w, https:\/\/liked.hu\/old\/wp-content\/uploads\/2024\/03\/Makacs-tulajok-007-768x580.webp 768w\" sizes=\"(max-width: 1200px) 100vw, 1200px\" \/><\/figure>\n\n\n\n<p>Ez a &#8222;p\u00e1lcikah\u00e1z&#8221; Ruian v\u00e1ros\u00e1ban tal\u00e1lhat\u00f3. A k\u00f6rny\u00e9ket 2013-ban lerombolt\u00e1k egy \u00fczleti komplexum \u00e9p\u00edt\u00e9se c\u00e9lj\u00e1b\u00f3l, de a tulajdonosa makacsul ellen\u00e1llt. A hat\u00f3s\u00e1gok \u00e1ltal k\u00edn\u00e1lt k\u00e1rt\u00e9r\u00edt\u00e9st alacsonynak tal\u00e1lta, \u00edgy nem volt hajland\u00f3 elk\u00f6lt\u00f6zni. Annak ellen\u00e9re, hogy csak egy \u00e9vet \u00e9lt a h\u00e1zban, m\u00e9g akkor is ott maradt, miut\u00e1n kikapcsolt\u00e1k a vizet \u00e9s az \u00e1ramot.<\/p>\n\n\n\n\n<div style=\"float:none;margin:0px 0 0px 0;text-align:center;\">\n<div class=\"mobileHideke8\"><div style=\"margin-top:25px;\"><div class=\"hirdeteshatter\"><div style=\"display: inline-block;width: 50%;min-width:340px;vertical-align: top;\"><div class=\"hirdetes\">HIRDET\u00c9S<\/div>\n<!-- Liked7Q1 -->\n<ins class=\"adsbygoogle\"\n     style=\"display:inline-block;width:336px;height:280px\"\n     data-ad-client=\"ca-pub-9424088931673893\"\n     data-ad-slot=\"3022062587\"><\/ins>\n<script async>\n     (adsbygoogle = window.adsbygoogle || []).push({});\n<\/script><\/div><div style=\"display: inline-block;width: 50%;min-width:340px;vertical-align: top;\"><div class=\"hirdetes\">HIRDET\u00c9S<\/div>\n<!-- Liked7Q2 -->\n<ins class=\"adsbygoogle\"\n     style=\"display:inline-block;width:336px;height:280px\"\n     data-ad-client=\"ca-pub-9424088931673893\"\n     data-ad-slot=\"3952000871\"><\/ins>\n<script async>\n     (adsbygoogle = window.adsbygoogle || []).push({});\n<\/script><\/div><\/div><\/div><\/div>\n<div style=\"display:flex;flex-direction:column;\"><div class=\"mobileShowka8\"><div style=\"padding-top:15px;margin-bottom:15px;min-height: 300px;\"><div class=\"hirdetes\">HIRDET\u00c9S<\/div>\n<!-- Liked7QMobil -->\n<ins class=\"adsbygoogle\"\n     style=\"display:inline-block;width:336px;height:280px\"\n     data-ad-client=\"ca-pub-9424088931673893\"\n     data-ad-slot=\"5073510857\"><\/ins>\n<script async>\n     (adsbygoogle = window.adsbygoogle || []).push({});\n<\/script><\/div><\/div><\/div><\/div>\n\n\n\n\n<h4>8. \u00c9let az aut\u00f3p\u00e1lya k\u00f6zep\u00e9n<\/h4>\n\n\n\n<figure class=\"wp-block-image size-full\"><img loading=\"lazy\" width=\"1200\" height=\"834\" src=\"https:\/\/liked.hu\/old\/wp-content\/uploads\/2024\/03\/Makacs-tulajok-006.webp\" alt=\"Makacs tulajok 006\" class=\"wp-image-325758\" srcset=\"https:\/\/liked.hu\/old\/wp-content\/uploads\/2024\/03\/Makacs-tulajok-006.webp 1200w, https:\/\/liked.hu\/old\/wp-content\/uploads\/2024\/03\/Makacs-tulajok-006-768x534.webp 768w\" sizes=\"(max-width: 1200px) 100vw, 1200px\" \/><\/figure>\n\n\n\n<p>Vannak, akiket nem zavar az aut\u00f3p\u00e1lya zaja &#8211; ezt bizony\u00edtj\u00e1k a k\u00ednai Guangzhou tartom\u00e1nyban \u00e9l\u0151 csal\u00e1dok is. A h\u00e1zukat k\u00f6r\u00fclvev\u0151 4 s\u00e1vos aut\u00f3p\u00e1lya ellen\u00e9re nem engedt\u00e9k be a buld\u00f3zereket, \u00edgy otthonaik igazi szigetekk\u00e9 v\u00e1ltak a forgalom tenger\u00e9ben.<\/p>\n\n\n\n<h4>7. A h\u00e1z, ami k\u00f6r\u00e9 \u00e1rkot \u00e1stak<\/h4>\n\n\n\n<figure class=\"wp-block-image size-full\"><img loading=\"lazy\" width=\"1200\" height=\"833\" src=\"https:\/\/liked.hu\/old\/wp-content\/uploads\/2024\/03\/Makacs-tulajok-005.webp\" alt=\"Makacs tulajok 005\" class=\"wp-image-325759\" srcset=\"https:\/\/liked.hu\/old\/wp-content\/uploads\/2024\/03\/Makacs-tulajok-005.webp 1200w, https:\/\/liked.hu\/old\/wp-content\/uploads\/2024\/03\/Makacs-tulajok-005-768x533.webp 768w\" sizes=\"(max-width: 1200px) 100vw, 1200px\" \/><\/figure>\n\n\n\n<p>2004-ben a k\u00ednai Chongqingban a Wu csal\u00e1d semmi p\u00e9nz\u00e9rt sem volt hajland\u00f3 elhagyni a h\u00e1rom gener\u00e1ci\u00f3 \u00f3ta lakott otthon\u00e1t. \u00c9vekig kitartottak, m\u00edg egy napon, a csal\u00e1d t\u00e1voll\u00e9t\u00e9ben a beruh\u00e1z\u00f3k 9 m\u00e9ter m\u00e9ly g\u00f6dr\u00f6t \u00e1stak a h\u00e1zuk k\u00f6r\u00fcl. A Wu csal\u00e1d azonban visszat\u00e9rt a h\u00e1zba, k\u00ednai z\u00e1szl\u00f3t t\u0171z\u00f6tt ki, \u00e9s a h\u00e1ztulajdonos, aki harcm\u0171v\u00e9sz bajnok is, m\u00e9g a l\u00e9pcs\u0151t is elbontotta. Kijelentette, hogy ha ki akarj\u00e1k lakoltatni, harcm\u0171v\u00e9szeti tud\u00e1s\u00e1t is beveti. A csal\u00e1d a m\u00e9dia figyelm\u00e9nek k\u00f6z\u00e9ppontj\u00e1ba ker\u00fclt, de 2007-ben v\u00e9g\u00fcl megegyeztek a hat\u00f3s\u00e1gokkal, \u00e9s elk\u00f6lt\u00f6ztek.<\/p>\n\n\n\n<!--nextpage-->\n\n\n\n<h4>6. Mag\u00e1nyos k\u00e1v\u00e9z\u00f3<\/h4>\n\n\n\n<figure class=\"wp-block-image size-full\"><img loading=\"lazy\" width=\"1200\" height=\"737\" src=\"https:\/\/liked.hu\/old\/wp-content\/uploads\/2024\/03\/Makacs-tulajok-004.webp\" alt=\"Makacs tulajok 004\" class=\"wp-image-325760\" srcset=\"https:\/\/liked.hu\/old\/wp-content\/uploads\/2024\/03\/Makacs-tulajok-004.webp 1200w, https:\/\/liked.hu\/old\/wp-content\/uploads\/2024\/03\/Makacs-tulajok-004-768x472.webp 768w\" sizes=\"(max-width: 1200px) 100vw, 1200px\" \/><\/figure>\n\n\n\n<p>Salah Udjani k\u00e1v\u00e9z\u00f3ja az egyetlen, ami megmaradt a franciaorsz\u00e1gi Roubaix v\u00e1ros\u00e1ban a Rue de l&#8217;Alma negyedb\u0151l. 1965 \u00f3ta \u0151 a tulajdonosa, \u00e9s nem \u00e9rdekli, hogy a k\u00f6rny\u00e9k romhalmaz lett. A k\u00e1v\u00e9ja val\u00f3sz\u00edn\u0171leg fantasztikus, mert m\u00e9g mindig j\u00e1rnak hozz\u00e1 vend\u00e9gek, b\u00e1r nem sokan. Udjani egy interj\u00faban azt is elmondta, hogy a k\u00e1v\u00e9z\u00f3j\u00e1ban akar meghalni.<\/p>\n\n\n\n<h4>5. A Rockefeller Plaza neh\u00e9zs\u00e9gei<\/h4>\n\n\n\n<figure class=\"wp-block-image size-full\"><img loading=\"lazy\" width=\"1200\" height=\"796\" src=\"https:\/\/liked.hu\/old\/wp-content\/uploads\/2024\/03\/Makacs-tulajok-003.webp\" alt=\"Makacs tulajok 003\" class=\"wp-image-325761\" srcset=\"https:\/\/liked.hu\/old\/wp-content\/uploads\/2024\/03\/Makacs-tulajok-003.webp 1200w, https:\/\/liked.hu\/old\/wp-content\/uploads\/2024\/03\/Makacs-tulajok-003-768x509.webp 768w\" sizes=\"(max-width: 1200px) 100vw, 1200px\" \/><\/figure>\n\n\n\n<figure class=\"wp-block-image size-full\"><img loading=\"lazy\" width=\"600\" height=\"400\" src=\"https:\/\/liked.hu\/old\/wp-content\/uploads\/2024\/03\/Makacs-tulajok-001.webp\" alt=\"Makacs tulajok 001\" class=\"wp-image-325763\"\/><\/figure>\n\n\n\n<p>A Rockefeller Plaza \u00e9p\u00edt\u00e9se az 1930-as \u00e9vekben komoly kih\u00edv\u00e1st jelentett. A 6. sug\u00e1r\u00faton k\u00e9t h\u00e1z \u00e1llt az \u00fatj\u00e1ban. Az egyikben egy \u00edr kocsma m\u0171k\u00f6d\u00f6tt, h\u00e1rom tulajdonossal, akik csak 250 milli\u00f3 doll\u00e1r\u00e9rt &#8211; vagyis a felh\u0151karcol\u00f3 teljes \u00e9p\u00edt\u00e9si k\u00f6lts\u00e9g\u00e9nek \u00f6sszeg\u00e9\u00e9rt &#8211; voltak hajland\u00f3ak elk\u00f6lt\u00f6zni. A szemk\u00f6zti h\u00e1z tulajdonosai is elutas\u00edtott\u00e1k az elad\u00e1st. V\u00e9g\u00fcl a Rockefeller Plaz\u00e1t a k\u00e9t h\u00e1z k\u00f6z\u00e9 \u00e9p\u00edtett\u00e9k, melyek ma is ott \u00e1llnak.<\/p>\n\n\n\n\n<div style=\"float:none;margin:0px 0 0px 0;text-align:center;\">\n<div class=\"mobileHideke8\"><div class=\"hirdeteshatter\"><div style=\"display: inline-block;width: 50%;min-width:340px;vertical-align: top;\"><div class=\"hirdetes\">HIRDET\u00c9S<\/div>\n<!-- LikedQ81 -->\n<ins class=\"adsbygoogle\"\n     style=\"display:inline-block;width:336px;height:280px\"\n     data-ad-client=\"ca-pub-9424088931673893\"\n     data-ad-slot=\"2436840276\"><\/ins>\n<script async>\n     (adsbygoogle = window.adsbygoogle || []).push({});\n<\/script><\/div><div style=\"display: inline-block;width: 50%;min-width:340px;vertical-align: top;\"><div class=\"hirdetes\">HIRDET\u00c9S<\/div>\n<!-- LikedQ82 -->\n<ins class=\"adsbygoogle\"\n     style=\"display:inline-block;width:336px;height:280px\"\n     data-ad-client=\"ca-pub-9424088931673893\"\n     data-ad-slot=\"3558350253\"><\/ins>\n<script async>\n     (adsbygoogle = window.adsbygoogle || []).push({});\n<\/script><\/div><\/div><\/div>\n<div style=\"display:flex;flex-direction:column;\"><div class=\"mobileShowka8 nyolc\"><div style=\"padding-top:15px;padding-bottom:5px;min-height: 300px;\"><div class=\"hirdetes\">HIRDET\u00c9S<\/div>\n<!-- LikedQ8M -->\n<ins class=\"adsbygoogle\"\n     style=\"display:inline-block;width:336px;height:280px\"\n     data-ad-client=\"ca-pub-9424088931673893\"\n     data-ad-slot=\"4679860235\"><\/ins>\n<script async>\n     (adsbygoogle = window.adsbygoogle || []).push({});\n<\/script><\/div><\/div><\/div><\/div>\n\n\n\n\n<h4>4. H\u00e1z az aut\u00f3p\u00e1lya k\u00f6zep\u00e9n<\/h4>\n\n\n\n<figure class=\"wp-block-image size-full\"><img loading=\"lazy\" width=\"1200\" height=\"801\" src=\"https:\/\/liked.hu\/old\/wp-content\/uploads\/2024\/03\/Makacs-tulajok-002.webp\" alt=\"Makacs tulajok 002\" class=\"wp-image-325762\" srcset=\"https:\/\/liked.hu\/old\/wp-content\/uploads\/2024\/03\/Makacs-tulajok-002.webp 1200w, https:\/\/liked.hu\/old\/wp-content\/uploads\/2024\/03\/Makacs-tulajok-002-768x513.webp 768w\" sizes=\"(max-width: 1200px) 100vw, 1200px\" \/><\/figure>\n\n\n\n<p>2012-ben Lu Baujin \u00e9s feles\u00e9ge K\u00edn\u00e1ban igazi szimb\u00f3lum\u00e1v\u00e1 v\u00e1ltak a makacs h\u00e1ztulajdonosoknak. Amikor a k\u00f6rny\u00e9k \u00f6sszes \u00e9p\u00fclet\u00e9t lebontott\u00e1k, \u0151k nem k\u00f6lt\u00f6ztek el, \u00e9s h\u00e1zuk egy szigett\u00e9 v\u00e1lt az aszfalttenger k\u00f6zep\u00e9n. B\u00e1r sok\u00e1ig hi\u00e1ba pr\u00f3b\u00e1lt\u00e1k meggy\u0151zni \u0151ket a hat\u00f3s\u00e1gok, Lu Baujin v\u00e9g\u00fcl feladta a harcot, \u00e9s elk\u00f6lt\u00f6z\u00f6tt.<\/p>\n\n\n\n<h4>3. F\u00e9lh\u00e1z<\/h4>\n\n\n\n<figure class=\"wp-block-image size-full\"><img loading=\"lazy\" width=\"1200\" height=\"854\" src=\"https:\/\/liked.hu\/old\/wp-content\/uploads\/2024\/03\/fel-haz.webp\" alt=\"fel haz\" class=\"wp-image-325766\" srcset=\"https:\/\/liked.hu\/old\/wp-content\/uploads\/2024\/03\/fel-haz.webp 1200w, https:\/\/liked.hu\/old\/wp-content\/uploads\/2024\/03\/fel-haz-768x547.webp 768w\" sizes=\"(max-width: 1200px) 100vw, 1200px\" \/><\/figure>\n\n\n\n<p>1957-ben a toront\u00f3i Set Patrick Streeten az Inglaz Holding felv\u00e1s\u00e1rolta az ingatlanokat. Minden rendben ment, am\u00edg el nem jutottak az 54,5-\u00f6s h\u00e1zhoz &#8211; ezt a h\u00e1zsz\u00e1mot akkor kapta az \u00e9p\u00fclet, miel\u0151tt m\u00e9g hivatalosan is kett\u00e9osztott\u00e1k volna.<\/p>\n\n\n\n<p>A h\u00e1z egyik fel\u00e9t siker\u00fclt megv\u00e1s\u00e1rolnia az ingatlanholding c\u00e9gnek, de a m\u00e1sikat nem. A beruh\u00e1z\u00f3k v\u00e9g\u00fcl \u00fagy d\u00f6nt\u00f6ttek, hogy az \u00e9p\u00fclet egyik fel\u00e9t lebontj\u00e1k, de a teherhord\u00f3 falat \u00e9rintetlen\u00fcl hagyj\u00e1k. A h\u00e1z \u00edgy maradt, \u00e9s ma is laknak benne!<\/p>\n\n\n\n\n<div style=\"float:none;margin:0px 0 0px 0;text-align:center;\">\n<div class=\"mobileHideke5\"><div style=\"margin-top:25px;\"><div class=\"hirdeteshatter\"><div style=\"display: inline-block;width: 50%;min-width:305px;vertical-align: top;\"><div class=\"hirdetes\">HIRDET\u00c9S<\/div>\n<!-- LikedQ51 -->\n<ins class=\"adsbygoogle\"\n     style=\"display:inline-block;width:300px;height:250px\"\n     data-ad-client=\"ca-pub-9424088931673893\"\n     data-ad-slot=\"8284063326\"><\/ins>\n<script async>\n     (adsbygoogle = window.adsbygoogle || []).push({});\n<\/script><\/div><div style=\"display: inline-block;width: 50%;min-width:305px;vertical-align: top;\"><div class=\"hirdetes\">HIRDET\u00c9S<\/div>\n<!-- LikedQ52 -->\n<ins class=\"adsbygoogle\"\n     style=\"display:inline-block;width:300px;height:250px\"\n     data-ad-client=\"ca-pub-9424088931673893\"\n     data-ad-slot=\"2840164950\"><\/ins>\n<script async>\n     (adsbygoogle = window.adsbygoogle || []).push({});\n<\/script><\/div><\/div><\/div><\/div>\n<div style=\"display:flex;flex-direction:column;\"><div class=\"mobileShowka5\"><div style=\"padding-top:10px;padding-bottom:10px;min-height: 300px;\"><div class=\"hirdetes\">HIRDET\u00c9S<\/div>\n<!-- LikedQ5M -->\n<ins class=\"adsbygoogle\"\n     style=\"display:inline-block;width:300px;height:250px\"\n     data-ad-client=\"ca-pub-9424088931673893\"\n     data-ad-slot=\"9022429928\"><\/ins>\n<script async>\n     (adsbygoogle = window.adsbygoogle || []).push({});\n<\/script><\/div><\/div><\/div><\/div>\n\n\n\n\n<h4>2. H\u00e1z az \u00fattesten<\/h4>\n\n\n\n<figure class=\"wp-block-image size-full\"><img loading=\"lazy\" width=\"1200\" height=\"816\" src=\"https:\/\/liked.hu\/old\/wp-content\/uploads\/2024\/03\/Haz-az-uttesten.webp\" alt=\"Haz az uttesten\" class=\"wp-image-325767\" srcset=\"https:\/\/liked.hu\/old\/wp-content\/uploads\/2024\/03\/Haz-az-uttesten.webp 1200w, https:\/\/liked.hu\/old\/wp-content\/uploads\/2024\/03\/Haz-az-uttesten-768x522.webp 768w\" sizes=\"(max-width: 1200px) 100vw, 1200px\" \/><\/figure>\n\n\n\n<p>T\u00f6bb mint 10 \u00e9vig \u00e1llt egy sanghaji h\u00e1z egy \u00e9p\u00fcl\u0151 \u00fat k\u00f6zep\u00e9n. A h\u00e1zban lak\u00f3 csal\u00e1d nem fogadta el a hat\u00f3s\u00e1gok \u00e1ltal k\u00edn\u00e1lt k\u00e1rt\u00e9r\u00edt\u00e9st, \u00edgy a h\u00e1z ott maradt, ahol volt. Term\u00e9szetesen az utat a h\u00e1z k\u00f6r\u00fcl \u00e9p\u00edtett\u00e9k meg.<\/p>\n\n\n\n<p>A zaj elviselhetetlen volt, a bej\u00e1rati ajt\u00f3 pedig alig egy m\u00e9terre volt az \u00fattestt\u0151l. A csal\u00e1d m\u00e9gis kitartott, \u00e9s a h\u00e1z igazi szimb\u00f3lum\u00e1v\u00e1 v\u00e1lt az ellen\u00e1ll\u00e1snak.<\/p>\n\n\n\n<h4>1. A toronyh\u00e1zak k\u00f6z\u00e9 ragadt h\u00e1z<\/h4>\n\n\n\n<figure class=\"wp-block-image size-full\"><img loading=\"lazy\" width=\"800\" height=\"584\" src=\"https:\/\/liked.hu\/old\/wp-content\/uploads\/2024\/03\/apro-lakas.webp\" alt=\"apro lakas\" class=\"wp-image-325768\" srcset=\"https:\/\/liked.hu\/old\/wp-content\/uploads\/2024\/03\/apro-lakas.webp 800w, https:\/\/liked.hu\/old\/wp-content\/uploads\/2024\/03\/apro-lakas-768x561.webp 768w\" sizes=\"(max-width: 800px) 100vw, 800px\" \/><\/figure>\n\n\n\n<p>Mary Cook h\u00e1zat v\u00e1s\u00e1rolt mag\u00e1nak a manhattani West Avenue-n, amikor m\u00e9g megfizethet\u0151 volt a lakhat\u00e1s.\u00a0A gazdag emberek be\u00e1raml\u00e1sa azonban ahhoz vezetett, hogy az \u00e9p\u00fclet k\u00e9t oldal\u00e1n t\u00f6bblak\u00e1sos h\u00e1zakat akartak \u00e9p\u00edteni. Ehhez el\u0151sz\u00f6r Cook otthon\u00e1t is meg akart\u00e1k venni, de mivel\u00a0Cook nem volt hajland\u00f3 elk\u00f6lt\u00f6zni, ez\u00e9rt a r\u00e9gi New York-i sorh\u00e1z k\u00e9t hatalmas \u00e9p\u00fclet k\u00f6z\u00e9 ragadt.<\/p>\n","protected":false},"excerpt":{"rendered":"<p>Nem voltak hajland\u00f3k elk\u00f6lt\u00f6zni. \u00af\\_(\u30c4)_\/\u00af<\/p>\n","protected":false},"author":22,"featured_media":325769,"comment_status":"open","ping_status":"closed","sticky":false,"template":"","format":"standard","meta":{"buzzeditor_post_format":""},"categories":[23],"tags":[568,1027,5861],"yoast_head":"<!-- This site is optimized with the Yoast SEO plugin v19.6.1 - https:\/\/yoast.com\/wordpress\/plugins\/seo\/ -->\n<title>Meg\u00e9ri-e fell\u00e1zadni, ha le akarj\u00e1k bontani a h\u00e1zadat? \u2013 p\u00e9ld\u00e1k az emberek \u00e9s v\u00e1llalatok k\u00f6zti \u00f6sszecsap\u00e1sra<\/title>\n<meta name=\"description\" content=\"Nem voltak hajland\u00f3k elk\u00f6lt\u00f6zni. \u00af_(\u30c4)_\/\u00af\" \/>\n<meta name=\"robots\" content=\"index, follow, max-snippet:-1, max-image-preview:large, max-video-preview:-1\" \/>\n<link rel=\"canonical\" href=\"https:\/\/liked.hu\/old\/erdekes\/megeri-e-fellazadni-ha-le-akarjak-bontani-a-hazadat-peldak-az-emberek-es-vallalatok-kozti-osszecsapasra\/\" \/>\n<link rel=\"next\" href=\"https:\/\/liked.hu\/old\/erdekes\/megeri-e-fellazadni-ha-le-akarjak-bontani-a-hazadat-peldak-az-emberek-es-vallalatok-kozti-osszecsapasra\/2\/\" \/>\n<meta property=\"og:locale\" content=\"hu_HU\" \/>\n<meta property=\"og:type\" content=\"article\" \/>\n<meta property=\"og:title\" content=\"Meg\u00e9ri-e fell\u00e1zadni, ha le akarj\u00e1k bontani a h\u00e1zadat? \u2013 p\u00e9ld\u00e1k az emberek \u00e9s v\u00e1llalatok k\u00f6zti \u00f6sszecsap\u00e1sra\" \/>\n<meta property=\"og:description\" content=\"Nem voltak hajland\u00f3k elk\u00f6lt\u00f6zni. \u00af_(\u30c4)_\/\u00af\" \/>\n<meta property=\"og:url\" content=\"https:\/\/liked.hu\/old\/erdekes\/megeri-e-fellazadni-ha-le-akarjak-bontani-a-hazadat-peldak-az-emberek-es-vallalatok-kozti-osszecsapasra\/\" \/>\n<meta property=\"og:site_name\" content=\"Liked.hu\" \/>\n<meta property=\"article:publisher\" content=\"https:\/\/www.facebook.com\/liked.hu\" \/>\n<meta property=\"article:author\" content=\"https:\/\/www.facebook.com\/profile.php?id=100069488029999\" \/>\n<meta property=\"article:published_time\" content=\"2024-03-10T16:57:15+00:00\" \/>\n<meta property=\"article:modified_time\" content=\"2024-03-10T16:57:17+00:00\" \/>\n<meta property=\"og:image\" content=\"https:\/\/liked.hu\/old\/wp-content\/uploads\/2024\/03\/Makacs-haztulajok.jpg\" \/>\n\t<meta property=\"og:image:width\" content=\"1200\" \/>\n\t<meta property=\"og:image:height\" content=\"630\" \/>\n\t<meta property=\"og:image:type\" content=\"image\/jpeg\" \/>\n<meta name=\"author\" content=\"1mernok\" \/>\n<meta name=\"twitter:card\" content=\"summary\" \/>\n<meta name=\"twitter:creator\" content=\"@LikedHu\" \/>\n<meta name=\"twitter:site\" content=\"@LikedHu\" \/>\n<meta name=\"twitter:label1\" content=\"Szerz\u0151:\" \/>\n\t<meta name=\"twitter:data1\" content=\"1mernok\" \/>\n\t<meta name=\"twitter:label2\" content=\"Becs\u00fclt olvas\u00e1si id\u0151\" \/>\n\t<meta name=\"twitter:data2\" content=\"6 perc\" \/>\n<script type=\"application\/ld+json\" class=\"yoast-schema-graph\">{\"@context\":\"https:\/\/schema.org\",\"@graph\":[{\"@type\":\"Article\",\"@id\":\"https:\/\/liked.hu\/old\/erdekes\/megeri-e-fellazadni-ha-le-akarjak-bontani-a-hazadat-peldak-az-emberek-es-vallalatok-kozti-osszecsapasra\/#article\",\"isPartOf\":{\"@id\":\"https:\/\/liked.hu\/old\/erdekes\/megeri-e-fellazadni-ha-le-akarjak-bontani-a-hazadat-peldak-az-emberek-es-vallalatok-kozti-osszecsapasra\/\"},\"author\":{\"name\":\"1mernok\",\"@id\":\"https:\/\/liked.hu\/old\/#\/schema\/person\/eb840c492fdb3076d9c2d140cc634ebb\"},\"headline\":\"Meg\u00e9ri-e fell\u00e1zadni, ha le akarj\u00e1k bontani a h\u00e1zadat? \u2013 p\u00e9ld\u00e1k az emberek \u00e9s v\u00e1llalatok k\u00f6zti \u00f6sszecsap\u00e1sra\",\"datePublished\":\"2024-03-10T16:57:15+00:00\",\"dateModified\":\"2024-03-10T16:57:17+00:00\",\"mainEntityOfPage\":{\"@id\":\"https:\/\/liked.hu\/old\/erdekes\/megeri-e-fellazadni-ha-le-akarjak-bontani-a-hazadat-peldak-az-emberek-es-vallalatok-kozti-osszecsapasra\/\"},\"wordCount\":1257,\"commentCount\":0,\"publisher\":{\"@id\":\"https:\/\/liked.hu\/old\/#organization\"},\"keywords\":[\"elad\u00e1s\",\"h\u00e1z\",\"vita\"],\"articleSection\":[\"\u00c9rdekess\u00e9gek\"],\"inLanguage\":\"hu\",\"potentialAction\":[{\"@type\":\"CommentAction\",\"name\":\"Comment\",\"target\":[\"https:\/\/liked.hu\/old\/erdekes\/megeri-e-fellazadni-ha-le-akarjak-bontani-a-hazadat-peldak-az-emberek-es-vallalatok-kozti-osszecsapasra\/#respond\"]}]},{\"@type\":\"WebPage\",\"@id\":\"https:\/\/liked.hu\/old\/erdekes\/megeri-e-fellazadni-ha-le-akarjak-bontani-a-hazadat-peldak-az-emberek-es-vallalatok-kozti-osszecsapasra\/\",\"url\":\"https:\/\/liked.hu\/old\/erdekes\/megeri-e-fellazadni-ha-le-akarjak-bontani-a-hazadat-peldak-az-emberek-es-vallalatok-kozti-osszecsapasra\/\",\"name\":\"Meg\u00e9ri-e fell\u00e1zadni, ha le akarj\u00e1k bontani a h\u00e1zadat? \u2013 p\u00e9ld\u00e1k az emberek \u00e9s v\u00e1llalatok k\u00f6zti \u00f6sszecsap\u00e1sra\",\"isPartOf\":{\"@id\":\"https:\/\/liked.hu\/old\/#website\"},\"datePublished\":\"2024-03-10T16:57:15+00:00\",\"dateModified\":\"2024-03-10T16:57:17+00:00\",\"description\":\"Nem voltak hajland\u00f3k elk\u00f6lt\u00f6zni. \u00af\\\\_(\u30c4)_\/\u00af\",\"breadcrumb\":{\"@id\":\"https:\/\/liked.hu\/old\/erdekes\/megeri-e-fellazadni-ha-le-akarjak-bontani-a-hazadat-peldak-az-emberek-es-vallalatok-kozti-osszecsapasra\/#breadcrumb\"},\"inLanguage\":\"hu\",\"potentialAction\":[{\"@type\":\"ReadAction\",\"target\":[\"https:\/\/liked.hu\/old\/erdekes\/megeri-e-fellazadni-ha-le-akarjak-bontani-a-hazadat-peldak-az-emberek-es-vallalatok-kozti-osszecsapasra\/\"]}]},{\"@type\":\"BreadcrumbList\",\"@id\":\"https:\/\/liked.hu\/old\/erdekes\/megeri-e-fellazadni-ha-le-akarjak-bontani-a-hazadat-peldak-az-emberek-es-vallalatok-kozti-osszecsapasra\/#breadcrumb\",\"itemListElement\":[{\"@type\":\"ListItem\",\"position\":1,\"name\":\"Kezd\u0151lap\"}]},{\"@type\":\"WebSite\",\"@id\":\"https:\/\/liked.hu\/old\/#website\",\"url\":\"https:\/\/liked.hu\/old\/\",\"name\":\"Liked.hu\",\"description\":\"\",\"publisher\":{\"@id\":\"https:\/\/liked.hu\/old\/#organization\"},\"potentialAction\":[{\"@type\":\"SearchAction\",\"target\":{\"@type\":\"EntryPoint\",\"urlTemplate\":\"https:\/\/liked.hu\/old\/?s={search_term_string}\"},\"query-input\":\"required name=search_term_string\"}],\"inLanguage\":\"hu\"},{\"@type\":\"Organization\",\"@id\":\"https:\/\/liked.hu\/old\/#organization\",\"name\":\"Liked.hu\",\"url\":\"https:\/\/liked.hu\/old\/\",\"sameAs\":[\"https:\/\/hu.pinterest.com\/likedhungary\/\",\"https:\/\/www.youtube.com\/channel\/UCPv91dbMoIukYcM9b9nHN6Q\",\"https:\/\/www.facebook.com\/liked.hu\",\"https:\/\/twitter.com\/LikedHu\"],\"logo\":{\"@type\":\"ImageObject\",\"inLanguage\":\"hu\",\"@id\":\"https:\/\/liked.hu\/old\/#\/schema\/logo\/image\/\",\"url\":\"https:\/\/liked.hu\/wp-content\/uploads\/2018\/08\/Liked-icon.png\",\"contentUrl\":\"https:\/\/liked.hu\/wp-content\/uploads\/2018\/08\/Liked-icon.png\",\"width\":512,\"height\":512,\"caption\":\"Liked.hu\"},\"image\":{\"@id\":\"https:\/\/liked.hu\/old\/#\/schema\/logo\/image\/\"}},{\"@type\":\"Person\",\"@id\":\"https:\/\/liked.hu\/old\/#\/schema\/person\/eb840c492fdb3076d9c2d140cc634ebb\",\"name\":\"1mernok\",\"image\":{\"@type\":\"ImageObject\",\"inLanguage\":\"hu\",\"@id\":\"https:\/\/liked.hu\/old\/#\/schema\/person\/image\/\",\"url\":\"https:\/\/liked.hu\/old\/wp-content\/uploads\/avatars\/22\/604de6ee60df1-bpfull.jpg\",\"contentUrl\":\"https:\/\/liked.hu\/old\/wp-content\/uploads\/avatars\/22\/604de6ee60df1-bpfull.jpg\",\"caption\":\"1mernok\"},\"sameAs\":[\"https:\/\/www.facebook.com\/profile.php?id=100069488029999\"],\"url\":\"https:\/\/liked.hu\/old\/u\/1mernok\/\"}]}<\/script>\n<!-- \/ Yoast SEO plugin. -->","yoast_head_json":{"title":"Meg\u00e9ri-e fell\u00e1zadni, ha le akarj\u00e1k bontani a h\u00e1zadat? \u2013 p\u00e9ld\u00e1k az emberek \u00e9s v\u00e1llalatok k\u00f6zti \u00f6sszecsap\u00e1sra","description":"Nem voltak hajland\u00f3k elk\u00f6lt\u00f6zni. \u00af_(\u30c4)_\/\u00af","robots":{"index":"index","follow":"follow","max-snippet":"max-snippet:-1","max-image-preview":"max-image-preview:large","max-video-preview":"max-video-preview:-1"},"canonical":"https:\/\/liked.hu\/old\/erdekes\/megeri-e-fellazadni-ha-le-akarjak-bontani-a-hazadat-peldak-az-emberek-es-vallalatok-kozti-osszecsapasra\/","next":"https:\/\/liked.hu\/old\/erdekes\/megeri-e-fellazadni-ha-le-akarjak-bontani-a-hazadat-peldak-az-emberek-es-vallalatok-kozti-osszecsapasra\/2\/","og_locale":"hu_HU","og_type":"article","og_title":"Meg\u00e9ri-e fell\u00e1zadni, ha le akarj\u00e1k bontani a h\u00e1zadat? \u2013 p\u00e9ld\u00e1k az emberek \u00e9s v\u00e1llalatok k\u00f6zti \u00f6sszecsap\u00e1sra","og_description":"Nem voltak hajland\u00f3k elk\u00f6lt\u00f6zni. \u00af_(\u30c4)_\/\u00af","og_url":"https:\/\/liked.hu\/old\/erdekes\/megeri-e-fellazadni-ha-le-akarjak-bontani-a-hazadat-peldak-az-emberek-es-vallalatok-kozti-osszecsapasra\/","og_site_name":"Liked.hu","article_publisher":"https:\/\/www.facebook.com\/liked.hu","article_author":"https:\/\/www.facebook.com\/profile.php?id=100069488029999","article_published_time":"2024-03-10T16:57:15+00:00","article_modified_time":"2024-03-10T16:57:17+00:00","og_image":[{"width":1200,"height":630,"url":"https:\/\/liked.hu\/old\/wp-content\/uploads\/2024\/03\/Makacs-haztulajok.jpg","type":"image\/jpeg"}],"author":"1mernok","twitter_card":"summary","twitter_creator":"@LikedHu","twitter_site":"@LikedHu","twitter_misc":{"Szerz\u0151:":"1mernok","Becs\u00fclt olvas\u00e1si id\u0151":"6 perc"},"schema":{"@context":"https:\/\/schema.org","@graph":[{"@type":"Article","@id":"https:\/\/liked.hu\/old\/erdekes\/megeri-e-fellazadni-ha-le-akarjak-bontani-a-hazadat-peldak-az-emberek-es-vallalatok-kozti-osszecsapasra\/#article","isPartOf":{"@id":"https:\/\/liked.hu\/old\/erdekes\/megeri-e-fellazadni-ha-le-akarjak-bontani-a-hazadat-peldak-az-emberek-es-vallalatok-kozti-osszecsapasra\/"},"author":{"name":"1mernok","@id":"https:\/\/liked.hu\/old\/#\/schema\/person\/eb840c492fdb3076d9c2d140cc634ebb"},"headline":"Meg\u00e9ri-e fell\u00e1zadni, ha le akarj\u00e1k bontani a h\u00e1zadat? \u2013 p\u00e9ld\u00e1k az emberek \u00e9s v\u00e1llalatok k\u00f6zti \u00f6sszecsap\u00e1sra","datePublished":"2024-03-10T16:57:15+00:00","dateModified":"2024-03-10T16:57:17+00:00","mainEntityOfPage":{"@id":"https:\/\/liked.hu\/old\/erdekes\/megeri-e-fellazadni-ha-le-akarjak-bontani-a-hazadat-peldak-az-emberek-es-vallalatok-kozti-osszecsapasra\/"},"wordCount":1257,"commentCount":0,"publisher":{"@id":"https:\/\/liked.hu\/old\/#organization"},"keywords":["elad\u00e1s","h\u00e1z","vita"],"articleSection":["\u00c9rdekess\u00e9gek"],"inLanguage":"hu","potentialAction":[{"@type":"CommentAction","name":"Comment","target":["https:\/\/liked.hu\/old\/erdekes\/megeri-e-fellazadni-ha-le-akarjak-bontani-a-hazadat-peldak-az-emberek-es-vallalatok-kozti-osszecsapasra\/#respond"]}]},{"@type":"WebPage","@id":"https:\/\/liked.hu\/old\/erdekes\/megeri-e-fellazadni-ha-le-akarjak-bontani-a-hazadat-peldak-az-emberek-es-vallalatok-kozti-osszecsapasra\/","url":"https:\/\/liked.hu\/old\/erdekes\/megeri-e-fellazadni-ha-le-akarjak-bontani-a-hazadat-peldak-az-emberek-es-vallalatok-kozti-osszecsapasra\/","name":"Meg\u00e9ri-e fell\u00e1zadni, ha le akarj\u00e1k bontani a h\u00e1zadat? \u2013 p\u00e9ld\u00e1k az emberek \u00e9s v\u00e1llalatok k\u00f6zti \u00f6sszecsap\u00e1sra","isPartOf":{"@id":"https:\/\/liked.hu\/old\/#website"},"datePublished":"2024-03-10T16:57:15+00:00","dateModified":"2024-03-10T16:57:17+00:00","description":"Nem voltak hajland\u00f3k elk\u00f6lt\u00f6zni. \u00af\\_(\u30c4)_\/\u00af","breadcrumb":{"@id":"https:\/\/liked.hu\/old\/erdekes\/megeri-e-fellazadni-ha-le-akarjak-bontani-a-hazadat-peldak-az-emberek-es-vallalatok-kozti-osszecsapasra\/#breadcrumb"},"inLanguage":"hu","potentialAction":[{"@type":"ReadAction","target":["https:\/\/liked.hu\/old\/erdekes\/megeri-e-fellazadni-ha-le-akarjak-bontani-a-hazadat-peldak-az-emberek-es-vallalatok-kozti-osszecsapasra\/"]}]},{"@type":"BreadcrumbList","@id":"https:\/\/liked.hu\/old\/erdekes\/megeri-e-fellazadni-ha-le-akarjak-bontani-a-hazadat-peldak-az-emberek-es-vallalatok-kozti-osszecsapasra\/#breadcrumb","itemListElement":[{"@type":"ListItem","position":1,"name":"Kezd\u0151lap"}]},{"@type":"WebSite","@id":"https:\/\/liked.hu\/old\/#website","url":"https:\/\/liked.hu\/old\/","name":"Liked.hu","description":"","publisher":{"@id":"https:\/\/liked.hu\/old\/#organization"},"potentialAction":[{"@type":"SearchAction","target":{"@type":"EntryPoint","urlTemplate":"https:\/\/liked.hu\/old\/?s={search_term_string}"},"query-input":"required name=search_term_string"}],"inLanguage":"hu"},{"@type":"Organization","@id":"https:\/\/liked.hu\/old\/#organization","name":"Liked.hu","url":"https:\/\/liked.hu\/old\/","sameAs":["https:\/\/hu.pinterest.com\/likedhungary\/","https:\/\/www.youtube.com\/channel\/UCPv91dbMoIukYcM9b9nHN6Q","https:\/\/www.facebook.com\/liked.hu","https:\/\/twitter.com\/LikedHu"],"logo":{"@type":"ImageObject","inLanguage":"hu","@id":"https:\/\/liked.hu\/old\/#\/schema\/logo\/image\/","url":"https:\/\/liked.hu\/wp-content\/uploads\/2018\/08\/Liked-icon.png","contentUrl":"https:\/\/liked.hu\/wp-content\/uploads\/2018\/08\/Liked-icon.png","width":512,"height":512,"caption":"Liked.hu"},"image":{"@id":"https:\/\/liked.hu\/old\/#\/schema\/logo\/image\/"}},{"@type":"Person","@id":"https:\/\/liked.hu\/old\/#\/schema\/person\/eb840c492fdb3076d9c2d140cc634ebb","name":"1mernok","image":{"@type":"ImageObject","inLanguage":"hu","@id":"https:\/\/liked.hu\/old\/#\/schema\/person\/image\/","url":"https:\/\/liked.hu\/old\/wp-content\/uploads\/avatars\/22\/604de6ee60df1-bpfull.jpg","contentUrl":"https:\/\/liked.hu\/old\/wp-content\/uploads\/avatars\/22\/604de6ee60df1-bpfull.jpg","caption":"1mernok"},"sameAs":["https:\/\/www.facebook.com\/profile.php?id=100069488029999"],"url":"https:\/\/liked.hu\/old\/u\/1mernok\/"}]}},"publishpress_future_action":{"enabled":false,"date":"1970-01-01 01:00:00","action":"","terms":[],"taxonomy":"","browser_timezone_offset":0},"_links":{"self":[{"href":"https:\/\/liked.hu\/old\/wp-json\/wp\/v2\/posts\/325752"}],"collection":[{"href":"https:\/\/liked.hu\/old\/wp-json\/wp\/v2\/posts"}],"about":[{"href":"https:\/\/liked.hu\/old\/wp-json\/wp\/v2\/types\/post"}],"author":[{"embeddable":true,"href":"https:\/\/liked.hu\/old\/wp-json\/wp\/v2\/users\/22"}],"replies":[{"embeddable":true,"href":"https:\/\/liked.hu\/old\/wp-json\/wp\/v2\/comments?post=325752"}],"version-history":[{"count":0,"href":"https:\/\/liked.hu\/old\/wp-json\/wp\/v2\/posts\/325752\/revisions"}],"wp:featuredmedia":[{"embeddable":true,"href":"https:\/\/liked.hu\/old\/wp-json\/wp\/v2\/media\/325769"}],"wp:attachment":[{"href":"https:\/\/liked.hu\/old\/wp-json\/wp\/v2\/media?parent=325752"}],"wp:term":[{"taxonomy":"category","embeddable":true,"href":"https:\/\/liked.hu\/old\/wp-json\/wp\/v2\/categories?post=325752"},{"taxonomy":"post_tag","embeddable":true,"href":"https:\/\/liked.hu\/old\/wp-json\/wp\/v2\/tags?post=325752"}],"curies":[{"name":"wp","href":"https:\/\/api.w.org\/{rel}","templated":true}]}}