{"id":325161,"date":"2024-03-07T20:37:20","date_gmt":"2024-03-07T19:37:20","guid":{"rendered":"https:\/\/liked.hu\/old\/?p=325161"},"modified":"2024-03-07T20:37:23","modified_gmt":"2024-03-07T19:37:23","slug":"18-alkalom-amikor-az-emberek-olyan-kozel-kerultek-a-katasztrofahoz-hogy-elkezdtek-hinni-az-orangyalokban","status":"publish","type":"post","link":"https:\/\/liked.hu\/old\/internetes-dolgok\/18-alkalom-amikor-az-emberek-olyan-kozel-kerultek-a-katasztrofahoz-hogy-elkezdtek-hinni-az-orangyalokban\/","title":{"rendered":"18 alkalom, amikor az emberek olyan k\u00f6zel ker\u00fcltek a katasztr\u00f3f\u00e1hoz, hogy elkezdtek hinni az \u0151rangyalokban"},"content":{"rendered":"\n<p>A vil\u00e1g vesz\u00e9lyes hely. Naponta t\u00f6rt\u00e9nnek balesetek, ez az \u00e9let r\u00e9sze. Mindenkinek meg kell tanulnia biztons\u00e1gosan, de m\u00e9gis f\u00e9lelem n\u00e9lk\u00fcl \u00e9lni az \u00e9let\u00e9t, minimaliz\u00e1lva a lehets\u00e9ges kock\u00e1zatokat.<\/p>\n\n\n\n\n<div style=\"float:none;margin:0px 0 0px 0;text-align:center;\">\n<div class=\"mobileShowkakettes\"><div class=\"mobileShowka2\"><div style=\"padding-top:0px;padding-bottom:15px;min-height: 300px;\"><div class=\"hirdetes\">HIRDET\u00c9S<\/div>\n<!-- 300lista -->\n<ins class=\"adsbygoogle\"\n     style=\"display:inline-block;width:300px;height:250px\"\n     data-ad-client=\"ca-pub-9424088931673893\"\n     data-ad-slot=\"8471340766\"><\/ins>\n<script async>\n     (adsbygoogle = window.adsbygoogle || []).push({});\n<\/script><\/div><\/div><\/div><\/div>\n\n\n\n\n<p>K\u00fcl\u00f6nben az ember az eg\u00e9sz \u00e9let\u00e9t a szob\u00e1j\u00e1ban t\u00f6ltheti, f\u00e9lve kimenni a h\u00e1zb\u00f3l, vagy ak\u00e1r f\u00fcr\u00f6dni is, hiszen ott is meglehet cs\u00faszni. Mai gy\u0171jtem\u00e9ny\u00fcnk h\u0151sei a saj\u00e1t b\u0151r\u00fck\u00f6n tapasztalt\u00e1k meg, hogy b\u00e1rmennyire is pr\u00f3b\u00e1lnak vigy\u00e1zni, olykor \u0151rangyalokra is sz\u00fcks\u00e9g van ahhoz, hogy elker\u00fclj\u00e9k a katasztr\u00f3f\u00e1t.<\/p>\n\n\n\n<div class=\"wp-block-buzzeditor-list be-list be-list-type-asc be-list-number-style-none\">\n<div class=\"wp-block-buzzeditor-list-item\"><h3 class=\"be-list-item-title\"><span style=\"color:;background-color:;border-color:\" class=\"be-list-item-number\">1<\/span> <span style=\"color:;background-color:;border-color:\" class=\"be-list-item-text\">\u0150 itt Jeremiah. Jeremiah v\u00e9d\u0151szem\u00fcveget viselt munka k\u00f6zben. Jeremiahnak m\u00e9g mindig megvan a jobb szeme. L\u00e9gy olyan, mint Jeremiah.<\/span><\/h3>\n<figure class=\"wp-block-image size-full\"><img loading=\"lazy\" width=\"701\" height=\"620\" src=\"https:\/\/liked.hu\/old\/wp-content\/uploads\/2024\/03\/Orangyalos-fotok-020.webp\" alt=\"\u0150rangyalos fot\u00f3k 020\" class=\"wp-image-325182\"\/><\/figure>\n\n\n\n<figure class=\"wp-block-image size-full\"><img loading=\"lazy\" width=\"700\" height=\"604\" src=\"https:\/\/liked.hu\/old\/wp-content\/uploads\/2024\/03\/Orangyalos-fotok-019.webp\" alt=\"\u0150rangyalos fot\u00f3k 019\" class=\"wp-image-325181\"\/><\/figure>\n\n\n\n<figure class=\"wp-block-image size-full\"><img loading=\"lazy\" width=\"700\" height=\"564\" src=\"https:\/\/liked.hu\/old\/wp-content\/uploads\/2024\/03\/Orangyalos-fotok-018.webp\" alt=\"\u0150rangyalos fot\u00f3k 018\" class=\"wp-image-325180\"\/><\/figure>\n\n\n\n<p><\/p>\n<\/div>\n\n\n\n<div class=\"wp-block-buzzeditor-list-item\"><h3 class=\"be-list-item-title\"><span style=\"color:;background-color:;border-color:\" class=\"be-list-item-number\">2<\/span> <span style=\"color:;background-color:;border-color:\" class=\"be-list-item-text\">Nem \u00e1llt meg id\u0151ben egy villamos Hollandi\u00e1ban, \u00e9s neki\u00fctk\u00f6z\u00f6tt a v\u00e9szkorl\u00e1tnak.\u00a0Egy b\u00e1lnafark alak\u00fa szobor tartotta meg att\u00f3l, hogy lezuhanjon.<\/span><\/h3>\n<figure class=\"wp-block-image size-full\"><img loading=\"lazy\" width=\"700\" height=\"437\" src=\"https:\/\/liked.hu\/old\/wp-content\/uploads\/2024\/03\/Orangyalos-fotok-017.webp\" alt=\"\u0150rangyalos fot\u00f3k 017\" class=\"wp-image-325179\"\/><\/figure>\n\n\n\n\n<div style=\"float:none;margin:0px 0 0px 0;text-align:center;\">\n<div class=\"mobileHideke5\"><div style=\"margin-top:25px;\"><div class=\"hirdeteshatter\"><div style=\"display: inline-block;width: 50%;min-width:305px;vertical-align: top;\"><div class=\"hirdetes\">HIRDET\u00c9S<\/div>\n<!-- LikedQ51 -->\n<ins class=\"adsbygoogle\"\n     style=\"display:inline-block;width:300px;height:250px\"\n     data-ad-client=\"ca-pub-9424088931673893\"\n     data-ad-slot=\"8284063326\"><\/ins>\n<script async>\n     (adsbygoogle = window.adsbygoogle || []).push({});\n<\/script><\/div><div style=\"display: inline-block;width: 50%;min-width:305px;vertical-align: top;\"><div class=\"hirdetes\">HIRDET\u00c9S<\/div>\n<!-- LikedQ52 -->\n<ins class=\"adsbygoogle\"\n     style=\"display:inline-block;width:300px;height:250px\"\n     data-ad-client=\"ca-pub-9424088931673893\"\n     data-ad-slot=\"2840164950\"><\/ins>\n<script async>\n     (adsbygoogle = window.adsbygoogle || []).push({});\n<\/script><\/div><\/div><\/div><\/div>\n<div style=\"display:flex;flex-direction:column;\"><div class=\"mobileShowka5\"><div style=\"padding-top:10px;padding-bottom:10px;min-height: 300px;\"><div class=\"hirdetes\">HIRDET\u00c9S<\/div>\n<!-- LikedQ5M -->\n<ins class=\"adsbygoogle\"\n     style=\"display:inline-block;width:300px;height:250px\"\n     data-ad-client=\"ca-pub-9424088931673893\"\n     data-ad-slot=\"9022429928\"><\/ins>\n<script async>\n     (adsbygoogle = window.adsbygoogle || []).push({});\n<\/script><\/div><\/div><\/div><\/div>\n\n<\/div>\n\n\n\n<div class=\"wp-block-buzzeditor-list-item\"><h3 class=\"be-list-item-title\"><span style=\"color:;background-color:;border-color:\" class=\"be-list-item-number\">3<\/span> <span style=\"color:;background-color:;border-color:\" class=\"be-list-item-text\">,,Ezek az \u00e9rm\u00e9k meg\u00e1ll\u00edtottak egy goly\u00f3t, \u00e9s megmentett\u00e9k d\u00e9dnagyap\u00e1m \u00e9let\u00e9t az els\u0151 vil\u00e1gh\u00e1bor\u00fa alatt. Ha nincsenek, val\u00f3sz\u00edn\u0171leg \u00e9n se lenn\u00e9k.&#8221;<\/span><\/h3>\n<figure class=\"wp-block-image size-full\"><img loading=\"lazy\" width=\"700\" height=\"934\" src=\"https:\/\/liked.hu\/old\/wp-content\/uploads\/2024\/03\/Orangyalos-fotok-016.webp\" alt=\"\u0150rangyalos fot\u00f3k 016\" class=\"wp-image-325178\"\/><\/figure>\n\n\n\n<p><\/p>\n<\/div>\n\n\n\n<div class=\"wp-block-buzzeditor-list-item\"><h3 class=\"be-list-item-title\"><span style=\"color:;background-color:;border-color:\" class=\"be-list-item-number\">4<\/span> <span style=\"color:;background-color:;border-color:\" class=\"be-list-item-text\">,,M\u00e1sodpercekre voltunk att\u00f3l, hogy elvesz\u00edts\u00fck otthonunkat a boz\u00f3tt\u00fczek miatt. K\u00f6sz\u00f6net a t\u0171zolt\u00f3knak, akik megmentett\u00e9k a k\u00f6rny\u00e9k\u00fcnket.&#8221;<\/span><\/h3>\n<figure class=\"wp-block-image size-full\"><img loading=\"lazy\" width=\"700\" height=\"525\" src=\"https:\/\/liked.hu\/old\/wp-content\/uploads\/2024\/03\/Orangyalos-fotok-015.webp\" alt=\"\u0150rangyalos fot\u00f3k 015\" class=\"wp-image-325177\"\/><\/figure>\n\n\n\n<p><\/p>\n<\/div>\n\n\n\n<div class=\"wp-block-buzzeditor-list-item\"><h3 class=\"be-list-item-title\"><span style=\"color:;background-color:;border-color:\" class=\"be-list-item-number\">5<\/span> <span style=\"color:;background-color:;border-color:\" class=\"be-list-item-text\">,,Ez\u00e9rt kell buk\u00f3sisakot viselni motoroz\u00e1s k\u00f6zben. A bar\u00e1tomat el\u00fct\u00f6tte egy sof\u0151r, aki \u00e1thajtott a piroson. Ha nem lett volna sisak, nem lenne als\u00f3 \u00e1llkapcsa.&#8221;<\/span><\/h3>\n<figure class=\"wp-block-image size-full\"><img loading=\"lazy\" width=\"700\" height=\"807\" src=\"https:\/\/liked.hu\/old\/wp-content\/uploads\/2024\/03\/Orangyalos-fotok-014.webp\" alt=\"\u0150rangyalos fot\u00f3k 014\" class=\"wp-image-325176\"\/><\/figure>\n\n\n\n\n<div style=\"float:none;margin:0px 0 0px 0;text-align:center;\">\n<div class=\"mobileHideke8\"><div style=\"margin-top:25px;\"><div class=\"hirdeteshatter\"><div style=\"display: inline-block;width: 50%;min-width:340px;vertical-align: top;\"><div class=\"hirdetes\">HIRDET\u00c9S<\/div>\n<!-- Liked7Q1 -->\n<ins class=\"adsbygoogle\"\n     style=\"display:inline-block;width:336px;height:280px\"\n     data-ad-client=\"ca-pub-9424088931673893\"\n     data-ad-slot=\"3022062587\"><\/ins>\n<script async>\n     (adsbygoogle = window.adsbygoogle || []).push({});\n<\/script><\/div><div style=\"display: inline-block;width: 50%;min-width:340px;vertical-align: top;\"><div class=\"hirdetes\">HIRDET\u00c9S<\/div>\n<!-- Liked7Q2 -->\n<ins class=\"adsbygoogle\"\n     style=\"display:inline-block;width:336px;height:280px\"\n     data-ad-client=\"ca-pub-9424088931673893\"\n     data-ad-slot=\"3952000871\"><\/ins>\n<script async>\n     (adsbygoogle = window.adsbygoogle || []).push({});\n<\/script><\/div><\/div><\/div><\/div>\n<div style=\"display:flex;flex-direction:column;\"><div class=\"mobileShowka8\"><div style=\"padding-top:15px;margin-bottom:15px;min-height: 300px;\"><div class=\"hirdetes\">HIRDET\u00c9S<\/div>\n<!-- Liked7QMobil -->\n<ins class=\"adsbygoogle\"\n     style=\"display:inline-block;width:336px;height:280px\"\n     data-ad-client=\"ca-pub-9424088931673893\"\n     data-ad-slot=\"5073510857\"><\/ins>\n<script async>\n     (adsbygoogle = window.adsbygoogle || []).push({});\n<\/script><\/div><\/div><\/div><\/div>\n\n<\/div>\n\n\n\n<div class=\"wp-block-buzzeditor-list-item\"><h3 class=\"be-list-item-title\"><span style=\"color:;background-color:;border-color:\" class=\"be-list-item-number\">6<\/span> <span style=\"color:;background-color:;border-color:\" class=\"be-list-item-text\">,,Ez maradt a bar\u00e1tom aut\u00f3j\u00e1b\u00f3l, miut\u00e1n elg\u00e1zolta egy nyerges vontat\u00f3. Az als\u00f3 k\u00e9pen l\u00e1that\u00f3 az egyetlen s\u00e9r\u00fcl\u00e9s, amit szerzett.&#8221;<\/span><\/h3>\n<figure class=\"wp-block-image size-full\"><img loading=\"lazy\" width=\"700\" height=\"1192\" src=\"https:\/\/liked.hu\/old\/wp-content\/uploads\/2024\/03\/Orangyalos-fotok-013.webp\" alt=\"\u0150rangyalos fot\u00f3k 013\" class=\"wp-image-325175\"\/><\/figure>\n\n\n\n<p><\/p>\n<\/div>\n\n\n\n<div class=\"wp-block-buzzeditor-list-item\"><h3 class=\"be-list-item-title\"><span style=\"color:;background-color:;border-color:\" class=\"be-list-item-number\">7<\/span> <span style=\"color:;background-color:;border-color:\" class=\"be-list-item-text\">Ez\u00e9rt viselnek maszkot a kapusok a j\u00e9gkorong meccseken.<\/span><\/h3>\n<figure class=\"wp-block-image size-full\"><img loading=\"lazy\" width=\"700\" height=\"700\" src=\"https:\/\/liked.hu\/old\/wp-content\/uploads\/2024\/03\/Orangyalos-fotok-012.webp\" alt=\"\u0150rangyalos fot\u00f3k 012\" class=\"wp-image-325174\"\/><\/figure>\n\n\n\n<p><\/p>\n<\/div>\n\n\n\n<div class=\"wp-block-buzzeditor-list-item\"><h3 class=\"be-list-item-title\"><span style=\"color:;background-color:;border-color:\" class=\"be-list-item-number\">8<\/span> <span style=\"color:;background-color:;border-color:\" class=\"be-list-item-text\">,,5 percre ugrottam ki a boltba. Amikor visszat\u00e9rtem, ez a l\u00e1tv\u00e1ny fogadott. A szob\u00e1m ablak\u00e1n ment be a h\u00e1zba. Tal\u00e1n fel kellene adnom egy lott\u00f3szelv\u00e9nyt?&#8221;<\/span><\/h3>\n<figure class=\"wp-block-image size-full\"><img loading=\"lazy\" width=\"700\" height=\"769\" src=\"https:\/\/liked.hu\/old\/wp-content\/uploads\/2024\/03\/Orangyalos-fotok-011.webp\" alt=\"\u0150rangyalos fot\u00f3k 011\" class=\"wp-image-325173\"\/><\/figure>\n\n\n\n\n<div style=\"float:none;margin:0px 0 0px 0;text-align:center;\">\n<div class=\"mobileHideke8\"><div class=\"hirdeteshatter\"><div style=\"display: inline-block;width: 50%;min-width:340px;vertical-align: top;\"><div class=\"hirdetes\">HIRDET\u00c9S<\/div>\n<!-- LikedQ81 -->\n<ins class=\"adsbygoogle\"\n     style=\"display:inline-block;width:336px;height:280px\"\n     data-ad-client=\"ca-pub-9424088931673893\"\n     data-ad-slot=\"2436840276\"><\/ins>\n<script async>\n     (adsbygoogle = window.adsbygoogle || []).push({});\n<\/script><\/div><div style=\"display: inline-block;width: 50%;min-width:340px;vertical-align: top;\"><div class=\"hirdetes\">HIRDET\u00c9S<\/div>\n<!-- LikedQ82 -->\n<ins class=\"adsbygoogle\"\n     style=\"display:inline-block;width:336px;height:280px\"\n     data-ad-client=\"ca-pub-9424088931673893\"\n     data-ad-slot=\"3558350253\"><\/ins>\n<script async>\n     (adsbygoogle = window.adsbygoogle || []).push({});\n<\/script><\/div><\/div><\/div>\n<div style=\"display:flex;flex-direction:column;\"><div class=\"mobileShowka8 nyolc\"><div style=\"padding-top:15px;padding-bottom:5px;min-height: 300px;\"><div class=\"hirdetes\">HIRDET\u00c9S<\/div>\n<!-- LikedQ8M -->\n<ins class=\"adsbygoogle\"\n     style=\"display:inline-block;width:336px;height:280px\"\n     data-ad-client=\"ca-pub-9424088931673893\"\n     data-ad-slot=\"4679860235\"><\/ins>\n<script async>\n     (adsbygoogle = window.adsbygoogle || []).push({});\n<\/script><\/div><\/div><\/div><\/div>\n\n<\/div>\n\n\n\n<div class=\"wp-block-buzzeditor-list-item\"><h3 class=\"be-list-item-title\"><span style=\"color:;background-color:;border-color:\" class=\"be-list-item-number\">9<\/span> <span style=\"color:;background-color:;border-color:\" class=\"be-list-item-text\">Most mondd, hogy nincsenek \u0151rangyalok!<\/span><\/h3>\n<figure class=\"wp-block-image size-full\"><img loading=\"lazy\" width=\"700\" height=\"967\" src=\"https:\/\/liked.hu\/old\/wp-content\/uploads\/2024\/03\/Orangyalos-fotok-010.webp\" alt=\"\u0150rangyalos fot\u00f3k 010\" class=\"wp-image-325172\"\/><\/figure>\n\n\n\n<p><\/p>\n<\/div>\n\n\n\n<div class=\"wp-block-buzzeditor-list-item\"><h3 class=\"be-list-item-title\"><span style=\"color:;background-color:;border-color:\" class=\"be-list-item-number\">10<\/span> <span style=\"color:;background-color:;border-color:\" class=\"be-list-item-text\">Az igazat megvallva, ez sokkal rosszabbul is alakulhatott volna.<\/span><\/h3>\n<figure class=\"wp-block-image size-full\"><img loading=\"lazy\" width=\"700\" height=\"525\" src=\"https:\/\/liked.hu\/old\/wp-content\/uploads\/2024\/03\/Orangyalos-fotok-009.webp\" alt=\"\u0150rangyalos fot\u00f3k 009\" class=\"wp-image-325171\"\/><\/figure>\n\n\n\n<p><\/p>\n<\/div>\n\n\n\n<!--nextpage-->\n\n\n\n<div class=\"wp-block-buzzeditor-list-item\"><h3 class=\"be-list-item-title\"><span style=\"color:;background-color:;border-color:\" class=\"be-list-item-number\">11<\/span> <span style=\"color:;background-color:;border-color:\" class=\"be-list-item-text\">,,A sz\u00e9keken \u00fclt\u00fcnk, cigizt\u00fcnk, besz\u00e9lgett\u00fcnk, nevett\u00fcnk. Majd egyszer csak mell\u00e9nk esett egy aut\u00f3. Egyik\u00fcnknek sem esett baja.&#8221;<\/span><\/h3>\n<figure class=\"wp-block-image size-full\"><img loading=\"lazy\" width=\"700\" height=\"890\" src=\"https:\/\/liked.hu\/old\/wp-content\/uploads\/2024\/03\/Orangyalos-fotok-008.webp\" alt=\"\u0150rangyalos fot\u00f3k 008\" class=\"wp-image-325170\"\/><\/figure>\n\n\n\n<p><\/p>\n<\/div>\n\n\n\n<div class=\"wp-block-buzzeditor-list-item\"><h3 class=\"be-list-item-title\"><span style=\"color:;background-color:;border-color:\" class=\"be-list-item-number\">12<\/span> <span style=\"color:;background-color:;border-color:\" class=\"be-list-item-text\">Ez az igazi szerencse: a ker\u00e9k nem lyukadt ki, \u00e9s lett egy \u00faj talizm\u00e1nja.<\/span><\/h3>\n<figure class=\"wp-block-image size-full\"><img loading=\"lazy\" width=\"700\" height=\"324\" src=\"https:\/\/liked.hu\/old\/wp-content\/uploads\/2024\/03\/Orangyalos-fotok-007.webp\" alt=\"\u0150rangyalos fot\u00f3k 007\" class=\"wp-image-325169\"\/><\/figure>\n\n\n\n<p><\/p>\n<\/div>\n\n\n\n<div class=\"wp-block-buzzeditor-list-item\"><h3 class=\"be-list-item-title\"><span style=\"color:;background-color:;border-color:\" class=\"be-list-item-number\">13<\/span> <span style=\"color:;background-color:;border-color:\" class=\"be-list-item-text\">,,Elejtettem a kulcsaimat, amikor kisz\u00e1lltam a liftb\u0151l.&#8221;<\/span><\/h3>\n<figure class=\"wp-block-image size-full\"><img loading=\"lazy\" width=\"700\" height=\"753\" src=\"https:\/\/liked.hu\/old\/wp-content\/uploads\/2024\/03\/Orangyalos-fotok-006.webp\" alt=\"\u0150rangyalos fot\u00f3k 006\" class=\"wp-image-325168\"\/><\/figure>\n\n\n\n\n<div style=\"float:none;margin:0px 0 0px 0;text-align:center;\">\n<div class=\"mobileHideke5\"><div style=\"margin-top:25px;\"><div class=\"hirdeteshatter\"><div style=\"display: inline-block;width: 50%;min-width:305px;vertical-align: top;\"><div class=\"hirdetes\">HIRDET\u00c9S<\/div>\n<!-- LikedQ51 -->\n<ins class=\"adsbygoogle\"\n     style=\"display:inline-block;width:300px;height:250px\"\n     data-ad-client=\"ca-pub-9424088931673893\"\n     data-ad-slot=\"8284063326\"><\/ins>\n<script async>\n     (adsbygoogle = window.adsbygoogle || []).push({});\n<\/script><\/div><div style=\"display: inline-block;width: 50%;min-width:305px;vertical-align: top;\"><div class=\"hirdetes\">HIRDET\u00c9S<\/div>\n<!-- LikedQ52 -->\n<ins class=\"adsbygoogle\"\n     style=\"display:inline-block;width:300px;height:250px\"\n     data-ad-client=\"ca-pub-9424088931673893\"\n     data-ad-slot=\"2840164950\"><\/ins>\n<script async>\n     (adsbygoogle = window.adsbygoogle || []).push({});\n<\/script><\/div><\/div><\/div><\/div>\n<div style=\"display:flex;flex-direction:column;\"><div class=\"mobileShowka5\"><div style=\"padding-top:10px;padding-bottom:10px;min-height: 300px;\"><div class=\"hirdetes\">HIRDET\u00c9S<\/div>\n<!-- LikedQ5M -->\n<ins class=\"adsbygoogle\"\n     style=\"display:inline-block;width:300px;height:250px\"\n     data-ad-client=\"ca-pub-9424088931673893\"\n     data-ad-slot=\"9022429928\"><\/ins>\n<script async>\n     (adsbygoogle = window.adsbygoogle || []).push({});\n<\/script><\/div><\/div><\/div><\/div>\n\n<\/div>\n\n\n\n<div class=\"wp-block-buzzeditor-list-item\"><h3 class=\"be-list-item-title\"><span style=\"color:;background-color:;border-color:\" class=\"be-list-item-number\">14<\/span> <span style=\"color:;background-color:;border-color:\" class=\"be-list-item-text\">,,Ez a valami felpattant a bal s\u00e1vb\u00f3l \u00e9s kereszt\u00fcl ment a sz\u00e9lv\u00e9d\u0151m\u00f6n.&#8221;<\/span><\/h3>\n<figure class=\"wp-block-image size-full\"><img loading=\"lazy\" width=\"676\" height=\"1200\" src=\"https:\/\/liked.hu\/old\/wp-content\/uploads\/2024\/03\/Orangyalos-fotok-005.webp\" alt=\"\u0150rangyalos fot\u00f3k 005\" class=\"wp-image-325167\"\/><\/figure>\n\n\n\n<p><\/p>\n<\/div>\n\n\n\n<div class=\"wp-block-buzzeditor-list-item\"><h3 class=\"be-list-item-title\"><span style=\"color:;background-color:;border-color:\" class=\"be-list-item-number\">15<\/span> <span style=\"color:;background-color:;border-color:\" class=\"be-list-item-text\">Ennek a f\u00e9rfinak a telefonj\u00e1t egy ny\u00edl sz\u00farta \u00e1t, mik\u00f6zben vide\u00f3zott egy sr\u00e1cot, aki \u00edjjal j\u00e1tszott.&#8221;<\/span><\/h3>\n<figure class=\"wp-block-image size-full\"><img loading=\"lazy\" width=\"700\" height=\"525\" src=\"https:\/\/liked.hu\/old\/wp-content\/uploads\/2024\/03\/Orangyalos-fotok-004.webp\" alt=\"\u0150rangyalos fot\u00f3k 004\" class=\"wp-image-325166\"\/><\/figure>\n\n\n\n<p><\/p>\n<\/div>\n\n\n\n<div class=\"wp-block-buzzeditor-list-item\"><h3 class=\"be-list-item-title\"><span style=\"color:;background-color:;border-color:\" class=\"be-list-item-number\">16<\/span> <span style=\"color:;background-color:;border-color:\" class=\"be-list-item-text\">Egy b\u00fav\u00e1r egy elveszett jegygy\u0171r\u0171t tal\u00e1lt egy Norfolk-sziget melletti m\u00e1rn\u00e1n.<\/span><\/h3>\n<figure class=\"wp-block-image size-full\"><img loading=\"lazy\" width=\"700\" height=\"700\" src=\"https:\/\/liked.hu\/old\/wp-content\/uploads\/2024\/03\/Orangyalos-fotok-003.webp\" alt=\"\u0150rangyalos fot\u00f3k 003\" class=\"wp-image-325165\"\/><\/figure>\n\n\n\n\n<div style=\"float:none;margin:0px 0 0px 0;text-align:center;\">\n<div class=\"mobileHideke8\"><div class=\"hirdeteshatter\"><div style=\"display: inline-block;width: 50%;min-width:340px;vertical-align: top;\"><div class=\"hirdetes\">HIRDET\u00c9S<\/div>\n<!-- LikedQ81 -->\n<ins class=\"adsbygoogle\"\n     style=\"display:inline-block;width:336px;height:280px\"\n     data-ad-client=\"ca-pub-9424088931673893\"\n     data-ad-slot=\"2436840276\"><\/ins>\n<script async>\n     (adsbygoogle = window.adsbygoogle || []).push({});\n<\/script><\/div><div style=\"display: inline-block;width: 50%;min-width:340px;vertical-align: top;\"><div class=\"hirdetes\">HIRDET\u00c9S<\/div>\n<!-- LikedQ82 -->\n<ins class=\"adsbygoogle\"\n     style=\"display:inline-block;width:336px;height:280px\"\n     data-ad-client=\"ca-pub-9424088931673893\"\n     data-ad-slot=\"3558350253\"><\/ins>\n<script async>\n     (adsbygoogle = window.adsbygoogle || []).push({});\n<\/script><\/div><\/div><\/div>\n<div style=\"display:flex;flex-direction:column;\"><div class=\"mobileShowka8 nyolc\"><div style=\"padding-top:15px;padding-bottom:5px;min-height: 300px;\"><div class=\"hirdetes\">HIRDET\u00c9S<\/div>\n<!-- LikedQ8M -->\n<ins class=\"adsbygoogle\"\n     style=\"display:inline-block;width:336px;height:280px\"\n     data-ad-client=\"ca-pub-9424088931673893\"\n     data-ad-slot=\"4679860235\"><\/ins>\n<script async>\n     (adsbygoogle = window.adsbygoogle || []).push({});\n<\/script><\/div><\/div><\/div><\/div>\n\n<\/div>\n\n\n\n<div class=\"wp-block-buzzeditor-list-item\"><h3 class=\"be-list-item-title\"><span style=\"color:;background-color:;border-color:\" class=\"be-list-item-number\">17<\/span> <span style=\"color:;background-color:;border-color:\" class=\"be-list-item-text\">Ez nagyon k\u00f6zel volt, de b\u00e1rmilyen hihetetlen is, nem esett baja.<\/span><\/h3>\n<figure class=\"wp-block-image size-full\"><img loading=\"lazy\" width=\"700\" height=\"680\" src=\"https:\/\/liked.hu\/old\/wp-content\/uploads\/2024\/03\/Orangyalos-fotok-002.webp\" alt=\"\u0150rangyalos fot\u00f3k 002\" class=\"wp-image-325164\"\/><\/figure>\n\n\n\n<p><\/p>\n<\/div>\n\n\n\n<div class=\"wp-block-buzzeditor-list-item\"><h3 class=\"be-list-item-title\"><span style=\"color:;background-color:;border-color:\" class=\"be-list-item-number\">18<\/span> <span style=\"color:;background-color:;border-color:\" class=\"be-list-item-text\">,,K\u00f6zel volt, de a keszty\u0171mnek h\u00e1la m\u00e9g csak a b\u0151rt sem szak\u00edtotta fel az ujjaimon.&#8221;<\/span><\/h3>\n<figure class=\"wp-block-image size-full\"><img loading=\"lazy\" width=\"700\" height=\"833\" src=\"https:\/\/liked.hu\/old\/wp-content\/uploads\/2024\/03\/Orangyalos-fotok-001.webp\" alt=\"\u0150rangyalos fot\u00f3k 001\" class=\"wp-image-325163\"\/><\/figure>\n\n\n\n<p class=\"has-text-align-center\"><strong>Veled t\u00f6rt\u00e9nt m\u00e1r olyan, amikor nagyon kicsi v\u00e1lasztott el egy balesett\u0151l vagy kellemetlens\u00e9gt\u0151l?<\/strong><\/p>\n<\/div>\n<\/div>\n","protected":false},"excerpt":{"rendered":"<p>Ez t\u00e9nyleg csak centiken m\u00falott.<\/p>\n","protected":false},"author":5,"featured_media":325162,"comment_status":"open","ping_status":"closed","sticky":false,"template":"","format":"standard","meta":{"buzzeditor_post_format":""},"categories":[9578],"tags":[241,623,2406],"yoast_head":"<!-- This site is optimized with the Yoast SEO plugin v19.6.1 - https:\/\/yoast.com\/wordpress\/plugins\/seo\/ -->\n<title>18 alkalom, amikor az emberek olyan k\u00f6zel ker\u00fcltek a katasztr\u00f3f\u00e1hoz, hogy elkezdtek hinni az \u0151rangyalokban<\/title>\n<meta name=\"description\" content=\"Ez t\u00e9nyleg csak centiken m\u00falott.\" \/>\n<meta name=\"robots\" content=\"index, follow, max-snippet:-1, max-image-preview:large, max-video-preview:-1\" \/>\n<link rel=\"canonical\" href=\"https:\/\/liked.hu\/old\/internetes-dolgok\/18-alkalom-amikor-az-emberek-olyan-kozel-kerultek-a-katasztrofahoz-hogy-elkezdtek-hinni-az-orangyalokban\/\" \/>\n<link rel=\"next\" href=\"https:\/\/liked.hu\/old\/internetes-dolgok\/18-alkalom-amikor-az-emberek-olyan-kozel-kerultek-a-katasztrofahoz-hogy-elkezdtek-hinni-az-orangyalokban\/2\/\" \/>\n<meta property=\"og:locale\" content=\"hu_HU\" \/>\n<meta property=\"og:type\" content=\"article\" \/>\n<meta property=\"og:title\" content=\"18 alkalom, amikor az emberek olyan k\u00f6zel ker\u00fcltek a katasztr\u00f3f\u00e1hoz, hogy elkezdtek hinni az \u0151rangyalokban\" \/>\n<meta property=\"og:description\" content=\"Ez t\u00e9nyleg csak centiken m\u00falott.\" \/>\n<meta property=\"og:url\" content=\"https:\/\/liked.hu\/old\/internetes-dolgok\/18-alkalom-amikor-az-emberek-olyan-kozel-kerultek-a-katasztrofahoz-hogy-elkezdtek-hinni-az-orangyalokban\/\" \/>\n<meta property=\"og:site_name\" content=\"Liked.hu\" \/>\n<meta property=\"article:publisher\" content=\"https:\/\/www.facebook.com\/liked.hu\" \/>\n<meta property=\"article:published_time\" content=\"2024-03-07T19:37:20+00:00\" \/>\n<meta property=\"article:modified_time\" content=\"2024-03-07T19:37:23+00:00\" \/>\n<meta property=\"og:image\" content=\"https:\/\/liked.hu\/old\/wp-content\/uploads\/2024\/03\/Orangyalok.jpg\" \/>\n\t<meta property=\"og:image:width\" content=\"1200\" \/>\n\t<meta property=\"og:image:height\" content=\"630\" \/>\n\t<meta property=\"og:image:type\" content=\"image\/jpeg\" \/>\n<meta name=\"author\" content=\"Sludenkor\" \/>\n<meta name=\"twitter:card\" content=\"summary\" \/>\n<meta name=\"twitter:creator\" content=\"@LikedHu\" \/>\n<meta name=\"twitter:site\" content=\"@LikedHu\" \/>\n<meta name=\"twitter:label1\" content=\"Szerz\u0151:\" \/>\n\t<meta name=\"twitter:data1\" content=\"Sludenkor\" \/>\n\t<meta name=\"twitter:label2\" content=\"Becs\u00fclt olvas\u00e1si id\u0151\" \/>\n\t<meta name=\"twitter:data2\" content=\"3 perc\" \/>\n<script type=\"application\/ld+json\" class=\"yoast-schema-graph\">{\"@context\":\"https:\/\/schema.org\",\"@graph\":[{\"@type\":\"Article\",\"@id\":\"https:\/\/liked.hu\/old\/internetes-dolgok\/18-alkalom-amikor-az-emberek-olyan-kozel-kerultek-a-katasztrofahoz-hogy-elkezdtek-hinni-az-orangyalokban\/#article\",\"isPartOf\":{\"@id\":\"https:\/\/liked.hu\/old\/internetes-dolgok\/18-alkalom-amikor-az-emberek-olyan-kozel-kerultek-a-katasztrofahoz-hogy-elkezdtek-hinni-az-orangyalokban\/\"},\"author\":{\"name\":\"Sludenkor\",\"@id\":\"https:\/\/liked.hu\/old\/#\/schema\/person\/6650f7130e2154421c3a5cae3435b47c\"},\"headline\":\"18 alkalom, amikor az emberek olyan k\u00f6zel ker\u00fcltek a katasztr\u00f3f\u00e1hoz, hogy elkezdtek hinni az \u0151rangyalokban\",\"datePublished\":\"2024-03-07T19:37:20+00:00\",\"dateModified\":\"2024-03-07T19:37:23+00:00\",\"mainEntityOfPage\":{\"@id\":\"https:\/\/liked.hu\/old\/internetes-dolgok\/18-alkalom-amikor-az-emberek-olyan-kozel-kerultek-a-katasztrofahoz-hogy-elkezdtek-hinni-az-orangyalokban\/\"},\"wordCount\":549,\"commentCount\":0,\"publisher\":{\"@id\":\"https:\/\/liked.hu\/old\/#organization\"},\"keywords\":[\"baleset\",\"emberek\",\"szerencse\"],\"articleSection\":[\"Interneten tal\u00e1lt dolgok\"],\"inLanguage\":\"hu\",\"potentialAction\":[{\"@type\":\"CommentAction\",\"name\":\"Comment\",\"target\":[\"https:\/\/liked.hu\/old\/internetes-dolgok\/18-alkalom-amikor-az-emberek-olyan-kozel-kerultek-a-katasztrofahoz-hogy-elkezdtek-hinni-az-orangyalokban\/#respond\"]}]},{\"@type\":\"WebPage\",\"@id\":\"https:\/\/liked.hu\/old\/internetes-dolgok\/18-alkalom-amikor-az-emberek-olyan-kozel-kerultek-a-katasztrofahoz-hogy-elkezdtek-hinni-az-orangyalokban\/\",\"url\":\"https:\/\/liked.hu\/old\/internetes-dolgok\/18-alkalom-amikor-az-emberek-olyan-kozel-kerultek-a-katasztrofahoz-hogy-elkezdtek-hinni-az-orangyalokban\/\",\"name\":\"18 alkalom, amikor az emberek olyan k\u00f6zel ker\u00fcltek a katasztr\u00f3f\u00e1hoz, hogy elkezdtek hinni az \u0151rangyalokban\",\"isPartOf\":{\"@id\":\"https:\/\/liked.hu\/old\/#website\"},\"datePublished\":\"2024-03-07T19:37:20+00:00\",\"dateModified\":\"2024-03-07T19:37:23+00:00\",\"description\":\"Ez t\u00e9nyleg csak centiken m\u00falott.\",\"breadcrumb\":{\"@id\":\"https:\/\/liked.hu\/old\/internetes-dolgok\/18-alkalom-amikor-az-emberek-olyan-kozel-kerultek-a-katasztrofahoz-hogy-elkezdtek-hinni-az-orangyalokban\/#breadcrumb\"},\"inLanguage\":\"hu\",\"potentialAction\":[{\"@type\":\"ReadAction\",\"target\":[\"https:\/\/liked.hu\/old\/internetes-dolgok\/18-alkalom-amikor-az-emberek-olyan-kozel-kerultek-a-katasztrofahoz-hogy-elkezdtek-hinni-az-orangyalokban\/\"]}]},{\"@type\":\"BreadcrumbList\",\"@id\":\"https:\/\/liked.hu\/old\/internetes-dolgok\/18-alkalom-amikor-az-emberek-olyan-kozel-kerultek-a-katasztrofahoz-hogy-elkezdtek-hinni-az-orangyalokban\/#breadcrumb\",\"itemListElement\":[{\"@type\":\"ListItem\",\"position\":1,\"name\":\"Kezd\u0151lap\"}]},{\"@type\":\"WebSite\",\"@id\":\"https:\/\/liked.hu\/old\/#website\",\"url\":\"https:\/\/liked.hu\/old\/\",\"name\":\"Liked.hu\",\"description\":\"\",\"publisher\":{\"@id\":\"https:\/\/liked.hu\/old\/#organization\"},\"potentialAction\":[{\"@type\":\"SearchAction\",\"target\":{\"@type\":\"EntryPoint\",\"urlTemplate\":\"https:\/\/liked.hu\/old\/?s={search_term_string}\"},\"query-input\":\"required name=search_term_string\"}],\"inLanguage\":\"hu\"},{\"@type\":\"Organization\",\"@id\":\"https:\/\/liked.hu\/old\/#organization\",\"name\":\"Liked.hu\",\"url\":\"https:\/\/liked.hu\/old\/\",\"sameAs\":[\"https:\/\/hu.pinterest.com\/likedhungary\/\",\"https:\/\/www.youtube.com\/channel\/UCPv91dbMoIukYcM9b9nHN6Q\",\"https:\/\/www.facebook.com\/liked.hu\",\"https:\/\/twitter.com\/LikedHu\"],\"logo\":{\"@type\":\"ImageObject\",\"inLanguage\":\"hu\",\"@id\":\"https:\/\/liked.hu\/old\/#\/schema\/logo\/image\/\",\"url\":\"https:\/\/liked.hu\/wp-content\/uploads\/2018\/08\/Liked-icon.png\",\"contentUrl\":\"https:\/\/liked.hu\/wp-content\/uploads\/2018\/08\/Liked-icon.png\",\"width\":512,\"height\":512,\"caption\":\"Liked.hu\"},\"image\":{\"@id\":\"https:\/\/liked.hu\/old\/#\/schema\/logo\/image\/\"}},{\"@type\":\"Person\",\"@id\":\"https:\/\/liked.hu\/old\/#\/schema\/person\/6650f7130e2154421c3a5cae3435b47c\",\"name\":\"Sludenkor\",\"image\":{\"@type\":\"ImageObject\",\"inLanguage\":\"hu\",\"@id\":\"https:\/\/liked.hu\/old\/#\/schema\/person\/image\/\",\"url\":\"https:\/\/liked.hu\/old\/wp-content\/uploads\/avatars\/5\/604de86470f75-bpfull.jpg\",\"contentUrl\":\"https:\/\/liked.hu\/old\/wp-content\/uploads\/avatars\/5\/604de86470f75-bpfull.jpg\",\"caption\":\"Sludenkor\"},\"url\":\"https:\/\/liked.hu\/old\/u\/sludenkor\/\"}]}<\/script>\n<!-- \/ Yoast SEO plugin. -->","yoast_head_json":{"title":"18 alkalom, amikor az emberek olyan k\u00f6zel ker\u00fcltek a katasztr\u00f3f\u00e1hoz, hogy elkezdtek hinni az \u0151rangyalokban","description":"Ez t\u00e9nyleg csak centiken m\u00falott.","robots":{"index":"index","follow":"follow","max-snippet":"max-snippet:-1","max-image-preview":"max-image-preview:large","max-video-preview":"max-video-preview:-1"},"canonical":"https:\/\/liked.hu\/old\/internetes-dolgok\/18-alkalom-amikor-az-emberek-olyan-kozel-kerultek-a-katasztrofahoz-hogy-elkezdtek-hinni-az-orangyalokban\/","next":"https:\/\/liked.hu\/old\/internetes-dolgok\/18-alkalom-amikor-az-emberek-olyan-kozel-kerultek-a-katasztrofahoz-hogy-elkezdtek-hinni-az-orangyalokban\/2\/","og_locale":"hu_HU","og_type":"article","og_title":"18 alkalom, amikor az emberek olyan k\u00f6zel ker\u00fcltek a katasztr\u00f3f\u00e1hoz, hogy elkezdtek hinni az \u0151rangyalokban","og_description":"Ez t\u00e9nyleg csak centiken m\u00falott.","og_url":"https:\/\/liked.hu\/old\/internetes-dolgok\/18-alkalom-amikor-az-emberek-olyan-kozel-kerultek-a-katasztrofahoz-hogy-elkezdtek-hinni-az-orangyalokban\/","og_site_name":"Liked.hu","article_publisher":"https:\/\/www.facebook.com\/liked.hu","article_published_time":"2024-03-07T19:37:20+00:00","article_modified_time":"2024-03-07T19:37:23+00:00","og_image":[{"width":1200,"height":630,"url":"https:\/\/liked.hu\/old\/wp-content\/uploads\/2024\/03\/Orangyalok.jpg","type":"image\/jpeg"}],"author":"Sludenkor","twitter_card":"summary","twitter_creator":"@LikedHu","twitter_site":"@LikedHu","twitter_misc":{"Szerz\u0151:":"Sludenkor","Becs\u00fclt olvas\u00e1si id\u0151":"3 perc"},"schema":{"@context":"https:\/\/schema.org","@graph":[{"@type":"Article","@id":"https:\/\/liked.hu\/old\/internetes-dolgok\/18-alkalom-amikor-az-emberek-olyan-kozel-kerultek-a-katasztrofahoz-hogy-elkezdtek-hinni-az-orangyalokban\/#article","isPartOf":{"@id":"https:\/\/liked.hu\/old\/internetes-dolgok\/18-alkalom-amikor-az-emberek-olyan-kozel-kerultek-a-katasztrofahoz-hogy-elkezdtek-hinni-az-orangyalokban\/"},"author":{"name":"Sludenkor","@id":"https:\/\/liked.hu\/old\/#\/schema\/person\/6650f7130e2154421c3a5cae3435b47c"},"headline":"18 alkalom, amikor az emberek olyan k\u00f6zel ker\u00fcltek a katasztr\u00f3f\u00e1hoz, hogy elkezdtek hinni az \u0151rangyalokban","datePublished":"2024-03-07T19:37:20+00:00","dateModified":"2024-03-07T19:37:23+00:00","mainEntityOfPage":{"@id":"https:\/\/liked.hu\/old\/internetes-dolgok\/18-alkalom-amikor-az-emberek-olyan-kozel-kerultek-a-katasztrofahoz-hogy-elkezdtek-hinni-az-orangyalokban\/"},"wordCount":549,"commentCount":0,"publisher":{"@id":"https:\/\/liked.hu\/old\/#organization"},"keywords":["baleset","emberek","szerencse"],"articleSection":["Interneten tal\u00e1lt dolgok"],"inLanguage":"hu","potentialAction":[{"@type":"CommentAction","name":"Comment","target":["https:\/\/liked.hu\/old\/internetes-dolgok\/18-alkalom-amikor-az-emberek-olyan-kozel-kerultek-a-katasztrofahoz-hogy-elkezdtek-hinni-az-orangyalokban\/#respond"]}]},{"@type":"WebPage","@id":"https:\/\/liked.hu\/old\/internetes-dolgok\/18-alkalom-amikor-az-emberek-olyan-kozel-kerultek-a-katasztrofahoz-hogy-elkezdtek-hinni-az-orangyalokban\/","url":"https:\/\/liked.hu\/old\/internetes-dolgok\/18-alkalom-amikor-az-emberek-olyan-kozel-kerultek-a-katasztrofahoz-hogy-elkezdtek-hinni-az-orangyalokban\/","name":"18 alkalom, amikor az emberek olyan k\u00f6zel ker\u00fcltek a katasztr\u00f3f\u00e1hoz, hogy elkezdtek hinni az \u0151rangyalokban","isPartOf":{"@id":"https:\/\/liked.hu\/old\/#website"},"datePublished":"2024-03-07T19:37:20+00:00","dateModified":"2024-03-07T19:37:23+00:00","description":"Ez t\u00e9nyleg csak centiken m\u00falott.","breadcrumb":{"@id":"https:\/\/liked.hu\/old\/internetes-dolgok\/18-alkalom-amikor-az-emberek-olyan-kozel-kerultek-a-katasztrofahoz-hogy-elkezdtek-hinni-az-orangyalokban\/#breadcrumb"},"inLanguage":"hu","potentialAction":[{"@type":"ReadAction","target":["https:\/\/liked.hu\/old\/internetes-dolgok\/18-alkalom-amikor-az-emberek-olyan-kozel-kerultek-a-katasztrofahoz-hogy-elkezdtek-hinni-az-orangyalokban\/"]}]},{"@type":"BreadcrumbList","@id":"https:\/\/liked.hu\/old\/internetes-dolgok\/18-alkalom-amikor-az-emberek-olyan-kozel-kerultek-a-katasztrofahoz-hogy-elkezdtek-hinni-az-orangyalokban\/#breadcrumb","itemListElement":[{"@type":"ListItem","position":1,"name":"Kezd\u0151lap"}]},{"@type":"WebSite","@id":"https:\/\/liked.hu\/old\/#website","url":"https:\/\/liked.hu\/old\/","name":"Liked.hu","description":"","publisher":{"@id":"https:\/\/liked.hu\/old\/#organization"},"potentialAction":[{"@type":"SearchAction","target":{"@type":"EntryPoint","urlTemplate":"https:\/\/liked.hu\/old\/?s={search_term_string}"},"query-input":"required name=search_term_string"}],"inLanguage":"hu"},{"@type":"Organization","@id":"https:\/\/liked.hu\/old\/#organization","name":"Liked.hu","url":"https:\/\/liked.hu\/old\/","sameAs":["https:\/\/hu.pinterest.com\/likedhungary\/","https:\/\/www.youtube.com\/channel\/UCPv91dbMoIukYcM9b9nHN6Q","https:\/\/www.facebook.com\/liked.hu","https:\/\/twitter.com\/LikedHu"],"logo":{"@type":"ImageObject","inLanguage":"hu","@id":"https:\/\/liked.hu\/old\/#\/schema\/logo\/image\/","url":"https:\/\/liked.hu\/wp-content\/uploads\/2018\/08\/Liked-icon.png","contentUrl":"https:\/\/liked.hu\/wp-content\/uploads\/2018\/08\/Liked-icon.png","width":512,"height":512,"caption":"Liked.hu"},"image":{"@id":"https:\/\/liked.hu\/old\/#\/schema\/logo\/image\/"}},{"@type":"Person","@id":"https:\/\/liked.hu\/old\/#\/schema\/person\/6650f7130e2154421c3a5cae3435b47c","name":"Sludenkor","image":{"@type":"ImageObject","inLanguage":"hu","@id":"https:\/\/liked.hu\/old\/#\/schema\/person\/image\/","url":"https:\/\/liked.hu\/old\/wp-content\/uploads\/avatars\/5\/604de86470f75-bpfull.jpg","contentUrl":"https:\/\/liked.hu\/old\/wp-content\/uploads\/avatars\/5\/604de86470f75-bpfull.jpg","caption":"Sludenkor"},"url":"https:\/\/liked.hu\/old\/u\/sludenkor\/"}]}},"publishpress_future_action":{"enabled":false,"date":"1970-01-01 01:00:00","action":"","terms":[],"taxonomy":"","browser_timezone_offset":0},"_links":{"self":[{"href":"https:\/\/liked.hu\/old\/wp-json\/wp\/v2\/posts\/325161"}],"collection":[{"href":"https:\/\/liked.hu\/old\/wp-json\/wp\/v2\/posts"}],"about":[{"href":"https:\/\/liked.hu\/old\/wp-json\/wp\/v2\/types\/post"}],"author":[{"embeddable":true,"href":"https:\/\/liked.hu\/old\/wp-json\/wp\/v2\/users\/5"}],"replies":[{"embeddable":true,"href":"https:\/\/liked.hu\/old\/wp-json\/wp\/v2\/comments?post=325161"}],"version-history":[{"count":0,"href":"https:\/\/liked.hu\/old\/wp-json\/wp\/v2\/posts\/325161\/revisions"}],"wp:featuredmedia":[{"embeddable":true,"href":"https:\/\/liked.hu\/old\/wp-json\/wp\/v2\/media\/325162"}],"wp:attachment":[{"href":"https:\/\/liked.hu\/old\/wp-json\/wp\/v2\/media?parent=325161"}],"wp:term":[{"taxonomy":"category","embeddable":true,"href":"https:\/\/liked.hu\/old\/wp-json\/wp\/v2\/categories?post=325161"},{"taxonomy":"post_tag","embeddable":true,"href":"https:\/\/liked.hu\/old\/wp-json\/wp\/v2\/tags?post=325161"}],"curies":[{"name":"wp","href":"https:\/\/api.w.org\/{rel}","templated":true}]}}