{"id":324809,"date":"2024-03-06T15:27:13","date_gmt":"2024-03-06T14:27:13","guid":{"rendered":"https:\/\/liked.hu\/old\/?p=324809"},"modified":"2024-03-06T15:27:16","modified_gmt":"2024-03-06T14:27:16","slug":"14-alkalom-amikor-a-feledekenyseg-vicces-kovetkezmenyekkel-jart","status":"publish","type":"post","link":"https:\/\/liked.hu\/old\/internetes-dolgok\/14-alkalom-amikor-a-feledekenyseg-vicces-kovetkezmenyekkel-jart\/","title":{"rendered":"14 alkalom, amikor a feled\u00e9kenys\u00e9g vicces k\u00f6vetkezm\u00e9nyekkel j\u00e1rt"},"content":{"rendered":"\n<p>,,Teljesen elfelejtettem&#8230;&#8221; &#8211; ezzel a mondattal gyakran kezd\u0151dnek vicces t\u00f6rt\u00e9netek, amik tuti bev\u00e9s\u0151dnek az ember eml\u00e9kezet\u00e9be.<\/p>\n\n\n\n\n<div style=\"float:none;margin:0px 0 0px 0;text-align:center;\">\n<div class=\"mobileShowkakettes\"><div class=\"mobileShowka2\"><div style=\"padding-top:0px;padding-bottom:15px;min-height: 300px;\"><div class=\"hirdetes\">HIRDET\u00c9S<\/div>\n<!-- 300lista -->\n<ins class=\"adsbygoogle\"\n     style=\"display:inline-block;width:300px;height:250px\"\n     data-ad-client=\"ca-pub-9424088931673893\"\n     data-ad-slot=\"8471340766\"><\/ins>\n<script async>\n     (adsbygoogle = window.adsbygoogle || []).push({});\n<\/script><\/div><\/div><\/div><\/div>\n\n\n\n\n<p>Lehetetlen mindent megjegyezni. Hi\u00e1ba eddz\u00fck a mem\u00f3ri\u00e1nkat olvas\u00e1ssal, a tanultak memoriz\u00e1l\u00e1s\u00e1val, az agyunk \u00fagy van beprogramozva, hogy id\u0151vel elt\u00e1vol\u00edtja a felesleges inform\u00e1ci\u00f3kat. Tal\u00e1n a j\u00f6v\u0151ben ez m\u00e1sk\u00e9pp lesz, \u00e9s a lesz\u00e1rmazottaink egy\u00e1ltal\u00e1n nem fognak elfelejteni semmit. De ez m\u00e9g nagyon messze van, \u00e9s addig is el kell fogadnunk, hogy a fej\u00fcnkben l\u00e9v\u0151 merevlemez id\u0151nk\u00e9nt karbantart\u00e1st v\u00e9gez, \u00e9s t\u00f6rli a felesleges f\u00e1jlokat. Azonban n\u00e9ha ez a karbantart\u00e1s a legrosszabbkor j\u00f6n \u00f6ssze, ami vicces helyzetekhez vezethet.<\/p>\n\n\n\n<div class=\"wp-block-buzzeditor-list be-list be-list-type-asc be-list-number-style-none\">\n<div class=\"wp-block-buzzeditor-list-item\"><h3 class=\"be-list-item-title\"><span style=\"color:;background-color:;border-color:\" class=\"be-list-item-number\">1<\/span> <span style=\"color:;background-color:;border-color:\" class=\"be-list-item-text\">,,A f\u0151n\u00f6k elfelejtett sz\u00f3lni, hogy minden irodai alkalmazottnak szabadnapot adott.&#8221;<\/span><\/h3>\n<figure class=\"wp-block-image size-full\"><img loading=\"lazy\" width=\"800\" height=\"600\" src=\"https:\/\/liked.hu\/old\/wp-content\/uploads\/2024\/03\/Vicces-feledekenyseg-014.webp\" alt=\"Vicces feled\u00e9kenys\u00e9g 014\" class=\"wp-image-324823\" srcset=\"https:\/\/liked.hu\/old\/wp-content\/uploads\/2024\/03\/Vicces-feledekenyseg-014.webp 800w, https:\/\/liked.hu\/old\/wp-content\/uploads\/2024\/03\/Vicces-feledekenyseg-014-768x576.webp 768w\" sizes=\"(max-width: 800px) 100vw, 800px\" \/><\/figure>\n\n\n\n<p><\/p>\n<\/div>\n\n\n\n<div class=\"wp-block-buzzeditor-list-item\"><h3 class=\"be-list-item-title\"><span style=\"color:;background-color:;border-color:\" class=\"be-list-item-number\">2<\/span> <span style=\"color:;background-color:;border-color:\" class=\"be-list-item-text\">,,Elrejtettem a joystickokat a gyerekek el\u0151l a s\u00fct\u0151be, \u00e9s teljesen megfeledkeztem r\u00f3luk.&#8221;<\/span><\/h3>\n<figure class=\"wp-block-image size-full\"><img loading=\"lazy\" width=\"800\" height=\"438\" src=\"https:\/\/liked.hu\/old\/wp-content\/uploads\/2024\/03\/Vicces-feledekenyseg-013.webp\" alt=\"Vicces feled\u00e9kenys\u00e9g 013\" class=\"wp-image-324822\" srcset=\"https:\/\/liked.hu\/old\/wp-content\/uploads\/2024\/03\/Vicces-feledekenyseg-013.webp 800w, https:\/\/liked.hu\/old\/wp-content\/uploads\/2024\/03\/Vicces-feledekenyseg-013-768x420.webp 768w\" sizes=\"(max-width: 800px) 100vw, 800px\" \/><\/figure>\n\n\n\n\n<div style=\"float:none;margin:0px 0 0px 0;text-align:center;\">\n<div class=\"mobileHideke5\"><div style=\"margin-top:25px;\"><div class=\"hirdeteshatter\"><div style=\"display: inline-block;width: 50%;min-width:305px;vertical-align: top;\"><div class=\"hirdetes\">HIRDET\u00c9S<\/div>\n<!-- LikedQ51 -->\n<ins class=\"adsbygoogle\"\n     style=\"display:inline-block;width:300px;height:250px\"\n     data-ad-client=\"ca-pub-9424088931673893\"\n     data-ad-slot=\"8284063326\"><\/ins>\n<script async>\n     (adsbygoogle = window.adsbygoogle || []).push({});\n<\/script><\/div><div style=\"display: inline-block;width: 50%;min-width:305px;vertical-align: top;\"><div class=\"hirdetes\">HIRDET\u00c9S<\/div>\n<!-- LikedQ52 -->\n<ins class=\"adsbygoogle\"\n     style=\"display:inline-block;width:300px;height:250px\"\n     data-ad-client=\"ca-pub-9424088931673893\"\n     data-ad-slot=\"2840164950\"><\/ins>\n<script async>\n     (adsbygoogle = window.adsbygoogle || []).push({});\n<\/script><\/div><\/div><\/div><\/div>\n<div style=\"display:flex;flex-direction:column;\"><div class=\"mobileShowka5\"><div style=\"padding-top:10px;padding-bottom:10px;min-height: 300px;\"><div class=\"hirdetes\">HIRDET\u00c9S<\/div>\n<!-- LikedQ5M -->\n<ins class=\"adsbygoogle\"\n     style=\"display:inline-block;width:300px;height:250px\"\n     data-ad-client=\"ca-pub-9424088931673893\"\n     data-ad-slot=\"9022429928\"><\/ins>\n<script async>\n     (adsbygoogle = window.adsbygoogle || []).push({});\n<\/script><\/div><\/div><\/div><\/div>\n\n<\/div>\n\n\n\n<div class=\"wp-block-buzzeditor-list-item\"><h3 class=\"be-list-item-title\"><span style=\"color:;background-color:;border-color:\" class=\"be-list-item-number\">3<\/span> <span style=\"color:;background-color:;border-color:\" class=\"be-list-item-text\">Az egyik sof\u0151r, aki felsz\u00e1llt a kompra, elfelejtette beh\u00fazni a k\u00e9zif\u00e9ket.<\/span><\/h3>\n<figure class=\"wp-block-image size-full\"><img loading=\"lazy\" width=\"800\" height=\"1066\" src=\"https:\/\/liked.hu\/old\/wp-content\/uploads\/2024\/03\/Vicces-feledekenyseg-012.webp\" alt=\"Vicces feled\u00e9kenys\u00e9g 012\" class=\"wp-image-324821\" srcset=\"https:\/\/liked.hu\/old\/wp-content\/uploads\/2024\/03\/Vicces-feledekenyseg-012.webp 800w, https:\/\/liked.hu\/old\/wp-content\/uploads\/2024\/03\/Vicces-feledekenyseg-012-768x1023.webp 768w\" sizes=\"(max-width: 800px) 100vw, 800px\" \/><\/figure>\n\n\n\n<p><\/p>\n<\/div>\n\n\n\n<div class=\"wp-block-buzzeditor-list-item\"><h3 class=\"be-list-item-title\"><span style=\"color:;background-color:;border-color:\" class=\"be-list-item-number\">4<\/span> <span style=\"color:;background-color:;border-color:\" class=\"be-list-item-text\">Mi\u00e9rt nem szabad elfelejteni becsatolni a biztons\u00e1gi \u00f6vet.<\/span><\/h3>\n<figure class=\"wp-block-image size-full\"><img loading=\"lazy\" width=\"800\" height=\"984\" src=\"https:\/\/liked.hu\/old\/wp-content\/uploads\/2024\/03\/Vicces-feledekenyseg-011.webp\" alt=\"Vicces feled\u00e9kenys\u00e9g 011\" class=\"wp-image-324820\" srcset=\"https:\/\/liked.hu\/old\/wp-content\/uploads\/2024\/03\/Vicces-feledekenyseg-011.webp 800w, https:\/\/liked.hu\/old\/wp-content\/uploads\/2024\/03\/Vicces-feledekenyseg-011-768x945.webp 768w\" sizes=\"(max-width: 800px) 100vw, 800px\" \/><\/figure>\n\n\n\n<p><\/p>\n<\/div>\n\n\n\n<div class=\"wp-block-buzzeditor-list-item\"><h3 class=\"be-list-item-title\"><span style=\"color:;background-color:;border-color:\" class=\"be-list-item-number\">5<\/span> <span style=\"color:;background-color:;border-color:\" class=\"be-list-item-text\">Amikor a Spitzberg\u00e1kon \u00e9lsz, \u00e9s elfelejted becsukni az ablakot \u00e9jszaka az otthoni irod\u00e1dban.<\/span><\/h3>\n<figure class=\"wp-block-image size-full\"><img loading=\"lazy\" width=\"800\" height=\"1066\" src=\"https:\/\/liked.hu\/old\/wp-content\/uploads\/2024\/03\/Vicces-feledekenyseg-010.webp\" alt=\"Vicces feled\u00e9kenys\u00e9g 010\" class=\"wp-image-324819\" srcset=\"https:\/\/liked.hu\/old\/wp-content\/uploads\/2024\/03\/Vicces-feledekenyseg-010.webp 800w, https:\/\/liked.hu\/old\/wp-content\/uploads\/2024\/03\/Vicces-feledekenyseg-010-768x1023.webp 768w\" sizes=\"(max-width: 800px) 100vw, 800px\" \/><\/figure>\n\n\n\n\n<div style=\"float:none;margin:0px 0 0px 0;text-align:center;\">\n<div class=\"mobileHideke8\"><div style=\"margin-top:25px;\"><div class=\"hirdeteshatter\"><div style=\"display: inline-block;width: 50%;min-width:340px;vertical-align: top;\"><div class=\"hirdetes\">HIRDET\u00c9S<\/div>\n<!-- Liked7Q1 -->\n<ins class=\"adsbygoogle\"\n     style=\"display:inline-block;width:336px;height:280px\"\n     data-ad-client=\"ca-pub-9424088931673893\"\n     data-ad-slot=\"3022062587\"><\/ins>\n<script async>\n     (adsbygoogle = window.adsbygoogle || []).push({});\n<\/script><\/div><div style=\"display: inline-block;width: 50%;min-width:340px;vertical-align: top;\"><div class=\"hirdetes\">HIRDET\u00c9S<\/div>\n<!-- Liked7Q2 -->\n<ins class=\"adsbygoogle\"\n     style=\"display:inline-block;width:336px;height:280px\"\n     data-ad-client=\"ca-pub-9424088931673893\"\n     data-ad-slot=\"3952000871\"><\/ins>\n<script async>\n     (adsbygoogle = window.adsbygoogle || []).push({});\n<\/script><\/div><\/div><\/div><\/div>\n<div style=\"display:flex;flex-direction:column;\"><div class=\"mobileShowka8\"><div style=\"padding-top:15px;margin-bottom:15px;min-height: 300px;\"><div class=\"hirdetes\">HIRDET\u00c9S<\/div>\n<!-- Liked7QMobil -->\n<ins class=\"adsbygoogle\"\n     style=\"display:inline-block;width:336px;height:280px\"\n     data-ad-client=\"ca-pub-9424088931673893\"\n     data-ad-slot=\"5073510857\"><\/ins>\n<script async>\n     (adsbygoogle = window.adsbygoogle || []).push({});\n<\/script><\/div><\/div><\/div><\/div>\n\n<\/div>\n\n\n\n<div class=\"wp-block-buzzeditor-list-item\"><h3 class=\"be-list-item-title\"><span style=\"color:;background-color:;border-color:\" class=\"be-list-item-number\">6<\/span> <span style=\"color:;background-color:;border-color:\" class=\"be-list-item-text\">N\u00e9ha egy nyitva felejtett ablak aranyos k\u00f6vetkezm\u00e9nyekkel j\u00e1r: a cica f\u00e1zott, ez\u00e9rt beb\u00fajt a takar\u00f3 al\u00e1.<\/span><\/h3>\n<figure class=\"wp-block-image size-full\"><img loading=\"lazy\" width=\"801\" height=\"755\" src=\"https:\/\/liked.hu\/old\/wp-content\/uploads\/2024\/03\/Vicces-feledekenyseg-009.webp\" alt=\"Vicces feled\u00e9kenys\u00e9g 009\" class=\"wp-image-324818\" srcset=\"https:\/\/liked.hu\/old\/wp-content\/uploads\/2024\/03\/Vicces-feledekenyseg-009.webp 801w, https:\/\/liked.hu\/old\/wp-content\/uploads\/2024\/03\/Vicces-feledekenyseg-009-768x724.webp 768w\" sizes=\"(max-width: 801px) 100vw, 801px\" \/><\/figure>\n\n\n\n<p><\/p>\n<\/div>\n\n\n\n<div class=\"wp-block-buzzeditor-list-item\"><h3 class=\"be-list-item-title\"><span style=\"color:;background-color:;border-color:\" class=\"be-list-item-number\">7<\/span> <span style=\"color:;background-color:;border-color:\" class=\"be-list-item-text\">Sokan f\u00e9lnek att\u00f3l, hogy v\u00e9letlen\u00fcl benne felejtik az AirPod-jukat a ruh\u00e1jukban.<\/span><\/h3>\n<figure class=\"wp-block-image size-full\"><img loading=\"lazy\" width=\"800\" height=\"1066\" src=\"https:\/\/liked.hu\/old\/wp-content\/uploads\/2024\/03\/Vicces-feledekenyseg-008.webp\" alt=\"Vicces feled\u00e9kenys\u00e9g 008\" class=\"wp-image-324817\" srcset=\"https:\/\/liked.hu\/old\/wp-content\/uploads\/2024\/03\/Vicces-feledekenyseg-008.webp 800w, https:\/\/liked.hu\/old\/wp-content\/uploads\/2024\/03\/Vicces-feledekenyseg-008-768x1023.webp 768w\" sizes=\"(max-width: 800px) 100vw, 800px\" \/><\/figure>\n\n\n\n<p><\/p>\n<\/div>\n\n\n\n<!--nextpage-->\n\n\n\n<div class=\"wp-block-buzzeditor-list-item\"><h3 class=\"be-list-item-title\"><span style=\"color:;background-color:;border-color:\" class=\"be-list-item-number\">8<\/span> <span style=\"color:;background-color:;border-color:\" class=\"be-list-item-text\">Amikor azt mondod, hogy a vil\u00e1g k\u00f6r\u00fcl utazol, de elfelejtesz m\u00e1sik ker\u00edt\u00e9st keresni.<\/span><\/h3>\n<figure class=\"wp-block-image size-full\"><img loading=\"lazy\" width=\"800\" height=\"495\" src=\"https:\/\/liked.hu\/old\/wp-content\/uploads\/2024\/03\/Vicces-feledekenyseg-007.webp\" alt=\"Vicces feled\u00e9kenys\u00e9g 007\" class=\"wp-image-324816\" srcset=\"https:\/\/liked.hu\/old\/wp-content\/uploads\/2024\/03\/Vicces-feledekenyseg-007.webp 800w, https:\/\/liked.hu\/old\/wp-content\/uploads\/2024\/03\/Vicces-feledekenyseg-007-768x475.webp 768w\" sizes=\"(max-width: 800px) 100vw, 800px\" \/><\/figure>\n\n\n\n<p><\/p>\n<\/div>\n\n\n\n<div class=\"wp-block-buzzeditor-list-item\"><h3 class=\"be-list-item-title\"><span style=\"color:;background-color:;border-color:\" class=\"be-list-item-number\">9<\/span> <span style=\"color:;background-color:;border-color:\" class=\"be-list-item-text\">A l\u00e1ny \u00fagy d\u00f6nt\u00f6tt, hogy \u00e1trakja a l\u00e9tr\u00e1t, de elfelejtette, hogy egy fest\u00e9kes v\u00f6d\u00f6r van a tetej\u00e9n.<\/span><\/h3>\n<figure class=\"wp-block-image size-full\"><img loading=\"lazy\" width=\"800\" height=\"1066\" src=\"https:\/\/liked.hu\/old\/wp-content\/uploads\/2024\/03\/Vicces-feledekenyseg-006.webp\" alt=\"Vicces feled\u00e9kenys\u00e9g 006\" class=\"wp-image-324815\" srcset=\"https:\/\/liked.hu\/old\/wp-content\/uploads\/2024\/03\/Vicces-feledekenyseg-006.webp 800w, https:\/\/liked.hu\/old\/wp-content\/uploads\/2024\/03\/Vicces-feledekenyseg-006-768x1023.webp 768w\" sizes=\"(max-width: 800px) 100vw, 800px\" \/><\/figure>\n\n\n\n\n<div style=\"float:none;margin:0px 0 0px 0;text-align:center;\">\n<div class=\"mobileHideke8\"><div class=\"hirdeteshatter\"><div style=\"display: inline-block;width: 50%;min-width:340px;vertical-align: top;\"><div class=\"hirdetes\">HIRDET\u00c9S<\/div>\n<!-- LikedQ81 -->\n<ins class=\"adsbygoogle\"\n     style=\"display:inline-block;width:336px;height:280px\"\n     data-ad-client=\"ca-pub-9424088931673893\"\n     data-ad-slot=\"2436840276\"><\/ins>\n<script async>\n     (adsbygoogle = window.adsbygoogle || []).push({});\n<\/script><\/div><div style=\"display: inline-block;width: 50%;min-width:340px;vertical-align: top;\"><div class=\"hirdetes\">HIRDET\u00c9S<\/div>\n<!-- LikedQ82 -->\n<ins class=\"adsbygoogle\"\n     style=\"display:inline-block;width:336px;height:280px\"\n     data-ad-client=\"ca-pub-9424088931673893\"\n     data-ad-slot=\"3558350253\"><\/ins>\n<script async>\n     (adsbygoogle = window.adsbygoogle || []).push({});\n<\/script><\/div><\/div><\/div>\n<div style=\"display:flex;flex-direction:column;\"><div class=\"mobileShowka8 nyolc\"><div style=\"padding-top:15px;padding-bottom:5px;min-height: 300px;\"><div class=\"hirdetes\">HIRDET\u00c9S<\/div>\n<!-- LikedQ8M -->\n<ins class=\"adsbygoogle\"\n     style=\"display:inline-block;width:336px;height:280px\"\n     data-ad-client=\"ca-pub-9424088931673893\"\n     data-ad-slot=\"4679860235\"><\/ins>\n<script async>\n     (adsbygoogle = window.adsbygoogle || []).push({});\n<\/script><\/div><\/div><\/div><\/div>\n\n<\/div>\n\n\n\n<div class=\"wp-block-buzzeditor-list-item\"><h3 class=\"be-list-item-title\"><span style=\"color:;background-color:;border-color:\" class=\"be-list-item-number\">10<\/span> <span style=\"color:;background-color:;border-color:\" class=\"be-list-item-text\">Ennek a f\u00e9rfinek az utols\u00f3 pillanatban jutott esz\u00e9be a fogorvosi id\u0151pont, \u00edgy m\u00e1r nem volt ideje levenni a munkaruh\u00e1j\u00e1t.<\/span><\/h3>\n<figure class=\"wp-block-image size-full\"><img loading=\"lazy\" width=\"800\" height=\"1026\" src=\"https:\/\/liked.hu\/old\/wp-content\/uploads\/2024\/03\/Vicces-feledekenyseg-005.webp\" alt=\"Vicces feled\u00e9kenys\u00e9g 005\" class=\"wp-image-324814\" srcset=\"https:\/\/liked.hu\/old\/wp-content\/uploads\/2024\/03\/Vicces-feledekenyseg-005.webp 800w, https:\/\/liked.hu\/old\/wp-content\/uploads\/2024\/03\/Vicces-feledekenyseg-005-768x985.webp 768w\" sizes=\"(max-width: 800px) 100vw, 800px\" \/><\/figure>\n\n\n\n<p><\/p>\n<\/div>\n\n\n\n<div class=\"wp-block-buzzeditor-list-item\"><h3 class=\"be-list-item-title\"><span style=\"color:;background-color:;border-color:\" class=\"be-list-item-number\">11<\/span> <span style=\"color:;background-color:;border-color:\" class=\"be-list-item-text\">,,R\u00f6ntgent k\u00e9sz\u00edttettem a fogamr\u00f3l, de elfelejtettem levenni a szem\u00fcvegem.&#8221;<\/span><\/h3>\n<figure class=\"wp-block-image size-full\"><img loading=\"lazy\" width=\"800\" height=\"600\" src=\"https:\/\/liked.hu\/old\/wp-content\/uploads\/2024\/03\/Vicces-feledekenyseg-004.webp\" alt=\"Vicces feled\u00e9kenys\u00e9g 004\" class=\"wp-image-324813\" srcset=\"https:\/\/liked.hu\/old\/wp-content\/uploads\/2024\/03\/Vicces-feledekenyseg-004.webp 800w, https:\/\/liked.hu\/old\/wp-content\/uploads\/2024\/03\/Vicces-feledekenyseg-004-768x576.webp 768w\" sizes=\"(max-width: 800px) 100vw, 800px\" \/><\/figure>\n\n\n\n<p><\/p>\n<\/div>\n\n\n\n<div class=\"wp-block-buzzeditor-list-item\"><h3 class=\"be-list-item-title\"><span style=\"color:;background-color:;border-color:\" class=\"be-list-item-number\">12<\/span> <span style=\"color:;background-color:;border-color:\" class=\"be-list-item-text\">,,Este valaki havat takar\u00edtott, \u00e9s a sepr\u0171t az aut\u00f3nak d\u00f6ntve hagyta: reggelre odafagyott.&#8221;<\/span><\/h3>\n<figure class=\"wp-block-image size-full\"><img loading=\"lazy\" width=\"800\" height=\"845\" src=\"https:\/\/liked.hu\/old\/wp-content\/uploads\/2024\/03\/Vicces-feledekenyseg-003.webp\" alt=\"Vicces feled\u00e9kenys\u00e9g 003\" class=\"wp-image-324812\" srcset=\"https:\/\/liked.hu\/old\/wp-content\/uploads\/2024\/03\/Vicces-feledekenyseg-003.webp 800w, https:\/\/liked.hu\/old\/wp-content\/uploads\/2024\/03\/Vicces-feledekenyseg-003-768x811.webp 768w\" sizes=\"(max-width: 800px) 100vw, 800px\" \/><\/figure>\n\n\n\n\n<div style=\"float:none;margin:0px 0 0px 0;text-align:center;\">\n<div class=\"mobileHideke5\"><div style=\"margin-top:25px;\"><div class=\"hirdeteshatter\"><div style=\"display: inline-block;width: 50%;min-width:305px;vertical-align: top;\"><div class=\"hirdetes\">HIRDET\u00c9S<\/div>\n<!-- LikedQ51 -->\n<ins class=\"adsbygoogle\"\n     style=\"display:inline-block;width:300px;height:250px\"\n     data-ad-client=\"ca-pub-9424088931673893\"\n     data-ad-slot=\"8284063326\"><\/ins>\n<script async>\n     (adsbygoogle = window.adsbygoogle || []).push({});\n<\/script><\/div><div style=\"display: inline-block;width: 50%;min-width:305px;vertical-align: top;\"><div class=\"hirdetes\">HIRDET\u00c9S<\/div>\n<!-- LikedQ52 -->\n<ins class=\"adsbygoogle\"\n     style=\"display:inline-block;width:300px;height:250px\"\n     data-ad-client=\"ca-pub-9424088931673893\"\n     data-ad-slot=\"2840164950\"><\/ins>\n<script async>\n     (adsbygoogle = window.adsbygoogle || []).push({});\n<\/script><\/div><\/div><\/div><\/div>\n<div style=\"display:flex;flex-direction:column;\"><div class=\"mobileShowka5\"><div style=\"padding-top:10px;padding-bottom:10px;min-height: 300px;\"><div class=\"hirdetes\">HIRDET\u00c9S<\/div>\n<!-- LikedQ5M -->\n<ins class=\"adsbygoogle\"\n     style=\"display:inline-block;width:300px;height:250px\"\n     data-ad-client=\"ca-pub-9424088931673893\"\n     data-ad-slot=\"9022429928\"><\/ins>\n<script async>\n     (adsbygoogle = window.adsbygoogle || []).push({});\n<\/script><\/div><\/div><\/div><\/div>\n\n<\/div>\n\n\n\n<div class=\"wp-block-buzzeditor-list-item\"><h3 class=\"be-list-item-title\"><span style=\"color:;background-color:;border-color:\" class=\"be-list-item-number\">13<\/span> <span style=\"color:;background-color:;border-color:\" class=\"be-list-item-text\">,,Elfelejtettem, hogy a feles\u00e9gem \u00fczleti \u00faton van, \u00e9s \u00fagy d\u00f6nt\u00f6ttem, hogy \u00e1lmomban meg\u00f6lelem.&#8221;<\/span><\/h3>\n<figure class=\"wp-block-image size-full\"><img loading=\"lazy\" width=\"800\" height=\"1066\" src=\"https:\/\/liked.hu\/old\/wp-content\/uploads\/2024\/03\/Vicces-feledekenyseg-002.webp\" alt=\"Vicces feled\u00e9kenys\u00e9g 002\" class=\"wp-image-324811\" srcset=\"https:\/\/liked.hu\/old\/wp-content\/uploads\/2024\/03\/Vicces-feledekenyseg-002.webp 800w, https:\/\/liked.hu\/old\/wp-content\/uploads\/2024\/03\/Vicces-feledekenyseg-002-768x1023.webp 768w\" sizes=\"(max-width: 800px) 100vw, 800px\" \/><\/figure>\n\n\n\n<p><\/p>\n<\/div>\n\n\n\n<div class=\"wp-block-buzzeditor-list-item\"><h3 class=\"be-list-item-title\"><span style=\"color:;background-color:;border-color:\" class=\"be-list-item-number\">14<\/span> <span style=\"color:;background-color:;border-color:\" class=\"be-list-item-text\">Ez a f\u00e9rfi munk\u00e1ba k\u00e9sz\u00fclve azon gondolkodott, hogy melyik cip\u0151 a jobb, de v\u00e9g\u00fcl elfelejtett v\u00e1lasztani.<\/span><\/h3>\n<figure class=\"wp-block-image size-full\"><img loading=\"lazy\" width=\"800\" height=\"950\" src=\"https:\/\/liked.hu\/old\/wp-content\/uploads\/2024\/03\/Vicces-feledekenyseg-001.webp\" alt=\"Vicces feled\u00e9kenys\u00e9g 001\" class=\"wp-image-324810\" srcset=\"https:\/\/liked.hu\/old\/wp-content\/uploads\/2024\/03\/Vicces-feledekenyseg-001.webp 800w, https:\/\/liked.hu\/old\/wp-content\/uploads\/2024\/03\/Vicces-feledekenyseg-001-768x912.webp 768w\" sizes=\"(max-width: 800px) 100vw, 800px\" \/><\/figure>\n\n\n\n<p class=\"has-text-align-center\"><strong>T\u00f6rt\u00e9nt m\u00e1r veled olyan, hogy a feled\u00e9kenys\u00e9ged miatt v\u00e1ratlan probl\u00e9m\u00e1val szembes\u00fclt\u00e9l?<\/strong><\/p>\n<\/div>\n<\/div>\n","protected":false},"excerpt":{"rendered":"<p>N\u00e9ha el\u00e9g csak egy pillanatra nem figyelni. \ud83d\udc40<\/p>\n","protected":false},"author":1,"featured_media":324824,"comment_status":"open","ping_status":"closed","sticky":false,"template":"","format":"standard","meta":{"buzzeditor_post_format":""},"categories":[9578,42],"tags":[242,17,1474],"yoast_head":"<!-- This site is optimized with the Yoast SEO plugin v19.6.1 - https:\/\/yoast.com\/wordpress\/plugins\/seo\/ -->\n<title>14 alkalom, amikor a feled\u00e9kenys\u00e9g vicces k\u00f6vetkezm\u00e9nyekkel j\u00e1rt<\/title>\n<meta name=\"description\" content=\"N\u00e9ha el\u00e9g csak egy pillanatra nem figyelni. \ud83d\udc40\" \/>\n<meta name=\"robots\" content=\"index, follow, max-snippet:-1, max-image-preview:large, max-video-preview:-1\" \/>\n<link rel=\"canonical\" href=\"https:\/\/liked.hu\/old\/internetes-dolgok\/14-alkalom-amikor-a-feledekenyseg-vicces-kovetkezmenyekkel-jart\/\" \/>\n<link rel=\"next\" href=\"https:\/\/liked.hu\/old\/internetes-dolgok\/14-alkalom-amikor-a-feledekenyseg-vicces-kovetkezmenyekkel-jart\/2\/\" \/>\n<meta property=\"og:locale\" content=\"hu_HU\" \/>\n<meta property=\"og:type\" content=\"article\" \/>\n<meta property=\"og:title\" content=\"14 alkalom, amikor a feled\u00e9kenys\u00e9g vicces k\u00f6vetkezm\u00e9nyekkel j\u00e1rt\" \/>\n<meta property=\"og:description\" content=\"N\u00e9ha el\u00e9g csak egy pillanatra nem figyelni. \ud83d\udc40\" \/>\n<meta property=\"og:url\" content=\"https:\/\/liked.hu\/old\/internetes-dolgok\/14-alkalom-amikor-a-feledekenyseg-vicces-kovetkezmenyekkel-jart\/\" \/>\n<meta property=\"og:site_name\" content=\"Liked.hu\" \/>\n<meta property=\"article:publisher\" content=\"https:\/\/www.facebook.com\/liked.hu\" \/>\n<meta property=\"article:author\" content=\"https:\/\/facebook.com\/liked.hu\" \/>\n<meta property=\"article:published_time\" content=\"2024-03-06T14:27:13+00:00\" \/>\n<meta property=\"article:modified_time\" content=\"2024-03-06T14:27:16+00:00\" \/>\n<meta property=\"og:image\" content=\"https:\/\/liked.hu\/old\/wp-content\/uploads\/2024\/03\/Feledekenyseg-failok.jpg\" \/>\n\t<meta property=\"og:image:width\" content=\"1200\" \/>\n\t<meta property=\"og:image:height\" content=\"630\" \/>\n\t<meta property=\"og:image:type\" content=\"image\/jpeg\" \/>\n<meta name=\"author\" content=\"VictorN.\" \/>\n<meta name=\"twitter:card\" content=\"summary\" \/>\n<meta name=\"twitter:creator\" content=\"@https:\/\/twitter.com\/likedhu\" \/>\n<meta name=\"twitter:site\" content=\"@LikedHu\" \/>\n<meta name=\"twitter:label1\" content=\"Szerz\u0151:\" \/>\n\t<meta name=\"twitter:data1\" content=\"VictorN.\" \/>\n\t<meta name=\"twitter:label2\" content=\"Becs\u00fclt olvas\u00e1si id\u0151\" \/>\n\t<meta name=\"twitter:data2\" content=\"2 perc\" \/>\n<script type=\"application\/ld+json\" class=\"yoast-schema-graph\">{\"@context\":\"https:\/\/schema.org\",\"@graph\":[{\"@type\":\"Article\",\"@id\":\"https:\/\/liked.hu\/old\/internetes-dolgok\/14-alkalom-amikor-a-feledekenyseg-vicces-kovetkezmenyekkel-jart\/#article\",\"isPartOf\":{\"@id\":\"https:\/\/liked.hu\/old\/internetes-dolgok\/14-alkalom-amikor-a-feledekenyseg-vicces-kovetkezmenyekkel-jart\/\"},\"author\":{\"name\":\"VictorN.\",\"@id\":\"https:\/\/liked.hu\/old\/#\/schema\/person\/02fa522b959d0531c9c34b0d531a7464\"},\"headline\":\"14 alkalom, amikor a feled\u00e9kenys\u00e9g vicces k\u00f6vetkezm\u00e9nyekkel j\u00e1rt\",\"datePublished\":\"2024-03-06T14:27:13+00:00\",\"dateModified\":\"2024-03-06T14:27:16+00:00\",\"mainEntityOfPage\":{\"@id\":\"https:\/\/liked.hu\/old\/internetes-dolgok\/14-alkalom-amikor-a-feledekenyseg-vicces-kovetkezmenyekkel-jart\/\"},\"wordCount\":423,\"commentCount\":0,\"publisher\":{\"@id\":\"https:\/\/liked.hu\/old\/#organization\"},\"keywords\":[\"balszerencse\",\"fail\",\"kudarc\"],\"articleSection\":[\"Interneten tal\u00e1lt dolgok\",\"Vicces\"],\"inLanguage\":\"hu\",\"potentialAction\":[{\"@type\":\"CommentAction\",\"name\":\"Comment\",\"target\":[\"https:\/\/liked.hu\/old\/internetes-dolgok\/14-alkalom-amikor-a-feledekenyseg-vicces-kovetkezmenyekkel-jart\/#respond\"]}]},{\"@type\":\"WebPage\",\"@id\":\"https:\/\/liked.hu\/old\/internetes-dolgok\/14-alkalom-amikor-a-feledekenyseg-vicces-kovetkezmenyekkel-jart\/\",\"url\":\"https:\/\/liked.hu\/old\/internetes-dolgok\/14-alkalom-amikor-a-feledekenyseg-vicces-kovetkezmenyekkel-jart\/\",\"name\":\"14 alkalom, amikor a feled\u00e9kenys\u00e9g vicces k\u00f6vetkezm\u00e9nyekkel j\u00e1rt\",\"isPartOf\":{\"@id\":\"https:\/\/liked.hu\/old\/#website\"},\"datePublished\":\"2024-03-06T14:27:13+00:00\",\"dateModified\":\"2024-03-06T14:27:16+00:00\",\"description\":\"N\u00e9ha el\u00e9g csak egy pillanatra nem figyelni. \ud83d\udc40\",\"breadcrumb\":{\"@id\":\"https:\/\/liked.hu\/old\/internetes-dolgok\/14-alkalom-amikor-a-feledekenyseg-vicces-kovetkezmenyekkel-jart\/#breadcrumb\"},\"inLanguage\":\"hu\",\"potentialAction\":[{\"@type\":\"ReadAction\",\"target\":[\"https:\/\/liked.hu\/old\/internetes-dolgok\/14-alkalom-amikor-a-feledekenyseg-vicces-kovetkezmenyekkel-jart\/\"]}]},{\"@type\":\"BreadcrumbList\",\"@id\":\"https:\/\/liked.hu\/old\/internetes-dolgok\/14-alkalom-amikor-a-feledekenyseg-vicces-kovetkezmenyekkel-jart\/#breadcrumb\",\"itemListElement\":[{\"@type\":\"ListItem\",\"position\":1,\"name\":\"Kezd\u0151lap\"}]},{\"@type\":\"WebSite\",\"@id\":\"https:\/\/liked.hu\/old\/#website\",\"url\":\"https:\/\/liked.hu\/old\/\",\"name\":\"Liked.hu\",\"description\":\"\",\"publisher\":{\"@id\":\"https:\/\/liked.hu\/old\/#organization\"},\"potentialAction\":[{\"@type\":\"SearchAction\",\"target\":{\"@type\":\"EntryPoint\",\"urlTemplate\":\"https:\/\/liked.hu\/old\/?s={search_term_string}\"},\"query-input\":\"required name=search_term_string\"}],\"inLanguage\":\"hu\"},{\"@type\":\"Organization\",\"@id\":\"https:\/\/liked.hu\/old\/#organization\",\"name\":\"Liked.hu\",\"url\":\"https:\/\/liked.hu\/old\/\",\"sameAs\":[\"https:\/\/hu.pinterest.com\/likedhungary\/\",\"https:\/\/www.youtube.com\/channel\/UCPv91dbMoIukYcM9b9nHN6Q\",\"https:\/\/www.facebook.com\/liked.hu\",\"https:\/\/twitter.com\/LikedHu\"],\"logo\":{\"@type\":\"ImageObject\",\"inLanguage\":\"hu\",\"@id\":\"https:\/\/liked.hu\/old\/#\/schema\/logo\/image\/\",\"url\":\"https:\/\/liked.hu\/wp-content\/uploads\/2018\/08\/Liked-icon.png\",\"contentUrl\":\"https:\/\/liked.hu\/wp-content\/uploads\/2018\/08\/Liked-icon.png\",\"width\":512,\"height\":512,\"caption\":\"Liked.hu\"},\"image\":{\"@id\":\"https:\/\/liked.hu\/old\/#\/schema\/logo\/image\/\"}},{\"@type\":\"Person\",\"@id\":\"https:\/\/liked.hu\/old\/#\/schema\/person\/02fa522b959d0531c9c34b0d531a7464\",\"name\":\"VictorN.\",\"image\":{\"@type\":\"ImageObject\",\"inLanguage\":\"hu\",\"@id\":\"https:\/\/liked.hu\/old\/#\/schema\/person\/image\/\",\"url\":\"https:\/\/liked.hu\/old\/wp-content\/uploads\/avatars\/1\/1683660043-bpfull.jpg\",\"contentUrl\":\"https:\/\/liked.hu\/old\/wp-content\/uploads\/avatars\/1\/1683660043-bpfull.jpg\",\"caption\":\"VictorN.\"},\"description\":\"A Liked.hu szerkeszt\u0151je vagyok, m\u00e1r az id\u0151k kezdete \u00f3ta. Szabadid\u0151mben Jedi lovag \u00e9s Pok\u00e9mester. Puszilom \u00e9desany\u00e1mat.\",\"sameAs\":[\"https:\/\/liked.hu\",\"https:\/\/facebook.com\/liked.hu\",\"https:\/\/www.instagram.com\/likedhu\/\",\"https:\/\/pinterest.com\/likedhu\",\"https:\/\/twitter.com\/https:\/\/twitter.com\/likedhu\",\"https:\/\/www.youtube.com\/channel\/UCPv91dbMoIukYcM9b9nHN6Q\"],\"url\":\"https:\/\/liked.hu\/old\/u\/victorn\/\"}]}<\/script>\n<!-- \/ Yoast SEO plugin. -->","yoast_head_json":{"title":"14 alkalom, amikor a feled\u00e9kenys\u00e9g vicces k\u00f6vetkezm\u00e9nyekkel j\u00e1rt","description":"N\u00e9ha el\u00e9g csak egy pillanatra nem figyelni. \ud83d\udc40","robots":{"index":"index","follow":"follow","max-snippet":"max-snippet:-1","max-image-preview":"max-image-preview:large","max-video-preview":"max-video-preview:-1"},"canonical":"https:\/\/liked.hu\/old\/internetes-dolgok\/14-alkalom-amikor-a-feledekenyseg-vicces-kovetkezmenyekkel-jart\/","next":"https:\/\/liked.hu\/old\/internetes-dolgok\/14-alkalom-amikor-a-feledekenyseg-vicces-kovetkezmenyekkel-jart\/2\/","og_locale":"hu_HU","og_type":"article","og_title":"14 alkalom, amikor a feled\u00e9kenys\u00e9g vicces k\u00f6vetkezm\u00e9nyekkel j\u00e1rt","og_description":"N\u00e9ha el\u00e9g csak egy pillanatra nem figyelni. \ud83d\udc40","og_url":"https:\/\/liked.hu\/old\/internetes-dolgok\/14-alkalom-amikor-a-feledekenyseg-vicces-kovetkezmenyekkel-jart\/","og_site_name":"Liked.hu","article_publisher":"https:\/\/www.facebook.com\/liked.hu","article_author":"https:\/\/facebook.com\/liked.hu","article_published_time":"2024-03-06T14:27:13+00:00","article_modified_time":"2024-03-06T14:27:16+00:00","og_image":[{"width":1200,"height":630,"url":"https:\/\/liked.hu\/old\/wp-content\/uploads\/2024\/03\/Feledekenyseg-failok.jpg","type":"image\/jpeg"}],"author":"VictorN.","twitter_card":"summary","twitter_creator":"@https:\/\/twitter.com\/likedhu","twitter_site":"@LikedHu","twitter_misc":{"Szerz\u0151:":"VictorN.","Becs\u00fclt olvas\u00e1si id\u0151":"2 perc"},"schema":{"@context":"https:\/\/schema.org","@graph":[{"@type":"Article","@id":"https:\/\/liked.hu\/old\/internetes-dolgok\/14-alkalom-amikor-a-feledekenyseg-vicces-kovetkezmenyekkel-jart\/#article","isPartOf":{"@id":"https:\/\/liked.hu\/old\/internetes-dolgok\/14-alkalom-amikor-a-feledekenyseg-vicces-kovetkezmenyekkel-jart\/"},"author":{"name":"VictorN.","@id":"https:\/\/liked.hu\/old\/#\/schema\/person\/02fa522b959d0531c9c34b0d531a7464"},"headline":"14 alkalom, amikor a feled\u00e9kenys\u00e9g vicces k\u00f6vetkezm\u00e9nyekkel j\u00e1rt","datePublished":"2024-03-06T14:27:13+00:00","dateModified":"2024-03-06T14:27:16+00:00","mainEntityOfPage":{"@id":"https:\/\/liked.hu\/old\/internetes-dolgok\/14-alkalom-amikor-a-feledekenyseg-vicces-kovetkezmenyekkel-jart\/"},"wordCount":423,"commentCount":0,"publisher":{"@id":"https:\/\/liked.hu\/old\/#organization"},"keywords":["balszerencse","fail","kudarc"],"articleSection":["Interneten tal\u00e1lt dolgok","Vicces"],"inLanguage":"hu","potentialAction":[{"@type":"CommentAction","name":"Comment","target":["https:\/\/liked.hu\/old\/internetes-dolgok\/14-alkalom-amikor-a-feledekenyseg-vicces-kovetkezmenyekkel-jart\/#respond"]}]},{"@type":"WebPage","@id":"https:\/\/liked.hu\/old\/internetes-dolgok\/14-alkalom-amikor-a-feledekenyseg-vicces-kovetkezmenyekkel-jart\/","url":"https:\/\/liked.hu\/old\/internetes-dolgok\/14-alkalom-amikor-a-feledekenyseg-vicces-kovetkezmenyekkel-jart\/","name":"14 alkalom, amikor a feled\u00e9kenys\u00e9g vicces k\u00f6vetkezm\u00e9nyekkel j\u00e1rt","isPartOf":{"@id":"https:\/\/liked.hu\/old\/#website"},"datePublished":"2024-03-06T14:27:13+00:00","dateModified":"2024-03-06T14:27:16+00:00","description":"N\u00e9ha el\u00e9g csak egy pillanatra nem figyelni. \ud83d\udc40","breadcrumb":{"@id":"https:\/\/liked.hu\/old\/internetes-dolgok\/14-alkalom-amikor-a-feledekenyseg-vicces-kovetkezmenyekkel-jart\/#breadcrumb"},"inLanguage":"hu","potentialAction":[{"@type":"ReadAction","target":["https:\/\/liked.hu\/old\/internetes-dolgok\/14-alkalom-amikor-a-feledekenyseg-vicces-kovetkezmenyekkel-jart\/"]}]},{"@type":"BreadcrumbList","@id":"https:\/\/liked.hu\/old\/internetes-dolgok\/14-alkalom-amikor-a-feledekenyseg-vicces-kovetkezmenyekkel-jart\/#breadcrumb","itemListElement":[{"@type":"ListItem","position":1,"name":"Kezd\u0151lap"}]},{"@type":"WebSite","@id":"https:\/\/liked.hu\/old\/#website","url":"https:\/\/liked.hu\/old\/","name":"Liked.hu","description":"","publisher":{"@id":"https:\/\/liked.hu\/old\/#organization"},"potentialAction":[{"@type":"SearchAction","target":{"@type":"EntryPoint","urlTemplate":"https:\/\/liked.hu\/old\/?s={search_term_string}"},"query-input":"required name=search_term_string"}],"inLanguage":"hu"},{"@type":"Organization","@id":"https:\/\/liked.hu\/old\/#organization","name":"Liked.hu","url":"https:\/\/liked.hu\/old\/","sameAs":["https:\/\/hu.pinterest.com\/likedhungary\/","https:\/\/www.youtube.com\/channel\/UCPv91dbMoIukYcM9b9nHN6Q","https:\/\/www.facebook.com\/liked.hu","https:\/\/twitter.com\/LikedHu"],"logo":{"@type":"ImageObject","inLanguage":"hu","@id":"https:\/\/liked.hu\/old\/#\/schema\/logo\/image\/","url":"https:\/\/liked.hu\/wp-content\/uploads\/2018\/08\/Liked-icon.png","contentUrl":"https:\/\/liked.hu\/wp-content\/uploads\/2018\/08\/Liked-icon.png","width":512,"height":512,"caption":"Liked.hu"},"image":{"@id":"https:\/\/liked.hu\/old\/#\/schema\/logo\/image\/"}},{"@type":"Person","@id":"https:\/\/liked.hu\/old\/#\/schema\/person\/02fa522b959d0531c9c34b0d531a7464","name":"VictorN.","image":{"@type":"ImageObject","inLanguage":"hu","@id":"https:\/\/liked.hu\/old\/#\/schema\/person\/image\/","url":"https:\/\/liked.hu\/old\/wp-content\/uploads\/avatars\/1\/1683660043-bpfull.jpg","contentUrl":"https:\/\/liked.hu\/old\/wp-content\/uploads\/avatars\/1\/1683660043-bpfull.jpg","caption":"VictorN."},"description":"A Liked.hu szerkeszt\u0151je vagyok, m\u00e1r az id\u0151k kezdete \u00f3ta. Szabadid\u0151mben Jedi lovag \u00e9s Pok\u00e9mester. Puszilom \u00e9desany\u00e1mat.","sameAs":["https:\/\/liked.hu","https:\/\/facebook.com\/liked.hu","https:\/\/www.instagram.com\/likedhu\/","https:\/\/pinterest.com\/likedhu","https:\/\/twitter.com\/https:\/\/twitter.com\/likedhu","https:\/\/www.youtube.com\/channel\/UCPv91dbMoIukYcM9b9nHN6Q"],"url":"https:\/\/liked.hu\/old\/u\/victorn\/"}]}},"publishpress_future_action":{"enabled":false,"date":"1970-01-01 01:00:00","action":"","terms":[],"taxonomy":"","browser_timezone_offset":0},"_links":{"self":[{"href":"https:\/\/liked.hu\/old\/wp-json\/wp\/v2\/posts\/324809"}],"collection":[{"href":"https:\/\/liked.hu\/old\/wp-json\/wp\/v2\/posts"}],"about":[{"href":"https:\/\/liked.hu\/old\/wp-json\/wp\/v2\/types\/post"}],"author":[{"embeddable":true,"href":"https:\/\/liked.hu\/old\/wp-json\/wp\/v2\/users\/1"}],"replies":[{"embeddable":true,"href":"https:\/\/liked.hu\/old\/wp-json\/wp\/v2\/comments?post=324809"}],"version-history":[{"count":0,"href":"https:\/\/liked.hu\/old\/wp-json\/wp\/v2\/posts\/324809\/revisions"}],"wp:featuredmedia":[{"embeddable":true,"href":"https:\/\/liked.hu\/old\/wp-json\/wp\/v2\/media\/324824"}],"wp:attachment":[{"href":"https:\/\/liked.hu\/old\/wp-json\/wp\/v2\/media?parent=324809"}],"wp:term":[{"taxonomy":"category","embeddable":true,"href":"https:\/\/liked.hu\/old\/wp-json\/wp\/v2\/categories?post=324809"},{"taxonomy":"post_tag","embeddable":true,"href":"https:\/\/liked.hu\/old\/wp-json\/wp\/v2\/tags?post=324809"}],"curies":[{"name":"wp","href":"https:\/\/api.w.org\/{rel}","templated":true}]}}