{"id":324727,"date":"2024-03-06T02:59:24","date_gmt":"2024-03-06T01:59:24","guid":{"rendered":"https:\/\/liked.hu\/old\/?p=324727"},"modified":"2024-03-06T03:00:36","modified_gmt":"2024-03-06T02:00:36","slug":"a-legkatasztrofalisabb-es-legviccesebb-festmenyretusalasok","status":"publish","type":"post","link":"https:\/\/liked.hu\/old\/muveszet\/a-legkatasztrofalisabb-es-legviccesebb-festmenyretusalasok\/","title":{"rendered":"A legkatasztrof\u00e1lisabb (\u00e9s legviccesebb) festm\u00e9nyretus\u00e1l\u00e1sok"},"content":{"rendered":"\n<p>A &#8222;restaur\u00e1ci\u00f3&#8221; sz\u00f3 a latin &#8222;restauratio&#8221; sz\u00f3b\u00f3l ered, ami azt jelenti, hogy &#8222;helyre\u00e1ll\u00edt\u00e1s&#8221;. A restaur\u00e1tor munk\u00e1ja rendk\u00edv\u00fcl kreat\u00edv \u00e9s apr\u00f3l\u00e9kos, de egyetlen rossz mozdulat \u00f6r\u00f6kre t\u00f6nkreteheti a m\u0171alkot\u00e1st.<\/p>\n\n\n\n\n<div style=\"float:none;margin:0px 0 0px 0;text-align:center;\">\n<div class=\"mobileShowkakettes\"><div class=\"mobileShowka2\"><div style=\"padding-top:0px;padding-bottom:15px;min-height: 300px;\"><div class=\"hirdetes\">HIRDET\u00c9S<\/div>\n<!-- 300lista -->\n<ins class=\"adsbygoogle\"\n     style=\"display:inline-block;width:300px;height:250px\"\n     data-ad-client=\"ca-pub-9424088931673893\"\n     data-ad-slot=\"8471340766\"><\/ins>\n<script async>\n     (adsbygoogle = window.adsbygoogle || []).push({});\n<\/script><\/div><\/div><\/div><\/div>\n\n\n\n\n<p>A restaur\u00e1l\u00e1s n\u00e9ha \u00e9vekig is eltarthat, mivel a szakembereknek k\u00fcl\u00f6nf\u00e9le s\u00e9r\u00fcl\u00e9sekkel kell megbirk\u00f3zniuk: lepattogzott fest\u00e9kkel, karcol\u00e1sokkal, nem megfelel\u0151 fest\u00e9kanyagokkal.<\/p>\n\n\n\n<p>Nem csoda, hogy a restaur\u00e1torok munk\u00e1j\u00e1t a seb\u00e9szek munk\u00e1j\u00e1hoz hasonl\u00edtj\u00e1k (sok m\u0171helyben anat\u00f3miai tank\u00f6nyvek is hevernek az asztalokon).<\/p>\n\n\n\n<p>De hogyan fordulhatott el\u0151, hogy a vil\u00e1gban ilyen sok a sikertelen restaur\u00e1l\u00e1s? \ud83d\udc47\ud83c\udffb<\/p>\n\n\n\n<style>h4, h4 strong{font-weight:500;}<\/style>\n\n\n\n<h4><strong>1. A Van Eyck fiv\u00e9rek Gent-i olt\u00e1rk\u00e9pe:<\/strong><\/h4>\n\n\n\n<p>A Gent-i olt\u00e1r 24 panelb\u0151l \u00e1ll, amelyeken k\u00f6r\u00fclbel\u00fcl 258 emberalak im\u00e1dja a B\u00e1r\u00e1nyt. Az olt\u00e1ron tal\u00e1lhat\u00f3 egy felirat, amelyb\u0151l kider\u00fcl, hogy a m\u0171vet Hubert van Eyck fest\u0151m\u0171v\u00e9sz &#8211; &#8222;a legkiv\u00e1l\u00f3bb&#8221; &#8211; kezdte el, \u00e9s Jan, a testv\u00e9re fejezte be.<\/p>\n\n\n\n<p>A k\u00f6zponti panel a misztikus B\u00e1r\u00e1ny im\u00e1d\u00e1s\u00e1t \u00e1br\u00e1zolja (Krisztus kereszthal\u00e1l\u00e1nak metafor\u00e1ja). \u00c9s ez a B\u00e1r\u00e1ny lett az internetes m\u00e9mek f\u0151szerepl\u0151je is, h\u00e1la a rosszul siker\u00fclt restaur\u00e1l\u00e1si munk\u00e1latoknak&#8230;<\/p>\n\n\n\n<p>Az olt\u00e1rt 2012 okt\u00f3bere \u00e9s 2019 decembere k\u00f6z\u00f6tt restaur\u00e1lt\u00e1k, \u00e9s n\u00e9zd csak meg, milyen eredm\u00e9nyt siker\u00fclt el\u00e9rni\u00fck k\u00f6zel 7 \u00e9v alatt \ud83d\ude42<\/p>\n\n\n\n<figure class=\"wp-block-image size-full\"><img loading=\"lazy\" width=\"1200\" height=\"672\" src=\"https:\/\/liked.hu\/old\/wp-content\/uploads\/2024\/03\/Restauralas-fail-009.webp\" alt=\"Restaur\u00e1l\u00e1s fail 009\" class=\"wp-image-324736\" srcset=\"https:\/\/liked.hu\/old\/wp-content\/uploads\/2024\/03\/Restauralas-fail-009.webp 1200w, https:\/\/liked.hu\/old\/wp-content\/uploads\/2024\/03\/Restauralas-fail-009-768x430.webp 768w\" sizes=\"(max-width: 1200px) 100vw, 1200px\" \/><\/figure>\n\n\n\n<p>Az eredm\u00e9ny \u00e9les kontrasztban \u00e1ll a kor\u00e1bbi k\u00e9ppel: a B\u00e1r\u00e1ny tekintet\u00e9t sok m\u0171v\u00e9szett\u00f6rt\u00e9n\u00e9sz &#8222;fenyeget\u0151en emberinek&#8221; \u00edrja le, amit az okoz, hogy a szemek meglehet\u0151sen t\u00e1vol helyezkednek el egym\u00e1st\u00f3l \u00e9s egyenesen el\u0151re n\u00e9znek, az orra pedig furcsa form\u00e1j\u00fa \u00e9s term\u00e9szetellenes sz\u00edn\u0171.<\/p>\n\n\n\n<p>A restaur\u00e1l\u00e1si munk\u00e1latok befejez\u00e9se ut\u00e1n a kor\u00e1bbi anat\u00f3miailag helyes b\u00e1r\u00e1ny helyett egy Kunstkammer-figur\u00e1t l\u00e1thatott a k\u00f6z\u00f6ns\u00e9g!<\/p>\n\n\n\n\n<div style=\"float:none;margin:0px 0 0px 0;text-align:center;\">\n<div class=\"mobileHideke5\"><div style=\"margin-top:25px;\"><div class=\"hirdeteshatter\"><div style=\"display: inline-block;width: 50%;min-width:305px;vertical-align: top;\"><div class=\"hirdetes\">HIRDET\u00c9S<\/div>\n<!-- LikedQ51 -->\n<ins class=\"adsbygoogle\"\n     style=\"display:inline-block;width:300px;height:250px\"\n     data-ad-client=\"ca-pub-9424088931673893\"\n     data-ad-slot=\"8284063326\"><\/ins>\n<script async>\n     (adsbygoogle = window.adsbygoogle || []).push({});\n<\/script><\/div><div style=\"display: inline-block;width: 50%;min-width:305px;vertical-align: top;\"><div class=\"hirdetes\">HIRDET\u00c9S<\/div>\n<!-- LikedQ52 -->\n<ins class=\"adsbygoogle\"\n     style=\"display:inline-block;width:300px;height:250px\"\n     data-ad-client=\"ca-pub-9424088931673893\"\n     data-ad-slot=\"2840164950\"><\/ins>\n<script async>\n     (adsbygoogle = window.adsbygoogle || []).push({});\n<\/script><\/div><\/div><\/div><\/div>\n<div style=\"display:flex;flex-direction:column;\"><div class=\"mobileShowka5\"><div style=\"padding-top:10px;padding-bottom:10px;min-height: 300px;\"><div class=\"hirdetes\">HIRDET\u00c9S<\/div>\n<!-- LikedQ5M -->\n<ins class=\"adsbygoogle\"\n     style=\"display:inline-block;width:300px;height:250px\"\n     data-ad-client=\"ca-pub-9424088931673893\"\n     data-ad-slot=\"9022429928\"><\/ins>\n<script async>\n     (adsbygoogle = window.adsbygoogle || []).push({});\n<\/script><\/div><\/div><\/div><\/div>\n\n\n\n\n<figure class=\"wp-block-image size-full\"><img loading=\"lazy\" width=\"600\" height=\"337\" src=\"https:\/\/liked.hu\/old\/wp-content\/uploads\/2024\/03\/Restauralas-fail-008.webp\" alt=\"Restaur\u00e1l\u00e1s fail 008\" class=\"wp-image-324735\"\/><\/figure>\n\n\n\n<p>Eml\u00e9keztetn\u00e9k r\u00e1 mindenkit, hogy a restaur\u00e1l\u00e1s 2,5 milli\u00f3 doll\u00e1rba ker\u00fclt, \u00e9s maga a munka a genti m\u00fazeum nyitott vitrinje alatt zajlott, a l\u00e1togat\u00f3k pedig \u00e9l\u0151ben k\u00f6vethett\u00e9k a restaur\u00e1l\u00e1st.<\/p>\n\n\n\n<p>A k\u00f6z\u00f6ss\u00e9gi m\u00e9dia felhaszn\u00e1l\u00f3i azzal kezdt\u00e9k v\u00e1dolni a restaur\u00e1torokat, hogy sz\u00e1nd\u00e9kosan &#8222;humaniz\u00e1lt\u00e1k&#8221; a birk\u00e1t. A munk\u00e1sok azonban nem ismert\u00e9k el a b\u0171n\u00f6ss\u00e9g\u00fcket, s\u0151t, azt kezdt\u00e9k \u00e1ll\u00edtani, hogy a kor\u00e1bbi b\u00e1r\u00e1ny t\u00e9ves volt, \u00e9s csak egy ismeretlen szerz\u0151 \u00e1ltal 100 \u00e9vvel k\u00e9s\u0151bb hozz\u00e1adott k\u00e9p volt. A k\u00e9s\u0151bbi fest\u00e9k- \u00e9s lakkr\u00e9tegek alatt (amelyeket az eredeti B\u00e1r\u00e1nyra vittek fel) egy teljesen m\u00e1s B\u00e1r\u00e1ny volt &#8211; egy emberszer\u0171 B\u00e1r\u00e1ny!<\/p>\n\n\n\n<h4>2. \u201eSzepl\u0151telen fogantat\u00e1s\u201d \u2013 Bartolom\u00e9 Esteban Murillo:<\/h4>\n\n\n\n<p>A spanyol fest\u0151m\u0171v\u00e9sz a 17. sz\u00e1zad m\u00e1sodik fel\u00e9ben alkotta meg ezt a m\u0171vet. Az eredeti a madridi Prado M\u00fazeumban tal\u00e1lhat\u00f3, m\u00edg egy m\u00e1solat egy valenciai mag\u00e1ngy\u0171jtem\u00e9nyben. A tulajdonos \u00fagy gondolta, \u201efel\u00faj\u00edtja\u201d Sz\u0171z M\u00e1ria k\u00fclsej\u00e9t, \u00e9s ehhez egy b\u00fatorrestaur\u00e1torhoz fordult seg\u00edts\u00e9g\u00e9rt\u2026<\/p>\n\n\n\n<p>1200 eur\u00f3\u00e9rt a tulajdonos a k\u00e9p \u201emegtiszt\u00edt\u00e1s\u00e1t\u201d k\u00e9rte, de a munka sor\u00e1n valami balul s\u00fclt el: az arc felismerhetetlenn\u00e9 v\u00e1lt!<\/p>\n\n\n\n<figure class=\"wp-block-image size-full\"><img loading=\"lazy\" width=\"586\" height=\"365\" src=\"https:\/\/liked.hu\/old\/wp-content\/uploads\/2024\/03\/Restauralas-fail-007.webp\" alt=\"Restaur\u00e1l\u00e1s fail 007\" class=\"wp-image-324734\"\/><\/figure>\n\n\n\n<p>A sikertelen restaur\u00e1l\u00e1s ut\u00e1n a tulajdonos megk\u00e9rte a restaur\u00e1tort, hogy \u00e1ll\u00edtsa helyre a k\u00e9pet, de a m\u00e1sodik pr\u00f3b\u00e1lkoz\u00e1s ut\u00e1n M\u00e1ria teljesen elvesztette az emberi von\u00e1sait, \u00e9s ink\u00e1bb \u00fagy n\u00e9zett ki, mint egy karikat\u00fara, nem pedig egy bibliai szem\u00e9lyis\u00e9g.<\/p>\n\n\n\n<figure class=\"wp-block-image size-full\"><img loading=\"lazy\" width=\"620\" height=\"330\" src=\"https:\/\/liked.hu\/old\/wp-content\/uploads\/2024\/03\/Restauralas-fail-006.webp\" alt=\"Restaur\u00e1l\u00e1s fail 006\" class=\"wp-image-324733\"\/><\/figure>\n\n\n\n<p><strong>3. \u201eSzent Borb\u00e1la\u201d \u2013 Santa Cruz da Barra k\u00e1polna (Niter\u00f3i, Rio de Janeiro \u00e1llam, Braz\u00edlia):<\/strong><\/p>\n\n\n\n<p>Szent Borb\u00e1la a b\u00e1ny\u00e1szok, hegym\u00e1sz\u00f3k, kert\u00e9szek \u00e9s a t\u0171zzel dolgoz\u00f3k v\u00e9d\u0151szentje, emellett a gyilkoss\u00e1gt\u00f3l val\u00f3 v\u00e9delmez\u0151k\u00e9nt is tisztelik.<\/p>\n\n\n\n<p>A restaur\u00e1l\u00e1si folyamat itt sem ment kalandok n\u00e9lk\u00fcl. A szobor (173 cm magas) egy braz\u00edliai k\u00e1poln\u00e1ban tal\u00e1lhat\u00f3, \u00e9s 2011-ben restaur\u00e1lt\u00e1k Szent Borb\u00e1la napj\u00e1nak meg\u00fcnnepl\u00e9s\u00e9re. \u00cdgy:<\/p>\n\n\n\n<figure class=\"wp-block-image size-full\"><img loading=\"lazy\" width=\"1024\" height=\"445\" src=\"https:\/\/liked.hu\/old\/wp-content\/uploads\/2024\/03\/Restauralas-fail-005.webp\" alt=\"Restaur\u00e1l\u00e1s fail 005\" class=\"wp-image-324732\" srcset=\"https:\/\/liked.hu\/old\/wp-content\/uploads\/2024\/03\/Restauralas-fail-005.webp 1024w, https:\/\/liked.hu\/old\/wp-content\/uploads\/2024\/03\/Restauralas-fail-005-768x334.webp 768w\" sizes=\"(max-width: 1024px) 100vw, 1024px\" \/><\/figure>\n\n\n\n<p>A h\u00edv\u0151k t\u00f6bbs\u00e9ge sokkot kapott, m\u00edg a restaur\u00e1l\u00e1s\u00e9rt felel\u0151s\u00f6k azt \u00e1ll\u00edtott\u00e1k, hogy a v\u00e9geredm\u00e9ny nem k\u00fcl\u00f6nb\u00f6zik az eredetit\u0151l. Csak nekem van az a furcsa \u00e9rz\u00e9sem, hogy a \u201efel\u00faj\u00edtott\u201d Borb\u00e1la arc\u00e1n k\u00fcl\u00f6nb\u00f6z\u0151 n\u0151i praktik\u00e1kat alkalmaztak \u2013 tonikr\u00e9m, szempillaspir\u00e1l, r\u00fazs, s\u0151t szem\u00f6ld\u00f6kform\u00e1z\u00e1s is felt\u00e9telezhet\u0151. Egysz\u00f3val \u2013 Barbie, nem pedig Borb\u00e1la.<\/p>\n\n\n\n\n<div style=\"float:none;margin:0px 0 0px 0;text-align:center;\">\n<div class=\"mobileHideke8\"><div style=\"margin-top:25px;\"><div class=\"hirdeteshatter\"><div style=\"display: inline-block;width: 50%;min-width:340px;vertical-align: top;\"><div class=\"hirdetes\">HIRDET\u00c9S<\/div>\n<!-- Liked7Q1 -->\n<ins class=\"adsbygoogle\"\n     style=\"display:inline-block;width:336px;height:280px\"\n     data-ad-client=\"ca-pub-9424088931673893\"\n     data-ad-slot=\"3022062587\"><\/ins>\n<script async>\n     (adsbygoogle = window.adsbygoogle || []).push({});\n<\/script><\/div><div style=\"display: inline-block;width: 50%;min-width:340px;vertical-align: top;\"><div class=\"hirdetes\">HIRDET\u00c9S<\/div>\n<!-- Liked7Q2 -->\n<ins class=\"adsbygoogle\"\n     style=\"display:inline-block;width:336px;height:280px\"\n     data-ad-client=\"ca-pub-9424088931673893\"\n     data-ad-slot=\"3952000871\"><\/ins>\n<script async>\n     (adsbygoogle = window.adsbygoogle || []).push({});\n<\/script><\/div><\/div><\/div><\/div>\n<div style=\"display:flex;flex-direction:column;\"><div class=\"mobileShowka8\"><div style=\"padding-top:15px;margin-bottom:15px;min-height: 300px;\"><div class=\"hirdetes\">HIRDET\u00c9S<\/div>\n<!-- Liked7QMobil -->\n<ins class=\"adsbygoogle\"\n     style=\"display:inline-block;width:336px;height:280px\"\n     data-ad-client=\"ca-pub-9424088931673893\"\n     data-ad-slot=\"5073510857\"><\/ins>\n<script async>\n     (adsbygoogle = window.adsbygoogle || []).push({});\n<\/script><\/div><\/div><\/div><\/div>\n\n\n\n\n<h4>4. Ecce Homo fresk\u00f3:<\/h4>\n\n\n\n<p>Egy apr\u00f3 spanyol magazinban megjelent cikknek k\u00f6sz\u00f6nhet\u0151en egy 80 \u00e9ves nyugd\u00edjas h\u00f6lgy, Cecilia Gim\u00e9nez a h\u00edrn\u00e9v \u00fatj\u00e1ra l\u00e9pett, \u00e9s lak\u00f3hely\u00e9t, Borja v\u00e1ros\u00e1t turist\u00e1k t\u00f6megei lept\u00e9k el. A helyi templom egyik l\u00e1togat\u00f3jak\u00e9nt Cecilia \u00fagy gondolta, a 19. sz\u00e1zad v\u00e9g\u00e9r\u0151l sz\u00e1rmaz\u00f3 fresk\u00f3 (eredetileg Elias Garcia Martinez festette) egy kis fel\u00faj\u00edt\u00e1sra szorul. Azonban a restaur\u00e1l\u00e1s eredm\u00e9nye mindenkit megd\u00f6bbentett: Krisztus kin\u00e9zete felismerhetetlenn\u00e9 v\u00e1ltozott.<\/p>\n\n\n\n<figure class=\"wp-block-image size-full\"><img loading=\"lazy\" width=\"888\" height=\"502\" src=\"https:\/\/liked.hu\/old\/wp-content\/uploads\/2024\/03\/Restauralas-fail-004.webp\" alt=\"Restaur\u00e1l\u00e1s fail 004\" class=\"wp-image-324731\" srcset=\"https:\/\/liked.hu\/old\/wp-content\/uploads\/2024\/03\/Restauralas-fail-004.webp 888w, https:\/\/liked.hu\/old\/wp-content\/uploads\/2024\/03\/Restauralas-fail-004-768x434.webp 768w\" sizes=\"(max-width: 888px) 100vw, 888px\" \/><\/figure>\n\n\n\n<p>&#8222;Cecili\u00e1nak nem volt semmilyen m\u0171v\u00e9szeti vagy restaur\u00e1tori k\u00e9pzetts\u00e9ge. Csak azt akarta, hogy a hi\u00e1nyz\u00f3 r\u00e9szleteket kip\u00f3tolja. V\u00e9g\u00fcl t\u00falz\u00e1sba vitte a dolgot, \u00e9s J\u00e9zus kin\u00e9zete teljesen megv\u00e1ltozott.&#8221;<\/p>\n\n\n\n<figure class=\"wp-block-image size-full\"><img loading=\"lazy\" width=\"700\" height=\"1072\" src=\"https:\/\/liked.hu\/old\/wp-content\/uploads\/2024\/03\/Restauralas-fail-003.webp\" alt=\"Restaur\u00e1l\u00e1s fail 003\" class=\"wp-image-324730\"\/><\/figure>\n\n\n\n<p>A restaur\u00e1l\u00e1s ut\u00e1n a fresk\u00f3 egy bozontos majomra kezdett hasonl\u00edtani, \u00e9s a &#8222;Sz\u0151r\u00f6s J\u00e9zus&#8221; g\u00fanynevet kapta. Az igazs\u00e1ghoz hozz\u00e1tartozik, hogy Cecili\u00e1nak akadtak v\u00e9delmez\u0151i is, akik munk\u00e1ss\u00e1g\u00e1t Munchhoz \u00e9s Goy\u00e1hoz hasonl\u00edtott\u00e1k.<\/p>\n\n\n\n<figure class=\"wp-block-image size-full\"><img loading=\"lazy\" width=\"690\" height=\"388\" src=\"https:\/\/liked.hu\/old\/wp-content\/uploads\/2024\/03\/Restauralas-fail-002.webp\" alt=\"Restaur\u00e1l\u00e1s fail 002\" class=\"wp-image-324729\"\/><\/figure>\n\n\n\n<p>A leg\u00e9rdekesebb, hogy a katasztrof\u00e1lisan siker\u00fclt restaur\u00e1l\u00e1s rengeteg turist\u00e1t vonzott a templomba, \u00e9s a l\u00e1togat\u00f3k t\u00f6bb mint 50.000 eur\u00f3 adom\u00e1nyt gy\u0171jt\u00f6ttek \u00f6ssze.<\/p>\n\n\n\n\n<div style=\"float:none;margin:0px 0 0px 0;text-align:center;\">\n<div class=\"mobileHideke8\"><div class=\"hirdeteshatter\"><div style=\"display: inline-block;width: 50%;min-width:340px;vertical-align: top;\"><div class=\"hirdetes\">HIRDET\u00c9S<\/div>\n<!-- LikedQ81 -->\n<ins class=\"adsbygoogle\"\n     style=\"display:inline-block;width:336px;height:280px\"\n     data-ad-client=\"ca-pub-9424088931673893\"\n     data-ad-slot=\"2436840276\"><\/ins>\n<script async>\n     (adsbygoogle = window.adsbygoogle || []).push({});\n<\/script><\/div><div style=\"display: inline-block;width: 50%;min-width:340px;vertical-align: top;\"><div class=\"hirdetes\">HIRDET\u00c9S<\/div>\n<!-- LikedQ82 -->\n<ins class=\"adsbygoogle\"\n     style=\"display:inline-block;width:336px;height:280px\"\n     data-ad-client=\"ca-pub-9424088931673893\"\n     data-ad-slot=\"3558350253\"><\/ins>\n<script async>\n     (adsbygoogle = window.adsbygoogle || []).push({});\n<\/script><\/div><\/div><\/div>\n<div style=\"display:flex;flex-direction:column;\"><div class=\"mobileShowka8 nyolc\"><div style=\"padding-top:15px;padding-bottom:5px;min-height: 300px;\"><div class=\"hirdetes\">HIRDET\u00c9S<\/div>\n<!-- LikedQ8M -->\n<ins class=\"adsbygoogle\"\n     style=\"display:inline-block;width:336px;height:280px\"\n     data-ad-client=\"ca-pub-9424088931673893\"\n     data-ad-slot=\"4679860235\"><\/ins>\n<script async>\n     (adsbygoogle = window.adsbygoogle || []).push({});\n<\/script><\/div><\/div><\/div><\/div>\n\n\n\n\n<h4>5. A Yongzhi templomkomplexum fresk\u00f3i, 18-19. sz\u00e1zad:<\/h4>\n\n\n\n<p>A Chaoyang ker\u00fclet \u00f6nkorm\u00e1nyzat\u00e1nak egyszer\u0171en nem volt p\u00e9nze professzion\u00e1lis restaur\u00e1torokra a Yongzhi templomkomplexum fresk\u00f3inak fel\u00faj\u00edt\u00e1s\u00e1hoz. Itt m\u00e1r sejteni lehet, hogy ebb\u0151l semmi j\u00f3 sem fog kis\u00fclni. \ud83d\ude42<\/p>\n\n\n\n<figure class=\"wp-block-image size-full\"><img loading=\"lazy\" width=\"728\" height=\"364\" src=\"https:\/\/liked.hu\/old\/wp-content\/uploads\/2024\/03\/Restauralas-fail-001.webp\" alt=\"Restaur\u00e1l\u00e1s fail 001\" class=\"wp-image-324728\" srcset=\"https:\/\/liked.hu\/old\/wp-content\/uploads\/2024\/03\/Restauralas-fail-001.webp 728w, https:\/\/liked.hu\/old\/wp-content\/uploads\/2024\/03\/Restauralas-fail-001-360x180.webp 360w\" sizes=\"(max-width: 728px) 100vw, 728px\" \/><\/figure>\n\n\n\n<p>2013-ban a Qing-dinasztia korabeli fresk\u00f3k helyett a l\u00e1togat\u00f3k \u00e9l\u00e9nk, gyermekrajzokat id\u00e9z\u0151 k\u00e9peket pillanthattak meg!<\/p>\n\n\n\n<p>A felel\u0151s\u00f6ket elbocs\u00e1tott\u00e1k, de a r\u00e9gi fresk\u00f3k helyre\u00e1ll\u00edt\u00e1sa j\u00f3val t\u00f6bbe fog ker\u00fclni, mint amennyit megsp\u00f3roltak. Az \u00faj, \u00e9l\u00e9nk sz\u00ednek elt\u00fcntett\u00e9k az eredeti rajzot, \u00edgy m\u00e9g a profi restaur\u00e1torok sz\u00e1m\u00e1ra is kih\u00edv\u00e1st jelenthet a helyre\u00e1ll\u00edt\u00e1sa.<\/p>\n\n\n\n<p class=\"has-text-align-center\"><strong>Mit gondolsz ezekr\u0151l a restaur\u00e1l\u00e1si munk\u00e1kr\u00f3l? Neked is eszedbe jutott Mr. Bean \u00e9s Whistler anyja? \ud83d\ude05<\/strong><\/p>\n","protected":false},"excerpt":{"rendered":"<p>Ink\u00e1bb Mr. Bean-t kellett volna felb\u00e9relni\u00fck.<\/p>\n","protected":false},"author":64,"featured_media":324737,"comment_status":"open","ping_status":"closed","sticky":false,"template":"","format":"standard","meta":{"buzzeditor_post_format":""},"categories":[30,42],"tags":[17,1812,5612],"yoast_head":"<!-- This site is optimized with the Yoast SEO plugin v19.6.1 - https:\/\/yoast.com\/wordpress\/plugins\/seo\/ -->\n<title>A legkatasztrof\u00e1lisabb (\u00e9s legviccesebb) festm\u00e9nyretus\u00e1l\u00e1sok<\/title>\n<meta name=\"description\" content=\"Ink\u00e1bb Mr. Bean-t kellett volna felb\u00e9relni\u00fck.\" \/>\n<meta name=\"robots\" content=\"index, follow, max-snippet:-1, max-image-preview:large, max-video-preview:-1\" \/>\n<link rel=\"canonical\" href=\"https:\/\/liked.hu\/old\/muveszet\/a-legkatasztrofalisabb-es-legviccesebb-festmenyretusalasok\/\" \/>\n<meta property=\"og:locale\" content=\"hu_HU\" \/>\n<meta property=\"og:type\" content=\"article\" \/>\n<meta property=\"og:title\" content=\"A legkatasztrof\u00e1lisabb (\u00e9s legviccesebb) festm\u00e9nyretus\u00e1l\u00e1sok\" \/>\n<meta property=\"og:description\" content=\"Ink\u00e1bb Mr. Bean-t kellett volna felb\u00e9relni\u00fck.\" \/>\n<meta property=\"og:url\" content=\"https:\/\/liked.hu\/old\/muveszet\/a-legkatasztrofalisabb-es-legviccesebb-festmenyretusalasok\/\" \/>\n<meta property=\"og:site_name\" content=\"Liked.hu\" \/>\n<meta property=\"article:publisher\" content=\"https:\/\/www.facebook.com\/liked.hu\" \/>\n<meta property=\"article:author\" content=\"https:\/\/www.facebook.com\/nebazzhungary\/\" \/>\n<meta property=\"article:published_time\" content=\"2024-03-06T01:59:24+00:00\" \/>\n<meta property=\"article:modified_time\" content=\"2024-03-06T02:00:36+00:00\" \/>\n<meta property=\"og:image\" content=\"https:\/\/liked.hu\/old\/wp-content\/uploads\/2024\/03\/Retusalasi-failok.jpg\" \/>\n\t<meta property=\"og:image:width\" content=\"1200\" \/>\n\t<meta property=\"og:image:height\" content=\"630\" \/>\n\t<meta property=\"og:image:type\" content=\"image\/jpeg\" \/>\n<meta name=\"author\" content=\"Nebazz\" \/>\n<meta name=\"twitter:card\" content=\"summary\" \/>\n<meta name=\"twitter:creator\" content=\"@LikedHu\" \/>\n<meta name=\"twitter:site\" content=\"@LikedHu\" \/>\n<meta name=\"twitter:label1\" content=\"Szerz\u0151:\" \/>\n\t<meta name=\"twitter:data1\" content=\"Nebazz\" \/>\n\t<meta name=\"twitter:label2\" content=\"Becs\u00fclt olvas\u00e1si id\u0151\" \/>\n\t<meta name=\"twitter:data2\" content=\"6 perc\" \/>\n<script type=\"application\/ld+json\" class=\"yoast-schema-graph\">{\"@context\":\"https:\/\/schema.org\",\"@graph\":[{\"@type\":\"Article\",\"@id\":\"https:\/\/liked.hu\/old\/muveszet\/a-legkatasztrofalisabb-es-legviccesebb-festmenyretusalasok\/#article\",\"isPartOf\":{\"@id\":\"https:\/\/liked.hu\/old\/muveszet\/a-legkatasztrofalisabb-es-legviccesebb-festmenyretusalasok\/\"},\"author\":{\"name\":\"Nebazz\",\"@id\":\"https:\/\/liked.hu\/old\/#\/schema\/person\/85ba4fa0516a9a9b3e1fe897c389807e\"},\"headline\":\"A legkatasztrof\u00e1lisabb (\u00e9s legviccesebb) festm\u00e9nyretus\u00e1l\u00e1sok\",\"datePublished\":\"2024-03-06T01:59:24+00:00\",\"dateModified\":\"2024-03-06T02:00:36+00:00\",\"mainEntityOfPage\":{\"@id\":\"https:\/\/liked.hu\/old\/muveszet\/a-legkatasztrofalisabb-es-legviccesebb-festmenyretusalasok\/\"},\"wordCount\":1215,\"commentCount\":1,\"publisher\":{\"@id\":\"https:\/\/liked.hu\/old\/#organization\"},\"keywords\":[\"fail\",\"m\u0171v\u00e9szet\",\"restaur\u00e1l\u00e1s\"],\"articleSection\":[\"M\u0171v\u00e9szet\",\"Vicces\"],\"inLanguage\":\"hu\",\"potentialAction\":[{\"@type\":\"CommentAction\",\"name\":\"Comment\",\"target\":[\"https:\/\/liked.hu\/old\/muveszet\/a-legkatasztrofalisabb-es-legviccesebb-festmenyretusalasok\/#respond\"]}]},{\"@type\":\"WebPage\",\"@id\":\"https:\/\/liked.hu\/old\/muveszet\/a-legkatasztrofalisabb-es-legviccesebb-festmenyretusalasok\/\",\"url\":\"https:\/\/liked.hu\/old\/muveszet\/a-legkatasztrofalisabb-es-legviccesebb-festmenyretusalasok\/\",\"name\":\"A legkatasztrof\u00e1lisabb (\u00e9s legviccesebb) festm\u00e9nyretus\u00e1l\u00e1sok\",\"isPartOf\":{\"@id\":\"https:\/\/liked.hu\/old\/#website\"},\"datePublished\":\"2024-03-06T01:59:24+00:00\",\"dateModified\":\"2024-03-06T02:00:36+00:00\",\"description\":\"Ink\u00e1bb Mr. Bean-t kellett volna felb\u00e9relni\u00fck.\",\"breadcrumb\":{\"@id\":\"https:\/\/liked.hu\/old\/muveszet\/a-legkatasztrofalisabb-es-legviccesebb-festmenyretusalasok\/#breadcrumb\"},\"inLanguage\":\"hu\",\"potentialAction\":[{\"@type\":\"ReadAction\",\"target\":[\"https:\/\/liked.hu\/old\/muveszet\/a-legkatasztrofalisabb-es-legviccesebb-festmenyretusalasok\/\"]}]},{\"@type\":\"BreadcrumbList\",\"@id\":\"https:\/\/liked.hu\/old\/muveszet\/a-legkatasztrofalisabb-es-legviccesebb-festmenyretusalasok\/#breadcrumb\",\"itemListElement\":[{\"@type\":\"ListItem\",\"position\":1,\"name\":\"Kezd\u0151lap\",\"item\":\"https:\/\/liked.hu\/old\/\"},{\"@type\":\"ListItem\",\"position\":2,\"name\":\"A legkatasztrof\u00e1lisabb (\u00e9s legviccesebb) festm\u00e9nyretus\u00e1l\u00e1sok\"}]},{\"@type\":\"WebSite\",\"@id\":\"https:\/\/liked.hu\/old\/#website\",\"url\":\"https:\/\/liked.hu\/old\/\",\"name\":\"Liked.hu\",\"description\":\"\",\"publisher\":{\"@id\":\"https:\/\/liked.hu\/old\/#organization\"},\"potentialAction\":[{\"@type\":\"SearchAction\",\"target\":{\"@type\":\"EntryPoint\",\"urlTemplate\":\"https:\/\/liked.hu\/old\/?s={search_term_string}\"},\"query-input\":\"required name=search_term_string\"}],\"inLanguage\":\"hu\"},{\"@type\":\"Organization\",\"@id\":\"https:\/\/liked.hu\/old\/#organization\",\"name\":\"Liked.hu\",\"url\":\"https:\/\/liked.hu\/old\/\",\"sameAs\":[\"https:\/\/hu.pinterest.com\/likedhungary\/\",\"https:\/\/www.youtube.com\/channel\/UCPv91dbMoIukYcM9b9nHN6Q\",\"https:\/\/www.facebook.com\/liked.hu\",\"https:\/\/twitter.com\/LikedHu\"],\"logo\":{\"@type\":\"ImageObject\",\"inLanguage\":\"hu\",\"@id\":\"https:\/\/liked.hu\/old\/#\/schema\/logo\/image\/\",\"url\":\"https:\/\/liked.hu\/wp-content\/uploads\/2018\/08\/Liked-icon.png\",\"contentUrl\":\"https:\/\/liked.hu\/wp-content\/uploads\/2018\/08\/Liked-icon.png\",\"width\":512,\"height\":512,\"caption\":\"Liked.hu\"},\"image\":{\"@id\":\"https:\/\/liked.hu\/old\/#\/schema\/logo\/image\/\"}},{\"@type\":\"Person\",\"@id\":\"https:\/\/liked.hu\/old\/#\/schema\/person\/85ba4fa0516a9a9b3e1fe897c389807e\",\"name\":\"Nebazz\",\"image\":{\"@type\":\"ImageObject\",\"inLanguage\":\"hu\",\"@id\":\"https:\/\/liked.hu\/old\/#\/schema\/person\/image\/\",\"url\":\"https:\/\/liked.hu\/old\/wp-content\/uploads\/avatars\/64\/604de8a736923-bpfull.jpg\",\"contentUrl\":\"https:\/\/liked.hu\/old\/wp-content\/uploads\/avatars\/64\/604de8a736923-bpfull.jpg\",\"caption\":\"Nebazz\"},\"sameAs\":[\"http:\/\/nebazz.com\",\"https:\/\/www.facebook.com\/nebazzhungary\/\"],\"url\":\"https:\/\/liked.hu\/old\/u\/nebazz\/\"}]}<\/script>\n<!-- \/ Yoast SEO plugin. -->","yoast_head_json":{"title":"A legkatasztrof\u00e1lisabb (\u00e9s legviccesebb) festm\u00e9nyretus\u00e1l\u00e1sok","description":"Ink\u00e1bb Mr. Bean-t kellett volna felb\u00e9relni\u00fck.","robots":{"index":"index","follow":"follow","max-snippet":"max-snippet:-1","max-image-preview":"max-image-preview:large","max-video-preview":"max-video-preview:-1"},"canonical":"https:\/\/liked.hu\/old\/muveszet\/a-legkatasztrofalisabb-es-legviccesebb-festmenyretusalasok\/","og_locale":"hu_HU","og_type":"article","og_title":"A legkatasztrof\u00e1lisabb (\u00e9s legviccesebb) festm\u00e9nyretus\u00e1l\u00e1sok","og_description":"Ink\u00e1bb Mr. Bean-t kellett volna felb\u00e9relni\u00fck.","og_url":"https:\/\/liked.hu\/old\/muveszet\/a-legkatasztrofalisabb-es-legviccesebb-festmenyretusalasok\/","og_site_name":"Liked.hu","article_publisher":"https:\/\/www.facebook.com\/liked.hu","article_author":"https:\/\/www.facebook.com\/nebazzhungary\/","article_published_time":"2024-03-06T01:59:24+00:00","article_modified_time":"2024-03-06T02:00:36+00:00","og_image":[{"width":1200,"height":630,"url":"https:\/\/liked.hu\/old\/wp-content\/uploads\/2024\/03\/Retusalasi-failok.jpg","type":"image\/jpeg"}],"author":"Nebazz","twitter_card":"summary","twitter_creator":"@LikedHu","twitter_site":"@LikedHu","twitter_misc":{"Szerz\u0151:":"Nebazz","Becs\u00fclt olvas\u00e1si id\u0151":"6 perc"},"schema":{"@context":"https:\/\/schema.org","@graph":[{"@type":"Article","@id":"https:\/\/liked.hu\/old\/muveszet\/a-legkatasztrofalisabb-es-legviccesebb-festmenyretusalasok\/#article","isPartOf":{"@id":"https:\/\/liked.hu\/old\/muveszet\/a-legkatasztrofalisabb-es-legviccesebb-festmenyretusalasok\/"},"author":{"name":"Nebazz","@id":"https:\/\/liked.hu\/old\/#\/schema\/person\/85ba4fa0516a9a9b3e1fe897c389807e"},"headline":"A legkatasztrof\u00e1lisabb (\u00e9s legviccesebb) festm\u00e9nyretus\u00e1l\u00e1sok","datePublished":"2024-03-06T01:59:24+00:00","dateModified":"2024-03-06T02:00:36+00:00","mainEntityOfPage":{"@id":"https:\/\/liked.hu\/old\/muveszet\/a-legkatasztrofalisabb-es-legviccesebb-festmenyretusalasok\/"},"wordCount":1215,"commentCount":1,"publisher":{"@id":"https:\/\/liked.hu\/old\/#organization"},"keywords":["fail","m\u0171v\u00e9szet","restaur\u00e1l\u00e1s"],"articleSection":["M\u0171v\u00e9szet","Vicces"],"inLanguage":"hu","potentialAction":[{"@type":"CommentAction","name":"Comment","target":["https:\/\/liked.hu\/old\/muveszet\/a-legkatasztrofalisabb-es-legviccesebb-festmenyretusalasok\/#respond"]}]},{"@type":"WebPage","@id":"https:\/\/liked.hu\/old\/muveszet\/a-legkatasztrofalisabb-es-legviccesebb-festmenyretusalasok\/","url":"https:\/\/liked.hu\/old\/muveszet\/a-legkatasztrofalisabb-es-legviccesebb-festmenyretusalasok\/","name":"A legkatasztrof\u00e1lisabb (\u00e9s legviccesebb) festm\u00e9nyretus\u00e1l\u00e1sok","isPartOf":{"@id":"https:\/\/liked.hu\/old\/#website"},"datePublished":"2024-03-06T01:59:24+00:00","dateModified":"2024-03-06T02:00:36+00:00","description":"Ink\u00e1bb Mr. Bean-t kellett volna felb\u00e9relni\u00fck.","breadcrumb":{"@id":"https:\/\/liked.hu\/old\/muveszet\/a-legkatasztrofalisabb-es-legviccesebb-festmenyretusalasok\/#breadcrumb"},"inLanguage":"hu","potentialAction":[{"@type":"ReadAction","target":["https:\/\/liked.hu\/old\/muveszet\/a-legkatasztrofalisabb-es-legviccesebb-festmenyretusalasok\/"]}]},{"@type":"BreadcrumbList","@id":"https:\/\/liked.hu\/old\/muveszet\/a-legkatasztrofalisabb-es-legviccesebb-festmenyretusalasok\/#breadcrumb","itemListElement":[{"@type":"ListItem","position":1,"name":"Kezd\u0151lap","item":"https:\/\/liked.hu\/old\/"},{"@type":"ListItem","position":2,"name":"A legkatasztrof\u00e1lisabb (\u00e9s legviccesebb) festm\u00e9nyretus\u00e1l\u00e1sok"}]},{"@type":"WebSite","@id":"https:\/\/liked.hu\/old\/#website","url":"https:\/\/liked.hu\/old\/","name":"Liked.hu","description":"","publisher":{"@id":"https:\/\/liked.hu\/old\/#organization"},"potentialAction":[{"@type":"SearchAction","target":{"@type":"EntryPoint","urlTemplate":"https:\/\/liked.hu\/old\/?s={search_term_string}"},"query-input":"required name=search_term_string"}],"inLanguage":"hu"},{"@type":"Organization","@id":"https:\/\/liked.hu\/old\/#organization","name":"Liked.hu","url":"https:\/\/liked.hu\/old\/","sameAs":["https:\/\/hu.pinterest.com\/likedhungary\/","https:\/\/www.youtube.com\/channel\/UCPv91dbMoIukYcM9b9nHN6Q","https:\/\/www.facebook.com\/liked.hu","https:\/\/twitter.com\/LikedHu"],"logo":{"@type":"ImageObject","inLanguage":"hu","@id":"https:\/\/liked.hu\/old\/#\/schema\/logo\/image\/","url":"https:\/\/liked.hu\/wp-content\/uploads\/2018\/08\/Liked-icon.png","contentUrl":"https:\/\/liked.hu\/wp-content\/uploads\/2018\/08\/Liked-icon.png","width":512,"height":512,"caption":"Liked.hu"},"image":{"@id":"https:\/\/liked.hu\/old\/#\/schema\/logo\/image\/"}},{"@type":"Person","@id":"https:\/\/liked.hu\/old\/#\/schema\/person\/85ba4fa0516a9a9b3e1fe897c389807e","name":"Nebazz","image":{"@type":"ImageObject","inLanguage":"hu","@id":"https:\/\/liked.hu\/old\/#\/schema\/person\/image\/","url":"https:\/\/liked.hu\/old\/wp-content\/uploads\/avatars\/64\/604de8a736923-bpfull.jpg","contentUrl":"https:\/\/liked.hu\/old\/wp-content\/uploads\/avatars\/64\/604de8a736923-bpfull.jpg","caption":"Nebazz"},"sameAs":["http:\/\/nebazz.com","https:\/\/www.facebook.com\/nebazzhungary\/"],"url":"https:\/\/liked.hu\/old\/u\/nebazz\/"}]}},"publishpress_future_action":{"enabled":false,"date":"1970-01-01 01:00:00","action":"","terms":[],"taxonomy":"","browser_timezone_offset":0},"_links":{"self":[{"href":"https:\/\/liked.hu\/old\/wp-json\/wp\/v2\/posts\/324727"}],"collection":[{"href":"https:\/\/liked.hu\/old\/wp-json\/wp\/v2\/posts"}],"about":[{"href":"https:\/\/liked.hu\/old\/wp-json\/wp\/v2\/types\/post"}],"author":[{"embeddable":true,"href":"https:\/\/liked.hu\/old\/wp-json\/wp\/v2\/users\/64"}],"replies":[{"embeddable":true,"href":"https:\/\/liked.hu\/old\/wp-json\/wp\/v2\/comments?post=324727"}],"version-history":[{"count":0,"href":"https:\/\/liked.hu\/old\/wp-json\/wp\/v2\/posts\/324727\/revisions"}],"wp:featuredmedia":[{"embeddable":true,"href":"https:\/\/liked.hu\/old\/wp-json\/wp\/v2\/media\/324737"}],"wp:attachment":[{"href":"https:\/\/liked.hu\/old\/wp-json\/wp\/v2\/media?parent=324727"}],"wp:term":[{"taxonomy":"category","embeddable":true,"href":"https:\/\/liked.hu\/old\/wp-json\/wp\/v2\/categories?post=324727"},{"taxonomy":"post_tag","embeddable":true,"href":"https:\/\/liked.hu\/old\/wp-json\/wp\/v2\/tags?post=324727"}],"curies":[{"name":"wp","href":"https:\/\/api.w.org\/{rel}","templated":true}]}}