{"id":323092,"date":"2024-02-26T01:03:57","date_gmt":"2024-02-26T00:03:57","guid":{"rendered":"https:\/\/liked.hu\/old\/?p=323092"},"modified":"2024-02-26T01:03:59","modified_gmt":"2024-02-26T00:03:59","slug":"prekordialis-fogasi-szindroma","status":"publish","type":"post","link":"https:\/\/liked.hu\/old\/eletmod\/prekordialis-fogasi-szindroma\/","title":{"rendered":"Mi az az \u00e9les, sz\u00far\u00f3 \u00e9rz\u00e9s, amit n\u00e9ha a mellkasunkban \u00e9rz\u00fcnk?"},"content":{"rendered":"\n<p>Biztosan te is \u00e1t\u00e9lted m\u00e1r azt a hirtelen, \u00e9les, mellkasi f\u00e1jdalmat, ami alig enged leveg\u0151t venni. B\u00e1r csak p\u00e1r m\u00e1sodpercig tart, de el\u00e9g kellemetlen ahhoz, hogy mozdulatlann\u00e1 dermedj, s\u0151t, n\u00e9ha p\u00e1nikot is okozhat. Ez a jelens\u00e9g gyakran el\u0151fordul gyerekekn\u00e9l \u00e9s fiatalokn\u00e1l egyar\u00e1nt, de m\u00e9gsem besz\u00e9l\u00fcnk r\u00f3la eleget.<\/p>\n\n\n\n\n<div style=\"float:none;margin:0px 0 0px 0;text-align:center;\">\n<div class=\"mobileShowkakettes\"><div class=\"mobileShowka2\"><div style=\"padding-top:0px;padding-bottom:15px;min-height: 300px;\"><div class=\"hirdetes\">HIRDET\u00c9S<\/div>\n<!-- 300lista -->\n<ins class=\"adsbygoogle\"\n     style=\"display:inline-block;width:300px;height:250px\"\n     data-ad-client=\"ca-pub-9424088931673893\"\n     data-ad-slot=\"8471340766\"><\/ins>\n<script async>\n     (adsbygoogle = window.adsbygoogle || []).push({});\n<\/script><\/div><\/div><\/div><\/div>\n\n\n\n\n<p>Ebben a cikkben a <strong>Liked.hu<\/strong> el\u00e1rulja, hogy mit mondanak az orvosok err\u0151l a rendk\u00edv\u00fcl zavar\u00f3 \u00e9rz\u00e9sr\u0151l.<\/p>\n\n\n\n<div class=\"wp-block-buzzeditor-list be-list be-list-type-none be-list-number-style-none\">\n<div class=\"wp-block-buzzeditor-list-item\"><h3 class=\"be-list-item-title\"> <span style=\"color:;background-color:;border-color:\" class=\"be-list-item-text\">Prekordi\u00e1lis fog\u00e1si szindr\u00f3ma<\/span><\/h3>\n<figure class=\"wp-block-image size-full\"><img loading=\"lazy\" width=\"732\" height=\"630\" src=\"https:\/\/liked.hu\/old\/wp-content\/uploads\/2024\/02\/fajdalom-mellkas.webp\" alt=\"f\u00e1jdalom mellkas\" class=\"wp-image-323099\"\/><\/figure>\n\n\n\n<p>A &#8222;<a href=\"https:\/\/en.wikipedia.org\/wiki\/Precordial_catch_syndrome\" target=\"_blank\" rel=\"noreferrer noopener\">prekordi\u00e1lis sz\u00far\u00e1s<\/a>&#8221; (PCS) a neve annak az \u00e9les f\u00e1jdalomnak, ami ijeszt\u0151 lehet, mert sokan \u00f6sszet\u00e9vesztik a k\u00fcl\u00f6nf\u00e9le sz\u00edvprobl\u00e9m\u00e1kkal. Prekordi\u00e1lis fog\u00e1si szindr\u00f3ma, \u00e9s Texidor-sz\u00far\u00e1s n\u00e9ven is emlegetik. A mellkasban, a sz\u00edv el\u00fcls\u0151 r\u00e9sz\u00e9n jelentkezik, ez\u00e9rt nevezik prekordi\u00e1lisnak (pre = el\u00fcls\u0151, cordialis = sz\u00edv). Leggyakrabban gyerekekn\u00e9l \u00e9s fiatalokn\u00e1l fordul el\u0151, de feln\u0151ttekn\u00e9l is el\u0151fordulhat &#8211; igaz, ritk\u00e1bban.<\/p>\n\n\n\n<p>A f\u00e1jdalmat gyakran \u00fagy \u00edrj\u00e1k le, mint &#8222;mintha egy t\u0171t sz\u00farn\u00e1nak abba a ter\u00fcletbe&#8221; vagy &#8222;mint egy k\u00e9ssz\u00far\u00e1s&#8221;. Nyugalmi \u00e1llapotban is jelentkezhet, de m\u00e9rs\u00e9kelt edz\u00e9s vagy fizikai meger\u0151ltet\u00e9s hat\u00e1s\u00e1ra is fell\u00e9phet.<\/p>\n\n\n\n\n<div style=\"float:none;margin:0px 0 0px 0;text-align:center;\">\n<div class=\"mobileHideke5\"><div style=\"margin-top:25px;\"><div class=\"hirdeteshatter\"><div style=\"display: inline-block;width: 50%;min-width:305px;vertical-align: top;\"><div class=\"hirdetes\">HIRDET\u00c9S<\/div>\n<!-- LikedQ51 -->\n<ins class=\"adsbygoogle\"\n     style=\"display:inline-block;width:300px;height:250px\"\n     data-ad-client=\"ca-pub-9424088931673893\"\n     data-ad-slot=\"8284063326\"><\/ins>\n<script async>\n     (adsbygoogle = window.adsbygoogle || []).push({});\n<\/script><\/div><div style=\"display: inline-block;width: 50%;min-width:305px;vertical-align: top;\"><div class=\"hirdetes\">HIRDET\u00c9S<\/div>\n<!-- LikedQ52 -->\n<ins class=\"adsbygoogle\"\n     style=\"display:inline-block;width:300px;height:250px\"\n     data-ad-client=\"ca-pub-9424088931673893\"\n     data-ad-slot=\"2840164950\"><\/ins>\n<script async>\n     (adsbygoogle = window.adsbygoogle || []).push({});\n<\/script><\/div><\/div><\/div><\/div>\n<div style=\"display:flex;flex-direction:column;\"><div class=\"mobileShowka5\"><div style=\"padding-top:10px;padding-bottom:10px;min-height: 300px;\"><div class=\"hirdetes\">HIRDET\u00c9S<\/div>\n<!-- LikedQ5M -->\n<ins class=\"adsbygoogle\"\n     style=\"display:inline-block;width:300px;height:250px\"\n     data-ad-client=\"ca-pub-9424088931673893\"\n     data-ad-slot=\"9022429928\"><\/ins>\n<script async>\n     (adsbygoogle = window.adsbygoogle || []).push({});\n<\/script><\/div><\/div><\/div><\/div>\n\n<\/div>\n\n\n\n<div class=\"wp-block-buzzeditor-list-item\"><h3 class=\"be-list-item-title\"> <span style=\"color:;background-color:;border-color:\" class=\"be-list-item-text\">Mik az okai ennek?<\/span><\/h3>\n<figure class=\"wp-block-image size-full\"><img loading=\"lazy\" width=\"1024\" height=\"1024\" src=\"https:\/\/liked.hu\/old\/wp-content\/uploads\/2024\/02\/szamitogepes-mellkas.webp\" alt=\"sz\u00e1m\u00edt\u00f3g\u00e9pes mellkas\" class=\"wp-image-323098\" srcset=\"https:\/\/liked.hu\/old\/wp-content\/uploads\/2024\/02\/szamitogepes-mellkas.webp 1024w, https:\/\/liked.hu\/old\/wp-content\/uploads\/2024\/02\/szamitogepes-mellkas-768x768.webp 768w\" sizes=\"(max-width: 1024px) 100vw, 1024px\" \/><\/figure>\n\n\n\n<p>B\u00e1r a f\u00e1jdalom nagyon kellemetlen \u00e9s k\u00f6zvetlen\u00fcl a sz\u00edv k\u00f6zel\u00e9ben jelentkezik, val\u00f3j\u00e1ban nem jelent sz\u00edvprobl\u00e9m\u00e1t. A f\u00e1jdalom oka a pleura (a mellkasi szerveket, p\u00e9ld\u00e1ul a rekeszizmot bor\u00edt\u00f3 membr\u00e1n) nyom\u00e1sa vagy s\u00farl\u00f3d\u00e1sa (\u00e9s ez\u00e1ltal irrit\u00e1ci\u00f3ja) a bordakos\u00e1r k\u00f6zel\u00e9ben l\u00e9v\u0151 idegekre. Ez\u00e9rt a f\u00e1jdalom a mellkas fal\u00e1ban vagy a bord\u00e1k ter\u00fclet\u00e9n jelentkezhet, ak\u00e1r m\u00e9g nyugalmi \u00e1llapotban is.<\/p>\n<\/div>\n\n\n\n<div class=\"wp-block-buzzeditor-list-item\"><h3 class=\"be-list-item-title\"> <span style=\"color:;background-color:;border-color:\" class=\"be-list-item-text\">Nyomaszt\u00f3 kellemetlens\u00e9g<\/span><\/h3>\n<figure class=\"wp-block-image size-full\"><img loading=\"lazy\" width=\"1024\" height=\"1024\" src=\"https:\/\/liked.hu\/old\/wp-content\/uploads\/2024\/02\/orvos-vizsgal.webp\" alt=\"orvos vizsg\u00e1l\" class=\"wp-image-323097\" srcset=\"https:\/\/liked.hu\/old\/wp-content\/uploads\/2024\/02\/orvos-vizsgal.webp 1024w, https:\/\/liked.hu\/old\/wp-content\/uploads\/2024\/02\/orvos-vizsgal-768x768.webp 768w\" sizes=\"(max-width: 1024px) 100vw, 1024px\" \/><\/figure>\n\n\n\n<p>Mivel a prekordi\u00e1lis sz\u00far\u00e1s szindr\u00f3ma gyakrabban fordul el\u0151 gyerekekn\u00e9l \u00e9s serd\u00fcl\u0151kn\u00e9l, a sz\u00fcl\u0151k gyakran agg\u00f3dva viszik orvoshoz a gyermek\u00fcket, amikor el\u0151sz\u00f6r jelentkezik a f\u00e1jdalom. Az aggodalom persze \u00e9rthet\u0151, a sz\u00edv ter\u00fclet\u00e9n jelentkez\u0151 megmagyar\u00e1zhatatlan, \u00e9les f\u00e1jdalom miatt k\u00f6nnyen sz\u00edvprobl\u00e9m\u00e1ra vagy m\u00e1s komoly dologra gondolhatnak a sz\u00fcl\u0151k. Ez\u00e9rt az orvos legf\u0151bb feladata ilyenkor a t\u00fcnetek elemz\u00e9se \u00e9s a beteg k\u00f3rt\u00f6rt\u00e9net\u00e9nek \u00e1ttekint\u00e9se, hogy kiz\u00e1rhassa a sz\u00edvprobl\u00e9m\u00e1t, illetve minden m\u00e1s, kezel\u00e9st ig\u00e9nyl\u0151 probl\u00e9m\u00e1t.<\/p>\n\n\n\n<p><strong>Fontos megjegyezni, hogy a precordialis sz\u00far\u00e1s szindr\u00f3ma nem \u00e1rtalmas, \u00e9s nem okoz tart\u00f3s k\u00e1rosod\u00e1st.<\/strong> A legt\u00f6bb esetben a f\u00e1jdalom mag\u00e1t\u00f3l elm\u00falik n\u00e9h\u00e1ny m\u00e1sodpercen bel\u00fcl. Ha agg\u00f3dsz a gyermeked miatt, mindig fordulj gyermekorvoshoz, hogy kiz\u00e1rhass minden lehets\u00e9ges komolyabb probl\u00e9m\u00e1t.<\/p>\n\n\n\n\n<div style=\"float:none;margin:0px 0 0px 0;text-align:center;\">\n<div class=\"mobileHideke8\"><div style=\"margin-top:25px;\"><div class=\"hirdeteshatter\"><div style=\"display: inline-block;width: 50%;min-width:340px;vertical-align: top;\"><div class=\"hirdetes\">HIRDET\u00c9S<\/div>\n<!-- Liked7Q1 -->\n<ins class=\"adsbygoogle\"\n     style=\"display:inline-block;width:336px;height:280px\"\n     data-ad-client=\"ca-pub-9424088931673893\"\n     data-ad-slot=\"3022062587\"><\/ins>\n<script async>\n     (adsbygoogle = window.adsbygoogle || []).push({});\n<\/script><\/div><div style=\"display: inline-block;width: 50%;min-width:340px;vertical-align: top;\"><div class=\"hirdetes\">HIRDET\u00c9S<\/div>\n<!-- Liked7Q2 -->\n<ins class=\"adsbygoogle\"\n     style=\"display:inline-block;width:336px;height:280px\"\n     data-ad-client=\"ca-pub-9424088931673893\"\n     data-ad-slot=\"3952000871\"><\/ins>\n<script async>\n     (adsbygoogle = window.adsbygoogle || []).push({});\n<\/script><\/div><\/div><\/div><\/div>\n<div style=\"display:flex;flex-direction:column;\"><div class=\"mobileShowka8\"><div style=\"padding-top:15px;margin-bottom:15px;min-height: 300px;\"><div class=\"hirdetes\">HIRDET\u00c9S<\/div>\n<!-- Liked7QMobil -->\n<ins class=\"adsbygoogle\"\n     style=\"display:inline-block;width:336px;height:280px\"\n     data-ad-client=\"ca-pub-9424088931673893\"\n     data-ad-slot=\"5073510857\"><\/ins>\n<script async>\n     (adsbygoogle = window.adsbygoogle || []).push({});\n<\/script><\/div><\/div><\/div><\/div>\n\n<\/div>\n\n\n\n<div class=\"wp-block-buzzeditor-list-item\"><h3 class=\"be-list-item-title\"> <span style=\"color:;background-color:;border-color:\" class=\"be-list-item-text\">Mi seg\u00edthet<\/span><\/h3>\n<figure class=\"wp-block-image size-full\"><img loading=\"lazy\" width=\"1024\" height=\"1024\" src=\"https:\/\/liked.hu\/old\/wp-content\/uploads\/2024\/02\/mellkas-masszir.webp\" alt=\"mellkas massz\u00edr\" class=\"wp-image-323096\" srcset=\"https:\/\/liked.hu\/old\/wp-content\/uploads\/2024\/02\/mellkas-masszir.webp 1024w, https:\/\/liked.hu\/old\/wp-content\/uploads\/2024\/02\/mellkas-masszir-768x768.webp 768w\" sizes=\"(max-width: 1024px) 100vw, 1024px\" \/><\/figure>\n\n\n\n<p>B\u00e1r a prekordi\u00e1lis fog\u00e1si szindr\u00f3ma kellemetlen, nem min\u0151s\u00fcl s\u00fcrg\u0151ss\u00e9gi ell\u00e1t\u00e1st ig\u00e9nyl\u0151 \u00e1llapotnak. A m\u00e9ly l\u00e9gz\u00e9s ugyan ebben a helyzetben neh\u00e9zkes lehet, de seg\u00edthet a f\u00e1jdalom gyorsabb elm\u00falaszt\u00e1s\u00e1ban. Fontos megjegyezni, hogy a hiperventil\u00e1ci\u00f3 (heves l\u00e9gz\u00e9s) ez esetben k\u00f6nnyen sz\u00e9d\u00fcl\u00e9st okozhat. Praktikus lehet azonban p\u00e9ld\u00e1ul a testhelyzet megv\u00e1ltoztat\u00e1sa \u2013 ha g\u00f6rnyedt\u00fcnk, egyenesedj\u00fcnk fel \u2013, \u00e9s a f\u00e1jdalmas ter\u00fclet massz\u00edroz\u00e1sa, am\u00edg a f\u00e1jdalom el nem m\u00falik. Ez \u00e1ltal\u00e1ban k\u00f6r\u00fclbel\u00fcl egy percet vesz ig\u00e9nybe. Mivel a prekordi\u00e1lis fog\u00e1si szindr\u00f3ma k\u00fcl\u00f6n\u00f6sebb kiv\u00e1lt\u00f3 ok n\u00e9lk\u00fcl jelentkezik (nyugalmi \u00e9s mozg\u00e1s k\u00f6zben is jelentkezhet), nem lehet megel\u0151zni.<\/p>\n\n\n\n<p>Ha a f\u00e1jdalom nem kapcsol\u00f3dik s\u00falyosabb betegs\u00e9ghez, mint mondjuk a h\u00f6rghurut vagy az asztma, nincs ok az aggodalomra. A prekordi\u00e1lis sz\u00far\u00e1s szindr\u00f3ma \u00e1ltal\u00e1ban mag\u00e1t\u00f3l elm\u00falik 20 \u00e9ves kor k\u00f6r\u00fcl. Nem ig\u00e9nyel kezel\u00e9st, b\u00e1r egyes orvosok nem szteroid alap\u00fa gyullad\u00e1scs\u00f6kkent\u0151 (NSAID) gy\u00f3gyszert javasolhatnak a f\u00e1jdalom enyh\u00edt\u00e9s\u00e9re, de ez nem felt\u00e9tlen\u00fcl sz\u00fcks\u00e9ges. Azonban ha a f\u00e1jdalom t\u00fal gyakran jelentkezik, vagy ha a szem\u00e9lynek sz\u00edvprobl\u00e9m\u00e1ja van, esetleg m\u00e1s t\u00fcnetekkel is t\u00e1rsul, c\u00e9lszer\u0171 orvoshoz fordulni.<\/p>\n\n\n\n\n<div style=\"float:none;margin:0px 0 0px 0;text-align:center;\">\n<div class=\"mobileHideke8\"><div class=\"hirdeteshatter\"><div style=\"display: inline-block;width: 50%;min-width:340px;vertical-align: top;\"><div class=\"hirdetes\">HIRDET\u00c9S<\/div>\n<!-- LikedQ81 -->\n<ins class=\"adsbygoogle\"\n     style=\"display:inline-block;width:336px;height:280px\"\n     data-ad-client=\"ca-pub-9424088931673893\"\n     data-ad-slot=\"2436840276\"><\/ins>\n<script async>\n     (adsbygoogle = window.adsbygoogle || []).push({});\n<\/script><\/div><div style=\"display: inline-block;width: 50%;min-width:340px;vertical-align: top;\"><div class=\"hirdetes\">HIRDET\u00c9S<\/div>\n<!-- LikedQ82 -->\n<ins class=\"adsbygoogle\"\n     style=\"display:inline-block;width:336px;height:280px\"\n     data-ad-client=\"ca-pub-9424088931673893\"\n     data-ad-slot=\"3558350253\"><\/ins>\n<script async>\n     (adsbygoogle = window.adsbygoogle || []).push({});\n<\/script><\/div><\/div><\/div>\n<div style=\"display:flex;flex-direction:column;\"><div class=\"mobileShowka8 nyolc\"><div style=\"padding-top:15px;padding-bottom:5px;min-height: 300px;\"><div class=\"hirdetes\">HIRDET\u00c9S<\/div>\n<!-- LikedQ8M -->\n<ins class=\"adsbygoogle\"\n     style=\"display:inline-block;width:336px;height:280px\"\n     data-ad-client=\"ca-pub-9424088931673893\"\n     data-ad-slot=\"4679860235\"><\/ins>\n<script async>\n     (adsbygoogle = window.adsbygoogle || []).push({});\n<\/script><\/div><\/div><\/div><\/div>\n\n<\/div>\n\n\n\n<div class=\"wp-block-buzzeditor-list-item\"><h3 class=\"be-list-item-title\"> <\/h3>\n<figure class=\"wp-block-image size-full\"><img loading=\"lazy\" width=\"1024\" height=\"1024\" src=\"https:\/\/liked.hu\/old\/wp-content\/uploads\/2024\/02\/orvos-ok-jelet-mutat.webp\" alt=\"orvos ok jelet mutat\" class=\"wp-image-323095\" srcset=\"https:\/\/liked.hu\/old\/wp-content\/uploads\/2024\/02\/orvos-ok-jelet-mutat.webp 1024w, https:\/\/liked.hu\/old\/wp-content\/uploads\/2024\/02\/orvos-ok-jelet-mutat-768x768.webp 768w\" sizes=\"(max-width: 1024px) 100vw, 1024px\" \/><\/figure>\n\n\n\n<p><br>A prekordi\u00e1lis sz\u00far\u00e1s szindr\u00f3ma sokszor aggodalmat kelt, mert m\u00e1s betegs\u00e9gek is hasonl\u00f3 f\u00e1jdalommal j\u00e1rnak. Ezek k\u00f6z\u00fcl n\u00e9h\u00e1nynak fizikai oka van, m\u00edg m\u00e1sok pszichoszomatikusak, ez\u00e9rt az orvosi kivizsg\u00e1l\u00e1s elengedhetetlen a differenci\u00e1ldiagn\u00f3zis fel\u00e1ll\u00edt\u00e1s\u00e1hoz.<\/p>\n\n\n\n<p>A sz\u00edv ter\u00fclet\u00e9n jelentkez\u0151 f\u00e1jdalmat okozhatja m\u00e9g:<\/p>\n\n\n\n<ul><li>Idegen test a l\u00e9gutakban<\/li><li>Hepatitisz<\/li><li>Aerofagia (leveg\u0151 nyel\u00e9se)<\/li><li>Mar\u00f3 folyad\u00e9kok v\u00e9letlen lenyel\u00e9se<\/li><li>Bronchitisz<\/li><li>T\u00fcd\u0151gyullad\u00e1s<\/li><li>Asztma<\/li><\/ul>\n\n\n\n<p>Ezenk\u00edv\u00fcl az ilyesfajta f\u00e1jdalom pszichoszomatikus t\u00fcnet is lehet, p\u00e9ld\u00e1ul:<\/p>\n\n\n\n<ul><li>P\u00e1nikroham<\/li><li>Hiperventil\u00e1ci\u00f3s szindr\u00f3ma<\/li><li>Konverzi\u00f3s reakci\u00f3<\/li><li>Szorong\u00e1s<\/li><li>Depresszi\u00f3<\/li><\/ul>\n\n\n\n<p>Fontos megjegyezni, hogy b\u00e1rmilyen k\u00e9ts\u00e9g eset\u00e9n azonnal fordulj orvoshoz, mert egyetlen eg\u00e9szs\u00e9g\u00fcgyi cikk sem helyettes\u00edtheti a szakember \u00e1ltal v\u00e9gzett alapos diagn\u00f3zist.<\/p>\n\n\n\n<p class=\"has-text-align-center\"><strong>Tapasztaltad m\u00e1r magadon a prekordi\u00e1lis sz\u00far\u00e1s szindr\u00f3m\u00e1t? Milyen korban jelentkezett n\u00e1lad, \u00e9s milyen tr\u00fckk\u00f6ket haszn\u00e1lt\u00e1l az elmulaszt\u00e1s\u00e1hoz? Oszd meg vel\u00fcnk a kommentekben!<\/strong><\/p>\n<\/div>\n<\/div>\n","protected":false},"excerpt":{"rendered":"<p>V\u00e1ratlanul j\u00f6n \u00e9s k\u00f6nnyen p\u00e1nikot okoz.<\/p>\n","protected":false},"author":5,"featured_media":323093,"comment_status":"open","ping_status":"closed","sticky":false,"template":"","format":"standard","meta":{"buzzeditor_post_format":""},"categories":[49,23],"tags":[547,624,703,5823],"yoast_head":"<!-- This site is optimized with the Yoast SEO plugin v19.6.1 - https:\/\/yoast.com\/wordpress\/plugins\/seo\/ -->\n<title>Mi az az \u00e9les, sz\u00far\u00f3 \u00e9rz\u00e9s, amit n\u00e9ha a mellkasunkban \u00e9rz\u00fcnk?<\/title>\n<meta name=\"description\" content=\"V\u00e1ratlanul j\u00f6n \u00e9s k\u00f6nnyen p\u00e1nikot okoz.\" \/>\n<meta name=\"robots\" content=\"index, follow, max-snippet:-1, max-image-preview:large, max-video-preview:-1\" \/>\n<link rel=\"canonical\" href=\"https:\/\/liked.hu\/old\/eletmod\/prekordialis-fogasi-szindroma\/\" \/>\n<meta property=\"og:locale\" content=\"hu_HU\" \/>\n<meta property=\"og:type\" content=\"article\" \/>\n<meta property=\"og:title\" content=\"Mi az az \u00e9les, sz\u00far\u00f3 \u00e9rz\u00e9s, amit n\u00e9ha a mellkasunkban \u00e9rz\u00fcnk?\" \/>\n<meta property=\"og:description\" content=\"V\u00e1ratlanul j\u00f6n \u00e9s k\u00f6nnyen p\u00e1nikot okoz.\" \/>\n<meta property=\"og:url\" content=\"https:\/\/liked.hu\/old\/eletmod\/prekordialis-fogasi-szindroma\/\" \/>\n<meta property=\"og:site_name\" content=\"Liked.hu\" \/>\n<meta property=\"article:publisher\" content=\"https:\/\/www.facebook.com\/liked.hu\" \/>\n<meta property=\"article:published_time\" content=\"2024-02-26T00:03:57+00:00\" \/>\n<meta property=\"article:modified_time\" content=\"2024-02-26T00:03:59+00:00\" \/>\n<meta property=\"og:image\" content=\"https:\/\/liked.hu\/old\/wp-content\/uploads\/2024\/02\/Szuro-mellkasfajdalom.jpg\" \/>\n\t<meta property=\"og:image:width\" content=\"1200\" \/>\n\t<meta property=\"og:image:height\" content=\"630\" \/>\n\t<meta property=\"og:image:type\" content=\"image\/jpeg\" \/>\n<meta name=\"author\" content=\"Sludenkor\" \/>\n<meta name=\"twitter:card\" content=\"summary\" \/>\n<meta name=\"twitter:creator\" content=\"@LikedHu\" \/>\n<meta name=\"twitter:site\" content=\"@LikedHu\" \/>\n<meta name=\"twitter:label1\" content=\"Szerz\u0151:\" \/>\n\t<meta name=\"twitter:data1\" content=\"Sludenkor\" \/>\n\t<meta name=\"twitter:label2\" content=\"Becs\u00fclt olvas\u00e1si id\u0151\" \/>\n\t<meta name=\"twitter:data2\" content=\"5 perc\" \/>\n<script type=\"application\/ld+json\" class=\"yoast-schema-graph\">{\"@context\":\"https:\/\/schema.org\",\"@graph\":[{\"@type\":\"Article\",\"@id\":\"https:\/\/liked.hu\/old\/eletmod\/prekordialis-fogasi-szindroma\/#article\",\"isPartOf\":{\"@id\":\"https:\/\/liked.hu\/old\/eletmod\/prekordialis-fogasi-szindroma\/\"},\"author\":{\"name\":\"Sludenkor\",\"@id\":\"https:\/\/liked.hu\/old\/#\/schema\/person\/6650f7130e2154421c3a5cae3435b47c\"},\"headline\":\"Mi az az \u00e9les, sz\u00far\u00f3 \u00e9rz\u00e9s, amit n\u00e9ha a mellkasunkban \u00e9rz\u00fcnk?\",\"datePublished\":\"2024-02-26T00:03:57+00:00\",\"dateModified\":\"2024-02-26T00:03:59+00:00\",\"mainEntityOfPage\":{\"@id\":\"https:\/\/liked.hu\/old\/eletmod\/prekordialis-fogasi-szindroma\/\"},\"wordCount\":956,\"commentCount\":0,\"publisher\":{\"@id\":\"https:\/\/liked.hu\/old\/#organization\"},\"keywords\":[\"eg\u00e9szs\u00e9g\",\"emberi test\",\"f\u00e1jdalom\",\"Ma tudtam meg!\"],\"articleSection\":[\"\u00c9letm\u00f3d\",\"\u00c9rdekess\u00e9gek\"],\"inLanguage\":\"hu\",\"potentialAction\":[{\"@type\":\"CommentAction\",\"name\":\"Comment\",\"target\":[\"https:\/\/liked.hu\/old\/eletmod\/prekordialis-fogasi-szindroma\/#respond\"]}]},{\"@type\":\"WebPage\",\"@id\":\"https:\/\/liked.hu\/old\/eletmod\/prekordialis-fogasi-szindroma\/\",\"url\":\"https:\/\/liked.hu\/old\/eletmod\/prekordialis-fogasi-szindroma\/\",\"name\":\"Mi az az \u00e9les, sz\u00far\u00f3 \u00e9rz\u00e9s, amit n\u00e9ha a mellkasunkban \u00e9rz\u00fcnk?\",\"isPartOf\":{\"@id\":\"https:\/\/liked.hu\/old\/#website\"},\"datePublished\":\"2024-02-26T00:03:57+00:00\",\"dateModified\":\"2024-02-26T00:03:59+00:00\",\"description\":\"V\u00e1ratlanul j\u00f6n \u00e9s k\u00f6nnyen p\u00e1nikot okoz.\",\"breadcrumb\":{\"@id\":\"https:\/\/liked.hu\/old\/eletmod\/prekordialis-fogasi-szindroma\/#breadcrumb\"},\"inLanguage\":\"hu\",\"potentialAction\":[{\"@type\":\"ReadAction\",\"target\":[\"https:\/\/liked.hu\/old\/eletmod\/prekordialis-fogasi-szindroma\/\"]}]},{\"@type\":\"BreadcrumbList\",\"@id\":\"https:\/\/liked.hu\/old\/eletmod\/prekordialis-fogasi-szindroma\/#breadcrumb\",\"itemListElement\":[{\"@type\":\"ListItem\",\"position\":1,\"name\":\"Kezd\u0151lap\",\"item\":\"https:\/\/liked.hu\/old\/\"},{\"@type\":\"ListItem\",\"position\":2,\"name\":\"Mi az az \u00e9les, sz\u00far\u00f3 \u00e9rz\u00e9s, amit n\u00e9ha a mellkasunkban \u00e9rz\u00fcnk?\"}]},{\"@type\":\"WebSite\",\"@id\":\"https:\/\/liked.hu\/old\/#website\",\"url\":\"https:\/\/liked.hu\/old\/\",\"name\":\"Liked.hu\",\"description\":\"\",\"publisher\":{\"@id\":\"https:\/\/liked.hu\/old\/#organization\"},\"potentialAction\":[{\"@type\":\"SearchAction\",\"target\":{\"@type\":\"EntryPoint\",\"urlTemplate\":\"https:\/\/liked.hu\/old\/?s={search_term_string}\"},\"query-input\":\"required name=search_term_string\"}],\"inLanguage\":\"hu\"},{\"@type\":\"Organization\",\"@id\":\"https:\/\/liked.hu\/old\/#organization\",\"name\":\"Liked.hu\",\"url\":\"https:\/\/liked.hu\/old\/\",\"sameAs\":[\"https:\/\/hu.pinterest.com\/likedhungary\/\",\"https:\/\/www.youtube.com\/channel\/UCPv91dbMoIukYcM9b9nHN6Q\",\"https:\/\/www.facebook.com\/liked.hu\",\"https:\/\/twitter.com\/LikedHu\"],\"logo\":{\"@type\":\"ImageObject\",\"inLanguage\":\"hu\",\"@id\":\"https:\/\/liked.hu\/old\/#\/schema\/logo\/image\/\",\"url\":\"https:\/\/liked.hu\/wp-content\/uploads\/2018\/08\/Liked-icon.png\",\"contentUrl\":\"https:\/\/liked.hu\/wp-content\/uploads\/2018\/08\/Liked-icon.png\",\"width\":512,\"height\":512,\"caption\":\"Liked.hu\"},\"image\":{\"@id\":\"https:\/\/liked.hu\/old\/#\/schema\/logo\/image\/\"}},{\"@type\":\"Person\",\"@id\":\"https:\/\/liked.hu\/old\/#\/schema\/person\/6650f7130e2154421c3a5cae3435b47c\",\"name\":\"Sludenkor\",\"image\":{\"@type\":\"ImageObject\",\"inLanguage\":\"hu\",\"@id\":\"https:\/\/liked.hu\/old\/#\/schema\/person\/image\/\",\"url\":\"https:\/\/liked.hu\/old\/wp-content\/uploads\/avatars\/5\/604de86470f75-bpfull.jpg\",\"contentUrl\":\"https:\/\/liked.hu\/old\/wp-content\/uploads\/avatars\/5\/604de86470f75-bpfull.jpg\",\"caption\":\"Sludenkor\"},\"url\":\"https:\/\/liked.hu\/old\/u\/sludenkor\/\"}]}<\/script>\n<!-- \/ Yoast SEO plugin. -->","yoast_head_json":{"title":"Mi az az \u00e9les, sz\u00far\u00f3 \u00e9rz\u00e9s, amit n\u00e9ha a mellkasunkban \u00e9rz\u00fcnk?","description":"V\u00e1ratlanul j\u00f6n \u00e9s k\u00f6nnyen p\u00e1nikot okoz.","robots":{"index":"index","follow":"follow","max-snippet":"max-snippet:-1","max-image-preview":"max-image-preview:large","max-video-preview":"max-video-preview:-1"},"canonical":"https:\/\/liked.hu\/old\/eletmod\/prekordialis-fogasi-szindroma\/","og_locale":"hu_HU","og_type":"article","og_title":"Mi az az \u00e9les, sz\u00far\u00f3 \u00e9rz\u00e9s, amit n\u00e9ha a mellkasunkban \u00e9rz\u00fcnk?","og_description":"V\u00e1ratlanul j\u00f6n \u00e9s k\u00f6nnyen p\u00e1nikot okoz.","og_url":"https:\/\/liked.hu\/old\/eletmod\/prekordialis-fogasi-szindroma\/","og_site_name":"Liked.hu","article_publisher":"https:\/\/www.facebook.com\/liked.hu","article_published_time":"2024-02-26T00:03:57+00:00","article_modified_time":"2024-02-26T00:03:59+00:00","og_image":[{"width":1200,"height":630,"url":"https:\/\/liked.hu\/old\/wp-content\/uploads\/2024\/02\/Szuro-mellkasfajdalom.jpg","type":"image\/jpeg"}],"author":"Sludenkor","twitter_card":"summary","twitter_creator":"@LikedHu","twitter_site":"@LikedHu","twitter_misc":{"Szerz\u0151:":"Sludenkor","Becs\u00fclt olvas\u00e1si id\u0151":"5 perc"},"schema":{"@context":"https:\/\/schema.org","@graph":[{"@type":"Article","@id":"https:\/\/liked.hu\/old\/eletmod\/prekordialis-fogasi-szindroma\/#article","isPartOf":{"@id":"https:\/\/liked.hu\/old\/eletmod\/prekordialis-fogasi-szindroma\/"},"author":{"name":"Sludenkor","@id":"https:\/\/liked.hu\/old\/#\/schema\/person\/6650f7130e2154421c3a5cae3435b47c"},"headline":"Mi az az \u00e9les, sz\u00far\u00f3 \u00e9rz\u00e9s, amit n\u00e9ha a mellkasunkban \u00e9rz\u00fcnk?","datePublished":"2024-02-26T00:03:57+00:00","dateModified":"2024-02-26T00:03:59+00:00","mainEntityOfPage":{"@id":"https:\/\/liked.hu\/old\/eletmod\/prekordialis-fogasi-szindroma\/"},"wordCount":956,"commentCount":0,"publisher":{"@id":"https:\/\/liked.hu\/old\/#organization"},"keywords":["eg\u00e9szs\u00e9g","emberi test","f\u00e1jdalom","Ma tudtam meg!"],"articleSection":["\u00c9letm\u00f3d","\u00c9rdekess\u00e9gek"],"inLanguage":"hu","potentialAction":[{"@type":"CommentAction","name":"Comment","target":["https:\/\/liked.hu\/old\/eletmod\/prekordialis-fogasi-szindroma\/#respond"]}]},{"@type":"WebPage","@id":"https:\/\/liked.hu\/old\/eletmod\/prekordialis-fogasi-szindroma\/","url":"https:\/\/liked.hu\/old\/eletmod\/prekordialis-fogasi-szindroma\/","name":"Mi az az \u00e9les, sz\u00far\u00f3 \u00e9rz\u00e9s, amit n\u00e9ha a mellkasunkban \u00e9rz\u00fcnk?","isPartOf":{"@id":"https:\/\/liked.hu\/old\/#website"},"datePublished":"2024-02-26T00:03:57+00:00","dateModified":"2024-02-26T00:03:59+00:00","description":"V\u00e1ratlanul j\u00f6n \u00e9s k\u00f6nnyen p\u00e1nikot okoz.","breadcrumb":{"@id":"https:\/\/liked.hu\/old\/eletmod\/prekordialis-fogasi-szindroma\/#breadcrumb"},"inLanguage":"hu","potentialAction":[{"@type":"ReadAction","target":["https:\/\/liked.hu\/old\/eletmod\/prekordialis-fogasi-szindroma\/"]}]},{"@type":"BreadcrumbList","@id":"https:\/\/liked.hu\/old\/eletmod\/prekordialis-fogasi-szindroma\/#breadcrumb","itemListElement":[{"@type":"ListItem","position":1,"name":"Kezd\u0151lap","item":"https:\/\/liked.hu\/old\/"},{"@type":"ListItem","position":2,"name":"Mi az az \u00e9les, sz\u00far\u00f3 \u00e9rz\u00e9s, amit n\u00e9ha a mellkasunkban \u00e9rz\u00fcnk?"}]},{"@type":"WebSite","@id":"https:\/\/liked.hu\/old\/#website","url":"https:\/\/liked.hu\/old\/","name":"Liked.hu","description":"","publisher":{"@id":"https:\/\/liked.hu\/old\/#organization"},"potentialAction":[{"@type":"SearchAction","target":{"@type":"EntryPoint","urlTemplate":"https:\/\/liked.hu\/old\/?s={search_term_string}"},"query-input":"required name=search_term_string"}],"inLanguage":"hu"},{"@type":"Organization","@id":"https:\/\/liked.hu\/old\/#organization","name":"Liked.hu","url":"https:\/\/liked.hu\/old\/","sameAs":["https:\/\/hu.pinterest.com\/likedhungary\/","https:\/\/www.youtube.com\/channel\/UCPv91dbMoIukYcM9b9nHN6Q","https:\/\/www.facebook.com\/liked.hu","https:\/\/twitter.com\/LikedHu"],"logo":{"@type":"ImageObject","inLanguage":"hu","@id":"https:\/\/liked.hu\/old\/#\/schema\/logo\/image\/","url":"https:\/\/liked.hu\/wp-content\/uploads\/2018\/08\/Liked-icon.png","contentUrl":"https:\/\/liked.hu\/wp-content\/uploads\/2018\/08\/Liked-icon.png","width":512,"height":512,"caption":"Liked.hu"},"image":{"@id":"https:\/\/liked.hu\/old\/#\/schema\/logo\/image\/"}},{"@type":"Person","@id":"https:\/\/liked.hu\/old\/#\/schema\/person\/6650f7130e2154421c3a5cae3435b47c","name":"Sludenkor","image":{"@type":"ImageObject","inLanguage":"hu","@id":"https:\/\/liked.hu\/old\/#\/schema\/person\/image\/","url":"https:\/\/liked.hu\/old\/wp-content\/uploads\/avatars\/5\/604de86470f75-bpfull.jpg","contentUrl":"https:\/\/liked.hu\/old\/wp-content\/uploads\/avatars\/5\/604de86470f75-bpfull.jpg","caption":"Sludenkor"},"url":"https:\/\/liked.hu\/old\/u\/sludenkor\/"}]}},"publishpress_future_action":{"enabled":false,"date":"1970-01-01 01:00:00","action":"","terms":[],"taxonomy":"","browser_timezone_offset":0},"_links":{"self":[{"href":"https:\/\/liked.hu\/old\/wp-json\/wp\/v2\/posts\/323092"}],"collection":[{"href":"https:\/\/liked.hu\/old\/wp-json\/wp\/v2\/posts"}],"about":[{"href":"https:\/\/liked.hu\/old\/wp-json\/wp\/v2\/types\/post"}],"author":[{"embeddable":true,"href":"https:\/\/liked.hu\/old\/wp-json\/wp\/v2\/users\/5"}],"replies":[{"embeddable":true,"href":"https:\/\/liked.hu\/old\/wp-json\/wp\/v2\/comments?post=323092"}],"version-history":[{"count":0,"href":"https:\/\/liked.hu\/old\/wp-json\/wp\/v2\/posts\/323092\/revisions"}],"wp:featuredmedia":[{"embeddable":true,"href":"https:\/\/liked.hu\/old\/wp-json\/wp\/v2\/media\/323093"}],"wp:attachment":[{"href":"https:\/\/liked.hu\/old\/wp-json\/wp\/v2\/media?parent=323092"}],"wp:term":[{"taxonomy":"category","embeddable":true,"href":"https:\/\/liked.hu\/old\/wp-json\/wp\/v2\/categories?post=323092"},{"taxonomy":"post_tag","embeddable":true,"href":"https:\/\/liked.hu\/old\/wp-json\/wp\/v2\/tags?post=323092"}],"curies":[{"name":"wp","href":"https:\/\/api.w.org\/{rel}","templated":true}]}}