{"id":320934,"date":"2023-12-10T18:10:21","date_gmt":"2023-12-10T17:10:21","guid":{"rendered":"https:\/\/liked.hu\/old\/?p=320934"},"modified":"2023-12-10T18:10:23","modified_gmt":"2023-12-10T17:10:23","slug":"17-osi-targy-ami-lenyugoz-a-tartossagaval-es-a-kidolgozottsagaval","status":"publish","type":"post","link":"https:\/\/liked.hu\/old\/internetes-dolgok\/17-osi-targy-ami-lenyugoz-a-tartossagaval-es-a-kidolgozottsagaval\/","title":{"rendered":"17 \u0151si t\u00e1rgy, ami leny\u0171g\u00f6z a tart\u00f3ss\u00e1g\u00e1val \u00e9s a kidolgozotts\u00e1g\u00e1val"},"content":{"rendered":"\n<p>Vannak olyan r\u00e9gi holmik, amik egykoron elvesztek, \u00e9s csak \u00e9vsz\u00e1zadokkal k\u00e9s\u0151bb tal\u00e1lt\u00e1k meg \u0151ket ism\u00e9t az emberek. Ilyenkor mindig leny\u0171g\u00f6z minket az a t\u00e9ny, hogy egy\u00e1ltal\u00e1n k\u00e9pesek voltak ki\u00e1llni ezek a r\u00e9gi dolgok az id\u0151k pr\u00f3b\u00e1j\u00e1t, m\u00e1sr\u00e9szt, hogy mik\u00e9nt voltak k\u00e9pesek az \u0151seink a r\u00e9gi, kezdetleges eszk\u00f6z\u00f6k seg\u00edts\u00e9g\u00e9vel ilyen apr\u00f3l\u00e9kosan kidolgozott holmikat k\u00e9sz\u00edteni.<\/p>\n\n\n\n\n<div style=\"float:none;margin:0px 0 0px 0;text-align:center;\">\n<div class=\"mobileShowkakettes\"><div class=\"mobileShowka2\"><div style=\"padding-top:0px;padding-bottom:15px;min-height: 300px;\"><div class=\"hirdetes\">HIRDET\u00c9S<\/div>\n<!-- 300lista -->\n<ins class=\"adsbygoogle\"\n     style=\"display:inline-block;width:300px;height:250px\"\n     data-ad-client=\"ca-pub-9424088931673893\"\n     data-ad-slot=\"8471340766\"><\/ins>\n<script async>\n     (adsbygoogle = window.adsbygoogle || []).push({});\n<\/script><\/div><\/div><\/div><\/div>\n\n\n\n\n<p>A <strong>Liked.hu<\/strong>-n\u00e1l most olyan m\u0171t\u00e1rgyakat gy\u0171jt\u00f6tt\u00fcnk \u00f6ssze, amiket a vil\u00e1g k\u00fcl\u00f6nb\u00f6z\u0151 r\u00e9szein tal\u00e1ltak a r\u00e9g\u00e9szek, de ennek ellen\u00e9re egyvalami m\u00e9gis k\u00f6z\u00f6s benn\u00fck: leny\u0171g\u00f6z\u0151 a kidolgozotts\u00e1guk.<\/p>\n\n\n\n<div class=\"wp-block-buzzeditor-list be-list be-list-type-asc be-list-number-style-none\">\n<div class=\"wp-block-buzzeditor-list-item\"><h3 class=\"be-list-item-title\"><span style=\"color:;background-color:;border-color:\" class=\"be-list-item-number\">1<\/span> <span style=\"color:;background-color:;border-color:\" class=\"be-list-item-text\">Mit gondolsz, mennyi id\u0151be telt, am\u00edg ez a sziklafestm\u00e9ny, amit az egyik legnagyobbnak tartanak, elk\u00e9sz\u00fclt? Az Amazonas-erd\u0151ben fedezt\u00e9k fel, \u00e9s az alkot\u00e1s k\u00f6r\u00fclbel\u00fcl 12.500 \u00e9ves.<\/span><\/h3>\n<figure class=\"wp-block-image size-full\"><img loading=\"lazy\" width=\"700\" height=\"467\" src=\"https:\/\/liked.hu\/old\/wp-content\/uploads\/2023\/12\/Tortenelmi-mutargyak-028.webp\" alt=\"T\u00f6rt\u00e9nelmi m\u0171t\u00e1rgyak 028\" class=\"wp-image-320953\"\/><\/figure>\n\n\n\n<p>A tanulm\u00e1nyoz\u00e1sa sor\u00e1n olyan \u00e1llatok k\u00e9peire bukkantak, amelyek ma is \u00e9lnek a bolyg\u00f3nkon, \u00e9s olyanokra is, amelyeket m\u00e1r csak k\u00e9peken l\u00e1thatunk: masztodonok, \u00f3ri\u00e1si f\u00f6ldi lajh\u00e1rok \u00e9s h\u00e1romujj\u00fa pat\u00e1s \u00e1llatok, amelyeknek orm\u00e1nyuk volt.<\/p>\n<\/div>\n\n\n\n<div class=\"wp-block-buzzeditor-list-item\"><h3 class=\"be-list-item-title\"><span style=\"color:;background-color:;border-color:\" class=\"be-list-item-number\">2<\/span> <span style=\"color:;background-color:;border-color:\" class=\"be-list-item-text\">Te hordan\u00e1l egy ilyen gy\u0171r\u0171t k\u00e9tezer \u00e9ves zaf\u00edrral?<\/span><\/h3>\n<figure class=\"wp-block-image size-full\"><img loading=\"lazy\" width=\"700\" height=\"506\" src=\"https:\/\/liked.hu\/old\/wp-content\/uploads\/2023\/12\/Tortenelmi-mutargyak-027.webp\" alt=\"T\u00f6rt\u00e9nelmi m\u0171t\u00e1rgyak 027\" class=\"wp-image-320952\"\/><\/figure>\n\n\n\n<p>Az \u00e9kszer nem ak\u00e1rmilyen n\u0151t, hanem Caligula r\u00f3mai cs\u00e1sz\u00e1r negyedik feles\u00e9g\u00e9t, Milonia Caesonia-t \u00e1br\u00e1zolja. \u0150 maga is viselte ezt a gy\u0171r\u0171t.<\/p>\n\n\n\n<p>A zaf\u00edrt, mint \u00e1sv\u00e1nyt, a kem\u00e9nys\u00e9ge \u00e9s szil\u00e1rds\u00e1ga miatt nagyon neh\u00e9z csiszolni, nemhogy ilyen k\u00e9pet faragni bele.<\/p>\n\n\n\n\n<div style=\"float:none;margin:0px 0 0px 0;text-align:center;\">\n<div class=\"mobileHideke5\"><div style=\"margin-top:25px;\"><div class=\"hirdeteshatter\"><div style=\"display: inline-block;width: 50%;min-width:305px;vertical-align: top;\"><div class=\"hirdetes\">HIRDET\u00c9S<\/div>\n<!-- LikedQ51 -->\n<ins class=\"adsbygoogle\"\n     style=\"display:inline-block;width:300px;height:250px\"\n     data-ad-client=\"ca-pub-9424088931673893\"\n     data-ad-slot=\"8284063326\"><\/ins>\n<script async>\n     (adsbygoogle = window.adsbygoogle || []).push({});\n<\/script><\/div><div style=\"display: inline-block;width: 50%;min-width:305px;vertical-align: top;\"><div class=\"hirdetes\">HIRDET\u00c9S<\/div>\n<!-- LikedQ52 -->\n<ins class=\"adsbygoogle\"\n     style=\"display:inline-block;width:300px;height:250px\"\n     data-ad-client=\"ca-pub-9424088931673893\"\n     data-ad-slot=\"2840164950\"><\/ins>\n<script async>\n     (adsbygoogle = window.adsbygoogle || []).push({});\n<\/script><\/div><\/div><\/div><\/div>\n<div style=\"display:flex;flex-direction:column;\"><div class=\"mobileShowka5\"><div style=\"padding-top:10px;padding-bottom:10px;min-height: 300px;\"><div class=\"hirdetes\">HIRDET\u00c9S<\/div>\n<!-- LikedQ5M -->\n<ins class=\"adsbygoogle\"\n     style=\"display:inline-block;width:300px;height:250px\"\n     data-ad-client=\"ca-pub-9424088931673893\"\n     data-ad-slot=\"9022429928\"><\/ins>\n<script async>\n     (adsbygoogle = window.adsbygoogle || []).push({});\n<\/script><\/div><\/div><\/div><\/div>\n\n<\/div>\n\n\n\n<div class=\"wp-block-buzzeditor-list-item\"><h3 class=\"be-list-item-title\"><span style=\"color:;background-color:;border-color:\" class=\"be-list-item-number\">3<\/span> <span style=\"color:;background-color:;border-color:\" class=\"be-list-item-text\">Azok, akik 1965-ben r\u00e9szt vettek az \u00e1sat\u00e1sokon Mezhyrichben (Ukrajna), szerencs\u00e9sek voltak, mert n\u00e9gy kunyh\u00f3t tal\u00e1ltak, amelyek 149 mamutcsontb\u00f3l k\u00e9sz\u00fcltek.<\/span><\/h3>\n<figure class=\"wp-block-image size-full\"><img loading=\"lazy\" width=\"700\" height=\"429\" src=\"https:\/\/liked.hu\/old\/wp-content\/uploads\/2023\/12\/Tortenelmi-mutargyak-026.webp\" alt=\"T\u00f6rt\u00e9nelmi m\u0171t\u00e1rgyak 026\" class=\"wp-image-320951\"\/><\/figure>\n\n\n\n<p>Az \u0151skori ember 15.000 \u00e9vvel ezel\u0151tt ilyen kunyh\u00f3kban \u00e9lt.<\/p>\n<\/div>\n\n\n\n<div class=\"wp-block-buzzeditor-list-item\"><h3 class=\"be-list-item-title\"><span style=\"color:;background-color:;border-color:\" class=\"be-list-item-number\">4<\/span> <span style=\"color:;background-color:;border-color:\" class=\"be-list-item-text\">Ma m\u00e1r b\u00e1rhol l\u00e1thatunk k\u00e9peket a Holdr\u00f3l, de az \u00e9gitest els\u0151 rajz\u00e1t Galilei k\u00e9sz\u00edtette egykoron. Ezt annak k\u00f6sz\u00f6nhette, hogy 1609-ben t\u00e1vcs\u0151vel megfigyelte az \u00e9gboltot.<\/span><\/h3>\n<figure class=\"wp-block-image size-full\"><img loading=\"lazy\" width=\"700\" height=\"967\" src=\"https:\/\/liked.hu\/old\/wp-content\/uploads\/2023\/12\/Tortenelmi-mutargyak-025.webp\" alt=\"T\u00f6rt\u00e9nelmi m\u0171t\u00e1rgyak 025\" class=\"wp-image-320950\"\/><\/figure>\n\n\n\n<p>Kider\u00fclt, hogy a tud\u00f3s m\u00e1r akkor l\u00e1tta, hogy a Holdnak van egy \u00fagynevezett s\u00f6t\u00e9t \u00e9s egy vil\u00e1gos oldala. N\u00e9zd csak meg, milyen r\u00e9szletesen \u00e1br\u00e1zolta a kr\u00e1tereket \u00e9s m\u00e9g mag\u00e1t a felsz\u00ednt is.<\/p>\n<\/div>\n\n\n\n<div class=\"wp-block-buzzeditor-list-item\"><h3 class=\"be-list-item-title\"><span style=\"color:;background-color:;border-color:\" class=\"be-list-item-number\">5<\/span> <span style=\"color:;background-color:;border-color:\" class=\"be-list-item-text\">&#8222;Krisztus a lepel alatt&#8221; m\u00e1rv\u00e1nyb\u00f3l k\u00e9sz\u00fclt 1753-ban. B\u00e1mulatos, hogy Giuseppe Sanmartino olasz szobr\u00e1sznak hogyan siker\u00fclt kifaragnia a lepel legapr\u00f3bb r\u00e9szleteit.<\/span><\/h3>\n<figure class=\"wp-block-image size-full\"><img loading=\"lazy\" width=\"700\" height=\"793\" src=\"https:\/\/liked.hu\/old\/wp-content\/uploads\/2023\/12\/Tortenelmi-mutargyak-024.webp\" alt=\"T\u00f6rt\u00e9nelmi m\u0171t\u00e1rgyak 024\" class=\"wp-image-320949\"\/><\/figure>\n\n\n\n<p>A lepel, amellyel \u00e9pp csak letakart\u00e1k Krisztus test\u00e9t, akit n\u00e9h\u00e1ny perccel ezel\u0151tt vettek le a keresztr\u0151l. Lehetetlennek t\u0171nik, hogy valaki ilyen apr\u00f3l\u00e9kos munk\u00e1t v\u00e9gezzen. Nem v\u00e9letlen, hogy a vil\u00e1g minden t\u00e1j\u00e1r\u00f3l turist\u00e1k l\u00e1togatj\u00e1k az olasz San Severo k\u00e1poln\u00e1t, \u00e9s csod\u00e1lj\u00e1k Giuseppe \u00fcgyess\u00e9g\u00e9t.<\/p>\n\n\n\n\n<div style=\"float:none;margin:0px 0 0px 0;text-align:center;\">\n<div class=\"mobileHideke8\"><div style=\"margin-top:25px;\"><div class=\"hirdeteshatter\"><div style=\"display: inline-block;width: 50%;min-width:340px;vertical-align: top;\"><div class=\"hirdetes\">HIRDET\u00c9S<\/div>\n<!-- Liked7Q1 -->\n<ins class=\"adsbygoogle\"\n     style=\"display:inline-block;width:336px;height:280px\"\n     data-ad-client=\"ca-pub-9424088931673893\"\n     data-ad-slot=\"3022062587\"><\/ins>\n<script async>\n     (adsbygoogle = window.adsbygoogle || []).push({});\n<\/script><\/div><div style=\"display: inline-block;width: 50%;min-width:340px;vertical-align: top;\"><div class=\"hirdetes\">HIRDET\u00c9S<\/div>\n<!-- Liked7Q2 -->\n<ins class=\"adsbygoogle\"\n     style=\"display:inline-block;width:336px;height:280px\"\n     data-ad-client=\"ca-pub-9424088931673893\"\n     data-ad-slot=\"3952000871\"><\/ins>\n<script async>\n     (adsbygoogle = window.adsbygoogle || []).push({});\n<\/script><\/div><\/div><\/div><\/div>\n<div style=\"display:flex;flex-direction:column;\"><div class=\"mobileShowka8\"><div style=\"padding-top:15px;margin-bottom:15px;min-height: 300px;\"><div class=\"hirdetes\">HIRDET\u00c9S<\/div>\n<!-- Liked7QMobil -->\n<ins class=\"adsbygoogle\"\n     style=\"display:inline-block;width:336px;height:280px\"\n     data-ad-client=\"ca-pub-9424088931673893\"\n     data-ad-slot=\"5073510857\"><\/ins>\n<script async>\n     (adsbygoogle = window.adsbygoogle || []).push({});\n<\/script><\/div><\/div><\/div><\/div>\n\n<\/div>\n\n\n\n<div class=\"wp-block-buzzeditor-list-item\"><h3 class=\"be-list-item-title\"><span style=\"color:;background-color:;border-color:\" class=\"be-list-item-number\">6<\/span> <span style=\"color:;background-color:;border-color:\" class=\"be-list-item-text\">A maj\u00e1k \u00e1ltal k\u00e9sz\u00edtett ker\u00e1miafigura. M\u00e9g egy levehet\u0151 sisak is van rajta, \u00e9s 1500 \u00e9ves. A guatemalai El Peruban fedezt\u00e9k fel.<\/span><\/h3>\n<figure class=\"wp-block-image size-full\"><img loading=\"lazy\" width=\"700\" height=\"712\" src=\"https:\/\/liked.hu\/old\/wp-content\/uploads\/2023\/12\/Tortenelmi-mutargyak-023.webp\" alt=\"T\u00f6rt\u00e9nelmi m\u0171t\u00e1rgyak 023\" class=\"wp-image-320948\"\/><\/figure>\n\n\n\n<p>\u00dagy d\u00f6nt\u00f6ttek, hogy a figur\u00e1b\u00f3l \u00edt\u00e9lve ez egy bokszol\u00f3 lehet, aki keszty\u0171k\u00e9nt kagyl\u00f3h\u00e9jakat visel.<\/p>\n<\/div>\n\n\n\n<div class=\"wp-block-buzzeditor-list-item\"><h3 class=\"be-list-item-title\"><span style=\"color:;background-color:;border-color:\" class=\"be-list-item-number\">7<\/span> <span style=\"color:;background-color:;border-color:\" class=\"be-list-item-text\">Aki j\u00e1rt m\u00e1r Pr\u00e1g\u00e1ban, val\u00f3sz\u00edn\u0171leg volt m\u00e1r olyan szerencs\u00e9s, hogy saj\u00e1t szem\u00e9vel l\u00e1thatta az \u00f3v\u00e1ros f\u0151ter\u00e9n \u00e1ll\u00f3 Olroj \u00f3ratornyot. Ezt az \u00f3ratornyot 1410-ben \u00e9p\u00edtett\u00e9k.<\/span><\/h3>\n<figure class=\"wp-block-image size-full\"><img loading=\"lazy\" width=\"750\" height=\"1121\" src=\"https:\/\/liked.hu\/old\/wp-content\/uploads\/2023\/12\/Tortenelmi-mutargyak-022.webp\" alt=\"T\u00f6rt\u00e9nelmi m\u0171t\u00e1rgyak 022\" class=\"wp-image-320947\"\/><\/figure>\n\n\n\n<p>B\u00e1r nem ez a vil\u00e1g legr\u00e9gebbi csillag\u00e1szati \u00f3r\u00e1ja, hanem a harmadik, de ez az egyetlen, amely m\u00e9g ma is m\u0171k\u00f6dik. Az \u00f3ra nagyon n\u00e9pszer\u0171 a turist\u00e1k k\u00f6r\u00e9ben.<\/p>\n<\/div>\n\n\n\n<div class=\"wp-block-buzzeditor-list-item\"><h3 class=\"be-list-item-title\"><span style=\"color:;background-color:;border-color:\" class=\"be-list-item-number\">8<\/span> <span style=\"color:;background-color:;border-color:\" class=\"be-list-item-text\">Miksa magyar kir\u00e1ly egykor viselt p\u00e1nc\u00e9lj\u00e1nak egy r\u00e9sze. 1555-ben k\u00e9sz\u00edtett\u00e9k neki, \u00e9s ma a b\u00e9csi M\u0171v\u00e9szett\u00f6rt\u00e9neti M\u00fazeumban l\u00e1that\u00f3.<\/span><\/h3>\n<figure class=\"wp-block-image size-full\"><img loading=\"lazy\" width=\"700\" height=\"548\" src=\"https:\/\/liked.hu\/old\/wp-content\/uploads\/2023\/12\/Tortenelmi-mutargyak-021.webp\" alt=\"T\u00f6rt\u00e9nelmi m\u0171t\u00e1rgyak 021\" class=\"wp-image-320946\"\/><\/figure>\n\n\n\n\n<div style=\"float:none;margin:0px 0 0px 0;text-align:center;\">\n<div class=\"mobileHideke8\"><div class=\"hirdeteshatter\"><div style=\"display: inline-block;width: 50%;min-width:340px;vertical-align: top;\"><div class=\"hirdetes\">HIRDET\u00c9S<\/div>\n<!-- LikedQ81 -->\n<ins class=\"adsbygoogle\"\n     style=\"display:inline-block;width:336px;height:280px\"\n     data-ad-client=\"ca-pub-9424088931673893\"\n     data-ad-slot=\"2436840276\"><\/ins>\n<script async>\n     (adsbygoogle = window.adsbygoogle || []).push({});\n<\/script><\/div><div style=\"display: inline-block;width: 50%;min-width:340px;vertical-align: top;\"><div class=\"hirdetes\">HIRDET\u00c9S<\/div>\n<!-- LikedQ82 -->\n<ins class=\"adsbygoogle\"\n     style=\"display:inline-block;width:336px;height:280px\"\n     data-ad-client=\"ca-pub-9424088931673893\"\n     data-ad-slot=\"3558350253\"><\/ins>\n<script async>\n     (adsbygoogle = window.adsbygoogle || []).push({});\n<\/script><\/div><\/div><\/div>\n<div style=\"display:flex;flex-direction:column;\"><div class=\"mobileShowka8 nyolc\"><div style=\"padding-top:15px;padding-bottom:5px;min-height: 300px;\"><div class=\"hirdetes\">HIRDET\u00c9S<\/div>\n<!-- LikedQ8M -->\n<ins class=\"adsbygoogle\"\n     style=\"display:inline-block;width:336px;height:280px\"\n     data-ad-client=\"ca-pub-9424088931673893\"\n     data-ad-slot=\"4679860235\"><\/ins>\n<script async>\n     (adsbygoogle = window.adsbygoogle || []).push({});\n<\/script><\/div><\/div><\/div><\/div>\n\n<\/div>\n\n\n\n<div class=\"wp-block-buzzeditor-list-item\"><h3 class=\"be-list-item-title\"><span style=\"color:;background-color:;border-color:\" class=\"be-list-item-number\">9<\/span> <span style=\"color:;background-color:;border-color:\" class=\"be-list-item-text\">A legr\u00e9gebbi sz\u00e9lmalmok k\u00f6z\u00fcl n\u00e9h\u00e1ny az ir\u00e1ni Nashtifan faluban tal\u00e1lhat\u00f3, \u00e9s m\u00e9g ma is m\u0171k\u00f6dnek.<\/span><\/h3>\n<figure class=\"wp-block-image size-full\"><img loading=\"lazy\" width=\"700\" height=\"417\" src=\"https:\/\/liked.hu\/old\/wp-content\/uploads\/2023\/12\/Tortenelmi-mutargyak-020.webp\" alt=\"T\u00f6rt\u00e9nelmi m\u0171t\u00e1rgyak 020\" class=\"wp-image-320945\"\/><\/figure>\n\n\n\n<p>A legelemibb alapanyagokb\u00f3l k\u00e9sz\u00fclnek: agyagb\u00f3l, szalm\u00e1b\u00f3l \u00e9s f\u00e1b\u00f3l. Nekik k\u00f6sz\u00f6nhet\u0151en a falu k\u00f6zel ezer \u00e9ve jut liszthez.<\/p>\n<\/div>\n\n\n\n<div class=\"wp-block-buzzeditor-list-item\"><h3 class=\"be-list-item-title\"><span style=\"color:;background-color:;border-color:\" class=\"be-list-item-number\">10<\/span> <span style=\"color:;background-color:;border-color:\" class=\"be-list-item-text\">Arckr\u00e9m az \u00f3kori R\u00f3m\u00e1b\u00f3l: k\u00f6r\u00fclbel\u00fcl k\u00e9tezer \u00e9ves lehet.<\/span><\/h3>\n<figure class=\"wp-block-image size-full\"><img loading=\"lazy\" width=\"700\" height=\"986\" src=\"https:\/\/liked.hu\/old\/wp-content\/uploads\/2023\/12\/Tortenelmi-mutargyak-019.webp\" alt=\"T\u00f6rt\u00e9nelmi m\u0171t\u00e1rgyak 019\" class=\"wp-image-320944\"\/><\/figure>\n\n\n\n<p>\u00c9rdekes, hogy mag\u00e1n a fest\u00e9ken m\u00e9g mindig megtal\u00e1lhat\u00f3k az ujjlenyomatok. A leg\u0151sibb kr\u00e9met tartalmaz\u00f3 ed\u00e9nyt egy Mars Istennek emelt templomkomplexumban tal\u00e1lt\u00e1k. K\u00f6r\u00fclbel\u00fcl Kr. u. 2. sz\u00e1zadban k\u00e9sz\u00edthett\u00e9k.<\/p>\n<\/div>\n\n\n\n<!--nextpage-->\n\n\n\n<div class=\"wp-block-buzzeditor-list-item\"><h3 class=\"be-list-item-title\"><span style=\"color:;background-color:;border-color:\" class=\"be-list-item-number\">11<\/span> <span style=\"color:;background-color:;border-color:\" class=\"be-list-item-text\">N\u00e9h\u00e1ny szamur\u00e1j ilyen sisakot (kabuto) viselt, 1700-as \u00e9vek, Jap\u00e1n.<\/span><\/h3>\n<figure class=\"wp-block-image size-full\"><img loading=\"lazy\" width=\"700\" height=\"805\" src=\"https:\/\/liked.hu\/old\/wp-content\/uploads\/2023\/12\/Tortenelmi-mutargyak-018.webp\" alt=\"T\u00f6rt\u00e9nelmi m\u0171t\u00e1rgyak 018\" class=\"wp-image-320943\"\/><\/figure>\n\n\n\n<p>Kabuto: ez a jap\u00e1n sisak a nyakat, a tark\u00f3t \u00e9s a f\u00fcleket v\u00e9dte. Teljes v\u00e9delem. Vajon mennyi id\u0151be telt, mire a harcosok megszokt\u00e1k a visel\u00e9s\u00e9t?<\/p>\n\n\n\n<h4>\u00c9s \u00edgy n\u00e9z ki el\u00f6lr\u0151l:<\/h4>\n\n\n\n<figure class=\"wp-block-image size-full\"><img loading=\"lazy\" width=\"750\" height=\"975\" src=\"https:\/\/liked.hu\/old\/wp-content\/uploads\/2023\/12\/Tortenelmi-mutargyak-017.webp\" alt=\"T\u00f6rt\u00e9nelmi m\u0171t\u00e1rgyak 017\" class=\"wp-image-320942\"\/><\/figure>\n\n\n\n<p>Maga a polip aranyozott vasb\u00f3l k\u00e9sz\u00fclt, \u00e9s levehet\u0151, hogy ne legyen \u00fatban. El tudod k\u00e9pzelni, hogy egy \u00f3kori harcos ilyen sisakot viseljen?<\/p>\n\n\n\n\n<div style=\"float:none;margin:0px 0 0px 0;text-align:center;\">\n<div class=\"mobileHideke5\"><div style=\"margin-top:25px;\"><div class=\"hirdeteshatter\"><div style=\"display: inline-block;width: 50%;min-width:305px;vertical-align: top;\"><div class=\"hirdetes\">HIRDET\u00c9S<\/div>\n<!-- LikedQ51 -->\n<ins class=\"adsbygoogle\"\n     style=\"display:inline-block;width:300px;height:250px\"\n     data-ad-client=\"ca-pub-9424088931673893\"\n     data-ad-slot=\"8284063326\"><\/ins>\n<script async>\n     (adsbygoogle = window.adsbygoogle || []).push({});\n<\/script><\/div><div style=\"display: inline-block;width: 50%;min-width:305px;vertical-align: top;\"><div class=\"hirdetes\">HIRDET\u00c9S<\/div>\n<!-- LikedQ52 -->\n<ins class=\"adsbygoogle\"\n     style=\"display:inline-block;width:300px;height:250px\"\n     data-ad-client=\"ca-pub-9424088931673893\"\n     data-ad-slot=\"2840164950\"><\/ins>\n<script async>\n     (adsbygoogle = window.adsbygoogle || []).push({});\n<\/script><\/div><\/div><\/div><\/div>\n<div style=\"display:flex;flex-direction:column;\"><div class=\"mobileShowka5\"><div style=\"padding-top:10px;padding-bottom:10px;min-height: 300px;\"><div class=\"hirdetes\">HIRDET\u00c9S<\/div>\n<!-- LikedQ5M -->\n<ins class=\"adsbygoogle\"\n     style=\"display:inline-block;width:300px;height:250px\"\n     data-ad-client=\"ca-pub-9424088931673893\"\n     data-ad-slot=\"9022429928\"><\/ins>\n<script async>\n     (adsbygoogle = window.adsbygoogle || []).push({});\n<\/script><\/div><\/div><\/div><\/div>\n\n<\/div>\n\n\n\n<div class=\"wp-block-buzzeditor-list-item\"><h3 class=\"be-list-item-title\"><span style=\"color:;background-color:;border-color:\" class=\"be-list-item-number\">12<\/span> <span style=\"color:;background-color:;border-color:\" class=\"be-list-item-text\">Francesco Morosini d\u00f3zse fegyvere, amit egy k\u00f6z\u00f6ns\u00e9ges Bibli\u00e1ban rejtettek el.<\/span><\/h3>\n<figure class=\"wp-block-image size-full\"><img loading=\"lazy\" width=\"700\" height=\"609\" src=\"https:\/\/liked.hu\/old\/wp-content\/uploads\/2023\/12\/Tortenelmi-mutargyak-016.webp\" alt=\"T\u00f6rt\u00e9nelmi m\u0171t\u00e1rgyak 016\" class=\"wp-image-320941\"\/><\/figure>\n\n\n\n<p>A pisztolyt \u00e9s a Bibli\u00e1t te magad is megtekintheted a velencei T\u00f6rt\u00e9nelmi \u00e9s Kultur\u00e1lis M\u00fazeumban.<\/p>\n<\/div>\n\n\n\n<div class=\"wp-block-buzzeditor-list-item\"><h3 class=\"be-list-item-title\"><span style=\"color:;background-color:;border-color:\" class=\"be-list-item-number\">13<\/span> <span style=\"color:;background-color:;border-color:\" class=\"be-list-item-text\">M\u00e1r 1830-ban is k\u00e9sz\u00edtettek harisny\u00e1t pamutb\u00f3l \u00e9s selyemb\u0151l.<\/span><\/h3>\n<figure class=\"wp-block-image size-full\"><img loading=\"lazy\" width=\"700\" height=\"995\" src=\"https:\/\/liked.hu\/old\/wp-content\/uploads\/2023\/12\/Tortenelmi-mutargyak-015.webp\" alt=\"T\u00f6rt\u00e9nelmi m\u0171t\u00e1rgyak 015\" class=\"wp-image-320940\"\/><\/figure>\n\n\n\n<p>Csak a gazdag divatrajong\u00f3k engedhett\u00e9k meg maguknak, \u00e9s a k\u00e9k r\u00e9sz a tetej\u00e9n tal\u00e1n egyfajta harisnyak\u00f6t\u0151nek szolg\u00e1lt.<\/p>\n<\/div>\n\n\n\n<div class=\"wp-block-buzzeditor-list-item\"><h3 class=\"be-list-item-title\"><span style=\"color:;background-color:;border-color:\" class=\"be-list-item-number\">14<\/span> <span style=\"color:;background-color:;border-color:\" class=\"be-list-item-text\">Egy krist\u00e1lyb\u00f3l k\u00e9sz\u00fclt l\u00e1ndzsahegyet fedeztek fel egy \u00f6tezer \u00e9ves megalitikus s\u00edrban, Spanyolorsz\u00e1gban.<\/span><\/h3>\n<figure class=\"wp-block-image size-full\"><img loading=\"lazy\" width=\"700\" height=\"535\" src=\"https:\/\/liked.hu\/old\/wp-content\/uploads\/2023\/12\/Tortenelmi-mutargyak-014.webp\" alt=\"T\u00f6rt\u00e9nelmi m\u0171t\u00e1rgyak 014\" class=\"wp-image-320939\"\/><\/figure>\n\n\n\n<p>A felfedez\u00e9s helysz\u00edne a spanyolorsz\u00e1gi Tholos de Montelirio volt. A felt\u00e9telez\u00e9sek szerint szertart\u00e1si funkci\u00f3t t\u00f6lt\u00f6tt be, vagy valamilyen m\u00f3don a tulajdonos st\u00e1tusz\u00e1t mutatta. Egy krist\u00e1ly l\u00e1ndzsaheggyel neh\u00e9z lett volna legy\u0151zni az ellens\u00e9get a csat\u00e1ban.<\/p>\n\n\n\n\n<div style=\"float:none;margin:0px 0 0px 0;text-align:center;\">\n<div class=\"mobileHideke8\"><div style=\"margin-top:25px;\"><div class=\"hirdeteshatter\"><div style=\"display: inline-block;width: 50%;min-width:340px;vertical-align: top;\"><div class=\"hirdetes\">HIRDET\u00c9S<\/div>\n<!-- Liked7Q1 -->\n<ins class=\"adsbygoogle\"\n     style=\"display:inline-block;width:336px;height:280px\"\n     data-ad-client=\"ca-pub-9424088931673893\"\n     data-ad-slot=\"3022062587\"><\/ins>\n<script async>\n     (adsbygoogle = window.adsbygoogle || []).push({});\n<\/script><\/div><div style=\"display: inline-block;width: 50%;min-width:340px;vertical-align: top;\"><div class=\"hirdetes\">HIRDET\u00c9S<\/div>\n<!-- Liked7Q2 -->\n<ins class=\"adsbygoogle\"\n     style=\"display:inline-block;width:336px;height:280px\"\n     data-ad-client=\"ca-pub-9424088931673893\"\n     data-ad-slot=\"3952000871\"><\/ins>\n<script async>\n     (adsbygoogle = window.adsbygoogle || []).push({});\n<\/script><\/div><\/div><\/div><\/div>\n<div style=\"display:flex;flex-direction:column;\"><div class=\"mobileShowka8\"><div style=\"padding-top:15px;margin-bottom:15px;min-height: 300px;\"><div class=\"hirdetes\">HIRDET\u00c9S<\/div>\n<!-- Liked7QMobil -->\n<ins class=\"adsbygoogle\"\n     style=\"display:inline-block;width:336px;height:280px\"\n     data-ad-client=\"ca-pub-9424088931673893\"\n     data-ad-slot=\"5073510857\"><\/ins>\n<script async>\n     (adsbygoogle = window.adsbygoogle || []).push({});\n<\/script><\/div><\/div><\/div><\/div>\n\n<\/div>\n\n\n\n<div class=\"wp-block-buzzeditor-list-item\"><h3 class=\"be-list-item-title\"><span style=\"color:;background-color:;border-color:\" class=\"be-list-item-number\">15<\/span> <span style=\"color:;background-color:;border-color:\" class=\"be-list-item-text\">Ez a 13 \u00e9ves izraeli fi\u00fa nemcsak gomb\u00e1kat tal\u00e1lt az erd\u0151ben, hanem egy m\u00e1sf\u00e9l ezer \u00e9ves s\u00edrfeliratot is. A biz\u00e1nci korszakb\u00f3l sz\u00e1rmazik \u00e9s g\u00f6r\u00f6g nyelven \u00edr\u00f3dott.<\/span><\/h3>\n<figure class=\"wp-block-image size-full\"><img loading=\"lazy\" width=\"750\" height=\"825\" src=\"https:\/\/liked.hu\/old\/wp-content\/uploads\/2023\/12\/Tortenelmi-mutargyak-013.webp\" alt=\"T\u00f6rt\u00e9nelmi m\u0171t\u00e1rgyak 013\" class=\"wp-image-320938\"\/><\/figure>\n\n\n\n<p><\/p>\n<\/div>\n\n\n\n<div class=\"wp-block-buzzeditor-list-item\"><h3 class=\"be-list-item-title\"><span style=\"color:;background-color:;border-color:\" class=\"be-list-item-number\">16<\/span> <span style=\"color:;background-color:;border-color:\" class=\"be-list-item-text\">I. Ferdin\u00e1nd r\u00f3mai cs\u00e1sz\u00e1r viselte ezt a mell\u00e9nyt, 1549.<\/span><\/h3>\n<figure class=\"wp-block-image size-full\"><img loading=\"lazy\" width=\"700\" height=\"1102\" src=\"https:\/\/liked.hu\/old\/wp-content\/uploads\/2023\/12\/Tortenelmi-mutargyak-012.webp\" alt=\"T\u00f6rt\u00e9nelmi m\u0171t\u00e1rgyak 012\" class=\"wp-image-320937\"\/><\/figure>\n\n\n\n<p>Ez a t\u00e1rgy a harcos v\u00e9delm\u00e9t szolg\u00e1lta, visel\u0151je mellkas\u00e1nak \u00e9s h\u00e1t\u00e1nak form\u00e1j\u00e1t ut\u00e1nozva.<\/p>\n\n\n\n\n<div style=\"float:none;margin:0px 0 0px 0;text-align:center;\">\n<div class=\"mobileHideke8\"><div class=\"hirdeteshatter\"><div style=\"display: inline-block;width: 50%;min-width:340px;vertical-align: top;\"><div class=\"hirdetes\">HIRDET\u00c9S<\/div>\n<!-- LikedQ81 -->\n<ins class=\"adsbygoogle\"\n     style=\"display:inline-block;width:336px;height:280px\"\n     data-ad-client=\"ca-pub-9424088931673893\"\n     data-ad-slot=\"2436840276\"><\/ins>\n<script async>\n     (adsbygoogle = window.adsbygoogle || []).push({});\n<\/script><\/div><div style=\"display: inline-block;width: 50%;min-width:340px;vertical-align: top;\"><div class=\"hirdetes\">HIRDET\u00c9S<\/div>\n<!-- LikedQ82 -->\n<ins class=\"adsbygoogle\"\n     style=\"display:inline-block;width:336px;height:280px\"\n     data-ad-client=\"ca-pub-9424088931673893\"\n     data-ad-slot=\"3558350253\"><\/ins>\n<script async>\n     (adsbygoogle = window.adsbygoogle || []).push({});\n<\/script><\/div><\/div><\/div>\n<div style=\"display:flex;flex-direction:column;\"><div class=\"mobileShowka8 nyolc\"><div style=\"padding-top:15px;padding-bottom:5px;min-height: 300px;\"><div class=\"hirdetes\">HIRDET\u00c9S<\/div>\n<!-- LikedQ8M -->\n<ins class=\"adsbygoogle\"\n     style=\"display:inline-block;width:336px;height:280px\"\n     data-ad-client=\"ca-pub-9424088931673893\"\n     data-ad-slot=\"4679860235\"><\/ins>\n<script async>\n     (adsbygoogle = window.adsbygoogle || []).push({});\n<\/script><\/div><\/div><\/div><\/div>\n\n\n\n\n<h4>Vannak \u00e9rdekes elemek is, p\u00e9ld\u00e1ul ezek a f\u00fclek:<\/h4>\n\n\n\n<figure class=\"wp-block-image size-full\"><img loading=\"lazy\" width=\"750\" height=\"750\" src=\"https:\/\/liked.hu\/old\/wp-content\/uploads\/2023\/12\/Tortenelmi-mutargyak-011.webp\" alt=\"T\u00f6rt\u00e9nelmi m\u0171t\u00e1rgyak 011\" class=\"wp-image-320936\"\/><\/figure>\n\n\n\n<p>A p\u00e1nc\u00e9lnak erre a r\u00e9sz\u00e9re volt t\u00e9ve a l\u00e1ndzsa, amit a f\u00e9rfi a h\u00f3na al\u00e1 helyezve tartott.<\/p>\n<\/div>\n\n\n\n<div class=\"wp-block-buzzeditor-list-item\"><h3 class=\"be-list-item-title\"><span style=\"color:;background-color:;border-color:\" class=\"be-list-item-number\">17<\/span> <span style=\"color:;background-color:;border-color:\" class=\"be-list-item-text\">Michelangelo m\u00e1rv\u00e1nyszobra M\u00f3zesr\u0151l. A m\u0171 elk\u00e9sz\u00edt\u00e9se t\u00f6bb \u00e9vig tartott: 1513-1515.<\/span><\/h3>\n<figure class=\"wp-block-image size-full\"><img loading=\"lazy\" width=\"700\" height=\"459\" src=\"https:\/\/liked.hu\/old\/wp-content\/uploads\/2023\/12\/Tortenelmi-mutargyak-010.webp\" alt=\"T\u00f6rt\u00e9nelmi m\u0171t\u00e1rgyak 010\" class=\"wp-image-320935\"\/><\/figure>\n\n\n\n<p>Michelangelo t\u00f6k\u00e9letesen ismerte az emberi test fel\u00e9p\u00edt\u00e9s\u00e9t, bele\u00e9rtve az izmok m\u0171k\u00f6d\u00e9s\u00e9t mozg\u00e1s k\u00f6zben. J\u00f3l l\u00e1that\u00f3, hogyan m\u0171k\u00f6dnek a karban l\u00e9v\u0151 izmok, mik\u00f6zben M\u00f3zes odamutat valahova az ujj\u00e1val.<\/p>\n<\/div>\n<\/div>\n","protected":false},"excerpt":{"rendered":"<p>Rendk\u00edv\u00fcl apr\u00f3l\u00e9kos munk\u00e1val k\u00e9sz\u00edtett\u00e9k \u0151ket az \u0151seink.<\/p>\n","protected":false},"author":13,"featured_media":320955,"comment_status":"open","ping_status":"closed","sticky":false,"template":"","format":"standard","meta":{"buzzeditor_post_format":""},"categories":[9578],"tags":[3467,741,9603,2165,2655],"yoast_head":"<!-- This site is optimized with the Yoast SEO plugin v19.6.1 - https:\/\/yoast.com\/wordpress\/plugins\/seo\/ -->\n<title>17 \u0151si t\u00e1rgy, ami leny\u0171g\u00f6z a tart\u00f3ss\u00e1g\u00e1val \u00e9s a kidolgozotts\u00e1g\u00e1val<\/title>\n<meta name=\"description\" content=\"Rendk\u00edv\u00fcl apr\u00f3l\u00e9kos munk\u00e1val k\u00e9sz\u00edtett\u00e9k \u0151ket az \u0151seink.\" \/>\n<meta name=\"robots\" content=\"index, follow, max-snippet:-1, max-image-preview:large, max-video-preview:-1\" \/>\n<link rel=\"canonical\" href=\"https:\/\/liked.hu\/old\/internetes-dolgok\/17-osi-targy-ami-lenyugoz-a-tartossagaval-es-a-kidolgozottsagaval\/\" \/>\n<link rel=\"next\" href=\"https:\/\/liked.hu\/old\/internetes-dolgok\/17-osi-targy-ami-lenyugoz-a-tartossagaval-es-a-kidolgozottsagaval\/2\/\" \/>\n<meta property=\"og:locale\" content=\"hu_HU\" \/>\n<meta property=\"og:type\" content=\"article\" \/>\n<meta property=\"og:title\" content=\"17 \u0151si t\u00e1rgy, ami leny\u0171g\u00f6z a tart\u00f3ss\u00e1g\u00e1val \u00e9s a kidolgozotts\u00e1g\u00e1val\" \/>\n<meta property=\"og:description\" content=\"Rendk\u00edv\u00fcl apr\u00f3l\u00e9kos munk\u00e1val k\u00e9sz\u00edtett\u00e9k \u0151ket az \u0151seink.\" \/>\n<meta property=\"og:url\" content=\"https:\/\/liked.hu\/old\/internetes-dolgok\/17-osi-targy-ami-lenyugoz-a-tartossagaval-es-a-kidolgozottsagaval\/\" \/>\n<meta property=\"og:site_name\" content=\"Liked.hu\" \/>\n<meta property=\"article:publisher\" content=\"https:\/\/www.facebook.com\/liked.hu\" \/>\n<meta property=\"article:published_time\" content=\"2023-12-10T17:10:21+00:00\" \/>\n<meta property=\"article:modified_time\" content=\"2023-12-10T17:10:23+00:00\" \/>\n<meta property=\"og:image\" content=\"https:\/\/liked.hu\/old\/wp-content\/uploads\/2023\/12\/Kidolgozott-regi-dolgok.jpg\" \/>\n\t<meta property=\"og:image:width\" content=\"1200\" \/>\n\t<meta property=\"og:image:height\" content=\"630\" \/>\n\t<meta property=\"og:image:type\" content=\"image\/jpeg\" \/>\n<meta name=\"author\" content=\"Klingstrom\" \/>\n<meta name=\"twitter:card\" content=\"summary\" \/>\n<meta name=\"twitter:creator\" content=\"@LikedHu\" \/>\n<meta name=\"twitter:site\" content=\"@LikedHu\" \/>\n<meta name=\"twitter:label1\" content=\"Szerz\u0151:\" \/>\n\t<meta name=\"twitter:data1\" content=\"Klingstrom\" \/>\n\t<meta name=\"twitter:label2\" content=\"Becs\u00fclt olvas\u00e1si id\u0151\" \/>\n\t<meta name=\"twitter:data2\" content=\"6 perc\" \/>\n<script type=\"application\/ld+json\" class=\"yoast-schema-graph\">{\"@context\":\"https:\/\/schema.org\",\"@graph\":[{\"@type\":\"Article\",\"@id\":\"https:\/\/liked.hu\/old\/internetes-dolgok\/17-osi-targy-ami-lenyugoz-a-tartossagaval-es-a-kidolgozottsagaval\/#article\",\"isPartOf\":{\"@id\":\"https:\/\/liked.hu\/old\/internetes-dolgok\/17-osi-targy-ami-lenyugoz-a-tartossagaval-es-a-kidolgozottsagaval\/\"},\"author\":{\"name\":\"Klingstrom\",\"@id\":\"https:\/\/liked.hu\/old\/#\/schema\/person\/1c8d3f8764991e8dcd6572a7de72da8a\"},\"headline\":\"17 \u0151si t\u00e1rgy, ami leny\u0171g\u00f6z a tart\u00f3ss\u00e1g\u00e1val \u00e9s a kidolgozotts\u00e1g\u00e1val\",\"datePublished\":\"2023-12-10T17:10:21+00:00\",\"dateModified\":\"2023-12-10T17:10:23+00:00\",\"mainEntityOfPage\":{\"@id\":\"https:\/\/liked.hu\/old\/internetes-dolgok\/17-osi-targy-ami-lenyugoz-a-tartossagaval-es-a-kidolgozottsagaval\/\"},\"wordCount\":1209,\"commentCount\":0,\"publisher\":{\"@id\":\"https:\/\/liked.hu\/old\/#organization\"},\"keywords\":[\"antik\",\"felfedez\u00e9s\",\"m\u0171t\u00e1rgy\",\"r\u00e9g\u00e9szet\",\"t\u00f6rt\u00e9nelem\"],\"articleSection\":[\"Interneten tal\u00e1lt dolgok\"],\"inLanguage\":\"hu\",\"potentialAction\":[{\"@type\":\"CommentAction\",\"name\":\"Comment\",\"target\":[\"https:\/\/liked.hu\/old\/internetes-dolgok\/17-osi-targy-ami-lenyugoz-a-tartossagaval-es-a-kidolgozottsagaval\/#respond\"]}]},{\"@type\":\"WebPage\",\"@id\":\"https:\/\/liked.hu\/old\/internetes-dolgok\/17-osi-targy-ami-lenyugoz-a-tartossagaval-es-a-kidolgozottsagaval\/\",\"url\":\"https:\/\/liked.hu\/old\/internetes-dolgok\/17-osi-targy-ami-lenyugoz-a-tartossagaval-es-a-kidolgozottsagaval\/\",\"name\":\"17 \u0151si t\u00e1rgy, ami leny\u0171g\u00f6z a tart\u00f3ss\u00e1g\u00e1val \u00e9s a kidolgozotts\u00e1g\u00e1val\",\"isPartOf\":{\"@id\":\"https:\/\/liked.hu\/old\/#website\"},\"datePublished\":\"2023-12-10T17:10:21+00:00\",\"dateModified\":\"2023-12-10T17:10:23+00:00\",\"description\":\"Rendk\u00edv\u00fcl apr\u00f3l\u00e9kos munk\u00e1val k\u00e9sz\u00edtett\u00e9k \u0151ket az \u0151seink.\",\"breadcrumb\":{\"@id\":\"https:\/\/liked.hu\/old\/internetes-dolgok\/17-osi-targy-ami-lenyugoz-a-tartossagaval-es-a-kidolgozottsagaval\/#breadcrumb\"},\"inLanguage\":\"hu\",\"potentialAction\":[{\"@type\":\"ReadAction\",\"target\":[\"https:\/\/liked.hu\/old\/internetes-dolgok\/17-osi-targy-ami-lenyugoz-a-tartossagaval-es-a-kidolgozottsagaval\/\"]}]},{\"@type\":\"BreadcrumbList\",\"@id\":\"https:\/\/liked.hu\/old\/internetes-dolgok\/17-osi-targy-ami-lenyugoz-a-tartossagaval-es-a-kidolgozottsagaval\/#breadcrumb\",\"itemListElement\":[{\"@type\":\"ListItem\",\"position\":1,\"name\":\"Kezd\u0151lap\"}]},{\"@type\":\"WebSite\",\"@id\":\"https:\/\/liked.hu\/old\/#website\",\"url\":\"https:\/\/liked.hu\/old\/\",\"name\":\"Liked.hu\",\"description\":\"\",\"publisher\":{\"@id\":\"https:\/\/liked.hu\/old\/#organization\"},\"potentialAction\":[{\"@type\":\"SearchAction\",\"target\":{\"@type\":\"EntryPoint\",\"urlTemplate\":\"https:\/\/liked.hu\/old\/?s={search_term_string}\"},\"query-input\":\"required name=search_term_string\"}],\"inLanguage\":\"hu\"},{\"@type\":\"Organization\",\"@id\":\"https:\/\/liked.hu\/old\/#organization\",\"name\":\"Liked.hu\",\"url\":\"https:\/\/liked.hu\/old\/\",\"sameAs\":[\"https:\/\/hu.pinterest.com\/likedhungary\/\",\"https:\/\/www.youtube.com\/channel\/UCPv91dbMoIukYcM9b9nHN6Q\",\"https:\/\/www.facebook.com\/liked.hu\",\"https:\/\/twitter.com\/LikedHu\"],\"logo\":{\"@type\":\"ImageObject\",\"inLanguage\":\"hu\",\"@id\":\"https:\/\/liked.hu\/old\/#\/schema\/logo\/image\/\",\"url\":\"https:\/\/liked.hu\/wp-content\/uploads\/2018\/08\/Liked-icon.png\",\"contentUrl\":\"https:\/\/liked.hu\/wp-content\/uploads\/2018\/08\/Liked-icon.png\",\"width\":512,\"height\":512,\"caption\":\"Liked.hu\"},\"image\":{\"@id\":\"https:\/\/liked.hu\/old\/#\/schema\/logo\/image\/\"}},{\"@type\":\"Person\",\"@id\":\"https:\/\/liked.hu\/old\/#\/schema\/person\/1c8d3f8764991e8dcd6572a7de72da8a\",\"name\":\"Klingstrom\",\"image\":{\"@type\":\"ImageObject\",\"inLanguage\":\"hu\",\"@id\":\"https:\/\/liked.hu\/old\/#\/schema\/person\/image\/\",\"url\":\"https:\/\/liked.hu\/old\/wp-content\/uploads\/avatars\/13\/604de88bd578a-bpfull.jpg\",\"contentUrl\":\"https:\/\/liked.hu\/old\/wp-content\/uploads\/avatars\/13\/604de88bd578a-bpfull.jpg\",\"caption\":\"Klingstrom\"},\"url\":\"https:\/\/liked.hu\/old\/u\/klingstrom\/\"}]}<\/script>\n<!-- \/ Yoast SEO plugin. -->","yoast_head_json":{"title":"17 \u0151si t\u00e1rgy, ami leny\u0171g\u00f6z a tart\u00f3ss\u00e1g\u00e1val \u00e9s a kidolgozotts\u00e1g\u00e1val","description":"Rendk\u00edv\u00fcl apr\u00f3l\u00e9kos munk\u00e1val k\u00e9sz\u00edtett\u00e9k \u0151ket az \u0151seink.","robots":{"index":"index","follow":"follow","max-snippet":"max-snippet:-1","max-image-preview":"max-image-preview:large","max-video-preview":"max-video-preview:-1"},"canonical":"https:\/\/liked.hu\/old\/internetes-dolgok\/17-osi-targy-ami-lenyugoz-a-tartossagaval-es-a-kidolgozottsagaval\/","next":"https:\/\/liked.hu\/old\/internetes-dolgok\/17-osi-targy-ami-lenyugoz-a-tartossagaval-es-a-kidolgozottsagaval\/2\/","og_locale":"hu_HU","og_type":"article","og_title":"17 \u0151si t\u00e1rgy, ami leny\u0171g\u00f6z a tart\u00f3ss\u00e1g\u00e1val \u00e9s a kidolgozotts\u00e1g\u00e1val","og_description":"Rendk\u00edv\u00fcl apr\u00f3l\u00e9kos munk\u00e1val k\u00e9sz\u00edtett\u00e9k \u0151ket az \u0151seink.","og_url":"https:\/\/liked.hu\/old\/internetes-dolgok\/17-osi-targy-ami-lenyugoz-a-tartossagaval-es-a-kidolgozottsagaval\/","og_site_name":"Liked.hu","article_publisher":"https:\/\/www.facebook.com\/liked.hu","article_published_time":"2023-12-10T17:10:21+00:00","article_modified_time":"2023-12-10T17:10:23+00:00","og_image":[{"width":1200,"height":630,"url":"https:\/\/liked.hu\/old\/wp-content\/uploads\/2023\/12\/Kidolgozott-regi-dolgok.jpg","type":"image\/jpeg"}],"author":"Klingstrom","twitter_card":"summary","twitter_creator":"@LikedHu","twitter_site":"@LikedHu","twitter_misc":{"Szerz\u0151:":"Klingstrom","Becs\u00fclt olvas\u00e1si id\u0151":"6 perc"},"schema":{"@context":"https:\/\/schema.org","@graph":[{"@type":"Article","@id":"https:\/\/liked.hu\/old\/internetes-dolgok\/17-osi-targy-ami-lenyugoz-a-tartossagaval-es-a-kidolgozottsagaval\/#article","isPartOf":{"@id":"https:\/\/liked.hu\/old\/internetes-dolgok\/17-osi-targy-ami-lenyugoz-a-tartossagaval-es-a-kidolgozottsagaval\/"},"author":{"name":"Klingstrom","@id":"https:\/\/liked.hu\/old\/#\/schema\/person\/1c8d3f8764991e8dcd6572a7de72da8a"},"headline":"17 \u0151si t\u00e1rgy, ami leny\u0171g\u00f6z a tart\u00f3ss\u00e1g\u00e1val \u00e9s a kidolgozotts\u00e1g\u00e1val","datePublished":"2023-12-10T17:10:21+00:00","dateModified":"2023-12-10T17:10:23+00:00","mainEntityOfPage":{"@id":"https:\/\/liked.hu\/old\/internetes-dolgok\/17-osi-targy-ami-lenyugoz-a-tartossagaval-es-a-kidolgozottsagaval\/"},"wordCount":1209,"commentCount":0,"publisher":{"@id":"https:\/\/liked.hu\/old\/#organization"},"keywords":["antik","felfedez\u00e9s","m\u0171t\u00e1rgy","r\u00e9g\u00e9szet","t\u00f6rt\u00e9nelem"],"articleSection":["Interneten tal\u00e1lt dolgok"],"inLanguage":"hu","potentialAction":[{"@type":"CommentAction","name":"Comment","target":["https:\/\/liked.hu\/old\/internetes-dolgok\/17-osi-targy-ami-lenyugoz-a-tartossagaval-es-a-kidolgozottsagaval\/#respond"]}]},{"@type":"WebPage","@id":"https:\/\/liked.hu\/old\/internetes-dolgok\/17-osi-targy-ami-lenyugoz-a-tartossagaval-es-a-kidolgozottsagaval\/","url":"https:\/\/liked.hu\/old\/internetes-dolgok\/17-osi-targy-ami-lenyugoz-a-tartossagaval-es-a-kidolgozottsagaval\/","name":"17 \u0151si t\u00e1rgy, ami leny\u0171g\u00f6z a tart\u00f3ss\u00e1g\u00e1val \u00e9s a kidolgozotts\u00e1g\u00e1val","isPartOf":{"@id":"https:\/\/liked.hu\/old\/#website"},"datePublished":"2023-12-10T17:10:21+00:00","dateModified":"2023-12-10T17:10:23+00:00","description":"Rendk\u00edv\u00fcl apr\u00f3l\u00e9kos munk\u00e1val k\u00e9sz\u00edtett\u00e9k \u0151ket az \u0151seink.","breadcrumb":{"@id":"https:\/\/liked.hu\/old\/internetes-dolgok\/17-osi-targy-ami-lenyugoz-a-tartossagaval-es-a-kidolgozottsagaval\/#breadcrumb"},"inLanguage":"hu","potentialAction":[{"@type":"ReadAction","target":["https:\/\/liked.hu\/old\/internetes-dolgok\/17-osi-targy-ami-lenyugoz-a-tartossagaval-es-a-kidolgozottsagaval\/"]}]},{"@type":"BreadcrumbList","@id":"https:\/\/liked.hu\/old\/internetes-dolgok\/17-osi-targy-ami-lenyugoz-a-tartossagaval-es-a-kidolgozottsagaval\/#breadcrumb","itemListElement":[{"@type":"ListItem","position":1,"name":"Kezd\u0151lap"}]},{"@type":"WebSite","@id":"https:\/\/liked.hu\/old\/#website","url":"https:\/\/liked.hu\/old\/","name":"Liked.hu","description":"","publisher":{"@id":"https:\/\/liked.hu\/old\/#organization"},"potentialAction":[{"@type":"SearchAction","target":{"@type":"EntryPoint","urlTemplate":"https:\/\/liked.hu\/old\/?s={search_term_string}"},"query-input":"required name=search_term_string"}],"inLanguage":"hu"},{"@type":"Organization","@id":"https:\/\/liked.hu\/old\/#organization","name":"Liked.hu","url":"https:\/\/liked.hu\/old\/","sameAs":["https:\/\/hu.pinterest.com\/likedhungary\/","https:\/\/www.youtube.com\/channel\/UCPv91dbMoIukYcM9b9nHN6Q","https:\/\/www.facebook.com\/liked.hu","https:\/\/twitter.com\/LikedHu"],"logo":{"@type":"ImageObject","inLanguage":"hu","@id":"https:\/\/liked.hu\/old\/#\/schema\/logo\/image\/","url":"https:\/\/liked.hu\/wp-content\/uploads\/2018\/08\/Liked-icon.png","contentUrl":"https:\/\/liked.hu\/wp-content\/uploads\/2018\/08\/Liked-icon.png","width":512,"height":512,"caption":"Liked.hu"},"image":{"@id":"https:\/\/liked.hu\/old\/#\/schema\/logo\/image\/"}},{"@type":"Person","@id":"https:\/\/liked.hu\/old\/#\/schema\/person\/1c8d3f8764991e8dcd6572a7de72da8a","name":"Klingstrom","image":{"@type":"ImageObject","inLanguage":"hu","@id":"https:\/\/liked.hu\/old\/#\/schema\/person\/image\/","url":"https:\/\/liked.hu\/old\/wp-content\/uploads\/avatars\/13\/604de88bd578a-bpfull.jpg","contentUrl":"https:\/\/liked.hu\/old\/wp-content\/uploads\/avatars\/13\/604de88bd578a-bpfull.jpg","caption":"Klingstrom"},"url":"https:\/\/liked.hu\/old\/u\/klingstrom\/"}]}},"publishpress_future_action":{"enabled":false,"date":"1970-01-01 01:00:00","action":"","terms":[],"taxonomy":"","browser_timezone_offset":0},"_links":{"self":[{"href":"https:\/\/liked.hu\/old\/wp-json\/wp\/v2\/posts\/320934"}],"collection":[{"href":"https:\/\/liked.hu\/old\/wp-json\/wp\/v2\/posts"}],"about":[{"href":"https:\/\/liked.hu\/old\/wp-json\/wp\/v2\/types\/post"}],"author":[{"embeddable":true,"href":"https:\/\/liked.hu\/old\/wp-json\/wp\/v2\/users\/13"}],"replies":[{"embeddable":true,"href":"https:\/\/liked.hu\/old\/wp-json\/wp\/v2\/comments?post=320934"}],"version-history":[{"count":0,"href":"https:\/\/liked.hu\/old\/wp-json\/wp\/v2\/posts\/320934\/revisions"}],"wp:featuredmedia":[{"embeddable":true,"href":"https:\/\/liked.hu\/old\/wp-json\/wp\/v2\/media\/320955"}],"wp:attachment":[{"href":"https:\/\/liked.hu\/old\/wp-json\/wp\/v2\/media?parent=320934"}],"wp:term":[{"taxonomy":"category","embeddable":true,"href":"https:\/\/liked.hu\/old\/wp-json\/wp\/v2\/categories?post=320934"},{"taxonomy":"post_tag","embeddable":true,"href":"https:\/\/liked.hu\/old\/wp-json\/wp\/v2\/tags?post=320934"}],"curies":[{"name":"wp","href":"https:\/\/api.w.org\/{rel}","templated":true}]}}