{"id":318229,"date":"2023-11-20T12:53:28","date_gmt":"2023-11-20T11:53:28","guid":{"rendered":"https:\/\/liked.hu\/old\/?p=318229"},"modified":"2023-11-20T12:53:53","modified_gmt":"2023-11-20T11:53:53","slug":"14-vizualis-meret-osszehasonlitas-az-oskori-allatok-es-a-ma-elo-rokonaik-kozott","status":"publish","type":"post","link":"https:\/\/liked.hu\/old\/erdekes\/14-vizualis-meret-osszehasonlitas-az-oskori-allatok-es-a-ma-elo-rokonaik-kozott\/","title":{"rendered":"14 vizu\u00e1lis m\u00e9ret-\u00f6sszehasonl\u00edt\u00e1s az \u0151skori \u00e1llatok \u00e9s a ma \u00e9l\u0151 rokonaik k\u00f6z\u00f6tt"},"content":{"rendered":"\n<p>Az emberekhez hasonl\u00f3an az \u00e1llatvil\u00e1g is komoly fejl\u0151d\u00e9sen ment \u00e1t az evol\u00faci\u00f3 sor\u00e1n, mire el\u00e9rte a ma ismert \u00e1llapot\u00e1t. R\u00e9gen a f\u00f6ldi \u00e9let sokkal hidegebb \u00e9s vesz\u00e9lyesebb volt, az \u0151skori \u00e1llatok pedig ehhez alkalmazkodva, hatalmas m\u00e9reteket \u00e9s fenevadhoz ill\u0151 tulajdons\u00e1gokat fejlesztettek ki magukon.<\/p>\n\n\n\n\n<div style=\"float:none;margin:0px 0 0px 0;text-align:center;\">\n<div class=\"mobileShowkakettes\"><div class=\"mobileShowka2\"><div style=\"padding-top:0px;padding-bottom:15px;min-height: 300px;\"><div class=\"hirdetes\">HIRDET\u00c9S<\/div>\n<!-- 300lista -->\n<ins class=\"adsbygoogle\"\n     style=\"display:inline-block;width:300px;height:250px\"\n     data-ad-client=\"ca-pub-9424088931673893\"\n     data-ad-slot=\"8471340766\"><\/ins>\n<script async>\n     (adsbygoogle = window.adsbygoogle || []).push({});\n<\/script><\/div><\/div><\/div><\/div>\n\n\n\n\n<p>Az ukr\u00e1n m\u0171v\u00e9sz \u00e9s t\u00f6rt\u00e9nelemrajong\u00f3, Roman Uchytel vizu\u00e1lis koll\u00e1zsok seg\u00edts\u00e9g\u00e9vel mutatja be, hogy mennyire m\u00e1sk\u00e9pp n\u00e9znek ki manaps\u00e1g az \u00e1llatok, mint az \u0151skori rokonaik. A k\u00e9peket n\u00e9zegetve \u00e9rdemes elgondolkodni azon, hogy milyen nagy szerencse kellett ahhoz, hogy az emberek t\u00fal\u00e9lj\u00e9k ezeket a hatalmas \u00e1llatokat!<\/p>\n\n\n\n<div class=\"wp-block-buzzeditor-list be-list be-list-type-asc be-list-number-style-none\">\n<div class=\"wp-block-buzzeditor-list-item\"><h3 class=\"be-list-item-title\"><span style=\"color:;background-color:;border-color:\" class=\"be-list-item-number\">1<\/span> <span style=\"color:;background-color:;border-color:\" class=\"be-list-item-text\">Afrikai p\u00e1lmacibet \u00e9s a kihalt Hoplophoneus.<\/span><\/h3>\n<figure class=\"wp-block-image size-full\"><img loading=\"lazy\" width=\"612\" height=\"764\" src=\"https:\/\/liked.hu\/old\/wp-content\/uploads\/2023\/11\/Oskori-allatok-023.webp\" alt=\"\u0150skori \u00e1llatok 023\" class=\"wp-image-318244\"\/><figcaption><a href=\"https:\/\/www.instagram.com\/romanuchytel\/\" target=\"_blank\" rel=\"noreferrer noopener\">romanuchytel<\/a><\/figcaption><\/figure>\n\n\n\n<p><\/p>\n<\/div>\n\n\n\n<div class=\"wp-block-buzzeditor-list-item\"><h3 class=\"be-list-item-title\"><span style=\"color:;background-color:;border-color:\" class=\"be-list-item-number\">2<\/span> <span style=\"color:;background-color:;border-color:\" class=\"be-list-item-text\">S\u00f6r\u00e9nyes galamb \u00e9s a kihalt dod\u00f3mad\u00e1r.<\/span><\/h3>\n<figure class=\"wp-block-image size-full\"><img loading=\"lazy\" width=\"700\" height=\"846\" src=\"https:\/\/liked.hu\/old\/wp-content\/uploads\/2023\/11\/Oskori-allatok-022.webp\" alt=\"\u0150skori \u00e1llatok 022\" class=\"wp-image-318243\"\/><figcaption><a href=\"https:\/\/www.instagram.com\/romanuchytel\/\" target=\"_blank\" rel=\"noreferrer noopener\">romanuchytel<\/a><\/figcaption><\/figure>\n\n\n\n\n<div style=\"float:none;margin:0px 0 0px 0;text-align:center;\">\n<div class=\"mobileHideke5\"><div style=\"margin-top:25px;\"><div class=\"hirdeteshatter\"><div style=\"display: inline-block;width: 50%;min-width:305px;vertical-align: top;\"><div class=\"hirdetes\">HIRDET\u00c9S<\/div>\n<!-- LikedQ51 -->\n<ins class=\"adsbygoogle\"\n     style=\"display:inline-block;width:300px;height:250px\"\n     data-ad-client=\"ca-pub-9424088931673893\"\n     data-ad-slot=\"8284063326\"><\/ins>\n<script async>\n     (adsbygoogle = window.adsbygoogle || []).push({});\n<\/script><\/div><div style=\"display: inline-block;width: 50%;min-width:305px;vertical-align: top;\"><div class=\"hirdetes\">HIRDET\u00c9S<\/div>\n<!-- LikedQ52 -->\n<ins class=\"adsbygoogle\"\n     style=\"display:inline-block;width:300px;height:250px\"\n     data-ad-client=\"ca-pub-9424088931673893\"\n     data-ad-slot=\"2840164950\"><\/ins>\n<script async>\n     (adsbygoogle = window.adsbygoogle || []).push({});\n<\/script><\/div><\/div><\/div><\/div>\n<div style=\"display:flex;flex-direction:column;\"><div class=\"mobileShowka5\"><div style=\"padding-top:10px;padding-bottom:10px;min-height: 300px;\"><div class=\"hirdetes\">HIRDET\u00c9S<\/div>\n<!-- LikedQ5M -->\n<ins class=\"adsbygoogle\"\n     style=\"display:inline-block;width:300px;height:250px\"\n     data-ad-client=\"ca-pub-9424088931673893\"\n     data-ad-slot=\"9022429928\"><\/ins>\n<script async>\n     (adsbygoogle = window.adsbygoogle || []).push({});\n<\/script><\/div><\/div><\/div><\/div>\n\n<\/div>\n\n\n\n<div class=\"wp-block-buzzeditor-list-item\"><h3 class=\"be-list-item-title\"><span style=\"color:;background-color:;border-color:\" class=\"be-list-item-number\">3<\/span> <span style=\"color:;background-color:;border-color:\" class=\"be-list-item-text\">Koala \u00e9s a kihalt ersz\u00e9nyesoroszl\u00e1n.<\/span><\/h3>\n<figure class=\"wp-block-image size-full\"><img loading=\"lazy\" width=\"612\" height=\"764\" src=\"https:\/\/liked.hu\/old\/wp-content\/uploads\/2023\/11\/Oskori-allatok-021.webp\" alt=\"\u0150skori \u00e1llatok 021\" class=\"wp-image-318242\"\/><figcaption><a href=\"https:\/\/www.instagram.com\/romanuchytel\/\" target=\"_blank\" rel=\"noreferrer noopener\">romanuchytel<\/a><\/figcaption><\/figure>\n\n\n\n<p class=\"has-text-align-center\">A nagy ersz\u00e9nyesek ma \u00e9l\u0151 \u00e9s kihalt k\u00e9pvisel\u0151i.<\/p>\n<\/div>\n\n\n\n<div class=\"wp-block-buzzeditor-list-item\"><h3 class=\"be-list-item-title\"><span style=\"color:;background-color:;border-color:\" class=\"be-list-item-number\">4<\/span> <span style=\"color:;background-color:;border-color:\" class=\"be-list-item-text\">Trombit\u00e1s hatty\u00fa \u00e9s a kihalt Dromornis.<\/span><\/h3>\n<figure class=\"wp-block-image size-full\"><img loading=\"lazy\" width=\"700\" height=\"846\" src=\"https:\/\/liked.hu\/old\/wp-content\/uploads\/2023\/11\/Oskori-allatok-020.webp\" alt=\"\u0150skori \u00e1llatok 020\" class=\"wp-image-318241\"\/><figcaption><a href=\"https:\/\/www.instagram.com\/romanuchytel\/\" target=\"_blank\" rel=\"noreferrer noopener\">romanuchytel<\/a><\/figcaption><\/figure>\n\n\n\n<p class=\"has-text-align-center\">A l\u00fadalak\u00faak rendj\u00e9nek k\u00e9t nagyon k\u00fcl\u00f6nb\u00f6z\u0151 k\u00e9pvisel\u0151je.<\/p>\n<\/div>\n\n\n\n<div class=\"wp-block-buzzeditor-list-item\"><h3 class=\"be-list-item-title\"><span style=\"color:;background-color:;border-color:\" class=\"be-list-item-number\">5<\/span> <span style=\"color:;background-color:;border-color:\" class=\"be-list-item-text\">Pulyka \u00e9s a kihalt Sylviornis k\u00e9t r\u00f6pk\u00e9ptelen mad\u00e1r.<\/span><\/h3>\n<figure class=\"wp-block-image size-full\"><img loading=\"lazy\" width=\"551\" height=\"666\" src=\"https:\/\/liked.hu\/old\/wp-content\/uploads\/2023\/11\/Oskori-allatok-019.webp\" alt=\"\u0150skori \u00e1llatok 019\" class=\"wp-image-318240\"\/><figcaption><a href=\"https:\/\/www.instagram.com\/romanuchytel\/\" target=\"_blank\" rel=\"noreferrer noopener\">romanuchytel<\/a><\/figcaption><\/figure>\n\n\n\n\n<div style=\"float:none;margin:0px 0 0px 0;text-align:center;\">\n<div class=\"mobileHideke8\"><div style=\"margin-top:25px;\"><div class=\"hirdeteshatter\"><div style=\"display: inline-block;width: 50%;min-width:340px;vertical-align: top;\"><div class=\"hirdetes\">HIRDET\u00c9S<\/div>\n<!-- Liked7Q1 -->\n<ins class=\"adsbygoogle\"\n     style=\"display:inline-block;width:336px;height:280px\"\n     data-ad-client=\"ca-pub-9424088931673893\"\n     data-ad-slot=\"3022062587\"><\/ins>\n<script async>\n     (adsbygoogle = window.adsbygoogle || []).push({});\n<\/script><\/div><div style=\"display: inline-block;width: 50%;min-width:340px;vertical-align: top;\"><div class=\"hirdetes\">HIRDET\u00c9S<\/div>\n<!-- Liked7Q2 -->\n<ins class=\"adsbygoogle\"\n     style=\"display:inline-block;width:336px;height:280px\"\n     data-ad-client=\"ca-pub-9424088931673893\"\n     data-ad-slot=\"3952000871\"><\/ins>\n<script async>\n     (adsbygoogle = window.adsbygoogle || []).push({});\n<\/script><\/div><\/div><\/div><\/div>\n<div style=\"display:flex;flex-direction:column;\"><div class=\"mobileShowka8\"><div style=\"padding-top:15px;margin-bottom:15px;min-height: 300px;\"><div class=\"hirdetes\">HIRDET\u00c9S<\/div>\n<!-- Liked7QMobil -->\n<ins class=\"adsbygoogle\"\n     style=\"display:inline-block;width:336px;height:280px\"\n     data-ad-client=\"ca-pub-9424088931673893\"\n     data-ad-slot=\"5073510857\"><\/ins>\n<script async>\n     (adsbygoogle = window.adsbygoogle || []).push({});\n<\/script><\/div><\/div><\/div><\/div>\n\n<\/div>\n\n\n\n<div class=\"wp-block-buzzeditor-list-item\"><h3 class=\"be-list-item-title\"><span style=\"color:;background-color:;border-color:\" class=\"be-list-item-number\">6<\/span> <span style=\"color:;background-color:;border-color:\" class=\"be-list-item-text\">Modern tobzoska \u00e9s \u00f3ri\u00e1s \u00e1zsiai tobzoska.<\/span><\/h3>\n<figure class=\"wp-block-image size-full\"><img loading=\"lazy\" width=\"700\" height=\"874\" src=\"https:\/\/liked.hu\/old\/wp-content\/uploads\/2023\/11\/Oskori-allatok-018.webp\" alt=\"\u0150skori \u00e1llatok 018\" class=\"wp-image-318239\"\/><figcaption><a href=\"https:\/\/www.instagram.com\/romanuchytel\/\" target=\"_blank\" rel=\"noreferrer noopener\">romanuchytel<\/a><\/figcaption><\/figure>\n\n\n\n<p><\/p>\n<\/div>\n\n\n\n<div class=\"wp-block-buzzeditor-list-item\"><h3 class=\"be-list-item-title\"><span style=\"color:;background-color:;border-color:\" class=\"be-list-item-number\">7<\/span> <span style=\"color:;background-color:;border-color:\" class=\"be-list-item-text\">A nagy sz\u00fcrke bagoly \u00e9s az Ornimegalonyx bagolycsal\u00e1d kihalt faja.<\/span><\/h3>\n<figure class=\"wp-block-image size-full\"><img loading=\"lazy\" width=\"551\" height=\"666\" src=\"https:\/\/liked.hu\/old\/wp-content\/uploads\/2023\/11\/Oskori-allatok-017.webp\" alt=\"\u0150skori \u00e1llatok 017\" class=\"wp-image-318238\"\/><figcaption><a href=\"https:\/\/www.instagram.com\/romanuchytel\/\" target=\"_blank\" rel=\"noreferrer noopener\">romanuchytel<\/a><\/figcaption><\/figure>\n\n\n\n<p class=\"has-text-align-center\">Az \u0151si bagoly magass\u00e1ga el\u00e9rte a 120 cm-t.<\/p>\n<\/div>\n\n\n\n<!--nextpage-->\n\n\n\n<div class=\"wp-block-buzzeditor-list-item\"><h3 class=\"be-list-item-title\"><span style=\"color:;background-color:;border-color:\" class=\"be-list-item-number\">8<\/span> <span style=\"color:;background-color:;border-color:\" class=\"be-list-item-text\">Gr\u00e9vy-zebra, a legnagyobb \u00e9l\u0151 zebra \u00e9s a kihalt Macrauchenia.<\/span><\/h3>\n<figure class=\"wp-block-image size-full\"><img loading=\"lazy\" width=\"700\" height=\"832\" src=\"https:\/\/liked.hu\/old\/wp-content\/uploads\/2023\/11\/Oskori-allatok-016.webp\" alt=\"\u0150skori \u00e1llatok 016\" class=\"wp-image-318237\"\/><figcaption><a href=\"https:\/\/www.instagram.com\/romanuchytel\/\" target=\"_blank\" rel=\"noreferrer noopener\">romanuchytel<\/a><\/figcaption><\/figure>\n\n\n\n<p><\/p>\n<\/div>\n\n\n\n<div class=\"wp-block-buzzeditor-list-item\"><h3 class=\"be-list-item-title\"><span style=\"color:;background-color:;border-color:\" class=\"be-list-item-number\">9<\/span> <span style=\"color:;background-color:;border-color:\" class=\"be-list-item-text\">Fokf\u00f6ldi szirtiborz \u00e9s a kihalt Notoungulata.<\/span><\/h3>\n<figure class=\"wp-block-image size-full\"><img loading=\"lazy\" width=\"551\" height=\"666\" src=\"https:\/\/liked.hu\/old\/wp-content\/uploads\/2023\/11\/Oskori-allatok-015.webp\" alt=\"\u0150skori \u00e1llatok 015\" class=\"wp-image-318236\"\/><figcaption><a href=\"https:\/\/www.instagram.com\/romanuchytel\/\" target=\"_blank\" rel=\"noreferrer noopener\">romanuchytel<\/a><\/figcaption><\/figure>\n\n\n\n\n<div style=\"float:none;margin:0px 0 0px 0;text-align:center;\">\n<div class=\"mobileHideke8\"><div class=\"hirdeteshatter\"><div style=\"display: inline-block;width: 50%;min-width:340px;vertical-align: top;\"><div class=\"hirdetes\">HIRDET\u00c9S<\/div>\n<!-- LikedQ81 -->\n<ins class=\"adsbygoogle\"\n     style=\"display:inline-block;width:336px;height:280px\"\n     data-ad-client=\"ca-pub-9424088931673893\"\n     data-ad-slot=\"2436840276\"><\/ins>\n<script async>\n     (adsbygoogle = window.adsbygoogle || []).push({});\n<\/script><\/div><div style=\"display: inline-block;width: 50%;min-width:340px;vertical-align: top;\"><div class=\"hirdetes\">HIRDET\u00c9S<\/div>\n<!-- LikedQ82 -->\n<ins class=\"adsbygoogle\"\n     style=\"display:inline-block;width:336px;height:280px\"\n     data-ad-client=\"ca-pub-9424088931673893\"\n     data-ad-slot=\"3558350253\"><\/ins>\n<script async>\n     (adsbygoogle = window.adsbygoogle || []).push({});\n<\/script><\/div><\/div><\/div>\n<div style=\"display:flex;flex-direction:column;\"><div class=\"mobileShowka8 nyolc\"><div style=\"padding-top:15px;padding-bottom:5px;min-height: 300px;\"><div class=\"hirdetes\">HIRDET\u00c9S<\/div>\n<!-- LikedQ8M -->\n<ins class=\"adsbygoogle\"\n     style=\"display:inline-block;width:336px;height:280px\"\n     data-ad-client=\"ca-pub-9424088931673893\"\n     data-ad-slot=\"4679860235\"><\/ins>\n<script async>\n     (adsbygoogle = window.adsbygoogle || []).push({});\n<\/script><\/div><\/div><\/div><\/div>\n\n<\/div>\n\n\n\n<div class=\"wp-block-buzzeditor-list-item\"><h3 class=\"be-list-item-title\"><span style=\"color:;background-color:;border-color:\" class=\"be-list-item-number\">10<\/span> <span style=\"color:;background-color:;border-color:\" class=\"be-list-item-text\">Ausztr\u00e1l t\u00f6rpe sas \u00e9s a kihalt Haast-f\u00e9le sas.<\/span><\/h3>\n<figure class=\"wp-block-image size-full\"><img loading=\"lazy\" width=\"700\" height=\"874\" src=\"https:\/\/liked.hu\/old\/wp-content\/uploads\/2023\/11\/Oskori-allatok-014.webp\" alt=\"\u0150skori \u00e1llatok 014\" class=\"wp-image-318235\"\/><figcaption><a href=\"https:\/\/www.instagram.com\/romanuchytel\/\" target=\"_blank\" rel=\"noreferrer noopener\">romanuchytel<\/a><\/figcaption><\/figure>\n\n\n\n<p><\/p>\n<\/div>\n\n\n\n<div class=\"wp-block-buzzeditor-list-item\"><h3 class=\"be-list-item-title\"><span style=\"color:;background-color:;border-color:\" class=\"be-list-item-number\">11<\/span> <span style=\"color:;background-color:;border-color:\" class=\"be-list-item-text\">Afrikai oroszl\u00e1n \u00e9s a kihalt Simbakubwa &#8211; &#8222;Afrika nagy oroszl\u00e1nja&#8221;.<\/span><\/h3>\n<figure class=\"wp-block-image size-full\"><img loading=\"lazy\" width=\"700\" height=\"875\" src=\"https:\/\/liked.hu\/old\/wp-content\/uploads\/2023\/11\/Oskori-allatok-013.webp\" alt=\"\u0150skori \u00e1llatok 013\" class=\"wp-image-318234\"\/><\/figure>\n\n\n\n<p>A Simbakubwa nem rokona a modern oroszl\u00e1nnak, de az ut\u00f3bbi, mondhatni, m\u00e9gis az ut\u00f3dja lett.&nbsp;A szavann\u00e1k \u00e9lete, a ragadoz\u00f3 \u00e9letm\u00f3d \u00e9s a m\u00e1s \u00e1llatok feletti uralom egyes\u00edti \u0151ket.&nbsp;A Simbakubwa s\u00falya azonban a m\u00e1sf\u00e9l tonn\u00e1t is el\u00e9rte.<\/p>\n<\/div>\n\n\n\n<div class=\"wp-block-buzzeditor-list-item\"><h3 class=\"be-list-item-title\"><span style=\"color:;background-color:;border-color:\" class=\"be-list-item-number\">12<\/span> <span style=\"color:;background-color:;border-color:\" class=\"be-list-item-text\">Nagy sz\u0151r\u00f6ss\u00fcn \u00e9s a kihalt Deinogalerix.<\/span><\/h3>\n<figure class=\"wp-block-image size-full\"><img loading=\"lazy\" width=\"551\" height=\"666\" src=\"https:\/\/liked.hu\/old\/wp-content\/uploads\/2023\/11\/Oskori-allatok-012.webp\" alt=\"\u0150skori \u00e1llatok 012\" class=\"wp-image-318233\"\/><figcaption><a href=\"https:\/\/www.instagram.com\/romanuchytel\/\" target=\"_blank\" rel=\"noreferrer noopener\">romanuchytel<\/a><\/figcaption><\/figure>\n\n\n\n\n<div style=\"float:none;margin:0px 0 0px 0;text-align:center;\">\n<div class=\"mobileHideke5\"><div style=\"margin-top:25px;\"><div class=\"hirdeteshatter\"><div style=\"display: inline-block;width: 50%;min-width:305px;vertical-align: top;\"><div class=\"hirdetes\">HIRDET\u00c9S<\/div>\n<!-- LikedQ51 -->\n<ins class=\"adsbygoogle\"\n     style=\"display:inline-block;width:300px;height:250px\"\n     data-ad-client=\"ca-pub-9424088931673893\"\n     data-ad-slot=\"8284063326\"><\/ins>\n<script async>\n     (adsbygoogle = window.adsbygoogle || []).push({});\n<\/script><\/div><div style=\"display: inline-block;width: 50%;min-width:305px;vertical-align: top;\"><div class=\"hirdetes\">HIRDET\u00c9S<\/div>\n<!-- LikedQ52 -->\n<ins class=\"adsbygoogle\"\n     style=\"display:inline-block;width:300px;height:250px\"\n     data-ad-client=\"ca-pub-9424088931673893\"\n     data-ad-slot=\"2840164950\"><\/ins>\n<script async>\n     (adsbygoogle = window.adsbygoogle || []).push({});\n<\/script><\/div><\/div><\/div><\/div>\n<div style=\"display:flex;flex-direction:column;\"><div class=\"mobileShowka5\"><div style=\"padding-top:10px;padding-bottom:10px;min-height: 300px;\"><div class=\"hirdetes\">HIRDET\u00c9S<\/div>\n<!-- LikedQ5M -->\n<ins class=\"adsbygoogle\"\n     style=\"display:inline-block;width:300px;height:250px\"\n     data-ad-client=\"ca-pub-9424088931673893\"\n     data-ad-slot=\"9022429928\"><\/ins>\n<script async>\n     (adsbygoogle = window.adsbygoogle || []).push({});\n<\/script><\/div><\/div><\/div><\/div>\n\n<\/div>\n\n\n\n<div class=\"wp-block-buzzeditor-list-item\"><h3 class=\"be-list-item-title\"><span style=\"color:;background-color:;border-color:\" class=\"be-list-item-number\">13<\/span> <span style=\"color:;background-color:;border-color:\" class=\"be-list-item-text\">K\u00f6z\u00e9p-amerikai tap\u00edr \u00e9s kihalt Eobasileus.<\/span><\/h3>\n<figure class=\"wp-block-image size-full\"><img loading=\"lazy\" width=\"551\" height=\"666\" src=\"https:\/\/liked.hu\/old\/wp-content\/uploads\/2023\/11\/Oskori-allatok-011.webp\" alt=\"\u0150skori \u00e1llatok 011\" class=\"wp-image-318232\"\/><figcaption><a href=\"https:\/\/www.instagram.com\/romanuchytel\/\" target=\"_blank\" rel=\"noreferrer noopener\">romanuchytel<\/a><\/figcaption><\/figure>\n\n\n\n<p><\/p>\n<\/div>\n\n\n\n<div class=\"wp-block-buzzeditor-list-item\"><h3 class=\"be-list-item-title\"><span style=\"color:;background-color:;border-color:\" class=\"be-list-item-number\">14<\/span> <span style=\"color:;background-color:;border-color:\" class=\"be-list-item-text\">Shire l\u00f3 \u00e9s a kihalt Eohippus, a lovak legr\u00e9gibb \u0151se.<\/span><\/h3>\n<figure class=\"wp-block-image size-full\"><img loading=\"lazy\" width=\"612\" height=\"764\" src=\"https:\/\/liked.hu\/old\/wp-content\/uploads\/2023\/11\/Oskori-allatok-010.webp\" alt=\"\u0150skori \u00e1llatok 010\" class=\"wp-image-318231\"\/><figcaption><a href=\"https:\/\/www.instagram.com\/romanuchytel\/\" target=\"_blank\" rel=\"noreferrer noopener\">romanuchytel<\/a><\/figcaption><\/figure>\n\n\n\n<p>Mint l\u00e1tj\u00e1tok, a kihalt fajok nem mindig nagyobbak a ma \u00e9l\u0151kn\u00e9l. Vannak persze kisebb lovak is, de a m\u0171v\u00e9sz sz\u00e1nd\u00e9kosan v\u00e1lasztotta a shire fajt\u00e1t &#8211; ezeknek a hatalmas lovaknak a marmagass\u00e1ga ugyanis a 220 cm-t is el\u00e9rheti.<\/p>\n<\/div>\n<\/div>\n","protected":false},"excerpt":{"rendered":"<p>R\u00e9gen m\u00e9g f\u00e9lelmetesebbek voltak ezek az \u00e1llatok.<\/p>\n","protected":false},"author":7,"featured_media":318230,"comment_status":"open","ping_status":"closed","sticky":false,"template":"","format":"standard","meta":{"buzzeditor_post_format":""},"categories":[23],"tags":[133,9801,1985,2655],"yoast_head":"<!-- This site is optimized with the Yoast SEO plugin v19.6.1 - https:\/\/yoast.com\/wordpress\/plugins\/seo\/ -->\n<title>14 vizu\u00e1lis m\u00e9ret-\u00f6sszehasonl\u00edt\u00e1s az \u0151skori \u00e1llatok \u00e9s a ma \u00e9l\u0151 rokonaik k\u00f6z\u00f6tt<\/title>\n<meta name=\"description\" content=\"R\u00e9gen m\u00e9g f\u00e9lelmetesebbek voltak ezek az \u00e1llatok.\" \/>\n<meta name=\"robots\" content=\"index, follow, max-snippet:-1, max-image-preview:large, max-video-preview:-1\" \/>\n<link rel=\"canonical\" href=\"https:\/\/liked.hu\/old\/erdekes\/14-vizualis-meret-osszehasonlitas-az-oskori-allatok-es-a-ma-elo-rokonaik-kozott\/\" \/>\n<link rel=\"next\" href=\"https:\/\/liked.hu\/old\/erdekes\/14-vizualis-meret-osszehasonlitas-az-oskori-allatok-es-a-ma-elo-rokonaik-kozott\/2\/\" \/>\n<meta property=\"og:locale\" content=\"hu_HU\" \/>\n<meta property=\"og:type\" content=\"article\" \/>\n<meta property=\"og:title\" content=\"14 vizu\u00e1lis m\u00e9ret-\u00f6sszehasonl\u00edt\u00e1s az \u0151skori \u00e1llatok \u00e9s a ma \u00e9l\u0151 rokonaik k\u00f6z\u00f6tt\" \/>\n<meta property=\"og:description\" content=\"R\u00e9gen m\u00e9g f\u00e9lelmetesebbek voltak ezek az \u00e1llatok.\" \/>\n<meta property=\"og:url\" content=\"https:\/\/liked.hu\/old\/erdekes\/14-vizualis-meret-osszehasonlitas-az-oskori-allatok-es-a-ma-elo-rokonaik-kozott\/\" \/>\n<meta property=\"og:site_name\" content=\"Liked.hu\" \/>\n<meta property=\"article:publisher\" content=\"https:\/\/www.facebook.com\/liked.hu\" \/>\n<meta property=\"article:published_time\" content=\"2023-11-20T11:53:28+00:00\" \/>\n<meta property=\"article:modified_time\" content=\"2023-11-20T11:53:53+00:00\" \/>\n<meta property=\"og:image\" content=\"https:\/\/liked.hu\/old\/wp-content\/uploads\/2023\/11\/Allatok-osszehasonlitasa.jpg\" \/>\n\t<meta property=\"og:image:width\" content=\"1200\" \/>\n\t<meta property=\"og:image:height\" content=\"630\" \/>\n\t<meta property=\"og:image:type\" content=\"image\/jpeg\" \/>\n<meta name=\"author\" content=\"Tiborc\" \/>\n<meta name=\"twitter:card\" content=\"summary\" \/>\n<meta name=\"twitter:creator\" content=\"@LikedHu\" \/>\n<meta name=\"twitter:site\" content=\"@LikedHu\" \/>\n<meta name=\"twitter:label1\" content=\"Szerz\u0151:\" \/>\n\t<meta name=\"twitter:data1\" content=\"Tiborc\" \/>\n\t<meta name=\"twitter:label2\" content=\"Becs\u00fclt olvas\u00e1si id\u0151\" \/>\n\t<meta name=\"twitter:data2\" content=\"2 perc\" \/>\n<script type=\"application\/ld+json\" class=\"yoast-schema-graph\">{\"@context\":\"https:\/\/schema.org\",\"@graph\":[{\"@type\":\"Article\",\"@id\":\"https:\/\/liked.hu\/old\/erdekes\/14-vizualis-meret-osszehasonlitas-az-oskori-allatok-es-a-ma-elo-rokonaik-kozott\/#article\",\"isPartOf\":{\"@id\":\"https:\/\/liked.hu\/old\/erdekes\/14-vizualis-meret-osszehasonlitas-az-oskori-allatok-es-a-ma-elo-rokonaik-kozott\/\"},\"author\":{\"name\":\"Tiborc\",\"@id\":\"https:\/\/liked.hu\/old\/#\/schema\/person\/8b92210be73c8af1a8255bd30ebe772b\"},\"headline\":\"14 vizu\u00e1lis m\u00e9ret-\u00f6sszehasonl\u00edt\u00e1s az \u0151skori \u00e1llatok \u00e9s a ma \u00e9l\u0151 rokonaik k\u00f6z\u00f6tt\",\"datePublished\":\"2023-11-20T11:53:28+00:00\",\"dateModified\":\"2023-11-20T11:53:53+00:00\",\"mainEntityOfPage\":{\"@id\":\"https:\/\/liked.hu\/old\/erdekes\/14-vizualis-meret-osszehasonlitas-az-oskori-allatok-es-a-ma-elo-rokonaik-kozott\/\"},\"wordCount\":427,\"commentCount\":0,\"publisher\":{\"@id\":\"https:\/\/liked.hu\/old\/#organization\"},\"keywords\":[\"\u00e1llatok\",\"\u0151skor\",\"\u00f6sszehasonl\u00edt\u00e1s\",\"t\u00f6rt\u00e9nelem\"],\"articleSection\":[\"\u00c9rdekess\u00e9gek\"],\"inLanguage\":\"hu\",\"potentialAction\":[{\"@type\":\"CommentAction\",\"name\":\"Comment\",\"target\":[\"https:\/\/liked.hu\/old\/erdekes\/14-vizualis-meret-osszehasonlitas-az-oskori-allatok-es-a-ma-elo-rokonaik-kozott\/#respond\"]}]},{\"@type\":\"WebPage\",\"@id\":\"https:\/\/liked.hu\/old\/erdekes\/14-vizualis-meret-osszehasonlitas-az-oskori-allatok-es-a-ma-elo-rokonaik-kozott\/\",\"url\":\"https:\/\/liked.hu\/old\/erdekes\/14-vizualis-meret-osszehasonlitas-az-oskori-allatok-es-a-ma-elo-rokonaik-kozott\/\",\"name\":\"14 vizu\u00e1lis m\u00e9ret-\u00f6sszehasonl\u00edt\u00e1s az \u0151skori \u00e1llatok \u00e9s a ma \u00e9l\u0151 rokonaik k\u00f6z\u00f6tt\",\"isPartOf\":{\"@id\":\"https:\/\/liked.hu\/old\/#website\"},\"datePublished\":\"2023-11-20T11:53:28+00:00\",\"dateModified\":\"2023-11-20T11:53:53+00:00\",\"description\":\"R\u00e9gen m\u00e9g f\u00e9lelmetesebbek voltak ezek az \u00e1llatok.\",\"breadcrumb\":{\"@id\":\"https:\/\/liked.hu\/old\/erdekes\/14-vizualis-meret-osszehasonlitas-az-oskori-allatok-es-a-ma-elo-rokonaik-kozott\/#breadcrumb\"},\"inLanguage\":\"hu\",\"potentialAction\":[{\"@type\":\"ReadAction\",\"target\":[\"https:\/\/liked.hu\/old\/erdekes\/14-vizualis-meret-osszehasonlitas-az-oskori-allatok-es-a-ma-elo-rokonaik-kozott\/\"]}]},{\"@type\":\"BreadcrumbList\",\"@id\":\"https:\/\/liked.hu\/old\/erdekes\/14-vizualis-meret-osszehasonlitas-az-oskori-allatok-es-a-ma-elo-rokonaik-kozott\/#breadcrumb\",\"itemListElement\":[{\"@type\":\"ListItem\",\"position\":1,\"name\":\"Kezd\u0151lap\"}]},{\"@type\":\"WebSite\",\"@id\":\"https:\/\/liked.hu\/old\/#website\",\"url\":\"https:\/\/liked.hu\/old\/\",\"name\":\"Liked.hu\",\"description\":\"\",\"publisher\":{\"@id\":\"https:\/\/liked.hu\/old\/#organization\"},\"potentialAction\":[{\"@type\":\"SearchAction\",\"target\":{\"@type\":\"EntryPoint\",\"urlTemplate\":\"https:\/\/liked.hu\/old\/?s={search_term_string}\"},\"query-input\":\"required name=search_term_string\"}],\"inLanguage\":\"hu\"},{\"@type\":\"Organization\",\"@id\":\"https:\/\/liked.hu\/old\/#organization\",\"name\":\"Liked.hu\",\"url\":\"https:\/\/liked.hu\/old\/\",\"sameAs\":[\"https:\/\/hu.pinterest.com\/likedhungary\/\",\"https:\/\/www.youtube.com\/channel\/UCPv91dbMoIukYcM9b9nHN6Q\",\"https:\/\/www.facebook.com\/liked.hu\",\"https:\/\/twitter.com\/LikedHu\"],\"logo\":{\"@type\":\"ImageObject\",\"inLanguage\":\"hu\",\"@id\":\"https:\/\/liked.hu\/old\/#\/schema\/logo\/image\/\",\"url\":\"https:\/\/liked.hu\/wp-content\/uploads\/2018\/08\/Liked-icon.png\",\"contentUrl\":\"https:\/\/liked.hu\/wp-content\/uploads\/2018\/08\/Liked-icon.png\",\"width\":512,\"height\":512,\"caption\":\"Liked.hu\"},\"image\":{\"@id\":\"https:\/\/liked.hu\/old\/#\/schema\/logo\/image\/\"}},{\"@type\":\"Person\",\"@id\":\"https:\/\/liked.hu\/old\/#\/schema\/person\/8b92210be73c8af1a8255bd30ebe772b\",\"name\":\"Tiborc\",\"image\":{\"@type\":\"ImageObject\",\"inLanguage\":\"hu\",\"@id\":\"https:\/\/liked.hu\/old\/#\/schema\/person\/image\/\",\"url\":\"https:\/\/liked.hu\/old\/wp-content\/uploads\/avatars\/7\/604de8ed2ffd6-bpfull.jpg\",\"contentUrl\":\"https:\/\/liked.hu\/old\/wp-content\/uploads\/avatars\/7\/604de8ed2ffd6-bpfull.jpg\",\"caption\":\"Tiborc\"},\"url\":\"https:\/\/liked.hu\/old\/u\/tiborc\/\"}]}<\/script>\n<!-- \/ Yoast SEO plugin. -->","yoast_head_json":{"title":"14 vizu\u00e1lis m\u00e9ret-\u00f6sszehasonl\u00edt\u00e1s az \u0151skori \u00e1llatok \u00e9s a ma \u00e9l\u0151 rokonaik k\u00f6z\u00f6tt","description":"R\u00e9gen m\u00e9g f\u00e9lelmetesebbek voltak ezek az \u00e1llatok.","robots":{"index":"index","follow":"follow","max-snippet":"max-snippet:-1","max-image-preview":"max-image-preview:large","max-video-preview":"max-video-preview:-1"},"canonical":"https:\/\/liked.hu\/old\/erdekes\/14-vizualis-meret-osszehasonlitas-az-oskori-allatok-es-a-ma-elo-rokonaik-kozott\/","next":"https:\/\/liked.hu\/old\/erdekes\/14-vizualis-meret-osszehasonlitas-az-oskori-allatok-es-a-ma-elo-rokonaik-kozott\/2\/","og_locale":"hu_HU","og_type":"article","og_title":"14 vizu\u00e1lis m\u00e9ret-\u00f6sszehasonl\u00edt\u00e1s az \u0151skori \u00e1llatok \u00e9s a ma \u00e9l\u0151 rokonaik k\u00f6z\u00f6tt","og_description":"R\u00e9gen m\u00e9g f\u00e9lelmetesebbek voltak ezek az \u00e1llatok.","og_url":"https:\/\/liked.hu\/old\/erdekes\/14-vizualis-meret-osszehasonlitas-az-oskori-allatok-es-a-ma-elo-rokonaik-kozott\/","og_site_name":"Liked.hu","article_publisher":"https:\/\/www.facebook.com\/liked.hu","article_published_time":"2023-11-20T11:53:28+00:00","article_modified_time":"2023-11-20T11:53:53+00:00","og_image":[{"width":1200,"height":630,"url":"https:\/\/liked.hu\/old\/wp-content\/uploads\/2023\/11\/Allatok-osszehasonlitasa.jpg","type":"image\/jpeg"}],"author":"Tiborc","twitter_card":"summary","twitter_creator":"@LikedHu","twitter_site":"@LikedHu","twitter_misc":{"Szerz\u0151:":"Tiborc","Becs\u00fclt olvas\u00e1si id\u0151":"2 perc"},"schema":{"@context":"https:\/\/schema.org","@graph":[{"@type":"Article","@id":"https:\/\/liked.hu\/old\/erdekes\/14-vizualis-meret-osszehasonlitas-az-oskori-allatok-es-a-ma-elo-rokonaik-kozott\/#article","isPartOf":{"@id":"https:\/\/liked.hu\/old\/erdekes\/14-vizualis-meret-osszehasonlitas-az-oskori-allatok-es-a-ma-elo-rokonaik-kozott\/"},"author":{"name":"Tiborc","@id":"https:\/\/liked.hu\/old\/#\/schema\/person\/8b92210be73c8af1a8255bd30ebe772b"},"headline":"14 vizu\u00e1lis m\u00e9ret-\u00f6sszehasonl\u00edt\u00e1s az \u0151skori \u00e1llatok \u00e9s a ma \u00e9l\u0151 rokonaik k\u00f6z\u00f6tt","datePublished":"2023-11-20T11:53:28+00:00","dateModified":"2023-11-20T11:53:53+00:00","mainEntityOfPage":{"@id":"https:\/\/liked.hu\/old\/erdekes\/14-vizualis-meret-osszehasonlitas-az-oskori-allatok-es-a-ma-elo-rokonaik-kozott\/"},"wordCount":427,"commentCount":0,"publisher":{"@id":"https:\/\/liked.hu\/old\/#organization"},"keywords":["\u00e1llatok","\u0151skor","\u00f6sszehasonl\u00edt\u00e1s","t\u00f6rt\u00e9nelem"],"articleSection":["\u00c9rdekess\u00e9gek"],"inLanguage":"hu","potentialAction":[{"@type":"CommentAction","name":"Comment","target":["https:\/\/liked.hu\/old\/erdekes\/14-vizualis-meret-osszehasonlitas-az-oskori-allatok-es-a-ma-elo-rokonaik-kozott\/#respond"]}]},{"@type":"WebPage","@id":"https:\/\/liked.hu\/old\/erdekes\/14-vizualis-meret-osszehasonlitas-az-oskori-allatok-es-a-ma-elo-rokonaik-kozott\/","url":"https:\/\/liked.hu\/old\/erdekes\/14-vizualis-meret-osszehasonlitas-az-oskori-allatok-es-a-ma-elo-rokonaik-kozott\/","name":"14 vizu\u00e1lis m\u00e9ret-\u00f6sszehasonl\u00edt\u00e1s az \u0151skori \u00e1llatok \u00e9s a ma \u00e9l\u0151 rokonaik k\u00f6z\u00f6tt","isPartOf":{"@id":"https:\/\/liked.hu\/old\/#website"},"datePublished":"2023-11-20T11:53:28+00:00","dateModified":"2023-11-20T11:53:53+00:00","description":"R\u00e9gen m\u00e9g f\u00e9lelmetesebbek voltak ezek az \u00e1llatok.","breadcrumb":{"@id":"https:\/\/liked.hu\/old\/erdekes\/14-vizualis-meret-osszehasonlitas-az-oskori-allatok-es-a-ma-elo-rokonaik-kozott\/#breadcrumb"},"inLanguage":"hu","potentialAction":[{"@type":"ReadAction","target":["https:\/\/liked.hu\/old\/erdekes\/14-vizualis-meret-osszehasonlitas-az-oskori-allatok-es-a-ma-elo-rokonaik-kozott\/"]}]},{"@type":"BreadcrumbList","@id":"https:\/\/liked.hu\/old\/erdekes\/14-vizualis-meret-osszehasonlitas-az-oskori-allatok-es-a-ma-elo-rokonaik-kozott\/#breadcrumb","itemListElement":[{"@type":"ListItem","position":1,"name":"Kezd\u0151lap"}]},{"@type":"WebSite","@id":"https:\/\/liked.hu\/old\/#website","url":"https:\/\/liked.hu\/old\/","name":"Liked.hu","description":"","publisher":{"@id":"https:\/\/liked.hu\/old\/#organization"},"potentialAction":[{"@type":"SearchAction","target":{"@type":"EntryPoint","urlTemplate":"https:\/\/liked.hu\/old\/?s={search_term_string}"},"query-input":"required name=search_term_string"}],"inLanguage":"hu"},{"@type":"Organization","@id":"https:\/\/liked.hu\/old\/#organization","name":"Liked.hu","url":"https:\/\/liked.hu\/old\/","sameAs":["https:\/\/hu.pinterest.com\/likedhungary\/","https:\/\/www.youtube.com\/channel\/UCPv91dbMoIukYcM9b9nHN6Q","https:\/\/www.facebook.com\/liked.hu","https:\/\/twitter.com\/LikedHu"],"logo":{"@type":"ImageObject","inLanguage":"hu","@id":"https:\/\/liked.hu\/old\/#\/schema\/logo\/image\/","url":"https:\/\/liked.hu\/wp-content\/uploads\/2018\/08\/Liked-icon.png","contentUrl":"https:\/\/liked.hu\/wp-content\/uploads\/2018\/08\/Liked-icon.png","width":512,"height":512,"caption":"Liked.hu"},"image":{"@id":"https:\/\/liked.hu\/old\/#\/schema\/logo\/image\/"}},{"@type":"Person","@id":"https:\/\/liked.hu\/old\/#\/schema\/person\/8b92210be73c8af1a8255bd30ebe772b","name":"Tiborc","image":{"@type":"ImageObject","inLanguage":"hu","@id":"https:\/\/liked.hu\/old\/#\/schema\/person\/image\/","url":"https:\/\/liked.hu\/old\/wp-content\/uploads\/avatars\/7\/604de8ed2ffd6-bpfull.jpg","contentUrl":"https:\/\/liked.hu\/old\/wp-content\/uploads\/avatars\/7\/604de8ed2ffd6-bpfull.jpg","caption":"Tiborc"},"url":"https:\/\/liked.hu\/old\/u\/tiborc\/"}]}},"publishpress_future_action":{"enabled":false,"date":"1970-01-01 01:00:00","action":"","terms":[],"taxonomy":"","browser_timezone_offset":0},"_links":{"self":[{"href":"https:\/\/liked.hu\/old\/wp-json\/wp\/v2\/posts\/318229"}],"collection":[{"href":"https:\/\/liked.hu\/old\/wp-json\/wp\/v2\/posts"}],"about":[{"href":"https:\/\/liked.hu\/old\/wp-json\/wp\/v2\/types\/post"}],"author":[{"embeddable":true,"href":"https:\/\/liked.hu\/old\/wp-json\/wp\/v2\/users\/7"}],"replies":[{"embeddable":true,"href":"https:\/\/liked.hu\/old\/wp-json\/wp\/v2\/comments?post=318229"}],"version-history":[{"count":0,"href":"https:\/\/liked.hu\/old\/wp-json\/wp\/v2\/posts\/318229\/revisions"}],"wp:featuredmedia":[{"embeddable":true,"href":"https:\/\/liked.hu\/old\/wp-json\/wp\/v2\/media\/318230"}],"wp:attachment":[{"href":"https:\/\/liked.hu\/old\/wp-json\/wp\/v2\/media?parent=318229"}],"wp:term":[{"taxonomy":"category","embeddable":true,"href":"https:\/\/liked.hu\/old\/wp-json\/wp\/v2\/categories?post=318229"},{"taxonomy":"post_tag","embeddable":true,"href":"https:\/\/liked.hu\/old\/wp-json\/wp\/v2\/tags?post=318229"}],"curies":[{"name":"wp","href":"https:\/\/api.w.org\/{rel}","templated":true}]}}