{"id":315582,"date":"2023-11-07T05:42:34","date_gmt":"2023-11-07T03:42:34","guid":{"rendered":"https:\/\/liked.hu\/old\/?p=315582"},"modified":"2023-11-07T05:42:36","modified_gmt":"2023-11-07T03:42:36","slug":"10-egyszerunek-tuno-fenykep-eszbonto-hattertortenetekkel","status":"publish","type":"post","link":"https:\/\/liked.hu\/old\/erdekes\/10-egyszerunek-tuno-fenykep-eszbonto-hattertortenetekkel\/","title":{"rendered":"10 egyszer\u0171nek t\u0171n\u0151 f\u00e9nyk\u00e9p, \u00e9szbont\u00f3 h\u00e1tt\u00e9rt\u00f6rt\u00e9netekkel"},"content":{"rendered":"\n<p>Egyes fot\u00f3k annyira h\u00e9tk\u00f6znapinak t\u0171nnek, hogy senki nem n\u00e9zn\u00e9 meg \u0151ket m\u00e9g egyszer. N\u00e9ha azonban az ilyen egyszer\u0171en t\u0171n\u0151 fot\u00f3kon j\u00f3val t\u00f6bb van ann\u00e1l, mint ami els\u0151 pillant\u00e1sra t\u0171nik. Ahhoz azonban, hogy ezt meg\u00e9rts\u00fck, ismern\u00fcnk kell a k\u00e9pek nem mindennapi h\u00e1tt\u00e9rt\u00f6rt\u00e9neteit is.<\/p>\n\n\n\n\n<div style=\"float:none;margin:0px 0 0px 0;text-align:center;\">\n<div class=\"mobileShowkakettes\"><div class=\"mobileShowka2\"><div style=\"padding-top:0px;padding-bottom:15px;min-height: 300px;\"><div class=\"hirdetes\">HIRDET\u00c9S<\/div>\n<!-- 300lista -->\n<ins class=\"adsbygoogle\"\n     style=\"display:inline-block;width:300px;height:250px\"\n     data-ad-client=\"ca-pub-9424088931673893\"\n     data-ad-slot=\"8471340766\"><\/ins>\n<script async>\n     (adsbygoogle = window.adsbygoogle || []).push({});\n<\/script><\/div><\/div><\/div><\/div>\n\n\n\n\n<p>A <strong>Liked.hu<\/strong>-n\u00e1l most 10 olyan kev\u00e9sb\u00e9 ismert, \u00e1m m\u00e9gis t\u00f6rt\u00e9nelmi jelent\u0151s\u00e9g\u0171 fot\u00f3t gy\u0171jt\u00f6tt\u00fcnk \u00f6ssze, melyekr\u0151l els\u0151 r\u00e1n\u00e9z\u00e9sre mindenki azt hinn\u00e9, hogy csak \u00e1tlagos, h\u00e9tk\u00f6znapi fot\u00f3k, de val\u00f3j\u00e1ban sokkal t\u00f6bbek ann\u00e1l.<\/p>\n\n\n\n<div class=\"wp-block-buzzeditor-list be-list be-list-type-desc be-list-number-style-none\">\n<div class=\"wp-block-buzzeditor-list-item\"><h3 class=\"be-list-item-title\"><span style=\"color:;background-color:;border-color:\" class=\"be-list-item-number\">10<\/span> <span style=\"color:;background-color:;border-color:\" class=\"be-list-item-text\">A kis doboz, amit ez a mosolyg\u00f3 f\u00e9rfi tart a kez\u00e9ben, a Nagaszakira ledobott atombomba magj\u00e1t t\u00e1rolta.<\/span><\/h3>\n<figure class=\"wp-block-image size-full\"><img loading=\"lazy\" width=\"750\" height=\"396\" src=\"https:\/\/liked.hu\/old\/wp-content\/uploads\/2023\/11\/Tortenelmi-fenykepek-023.webp\" alt=\"T\u00f6rt\u00e9nelmi f\u00e9nyk\u00e9pek 023\" class=\"wp-image-315598\"\/><figcaption><em><a href=\"https:\/\/commons.wikimedia.org\/wiki\/File:Agnew_NagasakiPuCore.jpg\" target=\"_blank\" rel=\"noreferrer noopener\">Wikimedia<\/a><\/em><\/figcaption><\/figure>\n\n\n\n<p>A fenti k\u00e9pen a mosolyg\u00f3 f\u00e9rfi Harold Agnew. Amerikai fizikus volt, aki a hirosimai bomb\u00e1z\u00e1s tudom\u00e1nyos megfigyel\u0151jek\u00e9nt dolgozott. Laz\u00e1n tartja a Fat Man plut\u00f3nium magj\u00e1t. Ez a kis mag 14 fontot (6,4 kg) nyomott, \u00e9s 21 kt (88 TJ) robban\u00e1si kapacit\u00e1ssal rendelkezett.<\/p>\n<\/div>\n\n\n\n<div class=\"wp-block-buzzeditor-list-item\"><h3 class=\"be-list-item-title\"><span style=\"color:;background-color:;border-color:\" class=\"be-list-item-number\">9<\/span> <span style=\"color:;background-color:;border-color:\" class=\"be-list-item-text\">Ez a galamb az I. vil\u00e1gh\u00e1bor\u00faban egy csapd\u00e1ba esett z\u00e1szl\u00f3alj \u00fczenet\u00e9t vitte c\u00e9lba, k\u00f6zel 200 embert megmentve ezzel. A galambot t\u00f6bbsz\u00f6r lel\u0151tt\u00e9k, \u00e9s v\u00e9g\u00fcl elvesztette az egyik l\u00e1b\u00e1t \u00e9s az egyik szem\u00e9t is. A katon\u00e1k a &#8222;Cher Ami&#8221; nevet adt\u00e1k neki, ami azt jelenti, hogy &#8222;Kedves bar\u00e1tom&#8221;.<\/span><\/h3>\n<figure class=\"wp-block-image size-full\"><img loading=\"lazy\" width=\"750\" height=\"396\" src=\"https:\/\/liked.hu\/old\/wp-content\/uploads\/2023\/11\/Tortenelmi-fenykepek-022.webp\" alt=\"T\u00f6rt\u00e9nelmi f\u00e9nyk\u00e9pek 022\" class=\"wp-image-315597\"\/><figcaption><em><a href=\"https:\/\/commons.wikimedia.org\/wiki\/File:Cher_Ami_cropped.jpg#mw-jump-to-license\" target=\"_blank\" rel=\"noreferrer noopener\">Wikimedia<\/a><\/em><\/figcaption><\/figure>\n\n\n\n<p>Charles White Whittlesey \u0151rnagy \u00e9s t\u00f6bb mint 194 embere 1918. okt\u00f3ber 3-\u00e1n egy domb melletti kis m\u00e9lyed\u00e9sben rekedt. A h\u00e1bor\u00fa kit\u00f6rt, \u00e9s nem volt m\u00f3d arra, hogy kijussanak onnan an\u00e9lk\u00fcl, hogy a n\u00e9metek \u00e9szrevenn\u00e9k \u0151ket. Az els\u0151 nap ut\u00e1n mind\u00f6ssze 194 ember maradt \u00e9letben. Mivel embert nem tudtak k\u00fcldeni, ez\u00e9rt az \u0151rnagy \u00fagy d\u00f6nt\u00f6tt, hogy ink\u00e1bb galambokat k\u00fcld seg\u00edts\u00e9g\u00e9rt.<\/p>\n\n\n\n<p>Az \u00fczenetet hoz\u00f3 madarak k\u00f6z\u00fcl kett\u0151t azonnal lel\u0151ttek. A harmadik a k\u00e9pen l\u00e1that\u00f3 galamb volt. \u0150t a bal l\u00e1b\u00e1ra k\u00f6t\u00f6tt \u00fczenettel k\u00fcldt\u00e9k el. Az \u00fczenet \u00edgy sz\u00f3lt: &#8222;A 276.4-es \u00fat ment\u00e9n vagyunk. A saj\u00e1t t\u00fcz\u00e9rs\u00e9g\u00fcnk k\u00f6zvetlen\u00fcl r\u00e1nk nyitott sort\u00fczet. Az \u00e9g szerelm\u00e9re, hagyj\u00e1k abba!&#8221;<\/p>\n\n\n\n<p>Ahogy a galamb rep\u00fclni pr\u00f3b\u00e1lt, a n\u00e9metek l\u0151ni kezdt\u00e9k, \u00e9s alig n\u00e9h\u00e1ny m\u00e1sodperc m\u00falva lel\u0151tt\u00e9k. De valahogy siker\u00fclt \u00fajra rep\u00fclnie, \u00e9s mind\u00f6ssze 25 perc alatt 40 kilom\u00e9tert tett meg. Sikeresen \u00e1t tudta adni az \u00fczenetet, megmentve 194 ember \u00e9let\u00e9t. \u00datja sor\u00e1n az egyik szem\u00e9re megvakult, \u00e9s mellbe is l\u0151tt\u00e9k. Emellett az egyik l\u00e1ba is megs\u00e9r\u00fclt.<\/p>\n\n\n\n<p>A hadsereg orvosai mindent megtettek, hogy megments\u00e9k a l\u00e1b\u00e1t, de nem siker\u00fclt. Ez\u00e9rt egy kis fal\u00e1bat faragtak neki. A hadsereg a &#8222;Cher Ami&#8221; nevet adta neki, ami franci\u00e1ul annyit jelent, hogy &#8222;kedves bar\u00e1t&#8221;. A galamb a h\u00e1bor\u00fa alatti ikonikus szolg\u00e1lat\u00e1\u00e9rt megkapta a Croix de Guerre-\u00e9rmet.<\/p>\n\n\n\n\n<div style=\"float:none;margin:0px 0 0px 0;text-align:center;\">\n<div class=\"mobileHideke5\"><div style=\"margin-top:25px;\"><div class=\"hirdeteshatter\"><div style=\"display: inline-block;width: 50%;min-width:305px;vertical-align: top;\"><div class=\"hirdetes\">HIRDET\u00c9S<\/div>\n<!-- LikedQ51 -->\n<ins class=\"adsbygoogle\"\n     style=\"display:inline-block;width:300px;height:250px\"\n     data-ad-client=\"ca-pub-9424088931673893\"\n     data-ad-slot=\"8284063326\"><\/ins>\n<script async>\n     (adsbygoogle = window.adsbygoogle || []).push({});\n<\/script><\/div><div style=\"display: inline-block;width: 50%;min-width:305px;vertical-align: top;\"><div class=\"hirdetes\">HIRDET\u00c9S<\/div>\n<!-- LikedQ52 -->\n<ins class=\"adsbygoogle\"\n     style=\"display:inline-block;width:300px;height:250px\"\n     data-ad-client=\"ca-pub-9424088931673893\"\n     data-ad-slot=\"2840164950\"><\/ins>\n<script async>\n     (adsbygoogle = window.adsbygoogle || []).push({});\n<\/script><\/div><\/div><\/div><\/div>\n<div style=\"display:flex;flex-direction:column;\"><div class=\"mobileShowka5\"><div style=\"padding-top:10px;padding-bottom:10px;min-height: 300px;\"><div class=\"hirdetes\">HIRDET\u00c9S<\/div>\n<!-- LikedQ5M -->\n<ins class=\"adsbygoogle\"\n     style=\"display:inline-block;width:300px;height:250px\"\n     data-ad-client=\"ca-pub-9424088931673893\"\n     data-ad-slot=\"9022429928\"><\/ins>\n<script async>\n     (adsbygoogle = window.adsbygoogle || []).push({});\n<\/script><\/div><\/div><\/div><\/div>\n\n<\/div>\n\n\n\n<div class=\"wp-block-buzzeditor-list-item\"><h3 class=\"be-list-item-title\"><span style=\"color:;background-color:;border-color:\" class=\"be-list-item-number\">8<\/span> <span style=\"color:;background-color:;border-color:\" class=\"be-list-item-text\">Ezen az 1987-es National Geographic k\u00e9pen az els\u0151 sz\u00edv\u00e1t\u00fcltet\u00e9s l\u00e1that\u00f3 Lengyelorsz\u00e1gban. 23 \u00f3r\u00e1n \u00e1t tartott. A f\u00e9nyk\u00e9pet tart\u00f3 f\u00e9rfi volt a beteg. A m\u0171t\u00e9tet v\u00e9gz\u0151 orvos\u00e1t is t\u00fal\u00e9lte.<\/span><\/h3>\n<figure class=\"wp-block-image size-full\"><img loading=\"lazy\" width=\"750\" height=\"396\" src=\"https:\/\/liked.hu\/old\/wp-content\/uploads\/2023\/11\/Tortenelmi-fenykepek-021.webp\" alt=\"T\u00f6rt\u00e9nelmi f\u00e9nyk\u00e9pek 021\" class=\"wp-image-315596\"\/><figcaption><em><a href=\"https:\/\/www.zmescience.com\/other\/great-pics\/zbigniew-religa-picture\/\" target=\"_blank\" rel=\"noreferrer noopener\">National Geographic via ZME Science<\/a><\/em><\/figcaption><\/figure>\n\n\n\n<p>A m\u0171t\u00e9t 23 \u00f3r\u00e1n \u00e1t tartott. Annyira kimer\u00edt\u0151 volt, hogy az orvos, Zbigniew Religa seg\u00edt\u0151je (k\u00e9p jobb oldala) \u00f6sszeesett \u00e9s elaludt a f\u00f6ld\u00f6n. James Stansfield fot\u00f3s a m\u0171t\u00e9t ut\u00e1ni pillanatot \u00f6r\u00f6k\u00edtette meg, amikor az orvos a beteg mellett \u00fclve vizsg\u00e1lta az \u00e9letfunkci\u00f3it.<\/p>\n\n\n\n<p>A fenti fot\u00f3 25 \u00e9vvel a m\u0171t\u00e9t ut\u00e1n k\u00e9sz\u00fclt. A f\u00e9rfi a m\u0171t\u00e9t ut\u00e1n m\u00e9g 30 \u00e9vet \u00e9lt, \u00e9s tov\u00e1bb \u00e9lt, mint maga az orvosa.<\/p>\n<\/div>\n\n\n\n<div class=\"wp-block-buzzeditor-list-item\"><h3 class=\"be-list-item-title\"><span style=\"color:;background-color:;border-color:\" class=\"be-list-item-number\">7<\/span> <span style=\"color:;background-color:;border-color:\" class=\"be-list-item-text\">A Roundhayi kerti jelenetet a vil\u00e1g legr\u00e9gibb filmj\u00e9nek tartj\u00e1k.<\/span><\/h3>\n<figure class=\"wp-block-image size-full\"><img loading=\"lazy\" width=\"750\" height=\"396\" src=\"https:\/\/liked.hu\/old\/wp-content\/uploads\/2023\/11\/Tortenelmi-fenykepek-019.webp\" alt=\"T\u00f6rt\u00e9nelmi f\u00e9nyk\u00e9pek 019\" class=\"wp-image-315594\"\/><figcaption><em><a href=\"https:\/\/en.wikipedia.org\/wiki\/Roundhay_Garden_Scene\" target=\"_blank\" rel=\"noreferrer noopener\">Wikipedia<\/a><\/em><\/figcaption><\/figure>\n\n\n\n<p>A Roundhayi kerti jelenet egy 1888-as r\u00f6vidfilm, amit Louis Le Prince francia feltal\u00e1l\u00f3 r\u00f6gz\u00edtett. \u00dagy tartj\u00e1k, hogy ez volt az els\u0151 film, amit valaha r\u00f6gz\u00edtettek. K\u00fcl\u00f6n \u00e9rdekess\u00e9ge, hogy a 7 (fps) k\u00e9pkocka per m\u00e1sodperc sebess\u00e9ggel k\u00e9sz\u00fclt.<\/p>\n\n\n\n\n<div style=\"float:none;margin:0px 0 0px 0;text-align:center;\">\n<div class=\"mobileHideke8\"><div style=\"margin-top:25px;\"><div class=\"hirdeteshatter\"><div style=\"display: inline-block;width: 50%;min-width:340px;vertical-align: top;\"><div class=\"hirdetes\">HIRDET\u00c9S<\/div>\n<!-- Liked7Q1 -->\n<ins class=\"adsbygoogle\"\n     style=\"display:inline-block;width:336px;height:280px\"\n     data-ad-client=\"ca-pub-9424088931673893\"\n     data-ad-slot=\"3022062587\"><\/ins>\n<script async>\n     (adsbygoogle = window.adsbygoogle || []).push({});\n<\/script><\/div><div style=\"display: inline-block;width: 50%;min-width:340px;vertical-align: top;\"><div class=\"hirdetes\">HIRDET\u00c9S<\/div>\n<!-- Liked7Q2 -->\n<ins class=\"adsbygoogle\"\n     style=\"display:inline-block;width:336px;height:280px\"\n     data-ad-client=\"ca-pub-9424088931673893\"\n     data-ad-slot=\"3952000871\"><\/ins>\n<script async>\n     (adsbygoogle = window.adsbygoogle || []).push({});\n<\/script><\/div><\/div><\/div><\/div>\n<div style=\"display:flex;flex-direction:column;\"><div class=\"mobileShowka8\"><div style=\"padding-top:15px;margin-bottom:15px;min-height: 300px;\"><div class=\"hirdetes\">HIRDET\u00c9S<\/div>\n<!-- Liked7QMobil -->\n<ins class=\"adsbygoogle\"\n     style=\"display:inline-block;width:336px;height:280px\"\n     data-ad-client=\"ca-pub-9424088931673893\"\n     data-ad-slot=\"5073510857\"><\/ins>\n<script async>\n     (adsbygoogle = window.adsbygoogle || []).push({});\n<\/script><\/div><\/div><\/div><\/div>\n\n<\/div>\n\n\n\n<div class=\"wp-block-buzzeditor-list-item\"><h3 class=\"be-list-item-title\"><span style=\"color:;background-color:;border-color:\" class=\"be-list-item-number\">6<\/span> <span style=\"color:;background-color:;border-color:\" class=\"be-list-item-text\"><strong>Ez a k\u00e9p \u00fagy n\u00e9z ki, mintha egy fiatal l\u00e1ny lenne rajta. A val\u00f3s\u00e1gban azonban ez Franklin D. Roosevelt gyermekkori k\u00e9pe, aki k\u00e9s\u0151bb az Amerikai Egyes\u00fclt \u00c1llamok eln\u00f6ke lett.<\/strong><\/span><\/h3>\n<figure class=\"wp-block-image size-full\"><img loading=\"lazy\" width=\"750\" height=\"396\" src=\"https:\/\/liked.hu\/old\/wp-content\/uploads\/2023\/11\/Tortenelmi-fenykepek-018.webp\" alt=\"T\u00f6rt\u00e9nelmi f\u00e9nyk\u00e9pek 018\" class=\"wp-image-315593\"\/><figcaption><em><a href=\"https:\/\/commons.wikimedia.org\/wiki\/File:Franklin-Roosevelt-1884.jpg\" target=\"_blank\" rel=\"noreferrer noopener\">Wikimedia<\/a><\/em><\/figcaption><\/figure>\n\n\n\n<p>A 16. sz\u00e1zad el\u0151tt l\u00e9tezett egy ritu\u00e1l\u00e9, amelyet &#8222;brechel\u00e9snek&#8221; neveztek. Ez volt az az alkalom, amikor egy kisfi\u00fat el\u0151sz\u00f6r \u00f6lt\u00f6ztettek bricsesznadr\u00e1gba vagy nadr\u00e1gba. A 16. sz\u00e1zad k\u00f6zep\u00e9t\u0151l a 20. sz\u00e1zad elej\u00e9ig azonban a kisfi\u00fakat nyolc\u00e9ves korukig k\u00f6nt\u00f6sbe vagy dresszbe \u00f6lt\u00f6ztett\u00e9k.<\/p>\n\n\n\n<p>A fenti k\u00e9pen Franklin D. Roosevelt is egy ilyen ruh\u00e1ban l\u00e1that\u00f3. A fot\u00f3 1884-ben k\u00e9sz\u00fclt, amikor Roosevelt k\u00e9t \u00e9s f\u00e9l \u00e9ves volt. Ki gondolta volna, hogy ebb\u0151l a kisfi\u00fab\u00f3l egyszer az Egyes\u00fclt \u00c1llamok 32. eln\u00f6ke lesz?<\/p>\n<\/div>\n\n\n\n<div class=\"wp-block-buzzeditor-list-item\"><h3 class=\"be-list-item-title\"><span style=\"color:;background-color:;border-color:\" class=\"be-list-item-number\">5<\/span> <span style=\"color:;background-color:;border-color:\" class=\"be-list-item-text\">Ez a h\u00e9tk\u00f6znapinak t\u0171n\u0151 t\u00e1jk\u00e9p a valaha eladott legdr\u00e1g\u00e1bb f\u00e9nyk\u00e9p. Egy \u00e1rver\u00e9sen elk\u00e9peszt\u0151 \u00f6sszeg\u00e9rt, 4,3 milli\u00f3 doll\u00e1r\u00e9rt kelt el!<\/span><\/h3>\n<figure class=\"wp-block-image size-full\"><img loading=\"lazy\" width=\"750\" height=\"396\" src=\"https:\/\/liked.hu\/old\/wp-content\/uploads\/2023\/11\/Tortenelmi-fenykepek-017.webp\" alt=\"T\u00f6rt\u00e9nelmi f\u00e9nyk\u00e9pek 017\" class=\"wp-image-315592\"\/><figcaption><em><a href=\"https:\/\/en.wikipedia.org\/wiki\/File:Rhein_II.jpg\" target=\"_blank\" rel=\"noreferrer noopener\">Wikip\u00e9dia<\/a><\/em><\/figcaption><\/figure>\n\n\n\n<p>A fenti, Rhein II. n\u00e9ven ismert fot\u00f3 egy hat k\u00e9pb\u0151l \u00e1ll\u00f3, a Rajna foly\u00f3t \u00e1br\u00e1zol\u00f3 sorozat r\u00e9sze volt. A k\u00e9pen a Rajna als\u00f3 foly\u00e1sa l\u00e1that\u00f3, amint v\u00edzszintesen folyik a l\u00e1t\u00f3sz\u00f6g\u00f6n \u00e1t\u00edvel\u0151 z\u00f6ld, s\u00edk mez\u0151k k\u00f6z\u00f6tt, felh\u0151s \u00e9gbolt alatt.<\/p>\n\n\n\n<p>A f\u00e9nyk\u00e9pet Andreas Gursky n\u00e9met k\u00e9pz\u0151m\u0171v\u00e9sz k\u00e9sz\u00edtette. A fot\u00f3 1999-ben k\u00e9sz\u00fclt. Meglep\u0151 lehet, de ezen a fot\u00f3n eredetileg kutyas\u00e9t\u00e1ltat\u00f3 emberek \u00e9s egy gy\u00e1r\u00e9p\u00fclet is szerepelt. A m\u0171v\u00e9sz azonban mindezt digit\u00e1lis szerkeszt\u00e9ssel elt\u00e1vol\u00edtotta. A f\u00e9nyk\u00e9pet 2011-ben 4,3 milli\u00f3 doll\u00e1r\u00e9rt \u00e1rverezt\u00e9k el, ezzel a valaha eladott legdr\u00e1g\u00e1bb f\u00e9nyk\u00e9p lett.<\/p>\n<\/div>\n\n\n\n<!--nextpage-->\n\n\n\n<div class=\"wp-block-buzzeditor-list-item\"><h3 class=\"be-list-item-title\"><span style=\"color:;background-color:;border-color:\" class=\"be-list-item-number\">4<\/span> <span style=\"color:;background-color:;border-color:\" class=\"be-list-item-text\">Ez nem csak egy furcsa \u00e9p\u00edtkez\u00e9sr\u0151l k\u00e9sz\u00fclt fot\u00f3, hanem egy 7600 tonn\u00e1s lak\u00f3h\u00e1z od\u00e9bb rak\u00e1sa. Az \u00e9p\u00fcletet 1987-ben egy rom\u00e1niai v\u00e1ros k\u00f6r\u00fatj\u00e1nak a kialak\u00edt\u00e1sa miatt arr\u00e9bb tenni \u00fagy, hogy k\u00f6zben m\u00e9g a lak\u00f3k is benne voltak.<\/span><\/h3>\n<figure class=\"wp-block-image size-full\"><img loading=\"lazy\" width=\"750\" height=\"396\" src=\"https:\/\/liked.hu\/old\/wp-content\/uploads\/2023\/11\/Tortenelmi-fenykepek-016.webp\" alt=\"T\u00f6rt\u00e9nelmi f\u00e9nyk\u00e9pek 016\" class=\"wp-image-315591\"\/><figcaption><em><a href=\"http:\/\/www.visitalbaiulia.com\/80-flats-on-wheels\/\" target=\"_blank\" rel=\"noreferrer noopener\">Alba lulia<\/a><\/em><\/figcaption><\/figure>\n\n\n\n<p>A kommunista korszak idej\u00e9n Rom\u00e1ni\u00e1ban is a hatalmas, szovjet st\u00edlus\u00fa lak\u00e1sok \u00e9p\u00edt\u00e9se volt a divat. Sok ilyen volt minden nagyv\u00e1rosban, \u00edgy p\u00e9ld\u00e1ul Gyulafeh\u00e9rv\u00e1ron is, \u00e1m itt az egyik jelent\u0151s gondot okozott. A k\u00e9pen l\u00e1that\u00f3 \u00e9p\u00fclet ugyanis egy k\u00e9sz\u00fcl\u0151 k\u00f6r\u00fat \u00fatj\u00e1ban \u00e1llt, ez\u00e9rt az \u00e9p\u00fcletet vas\u00fati s\u00ednek seg\u00edts\u00e9g\u00e9vel 55 m\u00e9terrel arr\u00e9bb kellett k\u00f6lt\u00f6ztetni.<\/p>\n\n\n\n<p>Az \u00e9p\u00fclet k\u00e9t r\u00e9sz\u00e9nek \u00e1thelyez\u00e9se 5 \u00f3r\u00e1t \u00e9s 40 percet vett ig\u00e9nybe. Az igaz\u00e1n \u00e9rdekes az volt, hogy a lak\u00f3kat a k\u00f6lt\u00f6ztet\u00e9s idej\u00e9re sem evaku\u00e1lt\u00e1k az \u00e9p\u00fcletb\u0151l, hanem v\u00e9gig benne tart\u00f3zkodtak \u00e9s \u00e9lt\u00e9k a szok\u00e1sos \u00e9let\u00fcket. \u00c1ll\u00edt\u00f3lag egy n\u0151 egy poh\u00e1r vizet tett az erk\u00e9lykorl\u00e1t sz\u00e9l\u00e9re k\u00edv\u00e1ncsis\u00e1gb\u00f3l, de egyetlen csepp sem folyt ki bel\u0151le.<\/p>\n<\/div>\n\n\n\n<div class=\"wp-block-buzzeditor-list-item\"><h3 class=\"be-list-item-title\"><span style=\"color:;background-color:;border-color:\" class=\"be-list-item-number\">3<\/span> <span style=\"color:;background-color:;border-color:\" class=\"be-list-item-text\"><strong>\u00dagy n\u00e9z ki, mint egy szoba sz\u00e9kekkel, de a val\u00f3s\u00e1gban ez egy fot\u00f3, ami az 1930-as \u00e9vek egyik rep\u00fcl\u0151g\u00e9p\u00e9nek a belsej\u00e9t \u00f6r\u00f6k\u00edtette meg!<\/strong><\/span><\/h3>\n<figure class=\"wp-block-image size-full\"><img loading=\"lazy\" width=\"750\" height=\"396\" src=\"https:\/\/liked.hu\/old\/wp-content\/uploads\/2023\/11\/Tortenelmi-fenykepek-013.webp\" alt=\"T\u00f6rt\u00e9nelmi f\u00e9nyk\u00e9pek 013\" class=\"wp-image-315588\"\/><figcaption><em><a href=\"http:\/\/blog.airindiaexpress.in\/the-evolution-of-the-airline-seat\/\" target=\"_blank\" rel=\"noreferrer noopener\">Air India<\/a><\/em><\/figcaption><\/figure>\n\n\n\n<p>A fenti k\u00e9pen l\u00e1that\u00f3 rep\u00fcl\u0151g\u00e9p seg\u00edts\u00e9g\u00e9vel sz\u00e1ll\u00edtott\u00e1k Hawaiira a gazdag utasokat. K\u00fcl\u00f6n \u00e9rdekess\u00e9ge, hogy igaz\u00e1b\u00f3l nem is rep\u00fcl\u0151g\u00e9pnek, hanem \u201erep\u00fcl\u0151 haj\u00f3nak\u201d h\u00edvt\u00e1k, mivel Hawaiira \u00e9rkezve kiz\u00e1r\u00f3lag a v\u00edzen tudott landolni.<\/p>\n\n\n\n\n<div style=\"float:none;margin:0px 0 0px 0;text-align:center;\">\n<div class=\"mobileHideke8\"><div class=\"hirdeteshatter\"><div style=\"display: inline-block;width: 50%;min-width:340px;vertical-align: top;\"><div class=\"hirdetes\">HIRDET\u00c9S<\/div>\n<!-- LikedQ81 -->\n<ins class=\"adsbygoogle\"\n     style=\"display:inline-block;width:336px;height:280px\"\n     data-ad-client=\"ca-pub-9424088931673893\"\n     data-ad-slot=\"2436840276\"><\/ins>\n<script async>\n     (adsbygoogle = window.adsbygoogle || []).push({});\n<\/script><\/div><div style=\"display: inline-block;width: 50%;min-width:340px;vertical-align: top;\"><div class=\"hirdetes\">HIRDET\u00c9S<\/div>\n<!-- LikedQ82 -->\n<ins class=\"adsbygoogle\"\n     style=\"display:inline-block;width:336px;height:280px\"\n     data-ad-client=\"ca-pub-9424088931673893\"\n     data-ad-slot=\"3558350253\"><\/ins>\n<script async>\n     (adsbygoogle = window.adsbygoogle || []).push({});\n<\/script><\/div><\/div><\/div>\n<div style=\"display:flex;flex-direction:column;\"><div class=\"mobileShowka8 nyolc\"><div style=\"padding-top:15px;padding-bottom:5px;min-height: 300px;\"><div class=\"hirdetes\">HIRDET\u00c9S<\/div>\n<!-- LikedQ8M -->\n<ins class=\"adsbygoogle\"\n     style=\"display:inline-block;width:336px;height:280px\"\n     data-ad-client=\"ca-pub-9424088931673893\"\n     data-ad-slot=\"4679860235\"><\/ins>\n<script async>\n     (adsbygoogle = window.adsbygoogle || []).push({});\n<\/script><\/div><\/div><\/div><\/div>\n\n<\/div>\n\n\n\n<div class=\"wp-block-buzzeditor-list-item\"><h3 class=\"be-list-item-title\"><span style=\"color:;background-color:;border-color:\" class=\"be-list-item-number\">2<\/span> <span style=\"color:;background-color:;border-color:\" class=\"be-list-item-text\">Az al\u00e1bbi k\u00e9pen a McDonald testv\u00e9rek, Maurice \u00e9s Richard McDonald \u00e1llnak az els\u0151 McDonald&#8217;s \u00e9tterem el\u0151tt, amit nem sokkal ezut\u00e1n nyitottak meg a vend\u00e9gek el\u0151tt. A k\u00e9p 1948 november\u00e9ben k\u00e9sz\u00fclt a kaliforniai San Bernardin\u00f3ban.<\/span><\/h3>\n<figure class=\"wp-block-image size-full\"><img loading=\"lazy\" width=\"750\" height=\"396\" src=\"https:\/\/liked.hu\/old\/wp-content\/uploads\/2023\/11\/Tortenelmi-fenykepek-011.webp\" alt=\"T\u00f6rt\u00e9nelmi f\u00e9nyk\u00e9pek 011\" class=\"wp-image-315586\"\/><figcaption><em><a href=\"https:\/\/www.youtube.com\/watch?v=1GZ4UOC64Do\" target=\"_blank\" rel=\"noreferrer noopener\">YouTube<\/a><\/em><\/figcaption><\/figure>\n\n\n\n<p>1937-ben Patrick McDonald &#8222;The Airdrome&#8221; n\u00e9ven hamburgeres b\u00fcf\u00e9t ind\u00edtott. Mind\u00f6ssze t\u00edz cent\u00e9rt \u00e1rult hamburgert. H\u00e1rom \u00e9vvel k\u00e9s\u0151bb k\u00e9t fia, Maurice \u00e9s Richard McDonald az eg\u00e9sz \u00e9p\u00fcletet \u00e1thelyezte a kaliforniai San Bernardin\u00f3ba. \u00c1tnevezt\u00e9k az \u00e9ttermet &#8222;McDonald&#8217;s Bar-B-Q&#8221;-ra, \u00e9s az \u00e9tlap huszon\u00f6t grill\u00e9telb\u0151l \u00e1llt.<\/p>\n\n\n\n<p>1948 v\u00e9g\u00e9hez k\u00f6zeledve a testv\u00e9rek r\u00e1j\u00f6ttek, hogy az elad\u00e1sok nagy r\u00e9sze a hamburgerekb\u0151l sz\u00e1rmazik, ez\u00e9rt \u00fagy d\u00f6nt\u00f6ttek, hogy bez\u00e1rj\u00e1k az aut\u00f3sb\u00fcf\u00e9t, \u00e9s egy egyszer\u0171 men\u00fct \u00e1ll\u00edtanak \u00f6ssze, amely hamburgerekb\u0151l, sajtburgerekb\u0151l, s\u00fclt krumplib\u00f3l, shake-ekb\u0151l, \u00fcd\u00edt\u0151kb\u0151l \u00e9s alm\u00e1s pit\u00e9b\u0151l \u00e1llt. El\u0151rel\u00e9ptek az \u00f6nkiszolg\u00e1l\u00f3 t\u00edpus\u00fa \u00e9tkeztet\u00e9s megteremt\u00e9se fel\u00e9. A kiszolg\u00e1l\u00e1s hat\u00e9konys\u00e1g\u00e1nak n\u00f6vel\u00e9se \u00e9rdek\u00e9ben konyh\u00e1jukat fut\u00f3szalagszer\u0171en alak\u00edtott\u00e1k ki. Ezut\u00e1n az \u00e9tteremnek a &#8222;McDonald&#8217;s&#8221; nevet adt\u00e1k.<\/p>\n<\/div>\n\n\n\n<div class=\"wp-block-buzzeditor-list-item\"><h3 class=\"be-list-item-title\"><span style=\"color:;background-color:;border-color:\" class=\"be-list-item-number\">1<\/span> <span style=\"color:;background-color:;border-color:\" class=\"be-list-item-text\">1848. m\u00e1rcius 31-\u00e9n a Niagara-v\u00edzes\u00e9s kisz\u00e1radt \u00e9s teljesen leapadt. Az ok egy j\u00e9gtorl\u00f3d\u00e1s volt a foly\u00f3 torkolat\u00e1n\u00e1l, amely megakad\u00e1lyozta, hogy a v\u00edz el\u00e9rje a v\u00edzes\u00e9st. A f\u00e9nyk\u00e9pen l\u00e1that\u00f3 emberek olyan ter\u00fcleteken s\u00e9t\u00e1lnak, ahol soha egyetlen f\u00e9rfi vagy n\u0151 sem j\u00e1rt m\u00e9g kor\u00e1bban.<\/span><\/h3>\n<figure class=\"wp-block-image size-full\"><img loading=\"lazy\" width=\"750\" height=\"396\" src=\"https:\/\/liked.hu\/old\/wp-content\/uploads\/2023\/11\/Tortenelmi-fenykepek-010.webp\" alt=\"T\u00f6rt\u00e9nelmi f\u00e9nyk\u00e9pek 010\" class=\"wp-image-315585\"\/><figcaption><em><a href=\"https:\/\/www.flickr.com\/photos\/26244825@N05\/4137561499\" target=\"_blank\" rel=\"noreferrer noopener\">Flickr<\/a><\/em><\/figcaption><\/figure>\n\n\n\n<p>1848-ra a Niagara-v\u00edzes\u00e9s a k\u00f6zeli ter\u00fcleteken \u00e9l\u0151 lakosok sz\u00e1m\u00e1ra n\u00e9lk\u00fcl\u00f6zhetetlenn\u00e9 v\u00e1lt. V\u00edzikerekeket \u00e9s malmokat haszn\u00e1ltak a v\u00edz erej\u00e9nek hasznos\u00edt\u00e1s\u00e1ra, hogy ezekkel m\u0171k\u00f6dtess\u00e9k az otthonaikban \u00e9s a k\u00f6rnyez\u0151 gy\u00e1rakban tal\u00e1lhat\u00f3 g\u00e9peket.<\/p>\n\n\n\n<p>1848. m\u00e1rcius 29-\u00e9n este egy farmer s\u00e9t\u00e1lni indult, amikor \u00e9szrevette, hogy valami hi\u00e1nyzik. A v\u00edzes\u00e9s morajl\u00f3 hangja volt az. Amikor elment ellen\u0151rizni, alig l\u00e1tott vizet a foly\u00f3ban. M\u00e1snap reggel, 1848. m\u00e1rcius 30-\u00e1n az emberek f\u00fclsiket\u00edt\u0151 csendre \u00e9bredtek. A Niagara-v\u00edzes\u00e9s kisz\u00e1radt! A v\u00edzikerekek le\u00e1lltak, \u00e9s az embereknek nem volt m\u00e1s eszk\u00f6z\u00fck a gy\u00e1rak m\u0171k\u00f6dtet\u00e9s\u00e9re.<\/p>\n\n\n\n<p>Az emberek val\u00f3s\u00e1ggal megijedtek. Azt hitt\u00e9k, hogy k\u00f6zel a vil\u00e1gv\u00e9ge. K\u00f6z\u00f6s im\u00e1kat szerveztek annak rem\u00e9ny\u00e9ben, hogy ett\u0151l majd a v\u00edzes\u00e9s vissza\u00e1ll az eredeti \u00e1llapot\u00e1ba. Csak k\u00e9s\u0151bb tudt\u00e1k meg az emberek, hogy az er\u0151s, d\u00e9lnyugati, ork\u00e1n erej\u0171 sz\u00e9l volt a felel\u0151s a v\u00edzes\u00e9s kisz\u00e1rad\u00e1s\u00e1\u00e9rt. Az er\u0151s sz\u00e9l nagy j\u00e9gdarabokat l\u00f6k\u00f6tt az Erie-t\u00f3 cs\u00facs\u00e1hoz. Ez pedig megakad\u00e1lyozta, hogy a t\u00f3 vize el\u00e9rje a Niagara foly\u00f3t. A j\u00e9gtorl\u00f3d\u00e1s l\u00e9nyeg\u00e9ben egy hatalmas j\u00e9gg\u00e1tt\u00e1 \u00e1llt \u00f6ssze.<\/p>\n\n\n\n<p>A kisz\u00e1radt foly\u00f3mederben s\u00e9t\u00e1l\u00f3 emberek r\u00e9gi pusk\u00e1kat, szuronyokat \u00e9s \u0151si fegyvereket gy\u0171jt\u00f6ttek szuven\u00edrk\u00e9nt.<\/p>\n<\/div>\n<\/div>\n","protected":false},"excerpt":{"rendered":"<p>Ismern\u00fcnk kell a t\u00f6rt\u00e9net\u00fcket, hogy meg\u00e9rts\u00fck, mit is l\u00e1tunk pontosan.<\/p>\n","protected":false},"author":13,"featured_media":315583,"comment_status":"open","ping_status":"closed","sticky":false,"template":"","format":"standard","meta":{"buzzeditor_post_format":""},"categories":[23],"tags":[765,834,6491,5823,3799],"yoast_head":"<!-- This site is optimized with the Yoast SEO plugin v19.6.1 - https:\/\/yoast.com\/wordpress\/plugins\/seo\/ -->\n<title>10 egyszer\u0171nek t\u0171n\u0151 f\u00e9nyk\u00e9p, \u00e9szbont\u00f3 h\u00e1tt\u00e9rt\u00f6rt\u00e9netekkel<\/title>\n<meta name=\"description\" content=\"Ismern\u00fcnk kell a t\u00f6rt\u00e9net\u00fcket, hogy meg\u00e9rts\u00fck, mit is l\u00e1tunk pontosan.\" \/>\n<meta name=\"robots\" content=\"index, follow, max-snippet:-1, max-image-preview:large, max-video-preview:-1\" \/>\n<link rel=\"canonical\" href=\"https:\/\/liked.hu\/old\/erdekes\/10-egyszerunek-tuno-fenykep-eszbonto-hattertortenetekkel\/\" \/>\n<link rel=\"next\" href=\"https:\/\/liked.hu\/old\/erdekes\/10-egyszerunek-tuno-fenykep-eszbonto-hattertortenetekkel\/2\/\" \/>\n<meta property=\"og:locale\" content=\"hu_HU\" \/>\n<meta property=\"og:type\" content=\"article\" \/>\n<meta property=\"og:title\" content=\"10 egyszer\u0171nek t\u0171n\u0151 f\u00e9nyk\u00e9p, \u00e9szbont\u00f3 h\u00e1tt\u00e9rt\u00f6rt\u00e9netekkel\" \/>\n<meta property=\"og:description\" content=\"Ismern\u00fcnk kell a t\u00f6rt\u00e9net\u00fcket, hogy meg\u00e9rts\u00fck, mit is l\u00e1tunk pontosan.\" \/>\n<meta property=\"og:url\" content=\"https:\/\/liked.hu\/old\/erdekes\/10-egyszerunek-tuno-fenykep-eszbonto-hattertortenetekkel\/\" \/>\n<meta property=\"og:site_name\" content=\"Liked.hu\" \/>\n<meta property=\"article:publisher\" content=\"https:\/\/www.facebook.com\/liked.hu\" \/>\n<meta property=\"article:published_time\" content=\"2023-11-07T03:42:34+00:00\" \/>\n<meta property=\"article:modified_time\" content=\"2023-11-07T03:42:36+00:00\" \/>\n<meta property=\"og:image\" content=\"https:\/\/liked.hu\/old\/wp-content\/uploads\/2023\/11\/Erdekes-fenykepek-es-tortenetek.jpg\" \/>\n\t<meta property=\"og:image:width\" content=\"1200\" \/>\n\t<meta property=\"og:image:height\" content=\"630\" \/>\n\t<meta property=\"og:image:type\" content=\"image\/jpeg\" \/>\n<meta name=\"author\" content=\"Klingstrom\" \/>\n<meta name=\"twitter:card\" content=\"summary\" \/>\n<meta name=\"twitter:creator\" content=\"@LikedHu\" \/>\n<meta name=\"twitter:site\" content=\"@LikedHu\" \/>\n<meta name=\"twitter:label1\" content=\"Szerz\u0151:\" \/>\n\t<meta name=\"twitter:data1\" content=\"Klingstrom\" \/>\n\t<meta name=\"twitter:label2\" content=\"Becs\u00fclt olvas\u00e1si id\u0151\" \/>\n\t<meta name=\"twitter:data2\" content=\"10 perc\" \/>\n<script type=\"application\/ld+json\" class=\"yoast-schema-graph\">{\"@context\":\"https:\/\/schema.org\",\"@graph\":[{\"@type\":\"Article\",\"@id\":\"https:\/\/liked.hu\/old\/erdekes\/10-egyszerunek-tuno-fenykep-eszbonto-hattertortenetekkel\/#article\",\"isPartOf\":{\"@id\":\"https:\/\/liked.hu\/old\/erdekes\/10-egyszerunek-tuno-fenykep-eszbonto-hattertortenetekkel\/\"},\"author\":{\"name\":\"Klingstrom\",\"@id\":\"https:\/\/liked.hu\/old\/#\/schema\/person\/1c8d3f8764991e8dcd6572a7de72da8a\"},\"headline\":\"10 egyszer\u0171nek t\u0171n\u0151 f\u00e9nyk\u00e9p, \u00e9szbont\u00f3 h\u00e1tt\u00e9rt\u00f6rt\u00e9netekkel\",\"datePublished\":\"2023-11-07T03:42:34+00:00\",\"dateModified\":\"2023-11-07T03:42:36+00:00\",\"mainEntityOfPage\":{\"@id\":\"https:\/\/liked.hu\/old\/erdekes\/10-egyszerunek-tuno-fenykep-eszbonto-hattertortenetekkel\/\"},\"wordCount\":1969,\"commentCount\":0,\"publisher\":{\"@id\":\"https:\/\/liked.hu\/old\/#organization\"},\"keywords\":[\"f\u00e9nyk\u00e9p\",\"fot\u00f3\",\"h\u00e1tt\u00e9r t\u00f6rt\u00e9net\",\"Ma tudtam meg!\",\"rejt\u00e9lyes\"],\"articleSection\":[\"\u00c9rdekess\u00e9gek\"],\"inLanguage\":\"hu\",\"potentialAction\":[{\"@type\":\"CommentAction\",\"name\":\"Comment\",\"target\":[\"https:\/\/liked.hu\/old\/erdekes\/10-egyszerunek-tuno-fenykep-eszbonto-hattertortenetekkel\/#respond\"]}]},{\"@type\":\"WebPage\",\"@id\":\"https:\/\/liked.hu\/old\/erdekes\/10-egyszerunek-tuno-fenykep-eszbonto-hattertortenetekkel\/\",\"url\":\"https:\/\/liked.hu\/old\/erdekes\/10-egyszerunek-tuno-fenykep-eszbonto-hattertortenetekkel\/\",\"name\":\"10 egyszer\u0171nek t\u0171n\u0151 f\u00e9nyk\u00e9p, \u00e9szbont\u00f3 h\u00e1tt\u00e9rt\u00f6rt\u00e9netekkel\",\"isPartOf\":{\"@id\":\"https:\/\/liked.hu\/old\/#website\"},\"datePublished\":\"2023-11-07T03:42:34+00:00\",\"dateModified\":\"2023-11-07T03:42:36+00:00\",\"description\":\"Ismern\u00fcnk kell a t\u00f6rt\u00e9net\u00fcket, hogy meg\u00e9rts\u00fck, mit is l\u00e1tunk pontosan.\",\"breadcrumb\":{\"@id\":\"https:\/\/liked.hu\/old\/erdekes\/10-egyszerunek-tuno-fenykep-eszbonto-hattertortenetekkel\/#breadcrumb\"},\"inLanguage\":\"hu\",\"potentialAction\":[{\"@type\":\"ReadAction\",\"target\":[\"https:\/\/liked.hu\/old\/erdekes\/10-egyszerunek-tuno-fenykep-eszbonto-hattertortenetekkel\/\"]}]},{\"@type\":\"BreadcrumbList\",\"@id\":\"https:\/\/liked.hu\/old\/erdekes\/10-egyszerunek-tuno-fenykep-eszbonto-hattertortenetekkel\/#breadcrumb\",\"itemListElement\":[{\"@type\":\"ListItem\",\"position\":1,\"name\":\"Kezd\u0151lap\"}]},{\"@type\":\"WebSite\",\"@id\":\"https:\/\/liked.hu\/old\/#website\",\"url\":\"https:\/\/liked.hu\/old\/\",\"name\":\"Liked.hu\",\"description\":\"\",\"publisher\":{\"@id\":\"https:\/\/liked.hu\/old\/#organization\"},\"potentialAction\":[{\"@type\":\"SearchAction\",\"target\":{\"@type\":\"EntryPoint\",\"urlTemplate\":\"https:\/\/liked.hu\/old\/?s={search_term_string}\"},\"query-input\":\"required name=search_term_string\"}],\"inLanguage\":\"hu\"},{\"@type\":\"Organization\",\"@id\":\"https:\/\/liked.hu\/old\/#organization\",\"name\":\"Liked.hu\",\"url\":\"https:\/\/liked.hu\/old\/\",\"sameAs\":[\"https:\/\/hu.pinterest.com\/likedhungary\/\",\"https:\/\/www.youtube.com\/channel\/UCPv91dbMoIukYcM9b9nHN6Q\",\"https:\/\/www.facebook.com\/liked.hu\",\"https:\/\/twitter.com\/LikedHu\"],\"logo\":{\"@type\":\"ImageObject\",\"inLanguage\":\"hu\",\"@id\":\"https:\/\/liked.hu\/old\/#\/schema\/logo\/image\/\",\"url\":\"https:\/\/liked.hu\/wp-content\/uploads\/2018\/08\/Liked-icon.png\",\"contentUrl\":\"https:\/\/liked.hu\/wp-content\/uploads\/2018\/08\/Liked-icon.png\",\"width\":512,\"height\":512,\"caption\":\"Liked.hu\"},\"image\":{\"@id\":\"https:\/\/liked.hu\/old\/#\/schema\/logo\/image\/\"}},{\"@type\":\"Person\",\"@id\":\"https:\/\/liked.hu\/old\/#\/schema\/person\/1c8d3f8764991e8dcd6572a7de72da8a\",\"name\":\"Klingstrom\",\"image\":{\"@type\":\"ImageObject\",\"inLanguage\":\"hu\",\"@id\":\"https:\/\/liked.hu\/old\/#\/schema\/person\/image\/\",\"url\":\"https:\/\/liked.hu\/old\/wp-content\/uploads\/avatars\/13\/604de88bd578a-bpfull.jpg\",\"contentUrl\":\"https:\/\/liked.hu\/old\/wp-content\/uploads\/avatars\/13\/604de88bd578a-bpfull.jpg\",\"caption\":\"Klingstrom\"},\"url\":\"https:\/\/liked.hu\/old\/u\/klingstrom\/\"}]}<\/script>\n<!-- \/ Yoast SEO plugin. -->","yoast_head_json":{"title":"10 egyszer\u0171nek t\u0171n\u0151 f\u00e9nyk\u00e9p, \u00e9szbont\u00f3 h\u00e1tt\u00e9rt\u00f6rt\u00e9netekkel","description":"Ismern\u00fcnk kell a t\u00f6rt\u00e9net\u00fcket, hogy meg\u00e9rts\u00fck, mit is l\u00e1tunk pontosan.","robots":{"index":"index","follow":"follow","max-snippet":"max-snippet:-1","max-image-preview":"max-image-preview:large","max-video-preview":"max-video-preview:-1"},"canonical":"https:\/\/liked.hu\/old\/erdekes\/10-egyszerunek-tuno-fenykep-eszbonto-hattertortenetekkel\/","next":"https:\/\/liked.hu\/old\/erdekes\/10-egyszerunek-tuno-fenykep-eszbonto-hattertortenetekkel\/2\/","og_locale":"hu_HU","og_type":"article","og_title":"10 egyszer\u0171nek t\u0171n\u0151 f\u00e9nyk\u00e9p, \u00e9szbont\u00f3 h\u00e1tt\u00e9rt\u00f6rt\u00e9netekkel","og_description":"Ismern\u00fcnk kell a t\u00f6rt\u00e9net\u00fcket, hogy meg\u00e9rts\u00fck, mit is l\u00e1tunk pontosan.","og_url":"https:\/\/liked.hu\/old\/erdekes\/10-egyszerunek-tuno-fenykep-eszbonto-hattertortenetekkel\/","og_site_name":"Liked.hu","article_publisher":"https:\/\/www.facebook.com\/liked.hu","article_published_time":"2023-11-07T03:42:34+00:00","article_modified_time":"2023-11-07T03:42:36+00:00","og_image":[{"width":1200,"height":630,"url":"https:\/\/liked.hu\/old\/wp-content\/uploads\/2023\/11\/Erdekes-fenykepek-es-tortenetek.jpg","type":"image\/jpeg"}],"author":"Klingstrom","twitter_card":"summary","twitter_creator":"@LikedHu","twitter_site":"@LikedHu","twitter_misc":{"Szerz\u0151:":"Klingstrom","Becs\u00fclt olvas\u00e1si id\u0151":"10 perc"},"schema":{"@context":"https:\/\/schema.org","@graph":[{"@type":"Article","@id":"https:\/\/liked.hu\/old\/erdekes\/10-egyszerunek-tuno-fenykep-eszbonto-hattertortenetekkel\/#article","isPartOf":{"@id":"https:\/\/liked.hu\/old\/erdekes\/10-egyszerunek-tuno-fenykep-eszbonto-hattertortenetekkel\/"},"author":{"name":"Klingstrom","@id":"https:\/\/liked.hu\/old\/#\/schema\/person\/1c8d3f8764991e8dcd6572a7de72da8a"},"headline":"10 egyszer\u0171nek t\u0171n\u0151 f\u00e9nyk\u00e9p, \u00e9szbont\u00f3 h\u00e1tt\u00e9rt\u00f6rt\u00e9netekkel","datePublished":"2023-11-07T03:42:34+00:00","dateModified":"2023-11-07T03:42:36+00:00","mainEntityOfPage":{"@id":"https:\/\/liked.hu\/old\/erdekes\/10-egyszerunek-tuno-fenykep-eszbonto-hattertortenetekkel\/"},"wordCount":1969,"commentCount":0,"publisher":{"@id":"https:\/\/liked.hu\/old\/#organization"},"keywords":["f\u00e9nyk\u00e9p","fot\u00f3","h\u00e1tt\u00e9r t\u00f6rt\u00e9net","Ma tudtam meg!","rejt\u00e9lyes"],"articleSection":["\u00c9rdekess\u00e9gek"],"inLanguage":"hu","potentialAction":[{"@type":"CommentAction","name":"Comment","target":["https:\/\/liked.hu\/old\/erdekes\/10-egyszerunek-tuno-fenykep-eszbonto-hattertortenetekkel\/#respond"]}]},{"@type":"WebPage","@id":"https:\/\/liked.hu\/old\/erdekes\/10-egyszerunek-tuno-fenykep-eszbonto-hattertortenetekkel\/","url":"https:\/\/liked.hu\/old\/erdekes\/10-egyszerunek-tuno-fenykep-eszbonto-hattertortenetekkel\/","name":"10 egyszer\u0171nek t\u0171n\u0151 f\u00e9nyk\u00e9p, \u00e9szbont\u00f3 h\u00e1tt\u00e9rt\u00f6rt\u00e9netekkel","isPartOf":{"@id":"https:\/\/liked.hu\/old\/#website"},"datePublished":"2023-11-07T03:42:34+00:00","dateModified":"2023-11-07T03:42:36+00:00","description":"Ismern\u00fcnk kell a t\u00f6rt\u00e9net\u00fcket, hogy meg\u00e9rts\u00fck, mit is l\u00e1tunk pontosan.","breadcrumb":{"@id":"https:\/\/liked.hu\/old\/erdekes\/10-egyszerunek-tuno-fenykep-eszbonto-hattertortenetekkel\/#breadcrumb"},"inLanguage":"hu","potentialAction":[{"@type":"ReadAction","target":["https:\/\/liked.hu\/old\/erdekes\/10-egyszerunek-tuno-fenykep-eszbonto-hattertortenetekkel\/"]}]},{"@type":"BreadcrumbList","@id":"https:\/\/liked.hu\/old\/erdekes\/10-egyszerunek-tuno-fenykep-eszbonto-hattertortenetekkel\/#breadcrumb","itemListElement":[{"@type":"ListItem","position":1,"name":"Kezd\u0151lap"}]},{"@type":"WebSite","@id":"https:\/\/liked.hu\/old\/#website","url":"https:\/\/liked.hu\/old\/","name":"Liked.hu","description":"","publisher":{"@id":"https:\/\/liked.hu\/old\/#organization"},"potentialAction":[{"@type":"SearchAction","target":{"@type":"EntryPoint","urlTemplate":"https:\/\/liked.hu\/old\/?s={search_term_string}"},"query-input":"required name=search_term_string"}],"inLanguage":"hu"},{"@type":"Organization","@id":"https:\/\/liked.hu\/old\/#organization","name":"Liked.hu","url":"https:\/\/liked.hu\/old\/","sameAs":["https:\/\/hu.pinterest.com\/likedhungary\/","https:\/\/www.youtube.com\/channel\/UCPv91dbMoIukYcM9b9nHN6Q","https:\/\/www.facebook.com\/liked.hu","https:\/\/twitter.com\/LikedHu"],"logo":{"@type":"ImageObject","inLanguage":"hu","@id":"https:\/\/liked.hu\/old\/#\/schema\/logo\/image\/","url":"https:\/\/liked.hu\/wp-content\/uploads\/2018\/08\/Liked-icon.png","contentUrl":"https:\/\/liked.hu\/wp-content\/uploads\/2018\/08\/Liked-icon.png","width":512,"height":512,"caption":"Liked.hu"},"image":{"@id":"https:\/\/liked.hu\/old\/#\/schema\/logo\/image\/"}},{"@type":"Person","@id":"https:\/\/liked.hu\/old\/#\/schema\/person\/1c8d3f8764991e8dcd6572a7de72da8a","name":"Klingstrom","image":{"@type":"ImageObject","inLanguage":"hu","@id":"https:\/\/liked.hu\/old\/#\/schema\/person\/image\/","url":"https:\/\/liked.hu\/old\/wp-content\/uploads\/avatars\/13\/604de88bd578a-bpfull.jpg","contentUrl":"https:\/\/liked.hu\/old\/wp-content\/uploads\/avatars\/13\/604de88bd578a-bpfull.jpg","caption":"Klingstrom"},"url":"https:\/\/liked.hu\/old\/u\/klingstrom\/"}]}},"publishpress_future_action":{"enabled":false,"date":"1970-01-01 01:00:00","action":"","terms":[],"taxonomy":"","browser_timezone_offset":0},"_links":{"self":[{"href":"https:\/\/liked.hu\/old\/wp-json\/wp\/v2\/posts\/315582"}],"collection":[{"href":"https:\/\/liked.hu\/old\/wp-json\/wp\/v2\/posts"}],"about":[{"href":"https:\/\/liked.hu\/old\/wp-json\/wp\/v2\/types\/post"}],"author":[{"embeddable":true,"href":"https:\/\/liked.hu\/old\/wp-json\/wp\/v2\/users\/13"}],"replies":[{"embeddable":true,"href":"https:\/\/liked.hu\/old\/wp-json\/wp\/v2\/comments?post=315582"}],"version-history":[{"count":0,"href":"https:\/\/liked.hu\/old\/wp-json\/wp\/v2\/posts\/315582\/revisions"}],"wp:featuredmedia":[{"embeddable":true,"href":"https:\/\/liked.hu\/old\/wp-json\/wp\/v2\/media\/315583"}],"wp:attachment":[{"href":"https:\/\/liked.hu\/old\/wp-json\/wp\/v2\/media?parent=315582"}],"wp:term":[{"taxonomy":"category","embeddable":true,"href":"https:\/\/liked.hu\/old\/wp-json\/wp\/v2\/categories?post=315582"},{"taxonomy":"post_tag","embeddable":true,"href":"https:\/\/liked.hu\/old\/wp-json\/wp\/v2\/tags?post=315582"}],"curies":[{"name":"wp","href":"https:\/\/api.w.org\/{rel}","templated":true}]}}