{"id":315310,"date":"2023-11-05T18:12:10","date_gmt":"2023-11-05T16:12:10","guid":{"rendered":"https:\/\/liked.hu\/old\/?p=315310"},"modified":"2023-11-05T18:12:12","modified_gmt":"2023-11-05T16:12:12","slug":"16-dolog-amitol-minden-szoba-kisebbnek-tunik","status":"publish","type":"post","link":"https:\/\/liked.hu\/old\/tippek-es-trukkok\/16-dolog-amitol-minden-szoba-kisebbnek-tunik\/","title":{"rendered":"16 dolog, amit\u0151l minden szoba kisebbnek t\u0171nik"},"content":{"rendered":"\n<p>Egy lak\u00e1st nem csak dr\u00e1ga fel\u00faj\u00edt\u00e1ssal lehet t\u00e1gasabb\u00e1 \u00e9s k\u00e9nyelmesebb\u00e9 tenni, a j\u00f3l megv\u00e1lasztott b\u00fatorokkal \u00e9s egy\u00e9b apr\u00f3s\u00e1gokkal is hasonl\u00f3 hat\u00e1st lehet el\u00e9rni. N\u00e9ha m\u00e9g egy j\u00f3l megv\u00e1lasztott f\u00fcgg\u00f6ny, sz\u0151nyeg vagy egy minta a falakon is k\u00e9pes megv\u00e1ltoztatni a lak\u00e1s ar\u00e1nyait. A seg\u00edts\u00e9g\u00fckkel vizu\u00e1lisan megn\u00f6velhetj\u00fck vagy cs\u00f6kkenthetj\u00fck a teret.<\/p>\n\n\n\n\n<div style=\"float:none;margin:0px 0 0px 0;text-align:center;\">\n<div class=\"mobileShowkakettes\"><div class=\"mobileShowka2\"><div style=\"padding-top:0px;padding-bottom:15px;min-height: 300px;\"><div class=\"hirdetes\">HIRDET\u00c9S<\/div>\n<!-- 300lista -->\n<ins class=\"adsbygoogle\"\n     style=\"display:inline-block;width:300px;height:250px\"\n     data-ad-client=\"ca-pub-9424088931673893\"\n     data-ad-slot=\"8471340766\"><\/ins>\n<script async>\n     (adsbygoogle = window.adsbygoogle || []).push({});\n<\/script><\/div><\/div><\/div><\/div>\n\n\n\n\n<p>A <strong>Liked.hu<\/strong>-n\u00e1l ut\u00e1naj\u00e1rtunk, hogy milyen tr\u00fckk\u00f6kkel lehet vizu\u00e1lisan j\u00e1tszani a t\u00e9rrel a lakberendez\u00e9si szak\u00e9rt\u0151k szerint, \u00e9s a tan\u00e1csaik alapj\u00e1n \u00e1ll\u00edtottuk \u00f6ssze a most k\u00f6vetkez\u0151 list\u00e1t.<\/p>\n\n\n\n<div class=\"wp-block-buzzeditor-list be-list be-list-type-asc be-list-number-style-none\">\n<div class=\"wp-block-buzzeditor-list-item\"><h3 class=\"be-list-item-title\"><span style=\"color:;background-color:;border-color:\" class=\"be-list-item-number\">1<\/span> <span style=\"color:;background-color:;border-color:\" class=\"be-list-item-text\">Nagymint\u00e1s tap\u00e9ta<\/span><\/h3>\n<figure class=\"wp-block-image size-full\"><img loading=\"lazy\" width=\"728\" height=\"435\" src=\"https:\/\/liked.hu\/old\/wp-content\/uploads\/2023\/11\/Lakberendezesi-trukkok-025.webp\" alt=\"Lakberendez\u00e9si tr\u00fckk\u00f6k 025\" class=\"wp-image-315328\"\/><\/figure>\n\n\n\n<p>A tap\u00e9t\u00e1n vagy a festett falon l\u00e9v\u0151 nagy mint\u00e1k mag\u00e1ra vonzz\u00e1k a figyelmet, \u00e9s megnagyobb\u00edtj\u00e1k a teret. Ezt tov\u00e1bb fokozhatod vil\u00e1gos t\u00f3nusokkal, de ha tap\u00e9t\u00e1t haszn\u00e1lsz, ker\u00fcld a t\u00fal nagy ism\u00e9tl\u0151d\u0151 mint\u00e1kat. Ez t\u00f6bb f\u00e9nyt fog visszat\u00fckr\u00f6zni, \u00e9s a szoba nyitottabbnak \u00e9s szell\u0151sebbnek fog t\u0171nni.<\/p>\n<\/div>\n\n\n\n<div class=\"wp-block-buzzeditor-list-item\"><h3 class=\"be-list-item-title\"><span style=\"color:;background-color:;border-color:\" class=\"be-list-item-number\">2<\/span> <span style=\"color:;background-color:;border-color:\" class=\"be-list-item-text\">K\u00f6nyvek nyitott polcokon<\/span><\/h3>\n<figure class=\"wp-block-image size-full\"><img loading=\"lazy\" width=\"728\" height=\"728\" src=\"https:\/\/liked.hu\/old\/wp-content\/uploads\/2023\/11\/Lakberendezesi-trukkok-024.webp\" alt=\"Lakberendez\u00e9si tr\u00fckk\u00f6k 024\" class=\"wp-image-315327\"\/><\/figure>\n\n\n\n<p>A nyitott polcos k\u00f6nyvespolcok zs\u00fafoltnak t\u0171nnek, \u00e9s n\u00f6velik a vizu\u00e1lis &#8222;zajt&#8221;. Ha a szoba kicsi, m\u00e9g kisebbnek fog t\u0171nni. Kim Gordon tervez\u0151 azt <a href=\"https:\/\/www.bustle.com\/p\/13-things-that-make-your-space-look-smaller-12588263\" target=\"_blank\" rel=\"noreferrer noopener\">tan\u00e1csolja<\/a>, hogy mindig \u00fcvegajt\u00f3k m\u00f6g\u00f6tt t\u00e1roljuk a k\u00f6nyveket. Ebben az esetben a szemet nem a k\u00f6nyvek halmaza vonzza majd (b\u00e1rmennyire is leny\u0171g\u00f6z\u0151ek), hanem az, ahogyan t\u00e1rolj\u00e1k \u0151ket.<\/p>\n\n\n\n\n<div style=\"float:none;margin:0px 0 0px 0;text-align:center;\">\n<div class=\"mobileHideke5\"><div style=\"margin-top:25px;\"><div class=\"hirdeteshatter\"><div style=\"display: inline-block;width: 50%;min-width:305px;vertical-align: top;\"><div class=\"hirdetes\">HIRDET\u00c9S<\/div>\n<!-- LikedQ51 -->\n<ins class=\"adsbygoogle\"\n     style=\"display:inline-block;width:300px;height:250px\"\n     data-ad-client=\"ca-pub-9424088931673893\"\n     data-ad-slot=\"8284063326\"><\/ins>\n<script async>\n     (adsbygoogle = window.adsbygoogle || []).push({});\n<\/script><\/div><div style=\"display: inline-block;width: 50%;min-width:305px;vertical-align: top;\"><div class=\"hirdetes\">HIRDET\u00c9S<\/div>\n<!-- LikedQ52 -->\n<ins class=\"adsbygoogle\"\n     style=\"display:inline-block;width:300px;height:250px\"\n     data-ad-client=\"ca-pub-9424088931673893\"\n     data-ad-slot=\"2840164950\"><\/ins>\n<script async>\n     (adsbygoogle = window.adsbygoogle || []).push({});\n<\/script><\/div><\/div><\/div><\/div>\n<div style=\"display:flex;flex-direction:column;\"><div class=\"mobileShowka5\"><div style=\"padding-top:10px;padding-bottom:10px;min-height: 300px;\"><div class=\"hirdetes\">HIRDET\u00c9S<\/div>\n<!-- LikedQ5M -->\n<ins class=\"adsbygoogle\"\n     style=\"display:inline-block;width:300px;height:250px\"\n     data-ad-client=\"ca-pub-9424088931673893\"\n     data-ad-slot=\"9022429928\"><\/ins>\n<script async>\n     (adsbygoogle = window.adsbygoogle || []).push({});\n<\/script><\/div><\/div><\/div><\/div>\n\n<\/div>\n\n\n\n<div class=\"wp-block-buzzeditor-list-item\"><h3 class=\"be-list-item-title\"><span style=\"color:;background-color:;border-color:\" class=\"be-list-item-number\">3<\/span> <span style=\"color:;background-color:;border-color:\" class=\"be-list-item-text\">L alak\u00fa kanap\u00e9<\/span><\/h3>\n<figure class=\"wp-block-image size-full\"><img loading=\"lazy\" width=\"728\" height=\"488\" src=\"https:\/\/liked.hu\/old\/wp-content\/uploads\/2023\/11\/Lakberendezesi-trukkok-023.webp\" alt=\"Lakberendez\u00e9si tr\u00fckk\u00f6k 023\" class=\"wp-image-315326\"\/><\/figure>\n\n\n\n<p>Egy sz\u00e9p sarokkanap\u00e9 t\u00f6k\u00e9letes megold\u00e1snak t\u0171nhet azok sz\u00e1m\u00e1ra, akiknek eleg\u00fck van a klasszikus kanap\u00e9kb\u00f3l. A kis alapter\u00fclet\u0171 helyis\u00e9gekben azonban ahelyett, hogy k\u00e9nyelmet adna, kegyetlen tr\u00e9f\u00e1t \u0171zhet veled. A kiny\u00fal\u00f3 r\u00e9sze ugyanis korl\u00e1tozza a szabad teret a szob\u00e1ban, \u00e9s vizu\u00e1lisan kisebb\u00e9 teszi azt. Ezzel szemben egy t\u00e1gas szob\u00e1ban egy L alak\u00fa kanap\u00e9 nem fogja ezt a hat\u00e1st kelteni, \u00e9s t\u00f6k\u00e9letesen beleillik majd.<\/p>\n<\/div>\n\n\n\n<div class=\"wp-block-buzzeditor-list-item\"><h3 class=\"be-list-item-title\"><span style=\"color:;background-color:;border-color:\" class=\"be-list-item-number\">4<\/span> <span style=\"color:;background-color:;border-color:\" class=\"be-list-item-text\">D\u00edsz\u00edt\u00e9s szemmagass\u00e1gban<\/span><\/h3>\n<figure class=\"wp-block-image size-full\"><img loading=\"lazy\" width=\"728\" height=\"483\" src=\"https:\/\/liked.hu\/old\/wp-content\/uploads\/2023\/11\/Lakberendezesi-trukkok-022.webp\" alt=\"Lakberendez\u00e9si tr\u00fckk\u00f6k 022\" class=\"wp-image-315325\"\/><\/figure>\n\n\n\n<p>Ha minden dekor\u00e1ci\u00f3s elemet szemmagass\u00e1gban helyez\u00fcnk el, az azt az ill\u00fazi\u00f3t kelti, hogy a szoba kicsi, f\u00fcggetlen\u00fcl att\u00f3l, hogy magas-e a mennyezet vagy sem. Egyszer\u0171en szemmagass\u00e1g f\u00f6l\u00e9 kell tenni \u0151ket, \u00e9s ez\u00e1ltal a szoba is nagyobbnak t\u0171nik majd.<\/p>\n\n\n\n<p>John Linden lakberendez\u0151 azt <a href=\"https:\/\/www.bustle.com\/p\/13-things-that-make-your-space-look-smaller-12588263\" target=\"_blank\" rel=\"noreferrer noopener\">tan\u00e1csolja<\/a>, hogy a festm\u00e9nyeket, f\u00e9nyk\u00e9peket, polcokat \u00e9s egy\u00e9b dekor\u00e1ci\u00f3kat a szok\u00e1sosn\u00e1l magasabbra vagy k\u00fcl\u00f6nb\u00f6z\u0151 szintekre helyezz\u00fck. Azt is aj\u00e1nlja, hogy t\u00e1vol\u00edtsuk el a padl\u00f3r\u00f3l a f\u00f6l\u00f6sleges holmikat, p\u00e9ld\u00e1ul a git\u00e1rt vagy a ker\u00e9kp\u00e1rt.<\/p>\n<\/div>\n\n\n\n<div class=\"wp-block-buzzeditor-list-item\"><h3 class=\"be-list-item-title\"><span style=\"color:;background-color:;border-color:\" class=\"be-list-item-number\">5<\/span> <span style=\"color:;background-color:;border-color:\" class=\"be-list-item-text\">Rosszul elhelyezett t\u00fck\u00f6r<\/span><\/h3>\n<figure class=\"wp-block-image size-full\"><img loading=\"lazy\" width=\"728\" height=\"604\" src=\"https:\/\/liked.hu\/old\/wp-content\/uploads\/2023\/11\/Lakberendezesi-trukkok-021.webp\" alt=\"Lakberendez\u00e9si tr\u00fckk\u00f6k 021\" class=\"wp-image-315324\"\/><\/figure>\n\n\n\n<p>A t\u00fck\u00f6r nem csak egy t\u00e1rgy, ami el\u0151tt fel\u00f6lt\u00f6z\u00fcnk. Haszn\u00e1ld ki a t\u00fck\u00f6r f\u00e9nyvisszaver\u0151 tulajdons\u00e1gait. Emma Pritchard, az otthoni \u00e9s kerti magazin, a Country Living UK szerkeszt\u0151je azt <a href=\"https:\/\/www.countryliving.com\/uk\/homes-interiors\/interiors\/how-to\/a854\/how-to-use-mirrors-to-make-home-bigger-brighter\/\" target=\"_blank\" rel=\"noreferrer noopener\">javasolja<\/a>, hogy a t\u00fckr\u00f6t midnig egy ablak el\u00e9 helyezz\u00fck. Ez\u00e1ltal extra term\u00e9szetes f\u00e9nyt kapunk, \u00e9s t\u00e1gasabbnak t\u0171nik a h\u00e1l\u00f3szoba vagy a nappali.<\/p>\n\n\n\n\n<div style=\"float:none;margin:0px 0 0px 0;text-align:center;\">\n<div class=\"mobileHideke8\"><div style=\"margin-top:25px;\"><div class=\"hirdeteshatter\"><div style=\"display: inline-block;width: 50%;min-width:340px;vertical-align: top;\"><div class=\"hirdetes\">HIRDET\u00c9S<\/div>\n<!-- Liked7Q1 -->\n<ins class=\"adsbygoogle\"\n     style=\"display:inline-block;width:336px;height:280px\"\n     data-ad-client=\"ca-pub-9424088931673893\"\n     data-ad-slot=\"3022062587\"><\/ins>\n<script async>\n     (adsbygoogle = window.adsbygoogle || []).push({});\n<\/script><\/div><div style=\"display: inline-block;width: 50%;min-width:340px;vertical-align: top;\"><div class=\"hirdetes\">HIRDET\u00c9S<\/div>\n<!-- Liked7Q2 -->\n<ins class=\"adsbygoogle\"\n     style=\"display:inline-block;width:336px;height:280px\"\n     data-ad-client=\"ca-pub-9424088931673893\"\n     data-ad-slot=\"3952000871\"><\/ins>\n<script async>\n     (adsbygoogle = window.adsbygoogle || []).push({});\n<\/script><\/div><\/div><\/div><\/div>\n<div style=\"display:flex;flex-direction:column;\"><div class=\"mobileShowka8\"><div style=\"padding-top:15px;margin-bottom:15px;min-height: 300px;\"><div class=\"hirdetes\">HIRDET\u00c9S<\/div>\n<!-- Liked7QMobil -->\n<ins class=\"adsbygoogle\"\n     style=\"display:inline-block;width:336px;height:280px\"\n     data-ad-client=\"ca-pub-9424088931673893\"\n     data-ad-slot=\"5073510857\"><\/ins>\n<script async>\n     (adsbygoogle = window.adsbygoogle || []).push({});\n<\/script><\/div><\/div><\/div><\/div>\n\n<\/div>\n\n\n\n<div class=\"wp-block-buzzeditor-list-item\"><h3 class=\"be-list-item-title\"><span style=\"color:;background-color:;border-color:\" class=\"be-list-item-number\">6<\/span> <span style=\"color:;background-color:;border-color:\" class=\"be-list-item-text\">B\u00fatorok a szoba bej\u00e1rat\u00e1n\u00e1l<\/span><\/h3>\n<figure class=\"wp-block-image size-full\"><img loading=\"lazy\" width=\"728\" height=\"567\" src=\"https:\/\/liked.hu\/old\/wp-content\/uploads\/2023\/11\/Lakberendezesi-trukkok-020.webp\" alt=\"Lakberendez\u00e9si tr\u00fckk\u00f6k 020\" class=\"wp-image-315323\"\/><\/figure>\n\n\n\n<p>Egy fotel vagy sz\u00e9k a bej\u00e1rat mellett elt\u00f6m\u00edti a nappalit, a konyh\u00e1t vagy a h\u00e1l\u00f3szob\u00e1t, \u00e9s \u00fagy t\u0171nik miatta, mintha kev\u00e9s lenne ott a hely. Ha lehets\u00e9ges, a t\u00f6m\u00f6r b\u00fatorokat csoportos\u00edtsd egy falra. Ez seg\u00edt n\u00f6velni a nyitott teret, \u00e9s n\u00e9h\u00e1ny plusz centit ad a helyis\u00e9ghez.<\/p>\n<\/div>\n\n\n\n<div class=\"wp-block-buzzeditor-list-item\"><h3 class=\"be-list-item-title\"><span style=\"color:;background-color:;border-color:\" class=\"be-list-item-number\">7<\/span> <span style=\"color:;background-color:;border-color:\" class=\"be-list-item-text\">B\u00fator l\u00e1bak n\u00e9lk\u00fcl<\/span><\/h3>\n<figure class=\"wp-block-image size-full\"><img loading=\"lazy\" width=\"728\" height=\"543\" src=\"https:\/\/liked.hu\/old\/wp-content\/uploads\/2023\/11\/Lakberendezesi-trukkok-019.webp\" alt=\"Lakberendez\u00e9si tr\u00fckk\u00f6k 019\" class=\"wp-image-315322\"\/><\/figure>\n\n\n\n<p>Egy olyan kanap\u00e9 (vagy sz\u00e9k), aminek nincsenek l\u00e1that\u00f3 l\u00e1bai, sokkal terjedelmesebbnek t\u0171nik, mint azok, amiknek vannak. A l\u00e1that\u00f3 l\u00e1bakkal rendelkez\u0151 b\u00fatorok szell\u0151sebb\u00e9 teszik a szob\u00e1t. Ennek eredm\u00e9nyek\u00e9ppen pedig a helyis\u00e9gben \u00fagy t\u0171nik majd, hogy elegend\u0151 a hely.<\/p>\n<\/div>\n\n\n\n<div class=\"wp-block-buzzeditor-list-item\"><h3 class=\"be-list-item-title\"><span style=\"color:;background-color:;border-color:\" class=\"be-list-item-number\">8<\/span> <span style=\"color:;background-color:;border-color:\" class=\"be-list-item-text\">B\u00fatorok magas fej- \u00e9s h\u00e1tt\u00e1ml\u00e1val<\/span><\/h3>\n<figure class=\"wp-block-image size-full\"><img loading=\"lazy\" width=\"728\" height=\"1218\" src=\"https:\/\/liked.hu\/old\/wp-content\/uploads\/2023\/11\/Lakberendezesi-trukkok-018.webp\" alt=\"Lakberendez\u00e9si tr\u00fckk\u00f6k 018\" class=\"wp-image-315321\"\/><\/figure>\n\n\n\n<p>Egy nem t\u00fal magas \u00e1gy, fotel vagy puff, vizu\u00e1lisan n\u00f6veli a helyis\u00e9get. Ha a h\u00e1l\u00f3szob\u00e1r\u00f3l besz\u00e9l\u00fcnk, egy alacsony, \u00e1zsiai st\u00edlus\u00fa \u00e1gy lenne a megfelel\u0151bb. A nappaliba alacsony (de k\u00e9nyelmes) h\u00e1tt\u00e1ml\u00e1j\u00fa sz\u00e9keket v\u00e1lassz: a magas h\u00e1tt\u00e1ml\u00e1j\u00faak vizu\u00e1lisan &#8222;ellopj\u00e1k&#8221; a teret, m\u00edg az alacsonyak \u00e9ppen ellenkez\u0151leg, nyitottabb\u00e1 teszik azt.<\/p>\n<\/div>\n\n\n\n<!--nextpage-->\n\n\n\n<div class=\"wp-block-buzzeditor-list-item\"><h3 class=\"be-list-item-title\"><span style=\"color:;background-color:;border-color:\" class=\"be-list-item-number\">9<\/span> <span style=\"color:;background-color:;border-color:\" class=\"be-list-item-text\">Neh\u00e9z, vastag, textur\u00e1lt f\u00fcgg\u00f6ny\u00f6k<\/span><\/h3>\n<figure class=\"wp-block-image size-full\"><img loading=\"lazy\" width=\"728\" height=\"638\" src=\"https:\/\/liked.hu\/old\/wp-content\/uploads\/2023\/11\/Lakberendezesi-trukkok-017.webp\" alt=\"Lakberendez\u00e9si tr\u00fckk\u00f6k 017\" class=\"wp-image-315320\"\/><\/figure>\n\n\n\n<p>Az olyan sz\u00f6vetekb\u0151l k\u00e9sz\u00fclt neh\u00e9z f\u00fcgg\u00f6ny\u00f6k, mint a szat\u00e9n vagy a b\u00e1rsony, k\u00f6zelebb &#8222;h\u00fazz\u00e1k&#8221; a mennyezetet, \u00e9s \u00fagy t\u0171nik, mintha egy l\u00e1thatatlan falat \u00e9p\u00edtett\u00fcnk volna a szob\u00e1ba. Emellett elnyelik az ablakb\u00f3l \u00e9rkez\u0151 f\u00e9nyt. Az olyan puha, \u00e1raml\u00f3 anyagok, mint a pamut vagy a m\u0171selyem, seg\u00edthetnek \u00e9letet vinni az otthonodba.<\/p>\n<\/div>\n\n\n\n<div class=\"wp-block-buzzeditor-list-item\"><h3 class=\"be-list-item-title\"><span style=\"color:;background-color:;border-color:\" class=\"be-list-item-number\">10<\/span> <span style=\"color:;background-color:;border-color:\" class=\"be-list-item-text\">S\u00f6t\u00e9t vagy tarka \u00e1gytakar\u00f3 a k\u00e1rpitozott b\u00fatorokon<\/span><\/h3>\n<figure class=\"wp-block-image size-full\"><img loading=\"lazy\" width=\"728\" height=\"500\" src=\"https:\/\/liked.hu\/old\/wp-content\/uploads\/2023\/11\/Lakberendezesi-trukkok-016.webp\" alt=\"Lakberendez\u00e9si tr\u00fckk\u00f6k 016\" class=\"wp-image-315319\"\/><\/figure>\n\n\n\n<p>A s\u00f6t\u00e9t sz\u00ednek cs\u00f6kkentik a teret. Ez a szab\u00e1ly a k\u00e1rpitokon l\u00e9v\u0151 \u00e1gytakar\u00f3kkal is m\u0171k\u00f6dik (k\u00fcl\u00f6n\u00f6sen a vil\u00e1gos sz\u00edn\u0171 k\u00e1rpitokon). A s\u00f6t\u00e9t sz\u00edn\u0171 \u00e1gytakar\u00f3 megfosztja a szob\u00e1t a f\u00e9nyess\u00e9gt\u0151l, \u00e9s vizu\u00e1lisan kisebb\u00e9 teszi azt. Egy tarka takar\u00f3 ugyanezt a hat\u00e1st fogja kelteni. M\u00edg a vil\u00e1gosabb v\u00e1ltozat seg\u00edt megtartani a szoba m\u00e9reteit.<\/p>\n\n\n\n\n<div style=\"float:none;margin:0px 0 0px 0;text-align:center;\">\n<div class=\"mobileHideke8\"><div class=\"hirdeteshatter\"><div style=\"display: inline-block;width: 50%;min-width:340px;vertical-align: top;\"><div class=\"hirdetes\">HIRDET\u00c9S<\/div>\n<!-- LikedQ81 -->\n<ins class=\"adsbygoogle\"\n     style=\"display:inline-block;width:336px;height:280px\"\n     data-ad-client=\"ca-pub-9424088931673893\"\n     data-ad-slot=\"2436840276\"><\/ins>\n<script async>\n     (adsbygoogle = window.adsbygoogle || []).push({});\n<\/script><\/div><div style=\"display: inline-block;width: 50%;min-width:340px;vertical-align: top;\"><div class=\"hirdetes\">HIRDET\u00c9S<\/div>\n<!-- LikedQ82 -->\n<ins class=\"adsbygoogle\"\n     style=\"display:inline-block;width:336px;height:280px\"\n     data-ad-client=\"ca-pub-9424088931673893\"\n     data-ad-slot=\"3558350253\"><\/ins>\n<script async>\n     (adsbygoogle = window.adsbygoogle || []).push({});\n<\/script><\/div><\/div><\/div>\n<div style=\"display:flex;flex-direction:column;\"><div class=\"mobileShowka8 nyolc\"><div style=\"padding-top:15px;padding-bottom:5px;min-height: 300px;\"><div class=\"hirdetes\">HIRDET\u00c9S<\/div>\n<!-- LikedQ8M -->\n<ins class=\"adsbygoogle\"\n     style=\"display:inline-block;width:336px;height:280px\"\n     data-ad-client=\"ca-pub-9424088931673893\"\n     data-ad-slot=\"4679860235\"><\/ins>\n<script async>\n     (adsbygoogle = window.adsbygoogle || []).push({});\n<\/script><\/div><\/div><\/div><\/div>\n\n<\/div>\n\n\n\n<div class=\"wp-block-buzzeditor-list-item\"><h3 class=\"be-list-item-title\"><span style=\"color:;background-color:;border-color:\" class=\"be-list-item-number\">11<\/span> <span style=\"color:;background-color:;border-color:\" class=\"be-list-item-text\">Kis sz\u0151nyeg az \u00e1gy vagy a fotel mell\u00e9<\/span><\/h3>\n<figure class=\"wp-block-image size-full\"><img loading=\"lazy\" width=\"728\" height=\"500\" src=\"https:\/\/liked.hu\/old\/wp-content\/uploads\/2023\/11\/Lakberendezesi-trukkok-015.webp\" alt=\"Lakberendez\u00e9si tr\u00fckk\u00f6k 015\" class=\"wp-image-315318\"\/><\/figure>\n\n\n\n<p>Nagyon kellemes a reggeli \u00e9bred\u00e9s ut\u00e1n r\u00f6gt\u00f6n a meleg sz\u0151nyegre \u00e1llni, k\u00fcl\u00f6n\u00f6sen, ha odakint hideg van. Ennek a bels\u0151\u00e9p\u00edt\u00e9szeti elemnek a kiv\u00e1laszt\u00e1sakor azonban fontos figyelembe venni a m\u00e9reteket. Egy kis sz\u0151nyeg t\u00f6redezett\u00e9 teszi a szob\u00e1t \u00e9s cs\u00f6kkenti a teret.<\/p>\n\n\n\n<p>Ennek a negat\u00edv hat\u00e1snak az elker\u00fcl\u00e9se \u00e9rdek\u00e9ben \u00e9rdemes \u00fagy v\u00e1lasztani a sz\u0151nyeget, hogy az \u00f6sszes b\u00fatorl\u00e1b vagy legal\u00e1bbis a b\u00fator (pl. kanap\u00e9) el\u00fcls\u0151 l\u00e1bai a sz\u0151nyegen legyenek. A falakhoz vagy a f\u00fcgg\u00f6ny\u00f6kh\u00f6z hasonl\u00f3an a vil\u00e1gos sz\u00ednek itt seg\u00edtenek meg\u0151rizni a szoba m\u00e9ret\u00e9t.<\/p>\n<\/div>\n\n\n\n<div class=\"wp-block-buzzeditor-list-item\"><h3 class=\"be-list-item-title\"><span style=\"color:;background-color:;border-color:\" class=\"be-list-item-number\">12<\/span> <span style=\"color:;background-color:;border-color:\" class=\"be-list-item-text\">Nagy j\u00e1t\u00e9kok<\/span><\/h3>\n<figure class=\"wp-block-image size-full\"><img loading=\"lazy\" width=\"728\" height=\"771\" src=\"https:\/\/liked.hu\/old\/wp-content\/uploads\/2023\/11\/Lakberendezesi-trukkok-014.webp\" alt=\"Lakberendez\u00e9si tr\u00fckk\u00f6k 014\" class=\"wp-image-315317\"\/><\/figure>\n\n\n\n<p>A nagy pl\u00fcssj\u00e1t\u00e9kok, p\u00e9ld\u00e1ul a pl\u00fcssmack\u00f3k, melegs\u00e9get adnak az otthonunkhoz, de ugyanakkor \u00e9rt\u00e9kes helyet &#8222;lopnak el&#8221;. A j\u00e1t\u00e9kok elvonj\u00e1k a figyelmet a bels\u0151 t\u00e9rr\u0151l, \u00e9s magukra vonj\u00e1k azt. Ha nem rendelkezel el\u00e9g nagy alapter\u00fclettel, de a gyerekek miatt elker\u00fclhetetlenek a pl\u00fcssj\u00e1t\u00e9kok, akkor a j\u00e1t\u00e9kokat j\u00e1t\u00e9k ut\u00e1n tedd kosarakba vagy aranyos dobozokba.<\/p>\n<\/div>\n\n\n\n<div class=\"wp-block-buzzeditor-list-item\"><h3 class=\"be-list-item-title\"><span style=\"color:;background-color:;border-color:\" class=\"be-list-item-number\">13<\/span> <span style=\"color:;background-color:;border-color:\" class=\"be-list-item-text\">Mennyezeti ventil\u00e1torok<\/span><\/h3>\n<figure class=\"wp-block-image size-full\"><img loading=\"lazy\" width=\"728\" height=\"485\" src=\"https:\/\/liked.hu\/old\/wp-content\/uploads\/2023\/11\/Lakberendezesi-trukkok-013.webp\" alt=\"Lakberendez\u00e9si tr\u00fckk\u00f6k 013\" class=\"wp-image-315316\"\/><\/figure>\n\n\n\n<p>Egy mennyezeti ventil\u00e1tor feldobhatja a bels\u0151 teret, \u00e9s megmentheti azt a tikkaszt\u00f3 ny\u00e1ri h\u0151s\u00e9gben. Ne feledd azonban, hogy a mennyezeti ventil\u00e1tor eltorz\u00edtja a teret: a lap\u00e1tjai \u00e1rny\u00e9kot vetnek, \u00e9s vizu\u00e1lisan kisebb\u00e9 teszik a szob\u00e1t. Mary Graham azt <a href=\"https:\/\/bestlifeonline.com\/design-choices-making-your-home-look-smaller\/\" target=\"_blank\" rel=\"noreferrer noopener\">javasolja<\/a>, hogy haszn\u00e1lj feh\u00e9r sz\u00edn\u0171 ventil\u00e1tort, \u00e9s a l\u00e1mp\u00e1kat helyezd alacsonyabbra, mint mag\u00e1t a ventil\u00e1tort.<\/p>\n\n\n\n\n<div style=\"float:none;margin:0px 0 0px 0;text-align:center;\">\n<div class=\"mobileHideke5\"><div style=\"margin-top:25px;\"><div class=\"hirdeteshatter\"><div style=\"display: inline-block;width: 50%;min-width:305px;vertical-align: top;\"><div class=\"hirdetes\">HIRDET\u00c9S<\/div>\n<!-- LikedQ51 -->\n<ins class=\"adsbygoogle\"\n     style=\"display:inline-block;width:300px;height:250px\"\n     data-ad-client=\"ca-pub-9424088931673893\"\n     data-ad-slot=\"8284063326\"><\/ins>\n<script async>\n     (adsbygoogle = window.adsbygoogle || []).push({});\n<\/script><\/div><div style=\"display: inline-block;width: 50%;min-width:305px;vertical-align: top;\"><div class=\"hirdetes\">HIRDET\u00c9S<\/div>\n<!-- LikedQ52 -->\n<ins class=\"adsbygoogle\"\n     style=\"display:inline-block;width:300px;height:250px\"\n     data-ad-client=\"ca-pub-9424088931673893\"\n     data-ad-slot=\"2840164950\"><\/ins>\n<script async>\n     (adsbygoogle = window.adsbygoogle || []).push({});\n<\/script><\/div><\/div><\/div><\/div>\n<div style=\"display:flex;flex-direction:column;\"><div class=\"mobileShowka5\"><div style=\"padding-top:10px;padding-bottom:10px;min-height: 300px;\"><div class=\"hirdetes\">HIRDET\u00c9S<\/div>\n<!-- LikedQ5M -->\n<ins class=\"adsbygoogle\"\n     style=\"display:inline-block;width:300px;height:250px\"\n     data-ad-client=\"ca-pub-9424088931673893\"\n     data-ad-slot=\"9022429928\"><\/ins>\n<script async>\n     (adsbygoogle = window.adsbygoogle || []).push({});\n<\/script><\/div><\/div><\/div><\/div>\n\n<\/div>\n\n\n\n<div class=\"wp-block-buzzeditor-list-item\"><h3 class=\"be-list-item-title\"><span style=\"color:;background-color:;border-color:\" class=\"be-list-item-number\">14<\/span> <span style=\"color:;background-color:;border-color:\" class=\"be-list-item-text\">\u00c1ll\u00f3l\u00e1mp\u00e1k<\/span><\/h3>\n<figure class=\"wp-block-image size-full\"><img loading=\"lazy\" width=\"728\" height=\"761\" src=\"https:\/\/liked.hu\/old\/wp-content\/uploads\/2023\/11\/Lakberendezesi-trukkok-012.webp\" alt=\"Lakberendez\u00e9si tr\u00fckk\u00f6k 012\" class=\"wp-image-315315\"\/><\/figure>\n\n\n\n<p>Ha ez az egyetlen f\u00e9nyforr\u00e1s a szob\u00e1ban, akkor elker\u00fclhetetlen\u00fcl egyens\u00falyhi\u00e1nyt fog okozni. Ebben az esetben a szob\u00e1nak csak az egyik r\u00e9sze lesz megvil\u00e1g\u00edtva, a m\u00e1sik r\u00e9sze pedig nem lesz l\u00e1that\u00f3. Szereted az \u00e1ll\u00f3l\u00e1mp\u00e1kat? Tartogasd \u0151ket egy romantikus vacsor\u00e1hoz, vagy kapcsold be lefekv\u00e9s el\u0151tt. A f\u0151 vil\u00e1g\u00edt\u00e1shoz legyenek ink\u00e1bb hagyom\u00e1nyos l\u00e1mp\u00e1k vagy \u00e1ll\u00f3l\u00e1mp\u00e1k a szoba k\u00fcl\u00f6nb\u00f6z\u0151 r\u00e9szein, hogy egyenletesen oszoljon el a f\u00e9ny.<\/p>\n<\/div>\n\n\n\n<div class=\"wp-block-buzzeditor-list-item\"><h3 class=\"be-list-item-title\"><span style=\"color:;background-color:;border-color:\" class=\"be-list-item-number\">15<\/span> <span style=\"color:;background-color:;border-color:\" class=\"be-list-item-text\">A falakhoz elhelyezett b\u00fatorok<\/span><\/h3>\n<figure class=\"wp-block-image size-full\"><img loading=\"lazy\" width=\"728\" height=\"466\" src=\"https:\/\/liked.hu\/old\/wp-content\/uploads\/2023\/11\/Lakberendezesi-trukkok-011.webp\" alt=\"Lakberendez\u00e9si tr\u00fckk\u00f6k 011\" class=\"wp-image-315314\"\/><\/figure>\n\n\n\n<p>A kis lak\u00e1sok tulajdonosai gyakran igyekeznek a b\u00fatorokat a lehet\u0151 legk\u00f6zelebb elhelyezni a szoba falaihoz. Ez logikusnak t\u0171nik, de nem biztos, hogy a v\u00e1rt eredm\u00e9nyt hozza. Ha az \u00f6sszes b\u00fatort a falak ment\u00e9n helyezi el, a szob\u00e1ban nem lesznek olyan elemek, amelyek \u00e9l\u00e9nk\u00edtik a teret.<\/p>\n\n\n\n<p>Egy olyan szoba, amiben nincs semmi, ami megragadja a szemet, kicsinek fog t\u0171nni. Anne Hepfer tervez\u0151 <a href=\"https:\/\/www.realsimple.com\/home-organizing\/decorating\/tips-techniques\/small-space-design-mistakes\" target=\"_blank\" rel=\"noreferrer noopener\">szerint<\/a> a b\u00fatorokat, vagy legal\u00e1bbis azok egy r\u00e9sz\u00e9t, a falt\u00f3l t\u00e1volabb kell elhelyezni. Ez vizu\u00e1lis egyens\u00falyt teremt, \u00e9s nagyobbnak t\u0171nik t\u0151le a szoba.<\/p>\n<\/div>\n\n\n\n<div class=\"wp-block-buzzeditor-list-item\"><h3 class=\"be-list-item-title\"><span style=\"color:;background-color:;border-color:\" class=\"be-list-item-number\">16<\/span> <span style=\"color:;background-color:;border-color:\" class=\"be-list-item-text\">Fesz\u00edtett \u00e1lmennyezet<\/span><\/h3>\n<figure class=\"wp-block-image size-full\"><img loading=\"lazy\" width=\"728\" height=\"837\" src=\"https:\/\/liked.hu\/old\/wp-content\/uploads\/2023\/11\/Lakberendezesi-trukkok-010.webp\" alt=\"Lakberendez\u00e9si tr\u00fckk\u00f6k 010\" class=\"wp-image-315313\"\/><\/figure>\n\n\n\n<p>Az \u00e1lmennyezetek tart\u00f3sak, viszonylag gyorsan felszerelhet\u0151k, \u00e9s a sz\u00ednek sz\u00e9les v\u00e1laszt\u00e9k\u00e1ban kaphat\u00f3k. Az ilyen mennyezeteknek azonban van egy nagy h\u00e1tr\u00e1nyuk, amit figyelembe kell venni lak\u00e1sfel\u00faj\u00edt\u00e1skor vagy v\u00e1s\u00e1rl\u00e1skor: a helyis\u00e9get nemcsak vizu\u00e1lisan, hanem t\u00e9nylegesen is kisebb\u00e9 teszik.<\/p>\n\n\n\n<p>Az \u00e1lmennyezet miatt a szoba magass\u00e1ga k\u00f6r\u00fclbel\u00fcl 10-15 cm-rel lecs\u00f6kken, ami kritikus lehet az am\u00fagy is kompakt m\u00e9ret\u0171 lak\u00e1sokban. Ha pedig az \u00e1lmennyezet t\u00f6bbszintes, akkor m\u00e9g kisebb\u00e9 teszik a szob\u00e1t.<\/p>\n\n\n\n<p class=\"has-text-align-center\"><strong>Neked mi az a lakberendez\u00e9si elem vagy r\u00e9szlet, amit soha nem haszn\u00e1ln\u00e1l az otthonodban \u00e9s mi\u00e9rt?<\/strong><\/p>\n<\/div>\n<\/div>\n","protected":false},"excerpt":{"rendered":"<p>Az apr\u00f3 r\u00e9szletek is nagyon sokat sz\u00e1m\u00edtanak az \u00f6sszhat\u00e1sban.<\/p>\n","protected":false},"author":5,"featured_media":315311,"comment_status":"open","ping_status":"closed","sticky":false,"template":"","format":"standard","meta":{"buzzeditor_post_format":""},"categories":[48],"tags":[1504,1994],"yoast_head":"<!-- This site is optimized with the Yoast SEO plugin v19.6.1 - https:\/\/yoast.com\/wordpress\/plugins\/seo\/ -->\n<title>16 dolog, amit\u0151l minden szoba kisebbnek t\u0171nik<\/title>\n<meta name=\"description\" content=\"Az apr\u00f3 r\u00e9szletek is nagyon sokat sz\u00e1m\u00edtanak az \u00f6sszhat\u00e1sban.\" \/>\n<meta name=\"robots\" content=\"index, follow, max-snippet:-1, max-image-preview:large, max-video-preview:-1\" \/>\n<link rel=\"canonical\" href=\"https:\/\/liked.hu\/old\/tippek-es-trukkok\/16-dolog-amitol-minden-szoba-kisebbnek-tunik\/\" \/>\n<link rel=\"next\" href=\"https:\/\/liked.hu\/old\/tippek-es-trukkok\/16-dolog-amitol-minden-szoba-kisebbnek-tunik\/2\/\" \/>\n<meta property=\"og:locale\" content=\"hu_HU\" \/>\n<meta property=\"og:type\" content=\"article\" \/>\n<meta property=\"og:title\" content=\"16 dolog, amit\u0151l minden szoba kisebbnek t\u0171nik\" \/>\n<meta property=\"og:description\" content=\"Az apr\u00f3 r\u00e9szletek is nagyon sokat sz\u00e1m\u00edtanak az \u00f6sszhat\u00e1sban.\" \/>\n<meta property=\"og:url\" content=\"https:\/\/liked.hu\/old\/tippek-es-trukkok\/16-dolog-amitol-minden-szoba-kisebbnek-tunik\/\" \/>\n<meta property=\"og:site_name\" content=\"Liked.hu\" \/>\n<meta property=\"article:publisher\" content=\"https:\/\/www.facebook.com\/liked.hu\" \/>\n<meta property=\"article:published_time\" content=\"2023-11-05T16:12:10+00:00\" \/>\n<meta property=\"article:modified_time\" content=\"2023-11-05T16:12:12+00:00\" \/>\n<meta property=\"og:image\" content=\"https:\/\/liked.hu\/old\/wp-content\/uploads\/2023\/11\/Kisebbnek-tuno-szobak.jpg\" \/>\n\t<meta property=\"og:image:width\" content=\"1200\" \/>\n\t<meta property=\"og:image:height\" content=\"630\" \/>\n\t<meta property=\"og:image:type\" content=\"image\/jpeg\" \/>\n<meta name=\"author\" content=\"Sludenkor\" \/>\n<meta name=\"twitter:card\" content=\"summary\" \/>\n<meta name=\"twitter:creator\" content=\"@LikedHu\" \/>\n<meta name=\"twitter:site\" content=\"@LikedHu\" \/>\n<meta name=\"twitter:label1\" content=\"Szerz\u0151:\" \/>\n\t<meta name=\"twitter:data1\" content=\"Sludenkor\" \/>\n\t<meta name=\"twitter:label2\" content=\"Becs\u00fclt olvas\u00e1si id\u0151\" \/>\n\t<meta name=\"twitter:data2\" content=\"8 perc\" \/>\n<script type=\"application\/ld+json\" class=\"yoast-schema-graph\">{\"@context\":\"https:\/\/schema.org\",\"@graph\":[{\"@type\":\"Article\",\"@id\":\"https:\/\/liked.hu\/old\/tippek-es-trukkok\/16-dolog-amitol-minden-szoba-kisebbnek-tunik\/#article\",\"isPartOf\":{\"@id\":\"https:\/\/liked.hu\/old\/tippek-es-trukkok\/16-dolog-amitol-minden-szoba-kisebbnek-tunik\/\"},\"author\":{\"name\":\"Sludenkor\",\"@id\":\"https:\/\/liked.hu\/old\/#\/schema\/person\/6650f7130e2154421c3a5cae3435b47c\"},\"headline\":\"16 dolog, amit\u0151l minden szoba kisebbnek t\u0171nik\",\"datePublished\":\"2023-11-05T16:12:10+00:00\",\"dateModified\":\"2023-11-05T16:12:12+00:00\",\"mainEntityOfPage\":{\"@id\":\"https:\/\/liked.hu\/old\/tippek-es-trukkok\/16-dolog-amitol-minden-szoba-kisebbnek-tunik\/\"},\"wordCount\":1583,\"commentCount\":0,\"publisher\":{\"@id\":\"https:\/\/liked.hu\/old\/#organization\"},\"keywords\":[\"lakberendez\u00e9s\",\"otthon\"],\"articleSection\":[\"Tippek \u00e9s tr\u00fckk\u00f6k\"],\"inLanguage\":\"hu\",\"potentialAction\":[{\"@type\":\"CommentAction\",\"name\":\"Comment\",\"target\":[\"https:\/\/liked.hu\/old\/tippek-es-trukkok\/16-dolog-amitol-minden-szoba-kisebbnek-tunik\/#respond\"]}]},{\"@type\":\"WebPage\",\"@id\":\"https:\/\/liked.hu\/old\/tippek-es-trukkok\/16-dolog-amitol-minden-szoba-kisebbnek-tunik\/\",\"url\":\"https:\/\/liked.hu\/old\/tippek-es-trukkok\/16-dolog-amitol-minden-szoba-kisebbnek-tunik\/\",\"name\":\"16 dolog, amit\u0151l minden szoba kisebbnek t\u0171nik\",\"isPartOf\":{\"@id\":\"https:\/\/liked.hu\/old\/#website\"},\"datePublished\":\"2023-11-05T16:12:10+00:00\",\"dateModified\":\"2023-11-05T16:12:12+00:00\",\"description\":\"Az apr\u00f3 r\u00e9szletek is nagyon sokat sz\u00e1m\u00edtanak az \u00f6sszhat\u00e1sban.\",\"breadcrumb\":{\"@id\":\"https:\/\/liked.hu\/old\/tippek-es-trukkok\/16-dolog-amitol-minden-szoba-kisebbnek-tunik\/#breadcrumb\"},\"inLanguage\":\"hu\",\"potentialAction\":[{\"@type\":\"ReadAction\",\"target\":[\"https:\/\/liked.hu\/old\/tippek-es-trukkok\/16-dolog-amitol-minden-szoba-kisebbnek-tunik\/\"]}]},{\"@type\":\"BreadcrumbList\",\"@id\":\"https:\/\/liked.hu\/old\/tippek-es-trukkok\/16-dolog-amitol-minden-szoba-kisebbnek-tunik\/#breadcrumb\",\"itemListElement\":[{\"@type\":\"ListItem\",\"position\":1,\"name\":\"Kezd\u0151lap\"}]},{\"@type\":\"WebSite\",\"@id\":\"https:\/\/liked.hu\/old\/#website\",\"url\":\"https:\/\/liked.hu\/old\/\",\"name\":\"Liked.hu\",\"description\":\"\",\"publisher\":{\"@id\":\"https:\/\/liked.hu\/old\/#organization\"},\"potentialAction\":[{\"@type\":\"SearchAction\",\"target\":{\"@type\":\"EntryPoint\",\"urlTemplate\":\"https:\/\/liked.hu\/old\/?s={search_term_string}\"},\"query-input\":\"required name=search_term_string\"}],\"inLanguage\":\"hu\"},{\"@type\":\"Organization\",\"@id\":\"https:\/\/liked.hu\/old\/#organization\",\"name\":\"Liked.hu\",\"url\":\"https:\/\/liked.hu\/old\/\",\"sameAs\":[\"https:\/\/hu.pinterest.com\/likedhungary\/\",\"https:\/\/www.youtube.com\/channel\/UCPv91dbMoIukYcM9b9nHN6Q\",\"https:\/\/www.facebook.com\/liked.hu\",\"https:\/\/twitter.com\/LikedHu\"],\"logo\":{\"@type\":\"ImageObject\",\"inLanguage\":\"hu\",\"@id\":\"https:\/\/liked.hu\/old\/#\/schema\/logo\/image\/\",\"url\":\"https:\/\/liked.hu\/wp-content\/uploads\/2018\/08\/Liked-icon.png\",\"contentUrl\":\"https:\/\/liked.hu\/wp-content\/uploads\/2018\/08\/Liked-icon.png\",\"width\":512,\"height\":512,\"caption\":\"Liked.hu\"},\"image\":{\"@id\":\"https:\/\/liked.hu\/old\/#\/schema\/logo\/image\/\"}},{\"@type\":\"Person\",\"@id\":\"https:\/\/liked.hu\/old\/#\/schema\/person\/6650f7130e2154421c3a5cae3435b47c\",\"name\":\"Sludenkor\",\"image\":{\"@type\":\"ImageObject\",\"inLanguage\":\"hu\",\"@id\":\"https:\/\/liked.hu\/old\/#\/schema\/person\/image\/\",\"url\":\"https:\/\/liked.hu\/old\/wp-content\/uploads\/avatars\/5\/604de86470f75-bpfull.jpg\",\"contentUrl\":\"https:\/\/liked.hu\/old\/wp-content\/uploads\/avatars\/5\/604de86470f75-bpfull.jpg\",\"caption\":\"Sludenkor\"},\"url\":\"https:\/\/liked.hu\/old\/u\/sludenkor\/\"}]}<\/script>\n<!-- \/ Yoast SEO plugin. -->","yoast_head_json":{"title":"16 dolog, amit\u0151l minden szoba kisebbnek t\u0171nik","description":"Az apr\u00f3 r\u00e9szletek is nagyon sokat sz\u00e1m\u00edtanak az \u00f6sszhat\u00e1sban.","robots":{"index":"index","follow":"follow","max-snippet":"max-snippet:-1","max-image-preview":"max-image-preview:large","max-video-preview":"max-video-preview:-1"},"canonical":"https:\/\/liked.hu\/old\/tippek-es-trukkok\/16-dolog-amitol-minden-szoba-kisebbnek-tunik\/","next":"https:\/\/liked.hu\/old\/tippek-es-trukkok\/16-dolog-amitol-minden-szoba-kisebbnek-tunik\/2\/","og_locale":"hu_HU","og_type":"article","og_title":"16 dolog, amit\u0151l minden szoba kisebbnek t\u0171nik","og_description":"Az apr\u00f3 r\u00e9szletek is nagyon sokat sz\u00e1m\u00edtanak az \u00f6sszhat\u00e1sban.","og_url":"https:\/\/liked.hu\/old\/tippek-es-trukkok\/16-dolog-amitol-minden-szoba-kisebbnek-tunik\/","og_site_name":"Liked.hu","article_publisher":"https:\/\/www.facebook.com\/liked.hu","article_published_time":"2023-11-05T16:12:10+00:00","article_modified_time":"2023-11-05T16:12:12+00:00","og_image":[{"width":1200,"height":630,"url":"https:\/\/liked.hu\/old\/wp-content\/uploads\/2023\/11\/Kisebbnek-tuno-szobak.jpg","type":"image\/jpeg"}],"author":"Sludenkor","twitter_card":"summary","twitter_creator":"@LikedHu","twitter_site":"@LikedHu","twitter_misc":{"Szerz\u0151:":"Sludenkor","Becs\u00fclt olvas\u00e1si id\u0151":"8 perc"},"schema":{"@context":"https:\/\/schema.org","@graph":[{"@type":"Article","@id":"https:\/\/liked.hu\/old\/tippek-es-trukkok\/16-dolog-amitol-minden-szoba-kisebbnek-tunik\/#article","isPartOf":{"@id":"https:\/\/liked.hu\/old\/tippek-es-trukkok\/16-dolog-amitol-minden-szoba-kisebbnek-tunik\/"},"author":{"name":"Sludenkor","@id":"https:\/\/liked.hu\/old\/#\/schema\/person\/6650f7130e2154421c3a5cae3435b47c"},"headline":"16 dolog, amit\u0151l minden szoba kisebbnek t\u0171nik","datePublished":"2023-11-05T16:12:10+00:00","dateModified":"2023-11-05T16:12:12+00:00","mainEntityOfPage":{"@id":"https:\/\/liked.hu\/old\/tippek-es-trukkok\/16-dolog-amitol-minden-szoba-kisebbnek-tunik\/"},"wordCount":1583,"commentCount":0,"publisher":{"@id":"https:\/\/liked.hu\/old\/#organization"},"keywords":["lakberendez\u00e9s","otthon"],"articleSection":["Tippek \u00e9s tr\u00fckk\u00f6k"],"inLanguage":"hu","potentialAction":[{"@type":"CommentAction","name":"Comment","target":["https:\/\/liked.hu\/old\/tippek-es-trukkok\/16-dolog-amitol-minden-szoba-kisebbnek-tunik\/#respond"]}]},{"@type":"WebPage","@id":"https:\/\/liked.hu\/old\/tippek-es-trukkok\/16-dolog-amitol-minden-szoba-kisebbnek-tunik\/","url":"https:\/\/liked.hu\/old\/tippek-es-trukkok\/16-dolog-amitol-minden-szoba-kisebbnek-tunik\/","name":"16 dolog, amit\u0151l minden szoba kisebbnek t\u0171nik","isPartOf":{"@id":"https:\/\/liked.hu\/old\/#website"},"datePublished":"2023-11-05T16:12:10+00:00","dateModified":"2023-11-05T16:12:12+00:00","description":"Az apr\u00f3 r\u00e9szletek is nagyon sokat sz\u00e1m\u00edtanak az \u00f6sszhat\u00e1sban.","breadcrumb":{"@id":"https:\/\/liked.hu\/old\/tippek-es-trukkok\/16-dolog-amitol-minden-szoba-kisebbnek-tunik\/#breadcrumb"},"inLanguage":"hu","potentialAction":[{"@type":"ReadAction","target":["https:\/\/liked.hu\/old\/tippek-es-trukkok\/16-dolog-amitol-minden-szoba-kisebbnek-tunik\/"]}]},{"@type":"BreadcrumbList","@id":"https:\/\/liked.hu\/old\/tippek-es-trukkok\/16-dolog-amitol-minden-szoba-kisebbnek-tunik\/#breadcrumb","itemListElement":[{"@type":"ListItem","position":1,"name":"Kezd\u0151lap"}]},{"@type":"WebSite","@id":"https:\/\/liked.hu\/old\/#website","url":"https:\/\/liked.hu\/old\/","name":"Liked.hu","description":"","publisher":{"@id":"https:\/\/liked.hu\/old\/#organization"},"potentialAction":[{"@type":"SearchAction","target":{"@type":"EntryPoint","urlTemplate":"https:\/\/liked.hu\/old\/?s={search_term_string}"},"query-input":"required name=search_term_string"}],"inLanguage":"hu"},{"@type":"Organization","@id":"https:\/\/liked.hu\/old\/#organization","name":"Liked.hu","url":"https:\/\/liked.hu\/old\/","sameAs":["https:\/\/hu.pinterest.com\/likedhungary\/","https:\/\/www.youtube.com\/channel\/UCPv91dbMoIukYcM9b9nHN6Q","https:\/\/www.facebook.com\/liked.hu","https:\/\/twitter.com\/LikedHu"],"logo":{"@type":"ImageObject","inLanguage":"hu","@id":"https:\/\/liked.hu\/old\/#\/schema\/logo\/image\/","url":"https:\/\/liked.hu\/wp-content\/uploads\/2018\/08\/Liked-icon.png","contentUrl":"https:\/\/liked.hu\/wp-content\/uploads\/2018\/08\/Liked-icon.png","width":512,"height":512,"caption":"Liked.hu"},"image":{"@id":"https:\/\/liked.hu\/old\/#\/schema\/logo\/image\/"}},{"@type":"Person","@id":"https:\/\/liked.hu\/old\/#\/schema\/person\/6650f7130e2154421c3a5cae3435b47c","name":"Sludenkor","image":{"@type":"ImageObject","inLanguage":"hu","@id":"https:\/\/liked.hu\/old\/#\/schema\/person\/image\/","url":"https:\/\/liked.hu\/old\/wp-content\/uploads\/avatars\/5\/604de86470f75-bpfull.jpg","contentUrl":"https:\/\/liked.hu\/old\/wp-content\/uploads\/avatars\/5\/604de86470f75-bpfull.jpg","caption":"Sludenkor"},"url":"https:\/\/liked.hu\/old\/u\/sludenkor\/"}]}},"publishpress_future_action":{"enabled":false,"date":"1970-01-01 01:00:00","action":"","terms":[],"taxonomy":"","browser_timezone_offset":0},"_links":{"self":[{"href":"https:\/\/liked.hu\/old\/wp-json\/wp\/v2\/posts\/315310"}],"collection":[{"href":"https:\/\/liked.hu\/old\/wp-json\/wp\/v2\/posts"}],"about":[{"href":"https:\/\/liked.hu\/old\/wp-json\/wp\/v2\/types\/post"}],"author":[{"embeddable":true,"href":"https:\/\/liked.hu\/old\/wp-json\/wp\/v2\/users\/5"}],"replies":[{"embeddable":true,"href":"https:\/\/liked.hu\/old\/wp-json\/wp\/v2\/comments?post=315310"}],"version-history":[{"count":0,"href":"https:\/\/liked.hu\/old\/wp-json\/wp\/v2\/posts\/315310\/revisions"}],"wp:featuredmedia":[{"embeddable":true,"href":"https:\/\/liked.hu\/old\/wp-json\/wp\/v2\/media\/315311"}],"wp:attachment":[{"href":"https:\/\/liked.hu\/old\/wp-json\/wp\/v2\/media?parent=315310"}],"wp:term":[{"taxonomy":"category","embeddable":true,"href":"https:\/\/liked.hu\/old\/wp-json\/wp\/v2\/categories?post=315310"},{"taxonomy":"post_tag","embeddable":true,"href":"https:\/\/liked.hu\/old\/wp-json\/wp\/v2\/tags?post=315310"}],"curies":[{"name":"wp","href":"https:\/\/api.w.org\/{rel}","templated":true}]}}