{"id":314818,"date":"2023-11-02T20:56:42","date_gmt":"2023-11-02T18:56:42","guid":{"rendered":"https:\/\/liked.hu\/old\/?p=314818"},"modified":"2023-11-02T20:58:50","modified_gmt":"2023-11-02T18:58:50","slug":"13-wow-teny-a-vilagrol-amit-csak-nagyon-kevesen-ismernek","status":"publish","type":"post","link":"https:\/\/liked.hu\/old\/erdekes\/13-wow-teny-a-vilagrol-amit-csak-nagyon-kevesen-ismernek\/","title":{"rendered":"13 &#8222;wow&#8221; t\u00e9ny a vil\u00e1gr\u00f3l, amit csak nagyon kevesen ismernek"},"content":{"rendered":"\n<p>Nem sz\u00e1m\u00edt, hogy milyen sokat tudunk a bolyg\u00f3nkr\u00f3l \u00e9s a minket k\u00f6r\u00fclvev\u0151 vil\u00e1gr\u00f3l, mindig lesznek olyan dolgok, amik k\u00e9pesek meglepet\u00e9st okozni. Gondoltad volna p\u00e9ld\u00e1ul, hogy szigor\u00faan n\u00e9zve nem is a Mount Everest a legmagasabb hely a F\u00f6ld\u00f6n? \u00c9s azt, hogy vannak olyan sivatagi szikl\u00e1k, amik egyik napr\u00f3l a m\u00e1sikra v\u00e1ltoztatj\u00e1k a hely\u00fcket \u00e9s nyomot hagynak maguk ut\u00e1n a homokban?<\/p>\n\n\n\n\n<div style=\"float:none;margin:0px 0 0px 0;text-align:center;\">\n<div class=\"mobileShowkakettes\"><div class=\"mobileShowka2\"><div style=\"padding-top:0px;padding-bottom:15px;min-height: 300px;\"><div class=\"hirdetes\">HIRDET\u00c9S<\/div>\n<!-- 300lista -->\n<ins class=\"adsbygoogle\"\n     style=\"display:inline-block;width:300px;height:250px\"\n     data-ad-client=\"ca-pub-9424088931673893\"\n     data-ad-slot=\"8471340766\"><\/ins>\n<script async>\n     (adsbygoogle = window.adsbygoogle || []).push({});\n<\/script><\/div><\/div><\/div><\/div>\n\n\n\n\n<p>A <strong>Liked.hu<\/strong>-n\u00e1l most ilyen \u00e9s ehhez hasonl\u00f3 \u00e9rdekes t\u00e9nyeket gy\u0171jt\u00f6tt\u00fcnk \u00f6ssze a bolyg\u00f3nkr\u00f3l, amik ism\u00e9t r\u00e1\u00e9bresztettek arra, hogy mennyi mindent kell m\u00e9g tanulnunk a vil\u00e1gunkr\u00f3l.<\/p>\n\n\n\n<div class=\"wp-block-buzzeditor-list be-list be-list-type-desc be-list-number-style-none\">\n<div class=\"wp-block-buzzeditor-list-item\"><h3 class=\"be-list-item-title\"><span style=\"color:;background-color:;border-color:\" class=\"be-list-item-number\">13<\/span> <span style=\"color:;background-color:;border-color:\" class=\"be-list-item-text\">Nem az Everest a legmagasabb hely a F\u00f6ld\u00f6n.<\/span><\/h3>\n<figure class=\"wp-block-image size-full\"><img loading=\"lazy\" width=\"728\" height=\"728\" src=\"https:\/\/liked.hu\/old\/wp-content\/uploads\/2023\/11\/everest.webp\" alt=\"everest\" class=\"wp-image-314820\"\/><\/figure>\n\n\n\n<p>Term\u00e9szetesen az <a href=\"https:\/\/oceanservice.noaa.gov\/facts\/highestpoint.html\" target=\"_blank\" rel=\"noreferrer noopener\">Everest<\/a> a vil\u00e1g legmagasabb hegye, de csak akkor, ha a tengerszintr\u0151l m\u00e9rj\u00fck &#8211; ez 8849 m. De ha az \u00f3ce\u00e1n fenek\u00e9n kezdj\u00fck a m\u00e9r\u00e9st, akkor a vil\u00e1g legmagasabb cs\u00facsa val\u00f3j\u00e1ban a Hawaiin tal\u00e1lhat\u00f3 Mauna Kena. Ez ugyan csak 4207 m\u00e9terrel ny\u00falik a tengerszint f\u00f6l\u00e9, viszont m\u00e9lyen ez a hegy m\u00e9lyen a tenger fenek\u00e9n kezd\u0151dik \u00e9s az innen m\u00e9rt magass\u00e1ga 10203 m\u00e9ter.<\/p>\n<\/div>\n\n\n\n<div class=\"wp-block-buzzeditor-list-item\"><h3 class=\"be-list-item-title\"><span style=\"color:;background-color:;border-color:\" class=\"be-list-item-number\">12<\/span> <span style=\"color:;background-color:;border-color:\" class=\"be-list-item-text\">Felrobban\u00f3 tavak.<\/span><\/h3>\n<figure class=\"wp-block-image size-full\"><img loading=\"lazy\" width=\"728\" height=\"531\" src=\"https:\/\/liked.hu\/old\/wp-content\/uploads\/2023\/11\/Erdekes-tenyek-019.webp\" alt=\"\u00c9rdekes t\u00e9nyek 019\" class=\"wp-image-314830\"\/><figcaption><a href=\"https:\/\/commons.wikimedia.org\/wiki\/File:Lake_Nyos_1986_001.jpg\" target=\"_blank\" rel=\"noreferrer noopener\">\u00a9&nbsp;Jack Lockwood \/ Wikimedia Commons<\/a><\/figcaption><\/figure>\n\n\n\n<p>Vannak olyan tavak a vil\u00e1gon, amik nem az\u00e9rt vesz\u00e9lyesek, mert m\u00e9lyek, hanem mert vesz\u00e9lyes g\u00e1zok vannak benn\u00fck. Az egyik ilyen t\u00f3 a Nyos. 1986. augusztus 21-\u00e9n hatalmas mennyis\u00e9g\u0171 CO2-szabadult fel a t\u00f3b\u00f3l, melynek k\u00f6vetkezt\u00e9ben <a href=\"https:\/\/www.history.com\/this-day-in-history\/gas-cloud-kills-cameroon-villagers\" target=\"_blank\" rel=\"noreferrer noopener\">katasztr\u00f3fa<\/a> t\u00f6rt\u00e9nt, \u00e9s k\u00f6zel 2000 ember vesztette \u00e9let\u00e9t.<\/p>\n\n\n\n\n<div style=\"float:none;margin:0px 0 0px 0;text-align:center;\">\n<div class=\"mobileHideke5\"><div style=\"margin-top:25px;\"><div class=\"hirdeteshatter\"><div style=\"display: inline-block;width: 50%;min-width:305px;vertical-align: top;\"><div class=\"hirdetes\">HIRDET\u00c9S<\/div>\n<!-- LikedQ51 -->\n<ins class=\"adsbygoogle\"\n     style=\"display:inline-block;width:300px;height:250px\"\n     data-ad-client=\"ca-pub-9424088931673893\"\n     data-ad-slot=\"8284063326\"><\/ins>\n<script async>\n     (adsbygoogle = window.adsbygoogle || []).push({});\n<\/script><\/div><div style=\"display: inline-block;width: 50%;min-width:305px;vertical-align: top;\"><div class=\"hirdetes\">HIRDET\u00c9S<\/div>\n<!-- LikedQ52 -->\n<ins class=\"adsbygoogle\"\n     style=\"display:inline-block;width:300px;height:250px\"\n     data-ad-client=\"ca-pub-9424088931673893\"\n     data-ad-slot=\"2840164950\"><\/ins>\n<script async>\n     (adsbygoogle = window.adsbygoogle || []).push({});\n<\/script><\/div><\/div><\/div><\/div>\n<div style=\"display:flex;flex-direction:column;\"><div class=\"mobileShowka5\"><div style=\"padding-top:10px;padding-bottom:10px;min-height: 300px;\"><div class=\"hirdetes\">HIRDET\u00c9S<\/div>\n<!-- LikedQ5M -->\n<ins class=\"adsbygoogle\"\n     style=\"display:inline-block;width:300px;height:250px\"\n     data-ad-client=\"ca-pub-9424088931673893\"\n     data-ad-slot=\"9022429928\"><\/ins>\n<script async>\n     (adsbygoogle = window.adsbygoogle || []).push({});\n<\/script><\/div><\/div><\/div><\/div>\n\n<\/div>\n\n\n\n<div class=\"wp-block-buzzeditor-list-item\"><h3 class=\"be-list-item-title\"><span style=\"color:;background-color:;border-color:\" class=\"be-list-item-number\">11<\/span> <span style=\"color:;background-color:;border-color:\" class=\"be-list-item-text\">\u00c9nekl\u0151 homok.<\/span><\/h3>\n<figure class=\"wp-block-embed is-type-video is-provider-youtube wp-block-embed-youtube wp-embed-aspect-16-9 wp-has-aspect-ratio\"><div class=\"wp-block-embed__wrapper\">\n<iframe loading=\"lazy\" title=\"The Songs Of Two Sand Dunes\" width=\"500\" height=\"281\" src=\"https:\/\/www.youtube.com\/embed\/EzbGQXUL9vg?feature=oembed\" frameborder=\"0\" allow=\"accelerometer; autoplay; clipboard-write; encrypted-media; gyroscope; picture-in-picture; web-share\" referrerpolicy=\"strict-origin-when-cross-origin\" allowfullscreen><\/iframe>\n<\/div><\/figure>\n\n\n\n<p>A sivatagi homok &#8222;\u00e9nekl\u0151 homok&#8221; <a href=\"https:\/\/www.nps.gov\/articles\/grsa-singing-sands.htm\" target=\"_blank\" rel=\"noreferrer noopener\">jelens\u00e9g\u00e9t<\/a> a homokszemcs\u00e9k s\u00farl\u00f3d\u00e1sa okozza. Min\u00e9l nagyobb a mozg\u00f3 homok t\u00f6mege, ann\u00e1l hangosabb ez a hang. N\u00e9ha a homok \u00fagy sz\u00f3l, mintha valamif\u00e9le orgona sz\u00f3lna &#8211; err\u0151l a vide\u00f3 megtekint\u00e9s\u00e9vel magad is meggy\u0151z\u0151dhetsz.<\/p>\n<\/div>\n\n\n\n<div class=\"wp-block-buzzeditor-list-item\"><h3 class=\"be-list-item-title\"><span style=\"color:;background-color:;border-color:\" class=\"be-list-item-number\">10<\/span> <span style=\"color:;background-color:;border-color:\" class=\"be-list-item-text\">Ismeretlen fajok az \u00f3ce\u00e1nban.<\/span><\/h3>\n<figure class=\"wp-block-image size-full\"><img loading=\"lazy\" width=\"728\" height=\"555\" src=\"https:\/\/liked.hu\/old\/wp-content\/uploads\/2023\/11\/Erdekes-tenyek-018.webp\" alt=\"\u00c9rdekes t\u00e9nyek 018\" class=\"wp-image-314829\"\/><figcaption><a href=\"https:\/\/commons.wikimedia.org\/wiki\/File:Deep_sea_corals,_Wagner_Seamount.jpg\" target=\"_blank\" rel=\"noreferrer noopener\">\u00a9&nbsp;NOAA Office of Ocean Exploration and Research \/ Wikimedia Commons<\/a><\/figcaption><\/figure>\n\n\n\n<p>Kevesen gondolnak bele abba a t\u00e9nybe, hogy mennyire nem sokat tudunk az \u00f3ce\u00e1n m\u00e9ly\u00e9n \u00e9l\u0151 \u00e9l\u0151l\u00e9nyekr\u0151l. Ugyanolyan keveset tudunk az \u00f3ce\u00e1nr\u00f3l, mint a t\u00e1voli galaxisokr\u00f3l. Tal\u00e1n m\u00e9g ann\u00e1l is kevesebbet. Napjainkban a vil\u00e1g \u00f3ce\u00e1njainak csup\u00e1n <a href=\"https:\/\/oceanliteracy.unesco.org\/ocean-exploration\/\" target=\"_blank\" rel=\"noreferrer noopener\">5%-\u00e1t ismerj\u00fck<\/a>, \u00e9s a tud\u00f3sok m\u00e9g mindig fedeznek fel benn\u00fck \u00faj \u00e1llat- \u00e9s n\u00f6v\u00e9nyfajokat.<\/p>\n<\/div>\n\n\n\n<div class=\"wp-block-buzzeditor-list-item\"><h3 class=\"be-list-item-title\"><span style=\"color:;background-color:;border-color:\" class=\"be-list-item-number\">9<\/span> <span style=\"color:;background-color:;border-color:\" class=\"be-list-item-text\">Az Antarktisz a legsz\u00e1razabb hely a bolyg\u00f3n.<\/span><\/h3>\n<figure class=\"wp-block-image size-full\"><img loading=\"lazy\" width=\"728\" height=\"728\" src=\"https:\/\/liked.hu\/old\/wp-content\/uploads\/2023\/11\/Erdekes-tenyek-017.webp\" alt=\"\u00c9rdekes t\u00e9nyek 017\" class=\"wp-image-314828\"\/><figcaption><a href=\"https:\/\/commons.wikimedia.org\/wiki\/File:Antarctica_6400px_from_Blue_Marble.jpg\" target=\"_blank\" rel=\"noreferrer noopener\">\u00a9&nbsp;Dave Pape \/ Wikimedia Commons<\/a><\/figcaption><\/figure>\n\n\n\n<p>Elk\u00e9peszt\u0151, de a bolyg\u00f3nk legsz\u00e1razabb helye nem egy szuper forr\u00f3 sivatag, mint ahogy azt gondoln\u00e1n, hanem az Antarktiszon tal\u00e1lhat\u00f3 j\u00e9ghideg <a href=\"https:\/\/www.allthescience.org\/where-is-the-driest-place-on-earth.htm\" target=\"_blank\" rel=\"noreferrer noopener\">McMurdo Dry Valleys<\/a>. Ennek a v\u00f6lgynek egyes r\u00e9szein t\u00f6bb mint 2 milli\u00f3 \u00e9ve nem esett es\u0151. Az ottani term\u00e9szet annyira hasonl\u00edt a Marsb\u00e9li k\u00f6rnyezethez, hogy a NASA gyakran itt teszteli a marsj\u00e1r\u00f3 g\u00e9peit.<\/p>\n\n\n\n\n<div style=\"float:none;margin:0px 0 0px 0;text-align:center;\">\n<div class=\"mobileHideke8\"><div style=\"margin-top:25px;\"><div class=\"hirdeteshatter\"><div style=\"display: inline-block;width: 50%;min-width:340px;vertical-align: top;\"><div class=\"hirdetes\">HIRDET\u00c9S<\/div>\n<!-- Liked7Q1 -->\n<ins class=\"adsbygoogle\"\n     style=\"display:inline-block;width:336px;height:280px\"\n     data-ad-client=\"ca-pub-9424088931673893\"\n     data-ad-slot=\"3022062587\"><\/ins>\n<script async>\n     (adsbygoogle = window.adsbygoogle || []).push({});\n<\/script><\/div><div style=\"display: inline-block;width: 50%;min-width:340px;vertical-align: top;\"><div class=\"hirdetes\">HIRDET\u00c9S<\/div>\n<!-- Liked7Q2 -->\n<ins class=\"adsbygoogle\"\n     style=\"display:inline-block;width:336px;height:280px\"\n     data-ad-client=\"ca-pub-9424088931673893\"\n     data-ad-slot=\"3952000871\"><\/ins>\n<script async>\n     (adsbygoogle = window.adsbygoogle || []).push({});\n<\/script><\/div><\/div><\/div><\/div>\n<div style=\"display:flex;flex-direction:column;\"><div class=\"mobileShowka8\"><div style=\"padding-top:15px;margin-bottom:15px;min-height: 300px;\"><div class=\"hirdetes\">HIRDET\u00c9S<\/div>\n<!-- Liked7QMobil -->\n<ins class=\"adsbygoogle\"\n     style=\"display:inline-block;width:336px;height:280px\"\n     data-ad-client=\"ca-pub-9424088931673893\"\n     data-ad-slot=\"5073510857\"><\/ins>\n<script async>\n     (adsbygoogle = window.adsbygoogle || []).push({});\n<\/script><\/div><\/div><\/div><\/div>\n\n<\/div>\n\n\n\n<div class=\"wp-block-buzzeditor-list-item\"><h3 class=\"be-list-item-title\"><span style=\"color:;background-color:;border-color:\" class=\"be-list-item-number\">8<\/span> <span style=\"color:;background-color:;border-color:\" class=\"be-list-item-text\">Lyukas s\u00e1v.<\/span><\/h3>\n<blockquote class=\"instagram-media\" data-instgrm-permalink=\"https:\/\/www.instagram.com\/p\/BGH-eMUACQr\/?utm_source=ig_embed&amp;utm_campaign=loading\" data-instgrm-version=\"14\" style=\" background:#FFF; border:0; border-radius:3px; box-shadow:0 0 1px 0 rgba(0,0,0,0.5),0 1px 10px 0 rgba(0,0,0,0.15); margin: 1px; max-width:540px; min-width:326px; padding:0; width:99.375%; width:-webkit-calc(100% - 2px); width:calc(100% - 2px);\"><div style=\"padding:16px;\"> <a href=\"https:\/\/www.instagram.com\/p\/BGH-eMUACQr\/?utm_source=ig_embed&amp;utm_campaign=loading\" style=\" background:#FFFFFF; line-height:0; padding:0 0; text-align:center; text-decoration:none; width:100%;\" target=\"_blank\" rel=\"noopener\"> <div style=\" display: flex; flex-direction: row; align-items: center;\"> <div style=\"background-color: #F4F4F4; border-radius: 50%; flex-grow: 0; height: 40px; margin-right: 14px; width: 40px;\"><\/div> <div style=\"display: flex; flex-direction: column; flex-grow: 1; justify-content: center;\"> <div style=\" background-color: #F4F4F4; border-radius: 4px; flex-grow: 0; height: 14px; margin-bottom: 6px; width: 100px;\"><\/div> <div style=\" background-color: #F4F4F4; border-radius: 4px; flex-grow: 0; height: 14px; width: 60px;\"><\/div><\/div><\/div><div style=\"padding: 19% 0;\"><\/div> <div style=\"display:block; height:50px; margin:0 auto 12px; width:50px;\"><svg width=\"50px\" height=\"50px\" viewBox=\"0 0 60 60\" version=\"1.1\" xmlns=\"https:\/\/www.w3.org\/2000\/svg\" xmlns:xlink=\"https:\/\/www.w3.org\/1999\/xlink\"><g stroke=\"none\" stroke-width=\"1\" fill=\"none\" fill-rule=\"evenodd\"><g transform=\"translate(-511.000000, -20.000000)\" fill=\"#000000\"><g><path d=\"M556.869,30.41 C554.814,30.41 553.148,32.076 553.148,34.131 C553.148,36.186 554.814,37.852 556.869,37.852 C558.924,37.852 560.59,36.186 560.59,34.131 C560.59,32.076 558.924,30.41 556.869,30.41 M541,60.657 C535.114,60.657 530.342,55.887 530.342,50 C530.342,44.114 535.114,39.342 541,39.342 C546.887,39.342 551.658,44.114 551.658,50 C551.658,55.887 546.887,60.657 541,60.657 M541,33.886 C532.1,33.886 524.886,41.1 524.886,50 C524.886,58.899 532.1,66.113 541,66.113 C549.9,66.113 557.115,58.899 557.115,50 C557.115,41.1 549.9,33.886 541,33.886 M565.378,62.101 C565.244,65.022 564.756,66.606 564.346,67.663 C563.803,69.06 563.154,70.057 562.106,71.106 C561.058,72.155 560.06,72.803 558.662,73.347 C557.607,73.757 556.021,74.244 553.102,74.378 C549.944,74.521 548.997,74.552 541,74.552 C533.003,74.552 532.056,74.521 528.898,74.378 C525.979,74.244 524.393,73.757 523.338,73.347 C521.94,72.803 520.942,72.155 519.894,71.106 C518.846,70.057 518.197,69.06 517.654,67.663 C517.244,66.606 516.755,65.022 516.623,62.101 C516.479,58.943 516.448,57.996 516.448,50 C516.448,42.003 516.479,41.056 516.623,37.899 C516.755,34.978 517.244,33.391 517.654,32.338 C518.197,30.938 518.846,29.942 519.894,28.894 C520.942,27.846 521.94,27.196 523.338,26.654 C524.393,26.244 525.979,25.756 528.898,25.623 C532.057,25.479 533.004,25.448 541,25.448 C548.997,25.448 549.943,25.479 553.102,25.623 C556.021,25.756 557.607,26.244 558.662,26.654 C560.06,27.196 561.058,27.846 562.106,28.894 C563.154,29.942 563.803,30.938 564.346,32.338 C564.756,33.391 565.244,34.978 565.378,37.899 C565.522,41.056 565.552,42.003 565.552,50 C565.552,57.996 565.522,58.943 565.378,62.101 M570.82,37.631 C570.674,34.438 570.167,32.258 569.425,30.349 C568.659,28.377 567.633,26.702 565.965,25.035 C564.297,23.368 562.623,22.342 560.652,21.575 C558.743,20.834 556.562,20.326 553.369,20.18 C550.169,20.033 549.148,20 541,20 C532.853,20 531.831,20.033 528.631,20.18 C525.438,20.326 523.257,20.834 521.349,21.575 C519.376,22.342 517.703,23.368 516.035,25.035 C514.368,26.702 513.342,28.377 512.574,30.349 C511.834,32.258 511.326,34.438 511.181,37.631 C511.035,40.831 511,41.851 511,50 C511,58.147 511.035,59.17 511.181,62.369 C511.326,65.562 511.834,67.743 512.574,69.651 C513.342,71.625 514.368,73.296 516.035,74.965 C517.703,76.634 519.376,77.658 521.349,78.425 C523.257,79.167 525.438,79.673 528.631,79.82 C531.831,79.965 532.853,80.001 541,80.001 C549.148,80.001 550.169,79.965 553.369,79.82 C556.562,79.673 558.743,79.167 560.652,78.425 C562.623,77.658 564.297,76.634 565.965,74.965 C567.633,73.296 568.659,71.625 569.425,69.651 C570.167,67.743 570.674,65.562 570.82,62.369 C570.966,59.17 571,58.147 571,50 C571,41.851 570.966,40.831 570.82,37.631\"><\/path><\/g><\/g><\/g><\/svg><\/div><div style=\"padding-top: 8px;\"> <div style=\" color:#3897f0; font-family:Arial,sans-serif; font-size:14px; font-style:normal; font-weight:550; line-height:18px;\">A bejegyz\u00e9s megtekint\u00e9se az Instagramon<\/div><\/div><div style=\"padding: 12.5% 0;\"><\/div> <div style=\"display: flex; flex-direction: row; margin-bottom: 14px; align-items: center;\"><div> <div style=\"background-color: #F4F4F4; border-radius: 50%; height: 12.5px; width: 12.5px; transform: translateX(0px) translateY(7px);\"><\/div> <div style=\"background-color: #F4F4F4; height: 12.5px; transform: rotate(-45deg) translateX(3px) translateY(1px); width: 12.5px; flex-grow: 0; margin-right: 14px; margin-left: 2px;\"><\/div> <div style=\"background-color: #F4F4F4; border-radius: 50%; height: 12.5px; width: 12.5px; transform: translateX(9px) translateY(-18px);\"><\/div><\/div><div style=\"margin-left: 8px;\"> <div style=\" background-color: #F4F4F4; border-radius: 50%; flex-grow: 0; height: 20px; width: 20px;\"><\/div> <div style=\" width: 0; height: 0; border-top: 2px solid transparent; border-left: 6px solid #f4f4f4; border-bottom: 2px solid transparent; transform: translateX(16px) translateY(-4px) rotate(30deg)\"><\/div><\/div><div style=\"margin-left: auto;\"> <div style=\" width: 0px; border-top: 8px solid #F4F4F4; border-right: 8px solid transparent; transform: translateY(16px);\"><\/div> <div style=\" background-color: #F4F4F4; flex-grow: 0; height: 12px; width: 16px; transform: translateY(-4px);\"><\/div> <div style=\" width: 0; height: 0; border-top: 8px solid #F4F4F4; border-left: 8px solid transparent; transform: translateY(-4px) translateX(8px);\"><\/div><\/div><\/div> <div style=\"display: flex; flex-direction: column; flex-grow: 1; justify-content: center; margin-bottom: 24px;\"> <div style=\" background-color: #F4F4F4; border-radius: 4px; flex-grow: 0; height: 14px; margin-bottom: 6px; width: 224px;\"><\/div> <div style=\" background-color: #F4F4F4; border-radius: 4px; flex-grow: 0; height: 14px; width: 144px;\"><\/div><\/div><\/a><p style=\" color:#c9c8cd; font-family:Arial,sans-serif; font-size:14px; line-height:17px; margin-bottom:0; margin-top:8px; overflow:hidden; padding:8px 0 7px; text-align:center; text-overflow:ellipsis; white-space:nowrap;\"><a href=\"https:\/\/www.instagram.com\/p\/BGH-eMUACQr\/?utm_source=ig_embed&amp;utm_campaign=loading\" style=\" color:#c9c8cd; font-family:Arial,sans-serif; font-size:14px; font-style:normal; font-weight:normal; line-height:17px; text-decoration:none;\" target=\"_blank\" rel=\"noopener\">Archaeology Magazine (@archaeologymagazine) \u00e1ltal megosztott bejegyz\u00e9s<\/a><\/p><\/div><\/blockquote> <script async=\"\" src=\"\/\/www.instagram.com\/embed.js\"><\/script>\n\n\n\n<p>Ezek a lyukak a <a href=\"http:\/\/en.wikipedia.org\/wiki\/Band_of_Holes\" target=\"_blank\" rel=\"noreferrer noopener\">Google T\u00e9rk\u00e9pen<\/a> is l\u00e1that\u00f3k: Peru \u00e9szaki r\u00e9sz\u00e9t\u0151l d\u00e9l fel\u00e9 haladnak. A r\u00e9g\u00e9szek \u00fagy v\u00e9lik, hogy a lyukakat arra haszn\u00e1lt\u00e1k az inka emberek, hogy elrejts\u00e9k az \u00e9lelmiszereket akkor, amikor ad\u00f3t kellett \u00e9rt\u00fck fizetni\u00fck.<\/p>\n<\/div>\n\n\n\n<div class=\"wp-block-buzzeditor-list-item\"><h3 class=\"be-list-item-title\"><span style=\"color:;background-color:;border-color:\" class=\"be-list-item-number\">7<\/span> <span style=\"color:;background-color:;border-color:\" class=\"be-list-item-text\">G\u00f6rbe erd\u0151.<\/span><\/h3>\n<figure class=\"wp-block-image size-full\"><img loading=\"lazy\" width=\"728\" height=\"546\" src=\"https:\/\/liked.hu\/old\/wp-content\/uploads\/2023\/11\/Erdekes-tenyek-015.webp\" alt=\"\u00c9rdekes t\u00e9nyek 015\" class=\"wp-image-314826\"\/><figcaption><a href=\"https:\/\/commons.wikimedia.org\/wiki\/Category:Krzywy_Las_(Nowe_Czarnowo)#\/media\/File:Krzywy_Las_-_Nowe_Czarnowo_2.JPG\" target=\"_blank\" rel=\"noreferrer noopener\">\u00a9&nbsp;Rzuwig \/ Wikimedia Commons<\/a>,&nbsp;<a href=\"https:\/\/creativecommons.org\/licenses\/by-sa\/3.0\" target=\"_blank\" rel=\"noreferrer noopener\">\u00a9&nbsp;CC BY-SA 3.0<\/a><\/figcaption><\/figure>\n\n\n\n<p><a href=\"http:\/\/en.wikipedia.org\/wiki\/Crooked_Forest\" target=\"_blank\" rel=\"noreferrer noopener\">Ez az erd\u0151<\/a> Lengyelorsz\u00e1gt\u00f3l nyugatra tal\u00e1lhat\u00f3, nem messze Gryfin\u00f3t\u00f3l. Az ott tal\u00e1lhat\u00f3 f\u00e1k valami\u00e9rt g\u00f6rb\u00e9n n\u0151nek, \u00e9s ennek okait m\u00e9g ma sem \u00e9rtj\u00fck pontosan. T\u00f6bb elm\u00e9let is l\u00e9tezik: az egyik szerint a f\u00e1kat a sz\u00e9l vagy egy h\u00f3vihar g\u00f6rb\u00edtette meg, vagy tal\u00e1n az emberek sz\u00e1nd\u00e9kosan tett\u00e9k ilyenn\u00e9, r\u00e9gen, amikor a f\u00e1kat \u00fcltett\u00e9k.<\/p>\n<\/div>\n\n\n\n<!--nextpage-->\n\n\n\n<div class=\"wp-block-buzzeditor-list-item\"><h3 class=\"be-list-item-title\"><span style=\"color:;background-color:;border-color:\" class=\"be-list-item-number\">6<\/span> <span style=\"color:;background-color:;border-color:\" class=\"be-list-item-text\">R\u00e9gen a F\u00f6ld lila lehetett.<\/span><\/h3>\n<figure class=\"wp-block-image size-full\"><img loading=\"lazy\" width=\"728\" height=\"457\" src=\"https:\/\/liked.hu\/old\/wp-content\/uploads\/2023\/11\/Erdekes-tenyek-016.webp\" alt=\"\u00c9rdekes t\u00e9nyek 016\" class=\"wp-image-314827\"\/><figcaption>\u00a9 NASA<\/figcaption><\/figure>\n\n\n\n<p>Egyes tud\u00f3sok <a href=\"http:\/\/www.livescience.com\/1398-early-earth-purple-study-suggests.html\" target=\"_blank\" rel=\"noreferrer noopener\">meg vannak gy\u0151z\u0151dve<\/a> arr\u00f3l, hogy a m\u00faltban a n\u00f6v\u00e9nyekben a klorofill helyett (ami z\u00f6ldd\u00e9 teszi a n\u00f6v\u00e9nyeket) egy teljesen m\u00e1s pigment volt megtal\u00e1lhat\u00f3. \u00c9s ez a pigment akkoriban val\u00f3sz\u00edn\u0171leg lil\u00e1ss\u00e1 tette a n\u00f6v\u00e9nyzetet.<\/p>\n<\/div>\n\n\n\n<div class=\"wp-block-buzzeditor-list-item\"><h3 class=\"be-list-item-title\"><span style=\"color:;background-color:;border-color:\" class=\"be-list-item-number\">5<\/span> <span style=\"color:;background-color:;border-color:\" class=\"be-list-item-text\">Afrika szeme.<\/span><\/h3>\n<figure class=\"wp-block-image size-full\"><img loading=\"lazy\" width=\"728\" height=\"636\" src=\"https:\/\/liked.hu\/old\/wp-content\/uploads\/2023\/11\/Erdekes-tenyek-014.webp\" alt=\"\u00c9rdekes t\u00e9nyek 014\" class=\"wp-image-314825\"\/><figcaption>\u00a9 NASA<\/figcaption><\/figure>\n\n\n\n<p>A <a href=\"https:\/\/hu.wikipedia.org\/wiki\/Richat-k%C3%A9pz%C5%91dm%C3%A9ny\" target=\"_blank\" rel=\"noreferrer noopener\">Richat-k\u00e9pz\u0151dm\u00e9ny<\/a> (m\u00e1s n\u00e9ven Afrika szeme) olyan hatalmas, hogy a F\u00f6ld k\u00f6r\u00fcli p\u00e1ly\u00e1n tart\u00f3zkod\u00f3 \u0171rhaj\u00f3sok navig\u00e1ci\u00f3k\u00e9nt haszn\u00e1lj\u00e1k. B\u00e1r a Richat egy kr\u00e1ternek t\u0171nik, a tud\u00f3sok szerint m\u00e1s m\u00f3don alakult ki: val\u00f3sz\u00edn\u0171leg er\u00f3zi\u00f3val.<\/p>\n<\/div>\n\n\n\n<div class=\"wp-block-buzzeditor-list-item\"><h3 class=\"be-list-item-title\"><span style=\"color:;background-color:;border-color:\" class=\"be-list-item-number\">4<\/span> <span style=\"color:;background-color:;border-color:\" class=\"be-list-item-text\">S\u00e9t\u00e1l\u00f3 k\u00f6vek.<\/span><\/h3>\n<figure class=\"wp-block-image size-full\"><img loading=\"lazy\" width=\"728\" height=\"1090\" src=\"https:\/\/liked.hu\/old\/wp-content\/uploads\/2023\/11\/Erdekes-tenyek-013.webp\" alt=\"\u00c9rdekes t\u00e9nyek 013\" class=\"wp-image-314824\"\/><figcaption><a href=\"https:\/\/en.wikipedia.org\/wiki\/Sailing_stones#\/media\/File:Sliding-Rocks-on-Racetrack-Playa-Death-Valley-National-Park-First-Observation-of-Rocks-in-Motion-pone.0105948.g004.jpg\" target=\"_blank\" rel=\"noreferrer noopener\">\u00a9&nbsp;Norris R, Norris J, Lorenz R, Ray J, Jackson B \/ Wikimedia Commons<\/a>,&nbsp;<a href=\"https:\/\/creativecommons.org\/licenses\/by\/4.0\" target=\"_blank\" rel=\"noreferrer noopener\">\u00a9&nbsp;CC BY 4.0<\/a><\/figcaption><\/figure>\n\n\n\n<p>A kaliforniai Hal\u00e1lv\u00f6lgyben (USA) l\u00e9tezik egy jelens\u00e9g, amit <a href=\"http:\/\/en.wikipedia.org\/wiki\/Sailing_stones\" target=\"_blank\" rel=\"noreferrer noopener\">s\u00e9t\u00e1l\u00f3 szikl\u00e1k<\/a> n\u00e9ven emlegetnek. Ezen a helyen ugyanis \u00fagy t\u0171nik, mintha a szikl\u00e1k egyik helyr\u0151l a m\u00e1sikra mozogn\u00e1nak. A tud\u00f3sok \u00fagy v\u00e9lik, hogy ennek oka az \u00e9jszakai fagypont alatti h\u0151m\u00e9rs\u00e9klet miatt keletkez\u0151 v\u00e9kony j\u00e9gr\u00e9tegben \u00e9s az er\u0151s sz\u00e9lben keresend\u0151.<\/p>\n\n\n\n\n<div style=\"float:none;margin:0px 0 0px 0;text-align:center;\">\n<div class=\"mobileHideke8\"><div class=\"hirdeteshatter\"><div style=\"display: inline-block;width: 50%;min-width:340px;vertical-align: top;\"><div class=\"hirdetes\">HIRDET\u00c9S<\/div>\n<!-- LikedQ81 -->\n<ins class=\"adsbygoogle\"\n     style=\"display:inline-block;width:336px;height:280px\"\n     data-ad-client=\"ca-pub-9424088931673893\"\n     data-ad-slot=\"2436840276\"><\/ins>\n<script async>\n     (adsbygoogle = window.adsbygoogle || []).push({});\n<\/script><\/div><div style=\"display: inline-block;width: 50%;min-width:340px;vertical-align: top;\"><div class=\"hirdetes\">HIRDET\u00c9S<\/div>\n<!-- LikedQ82 -->\n<ins class=\"adsbygoogle\"\n     style=\"display:inline-block;width:336px;height:280px\"\n     data-ad-client=\"ca-pub-9424088931673893\"\n     data-ad-slot=\"3558350253\"><\/ins>\n<script async>\n     (adsbygoogle = window.adsbygoogle || []).push({});\n<\/script><\/div><\/div><\/div>\n<div style=\"display:flex;flex-direction:column;\"><div class=\"mobileShowka8 nyolc\"><div style=\"padding-top:15px;padding-bottom:5px;min-height: 300px;\"><div class=\"hirdetes\">HIRDET\u00c9S<\/div>\n<!-- LikedQ8M -->\n<ins class=\"adsbygoogle\"\n     style=\"display:inline-block;width:336px;height:280px\"\n     data-ad-client=\"ca-pub-9424088931673893\"\n     data-ad-slot=\"4679860235\"><\/ins>\n<script async>\n     (adsbygoogle = window.adsbygoogle || []).push({});\n<\/script><\/div><\/div><\/div><\/div>\n\n<\/div>\n\n\n\n<div class=\"wp-block-buzzeditor-list-item\"><h3 class=\"be-list-item-title\"><span style=\"color:;background-color:;border-color:\" class=\"be-list-item-number\">3<\/span> <span style=\"color:;background-color:;border-color:\" class=\"be-list-item-text\">\u00c9rintetlen emberek.<\/span><\/h3>\n<figure class=\"wp-block-image size-full\"><img loading=\"lazy\" width=\"728\" height=\"545\" src=\"https:\/\/liked.hu\/old\/wp-content\/uploads\/2023\/11\/Erdekes-tenyek-012.webp\" alt=\"\u00c9rdekes t\u00e9nyek 012\" class=\"wp-image-314823\"\/><figcaption><a href=\"https:\/\/commons.wikimedia.org\/wiki\/File:Maasai_tribe.jpg\" target=\"_blank\" rel=\"noreferrer noopener\">\u00a9&nbsp;Wikimedia Commons<\/a>,&nbsp;<a href=\"https:\/\/creativecommons.org\/licenses\/by-sa\/3.0\/deed.en\" target=\"_blank\" rel=\"noreferrer noopener\">\u00a9&nbsp;CC BY-SA 3.0<\/a><\/figcaption><\/figure>\n\n\n\n<p>A F\u00f6ld\u00f6n sz\u00e1mos <a href=\"http:\/\/en.wikipedia.org\/wiki\/Uncontacted_peoples\" target=\"_blank\" rel=\"noreferrer noopener\">olyan t\u00f6rzs<\/a> tal\u00e1lhat\u00f3, ami a civiliz\u00e1ci\u00f3t\u00f3l elk\u00fcl\u00f6n\u00fclten \u00e9l a vil\u00e1g k\u00fcl\u00f6nb\u00f6z\u0151 r\u00e9szein, \u00e9s nem \u00e9rintkezik m\u00e1s emberekkel. Nem sok inform\u00e1ci\u00f3t tudunk r\u00f3luk, \u00e9s f\u00e9nyk\u00e9pet is neh\u00e9z r\u00f3luk k\u00e9sz\u00edteni. N\u00e9h\u00e1ny t\u00f6rzs nagyon ellens\u00e9ges az idegenekkel szemben, \u00e9s szinte lehetetlen kapcsolatba l\u00e9pni vel\u00fck.<\/p>\n<\/div>\n\n\n\n<div class=\"wp-block-buzzeditor-list-item\"><h3 class=\"be-list-item-title\"><span style=\"color:;background-color:;border-color:\" class=\"be-list-item-number\">2<\/span> <span style=\"color:;background-color:;border-color:\" class=\"be-list-item-text\">V\u00e9res\u00e9sek az Antarktiszon.<\/span><\/h3>\n<figure class=\"wp-block-image size-full\"><img loading=\"lazy\" width=\"728\" height=\"427\" src=\"https:\/\/liked.hu\/old\/wp-content\/uploads\/2023\/11\/Erdekes-tenyek-011.webp\" alt=\"\u00c9rdekes t\u00e9nyek 011\" class=\"wp-image-314822\"\/><figcaption><a href=\"https:\/\/en.wikipedia.org\/wiki\/Blood_Falls#\/media\/File:Blood_Falls_by_Peter_Rejcek.jpg\" target=\"_blank\" rel=\"noreferrer noopener\">\u00a9&nbsp;National Science Foundation\/Peter Rejcek \/ Wikimedia Commons<\/a><\/figcaption><\/figure>\n\n\n\n<p>Az Antarktiszon van egy <a href=\"http:\/\/en.wikipedia.org\/wiki\/Blood_Falls\" target=\"_blank\" rel=\"noreferrer noopener\">v\u00edzes\u00e9s<\/a>, \u00e9s ez nem egy \u00e1tlagos v\u00edzes\u00e9s, hanem rendk\u00edv\u00fcl s\u00f3s \u00e9s piros sz\u00edn\u0171, ez\u00e9rt a &#8222;v\u00e9res\u00e9s&#8221; nevet kapta. A v\u00edz piross\u00e1g\u00e1t a benne l\u00e9v\u0151 hatalmas mennyis\u00e9g\u0171 vas okozza. A v\u00edzes\u00e9s forr\u00e1sa pedig egy \u0151si s\u00f3s t\u00f3, amit 400 m\u00e9ter vastag j\u00e9gr\u00e9teg bor\u00edt. A tud\u00f3sok meg\u00e1llap\u00edtott\u00e1k, hogy a t\u00f3ban olyan mikroorganizmusok \u00e9lnek, amik m\u00e1ig ismeretlen m\u00f3don, napf\u00e9ny n\u00e9lk\u00fcl jutnak energi\u00e1hoz.<\/p>\n<\/div>\n\n\n\n<div class=\"wp-block-buzzeditor-list-item\"><h3 class=\"be-list-item-title\"><span style=\"color:;background-color:;border-color:\" class=\"be-list-item-number\">1<\/span> <span style=\"color:;background-color:;border-color:\" class=\"be-list-item-text\">A legr\u00e9gebbi v\u00edzell\u00e1t\u00f3 rendszer.<\/span><\/h3>\n<figure class=\"wp-block-image size-full\"><img loading=\"lazy\" width=\"728\" height=\"500\" src=\"https:\/\/liked.hu\/old\/wp-content\/uploads\/2023\/11\/Erdekes-tenyek-010.webp\" alt=\"\u00c9rdekes t\u00e9nyek 010\" class=\"wp-image-314821\"\/><figcaption><a href=\"https:\/\/commons.wikimedia.org\/wiki\/File:Khettara_P2160626.jpg\" target=\"_blank\" rel=\"noreferrer noopener\">\u00a9&nbsp;Marokko-erfahren \/ Wikimedia Commons<\/a>,&nbsp;<a href=\"https:\/\/creativecommons.org\/licenses\/by-sa\/4.0\/deed.en\" target=\"_blank\" rel=\"noreferrer noopener\">\u00a9&nbsp;CC BY-SA 4.0<\/a>,&nbsp;<a href=\"https:\/\/commons.wikimedia.org\/wiki\/File:Puits_de_creusement_et_de_maintenance_d%27un_qanat_en_Iran.jpg\" target=\"_blank\" rel=\"noreferrer noopener\">\u00a9&nbsp;Payam Azadi \/ Wikimedia Commons<\/a>,&nbsp;<a href=\"https:\/\/creativecommons.org\/licenses\/by-sa\/4.0\/deed.en\" target=\"_blank\" rel=\"noreferrer noopener\">\u00a9&nbsp;CC BY-SA 4.0<\/a><\/figcaption><\/figure>\n\n\n\n<p>Ezeket a lyukakat <a href=\"https:\/\/en.wikipedia.org\/wiki\/Qanat\" target=\"_blank\" rel=\"noreferrer noopener\">Qanatnak<\/a> nevezik &#8211; ez egy \u0151si perzsa v\u00edzell\u00e1t\u00f3 rendszer. Az eg\u00e9sz alapja egy f\u00f6ldalatti csatorna volt, amib\u0151l az emberek vizet ittak, vagy a n\u00f6v\u00e9nyeiket locsolt\u00e1k. Gondolj csak bele: k\u00f6r\u00fclbel\u00fcl 3000 \u00e9vvel ezel\u0151tt k\u00e9sz\u00edtett\u00e9k!<\/p>\n\n\n\n<p class=\"has-text-align-center\"><strong>T\u00e9ged melyik t\u00e9ny lepett meg legink\u00e1bb? Esetleg ismersz m\u00e9g hasonl\u00f3 \u00e9rdekess\u00e9geket a F\u00f6ldr\u0151l? Mes\u00e9ld el nek\u00fcnk hozz\u00e1sz\u00f3l\u00e1sban!<\/strong><\/p>\n<\/div>\n<\/div>\n","protected":false},"excerpt":{"rendered":"<p>Ilyenkor l\u00e1tni csak igaz\u00e1n, hogy m\u00e9g mindig mennyi mindent nem tudunk a F\u00f6ldr\u0151l.<\/p>\n","protected":false},"author":13,"featured_media":314819,"comment_status":"open","ping_status":"closed","sticky":false,"template":"","format":"standard","meta":{"buzzeditor_post_format":""},"categories":[23],"tags":[5823,2569],"yoast_head":"<!-- This site is optimized with the Yoast SEO plugin v19.6.1 - https:\/\/yoast.com\/wordpress\/plugins\/seo\/ -->\n<title>13 &quot;wow&quot; t\u00e9ny a vil\u00e1gr\u00f3l, amit csak nagyon kevesen ismernek<\/title>\n<meta name=\"description\" content=\"Ilyenkor l\u00e1tni csak igaz\u00e1n, hogy m\u00e9g mindig mennyi mindent nem tudunk a F\u00f6ldr\u0151l.\" \/>\n<meta name=\"robots\" content=\"index, follow, max-snippet:-1, max-image-preview:large, max-video-preview:-1\" \/>\n<link rel=\"canonical\" href=\"https:\/\/liked.hu\/old\/erdekes\/13-wow-teny-a-vilagrol-amit-csak-nagyon-kevesen-ismernek\/\" \/>\n<link rel=\"next\" href=\"https:\/\/liked.hu\/old\/erdekes\/13-wow-teny-a-vilagrol-amit-csak-nagyon-kevesen-ismernek\/2\/\" \/>\n<meta property=\"og:locale\" content=\"hu_HU\" \/>\n<meta property=\"og:type\" content=\"article\" \/>\n<meta property=\"og:title\" content=\"13 &quot;wow&quot; t\u00e9ny a vil\u00e1gr\u00f3l, amit csak nagyon kevesen ismernek\" \/>\n<meta property=\"og:description\" content=\"Ilyenkor l\u00e1tni csak igaz\u00e1n, hogy m\u00e9g mindig mennyi mindent nem tudunk a F\u00f6ldr\u0151l.\" \/>\n<meta property=\"og:url\" content=\"https:\/\/liked.hu\/old\/erdekes\/13-wow-teny-a-vilagrol-amit-csak-nagyon-kevesen-ismernek\/\" \/>\n<meta property=\"og:site_name\" content=\"Liked.hu\" \/>\n<meta property=\"article:publisher\" content=\"https:\/\/www.facebook.com\/liked.hu\" \/>\n<meta property=\"article:published_time\" content=\"2023-11-02T18:56:42+00:00\" \/>\n<meta property=\"article:modified_time\" content=\"2023-11-02T18:58:50+00:00\" \/>\n<meta property=\"og:image\" content=\"https:\/\/liked.hu\/old\/wp-content\/uploads\/2023\/11\/Wow-tenyek.jpg\" \/>\n\t<meta property=\"og:image:width\" content=\"1200\" \/>\n\t<meta property=\"og:image:height\" content=\"630\" \/>\n\t<meta property=\"og:image:type\" content=\"image\/jpeg\" \/>\n<meta name=\"author\" content=\"Klingstrom\" \/>\n<meta name=\"twitter:card\" content=\"summary\" \/>\n<meta name=\"twitter:creator\" content=\"@LikedHu\" \/>\n<meta name=\"twitter:site\" content=\"@LikedHu\" \/>\n<meta name=\"twitter:label1\" content=\"Szerz\u0151:\" \/>\n\t<meta name=\"twitter:data1\" content=\"Klingstrom\" \/>\n\t<meta name=\"twitter:label2\" content=\"Becs\u00fclt olvas\u00e1si id\u0151\" \/>\n\t<meta name=\"twitter:data2\" content=\"6 perc\" \/>\n<script type=\"application\/ld+json\" class=\"yoast-schema-graph\">{\"@context\":\"https:\/\/schema.org\",\"@graph\":[{\"@type\":\"Article\",\"@id\":\"https:\/\/liked.hu\/old\/erdekes\/13-wow-teny-a-vilagrol-amit-csak-nagyon-kevesen-ismernek\/#article\",\"isPartOf\":{\"@id\":\"https:\/\/liked.hu\/old\/erdekes\/13-wow-teny-a-vilagrol-amit-csak-nagyon-kevesen-ismernek\/\"},\"author\":{\"name\":\"Klingstrom\",\"@id\":\"https:\/\/liked.hu\/old\/#\/schema\/person\/1c8d3f8764991e8dcd6572a7de72da8a\"},\"headline\":\"13 &#8222;wow&#8221; t\u00e9ny a vil\u00e1gr\u00f3l, amit csak nagyon kevesen ismernek\",\"datePublished\":\"2023-11-02T18:56:42+00:00\",\"dateModified\":\"2023-11-02T18:58:50+00:00\",\"mainEntityOfPage\":{\"@id\":\"https:\/\/liked.hu\/old\/erdekes\/13-wow-teny-a-vilagrol-amit-csak-nagyon-kevesen-ismernek\/\"},\"wordCount\":1212,\"commentCount\":0,\"publisher\":{\"@id\":\"https:\/\/liked.hu\/old\/#organization\"},\"keywords\":[\"Ma tudtam meg!\",\"t\u00e9nyek\"],\"articleSection\":[\"\u00c9rdekess\u00e9gek\"],\"inLanguage\":\"hu\",\"potentialAction\":[{\"@type\":\"CommentAction\",\"name\":\"Comment\",\"target\":[\"https:\/\/liked.hu\/old\/erdekes\/13-wow-teny-a-vilagrol-amit-csak-nagyon-kevesen-ismernek\/#respond\"]}]},{\"@type\":\"WebPage\",\"@id\":\"https:\/\/liked.hu\/old\/erdekes\/13-wow-teny-a-vilagrol-amit-csak-nagyon-kevesen-ismernek\/\",\"url\":\"https:\/\/liked.hu\/old\/erdekes\/13-wow-teny-a-vilagrol-amit-csak-nagyon-kevesen-ismernek\/\",\"name\":\"13 \\\"wow\\\" t\u00e9ny a vil\u00e1gr\u00f3l, amit csak nagyon kevesen ismernek\",\"isPartOf\":{\"@id\":\"https:\/\/liked.hu\/old\/#website\"},\"datePublished\":\"2023-11-02T18:56:42+00:00\",\"dateModified\":\"2023-11-02T18:58:50+00:00\",\"description\":\"Ilyenkor l\u00e1tni csak igaz\u00e1n, hogy m\u00e9g mindig mennyi mindent nem tudunk a F\u00f6ldr\u0151l.\",\"breadcrumb\":{\"@id\":\"https:\/\/liked.hu\/old\/erdekes\/13-wow-teny-a-vilagrol-amit-csak-nagyon-kevesen-ismernek\/#breadcrumb\"},\"inLanguage\":\"hu\",\"potentialAction\":[{\"@type\":\"ReadAction\",\"target\":[\"https:\/\/liked.hu\/old\/erdekes\/13-wow-teny-a-vilagrol-amit-csak-nagyon-kevesen-ismernek\/\"]}]},{\"@type\":\"BreadcrumbList\",\"@id\":\"https:\/\/liked.hu\/old\/erdekes\/13-wow-teny-a-vilagrol-amit-csak-nagyon-kevesen-ismernek\/#breadcrumb\",\"itemListElement\":[{\"@type\":\"ListItem\",\"position\":1,\"name\":\"Kezd\u0151lap\"}]},{\"@type\":\"WebSite\",\"@id\":\"https:\/\/liked.hu\/old\/#website\",\"url\":\"https:\/\/liked.hu\/old\/\",\"name\":\"Liked.hu\",\"description\":\"\",\"publisher\":{\"@id\":\"https:\/\/liked.hu\/old\/#organization\"},\"potentialAction\":[{\"@type\":\"SearchAction\",\"target\":{\"@type\":\"EntryPoint\",\"urlTemplate\":\"https:\/\/liked.hu\/old\/?s={search_term_string}\"},\"query-input\":\"required name=search_term_string\"}],\"inLanguage\":\"hu\"},{\"@type\":\"Organization\",\"@id\":\"https:\/\/liked.hu\/old\/#organization\",\"name\":\"Liked.hu\",\"url\":\"https:\/\/liked.hu\/old\/\",\"sameAs\":[\"https:\/\/hu.pinterest.com\/likedhungary\/\",\"https:\/\/www.youtube.com\/channel\/UCPv91dbMoIukYcM9b9nHN6Q\",\"https:\/\/www.facebook.com\/liked.hu\",\"https:\/\/twitter.com\/LikedHu\"],\"logo\":{\"@type\":\"ImageObject\",\"inLanguage\":\"hu\",\"@id\":\"https:\/\/liked.hu\/old\/#\/schema\/logo\/image\/\",\"url\":\"https:\/\/liked.hu\/wp-content\/uploads\/2018\/08\/Liked-icon.png\",\"contentUrl\":\"https:\/\/liked.hu\/wp-content\/uploads\/2018\/08\/Liked-icon.png\",\"width\":512,\"height\":512,\"caption\":\"Liked.hu\"},\"image\":{\"@id\":\"https:\/\/liked.hu\/old\/#\/schema\/logo\/image\/\"}},{\"@type\":\"Person\",\"@id\":\"https:\/\/liked.hu\/old\/#\/schema\/person\/1c8d3f8764991e8dcd6572a7de72da8a\",\"name\":\"Klingstrom\",\"image\":{\"@type\":\"ImageObject\",\"inLanguage\":\"hu\",\"@id\":\"https:\/\/liked.hu\/old\/#\/schema\/person\/image\/\",\"url\":\"https:\/\/liked.hu\/old\/wp-content\/uploads\/avatars\/13\/604de88bd578a-bpfull.jpg\",\"contentUrl\":\"https:\/\/liked.hu\/old\/wp-content\/uploads\/avatars\/13\/604de88bd578a-bpfull.jpg\",\"caption\":\"Klingstrom\"},\"url\":\"https:\/\/liked.hu\/old\/u\/klingstrom\/\"}]}<\/script>\n<!-- \/ Yoast SEO plugin. -->","yoast_head_json":{"title":"13 \"wow\" t\u00e9ny a vil\u00e1gr\u00f3l, amit csak nagyon kevesen ismernek","description":"Ilyenkor l\u00e1tni csak igaz\u00e1n, hogy m\u00e9g mindig mennyi mindent nem tudunk a F\u00f6ldr\u0151l.","robots":{"index":"index","follow":"follow","max-snippet":"max-snippet:-1","max-image-preview":"max-image-preview:large","max-video-preview":"max-video-preview:-1"},"canonical":"https:\/\/liked.hu\/old\/erdekes\/13-wow-teny-a-vilagrol-amit-csak-nagyon-kevesen-ismernek\/","next":"https:\/\/liked.hu\/old\/erdekes\/13-wow-teny-a-vilagrol-amit-csak-nagyon-kevesen-ismernek\/2\/","og_locale":"hu_HU","og_type":"article","og_title":"13 \"wow\" t\u00e9ny a vil\u00e1gr\u00f3l, amit csak nagyon kevesen ismernek","og_description":"Ilyenkor l\u00e1tni csak igaz\u00e1n, hogy m\u00e9g mindig mennyi mindent nem tudunk a F\u00f6ldr\u0151l.","og_url":"https:\/\/liked.hu\/old\/erdekes\/13-wow-teny-a-vilagrol-amit-csak-nagyon-kevesen-ismernek\/","og_site_name":"Liked.hu","article_publisher":"https:\/\/www.facebook.com\/liked.hu","article_published_time":"2023-11-02T18:56:42+00:00","article_modified_time":"2023-11-02T18:58:50+00:00","og_image":[{"width":1200,"height":630,"url":"https:\/\/liked.hu\/old\/wp-content\/uploads\/2023\/11\/Wow-tenyek.jpg","type":"image\/jpeg"}],"author":"Klingstrom","twitter_card":"summary","twitter_creator":"@LikedHu","twitter_site":"@LikedHu","twitter_misc":{"Szerz\u0151:":"Klingstrom","Becs\u00fclt olvas\u00e1si id\u0151":"6 perc"},"schema":{"@context":"https:\/\/schema.org","@graph":[{"@type":"Article","@id":"https:\/\/liked.hu\/old\/erdekes\/13-wow-teny-a-vilagrol-amit-csak-nagyon-kevesen-ismernek\/#article","isPartOf":{"@id":"https:\/\/liked.hu\/old\/erdekes\/13-wow-teny-a-vilagrol-amit-csak-nagyon-kevesen-ismernek\/"},"author":{"name":"Klingstrom","@id":"https:\/\/liked.hu\/old\/#\/schema\/person\/1c8d3f8764991e8dcd6572a7de72da8a"},"headline":"13 &#8222;wow&#8221; t\u00e9ny a vil\u00e1gr\u00f3l, amit csak nagyon kevesen ismernek","datePublished":"2023-11-02T18:56:42+00:00","dateModified":"2023-11-02T18:58:50+00:00","mainEntityOfPage":{"@id":"https:\/\/liked.hu\/old\/erdekes\/13-wow-teny-a-vilagrol-amit-csak-nagyon-kevesen-ismernek\/"},"wordCount":1212,"commentCount":0,"publisher":{"@id":"https:\/\/liked.hu\/old\/#organization"},"keywords":["Ma tudtam meg!","t\u00e9nyek"],"articleSection":["\u00c9rdekess\u00e9gek"],"inLanguage":"hu","potentialAction":[{"@type":"CommentAction","name":"Comment","target":["https:\/\/liked.hu\/old\/erdekes\/13-wow-teny-a-vilagrol-amit-csak-nagyon-kevesen-ismernek\/#respond"]}]},{"@type":"WebPage","@id":"https:\/\/liked.hu\/old\/erdekes\/13-wow-teny-a-vilagrol-amit-csak-nagyon-kevesen-ismernek\/","url":"https:\/\/liked.hu\/old\/erdekes\/13-wow-teny-a-vilagrol-amit-csak-nagyon-kevesen-ismernek\/","name":"13 \"wow\" t\u00e9ny a vil\u00e1gr\u00f3l, amit csak nagyon kevesen ismernek","isPartOf":{"@id":"https:\/\/liked.hu\/old\/#website"},"datePublished":"2023-11-02T18:56:42+00:00","dateModified":"2023-11-02T18:58:50+00:00","description":"Ilyenkor l\u00e1tni csak igaz\u00e1n, hogy m\u00e9g mindig mennyi mindent nem tudunk a F\u00f6ldr\u0151l.","breadcrumb":{"@id":"https:\/\/liked.hu\/old\/erdekes\/13-wow-teny-a-vilagrol-amit-csak-nagyon-kevesen-ismernek\/#breadcrumb"},"inLanguage":"hu","potentialAction":[{"@type":"ReadAction","target":["https:\/\/liked.hu\/old\/erdekes\/13-wow-teny-a-vilagrol-amit-csak-nagyon-kevesen-ismernek\/"]}]},{"@type":"BreadcrumbList","@id":"https:\/\/liked.hu\/old\/erdekes\/13-wow-teny-a-vilagrol-amit-csak-nagyon-kevesen-ismernek\/#breadcrumb","itemListElement":[{"@type":"ListItem","position":1,"name":"Kezd\u0151lap"}]},{"@type":"WebSite","@id":"https:\/\/liked.hu\/old\/#website","url":"https:\/\/liked.hu\/old\/","name":"Liked.hu","description":"","publisher":{"@id":"https:\/\/liked.hu\/old\/#organization"},"potentialAction":[{"@type":"SearchAction","target":{"@type":"EntryPoint","urlTemplate":"https:\/\/liked.hu\/old\/?s={search_term_string}"},"query-input":"required name=search_term_string"}],"inLanguage":"hu"},{"@type":"Organization","@id":"https:\/\/liked.hu\/old\/#organization","name":"Liked.hu","url":"https:\/\/liked.hu\/old\/","sameAs":["https:\/\/hu.pinterest.com\/likedhungary\/","https:\/\/www.youtube.com\/channel\/UCPv91dbMoIukYcM9b9nHN6Q","https:\/\/www.facebook.com\/liked.hu","https:\/\/twitter.com\/LikedHu"],"logo":{"@type":"ImageObject","inLanguage":"hu","@id":"https:\/\/liked.hu\/old\/#\/schema\/logo\/image\/","url":"https:\/\/liked.hu\/wp-content\/uploads\/2018\/08\/Liked-icon.png","contentUrl":"https:\/\/liked.hu\/wp-content\/uploads\/2018\/08\/Liked-icon.png","width":512,"height":512,"caption":"Liked.hu"},"image":{"@id":"https:\/\/liked.hu\/old\/#\/schema\/logo\/image\/"}},{"@type":"Person","@id":"https:\/\/liked.hu\/old\/#\/schema\/person\/1c8d3f8764991e8dcd6572a7de72da8a","name":"Klingstrom","image":{"@type":"ImageObject","inLanguage":"hu","@id":"https:\/\/liked.hu\/old\/#\/schema\/person\/image\/","url":"https:\/\/liked.hu\/old\/wp-content\/uploads\/avatars\/13\/604de88bd578a-bpfull.jpg","contentUrl":"https:\/\/liked.hu\/old\/wp-content\/uploads\/avatars\/13\/604de88bd578a-bpfull.jpg","caption":"Klingstrom"},"url":"https:\/\/liked.hu\/old\/u\/klingstrom\/"}]}},"publishpress_future_action":{"enabled":false,"date":"1970-01-01 01:00:00","action":"","terms":[],"taxonomy":"","browser_timezone_offset":0},"_links":{"self":[{"href":"https:\/\/liked.hu\/old\/wp-json\/wp\/v2\/posts\/314818"}],"collection":[{"href":"https:\/\/liked.hu\/old\/wp-json\/wp\/v2\/posts"}],"about":[{"href":"https:\/\/liked.hu\/old\/wp-json\/wp\/v2\/types\/post"}],"author":[{"embeddable":true,"href":"https:\/\/liked.hu\/old\/wp-json\/wp\/v2\/users\/13"}],"replies":[{"embeddable":true,"href":"https:\/\/liked.hu\/old\/wp-json\/wp\/v2\/comments?post=314818"}],"version-history":[{"count":0,"href":"https:\/\/liked.hu\/old\/wp-json\/wp\/v2\/posts\/314818\/revisions"}],"wp:featuredmedia":[{"embeddable":true,"href":"https:\/\/liked.hu\/old\/wp-json\/wp\/v2\/media\/314819"}],"wp:attachment":[{"href":"https:\/\/liked.hu\/old\/wp-json\/wp\/v2\/media?parent=314818"}],"wp:term":[{"taxonomy":"category","embeddable":true,"href":"https:\/\/liked.hu\/old\/wp-json\/wp\/v2\/categories?post=314818"},{"taxonomy":"post_tag","embeddable":true,"href":"https:\/\/liked.hu\/old\/wp-json\/wp\/v2\/tags?post=314818"}],"curies":[{"name":"wp","href":"https:\/\/api.w.org\/{rel}","templated":true}]}}