{"id":313376,"date":"2024-04-17T03:07:09","date_gmt":"2024-04-17T02:07:09","guid":{"rendered":"https:\/\/liked.hu\/old\/?p=313376"},"modified":"2024-04-17T03:07:11","modified_gmt":"2024-04-17T02:07:11","slug":"a-14-legfurcsabb-szovjet-auto-amik-bizonyitjak-hogy-a-szovjetunio-autoipara-megsem-volt-olyan-unalmas","status":"publish","type":"post","link":"https:\/\/liked.hu\/old\/erdekes\/a-14-legfurcsabb-szovjet-auto-amik-bizonyitjak-hogy-a-szovjetunio-autoipara-megsem-volt-olyan-unalmas\/","title":{"rendered":"A 14 legfurcs\u00e1bb szovjet aut\u00f3, amik bizony\u00edtj\u00e1k, hogy a Szovjetuni\u00f3 aut\u00f3ipara m\u00e9gsem volt olyan unalmas"},"content":{"rendered":"\n<p>A Szovjetuni\u00f3 idej\u00e9n sz\u00e1mos egyedi \u00e9s eredeti aut\u00f3modell sz\u00fcletett, amelyek m\u00e9g mindig felkeltik a legnagyobb aut\u00f3rajong\u00f3k \u00e9rdekl\u0151d\u00e9s\u00e9t \u00e9s csod\u00e1lat\u00e1t. Sajnos a legt\u00f6bbj\u00fck \u00f6r\u00f6kre elt\u0171nt \u00e9s csak f\u00e9nyk\u00e9peken maradtak fenn. A n\u00e9h\u00e1ny megmaradt p\u00e9ld\u00e1ny m\u00fazeumokban pihen, hogy gy\u00f6ny\u00f6rk\u00f6dhessenek benn\u00fck a l\u00e1togat\u00f3k.<\/p>\n\n\n\n\n<div style=\"float:none;margin:0px 0 0px 0;text-align:center;\">\n<div class=\"mobileShowkakettes\"><div class=\"mobileShowka2\"><div style=\"padding-top:0px;padding-bottom:15px;min-height: 300px;\"><div class=\"hirdetes\">HIRDET\u00c9S<\/div>\n<!-- 300lista -->\n<ins class=\"adsbygoogle\"\n     style=\"display:inline-block;width:300px;height:250px\"\n     data-ad-client=\"ca-pub-9424088931673893\"\n     data-ad-slot=\"8471340766\"><\/ins>\n<script async>\n     (adsbygoogle = window.adsbygoogle || []).push({});\n<\/script><\/div><\/div><\/div><\/div>\n\n\n\n\n<p>Ezek az aut\u00f3k j\u00f3l mutatj\u00e1k a szovjet tervez\u0151k k\u00fcl\u00f6nleges fant\u00e1zi\u00e1j\u00e1t, akik egyedi m\u00f3don pr\u00f3b\u00e1ltak meg min\u00e9l magasabb min\u0151s\u00e9g\u0171 aut\u00f3kat adni a Szovjetuni\u00f3 polg\u00e1rainak.<\/p>\n\n\n\n<div class=\"wp-block-buzzeditor-list be-list be-list-type-asc be-list-number-style-none\">\n<div class=\"wp-block-buzzeditor-list-item\"><h3 class=\"be-list-item-title\"><span style=\"color:;background-color:;border-color:\" class=\"be-list-item-number\">1<\/span> <span style=\"color:;background-color:;border-color:\" class=\"be-list-item-text\">IMZ-NAMI-A50 \u201eM\u00f3kus\u201d (1955)<\/span><\/h3>\n<figure class=\"wp-block-image size-full\"><img loading=\"lazy\" width=\"1200\" height=\"1256\" src=\"https:\/\/liked.hu\/old\/wp-content\/uploads\/2023\/10\/Furcsa-szovjet-autok-023.webp\" alt=\"Furcsa szovjet aut\u00f3k 023\" class=\"wp-image-313391\" srcset=\"https:\/\/liked.hu\/old\/wp-content\/uploads\/2023\/10\/Furcsa-szovjet-autok-023.webp 1200w, https:\/\/liked.hu\/old\/wp-content\/uploads\/2023\/10\/Furcsa-szovjet-autok-023-768x804.webp 768w\" sizes=\"(max-width: 1200px) 100vw, 1200px\" \/><figcaption><a href=\"https:\/\/www.youtube.com\/watch?app=desktop&amp;v=AtIIUMlyxcY\" target=\"_blank\" rel=\"noreferrer noopener\">youtube<\/a><\/figcaption><\/figure>\n\n\n\n<p>A vicces miniat\u0171r aut\u00f3 a Zaporozhets korai protot\u00edpusa.&nbsp;MegleMeglehet\u0151sen szokatlan kialak\u00edt\u00e1s\u00fa volt &#8211; az aut\u00f3 \u00fagy n\u00e9zett ki, mintha h\u00e1trafel\u00e9 haladna. Az aut\u00f3 a nev\u00e9t egy aranyos r\u00e1gcs\u00e1l\u00f3ra val\u00f3 hasonl\u00f3s\u00e1ga miatt kapta.<\/p>\n<\/div>\n\n\n\n<div class=\"wp-block-buzzeditor-list-item\"><h3 class=\"be-list-item-title\"><span style=\"color:;background-color:;border-color:\" class=\"be-list-item-number\">2<\/span> <span style=\"color:;background-color:;border-color:\" class=\"be-list-item-text\">ZIS 112 \u201eK\u00fcklopsz\u201d (1951)<\/span><\/h3>\n<figure class=\"wp-block-image size-full\"><img loading=\"lazy\" width=\"1200\" height=\"1257\" src=\"https:\/\/liked.hu\/old\/wp-content\/uploads\/2023\/10\/Furcsa-szovjet-autok-022.webp\" alt=\"Furcsa szovjet aut\u00f3k 022\" class=\"wp-image-313390\" srcset=\"https:\/\/liked.hu\/old\/wp-content\/uploads\/2023\/10\/Furcsa-szovjet-autok-022.webp 1200w, https:\/\/liked.hu\/old\/wp-content\/uploads\/2023\/10\/Furcsa-szovjet-autok-022-768x804.webp 768w\" sizes=\"(max-width: 1200px) 100vw, 1200px\" \/><figcaption><a href=\"https:\/\/pikabu.ru\/story\/odin_glaz_kompensiruestsya_skorostyu_zis_112_tsiklop_9501822\" target=\"_blank\" rel=\"noreferrer noopener\">morozick111<\/a><\/figcaption><\/figure>\n\n\n\n<p>1951-ben a Szovjetuni\u00f3 bemutatta els\u0151 nagykateg\u00f3ri\u00e1s sportaut\u00f3j\u00e1t.&nbsp;Az amerikai Buick LeSabre protot\u00edpus mint\u00e1ja alapj\u00e1n k\u00e9sz\u00edtett\u00e9k.<\/p>\n\n\n\n\n<div style=\"float:none;margin:0px 0 0px 0;text-align:center;\">\n<div class=\"mobileHideke5\"><div style=\"margin-top:25px;\"><div class=\"hirdeteshatter\"><div style=\"display: inline-block;width: 50%;min-width:305px;vertical-align: top;\"><div class=\"hirdetes\">HIRDET\u00c9S<\/div>\n<!-- LikedQ51 -->\n<ins class=\"adsbygoogle\"\n     style=\"display:inline-block;width:300px;height:250px\"\n     data-ad-client=\"ca-pub-9424088931673893\"\n     data-ad-slot=\"8284063326\"><\/ins>\n<script async>\n     (adsbygoogle = window.adsbygoogle || []).push({});\n<\/script><\/div><div style=\"display: inline-block;width: 50%;min-width:305px;vertical-align: top;\"><div class=\"hirdetes\">HIRDET\u00c9S<\/div>\n<!-- LikedQ52 -->\n<ins class=\"adsbygoogle\"\n     style=\"display:inline-block;width:300px;height:250px\"\n     data-ad-client=\"ca-pub-9424088931673893\"\n     data-ad-slot=\"2840164950\"><\/ins>\n<script async>\n     (adsbygoogle = window.adsbygoogle || []).push({});\n<\/script><\/div><\/div><\/div><\/div>\n<div style=\"display:flex;flex-direction:column;\"><div class=\"mobileShowka5\"><div style=\"padding-top:10px;padding-bottom:10px;min-height: 300px;\"><div class=\"hirdetes\">HIRDET\u00c9S<\/div>\n<!-- LikedQ5M -->\n<ins class=\"adsbygoogle\"\n     style=\"display:inline-block;width:300px;height:250px\"\n     data-ad-client=\"ca-pub-9424088931673893\"\n     data-ad-slot=\"9022429928\"><\/ins>\n<script async>\n     (adsbygoogle = window.adsbygoogle || []).push({});\n<\/script><\/div><\/div><\/div><\/div>\n\n<\/div>\n\n\n\n<div class=\"wp-block-buzzeditor-list-item\"><h3 class=\"be-list-item-title\"><span style=\"color:;background-color:;border-color:\" class=\"be-list-item-number\">3<\/span> <span style=\"color:;background-color:;border-color:\" class=\"be-list-item-text\">Moskvich-2144 \u201eIstra\u201d (1985)<\/span><\/h3>\n<figure class=\"wp-block-image size-full\"><img loading=\"lazy\" width=\"1200\" height=\"1259\" src=\"https:\/\/liked.hu\/old\/wp-content\/uploads\/2023\/10\/Furcsa-szovjet-autok-021.webp\" alt=\"Furcsa szovjet aut\u00f3k 021\" class=\"wp-image-313389\" srcset=\"https:\/\/liked.hu\/old\/wp-content\/uploads\/2023\/10\/Furcsa-szovjet-autok-021.webp 1200w, https:\/\/liked.hu\/old\/wp-content\/uploads\/2023\/10\/Furcsa-szovjet-autok-021-768x806.webp 768w\" sizes=\"(max-width: 1200px) 100vw, 1200px\" \/><figcaption><a href=\"https:\/\/pikabu.ru\/story\/shedevr_ot_azlk__mashina_operedivshaya_vremya_6611641\" target=\"_blank\" rel=\"noreferrer noopener\">KOMMUNALKA<\/a><\/figcaption><\/figure>\n\n\n\n<p>A Moskvich-2144 egy olyan aut\u00f3, amely megel\u0151zte kor\u00e1t.&nbsp;Motorja d\u00edzel \u00fczemanyagot, benzint, kerozint \u00e9s m\u00e9g n\u00f6v\u00e9nyi olajat is haszn\u00e1lhatott \u00fczemanyagk\u00e9nt.&nbsp;<\/p>\n<\/div>\n\n\n\n<div class=\"wp-block-buzzeditor-list-item\"><h3 class=\"be-list-item-title\"><span style=\"color:;background-color:;border-color:\" class=\"be-list-item-number\">4<\/span> <span style=\"color:;background-color:;border-color:\" class=\"be-list-item-text\">Moskvich 408 \u201eTourist\u201d (1967)<\/span><\/h3>\n<figure class=\"wp-block-image size-full is-resized\"><img loading=\"lazy\" src=\"https:\/\/liked.hu\/old\/wp-content\/uploads\/2023\/10\/Furcsa-szovjet-autok-020.webp\" alt=\"Furcsa szovjet aut\u00f3k 020\" class=\"wp-image-313388\" width=\"734\" height=\"407\" srcset=\"https:\/\/liked.hu\/old\/wp-content\/uploads\/2023\/10\/Furcsa-szovjet-autok-020.webp 1091w, https:\/\/liked.hu\/old\/wp-content\/uploads\/2023\/10\/Furcsa-szovjet-autok-020-768x426.webp 768w\" sizes=\"(max-width: 734px) 100vw, 734px\" \/><figcaption><a href=\"https:\/\/www.facebook.com\/photo\/?fbid=348267371882597&amp;set=a.661719587204039\" target=\"_blank\" rel=\"noreferrer noopener\">Russian Machinery<\/a><\/figcaption><\/figure>\n\n\n\n<p>A &#8222;Tourist&#8221; a Moszkvics-408-as alapj\u00e1n k\u00e9sz\u00fclt, melyet az 1960-as \u00e9vekben meglehet\u0151sen sz\u00e9p \u00e9s eleg\u00e1ns karossz\u00e9ria jellemzett. Egy kabri\u00f3 a Szovjetuni\u00f3ban? Ez valami igaz\u00e1n hihetetlen.<\/p>\n<\/div>\n\n\n\n<div class=\"wp-block-buzzeditor-list-item\"><h3 class=\"be-list-item-title\"><span style=\"color:;background-color:;border-color:\" class=\"be-list-item-number\">5<\/span> <span style=\"color:;background-color:;border-color:\" class=\"be-list-item-text\">Minibusz &#8222;Start&#8221; (1963)<\/span><\/h3>\n<figure class=\"wp-block-image size-full\"><img loading=\"lazy\" width=\"1200\" height=\"1256\" src=\"https:\/\/liked.hu\/old\/wp-content\/uploads\/2023\/10\/Furcsa-szovjet-autok-019.webp\" alt=\"Furcsa szovjet aut\u00f3k 019\" class=\"wp-image-313387\" srcset=\"https:\/\/liked.hu\/old\/wp-content\/uploads\/2023\/10\/Furcsa-szovjet-autok-019.webp 1200w, https:\/\/liked.hu\/old\/wp-content\/uploads\/2023\/10\/Furcsa-szovjet-autok-019-768x804.webp 768w\" sizes=\"(max-width: 1200px) 100vw, 1200px\" \/><figcaption><a href=\"https:\/\/pikabu.ru\/story\/futuristicheskiy_start_5556090\" target=\"_blank\" rel=\"noreferrer noopener\">888777<\/a><\/figcaption><\/figure>\n\n\n\n<p>A kisbusz szokatlan futurisztikus kialak\u00edt\u00e1s\u00fa volt, \u00e9s ak\u00e1r 10 f\u0151 befogad\u00e1s\u00e1ra is alkalmas volt.<\/p>\n\n\n\n\n<div style=\"float:none;margin:0px 0 0px 0;text-align:center;\">\n<div class=\"mobileHideke8\"><div style=\"margin-top:25px;\"><div class=\"hirdeteshatter\"><div style=\"display: inline-block;width: 50%;min-width:340px;vertical-align: top;\"><div class=\"hirdetes\">HIRDET\u00c9S<\/div>\n<!-- Liked7Q1 -->\n<ins class=\"adsbygoogle\"\n     style=\"display:inline-block;width:336px;height:280px\"\n     data-ad-client=\"ca-pub-9424088931673893\"\n     data-ad-slot=\"3022062587\"><\/ins>\n<script async>\n     (adsbygoogle = window.adsbygoogle || []).push({});\n<\/script><\/div><div style=\"display: inline-block;width: 50%;min-width:340px;vertical-align: top;\"><div class=\"hirdetes\">HIRDET\u00c9S<\/div>\n<!-- Liked7Q2 -->\n<ins class=\"adsbygoogle\"\n     style=\"display:inline-block;width:336px;height:280px\"\n     data-ad-client=\"ca-pub-9424088931673893\"\n     data-ad-slot=\"3952000871\"><\/ins>\n<script async>\n     (adsbygoogle = window.adsbygoogle || []).push({});\n<\/script><\/div><\/div><\/div><\/div>\n<div style=\"display:flex;flex-direction:column;\"><div class=\"mobileShowka8\"><div style=\"padding-top:15px;margin-bottom:15px;min-height: 300px;\"><div class=\"hirdetes\">HIRDET\u00c9S<\/div>\n<!-- Liked7QMobil -->\n<ins class=\"adsbygoogle\"\n     style=\"display:inline-block;width:336px;height:280px\"\n     data-ad-client=\"ca-pub-9424088931673893\"\n     data-ad-slot=\"5073510857\"><\/ins>\n<script async>\n     (adsbygoogle = window.adsbygoogle || []).push({});\n<\/script><\/div><\/div><\/div><\/div>\n\n<\/div>\n\n\n\n<div class=\"wp-block-buzzeditor-list-item\"><h3 class=\"be-list-item-title\"><span style=\"color:;background-color:;border-color:\" class=\"be-list-item-number\">6<\/span> <span style=\"color:;background-color:;border-color:\" class=\"be-list-item-text\">SMZ S-1L (1952)<\/span><\/h3>\n<figure class=\"wp-block-image size-full\"><img loading=\"lazy\" width=\"873\" height=\"651\" src=\"https:\/\/liked.hu\/old\/wp-content\/uploads\/2023\/10\/Furcsa-szovjet-autok-018.webp\" alt=\"Furcsa szovjet aut\u00f3k 018\" class=\"wp-image-313386\" srcset=\"https:\/\/liked.hu\/old\/wp-content\/uploads\/2023\/10\/Furcsa-szovjet-autok-018.webp 873w, https:\/\/liked.hu\/old\/wp-content\/uploads\/2023\/10\/Furcsa-szovjet-autok-018-768x573.webp 768w\" sizes=\"(max-width: 873px) 100vw, 873px\" \/><figcaption><a href=\"http:\/\/bamperby\/\" target=\"_blank\" rel=\"noreferrer noopener\">bumperby<\/a><\/figcaption><\/figure>\n\n\n\n<p>Ez egy k\u00e9t\u00fcl\u00e9ses, h\u00e1romkerek\u0171 j\u00e1rm\u0171, amelyet fogyat\u00e9kkal \u00e9l\u0151k sz\u00e1m\u00e1ra terveztek.&nbsp;S\u00falya 275 kilogramm volt, maxim\u00e1lis sebess\u00e9ge pedig nem haladta meg a 30 km\/h-t.<\/p>\n<\/div>\n\n\n\n<div class=\"wp-block-buzzeditor-list-item\"><h3 class=\"be-list-item-title\"><span style=\"color:;background-color:;border-color:\" class=\"be-list-item-number\">7<\/span> <span style=\"color:;background-color:;border-color:\" class=\"be-list-item-text\">YATB-3 (1939)<\/span><\/h3>\n<figure class=\"wp-block-image size-full\"><img loading=\"lazy\" width=\"1200\" height=\"792\" src=\"https:\/\/liked.hu\/old\/wp-content\/uploads\/2023\/10\/Furcsa-szovjet-autok-017.webp\" alt=\"Furcsa szovjet aut\u00f3k 017\" class=\"wp-image-313385\" srcset=\"https:\/\/liked.hu\/old\/wp-content\/uploads\/2023\/10\/Furcsa-szovjet-autok-017.webp 1200w, https:\/\/liked.hu\/old\/wp-content\/uploads\/2023\/10\/Furcsa-szovjet-autok-017-768x507.webp 768w\" sizes=\"(max-width: 1200px) 100vw, 1200px\" \/><figcaption>St\u00fadi\u00f3 Trite<\/figcaption><\/figure>\n\n\n\n<p>Ez egy emeletes trolibusz volt. Sajnos nem maradt fenn napjainkig. A k\u00e9pen egy olyan m\u00e1solat l\u00e1that\u00f3, amelyet kifejezetten a K\u00e9m (2012) c\u00edm\u0171 filmhez \u00e9p\u00edtettek.<\/p>\n<\/div>\n\n\n\n<!--nextpage-->\n\n\n\n<div class=\"wp-block-buzzeditor-list-item\"><h3 class=\"be-list-item-title\"><span style=\"color:;background-color:;border-color:\" class=\"be-list-item-number\">8<\/span> <span style=\"color:;background-color:;border-color:\" class=\"be-list-item-text\">&#8222;Pangolina&#8221; (1980)<\/span><\/h3>\n<figure class=\"wp-block-image size-full\"><img loading=\"lazy\" width=\"1200\" height=\"1258\" src=\"https:\/\/liked.hu\/old\/wp-content\/uploads\/2023\/10\/Furcsa-szovjet-autok-016.webp\" alt=\"Furcsa szovjet aut\u00f3k 016\" class=\"wp-image-313384\" srcset=\"https:\/\/liked.hu\/old\/wp-content\/uploads\/2023\/10\/Furcsa-szovjet-autok-016.webp 1200w, https:\/\/liked.hu\/old\/wp-content\/uploads\/2023\/10\/Furcsa-szovjet-autok-016-768x805.webp 768w\" sizes=\"(max-width: 1200px) 100vw, 1200px\" \/><figcaption><a href=\"https:\/\/autopedia.fandom.com\/ru\/wiki\/%D0%9F%D0%B0%D0%BD%D0%B3%D0%BE%D0%BB%D0%B8%D0%BD%D0%B0?file=7992491e6963.jpg\" target=\"_blank\" rel=\"noreferrer noopener\">800DartAlex008<\/a><\/figcaption><\/figure>\n\n\n\n<p>Az aut\u00f3t Alekszandr Kulygin szovjet m\u00e9rn\u00f6k \u00e1ll\u00edtotta \u00f6ssze.&nbsp;A projekt tervez\u00e9s\u00e9t a Lamborghini Countach ihlette.<\/p>\n<\/div>\n\n\n\n<div class=\"wp-block-buzzeditor-list-item\"><h3 class=\"be-list-item-title\"><span style=\"color:;background-color:;border-color:\" class=\"be-list-item-number\">9<\/span> <span style=\"color:;background-color:;border-color:\" class=\"be-list-item-text\">NAMI-1 (1927)<\/span><\/h3>\n<figure class=\"wp-block-image size-full\"><img loading=\"lazy\" width=\"1200\" height=\"630\" src=\"https:\/\/liked.hu\/old\/wp-content\/uploads\/2023\/10\/Furcsa-szovjet-autok-015.webp\" alt=\"Furcsa szovjet aut\u00f3k 015\" class=\"wp-image-313383\" srcset=\"https:\/\/liked.hu\/old\/wp-content\/uploads\/2023\/10\/Furcsa-szovjet-autok-015.webp 1200w, https:\/\/liked.hu\/old\/wp-content\/uploads\/2023\/10\/Furcsa-szovjet-autok-015-768x403.webp 768w\" sizes=\"(max-width: 1200px) 100vw, 1200px\" \/><figcaption><a href=\"https:\/\/www.zr.ru\/content\/articles\/915988-nami-1-istoriya-sozdaniya\/\" target=\"_blank\" rel=\"noreferrer noopener\">zr<\/a>&nbsp;\/&nbsp;<br><a href=\"https:\/\/ru.wikipedia.org\/wiki\/%D0%9D%D0%90%D0%9C%D0%98-1#\/media\/%D0%A4%D0%B0%D0%B9%D0%BB:NAMI-1_polytech.jpg\" target=\"_blank\" rel=\"noreferrer noopener\">DL24<\/a><\/figcaption><\/figure>\n\n\n\n<p>Az els\u0151 szem\u00e9lyg\u00e9pkocsi a szovjet uralom alatt k\u00e9sz\u00fclt.&nbsp;Egy\u00e9bk\u00e9nt k\u00fcl\u00f6n \u00e9rdekess\u00e9ge, hogy jobbkorm\u00e1nyos volt.<\/p>\n\n\n\n\n<div style=\"float:none;margin:0px 0 0px 0;text-align:center;\">\n<div class=\"mobileHideke8\"><div class=\"hirdeteshatter\"><div style=\"display: inline-block;width: 50%;min-width:340px;vertical-align: top;\"><div class=\"hirdetes\">HIRDET\u00c9S<\/div>\n<!-- LikedQ81 -->\n<ins class=\"adsbygoogle\"\n     style=\"display:inline-block;width:336px;height:280px\"\n     data-ad-client=\"ca-pub-9424088931673893\"\n     data-ad-slot=\"2436840276\"><\/ins>\n<script async>\n     (adsbygoogle = window.adsbygoogle || []).push({});\n<\/script><\/div><div style=\"display: inline-block;width: 50%;min-width:340px;vertical-align: top;\"><div class=\"hirdetes\">HIRDET\u00c9S<\/div>\n<!-- LikedQ82 -->\n<ins class=\"adsbygoogle\"\n     style=\"display:inline-block;width:336px;height:280px\"\n     data-ad-client=\"ca-pub-9424088931673893\"\n     data-ad-slot=\"3558350253\"><\/ins>\n<script async>\n     (adsbygoogle = window.adsbygoogle || []).push({});\n<\/script><\/div><\/div><\/div>\n<div style=\"display:flex;flex-direction:column;\"><div class=\"mobileShowka8 nyolc\"><div style=\"padding-top:15px;padding-bottom:5px;min-height: 300px;\"><div class=\"hirdetes\">HIRDET\u00c9S<\/div>\n<!-- LikedQ8M -->\n<ins class=\"adsbygoogle\"\n     style=\"display:inline-block;width:336px;height:280px\"\n     data-ad-client=\"ca-pub-9424088931673893\"\n     data-ad-slot=\"4679860235\"><\/ins>\n<script async>\n     (adsbygoogle = window.adsbygoogle || []).push({});\n<\/script><\/div><\/div><\/div><\/div>\n\n<\/div>\n\n\n\n<div class=\"wp-block-buzzeditor-list-item\"><h3 class=\"be-list-item-title\"><span style=\"color:;background-color:;border-color:\" class=\"be-list-item-number\">10<\/span> <span style=\"color:;background-color:;border-color:\" class=\"be-list-item-text\">Szovjet f\u00e9ll\u00e1nctalpas GAZ-VM (1937)<\/span><\/h3>\n<figure class=\"wp-block-image size-full\"><img loading=\"lazy\" width=\"1200\" height=\"567\" src=\"https:\/\/liked.hu\/old\/wp-content\/uploads\/2023\/10\/Furcsa-szovjet-autok-014.webp\" alt=\"Furcsa szovjet aut\u00f3k 014\" class=\"wp-image-313382\" srcset=\"https:\/\/liked.hu\/old\/wp-content\/uploads\/2023\/10\/Furcsa-szovjet-autok-014.webp 1200w, https:\/\/liked.hu\/old\/wp-content\/uploads\/2023\/10\/Furcsa-szovjet-autok-014-768x363.webp 768w\" sizes=\"(max-width: 1200px) 100vw, 1200px\" \/><figcaption><a href=\"https:\/\/upload.wikimedia.org\/wikipedia\/commons\/6\/61\/GAZ-VM_phaeton_left01.jpg\" target=\"_blank\" rel=\"noreferrer noopener\">GAZ-VM<\/a><\/figcaption><\/figure>\n\n\n\n<p>Az aut\u00f3 k\u00e9t v\u00e1ltozatban l\u00e9tezett &#8211; &#8222;phaeton&#8221; utas karossz\u00e9ri\u00e1val \u00e9s &#8222;pickup&#8221; a rakom\u00e1nyhord\u00e1s c\u00e9lj\u00e1b\u00f3l.<\/p>\n<\/div>\n\n\n\n<div class=\"wp-block-buzzeditor-list-item\"><h3 class=\"be-list-item-title\"><span style=\"color:;background-color:;border-color:\" class=\"be-list-item-number\">11<\/span> <span style=\"color:;background-color:;border-color:\" class=\"be-list-item-text\">LuAZ-967 (1965)<\/span><\/h3>\n<figure class=\"wp-block-image size-full\"><img loading=\"lazy\" width=\"1176\" height=\"884\" src=\"https:\/\/liked.hu\/old\/wp-content\/uploads\/2023\/10\/Furcsa-szovjet-autok-013.webp\" alt=\"Furcsa szovjet aut\u00f3k 013\" class=\"wp-image-313381\" srcset=\"https:\/\/liked.hu\/old\/wp-content\/uploads\/2023\/10\/Furcsa-szovjet-autok-013.webp 1176w, https:\/\/liked.hu\/old\/wp-content\/uploads\/2023\/10\/Furcsa-szovjet-autok-013-768x577.webp 768w\" sizes=\"(max-width: 1176px) 100vw, 1176px\" \/><figcaption><a href=\"https:\/\/ru.wikipedia.org\/wiki\/%D0%9B%D1%83%D0%90%D0%97-967#\/media\/%D0%A4%D0%B0%D0%B9%D0%BB:Luaz01.jpg\" target=\"_blank\" rel=\"noreferrer noopener\">Cobra 216cc<\/a><\/figcaption><\/figure>\n\n\n\n<p>Egy n\u00e9gyker\u00e9k-meghajt\u00e1s\u00fa j\u00e1rm\u0171, amely tudott \u00faszni. A v\u00edzen \u00fagy k\u00f6zlekedett, hogy a kerekeit 3 km\/\u00f3r\u00e1s sebess\u00e9ggel p\u00f6rgette. H\u00e1t nem leny\u0171g\u00f6z\u0151?<\/p>\n<\/div>\n\n\n\n<div class=\"wp-block-buzzeditor-list-item\"><h3 class=\"be-list-item-title\"><span style=\"color:;background-color:;border-color:\" class=\"be-list-item-number\">12<\/span> <span style=\"color:;background-color:;border-color:\" class=\"be-list-item-text\">VNIITE-PT (1964)<\/span><\/h3>\n<figure class=\"wp-block-image size-full\"><img loading=\"lazy\" width=\"869\" height=\"642\" src=\"https:\/\/liked.hu\/old\/wp-content\/uploads\/2023\/10\/Furcsa-szovjet-autok-012.webp\" alt=\"Furcsa szovjet aut\u00f3k 012\" class=\"wp-image-313380\" srcset=\"https:\/\/liked.hu\/old\/wp-content\/uploads\/2023\/10\/Furcsa-szovjet-autok-012.webp 869w, https:\/\/liked.hu\/old\/wp-content\/uploads\/2023\/10\/Furcsa-szovjet-autok-012-768x567.webp 768w\" sizes=\"(max-width: 869px) 100vw, 869px\" \/><figcaption><a href=\"https:\/\/pikabu.ru\/story\/kontsept_kar_vniityept_sovetskiy_taksi_8141198\" target=\"_blank\" rel=\"noreferrer noopener\">VladimirSun76<\/a><\/figcaption><\/figure>\n\n\n\n<p>Egy szovjet taxi az 1960-as \u00e9vekb\u0151l, amely minden tesztel\u00e9sen \u00e9s pr\u00f3b\u00e1n teljes m\u00e9rt\u00e9kben megfelelt, de soha nem ker\u00fclt forgalomba a Szovjetuni\u00f3 \u00fatjain.<\/p>\n\n\n\n\n<div style=\"float:none;margin:0px 0 0px 0;text-align:center;\">\n<div class=\"mobileHideke5\"><div style=\"margin-top:25px;\"><div class=\"hirdeteshatter\"><div style=\"display: inline-block;width: 50%;min-width:305px;vertical-align: top;\"><div class=\"hirdetes\">HIRDET\u00c9S<\/div>\n<!-- LikedQ51 -->\n<ins class=\"adsbygoogle\"\n     style=\"display:inline-block;width:300px;height:250px\"\n     data-ad-client=\"ca-pub-9424088931673893\"\n     data-ad-slot=\"8284063326\"><\/ins>\n<script async>\n     (adsbygoogle = window.adsbygoogle || []).push({});\n<\/script><\/div><div style=\"display: inline-block;width: 50%;min-width:305px;vertical-align: top;\"><div class=\"hirdetes\">HIRDET\u00c9S<\/div>\n<!-- LikedQ52 -->\n<ins class=\"adsbygoogle\"\n     style=\"display:inline-block;width:300px;height:250px\"\n     data-ad-client=\"ca-pub-9424088931673893\"\n     data-ad-slot=\"2840164950\"><\/ins>\n<script async>\n     (adsbygoogle = window.adsbygoogle || []).push({});\n<\/script><\/div><\/div><\/div><\/div>\n<div style=\"display:flex;flex-direction:column;\"><div class=\"mobileShowka5\"><div style=\"padding-top:10px;padding-bottom:10px;min-height: 300px;\"><div class=\"hirdetes\">HIRDET\u00c9S<\/div>\n<!-- LikedQ5M -->\n<ins class=\"adsbygoogle\"\n     style=\"display:inline-block;width:300px;height:250px\"\n     data-ad-client=\"ca-pub-9424088931673893\"\n     data-ad-slot=\"9022429928\"><\/ins>\n<script async>\n     (adsbygoogle = window.adsbygoogle || []).push({});\n<\/script><\/div><\/div><\/div><\/div>\n\n<\/div>\n\n\n\n<div class=\"wp-block-buzzeditor-list-item\"><h3 class=\"be-list-item-title\"><span style=\"color:;background-color:;border-color:\" class=\"be-list-item-number\">13<\/span> <span style=\"color:;background-color:;border-color:\" class=\"be-list-item-text\">ZIS-101 \u201eSport\u201d (1939)<\/span><\/h3>\n<figure class=\"wp-block-image size-full\"><img loading=\"lazy\" width=\"1200\" height=\"1257\" src=\"https:\/\/liked.hu\/old\/wp-content\/uploads\/2023\/10\/Furcsa-szovjet-autok-011.webp\" alt=\"Furcsa szovjet aut\u00f3k 011\" class=\"wp-image-313379\" srcset=\"https:\/\/liked.hu\/old\/wp-content\/uploads\/2023\/10\/Furcsa-szovjet-autok-011.webp 1200w, https:\/\/liked.hu\/old\/wp-content\/uploads\/2023\/10\/Furcsa-szovjet-autok-011-768x804.webp 768w\" sizes=\"(max-width: 1200px) 100vw, 1200px\" \/><figcaption><a href=\"https:\/\/ru.wikipedia.org\/wiki\/%D0%97%D0%98%D0%A1-101%D0%90-%D0%A1%D0%BF%D0%BE%D1%80%D1%82#\/media\/%D0%A4%D0%B0%D0%B9%D0%BB:Museum_of_automotive_technology_UMMC_(16.03.2023)_-_44.jpg\" target=\"_blank\" rel=\"noreferrer noopener\">Vjacseszlav Buharov<\/a><\/figcaption><\/figure>\n\n\n\n<p>Az aut\u00f3t egyetlen p\u00e9ld\u00e1nyban gy\u00e1rtott\u00e1k Moszkv\u00e1ban.<\/p>\n<\/div>\n\n\n\n<div class=\"wp-block-buzzeditor-list-item\"><h3 class=\"be-list-item-title\"><span style=\"color:;background-color:;border-color:\" class=\"be-list-item-number\">15<\/span> <span style=\"color:;background-color:;border-color:\" class=\"be-list-item-text\">GAZ-SG3\u00a0\u00a0&#8222;Strela&#8221; (1952-1954)<\/span><\/h3>\n<figure class=\"wp-block-image size-full\"><img loading=\"lazy\" width=\"700\" height=\"525\" src=\"https:\/\/liked.hu\/old\/wp-content\/uploads\/2023\/10\/Furcsa-szovjet-autok-010.webp\" alt=\"Furcsa szovjet aut\u00f3k 010\" class=\"wp-image-313378\"\/><figcaption><a href=\"https:\/\/pikabu.ru\/story\/nemnogo_istorii_gazsg3tr__pervyiy_v_mire_avtomobil_s_turboreaktivnyim_dvigatelem_5845439\" target=\"_blank\" rel=\"noreferrer noopener\">avtosupport<\/a><\/figcaption><\/figure>\n\n\n\n<p>Ez volt a vil\u00e1g els\u0151 sug\u00e1rhajt\u00f3m\u0171ves aut\u00f3ja. Egyetlen c\u00e9llal hozt\u00e1k l\u00e9tre, hogy \u00e1tl\u00e9pj\u00e9k vele a 700 km\/h-\u00e1s sebess\u00e9ghat\u00e1rt, de egy pil\u00f3ta 300 km\/h-\u00e1s sebess\u00e9ggel idegen t\u00e1rgynak \u00fctk\u00f6z\u00f6tt vele a tesztp\u00e1ly\u00e1n, \u00edgy a rekordbe\u00e1ll\u00edt\u00e1sra sosem ker\u00fclt sor.<\/p>\n<\/div>\n<\/div>\n","protected":false},"excerpt":{"rendered":"<p>Ezek a modellek valami\u00e9rt nem lettek olyan n\u00e9pszer\u0171ek, mint a Zsiguli.<\/p>\n","protected":false},"author":22,"featured_media":333062,"comment_status":"open","ping_status":"closed","sticky":false,"template":"","format":"standard","meta":{"buzzeditor_post_format":""},"categories":[23],"tags":[219,2463,2655],"yoast_head":"<!-- This site is optimized with the Yoast SEO plugin v19.6.1 - https:\/\/yoast.com\/wordpress\/plugins\/seo\/ -->\n<title>A 14 legfurcs\u00e1bb szovjet aut\u00f3, amik bizony\u00edtj\u00e1k, hogy a Szovjetuni\u00f3 aut\u00f3ipara m\u00e9gsem volt olyan unalmas<\/title>\n<meta name=\"description\" content=\"Ezek a modellek valami\u00e9rt nem lettek olyan n\u00e9pszer\u0171ek, mint a Zsiguli.\" \/>\n<meta name=\"robots\" content=\"index, follow, max-snippet:-1, max-image-preview:large, max-video-preview:-1\" \/>\n<link rel=\"canonical\" href=\"https:\/\/liked.hu\/old\/erdekes\/a-14-legfurcsabb-szovjet-auto-amik-bizonyitjak-hogy-a-szovjetunio-autoipara-megsem-volt-olyan-unalmas\/\" \/>\n<link rel=\"next\" href=\"https:\/\/liked.hu\/old\/erdekes\/a-14-legfurcsabb-szovjet-auto-amik-bizonyitjak-hogy-a-szovjetunio-autoipara-megsem-volt-olyan-unalmas\/2\/\" \/>\n<meta property=\"og:locale\" content=\"hu_HU\" \/>\n<meta property=\"og:type\" content=\"article\" \/>\n<meta property=\"og:title\" content=\"A 14 legfurcs\u00e1bb szovjet aut\u00f3, amik bizony\u00edtj\u00e1k, hogy a Szovjetuni\u00f3 aut\u00f3ipara m\u00e9gsem volt olyan unalmas\" \/>\n<meta property=\"og:description\" content=\"Ezek a modellek valami\u00e9rt nem lettek olyan n\u00e9pszer\u0171ek, mint a Zsiguli.\" \/>\n<meta property=\"og:url\" content=\"https:\/\/liked.hu\/old\/erdekes\/a-14-legfurcsabb-szovjet-auto-amik-bizonyitjak-hogy-a-szovjetunio-autoipara-megsem-volt-olyan-unalmas\/\" \/>\n<meta property=\"og:site_name\" content=\"Liked.hu\" \/>\n<meta property=\"article:publisher\" content=\"https:\/\/www.facebook.com\/liked.hu\" \/>\n<meta property=\"article:author\" content=\"https:\/\/www.facebook.com\/profile.php?id=100069488029999\" \/>\n<meta property=\"article:published_time\" content=\"2024-04-17T02:07:09+00:00\" \/>\n<meta property=\"article:modified_time\" content=\"2024-04-17T02:07:11+00:00\" \/>\n<meta property=\"og:image\" content=\"https:\/\/liked.hu\/old\/wp-content\/uploads\/2023\/10\/Orosz-autok.jpg\" \/>\n\t<meta property=\"og:image:width\" content=\"1200\" \/>\n\t<meta property=\"og:image:height\" content=\"630\" \/>\n\t<meta property=\"og:image:type\" content=\"image\/jpeg\" \/>\n<meta name=\"author\" content=\"1mernok\" \/>\n<meta name=\"twitter:card\" content=\"summary\" \/>\n<meta name=\"twitter:creator\" content=\"@LikedHu\" \/>\n<meta name=\"twitter:site\" content=\"@LikedHu\" \/>\n<meta name=\"twitter:label1\" content=\"Szerz\u0151:\" \/>\n\t<meta name=\"twitter:data1\" content=\"1mernok\" \/>\n\t<meta name=\"twitter:label2\" content=\"Becs\u00fclt olvas\u00e1si id\u0151\" \/>\n\t<meta name=\"twitter:data2\" content=\"3 perc\" \/>\n<script type=\"application\/ld+json\" class=\"yoast-schema-graph\">{\"@context\":\"https:\/\/schema.org\",\"@graph\":[{\"@type\":\"Article\",\"@id\":\"https:\/\/liked.hu\/old\/erdekes\/a-14-legfurcsabb-szovjet-auto-amik-bizonyitjak-hogy-a-szovjetunio-autoipara-megsem-volt-olyan-unalmas\/#article\",\"isPartOf\":{\"@id\":\"https:\/\/liked.hu\/old\/erdekes\/a-14-legfurcsabb-szovjet-auto-amik-bizonyitjak-hogy-a-szovjetunio-autoipara-megsem-volt-olyan-unalmas\/\"},\"author\":{\"name\":\"1mernok\",\"@id\":\"https:\/\/liked.hu\/old\/#\/schema\/person\/eb840c492fdb3076d9c2d140cc634ebb\"},\"headline\":\"A 14 legfurcs\u00e1bb szovjet aut\u00f3, amik bizony\u00edtj\u00e1k, hogy a Szovjetuni\u00f3 aut\u00f3ipara m\u00e9gsem volt olyan unalmas\",\"datePublished\":\"2024-04-17T02:07:09+00:00\",\"dateModified\":\"2024-04-17T02:07:11+00:00\",\"mainEntityOfPage\":{\"@id\":\"https:\/\/liked.hu\/old\/erdekes\/a-14-legfurcsabb-szovjet-auto-amik-bizonyitjak-hogy-a-szovjetunio-autoipara-megsem-volt-olyan-unalmas\/\"},\"wordCount\":612,\"commentCount\":1,\"publisher\":{\"@id\":\"https:\/\/liked.hu\/old\/#organization\"},\"keywords\":[\"aut\u00f3\",\"szovjetuni\u00f3\",\"t\u00f6rt\u00e9nelem\"],\"articleSection\":[\"\u00c9rdekess\u00e9gek\"],\"inLanguage\":\"hu\",\"potentialAction\":[{\"@type\":\"CommentAction\",\"name\":\"Comment\",\"target\":[\"https:\/\/liked.hu\/old\/erdekes\/a-14-legfurcsabb-szovjet-auto-amik-bizonyitjak-hogy-a-szovjetunio-autoipara-megsem-volt-olyan-unalmas\/#respond\"]}]},{\"@type\":\"WebPage\",\"@id\":\"https:\/\/liked.hu\/old\/erdekes\/a-14-legfurcsabb-szovjet-auto-amik-bizonyitjak-hogy-a-szovjetunio-autoipara-megsem-volt-olyan-unalmas\/\",\"url\":\"https:\/\/liked.hu\/old\/erdekes\/a-14-legfurcsabb-szovjet-auto-amik-bizonyitjak-hogy-a-szovjetunio-autoipara-megsem-volt-olyan-unalmas\/\",\"name\":\"A 14 legfurcs\u00e1bb szovjet aut\u00f3, amik bizony\u00edtj\u00e1k, hogy a Szovjetuni\u00f3 aut\u00f3ipara m\u00e9gsem volt olyan unalmas\",\"isPartOf\":{\"@id\":\"https:\/\/liked.hu\/old\/#website\"},\"datePublished\":\"2024-04-17T02:07:09+00:00\",\"dateModified\":\"2024-04-17T02:07:11+00:00\",\"description\":\"Ezek a modellek valami\u00e9rt nem lettek olyan n\u00e9pszer\u0171ek, mint a Zsiguli.\",\"breadcrumb\":{\"@id\":\"https:\/\/liked.hu\/old\/erdekes\/a-14-legfurcsabb-szovjet-auto-amik-bizonyitjak-hogy-a-szovjetunio-autoipara-megsem-volt-olyan-unalmas\/#breadcrumb\"},\"inLanguage\":\"hu\",\"potentialAction\":[{\"@type\":\"ReadAction\",\"target\":[\"https:\/\/liked.hu\/old\/erdekes\/a-14-legfurcsabb-szovjet-auto-amik-bizonyitjak-hogy-a-szovjetunio-autoipara-megsem-volt-olyan-unalmas\/\"]}]},{\"@type\":\"BreadcrumbList\",\"@id\":\"https:\/\/liked.hu\/old\/erdekes\/a-14-legfurcsabb-szovjet-auto-amik-bizonyitjak-hogy-a-szovjetunio-autoipara-megsem-volt-olyan-unalmas\/#breadcrumb\",\"itemListElement\":[{\"@type\":\"ListItem\",\"position\":1,\"name\":\"Kezd\u0151lap\"}]},{\"@type\":\"WebSite\",\"@id\":\"https:\/\/liked.hu\/old\/#website\",\"url\":\"https:\/\/liked.hu\/old\/\",\"name\":\"Liked.hu\",\"description\":\"\",\"publisher\":{\"@id\":\"https:\/\/liked.hu\/old\/#organization\"},\"potentialAction\":[{\"@type\":\"SearchAction\",\"target\":{\"@type\":\"EntryPoint\",\"urlTemplate\":\"https:\/\/liked.hu\/old\/?s={search_term_string}\"},\"query-input\":\"required name=search_term_string\"}],\"inLanguage\":\"hu\"},{\"@type\":\"Organization\",\"@id\":\"https:\/\/liked.hu\/old\/#organization\",\"name\":\"Liked.hu\",\"url\":\"https:\/\/liked.hu\/old\/\",\"sameAs\":[\"https:\/\/hu.pinterest.com\/likedhungary\/\",\"https:\/\/www.youtube.com\/channel\/UCPv91dbMoIukYcM9b9nHN6Q\",\"https:\/\/www.facebook.com\/liked.hu\",\"https:\/\/twitter.com\/LikedHu\"],\"logo\":{\"@type\":\"ImageObject\",\"inLanguage\":\"hu\",\"@id\":\"https:\/\/liked.hu\/old\/#\/schema\/logo\/image\/\",\"url\":\"https:\/\/liked.hu\/wp-content\/uploads\/2018\/08\/Liked-icon.png\",\"contentUrl\":\"https:\/\/liked.hu\/wp-content\/uploads\/2018\/08\/Liked-icon.png\",\"width\":512,\"height\":512,\"caption\":\"Liked.hu\"},\"image\":{\"@id\":\"https:\/\/liked.hu\/old\/#\/schema\/logo\/image\/\"}},{\"@type\":\"Person\",\"@id\":\"https:\/\/liked.hu\/old\/#\/schema\/person\/eb840c492fdb3076d9c2d140cc634ebb\",\"name\":\"1mernok\",\"image\":{\"@type\":\"ImageObject\",\"inLanguage\":\"hu\",\"@id\":\"https:\/\/liked.hu\/old\/#\/schema\/person\/image\/\",\"url\":\"https:\/\/liked.hu\/old\/wp-content\/uploads\/avatars\/22\/604de6ee60df1-bpfull.jpg\",\"contentUrl\":\"https:\/\/liked.hu\/old\/wp-content\/uploads\/avatars\/22\/604de6ee60df1-bpfull.jpg\",\"caption\":\"1mernok\"},\"sameAs\":[\"https:\/\/www.facebook.com\/profile.php?id=100069488029999\"],\"url\":\"https:\/\/liked.hu\/old\/u\/1mernok\/\"}]}<\/script>\n<!-- \/ Yoast SEO plugin. -->","yoast_head_json":{"title":"A 14 legfurcs\u00e1bb szovjet aut\u00f3, amik bizony\u00edtj\u00e1k, hogy a Szovjetuni\u00f3 aut\u00f3ipara m\u00e9gsem volt olyan unalmas","description":"Ezek a modellek valami\u00e9rt nem lettek olyan n\u00e9pszer\u0171ek, mint a Zsiguli.","robots":{"index":"index","follow":"follow","max-snippet":"max-snippet:-1","max-image-preview":"max-image-preview:large","max-video-preview":"max-video-preview:-1"},"canonical":"https:\/\/liked.hu\/old\/erdekes\/a-14-legfurcsabb-szovjet-auto-amik-bizonyitjak-hogy-a-szovjetunio-autoipara-megsem-volt-olyan-unalmas\/","next":"https:\/\/liked.hu\/old\/erdekes\/a-14-legfurcsabb-szovjet-auto-amik-bizonyitjak-hogy-a-szovjetunio-autoipara-megsem-volt-olyan-unalmas\/2\/","og_locale":"hu_HU","og_type":"article","og_title":"A 14 legfurcs\u00e1bb szovjet aut\u00f3, amik bizony\u00edtj\u00e1k, hogy a Szovjetuni\u00f3 aut\u00f3ipara m\u00e9gsem volt olyan unalmas","og_description":"Ezek a modellek valami\u00e9rt nem lettek olyan n\u00e9pszer\u0171ek, mint a Zsiguli.","og_url":"https:\/\/liked.hu\/old\/erdekes\/a-14-legfurcsabb-szovjet-auto-amik-bizonyitjak-hogy-a-szovjetunio-autoipara-megsem-volt-olyan-unalmas\/","og_site_name":"Liked.hu","article_publisher":"https:\/\/www.facebook.com\/liked.hu","article_author":"https:\/\/www.facebook.com\/profile.php?id=100069488029999","article_published_time":"2024-04-17T02:07:09+00:00","article_modified_time":"2024-04-17T02:07:11+00:00","og_image":[{"width":1200,"height":630,"url":"https:\/\/liked.hu\/old\/wp-content\/uploads\/2023\/10\/Orosz-autok.jpg","type":"image\/jpeg"}],"author":"1mernok","twitter_card":"summary","twitter_creator":"@LikedHu","twitter_site":"@LikedHu","twitter_misc":{"Szerz\u0151:":"1mernok","Becs\u00fclt olvas\u00e1si id\u0151":"3 perc"},"schema":{"@context":"https:\/\/schema.org","@graph":[{"@type":"Article","@id":"https:\/\/liked.hu\/old\/erdekes\/a-14-legfurcsabb-szovjet-auto-amik-bizonyitjak-hogy-a-szovjetunio-autoipara-megsem-volt-olyan-unalmas\/#article","isPartOf":{"@id":"https:\/\/liked.hu\/old\/erdekes\/a-14-legfurcsabb-szovjet-auto-amik-bizonyitjak-hogy-a-szovjetunio-autoipara-megsem-volt-olyan-unalmas\/"},"author":{"name":"1mernok","@id":"https:\/\/liked.hu\/old\/#\/schema\/person\/eb840c492fdb3076d9c2d140cc634ebb"},"headline":"A 14 legfurcs\u00e1bb szovjet aut\u00f3, amik bizony\u00edtj\u00e1k, hogy a Szovjetuni\u00f3 aut\u00f3ipara m\u00e9gsem volt olyan unalmas","datePublished":"2024-04-17T02:07:09+00:00","dateModified":"2024-04-17T02:07:11+00:00","mainEntityOfPage":{"@id":"https:\/\/liked.hu\/old\/erdekes\/a-14-legfurcsabb-szovjet-auto-amik-bizonyitjak-hogy-a-szovjetunio-autoipara-megsem-volt-olyan-unalmas\/"},"wordCount":612,"commentCount":1,"publisher":{"@id":"https:\/\/liked.hu\/old\/#organization"},"keywords":["aut\u00f3","szovjetuni\u00f3","t\u00f6rt\u00e9nelem"],"articleSection":["\u00c9rdekess\u00e9gek"],"inLanguage":"hu","potentialAction":[{"@type":"CommentAction","name":"Comment","target":["https:\/\/liked.hu\/old\/erdekes\/a-14-legfurcsabb-szovjet-auto-amik-bizonyitjak-hogy-a-szovjetunio-autoipara-megsem-volt-olyan-unalmas\/#respond"]}]},{"@type":"WebPage","@id":"https:\/\/liked.hu\/old\/erdekes\/a-14-legfurcsabb-szovjet-auto-amik-bizonyitjak-hogy-a-szovjetunio-autoipara-megsem-volt-olyan-unalmas\/","url":"https:\/\/liked.hu\/old\/erdekes\/a-14-legfurcsabb-szovjet-auto-amik-bizonyitjak-hogy-a-szovjetunio-autoipara-megsem-volt-olyan-unalmas\/","name":"A 14 legfurcs\u00e1bb szovjet aut\u00f3, amik bizony\u00edtj\u00e1k, hogy a Szovjetuni\u00f3 aut\u00f3ipara m\u00e9gsem volt olyan unalmas","isPartOf":{"@id":"https:\/\/liked.hu\/old\/#website"},"datePublished":"2024-04-17T02:07:09+00:00","dateModified":"2024-04-17T02:07:11+00:00","description":"Ezek a modellek valami\u00e9rt nem lettek olyan n\u00e9pszer\u0171ek, mint a Zsiguli.","breadcrumb":{"@id":"https:\/\/liked.hu\/old\/erdekes\/a-14-legfurcsabb-szovjet-auto-amik-bizonyitjak-hogy-a-szovjetunio-autoipara-megsem-volt-olyan-unalmas\/#breadcrumb"},"inLanguage":"hu","potentialAction":[{"@type":"ReadAction","target":["https:\/\/liked.hu\/old\/erdekes\/a-14-legfurcsabb-szovjet-auto-amik-bizonyitjak-hogy-a-szovjetunio-autoipara-megsem-volt-olyan-unalmas\/"]}]},{"@type":"BreadcrumbList","@id":"https:\/\/liked.hu\/old\/erdekes\/a-14-legfurcsabb-szovjet-auto-amik-bizonyitjak-hogy-a-szovjetunio-autoipara-megsem-volt-olyan-unalmas\/#breadcrumb","itemListElement":[{"@type":"ListItem","position":1,"name":"Kezd\u0151lap"}]},{"@type":"WebSite","@id":"https:\/\/liked.hu\/old\/#website","url":"https:\/\/liked.hu\/old\/","name":"Liked.hu","description":"","publisher":{"@id":"https:\/\/liked.hu\/old\/#organization"},"potentialAction":[{"@type":"SearchAction","target":{"@type":"EntryPoint","urlTemplate":"https:\/\/liked.hu\/old\/?s={search_term_string}"},"query-input":"required name=search_term_string"}],"inLanguage":"hu"},{"@type":"Organization","@id":"https:\/\/liked.hu\/old\/#organization","name":"Liked.hu","url":"https:\/\/liked.hu\/old\/","sameAs":["https:\/\/hu.pinterest.com\/likedhungary\/","https:\/\/www.youtube.com\/channel\/UCPv91dbMoIukYcM9b9nHN6Q","https:\/\/www.facebook.com\/liked.hu","https:\/\/twitter.com\/LikedHu"],"logo":{"@type":"ImageObject","inLanguage":"hu","@id":"https:\/\/liked.hu\/old\/#\/schema\/logo\/image\/","url":"https:\/\/liked.hu\/wp-content\/uploads\/2018\/08\/Liked-icon.png","contentUrl":"https:\/\/liked.hu\/wp-content\/uploads\/2018\/08\/Liked-icon.png","width":512,"height":512,"caption":"Liked.hu"},"image":{"@id":"https:\/\/liked.hu\/old\/#\/schema\/logo\/image\/"}},{"@type":"Person","@id":"https:\/\/liked.hu\/old\/#\/schema\/person\/eb840c492fdb3076d9c2d140cc634ebb","name":"1mernok","image":{"@type":"ImageObject","inLanguage":"hu","@id":"https:\/\/liked.hu\/old\/#\/schema\/person\/image\/","url":"https:\/\/liked.hu\/old\/wp-content\/uploads\/avatars\/22\/604de6ee60df1-bpfull.jpg","contentUrl":"https:\/\/liked.hu\/old\/wp-content\/uploads\/avatars\/22\/604de6ee60df1-bpfull.jpg","caption":"1mernok"},"sameAs":["https:\/\/www.facebook.com\/profile.php?id=100069488029999"],"url":"https:\/\/liked.hu\/old\/u\/1mernok\/"}]}},"publishpress_future_action":{"enabled":false,"date":"1970-01-01 01:00:00","action":"","terms":[],"taxonomy":"","browser_timezone_offset":0},"_links":{"self":[{"href":"https:\/\/liked.hu\/old\/wp-json\/wp\/v2\/posts\/313376"}],"collection":[{"href":"https:\/\/liked.hu\/old\/wp-json\/wp\/v2\/posts"}],"about":[{"href":"https:\/\/liked.hu\/old\/wp-json\/wp\/v2\/types\/post"}],"author":[{"embeddable":true,"href":"https:\/\/liked.hu\/old\/wp-json\/wp\/v2\/users\/22"}],"replies":[{"embeddable":true,"href":"https:\/\/liked.hu\/old\/wp-json\/wp\/v2\/comments?post=313376"}],"version-history":[{"count":0,"href":"https:\/\/liked.hu\/old\/wp-json\/wp\/v2\/posts\/313376\/revisions"}],"wp:featuredmedia":[{"embeddable":true,"href":"https:\/\/liked.hu\/old\/wp-json\/wp\/v2\/media\/333062"}],"wp:attachment":[{"href":"https:\/\/liked.hu\/old\/wp-json\/wp\/v2\/media?parent=313376"}],"wp:term":[{"taxonomy":"category","embeddable":true,"href":"https:\/\/liked.hu\/old\/wp-json\/wp\/v2\/categories?post=313376"},{"taxonomy":"post_tag","embeddable":true,"href":"https:\/\/liked.hu\/old\/wp-json\/wp\/v2\/tags?post=313376"}],"curies":[{"name":"wp","href":"https:\/\/api.w.org\/{rel}","templated":true}]}}