{"id":310625,"date":"2023-08-28T16:01:19","date_gmt":"2023-08-28T14:01:19","guid":{"rendered":"https:\/\/liked.hu\/old\/?p=310625"},"modified":"2023-08-28T16:01:26","modified_gmt":"2023-08-28T14:01:26","slug":"8-titokzatos-targy-ami-meg-a-tudosokat-is-osszezavarta","status":"publish","type":"post","link":"https:\/\/liked.hu\/old\/erdekes\/8-titokzatos-targy-ami-meg-a-tudosokat-is-osszezavarta\/","title":{"rendered":"8 titokzatos t\u00e1rgy, ami m\u00e9g a tud\u00f3sokat is \u00f6sszezavarta"},"content":{"rendered":"\n<p>A F\u00f6ld\u00f6n sz\u00e1mos olyan t\u00e1rgy \u00e9s hely tal\u00e1lhat\u00f3, melyek a puszta l\u00e9tez\u00e9s\u00fckkel is \u00f6sszezavarj\u00e1k a turist\u00e1kat \u00e9s a szakembereket egyar\u00e1nt. Leggyakrabban az \u0151seink \u00e1ltal r\u00e1nk hagyott t\u00e1rgyak \u00e9s \u00e9p\u00edtm\u00e9nyek okozz\u00e1k ezt a z\u0171rzavart, de n\u00e9ha a term\u00e9szet is k\u00e9pes \u00e9rthetetlen dolgokat l\u00e9trehozni.<\/p>\n\n\n\n\n<div style=\"float:none;margin:0px 0 0px 0;text-align:center;\">\n<div class=\"mobileShowkakettes\"><div class=\"mobileShowka2\"><div style=\"padding-top:0px;padding-bottom:15px;min-height: 300px;\"><div class=\"hirdetes\">HIRDET\u00c9S<\/div>\n<!-- 300lista -->\n<ins class=\"adsbygoogle\"\n     style=\"display:inline-block;width:300px;height:250px\"\n     data-ad-client=\"ca-pub-9424088931673893\"\n     data-ad-slot=\"8471340766\"><\/ins>\n<script async>\n     (adsbygoogle = window.adsbygoogle || []).push({});\n<\/script><\/div><\/div><\/div><\/div>\n\n\n\n\n<p>A <strong>Liked.hu<\/strong> csapat\u00e1n\u00e1l \u00fagy \u00f6nt\u00f6tt\u00fcnk, hogy k\u00f6zelebbr\u0151l is megvizsg\u00e1lunk n\u00e9h\u00e1ny rejt\u00e9lyes helyet \u00e9s \u00e9p\u00edtm\u00e9nyt a bolyg\u00f3n, b\u00f3nuszk\u00e9nt a cikk v\u00e9g\u00e9n pedig bemutatunk egy rendk\u00edv\u00fcl zavarba ejt\u0151 jelens\u00e9get, amire csak nemr\u00e9g tal\u00e1ltak magyar\u00e1zatot a tud\u00f3sok.<\/p>\n\n\n\n<div class=\"wp-block-buzzeditor-list be-list be-list-type-desc be-list-number-style-none\">\n<div class=\"wp-block-buzzeditor-list-item\"><h3 class=\"be-list-item-title\"><span style=\"color:;background-color:;border-color:\" class=\"be-list-item-number\">8<\/span> <span style=\"color:;background-color:;border-color:\" class=\"be-list-item-text\">\u00d3ri\u00e1si l\u00e1bnyomok az Ain Dara templomban, Sz\u00edri\u00e1ban<\/span><\/h3>\n<figure class=\"wp-block-image size-full\"><img loading=\"lazy\" width=\"728\" height=\"421\" src=\"https:\/\/liked.hu\/old\/wp-content\/uploads\/2023\/08\/Rejtelyes-targyak-018-1.webp\" alt=\"Rejt\u00e9lyes t\u00e1rgyak 018\" class=\"wp-image-310635\"\/><\/figure>\n\n\n\n<p>A sz\u00edriai Ain Dar\u00e1ban tal\u00e1lhat\u00f3 vaskori templomban egy p\u00e1r hatalmas l\u00e1bnyomot tal\u00e1ltak&nbsp;a&nbsp;padl\u00f3ba v\u00e9sve, \u00e9s egy m\u00e1sik l\u00e1bnyomot a k\u00fcsz\u00f6bbe v\u00e9sve.&nbsp;Mindegyik&nbsp;<a href=\"https:\/\/en.wikipedia.org\/wiki\/Ain_Dara_(archaeological_site)#Footprints\" target=\"_blank\" rel=\"noreferrer noopener\">l\u00e1bnyom<\/a>&nbsp;k\u00f6r\u00fclbel\u00fcl 1 m\u00e9ter hossz\u00fa, vagyis nagyj\u00e1b\u00f3l 3-szor akkora, mint egy norm\u00e1l emberi l\u00e1b.&nbsp;A k\u00fcsz\u00f6b\u00f6n tal\u00e1lhat\u00f3 l\u00e1bnyom r\u00e1ad\u00e1sul 10 m\u00e9terre tal\u00e1lhat\u00f3 az els\u0151 l\u00e1bnyomt\u00f3l.<\/p>\n<\/div>\n\n\n\n<div class=\"wp-block-buzzeditor-list-item\"><h3 class=\"be-list-item-title\"><span style=\"color:;background-color:;border-color:\" class=\"be-list-item-number\">7<\/span> <span style=\"color:;background-color:;border-color:\" class=\"be-list-item-text\">Richat-k\u00e9pz\u0151dm\u00e9ny vagy Szahara szeme<\/span><\/h3>\n<figure class=\"wp-block-image size-full\"><img loading=\"lazy\" width=\"728\" height=\"417\" src=\"https:\/\/liked.hu\/old\/wp-content\/uploads\/2023\/08\/Rejtelyes-targyak-017-1.webp\" alt=\"Rejt\u00e9lyes t\u00e1rgyak 017\" class=\"wp-image-310634\"\/><\/figure>\n\n\n\n<p>A Richat-k\u00e9pz\u0151dm\u00e9ny, vagy m\u00e1s n\u00e9ven a Szahara Szeme, egy f\u00f6ldtani k\u00e9pz\u0151dm\u00e9ny, amely a Szahara sivatagban tal\u00e1lhat\u00f3. El\u0151sz\u00f6r a geol\u00f3gusok azt hitt\u00e9k, hogy egy aszteroida becsap\u00f3d\u00e1s\u00e1nak k\u00f6vetkezm\u00e9nye. Azonban tanulm\u00e1nyok megc\u00e1folt\u00e1k ezt a feltev\u00e9st, miut\u00e1n felfedezt\u00e9k, hogy a k\u00e9pz\u0151dm\u00e9nyben l\u00e9v\u0151 k\u0151zetek teljes m\u00e9rt\u00e9kben a F\u00f6ldr\u0151l sz\u00e1rmaznak.<\/p>\n\n\n\n\n<div style=\"float:none;margin:0px 0 0px 0;text-align:center;\">\n<div class=\"mobileHideke5\"><div style=\"margin-top:25px;\"><div class=\"hirdeteshatter\"><div style=\"display: inline-block;width: 50%;min-width:305px;vertical-align: top;\"><div class=\"hirdetes\">HIRDET\u00c9S<\/div>\n<!-- LikedQ51 -->\n<ins class=\"adsbygoogle\"\n     style=\"display:inline-block;width:300px;height:250px\"\n     data-ad-client=\"ca-pub-9424088931673893\"\n     data-ad-slot=\"8284063326\"><\/ins>\n<script async>\n     (adsbygoogle = window.adsbygoogle || []).push({});\n<\/script><\/div><div style=\"display: inline-block;width: 50%;min-width:305px;vertical-align: top;\"><div class=\"hirdetes\">HIRDET\u00c9S<\/div>\n<!-- LikedQ52 -->\n<ins class=\"adsbygoogle\"\n     style=\"display:inline-block;width:300px;height:250px\"\n     data-ad-client=\"ca-pub-9424088931673893\"\n     data-ad-slot=\"2840164950\"><\/ins>\n<script async>\n     (adsbygoogle = window.adsbygoogle || []).push({});\n<\/script><\/div><\/div><\/div><\/div>\n<div style=\"display:flex;flex-direction:column;\"><div class=\"mobileShowka5\"><div style=\"padding-top:10px;padding-bottom:10px;min-height: 300px;\"><div class=\"hirdetes\">HIRDET\u00c9S<\/div>\n<!-- LikedQ5M -->\n<ins class=\"adsbygoogle\"\n     style=\"display:inline-block;width:300px;height:250px\"\n     data-ad-client=\"ca-pub-9424088931673893\"\n     data-ad-slot=\"9022429928\"><\/ins>\n<script async>\n     (adsbygoogle = window.adsbygoogle || []).push({});\n<\/script><\/div><\/div><\/div><\/div>\n\n<\/div>\n\n\n\n<div class=\"wp-block-buzzeditor-list-item\"><h3 class=\"be-list-item-title\"><span style=\"color:;background-color:;border-color:\" class=\"be-list-item-number\">6<\/span> <span style=\"color:;background-color:;border-color:\" class=\"be-list-item-text\">Boszniai k\u0151goly\u00f3<\/span><\/h3>\n<figure class=\"wp-block-image size-full\"><img loading=\"lazy\" width=\"728\" height=\"516\" src=\"https:\/\/liked.hu\/old\/wp-content\/uploads\/2023\/08\/Rejtelyes-targyak-016-1.webp\" alt=\"Rejt\u00e9lyes t\u00e1rgyak 016\" class=\"wp-image-310633\"\/><\/figure>\n\n\n\n<p>Ez egy 3 m\u00e9ter sz\u00e9les k\u0151g\u00f6mb, amit egy boszniai erd\u0151ben tal\u00e1ltak. T\u00f6k\u00e9letes g\u00f6mb alak\u00fa \u00e9s heves vit\u00e1kat v\u00e1ltott ki a tudom\u00e1nyos k\u00f6r\u00f6kben: vajon Term\u00e9szet anya alkotta, vagy egy elveszett civiliz\u00e1ci\u00f3? Mivel ezek a k\u0151g\u00f6mb\u00f6k t\u00f6bb milli\u00f3 \u00e9vesek is lehetnek, ez\u00e9rt val\u00f3sz\u00edn\u0171leg nem egy ismeretlen civiliz\u00e1ci\u00f3 hagyat\u00e9ka, hanem ink\u00e1bb valamilyen er\u00f3zi\u00f3s folyamat b\u00e1mulatos eredm\u00e9nye.<\/p>\n<\/div>\n\n\n\n<div class=\"wp-block-buzzeditor-list-item\"><h3 class=\"be-list-item-title\"><span style=\"color:;background-color:;border-color:\" class=\"be-list-item-number\">5<\/span> <span style=\"color:;background-color:;border-color:\" class=\"be-list-item-text\">Teotihuacan, Mexik\u00f3<\/span><\/h3>\n<figure class=\"wp-block-image size-full\"><img loading=\"lazy\" width=\"728\" height=\"469\" src=\"https:\/\/liked.hu\/old\/wp-content\/uploads\/2023\/08\/Rejtelyes-targyak-015-1.webp\" alt=\"Rejt\u00e9lyes t\u00e1rgyak 015\" class=\"wp-image-310632\"\/><\/figure>\n\n\n\n<p>Teotihuacan, vagyis az \u201e<a href=\"https:\/\/www.metmexico.com\/en\/articles\/28\" target=\"_blank\" rel=\"noreferrer noopener\">istenek sz\u00fcl\u0151helye<\/a>\u201d&nbsp; nagyon k\u00f6zel&nbsp;<a href=\"https:\/\/en.wikipedia.org\/wiki\/Teotihuacan\" target=\"_blank\" rel=\"noreferrer noopener\">tal\u00e1lhat\u00f3<\/a>&nbsp;Mexik\u00f3 modern f\u0151v\u00e1ros\u00e1hoz, Mexik\u00f3v\u00e1roshoz.&nbsp;Jelenleg Teotihuacan romjain\u00e1l csak turist\u00e1k tal\u00e1lhat\u00f3k, de kor\u00e1bban t\u00f6bb mint 100.000 ember \u00e9lt ebben az \u0151si v\u00e1rosban.<\/p>\n<\/div>\n\n\n\n<!--nextpage-->\n\n\n\n<div class=\"wp-block-buzzeditor-list-item\"><h3 class=\"be-list-item-title\"><span style=\"color:;background-color:;border-color:\" class=\"be-list-item-number\">4<\/span> <span style=\"color:;background-color:;border-color:\" class=\"be-list-item-text\">T\u00fcnd\u00e9rek h\u00e1za<\/span><\/h3>\n<figure class=\"wp-block-image size-full\"><img loading=\"lazy\" width=\"728\" height=\"546\" src=\"https:\/\/liked.hu\/old\/wp-content\/uploads\/2023\/08\/Rejtelyes-targyak-014-1.webp\" alt=\"Rejt\u00e9lyes t\u00e1rgyak 014\" class=\"wp-image-310631\"\/><\/figure>\n\n\n\n<p>Olaszorsz\u00e1g sz\u00e1mtalan \u00e9p\u00edt\u00e9szeti eml\u00e9k\u00e9r\u0151l h\u00edres, k\u00f6zt\u00fck a fens\u00e9ges Colosseumr\u00f3l \u00e9s a h\u00edres pisai ferde toronyr\u00f3l.&nbsp;Vannak azonban kev\u00e9sb\u00e9 n\u00e9pszer\u0171, de nem kev\u00e9sb\u00e9 \u00e9rdekes turisztikai l\u00e1tv\u00e1nyoss\u00e1gok is Olaszorsz\u00e1gban.<\/p>\n\n\n\n<p>Az egyik a titokzatos szard\u00edniai&nbsp;T\u00fcnd\u00e9rek H\u00e1za (<a href=\"https:\/\/italian-traditions.com\/domus-janas-house-fairies-sardinia\/\" target=\"_blank\" rel=\"noreferrer noopener\">Domus de Janas<\/a>), amely az apr\u00f3 m\u00e9rete miatt ink\u00e1bb t\u00fcnd\u00e9rek, mintsem emberek sz\u00e1m\u00e1ra k\u00e9sz\u00fclhetett.<a href=\"https:\/\/italian-traditions.com\/domus-janas-house-fairies-sardinia\/\" target=\"_blank\" rel=\"noreferrer noopener\">&nbsp;<\/a>Napjainkban \u00fagy tartj\u00e1k, hogy ezek a &#8222;mesebeli&#8221; k\u0151h\u00e1zak k\u00f6r\u00fclbel\u00fcl 6000 \u00e9vesek, t\u00f6bbnyire i.e. 3400 \u00e9s 2700 k\u00f6z\u00f6tt \u00e9p\u00fcltek.<\/p>\n<\/div>\n\n\n\n<div class=\"wp-block-buzzeditor-list-item\"><h3 class=\"be-list-item-title\"><span style=\"color:;background-color:;border-color:\" class=\"be-list-item-number\">3<\/span> <span style=\"color:;background-color:;border-color:\" class=\"be-list-item-text\">Ellora, India<\/span><\/h3>\n<figure class=\"wp-block-image size-full\"><img loading=\"lazy\" width=\"728\" height=\"485\" src=\"https:\/\/liked.hu\/old\/wp-content\/uploads\/2023\/08\/Rejtelyes-targyak-013-1.webp\" alt=\"Rejt\u00e9lyes t\u00e1rgyak 013\" class=\"wp-image-310630\"\/><\/figure>\n\n\n\n<p>Az Ellora-barlangokban tal\u00e1lhat\u00f3 Kailasa-templom a F\u00f6ld egyik legtitokzatosabb \u00e9s legnagyobb \u00e9p\u00edtm\u00e9nye, ami leny\u0171g\u00f6z\u0151 m\u00f3don, egyetlen monolit k\u0151b\u0151l lett kifaragva. A modern archeol\u00f3gusok csak tal\u00e1lgathatj\u00e1k, hogy mi\u00e9rt volt sz\u00fcks\u00e9ge az \u0151si indiaiaknak ilyen k\u00e9zzel k\u00e9sz\u00fclt \u00e9s bonyolult, egyedi \u00e9p\u00edtm\u00e9nyre.<\/p>\n<\/div>\n\n\n\n<div class=\"wp-block-buzzeditor-list-item\"><h3 class=\"be-list-item-title\"><span style=\"color:;background-color:;border-color:\" class=\"be-list-item-number\">2<\/span> <span style=\"color:;background-color:;border-color:\" class=\"be-list-item-text\">Bacchus temploma, Baalbek<\/span><\/h3>\n<figure class=\"wp-block-image size-full\"><img loading=\"lazy\" width=\"728\" height=\"485\" src=\"https:\/\/liked.hu\/old\/wp-content\/uploads\/2023\/08\/Rejtelyes-targyak-012-1.webp\" alt=\"Rejt\u00e9lyes t\u00e1rgyak 012\" class=\"wp-image-310629\"\/><\/figure>\n\n\n\n<p>A Baalbek-i Bacchus-templom egy titokzatos \u00e9p\u00edtm\u00e9ny, amelyet&nbsp;a Krisztus el\u0151tti els\u0151 \u00e9vezred elej\u00e9n&nbsp;<a href=\"https:\/\/en.wikipedia.org\/wiki\/Temple_of_Bacchus\" target=\"_blank\" rel=\"noreferrer noopener\">\u00e9p\u00edtettek.&nbsp;<\/a>Kora ismeretlen, de sz\u00e9p&nbsp;<a href=\"https:\/\/en.wikipedia.org\/wiki\/Ornament_(art)\" target=\"_blank\" rel=\"noreferrer noopener\">d\u00edsz\u00edt\u00e9se<\/a>&nbsp;a Kr. e. m\u00e1sodik sz\u00e1zadra tehet\u0151.&nbsp;A templom akkora, hogy a h\u00edres ath\u00e9ni&nbsp;<a href=\"https:\/\/en.wikipedia.org\/wiki\/Parthenon\" target=\"_blank\" rel=\"noreferrer noopener\">Parthenon<\/a>&nbsp;apr\u00f3nak t\u0171nik hozz\u00e1k\u00e9pest.<\/p>\n\n\n\n\n<div style=\"float:none;margin:0px 0 0px 0;text-align:center;\">\n<div class=\"mobileHideke8\"><div class=\"hirdeteshatter\"><div style=\"display: inline-block;width: 50%;min-width:340px;vertical-align: top;\"><div class=\"hirdetes\">HIRDET\u00c9S<\/div>\n<!-- LikedQ81 -->\n<ins class=\"adsbygoogle\"\n     style=\"display:inline-block;width:336px;height:280px\"\n     data-ad-client=\"ca-pub-9424088931673893\"\n     data-ad-slot=\"2436840276\"><\/ins>\n<script async>\n     (adsbygoogle = window.adsbygoogle || []).push({});\n<\/script><\/div><div style=\"display: inline-block;width: 50%;min-width:340px;vertical-align: top;\"><div class=\"hirdetes\">HIRDET\u00c9S<\/div>\n<!-- LikedQ82 -->\n<ins class=\"adsbygoogle\"\n     style=\"display:inline-block;width:336px;height:280px\"\n     data-ad-client=\"ca-pub-9424088931673893\"\n     data-ad-slot=\"3558350253\"><\/ins>\n<script async>\n     (adsbygoogle = window.adsbygoogle || []).push({});\n<\/script><\/div><\/div><\/div>\n<div style=\"display:flex;flex-direction:column;\"><div class=\"mobileShowka8 nyolc\"><div style=\"padding-top:15px;padding-bottom:5px;min-height: 300px;\"><div class=\"hirdetes\">HIRDET\u00c9S<\/div>\n<!-- LikedQ8M -->\n<ins class=\"adsbygoogle\"\n     style=\"display:inline-block;width:336px;height:280px\"\n     data-ad-client=\"ca-pub-9424088931673893\"\n     data-ad-slot=\"4679860235\"><\/ins>\n<script async>\n     (adsbygoogle = window.adsbygoogle || []).push({});\n<\/script><\/div><\/div><\/div><\/div>\n\n<\/div>\n\n\n\n<div class=\"wp-block-buzzeditor-list-item\"><h3 class=\"be-list-item-title\"><span style=\"color:;background-color:;border-color:\" class=\"be-list-item-number\">1<\/span> <span style=\"color:;background-color:;border-color:\" class=\"be-list-item-text\">Masuda-no-iwafune, Jap\u00e1n<\/span><\/h3>\n<figure class=\"wp-block-image size-full\"><img loading=\"lazy\" width=\"728\" height=\"567\" src=\"https:\/\/liked.hu\/old\/wp-content\/uploads\/2023\/08\/Rejtelyes-targyak-011-1.webp\" alt=\"Rejt\u00e9lyes t\u00e1rgyak 011\" class=\"wp-image-310628\"\/><\/figure>\n\n\n\n<p>A jap\u00e1n Asuka r\u00e9gi\u00f3 k\u00fcl\u00f6nb\u00f6z\u0151 r\u00e9szein szokatlan, n\u00e9gyzet alak\u00fa lyukak \u00e1ltal tark\u00edtott, faragott k\u00f6vek&nbsp;<a href=\"https:\/\/www.ancient-origins.net\/ancient-places-asia\/mysterious-monoliths-asuka-nara-and-rock-ship-masuda-001415\" target=\"_blank\" rel=\"noreferrer noopener\">tal\u00e1lhat\u00f3k<\/a>, amelyeket Jap\u00e1n \u0151si lakosai k\u00e9sz\u00edtettek m\u00e1ig ismeretlen c\u00e9lokra.<\/p>\n<\/div>\n<\/div>\n\n\n\n<h4 class=\"has-text-align-center\">B\u00f3nusz: az egyes\u00fclt \u00e1llamokbeli Racetrack Playa &#8222;s\u00e9t\u00e1l\u00f3&#8221; szikl\u00e1i<\/h4>\n\n\n\n<figure class=\"wp-block-image size-full\"><img loading=\"lazy\" width=\"728\" height=\"466\" src=\"https:\/\/liked.hu\/old\/wp-content\/uploads\/2023\/08\/Rejtelyes-targyak-010-1.webp\" alt=\"Rejt\u00e9lyes t\u00e1rgyak 010\" class=\"wp-image-310627\"\/><\/figure>\n\n\n\n<p>Kaliforni\u00e1ban van egy leny\u0171g\u00f6z\u0151 hely, amit Hal\u00e1lv\u00f6lgy Nemzeti Parknak h\u00edvnak. Ez a nemzeti park valamikor egy t\u00f3 volt, ami m\u00e1r r\u00e9gen kisz\u00e1radt, \u00e9s aminek a legnagyobb szenz\u00e1ci\u00f3ja, hogy l\u00e1tsz\u00f3lag magukt\u00f3l mozognak benn\u00fck a k\u00f6vek, hossz\u00fa cs\u00edkokat hagyva maguk ut\u00e1n.<\/p>\n\n\n\n<p>Hossz\u00fa ideig nem \u00e9rtett\u00e9k a cs\u00faszk\u00e1l\u00f3 k\u00f6vek jelens\u00e9g\u00e9t, azonban 2014-ben a tud\u00f3sok v\u00e9gre tudom\u00e1nyos magyar\u00e1zattal szolg\u00e1ltak a jelens\u00e9gre. Kider\u00fclt, hogy a k\u00f6vek cs\u00fasz\u00e1s\u00e1nak oka a j\u00e9g: fagyos \u00e9jszak\u00e1kon ugyanis a k\u00f6vek alatt l\u00e9v\u0151 nedvess\u00e9g megfagy. Reggelre ez a j\u00e9g olvadni kezd \u00e9s t\u00f6redezni, ami miatt m\u00e1r gyenge sz\u00e9l hat\u00e1s\u00e1ra is k\u00f6nnyen mozogni kezdenek a k\u00f6vek.<\/p>\n\n\n\n<p class=\"has-text-align-center\"><strong>Szeretn\u00e9d valamelyik rejt\u00e9lyes dolgot szem\u00e9lyesen is l\u00e1tni?<\/strong><\/p>\n","protected":false},"excerpt":{"rendered":"<p>Senki nem tud r\u00e1juk magyar\u00e1zatot tal\u00e1lni.<\/p>\n","protected":false},"author":13,"featured_media":310626,"comment_status":"open","ping_status":"closed","sticky":false,"template":"","format":"standard","meta":{"buzzeditor_post_format":""},"categories":[23],"tags":[647,5823,3799],"yoast_head":"<!-- This site is optimized with the Yoast SEO plugin v19.6.1 - https:\/\/yoast.com\/wordpress\/plugins\/seo\/ -->\n<title>8 titokzatos t\u00e1rgy, ami m\u00e9g a tud\u00f3sokat is \u00f6sszezavarta<\/title>\n<meta name=\"description\" content=\"Senki nem tud r\u00e1juk magyar\u00e1zatot tal\u00e1lni.\" \/>\n<meta name=\"robots\" content=\"index, follow, max-snippet:-1, max-image-preview:large, max-video-preview:-1\" \/>\n<link rel=\"canonical\" href=\"https:\/\/liked.hu\/old\/erdekes\/8-titokzatos-targy-ami-meg-a-tudosokat-is-osszezavarta\/\" \/>\n<link rel=\"next\" href=\"https:\/\/liked.hu\/old\/erdekes\/8-titokzatos-targy-ami-meg-a-tudosokat-is-osszezavarta\/2\/\" \/>\n<meta property=\"og:locale\" content=\"hu_HU\" \/>\n<meta property=\"og:type\" content=\"article\" \/>\n<meta property=\"og:title\" content=\"8 titokzatos t\u00e1rgy, ami m\u00e9g a tud\u00f3sokat is \u00f6sszezavarta\" \/>\n<meta property=\"og:description\" content=\"Senki nem tud r\u00e1juk magyar\u00e1zatot tal\u00e1lni.\" \/>\n<meta property=\"og:url\" content=\"https:\/\/liked.hu\/old\/erdekes\/8-titokzatos-targy-ami-meg-a-tudosokat-is-osszezavarta\/\" \/>\n<meta property=\"og:site_name\" content=\"Liked.hu\" \/>\n<meta property=\"article:publisher\" content=\"https:\/\/www.facebook.com\/liked.hu\" \/>\n<meta property=\"article:published_time\" content=\"2023-08-28T14:01:19+00:00\" \/>\n<meta property=\"article:modified_time\" content=\"2023-08-28T14:01:26+00:00\" \/>\n<meta property=\"og:image\" content=\"https:\/\/liked.hu\/old\/wp-content\/uploads\/2023\/08\/Tudosokat-osszezavaro-dolgok.jpg\" \/>\n\t<meta property=\"og:image:width\" content=\"1200\" \/>\n\t<meta property=\"og:image:height\" content=\"630\" \/>\n\t<meta property=\"og:image:type\" content=\"image\/jpeg\" \/>\n<meta name=\"author\" content=\"Klingstrom\" \/>\n<meta name=\"twitter:card\" content=\"summary\" \/>\n<meta name=\"twitter:creator\" content=\"@LikedHu\" \/>\n<meta name=\"twitter:site\" content=\"@LikedHu\" \/>\n<meta name=\"twitter:label1\" content=\"Szerz\u0151:\" \/>\n\t<meta name=\"twitter:data1\" content=\"Klingstrom\" \/>\n\t<meta name=\"twitter:label2\" content=\"Becs\u00fclt olvas\u00e1si id\u0151\" \/>\n\t<meta name=\"twitter:data2\" content=\"4 perc\" \/>\n<script type=\"application\/ld+json\" class=\"yoast-schema-graph\">{\"@context\":\"https:\/\/schema.org\",\"@graph\":[{\"@type\":\"Article\",\"@id\":\"https:\/\/liked.hu\/old\/erdekes\/8-titokzatos-targy-ami-meg-a-tudosokat-is-osszezavarta\/#article\",\"isPartOf\":{\"@id\":\"https:\/\/liked.hu\/old\/erdekes\/8-titokzatos-targy-ami-meg-a-tudosokat-is-osszezavarta\/\"},\"author\":{\"name\":\"Klingstrom\",\"@id\":\"https:\/\/liked.hu\/old\/#\/schema\/person\/1c8d3f8764991e8dcd6572a7de72da8a\"},\"headline\":\"8 titokzatos t\u00e1rgy, ami m\u00e9g a tud\u00f3sokat is \u00f6sszezavarta\",\"datePublished\":\"2023-08-28T14:01:19+00:00\",\"dateModified\":\"2023-08-28T14:01:26+00:00\",\"mainEntityOfPage\":{\"@id\":\"https:\/\/liked.hu\/old\/erdekes\/8-titokzatos-targy-ami-meg-a-tudosokat-is-osszezavarta\/\"},\"wordCount\":905,\"commentCount\":0,\"publisher\":{\"@id\":\"https:\/\/liked.hu\/old\/#organization\"},\"keywords\":[\"\u00e9rdekes\",\"Ma tudtam meg!\",\"rejt\u00e9lyes\"],\"articleSection\":[\"\u00c9rdekess\u00e9gek\"],\"inLanguage\":\"hu\",\"potentialAction\":[{\"@type\":\"CommentAction\",\"name\":\"Comment\",\"target\":[\"https:\/\/liked.hu\/old\/erdekes\/8-titokzatos-targy-ami-meg-a-tudosokat-is-osszezavarta\/#respond\"]}]},{\"@type\":\"WebPage\",\"@id\":\"https:\/\/liked.hu\/old\/erdekes\/8-titokzatos-targy-ami-meg-a-tudosokat-is-osszezavarta\/\",\"url\":\"https:\/\/liked.hu\/old\/erdekes\/8-titokzatos-targy-ami-meg-a-tudosokat-is-osszezavarta\/\",\"name\":\"8 titokzatos t\u00e1rgy, ami m\u00e9g a tud\u00f3sokat is \u00f6sszezavarta\",\"isPartOf\":{\"@id\":\"https:\/\/liked.hu\/old\/#website\"},\"datePublished\":\"2023-08-28T14:01:19+00:00\",\"dateModified\":\"2023-08-28T14:01:26+00:00\",\"description\":\"Senki nem tud r\u00e1juk magyar\u00e1zatot tal\u00e1lni.\",\"breadcrumb\":{\"@id\":\"https:\/\/liked.hu\/old\/erdekes\/8-titokzatos-targy-ami-meg-a-tudosokat-is-osszezavarta\/#breadcrumb\"},\"inLanguage\":\"hu\",\"potentialAction\":[{\"@type\":\"ReadAction\",\"target\":[\"https:\/\/liked.hu\/old\/erdekes\/8-titokzatos-targy-ami-meg-a-tudosokat-is-osszezavarta\/\"]}]},{\"@type\":\"BreadcrumbList\",\"@id\":\"https:\/\/liked.hu\/old\/erdekes\/8-titokzatos-targy-ami-meg-a-tudosokat-is-osszezavarta\/#breadcrumb\",\"itemListElement\":[{\"@type\":\"ListItem\",\"position\":1,\"name\":\"Kezd\u0151lap\"}]},{\"@type\":\"WebSite\",\"@id\":\"https:\/\/liked.hu\/old\/#website\",\"url\":\"https:\/\/liked.hu\/old\/\",\"name\":\"Liked.hu\",\"description\":\"\",\"publisher\":{\"@id\":\"https:\/\/liked.hu\/old\/#organization\"},\"potentialAction\":[{\"@type\":\"SearchAction\",\"target\":{\"@type\":\"EntryPoint\",\"urlTemplate\":\"https:\/\/liked.hu\/old\/?s={search_term_string}\"},\"query-input\":\"required name=search_term_string\"}],\"inLanguage\":\"hu\"},{\"@type\":\"Organization\",\"@id\":\"https:\/\/liked.hu\/old\/#organization\",\"name\":\"Liked.hu\",\"url\":\"https:\/\/liked.hu\/old\/\",\"sameAs\":[\"https:\/\/hu.pinterest.com\/likedhungary\/\",\"https:\/\/www.youtube.com\/channel\/UCPv91dbMoIukYcM9b9nHN6Q\",\"https:\/\/www.facebook.com\/liked.hu\",\"https:\/\/twitter.com\/LikedHu\"],\"logo\":{\"@type\":\"ImageObject\",\"inLanguage\":\"hu\",\"@id\":\"https:\/\/liked.hu\/old\/#\/schema\/logo\/image\/\",\"url\":\"https:\/\/liked.hu\/wp-content\/uploads\/2018\/08\/Liked-icon.png\",\"contentUrl\":\"https:\/\/liked.hu\/wp-content\/uploads\/2018\/08\/Liked-icon.png\",\"width\":512,\"height\":512,\"caption\":\"Liked.hu\"},\"image\":{\"@id\":\"https:\/\/liked.hu\/old\/#\/schema\/logo\/image\/\"}},{\"@type\":\"Person\",\"@id\":\"https:\/\/liked.hu\/old\/#\/schema\/person\/1c8d3f8764991e8dcd6572a7de72da8a\",\"name\":\"Klingstrom\",\"image\":{\"@type\":\"ImageObject\",\"inLanguage\":\"hu\",\"@id\":\"https:\/\/liked.hu\/old\/#\/schema\/person\/image\/\",\"url\":\"https:\/\/liked.hu\/old\/wp-content\/uploads\/avatars\/13\/604de88bd578a-bpfull.jpg\",\"contentUrl\":\"https:\/\/liked.hu\/old\/wp-content\/uploads\/avatars\/13\/604de88bd578a-bpfull.jpg\",\"caption\":\"Klingstrom\"},\"url\":\"https:\/\/liked.hu\/old\/u\/klingstrom\/\"}]}<\/script>\n<!-- \/ Yoast SEO plugin. -->","yoast_head_json":{"title":"8 titokzatos t\u00e1rgy, ami m\u00e9g a tud\u00f3sokat is \u00f6sszezavarta","description":"Senki nem tud r\u00e1juk magyar\u00e1zatot tal\u00e1lni.","robots":{"index":"index","follow":"follow","max-snippet":"max-snippet:-1","max-image-preview":"max-image-preview:large","max-video-preview":"max-video-preview:-1"},"canonical":"https:\/\/liked.hu\/old\/erdekes\/8-titokzatos-targy-ami-meg-a-tudosokat-is-osszezavarta\/","next":"https:\/\/liked.hu\/old\/erdekes\/8-titokzatos-targy-ami-meg-a-tudosokat-is-osszezavarta\/2\/","og_locale":"hu_HU","og_type":"article","og_title":"8 titokzatos t\u00e1rgy, ami m\u00e9g a tud\u00f3sokat is \u00f6sszezavarta","og_description":"Senki nem tud r\u00e1juk magyar\u00e1zatot tal\u00e1lni.","og_url":"https:\/\/liked.hu\/old\/erdekes\/8-titokzatos-targy-ami-meg-a-tudosokat-is-osszezavarta\/","og_site_name":"Liked.hu","article_publisher":"https:\/\/www.facebook.com\/liked.hu","article_published_time":"2023-08-28T14:01:19+00:00","article_modified_time":"2023-08-28T14:01:26+00:00","og_image":[{"width":1200,"height":630,"url":"https:\/\/liked.hu\/old\/wp-content\/uploads\/2023\/08\/Tudosokat-osszezavaro-dolgok.jpg","type":"image\/jpeg"}],"author":"Klingstrom","twitter_card":"summary","twitter_creator":"@LikedHu","twitter_site":"@LikedHu","twitter_misc":{"Szerz\u0151:":"Klingstrom","Becs\u00fclt olvas\u00e1si id\u0151":"4 perc"},"schema":{"@context":"https:\/\/schema.org","@graph":[{"@type":"Article","@id":"https:\/\/liked.hu\/old\/erdekes\/8-titokzatos-targy-ami-meg-a-tudosokat-is-osszezavarta\/#article","isPartOf":{"@id":"https:\/\/liked.hu\/old\/erdekes\/8-titokzatos-targy-ami-meg-a-tudosokat-is-osszezavarta\/"},"author":{"name":"Klingstrom","@id":"https:\/\/liked.hu\/old\/#\/schema\/person\/1c8d3f8764991e8dcd6572a7de72da8a"},"headline":"8 titokzatos t\u00e1rgy, ami m\u00e9g a tud\u00f3sokat is \u00f6sszezavarta","datePublished":"2023-08-28T14:01:19+00:00","dateModified":"2023-08-28T14:01:26+00:00","mainEntityOfPage":{"@id":"https:\/\/liked.hu\/old\/erdekes\/8-titokzatos-targy-ami-meg-a-tudosokat-is-osszezavarta\/"},"wordCount":905,"commentCount":0,"publisher":{"@id":"https:\/\/liked.hu\/old\/#organization"},"keywords":["\u00e9rdekes","Ma tudtam meg!","rejt\u00e9lyes"],"articleSection":["\u00c9rdekess\u00e9gek"],"inLanguage":"hu","potentialAction":[{"@type":"CommentAction","name":"Comment","target":["https:\/\/liked.hu\/old\/erdekes\/8-titokzatos-targy-ami-meg-a-tudosokat-is-osszezavarta\/#respond"]}]},{"@type":"WebPage","@id":"https:\/\/liked.hu\/old\/erdekes\/8-titokzatos-targy-ami-meg-a-tudosokat-is-osszezavarta\/","url":"https:\/\/liked.hu\/old\/erdekes\/8-titokzatos-targy-ami-meg-a-tudosokat-is-osszezavarta\/","name":"8 titokzatos t\u00e1rgy, ami m\u00e9g a tud\u00f3sokat is \u00f6sszezavarta","isPartOf":{"@id":"https:\/\/liked.hu\/old\/#website"},"datePublished":"2023-08-28T14:01:19+00:00","dateModified":"2023-08-28T14:01:26+00:00","description":"Senki nem tud r\u00e1juk magyar\u00e1zatot tal\u00e1lni.","breadcrumb":{"@id":"https:\/\/liked.hu\/old\/erdekes\/8-titokzatos-targy-ami-meg-a-tudosokat-is-osszezavarta\/#breadcrumb"},"inLanguage":"hu","potentialAction":[{"@type":"ReadAction","target":["https:\/\/liked.hu\/old\/erdekes\/8-titokzatos-targy-ami-meg-a-tudosokat-is-osszezavarta\/"]}]},{"@type":"BreadcrumbList","@id":"https:\/\/liked.hu\/old\/erdekes\/8-titokzatos-targy-ami-meg-a-tudosokat-is-osszezavarta\/#breadcrumb","itemListElement":[{"@type":"ListItem","position":1,"name":"Kezd\u0151lap"}]},{"@type":"WebSite","@id":"https:\/\/liked.hu\/old\/#website","url":"https:\/\/liked.hu\/old\/","name":"Liked.hu","description":"","publisher":{"@id":"https:\/\/liked.hu\/old\/#organization"},"potentialAction":[{"@type":"SearchAction","target":{"@type":"EntryPoint","urlTemplate":"https:\/\/liked.hu\/old\/?s={search_term_string}"},"query-input":"required name=search_term_string"}],"inLanguage":"hu"},{"@type":"Organization","@id":"https:\/\/liked.hu\/old\/#organization","name":"Liked.hu","url":"https:\/\/liked.hu\/old\/","sameAs":["https:\/\/hu.pinterest.com\/likedhungary\/","https:\/\/www.youtube.com\/channel\/UCPv91dbMoIukYcM9b9nHN6Q","https:\/\/www.facebook.com\/liked.hu","https:\/\/twitter.com\/LikedHu"],"logo":{"@type":"ImageObject","inLanguage":"hu","@id":"https:\/\/liked.hu\/old\/#\/schema\/logo\/image\/","url":"https:\/\/liked.hu\/wp-content\/uploads\/2018\/08\/Liked-icon.png","contentUrl":"https:\/\/liked.hu\/wp-content\/uploads\/2018\/08\/Liked-icon.png","width":512,"height":512,"caption":"Liked.hu"},"image":{"@id":"https:\/\/liked.hu\/old\/#\/schema\/logo\/image\/"}},{"@type":"Person","@id":"https:\/\/liked.hu\/old\/#\/schema\/person\/1c8d3f8764991e8dcd6572a7de72da8a","name":"Klingstrom","image":{"@type":"ImageObject","inLanguage":"hu","@id":"https:\/\/liked.hu\/old\/#\/schema\/person\/image\/","url":"https:\/\/liked.hu\/old\/wp-content\/uploads\/avatars\/13\/604de88bd578a-bpfull.jpg","contentUrl":"https:\/\/liked.hu\/old\/wp-content\/uploads\/avatars\/13\/604de88bd578a-bpfull.jpg","caption":"Klingstrom"},"url":"https:\/\/liked.hu\/old\/u\/klingstrom\/"}]}},"publishpress_future_action":{"enabled":false,"date":"1970-01-01 01:00:00","action":"","terms":[],"taxonomy":"","browser_timezone_offset":0},"_links":{"self":[{"href":"https:\/\/liked.hu\/old\/wp-json\/wp\/v2\/posts\/310625"}],"collection":[{"href":"https:\/\/liked.hu\/old\/wp-json\/wp\/v2\/posts"}],"about":[{"href":"https:\/\/liked.hu\/old\/wp-json\/wp\/v2\/types\/post"}],"author":[{"embeddable":true,"href":"https:\/\/liked.hu\/old\/wp-json\/wp\/v2\/users\/13"}],"replies":[{"embeddable":true,"href":"https:\/\/liked.hu\/old\/wp-json\/wp\/v2\/comments?post=310625"}],"version-history":[{"count":0,"href":"https:\/\/liked.hu\/old\/wp-json\/wp\/v2\/posts\/310625\/revisions"}],"wp:featuredmedia":[{"embeddable":true,"href":"https:\/\/liked.hu\/old\/wp-json\/wp\/v2\/media\/310626"}],"wp:attachment":[{"href":"https:\/\/liked.hu\/old\/wp-json\/wp\/v2\/media?parent=310625"}],"wp:term":[{"taxonomy":"category","embeddable":true,"href":"https:\/\/liked.hu\/old\/wp-json\/wp\/v2\/categories?post=310625"},{"taxonomy":"post_tag","embeddable":true,"href":"https:\/\/liked.hu\/old\/wp-json\/wp\/v2\/tags?post=310625"}],"curies":[{"name":"wp","href":"https:\/\/api.w.org\/{rel}","templated":true}]}}