{"id":304568,"date":"2023-05-20T01:51:49","date_gmt":"2023-05-19T23:51:49","guid":{"rendered":"https:\/\/liked.hu\/old\/?p=304568"},"modified":"2023-05-20T01:51:51","modified_gmt":"2023-05-19T23:51:51","slug":"11-misztikus-festmeny-amiket-nem-olyan-egyszeru-megmagyarazni","status":"publish","type":"post","link":"https:\/\/liked.hu\/old\/erdekes\/11-misztikus-festmeny-amiket-nem-olyan-egyszeru-megmagyarazni\/","title":{"rendered":"11 misztikus festm\u00e9ny, amiket nem olyan egyszer\u0171 megmagyar\u00e1zni"},"content":{"rendered":"\n<p>A nagy m\u0171v\u00e9szek j\u00f3l ismert munk\u00e1i k\u00f6z\u00f6tt vannak olyan \u201e\u00f6rd\u00f6gi festm\u00e9nyek\u201d is, amikr\u0151l nem k\u00f6nny\u0171 levenni a szem\u00fcnket. B\u00e1r l\u00e1tsz\u00f3lag semmi sz\u00f6rny\u0171 nem t\u00f6rt\u00e9nik rajtuk, valami\u00e9rt m\u00e9gis libab\u0151r\u00f6s lesz t\u0151l\u00fck az ember. Mindez annak k\u00f6sz\u00f6nhet\u0151, hogy a tehets\u00e9ges fest\u0151k rendk\u00edv\u00fcl \u00fcgyesen tudnak j\u00e1tszani az \u00e9rzelmeinkkel: sz\u00e1nd\u00e9kosan s\u00e9rtik meg az ar\u00e1nyokat \u00e9s k\u00eds\u00e9rleteznek a sz\u00f6gekkel, vagy \u00e9pp adnak hozz\u00e1 olyan r\u00e9szleteket a festm\u00e9nyekhez, amikkel enyhe szorong\u00e1st keltenek a n\u00e9z\u0151kben.<\/p>\n\n\n\n\n<div style=\"float:none;margin:0px 0 0px 0;text-align:center;\">\n<div class=\"mobileShowkakettes\"><div class=\"mobileShowka2\"><div style=\"padding-top:0px;padding-bottom:15px;min-height: 300px;\"><div class=\"hirdetes\">HIRDET\u00c9S<\/div>\n<!-- 300lista -->\n<ins class=\"adsbygoogle\"\n     style=\"display:inline-block;width:300px;height:250px\"\n     data-ad-client=\"ca-pub-9424088931673893\"\n     data-ad-slot=\"8471340766\"><\/ins>\n<script async>\n     (adsbygoogle = window.adsbygoogle || []).push({});\n<\/script><\/div><\/div><\/div><\/div>\n\n\n\n\n<p>Olykor a festm\u00e9nyek titokzatos t\u00f6rt\u00e9nete az, ami er\u0151sen befoly\u00e1solja, hogy mik\u00e9nt is tekintenek r\u00e1juk az emberek. A <strong>Liked.hu<\/strong>-n\u00e1l most olyan leny\u0171g\u00f6z\u0151 festm\u00e9nyeket gy\u0171jt\u00f6tt\u00fcnk \u00f6ssze, amik k\u00fcl\u00f6nf\u00e9le okokb\u00f3l kifoly\u00f3lag r\u00e9m\u00edtik hal\u00e1lra a n\u00e9z\u0151t.<\/p>\n\n\n\n<div class=\"wp-block-buzzeditor-list be-list be-list-type-desc be-list-number-style-none\">\n<div class=\"wp-block-buzzeditor-list-item\"><h3 class=\"be-list-item-title\"><span style=\"color:;background-color:;border-color:\" class=\"be-list-item-number\">11<\/span> <span style=\"color:;background-color:;border-color:\" class=\"be-list-item-text\">Ivan Kramskoy: Somnambulant (1871)<\/span><\/h3>\n<figure class=\"wp-block-image size-full\"><img loading=\"lazy\" width=\"728\" height=\"1176\" src=\"https:\/\/liked.hu\/old\/wp-content\/uploads\/2023\/05\/Titokzatos-festmenyek-020.jpg.webp\" alt=\"Titokzatos festm\u00e9nyek 020.jpg\" class=\"wp-image-304581\"\/><figcaption><a rel=\"noreferrer noopener\" href=\"https:\/\/ru.wikipedia.org\/wiki\/%D0%A4%D0%B0%D0%B9%D0%BB:Kramskoi_somnambule.jpg\" target=\"_blank\">\u00a9&nbsp;\u0421\u043e\u043c\u043d\u0430\u043c\u0431\u0443\u043b\u0430 \/ \u0418\u0432\u0430\u043d \u041d\u0438\u043a\u043e\u043b\u0430\u0435\u0432\u0438\u0447 \u041a\u0440\u0430\u043c\u0441\u043a\u043e\u0439 \/ Wikimedia Commons<\/a><\/figcaption><\/figure>\n\n\n\n<p>A &#8222;Somnambulant&#8221;, vagy az eredeti orosz c\u00edm\u00e9n &#8222;\u0421\u043e\u043c\u043d\u0430\u043c\u0431\u0443\u043b\u0430&#8221; c\u00edm\u0171 festm\u00e9ny Ivan Kramskoy m\u0171v\u00e9sz alkot\u00e1sa, melyet 1871-ben festett. A k\u00e9p egy fiatal n\u0151t \u00e1br\u00e1zol, aki elmer\u00fclten s\u00e9t\u00e1l egy \u00e9jszakai v\u00e1ros utc\u00e1in, mik\u00f6zben aluszik.<\/p>\n\n\n\n<p>Annak ellen\u00e9re, hogy a festm\u00e9ny egy nagyon h\u00edres m\u0171alkot\u00e1s, a &#8222;Somnambulant&#8221; titokzatos maradt a m\u0171v\u00e9szett\u00f6rt\u00e9n\u00e9szek sz\u00e1m\u00e1ra, t\u00f6bb okb\u00f3l is kifoly\u00f3lag. El\u0151sz\u00f6r is, Ivan Kramskoy maga nem adott semmilyen r\u00e9szletes magyar\u00e1zatot a festm\u00e9nyr\u0151l. Nem voltak feljegyz\u00e9sei vagy levelei, amelyek seg\u00edtettek volna meg\u00e9rteni a k\u00e9p m\u00f6g\u00f6tti jelent\u00e9st. Ennek eredm\u00e9nyek\u00e9nt sok elm\u00e9let \u00e9s magyar\u00e1zat kering a festm\u00e9nyr\u0151l, de egyik sem teljesen biztos.<\/p>\n\n\n\n<p>M\u00e1sodszor, a k\u00e9p \u00e1ltal\u00e1nos hangulata titokzatos, s\u00f6t\u00e9t \u00e9s misztikus. Az utca, amelyen s\u00e9t\u00e1l, hom\u00e1lyos \u00e9s halv\u00e1ny, ami azt sugallja, hogy valami nyugtalan\u00edt\u00f3 t\u00f6rt\u00e9nik. V\u00e9g\u00fcl pedig a k\u00e9pen l\u00e1that\u00f3 n\u0151 olyan \u00e1llapotban van, amelyet \u00e1ltal\u00e1ban nem szoktunk l\u00e1tni. A somnambulizmus (\u00e1lomj\u00e1r\u00e1s) ritka \u00e1llapot, amikor valaki alv\u00e1s k\u00f6zben s\u00e9t\u00e1l \u00e9s tev\u00e9kenys\u00e9geket v\u00e9gez an\u00e9lk\u00fcl, hogy tudna r\u00f3la. Ez a t\u00e9ny \u00f6nmag\u00e1ban is rejt\u00e9lyess\u00e9 teszi a k\u00e9pet. \u00d6sszess\u00e9g\u00e9ben teh\u00e1t a &#8222;Somnambulant&#8221; egy rendk\u00edv\u00fcl titokzatos festm\u00e9ny maradt mind a mai napig, \u00e9s tov\u00e1bbra is sokat vitatkoznak a m\u00f6g\u00f6tte \u00e1ll\u00f3 jelent\u00e9sr\u0151l \u00e9s \u00fczenetr\u0151l.<\/p>\n<\/div>\n\n\n\n<div class=\"wp-block-buzzeditor-list-item\"><h3 class=\"be-list-item-title\"><span style=\"color:;background-color:;border-color:\" class=\"be-list-item-number\">10<\/span> <span style=\"color:;background-color:;border-color:\" class=\"be-list-item-text\">Henry John Stock: A pale and glimmering light appeared before him (1879)<\/span><\/h3>\n<figure class=\"wp-block-image size-full\"><img loading=\"lazy\" width=\"728\" height=\"540\" src=\"https:\/\/liked.hu\/old\/wp-content\/uploads\/2023\/05\/Titokzatos-festmenyek-019.jpg.webp\" alt=\"Titokzatos festm\u00e9nyek 019.jpg\" class=\"wp-image-304580\"\/><figcaption><a rel=\"noreferrer noopener\" href=\"https:\/\/commons.wikimedia.org\/wiki\/File:Henry_John_Stock_-_A_pale_and_glimmering_light_appeared_before_him.jpg\" target=\"_blank\">\u00a9&nbsp;A pale and glimmering light appeared before him \/ Henry John Stock \/ Christie&#8217;s \/ Wikimedia Commons<\/a><\/figcaption><\/figure>\n\n\n\n<p>A brit fest\u0151 \u00e1ltal k\u00e9sz\u00edtett h\u00e1tborzongat\u00f3 hangulat\u00fa akvarell festm\u00e9nye egy jelenetet illusztr\u00e1l a Carl Theodor K\u00f6rner &#8222;A h\u00e1rfa&#8221; c\u00edm\u0171 m\u0171v\u00e9b\u0151l. A t\u00f6rt\u00e9net egy ifj\u00fa p\u00e1r, Edward \u00e9s Josephine szerelmi t\u00f6rt\u00e9net\u00e9r\u0151l sz\u00f3l, akik szeretnek est\u00e9nk\u00e9nt fuvol\u00e1zni \u00e9s h\u00e1rf\u00e1zni. Azonban boldogs\u00e1guk r\u00f6vid \u00e9let\u0171, mert Josephine megbetegszik \u00e9s Edward meg\u00f6zvegy\u00fcl.<\/p>\n\n\n\n<p>Edward b\u00e1nat\u00e1ban meg\u0151rzi a szob\u00e1t \u00fagy, ahogy Josephine hagyta, \u00e9s amkor egy \u00e9jszaka bel\u00e9p oda, hogy elj\u00e1tssza a kedvenc fuvola dallam\u00e1t, hirtelen megjelenik halv\u00e1ny szellemk\u00e9nt a kedvese, a h\u00e1rfa pedig mag\u00e1t\u00f3l kezd j\u00e1tszani. Ezt a pillanatot \u00e1br\u00e1zolja a fest\u0151.<\/p>\n\n\n\n\n<div style=\"float:none;margin:0px 0 0px 0;text-align:center;\">\n<div class=\"mobileHideke5\"><div style=\"margin-top:25px;\"><div class=\"hirdeteshatter\"><div style=\"display: inline-block;width: 50%;min-width:305px;vertical-align: top;\"><div class=\"hirdetes\">HIRDET\u00c9S<\/div>\n<!-- LikedQ51 -->\n<ins class=\"adsbygoogle\"\n     style=\"display:inline-block;width:300px;height:250px\"\n     data-ad-client=\"ca-pub-9424088931673893\"\n     data-ad-slot=\"8284063326\"><\/ins>\n<script async>\n     (adsbygoogle = window.adsbygoogle || []).push({});\n<\/script><\/div><div style=\"display: inline-block;width: 50%;min-width:305px;vertical-align: top;\"><div class=\"hirdetes\">HIRDET\u00c9S<\/div>\n<!-- LikedQ52 -->\n<ins class=\"adsbygoogle\"\n     style=\"display:inline-block;width:300px;height:250px\"\n     data-ad-client=\"ca-pub-9424088931673893\"\n     data-ad-slot=\"2840164950\"><\/ins>\n<script async>\n     (adsbygoogle = window.adsbygoogle || []).push({});\n<\/script><\/div><\/div><\/div><\/div>\n<div style=\"display:flex;flex-direction:column;\"><div class=\"mobileShowka5\"><div style=\"padding-top:10px;padding-bottom:10px;min-height: 300px;\"><div class=\"hirdetes\">HIRDET\u00c9S<\/div>\n<!-- LikedQ5M -->\n<ins class=\"adsbygoogle\"\n     style=\"display:inline-block;width:300px;height:250px\"\n     data-ad-client=\"ca-pub-9424088931673893\"\n     data-ad-slot=\"9022429928\"><\/ins>\n<script async>\n     (adsbygoogle = window.adsbygoogle || []).push({});\n<\/script><\/div><\/div><\/div><\/div>\n\n<\/div>\n\n\n\n<div class=\"wp-block-buzzeditor-list-item\"><h3 class=\"be-list-item-title\"><span style=\"color:;background-color:;border-color:\" class=\"be-list-item-number\">9<\/span> <span style=\"color:;background-color:;border-color:\" class=\"be-list-item-text\">Alekszej Szavraszov: Autumn forest. Kuntsevo. Damn place. (1872)<\/span><\/h3>\n<figure class=\"wp-block-image size-full\"><img loading=\"lazy\" width=\"728\" height=\"1008\" src=\"https:\/\/liked.hu\/old\/wp-content\/uploads\/2023\/05\/Titokzatos-festmenyek-018.jpg.webp\" alt=\"Titokzatos festm\u00e9nyek 018.jpg\" class=\"wp-image-304579\"\/><figcaption><a rel=\"noreferrer noopener\" href=\"https:\/\/commons.wikimedia.org\/wiki\/File:Savrasov_Osenniy_les_Kuntsevo_prokljatoe_mesto.jpg\" target=\"_blank\">\u00a9&nbsp;\u041e\u0441\u0435\u043d\u043d\u0438\u0439 \u043b\u0435\u0441. \u041a\u0443\u043d\u0446\u0435\u0432\u043e. \u041f\u0440\u043e\u043a\u043b\u044f\u0442\u043e\u0435 \u043c\u0435\u0441\u0442\u043e \/ \u0410\u043b\u0435\u043a\u0441\u0435\u0439 \u041a\u043e\u043d\u0434\u0440\u0430\u0442\u044c\u0435\u0432\u0438\u0447 \u0421\u0430\u0432\u0440\u0430\u0441\u043e\u0432 \/ Wikimedia Commons<\/a><\/figcaption><\/figure>\n\n\n\n<p>A festm\u00e9ny egy olyan helyet \u00e1br\u00e1zol, amely Moszkva nyugati r\u00e9sz\u00e9n tal\u00e1lhat\u00f3. A m\u0171v\u00e9sz annak az ok\u00e1t szerette volna meg\u00e9rteni, hogy mi\u00e9rt nevezik &#8222;el\u00e1tkozottnak&#8221; ezt a helyet, ez\u00e9rt \u00fatnak indult Kuntsevo fel\u00e9.<\/p>\n\n\n\n<p>Kuntsevohoz kapcsol\u00f3dik n\u00e9h\u00e1ny legenda. Az egyik ilyen szerint ezen a ter\u00fcleten \u00e1llt egy templom, amely egy \u00e9jszaka sor\u00e1n egyszer\u0171en elt\u0171nt a f\u00f6ld sz\u00edn\u00e9r\u0151l. A m\u00e1sik ilyen szerint a telep\u00fcl\u00e9shez k\u00f6zeli patakmedrekben m\u00e9g ma is sz\u00e1mos \u201e\u00f6rd\u00f6gujjnak\u201d nevezett k\u00f6v\u00fclet \u2013 belemnit \u2013 tal\u00e1lhat\u00f3.&nbsp;A m\u0171v\u00e9sz err\u0151l a holt mocsaras helyr\u0151l alkotott benyom\u00e1s\u00e1t t\u00fckr\u00f6zte vissza a k\u00e9pen.<\/p>\n<\/div>\n\n\n\n<div class=\"wp-block-buzzeditor-list-item\"><h3 class=\"be-list-item-title\"><span style=\"color:;background-color:;border-color:\" class=\"be-list-item-number\">8<\/span> <span style=\"color:;background-color:;border-color:\" class=\"be-list-item-text\">Henry Fuseli: A r\u00e9m\u00e1lom (1790)<\/span><\/h3>\n<figure class=\"wp-block-image size-full\"><img loading=\"lazy\" width=\"728\" height=\"914\" src=\"https:\/\/liked.hu\/old\/wp-content\/uploads\/2023\/05\/Titokzatos-festmenyek-017.jpg.webp\" alt=\"Titokzatos festm\u00e9nyek 017.jpg\" class=\"wp-image-304578\"\/><figcaption><a rel=\"noreferrer noopener\" href=\"https:\/\/commons.wikimedia.org\/wiki\/File:Johann_Heinrich_F%C3%BCssli_053.jpg\" target=\"_blank\">\u00a9&nbsp;&nbsp;<br>The Nightmare \/ Henry Fuseli \/ Directmedia \/ Wikimedia Commons<\/a><\/figcaption><\/figure>\n\n\n\n<p>Ez egy n\u00e9gy hasonl\u00f3 festm\u00e9nyb\u0151l \u00e1ll\u00f3 sorozat. Egy elm\u00e9let szerint a m\u0171v\u00e9sz az alv\u00e1si paral\u00edzisb\u0151l mer\u00edtett ihletet. Fuseli felfedezte, hogy ezek az \u00e9lm\u00e9nyek kapcsol\u00f3dnak bizonyos folkl\u00f3r hiedelmekhez, mint p\u00e9ld\u00e1ul a germ\u00e1n t\u00fcnd\u00e9rmes\u00e9k a d\u00e9monokr\u00f3l \u00e9s boszork\u00e1nyokr\u00f3l, akik megl\u00e1togatt\u00e1k az egyed\u00fcl alv\u00f3 embereket. Ez\u00e9rt \u00daj-Fundlandban az alv\u00e1sparal\u00edzist &#8222;az \u00f6reg boszork\u00e1ny szindr\u00f3m\u00e1j\u00e1nak&#8221; nevezik.<\/p>\n\n\n\n<p>\u00c9rdekes, hogy ez a festm\u00e9ny hat\u00e1ssal lehetett Mary Shelley-re, \u00e9s arra inspir\u00e1lta \u0151t, hogy meg\u00edrja a Frankenstein c\u00edm\u0171 reg\u00e9ny egyik jelenet\u00e9t. Edgar Allan Poe is eml\u00edtette a fest\u0151t &#8222;Az Usher-h\u00e1z v\u00e9ge&#8221; c\u00edm\u0171 novell\u00e1j\u00e1ban. Ott a h\u0151s \u00f6sszehasonl\u00edtja a h\u00e1zban l\u00e9v\u0151 k\u00e9pet F\u00fcseli munk\u00e1j\u00e1val, \u00e9s azt mondja: &#8222;Fokozatosan f\u00e9kezhetetlen remeg\u00e9s fogta el a testemet; \u00e9s v\u00e9g\u00fcl egy teljesen indokolatlan szorong\u00e1s \u00fclt a sz\u00edvemben.&#8221;<\/p>\n\n\n\n\n<div style=\"float:none;margin:0px 0 0px 0;text-align:center;\">\n<div class=\"mobileHideke8\"><div style=\"margin-top:25px;\"><div class=\"hirdeteshatter\"><div style=\"display: inline-block;width: 50%;min-width:340px;vertical-align: top;\"><div class=\"hirdetes\">HIRDET\u00c9S<\/div>\n<!-- Liked7Q1 -->\n<ins class=\"adsbygoogle\"\n     style=\"display:inline-block;width:336px;height:280px\"\n     data-ad-client=\"ca-pub-9424088931673893\"\n     data-ad-slot=\"3022062587\"><\/ins>\n<script async>\n     (adsbygoogle = window.adsbygoogle || []).push({});\n<\/script><\/div><div style=\"display: inline-block;width: 50%;min-width:340px;vertical-align: top;\"><div class=\"hirdetes\">HIRDET\u00c9S<\/div>\n<!-- Liked7Q2 -->\n<ins class=\"adsbygoogle\"\n     style=\"display:inline-block;width:336px;height:280px\"\n     data-ad-client=\"ca-pub-9424088931673893\"\n     data-ad-slot=\"3952000871\"><\/ins>\n<script async>\n     (adsbygoogle = window.adsbygoogle || []).push({});\n<\/script><\/div><\/div><\/div><\/div>\n<div style=\"display:flex;flex-direction:column;\"><div class=\"mobileShowka8\"><div style=\"padding-top:15px;margin-bottom:15px;min-height: 300px;\"><div class=\"hirdetes\">HIRDET\u00c9S<\/div>\n<!-- Liked7QMobil -->\n<ins class=\"adsbygoogle\"\n     style=\"display:inline-block;width:336px;height:280px\"\n     data-ad-client=\"ca-pub-9424088931673893\"\n     data-ad-slot=\"5073510857\"><\/ins>\n<script async>\n     (adsbygoogle = window.adsbygoogle || []).push({});\n<\/script><\/div><\/div><\/div><\/div>\n\n<\/div>\n\n\n\n<div class=\"wp-block-buzzeditor-list-item\"><h3 class=\"be-list-item-title\"><span style=\"color:;background-color:;border-color:\" class=\"be-list-item-number\">7<\/span> <span style=\"color:;background-color:;border-color:\" class=\"be-list-item-text\">William Waterhouse: The Lady of Shalott (1888)<\/span><\/h3>\n<figure class=\"wp-block-image size-full\"><img loading=\"lazy\" width=\"728\" height=\"558\" src=\"https:\/\/liked.hu\/old\/wp-content\/uploads\/2023\/05\/Titokzatos-festmenyek-016.jpg.webp\" alt=\"Titokzatos festm\u00e9nyek 016.jpg\" class=\"wp-image-304577\"\/><figcaption><a rel=\"noreferrer noopener\" href=\"https:\/\/commons.wikimedia.org\/wiki\/File:John_William_Waterhouse_-_The_Lady_of_Shalott_-_Google_Art_Project_edit.jpg\" target=\"_blank\">\u00a9&nbsp;&nbsp;<br>The Lady of Shalott \/ John William Waterhouse \/ Tate, London, 2011 \/ Wikimedia Commons<\/a><\/figcaption><\/figure>\n\n\n\n<p>Waterhouse festm\u00e9ny\u00e9t Alfred Tennyson \u201eThe Lady of Shalott\u201d c\u00edm\u0171 k\u00f6ltem\u00e9nye ihlette. A vers egy l\u00e1ny t\u00f6rt\u00e9net\u00e9t mes\u00e9li el, akit el\u00e1tkoznak \u00e9s egy toronyban ragad, ahol \u00f6r\u00f6kk\u00e9 egy hossz\u00fa v\u00e1szont sz\u0151. Tilos elhagynia a tornyot, m\u00e9g az ablakon sem n\u00e9zhet ki. A szob\u00e1j\u00e1ban azonban mindig l\u00f3k egy hatalmas t\u00fck\u00f6r, amely visszat\u00fckr\u00f6zi a k\u00f6rnyez\u0151 vil\u00e1got. Egy nap megl\u00e1tja, ahogy Sir Lancelot \u00e9ppen lovagol, ez\u00e9rt odaszalad az ablakhoz, hogy megn\u00e9zze. Ebben a pillanatban beteljesedik az \u00e1tok, sz\u00e9tfoszlik a v\u00e1szon \u00e9s megreped a t\u00fck\u00f6r.<\/p>\n\n\n\n<p>A h\u0151sn\u0151 ebben a pillanatban r\u00e1d\u00f6bben, hogy mekkora hib\u00e1t k\u00f6vetett el, ez\u00e9rt elmenek\u00fcl a toronyb\u00f3l. A foly\u00f3 partj\u00e1n tal\u00e1l egy cs\u00f3nakot, \u00e9s elindul vele a foly\u00f3 ment\u00e9n, mik\u00f6zben egy szomor\u00fa dalt \u00e9nekel. Waterhouse ezt a pillanatot \u00e1br\u00e1zolja. A l\u00e1ny el\u0151re l\u00e1tja a sors\u00e1t, \u00e9s tudja, hogy nem v\u00e1r r\u00e1 sem boldogs\u00e1g, sem szerelem az \u00e9letben.<\/p>\n<\/div>\n\n\n\n<div class=\"wp-block-buzzeditor-list-item\"><h3 class=\"be-list-item-title\"><span style=\"color:;background-color:;border-color:\" class=\"be-list-item-number\">6<\/span> <span style=\"color:;background-color:;border-color:\" class=\"be-list-item-text\">Marianne Stokes: A hal\u00e1l \u00e9s a l\u00e1nyka (1908)<\/span><\/h3>\n<figure class=\"wp-block-image size-full\"><img loading=\"lazy\" width=\"728\" height=\"499\" src=\"https:\/\/liked.hu\/old\/wp-content\/uploads\/2023\/05\/Titokzatos-festmenyek-015.jpg.webp\" alt=\"Titokzatos festm\u00e9nyek 015.jpg\" class=\"wp-image-304576\"\/><figcaption><a rel=\"noreferrer noopener\" href=\"https:\/\/commons.wikimedia.org\/wiki\/File:La_Jeune_Fille_et_la_Mort-Marianne_Stokes-IMG_8224.JPG\" target=\"_blank\">\u00a9&nbsp;&nbsp;A hal\u00e1l \u00e9s a l\u00e1nyka \/ Marianne Stokes \/ Rama, Cc-by-sa-2.0-fr \/ Wikimedia Commons<\/a><\/figcaption><\/figure>\n\n\n\n<p>A k\u00e9pen egy s\u00f6t\u00e9t angyal l\u00e1that\u00f3, aki n\u0151i alakban jelenik meg, \u00e9s elbesz\u00e9lget egy fiatal l\u00e1nygyermekkel. A pisl\u00e1kol\u00f3 l\u00e1mp\u00e1s, a beteg le\u00e1nyt \u00f6lel\u0151 sz\u00e1rny \u00e9s a lehullott vir\u00e1gok egy\u00e9rtelm\u0171v\u00e9 teszik, hogy milyen esem\u00e9nyek fognak t\u00f6rt\u00e9nni ezut\u00e1n. Egy\u00fattal ezek adj\u00e1k ennek a k\u00e9pnek a maga keser\u0171, csendes borzalm\u00e1t.<\/p>\n<\/div>\n\n\n\n<!--nextpage-->\n\n\n\n<div class=\"wp-block-buzzeditor-list-item\"><h3 class=\"be-list-item-title\"><span style=\"color:;background-color:;border-color:\" class=\"be-list-item-number\">5<\/span> <span style=\"color:;background-color:;border-color:\" class=\"be-list-item-text\">Hugues Merle &#8211; The Lunatic of Etretat (1871)<\/span><\/h3>\n<figure class=\"wp-block-image size-full\"><img loading=\"lazy\" width=\"728\" height=\"1145\" src=\"https:\/\/liked.hu\/old\/wp-content\/uploads\/2023\/05\/Titokzatos-festmenyek-014.jpg.webp\" alt=\"Titokzatos festm\u00e9nyek 014.jpg\" class=\"wp-image-304575\"\/><figcaption><a rel=\"noreferrer noopener\" href=\"https:\/\/commons.wikimedia.org\/wiki\/File:Hugues_Merle_-_3696276.jpg\" target=\"_blank\">\u00a9&nbsp;The Lunatic of Etretat \/ Hugues Merle \/ Wikimedia Commons<\/a><\/figcaption><\/figure>\n\n\n\n<p>A francia m\u0171v\u00e9sz v\u00e1szna egy mez\u00edtl\u00e1bas, \u00e1polatlan n\u0151alakot \u00e1br\u00e1zol egy k\u00fatn\u00e1l, aki \u00fagy szorongatja a far\u00f6nk\u00f6t, mintha csecsem\u0151 volna. Szentiment\u00e1lis k\u00e9pnek t\u0171nik, de Hugues Merle a teljes, s\u0151t hiszt\u00e9rikus k\u00e9ts\u00e9gbees\u00e9s jelk\u00e9p\u00e9v\u00e9 var\u00e1zsolja. A k\u00e9p neve (Etretat \u0151r\u00fcltje) a h\u0151sn\u0151 lelki\u00e1llapot\u00e1t t\u00fckr\u00f6zi.<\/p>\n\n\n\n<p>A n\u0151 arca a szenved\u00e9s \u00e1larca, mik\u00f6zben nem az alv\u00f3 gyerek\u00e9t r\u00e1zza, hanem egy fahas\u00e1bot. Elvesztette a gyermek\u00e9t \u00e9s most gy\u00e1szolja, vagy meg\u0151r\u00fclt a gyermek ut\u00e1ni v\u00e1gyt\u00f3l? A m\u0171v\u00e9sz sosem v\u00e1laszolt erre a k\u00e9rd\u00e9sre.<\/p>\n<\/div>\n\n\n\n<div class=\"wp-block-buzzeditor-list-item\"><h3 class=\"be-list-item-title\"><span style=\"color:;background-color:;border-color:\" class=\"be-list-item-number\">4<\/span> <span style=\"color:;background-color:;border-color:\" class=\"be-list-item-text\">Aksel Waldemar Johannessen: Die Nacht (1920)<\/span><\/h3>\n<figure class=\"wp-block-image size-full\"><img loading=\"lazy\" width=\"728\" height=\"577\" src=\"https:\/\/liked.hu\/old\/wp-content\/uploads\/2023\/05\/Titokzatos-festmenyek-013.jpeg.webp\" alt=\"Titokzatos festm\u00e9nyek 013.jpeg\" class=\"wp-image-304574\"\/><figcaption><a rel=\"noreferrer noopener\" href=\"https:\/\/commons.wikimedia.org\/wiki\/File:Johannessen_-_Die_Nacht_-_ca_1920.jpeg\" target=\"_blank\">\u00a9&nbsp;The night \/ Aksel Waldemar Johannessen \/ Wikimedia Commons<\/a><\/figcaption><\/figure>\n\n\n\n<p>A festm\u00e9nyt Axel Valdemar Johannessen norv\u00e9g fest\u0151 k\u00e9sz\u00edtette, akinek munk\u00e1ss\u00e1g\u00e1t csak a hal\u00e1la ut\u00e1n ismert\u00e9k el igaz\u00e1n. Festm\u00e9nyei lehet\u0151v\u00e9 teszik, hogy az emberi l\u00e9t nyugtalan\u00edt\u00f3 szakad\u00e9k\u00e1ba n\u00e9zz\u00fcnk. Az \u201e\u00c9jszaka\u201d c\u00edm\u0171 festm\u00e9nyr\u0151l a rem\u00e9nytelens\u00e9g, a kil\u00e1t\u00e1stalans\u00e1g, \u00e9s a rem\u00e9nytelen s\u00f6t\u00e9ts\u00e9g \u00e9rz\u00e9se \u00e1rad. A m\u0171v\u00e9sz az \u00e9jszak\u00e1t a r\u00e9m\u00e1lmok, a hallucin\u00e1ci\u00f3k \u00e9s a hat\u00e1rtalan emberi mag\u00e1ny id\u0151szakak\u00e9nt \u00edrja le.<\/p>\n<\/div>\n\n\n\n<div class=\"wp-block-buzzeditor-list-item\"><h3 class=\"be-list-item-title\"><span style=\"color:;background-color:;border-color:\" class=\"be-list-item-number\">3<\/span> <span style=\"color:;background-color:;border-color:\" class=\"be-list-item-text\">Odilon Redon: A s\u00edr\u00f3 p\u00f3k (1881)<\/span><\/h3>\n<figure class=\"wp-block-image size-full\"><img loading=\"lazy\" width=\"728\" height=\"967\" src=\"https:\/\/liked.hu\/old\/wp-content\/uploads\/2023\/05\/Titokzatos-festmenyek-012.jpg.webp\" alt=\"Titokzatos festm\u00e9nyek 012.jpg\" class=\"wp-image-304573\"\/><figcaption><a rel=\"noreferrer noopener\" href=\"https:\/\/commons.wikimedia.org\/wiki\/File:Redon_crying-spider.jpg?uselang=ru\" target=\"_blank\">\u00a9&nbsp;&nbsp;<br>A s\u00edr\u00f3 p\u00f3k \/ Odilon Redon \/ Wikimedia Commons<\/a><\/figcaption><\/figure>\n\n\n\n<p>A francia szimbolista m\u0171v\u00e9sz, Odilon Redon sz\u00e9nfestm\u00e9nye a munk\u00e1ss\u00e1g\u00e1nak \u00fagynevezett \u201efekete\u201d id\u0151szak\u00e1hoz tartozik. Gyermekkor\u00e1t\u00f3l kezdve a m\u0171v\u00e9szt gyakori szorong\u00e1s \u00e9s melank\u00f3lia \u00f6vezte. Elb\u0171v\u00f6lte \u0151t az emberi elme tudatalatti f\u00e9lelme, ami a festm\u00e9nyein is t\u00fckr\u00f6z\u0151d\u00f6tt.<\/p>\n\n\n\n\n<div style=\"float:none;margin:0px 0 0px 0;text-align:center;\">\n<div class=\"mobileHideke8\"><div class=\"hirdeteshatter\"><div style=\"display: inline-block;width: 50%;min-width:340px;vertical-align: top;\"><div class=\"hirdetes\">HIRDET\u00c9S<\/div>\n<!-- LikedQ81 -->\n<ins class=\"adsbygoogle\"\n     style=\"display:inline-block;width:336px;height:280px\"\n     data-ad-client=\"ca-pub-9424088931673893\"\n     data-ad-slot=\"2436840276\"><\/ins>\n<script async>\n     (adsbygoogle = window.adsbygoogle || []).push({});\n<\/script><\/div><div style=\"display: inline-block;width: 50%;min-width:340px;vertical-align: top;\"><div class=\"hirdetes\">HIRDET\u00c9S<\/div>\n<!-- LikedQ82 -->\n<ins class=\"adsbygoogle\"\n     style=\"display:inline-block;width:336px;height:280px\"\n     data-ad-client=\"ca-pub-9424088931673893\"\n     data-ad-slot=\"3558350253\"><\/ins>\n<script async>\n     (adsbygoogle = window.adsbygoogle || []).push({});\n<\/script><\/div><\/div><\/div>\n<div style=\"display:flex;flex-direction:column;\"><div class=\"mobileShowka8 nyolc\"><div style=\"padding-top:15px;padding-bottom:5px;min-height: 300px;\"><div class=\"hirdetes\">HIRDET\u00c9S<\/div>\n<!-- LikedQ8M -->\n<ins class=\"adsbygoogle\"\n     style=\"display:inline-block;width:336px;height:280px\"\n     data-ad-client=\"ca-pub-9424088931673893\"\n     data-ad-slot=\"4679860235\"><\/ins>\n<script async>\n     (adsbygoogle = window.adsbygoogle || []).push({});\n<\/script><\/div><\/div><\/div><\/div>\n\n<\/div>\n\n\n\n<div class=\"wp-block-buzzeditor-list-item\"><h3 class=\"be-list-item-title\"><span style=\"color:;background-color:;border-color:\" class=\"be-list-item-number\">2<\/span> <span style=\"color:;background-color:;border-color:\" class=\"be-list-item-text\">Victor Borisov-Musatov: Phantoms (1903)<\/span><\/h3>\n<figure class=\"wp-block-image size-full\"><img loading=\"lazy\" width=\"728\" height=\"589\" src=\"https:\/\/liked.hu\/old\/wp-content\/uploads\/2023\/05\/Titokzatos-festmenyek-011.jpg.webp\" alt=\"Titokzatos festm\u00e9nyek 011.jpg\" class=\"wp-image-304572\"\/><figcaption><a rel=\"noreferrer noopener\" href=\"https:\/\/commons.wikimedia.org\/wiki\/File:BorisovMusatov_Phantoms.JPG\" target=\"_blank\">\u00a9&nbsp;&nbsp;<br>Phantoms \/ Victor Borisov-Musatov \/ Wikimedia Commons<\/a><\/figcaption><\/figure>\n\n\n\n<p>Victor Borisov mesternek sz\u00e1m\u00edtott a \u201enemesi f\u00e9szkek\u201d \u00e1br\u00e1zol\u00e1s\u00e1ban. A k\u00e9pen egy t\u00e1j l\u00e1that\u00f3 a Zubrilovskaya birtok d\u00e9li homlokzat\u00e1val. A fest\u0151 alkot\u00e1s\u00e1b\u00f3l b\u00facs\u00fahangulat \u00e9s melank\u00f3lia \u00e1rad. A m\u0171v\u00e9sz mintha egy \u00e1ttetsz\u0151 f\u00e1tyol m\u00f6g\u00fcl n\u00e9zn\u00e9 a vil\u00e1got, a k\u00e9p elemeinek aszimmetrikus elhelyez\u00e9se pedig a spontaneit\u00e1s benyom\u00e1s\u00e1t kelti.<\/p>\n\n\n\n<p>A fest\u0151 n\u0151v\u00e9re \u00fagy magyar\u00e1zta a k\u00e9pet, hogy az \u00fcresen \u00e1ll\u00f3 f\u00f6ldbirtokos h\u00e1z \u201esz\u00e9pen lassan a m\u00falt\u00e9 v\u00e1lik\u201d, a tulaj\u00e1nak \u00e9lete v\u00e9g\u00e9hez k\u00f6zeledve. Ez\u00e9rt van a k\u00e9p el\u0151ter\u00e9ben egy t\u00e1volod\u00f3 k\u00eds\u00e9rteties n\u0151i alak.<\/p>\n<\/div>\n\n\n\n<div class=\"wp-block-buzzeditor-list-item\"><h3 class=\"be-list-item-title\"><span style=\"color:;background-color:;border-color:\" class=\"be-list-item-number\">1<\/span> <span style=\"color:;background-color:;border-color:\" class=\"be-list-item-text\">Valentin Serov, L\u00e1ny \u0151szibarackkal (1887) \u2013 Mikhail Vrubel, Tamara a kopors\u00f3ban (1891)<\/span><\/h3>\n<figure class=\"wp-block-image size-full\"><img loading=\"lazy\" width=\"728\" height=\"489\" src=\"https:\/\/liked.hu\/old\/wp-content\/uploads\/2023\/05\/Titokzatos-festmenyek-010.jpg.webp\" alt=\"Titokzatos festm\u00e9nyek 010.jpg\" class=\"wp-image-304571\"\/><figcaption><a rel=\"noreferrer noopener\" href=\"https:\/\/commons.wikimedia.org\/wiki\/File:Valentin_Serov_-_%D0%94%D0%B5%D0%B2%D0%BE%D1%87%D0%BA%D0%B0_%D1%81_%D0%BF%D0%B5%D1%80%D1%81%D0%B8%D0%BA%D0%B0%D0%BC%D0%B8._%D0%9F%D0%BE%D1%80%D1%82%D1%80%D0%B5%D1%82_%D0%92.%D0%A1.%D0%9C%D0%B0%D0%BC%D0%BE%D0%BD%D1%82%D0%BE%D0%B2%D0%BE%D0%B9_-_Google_Art_Project.jpg\" target=\"_blank\">\u00a9&nbsp;\u0414\u0435\u0432\u043e\u0447\u043a\u0430 \u0441 \u043f\u0435\u0440\u0441\u0438\u043a\u0430\u043c\u0438 \/ \u0412\u0430\u043b\u0435\u043d\u0442\u0438\u043d \u0421\u0435\u0440\u043e\u0432 \/ Wikimedia Commons<\/a>,&nbsp;<a rel=\"noreferrer noopener\" href=\"https:\/\/commons.wikimedia.org\/wiki\/File:%D0%A2%D0%B0%D0%BC%D0%B0%D1%80%D0%B0_%D0%B2_%D0%B3%D1%80%D0%BE%D0%B1%D1%83.jpg\" target=\"_blank\">\u00a9&nbsp;\u0422\u0430\u043c\u0430\u0440\u0430 \u0432 \u0433\u0440\u043e\u0431\u0443 \/ \u041c\u0438\u0445\u0430\u0438\u043b \u0412\u0440\u0443\u0431\u0435\u043b\u044c \/ Wikimedia Commons<\/a><\/figcaption><\/figure>\n\n\n\n<p>Amikor Valentin Serov lefestette Vera Mamontov\u00e1t (\u0151 l\u00e1that\u00f3 a k\u00e9pen), a l\u00e1ny m\u00e9g csak 12 \u00e9ves volt. A \u201eL\u00e1ny barackkal\u201d lett Vera legh\u00edresebb portr\u00e9ja. Van azonban egy m\u00e1sik h\u00edres portr\u00e9 is, ami \u0151t \u00e1br\u00e1zolja, az pedig Mikhail Vrubel ecset\u00e9nek k\u00f6sz\u00f6nhet\u0151 \u2013 Mikhail a h\u00edres orosz k\u00f6lt\u0151, Lermontov egyik m\u0171v\u00e9nek f\u0151szerepl\u0151jek\u00e9nt, Tamarak\u00e9nt \u00e1br\u00e1zolta Ver\u00e1t egy balj\u00f3slat\u00fa akvarell festm\u00e9nyen. Ez a k\u00e9p valamilyen m\u00f3don l\u00e1tsz\u00f3lag el\u0151re meghat\u00e1rozta Vera Mamontova sors\u00e1t, aki azt\u00e1n nagyon fiatalon \u2013 32 \u00e9vesen \u2013 hunyt el.<\/p>\n\n\n\n<p class=\"has-text-align-center\"><strong>\u00c9rdekesnek tal\u00e1ltad a festm\u00e9nyeket? Valamelyikt\u0151l libab\u0151rt kapt\u00e1l esetleg?<\/strong><\/p>\n<\/div>\n<\/div>\n\n\n\n<p><\/p>\n","protected":false},"excerpt":{"rendered":"<p>Ezek a festm\u00e9nyek j\u00f3val t\u00f6bbek ann\u00e1l, mint aminek els\u0151 r\u00e1n\u00e9z\u00e9sre l\u00e1tszanak.<\/p>\n","protected":false},"author":13,"featured_media":304570,"comment_status":"open","ping_status":"closed","sticky":false,"template":"","format":"standard","meta":{"buzzeditor_post_format":""},"categories":[23],"tags":[787,5823,7305,3799,3800],"yoast_head":"<!-- This site is optimized with the Yoast SEO plugin v19.6.1 - https:\/\/yoast.com\/wordpress\/plugins\/seo\/ -->\n<title>11 misztikus festm\u00e9ny, amiket nem olyan egyszer\u0171 megmagyar\u00e1zni<\/title>\n<meta name=\"description\" content=\"Ezek a festm\u00e9nyek j\u00f3val t\u00f6bbek ann\u00e1l, mint aminek els\u0151 r\u00e1n\u00e9z\u00e9sre l\u00e1tszanak.\" \/>\n<meta name=\"robots\" content=\"index, follow, max-snippet:-1, max-image-preview:large, max-video-preview:-1\" \/>\n<link rel=\"canonical\" href=\"https:\/\/liked.hu\/old\/erdekes\/11-misztikus-festmeny-amiket-nem-olyan-egyszeru-megmagyarazni\/\" \/>\n<link rel=\"next\" href=\"https:\/\/liked.hu\/old\/erdekes\/11-misztikus-festmeny-amiket-nem-olyan-egyszeru-megmagyarazni\/2\/\" \/>\n<meta property=\"og:locale\" content=\"hu_HU\" \/>\n<meta property=\"og:type\" content=\"article\" \/>\n<meta property=\"og:title\" content=\"11 misztikus festm\u00e9ny, amiket nem olyan egyszer\u0171 megmagyar\u00e1zni\" \/>\n<meta property=\"og:description\" content=\"Ezek a festm\u00e9nyek j\u00f3val t\u00f6bbek ann\u00e1l, mint aminek els\u0151 r\u00e1n\u00e9z\u00e9sre l\u00e1tszanak.\" \/>\n<meta property=\"og:url\" content=\"https:\/\/liked.hu\/old\/erdekes\/11-misztikus-festmeny-amiket-nem-olyan-egyszeru-megmagyarazni\/\" \/>\n<meta property=\"og:site_name\" content=\"Liked.hu\" \/>\n<meta property=\"article:publisher\" content=\"https:\/\/www.facebook.com\/liked.hu\" \/>\n<meta property=\"article:published_time\" content=\"2023-05-19T23:51:49+00:00\" \/>\n<meta property=\"article:modified_time\" content=\"2023-05-19T23:51:51+00:00\" \/>\n<meta property=\"og:image\" content=\"https:\/\/liked.hu\/old\/wp-content\/uploads\/2023\/05\/Festmenyek-ijeszto-tortenetekkel.jpg\" \/>\n\t<meta property=\"og:image:width\" content=\"1200\" \/>\n\t<meta property=\"og:image:height\" content=\"630\" \/>\n\t<meta property=\"og:image:type\" content=\"image\/jpeg\" \/>\n<meta name=\"author\" content=\"Klingstrom\" \/>\n<meta name=\"twitter:card\" content=\"summary\" \/>\n<meta name=\"twitter:creator\" content=\"@LikedHu\" \/>\n<meta name=\"twitter:site\" content=\"@LikedHu\" \/>\n<meta name=\"twitter:label1\" content=\"Szerz\u0151:\" \/>\n\t<meta name=\"twitter:data1\" content=\"Klingstrom\" \/>\n\t<meta name=\"twitter:label2\" content=\"Becs\u00fclt olvas\u00e1si id\u0151\" \/>\n\t<meta name=\"twitter:data2\" content=\"9 perc\" \/>\n<script type=\"application\/ld+json\" class=\"yoast-schema-graph\">{\"@context\":\"https:\/\/schema.org\",\"@graph\":[{\"@type\":\"Article\",\"@id\":\"https:\/\/liked.hu\/old\/erdekes\/11-misztikus-festmeny-amiket-nem-olyan-egyszeru-megmagyarazni\/#article\",\"isPartOf\":{\"@id\":\"https:\/\/liked.hu\/old\/erdekes\/11-misztikus-festmeny-amiket-nem-olyan-egyszeru-megmagyarazni\/\"},\"author\":{\"name\":\"Klingstrom\",\"@id\":\"https:\/\/liked.hu\/old\/#\/schema\/person\/1c8d3f8764991e8dcd6572a7de72da8a\"},\"headline\":\"11 misztikus festm\u00e9ny, amiket nem olyan egyszer\u0171 megmagyar\u00e1zni\",\"datePublished\":\"2023-05-19T23:51:49+00:00\",\"dateModified\":\"2023-05-19T23:51:51+00:00\",\"mainEntityOfPage\":{\"@id\":\"https:\/\/liked.hu\/old\/erdekes\/11-misztikus-festmeny-amiket-nem-olyan-egyszeru-megmagyarazni\/\"},\"wordCount\":1843,\"commentCount\":0,\"publisher\":{\"@id\":\"https:\/\/liked.hu\/old\/#organization\"},\"keywords\":[\"festm\u00e9ny\",\"Ma tudtam meg!\",\"misztikus\",\"rejt\u00e9lyes\",\"titokzatos\"],\"articleSection\":[\"\u00c9rdekess\u00e9gek\"],\"inLanguage\":\"hu\",\"potentialAction\":[{\"@type\":\"CommentAction\",\"name\":\"Comment\",\"target\":[\"https:\/\/liked.hu\/old\/erdekes\/11-misztikus-festmeny-amiket-nem-olyan-egyszeru-megmagyarazni\/#respond\"]}]},{\"@type\":\"WebPage\",\"@id\":\"https:\/\/liked.hu\/old\/erdekes\/11-misztikus-festmeny-amiket-nem-olyan-egyszeru-megmagyarazni\/\",\"url\":\"https:\/\/liked.hu\/old\/erdekes\/11-misztikus-festmeny-amiket-nem-olyan-egyszeru-megmagyarazni\/\",\"name\":\"11 misztikus festm\u00e9ny, amiket nem olyan egyszer\u0171 megmagyar\u00e1zni\",\"isPartOf\":{\"@id\":\"https:\/\/liked.hu\/old\/#website\"},\"datePublished\":\"2023-05-19T23:51:49+00:00\",\"dateModified\":\"2023-05-19T23:51:51+00:00\",\"description\":\"Ezek a festm\u00e9nyek j\u00f3val t\u00f6bbek ann\u00e1l, mint aminek els\u0151 r\u00e1n\u00e9z\u00e9sre l\u00e1tszanak.\",\"breadcrumb\":{\"@id\":\"https:\/\/liked.hu\/old\/erdekes\/11-misztikus-festmeny-amiket-nem-olyan-egyszeru-megmagyarazni\/#breadcrumb\"},\"inLanguage\":\"hu\",\"potentialAction\":[{\"@type\":\"ReadAction\",\"target\":[\"https:\/\/liked.hu\/old\/erdekes\/11-misztikus-festmeny-amiket-nem-olyan-egyszeru-megmagyarazni\/\"]}]},{\"@type\":\"BreadcrumbList\",\"@id\":\"https:\/\/liked.hu\/old\/erdekes\/11-misztikus-festmeny-amiket-nem-olyan-egyszeru-megmagyarazni\/#breadcrumb\",\"itemListElement\":[{\"@type\":\"ListItem\",\"position\":1,\"name\":\"Kezd\u0151lap\"}]},{\"@type\":\"WebSite\",\"@id\":\"https:\/\/liked.hu\/old\/#website\",\"url\":\"https:\/\/liked.hu\/old\/\",\"name\":\"Liked.hu\",\"description\":\"\",\"publisher\":{\"@id\":\"https:\/\/liked.hu\/old\/#organization\"},\"potentialAction\":[{\"@type\":\"SearchAction\",\"target\":{\"@type\":\"EntryPoint\",\"urlTemplate\":\"https:\/\/liked.hu\/old\/?s={search_term_string}\"},\"query-input\":\"required name=search_term_string\"}],\"inLanguage\":\"hu\"},{\"@type\":\"Organization\",\"@id\":\"https:\/\/liked.hu\/old\/#organization\",\"name\":\"Liked.hu\",\"url\":\"https:\/\/liked.hu\/old\/\",\"sameAs\":[\"https:\/\/hu.pinterest.com\/likedhungary\/\",\"https:\/\/www.youtube.com\/channel\/UCPv91dbMoIukYcM9b9nHN6Q\",\"https:\/\/www.facebook.com\/liked.hu\",\"https:\/\/twitter.com\/LikedHu\"],\"logo\":{\"@type\":\"ImageObject\",\"inLanguage\":\"hu\",\"@id\":\"https:\/\/liked.hu\/old\/#\/schema\/logo\/image\/\",\"url\":\"https:\/\/liked.hu\/wp-content\/uploads\/2018\/08\/Liked-icon.png\",\"contentUrl\":\"https:\/\/liked.hu\/wp-content\/uploads\/2018\/08\/Liked-icon.png\",\"width\":512,\"height\":512,\"caption\":\"Liked.hu\"},\"image\":{\"@id\":\"https:\/\/liked.hu\/old\/#\/schema\/logo\/image\/\"}},{\"@type\":\"Person\",\"@id\":\"https:\/\/liked.hu\/old\/#\/schema\/person\/1c8d3f8764991e8dcd6572a7de72da8a\",\"name\":\"Klingstrom\",\"image\":{\"@type\":\"ImageObject\",\"inLanguage\":\"hu\",\"@id\":\"https:\/\/liked.hu\/old\/#\/schema\/person\/image\/\",\"url\":\"https:\/\/liked.hu\/old\/wp-content\/uploads\/avatars\/13\/604de88bd578a-bpfull.jpg\",\"contentUrl\":\"https:\/\/liked.hu\/old\/wp-content\/uploads\/avatars\/13\/604de88bd578a-bpfull.jpg\",\"caption\":\"Klingstrom\"},\"url\":\"https:\/\/liked.hu\/old\/u\/klingstrom\/\"}]}<\/script>\n<!-- \/ Yoast SEO plugin. -->","yoast_head_json":{"title":"11 misztikus festm\u00e9ny, amiket nem olyan egyszer\u0171 megmagyar\u00e1zni","description":"Ezek a festm\u00e9nyek j\u00f3val t\u00f6bbek ann\u00e1l, mint aminek els\u0151 r\u00e1n\u00e9z\u00e9sre l\u00e1tszanak.","robots":{"index":"index","follow":"follow","max-snippet":"max-snippet:-1","max-image-preview":"max-image-preview:large","max-video-preview":"max-video-preview:-1"},"canonical":"https:\/\/liked.hu\/old\/erdekes\/11-misztikus-festmeny-amiket-nem-olyan-egyszeru-megmagyarazni\/","next":"https:\/\/liked.hu\/old\/erdekes\/11-misztikus-festmeny-amiket-nem-olyan-egyszeru-megmagyarazni\/2\/","og_locale":"hu_HU","og_type":"article","og_title":"11 misztikus festm\u00e9ny, amiket nem olyan egyszer\u0171 megmagyar\u00e1zni","og_description":"Ezek a festm\u00e9nyek j\u00f3val t\u00f6bbek ann\u00e1l, mint aminek els\u0151 r\u00e1n\u00e9z\u00e9sre l\u00e1tszanak.","og_url":"https:\/\/liked.hu\/old\/erdekes\/11-misztikus-festmeny-amiket-nem-olyan-egyszeru-megmagyarazni\/","og_site_name":"Liked.hu","article_publisher":"https:\/\/www.facebook.com\/liked.hu","article_published_time":"2023-05-19T23:51:49+00:00","article_modified_time":"2023-05-19T23:51:51+00:00","og_image":[{"width":1200,"height":630,"url":"https:\/\/liked.hu\/old\/wp-content\/uploads\/2023\/05\/Festmenyek-ijeszto-tortenetekkel.jpg","type":"image\/jpeg"}],"author":"Klingstrom","twitter_card":"summary","twitter_creator":"@LikedHu","twitter_site":"@LikedHu","twitter_misc":{"Szerz\u0151:":"Klingstrom","Becs\u00fclt olvas\u00e1si id\u0151":"9 perc"},"schema":{"@context":"https:\/\/schema.org","@graph":[{"@type":"Article","@id":"https:\/\/liked.hu\/old\/erdekes\/11-misztikus-festmeny-amiket-nem-olyan-egyszeru-megmagyarazni\/#article","isPartOf":{"@id":"https:\/\/liked.hu\/old\/erdekes\/11-misztikus-festmeny-amiket-nem-olyan-egyszeru-megmagyarazni\/"},"author":{"name":"Klingstrom","@id":"https:\/\/liked.hu\/old\/#\/schema\/person\/1c8d3f8764991e8dcd6572a7de72da8a"},"headline":"11 misztikus festm\u00e9ny, amiket nem olyan egyszer\u0171 megmagyar\u00e1zni","datePublished":"2023-05-19T23:51:49+00:00","dateModified":"2023-05-19T23:51:51+00:00","mainEntityOfPage":{"@id":"https:\/\/liked.hu\/old\/erdekes\/11-misztikus-festmeny-amiket-nem-olyan-egyszeru-megmagyarazni\/"},"wordCount":1843,"commentCount":0,"publisher":{"@id":"https:\/\/liked.hu\/old\/#organization"},"keywords":["festm\u00e9ny","Ma tudtam meg!","misztikus","rejt\u00e9lyes","titokzatos"],"articleSection":["\u00c9rdekess\u00e9gek"],"inLanguage":"hu","potentialAction":[{"@type":"CommentAction","name":"Comment","target":["https:\/\/liked.hu\/old\/erdekes\/11-misztikus-festmeny-amiket-nem-olyan-egyszeru-megmagyarazni\/#respond"]}]},{"@type":"WebPage","@id":"https:\/\/liked.hu\/old\/erdekes\/11-misztikus-festmeny-amiket-nem-olyan-egyszeru-megmagyarazni\/","url":"https:\/\/liked.hu\/old\/erdekes\/11-misztikus-festmeny-amiket-nem-olyan-egyszeru-megmagyarazni\/","name":"11 misztikus festm\u00e9ny, amiket nem olyan egyszer\u0171 megmagyar\u00e1zni","isPartOf":{"@id":"https:\/\/liked.hu\/old\/#website"},"datePublished":"2023-05-19T23:51:49+00:00","dateModified":"2023-05-19T23:51:51+00:00","description":"Ezek a festm\u00e9nyek j\u00f3val t\u00f6bbek ann\u00e1l, mint aminek els\u0151 r\u00e1n\u00e9z\u00e9sre l\u00e1tszanak.","breadcrumb":{"@id":"https:\/\/liked.hu\/old\/erdekes\/11-misztikus-festmeny-amiket-nem-olyan-egyszeru-megmagyarazni\/#breadcrumb"},"inLanguage":"hu","potentialAction":[{"@type":"ReadAction","target":["https:\/\/liked.hu\/old\/erdekes\/11-misztikus-festmeny-amiket-nem-olyan-egyszeru-megmagyarazni\/"]}]},{"@type":"BreadcrumbList","@id":"https:\/\/liked.hu\/old\/erdekes\/11-misztikus-festmeny-amiket-nem-olyan-egyszeru-megmagyarazni\/#breadcrumb","itemListElement":[{"@type":"ListItem","position":1,"name":"Kezd\u0151lap"}]},{"@type":"WebSite","@id":"https:\/\/liked.hu\/old\/#website","url":"https:\/\/liked.hu\/old\/","name":"Liked.hu","description":"","publisher":{"@id":"https:\/\/liked.hu\/old\/#organization"},"potentialAction":[{"@type":"SearchAction","target":{"@type":"EntryPoint","urlTemplate":"https:\/\/liked.hu\/old\/?s={search_term_string}"},"query-input":"required name=search_term_string"}],"inLanguage":"hu"},{"@type":"Organization","@id":"https:\/\/liked.hu\/old\/#organization","name":"Liked.hu","url":"https:\/\/liked.hu\/old\/","sameAs":["https:\/\/hu.pinterest.com\/likedhungary\/","https:\/\/www.youtube.com\/channel\/UCPv91dbMoIukYcM9b9nHN6Q","https:\/\/www.facebook.com\/liked.hu","https:\/\/twitter.com\/LikedHu"],"logo":{"@type":"ImageObject","inLanguage":"hu","@id":"https:\/\/liked.hu\/old\/#\/schema\/logo\/image\/","url":"https:\/\/liked.hu\/wp-content\/uploads\/2018\/08\/Liked-icon.png","contentUrl":"https:\/\/liked.hu\/wp-content\/uploads\/2018\/08\/Liked-icon.png","width":512,"height":512,"caption":"Liked.hu"},"image":{"@id":"https:\/\/liked.hu\/old\/#\/schema\/logo\/image\/"}},{"@type":"Person","@id":"https:\/\/liked.hu\/old\/#\/schema\/person\/1c8d3f8764991e8dcd6572a7de72da8a","name":"Klingstrom","image":{"@type":"ImageObject","inLanguage":"hu","@id":"https:\/\/liked.hu\/old\/#\/schema\/person\/image\/","url":"https:\/\/liked.hu\/old\/wp-content\/uploads\/avatars\/13\/604de88bd578a-bpfull.jpg","contentUrl":"https:\/\/liked.hu\/old\/wp-content\/uploads\/avatars\/13\/604de88bd578a-bpfull.jpg","caption":"Klingstrom"},"url":"https:\/\/liked.hu\/old\/u\/klingstrom\/"}]}},"publishpress_future_action":{"enabled":false,"date":"1970-01-01 01:00:00","action":"","terms":[],"taxonomy":"","browser_timezone_offset":0},"_links":{"self":[{"href":"https:\/\/liked.hu\/old\/wp-json\/wp\/v2\/posts\/304568"}],"collection":[{"href":"https:\/\/liked.hu\/old\/wp-json\/wp\/v2\/posts"}],"about":[{"href":"https:\/\/liked.hu\/old\/wp-json\/wp\/v2\/types\/post"}],"author":[{"embeddable":true,"href":"https:\/\/liked.hu\/old\/wp-json\/wp\/v2\/users\/13"}],"replies":[{"embeddable":true,"href":"https:\/\/liked.hu\/old\/wp-json\/wp\/v2\/comments?post=304568"}],"version-history":[{"count":0,"href":"https:\/\/liked.hu\/old\/wp-json\/wp\/v2\/posts\/304568\/revisions"}],"wp:featuredmedia":[{"embeddable":true,"href":"https:\/\/liked.hu\/old\/wp-json\/wp\/v2\/media\/304570"}],"wp:attachment":[{"href":"https:\/\/liked.hu\/old\/wp-json\/wp\/v2\/media?parent=304568"}],"wp:term":[{"taxonomy":"category","embeddable":true,"href":"https:\/\/liked.hu\/old\/wp-json\/wp\/v2\/categories?post=304568"},{"taxonomy":"post_tag","embeddable":true,"href":"https:\/\/liked.hu\/old\/wp-json\/wp\/v2\/tags?post=304568"}],"curies":[{"name":"wp","href":"https:\/\/api.w.org\/{rel}","templated":true}]}}