{"id":303402,"date":"2023-05-15T01:30:15","date_gmt":"2023-05-14T23:30:15","guid":{"rendered":"https:\/\/liked.hu\/old\/?p=303402"},"modified":"2023-05-15T01:30:17","modified_gmt":"2023-05-14T23:30:17","slug":"hogyan-neznek-ki-es-mit-csinalnak-most-a-taxi-cimu-film-szereploi","status":"publish","type":"post","link":"https:\/\/liked.hu\/old\/filmek-es-tv\/hogyan-neznek-ki-es-mit-csinalnak-most-a-taxi-cimu-film-szereploi\/","title":{"rendered":"Hogyan n\u00e9znek ki \u00e9s mit csin\u00e1lnak most a Taxi c\u00edm\u0171 film szerepl\u0151i, akiken m\u00e1r 25 \u00e9ve nevet\u00fcnk"},"content":{"rendered":"\n<p>A Taxi c\u00edm\u0171 film \u00f6tlete el\u0151sz\u00f6r Luc Besson fej\u00e9b\u0151l pattant ki m\u00e9g 1996-ban. \u0150 azonban t\u00fals\u00e1gosan elfoglalt volt ekkoriban az \u00d6t\u00f6dik elem forgat\u00e1s\u00e1val, ez\u00e9rt Gerard Pires rendez\u0151re b\u00edzta a filmet, m\u00edg \u0151 maga produceri szerepet v\u00e1llalt a filmben. Ez j\u00f3 d\u00f6nt\u00e9snek bizonyult m\u00e9g annak ellen\u00e9re is, hogy Pires kor\u00e1bban csak rekl\u00e1mfilmeket forgatott.<\/p>\n\n\n\n\n<div style=\"float:none;margin:0px 0 0px 0;text-align:center;\">\n<div class=\"mobileShowkakettes\"><div class=\"mobileShowka2\"><div style=\"padding-top:0px;padding-bottom:15px;min-height: 300px;\"><div class=\"hirdetes\">HIRDET\u00c9S<\/div>\n<!-- 300lista -->\n<ins class=\"adsbygoogle\"\n     style=\"display:inline-block;width:300px;height:250px\"\n     data-ad-client=\"ca-pub-9424088931673893\"\n     data-ad-slot=\"8471340766\"><\/ins>\n<script async>\n     (adsbygoogle = window.adsbygoogle || []).push({});\n<\/script><\/div><\/div><\/div><\/div>\n\n\n\n\n<p>Takar\u00e9koss\u00e1gi szempontb\u00f3l a filmet Marseille-ben forgatt\u00e1k, kev\u00e9sb\u00e9 ismert sz\u00edn\u00e9szekt\u0151l, \u00e9s \u00fagy t\u0171nt, hogy nem is v\u00e1rtak nagy sikert a filmt\u0151l. Ennek ellen\u00e9re az 1998-ban megjelent Taxi c\u00edm\u0171 film az egyik legsikeresebb francia film lett, \u00e9s az ut\u00e1na k\u00f6vetkez\u0151 n\u00e9gy r\u00e9sz is eg\u00e9szen sz\u00e9pen szerepelt.<\/p>\n\n\n\n<p>Hihetetlen, de 2023-ban m\u00e1r a 25. sz\u00fclet\u00e9snapj\u00e1t \u00fcnnepli a franchise els\u0151 r\u00e9sze, ebb\u0151l az alkalomb\u00f3l pedig \u00fagy d\u00f6nt\u00f6tt\u00fcnk, hogy megmutatjuk, mennyit v\u00e1ltoztak a sz\u00edn\u00e9szek \u00e9s hogyan alakult az \u00e9let\u00fck.<\/p>\n\n\n\n<div class=\"wp-block-buzzeditor-list be-list be-list-type-none be-list-number-style-none\">\n<div class=\"wp-block-buzzeditor-list-item\"><h3 class=\"be-list-item-title\"> <span style=\"color:;background-color:;border-color:\" class=\"be-list-item-text\">Samy Naceri, mint Daniel Morales<\/span><\/h3>\n<figure class=\"wp-block-image size-full\"><img loading=\"lazy\" width=\"728\" height=\"349\" src=\"https:\/\/liked.hu\/old\/wp-content\/uploads\/2023\/05\/Daniel.jpg\" alt=\"Daniel\" class=\"wp-image-303415\"\/><\/figure>\n\n\n\n<p>A sz\u00edn\u00e9sz szerepelt a Taxi els\u0151 r\u00e9sz\u00e9ben, majd a k\u00f6vetkez\u0151 3 folytat\u00e1sban. Vil\u00e1gh\u00edr\u0171 lett, s\u0151t a 2006-os Cannes-i Filmfesztiv\u00e1lon a legjobb sz\u00edn\u00e9sznek j\u00e1r\u00f3 d\u00edjat is megkapta. Hi\u00e1ba azonban h\u00edrn\u00e9v \u00e9s a siker, a sz\u00edn\u00e9sz nem tal\u00e1lta meg a boldogs\u00e1got. Botr\u00e1nyos viselked\u00e9se miatt Samy Naseri t\u00f6bbsz\u00f6r is konfliktusba ker\u00fclt a t\u00f6rv\u00e9nnyel.<\/p>\n\n\n\n<p>Ennek ellen\u00e9re a sz\u00edn\u00e9sz a mai napig akt\u00edvan j\u00e1tszik filmekben, utols\u00f3 nagyobb szerepe a 2021-es \u201eA megv\u00e1lt\u00e1s napja\u201d c\u00edm\u0171 filmben ny\u00fajtott alak\u00edt\u00e1s volt. P\u00e1rkapcsolati szempontb\u00f3l a sz\u00edn\u00e9sz \u00e9lete s\u00ednen van: 2005 \u00f3ta \u00e9l h\u00e1zass\u00e1gban Marie Guillard sz\u00edn\u00e9szn\u0151vel, aki t\u00f6bbek k\u00f6z\u00f6tt szerepelt p\u00e9ld\u00e1ul az \u00d6t\u00f6dik elem \u00e9s az Alien 2 c\u00edm\u0171 filmben is.<\/p>\n<\/div>\n\n\n\n<div class=\"wp-block-buzzeditor-list-item\"><h3 class=\"be-list-item-title\"> <span style=\"color:;background-color:;border-color:\" class=\"be-list-item-text\">Marion Cotillard, mint Lily Bertino<\/span><\/h3>\n<figure class=\"wp-block-image size-full\"><img loading=\"lazy\" width=\"728\" height=\"419\" src=\"https:\/\/liked.hu\/old\/wp-content\/uploads\/2023\/05\/Lily.jpg\" alt=\"Lily\" class=\"wp-image-303414\"\/><\/figure>\n\n\n\n<p>Marion Cotillard sz\u00edn\u00e9szi karrierje sz\u00ednh\u00e1zi szerepl\u00e9ssel \u00e9s apr\u00f3bb telev\u00edzi\u00f3s sorozatokkal kezd\u0151d\u00f6tt. A Taxi c\u00edm\u0171 film azonban \u00f3ri\u00e1si \u00e1tt\u00f6r\u00e9st jelentett sz\u00e1m\u00e1ra is, azonnal vil\u00e1gh\u00edr\u0171v\u00e9 v\u00e1lt. Ezt k\u00f6vet\u0151en Marion Hollywoodba k\u00f6lt\u00f6z\u00f6tt, ahol angol nyelv\u0171 filmekben kezdett szerepelni. A sz\u00edn\u00e9szn\u0151 ezt is kimaxolta: a 2007-es Piaf c\u00edm\u0171 filmben mutatott szerep\u00e9\u00e9rt Golden Globe- \u00e9s Oscar-d\u00edjat is nyert. Marion nemcsak filmekben j\u00e1tszott, hanem sz\u00e1mos rajzfilm szerepl\u0151 hangj\u00e1t is adta, s\u0151t sz\u00e1mos dalt \u00e9s filmzen\u00e9t is k\u00e9sz\u00edtett.<\/p>\n\n\n\n<p>\u00c9rdekes, de egyetlen f\u00e9rfinak sem siker\u00fclt m\u00e9g megk\u00e9rnie a kez\u00e9t ennek a n\u0151nek, akinek a gy\u00f6ny\u00f6r\u0171 arca t\u00f6bb mint 300 magazin c\u00edmlapj\u00e1n szerepelt m\u00e1r szerte a vil\u00e1gon. Jelenleg Guillaume Canet rendez\u0151vel \u00e9l p\u00e1rkapcsolatban, akivel nemcsak szerelem, de r\u00e9g\u00f3ta tart\u00f3 bar\u00e1ts\u00e1g is f\u0171zi \u00f6ssze. A p\u00e1rnak k\u00e9t k\u00f6z\u00f6s gyermeke is sz\u00fcletett.<\/p>\n\n\n\n\n<div style=\"float:none;margin:0px 0 0px 0;text-align:center;\">\n<div class=\"mobileHideke5\"><div style=\"margin-top:25px;\"><div class=\"hirdeteshatter\"><div style=\"display: inline-block;width: 50%;min-width:305px;vertical-align: top;\"><div class=\"hirdetes\">HIRDET\u00c9S<\/div>\n<!-- LikedQ51 -->\n<ins class=\"adsbygoogle\"\n     style=\"display:inline-block;width:300px;height:250px\"\n     data-ad-client=\"ca-pub-9424088931673893\"\n     data-ad-slot=\"8284063326\"><\/ins>\n<script async>\n     (adsbygoogle = window.adsbygoogle || []).push({});\n<\/script><\/div><div style=\"display: inline-block;width: 50%;min-width:305px;vertical-align: top;\"><div class=\"hirdetes\">HIRDET\u00c9S<\/div>\n<!-- LikedQ52 -->\n<ins class=\"adsbygoogle\"\n     style=\"display:inline-block;width:300px;height:250px\"\n     data-ad-client=\"ca-pub-9424088931673893\"\n     data-ad-slot=\"2840164950\"><\/ins>\n<script async>\n     (adsbygoogle = window.adsbygoogle || []).push({});\n<\/script><\/div><\/div><\/div><\/div>\n<div style=\"display:flex;flex-direction:column;\"><div class=\"mobileShowka5\"><div style=\"padding-top:10px;padding-bottom:10px;min-height: 300px;\"><div class=\"hirdetes\">HIRDET\u00c9S<\/div>\n<!-- LikedQ5M -->\n<ins class=\"adsbygoogle\"\n     style=\"display:inline-block;width:300px;height:250px\"\n     data-ad-client=\"ca-pub-9424088931673893\"\n     data-ad-slot=\"9022429928\"><\/ins>\n<script async>\n     (adsbygoogle = window.adsbygoogle || []).push({});\n<\/script><\/div><\/div><\/div><\/div>\n\n<\/div>\n\n\n\n<div class=\"wp-block-buzzeditor-list-item\"><h3 class=\"be-list-item-title\"> <span style=\"color:;background-color:;border-color:\" class=\"be-list-item-text\">Emma Sj\u00f6berg, mint Petra<\/span><\/h3>\n<figure class=\"wp-block-image size-full\"><img loading=\"lazy\" width=\"728\" height=\"1104\" src=\"https:\/\/liked.hu\/old\/wp-content\/uploads\/2023\/05\/Petra.webp\" alt=\"Petra\" class=\"wp-image-303413\"\/><\/figure>\n\n\n\n<p>A Taxi c\u00edm\u0171 filmben Emiliennek szinte s\u00e1mlira kell \u00e1llnia ahhoz, hogy fel tudjon n\u00e9zni a gy\u00f6ny\u00f6r\u0171 Petr\u00e1ra, pedig a val\u00f3s\u00e1gban nincs olyan nagy magass\u00e1gb\u00e9li k\u00fcl\u00f6nbs\u00e9g k\u00f6z\u00f6tt\u00fck: Frederic magass\u00e1ga 171 cm, m\u00edg Emm\u00e1\u00e9 177 cm.<\/p>\n\n\n\n<p>A Sv\u00e9dorsz\u00e1gb\u00f3l sz\u00e1rmaz\u00f3 k\u00e9kszem\u0171 sz\u0151ke h\u00f6lgy m\u00e1r a Taxi c\u00edm\u0171 film el\u0151tt is hatalmas karriert futott be modellk\u00e9nt, az Elle magazin t\u00f6bb bor\u00edt\u00f3j\u00e1n is szerepelt. Emma egy sv\u00e9d \u00fajs\u00e1g\u00edr\u00f3hoz ment f\u00e9rjhez, akivel m\u00e1r k\u00e9t k\u00f6z\u00f6s gyermek\u00fck is van.<\/p>\n<\/div>\n\n\n\n<div class=\"wp-block-buzzeditor-list-item\"><h3 class=\"be-list-item-title\"> <span style=\"color:;background-color:;border-color:\" class=\"be-list-item-text\">Bernard Farcy, mint Gibert fel\u00fcgyel\u0151<\/span><\/h3>\n<figure class=\"wp-block-image size-full\"><img loading=\"lazy\" width=\"728\" height=\"419\" src=\"https:\/\/liked.hu\/old\/wp-content\/uploads\/2023\/05\/Gibert.jpg\" alt=\"Gibert\" class=\"wp-image-303412\"\/><\/figure>\n\n\n\n<p>2006-ban Bernard Farcy-t Emmy-d\u00edjra jel\u00f6lt\u00e9k a \u201eLe Grand Charles\u201d c\u00edm\u0171 minisorozatban ny\u00fajtott kiv\u00e1l\u00f3 sz\u00edn\u00e9szi teljes\u00edtm\u00e9ny\u00e9\u00e9rt. A sz\u00edn\u00e9sz gazdag filmogr\u00e1fi\u00e1val rendelkezik, \u00e9s \u0151 azon kevesek egyike, akik nemcsak az els\u0151 4 Taxi filmben, hanem m\u00e9g a 2018-ban bemutatott 5. r\u00e9szben is szerepelt.<\/p>\n<\/div>\n\n\n\n<div class=\"wp-block-buzzeditor-list-item\"><h3 class=\"be-list-item-title\"> <span style=\"color:;background-color:;border-color:\" class=\"be-list-item-text\">Philippe du Janerand \u2013 Utas<\/span><\/h3>\n<figure class=\"wp-block-image size-full\"><img loading=\"lazy\" width=\"728\" height=\"421\" src=\"https:\/\/liked.hu\/old\/wp-content\/uploads\/2023\/05\/Utas.webp\" alt=\"Utas\" class=\"wp-image-303411\"\/><\/figure>\n\n\n\n<div class=\"getty embed image\" style=\"background-color:#fff;display:inline-block;font-family:Roboto,sans-serif;color:#a7a7a7;font-size:11px;width:100%;max-width:594px;\"><div style=\"overflow:hidden;position:relative;height:0;padding:66.66667% 0 0 0;width:100%;\"><iframe loading=\"lazy\" src=\"\/\/embed.gettyimages.com\/embed\/1438391799?et=V0MDg0oaQyZK7ep_RqH0dg&amp;tld=com&amp;sig=3BjNzXrWQZhUWHW97PERnYeTIxVc2CyonTP_Bg8g5nM=&amp;caption=false&amp;ver=1\" scrolling=\"no\" frameborder=\"0\" width=\"594\" height=\"396\" style=\"display:inline-block;position:absolute;top:0;left:0;width:100%;height:100%;margin:0;\"><\/iframe><\/div><\/div>\n\n\n\n<p>A Taxi els\u0151 r\u00e9sze mellett, ahol Philippe du Janerand karakter\u00e9nek 25 perc alatt minden\u00e1ron a rep\u00fcl\u0151t\u00e9rre kellett jutnia, a sz\u00edn\u00e9sz Luc Besson m\u00e1sik 2 h\u00edres filmj\u00e9ben is felt\u0171nt: az 1990-es Nikit\u00e1ban \u00e9s az 1999-es Jeanne d&#8217;Arc-ban is. A sz\u00edn\u00e9sz most 63 \u00e9ves, \u00e9s tov\u00e1bbra is akt\u00edvan sz\u00edn\u00e9szkedik.<\/p>\n\n\n\n\n<div style=\"float:none;margin:0px 0 0px 0;text-align:center;\">\n<div class=\"mobileHideke8\"><div style=\"margin-top:25px;\"><div class=\"hirdeteshatter\"><div style=\"display: inline-block;width: 50%;min-width:340px;vertical-align: top;\"><div class=\"hirdetes\">HIRDET\u00c9S<\/div>\n<!-- Liked7Q1 -->\n<ins class=\"adsbygoogle\"\n     style=\"display:inline-block;width:336px;height:280px\"\n     data-ad-client=\"ca-pub-9424088931673893\"\n     data-ad-slot=\"3022062587\"><\/ins>\n<script async>\n     (adsbygoogle = window.adsbygoogle || []).push({});\n<\/script><\/div><div style=\"display: inline-block;width: 50%;min-width:340px;vertical-align: top;\"><div class=\"hirdetes\">HIRDET\u00c9S<\/div>\n<!-- Liked7Q2 -->\n<ins class=\"adsbygoogle\"\n     style=\"display:inline-block;width:336px;height:280px\"\n     data-ad-client=\"ca-pub-9424088931673893\"\n     data-ad-slot=\"3952000871\"><\/ins>\n<script async>\n     (adsbygoogle = window.adsbygoogle || []).push({});\n<\/script><\/div><\/div><\/div><\/div>\n<div style=\"display:flex;flex-direction:column;\"><div class=\"mobileShowka8\"><div style=\"padding-top:15px;margin-bottom:15px;min-height: 300px;\"><div class=\"hirdetes\">HIRDET\u00c9S<\/div>\n<!-- Liked7QMobil -->\n<ins class=\"adsbygoogle\"\n     style=\"display:inline-block;width:336px;height:280px\"\n     data-ad-client=\"ca-pub-9424088931673893\"\n     data-ad-slot=\"5073510857\"><\/ins>\n<script async>\n     (adsbygoogle = window.adsbygoogle || []).push({});\n<\/script><\/div><\/div><\/div><\/div>\n\n<\/div>\n\n\n\n<div class=\"wp-block-buzzeditor-list-item\"><h3 class=\"be-list-item-title\"> <span style=\"color:;background-color:;border-color:\" class=\"be-list-item-text\">Michel Muller &#8211; a vaj\u00fad\u00f3 n\u0151 f\u00e9rje<\/span><\/h3>\n<figure class=\"wp-block-image size-full\"><img loading=\"lazy\" width=\"728\" height=\"860\" src=\"https:\/\/liked.hu\/old\/wp-content\/uploads\/2023\/05\/Vajudo-no.webp\" alt=\"Vaj\u00fad\u00f3 n\u0151\" class=\"wp-image-303410\"\/><\/figure>\n\n\n\n<p>Michel Muller apr\u00f3cska szerep\u00e9t alig lehetett \u00e9szrevenni a Taxi 2-ben. Ebben az aut\u00f3ban vaj\u00fad\u00f3 n\u0151 f\u00e9rj\u00e9t alak\u00edtotta, akit Daniel k\u00f3rh\u00e1zba pr\u00f3b\u00e1lt vinni. Michael nem err\u0151l, hanem ink\u00e1bb a n\u00e9pszer\u0171 2001-es Wasabi c\u00edm\u0171 filmb\u0151l \u00e9s a Borgia nev\u0171 telev\u00edzi\u00f3s sorozatb\u00f3l ismert, amelyben VIII. K\u00e1rolyt alak\u00edtotta.<\/p>\n\n\n\n<p>2007-ben Michel Muller Genie-d\u00edjat nyert (kanadai filmes d\u00edj) a legjobb f\u00e9rfi mell\u00e9kszerepl\u0151 kateg\u00f3ri\u00e1ban a 2006-os \u201eThe Little Book of Revenge\u201d c\u00edm\u0171 filmben ny\u00fajtott alak\u00edt\u00e1s\u00e1val.<\/p>\n<\/div>\n\n\n\n<div class=\"wp-block-buzzeditor-list-item\"><h3 class=\"be-list-item-title\"> <span style=\"color:;background-color:;border-color:\" class=\"be-list-item-text\">Fr\u00e9d\u00e9ric Diefenthal, mint \u00c9milien Coutant-Kerbalec<\/span><\/h3>\n<figure class=\"wp-block-image size-full\"><img loading=\"lazy\" width=\"728\" height=\"398\" src=\"https:\/\/liked.hu\/old\/wp-content\/uploads\/2023\/05\/Emilien.jpg\" alt=\"Emilien\" class=\"wp-image-303409\"\/><\/figure>\n\n\n\n<p>Miel\u0151tt sz\u00edn\u00e9sznek \u00e1llt volna, hogy elj\u00e1tssza a b\u00e1jos, de \u00fcgyetlen Emilient, Fr\u00e9d\u00e9ric Diefenthal sok mindenben kipr\u00f3b\u00e1lta mag\u00e1t: volt cukr\u00e1sz, tanult \u00e9p\u00edt\u00e9szetet, fodr\u00e1szatot, \u00e9s sz\u00e1llod\u00e1ban is dolgozott. A sz\u00edn\u00e9sz utolj\u00e1ra a Taxi 4-ben szerepelt a sorozatban, de jelenleg is akt\u00edv sz\u00edn\u00e9sz, utolj\u00e1ra a 2022-es Neige c\u00edm\u0171 francia krimisorozatban tal\u00e1lkozhatott vele a k\u00f6z\u00f6ns\u00e9g.<\/p>\n\n\n\n<p>A sz\u00edn\u00e9sz h\u00e1zas volt \u00e9s h\u00e1rom gyermeke sz\u00fcletett. Szeret\u0151 apak\u00e9nt sok id\u0151t t\u00f6lt vel\u00fck \u00e9s a Taxi filmekhez hasonl\u00f3an a val\u00f3 \u00e9letben sem f\u00e9l att\u00f3l, hogy viccet csin\u00e1ljon mag\u00e1b\u00f3l: gyakran t\u00f6lt fel k\u00e9peket arr\u00f3l a k\u00f6z\u00f6ss\u00e9gi oldal\u00e1ra, hogy milyen r\u00f6hejes jelmezeket vesz fel a gyermekei kedv\u00e9\u00e9rt.<\/p>\n<\/div>\n\n\n\n<div class=\"wp-block-buzzeditor-list-item\"><h3 class=\"be-list-item-title\"> <span style=\"color:;background-color:;border-color:\" class=\"be-list-item-text\">\u00c9douard Montoute, mint Alain fel\u00fcgyel\u0151<\/span><\/h3>\n<figure class=\"wp-block-image size-full\"><img loading=\"lazy\" width=\"728\" height=\"455\" src=\"https:\/\/liked.hu\/old\/wp-content\/uploads\/2023\/05\/Allen.webp\" alt=\"Allen\" class=\"wp-image-303408\"\/><\/figure>\n\n\n\n<div class=\"getty embed image\" style=\"background-color:#fff;display:inline-block;font-family:Roboto,sans-serif;color:#a7a7a7;font-size:11px;width:100%;max-width:594px;\"><div style=\"overflow:hidden;position:relative;height:0;padding:66.66667% 0 0 0;width:100%;\"><iframe loading=\"lazy\" src=\"\/\/embed.gettyimages.com\/embed\/1383215579?et=mmba1NgCQh1qoXgZwOuCrA&amp;tld=com&amp;sig=i5L8IKdzTI1wnlEMVBel0ZsixpGm86GzQ5tYRHehmc8=&amp;caption=false&amp;ver=1\" scrolling=\"no\" frameborder=\"0\" width=\"594\" height=\"396\" style=\"display:inline-block;position:absolute;top:0;left:0;width:100%;height:100%;margin:0;\"><\/iframe><\/div><\/div>\n\n\n\n<p>A sz\u00edn\u00e9sz a Taxi franchise mind az 5 r\u00e9sz\u00e9ben szerepelt, mint Alain fel\u00fcgyel\u0151. \u00c9douard szerepelt m\u00e9g tov\u00e1bb\u00e1 a 2002-es \u201eAsterix \u00e9s Obelix: A Kleop\u00e1tra-k\u00fcldet\u00e9s\u201d c\u00edm\u0171 filmben \u00e9s a 2010-es \u201eApr\u00f3 kis hazugs\u00e1gok\u201d c\u00edm\u0171 dr\u00e1m\u00e1ban. Jelenleg is akt\u00edvan sz\u00edn\u00e9szkedik.<\/p>\n\n\n\n<p>\u00c9douard egy\u00e9bk\u00e9nt h\u00e1zas, a feles\u00e9g\u00e9vel, Loubn\u00e1val k\u00f6z\u00f6sen egy fi\u00fa gyermeket nevelnek.<\/p>\n\n\n\n\n<div style=\"float:none;margin:0px 0 0px 0;text-align:center;\">\n<div class=\"mobileHideke8\"><div class=\"hirdeteshatter\"><div style=\"display: inline-block;width: 50%;min-width:340px;vertical-align: top;\"><div class=\"hirdetes\">HIRDET\u00c9S<\/div>\n<!-- LikedQ81 -->\n<ins class=\"adsbygoogle\"\n     style=\"display:inline-block;width:336px;height:280px\"\n     data-ad-client=\"ca-pub-9424088931673893\"\n     data-ad-slot=\"2436840276\"><\/ins>\n<script async>\n     (adsbygoogle = window.adsbygoogle || []).push({});\n<\/script><\/div><div style=\"display: inline-block;width: 50%;min-width:340px;vertical-align: top;\"><div class=\"hirdetes\">HIRDET\u00c9S<\/div>\n<!-- LikedQ82 -->\n<ins class=\"adsbygoogle\"\n     style=\"display:inline-block;width:336px;height:280px\"\n     data-ad-client=\"ca-pub-9424088931673893\"\n     data-ad-slot=\"3558350253\"><\/ins>\n<script async>\n     (adsbygoogle = window.adsbygoogle || []).push({});\n<\/script><\/div><\/div><\/div>\n<div style=\"display:flex;flex-direction:column;\"><div class=\"mobileShowka8 nyolc\"><div style=\"padding-top:15px;padding-bottom:5px;min-height: 300px;\"><div class=\"hirdetes\">HIRDET\u00c9S<\/div>\n<!-- LikedQ8M -->\n<ins class=\"adsbygoogle\"\n     style=\"display:inline-block;width:336px;height:280px\"\n     data-ad-client=\"ca-pub-9424088931673893\"\n     data-ad-slot=\"4679860235\"><\/ins>\n<script async>\n     (adsbygoogle = window.adsbygoogle || []).push({});\n<\/script><\/div><\/div><\/div><\/div>\n\n<\/div>\n\n\n\n<div class=\"wp-block-buzzeditor-list-item\"><h3 class=\"be-list-item-title\"> <span style=\"color:;background-color:;border-color:\" class=\"be-list-item-text\">Richard Sammel &#8211; a n\u00e9met rabl\u00f3banda feje<\/span><\/h3>\n<figure class=\"wp-block-image size-full\"><img loading=\"lazy\" width=\"728\" height=\"470\" src=\"https:\/\/liked.hu\/old\/wp-content\/uploads\/2023\/05\/Rablo.webp\" alt=\"Rabl\u00f3\" class=\"wp-image-303407\"\/><\/figure>\n\n\n\n<div class=\"getty embed image\" style=\"background-color:#fff;display:inline-block;font-family:Roboto,sans-serif;color:#a7a7a7;font-size:11px;width:100%;max-width:436px;\"><div style=\"overflow:hidden;position:relative;height:0;padding:136.23853% 0 0 0;width:100%;\"><iframe loading=\"lazy\" src=\"\/\/embed.gettyimages.com\/embed\/452022544?et=CfIb_VDcQ3B7IxIUhkNDtw&amp;tld=com&amp;sig=3ca7eW4e4-wiHmshS_mCRY-tdBqxDjdWdPyMLHP9yaQ=&amp;caption=false&amp;ver=1\" scrolling=\"no\" frameborder=\"0\" width=\"436\" height=\"594\" style=\"display:inline-block;position:absolute;top:0;left:0;width:100%;height:100%;margin:0;\"><\/iframe><\/div><\/div>\n\n\n\n<p>A Taxi (1998) els\u0151 r\u00e9sz\u00e9nek forgat\u00e1sa \u00f3ta Richard sz\u00e1mos sikeres filmben szerepelt k\u00fcl\u00f6nb\u00f6z\u0151 nyelveken, t\u00f6bbek k\u00f6zt a 2006-os Casino Royale \u00e9s a 2009-es Becstelen brigantyk c\u00edm\u0171 filmben. A sz\u00edn\u00e9sz egy igazi t\u00f6bbnyelv\u0171 zseni: foly\u00e9konyan besz\u00e9l n\u00e9met\u00fcl, franci\u00e1ul, spanyolul, olaszul \u00e9s angolul is.<\/p>\n<\/div>\n\n\n\n<div class=\"wp-block-buzzeditor-list-item\"><h3 class=\"be-list-item-title\"> <span style=\"color:;background-color:;border-color:\" class=\"be-list-item-text\">Jean-Christophe Bouvet, mint Edmond Bertino (Lily apja)<\/span><\/h3>\n<figure class=\"wp-block-image size-full\"><img loading=\"lazy\" width=\"728\" height=\"459\" src=\"https:\/\/liked.hu\/old\/wp-content\/uploads\/2023\/05\/Bertino.jpg\" alt=\"Bertino\" class=\"wp-image-303406\"\/><\/figure>\n\n\n\n<p>Jean-Christophe Bouvet nem v\u00e9letlen\u00fcl l\u00e9pett sz\u00edn\u00e9szi p\u00e1ly\u00e1ra: az \u00e9desanyja, Paulette Bouvet h\u00edres francia sz\u00edn\u00e9szn\u0151 volt. Szerepelt a Taxi m\u00e1sodik, harmadik \u00e9s negyedik r\u00e9sz\u00e9ben, valamint a 2006-os Marie Antoinette c\u00edm\u0171 filmben. Bouvet a 20. Belforti Filmfesztiv\u00e1l zs\u0171ritagja is volt m\u00e1r, \u00e9s jelenleg is akt\u00edvan tev\u00e9kenykedik, utolj\u00e1ra a 2020-as Emily P\u00e1rizsban c\u00edm\u0171 t\u00e9v\u00e9sorozatban tal\u00e1lkozhatott vele a k\u00f6z\u00f6ns\u00e9g.<\/p>\n\n\n\n<p class=\"has-text-align-center\"><strong>Neked a Taxi filmek melyik jelenete volt a kedvenced? \ud83d\ude95<\/strong><\/p>\n<\/div>\n<\/div>\n","protected":false},"excerpt":{"rendered":"<p>Hihetetlen, hogy rep\u00fcl az id\u0151. \ud83d\ude31<\/p>\n","protected":false},"author":1,"featured_media":303405,"comment_status":"open","ping_status":"closed","sticky":false,"template":"","format":"standard","meta":{"buzzeditor_post_format":""},"categories":[53,8667],"tags":[111,796,3074,3663],"yoast_head":"<!-- This site is optimized with the Yoast SEO plugin v19.6.1 - https:\/\/yoast.com\/wordpress\/plugins\/seo\/ -->\n<title>Hogyan n\u00e9znek ki \u00e9s mit csin\u00e1lnak most a Taxi c\u00edm\u0171 film szerepl\u0151i<\/title>\n<meta name=\"description\" content=\"Hihetetlen, hogy rep\u00fcl az id\u0151. \ud83d\ude31\" \/>\n<meta name=\"robots\" content=\"index, follow, max-snippet:-1, max-image-preview:large, max-video-preview:-1\" \/>\n<link rel=\"canonical\" href=\"https:\/\/liked.hu\/old\/filmek-es-tv\/hogyan-neznek-ki-es-mit-csinalnak-most-a-taxi-cimu-film-szereploi\/\" \/>\n<meta property=\"og:locale\" content=\"hu_HU\" \/>\n<meta property=\"og:type\" content=\"article\" \/>\n<meta property=\"og:title\" content=\"Hogyan n\u00e9znek ki \u00e9s mit csin\u00e1lnak most a Taxi c\u00edm\u0171 film szerepl\u0151i, akiken m\u00e1r 25 \u00e9ve nevet\u00fcnk\" \/>\n<meta property=\"og:description\" content=\"Hihetetlen, hogy rep\u00fcl az id\u0151. \ud83d\ude31\" \/>\n<meta property=\"og:url\" content=\"https:\/\/liked.hu\/old\/filmek-es-tv\/hogyan-neznek-ki-es-mit-csinalnak-most-a-taxi-cimu-film-szereploi\/\" \/>\n<meta property=\"og:site_name\" content=\"Liked.hu\" \/>\n<meta property=\"article:publisher\" content=\"https:\/\/www.facebook.com\/liked.hu\" \/>\n<meta property=\"article:author\" content=\"https:\/\/facebook.com\/liked.hu\" \/>\n<meta property=\"article:published_time\" content=\"2023-05-14T23:30:15+00:00\" \/>\n<meta property=\"article:modified_time\" content=\"2023-05-14T23:30:17+00:00\" \/>\n<meta property=\"og:image\" content=\"https:\/\/liked.hu\/old\/wp-content\/uploads\/2023\/05\/Taxi-filmek-szineszei.jpg\" \/>\n\t<meta property=\"og:image:width\" content=\"1200\" \/>\n\t<meta property=\"og:image:height\" content=\"630\" \/>\n\t<meta property=\"og:image:type\" content=\"image\/jpeg\" \/>\n<meta name=\"author\" content=\"VictorN.\" \/>\n<meta name=\"twitter:card\" content=\"summary\" \/>\n<meta name=\"twitter:creator\" content=\"@https:\/\/twitter.com\/likedhu\" \/>\n<meta name=\"twitter:site\" content=\"@LikedHu\" \/>\n<meta name=\"twitter:label1\" content=\"Szerz\u0151:\" \/>\n\t<meta name=\"twitter:data1\" content=\"VictorN.\" \/>\n\t<meta name=\"twitter:label2\" content=\"Becs\u00fclt olvas\u00e1si id\u0151\" \/>\n\t<meta name=\"twitter:data2\" content=\"6 perc\" \/>\n<script type=\"application\/ld+json\" class=\"yoast-schema-graph\">{\"@context\":\"https:\/\/schema.org\",\"@graph\":[{\"@type\":\"Article\",\"@id\":\"https:\/\/liked.hu\/old\/filmek-es-tv\/hogyan-neznek-ki-es-mit-csinalnak-most-a-taxi-cimu-film-szereploi\/#article\",\"isPartOf\":{\"@id\":\"https:\/\/liked.hu\/old\/filmek-es-tv\/hogyan-neznek-ki-es-mit-csinalnak-most-a-taxi-cimu-film-szereploi\/\"},\"author\":{\"name\":\"VictorN.\",\"@id\":\"https:\/\/liked.hu\/old\/#\/schema\/person\/02fa522b959d0531c9c34b0d531a7464\"},\"headline\":\"Hogyan n\u00e9znek ki \u00e9s mit csin\u00e1lnak most a Taxi c\u00edm\u0171 film szerepl\u0151i, akiken m\u00e1r 25 \u00e9ve nevet\u00fcnk\",\"datePublished\":\"2023-05-14T23:30:15+00:00\",\"dateModified\":\"2023-05-14T23:30:17+00:00\",\"mainEntityOfPage\":{\"@id\":\"https:\/\/liked.hu\/old\/filmek-es-tv\/hogyan-neznek-ki-es-mit-csinalnak-most-a-taxi-cimu-film-szereploi\/\"},\"wordCount\":1312,\"commentCount\":0,\"publisher\":{\"@id\":\"https:\/\/liked.hu\/old\/#organization\"},\"keywords\":[\"akkor \u00e9s most\",\"film\",\"sz\u00edn\u00e9szek\",\"taxi\"],\"articleSection\":[\"Filmek \u00e9s TV\",\"Szt\u00e1rok \u00e9s celebek\"],\"inLanguage\":\"hu\",\"potentialAction\":[{\"@type\":\"CommentAction\",\"name\":\"Comment\",\"target\":[\"https:\/\/liked.hu\/old\/filmek-es-tv\/hogyan-neznek-ki-es-mit-csinalnak-most-a-taxi-cimu-film-szereploi\/#respond\"]}]},{\"@type\":\"WebPage\",\"@id\":\"https:\/\/liked.hu\/old\/filmek-es-tv\/hogyan-neznek-ki-es-mit-csinalnak-most-a-taxi-cimu-film-szereploi\/\",\"url\":\"https:\/\/liked.hu\/old\/filmek-es-tv\/hogyan-neznek-ki-es-mit-csinalnak-most-a-taxi-cimu-film-szereploi\/\",\"name\":\"Hogyan n\u00e9znek ki \u00e9s mit csin\u00e1lnak most a Taxi c\u00edm\u0171 film szerepl\u0151i\",\"isPartOf\":{\"@id\":\"https:\/\/liked.hu\/old\/#website\"},\"datePublished\":\"2023-05-14T23:30:15+00:00\",\"dateModified\":\"2023-05-14T23:30:17+00:00\",\"description\":\"Hihetetlen, hogy rep\u00fcl az id\u0151. \ud83d\ude31\",\"breadcrumb\":{\"@id\":\"https:\/\/liked.hu\/old\/filmek-es-tv\/hogyan-neznek-ki-es-mit-csinalnak-most-a-taxi-cimu-film-szereploi\/#breadcrumb\"},\"inLanguage\":\"hu\",\"potentialAction\":[{\"@type\":\"ReadAction\",\"target\":[\"https:\/\/liked.hu\/old\/filmek-es-tv\/hogyan-neznek-ki-es-mit-csinalnak-most-a-taxi-cimu-film-szereploi\/\"]}]},{\"@type\":\"BreadcrumbList\",\"@id\":\"https:\/\/liked.hu\/old\/filmek-es-tv\/hogyan-neznek-ki-es-mit-csinalnak-most-a-taxi-cimu-film-szereploi\/#breadcrumb\",\"itemListElement\":[{\"@type\":\"ListItem\",\"position\":1,\"name\":\"Kezd\u0151lap\",\"item\":\"https:\/\/liked.hu\/old\/\"},{\"@type\":\"ListItem\",\"position\":2,\"name\":\"Hogyan n\u00e9znek ki \u00e9s mit csin\u00e1lnak most a Taxi c\u00edm\u0171 film szerepl\u0151i, akiken m\u00e1r 25 \u00e9ve nevet\u00fcnk\"}]},{\"@type\":\"WebSite\",\"@id\":\"https:\/\/liked.hu\/old\/#website\",\"url\":\"https:\/\/liked.hu\/old\/\",\"name\":\"Liked.hu\",\"description\":\"\",\"publisher\":{\"@id\":\"https:\/\/liked.hu\/old\/#organization\"},\"potentialAction\":[{\"@type\":\"SearchAction\",\"target\":{\"@type\":\"EntryPoint\",\"urlTemplate\":\"https:\/\/liked.hu\/old\/?s={search_term_string}\"},\"query-input\":\"required name=search_term_string\"}],\"inLanguage\":\"hu\"},{\"@type\":\"Organization\",\"@id\":\"https:\/\/liked.hu\/old\/#organization\",\"name\":\"Liked.hu\",\"url\":\"https:\/\/liked.hu\/old\/\",\"sameAs\":[\"https:\/\/hu.pinterest.com\/likedhungary\/\",\"https:\/\/www.youtube.com\/channel\/UCPv91dbMoIukYcM9b9nHN6Q\",\"https:\/\/www.facebook.com\/liked.hu\",\"https:\/\/twitter.com\/LikedHu\"],\"logo\":{\"@type\":\"ImageObject\",\"inLanguage\":\"hu\",\"@id\":\"https:\/\/liked.hu\/old\/#\/schema\/logo\/image\/\",\"url\":\"https:\/\/liked.hu\/wp-content\/uploads\/2018\/08\/Liked-icon.png\",\"contentUrl\":\"https:\/\/liked.hu\/wp-content\/uploads\/2018\/08\/Liked-icon.png\",\"width\":512,\"height\":512,\"caption\":\"Liked.hu\"},\"image\":{\"@id\":\"https:\/\/liked.hu\/old\/#\/schema\/logo\/image\/\"}},{\"@type\":\"Person\",\"@id\":\"https:\/\/liked.hu\/old\/#\/schema\/person\/02fa522b959d0531c9c34b0d531a7464\",\"name\":\"VictorN.\",\"image\":{\"@type\":\"ImageObject\",\"inLanguage\":\"hu\",\"@id\":\"https:\/\/liked.hu\/old\/#\/schema\/person\/image\/\",\"url\":\"https:\/\/liked.hu\/old\/wp-content\/uploads\/avatars\/1\/1683660043-bpfull.jpg\",\"contentUrl\":\"https:\/\/liked.hu\/old\/wp-content\/uploads\/avatars\/1\/1683660043-bpfull.jpg\",\"caption\":\"VictorN.\"},\"description\":\"A Liked.hu szerkeszt\u0151je vagyok, m\u00e1r az id\u0151k kezdete \u00f3ta. Szabadid\u0151mben Jedi lovag \u00e9s Pok\u00e9mester. Puszilom \u00e9desany\u00e1mat.\",\"sameAs\":[\"https:\/\/liked.hu\",\"https:\/\/facebook.com\/liked.hu\",\"https:\/\/www.instagram.com\/likedhu\/\",\"https:\/\/pinterest.com\/likedhu\",\"https:\/\/twitter.com\/https:\/\/twitter.com\/likedhu\",\"https:\/\/www.youtube.com\/channel\/UCPv91dbMoIukYcM9b9nHN6Q\"],\"url\":\"https:\/\/liked.hu\/old\/u\/victorn\/\"}]}<\/script>\n<!-- \/ Yoast SEO plugin. -->","yoast_head_json":{"title":"Hogyan n\u00e9znek ki \u00e9s mit csin\u00e1lnak most a Taxi c\u00edm\u0171 film szerepl\u0151i","description":"Hihetetlen, hogy rep\u00fcl az id\u0151. \ud83d\ude31","robots":{"index":"index","follow":"follow","max-snippet":"max-snippet:-1","max-image-preview":"max-image-preview:large","max-video-preview":"max-video-preview:-1"},"canonical":"https:\/\/liked.hu\/old\/filmek-es-tv\/hogyan-neznek-ki-es-mit-csinalnak-most-a-taxi-cimu-film-szereploi\/","og_locale":"hu_HU","og_type":"article","og_title":"Hogyan n\u00e9znek ki \u00e9s mit csin\u00e1lnak most a Taxi c\u00edm\u0171 film szerepl\u0151i, akiken m\u00e1r 25 \u00e9ve nevet\u00fcnk","og_description":"Hihetetlen, hogy rep\u00fcl az id\u0151. \ud83d\ude31","og_url":"https:\/\/liked.hu\/old\/filmek-es-tv\/hogyan-neznek-ki-es-mit-csinalnak-most-a-taxi-cimu-film-szereploi\/","og_site_name":"Liked.hu","article_publisher":"https:\/\/www.facebook.com\/liked.hu","article_author":"https:\/\/facebook.com\/liked.hu","article_published_time":"2023-05-14T23:30:15+00:00","article_modified_time":"2023-05-14T23:30:17+00:00","og_image":[{"width":1200,"height":630,"url":"https:\/\/liked.hu\/old\/wp-content\/uploads\/2023\/05\/Taxi-filmek-szineszei.jpg","type":"image\/jpeg"}],"author":"VictorN.","twitter_card":"summary","twitter_creator":"@https:\/\/twitter.com\/likedhu","twitter_site":"@LikedHu","twitter_misc":{"Szerz\u0151:":"VictorN.","Becs\u00fclt olvas\u00e1si id\u0151":"6 perc"},"schema":{"@context":"https:\/\/schema.org","@graph":[{"@type":"Article","@id":"https:\/\/liked.hu\/old\/filmek-es-tv\/hogyan-neznek-ki-es-mit-csinalnak-most-a-taxi-cimu-film-szereploi\/#article","isPartOf":{"@id":"https:\/\/liked.hu\/old\/filmek-es-tv\/hogyan-neznek-ki-es-mit-csinalnak-most-a-taxi-cimu-film-szereploi\/"},"author":{"name":"VictorN.","@id":"https:\/\/liked.hu\/old\/#\/schema\/person\/02fa522b959d0531c9c34b0d531a7464"},"headline":"Hogyan n\u00e9znek ki \u00e9s mit csin\u00e1lnak most a Taxi c\u00edm\u0171 film szerepl\u0151i, akiken m\u00e1r 25 \u00e9ve nevet\u00fcnk","datePublished":"2023-05-14T23:30:15+00:00","dateModified":"2023-05-14T23:30:17+00:00","mainEntityOfPage":{"@id":"https:\/\/liked.hu\/old\/filmek-es-tv\/hogyan-neznek-ki-es-mit-csinalnak-most-a-taxi-cimu-film-szereploi\/"},"wordCount":1312,"commentCount":0,"publisher":{"@id":"https:\/\/liked.hu\/old\/#organization"},"keywords":["akkor \u00e9s most","film","sz\u00edn\u00e9szek","taxi"],"articleSection":["Filmek \u00e9s TV","Szt\u00e1rok \u00e9s celebek"],"inLanguage":"hu","potentialAction":[{"@type":"CommentAction","name":"Comment","target":["https:\/\/liked.hu\/old\/filmek-es-tv\/hogyan-neznek-ki-es-mit-csinalnak-most-a-taxi-cimu-film-szereploi\/#respond"]}]},{"@type":"WebPage","@id":"https:\/\/liked.hu\/old\/filmek-es-tv\/hogyan-neznek-ki-es-mit-csinalnak-most-a-taxi-cimu-film-szereploi\/","url":"https:\/\/liked.hu\/old\/filmek-es-tv\/hogyan-neznek-ki-es-mit-csinalnak-most-a-taxi-cimu-film-szereploi\/","name":"Hogyan n\u00e9znek ki \u00e9s mit csin\u00e1lnak most a Taxi c\u00edm\u0171 film szerepl\u0151i","isPartOf":{"@id":"https:\/\/liked.hu\/old\/#website"},"datePublished":"2023-05-14T23:30:15+00:00","dateModified":"2023-05-14T23:30:17+00:00","description":"Hihetetlen, hogy rep\u00fcl az id\u0151. \ud83d\ude31","breadcrumb":{"@id":"https:\/\/liked.hu\/old\/filmek-es-tv\/hogyan-neznek-ki-es-mit-csinalnak-most-a-taxi-cimu-film-szereploi\/#breadcrumb"},"inLanguage":"hu","potentialAction":[{"@type":"ReadAction","target":["https:\/\/liked.hu\/old\/filmek-es-tv\/hogyan-neznek-ki-es-mit-csinalnak-most-a-taxi-cimu-film-szereploi\/"]}]},{"@type":"BreadcrumbList","@id":"https:\/\/liked.hu\/old\/filmek-es-tv\/hogyan-neznek-ki-es-mit-csinalnak-most-a-taxi-cimu-film-szereploi\/#breadcrumb","itemListElement":[{"@type":"ListItem","position":1,"name":"Kezd\u0151lap","item":"https:\/\/liked.hu\/old\/"},{"@type":"ListItem","position":2,"name":"Hogyan n\u00e9znek ki \u00e9s mit csin\u00e1lnak most a Taxi c\u00edm\u0171 film szerepl\u0151i, akiken m\u00e1r 25 \u00e9ve nevet\u00fcnk"}]},{"@type":"WebSite","@id":"https:\/\/liked.hu\/old\/#website","url":"https:\/\/liked.hu\/old\/","name":"Liked.hu","description":"","publisher":{"@id":"https:\/\/liked.hu\/old\/#organization"},"potentialAction":[{"@type":"SearchAction","target":{"@type":"EntryPoint","urlTemplate":"https:\/\/liked.hu\/old\/?s={search_term_string}"},"query-input":"required name=search_term_string"}],"inLanguage":"hu"},{"@type":"Organization","@id":"https:\/\/liked.hu\/old\/#organization","name":"Liked.hu","url":"https:\/\/liked.hu\/old\/","sameAs":["https:\/\/hu.pinterest.com\/likedhungary\/","https:\/\/www.youtube.com\/channel\/UCPv91dbMoIukYcM9b9nHN6Q","https:\/\/www.facebook.com\/liked.hu","https:\/\/twitter.com\/LikedHu"],"logo":{"@type":"ImageObject","inLanguage":"hu","@id":"https:\/\/liked.hu\/old\/#\/schema\/logo\/image\/","url":"https:\/\/liked.hu\/wp-content\/uploads\/2018\/08\/Liked-icon.png","contentUrl":"https:\/\/liked.hu\/wp-content\/uploads\/2018\/08\/Liked-icon.png","width":512,"height":512,"caption":"Liked.hu"},"image":{"@id":"https:\/\/liked.hu\/old\/#\/schema\/logo\/image\/"}},{"@type":"Person","@id":"https:\/\/liked.hu\/old\/#\/schema\/person\/02fa522b959d0531c9c34b0d531a7464","name":"VictorN.","image":{"@type":"ImageObject","inLanguage":"hu","@id":"https:\/\/liked.hu\/old\/#\/schema\/person\/image\/","url":"https:\/\/liked.hu\/old\/wp-content\/uploads\/avatars\/1\/1683660043-bpfull.jpg","contentUrl":"https:\/\/liked.hu\/old\/wp-content\/uploads\/avatars\/1\/1683660043-bpfull.jpg","caption":"VictorN."},"description":"A Liked.hu szerkeszt\u0151je vagyok, m\u00e1r az id\u0151k kezdete \u00f3ta. Szabadid\u0151mben Jedi lovag \u00e9s Pok\u00e9mester. Puszilom \u00e9desany\u00e1mat.","sameAs":["https:\/\/liked.hu","https:\/\/facebook.com\/liked.hu","https:\/\/www.instagram.com\/likedhu\/","https:\/\/pinterest.com\/likedhu","https:\/\/twitter.com\/https:\/\/twitter.com\/likedhu","https:\/\/www.youtube.com\/channel\/UCPv91dbMoIukYcM9b9nHN6Q"],"url":"https:\/\/liked.hu\/old\/u\/victorn\/"}]}},"publishpress_future_action":{"enabled":false,"date":"1970-01-01 01:00:00","action":"","terms":[],"taxonomy":"","browser_timezone_offset":0},"_links":{"self":[{"href":"https:\/\/liked.hu\/old\/wp-json\/wp\/v2\/posts\/303402"}],"collection":[{"href":"https:\/\/liked.hu\/old\/wp-json\/wp\/v2\/posts"}],"about":[{"href":"https:\/\/liked.hu\/old\/wp-json\/wp\/v2\/types\/post"}],"author":[{"embeddable":true,"href":"https:\/\/liked.hu\/old\/wp-json\/wp\/v2\/users\/1"}],"replies":[{"embeddable":true,"href":"https:\/\/liked.hu\/old\/wp-json\/wp\/v2\/comments?post=303402"}],"version-history":[{"count":0,"href":"https:\/\/liked.hu\/old\/wp-json\/wp\/v2\/posts\/303402\/revisions"}],"wp:featuredmedia":[{"embeddable":true,"href":"https:\/\/liked.hu\/old\/wp-json\/wp\/v2\/media\/303405"}],"wp:attachment":[{"href":"https:\/\/liked.hu\/old\/wp-json\/wp\/v2\/media?parent=303402"}],"wp:term":[{"taxonomy":"category","embeddable":true,"href":"https:\/\/liked.hu\/old\/wp-json\/wp\/v2\/categories?post=303402"},{"taxonomy":"post_tag","embeddable":true,"href":"https:\/\/liked.hu\/old\/wp-json\/wp\/v2\/tags?post=303402"}],"curies":[{"name":"wp","href":"https:\/\/api.w.org\/{rel}","templated":true}]}}