{"id":303144,"date":"2023-05-14T02:06:21","date_gmt":"2023-05-14T00:06:21","guid":{"rendered":"https:\/\/liked.hu\/old\/?p=303144"},"modified":"2023-05-14T02:06:22","modified_gmt":"2023-05-14T00:06:22","slug":"igy-nez-ki-17-divattervezo-akikrol-vilaghiru-markak-lettek-elnevezve","status":"publish","type":"post","link":"https:\/\/liked.hu\/old\/erdekes\/igy-nez-ki-17-divattervezo-akikrol-vilaghiru-markak-lettek-elnevezve\/","title":{"rendered":"\u00cdgy n\u00e9z ki 17 divattervez\u0151, akikr\u0151l a mindannyiunk \u00e1ltal ismert n\u00e9pszer\u0171 \u00e9s dr\u00e1ga m\u00e1rk\u00e1k kapt\u00e1k a nev\u00fcket"},"content":{"rendered":"\n<p>A divat rendk\u00edv\u00fcl \u00e9rdekes \u00e9s v\u00e1ltozatos. Az elm\u00falt sz\u00e1z \u00e9v alatt sz\u00e1mos forradalmi v\u00e1ltoz\u00e1son ment kereszt\u00fcl, melynek k\u00f6sz\u00f6nhet\u0151en m\u00e1ra lehet\u0151s\u00e9g\u00fcnk ny\u00edlt r\u00e1, hogy olyan ruh\u00e1t hordjunk, amilyet csak szeretn\u00e9nk. Bizonyos m\u00e9rt\u00e9kben ez k\u00e9ts\u00e9gk\u00edv\u00fcl azoknak a b\u00e1tor divattervez\u0151knek k\u00f6sz\u00f6nhet\u0151, akik minden neh\u00e9zs\u00e9get \u00e9s az egykoron n\u00e9pszer\u0171 t\u00e1rsadalmi el\u0151\u00edt\u00e9leteket lek\u00fczdve voltak k\u00e9pesek el\u00e9rni a c\u00e9ljukat.<\/p>\n\n\n\n\n<div style=\"float:none;margin:0px 0 0px 0;text-align:center;\">\n<div class=\"mobileShowkakettes\"><div class=\"mobileShowka2\"><div style=\"padding-top:0px;padding-bottom:15px;min-height: 300px;\"><div class=\"hirdetes\">HIRDET\u00c9S<\/div>\n<!-- 300lista -->\n<ins class=\"adsbygoogle\"\n     style=\"display:inline-block;width:300px;height:250px\"\n     data-ad-client=\"ca-pub-9424088931673893\"\n     data-ad-slot=\"8471340766\"><\/ins>\n<script async>\n     (adsbygoogle = window.adsbygoogle || []).push({});\n<\/script><\/div><\/div><\/div><\/div>\n\n\n\n\n<p>A legt\u00f6bben val\u00f3sz\u00edn\u0171leg j\u00f3l ismerj\u00fck ezeknek a h\u00edres divattervez\u0151knek a nev\u00e9t, \u00e9s az \u00e1ltaluk k\u00e9sz\u00edtett ruh\u00e1kat is szeretj\u00fck, de csak nagyon kevesen tudj\u00e1k, hogyan is n\u00e9znek ki pontosan. A mai cikkben megmutatjuk, kiknek a nev\u00e9t viselik pontosan a legh\u00edresebb divatm\u00e1rk\u00e1k.<\/p>\n\n\n\n<div class=\"wp-block-buzzeditor-list be-list be-list-type-asc be-list-number-style-none\">\n<div class=\"wp-block-buzzeditor-list-item\"><h3 class=\"be-list-item-title\"><span style=\"color:;background-color:;border-color:\" class=\"be-list-item-number\">1<\/span> <span style=\"color:;background-color:;border-color:\" class=\"be-list-item-text\">Giovanni Versace az olasz Versace divath\u00e1z alap\u00edt\u00f3ja.<\/span><\/h3>\n<figure class=\"wp-block-image size-full\"><img loading=\"lazy\" width=\"1200\" height=\"900\" src=\"https:\/\/liked.hu\/old\/wp-content\/uploads\/2023\/05\/Hires-divatmarkak-alapitoi-026.webp\" alt=\"H\u00edres divatm\u00e1rk\u00e1k alap\u00edt\u00f3i 026\" class=\"wp-image-303163\" srcset=\"https:\/\/liked.hu\/old\/wp-content\/uploads\/2023\/05\/Hires-divatmarkak-alapitoi-026.webp 1200w, https:\/\/liked.hu\/old\/wp-content\/uploads\/2023\/05\/Hires-divatmarkak-alapitoi-026-768x576.webp 768w\" sizes=\"(max-width: 1200px) 100vw, 1200px\" \/><\/figure>\n\n\n\n<p><strong>Alap\u00edtva:<\/strong>&nbsp;1978<\/p>\n\n\n\n<p>Giovanni divat\u00fatja gyerekkor\u00e1ban kezd\u0151d\u00f6tt, amikor anyj\u00e1nak seg\u00edtett a m\u0171term\u00fckben.&nbsp;1972-ben a fiatal divattervez\u0151 Mil\u00e1n\u00f3ba ment dolgozni.&nbsp;A dolgok j\u00f3l haladtak, \u00e9s a f\u00e9rfi m\u00e1r 1978-ban megnyitotta saj\u00e1t butikj\u00e1t, bemutatva egy patin\u00e1ns ruh\u00e1zati vonalat.<\/p>\n<\/div>\n\n\n\n<div class=\"wp-block-buzzeditor-list-item\"><h3 class=\"be-list-item-title\"><span style=\"color:;background-color:;border-color:\" class=\"be-list-item-number\">2<\/span> <span style=\"color:;background-color:;border-color:\" class=\"be-list-item-text\">Crist\u00f3bal Balenciaga Eizaguirre a spanyol Balenciaga divath\u00e1z alap\u00edt\u00f3ja.<\/span><\/h3>\n<figure class=\"wp-block-image size-full\"><img loading=\"lazy\" width=\"1200\" height=\"900\" src=\"https:\/\/liked.hu\/old\/wp-content\/uploads\/2023\/05\/Hires-divatmarkak-alapitoi-025.webp\" alt=\"H\u00edres divatm\u00e1rk\u00e1k alap\u00edt\u00f3i 025\" class=\"wp-image-303162\" srcset=\"https:\/\/liked.hu\/old\/wp-content\/uploads\/2023\/05\/Hires-divatmarkak-alapitoi-025.webp 1200w, https:\/\/liked.hu\/old\/wp-content\/uploads\/2023\/05\/Hires-divatmarkak-alapitoi-025-768x576.webp 768w\" sizes=\"(max-width: 1200px) 100vw, 1200px\" \/><\/figure>\n\n\n\n<p><strong>Alap\u00edtva:<\/strong>&nbsp;1919<\/p>\n\n\n\n<p>A Balenciaga megv\u00e1ltoztatta a n\u0151i ruh\u00e1zat divatj\u00e1t.&nbsp;Ruh\u00e1i a sz\u00e9les v\u00e1llukr\u00f3l \u00e9s laza szab\u00e1sukr\u00f3l h\u00edresek.<\/p>\n\n\n\n\n<div style=\"float:none;margin:0px 0 0px 0;text-align:center;\">\n<div class=\"mobileHideke5\"><div style=\"margin-top:25px;\"><div class=\"hirdeteshatter\"><div style=\"display: inline-block;width: 50%;min-width:305px;vertical-align: top;\"><div class=\"hirdetes\">HIRDET\u00c9S<\/div>\n<!-- LikedQ51 -->\n<ins class=\"adsbygoogle\"\n     style=\"display:inline-block;width:300px;height:250px\"\n     data-ad-client=\"ca-pub-9424088931673893\"\n     data-ad-slot=\"8284063326\"><\/ins>\n<script async>\n     (adsbygoogle = window.adsbygoogle || []).push({});\n<\/script><\/div><div style=\"display: inline-block;width: 50%;min-width:305px;vertical-align: top;\"><div class=\"hirdetes\">HIRDET\u00c9S<\/div>\n<!-- LikedQ52 -->\n<ins class=\"adsbygoogle\"\n     style=\"display:inline-block;width:300px;height:250px\"\n     data-ad-client=\"ca-pub-9424088931673893\"\n     data-ad-slot=\"2840164950\"><\/ins>\n<script async>\n     (adsbygoogle = window.adsbygoogle || []).push({});\n<\/script><\/div><\/div><\/div><\/div>\n<div style=\"display:flex;flex-direction:column;\"><div class=\"mobileShowka5\"><div style=\"padding-top:10px;padding-bottom:10px;min-height: 300px;\"><div class=\"hirdetes\">HIRDET\u00c9S<\/div>\n<!-- LikedQ5M -->\n<ins class=\"adsbygoogle\"\n     style=\"display:inline-block;width:300px;height:250px\"\n     data-ad-client=\"ca-pub-9424088931673893\"\n     data-ad-slot=\"9022429928\"><\/ins>\n<script async>\n     (adsbygoogle = window.adsbygoogle || []).push({});\n<\/script><\/div><\/div><\/div><\/div>\n\n<\/div>\n\n\n\n<div class=\"wp-block-buzzeditor-list-item\"><h3 class=\"be-list-item-title\"><span style=\"color:;background-color:;border-color:\" class=\"be-list-item-number\">3<\/span> <span style=\"color:;background-color:;border-color:\" class=\"be-list-item-text\">Elsa Louisa Maria Schiaparelli, a Schiaparelli francia divath\u00e1z alap\u00edt\u00f3ja.<\/span><\/h3>\n<figure class=\"wp-block-image size-full\"><img loading=\"lazy\" width=\"1200\" height=\"900\" src=\"https:\/\/liked.hu\/old\/wp-content\/uploads\/2023\/05\/Hires-divatmarkak-alapitoi-024.webp\" alt=\"H\u00edres divatm\u00e1rk\u00e1k alap\u00edt\u00f3i 024\" class=\"wp-image-303161\" srcset=\"https:\/\/liked.hu\/old\/wp-content\/uploads\/2023\/05\/Hires-divatmarkak-alapitoi-024.webp 1200w, https:\/\/liked.hu\/old\/wp-content\/uploads\/2023\/05\/Hires-divatmarkak-alapitoi-024-768x576.webp 768w\" sizes=\"(max-width: 1200px) 100vw, 1200px\" \/><\/figure>\n\n\n\n<p><strong>Alap\u00edtva:<\/strong>&nbsp;1935<\/p>\n\n\n\n<p>Elsa Schiaparellire mindig is hat\u00e1ssal volt a p\u00e1rizsi sz\u00fcrre\u00e1lis m\u0171v\u00e9szeti szc\u00e9na.&nbsp;Coco Chanel (Elsa f\u0151 riv\u00e1lisa) csak &#8222;ruh\u00e1kat varr\u00f3 m\u0171v\u00e9sznek&#8221; nevezte.<\/p>\n<\/div>\n\n\n\n<div class=\"wp-block-buzzeditor-list-item\"><h3 class=\"be-list-item-title\"><span style=\"color:;background-color:;border-color:\" class=\"be-list-item-number\">4<\/span> <span style=\"color:;background-color:;border-color:\" class=\"be-list-item-text\">Pierre Balmain a francia Pierre Balmain divath\u00e1z megalkot\u00f3ja.<\/span><\/h3>\n<figure class=\"wp-block-image size-full\"><img loading=\"lazy\" width=\"1200\" height=\"900\" src=\"https:\/\/liked.hu\/old\/wp-content\/uploads\/2023\/05\/Hires-divatmarkak-alapitoi-023.webp\" alt=\"H\u00edres divatm\u00e1rk\u00e1k alap\u00edt\u00f3i 023\" class=\"wp-image-303160\" srcset=\"https:\/\/liked.hu\/old\/wp-content\/uploads\/2023\/05\/Hires-divatmarkak-alapitoi-023.webp 1200w, https:\/\/liked.hu\/old\/wp-content\/uploads\/2023\/05\/Hires-divatmarkak-alapitoi-023-768x576.webp 768w\" sizes=\"(max-width: 1200px) 100vw, 1200px\" \/><\/figure>\n\n\n\n<p><strong>Alap\u00edtva:<\/strong>&nbsp;1945<\/p>\n\n\n\n<p>A divattervez\u0151 a b\u00e1tors\u00e1g\u00e1r\u00f3l v\u00e1lt h\u00edress\u00e9.&nbsp;A h\u00e1bor\u00fa v\u00e9ge ut\u00e1n elhagyta a szigor\u00fa \u00e9s unalmas norm\u00e1kat.&nbsp;A f\u00e9ny\u0171z\u0151 st\u00edlusra t\u00e1maszkodott &#8211; mer\u00e9sz nyakkiv\u00e1g\u00e1s\u00fa, ig\u00e9nyesen n\u0151ies ruh\u00e1kra, amelyeket h\u00edmz\u00e9ssel \u00e9s k\u00f6vekkel d\u00edsz\u00edtettek.<\/p>\n<\/div>\n\n\n\n<div class=\"wp-block-buzzeditor-list-item\"><h3 class=\"be-list-item-title\"><span style=\"color:;background-color:;border-color:\" class=\"be-list-item-number\">5<\/span> <span style=\"color:;background-color:;border-color:\" class=\"be-list-item-text\">Giorgio Armani, az Armani divath\u00e1z alap\u00edt\u00f3ja.<\/span><\/h3>\n<figure class=\"wp-block-image size-full\"><img loading=\"lazy\" width=\"1200\" height=\"900\" src=\"https:\/\/liked.hu\/old\/wp-content\/uploads\/2023\/05\/Hires-divatmarkak-alapitoi-022.webp\" alt=\"H\u00edres divatm\u00e1rk\u00e1k alap\u00edt\u00f3i 022\" class=\"wp-image-303159\" srcset=\"https:\/\/liked.hu\/old\/wp-content\/uploads\/2023\/05\/Hires-divatmarkak-alapitoi-022.webp 1200w, https:\/\/liked.hu\/old\/wp-content\/uploads\/2023\/05\/Hires-divatmarkak-alapitoi-022-768x576.webp 768w\" sizes=\"(max-width: 1200px) 100vw, 1200px\" \/><\/figure>\n\n\n\n<p><strong>Alap\u00edtva:<\/strong>&nbsp;1975<\/p>\n\n\n\n<p>Armani n\u00e9mileg a divat szinonim\u00e1ja Olaszorsz\u00e1gban.&nbsp;Egyenruh\u00e1t tervezett a rend\u0151rs\u00e9gnek, ruh\u00e1zatot a mil\u00e1n\u00f3i taxisoknak, s\u0151t a p\u00e1p\u00e1nak is \u00e1ttervezte az evang\u00e9lium bor\u00edt\u00f3j\u00e1t.<\/p>\n\n\n\n\n<div style=\"float:none;margin:0px 0 0px 0;text-align:center;\">\n<div class=\"mobileHideke8\"><div style=\"margin-top:25px;\"><div class=\"hirdeteshatter\"><div style=\"display: inline-block;width: 50%;min-width:340px;vertical-align: top;\"><div class=\"hirdetes\">HIRDET\u00c9S<\/div>\n<!-- Liked7Q1 -->\n<ins class=\"adsbygoogle\"\n     style=\"display:inline-block;width:336px;height:280px\"\n     data-ad-client=\"ca-pub-9424088931673893\"\n     data-ad-slot=\"3022062587\"><\/ins>\n<script async>\n     (adsbygoogle = window.adsbygoogle || []).push({});\n<\/script><\/div><div style=\"display: inline-block;width: 50%;min-width:340px;vertical-align: top;\"><div class=\"hirdetes\">HIRDET\u00c9S<\/div>\n<!-- Liked7Q2 -->\n<ins class=\"adsbygoogle\"\n     style=\"display:inline-block;width:336px;height:280px\"\n     data-ad-client=\"ca-pub-9424088931673893\"\n     data-ad-slot=\"3952000871\"><\/ins>\n<script async>\n     (adsbygoogle = window.adsbygoogle || []).push({});\n<\/script><\/div><\/div><\/div><\/div>\n<div style=\"display:flex;flex-direction:column;\"><div class=\"mobileShowka8\"><div style=\"padding-top:15px;margin-bottom:15px;min-height: 300px;\"><div class=\"hirdetes\">HIRDET\u00c9S<\/div>\n<!-- Liked7QMobil -->\n<ins class=\"adsbygoogle\"\n     style=\"display:inline-block;width:336px;height:280px\"\n     data-ad-client=\"ca-pub-9424088931673893\"\n     data-ad-slot=\"5073510857\"><\/ins>\n<script async>\n     (adsbygoogle = window.adsbygoogle || []).push({});\n<\/script><\/div><\/div><\/div><\/div>\n\n<\/div>\n\n\n\n<div class=\"wp-block-buzzeditor-list-item\"><h3 class=\"be-list-item-title\"><span style=\"color:;background-color:;border-color:\" class=\"be-list-item-number\">6<\/span> <span style=\"color:;background-color:;border-color:\" class=\"be-list-item-text\">Coco Chanel a francia Chanel divath\u00e1z alap\u00edt\u00f3ja.<\/span><\/h3>\n<figure class=\"wp-block-image size-full\"><img loading=\"lazy\" width=\"1200\" height=\"900\" src=\"https:\/\/liked.hu\/old\/wp-content\/uploads\/2023\/05\/Hires-divatmarkak-alapitoi-021.webp\" alt=\"H\u00edres divatm\u00e1rk\u00e1k alap\u00edt\u00f3i 021\" class=\"wp-image-303158\" srcset=\"https:\/\/liked.hu\/old\/wp-content\/uploads\/2023\/05\/Hires-divatmarkak-alapitoi-021.webp 1200w, https:\/\/liked.hu\/old\/wp-content\/uploads\/2023\/05\/Hires-divatmarkak-alapitoi-021-768x576.webp 768w\" sizes=\"(max-width: 1200px) 100vw, 1200px\" \/><\/figure>\n\n\n\n<p><strong>Alap\u00edtva:<\/strong>&nbsp;1910<\/p>\n\n\n\n<p>Az oll\u00f3 volt az, ami mindig elk\u00eds\u00e9rte Kok\u00f3t, b\u00e1rhov\u00e1 is ment.&nbsp;A divattervez\u0151 mindig a t\u00e1sk\u00e1j\u00e1ban hordta \u0151ket vagy a nyak\u00e1ban egy madzagon.<\/p>\n<\/div>\n\n\n\n<div class=\"wp-block-buzzeditor-list-item\"><h3 class=\"be-list-item-title\"><span style=\"color:;background-color:;border-color:\" class=\"be-list-item-number\">7<\/span> <span style=\"color:;background-color:;border-color:\" class=\"be-list-item-text\">Valentino Clemente Ludovico Garavani az olasz Valentino divath\u00e1z alap\u00edt\u00f3ja.<\/span><\/h3>\n<figure class=\"wp-block-image size-full\"><img loading=\"lazy\" width=\"1200\" height=\"900\" src=\"https:\/\/liked.hu\/old\/wp-content\/uploads\/2023\/05\/Hires-divatmarkak-alapitoi-020.webp\" alt=\"H\u00edres divatm\u00e1rk\u00e1k alap\u00edt\u00f3i 020\" class=\"wp-image-303157\" srcset=\"https:\/\/liked.hu\/old\/wp-content\/uploads\/2023\/05\/Hires-divatmarkak-alapitoi-020.webp 1200w, https:\/\/liked.hu\/old\/wp-content\/uploads\/2023\/05\/Hires-divatmarkak-alapitoi-020-768x576.webp 768w\" sizes=\"(max-width: 1200px) 100vw, 1200px\" \/><\/figure>\n\n\n\n<p><strong>Alap\u00edtva:<\/strong>&nbsp;1959<\/p>\n\n\n\n<p>A Valentino luxus ruh\u00e1i\u00e9rt sok h\u00edress\u00e9g rajong.&nbsp;Jacqueline Kennedy-Onassis, Elizabeth Taylor, Courteney Cox, Jennifer Lopez \u00e9s Anne Hathaway p\u00e9ld\u00e1ul Valentino ruh\u00e1kban mentek f\u00e9rjhez.<\/p>\n<\/div>\n\n\n\n<div class=\"wp-block-buzzeditor-list-item\"><h3 class=\"be-list-item-title\"><span style=\"color:;background-color:;border-color:\" class=\"be-list-item-number\">8<\/span> <span style=\"color:;background-color:;border-color:\" class=\"be-list-item-text\">Jean Paul Gaultier a Jean Paul Gaultier francia divath\u00e1z alap\u00edt\u00f3ja.<\/span><\/h3>\n<figure class=\"wp-block-image size-full\"><img loading=\"lazy\" width=\"1200\" height=\"900\" src=\"https:\/\/liked.hu\/old\/wp-content\/uploads\/2023\/05\/Hires-divatmarkak-alapitoi-019.webp\" alt=\"H\u00edres divatm\u00e1rk\u00e1k alap\u00edt\u00f3i 019\" class=\"wp-image-303156\" srcset=\"https:\/\/liked.hu\/old\/wp-content\/uploads\/2023\/05\/Hires-divatmarkak-alapitoi-019.webp 1200w, https:\/\/liked.hu\/old\/wp-content\/uploads\/2023\/05\/Hires-divatmarkak-alapitoi-019-768x576.webp 768w\" sizes=\"(max-width: 1200px) 100vw, 1200px\" \/><\/figure>\n\n\n\n<p><strong>Alap\u00edtva:<\/strong>&nbsp;1991<\/p>\n\n\n\n<p>Gauthiernek soha nem kapott m\u0171v\u00e9szi oktat\u00e1st.&nbsp;Szeretett rajzolni, divatlapokat olvasni, divatbemutat\u00f3kat \u00e9s rekl\u00e1mokat n\u00e9zni a t\u00e9v\u00e9ben.&nbsp;17 \u00e9vesen v\u00e1zlatokat rajzolt az els\u0151 kollekci\u00f3j\u00e1hoz, \u00e9s \u00fagy d\u00f6nt\u00f6tt, hogy szerencs\u00e9t pr\u00f3b\u00e1l, \u00e9s elk\u00fcldi \u0151ket a n\u00e9pszer\u0171 p\u00e1rizsi couturierhez.&nbsp;A sr\u00e1c terve bej\u00f6tt.&nbsp;18 \u00e9vesen Gauthier Pierre Cardinnal kezdett dolgozni, aki sz\u00e1rnya al\u00e1 vette a tehets\u00e9ges fiatalembert.<\/p>\n\n\n\n\n<div style=\"float:none;margin:0px 0 0px 0;text-align:center;\">\n<div class=\"mobileHideke8\"><div class=\"hirdeteshatter\"><div style=\"display: inline-block;width: 50%;min-width:340px;vertical-align: top;\"><div class=\"hirdetes\">HIRDET\u00c9S<\/div>\n<!-- LikedQ81 -->\n<ins class=\"adsbygoogle\"\n     style=\"display:inline-block;width:336px;height:280px\"\n     data-ad-client=\"ca-pub-9424088931673893\"\n     data-ad-slot=\"2436840276\"><\/ins>\n<script async>\n     (adsbygoogle = window.adsbygoogle || []).push({});\n<\/script><\/div><div style=\"display: inline-block;width: 50%;min-width:340px;vertical-align: top;\"><div class=\"hirdetes\">HIRDET\u00c9S<\/div>\n<!-- LikedQ82 -->\n<ins class=\"adsbygoogle\"\n     style=\"display:inline-block;width:336px;height:280px\"\n     data-ad-client=\"ca-pub-9424088931673893\"\n     data-ad-slot=\"3558350253\"><\/ins>\n<script async>\n     (adsbygoogle = window.adsbygoogle || []).push({});\n<\/script><\/div><\/div><\/div>\n<div style=\"display:flex;flex-direction:column;\"><div class=\"mobileShowka8 nyolc\"><div style=\"padding-top:15px;padding-bottom:5px;min-height: 300px;\"><div class=\"hirdetes\">HIRDET\u00c9S<\/div>\n<!-- LikedQ8M -->\n<ins class=\"adsbygoogle\"\n     style=\"display:inline-block;width:336px;height:280px\"\n     data-ad-client=\"ca-pub-9424088931673893\"\n     data-ad-slot=\"4679860235\"><\/ins>\n<script async>\n     (adsbygoogle = window.adsbygoogle || []).push({});\n<\/script><\/div><\/div><\/div><\/div>\n\n<\/div>\n\n\n\n<div class=\"wp-block-buzzeditor-list-item\"><h3 class=\"be-list-item-title\"><span style=\"color:;background-color:;border-color:\" class=\"be-list-item-number\">9<\/span> <span style=\"color:;background-color:;border-color:\" class=\"be-list-item-text\">Christian Dior a francia Christian Dior divath\u00e1z alap\u00edt\u00f3ja.<\/span><\/h3>\n<figure class=\"wp-block-image size-full\"><img loading=\"lazy\" width=\"1200\" height=\"900\" src=\"https:\/\/liked.hu\/old\/wp-content\/uploads\/2023\/05\/Hires-divatmarkak-alapitoi-018.webp\" alt=\"H\u00edres divatm\u00e1rk\u00e1k alap\u00edt\u00f3i 018\" class=\"wp-image-303155\" srcset=\"https:\/\/liked.hu\/old\/wp-content\/uploads\/2023\/05\/Hires-divatmarkak-alapitoi-018.webp 1200w, https:\/\/liked.hu\/old\/wp-content\/uploads\/2023\/05\/Hires-divatmarkak-alapitoi-018-768x576.webp 768w\" sizes=\"(max-width: 1200px) 100vw, 1200px\" \/><\/figure>\n\n\n\n<p><strong>Alap\u00edtva:<\/strong>&nbsp;1946<\/p>\n\n\n\n<p>Amikor Christian kiadta az els\u0151 kollekci\u00f3j\u00e1t, m\u00e1r t\u00fal volt az 50-en. Ez a t\u00e9ny is j\u00f3l bizony\u00edtja, hogy soha nem k\u00e9s\u0151 val\u00f3ra v\u00e1ltani az \u00e1lmainkat.<\/p>\n<\/div>\n\n\n\n<div class=\"wp-block-buzzeditor-list-item\"><h3 class=\"be-list-item-title\"><span style=\"color:;background-color:;border-color:\" class=\"be-list-item-number\">10<\/span> <span style=\"color:;background-color:;border-color:\" class=\"be-list-item-text\">Pierre Cardin, a francia Pierre Cardin divath\u00e1z alap\u00edt\u00f3ja.<\/span><\/h3>\n<figure class=\"wp-block-image size-full\"><img loading=\"lazy\" width=\"1200\" height=\"900\" src=\"https:\/\/liked.hu\/old\/wp-content\/uploads\/2023\/05\/Hires-divatmarkak-alapitoi-017.webp\" alt=\"H\u00edres divatm\u00e1rk\u00e1k alap\u00edt\u00f3i 017\" class=\"wp-image-303154\" srcset=\"https:\/\/liked.hu\/old\/wp-content\/uploads\/2023\/05\/Hires-divatmarkak-alapitoi-017.webp 1200w, https:\/\/liked.hu\/old\/wp-content\/uploads\/2023\/05\/Hires-divatmarkak-alapitoi-017-768x576.webp 768w\" sizes=\"(max-width: 1200px) 100vw, 1200px\" \/><\/figure>\n\n\n\n<p><strong>Alap\u00edtva:<\/strong>&nbsp;1950<\/p>\n\n\n\n<p>A The Beatles egy\u00fcttes tagjai gyakran viselt\u00e9k Cardin m\u00e1rk\u00e1s \u00f6lt\u00f6nyeit, ezzel is rekl\u00e1mozva divath\u00e1z\u00e1t.<\/p>\n<\/div>\n\n\n\n<!--nextpage-->\n\n\n\n<div class=\"wp-block-buzzeditor-list-item\"><h3 class=\"be-list-item-title\"><span style=\"color:;background-color:;border-color:\" class=\"be-list-item-number\">11<\/span> <span style=\"color:;background-color:;border-color:\" class=\"be-list-item-text\">Guy Laroche a francia Guy Laroche divath\u00e1z alap\u00edt\u00f3ja.<\/span><\/h3>\n<figure class=\"wp-block-image size-full\"><img loading=\"lazy\" width=\"688\" height=\"1024\" src=\"https:\/\/liked.hu\/old\/wp-content\/uploads\/2023\/05\/Hires-divatmarkak-alapitoi-016.webp\" alt=\"H\u00edres divatm\u00e1rk\u00e1k alap\u00edt\u00f3i 016\" class=\"wp-image-303153\"\/><\/figure>\n\n\n\n<p><strong>Alap\u00edtva:<\/strong>&nbsp;1949<\/p>\n\n\n\n<p>Laroche volt az, aki \u00e9l\u00e9nk sz\u00edneket \u00e9s kih\u00edv\u00f3an f\u00e9ny\u0171z\u0151 st\u00edlusokat vezetett be a divatba.<\/p>\n<\/div>\n\n\n\n<div class=\"wp-block-buzzeditor-list-item\"><h3 class=\"be-list-item-title\"><span style=\"color:;background-color:;border-color:\" class=\"be-list-item-number\">12<\/span> <span style=\"color:;background-color:;border-color:\" class=\"be-list-item-text\">Nina Ricci a francia Nina Ricci divath\u00e1z alap\u00edt\u00f3ja.<\/span><\/h3>\n<figure class=\"wp-block-image size-full\"><img loading=\"lazy\" width=\"1200\" height=\"900\" src=\"https:\/\/liked.hu\/old\/wp-content\/uploads\/2023\/05\/Hires-divatmarkak-alapitoi-015.webp\" alt=\"H\u00edres divatm\u00e1rk\u00e1k alap\u00edt\u00f3i 015\" class=\"wp-image-303152\" srcset=\"https:\/\/liked.hu\/old\/wp-content\/uploads\/2023\/05\/Hires-divatmarkak-alapitoi-015.webp 1200w, https:\/\/liked.hu\/old\/wp-content\/uploads\/2023\/05\/Hires-divatmarkak-alapitoi-015-768x576.webp 768w\" sizes=\"(max-width: 1200px) 100vw, 1200px\" \/><\/figure>\n\n\n\n<p><strong>Alap\u00edtva:<\/strong>&nbsp;1932<\/p>\n\n\n\n<p>Ez az \u0151r\u00fclten b\u00e1tor \u00e9s kreat\u00edv n\u0151 49 \u00e9vesen kezdte v\u00e1llalkoz\u00e1s\u00e1t.&nbsp;Nina soha nem rajzolt v\u00e1zlatokat ruh\u00e1kr\u00f3l vagy egy\u00e9b kieg\u00e9sz\u00edt\u0151kr\u0151l, mint ahogy az \u00f6sszes t\u00f6bbi divattervez\u0151 tette.&nbsp;Egyszer\u0171en csak felt\u0171zte az anyagot egy pr\u00f3babab\u00e1ra vagy divatmodellre, majd a saj\u00e1t k\u00e9pzelet\u00e9t\u0151l \u00e9s \u00edzl\u00e9s\u00e9t\u0151l vez\u00e9relve d\u00edsz\u00edtette azt.<\/p>\n\n\n\n\n<div style=\"float:none;margin:0px 0 0px 0;text-align:center;\">\n<div class=\"mobileHideke5\"><div style=\"margin-top:25px;\"><div class=\"hirdeteshatter\"><div style=\"display: inline-block;width: 50%;min-width:305px;vertical-align: top;\"><div class=\"hirdetes\">HIRDET\u00c9S<\/div>\n<!-- LikedQ51 -->\n<ins class=\"adsbygoogle\"\n     style=\"display:inline-block;width:300px;height:250px\"\n     data-ad-client=\"ca-pub-9424088931673893\"\n     data-ad-slot=\"8284063326\"><\/ins>\n<script async>\n     (adsbygoogle = window.adsbygoogle || []).push({});\n<\/script><\/div><div style=\"display: inline-block;width: 50%;min-width:305px;vertical-align: top;\"><div class=\"hirdetes\">HIRDET\u00c9S<\/div>\n<!-- LikedQ52 -->\n<ins class=\"adsbygoogle\"\n     style=\"display:inline-block;width:300px;height:250px\"\n     data-ad-client=\"ca-pub-9424088931673893\"\n     data-ad-slot=\"2840164950\"><\/ins>\n<script async>\n     (adsbygoogle = window.adsbygoogle || []).push({});\n<\/script><\/div><\/div><\/div><\/div>\n<div style=\"display:flex;flex-direction:column;\"><div class=\"mobileShowka5\"><div style=\"padding-top:10px;padding-bottom:10px;min-height: 300px;\"><div class=\"hirdetes\">HIRDET\u00c9S<\/div>\n<!-- LikedQ5M -->\n<ins class=\"adsbygoogle\"\n     style=\"display:inline-block;width:300px;height:250px\"\n     data-ad-client=\"ca-pub-9424088931673893\"\n     data-ad-slot=\"9022429928\"><\/ins>\n<script async>\n     (adsbygoogle = window.adsbygoogle || []).push({});\n<\/script><\/div><\/div><\/div><\/div>\n\n<\/div>\n\n\n\n<div class=\"wp-block-buzzeditor-list-item\"><h3 class=\"be-list-item-title\"><span style=\"color:;background-color:;border-color:\" class=\"be-list-item-number\">13<\/span> <span style=\"color:;background-color:;border-color:\" class=\"be-list-item-text\">Calvin Richard Klein az amerikai Calvin Klein divath\u00e1z alap\u00edt\u00f3ja.<\/span><\/h3>\n<figure class=\"wp-block-image size-full\"><img loading=\"lazy\" width=\"508\" height=\"612\" src=\"https:\/\/liked.hu\/old\/wp-content\/uploads\/2023\/05\/Hires-divatmarkak-alapitoi-014.webp\" alt=\"H\u00edres divatm\u00e1rk\u00e1k alap\u00edt\u00f3i 014\" class=\"wp-image-303151\"\/><\/figure>\n\n\n\n<p><strong>Alap\u00edtva:<\/strong>&nbsp;1968<\/p>\n\n\n\n<p>Kezdetben a Calvin Klein m\u00e1rkan\u00e9v alatt csak f\u00e9rfiruh\u00e1zatokat gy\u00e1rtottak.&nbsp;Miut\u00e1n a m\u00e1rka soha nem l\u00e1tott n\u00e9pszer\u0171s\u00e9gre tett szert, a tervez\u0151 \u00fagy d\u00f6nt\u00f6tt, hogy kieg\u00e9sz\u00edti a kollekci\u00f3kat egy n\u0151i ruha- \u00e9s feh\u00e9rnem\u0171kollekci\u00f3val.<\/p>\n<\/div>\n\n\n\n<div class=\"wp-block-buzzeditor-list-item\"><h3 class=\"be-list-item-title\"><span style=\"color:;background-color:;border-color:\" class=\"be-list-item-number\">14<\/span> <span style=\"color:;background-color:;border-color:\" class=\"be-list-item-text\">Paco Rabanne a Paco Rabanne haute couture h\u00e1z alap\u00edt\u00f3ja.<\/span><\/h3>\n<figure class=\"wp-block-image size-full\"><img loading=\"lazy\" width=\"1200\" height=\"900\" src=\"https:\/\/liked.hu\/old\/wp-content\/uploads\/2023\/05\/Hires-divatmarkak-alapitoi-013.webp\" alt=\"H\u00edres divatm\u00e1rk\u00e1k alap\u00edt\u00f3i 013\" class=\"wp-image-303150\" srcset=\"https:\/\/liked.hu\/old\/wp-content\/uploads\/2023\/05\/Hires-divatmarkak-alapitoi-013.webp 1200w, https:\/\/liked.hu\/old\/wp-content\/uploads\/2023\/05\/Hires-divatmarkak-alapitoi-013-768x576.webp 768w\" sizes=\"(max-width: 1200px) 100vw, 1200px\" \/><\/figure>\n\n\n\n<p><strong>Alap\u00edtva:<\/strong>&nbsp;1967<\/p>\n\n\n\n<p>Paco egy\u00e9bk\u00e9nt nemcsak mer\u00e9sz \u00e9s kiv\u00e1l\u00f3 divattervez\u0151 volt, de bestsellereket is \u00edrt.&nbsp;\u00d6sszesen 8 k\u00f6nyvet siker\u00fclt kiadnia \u00e9let\u00e9ben.<\/p>\n<\/div>\n\n\n\n<div class=\"wp-block-buzzeditor-list-item\"><h3 class=\"be-list-item-title\"><span style=\"color:;background-color:;border-color:\" class=\"be-list-item-number\">15<\/span> <span style=\"color:;background-color:;border-color:\" class=\"be-list-item-text\">Guccio Gucci az olasz Gucci divath\u00e1z alap\u00edt\u00f3ja.<\/span><\/h3>\n<figure class=\"wp-block-image size-full\"><img loading=\"lazy\" width=\"416\" height=\"500\" src=\"https:\/\/liked.hu\/old\/wp-content\/uploads\/2023\/05\/Hires-divatmarkak-alapitoi-012.webp\" alt=\"H\u00edres divatm\u00e1rk\u00e1k alap\u00edt\u00f3i 012\" class=\"wp-image-303149\"\/><\/figure>\n\n\n\n<p><strong>Alap\u00edtva:<\/strong>&nbsp;1921<\/p>\n\n\n\n<p>Sok divattervez\u0151 a h\u00faszas \u00e9vei elej\u00e9n alap\u00edtotta meg m\u00e1rk\u00e1j\u00e1t.&nbsp;Gucci azonban 40 \u00e9v ut\u00e1n ugrott bele a divatba.&nbsp;El\u0151tte egy sz\u00e1llod\u00e1ban dolgozott, ahol a brit nemess\u00e9gt\u0151l mer\u00edtett ihletet.<\/p>\n\n\n\n\n<div style=\"float:none;margin:0px 0 0px 0;text-align:center;\">\n<div class=\"mobileHideke8\"><div class=\"hirdeteshatter\"><div style=\"display: inline-block;width: 50%;min-width:340px;vertical-align: top;\"><div class=\"hirdetes\">HIRDET\u00c9S<\/div>\n<!-- LikedQ81 -->\n<ins class=\"adsbygoogle\"\n     style=\"display:inline-block;width:336px;height:280px\"\n     data-ad-client=\"ca-pub-9424088931673893\"\n     data-ad-slot=\"2436840276\"><\/ins>\n<script async>\n     (adsbygoogle = window.adsbygoogle || []).push({});\n<\/script><\/div><div style=\"display: inline-block;width: 50%;min-width:340px;vertical-align: top;\"><div class=\"hirdetes\">HIRDET\u00c9S<\/div>\n<!-- LikedQ82 -->\n<ins class=\"adsbygoogle\"\n     style=\"display:inline-block;width:336px;height:280px\"\n     data-ad-client=\"ca-pub-9424088931673893\"\n     data-ad-slot=\"3558350253\"><\/ins>\n<script async>\n     (adsbygoogle = window.adsbygoogle || []).push({});\n<\/script><\/div><\/div><\/div>\n<div style=\"display:flex;flex-direction:column;\"><div class=\"mobileShowka8 nyolc\"><div style=\"padding-top:15px;padding-bottom:5px;min-height: 300px;\"><div class=\"hirdetes\">HIRDET\u00c9S<\/div>\n<!-- LikedQ8M -->\n<ins class=\"adsbygoogle\"\n     style=\"display:inline-block;width:336px;height:280px\"\n     data-ad-client=\"ca-pub-9424088931673893\"\n     data-ad-slot=\"4679860235\"><\/ins>\n<script async>\n     (adsbygoogle = window.adsbygoogle || []).push({});\n<\/script><\/div><\/div><\/div><\/div>\n\n<\/div>\n\n\n\n<div class=\"wp-block-buzzeditor-list-item\"><h3 class=\"be-list-item-title\"><span style=\"color:;background-color:;border-color:\" class=\"be-list-item-number\">16<\/span> <span style=\"color:;background-color:;border-color:\" class=\"be-list-item-text\">Alexander McQueen az Alexander McQueen angol haute couture h\u00e1z alap\u00edt\u00f3ja.<\/span><\/h3>\n<figure class=\"wp-block-image size-full\"><img loading=\"lazy\" width=\"1200\" height=\"900\" src=\"https:\/\/liked.hu\/old\/wp-content\/uploads\/2023\/05\/Hires-divatmarkak-alapitoi-011.webp\" alt=\"H\u00edres divatm\u00e1rk\u00e1k alap\u00edt\u00f3i 011\" class=\"wp-image-303148\" srcset=\"https:\/\/liked.hu\/old\/wp-content\/uploads\/2023\/05\/Hires-divatmarkak-alapitoi-011.webp 1200w, https:\/\/liked.hu\/old\/wp-content\/uploads\/2023\/05\/Hires-divatmarkak-alapitoi-011-768x576.webp 768w\" sizes=\"(max-width: 1200px) 100vw, 1200px\" \/><\/figure>\n\n\n\n<p><strong>Alap\u00edtva:<\/strong>&nbsp;1992<\/p>\n\n\n\n<p>A divattervez\u0151 a sokkol\u00f3 kollekci\u00f3ir\u00f3l v\u00e1lt h\u00edress\u00e9.&nbsp;Modelleit v\u00e9res k\u00f6t\u00e9sben, celof\u00e1nban \u00e9s rendk\u00edv\u00fcl furcsa k\u00fcls\u0151vel engedte ki a kifut\u00f3ra.&nbsp;A m\u00e1rka ikonikus term\u00e9kei k\u00f6z\u00e9 tartoznak a pat\u00e1s cip\u0151k, \u00e9s a bazsar\u00f3zsa ruh\u00e1k.<\/p>\n<\/div>\n\n\n\n<div class=\"wp-block-buzzeditor-list-item\"><h3 class=\"be-list-item-title\"><span style=\"color:;background-color:;border-color:\" class=\"be-list-item-number\">17<\/span> <span style=\"color:;background-color:;border-color:\" class=\"be-list-item-text\">Louis Vuitton &#8211; az egyik legr\u00e9gebbi francia divath\u00e1z alap\u00edt\u00f3ja.<\/span><\/h3>\n<figure class=\"wp-block-image size-full\"><img loading=\"lazy\" width=\"800\" height=\"1084\" src=\"https:\/\/liked.hu\/old\/wp-content\/uploads\/2023\/05\/Hires-divatmarkak-alapitoi-010.webp\" alt=\"H\u00edres divatm\u00e1rk\u00e1k alap\u00edt\u00f3i 010\" class=\"wp-image-303147\" srcset=\"https:\/\/liked.hu\/old\/wp-content\/uploads\/2023\/05\/Hires-divatmarkak-alapitoi-010.webp 800w, https:\/\/liked.hu\/old\/wp-content\/uploads\/2023\/05\/Hires-divatmarkak-alapitoi-010-768x1041.webp 768w\" sizes=\"(max-width: 800px) 100vw, 800px\" \/><\/figure>\n\n\n\n<p><strong>Alap\u00edtva:<\/strong>&nbsp;1854<\/p>\n\n\n\n<p>Amikor Louis Vuitton P\u00e1rizs megh\u00f3d\u00edt\u00e1s\u00e1ra indult, m\u00e9g csak 14 \u00e9ves volt.&nbsp;A fi\u00fanak 400 kilom\u00e9tert kellett ez\u00e9rt utaznia.&nbsp;Louisnak nem volt p\u00e9nze jegyre, \u00edgy 2 eg\u00e9sz \u00e9vig tartott, m\u00edg gyalogosan v\u00e9g\u00fcl eljutott az \u00e1lmai v\u00e1ros\u00e1ba. \u00datk\u00f6zben folyamatosan meg\u00e1llt a k\u00fcl\u00f6nb\u00f6z\u0151 v\u00e1rosokban, hogy plusz p\u00e9nzt keressen.<\/p>\n<\/div>\n<\/div>\n","protected":false},"excerpt":{"rendered":"<p>Ezek az emberek megv\u00e1ltoztatt\u00e1k a vil\u00e1got.<\/p>\n","protected":false},"author":5,"featured_media":303146,"comment_status":"open","ping_status":"closed","sticky":false,"template":"","format":"standard","meta":{"buzzeditor_post_format":""},"categories":[8390,23],"tags":[381,496,9235,1647,8731],"yoast_head":"<!-- This site is optimized with the Yoast SEO plugin v19.6.1 - https:\/\/yoast.com\/wordpress\/plugins\/seo\/ -->\n<title>\u00cdgy n\u00e9z ki 17 divattervez\u0151, akikr\u0151l vil\u00e1gh\u00edr\u0171 m\u00e1rk\u00e1k lettek elnevezve<\/title>\n<meta name=\"description\" content=\"Ezek az emberek megv\u00e1ltoztatt\u00e1k a vil\u00e1got.\" \/>\n<meta name=\"robots\" content=\"index, follow, max-snippet:-1, max-image-preview:large, max-video-preview:-1\" \/>\n<link rel=\"canonical\" href=\"https:\/\/liked.hu\/old\/erdekes\/igy-nez-ki-17-divattervezo-akikrol-vilaghiru-markak-lettek-elnevezve\/\" \/>\n<link rel=\"next\" href=\"https:\/\/liked.hu\/old\/erdekes\/igy-nez-ki-17-divattervezo-akikrol-vilaghiru-markak-lettek-elnevezve\/2\/\" \/>\n<meta property=\"og:locale\" content=\"hu_HU\" \/>\n<meta property=\"og:type\" content=\"article\" \/>\n<meta property=\"og:title\" content=\"\u00cdgy n\u00e9z ki 17 divattervez\u0151, akikr\u0151l a mindannyiunk \u00e1ltal ismert n\u00e9pszer\u0171 \u00e9s dr\u00e1ga m\u00e1rk\u00e1k kapt\u00e1k a nev\u00fcket\" \/>\n<meta property=\"og:description\" content=\"Ezek az emberek megv\u00e1ltoztatt\u00e1k a vil\u00e1got.\" \/>\n<meta property=\"og:url\" content=\"https:\/\/liked.hu\/old\/erdekes\/igy-nez-ki-17-divattervezo-akikrol-vilaghiru-markak-lettek-elnevezve\/\" \/>\n<meta property=\"og:site_name\" content=\"Liked.hu\" \/>\n<meta property=\"article:publisher\" content=\"https:\/\/www.facebook.com\/liked.hu\" \/>\n<meta property=\"article:published_time\" content=\"2023-05-14T00:06:21+00:00\" \/>\n<meta property=\"article:modified_time\" content=\"2023-05-14T00:06:22+00:00\" \/>\n<meta property=\"og:image\" content=\"https:\/\/liked.hu\/old\/wp-content\/uploads\/2023\/05\/Hires-divattervezok.jpg\" \/>\n\t<meta property=\"og:image:width\" content=\"1200\" \/>\n\t<meta property=\"og:image:height\" content=\"630\" \/>\n\t<meta property=\"og:image:type\" content=\"image\/jpeg\" \/>\n<meta name=\"author\" content=\"Sludenkor\" \/>\n<meta name=\"twitter:card\" content=\"summary\" \/>\n<meta name=\"twitter:creator\" content=\"@LikedHu\" \/>\n<meta name=\"twitter:site\" content=\"@LikedHu\" \/>\n<meta name=\"twitter:label1\" content=\"Szerz\u0151:\" \/>\n\t<meta name=\"twitter:data1\" content=\"Sludenkor\" \/>\n\t<meta name=\"twitter:label2\" content=\"Becs\u00fclt olvas\u00e1si id\u0151\" \/>\n\t<meta name=\"twitter:data2\" content=\"6 perc\" \/>\n<script type=\"application\/ld+json\" class=\"yoast-schema-graph\">{\"@context\":\"https:\/\/schema.org\",\"@graph\":[{\"@type\":\"Article\",\"@id\":\"https:\/\/liked.hu\/old\/erdekes\/igy-nez-ki-17-divattervezo-akikrol-vilaghiru-markak-lettek-elnevezve\/#article\",\"isPartOf\":{\"@id\":\"https:\/\/liked.hu\/old\/erdekes\/igy-nez-ki-17-divattervezo-akikrol-vilaghiru-markak-lettek-elnevezve\/\"},\"author\":{\"name\":\"Sludenkor\",\"@id\":\"https:\/\/liked.hu\/old\/#\/schema\/person\/6650f7130e2154421c3a5cae3435b47c\"},\"headline\":\"\u00cdgy n\u00e9z ki 17 divattervez\u0151, akikr\u0151l a mindannyiunk \u00e1ltal ismert n\u00e9pszer\u0171 \u00e9s dr\u00e1ga m\u00e1rk\u00e1k kapt\u00e1k a nev\u00fcket\",\"datePublished\":\"2023-05-14T00:06:21+00:00\",\"dateModified\":\"2023-05-14T00:06:22+00:00\",\"mainEntityOfPage\":{\"@id\":\"https:\/\/liked.hu\/old\/erdekes\/igy-nez-ki-17-divattervezo-akikrol-vilaghiru-markak-lettek-elnevezve\/\"},\"wordCount\":1175,\"commentCount\":0,\"publisher\":{\"@id\":\"https:\/\/liked.hu\/old\/#organization\"},\"keywords\":[\"c\u00e9g\",\"divat\",\"h\u00edres emberek\",\"m\u00e1rka\",\"m\u00e1rk\u00e1k\"],\"articleSection\":[\"Divat\",\"\u00c9rdekess\u00e9gek\"],\"inLanguage\":\"hu\",\"potentialAction\":[{\"@type\":\"CommentAction\",\"name\":\"Comment\",\"target\":[\"https:\/\/liked.hu\/old\/erdekes\/igy-nez-ki-17-divattervezo-akikrol-vilaghiru-markak-lettek-elnevezve\/#respond\"]}]},{\"@type\":\"WebPage\",\"@id\":\"https:\/\/liked.hu\/old\/erdekes\/igy-nez-ki-17-divattervezo-akikrol-vilaghiru-markak-lettek-elnevezve\/\",\"url\":\"https:\/\/liked.hu\/old\/erdekes\/igy-nez-ki-17-divattervezo-akikrol-vilaghiru-markak-lettek-elnevezve\/\",\"name\":\"\u00cdgy n\u00e9z ki 17 divattervez\u0151, akikr\u0151l vil\u00e1gh\u00edr\u0171 m\u00e1rk\u00e1k lettek elnevezve\",\"isPartOf\":{\"@id\":\"https:\/\/liked.hu\/old\/#website\"},\"datePublished\":\"2023-05-14T00:06:21+00:00\",\"dateModified\":\"2023-05-14T00:06:22+00:00\",\"description\":\"Ezek az emberek megv\u00e1ltoztatt\u00e1k a vil\u00e1got.\",\"breadcrumb\":{\"@id\":\"https:\/\/liked.hu\/old\/erdekes\/igy-nez-ki-17-divattervezo-akikrol-vilaghiru-markak-lettek-elnevezve\/#breadcrumb\"},\"inLanguage\":\"hu\",\"potentialAction\":[{\"@type\":\"ReadAction\",\"target\":[\"https:\/\/liked.hu\/old\/erdekes\/igy-nez-ki-17-divattervezo-akikrol-vilaghiru-markak-lettek-elnevezve\/\"]}]},{\"@type\":\"BreadcrumbList\",\"@id\":\"https:\/\/liked.hu\/old\/erdekes\/igy-nez-ki-17-divattervezo-akikrol-vilaghiru-markak-lettek-elnevezve\/#breadcrumb\",\"itemListElement\":[{\"@type\":\"ListItem\",\"position\":1,\"name\":\"Kezd\u0151lap\"}]},{\"@type\":\"WebSite\",\"@id\":\"https:\/\/liked.hu\/old\/#website\",\"url\":\"https:\/\/liked.hu\/old\/\",\"name\":\"Liked.hu\",\"description\":\"\",\"publisher\":{\"@id\":\"https:\/\/liked.hu\/old\/#organization\"},\"potentialAction\":[{\"@type\":\"SearchAction\",\"target\":{\"@type\":\"EntryPoint\",\"urlTemplate\":\"https:\/\/liked.hu\/old\/?s={search_term_string}\"},\"query-input\":\"required name=search_term_string\"}],\"inLanguage\":\"hu\"},{\"@type\":\"Organization\",\"@id\":\"https:\/\/liked.hu\/old\/#organization\",\"name\":\"Liked.hu\",\"url\":\"https:\/\/liked.hu\/old\/\",\"sameAs\":[\"https:\/\/hu.pinterest.com\/likedhungary\/\",\"https:\/\/www.youtube.com\/channel\/UCPv91dbMoIukYcM9b9nHN6Q\",\"https:\/\/www.facebook.com\/liked.hu\",\"https:\/\/twitter.com\/LikedHu\"],\"logo\":{\"@type\":\"ImageObject\",\"inLanguage\":\"hu\",\"@id\":\"https:\/\/liked.hu\/old\/#\/schema\/logo\/image\/\",\"url\":\"https:\/\/liked.hu\/wp-content\/uploads\/2018\/08\/Liked-icon.png\",\"contentUrl\":\"https:\/\/liked.hu\/wp-content\/uploads\/2018\/08\/Liked-icon.png\",\"width\":512,\"height\":512,\"caption\":\"Liked.hu\"},\"image\":{\"@id\":\"https:\/\/liked.hu\/old\/#\/schema\/logo\/image\/\"}},{\"@type\":\"Person\",\"@id\":\"https:\/\/liked.hu\/old\/#\/schema\/person\/6650f7130e2154421c3a5cae3435b47c\",\"name\":\"Sludenkor\",\"image\":{\"@type\":\"ImageObject\",\"inLanguage\":\"hu\",\"@id\":\"https:\/\/liked.hu\/old\/#\/schema\/person\/image\/\",\"url\":\"https:\/\/liked.hu\/old\/wp-content\/uploads\/avatars\/5\/604de86470f75-bpfull.jpg\",\"contentUrl\":\"https:\/\/liked.hu\/old\/wp-content\/uploads\/avatars\/5\/604de86470f75-bpfull.jpg\",\"caption\":\"Sludenkor\"},\"url\":\"https:\/\/liked.hu\/old\/u\/sludenkor\/\"}]}<\/script>\n<!-- \/ Yoast SEO plugin. -->","yoast_head_json":{"title":"\u00cdgy n\u00e9z ki 17 divattervez\u0151, akikr\u0151l vil\u00e1gh\u00edr\u0171 m\u00e1rk\u00e1k lettek elnevezve","description":"Ezek az emberek megv\u00e1ltoztatt\u00e1k a vil\u00e1got.","robots":{"index":"index","follow":"follow","max-snippet":"max-snippet:-1","max-image-preview":"max-image-preview:large","max-video-preview":"max-video-preview:-1"},"canonical":"https:\/\/liked.hu\/old\/erdekes\/igy-nez-ki-17-divattervezo-akikrol-vilaghiru-markak-lettek-elnevezve\/","next":"https:\/\/liked.hu\/old\/erdekes\/igy-nez-ki-17-divattervezo-akikrol-vilaghiru-markak-lettek-elnevezve\/2\/","og_locale":"hu_HU","og_type":"article","og_title":"\u00cdgy n\u00e9z ki 17 divattervez\u0151, akikr\u0151l a mindannyiunk \u00e1ltal ismert n\u00e9pszer\u0171 \u00e9s dr\u00e1ga m\u00e1rk\u00e1k kapt\u00e1k a nev\u00fcket","og_description":"Ezek az emberek megv\u00e1ltoztatt\u00e1k a vil\u00e1got.","og_url":"https:\/\/liked.hu\/old\/erdekes\/igy-nez-ki-17-divattervezo-akikrol-vilaghiru-markak-lettek-elnevezve\/","og_site_name":"Liked.hu","article_publisher":"https:\/\/www.facebook.com\/liked.hu","article_published_time":"2023-05-14T00:06:21+00:00","article_modified_time":"2023-05-14T00:06:22+00:00","og_image":[{"width":1200,"height":630,"url":"https:\/\/liked.hu\/old\/wp-content\/uploads\/2023\/05\/Hires-divattervezok.jpg","type":"image\/jpeg"}],"author":"Sludenkor","twitter_card":"summary","twitter_creator":"@LikedHu","twitter_site":"@LikedHu","twitter_misc":{"Szerz\u0151:":"Sludenkor","Becs\u00fclt olvas\u00e1si id\u0151":"6 perc"},"schema":{"@context":"https:\/\/schema.org","@graph":[{"@type":"Article","@id":"https:\/\/liked.hu\/old\/erdekes\/igy-nez-ki-17-divattervezo-akikrol-vilaghiru-markak-lettek-elnevezve\/#article","isPartOf":{"@id":"https:\/\/liked.hu\/old\/erdekes\/igy-nez-ki-17-divattervezo-akikrol-vilaghiru-markak-lettek-elnevezve\/"},"author":{"name":"Sludenkor","@id":"https:\/\/liked.hu\/old\/#\/schema\/person\/6650f7130e2154421c3a5cae3435b47c"},"headline":"\u00cdgy n\u00e9z ki 17 divattervez\u0151, akikr\u0151l a mindannyiunk \u00e1ltal ismert n\u00e9pszer\u0171 \u00e9s dr\u00e1ga m\u00e1rk\u00e1k kapt\u00e1k a nev\u00fcket","datePublished":"2023-05-14T00:06:21+00:00","dateModified":"2023-05-14T00:06:22+00:00","mainEntityOfPage":{"@id":"https:\/\/liked.hu\/old\/erdekes\/igy-nez-ki-17-divattervezo-akikrol-vilaghiru-markak-lettek-elnevezve\/"},"wordCount":1175,"commentCount":0,"publisher":{"@id":"https:\/\/liked.hu\/old\/#organization"},"keywords":["c\u00e9g","divat","h\u00edres emberek","m\u00e1rka","m\u00e1rk\u00e1k"],"articleSection":["Divat","\u00c9rdekess\u00e9gek"],"inLanguage":"hu","potentialAction":[{"@type":"CommentAction","name":"Comment","target":["https:\/\/liked.hu\/old\/erdekes\/igy-nez-ki-17-divattervezo-akikrol-vilaghiru-markak-lettek-elnevezve\/#respond"]}]},{"@type":"WebPage","@id":"https:\/\/liked.hu\/old\/erdekes\/igy-nez-ki-17-divattervezo-akikrol-vilaghiru-markak-lettek-elnevezve\/","url":"https:\/\/liked.hu\/old\/erdekes\/igy-nez-ki-17-divattervezo-akikrol-vilaghiru-markak-lettek-elnevezve\/","name":"\u00cdgy n\u00e9z ki 17 divattervez\u0151, akikr\u0151l vil\u00e1gh\u00edr\u0171 m\u00e1rk\u00e1k lettek elnevezve","isPartOf":{"@id":"https:\/\/liked.hu\/old\/#website"},"datePublished":"2023-05-14T00:06:21+00:00","dateModified":"2023-05-14T00:06:22+00:00","description":"Ezek az emberek megv\u00e1ltoztatt\u00e1k a vil\u00e1got.","breadcrumb":{"@id":"https:\/\/liked.hu\/old\/erdekes\/igy-nez-ki-17-divattervezo-akikrol-vilaghiru-markak-lettek-elnevezve\/#breadcrumb"},"inLanguage":"hu","potentialAction":[{"@type":"ReadAction","target":["https:\/\/liked.hu\/old\/erdekes\/igy-nez-ki-17-divattervezo-akikrol-vilaghiru-markak-lettek-elnevezve\/"]}]},{"@type":"BreadcrumbList","@id":"https:\/\/liked.hu\/old\/erdekes\/igy-nez-ki-17-divattervezo-akikrol-vilaghiru-markak-lettek-elnevezve\/#breadcrumb","itemListElement":[{"@type":"ListItem","position":1,"name":"Kezd\u0151lap"}]},{"@type":"WebSite","@id":"https:\/\/liked.hu\/old\/#website","url":"https:\/\/liked.hu\/old\/","name":"Liked.hu","description":"","publisher":{"@id":"https:\/\/liked.hu\/old\/#organization"},"potentialAction":[{"@type":"SearchAction","target":{"@type":"EntryPoint","urlTemplate":"https:\/\/liked.hu\/old\/?s={search_term_string}"},"query-input":"required name=search_term_string"}],"inLanguage":"hu"},{"@type":"Organization","@id":"https:\/\/liked.hu\/old\/#organization","name":"Liked.hu","url":"https:\/\/liked.hu\/old\/","sameAs":["https:\/\/hu.pinterest.com\/likedhungary\/","https:\/\/www.youtube.com\/channel\/UCPv91dbMoIukYcM9b9nHN6Q","https:\/\/www.facebook.com\/liked.hu","https:\/\/twitter.com\/LikedHu"],"logo":{"@type":"ImageObject","inLanguage":"hu","@id":"https:\/\/liked.hu\/old\/#\/schema\/logo\/image\/","url":"https:\/\/liked.hu\/wp-content\/uploads\/2018\/08\/Liked-icon.png","contentUrl":"https:\/\/liked.hu\/wp-content\/uploads\/2018\/08\/Liked-icon.png","width":512,"height":512,"caption":"Liked.hu"},"image":{"@id":"https:\/\/liked.hu\/old\/#\/schema\/logo\/image\/"}},{"@type":"Person","@id":"https:\/\/liked.hu\/old\/#\/schema\/person\/6650f7130e2154421c3a5cae3435b47c","name":"Sludenkor","image":{"@type":"ImageObject","inLanguage":"hu","@id":"https:\/\/liked.hu\/old\/#\/schema\/person\/image\/","url":"https:\/\/liked.hu\/old\/wp-content\/uploads\/avatars\/5\/604de86470f75-bpfull.jpg","contentUrl":"https:\/\/liked.hu\/old\/wp-content\/uploads\/avatars\/5\/604de86470f75-bpfull.jpg","caption":"Sludenkor"},"url":"https:\/\/liked.hu\/old\/u\/sludenkor\/"}]}},"publishpress_future_action":{"enabled":false,"date":"1970-01-01 01:00:00","action":"","terms":[],"taxonomy":"","browser_timezone_offset":0},"_links":{"self":[{"href":"https:\/\/liked.hu\/old\/wp-json\/wp\/v2\/posts\/303144"}],"collection":[{"href":"https:\/\/liked.hu\/old\/wp-json\/wp\/v2\/posts"}],"about":[{"href":"https:\/\/liked.hu\/old\/wp-json\/wp\/v2\/types\/post"}],"author":[{"embeddable":true,"href":"https:\/\/liked.hu\/old\/wp-json\/wp\/v2\/users\/5"}],"replies":[{"embeddable":true,"href":"https:\/\/liked.hu\/old\/wp-json\/wp\/v2\/comments?post=303144"}],"version-history":[{"count":0,"href":"https:\/\/liked.hu\/old\/wp-json\/wp\/v2\/posts\/303144\/revisions"}],"wp:featuredmedia":[{"embeddable":true,"href":"https:\/\/liked.hu\/old\/wp-json\/wp\/v2\/media\/303146"}],"wp:attachment":[{"href":"https:\/\/liked.hu\/old\/wp-json\/wp\/v2\/media?parent=303144"}],"wp:term":[{"taxonomy":"category","embeddable":true,"href":"https:\/\/liked.hu\/old\/wp-json\/wp\/v2\/categories?post=303144"},{"taxonomy":"post_tag","embeddable":true,"href":"https:\/\/liked.hu\/old\/wp-json\/wp\/v2\/tags?post=303144"}],"curies":[{"name":"wp","href":"https:\/\/api.w.org\/{rel}","templated":true}]}}