{"id":300629,"date":"2023-02-17T21:10:25","date_gmt":"2023-02-17T20:10:25","guid":{"rendered":"https:\/\/liked.hu\/old\/?p=300629"},"modified":"2023-02-17T21:10:27","modified_gmt":"2023-02-17T20:10:27","slug":"10-szinesz-es-szineszno-akik-barmire-keszek-voltak-a-hon-ahitott-szerep-kedveert","status":"publish","type":"post","link":"https:\/\/liked.hu\/old\/filmek-es-tv\/10-szinesz-es-szineszno-akik-barmire-keszek-voltak-a-hon-ahitott-szerep-kedveert\/","title":{"rendered":"10 sz\u00edn\u00e9sz \u00e9s sz\u00edn\u00e9szn\u0151, akik b\u00e1rmire k\u00e9szek voltak a h\u0151n \u00e1h\u00edtott szerep kedv\u00e9\u00e9rt"},"content":{"rendered":"\n<p>Az ember sok mindenre k\u00e9pes az\u00e9rt, hogy el\u0151r\u00e9bb l\u00e9phessen a karrierj\u00e9ben. Egyesek a szabadidej\u00fcket \u00e1ldozz\u00e1k fel ez\u00e9rt, m\u00e1soknak a csal\u00e1di \u00e9let\u00fck l\u00e1tja k\u00e1r\u00e1t a t\u00falzott munkam\u00e1ni\u00e1nak, a sz\u00edn\u00e9szek pedig sokszor m\u00e9g enn\u00e9l is messzebbre mennek.<\/p>\n\n\n\n\n<div style=\"float:none;margin:0px 0 0px 0;text-align:center;\">\n<div class=\"mobileShowkakettes\"><div class=\"mobileShowka2\"><div style=\"padding-top:0px;padding-bottom:15px;min-height: 300px;\"><div class=\"hirdetes\">HIRDET\u00c9S<\/div>\n<!-- 300lista -->\n<ins class=\"adsbygoogle\"\n     style=\"display:inline-block;width:300px;height:250px\"\n     data-ad-client=\"ca-pub-9424088931673893\"\n     data-ad-slot=\"8471340766\"><\/ins>\n<script async>\n     (adsbygoogle = window.adsbygoogle || []).push({});\n<\/script><\/div><\/div><\/div><\/div>\n\n\n\n\n<p>A <strong>Liked.hu<\/strong>-n\u00e1l most olyan sz\u00edn\u00e9szeket gy\u0171jt\u00f6tt\u00fcnk \u00f6ssze, akik b\u00e1rmire k\u00e9szek voltak egy-egy szerep kedv\u00e9\u00e9rt, a f\u00e1radoz\u00e1suk pedig nem volt hi\u00e1baval\u00f3, hiszen az eg\u00e9sz vil\u00e1g megismerte \u0151ket, s\u0151t, sokan k\u00f6z\u00fcl\u00fck m\u00e9g Oscar-d\u00edjat is kaptak a p\u00e9ld\u00e1tlan alak\u00edt\u00e1suk\u00e9rt.<\/p>\n\n\n\n<div class=\"wp-block-buzzeditor-list be-list be-list-type-desc be-list-number-style-none\">\n<div class=\"wp-block-buzzeditor-list-item\"><h3 class=\"be-list-item-title\"><span style=\"color:;background-color:;border-color:\" class=\"be-list-item-number\">10<\/span> <span style=\"color:;background-color:;border-color:\" class=\"be-list-item-text\">Az \u00edr\u00f3n\u0151 Anne Rice nem volt elragadtatva az\u00e9rt, hogy Tom Cruise kapta meg Lestat szerep\u00e9t az Interj\u00fa a v\u00e1mp\u00edrral c\u00edm\u0171 reg\u00e9ny filmadapt\u00e1ci\u00f3j\u00e1ban. Cruise-t l\u00e1that\u00f3an b\u00e1ntotta ez a kritika, \u00e9s \u00fagy d\u00f6nt\u00f6tt, hogy nemcsak a reg\u00e9nyt, hanem Rice \u00f6sszes k\u00f6nyv\u00e9t is figyelmesen elolvassa, megtanul zongor\u00e1zni, lefogy, \u00e9s k\u00f6rbeutazza P\u00e1rizst, hogy egy kicsit k\u00f6zelebbr\u0151l is megismerhesse Lestat hedonista \u00e9letm\u00f3dj\u00e1t.<\/span><\/h3>\n<figure class=\"wp-block-image size-full\"><img loading=\"lazy\" width=\"1176\" height=\"715\" src=\"https:\/\/liked.hu\/old\/wp-content\/uploads\/2023\/02\/Szineszek-filmek-010.webp\" alt=\"Sz\u00edn\u00e9szek filmek 010\" class=\"wp-image-300633\" srcset=\"https:\/\/liked.hu\/old\/wp-content\/uploads\/2023\/02\/Szineszek-filmek-010.webp 1176w, https:\/\/liked.hu\/old\/wp-content\/uploads\/2023\/02\/Szineszek-filmek-010-768x467.webp 768w\" sizes=\"(max-width: 1176px) 100vw, 1176px\" \/><figcaption>Warner Bros.<\/figcaption><\/figure>\n\n\n\n<p>Az er\u0151fesz\u00edt\u00e9se nem volt hi\u00e1baval\u00f3: az \u00edr\u00f3n\u0151 k\u00e9s\u0151bb elismerte, hogy Cruise kiv\u00e1l\u00f3 munk\u00e1t v\u00e9gzett a szereppel.<\/p>\n<\/div>\n\n\n\n<div class=\"wp-block-buzzeditor-list-item\"><h3 class=\"be-list-item-title\"><span style=\"color:;background-color:;border-color:\" class=\"be-list-item-number\">9<\/span> <span style=\"color:;background-color:;border-color:\" class=\"be-list-item-text\">A szoba c\u00edm\u0171 film f\u0151szerep\u00e9re k\u00e9sz\u00fclve Brie Larson pszichi\u00e1terekkel besz\u00e9lgetett, r\u00e1ad\u00e1sul egy h\u00f3napig egyed\u00fcl, a k\u00fclvil\u00e1gt\u00f3l elz\u00e1rva \u00e9lt egy h\u00e1zban, ahol a karaktere nev\u00e9ben napl\u00f3t vezetett az \u00e9let\u00e9r\u0151l. A forgat\u00e1s megkezd\u00e9se el\u0151tt a sz\u00edn\u00e9szn\u0151 3 h\u00e9tig rendszeresen tal\u00e1lkozott a filmben fi\u00e1t alak\u00edt\u00f3 Jacob Tremblay-jel: egy\u00fctt t\u00f6lt\u00f6tt\u00e9k az id\u0151t, sokat besz\u00e9lgettek \u00e9s j\u00e1tszottak, hogy jobban megismerhess\u00e9k egym\u00e1st \u00e9s jobban tudj\u00e1k hozni a k\u00fcl\u00f6nleges anya-fi\u00fa kapcsolatot a filmben.<\/span><\/h3>\n<figure class=\"wp-block-image size-full\"><img loading=\"lazy\" width=\"1779\" height=\"767\" src=\"https:\/\/liked.hu\/old\/wp-content\/uploads\/2023\/02\/Szineszek-filmek-009.webp\" alt=\"Sz\u00edn\u00e9szek filmek 009\" class=\"wp-image-300634\" srcset=\"https:\/\/liked.hu\/old\/wp-content\/uploads\/2023\/02\/Szineszek-filmek-009.webp 1779w, https:\/\/liked.hu\/old\/wp-content\/uploads\/2023\/02\/Szineszek-filmek-009-768x331.webp 768w\" sizes=\"(max-width: 1779px) 100vw, 1779px\" \/><figcaption>Element Pictures<\/figcaption><\/figure>\n\n\n\n\n<div style=\"float:none;margin:0px 0 0px 0;text-align:center;\">\n<div class=\"mobileHideke5\"><div style=\"margin-top:25px;\"><div class=\"hirdeteshatter\"><div style=\"display: inline-block;width: 50%;min-width:305px;vertical-align: top;\"><div class=\"hirdetes\">HIRDET\u00c9S<\/div>\n<!-- LikedQ51 -->\n<ins class=\"adsbygoogle\"\n     style=\"display:inline-block;width:300px;height:250px\"\n     data-ad-client=\"ca-pub-9424088931673893\"\n     data-ad-slot=\"8284063326\"><\/ins>\n<script async>\n     (adsbygoogle = window.adsbygoogle || []).push({});\n<\/script><\/div><div style=\"display: inline-block;width: 50%;min-width:305px;vertical-align: top;\"><div class=\"hirdetes\">HIRDET\u00c9S<\/div>\n<!-- LikedQ52 -->\n<ins class=\"adsbygoogle\"\n     style=\"display:inline-block;width:300px;height:250px\"\n     data-ad-client=\"ca-pub-9424088931673893\"\n     data-ad-slot=\"2840164950\"><\/ins>\n<script async>\n     (adsbygoogle = window.adsbygoogle || []).push({});\n<\/script><\/div><\/div><\/div><\/div>\n<div style=\"display:flex;flex-direction:column;\"><div class=\"mobileShowka5\"><div style=\"padding-top:10px;padding-bottom:10px;min-height: 300px;\"><div class=\"hirdetes\">HIRDET\u00c9S<\/div>\n<!-- LikedQ5M -->\n<ins class=\"adsbygoogle\"\n     style=\"display:inline-block;width:300px;height:250px\"\n     data-ad-client=\"ca-pub-9424088931673893\"\n     data-ad-slot=\"9022429928\"><\/ins>\n<script async>\n     (adsbygoogle = window.adsbygoogle || []).push({});\n<\/script><\/div><\/div><\/div><\/div>\n\n<\/div>\n\n\n\n<div class=\"wp-block-buzzeditor-list-item\"><h3 class=\"be-list-item-title\"><span style=\"color:;background-color:;border-color:\" class=\"be-list-item-number\">8<\/span> <span style=\"color:;background-color:;border-color:\" class=\"be-list-item-text\">Egy \u00f3r\u00e1val a M\u00e1gus c\u00edm\u0171 film meghallgat\u00e1sa el\u0151tt Jessica Biel vett egy 19. sz\u00e1zadi ruh\u00e1t \u00e9s abban ment el a castingra.<\/span><\/h3>\n<figure class=\"wp-block-image size-full\"><img loading=\"lazy\" width=\"1125\" height=\"768\" src=\"https:\/\/liked.hu\/old\/wp-content\/uploads\/2023\/02\/Szineszek-filmek-008.webp\" alt=\"Sz\u00edn\u00e9szek filmek 008\" class=\"wp-image-300635\" srcset=\"https:\/\/liked.hu\/old\/wp-content\/uploads\/2023\/02\/Szineszek-filmek-008.webp 1125w, https:\/\/liked.hu\/old\/wp-content\/uploads\/2023\/02\/Szineszek-filmek-008-768x524.webp 768w\" sizes=\"(max-width: 1125px) 100vw, 1125px\" \/><figcaption>Yari Film Group Releasing<\/figcaption><\/figure>\n\n\n\n<p>\u201e\u00c9s bej\u00f6tt!\u201d \u2013 eml\u00e9kezett vissza Jessica. \u201e\u00dagy voltam vele, hogy vagy tetszeni fog nekik, vagy kinevetnek. \u00dagy d\u00f6nt\u00f6ttem, hogy nem \u00e9rdekel \u2013 minden t\u0151lem telhet\u0151t megteszek. Amikor bel\u00e9ptem, volt egy enyhe d\u00f6bbenet, azt\u00e1n a rendez\u0151 \u00edgy sz\u00f3lt: H\u00e1la Istennek, legal\u00e1bb a jelmezre m\u00e1r nem kell k\u00f6lteni.\u201d<\/p>\n<\/div>\n\n\n\n<div class=\"wp-block-buzzeditor-list-item\"><h3 class=\"be-list-item-title\"><span style=\"color:;background-color:;border-color:\" class=\"be-list-item-number\">7<\/span> <span style=\"color:;background-color:;border-color:\" class=\"be-list-item-text\">A T\u00fal a bar\u00e1ts\u00e1gon c\u00edm\u0171 film castingja k\u00f6zben Anne Hathaway azt hazudta a rendez\u0151nek, hogy kiv\u00e1l\u00f3an lovagol. Val\u00f3j\u00e1ban azonban Anne soha nem \u00fclt m\u00e9g lovon. A sz\u00edn\u00e9szn\u0151 persze nem hagyta cserben a rendez\u0151t, \u00e9s m\u00e9g a forgat\u00e1s megkezd\u00e9se el\u0151tt megtanult igen magas szinten lovagolni.<\/span><\/h3>\n<figure class=\"wp-block-image size-full\"><img loading=\"lazy\" width=\"1153\" height=\"777\" src=\"https:\/\/liked.hu\/old\/wp-content\/uploads\/2023\/02\/Szineszek-filmek-007.webp\" alt=\"Sz\u00edn\u00e9szek filmek 007\" class=\"wp-image-300636\" srcset=\"https:\/\/liked.hu\/old\/wp-content\/uploads\/2023\/02\/Szineszek-filmek-007.webp 1153w, https:\/\/liked.hu\/old\/wp-content\/uploads\/2023\/02\/Szineszek-filmek-007-768x518.webp 768w\" sizes=\"(max-width: 1153px) 100vw, 1153px\" \/><figcaption>Focus Films<\/figcaption><\/figure>\n\n\n\n\n<div style=\"float:none;margin:0px 0 0px 0;text-align:center;\">\n<div class=\"mobileHideke8\"><div style=\"margin-top:25px;\"><div class=\"hirdeteshatter\"><div style=\"display: inline-block;width: 50%;min-width:340px;vertical-align: top;\"><div class=\"hirdetes\">HIRDET\u00c9S<\/div>\n<!-- Liked7Q1 -->\n<ins class=\"adsbygoogle\"\n     style=\"display:inline-block;width:336px;height:280px\"\n     data-ad-client=\"ca-pub-9424088931673893\"\n     data-ad-slot=\"3022062587\"><\/ins>\n<script async>\n     (adsbygoogle = window.adsbygoogle || []).push({});\n<\/script><\/div><div style=\"display: inline-block;width: 50%;min-width:340px;vertical-align: top;\"><div class=\"hirdetes\">HIRDET\u00c9S<\/div>\n<!-- Liked7Q2 -->\n<ins class=\"adsbygoogle\"\n     style=\"display:inline-block;width:336px;height:280px\"\n     data-ad-client=\"ca-pub-9424088931673893\"\n     data-ad-slot=\"3952000871\"><\/ins>\n<script async>\n     (adsbygoogle = window.adsbygoogle || []).push({});\n<\/script><\/div><\/div><\/div><\/div>\n<div style=\"display:flex;flex-direction:column;\"><div class=\"mobileShowka8\"><div style=\"padding-top:15px;margin-bottom:15px;min-height: 300px;\"><div class=\"hirdetes\">HIRDET\u00c9S<\/div>\n<!-- Liked7QMobil -->\n<ins class=\"adsbygoogle\"\n     style=\"display:inline-block;width:336px;height:280px\"\n     data-ad-client=\"ca-pub-9424088931673893\"\n     data-ad-slot=\"5073510857\"><\/ins>\n<script async>\n     (adsbygoogle = window.adsbygoogle || []).push({});\n<\/script><\/div><\/div><\/div><\/div>\n\n<\/div>\n\n\n\n<div class=\"wp-block-buzzeditor-list-item\"><h3 class=\"be-list-item-title\"><span style=\"color:;background-color:;border-color:\" class=\"be-list-item-number\">6<\/span> <span style=\"color:;background-color:;border-color:\" class=\"be-list-item-text\">A Thor: Szerelem \u00e9s mennyd\u00f6rg\u00e9s c\u00edm\u0171 film szerep\u00e9\u00e9rt Natalie Portmannek 10 h\u00f3napig heti 5 edz\u00e9st kellett lenyomnia, \u00e9s a nagyszer\u0171 sz\u00edn\u00e9szn\u0151 egyetlen edz\u00e9st sem hagyott ki.<\/span><\/h3>\n<figure class=\"wp-block-image size-full\"><img loading=\"lazy\" width=\"1151\" height=\"785\" src=\"https:\/\/liked.hu\/old\/wp-content\/uploads\/2023\/02\/Szineszek-filmek-006.webp\" alt=\"Sz\u00edn\u00e9szek filmek 006\" class=\"wp-image-300637\" srcset=\"https:\/\/liked.hu\/old\/wp-content\/uploads\/2023\/02\/Szineszek-filmek-006.webp 1151w, https:\/\/liked.hu\/old\/wp-content\/uploads\/2023\/02\/Szineszek-filmek-006-768x524.webp 768w\" sizes=\"(max-width: 1151px) 100vw, 1151px\" \/><figcaption>Marvel Studios<\/figcaption><\/figure>\n\n\n\n<p><\/p>\n<\/div>\n\n\n\n<div class=\"wp-block-buzzeditor-list-item\"><h3 class=\"be-list-item-title\"><span style=\"color:;background-color:;border-color:\" class=\"be-list-item-number\">5<\/span> <span style=\"color:;background-color:;border-color:\" class=\"be-list-item-text\">A visszat\u00e9r\u0151 c\u00edm\u0171 film szerep\u00e9re k\u00e9sz\u00fclve Leonardo DiCaprio val\u00f3di \u00e1llattetemekben aludt, befagyott foly\u00f3kban \u00faszott \u00e9s nyers b\u00f6l\u00e9nyt evett.<\/span><\/h3>\n<figure class=\"wp-block-image size-full\"><img loading=\"lazy\" width=\"1345\" height=\"566\" src=\"https:\/\/liked.hu\/old\/wp-content\/uploads\/2023\/02\/Szineszek-filmek-005.webp\" alt=\"Sz\u00edn\u00e9szek filmek 005\" class=\"wp-image-300638\" srcset=\"https:\/\/liked.hu\/old\/wp-content\/uploads\/2023\/02\/Szineszek-filmek-005.webp 1345w, https:\/\/liked.hu\/old\/wp-content\/uploads\/2023\/02\/Szineszek-filmek-005-768x323.webp 768w\" sizes=\"(max-width: 1345px) 100vw, 1345px\" \/><figcaption>20th Century Fox<\/figcaption><\/figure>\n\n\n\n<p><\/p>\n<\/div>\n\n\n\n<!--nextpage-->\n\n\n\n<div class=\"wp-block-buzzeditor-list-item\"><h3 class=\"be-list-item-title\"><span style=\"color:;background-color:;border-color:\" class=\"be-list-item-number\">4<\/span> <span style=\"color:;background-color:;border-color:\" class=\"be-list-item-text\">Christopher Lee olyan nagy rajong\u00f3ja volt a Gy\u0171r\u0171k ur\u00e1nak, hogy minden \u00e9vben \u00fajraolvasta az \u00f6sszes k\u00f6nyvet, amikor Saruman szerep\u00e9re v\u00e1lasztott\u00e1k.<\/span><\/h3>\n<figure class=\"wp-block-image size-full\"><img loading=\"lazy\" width=\"1121\" height=\"756\" src=\"https:\/\/liked.hu\/old\/wp-content\/uploads\/2023\/02\/Szineszek-filmek-004.webp\" alt=\"Sz\u00edn\u00e9szek filmek 004\" class=\"wp-image-300639\" srcset=\"https:\/\/liked.hu\/old\/wp-content\/uploads\/2023\/02\/Szineszek-filmek-004.webp 1121w, https:\/\/liked.hu\/old\/wp-content\/uploads\/2023\/02\/Szineszek-filmek-004-768x518.webp 768w\" sizes=\"(max-width: 1121px) 100vw, 1121px\" \/><figcaption>New Line Cinema<\/figcaption><\/figure>\n\n\n\n<p>Lee volt az egyetlen sz\u00edn\u00e9sz a filmben, aki t\u00e9nyleg tal\u00e1lkozott Tolkiennel, r\u00e1ad\u00e1sul m\u00e9g k\u00e9pet is k\u00fcld\u00f6tt mag\u00e1r\u00f3l var\u00e1zsl\u00f3jelmezben Peter Jacksonnak, hogy bebizony\u00edtsa, \u0151 a t\u00f6k\u00e9letes v\u00e1laszt\u00e1s a szerepre.<\/p>\n<\/div>\n\n\n\n<div class=\"wp-block-buzzeditor-list-item\"><h3 class=\"be-list-item-title\"><span style=\"color:;background-color:;border-color:\" class=\"be-list-item-number\">3<\/span> <span style=\"color:;background-color:;border-color:\" class=\"be-list-item-text\">Elvis Presley szerep\u00e9re Austin Butler t\u00f6bb mint h\u00e1rom \u00e9vet k\u00e9sz\u00fclt! Nemcsak \u00e9nekelni \u00e9s t\u00e1ncolni tanult meg \u00fagy, mint Presley, hanem harcm\u0171v\u00e9szetet is tanult, hogy be\u00e9p\u00edthesse annak mozdulatait a karaktere j\u00e1t\u00e9k\u00e1ba, \u00e9s jobban visszaadja a rock and roll kir\u00e1ly\u00e1nak egyedi st\u00edlus\u00e1t.<\/span><\/h3>\n<figure class=\"wp-block-image size-full\"><img loading=\"lazy\" width=\"1200\" height=\"675\" src=\"https:\/\/liked.hu\/old\/wp-content\/uploads\/2023\/02\/Szineszek-filmek-003.webp\" alt=\"Sz\u00edn\u00e9szek filmek 003\" class=\"wp-image-300640\" srcset=\"https:\/\/liked.hu\/old\/wp-content\/uploads\/2023\/02\/Szineszek-filmek-003.webp 1200w, https:\/\/liked.hu\/old\/wp-content\/uploads\/2023\/02\/Szineszek-filmek-003-768x432.webp 768w\" sizes=\"(max-width: 1200px) 100vw, 1200px\" \/><figcaption>Warner Bros.<\/figcaption><\/figure>\n\n\n\n<p>Butler minden k\u00f6nyvet elolvasott, amit csak tudott, \u00e9s Elvis lemezeit hallgatva fek\u00fcdt le aludni, gondosan gyakorolva k\u00f6zben annak d\u00e9li akcentus\u00e1t. A sz\u00edn\u00e9sz a l\u00e9tez\u0151 legsz\u00e9ls\u0151s\u00e9gesebb utat v\u00e1lasztotta, \u00e9s teljesen elszigetelte mag\u00e1t a csal\u00e1dj\u00e1t\u00f3l \u00e9s a bar\u00e1tait\u00f3l, hogy elszakadhasson saj\u00e1t \u00f6nmag\u00e1t\u00f3l, \u00e9s teljes eg\u00e9ssz\u00e9 Elvis Presley-v\u00e9 alakuljon.<\/p>\n\n\n\n\n<div style=\"float:none;margin:0px 0 0px 0;text-align:center;\">\n<div class=\"mobileHideke8\"><div class=\"hirdeteshatter\"><div style=\"display: inline-block;width: 50%;min-width:340px;vertical-align: top;\"><div class=\"hirdetes\">HIRDET\u00c9S<\/div>\n<!-- LikedQ81 -->\n<ins class=\"adsbygoogle\"\n     style=\"display:inline-block;width:336px;height:280px\"\n     data-ad-client=\"ca-pub-9424088931673893\"\n     data-ad-slot=\"2436840276\"><\/ins>\n<script async>\n     (adsbygoogle = window.adsbygoogle || []).push({});\n<\/script><\/div><div style=\"display: inline-block;width: 50%;min-width:340px;vertical-align: top;\"><div class=\"hirdetes\">HIRDET\u00c9S<\/div>\n<!-- LikedQ82 -->\n<ins class=\"adsbygoogle\"\n     style=\"display:inline-block;width:336px;height:280px\"\n     data-ad-client=\"ca-pub-9424088931673893\"\n     data-ad-slot=\"3558350253\"><\/ins>\n<script async>\n     (adsbygoogle = window.adsbygoogle || []).push({});\n<\/script><\/div><\/div><\/div>\n<div style=\"display:flex;flex-direction:column;\"><div class=\"mobileShowka8 nyolc\"><div style=\"padding-top:15px;padding-bottom:5px;min-height: 300px;\"><div class=\"hirdetes\">HIRDET\u00c9S<\/div>\n<!-- LikedQ8M -->\n<ins class=\"adsbygoogle\"\n     style=\"display:inline-block;width:336px;height:280px\"\n     data-ad-client=\"ca-pub-9424088931673893\"\n     data-ad-slot=\"4679860235\"><\/ins>\n<script async>\n     (adsbygoogle = window.adsbygoogle || []).push({});\n<\/script><\/div><\/div><\/div><\/div>\n\n<\/div>\n\n\n\n<div class=\"wp-block-buzzeditor-list-item\"><h3 class=\"be-list-item-title\"><span style=\"color:;background-color:;border-color:\" class=\"be-list-item-number\">2<\/span> <span style=\"color:;background-color:;border-color:\" class=\"be-list-item-text\">Amikor a rendez\u0151 Lin-Manuel Miranda azon gondolkodott, hogy Andrew Garfield-nek adja a f\u0151szerepet, megk\u00e9rdezte a massz\u0151r\u00e9t, Greg Miel\u00e9t, aki nem mellesleg k\u00f6zeli bar\u00e1tja Andrew Garfield-nek, hogy a sz\u00edn\u00e9sz tud-e \u00e9neleklni. Greg azt hazudta, hogy hihetetlen hangja van a sr\u00e1cnak, melynek k\u00f6sz\u00f6nhet\u0151en Garfield megkapta a szerepet. A sz\u00edn\u00e9sz azonban nem volt birtok\u00e1ban semmilyen zenei \u00e9s \u00e9nekes tehets\u00e9gnek, \u00edgy k\u00f6r\u00fclbel\u00fcl egy \u00e9vig kellett \u00e9nekelni \u00e9s zongor\u00e1zni tanulnia a forgat\u00e1s megkezd\u00e9se el\u0151tt.<\/span><\/h3>\n<figure class=\"wp-block-image size-full\"><img loading=\"lazy\" width=\"1120\" height=\"865\" src=\"https:\/\/liked.hu\/old\/wp-content\/uploads\/2023\/02\/Szineszek-filmek-002.webp\" alt=\"Sz\u00edn\u00e9szek filmek 002\" class=\"wp-image-300641\" srcset=\"https:\/\/liked.hu\/old\/wp-content\/uploads\/2023\/02\/Szineszek-filmek-002.webp 1120w, https:\/\/liked.hu\/old\/wp-content\/uploads\/2023\/02\/Szineszek-filmek-002-768x593.webp 768w\" sizes=\"(max-width: 1120px) 100vw, 1120px\" \/><figcaption>Netflix<\/figcaption><\/figure>\n\n\n\n<p><\/p>\n<\/div>\n\n\n\n<div class=\"wp-block-buzzeditor-list-item\"><h3 class=\"be-list-item-title\"><span style=\"color:;background-color:;border-color:\" class=\"be-list-item-number\">1<\/span> <span style=\"color:;background-color:;border-color:\" class=\"be-list-item-text\">Az Armageddon c\u00edm\u0171 film kedv\u00e9\u00e9rt Ben Affleck \u00e1talak\u00edttatta a fogsor\u00e1t, hogy f\u00e9rfiasabbnak \u00e9s h\u0151siesebbnek t\u0171nj\u00f6n, olyannak, mint amilyet a rendez\u0151 Michael Bay akart. Ez a fog\u00e1szati proced\u00fara t\u00f6bb mint 20 ezer doll\u00e1rba, vagyis valamivel t\u00f6bb mint 7 milli\u00f3 forintj\u00e1ba ker\u00fclt Afflecknek.<\/span><\/h3>\n<figure class=\"wp-block-image size-full\"><img loading=\"lazy\" width=\"1193\" height=\"760\" src=\"https:\/\/liked.hu\/old\/wp-content\/uploads\/2023\/02\/Szineszek-filmek-001.webp\" alt=\"Sz\u00edn\u00e9szek filmek 001\" class=\"wp-image-300642\" srcset=\"https:\/\/liked.hu\/old\/wp-content\/uploads\/2023\/02\/Szineszek-filmek-001.webp 1193w, https:\/\/liked.hu\/old\/wp-content\/uploads\/2023\/02\/Szineszek-filmek-001-768x489.webp 768w\" sizes=\"(max-width: 1193px) 100vw, 1193px\" \/><figcaption>Touchstone<\/figcaption><\/figure>\n\n\n\n<p><\/p>\n<\/div>\n<\/div>\n","protected":false},"excerpt":{"rendered":"<p>Te mit tenn\u00e9l meg az\u00e9rt, hogy val\u00f3ra v\u00e1ltsd az \u00e1lmaid?<\/p>\n","protected":false},"author":5,"featured_media":300643,"comment_status":"open","ping_status":"closed","sticky":false,"template":"","format":"standard","meta":{"buzzeditor_post_format":""},"categories":[53,8667],"tags":[796,1082,3074,6115],"yoast_head":"<!-- This site is optimized with the Yoast SEO plugin v19.6.1 - https:\/\/yoast.com\/wordpress\/plugins\/seo\/ -->\n<title>10 sz\u00edn\u00e9sz \u00e9s sz\u00edn\u00e9szn\u0151, akik b\u00e1rmire k\u00e9szek voltak a h\u0151n \u00e1h\u00edtott szerep kedv\u00e9\u00e9rt<\/title>\n<meta name=\"description\" content=\"Te mit tenn\u00e9l meg az\u00e9rt, hogy val\u00f3ra v\u00e1ltsd az \u00e1lmaid?\" \/>\n<meta name=\"robots\" content=\"index, follow, max-snippet:-1, max-image-preview:large, max-video-preview:-1\" \/>\n<link rel=\"canonical\" href=\"https:\/\/liked.hu\/old\/filmek-es-tv\/10-szinesz-es-szineszno-akik-barmire-keszek-voltak-a-hon-ahitott-szerep-kedveert\/\" \/>\n<link rel=\"next\" href=\"https:\/\/liked.hu\/old\/filmek-es-tv\/10-szinesz-es-szineszno-akik-barmire-keszek-voltak-a-hon-ahitott-szerep-kedveert\/2\/\" \/>\n<meta property=\"og:locale\" content=\"hu_HU\" \/>\n<meta property=\"og:type\" content=\"article\" \/>\n<meta property=\"og:title\" content=\"10 sz\u00edn\u00e9sz \u00e9s sz\u00edn\u00e9szn\u0151, akik b\u00e1rmire k\u00e9szek voltak a h\u0151n \u00e1h\u00edtott szerep kedv\u00e9\u00e9rt\" \/>\n<meta property=\"og:description\" content=\"Te mit tenn\u00e9l meg az\u00e9rt, hogy val\u00f3ra v\u00e1ltsd az \u00e1lmaid?\" \/>\n<meta property=\"og:url\" content=\"https:\/\/liked.hu\/old\/filmek-es-tv\/10-szinesz-es-szineszno-akik-barmire-keszek-voltak-a-hon-ahitott-szerep-kedveert\/\" \/>\n<meta property=\"og:site_name\" content=\"Liked.hu\" \/>\n<meta property=\"article:publisher\" content=\"https:\/\/www.facebook.com\/liked.hu\" \/>\n<meta property=\"article:published_time\" content=\"2023-02-17T20:10:25+00:00\" \/>\n<meta property=\"article:modified_time\" content=\"2023-02-17T20:10:27+00:00\" \/>\n<meta property=\"og:image\" content=\"https:\/\/liked.hu\/old\/wp-content\/uploads\/2023\/02\/Szineszi-aldozatok.jpg\" \/>\n\t<meta property=\"og:image:width\" content=\"1200\" \/>\n\t<meta property=\"og:image:height\" content=\"630\" \/>\n\t<meta property=\"og:image:type\" content=\"image\/jpeg\" \/>\n<meta name=\"author\" content=\"Sludenkor\" \/>\n<meta name=\"twitter:card\" content=\"summary\" \/>\n<meta name=\"twitter:creator\" content=\"@LikedHu\" \/>\n<meta name=\"twitter:site\" content=\"@LikedHu\" \/>\n<meta name=\"twitter:label1\" content=\"Szerz\u0151:\" \/>\n\t<meta name=\"twitter:data1\" content=\"Sludenkor\" \/>\n\t<meta name=\"twitter:label2\" content=\"Becs\u00fclt olvas\u00e1si id\u0151\" \/>\n\t<meta name=\"twitter:data2\" content=\"5 perc\" \/>\n<script type=\"application\/ld+json\" class=\"yoast-schema-graph\">{\"@context\":\"https:\/\/schema.org\",\"@graph\":[{\"@type\":\"Article\",\"@id\":\"https:\/\/liked.hu\/old\/filmek-es-tv\/10-szinesz-es-szineszno-akik-barmire-keszek-voltak-a-hon-ahitott-szerep-kedveert\/#article\",\"isPartOf\":{\"@id\":\"https:\/\/liked.hu\/old\/filmek-es-tv\/10-szinesz-es-szineszno-akik-barmire-keszek-voltak-a-hon-ahitott-szerep-kedveert\/\"},\"author\":{\"name\":\"Sludenkor\",\"@id\":\"https:\/\/liked.hu\/old\/#\/schema\/person\/6650f7130e2154421c3a5cae3435b47c\"},\"headline\":\"10 sz\u00edn\u00e9sz \u00e9s sz\u00edn\u00e9szn\u0151, akik b\u00e1rmire k\u00e9szek voltak a h\u0151n \u00e1h\u00edtott szerep kedv\u00e9\u00e9rt\",\"datePublished\":\"2023-02-17T20:10:25+00:00\",\"dateModified\":\"2023-02-17T20:10:27+00:00\",\"mainEntityOfPage\":{\"@id\":\"https:\/\/liked.hu\/old\/filmek-es-tv\/10-szinesz-es-szineszno-akik-barmire-keszek-voltak-a-hon-ahitott-szerep-kedveert\/\"},\"wordCount\":937,\"commentCount\":1,\"publisher\":{\"@id\":\"https:\/\/liked.hu\/old\/#organization\"},\"keywords\":[\"film\",\"h\u00edress\u00e9gek\",\"sz\u00edn\u00e9szek\",\"sz\u00edn\u00e9szn\u0151k\"],\"articleSection\":[\"Filmek \u00e9s TV\",\"Szt\u00e1rok \u00e9s celebek\"],\"inLanguage\":\"hu\",\"potentialAction\":[{\"@type\":\"CommentAction\",\"name\":\"Comment\",\"target\":[\"https:\/\/liked.hu\/old\/filmek-es-tv\/10-szinesz-es-szineszno-akik-barmire-keszek-voltak-a-hon-ahitott-szerep-kedveert\/#respond\"]}]},{\"@type\":\"WebPage\",\"@id\":\"https:\/\/liked.hu\/old\/filmek-es-tv\/10-szinesz-es-szineszno-akik-barmire-keszek-voltak-a-hon-ahitott-szerep-kedveert\/\",\"url\":\"https:\/\/liked.hu\/old\/filmek-es-tv\/10-szinesz-es-szineszno-akik-barmire-keszek-voltak-a-hon-ahitott-szerep-kedveert\/\",\"name\":\"10 sz\u00edn\u00e9sz \u00e9s sz\u00edn\u00e9szn\u0151, akik b\u00e1rmire k\u00e9szek voltak a h\u0151n \u00e1h\u00edtott szerep kedv\u00e9\u00e9rt\",\"isPartOf\":{\"@id\":\"https:\/\/liked.hu\/old\/#website\"},\"datePublished\":\"2023-02-17T20:10:25+00:00\",\"dateModified\":\"2023-02-17T20:10:27+00:00\",\"description\":\"Te mit tenn\u00e9l meg az\u00e9rt, hogy val\u00f3ra v\u00e1ltsd az \u00e1lmaid?\",\"breadcrumb\":{\"@id\":\"https:\/\/liked.hu\/old\/filmek-es-tv\/10-szinesz-es-szineszno-akik-barmire-keszek-voltak-a-hon-ahitott-szerep-kedveert\/#breadcrumb\"},\"inLanguage\":\"hu\",\"potentialAction\":[{\"@type\":\"ReadAction\",\"target\":[\"https:\/\/liked.hu\/old\/filmek-es-tv\/10-szinesz-es-szineszno-akik-barmire-keszek-voltak-a-hon-ahitott-szerep-kedveert\/\"]}]},{\"@type\":\"BreadcrumbList\",\"@id\":\"https:\/\/liked.hu\/old\/filmek-es-tv\/10-szinesz-es-szineszno-akik-barmire-keszek-voltak-a-hon-ahitott-szerep-kedveert\/#breadcrumb\",\"itemListElement\":[{\"@type\":\"ListItem\",\"position\":1,\"name\":\"Kezd\u0151lap\"}]},{\"@type\":\"WebSite\",\"@id\":\"https:\/\/liked.hu\/old\/#website\",\"url\":\"https:\/\/liked.hu\/old\/\",\"name\":\"Liked.hu\",\"description\":\"\",\"publisher\":{\"@id\":\"https:\/\/liked.hu\/old\/#organization\"},\"potentialAction\":[{\"@type\":\"SearchAction\",\"target\":{\"@type\":\"EntryPoint\",\"urlTemplate\":\"https:\/\/liked.hu\/old\/?s={search_term_string}\"},\"query-input\":\"required name=search_term_string\"}],\"inLanguage\":\"hu\"},{\"@type\":\"Organization\",\"@id\":\"https:\/\/liked.hu\/old\/#organization\",\"name\":\"Liked.hu\",\"url\":\"https:\/\/liked.hu\/old\/\",\"sameAs\":[\"https:\/\/hu.pinterest.com\/likedhungary\/\",\"https:\/\/www.youtube.com\/channel\/UCPv91dbMoIukYcM9b9nHN6Q\",\"https:\/\/www.facebook.com\/liked.hu\",\"https:\/\/twitter.com\/LikedHu\"],\"logo\":{\"@type\":\"ImageObject\",\"inLanguage\":\"hu\",\"@id\":\"https:\/\/liked.hu\/old\/#\/schema\/logo\/image\/\",\"url\":\"https:\/\/liked.hu\/wp-content\/uploads\/2018\/08\/Liked-icon.png\",\"contentUrl\":\"https:\/\/liked.hu\/wp-content\/uploads\/2018\/08\/Liked-icon.png\",\"width\":512,\"height\":512,\"caption\":\"Liked.hu\"},\"image\":{\"@id\":\"https:\/\/liked.hu\/old\/#\/schema\/logo\/image\/\"}},{\"@type\":\"Person\",\"@id\":\"https:\/\/liked.hu\/old\/#\/schema\/person\/6650f7130e2154421c3a5cae3435b47c\",\"name\":\"Sludenkor\",\"image\":{\"@type\":\"ImageObject\",\"inLanguage\":\"hu\",\"@id\":\"https:\/\/liked.hu\/old\/#\/schema\/person\/image\/\",\"url\":\"https:\/\/liked.hu\/old\/wp-content\/uploads\/avatars\/5\/604de86470f75-bpfull.jpg\",\"contentUrl\":\"https:\/\/liked.hu\/old\/wp-content\/uploads\/avatars\/5\/604de86470f75-bpfull.jpg\",\"caption\":\"Sludenkor\"},\"url\":\"https:\/\/liked.hu\/old\/u\/sludenkor\/\"}]}<\/script>\n<!-- \/ Yoast SEO plugin. -->","yoast_head_json":{"title":"10 sz\u00edn\u00e9sz \u00e9s sz\u00edn\u00e9szn\u0151, akik b\u00e1rmire k\u00e9szek voltak a h\u0151n \u00e1h\u00edtott szerep kedv\u00e9\u00e9rt","description":"Te mit tenn\u00e9l meg az\u00e9rt, hogy val\u00f3ra v\u00e1ltsd az \u00e1lmaid?","robots":{"index":"index","follow":"follow","max-snippet":"max-snippet:-1","max-image-preview":"max-image-preview:large","max-video-preview":"max-video-preview:-1"},"canonical":"https:\/\/liked.hu\/old\/filmek-es-tv\/10-szinesz-es-szineszno-akik-barmire-keszek-voltak-a-hon-ahitott-szerep-kedveert\/","next":"https:\/\/liked.hu\/old\/filmek-es-tv\/10-szinesz-es-szineszno-akik-barmire-keszek-voltak-a-hon-ahitott-szerep-kedveert\/2\/","og_locale":"hu_HU","og_type":"article","og_title":"10 sz\u00edn\u00e9sz \u00e9s sz\u00edn\u00e9szn\u0151, akik b\u00e1rmire k\u00e9szek voltak a h\u0151n \u00e1h\u00edtott szerep kedv\u00e9\u00e9rt","og_description":"Te mit tenn\u00e9l meg az\u00e9rt, hogy val\u00f3ra v\u00e1ltsd az \u00e1lmaid?","og_url":"https:\/\/liked.hu\/old\/filmek-es-tv\/10-szinesz-es-szineszno-akik-barmire-keszek-voltak-a-hon-ahitott-szerep-kedveert\/","og_site_name":"Liked.hu","article_publisher":"https:\/\/www.facebook.com\/liked.hu","article_published_time":"2023-02-17T20:10:25+00:00","article_modified_time":"2023-02-17T20:10:27+00:00","og_image":[{"width":1200,"height":630,"url":"https:\/\/liked.hu\/old\/wp-content\/uploads\/2023\/02\/Szineszi-aldozatok.jpg","type":"image\/jpeg"}],"author":"Sludenkor","twitter_card":"summary","twitter_creator":"@LikedHu","twitter_site":"@LikedHu","twitter_misc":{"Szerz\u0151:":"Sludenkor","Becs\u00fclt olvas\u00e1si id\u0151":"5 perc"},"schema":{"@context":"https:\/\/schema.org","@graph":[{"@type":"Article","@id":"https:\/\/liked.hu\/old\/filmek-es-tv\/10-szinesz-es-szineszno-akik-barmire-keszek-voltak-a-hon-ahitott-szerep-kedveert\/#article","isPartOf":{"@id":"https:\/\/liked.hu\/old\/filmek-es-tv\/10-szinesz-es-szineszno-akik-barmire-keszek-voltak-a-hon-ahitott-szerep-kedveert\/"},"author":{"name":"Sludenkor","@id":"https:\/\/liked.hu\/old\/#\/schema\/person\/6650f7130e2154421c3a5cae3435b47c"},"headline":"10 sz\u00edn\u00e9sz \u00e9s sz\u00edn\u00e9szn\u0151, akik b\u00e1rmire k\u00e9szek voltak a h\u0151n \u00e1h\u00edtott szerep kedv\u00e9\u00e9rt","datePublished":"2023-02-17T20:10:25+00:00","dateModified":"2023-02-17T20:10:27+00:00","mainEntityOfPage":{"@id":"https:\/\/liked.hu\/old\/filmek-es-tv\/10-szinesz-es-szineszno-akik-barmire-keszek-voltak-a-hon-ahitott-szerep-kedveert\/"},"wordCount":937,"commentCount":1,"publisher":{"@id":"https:\/\/liked.hu\/old\/#organization"},"keywords":["film","h\u00edress\u00e9gek","sz\u00edn\u00e9szek","sz\u00edn\u00e9szn\u0151k"],"articleSection":["Filmek \u00e9s TV","Szt\u00e1rok \u00e9s celebek"],"inLanguage":"hu","potentialAction":[{"@type":"CommentAction","name":"Comment","target":["https:\/\/liked.hu\/old\/filmek-es-tv\/10-szinesz-es-szineszno-akik-barmire-keszek-voltak-a-hon-ahitott-szerep-kedveert\/#respond"]}]},{"@type":"WebPage","@id":"https:\/\/liked.hu\/old\/filmek-es-tv\/10-szinesz-es-szineszno-akik-barmire-keszek-voltak-a-hon-ahitott-szerep-kedveert\/","url":"https:\/\/liked.hu\/old\/filmek-es-tv\/10-szinesz-es-szineszno-akik-barmire-keszek-voltak-a-hon-ahitott-szerep-kedveert\/","name":"10 sz\u00edn\u00e9sz \u00e9s sz\u00edn\u00e9szn\u0151, akik b\u00e1rmire k\u00e9szek voltak a h\u0151n \u00e1h\u00edtott szerep kedv\u00e9\u00e9rt","isPartOf":{"@id":"https:\/\/liked.hu\/old\/#website"},"datePublished":"2023-02-17T20:10:25+00:00","dateModified":"2023-02-17T20:10:27+00:00","description":"Te mit tenn\u00e9l meg az\u00e9rt, hogy val\u00f3ra v\u00e1ltsd az \u00e1lmaid?","breadcrumb":{"@id":"https:\/\/liked.hu\/old\/filmek-es-tv\/10-szinesz-es-szineszno-akik-barmire-keszek-voltak-a-hon-ahitott-szerep-kedveert\/#breadcrumb"},"inLanguage":"hu","potentialAction":[{"@type":"ReadAction","target":["https:\/\/liked.hu\/old\/filmek-es-tv\/10-szinesz-es-szineszno-akik-barmire-keszek-voltak-a-hon-ahitott-szerep-kedveert\/"]}]},{"@type":"BreadcrumbList","@id":"https:\/\/liked.hu\/old\/filmek-es-tv\/10-szinesz-es-szineszno-akik-barmire-keszek-voltak-a-hon-ahitott-szerep-kedveert\/#breadcrumb","itemListElement":[{"@type":"ListItem","position":1,"name":"Kezd\u0151lap"}]},{"@type":"WebSite","@id":"https:\/\/liked.hu\/old\/#website","url":"https:\/\/liked.hu\/old\/","name":"Liked.hu","description":"","publisher":{"@id":"https:\/\/liked.hu\/old\/#organization"},"potentialAction":[{"@type":"SearchAction","target":{"@type":"EntryPoint","urlTemplate":"https:\/\/liked.hu\/old\/?s={search_term_string}"},"query-input":"required name=search_term_string"}],"inLanguage":"hu"},{"@type":"Organization","@id":"https:\/\/liked.hu\/old\/#organization","name":"Liked.hu","url":"https:\/\/liked.hu\/old\/","sameAs":["https:\/\/hu.pinterest.com\/likedhungary\/","https:\/\/www.youtube.com\/channel\/UCPv91dbMoIukYcM9b9nHN6Q","https:\/\/www.facebook.com\/liked.hu","https:\/\/twitter.com\/LikedHu"],"logo":{"@type":"ImageObject","inLanguage":"hu","@id":"https:\/\/liked.hu\/old\/#\/schema\/logo\/image\/","url":"https:\/\/liked.hu\/wp-content\/uploads\/2018\/08\/Liked-icon.png","contentUrl":"https:\/\/liked.hu\/wp-content\/uploads\/2018\/08\/Liked-icon.png","width":512,"height":512,"caption":"Liked.hu"},"image":{"@id":"https:\/\/liked.hu\/old\/#\/schema\/logo\/image\/"}},{"@type":"Person","@id":"https:\/\/liked.hu\/old\/#\/schema\/person\/6650f7130e2154421c3a5cae3435b47c","name":"Sludenkor","image":{"@type":"ImageObject","inLanguage":"hu","@id":"https:\/\/liked.hu\/old\/#\/schema\/person\/image\/","url":"https:\/\/liked.hu\/old\/wp-content\/uploads\/avatars\/5\/604de86470f75-bpfull.jpg","contentUrl":"https:\/\/liked.hu\/old\/wp-content\/uploads\/avatars\/5\/604de86470f75-bpfull.jpg","caption":"Sludenkor"},"url":"https:\/\/liked.hu\/old\/u\/sludenkor\/"}]}},"publishpress_future_action":{"enabled":false,"date":"1970-01-01 01:00:00","action":"","terms":[],"taxonomy":"","browser_timezone_offset":0},"_links":{"self":[{"href":"https:\/\/liked.hu\/old\/wp-json\/wp\/v2\/posts\/300629"}],"collection":[{"href":"https:\/\/liked.hu\/old\/wp-json\/wp\/v2\/posts"}],"about":[{"href":"https:\/\/liked.hu\/old\/wp-json\/wp\/v2\/types\/post"}],"author":[{"embeddable":true,"href":"https:\/\/liked.hu\/old\/wp-json\/wp\/v2\/users\/5"}],"replies":[{"embeddable":true,"href":"https:\/\/liked.hu\/old\/wp-json\/wp\/v2\/comments?post=300629"}],"version-history":[{"count":0,"href":"https:\/\/liked.hu\/old\/wp-json\/wp\/v2\/posts\/300629\/revisions"}],"wp:featuredmedia":[{"embeddable":true,"href":"https:\/\/liked.hu\/old\/wp-json\/wp\/v2\/media\/300643"}],"wp:attachment":[{"href":"https:\/\/liked.hu\/old\/wp-json\/wp\/v2\/media?parent=300629"}],"wp:term":[{"taxonomy":"category","embeddable":true,"href":"https:\/\/liked.hu\/old\/wp-json\/wp\/v2\/categories?post=300629"},{"taxonomy":"post_tag","embeddable":true,"href":"https:\/\/liked.hu\/old\/wp-json\/wp\/v2\/tags?post=300629"}],"curies":[{"name":"wp","href":"https:\/\/api.w.org\/{rel}","templated":true}]}}