{"id":300142,"date":"2022-11-21T01:14:58","date_gmt":"2022-11-21T00:14:58","guid":{"rendered":"https:\/\/liked.hu\/old\/?p=300142"},"modified":"2022-11-21T01:18:52","modified_gmt":"2022-11-21T00:18:52","slug":"12-szinesz-aki-inkabb-veszitett-milliokat-minthogy-ujra-eljatssza-ugyanazt-a-karaktert-a-folytatasban","status":"publish","type":"post","link":"https:\/\/liked.hu\/old\/sztarok-es-celebek\/12-szinesz-aki-inkabb-veszitett-milliokat-minthogy-ujra-eljatssza-ugyanazt-a-karaktert-a-folytatasban\/","title":{"rendered":"12 sz\u00edn\u00e9sz, aki ink\u00e1bb vesz\u00edtett milli\u00f3kat, minthogy \u00fajra elj\u00e1tssza ugyanazt a karaktert a folytat\u00e1sban"},"content":{"rendered":"\n\n<h4><\/h4>\n\n\n\n<p>Sokszor el\u0151fordul, hogy annyira megtetszik egy film, hogy alig v\u00e1rjuk a folytat\u00e1st. Szeretn\u00e9nk m\u00e9g t\u00f6bbet megtudni az adott univerzumr\u00f3l \u00e9s karakterekr\u0151l, de ez sajnos nem mindig adatik meg nek\u00fcnk, vagy legal\u00e1bbis nem eg\u00e9szen \u00fagy, ahogy szeretn\u00e9nk. A sz\u00edn\u00e9szeknek ugyanis gyakran egy \u00e9letre elmegy a kedv\u00fck egy-egy adott szerepr\u0151l k\u00fcl\u00f6nf\u00e9le okok, p\u00e9ld\u00e1ul a bels\u0151 konfliktusok vagy a folytat\u00e1s forgat\u00f3k\u00f6nyv\u00e9nek laposs\u00e1ga miatt.<\/p>\n\n<div style=\"float:none;margin:0px 0 0px 0;text-align:center;\">\n<div class=\"mobileShowkakettes\"><div class=\"mobileShowka2\"><div style=\"padding-top:0px;padding-bottom:15px;min-height: 300px;\"><div class=\"hirdetes\">HIRDET\u00c9S<\/div>\n<!-- 300lista -->\n<ins class=\"adsbygoogle\"\n     style=\"display:inline-block;width:300px;height:250px\"\n     data-ad-client=\"ca-pub-9424088931673893\"\n     data-ad-slot=\"8471340766\"><\/ins>\n<script async>\n     (adsbygoogle = window.adsbygoogle || []).push({});\n<\/script><\/div><\/div><\/div><\/div>\n\n<p>A <strong>Liked.hu<\/strong>-n\u00e1l most \u00f6sszegy\u0171jt\u00f6tt\u00fcnk n\u00e9h\u00e1ny sz\u00edn\u00e9szt, akik annyira nem akartak r\u00e9szt venni a vel\u00fck forgatott film folytat\u00e1s\u00e1ban, hogy ink\u00e1bb a sokmilli\u00f3 doll\u00e1ros aj\u00e1nlatokat is visszautas\u00edtott\u00e1k.<\/p>\n\n\n\n\n<div class=\"wp-block-buzzeditor-list be-list be-list-type-asc be-list-number-style-none\">\n<div class=\"wp-block-buzzeditor-list-item\"><h3 class=\"be-list-item-title\"><span style=\"color:;background-color:;border-color:\" class=\"be-list-item-number\">1<\/span> <span style=\"color:;background-color:;border-color:\" class=\"be-list-item-text\">Katie Holmes lecser\u00e9lte <em>A s\u00f6t\u00e9t lovag<\/em>ot egy m\u00e1sik filmre, \u00e9s sokkal kevesebb p\u00e9nzt kapott.<\/span><\/h3>\n<figure class=\"wp-block-image size-full\"><img loading=\"lazy\" width=\"728\" height=\"500\" src=\"https:\/\/liked.hu\/old\/wp-content\/uploads\/2022\/11\/Katie-Holmes.webp\" alt=\"Katie Holmes\" class=\"wp-image-300157\"\/><\/figure>\n\n\n\n<p>Sokan v\u00e1rt\u00e1k, hogy Katie Holmes visszat\u00e9rjen &#8222;A s\u00f6t\u00e9t lovag&#8221; c\u00edm\u0171 filmben, \u00e1m nem v\u00e1llalta el a szerepet, mert a &#8222;Van az a p\u00e9nz, ami megbolond\u00edt&#8221; c\u00edm\u0171 filmre akart koncentr\u00e1lni. Ironikus m\u00f3don a Batman film\u00e9rt 2 milli\u00f3 doll\u00e1rt fizettek volna neki, m\u00edg a &#8222;Van az a p\u00e9nz, ami megbolond\u00edt&#8221; c\u00edm\u0171 film\u00e9rt csak 250 ezer doll\u00e1rt kapott. A sz\u00edn\u00e9szn\u0151t v\u00e9g\u00fcl Maggie Gyllenhaal v\u00e1ltotta fel.<\/p>\n<\/div>\n\n\n\n<div class=\"wp-block-buzzeditor-list-item\"><h3 class=\"be-list-item-title\"><span style=\"color:;background-color:;border-color:\" class=\"be-list-item-number\">2<\/span> <span style=\"color:;background-color:;border-color:\" class=\"be-list-item-text\">Bruce Willis visszautas\u00edtott 3 milli\u00f3 doll\u00e1rt a Fel\u00e1ldozhat\u00f3k 3-ban.<\/span><\/h3>\n<figure class=\"wp-block-image size-full\"><img loading=\"lazy\" width=\"728\" height=\"500\" src=\"https:\/\/liked.hu\/old\/wp-content\/uploads\/2022\/11\/Harrison-Ford.webp\" alt=\"Harrison Ford\" class=\"wp-image-300156\"\/><\/figure>\n\n\n\n<p>Bruce Willis Mr. Church szerep\u00e9vel tette le n\u00e9vjegy\u00e9t a Fel\u00e1ldozhat\u00f3k franchise els\u0151 k\u00e9t filmj\u00e9ben, \u00e9s a harmadik filmben is felk\u00e9rt\u00e9k \u0151t a szerepre, illetve 3 milli\u00f3 doll\u00e1rt is aj\u00e1nlottak neki a n\u00e9gy napos forgat\u00e1s\u00e9rt cser\u00e9be, de Bruce nem v\u00e1llalta el. Eg\u00e9szen pontosan 4 milli\u00f3 doll\u00e1rt szeretett volna k\u00e9rni a szerep\u00e9rt, de a gy\u00e1rt\u00f3 ebbe m\u00e1r nem ment bele, \u00e9s \u00fagy d\u00f6nt\u00f6tt, hogy jobb, ha ink\u00e1bb Harrison Fordot alkalmazz\u00e1k helyette.<\/p>\n\n\n\n\n<div style=\"float:none;margin:0px 0 0px 0;text-align:center;\">\n<div class=\"mobileHideke5\"><div style=\"margin-top:25px;\"><div class=\"hirdeteshatter\"><div style=\"display: inline-block;width: 50%;min-width:305px;vertical-align: top;\"><div class=\"hirdetes\">HIRDET\u00c9S<\/div>\n<!-- LikedQ51 -->\n<ins class=\"adsbygoogle\"\n     style=\"display:inline-block;width:300px;height:250px\"\n     data-ad-client=\"ca-pub-9424088931673893\"\n     data-ad-slot=\"8284063326\"><\/ins>\n<script async>\n     (adsbygoogle = window.adsbygoogle || []).push({});\n<\/script><\/div><div style=\"display: inline-block;width: 50%;min-width:305px;vertical-align: top;\"><div class=\"hirdetes\">HIRDET\u00c9S<\/div>\n<!-- LikedQ52 -->\n<ins class=\"adsbygoogle\"\n     style=\"display:inline-block;width:300px;height:250px\"\n     data-ad-client=\"ca-pub-9424088931673893\"\n     data-ad-slot=\"2840164950\"><\/ins>\n<script async>\n     (adsbygoogle = window.adsbygoogle || []).push({});\n<\/script><\/div><\/div><\/div><\/div>\n<div style=\"display:flex;flex-direction:column;\"><div class=\"mobileShowka5\"><div style=\"padding-top:10px;padding-bottom:10px;min-height: 300px;\"><div class=\"hirdetes\">HIRDET\u00c9S<\/div>\n<!-- LikedQ5M -->\n<ins class=\"adsbygoogle\"\n     style=\"display:inline-block;width:300px;height:250px\"\n     data-ad-client=\"ca-pub-9424088931673893\"\n     data-ad-slot=\"9022429928\"><\/ins>\n<script async>\n     (adsbygoogle = window.adsbygoogle || []).push({});\n<\/script><\/div><\/div><\/div><\/div>\n\n<\/div>\n\n\n\n<div class=\"wp-block-buzzeditor-list-item\"><h3 class=\"be-list-item-title\"><span style=\"color:;background-color:;border-color:\" class=\"be-list-item-number\">3<\/span> <span style=\"color:;background-color:;border-color:\" class=\"be-list-item-text\">Hilary Duff anyja visszautas\u00edtotta a st\u00fadi\u00f3 aj\u00e1nlat\u00e1t, ami miatt v\u00e9g\u00fcl elkasz\u00e1lt\u00e1k a Lizzie McGuire film v\u00e1ltozat\u00e1nak m\u00e1sodik r\u00e9sz\u00e9t.<\/span><\/h3>\n<figure class=\"wp-block-image size-full\"><img loading=\"lazy\" width=\"728\" height=\"409\" src=\"https:\/\/liked.hu\/old\/wp-content\/uploads\/2022\/11\/Hilary-Duff.webp\" alt=\"Hilary Duff\" class=\"wp-image-300155\"\/><\/figure>\n\n\n\n<p>A Lizzie McGuire egy annyira sikeres Disney Channel sorozat volt, hogy film is k\u00e9sz\u00fclt bel\u0151le. A st\u00fadi\u00f3 egy m\u00e1sodik r\u00e9szt is szeretett volna forgatni, ami\u00e9rt 4 milli\u00f3 amerikai doll\u00e1rt aj\u00e1nlottak fel Hilary Duffnak, ezt azonban az anyja visszautas\u00edtotta. Hilary anyja m\u00e9g egy milli\u00f3 doll\u00e1rt akart a film m\u00e1sodik r\u00e9sz\u00e9\u00e9rt, de ebbe a st\u00fadi\u00f3 m\u00e1r nem ment bele, \u00e9s ink\u00e1bb elkasz\u00e1lt\u00e1k a folytat\u00e1st.<\/p>\n<\/div>\n\n\n\n<div class=\"wp-block-buzzeditor-list-item\"><h3 class=\"be-list-item-title\"><span style=\"color:;background-color:;border-color:\" class=\"be-list-item-number\">4<\/span> <span style=\"color:;background-color:;border-color:\" class=\"be-list-item-text\">Jim Carrey visszautas\u00edtotta a Maszk folytat\u00e1s\u00e1t.<\/span><\/h3>\n<figure class=\"wp-block-image size-full\"><img loading=\"lazy\" width=\"728\" height=\"500\" src=\"https:\/\/liked.hu\/old\/wp-content\/uploads\/2022\/11\/Jim-Carrey.webp\" alt=\"Jim Carrey\" class=\"wp-image-300154\"\/><\/figure>\n\n\n\n<p>1994 nagyszer\u0171 \u00e9v volt Jim Carrey sz\u00e1m\u00e1ra, hiszen h\u00e1rom vil\u00e1gh\u00edr\u0171 v\u00edgj\u00e1t\u00e9kfilmje is deb\u00fct\u00e1lt: az Ace Ventura, a Dumb \u00e9s Dumber, \u00e9s a Maszk. A Maszk m\u00e1sodik r\u00e9sz\u00e9\u00e9rt aj\u00e1nlott 10 milli\u00f3 doll\u00e1rt v\u00e9g\u00fcl visszautas\u00edtotta azzal az indokl\u00e1ssal, hogy: &#8222;Nem akarom, hogy a n\u00e9z\u0151k ambici\u00f3zus embernek tartsanak.&#8221;<\/p>\n\n\n\n<figure class=\"wp-block-image size-full\"><img loading=\"lazy\" width=\"728\" height=\"467\" src=\"https:\/\/liked.hu\/old\/wp-content\/uploads\/2022\/11\/Maszk.webp\" alt=\"Maszk\" class=\"wp-image-300153\"\/><\/figure>\n\n\n\n<p>A folytat\u00e1shoz ez\u00e9rt v\u00e9g\u00fcl Jamie Kennedy sz\u00edn\u00e9szt k\u00e9rte fel a st\u00fadi\u00f3, de \u00e9rthet\u0151 okokb\u00f3l ez m\u00e1r nem volt ugyanaz, mint Jim Carreyvel. Arra a k\u00e9rd\u00e9sre, hogy Jamie Kennedy mi\u00e9rt v\u00e1llalta el a film m\u00e1sodik r\u00e9sz\u00e9t, csak annyit mondott: &#8222;2,5 milli\u00f3 okot tudok erre mondani.&#8221;<\/p>\n\n\n\n\n<div style=\"float:none;margin:0px 0 0px 0;text-align:center;\">\n<div class=\"mobileHideke8\"><div style=\"margin-top:25px;\"><div class=\"hirdeteshatter\"><div style=\"display: inline-block;width: 50%;min-width:340px;vertical-align: top;\"><div class=\"hirdetes\">HIRDET\u00c9S<\/div>\n<!-- Liked7Q1 -->\n<ins class=\"adsbygoogle\"\n     style=\"display:inline-block;width:336px;height:280px\"\n     data-ad-client=\"ca-pub-9424088931673893\"\n     data-ad-slot=\"3022062587\"><\/ins>\n<script async>\n     (adsbygoogle = window.adsbygoogle || []).push({});\n<\/script><\/div><div style=\"display: inline-block;width: 50%;min-width:340px;vertical-align: top;\"><div class=\"hirdetes\">HIRDET\u00c9S<\/div>\n<!-- Liked7Q2 -->\n<ins class=\"adsbygoogle\"\n     style=\"display:inline-block;width:336px;height:280px\"\n     data-ad-client=\"ca-pub-9424088931673893\"\n     data-ad-slot=\"3952000871\"><\/ins>\n<script async>\n     (adsbygoogle = window.adsbygoogle || []).push({});\n<\/script><\/div><\/div><\/div><\/div>\n<div style=\"display:flex;flex-direction:column;\"><div class=\"mobileShowka8\"><div style=\"padding-top:15px;margin-bottom:15px;min-height: 300px;\"><div class=\"hirdetes\">HIRDET\u00c9S<\/div>\n<!-- Liked7QMobil -->\n<ins class=\"adsbygoogle\"\n     style=\"display:inline-block;width:336px;height:280px\"\n     data-ad-client=\"ca-pub-9424088931673893\"\n     data-ad-slot=\"5073510857\"><\/ins>\n<script async>\n     (adsbygoogle = window.adsbygoogle || []).push({});\n<\/script><\/div><\/div><\/div><\/div>\n\n<\/div>\n\n\n\n<div class=\"wp-block-buzzeditor-list-item\"><h3 class=\"be-list-item-title\"><span style=\"color:;background-color:;border-color:\" class=\"be-list-item-number\">5<\/span> <span style=\"color:;background-color:;border-color:\" class=\"be-list-item-text\">Chris Tucker nem akart visszat\u00e9rni a V\u00e9gre p\u00e9ntek c\u00edm\u0171 film folytat\u00e1s\u00e1ban, pedig 10 milli\u00f3 doll\u00e1rt aj\u00e1nlottak neki.<\/span><\/h3>\n<figure class=\"wp-block-image size-full\"><img loading=\"lazy\" width=\"728\" height=\"500\" src=\"https:\/\/liked.hu\/old\/wp-content\/uploads\/2022\/11\/Chris-Tucker.webp\" alt=\"Chris Tucker\" class=\"wp-image-300152\"\/><\/figure>\n\n\n\n<p>Chris Tucker volt az egyik f\u0151szerepl\u0151je az 1995-\u00f6s n\u00e9pszer\u0171 v\u00edgj\u00e1t\u00e9knak, a V\u00e9gre p\u00e9ntek c\u00edm\u0171 filmben. A k\u00f6vetkez\u0151 r\u00e9szben, vagyis a P\u00e9ntek esti g\u00e1zban viszont m\u00e1r nem akarta elj\u00e1tszani a szerepet, holott a bar\u00e1tja, Ice Cube szerint 10-12 milli\u00f3 doll\u00e1rt aj\u00e1nlottak \u00e9rte. Chris Tucker azzal indokolta az elutas\u00edt\u00e1st, hogy az \u00e1ltala j\u00e1tszott karakter bizonyos attit\u0171djei nem voltak \u00f6sszhangban az elveivel. A m\u00e1sodik r\u00e9szben \u00edgy v\u00e9g\u00fcl Mike Epps j\u00e1tszotta a f\u0151szerepet Ice Cube mellett.<\/p>\n<\/div>\n\n\n\n<div class=\"wp-block-buzzeditor-list-item\"><h3 class=\"be-list-item-title\"><span style=\"color:;background-color:;border-color:\" class=\"be-list-item-number\">6<\/span> <span style=\"color:;background-color:;border-color:\" class=\"be-list-item-text\">Keanu Reeves visszautas\u00edtotta a F\u00e9ktelen\u00fcl 2-t.<\/span><\/h3>\n<figure class=\"wp-block-image size-full\"><img loading=\"lazy\" width=\"728\" height=\"465\" src=\"https:\/\/liked.hu\/old\/wp-content\/uploads\/2022\/11\/Keanu-Reeves.webp\" alt=\"Keanu Reeves\" class=\"wp-image-300151\"\/><\/figure>\n\n\n\n<p>Keanu Reeves \u00e9s Sandra Bullock kiv\u00e1l\u00f3 p\u00e1rost alkottak a&nbsp;F\u00e9ktelen\u00fcl c\u00edm\u0171 filmben, igaz? K\u00e1r, hogy a sz\u00edn\u00e9sz nem akart visszat\u00e9rni a folytat\u00e1sban, hiszen egyr\u00e9szt sokkal jobb lett volna vele, m\u00e1sr\u00e9szt a sz\u00edn\u00e9sz \u00edgy 11 milli\u00f3 doll\u00e1rt vesz\u00edtett. Reeves az\u00e9rt utas\u00edtotta vissza a film m\u00e1sodik r\u00e9sz\u00e9t, mert \u00e9pp akkor fejezte be a L\u00e1ncreakci\u00f3 c\u00edm\u0171 film forgat\u00e1s\u00e1t, \u00e9s nem akart ilyen hamar egy \u00fajabb akci\u00f3filmet forgatni. A st\u00fadi\u00f3 ez\u00e9rt Jason Patricot v\u00e1lasztotta helyette, aki sokkal kevesebb\u00e9rt, k\u00f6r\u00fclbel\u00fcl 4,5 milli\u00f3 doll\u00e1r\u00e9rt is elv\u00e1llalta a szerepet.<\/p>\n<\/div>\n\n\n\n<!--nextpage-->\n\n\n\n<div class=\"wp-block-buzzeditor-list-item\"><h3 class=\"be-list-item-title\"><span style=\"color:;background-color:;border-color:\" class=\"be-list-item-number\">7<\/span> <span style=\"color:;background-color:;border-color:\" class=\"be-list-item-text\">Michael Keaton visszautas\u00edtotta a Mind\u00f6r\u00f6kk\u00e9 Batmant \u00e9s ezzel Val Kilmernek adta oda a szerepet.<\/span><\/h3>\n<figure class=\"wp-block-image size-full\"><img loading=\"lazy\" width=\"728\" height=\"465\" src=\"https:\/\/liked.hu\/old\/wp-content\/uploads\/2022\/11\/Michael-Keaton.webp\" alt=\"Michael Keaton\" class=\"wp-image-300150\"\/><\/figure>\n\n\n\n<p>Michael Keatont nagyon j\u00f3l fogadta a k\u00f6z\u00f6ns\u00e9g, amikor bemutatt\u00e1k az 1989-es&nbsp;Batmant \u00e9s annak folytat\u00e1s\u00e1t, az 1992-es Barman visszat\u00e9r c\u00edm\u0171 filmet. Mindk\u00e9t film kasszasiker volt. Logikus l\u00e9p\u00e9sk\u00e9nt teh\u00e1t a harmadik filmre, a Batman Mind\u00f6r\u00f6kk\u00e9re is felk\u00e9rt\u00e9k, de Keatonnek nem tetszett a forgat\u00f3k\u00f6nyv, ez\u00e9rt visszautas\u00edtotta a 15 milli\u00f3 doll\u00e1ros aj\u00e1nlatot. Val Kilmer kapta helyette a szerepet, aki 6 milli\u00f3\u00e9rt is elv\u00e1llalta a projektet.<\/p>\n\n\n\n<figure class=\"wp-block-image size-full\"><img loading=\"lazy\" width=\"728\" height=\"463\" src=\"https:\/\/liked.hu\/old\/wp-content\/uploads\/2022\/11\/Batman.webp\" alt=\"Batman\" class=\"wp-image-300149\"\/><\/figure>\n\n\n\n<p><\/p>\n<\/div>\n\n\n\n<div class=\"wp-block-buzzeditor-list-item\"><h3 class=\"be-list-item-title\"><span style=\"color:;background-color:;border-color:\" class=\"be-list-item-number\">8<\/span> <span style=\"color:;background-color:;border-color:\" class=\"be-list-item-text\">Jodie Foster visszautas\u00edtotta a 2001-es Hannibal c\u00edm\u0171 filmet, ut\u00f3dja pedig a neki aj\u00e1nlott p\u00e9nz tized\u00e9\u00e9rt is elv\u00e1llalta.<\/span><\/h3>\n<figure class=\"wp-block-image size-full\"><img loading=\"lazy\" width=\"728\" height=\"465\" src=\"https:\/\/liked.hu\/old\/wp-content\/uploads\/2022\/11\/Judie-Foster.webp\" alt=\"Judie Foster\" class=\"wp-image-300148\"\/><\/figure>\n\n\n\n<p>A B\u00e1r\u00e1nyok hallgatnak c\u00edm\u0171 thriller \u00f3ri\u00e1si sikert aratott, Anthony Hopkins \u00e9s Jodie Foster m\u00e9g Oscar-d\u00edjat is kapott \u00e9rte. Am\u00edg azonban Hopkins elv\u00e1llalta a folytat\u00e1st, Foster nemet mondott. M\u00e9g a 20 milli\u00f3 doll\u00e1ros aj\u00e1nlat sem tudta \u0151t meggy\u0151zni. Julianne Moore-t v\u00e1lasztott\u00e1k helyette, aki 2 milli\u00f3 doll\u00e1r\u00e9rt is elj\u00e1tszotta a szerepet.<\/p>\n\n\n\n\n<div style=\"float:none;margin:0px 0 0px 0;text-align:center;\">\n<div class=\"mobileHideke8\"><div class=\"hirdeteshatter\"><div style=\"display: inline-block;width: 50%;min-width:340px;vertical-align: top;\"><div class=\"hirdetes\">HIRDET\u00c9S<\/div>\n<!-- LikedQ81 -->\n<ins class=\"adsbygoogle\"\n     style=\"display:inline-block;width:336px;height:280px\"\n     data-ad-client=\"ca-pub-9424088931673893\"\n     data-ad-slot=\"2436840276\"><\/ins>\n<script async>\n     (adsbygoogle = window.adsbygoogle || []).push({});\n<\/script><\/div><div style=\"display: inline-block;width: 50%;min-width:340px;vertical-align: top;\"><div class=\"hirdetes\">HIRDET\u00c9S<\/div>\n<!-- LikedQ82 -->\n<ins class=\"adsbygoogle\"\n     style=\"display:inline-block;width:336px;height:280px\"\n     data-ad-client=\"ca-pub-9424088931673893\"\n     data-ad-slot=\"3558350253\"><\/ins>\n<script async>\n     (adsbygoogle = window.adsbygoogle || []).push({});\n<\/script><\/div><\/div><\/div>\n<div style=\"display:flex;flex-direction:column;\"><div class=\"mobileShowka8 nyolc\"><div style=\"padding-top:15px;padding-bottom:5px;min-height: 300px;\"><div class=\"hirdetes\">HIRDET\u00c9S<\/div>\n<!-- LikedQ8M -->\n<ins class=\"adsbygoogle\"\n     style=\"display:inline-block;width:336px;height:280px\"\n     data-ad-client=\"ca-pub-9424088931673893\"\n     data-ad-slot=\"4679860235\"><\/ins>\n<script async>\n     (adsbygoogle = window.adsbygoogle || []).push({});\n<\/script><\/div><\/div><\/div><\/div>\n\n<\/div>\n\n\n\n<div class=\"wp-block-buzzeditor-list-item\"><h3 class=\"be-list-item-title\"><span style=\"color:;background-color:;border-color:\" class=\"be-list-item-number\">9<\/span> <span style=\"color:;background-color:;border-color:\" class=\"be-list-item-text\">Vin Diesel a Hal\u00e1los Iramban c\u00edm\u0171 filmek ikonikus rosszfi\u00faja, de nem v\u00e1llalta el a m\u00e1sodik filmet \u00e9s ezzel sok milli\u00f3 doll\u00e1rt vesz\u00edtett.<\/span><\/h3>\n<figure class=\"wp-block-image size-full\"><img loading=\"lazy\" width=\"728\" height=\"465\" src=\"https:\/\/liked.hu\/old\/wp-content\/uploads\/2022\/11\/Vin-Diesel.webp\" alt=\"Vin Diesel\" class=\"wp-image-300147\"\/><\/figure>\n\n\n\n<p>Eml\u00e9kszel m\u00e9g a Hal\u00e1los Iramban sorozat els\u0151 r\u00e9sz\u00e9re? Vin Diesel annyira t\u00f6k\u00e9letesnek tal\u00e1lta a filmet, hogy nem akart neki folytat\u00e1st. Annyira nem, hogy m\u00e9g a m\u00e1sodik r\u00e9sz\u00e9rt aj\u00e1nlott 25 milli\u00f3 doll\u00e1rt is visszautas\u00edtotta. \u00c9rdekess\u00e9g, hogy a sorozatnak az\u00f3ta 10 r\u00e9sze jelent meg, \u00e9s b\u00e1r az\u00f3ta Vin Diesel visszat\u00e9rt, a 9. film\u00e9rt is &#8222;csak&#8221; 20 milli\u00f3 doll\u00e1rt kapott.<\/p>\n<\/div>\n\n\n\n<div class=\"wp-block-buzzeditor-list-item\"><h3 class=\"be-list-item-title\"><span style=\"color:;background-color:;border-color:\" class=\"be-list-item-number\">10<\/span> <span style=\"color:;background-color:;border-color:\" class=\"be-list-item-text\">Will Ferrell nem volt hajland\u00f3 leforgatni a &#8222;Mi a man\u00f3?&#8221; m\u00e1sodik r\u00e9sz\u00e9t.<\/span><\/h3>\n<figure class=\"wp-block-image size-full\"><img loading=\"lazy\" width=\"728\" height=\"521\" src=\"https:\/\/liked.hu\/old\/wp-content\/uploads\/2022\/11\/Will-Ferrell.webp\" alt=\"Will Ferrell\" class=\"wp-image-300146\"\/><\/figure>\n\n\n\n<p>A &#8222;Mi a man\u00f3?&#8221; egyike azoknak a filmeknek, amiket sz\u00edvesen n\u00e9z\u00fcnk meg kar\u00e1csonykor. Nem v\u00e9letlen\u00fcl, hiszen a film annyira j\u00f3 lett, hogy Will Ferrellnek 29 milli\u00f3 doll\u00e1rt aj\u00e1nlottak a folytat\u00e1s\u00e9rt, \u00e1m ezt m\u00e9gis visszautas\u00edtotta. A sz\u00edn\u00e9sz ezt annak indokolta, hogy olyan dolgokat kellett mondania a film megjelen\u00e9s\u00e9t k\u00f6vet\u0151 interj\u00fakban, amit nem gondolt komolyan, \u00e9s nem akart b\u00f3logat\u00f3 jancsi lenni a p\u00e9nz miatt.<\/p>\n\n\n\n\n<div style=\"float:none;margin:0px 0 0px 0;text-align:center;\">\n<div class=\"mobileHideke5\"><div style=\"margin-top:25px;\"><div class=\"hirdeteshatter\"><div style=\"display: inline-block;width: 50%;min-width:305px;vertical-align: top;\"><div class=\"hirdetes\">HIRDET\u00c9S<\/div>\n<!-- LikedQ51 -->\n<ins class=\"adsbygoogle\"\n     style=\"display:inline-block;width:300px;height:250px\"\n     data-ad-client=\"ca-pub-9424088931673893\"\n     data-ad-slot=\"8284063326\"><\/ins>\n<script async>\n     (adsbygoogle = window.adsbygoogle || []).push({});\n<\/script><\/div><div style=\"display: inline-block;width: 50%;min-width:305px;vertical-align: top;\"><div class=\"hirdetes\">HIRDET\u00c9S<\/div>\n<!-- LikedQ52 -->\n<ins class=\"adsbygoogle\"\n     style=\"display:inline-block;width:300px;height:250px\"\n     data-ad-client=\"ca-pub-9424088931673893\"\n     data-ad-slot=\"2840164950\"><\/ins>\n<script async>\n     (adsbygoogle = window.adsbygoogle || []).push({});\n<\/script><\/div><\/div><\/div><\/div>\n<div style=\"display:flex;flex-direction:column;\"><div class=\"mobileShowka5\"><div style=\"padding-top:10px;padding-bottom:10px;min-height: 300px;\"><div class=\"hirdetes\">HIRDET\u00c9S<\/div>\n<!-- LikedQ5M -->\n<ins class=\"adsbygoogle\"\n     style=\"display:inline-block;width:300px;height:250px\"\n     data-ad-client=\"ca-pub-9424088931673893\"\n     data-ad-slot=\"9022429928\"><\/ins>\n<script async>\n     (adsbygoogle = window.adsbygoogle || []).push({});\n<\/script><\/div><\/div><\/div><\/div>\n\n<\/div>\n\n\n\n<div class=\"wp-block-buzzeditor-list-item\"><h3 class=\"be-list-item-title\"><span style=\"color:;background-color:;border-color:\" class=\"be-list-item-number\">11<\/span> <span style=\"color:;background-color:;border-color:\" class=\"be-list-item-text\">Will Smith nem v\u00e1llalta el a F\u00fcggetlens\u00e9g napj\u00e1nak folytat\u00e1s\u00e1t, mert nem szereti a folytat\u00e1sokat.<\/span><\/h3>\n<figure class=\"wp-block-image size-full\"><img loading=\"lazy\" width=\"728\" height=\"465\" src=\"https:\/\/liked.hu\/old\/wp-content\/uploads\/2022\/11\/Will-Smith.webp\" alt=\"Will Smith\" class=\"wp-image-300145\"\/><\/figure>\n\n\n\n<p>1996-ban a F\u00fcggetlens\u00e9g napja hozta a legt\u00f6bb bev\u00e9telt a mozikban, ez\u00e9rt \u00e9rthet\u0151 okokb\u00f3l el\u0151bb-ut\u00f3bb folytat\u00e1st kellett kapnia. Noha erre 20 \u00e9vet kellett v\u00e1rni, Will Smith m\u00e9gsem v\u00e1llalta el a szerepet, mert egyr\u00e9szt nem szereti a folytat\u00e1sokat, m\u00e1sr\u00e9szt \u00e9pp akkor a F\u00f6ld ut\u00e1n c\u00edm\u0171 sci-fi mozin dolgozott. Will ezzel 50 milli\u00f3 doll\u00e1rt vesz\u00edtett, hely\u00e9t pedig a fiatal sz\u00edn\u00e9sz, Jessie T. Usher vette \u00e1t.<\/p>\n<\/div>\n\n\n\n<div class=\"wp-block-buzzeditor-list-item\"><h3 class=\"be-list-item-title\"><span style=\"color:;background-color:;border-color:\" class=\"be-list-item-number\">12<\/span> <span style=\"color:;background-color:;border-color:\" class=\"be-list-item-text\">Dwayne Johnson 5 filmet mondott le az\u00e9rt, hogy a Black Adamben szerepelhessen.<\/span><\/h3>\n<figure class=\"wp-block-image size-full\"><img loading=\"lazy\" width=\"728\" height=\"410\" src=\"https:\/\/liked.hu\/old\/wp-content\/uploads\/2022\/11\/Black-Adam.webp\" alt=\"Black Adam\" class=\"wp-image-300144\"\/><\/figure>\n\n\n\n<p>Dwayne Johnsont nagyon \u00e9rdekelte a DC gonosztev\u0151, Black Adam elj\u00e1tsz\u00e1sa, ez\u00e9rt azt sem b\u00e1nta meg, hogy emiatt t\u00f6bbek k\u00f6z\u00f6tt vissza kellett utas\u00edtania p\u00e9ld\u00e1ul a &#8222;Rampage&#8221;, az &#8222;Utaz\u00e1s a rejt\u00e9lyes szigetre&#8221;, a &#8222;San Andreas&#8221; \u00e9s a &#8222;Hal\u00e1los Iramban&#8221; folytat\u00e1s\u00e1t. Vajon mennyi p\u00e9nzt bukott el ezekkel a filmekkel? Becsl\u00e9sek szerint csak a Hal\u00e1los Iramban 10. r\u00e9sz\u00e9\u00e9rt k\u00f6r\u00fclbel\u00fcl 75-100 milli\u00f3 doll\u00e1rt aj\u00e1nlottak neki, \u00e1m Johnson \u00edgy sem v\u00e1llalta el.<\/p>\n<\/div>\n<\/div>\n","protected":false},"excerpt":{"rendered":"Sokszor el\u0151fordul, hogy annyira megtetszik egy film, hogy alig v\u00e1rjuk a folytat\u00e1st. Szeretn\u00e9nk m\u00e9g t\u00f6bbet megtudni az adott univerzumr\u00f3l \u00e9s karakterekr\u0151l, de ez sajnos nem mindig adatik meg nek\u00fcnk, vagy legal\u00e1bbis nem eg\u00e9szen \u00fagy, ahogy szeretn\u00e9nk. A sz\u00edn\u00e9szeknek ugyanis gyakran egy \u00e9letre elmegy a kedv\u00fck egy-egy adott szerepr\u0151l k\u00fcl\u00f6nf\u00e9le okok, p\u00e9ld\u00e1ul a bels\u0151 konfliktusok vagy [...]","protected":false},"author":7,"featured_media":300143,"comment_status":"open","ping_status":"closed","sticky":false,"template":"","format":"standard","meta":{"buzzeditor_post_format":"list"},"categories":[8667],"tags":[4128,3897],"yoast_head":"<!-- This site is optimized with the Yoast SEO plugin v19.6.1 - https:\/\/yoast.com\/wordpress\/plugins\/seo\/ -->\n<title>12 sz\u00edn\u00e9sz, aki ink\u00e1bb vesz\u00edtett milli\u00f3kat, minthogy \u00fajra elj\u00e1tssza ugyanazt a karaktert a folytat\u00e1sban<\/title>\n<meta name=\"description\" content=\"Sokszor el\u0151fordul, hogy annyira megtetszik egy film, hogy alig v\u00e1rjuk a folytat\u00e1st. Szeretn\u00e9nk m\u00e9g t\u00f6bbet megtudni az adott univerzumr\u00f3l \u00e9s karakterekr\u0151l,\" \/>\n<meta name=\"robots\" content=\"index, follow, max-snippet:-1, max-image-preview:large, max-video-preview:-1\" \/>\n<link rel=\"canonical\" href=\"https:\/\/liked.hu\/old\/sztarok-es-celebek\/12-szinesz-aki-inkabb-veszitett-milliokat-minthogy-ujra-eljatssza-ugyanazt-a-karaktert-a-folytatasban\/\" \/>\n<link rel=\"next\" href=\"https:\/\/liked.hu\/old\/sztarok-es-celebek\/12-szinesz-aki-inkabb-veszitett-milliokat-minthogy-ujra-eljatssza-ugyanazt-a-karaktert-a-folytatasban\/2\/\" \/>\n<meta property=\"og:locale\" content=\"hu_HU\" \/>\n<meta property=\"og:type\" content=\"article\" \/>\n<meta property=\"og:title\" content=\"12 sz\u00edn\u00e9sz, aki ink\u00e1bb vesz\u00edtett milli\u00f3kat, minthogy \u00fajra elj\u00e1tssza ugyanazt a karaktert a folytat\u00e1sban\" \/>\n<meta property=\"og:description\" content=\"Sokszor el\u0151fordul, hogy annyira megtetszik egy film, hogy alig v\u00e1rjuk a folytat\u00e1st. Szeretn\u00e9nk m\u00e9g t\u00f6bbet megtudni az adott univerzumr\u00f3l \u00e9s karakterekr\u0151l,\" \/>\n<meta property=\"og:url\" content=\"https:\/\/liked.hu\/old\/sztarok-es-celebek\/12-szinesz-aki-inkabb-veszitett-milliokat-minthogy-ujra-eljatssza-ugyanazt-a-karaktert-a-folytatasban\/\" \/>\n<meta property=\"og:site_name\" content=\"Liked.hu\" \/>\n<meta property=\"article:publisher\" content=\"https:\/\/www.facebook.com\/liked.hu\" \/>\n<meta property=\"article:published_time\" content=\"2022-11-21T00:14:58+00:00\" \/>\n<meta property=\"article:modified_time\" content=\"2022-11-21T00:18:52+00:00\" \/>\n<meta property=\"og:image\" content=\"https:\/\/liked.hu\/old\/wp-content\/uploads\/2022\/11\/Sztarok-elutasitott-szerepek.jpg\" \/>\n\t<meta property=\"og:image:width\" content=\"1200\" \/>\n\t<meta property=\"og:image:height\" content=\"630\" \/>\n\t<meta property=\"og:image:type\" content=\"image\/jpeg\" \/>\n<meta name=\"author\" content=\"Tiborc\" \/>\n<meta name=\"twitter:card\" content=\"summary\" \/>\n<meta name=\"twitter:creator\" content=\"@LikedHu\" \/>\n<meta name=\"twitter:site\" content=\"@LikedHu\" \/>\n<meta name=\"twitter:label1\" content=\"Szerz\u0151:\" \/>\n\t<meta name=\"twitter:data1\" content=\"Tiborc\" \/>\n\t<meta name=\"twitter:label2\" content=\"Becs\u00fclt olvas\u00e1si id\u0151\" \/>\n\t<meta name=\"twitter:data2\" content=\"7 perc\" \/>\n<script type=\"application\/ld+json\" class=\"yoast-schema-graph\">{\"@context\":\"https:\/\/schema.org\",\"@graph\":[{\"@type\":\"Article\",\"@id\":\"https:\/\/liked.hu\/old\/sztarok-es-celebek\/12-szinesz-aki-inkabb-veszitett-milliokat-minthogy-ujra-eljatssza-ugyanazt-a-karaktert-a-folytatasban\/#article\",\"isPartOf\":{\"@id\":\"https:\/\/liked.hu\/old\/sztarok-es-celebek\/12-szinesz-aki-inkabb-veszitett-milliokat-minthogy-ujra-eljatssza-ugyanazt-a-karaktert-a-folytatasban\/\"},\"author\":{\"name\":\"Tiborc\",\"@id\":\"https:\/\/liked.hu\/old\/#\/schema\/person\/8b92210be73c8af1a8255bd30ebe772b\"},\"headline\":\"12 sz\u00edn\u00e9sz, aki ink\u00e1bb vesz\u00edtett milli\u00f3kat, minthogy \u00fajra elj\u00e1tssza ugyanazt a karaktert a folytat\u00e1sban\",\"datePublished\":\"2022-11-21T00:14:58+00:00\",\"dateModified\":\"2022-11-21T00:18:52+00:00\",\"mainEntityOfPage\":{\"@id\":\"https:\/\/liked.hu\/old\/sztarok-es-celebek\/12-szinesz-aki-inkabb-veszitett-milliokat-minthogy-ujra-eljatssza-ugyanazt-a-karaktert-a-folytatasban\/\"},\"wordCount\":1477,\"commentCount\":0,\"publisher\":{\"@id\":\"https:\/\/liked.hu\/old\/#organization\"},\"keywords\":[\"filmek\",\"szt\u00e1rok\"],\"articleSection\":[\"Szt\u00e1rok \u00e9s celebek\"],\"inLanguage\":\"hu\",\"potentialAction\":[{\"@type\":\"CommentAction\",\"name\":\"Comment\",\"target\":[\"https:\/\/liked.hu\/old\/sztarok-es-celebek\/12-szinesz-aki-inkabb-veszitett-milliokat-minthogy-ujra-eljatssza-ugyanazt-a-karaktert-a-folytatasban\/#respond\"]}]},{\"@type\":\"WebPage\",\"@id\":\"https:\/\/liked.hu\/old\/sztarok-es-celebek\/12-szinesz-aki-inkabb-veszitett-milliokat-minthogy-ujra-eljatssza-ugyanazt-a-karaktert-a-folytatasban\/\",\"url\":\"https:\/\/liked.hu\/old\/sztarok-es-celebek\/12-szinesz-aki-inkabb-veszitett-milliokat-minthogy-ujra-eljatssza-ugyanazt-a-karaktert-a-folytatasban\/\",\"name\":\"12 sz\u00edn\u00e9sz, aki ink\u00e1bb vesz\u00edtett milli\u00f3kat, minthogy \u00fajra elj\u00e1tssza ugyanazt a karaktert a folytat\u00e1sban\",\"isPartOf\":{\"@id\":\"https:\/\/liked.hu\/old\/#website\"},\"datePublished\":\"2022-11-21T00:14:58+00:00\",\"dateModified\":\"2022-11-21T00:18:52+00:00\",\"description\":\"Sokszor el\u0151fordul, hogy annyira megtetszik egy film, hogy alig v\u00e1rjuk a folytat\u00e1st. Szeretn\u00e9nk m\u00e9g t\u00f6bbet megtudni az adott univerzumr\u00f3l \u00e9s karakterekr\u0151l,\",\"breadcrumb\":{\"@id\":\"https:\/\/liked.hu\/old\/sztarok-es-celebek\/12-szinesz-aki-inkabb-veszitett-milliokat-minthogy-ujra-eljatssza-ugyanazt-a-karaktert-a-folytatasban\/#breadcrumb\"},\"inLanguage\":\"hu\",\"potentialAction\":[{\"@type\":\"ReadAction\",\"target\":[\"https:\/\/liked.hu\/old\/sztarok-es-celebek\/12-szinesz-aki-inkabb-veszitett-milliokat-minthogy-ujra-eljatssza-ugyanazt-a-karaktert-a-folytatasban\/\"]}]},{\"@type\":\"BreadcrumbList\",\"@id\":\"https:\/\/liked.hu\/old\/sztarok-es-celebek\/12-szinesz-aki-inkabb-veszitett-milliokat-minthogy-ujra-eljatssza-ugyanazt-a-karaktert-a-folytatasban\/#breadcrumb\",\"itemListElement\":[{\"@type\":\"ListItem\",\"position\":1,\"name\":\"Kezd\u0151lap\"}]},{\"@type\":\"WebSite\",\"@id\":\"https:\/\/liked.hu\/old\/#website\",\"url\":\"https:\/\/liked.hu\/old\/\",\"name\":\"Liked.hu\",\"description\":\"\",\"publisher\":{\"@id\":\"https:\/\/liked.hu\/old\/#organization\"},\"potentialAction\":[{\"@type\":\"SearchAction\",\"target\":{\"@type\":\"EntryPoint\",\"urlTemplate\":\"https:\/\/liked.hu\/old\/?s={search_term_string}\"},\"query-input\":\"required name=search_term_string\"}],\"inLanguage\":\"hu\"},{\"@type\":\"Organization\",\"@id\":\"https:\/\/liked.hu\/old\/#organization\",\"name\":\"Liked.hu\",\"url\":\"https:\/\/liked.hu\/old\/\",\"sameAs\":[\"https:\/\/hu.pinterest.com\/likedhungary\/\",\"https:\/\/www.youtube.com\/channel\/UCPv91dbMoIukYcM9b9nHN6Q\",\"https:\/\/www.facebook.com\/liked.hu\",\"https:\/\/twitter.com\/LikedHu\"],\"logo\":{\"@type\":\"ImageObject\",\"inLanguage\":\"hu\",\"@id\":\"https:\/\/liked.hu\/old\/#\/schema\/logo\/image\/\",\"url\":\"https:\/\/liked.hu\/wp-content\/uploads\/2018\/08\/Liked-icon.png\",\"contentUrl\":\"https:\/\/liked.hu\/wp-content\/uploads\/2018\/08\/Liked-icon.png\",\"width\":512,\"height\":512,\"caption\":\"Liked.hu\"},\"image\":{\"@id\":\"https:\/\/liked.hu\/old\/#\/schema\/logo\/image\/\"}},{\"@type\":\"Person\",\"@id\":\"https:\/\/liked.hu\/old\/#\/schema\/person\/8b92210be73c8af1a8255bd30ebe772b\",\"name\":\"Tiborc\",\"image\":{\"@type\":\"ImageObject\",\"inLanguage\":\"hu\",\"@id\":\"https:\/\/liked.hu\/old\/#\/schema\/person\/image\/\",\"url\":\"https:\/\/liked.hu\/old\/wp-content\/uploads\/avatars\/7\/604de8ed2ffd6-bpfull.jpg\",\"contentUrl\":\"https:\/\/liked.hu\/old\/wp-content\/uploads\/avatars\/7\/604de8ed2ffd6-bpfull.jpg\",\"caption\":\"Tiborc\"},\"url\":\"https:\/\/liked.hu\/old\/u\/tiborc\/\"}]}<\/script>\n<!-- \/ Yoast SEO plugin. -->","yoast_head_json":{"title":"12 sz\u00edn\u00e9sz, aki ink\u00e1bb vesz\u00edtett milli\u00f3kat, minthogy \u00fajra elj\u00e1tssza ugyanazt a karaktert a folytat\u00e1sban","description":"Sokszor el\u0151fordul, hogy annyira megtetszik egy film, hogy alig v\u00e1rjuk a folytat\u00e1st. Szeretn\u00e9nk m\u00e9g t\u00f6bbet megtudni az adott univerzumr\u00f3l \u00e9s karakterekr\u0151l,","robots":{"index":"index","follow":"follow","max-snippet":"max-snippet:-1","max-image-preview":"max-image-preview:large","max-video-preview":"max-video-preview:-1"},"canonical":"https:\/\/liked.hu\/old\/sztarok-es-celebek\/12-szinesz-aki-inkabb-veszitett-milliokat-minthogy-ujra-eljatssza-ugyanazt-a-karaktert-a-folytatasban\/","next":"https:\/\/liked.hu\/old\/sztarok-es-celebek\/12-szinesz-aki-inkabb-veszitett-milliokat-minthogy-ujra-eljatssza-ugyanazt-a-karaktert-a-folytatasban\/2\/","og_locale":"hu_HU","og_type":"article","og_title":"12 sz\u00edn\u00e9sz, aki ink\u00e1bb vesz\u00edtett milli\u00f3kat, minthogy \u00fajra elj\u00e1tssza ugyanazt a karaktert a folytat\u00e1sban","og_description":"Sokszor el\u0151fordul, hogy annyira megtetszik egy film, hogy alig v\u00e1rjuk a folytat\u00e1st. Szeretn\u00e9nk m\u00e9g t\u00f6bbet megtudni az adott univerzumr\u00f3l \u00e9s karakterekr\u0151l,","og_url":"https:\/\/liked.hu\/old\/sztarok-es-celebek\/12-szinesz-aki-inkabb-veszitett-milliokat-minthogy-ujra-eljatssza-ugyanazt-a-karaktert-a-folytatasban\/","og_site_name":"Liked.hu","article_publisher":"https:\/\/www.facebook.com\/liked.hu","article_published_time":"2022-11-21T00:14:58+00:00","article_modified_time":"2022-11-21T00:18:52+00:00","og_image":[{"width":1200,"height":630,"url":"https:\/\/liked.hu\/old\/wp-content\/uploads\/2022\/11\/Sztarok-elutasitott-szerepek.jpg","type":"image\/jpeg"}],"author":"Tiborc","twitter_card":"summary","twitter_creator":"@LikedHu","twitter_site":"@LikedHu","twitter_misc":{"Szerz\u0151:":"Tiborc","Becs\u00fclt olvas\u00e1si id\u0151":"7 perc"},"schema":{"@context":"https:\/\/schema.org","@graph":[{"@type":"Article","@id":"https:\/\/liked.hu\/old\/sztarok-es-celebek\/12-szinesz-aki-inkabb-veszitett-milliokat-minthogy-ujra-eljatssza-ugyanazt-a-karaktert-a-folytatasban\/#article","isPartOf":{"@id":"https:\/\/liked.hu\/old\/sztarok-es-celebek\/12-szinesz-aki-inkabb-veszitett-milliokat-minthogy-ujra-eljatssza-ugyanazt-a-karaktert-a-folytatasban\/"},"author":{"name":"Tiborc","@id":"https:\/\/liked.hu\/old\/#\/schema\/person\/8b92210be73c8af1a8255bd30ebe772b"},"headline":"12 sz\u00edn\u00e9sz, aki ink\u00e1bb vesz\u00edtett milli\u00f3kat, minthogy \u00fajra elj\u00e1tssza ugyanazt a karaktert a folytat\u00e1sban","datePublished":"2022-11-21T00:14:58+00:00","dateModified":"2022-11-21T00:18:52+00:00","mainEntityOfPage":{"@id":"https:\/\/liked.hu\/old\/sztarok-es-celebek\/12-szinesz-aki-inkabb-veszitett-milliokat-minthogy-ujra-eljatssza-ugyanazt-a-karaktert-a-folytatasban\/"},"wordCount":1477,"commentCount":0,"publisher":{"@id":"https:\/\/liked.hu\/old\/#organization"},"keywords":["filmek","szt\u00e1rok"],"articleSection":["Szt\u00e1rok \u00e9s celebek"],"inLanguage":"hu","potentialAction":[{"@type":"CommentAction","name":"Comment","target":["https:\/\/liked.hu\/old\/sztarok-es-celebek\/12-szinesz-aki-inkabb-veszitett-milliokat-minthogy-ujra-eljatssza-ugyanazt-a-karaktert-a-folytatasban\/#respond"]}]},{"@type":"WebPage","@id":"https:\/\/liked.hu\/old\/sztarok-es-celebek\/12-szinesz-aki-inkabb-veszitett-milliokat-minthogy-ujra-eljatssza-ugyanazt-a-karaktert-a-folytatasban\/","url":"https:\/\/liked.hu\/old\/sztarok-es-celebek\/12-szinesz-aki-inkabb-veszitett-milliokat-minthogy-ujra-eljatssza-ugyanazt-a-karaktert-a-folytatasban\/","name":"12 sz\u00edn\u00e9sz, aki ink\u00e1bb vesz\u00edtett milli\u00f3kat, minthogy \u00fajra elj\u00e1tssza ugyanazt a karaktert a folytat\u00e1sban","isPartOf":{"@id":"https:\/\/liked.hu\/old\/#website"},"datePublished":"2022-11-21T00:14:58+00:00","dateModified":"2022-11-21T00:18:52+00:00","description":"Sokszor el\u0151fordul, hogy annyira megtetszik egy film, hogy alig v\u00e1rjuk a folytat\u00e1st. Szeretn\u00e9nk m\u00e9g t\u00f6bbet megtudni az adott univerzumr\u00f3l \u00e9s karakterekr\u0151l,","breadcrumb":{"@id":"https:\/\/liked.hu\/old\/sztarok-es-celebek\/12-szinesz-aki-inkabb-veszitett-milliokat-minthogy-ujra-eljatssza-ugyanazt-a-karaktert-a-folytatasban\/#breadcrumb"},"inLanguage":"hu","potentialAction":[{"@type":"ReadAction","target":["https:\/\/liked.hu\/old\/sztarok-es-celebek\/12-szinesz-aki-inkabb-veszitett-milliokat-minthogy-ujra-eljatssza-ugyanazt-a-karaktert-a-folytatasban\/"]}]},{"@type":"BreadcrumbList","@id":"https:\/\/liked.hu\/old\/sztarok-es-celebek\/12-szinesz-aki-inkabb-veszitett-milliokat-minthogy-ujra-eljatssza-ugyanazt-a-karaktert-a-folytatasban\/#breadcrumb","itemListElement":[{"@type":"ListItem","position":1,"name":"Kezd\u0151lap"}]},{"@type":"WebSite","@id":"https:\/\/liked.hu\/old\/#website","url":"https:\/\/liked.hu\/old\/","name":"Liked.hu","description":"","publisher":{"@id":"https:\/\/liked.hu\/old\/#organization"},"potentialAction":[{"@type":"SearchAction","target":{"@type":"EntryPoint","urlTemplate":"https:\/\/liked.hu\/old\/?s={search_term_string}"},"query-input":"required name=search_term_string"}],"inLanguage":"hu"},{"@type":"Organization","@id":"https:\/\/liked.hu\/old\/#organization","name":"Liked.hu","url":"https:\/\/liked.hu\/old\/","sameAs":["https:\/\/hu.pinterest.com\/likedhungary\/","https:\/\/www.youtube.com\/channel\/UCPv91dbMoIukYcM9b9nHN6Q","https:\/\/www.facebook.com\/liked.hu","https:\/\/twitter.com\/LikedHu"],"logo":{"@type":"ImageObject","inLanguage":"hu","@id":"https:\/\/liked.hu\/old\/#\/schema\/logo\/image\/","url":"https:\/\/liked.hu\/wp-content\/uploads\/2018\/08\/Liked-icon.png","contentUrl":"https:\/\/liked.hu\/wp-content\/uploads\/2018\/08\/Liked-icon.png","width":512,"height":512,"caption":"Liked.hu"},"image":{"@id":"https:\/\/liked.hu\/old\/#\/schema\/logo\/image\/"}},{"@type":"Person","@id":"https:\/\/liked.hu\/old\/#\/schema\/person\/8b92210be73c8af1a8255bd30ebe772b","name":"Tiborc","image":{"@type":"ImageObject","inLanguage":"hu","@id":"https:\/\/liked.hu\/old\/#\/schema\/person\/image\/","url":"https:\/\/liked.hu\/old\/wp-content\/uploads\/avatars\/7\/604de8ed2ffd6-bpfull.jpg","contentUrl":"https:\/\/liked.hu\/old\/wp-content\/uploads\/avatars\/7\/604de8ed2ffd6-bpfull.jpg","caption":"Tiborc"},"url":"https:\/\/liked.hu\/old\/u\/tiborc\/"}]}},"publishpress_future_action":{"enabled":false,"date":"1970-01-01 01:00:00","action":"","terms":[],"taxonomy":"","browser_timezone_offset":0},"_links":{"self":[{"href":"https:\/\/liked.hu\/old\/wp-json\/wp\/v2\/posts\/300142"}],"collection":[{"href":"https:\/\/liked.hu\/old\/wp-json\/wp\/v2\/posts"}],"about":[{"href":"https:\/\/liked.hu\/old\/wp-json\/wp\/v2\/types\/post"}],"author":[{"embeddable":true,"href":"https:\/\/liked.hu\/old\/wp-json\/wp\/v2\/users\/7"}],"replies":[{"embeddable":true,"href":"https:\/\/liked.hu\/old\/wp-json\/wp\/v2\/comments?post=300142"}],"version-history":[{"count":0,"href":"https:\/\/liked.hu\/old\/wp-json\/wp\/v2\/posts\/300142\/revisions"}],"wp:featuredmedia":[{"embeddable":true,"href":"https:\/\/liked.hu\/old\/wp-json\/wp\/v2\/media\/300143"}],"wp:attachment":[{"href":"https:\/\/liked.hu\/old\/wp-json\/wp\/v2\/media?parent=300142"}],"wp:term":[{"taxonomy":"category","embeddable":true,"href":"https:\/\/liked.hu\/old\/wp-json\/wp\/v2\/categories?post=300142"},{"taxonomy":"post_tag","embeddable":true,"href":"https:\/\/liked.hu\/old\/wp-json\/wp\/v2\/tags?post=300142"}],"curies":[{"name":"wp","href":"https:\/\/api.w.org\/{rel}","templated":true}]}}