{"id":298590,"date":"2022-10-25T15:17:59","date_gmt":"2022-10-25T13:17:59","guid":{"rendered":"https:\/\/liked.hu\/old\/?p=298590"},"modified":"2022-10-25T15:18:02","modified_gmt":"2022-10-25T13:18:02","slug":"13-teny-az-egyik-legboldogabb-orszagrol-aminek-soha-sem-volt-hadserege","status":"publish","type":"post","link":"https:\/\/liked.hu\/old\/erdekes\/13-teny-az-egyik-legboldogabb-orszagrol-aminek-soha-sem-volt-hadserege\/","title":{"rendered":"13 t\u00e9ny az egyik legboldogabb orsz\u00e1gr\u00f3l, aminek soha sem volt hadserege"},"content":{"rendered":"\n\n<h4><\/h4>\n\n\n\n<p>Izland egy kis orsz\u00e1g, melynek lakoss\u00e1ga a f\u00e9lmilli\u00f3 f\u0151t sem \u00e9ri el. Itt az emberek t\u00f6bbs\u00e9ge ismeri egym\u00e1st, \u00edgy nem szokt\u00e1k p\u00e9ld\u00e1ul bez\u00e1rni a h\u00e1z ajtaj\u00e1t, amikor elmennek otthonr\u00f3l, \u00e9s a gyerekeket is otthagyj\u00e1k b\u00e1rhol fel\u00fcgyelet n\u00e9lk\u00fcl, nem f\u00e9lnek att\u00f3l, hogy elrabolj\u00e1k \u0151ket vagy ilyesmi. \u00c9rthet\u0151 m\u00f3don term\u00e9szetesen Izland a vil\u00e1g egyik legboldogabb orsz\u00e1ga.<\/p>\n\n<div style=\"float:none;margin:0px 0 0px 0;text-align:center;\">\n<div class=\"mobileShowkakettes\"><div class=\"mobileShowka2\"><div style=\"padding-top:0px;padding-bottom:15px;min-height: 300px;\"><div class=\"hirdetes\">HIRDET\u00c9S<\/div>\n<!-- 300lista -->\n<ins class=\"adsbygoogle\"\n     style=\"display:inline-block;width:300px;height:250px\"\n     data-ad-client=\"ca-pub-9424088931673893\"\n     data-ad-slot=\"8471340766\"><\/ins>\n<script async>\n     (adsbygoogle = window.adsbygoogle || []).push({});\n<\/script><\/div><\/div><\/div><\/div>\n\n<p>A <strong>Liked.hu<\/strong>-n\u00e1l m\u00e1r t\u00f6bbsz\u00f6r is beleszerett\u00fcnk ebbe a csod\u00e1latos kis orsz\u00e1gba, most pedig n\u00e9h\u00e1ny olyan t\u00e9nyt szeretn\u00e9nk megosztani veletek, melyek bizony\u00edtj\u00e1k, hogy Izland egy t\u00f6k\u00e9letes hely a boldog \u00e9lethez.<\/p>\n\n\n\n\n<div class=\"wp-block-buzzeditor-list be-list be-list-type-asc be-list-number-style-none\">\n<div class=\"wp-block-buzzeditor-list-item\"><h3 class=\"be-list-item-title\"><span style=\"color:;background-color:;border-color:\" class=\"be-list-item-number\">1<\/span> <span style=\"color:;background-color:;border-color:\" class=\"be-list-item-text\">Izland a vil\u00e1g egyik legfest\u0151ibb orsz\u00e1ga<\/span><\/h3><video autoplay loop muted playsinline><source src=\"https:\/\/i.imgur.com\/viQHrVM.mp4\" type=\"video\/mp4\" \/><\/video>\n\n\n\n<p>Ebben az orsz\u00e1gban tal\u00e1lhat\u00f3 Eur\u00f3pa leghatalmasabb v\u00edzes\u00e9se, a <a rel=\"noreferrer noopener\" href=\"https:\/\/hu.wikipedia.org\/wiki\/Dettifoss\" target=\"_blank\">Dettifoss<\/a>: k\u00f6r\u00fclbel\u00fcl 45 m\u00e9ter magas \u00e9s 100 m\u00e9ter sz\u00e9less\u00e9g\u0171, \u00e1tlagos v\u00edzhozama 193 m\u00b3\/s. Az egyik legnagyobb gleccser is itt tal\u00e1lhat\u00f3, \u00edgy h\u00e1t \u00e9rthet\u0151, hogy az izlandiak mindig is harm\u00f3ni\u00e1ban \u00e9ltek az orsz\u00e1guk csod\u00e1latos term\u00e9szet\u00e9vel, mindig tisztelt\u00e9k \u00e9s v\u00e9dt\u00e9k azt. A szigetorsz\u00e1gban sz\u00e1mos term\u00e9szeti csoda tal\u00e1lhat\u00f3, \u00edgy aki egyszer ide l\u00e1togat, az garant\u00e1ltan \u00f6r\u00f6kre a sz\u00edv\u00e9be z\u00e1rja ezt az orsz\u00e1got.<\/p>\n<\/div>\n\n\n\n<div class=\"wp-block-buzzeditor-list-item\"><h3 class=\"be-list-item-title\"><span style=\"color:;background-color:;border-color:\" class=\"be-list-item-number\">2<\/span> <span style=\"color:;background-color:;border-color:\" class=\"be-list-item-text\">Az izlandi nyelv nem sokat v\u00e1ltozott a 12. sz\u00e1zad \u00f3ta<\/span><\/h3>\n<figure class=\"wp-block-image size-full\"><img loading=\"lazy\" width=\"728\" height=\"985\" src=\"https:\/\/liked.hu\/old\/wp-content\/uploads\/2022\/10\/Liked.hu-Izlandi-dolgok-017.webp\" alt=\"Liked.hu Izlandi dolgok 017\" class=\"wp-image-298601\"\/><figcaption><a rel=\"noreferrer noopener\" href=\"https:\/\/ru.wikipedia.org\/wiki\/%D0%9C%D0%BB%D0%B0%D0%B4%D1%88%D0%B0%D1%8F_%D0%AD%D0%B4%D0%B4%D0%B0#\/media\/File:Edda.jpg\" target=\"_blank\">\u00a9&nbsp;&nbsp;<br>wikip\u00e9dia<\/a><\/figcaption><\/figure>\n\n\n\n<p>Az izlandiak nagyon b\u00fcszk\u00e9k a&nbsp;<a rel=\"noreferrer noopener\" href=\"https:\/\/en.wikipedia.org\/wiki\/Icelandic_language\" target=\"_blank\">nyelv\u00fckre<\/a>.&nbsp;R\u00e9g\u00f3ta nagyon szoros t\u00e1rsadalmi kapcsolatokat \u00e1polnak az apr\u00f3cska szigetorsz\u00e1gban, \u00edgy nyelv\u00fck rendk\u00edv\u00fcl stabil tudott maradni.&nbsp;Az orsz\u00e1g szinte minden lak\u00f3ja minden neh\u00e9zs\u00e9g n\u00e9lk\u00fcl k\u00e9pes elolvasni az \u0151si mond\u00e1kat.&nbsp;Ezenk\u00edv\u00fcl Izland a vil\u00e1g vezet\u0151 k\u00f6nyvpiaca is egyben, itt minden \u00e9vben t\u00f6bb k\u00f6nyvet adnak&nbsp;<a rel=\"noreferrer noopener\" href=\"https:\/\/www.bbc.com\/news\/magazine-24399599\" target=\"_blank\">ki<\/a>, mint b\u00e1rmely m\u00e1s orsz\u00e1gban.<\/p>\n\n\n\n\n<div style=\"float:none;margin:0px 0 0px 0;text-align:center;\">\n<div class=\"mobileHideke5\"><div style=\"margin-top:25px;\"><div class=\"hirdeteshatter\"><div style=\"display: inline-block;width: 50%;min-width:305px;vertical-align: top;\"><div class=\"hirdetes\">HIRDET\u00c9S<\/div>\n<!-- LikedQ51 -->\n<ins class=\"adsbygoogle\"\n     style=\"display:inline-block;width:300px;height:250px\"\n     data-ad-client=\"ca-pub-9424088931673893\"\n     data-ad-slot=\"8284063326\"><\/ins>\n<script async>\n     (adsbygoogle = window.adsbygoogle || []).push({});\n<\/script><\/div><div style=\"display: inline-block;width: 50%;min-width:305px;vertical-align: top;\"><div class=\"hirdetes\">HIRDET\u00c9S<\/div>\n<!-- LikedQ52 -->\n<ins class=\"adsbygoogle\"\n     style=\"display:inline-block;width:300px;height:250px\"\n     data-ad-client=\"ca-pub-9424088931673893\"\n     data-ad-slot=\"2840164950\"><\/ins>\n<script async>\n     (adsbygoogle = window.adsbygoogle || []).push({});\n<\/script><\/div><\/div><\/div><\/div>\n<div style=\"display:flex;flex-direction:column;\"><div class=\"mobileShowka5\"><div style=\"padding-top:10px;padding-bottom:10px;min-height: 300px;\"><div class=\"hirdetes\">HIRDET\u00c9S<\/div>\n<!-- LikedQ5M -->\n<ins class=\"adsbygoogle\"\n     style=\"display:inline-block;width:300px;height:250px\"\n     data-ad-client=\"ca-pub-9424088931673893\"\n     data-ad-slot=\"9022429928\"><\/ins>\n<script async>\n     (adsbygoogle = window.adsbygoogle || []).push({});\n<\/script><\/div><\/div><\/div><\/div>\n\n<\/div>\n\n\n\n<div class=\"wp-block-buzzeditor-list-item\"><h3 class=\"be-list-item-title\"><span style=\"color:;background-color:;border-color:\" class=\"be-list-item-number\">3<\/span> <span style=\"color:;background-color:;border-color:\" class=\"be-list-item-text\">Az egyik legfejlettebb emberi jogi t\u00f6rv\u00e9ny<\/span><\/h3>\n<a data-flickr-embed=\"true\" href=\"https:\/\/www.flickr.com\/photos\/bruitsilencieux\/30126896952\/in\/photolist-MUddRN-2m95YVX-2nwnaJ1-2mH8o63-2n38eRr-fnnLoZ-2n2UVdq-fFdC4C-5T2dYi-5bLCsG-pzs3gh-os6qKi-5bKRDV-orgjZV-5bTUpP-oLhT9r-2n2ujSh-furtEo-2n2ZvHN-fspwvj-eRmYMb-azvzJ4-cyztYq-cyzt6G-cyzsjo-cyzsWW-oKoyaW-aPRYy8-4fCBCX-4CqnAq-5v7HW3-5bTUqe-avdJi8-avgpMY-8gjnjG-cyzsbm-5bTUpT-8qsmBF-avgHsq-fct8T3-24EXTbL-avdJoM-8qwRGb-8qtLNc-8qtJAM-aLW1n8-5bZobZ-8qwTR1-5bKQXx-8qwS7u\" title=\"Iceland\"><img loading=\"lazy\" src=\"https:\/\/live.staticflickr.com\/7475\/30126896952_8531c216fb_c.jpg\" width=\"800\" height=\"533\" alt=\"Iceland\"><\/a><script async=\"\" src=\"\/\/embedr.flickr.com\/assets\/client-code.js\" charset=\"utf-8\"><\/script>\n\n\n\n<p>Az orsz\u00e1gban vannak a legfejlettebb t\u00f6rv\u00e9nyek a nemek k\u00f6z\u00f6tti egyenl\u0151s\u00e9gr\u0151l, a sz\u00f3l\u00e1sszabads\u00e1gr\u00f3l, a szexu\u00e1lis kisebbs\u00e9gek jogair\u00f3l \u00e9s a demokr\u00e1ci\u00e1r\u00f3l.&nbsp;\u00cdgy 1980-ban Izland lett p\u00e9ld\u00e1ul az els\u0151 olyan orsz\u00e1g Eur\u00f3p\u00e1ban, ahol n\u0151t v\u00e1lasztottak&nbsp;<a rel=\"noreferrer noopener\" href=\"https:\/\/en.wikipedia.org\/wiki\/Vigd%C3%ADs_Finnbogad%C3%B3ttir\" target=\"_blank\">eln\u00f6knek<\/a>, 2010-ben pedig a feminizmus t\u00e1mogat\u00e1sa v\u00e9gett az eg\u00e9sz orsz\u00e1gban&nbsp;<a rel=\"noreferrer noopener\" href=\"https:\/\/www.icelandreview.com\/news\/legislation-bans-stripping-iceland\/\" target=\"_blank\">betiltott\u00e1k<\/a>&nbsp;a sztript\u00edzklubokat.&nbsp;A vall\u00e1sszabads\u00e1got garant\u00e1l\u00f3 \u00e9s a b\u00e1rmilyen alapon t\u00f6rt\u00e9n\u0151 megk\u00fcl\u00f6nb\u00f6ztet\u00e9st szigor\u00faan tilt\u00f3 t\u00f6rv\u00e9nyek az emberi jogok ter\u00fclet\u00e9n Izlandot a vil\u00e1g egyik vezet\u0151 orsz\u00e1g\u00e1v\u00e1 tett\u00e9k.<\/p>\n<\/div>\n\n\n\n<div class=\"wp-block-buzzeditor-list-item\"><h3 class=\"be-list-item-title\"><span style=\"color:;background-color:;border-color:\" class=\"be-list-item-number\">4<\/span> <span style=\"color:;background-color:;border-color:\" class=\"be-list-item-text\">Ingyenes oktat\u00e1s<\/span><\/h3>\n<figure class=\"wp-block-image size-full\"><img loading=\"lazy\" width=\"728\" height=\"546\" src=\"https:\/\/liked.hu\/old\/wp-content\/uploads\/2022\/10\/Liked.hu-Izlandi-dolgok-018.webp\" alt=\"Liked.hu Izlandi dolgok 018\" class=\"wp-image-298600\"\/><figcaption><a rel=\"noreferrer noopener\" href=\"https:\/\/en.wikipedia.org\/wiki\/Education_in_Iceland#\/media\/File:Stofa_i_hradbraut.jpg\" target=\"_blank\">\u00a9&nbsp;&nbsp;<br>BiT \/ Wikip\u00e9dia<\/a><\/figcaption><\/figure>\n\n\n\n<p>Az orsz\u00e1gban az iskol\u00e1k \u00e9s f\u0151iskol\u00e1k ingyenesek, m\u00edg az egyetemi d\u00edjak nagyon alacsonyak, \u00edgy mindenki sz\u00e1m\u00e1ra el\u00e9rhet\u0151 a fels\u0151oktat\u00e1s.&nbsp;Egy\u00e9bk\u00e9nt Izlandon magasabb az&nbsp;<a rel=\"noreferrer noopener\" href=\"https:\/\/en.wikipedia.org\/wiki\/Education_in_Iceland\" target=\"_blank\">\u00edr\u00e1stud\u00f3k ar\u00e1nya<\/a>, mint b\u00e1rhol m\u00e1shol a vil\u00e1gon.<\/p>\n\n\n\n\n<div style=\"float:none;margin:0px 0 0px 0;text-align:center;\">\n<div class=\"mobileHideke8\"><div style=\"margin-top:25px;\"><div class=\"hirdeteshatter\"><div style=\"display: inline-block;width: 50%;min-width:340px;vertical-align: top;\"><div class=\"hirdetes\">HIRDET\u00c9S<\/div>\n<!-- Liked7Q1 -->\n<ins class=\"adsbygoogle\"\n     style=\"display:inline-block;width:336px;height:280px\"\n     data-ad-client=\"ca-pub-9424088931673893\"\n     data-ad-slot=\"3022062587\"><\/ins>\n<script async>\n     (adsbygoogle = window.adsbygoogle || []).push({});\n<\/script><\/div><div style=\"display: inline-block;width: 50%;min-width:340px;vertical-align: top;\"><div class=\"hirdetes\">HIRDET\u00c9S<\/div>\n<!-- Liked7Q2 -->\n<ins class=\"adsbygoogle\"\n     style=\"display:inline-block;width:336px;height:280px\"\n     data-ad-client=\"ca-pub-9424088931673893\"\n     data-ad-slot=\"3952000871\"><\/ins>\n<script async>\n     (adsbygoogle = window.adsbygoogle || []).push({});\n<\/script><\/div><\/div><\/div><\/div>\n<div style=\"display:flex;flex-direction:column;\"><div class=\"mobileShowka8\"><div style=\"padding-top:15px;margin-bottom:15px;min-height: 300px;\"><div class=\"hirdetes\">HIRDET\u00c9S<\/div>\n<!-- Liked7QMobil -->\n<ins class=\"adsbygoogle\"\n     style=\"display:inline-block;width:336px;height:280px\"\n     data-ad-client=\"ca-pub-9424088931673893\"\n     data-ad-slot=\"5073510857\"><\/ins>\n<script async>\n     (adsbygoogle = window.adsbygoogle || []).push({});\n<\/script><\/div><\/div><\/div><\/div>\n\n<\/div>\n\n\n\n<div class=\"wp-block-buzzeditor-list-item\"><h3 class=\"be-list-item-title\"><span style=\"color:;background-color:;border-color:\" class=\"be-list-item-number\">5<\/span> <span style=\"color:;background-color:;border-color:\" class=\"be-list-item-text\">Nincsenek mag\u00e1n eg\u00e9szs\u00e9g\u00fcgyi int\u00e9zm\u00e9nyek<\/span><\/h3>\n<figure class=\"wp-block-image size-full\"><img loading=\"lazy\" width=\"728\" height=\"489\" src=\"https:\/\/liked.hu\/old\/wp-content\/uploads\/2022\/10\/Liked.hu-Izlandi-dolgok-019.webp\" alt=\"Liked.hu Izlandi dolgok 019\" class=\"wp-image-298599\"\/><figcaption><a rel=\"noreferrer noopener\" href=\"https:\/\/en.wikipedia.org\/wiki\/Medicine#\/media\/File:Medical_students_learning_about_stitches_(2760577402).jpg\" target=\"_blank\">\u00a9&nbsp;&nbsp;<br>AlbertHerring \/ wikip\u00e9dia<\/a><\/figcaption><\/figure>\n\n\n\n<p>Az izlandi korm\u00e1ny nagyon nagy figyelmet ford\u00edt az eg\u00e9szs\u00e9g\u00fcgyi rendszer fejleszt\u00e9s\u00e9re.&nbsp;Izlandon a legmagasabb az \u00e9letsz\u00ednvonal.&nbsp;Ugyanakkor az \u00e1llami&nbsp;<a rel=\"noreferrer noopener\" href=\"https:\/\/en.wikipedia.org\/wiki\/Healthcare_in_Iceland\" target=\"_blank\">orvosl\u00e1s<\/a>&nbsp;teljes m\u00e9rt\u00e9kben k\u00e9pes kiszolg\u00e1lni a lakoss\u00e1got, ez\u00e9rt egyszer\u0171en nincs sz\u00fcks\u00e9g mag\u00e1n eg\u00e9szs\u00e9g\u00fcgyi int\u00e9zm\u00e9nyekre.<\/p>\n<\/div>\n\n\n\n<div class=\"wp-block-buzzeditor-list-item\"><h3 class=\"be-list-item-title\"><span style=\"color:;background-color:;border-color:\" class=\"be-list-item-number\">6<\/span> <span style=\"color:;background-color:;border-color:\" class=\"be-list-item-text\">D\u00edjmentes t\u00e1vf\u0171t\u00e9s<\/span><\/h3>\n<figure class=\"wp-block-image size-full\"><img loading=\"lazy\" width=\"728\" height=\"483\" src=\"https:\/\/liked.hu\/old\/wp-content\/uploads\/2022\/10\/Liked.hu-Izlandi-dolgok-020.webp\" alt=\"Liked.hu Izlandi dolgok 020\" class=\"wp-image-298598\"\/><figcaption><a rel=\"noreferrer noopener\" href=\"https:\/\/pixabay.com\/ru\/photos\/%D1%80%D0%B5%D0%B9%D0%BA%D1%8C%D1%8F%D0%B2%D0%B8%D0%BA-%D0%B8%D1%81%D0%BB%D0%B0%D0%BD%D0%B4%D0%B8%D1%8F-%D0%B3%D0%BE%D1%80%D0%BE%D0%B4-262737\/\" target=\"_blank\">\u00a9&nbsp;&nbsp;<br>pixabay<\/a><\/figcaption><\/figure>\n\n\n\n<p>Izlandon a h\u00e1zak 90%-\u00e1t geotermikus forr\u00e1sb\u00f3l sz\u00e1rmaz\u00f3 melegv\u00edzzel f\u0171tik. Geotermikus \u00e1llom\u00e1sok biztos\u00edtj\u00e1k az orsz\u00e1g teljes&nbsp;<a rel=\"noreferrer noopener\" href=\"https:\/\/en.wikipedia.org\/wiki\/Renewable_energy_in_Iceland#Hydropower\" target=\"_blank\">f\u0171t\u00e9si<\/a>&nbsp;lefedetts\u00e9g\u00e9t, ami\u00e9rt az \u00e1llampolg\u00e1roknak semmit sem kell fizetni\u00fck.<\/p>\n<\/div>\n\n\n\n<!--nextpage-->\n\n\n\n<div class=\"wp-block-buzzeditor-list-item\"><h3 class=\"be-list-item-title\"><span style=\"color:;background-color:;border-color:\" class=\"be-list-item-number\">7<\/span> <span style=\"color:;background-color:;border-color:\" class=\"be-list-item-text\">Izland minden polg\u00e1ra hozz\u00e1f\u00e9r a geneal\u00f3giai adatb\u00e1zishoz<\/span><\/h3>\n<a data-flickr-embed=\"true\" href=\"https:\/\/www.flickr.com\/photos\/tomz_iceland\/241397636\/\" title=\"Iceland-Denmark\"><img loading=\"lazy\" src=\"https:\/\/live.staticflickr.com\/90\/241397636_3fdbdc80f7_z.jpg\" width=\"640\" height=\"427\" alt=\"Iceland-Denmark\"><\/a><script async=\"\" src=\"\/\/embedr.flickr.com\/assets\/client-code.js\" charset=\"utf-8\"><\/script>\n\n\n\n<p>Az&nbsp;<a rel=\"noreferrer noopener\" href=\"https:\/\/www.islendingabok.is\/\" target=\"_blank\">\u00cdslendingab\u00f3k<\/a>&nbsp;weboldal egy olyan adatb\u00e1zis, amely a 18. sz\u00e1zad \u00f3ta az \u00f6sszes izlandi csal\u00e1dr\u00f3l tartalmaz inform\u00e1ci\u00f3kat.&nbsp;Ez az adatb\u00e1zis az\u00e9rt j\u00f6hetett l\u00e9tre, mivel az orsz\u00e1g lakoss\u00e1ga kicsi (valamivel t\u00f6bb mint 300 ezer f\u0151).&nbsp;Sok izlandi haszn\u00e1lja ezt az oldalt arra, hogy extra inform\u00e1ci\u00f3kat tudjon meg p\u00e9ld\u00e1ul az \u00fajdons\u00fclt p\u00e1rja csal\u00e1di h\u00e1tter\u00e9r\u0151l.<\/p>\n<\/div>\n\n\n\n<div class=\"wp-block-buzzeditor-list-item\"><h3 class=\"be-list-item-title\"><span style=\"color:;background-color:;border-color:\" class=\"be-list-item-number\">8<\/span> <span style=\"color:;background-color:;border-color:\" class=\"be-list-item-text\">A hadsereg hi\u00e1nya<\/span><\/h3>\n<a data-flickr-embed=\"true\" href=\"https:\/\/www.flickr.com\/photos\/islenska\/4289964965\/\" title=\"Police talking to a child\"><img loading=\"lazy\" src=\"https:\/\/live.staticflickr.com\/4059\/4289964965_14ea09da84_z.jpg\" width=\"640\" height=\"372\" alt=\"Police talking to a child\"><\/a><script async=\"\" src=\"\/\/embedr.flickr.com\/assets\/client-code.js\" charset=\"utf-8\"><\/script>\n\n\n\n<p>Amellett, hogy az orsz\u00e1g&nbsp;<a rel=\"noreferrer noopener\" href=\"https:\/\/en.wikipedia.org\/wiki\/Military_of_Iceland\" target=\"_blank\">nem rendelkezik \u00e1lland\u00f3 katonai er\u0151vel<\/a>, m\u00e9g a rend\u0151rs\u00e9gnek \u00e9s a parti \u0151rs\u00e9gnek sincsenek fegyverei.&nbsp;A b\u0171n\u00f6z\u00e9s gyakorlatilag nulla, \u00edgy nem adnak feleslegesen fegyvereket az embereknek.&nbsp;Ha valamelyik \u00e1llampolg\u00e1r katonai szolg\u00e1latot k\u00edv\u00e1n teljes\u00edteni, akkor az az orsz\u00e1gok k\u00f6z\u00f6tti meg\u00e1llapod\u00e1s \u00e9rtelm\u00e9ben a norv\u00e9g hadsereghez tud csatlakozni.<\/p>\n\n\n\n\n<div style=\"float:none;margin:0px 0 0px 0;text-align:center;\">\n<div class=\"mobileHideke8\"><div class=\"hirdeteshatter\"><div style=\"display: inline-block;width: 50%;min-width:340px;vertical-align: top;\"><div class=\"hirdetes\">HIRDET\u00c9S<\/div>\n<!-- LikedQ81 -->\n<ins class=\"adsbygoogle\"\n     style=\"display:inline-block;width:336px;height:280px\"\n     data-ad-client=\"ca-pub-9424088931673893\"\n     data-ad-slot=\"2436840276\"><\/ins>\n<script async>\n     (adsbygoogle = window.adsbygoogle || []).push({});\n<\/script><\/div><div style=\"display: inline-block;width: 50%;min-width:340px;vertical-align: top;\"><div class=\"hirdetes\">HIRDET\u00c9S<\/div>\n<!-- LikedQ82 -->\n<ins class=\"adsbygoogle\"\n     style=\"display:inline-block;width:336px;height:280px\"\n     data-ad-client=\"ca-pub-9424088931673893\"\n     data-ad-slot=\"3558350253\"><\/ins>\n<script async>\n     (adsbygoogle = window.adsbygoogle || []).push({});\n<\/script><\/div><\/div><\/div>\n<div style=\"display:flex;flex-direction:column;\"><div class=\"mobileShowka8 nyolc\"><div style=\"padding-top:15px;padding-bottom:5px;min-height: 300px;\"><div class=\"hirdetes\">HIRDET\u00c9S<\/div>\n<!-- LikedQ8M -->\n<ins class=\"adsbygoogle\"\n     style=\"display:inline-block;width:336px;height:280px\"\n     data-ad-client=\"ca-pub-9424088931673893\"\n     data-ad-slot=\"4679860235\"><\/ins>\n<script async>\n     (adsbygoogle = window.adsbygoogle || []).push({});\n<\/script><\/div><\/div><\/div><\/div>\n\n<\/div>\n\n\n\n<div class=\"wp-block-buzzeditor-list-item\"><h3 class=\"be-list-item-title\"><span style=\"color:;background-color:;border-color:\" class=\"be-list-item-number\">9<\/span> <span style=\"color:;background-color:;border-color:\" class=\"be-list-item-text\">Itt szinte senki nem doh\u00e1nyzik \u00e9s nem iszik alkoholt<\/span><\/h3>\n<a data-flickr-embed=\"true\" href=\"https:\/\/www.flickr.com\/photos\/roboppy\/3489596997\/\" title=\"right on, drunk penguin men!\"><img loading=\"lazy\" src=\"https:\/\/live.staticflickr.com\/3548\/3489596997_0a9a39a9ee_z.jpg\" width=\"640\" height=\"427\" alt=\"right on, drunk penguin men!\"><\/a><script async=\"\" src=\"\/\/embedr.flickr.com\/assets\/client-code.js\" charset=\"utf-8\"><\/script>\n\n\n\n<p>Izlandon a tud\u00f3sok kider\u00edtett\u00e9k, mely biok\u00e9miai folyamatok felel\u0151sek a f\u00fcgg\u0151s\u00e9g\u00e9rt. \u00c1tfog\u00f3 \u00e9s reprezent\u00e1lt kutat\u00e1saiknak k\u00f6sz\u00f6nhet\u0151en&nbsp;az orsz\u00e1gban 3-5%-ra&nbsp;<a rel=\"noreferrer noopener\" href=\"https:\/\/www.bbc.com\/news\/av\/stories-41973296\/how-one-country-persuaded-teens-to-give-up-drink-and-drugs\" target=\"_blank\">cs\u00f6kkent a doh\u00e1nyosok \u00e9s az alkoholfogyaszt\u00f3k sz\u00e1ma.&nbsp;<\/a>Az alkoholban \u00e9s a cigarett\u00e1ban tal\u00e1lhat\u00f3 k\u00fcl\u00f6nf\u00e9le anyagok biok\u00e9miai folyamatokat id\u00e9znek el\u0151 az agyban, melyekt\u0151l a szervezet egy id\u0151 ut\u00e1n f\u00fcgg\u0151v\u00e9 v\u00e1lik.&nbsp;A tud\u00f3sok \u00e9pp ez\u00e9rt olyan alternat\u00edv tev\u00e9kenys\u00e9geket kerestek, melyek term\u00e9szetes m\u00f3don stimul\u00e1lj\u00e1k ugyanezeket a folyamatokat az agyban.&nbsp;Ilyen p\u00e9ld\u00e1ul a t\u00e1nc, a zene, a rajz vagy a sport.<\/p>\n<\/div>\n\n\n\n<div class=\"wp-block-buzzeditor-list-item\"><h3 class=\"be-list-item-title\"><span style=\"color:;background-color:;border-color:\" class=\"be-list-item-number\">10<\/span> <span style=\"color:;background-color:;border-color:\" class=\"be-list-item-text\">Izlandon hisznek a trollokban \u00e9s a man\u00f3kban.<\/span><\/h3>\n<figure class=\"wp-block-image size-full\"><img loading=\"lazy\" width=\"728\" height=\"683\" src=\"https:\/\/liked.hu\/old\/wp-content\/uploads\/2022\/10\/Liked.hu-Izlandi-dolgok-021.webp\" alt=\"Liked.hu Izlandi dolgok 021\" class=\"wp-image-298597\"\/><figcaption><a rel=\"noreferrer noopener\" href=\"https:\/\/en.wikipedia.org\/wiki\/Troll#\/media\/File:John_Bauer_1915.jpg\" target=\"_blank\">\u00a9&nbsp;&nbsp;<br>John Bauer \/ wikip\u00e9dia<\/a><\/figcaption><\/figure>\n\n\n\n<p>A helyi&nbsp;<a rel=\"noreferrer noopener\" href=\"https:\/\/www.theatlantic.com\/international\/archive\/2013\/10\/why-so-many-icelanders-still-believe-in-invisible-elves\/280783\/\" target=\"_blank\">n\u00e9phit<\/a>&nbsp;szerint a trollok kerek alak\u00fa szikl\u00e1kban \u00e9lnek.&nbsp;Ha egy izlandi ilyen k\u00f6vet l\u00e1t \u00fatk\u00f6zben, akkor semmi esetre sem fogja meg\u00e9rinteni, hanem ink\u00e1bb messzir\u0151l elker\u00fcli, hogy ne zavarja benne \u00e9l\u0151 troll.&nbsp;\u00c9s ha a &#8222;troll h\u00e1z\u00e1t&#8221; p\u00e9ld\u00e1ul egy \u00e9p\u00edtkez\u00e9s miatt m\u00e9gis m\u00e1s helyre kell k\u00f6lt\u00f6ztetni, akkor h\u00edvnak egy speci\u00e1lis szem\u00e9lyt, aki szellemi s\u00edkon arra k\u00e9ri a trollt, hogy t\u00e1vozzon.&nbsp;A szakemberek m\u00e9g az \u00faj aut\u00f3p\u00e1ly\u00e1k l\u00e9tes\u00edt\u00e9sekor is rendszeresen konzult\u00e1lnak a folkl\u00f3rszak\u00e9rt\u0151kkel, hogy v\u00e9letlen\u00fcl se bolygass\u00e1k fel a trollok \u00e9l\u0151helyeit.<\/p>\n\n\n\n\n<div style=\"float:none;margin:0px 0 0px 0;text-align:center;\">\n<div class=\"mobileHideke5\"><div style=\"margin-top:25px;\"><div class=\"hirdeteshatter\"><div style=\"display: inline-block;width: 50%;min-width:305px;vertical-align: top;\"><div class=\"hirdetes\">HIRDET\u00c9S<\/div>\n<!-- LikedQ51 -->\n<ins class=\"adsbygoogle\"\n     style=\"display:inline-block;width:300px;height:250px\"\n     data-ad-client=\"ca-pub-9424088931673893\"\n     data-ad-slot=\"8284063326\"><\/ins>\n<script async>\n     (adsbygoogle = window.adsbygoogle || []).push({});\n<\/script><\/div><div style=\"display: inline-block;width: 50%;min-width:305px;vertical-align: top;\"><div class=\"hirdetes\">HIRDET\u00c9S<\/div>\n<!-- LikedQ52 -->\n<ins class=\"adsbygoogle\"\n     style=\"display:inline-block;width:300px;height:250px\"\n     data-ad-client=\"ca-pub-9424088931673893\"\n     data-ad-slot=\"2840164950\"><\/ins>\n<script async>\n     (adsbygoogle = window.adsbygoogle || []).push({});\n<\/script><\/div><\/div><\/div><\/div>\n<div style=\"display:flex;flex-direction:column;\"><div class=\"mobileShowka5\"><div style=\"padding-top:10px;padding-bottom:10px;min-height: 300px;\"><div class=\"hirdetes\">HIRDET\u00c9S<\/div>\n<!-- LikedQ5M -->\n<ins class=\"adsbygoogle\"\n     style=\"display:inline-block;width:300px;height:250px\"\n     data-ad-client=\"ca-pub-9424088931673893\"\n     data-ad-slot=\"9022429928\"><\/ins>\n<script async>\n     (adsbygoogle = window.adsbygoogle || []).push({});\n<\/script><\/div><\/div><\/div><\/div>\n\n<\/div>\n\n\n\n<div class=\"wp-block-buzzeditor-list-item\"><h3 class=\"be-list-item-title\"><span style=\"color:;background-color:;border-color:\" class=\"be-list-item-number\">11<\/span> <span style=\"color:;background-color:;border-color:\" class=\"be-list-item-text\">Reykjav\u00edk polg\u00e1rmestere stand-up komikus, punk rockzen\u00e9sz \u00e9s taxisof\u0151r volt<\/span><\/h3>\n<figure class=\"wp-block-image size-full\"><img loading=\"lazy\" width=\"728\" height=\"485\" src=\"https:\/\/liked.hu\/old\/wp-content\/uploads\/2022\/10\/Liked.hu-Izlandi-dolgok-022.webp\" alt=\"Liked.hu Izlandi dolgok 022\" class=\"wp-image-298596\"\/><figcaption><a rel=\"noreferrer noopener\" href=\"https:\/\/commons.wikimedia.org\/wiki\/Category:J%C3%B3n_Gnarr#\/media\/File:I%27m_proud_to_be_me_(6028447695).jpg\" target=\"_blank\">\u00a9&nbsp;&nbsp;<br>Helgi Halld\u00f3rsson \/ commons.wikimedia<\/a><\/figcaption><\/figure>\n\n\n\n<p>Miel\u0151tt polg\u00e1rmesterr\u00e9 v\u00e1lasztott\u00e1k,&nbsp;<a rel=\"noreferrer noopener\" href=\"https:\/\/en.wikipedia.org\/wiki\/J%C3%B3n_Gnarr\" target=\"_blank\">Jon Gnarr<\/a>&nbsp;egy punkzenekarban j\u00e1tszott, dolgozott taxisof\u0151rk\u00e9nt, \u00e1pol\u00f3n\u0151k\u00e9nt egy pszichi\u00e1triai int\u00e9zm\u00e9nyben, munk\u00e1sk\u00e9nt a sv\u00e9dorsz\u00e1gi Volvo gy\u00e1r\u00e1ban, valamint stand-up komikus is volt.&nbsp;P\u00e1rtja korm\u00e1nyz\u00e1s\u00e1nak k\u00f6sz\u00f6nhet\u0151en a p\u00e9nz\u00fcgyeket teljesen \u00e1trendezt\u00e9k, valamint t\u00f6bb t\u00edz kilom\u00e9ter \u00faj ker\u00e9kp\u00e1rutat \u00e9p\u00edtettek Reykjav\u00edkban. Egy\u00fattal az iskol\u00e1kat is \u00e1tszervezt\u00e9k \u00e9s a turizmust is fellend\u00edtett\u00e9k.<\/p>\n<\/div>\n\n\n\n<div class=\"wp-block-buzzeditor-list-item\"><h3 class=\"be-list-item-title\"><span style=\"color:;background-color:;border-color:\" class=\"be-list-item-number\">12<\/span> <span style=\"color:;background-color:;border-color:\" class=\"be-list-item-text\">Sz\u00e1mos h\u00edres film \u00e9s sorozat forgat\u00e1si helysz\u00edne ez az orsz\u00e1g<\/span><\/h3>\n<figure class=\"wp-block-image size-full\"><img loading=\"lazy\" width=\"728\" height=\"479\" src=\"https:\/\/liked.hu\/old\/wp-content\/uploads\/2022\/10\/Liked.hu-Izlandi-dolgok-023.webp\" alt=\"Liked.hu Izlandi dolgok 023\" class=\"wp-image-298595\"\/><figcaption><a rel=\"noreferrer noopener\" href=\"https:\/\/www.hbo.com\/\" target=\"_blank\">\u00a9&nbsp;&nbsp;<br>Game of Trones \/ HBO<\/a><\/figcaption><\/figure>\n\n\n\n<p>Izland k\u00fcl\u00f6nleges t\u00e1ja nemcsak az utaz\u00f3kat vonzza, hanem a filmeseket is.&nbsp;Az orsz\u00e1gban van egy speci\u00e1lis c\u00e9g, amely Izlandon szervez a&nbsp;<a rel=\"noreferrer noopener\" href=\"https:\/\/www.filminiceland.com\/made-in-iceland\/\" target=\"_blank\">forgat\u00e1sokat<\/a>. Az itt forgatott filmek \u00e9s sorozatok k\u00f6z\u00f6tt olyan nagy nevek is vannak, minz a Tr\u00f3nok harca, a Star Wars, a Thor, a Csillagok k\u00f6z\u00f6tt, \u00e9s m\u00e9g sok m\u00e1s.<\/p>\n<\/div>\n\n\n\n<div class=\"wp-block-buzzeditor-list-item\"><h3 class=\"be-list-item-title\"><span style=\"color:;background-color:;border-color:\" class=\"be-list-item-number\">13<\/span> <span style=\"color:;background-color:;border-color:\" class=\"be-list-item-text\">A gyermekek elnevez\u00e9s\u00e9r\u0151l egy bizotts\u00e1g d\u00f6nt<\/span><\/h3>\n<figure class=\"wp-block-image size-full\"><img loading=\"lazy\" width=\"728\" height=\"666\" src=\"https:\/\/liked.hu\/old\/wp-content\/uploads\/2022\/10\/Liked.hu-Izlandi-dolgok-024.webp\" alt=\"Liked.hu Izlandi dolgok 024\" class=\"wp-image-298594\"\/><\/figure>\n\n\n\n<p><a rel=\"noreferrer noopener\" href=\"https:\/\/en.wikipedia.org\/wiki\/Icelandic_Naming_Committee\" target=\"_blank\">Ez<\/a>&nbsp;az izlandi bizotts\u00e1g 6 f\u0151b\u0151l \u00e1ll: 3 f\u0151t az igazs\u00e1g\u00fcgyi miniszter, a m\u00e1sik 3 f\u0151t pedig az orsz\u00e1g fels\u0151oktat\u00e1si int\u00e9zm\u00e9nyei nevezik ki.&nbsp;Ezt az\u00e9rt hozt\u00e1k l\u00e9tre, hogy Izland \u00edgy v\u00e9dekezzen a k\u00fclf\u00f6ldr\u0151l besziv\u00e1rg\u00f3 idegen nevek ellen, melyek k\u00f6nnyed\u00e9n t\u00f6nkretehetn\u00e9k a csod\u00e1latos anyanyelv\u00fcket.<\/p>\n\n\n\n<p>Persze folyamatosan b\u0151v\u00edtik a v\u00e1laszthat\u00f3 nevek list\u00e1j\u00e1t, \u00edgy p\u00e9ld\u00e1ul a fi\u00fakn\u00e1l m\u00e1r a Geimar \u00e9s a Brimtour, a l\u00e1nyokn\u00e1l pedig a Gudna, az Iselin \u00e9s a Loney n\u00e9v is v\u00e1laszthat\u00f3.&nbsp;A sok m\u00e1s orsz\u00e1gban n\u00e9pszer\u0171 Andrei nevet azonban p\u00e9ld\u00e1ul elutas\u00edtott\u00e1k, mivel annak helyes\u00edr\u00e1sa nem felel meg az izlandi nyelv szab\u00e1lyainak.<\/p>\n\n\n\n<p class=\"has-text-align-center\"><strong>J\u00e1rt\u00e1l m\u00e1r valaha Izlandon? Mi tetszik benne legink\u00e1bb?<\/strong><\/p>\n<\/div>\n<\/div>\n","protected":false},"excerpt":{"rendered":"Izland egy kis orsz\u00e1g, melynek lakoss\u00e1ga a f\u00e9lmilli\u00f3 f\u0151t sem \u00e9ri el. Itt az emberek t\u00f6bbs\u00e9ge ismeri egym\u00e1st, \u00edgy nem szokt\u00e1k p\u00e9ld\u00e1ul bez\u00e1rni a h\u00e1z ajtaj\u00e1t, amikor elmennek otthonr\u00f3l, \u00e9s a gyerekeket is otthagyj\u00e1k b\u00e1rhol fel\u00fcgyelet n\u00e9lk\u00fcl, nem f\u00e9lnek att\u00f3l, hogy elrabolj\u00e1k \u0151ket vagy ilyesmi. \u00c9rthet\u0151 m\u00f3don term\u00e9szetesen Izland a vil\u00e1g egyik legboldogabb orsz\u00e1ga. HIRDET\u00c9S [...]","protected":false},"author":7,"featured_media":298591,"comment_status":"open","ping_status":"closed","sticky":false,"template":"","format":"standard","meta":{"buzzeditor_post_format":"list"},"categories":[23],"tags":[1226,1971],"yoast_head":"<!-- This site is optimized with the Yoast SEO plugin v19.6.1 - https:\/\/yoast.com\/wordpress\/plugins\/seo\/ -->\n<title>13 t\u00e9ny az egyik legboldogabb orsz\u00e1gr\u00f3l, aminek soha sem volt hadserege<\/title>\n<meta name=\"description\" content=\"Izland egy kis orsz\u00e1g, melynek lakoss\u00e1ga a f\u00e9lmilli\u00f3 f\u0151t sem \u00e9ri el. Itt az emberek t\u00f6bbs\u00e9ge ismeri egym\u00e1st, \u00edgy nem szokt\u00e1k p\u00e9ld\u00e1ul bez\u00e1rni a h\u00e1z\" \/>\n<meta name=\"robots\" content=\"index, follow, max-snippet:-1, max-image-preview:large, max-video-preview:-1\" \/>\n<link rel=\"canonical\" href=\"https:\/\/liked.hu\/old\/erdekes\/13-teny-az-egyik-legboldogabb-orszagrol-aminek-soha-sem-volt-hadserege\/\" \/>\n<link rel=\"next\" href=\"https:\/\/liked.hu\/old\/erdekes\/13-teny-az-egyik-legboldogabb-orszagrol-aminek-soha-sem-volt-hadserege\/2\/\" \/>\n<meta property=\"og:locale\" content=\"hu_HU\" \/>\n<meta property=\"og:type\" content=\"article\" \/>\n<meta property=\"og:title\" content=\"13 t\u00e9ny az egyik legboldogabb orsz\u00e1gr\u00f3l, aminek soha sem volt hadserege\" \/>\n<meta property=\"og:description\" content=\"Izland egy kis orsz\u00e1g, melynek lakoss\u00e1ga a f\u00e9lmilli\u00f3 f\u0151t sem \u00e9ri el. Itt az emberek t\u00f6bbs\u00e9ge ismeri egym\u00e1st, \u00edgy nem szokt\u00e1k p\u00e9ld\u00e1ul bez\u00e1rni a h\u00e1z\" \/>\n<meta property=\"og:url\" content=\"https:\/\/liked.hu\/old\/erdekes\/13-teny-az-egyik-legboldogabb-orszagrol-aminek-soha-sem-volt-hadserege\/\" \/>\n<meta property=\"og:site_name\" content=\"Liked.hu\" \/>\n<meta property=\"article:publisher\" content=\"https:\/\/www.facebook.com\/liked.hu\" \/>\n<meta property=\"article:published_time\" content=\"2022-10-25T13:17:59+00:00\" \/>\n<meta property=\"article:modified_time\" content=\"2022-10-25T13:18:02+00:00\" \/>\n<meta property=\"og:image\" content=\"https:\/\/liked.hu\/old\/wp-content\/uploads\/2022\/10\/Izlandi-dolgok-Mernok.jpg\" \/>\n\t<meta property=\"og:image:width\" content=\"1200\" \/>\n\t<meta property=\"og:image:height\" content=\"630\" \/>\n\t<meta property=\"og:image:type\" content=\"image\/jpeg\" \/>\n<meta name=\"author\" content=\"Tiborc\" \/>\n<meta name=\"twitter:card\" content=\"summary\" \/>\n<meta name=\"twitter:creator\" content=\"@LikedHu\" \/>\n<meta name=\"twitter:site\" content=\"@LikedHu\" \/>\n<meta name=\"twitter:label1\" content=\"Szerz\u0151:\" \/>\n\t<meta name=\"twitter:data1\" content=\"Tiborc\" \/>\n\t<meta name=\"twitter:label2\" content=\"Becs\u00fclt olvas\u00e1si id\u0151\" \/>\n\t<meta name=\"twitter:data2\" content=\"7 perc\" \/>\n<script type=\"application\/ld+json\" class=\"yoast-schema-graph\">{\"@context\":\"https:\/\/schema.org\",\"@graph\":[{\"@type\":\"Article\",\"@id\":\"https:\/\/liked.hu\/old\/erdekes\/13-teny-az-egyik-legboldogabb-orszagrol-aminek-soha-sem-volt-hadserege\/#article\",\"isPartOf\":{\"@id\":\"https:\/\/liked.hu\/old\/erdekes\/13-teny-az-egyik-legboldogabb-orszagrol-aminek-soha-sem-volt-hadserege\/\"},\"author\":{\"name\":\"Tiborc\",\"@id\":\"https:\/\/liked.hu\/old\/#\/schema\/person\/8b92210be73c8af1a8255bd30ebe772b\"},\"headline\":\"13 t\u00e9ny az egyik legboldogabb orsz\u00e1gr\u00f3l, aminek soha sem volt hadserege\",\"datePublished\":\"2022-10-25T13:17:59+00:00\",\"dateModified\":\"2022-10-25T13:18:02+00:00\",\"mainEntityOfPage\":{\"@id\":\"https:\/\/liked.hu\/old\/erdekes\/13-teny-az-egyik-legboldogabb-orszagrol-aminek-soha-sem-volt-hadserege\/\"},\"wordCount\":1496,\"commentCount\":0,\"publisher\":{\"@id\":\"https:\/\/liked.hu\/old\/#organization\"},\"keywords\":[\"izland\",\"orsz\u00e1g\"],\"articleSection\":[\"\u00c9rdekess\u00e9gek\"],\"inLanguage\":\"hu\",\"potentialAction\":[{\"@type\":\"CommentAction\",\"name\":\"Comment\",\"target\":[\"https:\/\/liked.hu\/old\/erdekes\/13-teny-az-egyik-legboldogabb-orszagrol-aminek-soha-sem-volt-hadserege\/#respond\"]}]},{\"@type\":\"WebPage\",\"@id\":\"https:\/\/liked.hu\/old\/erdekes\/13-teny-az-egyik-legboldogabb-orszagrol-aminek-soha-sem-volt-hadserege\/\",\"url\":\"https:\/\/liked.hu\/old\/erdekes\/13-teny-az-egyik-legboldogabb-orszagrol-aminek-soha-sem-volt-hadserege\/\",\"name\":\"13 t\u00e9ny az egyik legboldogabb orsz\u00e1gr\u00f3l, aminek soha sem volt hadserege\",\"isPartOf\":{\"@id\":\"https:\/\/liked.hu\/old\/#website\"},\"datePublished\":\"2022-10-25T13:17:59+00:00\",\"dateModified\":\"2022-10-25T13:18:02+00:00\",\"description\":\"Izland egy kis orsz\u00e1g, melynek lakoss\u00e1ga a f\u00e9lmilli\u00f3 f\u0151t sem \u00e9ri el. Itt az emberek t\u00f6bbs\u00e9ge ismeri egym\u00e1st, \u00edgy nem szokt\u00e1k p\u00e9ld\u00e1ul bez\u00e1rni a h\u00e1z\",\"breadcrumb\":{\"@id\":\"https:\/\/liked.hu\/old\/erdekes\/13-teny-az-egyik-legboldogabb-orszagrol-aminek-soha-sem-volt-hadserege\/#breadcrumb\"},\"inLanguage\":\"hu\",\"potentialAction\":[{\"@type\":\"ReadAction\",\"target\":[\"https:\/\/liked.hu\/old\/erdekes\/13-teny-az-egyik-legboldogabb-orszagrol-aminek-soha-sem-volt-hadserege\/\"]}]},{\"@type\":\"BreadcrumbList\",\"@id\":\"https:\/\/liked.hu\/old\/erdekes\/13-teny-az-egyik-legboldogabb-orszagrol-aminek-soha-sem-volt-hadserege\/#breadcrumb\",\"itemListElement\":[{\"@type\":\"ListItem\",\"position\":1,\"name\":\"Kezd\u0151lap\"}]},{\"@type\":\"WebSite\",\"@id\":\"https:\/\/liked.hu\/old\/#website\",\"url\":\"https:\/\/liked.hu\/old\/\",\"name\":\"Liked.hu\",\"description\":\"\",\"publisher\":{\"@id\":\"https:\/\/liked.hu\/old\/#organization\"},\"potentialAction\":[{\"@type\":\"SearchAction\",\"target\":{\"@type\":\"EntryPoint\",\"urlTemplate\":\"https:\/\/liked.hu\/old\/?s={search_term_string}\"},\"query-input\":\"required name=search_term_string\"}],\"inLanguage\":\"hu\"},{\"@type\":\"Organization\",\"@id\":\"https:\/\/liked.hu\/old\/#organization\",\"name\":\"Liked.hu\",\"url\":\"https:\/\/liked.hu\/old\/\",\"sameAs\":[\"https:\/\/hu.pinterest.com\/likedhungary\/\",\"https:\/\/www.youtube.com\/channel\/UCPv91dbMoIukYcM9b9nHN6Q\",\"https:\/\/www.facebook.com\/liked.hu\",\"https:\/\/twitter.com\/LikedHu\"],\"logo\":{\"@type\":\"ImageObject\",\"inLanguage\":\"hu\",\"@id\":\"https:\/\/liked.hu\/old\/#\/schema\/logo\/image\/\",\"url\":\"https:\/\/liked.hu\/wp-content\/uploads\/2018\/08\/Liked-icon.png\",\"contentUrl\":\"https:\/\/liked.hu\/wp-content\/uploads\/2018\/08\/Liked-icon.png\",\"width\":512,\"height\":512,\"caption\":\"Liked.hu\"},\"image\":{\"@id\":\"https:\/\/liked.hu\/old\/#\/schema\/logo\/image\/\"}},{\"@type\":\"Person\",\"@id\":\"https:\/\/liked.hu\/old\/#\/schema\/person\/8b92210be73c8af1a8255bd30ebe772b\",\"name\":\"Tiborc\",\"image\":{\"@type\":\"ImageObject\",\"inLanguage\":\"hu\",\"@id\":\"https:\/\/liked.hu\/old\/#\/schema\/person\/image\/\",\"url\":\"https:\/\/liked.hu\/old\/wp-content\/uploads\/avatars\/7\/604de8ed2ffd6-bpfull.jpg\",\"contentUrl\":\"https:\/\/liked.hu\/old\/wp-content\/uploads\/avatars\/7\/604de8ed2ffd6-bpfull.jpg\",\"caption\":\"Tiborc\"},\"url\":\"https:\/\/liked.hu\/old\/u\/tiborc\/\"}]}<\/script>\n<!-- \/ Yoast SEO plugin. -->","yoast_head_json":{"title":"13 t\u00e9ny az egyik legboldogabb orsz\u00e1gr\u00f3l, aminek soha sem volt hadserege","description":"Izland egy kis orsz\u00e1g, melynek lakoss\u00e1ga a f\u00e9lmilli\u00f3 f\u0151t sem \u00e9ri el. Itt az emberek t\u00f6bbs\u00e9ge ismeri egym\u00e1st, \u00edgy nem szokt\u00e1k p\u00e9ld\u00e1ul bez\u00e1rni a h\u00e1z","robots":{"index":"index","follow":"follow","max-snippet":"max-snippet:-1","max-image-preview":"max-image-preview:large","max-video-preview":"max-video-preview:-1"},"canonical":"https:\/\/liked.hu\/old\/erdekes\/13-teny-az-egyik-legboldogabb-orszagrol-aminek-soha-sem-volt-hadserege\/","next":"https:\/\/liked.hu\/old\/erdekes\/13-teny-az-egyik-legboldogabb-orszagrol-aminek-soha-sem-volt-hadserege\/2\/","og_locale":"hu_HU","og_type":"article","og_title":"13 t\u00e9ny az egyik legboldogabb orsz\u00e1gr\u00f3l, aminek soha sem volt hadserege","og_description":"Izland egy kis orsz\u00e1g, melynek lakoss\u00e1ga a f\u00e9lmilli\u00f3 f\u0151t sem \u00e9ri el. Itt az emberek t\u00f6bbs\u00e9ge ismeri egym\u00e1st, \u00edgy nem szokt\u00e1k p\u00e9ld\u00e1ul bez\u00e1rni a h\u00e1z","og_url":"https:\/\/liked.hu\/old\/erdekes\/13-teny-az-egyik-legboldogabb-orszagrol-aminek-soha-sem-volt-hadserege\/","og_site_name":"Liked.hu","article_publisher":"https:\/\/www.facebook.com\/liked.hu","article_published_time":"2022-10-25T13:17:59+00:00","article_modified_time":"2022-10-25T13:18:02+00:00","og_image":[{"width":1200,"height":630,"url":"https:\/\/liked.hu\/old\/wp-content\/uploads\/2022\/10\/Izlandi-dolgok-Mernok.jpg","type":"image\/jpeg"}],"author":"Tiborc","twitter_card":"summary","twitter_creator":"@LikedHu","twitter_site":"@LikedHu","twitter_misc":{"Szerz\u0151:":"Tiborc","Becs\u00fclt olvas\u00e1si id\u0151":"7 perc"},"schema":{"@context":"https:\/\/schema.org","@graph":[{"@type":"Article","@id":"https:\/\/liked.hu\/old\/erdekes\/13-teny-az-egyik-legboldogabb-orszagrol-aminek-soha-sem-volt-hadserege\/#article","isPartOf":{"@id":"https:\/\/liked.hu\/old\/erdekes\/13-teny-az-egyik-legboldogabb-orszagrol-aminek-soha-sem-volt-hadserege\/"},"author":{"name":"Tiborc","@id":"https:\/\/liked.hu\/old\/#\/schema\/person\/8b92210be73c8af1a8255bd30ebe772b"},"headline":"13 t\u00e9ny az egyik legboldogabb orsz\u00e1gr\u00f3l, aminek soha sem volt hadserege","datePublished":"2022-10-25T13:17:59+00:00","dateModified":"2022-10-25T13:18:02+00:00","mainEntityOfPage":{"@id":"https:\/\/liked.hu\/old\/erdekes\/13-teny-az-egyik-legboldogabb-orszagrol-aminek-soha-sem-volt-hadserege\/"},"wordCount":1496,"commentCount":0,"publisher":{"@id":"https:\/\/liked.hu\/old\/#organization"},"keywords":["izland","orsz\u00e1g"],"articleSection":["\u00c9rdekess\u00e9gek"],"inLanguage":"hu","potentialAction":[{"@type":"CommentAction","name":"Comment","target":["https:\/\/liked.hu\/old\/erdekes\/13-teny-az-egyik-legboldogabb-orszagrol-aminek-soha-sem-volt-hadserege\/#respond"]}]},{"@type":"WebPage","@id":"https:\/\/liked.hu\/old\/erdekes\/13-teny-az-egyik-legboldogabb-orszagrol-aminek-soha-sem-volt-hadserege\/","url":"https:\/\/liked.hu\/old\/erdekes\/13-teny-az-egyik-legboldogabb-orszagrol-aminek-soha-sem-volt-hadserege\/","name":"13 t\u00e9ny az egyik legboldogabb orsz\u00e1gr\u00f3l, aminek soha sem volt hadserege","isPartOf":{"@id":"https:\/\/liked.hu\/old\/#website"},"datePublished":"2022-10-25T13:17:59+00:00","dateModified":"2022-10-25T13:18:02+00:00","description":"Izland egy kis orsz\u00e1g, melynek lakoss\u00e1ga a f\u00e9lmilli\u00f3 f\u0151t sem \u00e9ri el. Itt az emberek t\u00f6bbs\u00e9ge ismeri egym\u00e1st, \u00edgy nem szokt\u00e1k p\u00e9ld\u00e1ul bez\u00e1rni a h\u00e1z","breadcrumb":{"@id":"https:\/\/liked.hu\/old\/erdekes\/13-teny-az-egyik-legboldogabb-orszagrol-aminek-soha-sem-volt-hadserege\/#breadcrumb"},"inLanguage":"hu","potentialAction":[{"@type":"ReadAction","target":["https:\/\/liked.hu\/old\/erdekes\/13-teny-az-egyik-legboldogabb-orszagrol-aminek-soha-sem-volt-hadserege\/"]}]},{"@type":"BreadcrumbList","@id":"https:\/\/liked.hu\/old\/erdekes\/13-teny-az-egyik-legboldogabb-orszagrol-aminek-soha-sem-volt-hadserege\/#breadcrumb","itemListElement":[{"@type":"ListItem","position":1,"name":"Kezd\u0151lap"}]},{"@type":"WebSite","@id":"https:\/\/liked.hu\/old\/#website","url":"https:\/\/liked.hu\/old\/","name":"Liked.hu","description":"","publisher":{"@id":"https:\/\/liked.hu\/old\/#organization"},"potentialAction":[{"@type":"SearchAction","target":{"@type":"EntryPoint","urlTemplate":"https:\/\/liked.hu\/old\/?s={search_term_string}"},"query-input":"required name=search_term_string"}],"inLanguage":"hu"},{"@type":"Organization","@id":"https:\/\/liked.hu\/old\/#organization","name":"Liked.hu","url":"https:\/\/liked.hu\/old\/","sameAs":["https:\/\/hu.pinterest.com\/likedhungary\/","https:\/\/www.youtube.com\/channel\/UCPv91dbMoIukYcM9b9nHN6Q","https:\/\/www.facebook.com\/liked.hu","https:\/\/twitter.com\/LikedHu"],"logo":{"@type":"ImageObject","inLanguage":"hu","@id":"https:\/\/liked.hu\/old\/#\/schema\/logo\/image\/","url":"https:\/\/liked.hu\/wp-content\/uploads\/2018\/08\/Liked-icon.png","contentUrl":"https:\/\/liked.hu\/wp-content\/uploads\/2018\/08\/Liked-icon.png","width":512,"height":512,"caption":"Liked.hu"},"image":{"@id":"https:\/\/liked.hu\/old\/#\/schema\/logo\/image\/"}},{"@type":"Person","@id":"https:\/\/liked.hu\/old\/#\/schema\/person\/8b92210be73c8af1a8255bd30ebe772b","name":"Tiborc","image":{"@type":"ImageObject","inLanguage":"hu","@id":"https:\/\/liked.hu\/old\/#\/schema\/person\/image\/","url":"https:\/\/liked.hu\/old\/wp-content\/uploads\/avatars\/7\/604de8ed2ffd6-bpfull.jpg","contentUrl":"https:\/\/liked.hu\/old\/wp-content\/uploads\/avatars\/7\/604de8ed2ffd6-bpfull.jpg","caption":"Tiborc"},"url":"https:\/\/liked.hu\/old\/u\/tiborc\/"}]}},"publishpress_future_action":{"enabled":false,"date":"1970-01-01 01:00:00","action":"","terms":[],"taxonomy":"","browser_timezone_offset":0},"_links":{"self":[{"href":"https:\/\/liked.hu\/old\/wp-json\/wp\/v2\/posts\/298590"}],"collection":[{"href":"https:\/\/liked.hu\/old\/wp-json\/wp\/v2\/posts"}],"about":[{"href":"https:\/\/liked.hu\/old\/wp-json\/wp\/v2\/types\/post"}],"author":[{"embeddable":true,"href":"https:\/\/liked.hu\/old\/wp-json\/wp\/v2\/users\/7"}],"replies":[{"embeddable":true,"href":"https:\/\/liked.hu\/old\/wp-json\/wp\/v2\/comments?post=298590"}],"version-history":[{"count":0,"href":"https:\/\/liked.hu\/old\/wp-json\/wp\/v2\/posts\/298590\/revisions"}],"wp:featuredmedia":[{"embeddable":true,"href":"https:\/\/liked.hu\/old\/wp-json\/wp\/v2\/media\/298591"}],"wp:attachment":[{"href":"https:\/\/liked.hu\/old\/wp-json\/wp\/v2\/media?parent=298590"}],"wp:term":[{"taxonomy":"category","embeddable":true,"href":"https:\/\/liked.hu\/old\/wp-json\/wp\/v2\/categories?post=298590"},{"taxonomy":"post_tag","embeddable":true,"href":"https:\/\/liked.hu\/old\/wp-json\/wp\/v2\/tags?post=298590"}],"curies":[{"name":"wp","href":"https:\/\/api.w.org\/{rel}","templated":true}]}}