{"id":298155,"date":"2022-10-23T13:36:53","date_gmt":"2022-10-23T11:36:53","guid":{"rendered":"https:\/\/liked.hu\/old\/?p=298155"},"modified":"2022-10-23T13:36:55","modified_gmt":"2022-10-23T11:36:55","slug":"ez-az-oka-annak-hogy-azok-a-gyerekek-akik-a-szuleikkel-alszanak-magabiztosabbak-a-jovoben","status":"publish","type":"post","link":"https:\/\/liked.hu\/old\/eletmod\/ez-az-oka-annak-hogy-azok-a-gyerekek-akik-a-szuleikkel-alszanak-magabiztosabbak-a-jovoben\/","title":{"rendered":"Ez az oka annak, hogy azok a gyerekek, akik a sz\u00fcleikkel alszanak, magabiztosabbak a j\u00f6v\u0151ben"},"content":{"rendered":"\n\n<h4><\/h4>\n\n\n\n<p>\u00c1ltal\u00e1noss\u00e1gban elmondhat\u00f3, hogy sokan sz\u00edvesebben alszunk \u00fagy, ha a kisgyermekeink a k\u00f6zvetlen k\u00f6zel\u00fcnkben vannak, hiszen \u00edgy b\u00e1rmikor megbizonyosodhatunk arr\u00f3l, hogy minden rendben van vel\u00fck. A gyerekek is szeretik ezt, hiszen nagyobb biztons\u00e1gban \u00e9rzik magukat \u00e9s k\u00e9nyelmesebben, mint t\u00e1vol a sz\u00fcl\u0151kt\u0151l. Sok olyan kult\u00fara l\u00e9tezik, ahol teljesen norm\u00e1lisnak sz\u00e1m\u00edt a gyerekekkel aludni, b\u00e1r nem minden nyugati orsz\u00e1gban van \u00edgy. A tud\u00f3sok \u00fagy v\u00e9lik, ezen \u00e9rdemes lenne v\u00e1ltoztatni.<\/p>\n\n<div style=\"float:none;margin:0px 0 0px 0;text-align:center;\">\n<div class=\"mobileShowkakettes\"><div class=\"mobileShowka2\"><div style=\"padding-top:0px;padding-bottom:15px;min-height: 300px;\"><div class=\"hirdetes\">HIRDET\u00c9S<\/div>\n<!-- 300lista -->\n<ins class=\"adsbygoogle\"\n     style=\"display:inline-block;width:300px;height:250px\"\n     data-ad-client=\"ca-pub-9424088931673893\"\n     data-ad-slot=\"8471340766\"><\/ins>\n<script async>\n     (adsbygoogle = window.adsbygoogle || []).push({});\n<\/script><\/div><\/div><\/div><\/div>\n\n<p>A <strong>Liked.hu<\/strong>-n\u00e1l most olyan tanulm\u00e1nyokat \u00e9s kutat\u00e1sokat gy\u0171jt\u00f6tt\u00fcnk \u00f6ssze, melyek al\u00e1t\u00e1masztj\u00e1k, hogy bizony sz\u00e1mos el\u0151nye van annak, ha megengedj\u00fck a gyereknek, hogy vel\u00fcnk aludjon, amikor k\u00e9ri.<\/p>\n\n\n\n\n<div class=\"wp-block-buzzeditor-list be-list be-list-type-asc be-list-number-style-none\">\n<div class=\"wp-block-buzzeditor-list-item\"><h3 class=\"be-list-item-title\"><span style=\"color:;background-color:;border-color:\" class=\"be-list-item-number\">1<\/span> <span style=\"color:;background-color:;border-color:\" class=\"be-list-item-text\">Csak egy \u00e9vn\u00e9l id\u0151sebb gyerekkel lehet egy\u00fctt aludni<\/span><\/h3>\n<figure class=\"wp-block-image size-full\"><img loading=\"lazy\" width=\"728\" height=\"486\" src=\"https:\/\/liked.hu\/old\/wp-content\/uploads\/2022\/10\/Szulokkel-alvas-018.webp\" alt=\"Sz\u00fcl\u0151kkel alv\u00e1s 018\" class=\"wp-image-298164\"\/><figcaption><a rel=\"noreferrer noopener\" href=\"https:\/\/www.flickr.com\/photos\/donnieray\/11215910676\/\" target=\"_blank\">\u00a9&nbsp;&nbsp;<br>Donnie Ray Jones\/Flickr&nbsp;<\/a>,&nbsp;<a rel=\"noreferrer noopener\" href=\"https:\/\/creativecommons.org\/licenses\/by\/2.0\/\" target=\"_blank\">\u00a9&nbsp;&nbsp;<br>CC BY 2.0<\/a><\/figcaption><\/figure>\n\n\n\n<p>Mindenekel\u0151tt tiszt\u00e1zzuk, hogy ebben a cikkben egy \u00e9vn\u00e9l id\u0151sebb gyermekekr\u0151l van sz\u00f3, nem pedig csecsem\u0151kr\u0151l. B\u00e1r a csecsem\u0151k is lehetnek k\u00f6z\u00f6s szob\u00e1ban a sz\u00fcleikkel, ugyanazon az alv\u00f3fel\u00fcleten nem tan\u00e1csos aludni, mivel t\u00fal kock\u00e1zatos a baba sz\u00e1m\u00e1ra.<\/p>\n\n\n\n<p>Ak\u00e1rhogy is, ha a gyerekeid bem\u00e1sznak mell\u00e9d az \u00e1gyba \u00e9jszaka, az egy j\u00f3 dolog. A kutat\u00f3k \u00fagy v\u00e9lik, hogy azok a gyerekek, akik id\u0151nk\u00e9nt a sz\u00fcleikkel alszanak, nagyobb val\u00f3sz\u00edn\u0171s\u00e9ggel v\u00e1lnak sikeress\u00e9 a k\u00e9s\u0151bbi \u00e9let\u00fckben, emellett intelligensebb \u00e9s magabiztosabb feln\u0151tt is v\u00e1lik bel\u0151l\u00fck.<\/p>\n\n\n\n\n<div style=\"float:none;margin:0px 0 0px 0;text-align:center;\">\n<div class=\"mobileHideke5\"><div style=\"margin-top:25px;\"><div class=\"hirdeteshatter\"><div style=\"display: inline-block;width: 50%;min-width:305px;vertical-align: top;\"><div class=\"hirdetes\">HIRDET\u00c9S<\/div>\n<!-- LikedQ51 -->\n<ins class=\"adsbygoogle\"\n     style=\"display:inline-block;width:300px;height:250px\"\n     data-ad-client=\"ca-pub-9424088931673893\"\n     data-ad-slot=\"8284063326\"><\/ins>\n<script async>\n     (adsbygoogle = window.adsbygoogle || []).push({});\n<\/script><\/div><div style=\"display: inline-block;width: 50%;min-width:305px;vertical-align: top;\"><div class=\"hirdetes\">HIRDET\u00c9S<\/div>\n<!-- LikedQ52 -->\n<ins class=\"adsbygoogle\"\n     style=\"display:inline-block;width:300px;height:250px\"\n     data-ad-client=\"ca-pub-9424088931673893\"\n     data-ad-slot=\"2840164950\"><\/ins>\n<script async>\n     (adsbygoogle = window.adsbygoogle || []).push({});\n<\/script><\/div><\/div><\/div><\/div>\n<div style=\"display:flex;flex-direction:column;\"><div class=\"mobileShowka5\"><div style=\"padding-top:10px;padding-bottom:10px;min-height: 300px;\"><div class=\"hirdetes\">HIRDET\u00c9S<\/div>\n<!-- LikedQ5M -->\n<ins class=\"adsbygoogle\"\n     style=\"display:inline-block;width:300px;height:250px\"\n     data-ad-client=\"ca-pub-9424088931673893\"\n     data-ad-slot=\"9022429928\"><\/ins>\n<script async>\n     (adsbygoogle = window.adsbygoogle || []).push({});\n<\/script><\/div><\/div><\/div><\/div>\n\n<\/div>\n\n\n\n<div class=\"wp-block-buzzeditor-list-item\"><h3 class=\"be-list-item-title\"><span style=\"color:;background-color:;border-color:\" class=\"be-list-item-number\">2<\/span> <span style=\"color:;background-color:;border-color:\" class=\"be-list-item-text\">Az egy\u00fcttalv\u00e1s nagyban hozz\u00e1j\u00e1rul ahhoz, hogy a gyermekek f\u00fcggetlenebbek legyenek<\/span><\/h3>\n<figure class=\"wp-block-image size-full\"><img loading=\"lazy\" width=\"728\" height=\"614\" src=\"https:\/\/liked.hu\/old\/wp-content\/uploads\/2022\/10\/Szulokkel-alvas-019.webp\" alt=\"Sz\u00fcl\u0151kkel alv\u00e1s 019\" class=\"wp-image-298163\"\/><figcaption><a rel=\"noreferrer noopener\" href=\"https:\/\/www.flickr.com\/photos\/bgreenlee\/3094285778\/\" target=\"_blank\">\u00a9&nbsp;&nbsp;<br>Brad Greenlee\/Flickr&nbsp;<\/a>,&nbsp;<a rel=\"noreferrer noopener\" href=\"https:\/\/creativecommons.org\/licenses\/by\/2.0\/\" target=\"_blank\">\u00a9&nbsp;&nbsp;<br>CC BY 2.0<\/a><\/figcaption><\/figure>\n\n\n\n<p>Term\u00e9szetesen sok sz\u00fcl\u0151 elutas\u00edtja az egy\u00fcttalv\u00e1st, mivel \u00fagy gondolj\u00e1k, hogy csak a k\u00fcl\u00f6nalv\u00e1st\u00f3l lesz f\u00fcggetlen a gyermek\u00fck, \u00e9s szeretn\u00e9k erre \u00f6szt\u00f6n\u00f6zni \u0151t.<\/p>\n\n\n\n<p>A tud\u00f3sok azonban arra biztatj\u00e1k a sz\u00fcl\u0151ket, hogy hagyj\u00e1k, hogy a gyerek n\u00e9ha vel\u00fck aludjanak \u00e9jszak\u00e1nk\u00e9nt, mert azt mondj\u00e1k, hogy ez seg\u00edt gyermekeknek&nbsp;<a rel=\"noreferrer noopener\" href=\"https:\/\/www.smartparenting.com.ph\/parenting\/toddler\/co-sleeping-produces-confident-children-study-a00061-20190426\" target=\"_blank\">f\u00fcggetlenebb\u00e9<\/a>&nbsp;\u00e9s magabiztosabb\u00e1 v\u00e1lni.&nbsp;M\u00edg azok a gyerekek, akik soha nem aludtak a sz\u00fcleik \u00e1gy\u00e1ban, \u00e1ltal\u00e1ban ijed\u0151sebbek, val\u00f3sz\u00edn\u0171leg nehezebben ir\u00e1ny\u00edthat\u00f3k, kev\u00e9sb\u00e9 boldogok \u00e9s jobban f\u00fcggnek a sz\u00fcleikt\u0151l.<\/p>\n<\/div>\n\n\n\n<div class=\"wp-block-buzzeditor-list-item\"><h3 class=\"be-list-item-title\"><span style=\"color:;background-color:;border-color:\" class=\"be-list-item-number\">3<\/span> <span style=\"color:;background-color:;border-color:\" class=\"be-list-item-text\">Ez\u00e1ltal a gyerekek nagyobb biztons\u00e1gban \u00e9s k\u00f6zelebb \u00e9rzik magukat sz\u00fcleikhez<\/span><\/h3>\n<figure class=\"wp-block-image size-full\"><img loading=\"lazy\" width=\"728\" height=\"436\" src=\"https:\/\/liked.hu\/old\/wp-content\/uploads\/2022\/10\/Szulokkel-alvas-020.webp\" alt=\"Sz\u00fcl\u0151kkel alv\u00e1s 020\" class=\"wp-image-298162\"\/><figcaption><a rel=\"noreferrer noopener\" href=\"https:\/\/www.instagram.com\/p\/B8w_ZsSnljx\/\" target=\"_blank\">\u00a9&nbsp;&nbsp;<br>alanis \/ Instagram&nbsp;<\/a>,&nbsp;<a rel=\"noreferrer noopener\" href=\"https:\/\/www.instagram.com\/p\/B2mzcvrHYvg\/\" target=\"_blank\">\u00a9&nbsp;&nbsp;<br>alanis \/ Instagram<\/a><\/figcaption><\/figure>\n\n\n\n<p>Alanis Morissette ezt mindenkin\u00e9l jobban tudja, ez\u00e9rt a blogbejegyz\u00e9sben ki is fejtette: \u201eSzem\u00e9ly szerint \u00fagy gondolom, hogy a k\u00f6t\u0151d\u00e9si szakasszal, ha helyesen csin\u00e1ljuk, sz\u00e1mtalan f\u00fcgg\u0151s\u00e9get ker\u00fclhet\u00fcnk el, melyek az \u00e9let k\u00e9s\u0151bbi szakasz\u00e1ban alakuln\u00e1nak ki, mert ezek k\u00f6z\u00fcl a f\u00fcgg\u0151s\u00e9gek k\u00f6z\u00fcl sok gyakran csak egy k\u00eds\u00e9rlet arra, hogy \u00e1t\u00e9lj\u00fck a gyermekkorban kimaradt dolgokat, p\u00e9ld\u00e1ul a sz\u00fcl\u0151i kapcsolatot.\u201d<\/p>\n\n\n\n<p>A kutat\u00f3k hat\u00e1rozottan meger\u0151s\u00edtik az \u00e9nekesn\u0151 szavait.&nbsp;Egy felm\u00e9r\u00e9s kimutatta, hogy a feln\u0151tt di\u00e1kok, akik aludtak m\u00e1r egy\u00fctt a sz\u00fcleikkel, magasabb \u00f6nbecs\u00fcl\u00e9ssel rendelkeznek, mint m\u00e1sok, \u00e9s kevesebb f\u00e9lelmet \u00e9s szorong\u00e1st \u00e9reznek.&nbsp;<a rel=\"noreferrer noopener\" href=\"https:\/\/www.smartparenting.com.ph\/parenting\/toddler\/co-sleeping-produces-confident-children-study-a00061-20190426\" target=\"_blank\">Az egyik v\u00e1laszad\u00f3 azt mondta, hogy mindig biztons\u00e1g\u00e9rzetet<\/a>&nbsp;adott neki az a&nbsp;tudat, hogy ha rosszat \u00e1lmodik, mindig beb\u00fajhat az \u00e1gyba az anyuk\u00e1ja \u00e9s apuk\u00e1ja mell\u00e9.<\/p>\n\n\n\n\n<div style=\"float:none;margin:0px 0 0px 0;text-align:center;\">\n<div class=\"mobileHideke8\"><div style=\"margin-top:25px;\"><div class=\"hirdeteshatter\"><div style=\"display: inline-block;width: 50%;min-width:340px;vertical-align: top;\"><div class=\"hirdetes\">HIRDET\u00c9S<\/div>\n<!-- Liked7Q1 -->\n<ins class=\"adsbygoogle\"\n     style=\"display:inline-block;width:336px;height:280px\"\n     data-ad-client=\"ca-pub-9424088931673893\"\n     data-ad-slot=\"3022062587\"><\/ins>\n<script async>\n     (adsbygoogle = window.adsbygoogle || []).push({});\n<\/script><\/div><div style=\"display: inline-block;width: 50%;min-width:340px;vertical-align: top;\"><div class=\"hirdetes\">HIRDET\u00c9S<\/div>\n<!-- Liked7Q2 -->\n<ins class=\"adsbygoogle\"\n     style=\"display:inline-block;width:336px;height:280px\"\n     data-ad-client=\"ca-pub-9424088931673893\"\n     data-ad-slot=\"3952000871\"><\/ins>\n<script async>\n     (adsbygoogle = window.adsbygoogle || []).push({});\n<\/script><\/div><\/div><\/div><\/div>\n<div style=\"display:flex;flex-direction:column;\"><div class=\"mobileShowka8\"><div style=\"padding-top:15px;margin-bottom:15px;min-height: 300px;\"><div class=\"hirdetes\">HIRDET\u00c9S<\/div>\n<!-- Liked7QMobil -->\n<ins class=\"adsbygoogle\"\n     style=\"display:inline-block;width:336px;height:280px\"\n     data-ad-client=\"ca-pub-9424088931673893\"\n     data-ad-slot=\"5073510857\"><\/ins>\n<script async>\n     (adsbygoogle = window.adsbygoogle || []).push({});\n<\/script><\/div><\/div><\/div><\/div>\n\n<\/div>\n\n\n\n<div class=\"wp-block-buzzeditor-list-item\"><h3 class=\"be-list-item-title\"><span style=\"color:;background-color:;border-color:\" class=\"be-list-item-number\">4<\/span> <span style=\"color:;background-color:;border-color:\" class=\"be-list-item-text\">A gyerekek ett\u0151l m\u00e1sok fel\u00e9 is nyitott\u00e1 v\u00e1lnak<\/span><\/h3>\n<figure class=\"wp-block-image size-full\"><img loading=\"lazy\" width=\"728\" height=\"456\" src=\"https:\/\/liked.hu\/old\/wp-content\/uploads\/2022\/10\/Szulokkel-alvas-021.webp\" alt=\"Sz\u00fcl\u0151kkel alv\u00e1s 021\" class=\"wp-image-298161\"\/><\/figure>\n\n\n\n<p>A sz\u00fcl\u0151kkel alv\u00e1s egy\u00e9rtelm\u0171en seg\u00edtett a v\u00e1laszad\u00f3knak abban, hogy k\u00f6nnyebben \u00e9s jobban k\u00f6t\u0151djenek m\u00e1sokhoz. F\u0151leg a fi\u00fak. Az egy\u00fcttalv\u00e1s lehet\u0151v\u00e9 teszi a b\u0151r-b\u0151rrel t\u00f6rt\u00e9n\u0151 \u00e9rintkez\u00e9st, mely oxitocin felszabadul\u00e1st okoz \u00e9s n\u00f6veli az emberek k\u00f6zti k\u00f6t\u0151d\u00e9st. A gyerekek k\u00fcl\u00f6n\u00f6sen \u00e9rz\u00e9kenyek erre. Egy <a rel=\"noreferrer noopener\" href=\"https:\/\/www.healthymummy.com\/kids-sleep-parents-bed-confident-adults\/\" target=\"_blank\">megnyugtatja<\/a> \u0151ket, valamint szab\u00e1lyozza a h\u0151m\u00e9rs\u00e9klet\u00fcket \u00e9s a pulzusukat.<\/p>\n\n\n\n<figure class=\"wp-block-image size-full\"><img loading=\"lazy\" width=\"728\" height=\"369\" src=\"https:\/\/liked.hu\/old\/wp-content\/uploads\/2022\/10\/Szulokkel-alvas-022.webp\" alt=\"Sz\u00fcl\u0151kkel alv\u00e1s 022\" class=\"wp-image-298160\"\/><\/figure>\n\n\n\n<p>Egyes csal\u00e1dokban a h\u00e9tb\u0151l egy napot a &#8222;nagy csal\u00e1di alv\u00e1snak&#8221; szentelnek, mint p\u00e9ld\u00e1ul Angelina Jolie. El\u00e1rulta, hogy vas\u00e1rnap mindannyian egy\u00fctt fekszenek le aludni \u00e9s filmet n\u00e9znek k\u00f6zben. ,,Maddox-szal kezd\u0151d\u00f6tt, azt\u00e1n Pax-szal, most pedig m\u00e1r Zahara is be akar fek\u00fcdni. M\u00e1r egy nagyobb \u00e1gy beszerz\u00e9s\u00e9n gondolkodunk!\u201d<\/p>\n\n\n\n\n<div style=\"float:none;margin:0px 0 0px 0;text-align:center;\">\n<div class=\"mobileHideke8\"><div class=\"hirdeteshatter\"><div style=\"display: inline-block;width: 50%;min-width:340px;vertical-align: top;\"><div class=\"hirdetes\">HIRDET\u00c9S<\/div>\n<!-- LikedQ81 -->\n<ins class=\"adsbygoogle\"\n     style=\"display:inline-block;width:336px;height:280px\"\n     data-ad-client=\"ca-pub-9424088931673893\"\n     data-ad-slot=\"2436840276\"><\/ins>\n<script async>\n     (adsbygoogle = window.adsbygoogle || []).push({});\n<\/script><\/div><div style=\"display: inline-block;width: 50%;min-width:340px;vertical-align: top;\"><div class=\"hirdetes\">HIRDET\u00c9S<\/div>\n<!-- LikedQ82 -->\n<ins class=\"adsbygoogle\"\n     style=\"display:inline-block;width:336px;height:280px\"\n     data-ad-client=\"ca-pub-9424088931673893\"\n     data-ad-slot=\"3558350253\"><\/ins>\n<script async>\n     (adsbygoogle = window.adsbygoogle || []).push({});\n<\/script><\/div><\/div><\/div>\n<div style=\"display:flex;flex-direction:column;\"><div class=\"mobileShowka8 nyolc\"><div style=\"padding-top:15px;padding-bottom:5px;min-height: 300px;\"><div class=\"hirdetes\">HIRDET\u00c9S<\/div>\n<!-- LikedQ8M -->\n<ins class=\"adsbygoogle\"\n     style=\"display:inline-block;width:336px;height:280px\"\n     data-ad-client=\"ca-pub-9424088931673893\"\n     data-ad-slot=\"4679860235\"><\/ins>\n<script async>\n     (adsbygoogle = window.adsbygoogle || []).push({});\n<\/script><\/div><\/div><\/div><\/div>\n\n<\/div>\n\n\n\n<div class=\"wp-block-buzzeditor-list-item\"><h3 class=\"be-list-item-title\"><span style=\"color:;background-color:;border-color:\" class=\"be-list-item-number\">5<\/span> <span style=\"color:;background-color:;border-color:\" class=\"be-list-item-text\">Ez egy nagyszer\u0171 m\u00f3dja a kapcsolatteremt\u00e9snek, ha szigor\u00fa \u00e9s elfoglalt id\u0151beoszt\u00e1sa van<\/span><\/h3>\n<figure class=\"wp-block-image size-full\"><img loading=\"lazy\" width=\"728\" height=\"728\" src=\"https:\/\/liked.hu\/old\/wp-content\/uploads\/2022\/10\/Szulokkel-alvas-023.webp\" alt=\"Sz\u00fcl\u0151kkel alv\u00e1s 023\" class=\"wp-image-298159\"\/><figcaption><a rel=\"noreferrer noopener\" href=\"https:\/\/www.instagram.com\/p\/Bkp62woHpm9\/\" target=\"_blank\">\u00a9&nbsp;&nbsp;<br>millajovovich \/ Instagram<\/a><\/figcaption><\/figure>\n\n\n\n<p>\u00c1ltal\u00e1noss\u00e1gban elmondhat\u00f3, hogy az egy\u00fcttalv\u00e1s seg\u00edthet abban, hogy kapcsolatban maradjunk \u00e9s szorosan \u00f6sszetartsunk a csal\u00e1dunkkal, k\u00fcl\u00f6n\u00f6sen akkor, ha k\u00e9nyelmetlen munkabeoszt\u00e1sunk van, mint p\u00e9ld\u00e1ul a szeretett sz\u00edn\u00e9szeinknek, akik gyakran napi 12 \u00e9s 14 \u00f3r\u00e1t is a forgat\u00e1son t\u00f6ltenek.<\/p>\n\n\n\n<p>Milla Jovovich p\u00e9ld\u00e1ul el\u00e1rulta, hogy&nbsp;az ilyen neh\u00e9z id\u0151szakokban mindig gyakran fek\u00fcdt le aludni a h\u00e9t\u00e9ves kisl\u00e1ny\u00e1val k\u00f6z\u00f6sen, amit\u0151l a kisl\u00e1ny extra k\u00f6t\u0151d\u00e9st \u00e9rzett a neh\u00e9z id\u0151kben.<\/p>\n<\/div>\n\n\n\n<div class=\"wp-block-buzzeditor-list-item\"><h3 class=\"be-list-item-title\"><span style=\"color:;background-color:;border-color:\" class=\"be-list-item-number\">6<\/span> <span style=\"color:;background-color:;border-color:\" class=\"be-list-item-text\">Az egy\u00fcttalv\u00e1snak k\u00f6sz\u00f6nhet\u0151en a gyerekek sokkal jobban alszanak, ritk\u00e1bban kelnek fel \u00e9jszaka<\/span><\/h3>\n<figure class=\"wp-block-image size-full\"><img loading=\"lazy\" width=\"728\" height=\"364\" src=\"https:\/\/liked.hu\/old\/wp-content\/uploads\/2022\/10\/Szulokkel-alvas-024.webp\" alt=\"Sz\u00fcl\u0151kkel alv\u00e1s 024\" class=\"wp-image-298158\" srcset=\"https:\/\/liked.hu\/old\/wp-content\/uploads\/2022\/10\/Szulokkel-alvas-024.webp 728w, https:\/\/liked.hu\/old\/wp-content\/uploads\/2022\/10\/Szulokkel-alvas-024-360x180.webp 360w\" sizes=\"(max-width: 728px) 100vw, 728px\" \/><figcaption><a rel=\"noreferrer noopener\" href=\"https:\/\/www.instagram.com\/p\/B8hE7RcnFxh\/\" target=\"_blank\">\u00a9&nbsp;&nbsp;<br>millajovovich \/ Instagram<\/a><\/figcaption><\/figure>\n\n\n\n<p>Az egy\u00fcttalv\u00e1s a szoptat\u00e1s folyamat\u00e1t is megk\u00f6nny\u00edti, \u00e9s \u00e1ltal\u00e1noss\u00e1gban elmondhat\u00f3, hogy azok az any\u00e1k, akik egy\u00fctt alszanak a gyermekeikkel, \u00e1ltal\u00e1ban tov\u00e1bb szoptatnak. A szoptat\u00e1s pedig er\u0151sen \u00f6sszef\u00fcgg a SIDS (hirtelen csecsem\u0151hal\u00e1l szindr\u00f3ma) kock\u00e1zat\u00e1nak cs\u00f6kken\u00e9s\u00e9vel.<\/p>\n\n\n\n<p>V\u00e9gezet\u00fcl, azok a gyerekek, akik egy \u00e1gyban alszanak a sz\u00fcleikkel, \u00e1ltal\u00e1ban t\u00f6bbet alszanak. Igen, el\u0151fordulhat n\u00e9h\u00e1ny kellemetlen \u00e9jszakai fel\u00e9bred\u00e9s, de \u00e1ltal\u00e1ban hamar \u00f6sszhangba ker\u00fclnek a sz\u00fcl\u0151k alv\u00e1si dinamik\u00e1j\u00e1val \u00e9s egyre ritk\u00e1bban \u00e9brednek fel \u00e9jszaka. Egy sz\u00fcl\u0151kkel t\u00f6lt\u00f6tt \u00e9jszaka ut\u00e1n a reggeli \u00e9bred\u00e9s is kev\u00e9sb\u00e9 megterhel\u0151 a sz\u00e1mukra.<\/p>\n\n\n\n<p class=\"has-text-align-center\"><strong>Te milyen gyakran hagyod, hogy a gyerekeid veled aludjanak \u00e9jszaka?<\/strong><\/p>\n<\/div>\n<\/div>\n","protected":false},"excerpt":{"rendered":"\u00c1ltal\u00e1noss\u00e1gban elmondhat\u00f3, hogy sokan sz\u00edvesebben alszunk \u00fagy, ha a kisgyermekeink a k\u00f6zvetlen k\u00f6zel\u00fcnkben vannak, hiszen \u00edgy b\u00e1rmikor megbizonyosodhatunk arr\u00f3l, hogy minden rendben van vel\u00fck. A gyerekek is szeretik ezt, hiszen nagyobb biztons\u00e1gban \u00e9rzik magukat \u00e9s k\u00e9nyelmesebben, mint t\u00e1vol a sz\u00fcl\u0151kt\u0151l. Sok olyan kult\u00fara l\u00e9tezik, ahol teljesen norm\u00e1lisnak sz\u00e1m\u00edt a gyerekekkel aludni, b\u00e1r nem minden nyugati [...]","protected":false},"author":4,"featured_media":298156,"comment_status":"open","ping_status":"closed","sticky":false,"template":"","format":"standard","meta":{"buzzeditor_post_format":"list"},"categories":[49],"tags":[940,2474],"yoast_head":"<!-- This site is optimized with the Yoast SEO plugin v19.6.1 - https:\/\/yoast.com\/wordpress\/plugins\/seo\/ -->\n<title>Ez az oka annak, hogy azok a gyerekek, akik a sz\u00fcleikkel alszanak, magabiztosabbak a j\u00f6v\u0151ben<\/title>\n<meta name=\"description\" content=\"\u00c1ltal\u00e1noss\u00e1gban elmondhat\u00f3, hogy sokan sz\u00edvesebben alszunk \u00fagy, ha a kisgyermekeink a k\u00f6zvetlen k\u00f6zel\u00fcnkben vannak, hiszen \u00edgy b\u00e1rmikor\" \/>\n<meta name=\"robots\" content=\"index, follow, max-snippet:-1, max-image-preview:large, max-video-preview:-1\" \/>\n<link rel=\"canonical\" href=\"https:\/\/liked.hu\/old\/eletmod\/ez-az-oka-annak-hogy-azok-a-gyerekek-akik-a-szuleikkel-alszanak-magabiztosabbak-a-jovoben\/\" \/>\n<meta property=\"og:locale\" content=\"hu_HU\" \/>\n<meta property=\"og:type\" content=\"article\" \/>\n<meta property=\"og:title\" content=\"Ez az oka annak, hogy azok a gyerekek, akik a sz\u00fcleikkel alszanak, magabiztosabbak a j\u00f6v\u0151ben\" \/>\n<meta property=\"og:description\" content=\"\u00c1ltal\u00e1noss\u00e1gban elmondhat\u00f3, hogy sokan sz\u00edvesebben alszunk \u00fagy, ha a kisgyermekeink a k\u00f6zvetlen k\u00f6zel\u00fcnkben vannak, hiszen \u00edgy b\u00e1rmikor\" \/>\n<meta property=\"og:url\" content=\"https:\/\/liked.hu\/old\/eletmod\/ez-az-oka-annak-hogy-azok-a-gyerekek-akik-a-szuleikkel-alszanak-magabiztosabbak-a-jovoben\/\" \/>\n<meta property=\"og:site_name\" content=\"Liked.hu\" \/>\n<meta property=\"article:publisher\" content=\"https:\/\/www.facebook.com\/liked.hu\" \/>\n<meta property=\"article:published_time\" content=\"2022-10-23T11:36:53+00:00\" \/>\n<meta property=\"article:modified_time\" content=\"2022-10-23T11:36:55+00:00\" \/>\n<meta property=\"og:image\" content=\"https:\/\/liked.hu\/old\/wp-content\/uploads\/2022\/10\/Szulovel-alvo-gyerekek.jpg\" \/>\n\t<meta property=\"og:image:width\" content=\"1200\" \/>\n\t<meta property=\"og:image:height\" content=\"630\" \/>\n\t<meta property=\"og:image:type\" content=\"image\/jpeg\" \/>\n<meta name=\"author\" content=\"Simbakim\" \/>\n<meta name=\"twitter:card\" content=\"summary\" \/>\n<meta name=\"twitter:creator\" content=\"@LikedHu\" \/>\n<meta name=\"twitter:site\" content=\"@LikedHu\" \/>\n<meta name=\"twitter:label1\" content=\"Szerz\u0151:\" \/>\n\t<meta name=\"twitter:data1\" content=\"Simbakim\" \/>\n\t<meta name=\"twitter:label2\" content=\"Becs\u00fclt olvas\u00e1si id\u0151\" \/>\n\t<meta name=\"twitter:data2\" content=\"5 perc\" \/>\n<script type=\"application\/ld+json\" class=\"yoast-schema-graph\">{\"@context\":\"https:\/\/schema.org\",\"@graph\":[{\"@type\":\"Article\",\"@id\":\"https:\/\/liked.hu\/old\/eletmod\/ez-az-oka-annak-hogy-azok-a-gyerekek-akik-a-szuleikkel-alszanak-magabiztosabbak-a-jovoben\/#article\",\"isPartOf\":{\"@id\":\"https:\/\/liked.hu\/old\/eletmod\/ez-az-oka-annak-hogy-azok-a-gyerekek-akik-a-szuleikkel-alszanak-magabiztosabbak-a-jovoben\/\"},\"author\":{\"name\":\"Simbakim\",\"@id\":\"https:\/\/liked.hu\/old\/#\/schema\/person\/e8b79b280dc82c4ac9b973eedc274b75\"},\"headline\":\"Ez az oka annak, hogy azok a gyerekek, akik a sz\u00fcleikkel alszanak, magabiztosabbak a j\u00f6v\u0151ben\",\"datePublished\":\"2022-10-23T11:36:53+00:00\",\"dateModified\":\"2022-10-23T11:36:55+00:00\",\"mainEntityOfPage\":{\"@id\":\"https:\/\/liked.hu\/old\/eletmod\/ez-az-oka-annak-hogy-azok-a-gyerekek-akik-a-szuleikkel-alszanak-magabiztosabbak-a-jovoben\/\"},\"wordCount\":1084,\"commentCount\":0,\"publisher\":{\"@id\":\"https:\/\/liked.hu\/old\/#organization\"},\"keywords\":[\"gyereknevel\u00e9s\",\"sz\u00fcl\u0151k\"],\"articleSection\":[\"\u00c9letm\u00f3d\"],\"inLanguage\":\"hu\",\"potentialAction\":[{\"@type\":\"CommentAction\",\"name\":\"Comment\",\"target\":[\"https:\/\/liked.hu\/old\/eletmod\/ez-az-oka-annak-hogy-azok-a-gyerekek-akik-a-szuleikkel-alszanak-magabiztosabbak-a-jovoben\/#respond\"]}]},{\"@type\":\"WebPage\",\"@id\":\"https:\/\/liked.hu\/old\/eletmod\/ez-az-oka-annak-hogy-azok-a-gyerekek-akik-a-szuleikkel-alszanak-magabiztosabbak-a-jovoben\/\",\"url\":\"https:\/\/liked.hu\/old\/eletmod\/ez-az-oka-annak-hogy-azok-a-gyerekek-akik-a-szuleikkel-alszanak-magabiztosabbak-a-jovoben\/\",\"name\":\"Ez az oka annak, hogy azok a gyerekek, akik a sz\u00fcleikkel alszanak, magabiztosabbak a j\u00f6v\u0151ben\",\"isPartOf\":{\"@id\":\"https:\/\/liked.hu\/old\/#website\"},\"datePublished\":\"2022-10-23T11:36:53+00:00\",\"dateModified\":\"2022-10-23T11:36:55+00:00\",\"description\":\"\u00c1ltal\u00e1noss\u00e1gban elmondhat\u00f3, hogy sokan sz\u00edvesebben alszunk \u00fagy, ha a kisgyermekeink a k\u00f6zvetlen k\u00f6zel\u00fcnkben vannak, hiszen \u00edgy b\u00e1rmikor\",\"breadcrumb\":{\"@id\":\"https:\/\/liked.hu\/old\/eletmod\/ez-az-oka-annak-hogy-azok-a-gyerekek-akik-a-szuleikkel-alszanak-magabiztosabbak-a-jovoben\/#breadcrumb\"},\"inLanguage\":\"hu\",\"potentialAction\":[{\"@type\":\"ReadAction\",\"target\":[\"https:\/\/liked.hu\/old\/eletmod\/ez-az-oka-annak-hogy-azok-a-gyerekek-akik-a-szuleikkel-alszanak-magabiztosabbak-a-jovoben\/\"]}]},{\"@type\":\"BreadcrumbList\",\"@id\":\"https:\/\/liked.hu\/old\/eletmod\/ez-az-oka-annak-hogy-azok-a-gyerekek-akik-a-szuleikkel-alszanak-magabiztosabbak-a-jovoben\/#breadcrumb\",\"itemListElement\":[{\"@type\":\"ListItem\",\"position\":1,\"name\":\"Kezd\u0151lap\",\"item\":\"https:\/\/liked.hu\/old\/\"},{\"@type\":\"ListItem\",\"position\":2,\"name\":\"Ez az oka annak, hogy azok a gyerekek, akik a sz\u00fcleikkel alszanak, magabiztosabbak a j\u00f6v\u0151ben\"}]},{\"@type\":\"WebSite\",\"@id\":\"https:\/\/liked.hu\/old\/#website\",\"url\":\"https:\/\/liked.hu\/old\/\",\"name\":\"Liked.hu\",\"description\":\"\",\"publisher\":{\"@id\":\"https:\/\/liked.hu\/old\/#organization\"},\"potentialAction\":[{\"@type\":\"SearchAction\",\"target\":{\"@type\":\"EntryPoint\",\"urlTemplate\":\"https:\/\/liked.hu\/old\/?s={search_term_string}\"},\"query-input\":\"required name=search_term_string\"}],\"inLanguage\":\"hu\"},{\"@type\":\"Organization\",\"@id\":\"https:\/\/liked.hu\/old\/#organization\",\"name\":\"Liked.hu\",\"url\":\"https:\/\/liked.hu\/old\/\",\"sameAs\":[\"https:\/\/hu.pinterest.com\/likedhungary\/\",\"https:\/\/www.youtube.com\/channel\/UCPv91dbMoIukYcM9b9nHN6Q\",\"https:\/\/www.facebook.com\/liked.hu\",\"https:\/\/twitter.com\/LikedHu\"],\"logo\":{\"@type\":\"ImageObject\",\"inLanguage\":\"hu\",\"@id\":\"https:\/\/liked.hu\/old\/#\/schema\/logo\/image\/\",\"url\":\"https:\/\/liked.hu\/wp-content\/uploads\/2018\/08\/Liked-icon.png\",\"contentUrl\":\"https:\/\/liked.hu\/wp-content\/uploads\/2018\/08\/Liked-icon.png\",\"width\":512,\"height\":512,\"caption\":\"Liked.hu\"},\"image\":{\"@id\":\"https:\/\/liked.hu\/old\/#\/schema\/logo\/image\/\"}},{\"@type\":\"Person\",\"@id\":\"https:\/\/liked.hu\/old\/#\/schema\/person\/e8b79b280dc82c4ac9b973eedc274b75\",\"name\":\"Simbakim\",\"image\":{\"@type\":\"ImageObject\",\"inLanguage\":\"hu\",\"@id\":\"https:\/\/liked.hu\/old\/#\/schema\/person\/image\/\",\"url\":\"https:\/\/secure.gravatar.com\/avatar\/?s=96&d=mm&r=pg\",\"contentUrl\":\"https:\/\/secure.gravatar.com\/avatar\/?s=96&d=mm&r=pg\",\"caption\":\"Simbakim\"},\"url\":\"https:\/\/liked.hu\/old\/u\/simbakim\/\"}]}<\/script>\n<!-- \/ Yoast SEO plugin. -->","yoast_head_json":{"title":"Ez az oka annak, hogy azok a gyerekek, akik a sz\u00fcleikkel alszanak, magabiztosabbak a j\u00f6v\u0151ben","description":"\u00c1ltal\u00e1noss\u00e1gban elmondhat\u00f3, hogy sokan sz\u00edvesebben alszunk \u00fagy, ha a kisgyermekeink a k\u00f6zvetlen k\u00f6zel\u00fcnkben vannak, hiszen \u00edgy b\u00e1rmikor","robots":{"index":"index","follow":"follow","max-snippet":"max-snippet:-1","max-image-preview":"max-image-preview:large","max-video-preview":"max-video-preview:-1"},"canonical":"https:\/\/liked.hu\/old\/eletmod\/ez-az-oka-annak-hogy-azok-a-gyerekek-akik-a-szuleikkel-alszanak-magabiztosabbak-a-jovoben\/","og_locale":"hu_HU","og_type":"article","og_title":"Ez az oka annak, hogy azok a gyerekek, akik a sz\u00fcleikkel alszanak, magabiztosabbak a j\u00f6v\u0151ben","og_description":"\u00c1ltal\u00e1noss\u00e1gban elmondhat\u00f3, hogy sokan sz\u00edvesebben alszunk \u00fagy, ha a kisgyermekeink a k\u00f6zvetlen k\u00f6zel\u00fcnkben vannak, hiszen \u00edgy b\u00e1rmikor","og_url":"https:\/\/liked.hu\/old\/eletmod\/ez-az-oka-annak-hogy-azok-a-gyerekek-akik-a-szuleikkel-alszanak-magabiztosabbak-a-jovoben\/","og_site_name":"Liked.hu","article_publisher":"https:\/\/www.facebook.com\/liked.hu","article_published_time":"2022-10-23T11:36:53+00:00","article_modified_time":"2022-10-23T11:36:55+00:00","og_image":[{"width":1200,"height":630,"url":"https:\/\/liked.hu\/old\/wp-content\/uploads\/2022\/10\/Szulovel-alvo-gyerekek.jpg","type":"image\/jpeg"}],"author":"Simbakim","twitter_card":"summary","twitter_creator":"@LikedHu","twitter_site":"@LikedHu","twitter_misc":{"Szerz\u0151:":"Simbakim","Becs\u00fclt olvas\u00e1si id\u0151":"5 perc"},"schema":{"@context":"https:\/\/schema.org","@graph":[{"@type":"Article","@id":"https:\/\/liked.hu\/old\/eletmod\/ez-az-oka-annak-hogy-azok-a-gyerekek-akik-a-szuleikkel-alszanak-magabiztosabbak-a-jovoben\/#article","isPartOf":{"@id":"https:\/\/liked.hu\/old\/eletmod\/ez-az-oka-annak-hogy-azok-a-gyerekek-akik-a-szuleikkel-alszanak-magabiztosabbak-a-jovoben\/"},"author":{"name":"Simbakim","@id":"https:\/\/liked.hu\/old\/#\/schema\/person\/e8b79b280dc82c4ac9b973eedc274b75"},"headline":"Ez az oka annak, hogy azok a gyerekek, akik a sz\u00fcleikkel alszanak, magabiztosabbak a j\u00f6v\u0151ben","datePublished":"2022-10-23T11:36:53+00:00","dateModified":"2022-10-23T11:36:55+00:00","mainEntityOfPage":{"@id":"https:\/\/liked.hu\/old\/eletmod\/ez-az-oka-annak-hogy-azok-a-gyerekek-akik-a-szuleikkel-alszanak-magabiztosabbak-a-jovoben\/"},"wordCount":1084,"commentCount":0,"publisher":{"@id":"https:\/\/liked.hu\/old\/#organization"},"keywords":["gyereknevel\u00e9s","sz\u00fcl\u0151k"],"articleSection":["\u00c9letm\u00f3d"],"inLanguage":"hu","potentialAction":[{"@type":"CommentAction","name":"Comment","target":["https:\/\/liked.hu\/old\/eletmod\/ez-az-oka-annak-hogy-azok-a-gyerekek-akik-a-szuleikkel-alszanak-magabiztosabbak-a-jovoben\/#respond"]}]},{"@type":"WebPage","@id":"https:\/\/liked.hu\/old\/eletmod\/ez-az-oka-annak-hogy-azok-a-gyerekek-akik-a-szuleikkel-alszanak-magabiztosabbak-a-jovoben\/","url":"https:\/\/liked.hu\/old\/eletmod\/ez-az-oka-annak-hogy-azok-a-gyerekek-akik-a-szuleikkel-alszanak-magabiztosabbak-a-jovoben\/","name":"Ez az oka annak, hogy azok a gyerekek, akik a sz\u00fcleikkel alszanak, magabiztosabbak a j\u00f6v\u0151ben","isPartOf":{"@id":"https:\/\/liked.hu\/old\/#website"},"datePublished":"2022-10-23T11:36:53+00:00","dateModified":"2022-10-23T11:36:55+00:00","description":"\u00c1ltal\u00e1noss\u00e1gban elmondhat\u00f3, hogy sokan sz\u00edvesebben alszunk \u00fagy, ha a kisgyermekeink a k\u00f6zvetlen k\u00f6zel\u00fcnkben vannak, hiszen \u00edgy b\u00e1rmikor","breadcrumb":{"@id":"https:\/\/liked.hu\/old\/eletmod\/ez-az-oka-annak-hogy-azok-a-gyerekek-akik-a-szuleikkel-alszanak-magabiztosabbak-a-jovoben\/#breadcrumb"},"inLanguage":"hu","potentialAction":[{"@type":"ReadAction","target":["https:\/\/liked.hu\/old\/eletmod\/ez-az-oka-annak-hogy-azok-a-gyerekek-akik-a-szuleikkel-alszanak-magabiztosabbak-a-jovoben\/"]}]},{"@type":"BreadcrumbList","@id":"https:\/\/liked.hu\/old\/eletmod\/ez-az-oka-annak-hogy-azok-a-gyerekek-akik-a-szuleikkel-alszanak-magabiztosabbak-a-jovoben\/#breadcrumb","itemListElement":[{"@type":"ListItem","position":1,"name":"Kezd\u0151lap","item":"https:\/\/liked.hu\/old\/"},{"@type":"ListItem","position":2,"name":"Ez az oka annak, hogy azok a gyerekek, akik a sz\u00fcleikkel alszanak, magabiztosabbak a j\u00f6v\u0151ben"}]},{"@type":"WebSite","@id":"https:\/\/liked.hu\/old\/#website","url":"https:\/\/liked.hu\/old\/","name":"Liked.hu","description":"","publisher":{"@id":"https:\/\/liked.hu\/old\/#organization"},"potentialAction":[{"@type":"SearchAction","target":{"@type":"EntryPoint","urlTemplate":"https:\/\/liked.hu\/old\/?s={search_term_string}"},"query-input":"required name=search_term_string"}],"inLanguage":"hu"},{"@type":"Organization","@id":"https:\/\/liked.hu\/old\/#organization","name":"Liked.hu","url":"https:\/\/liked.hu\/old\/","sameAs":["https:\/\/hu.pinterest.com\/likedhungary\/","https:\/\/www.youtube.com\/channel\/UCPv91dbMoIukYcM9b9nHN6Q","https:\/\/www.facebook.com\/liked.hu","https:\/\/twitter.com\/LikedHu"],"logo":{"@type":"ImageObject","inLanguage":"hu","@id":"https:\/\/liked.hu\/old\/#\/schema\/logo\/image\/","url":"https:\/\/liked.hu\/wp-content\/uploads\/2018\/08\/Liked-icon.png","contentUrl":"https:\/\/liked.hu\/wp-content\/uploads\/2018\/08\/Liked-icon.png","width":512,"height":512,"caption":"Liked.hu"},"image":{"@id":"https:\/\/liked.hu\/old\/#\/schema\/logo\/image\/"}},{"@type":"Person","@id":"https:\/\/liked.hu\/old\/#\/schema\/person\/e8b79b280dc82c4ac9b973eedc274b75","name":"Simbakim","image":{"@type":"ImageObject","inLanguage":"hu","@id":"https:\/\/liked.hu\/old\/#\/schema\/person\/image\/","url":"https:\/\/secure.gravatar.com\/avatar\/?s=96&d=mm&r=pg","contentUrl":"https:\/\/secure.gravatar.com\/avatar\/?s=96&d=mm&r=pg","caption":"Simbakim"},"url":"https:\/\/liked.hu\/old\/u\/simbakim\/"}]}},"publishpress_future_action":{"enabled":false,"date":"1970-01-01 01:00:00","action":"","terms":[],"taxonomy":"","browser_timezone_offset":0},"_links":{"self":[{"href":"https:\/\/liked.hu\/old\/wp-json\/wp\/v2\/posts\/298155"}],"collection":[{"href":"https:\/\/liked.hu\/old\/wp-json\/wp\/v2\/posts"}],"about":[{"href":"https:\/\/liked.hu\/old\/wp-json\/wp\/v2\/types\/post"}],"author":[{"embeddable":true,"href":"https:\/\/liked.hu\/old\/wp-json\/wp\/v2\/users\/4"}],"replies":[{"embeddable":true,"href":"https:\/\/liked.hu\/old\/wp-json\/wp\/v2\/comments?post=298155"}],"version-history":[{"count":0,"href":"https:\/\/liked.hu\/old\/wp-json\/wp\/v2\/posts\/298155\/revisions"}],"wp:featuredmedia":[{"embeddable":true,"href":"https:\/\/liked.hu\/old\/wp-json\/wp\/v2\/media\/298156"}],"wp:attachment":[{"href":"https:\/\/liked.hu\/old\/wp-json\/wp\/v2\/media?parent=298155"}],"wp:term":[{"taxonomy":"category","embeddable":true,"href":"https:\/\/liked.hu\/old\/wp-json\/wp\/v2\/categories?post=298155"},{"taxonomy":"post_tag","embeddable":true,"href":"https:\/\/liked.hu\/old\/wp-json\/wp\/v2\/tags?post=298155"}],"curies":[{"name":"wp","href":"https:\/\/api.w.org\/{rel}","templated":true}]}}