{"id":274815,"date":"2022-04-14T13:02:30","date_gmt":"2022-04-14T11:02:30","guid":{"rendered":"https:\/\/liked.hu\/old\/?p=274815"},"modified":"2022-06-14T17:12:04","modified_gmt":"2022-06-14T15:12:04","slug":"talasszofobia-kviz","status":"publish","type":"post","link":"https:\/\/liked.hu\/old\/kviz\/talasszofobia-kviz\/","title":{"rendered":"Talasszof\u00f3bi\u00e1s vagy? T\u00f6ltsd ki ezt a 20 fot\u00f3b\u00f3l \u00e1ll\u00f3 kv\u00edzt, hogy megtudd!"},"content":{"rendered":"<p>K\u00f6nnyen elk\u00e9pzelhet\u0151, hogy nem is tudsz r\u00f3la, de talasszof\u00f3bi\u00e1ban szenvedsz. Ez a f\u00f3bia a tengert\u0151l val\u00f3 f\u00e9lelmet jelenti, \u00e9s egy\u00e1ltal\u00e1n nem meglep\u0151, pl\u00e1ne, ha azt n\u00e9zz\u00fck, hogy a 70-es \u00e9vekbeli \u201eC\u00e1pa\u201d c\u00edm\u0171 film komplett gener\u00e1ci\u00f3kat traumatiz\u00e1lt egy \u00e9letre. Nem csak a film miatt f\u00e9lelmetes azonban a tengerek \u00e9s \u00f3ce\u00e1nok hatalmas \u00e9s fekete m\u00e9lys\u00e9ge.<\/p>\n\n<div style=\"float:none;margin:0px 0 0px 0;text-align:center;\">\n<div class=\"mobileShowkakettes\"><div class=\"mobileShowka2\"><div style=\"padding-top:0px;padding-bottom:15px;min-height: 300px;\"><div class=\"hirdetes\">HIRDET\u00c9S<\/div>\n<!-- 300lista -->\n<ins class=\"adsbygoogle\"\n     style=\"display:inline-block;width:300px;height:250px\"\n     data-ad-client=\"ca-pub-9424088931673893\"\n     data-ad-slot=\"8471340766\"><\/ins>\n<script async>\n     (adsbygoogle = window.adsbygoogle || []).push({});\n<\/script><\/div><\/div><\/div><\/div>\n\n<p>A <strong>Liked.hu<\/strong>-n\u00e1l most k\u00e9sz\u00edtett\u00fcnk egy kv\u00edzt, melynek seg\u00edts\u00e9g\u00e9vel k\u00f6nnyen kider\u00edtheted, hogy talasszof\u00f3bi\u00e1d van-e vagy sem, illetve azt is, hogy milyen m\u00e9rt\u00e9k\u0171 a tenger m\u00e9lys\u00e9ge miatti szorong\u00e1sod. Sok szerencs\u00e9t!<\/p>\n<style>\n@media screen and (max-width: 680px){\n.la-quiz-answers-grid .la-quiz-question-answer-item{border-radius: 0px!important;}\n.la-quiz-question-item.style-type-1 .la-quiz-question-title h3 {\n    font-size: 1.8em!important;\n    padding-left: 10px!important;\n    padding-right: 10px!important;\n    margin-bottom: 10px!important;\n}\n.la-quiz-question-item.style-type-1 .la-quiz-question-answers{padding-top: 0px!important;}\n.la-quiz-question-answer-image img{border-top-left-radius: 0px!important;border-top-right-radius: 0px!important;border-bottom-left-radius: 0px!important;border-bottom-right-radius: 0px!important;}}\n.la-quiz-question-answer-image img{zoom: 0.7;}\n.la-quiz-question-title h3 {\n    margin-bottom: 0px;\n    margin-top: 30px;\n    background-color: #9901FF;\n    text-align: center;\n    padding-top: 40px;\n    padding-bottom: 40px;\n    color: white;\n    font-size: 2em!important;\n    padding-left: 30px;\n    padding-right: 30px;margin-bottom: 0px!important;}\n.la-quiz-question-answer-item.quiz-answer.animated.bounceIn.active.selected.correct {\n    animation-name: kviz-helyes!important;}\n.la-quiz-question-answer-item.quiz-answer.animated.bounceIn.active.selected.incorrect {\n    -webkit-animation: kviz-helyes!important;\n    animation: kviz-helyes!important;}\n.la-quiz-answers-grid .la-quiz-question-answer-item.active.correct {\n    background: #63b80000!important;\n    border: 2px solid #68af1500!important;\n    box-shadow: 3px 3px 0 #f9f7f7;\n    outline: 4px solid #98989800!important;\n    outline-offset: -6px;\n}\n.la-quiz-answers-grid .la-quiz-question-answer-item.active.incorrect {\n    background: #e7242400!important;\n    border: 2px solid #e7242400!important;\n    box-shadow: 3px 3px 0 #f9f7f7;\n    outline: 4px solid #e7242400!important;\n    outline-offset: -6px;\n}\n.la-quiz-question-answer-item .icon-ico-correct, .la-quiz-question-answer-item .icon-ico-incorrect {\n    display: none!important;}\n<\/style>\n\n","protected":false},"excerpt":{"rendered":"<p>K\u00f6nnyen elk\u00e9pzelhet\u0151, hogy nem is tudsz r\u00f3la, de talasszof\u00f3bi\u00e1ban szenvedsz. Ez a f\u00f3bia a tengert\u0151l val\u00f3 f\u00e9lelmet jelenti, \u00e9s egy\u00e1ltal\u00e1n nem meglep\u0151, pl\u00e1ne, ha azt n\u00e9zz\u00fck, hogy a 70-es \u00e9vekbeli \u201eC\u00e1pa\u201d c\u00edm\u0171 film komplett gener\u00e1ci\u00f3kat traumatiz\u00e1lt egy \u00e9letre. Nem csak a film miatt f\u00e9lelmetes azonban a tengerek \u00e9s \u00f3ce\u00e1nok hatalmas \u00e9s fekete m\u00e9lys\u00e9ge. A Liked.hu-n\u00e1l [&hellip;]<\/p>\n","protected":false},"author":5,"featured_media":274817,"comment_status":"open","ping_status":"closed","sticky":false,"template":"","format":"standard","meta":{"buzzeditor_post_format":""},"categories":[28,9524],"tags":[1499,6604,2596,2854],"yoast_head":"<!-- This site is optimized with the Yoast SEO plugin v19.6.1 - https:\/\/yoast.com\/wordpress\/plugins\/seo\/ -->\n<title>Talasszof\u00f3bi\u00e1s vagy? T\u00f6ltsd ki ezt a 20 fot\u00f3b\u00f3l \u00e1ll\u00f3 kv\u00edzt, hogy megtudd!<\/title>\n<meta name=\"description\" content=\"K\u00f6nnyen elk\u00e9pzelhet\u0151, hogy nem is tudsz r\u00f3la, de talasszof\u00f3bi\u00e1ban szenvedsz. Ez a f\u00f3bia a tengert\u0151l val\u00f3 f\u00e9lelmet jelenti, \u00e9s egy\u00e1ltal\u00e1n nem meglep\u0151,\" \/>\n<meta name=\"robots\" content=\"index, follow, max-snippet:-1, max-image-preview:large, max-video-preview:-1\" \/>\n<link rel=\"canonical\" href=\"https:\/\/liked.hu\/old\/kviz\/talasszofobia-kviz\/\" \/>\n<meta property=\"og:locale\" content=\"hu_HU\" \/>\n<meta property=\"og:type\" content=\"article\" \/>\n<meta property=\"og:title\" content=\"Talasszof\u00f3bi\u00e1s vagy? T\u00f6ltsd ki ezt a 20 fot\u00f3b\u00f3l \u00e1ll\u00f3 kv\u00edzt, hogy megtudd!\" \/>\n<meta property=\"og:description\" content=\"K\u00f6nnyen elk\u00e9pzelhet\u0151, hogy nem is tudsz r\u00f3la, de talasszof\u00f3bi\u00e1ban szenvedsz. Ez a f\u00f3bia a tengert\u0151l val\u00f3 f\u00e9lelmet jelenti, \u00e9s egy\u00e1ltal\u00e1n nem meglep\u0151,\" \/>\n<meta property=\"og:url\" content=\"https:\/\/liked.hu\/old\/kviz\/talasszofobia-kviz\/\" \/>\n<meta property=\"og:site_name\" content=\"Liked.hu\" \/>\n<meta property=\"article:publisher\" content=\"https:\/\/www.facebook.com\/liked.hu\" \/>\n<meta property=\"article:published_time\" content=\"2022-04-14T11:02:30+00:00\" \/>\n<meta property=\"article:modified_time\" content=\"2022-06-14T15:12:04+00:00\" \/>\n<meta property=\"og:image\" content=\"https:\/\/liked.hu\/old\/wp-content\/uploads\/2022\/04\/Talasszofobia-kviz-1.jpeg\" \/>\n\t<meta property=\"og:image:width\" content=\"900\" \/>\n\t<meta property=\"og:image:height\" content=\"470\" \/>\n\t<meta property=\"og:image:type\" content=\"image\/jpeg\" \/>\n<meta name=\"author\" content=\"Sludenkor\" \/>\n<meta name=\"twitter:card\" content=\"summary\" \/>\n<meta name=\"twitter:creator\" content=\"@LikedHu\" \/>\n<meta name=\"twitter:site\" content=\"@LikedHu\" \/>\n<meta name=\"twitter:label1\" content=\"Szerz\u0151:\" \/>\n\t<meta name=\"twitter:data1\" content=\"Sludenkor\" \/>\n\t<meta name=\"twitter:label2\" content=\"Becs\u00fclt olvas\u00e1si id\u0151\" \/>\n\t<meta name=\"twitter:data2\" content=\"1 perc\" \/>\n<script type=\"application\/ld+json\" class=\"yoast-schema-graph\">{\"@context\":\"https:\/\/schema.org\",\"@graph\":[{\"@type\":\"Article\",\"@id\":\"https:\/\/liked.hu\/old\/kviz\/talasszofobia-kviz\/#article\",\"isPartOf\":{\"@id\":\"https:\/\/liked.hu\/old\/kviz\/talasszofobia-kviz\/\"},\"author\":{\"name\":\"Sludenkor\",\"@id\":\"https:\/\/liked.hu\/old\/#\/schema\/person\/6650f7130e2154421c3a5cae3435b47c\"},\"headline\":\"Talasszof\u00f3bi\u00e1s vagy? T\u00f6ltsd ki ezt a 20 fot\u00f3b\u00f3l \u00e1ll\u00f3 kv\u00edzt, hogy megtudd!\",\"datePublished\":\"2022-04-14T11:02:30+00:00\",\"dateModified\":\"2022-06-14T15:12:04+00:00\",\"mainEntityOfPage\":{\"@id\":\"https:\/\/liked.hu\/old\/kviz\/talasszofobia-kviz\/\"},\"wordCount\":144,\"commentCount\":3,\"publisher\":{\"@id\":\"https:\/\/liked.hu\/old\/#organization\"},\"keywords\":[\"kv\u00edz\",\"Talasszof\u00f3bia\",\"teszt\",\"v\u00edz\"],\"articleSection\":[\"Kv\u00edzek\",\"\ud83d\udc64 Szem\u00e9lyis\u00e9gteszt\"],\"inLanguage\":\"hu\",\"potentialAction\":[{\"@type\":\"CommentAction\",\"name\":\"Comment\",\"target\":[\"https:\/\/liked.hu\/old\/kviz\/talasszofobia-kviz\/#respond\"]}]},{\"@type\":\"WebPage\",\"@id\":\"https:\/\/liked.hu\/old\/kviz\/talasszofobia-kviz\/\",\"url\":\"https:\/\/liked.hu\/old\/kviz\/talasszofobia-kviz\/\",\"name\":\"Talasszof\u00f3bi\u00e1s vagy? T\u00f6ltsd ki ezt a 20 fot\u00f3b\u00f3l \u00e1ll\u00f3 kv\u00edzt, hogy megtudd!\",\"isPartOf\":{\"@id\":\"https:\/\/liked.hu\/old\/#website\"},\"datePublished\":\"2022-04-14T11:02:30+00:00\",\"dateModified\":\"2022-06-14T15:12:04+00:00\",\"description\":\"K\u00f6nnyen elk\u00e9pzelhet\u0151, hogy nem is tudsz r\u00f3la, de talasszof\u00f3bi\u00e1ban szenvedsz. Ez a f\u00f3bia a tengert\u0151l val\u00f3 f\u00e9lelmet jelenti, \u00e9s egy\u00e1ltal\u00e1n nem meglep\u0151,\",\"breadcrumb\":{\"@id\":\"https:\/\/liked.hu\/old\/kviz\/talasszofobia-kviz\/#breadcrumb\"},\"inLanguage\":\"hu\",\"potentialAction\":[{\"@type\":\"ReadAction\",\"target\":[\"https:\/\/liked.hu\/old\/kviz\/talasszofobia-kviz\/\"]}]},{\"@type\":\"BreadcrumbList\",\"@id\":\"https:\/\/liked.hu\/old\/kviz\/talasszofobia-kviz\/#breadcrumb\",\"itemListElement\":[{\"@type\":\"ListItem\",\"position\":1,\"name\":\"Kezd\u0151lap\",\"item\":\"https:\/\/liked.hu\/old\/\"},{\"@type\":\"ListItem\",\"position\":2,\"name\":\"Talasszof\u00f3bi\u00e1s vagy? T\u00f6ltsd ki ezt a 20 fot\u00f3b\u00f3l \u00e1ll\u00f3 kv\u00edzt, hogy megtudd!\"}]},{\"@type\":\"WebSite\",\"@id\":\"https:\/\/liked.hu\/old\/#website\",\"url\":\"https:\/\/liked.hu\/old\/\",\"name\":\"Liked.hu\",\"description\":\"\",\"publisher\":{\"@id\":\"https:\/\/liked.hu\/old\/#organization\"},\"potentialAction\":[{\"@type\":\"SearchAction\",\"target\":{\"@type\":\"EntryPoint\",\"urlTemplate\":\"https:\/\/liked.hu\/old\/?s={search_term_string}\"},\"query-input\":\"required name=search_term_string\"}],\"inLanguage\":\"hu\"},{\"@type\":\"Organization\",\"@id\":\"https:\/\/liked.hu\/old\/#organization\",\"name\":\"Liked.hu\",\"url\":\"https:\/\/liked.hu\/old\/\",\"sameAs\":[\"https:\/\/hu.pinterest.com\/likedhungary\/\",\"https:\/\/www.youtube.com\/channel\/UCPv91dbMoIukYcM9b9nHN6Q\",\"https:\/\/www.facebook.com\/liked.hu\",\"https:\/\/twitter.com\/LikedHu\"],\"logo\":{\"@type\":\"ImageObject\",\"inLanguage\":\"hu\",\"@id\":\"https:\/\/liked.hu\/old\/#\/schema\/logo\/image\/\",\"url\":\"https:\/\/liked.hu\/wp-content\/uploads\/2018\/08\/Liked-icon.png\",\"contentUrl\":\"https:\/\/liked.hu\/wp-content\/uploads\/2018\/08\/Liked-icon.png\",\"width\":512,\"height\":512,\"caption\":\"Liked.hu\"},\"image\":{\"@id\":\"https:\/\/liked.hu\/old\/#\/schema\/logo\/image\/\"}},{\"@type\":\"Person\",\"@id\":\"https:\/\/liked.hu\/old\/#\/schema\/person\/6650f7130e2154421c3a5cae3435b47c\",\"name\":\"Sludenkor\",\"image\":{\"@type\":\"ImageObject\",\"inLanguage\":\"hu\",\"@id\":\"https:\/\/liked.hu\/old\/#\/schema\/person\/image\/\",\"url\":\"https:\/\/liked.hu\/old\/wp-content\/uploads\/avatars\/5\/604de86470f75-bpfull.jpg\",\"contentUrl\":\"https:\/\/liked.hu\/old\/wp-content\/uploads\/avatars\/5\/604de86470f75-bpfull.jpg\",\"caption\":\"Sludenkor\"},\"url\":\"https:\/\/liked.hu\/old\/u\/sludenkor\/\"}]}<\/script>\n<!-- \/ Yoast SEO plugin. -->","yoast_head_json":{"title":"Talasszof\u00f3bi\u00e1s vagy? T\u00f6ltsd ki ezt a 20 fot\u00f3b\u00f3l \u00e1ll\u00f3 kv\u00edzt, hogy megtudd!","description":"K\u00f6nnyen elk\u00e9pzelhet\u0151, hogy nem is tudsz r\u00f3la, de talasszof\u00f3bi\u00e1ban szenvedsz. Ez a f\u00f3bia a tengert\u0151l val\u00f3 f\u00e9lelmet jelenti, \u00e9s egy\u00e1ltal\u00e1n nem meglep\u0151,","robots":{"index":"index","follow":"follow","max-snippet":"max-snippet:-1","max-image-preview":"max-image-preview:large","max-video-preview":"max-video-preview:-1"},"canonical":"https:\/\/liked.hu\/old\/kviz\/talasszofobia-kviz\/","og_locale":"hu_HU","og_type":"article","og_title":"Talasszof\u00f3bi\u00e1s vagy? T\u00f6ltsd ki ezt a 20 fot\u00f3b\u00f3l \u00e1ll\u00f3 kv\u00edzt, hogy megtudd!","og_description":"K\u00f6nnyen elk\u00e9pzelhet\u0151, hogy nem is tudsz r\u00f3la, de talasszof\u00f3bi\u00e1ban szenvedsz. Ez a f\u00f3bia a tengert\u0151l val\u00f3 f\u00e9lelmet jelenti, \u00e9s egy\u00e1ltal\u00e1n nem meglep\u0151,","og_url":"https:\/\/liked.hu\/old\/kviz\/talasszofobia-kviz\/","og_site_name":"Liked.hu","article_publisher":"https:\/\/www.facebook.com\/liked.hu","article_published_time":"2022-04-14T11:02:30+00:00","article_modified_time":"2022-06-14T15:12:04+00:00","og_image":[{"width":900,"height":470,"url":"https:\/\/liked.hu\/old\/wp-content\/uploads\/2022\/04\/Talasszofobia-kviz-1.jpeg","type":"image\/jpeg"}],"author":"Sludenkor","twitter_card":"summary","twitter_creator":"@LikedHu","twitter_site":"@LikedHu","twitter_misc":{"Szerz\u0151:":"Sludenkor","Becs\u00fclt olvas\u00e1si id\u0151":"1 perc"},"schema":{"@context":"https:\/\/schema.org","@graph":[{"@type":"Article","@id":"https:\/\/liked.hu\/old\/kviz\/talasszofobia-kviz\/#article","isPartOf":{"@id":"https:\/\/liked.hu\/old\/kviz\/talasszofobia-kviz\/"},"author":{"name":"Sludenkor","@id":"https:\/\/liked.hu\/old\/#\/schema\/person\/6650f7130e2154421c3a5cae3435b47c"},"headline":"Talasszof\u00f3bi\u00e1s vagy? T\u00f6ltsd ki ezt a 20 fot\u00f3b\u00f3l \u00e1ll\u00f3 kv\u00edzt, hogy megtudd!","datePublished":"2022-04-14T11:02:30+00:00","dateModified":"2022-06-14T15:12:04+00:00","mainEntityOfPage":{"@id":"https:\/\/liked.hu\/old\/kviz\/talasszofobia-kviz\/"},"wordCount":144,"commentCount":3,"publisher":{"@id":"https:\/\/liked.hu\/old\/#organization"},"keywords":["kv\u00edz","Talasszof\u00f3bia","teszt","v\u00edz"],"articleSection":["Kv\u00edzek","\ud83d\udc64 Szem\u00e9lyis\u00e9gteszt"],"inLanguage":"hu","potentialAction":[{"@type":"CommentAction","name":"Comment","target":["https:\/\/liked.hu\/old\/kviz\/talasszofobia-kviz\/#respond"]}]},{"@type":"WebPage","@id":"https:\/\/liked.hu\/old\/kviz\/talasszofobia-kviz\/","url":"https:\/\/liked.hu\/old\/kviz\/talasszofobia-kviz\/","name":"Talasszof\u00f3bi\u00e1s vagy? T\u00f6ltsd ki ezt a 20 fot\u00f3b\u00f3l \u00e1ll\u00f3 kv\u00edzt, hogy megtudd!","isPartOf":{"@id":"https:\/\/liked.hu\/old\/#website"},"datePublished":"2022-04-14T11:02:30+00:00","dateModified":"2022-06-14T15:12:04+00:00","description":"K\u00f6nnyen elk\u00e9pzelhet\u0151, hogy nem is tudsz r\u00f3la, de talasszof\u00f3bi\u00e1ban szenvedsz. Ez a f\u00f3bia a tengert\u0151l val\u00f3 f\u00e9lelmet jelenti, \u00e9s egy\u00e1ltal\u00e1n nem meglep\u0151,","breadcrumb":{"@id":"https:\/\/liked.hu\/old\/kviz\/talasszofobia-kviz\/#breadcrumb"},"inLanguage":"hu","potentialAction":[{"@type":"ReadAction","target":["https:\/\/liked.hu\/old\/kviz\/talasszofobia-kviz\/"]}]},{"@type":"BreadcrumbList","@id":"https:\/\/liked.hu\/old\/kviz\/talasszofobia-kviz\/#breadcrumb","itemListElement":[{"@type":"ListItem","position":1,"name":"Kezd\u0151lap","item":"https:\/\/liked.hu\/old\/"},{"@type":"ListItem","position":2,"name":"Talasszof\u00f3bi\u00e1s vagy? T\u00f6ltsd ki ezt a 20 fot\u00f3b\u00f3l \u00e1ll\u00f3 kv\u00edzt, hogy megtudd!"}]},{"@type":"WebSite","@id":"https:\/\/liked.hu\/old\/#website","url":"https:\/\/liked.hu\/old\/","name":"Liked.hu","description":"","publisher":{"@id":"https:\/\/liked.hu\/old\/#organization"},"potentialAction":[{"@type":"SearchAction","target":{"@type":"EntryPoint","urlTemplate":"https:\/\/liked.hu\/old\/?s={search_term_string}"},"query-input":"required name=search_term_string"}],"inLanguage":"hu"},{"@type":"Organization","@id":"https:\/\/liked.hu\/old\/#organization","name":"Liked.hu","url":"https:\/\/liked.hu\/old\/","sameAs":["https:\/\/hu.pinterest.com\/likedhungary\/","https:\/\/www.youtube.com\/channel\/UCPv91dbMoIukYcM9b9nHN6Q","https:\/\/www.facebook.com\/liked.hu","https:\/\/twitter.com\/LikedHu"],"logo":{"@type":"ImageObject","inLanguage":"hu","@id":"https:\/\/liked.hu\/old\/#\/schema\/logo\/image\/","url":"https:\/\/liked.hu\/wp-content\/uploads\/2018\/08\/Liked-icon.png","contentUrl":"https:\/\/liked.hu\/wp-content\/uploads\/2018\/08\/Liked-icon.png","width":512,"height":512,"caption":"Liked.hu"},"image":{"@id":"https:\/\/liked.hu\/old\/#\/schema\/logo\/image\/"}},{"@type":"Person","@id":"https:\/\/liked.hu\/old\/#\/schema\/person\/6650f7130e2154421c3a5cae3435b47c","name":"Sludenkor","image":{"@type":"ImageObject","inLanguage":"hu","@id":"https:\/\/liked.hu\/old\/#\/schema\/person\/image\/","url":"https:\/\/liked.hu\/old\/wp-content\/uploads\/avatars\/5\/604de86470f75-bpfull.jpg","contentUrl":"https:\/\/liked.hu\/old\/wp-content\/uploads\/avatars\/5\/604de86470f75-bpfull.jpg","caption":"Sludenkor"},"url":"https:\/\/liked.hu\/old\/u\/sludenkor\/"}]}},"publishpress_future_action":{"enabled":false,"date":"1970-01-01 01:00:00","action":"","terms":[],"taxonomy":"","browser_timezone_offset":0},"_links":{"self":[{"href":"https:\/\/liked.hu\/old\/wp-json\/wp\/v2\/posts\/274815"}],"collection":[{"href":"https:\/\/liked.hu\/old\/wp-json\/wp\/v2\/posts"}],"about":[{"href":"https:\/\/liked.hu\/old\/wp-json\/wp\/v2\/types\/post"}],"author":[{"embeddable":true,"href":"https:\/\/liked.hu\/old\/wp-json\/wp\/v2\/users\/5"}],"replies":[{"embeddable":true,"href":"https:\/\/liked.hu\/old\/wp-json\/wp\/v2\/comments?post=274815"}],"version-history":[{"count":0,"href":"https:\/\/liked.hu\/old\/wp-json\/wp\/v2\/posts\/274815\/revisions"}],"wp:featuredmedia":[{"embeddable":true,"href":"https:\/\/liked.hu\/old\/wp-json\/wp\/v2\/media\/274817"}],"wp:attachment":[{"href":"https:\/\/liked.hu\/old\/wp-json\/wp\/v2\/media?parent=274815"}],"wp:term":[{"taxonomy":"category","embeddable":true,"href":"https:\/\/liked.hu\/old\/wp-json\/wp\/v2\/categories?post=274815"},{"taxonomy":"post_tag","embeddable":true,"href":"https:\/\/liked.hu\/old\/wp-json\/wp\/v2\/tags?post=274815"}],"curies":[{"name":"wp","href":"https:\/\/api.w.org\/{rel}","templated":true}]}}