{"id":267287,"date":"2023-08-02T13:15:00","date_gmt":"2023-08-02T11:15:00","guid":{"rendered":"https:\/\/liked.hu\/old\/?p=267287"},"modified":"2023-08-02T13:16:08","modified_gmt":"2023-08-02T11:16:08","slug":"10-titokzatos-foto-amit-nem-konnyu-megmagyarazni","status":"publish","type":"post","link":"https:\/\/liked.hu\/old\/erdekes\/10-titokzatos-foto-amit-nem-konnyu-megmagyarazni\/","title":{"rendered":"10 titokzatos fot\u00f3, amit nem k\u00f6nny\u0171 megmagyar\u00e1zni"},"content":{"rendered":"<p>A legt\u00f6bb ember valami\u00e9rt rendk\u00edv\u00fcli m\u00f3don \u00e9lvezi a rejt\u00e9lyes dolgokat. Egy megfejt\u00e9sre v\u00e1r\u00f3 rejt\u00e9ly kapcs\u00e1n legt\u00f6bbsz\u00f6r \u00fagy \u00e9rezz\u00fck, hogy k\u00e9pesek vagyunk el\u0151\u00e1llni egy a saj\u00e1t elm\u00e9lettel, ami m\u00e9g senkinek nem jutott m\u00e9g esz\u00e9be kor\u00e1bban. Ez persze legt\u00f6bbsz\u00f6r nem \u00edgy van, r\u00e1ad\u00e1sul teljesen mindegy, hogy ki-milyen elm\u00e9lettel \u00e1ll el\u0151, hiszen ezek a rejt\u00e9lyek olyan r\u00e9giek, hogy val\u00f3sz\u00edn\u0171leg sosem fogjuk megtudni, mi az igazs\u00e1g vel\u00fck kapcsolatban.<\/p>\n\n<div style=\"float:none;margin:0px 0 0px 0;text-align:center;\">\n<div class=\"mobileShowkakettes\"><div class=\"mobileShowka2\"><div style=\"padding-top:0px;padding-bottom:15px;min-height: 300px;\"><div class=\"hirdetes\">HIRDET\u00c9S<\/div>\n<!-- 300lista -->\n<ins class=\"adsbygoogle\"\n     style=\"display:inline-block;width:300px;height:250px\"\n     data-ad-client=\"ca-pub-9424088931673893\"\n     data-ad-slot=\"8471340766\"><\/ins>\n<script async>\n     (adsbygoogle = window.adsbygoogle || []).push({});\n<\/script><\/div><\/div><\/div><\/div>\n\n<p>A&nbsp;<strong>Liked.hu<\/strong>-n\u00e1l most 10 eml\u00e9kezetes alkalmat gy\u0171jt\u00f6tt\u00fcnk \u00f6ssze a t\u00f6rt\u00e9nelemb\u0151l, amikor egy-egy fot\u00f3 l\u00e1tt\u00e1n az eg\u00e9sz emberis\u00e9g Sherlock Holmesk\u00e9nt pr\u00f3b\u00e1lt magyar\u00e1zatot tal\u00e1lni az egy\u00e9bk\u00e9nt megmagyar\u00e1zhatatlan esem\u00e9nyekre.<\/p>\n<div id=\"zombify-main-section-front\" class=\"zombify-main-section-front zombify-screen zf-media-full zf-screen-sm\">\n<div class=\"zf-container\">\n<div id=\"zf-list\" class=\"zf-list zf-numbered\">\n<ol class=\"zf-structure-list\">\n<li style=\"list-style-type: none;\">\n<ol class=\"zf-structure-list\">\n<li class=\"zf-list_item\">\n<div class=\"zf-list_header\">\n<h3 id=\"1\" class=\"zf-list_title\"><span class=\"zf-number\">1<\/span>&nbsp;&#8222;Babushka Lady&#8221;-nek lehet b\u00e1rmi k\u00f6ze John F. Kennedy meggyilkol\u00e1s\u00e1hoz?<\/h3>\n<\/div>\n<figure class=\"zf-list_media zf-media-wrapper zf-image zf-type-image\">\n<div class=\"zf-media\" title=\"&quot;Babushka Lady&quot;-nek lehet b\u00e1rmi k\u00f6ze John F. Kennedy meggyilkol\u00e1s\u00e1hoz?\">\n<div class=\"zf-media\" title=\"&quot;Babushka Lady&quot;-nek lehet b\u00e1rmi k\u00f6ze John F. Kennedy meggyilkol\u00e1s\u00e1hoz?\">\n<div class=\"bb-media-placeholder\"><img loading=\"lazy\" class=\"\" src=\"https:\/\/liked.hu\/old\/wp-content\/uploads\/2021\/11\/Babushka-lady.jpg\" sizes=\"(max-width: 800px) 100vw, 800px\" srcset=\"https:\/\/liked.hu\/old\/wp-content\/uploads\/2021\/11\/Babushka-lady.jpg 800w, https:\/\/liked.hu\/old\/wp-content\/uploads\/2021\/11\/Babushka-lady-768x739.jpg 768w, https:\/\/liked.hu\/old\/wp-content\/uploads\/2021\/11\/Babushka-lady-360x347.jpg 360w\" alt=\"Babushka lady\" width=\"800\" height=\"770\"><\/div>\n<\/div>\n<\/div><figcaption class=\"zf-figcaption\"><cite><\/cite><\/figcaption><\/figure>\n<div class=\"zf-list_description\">\n<p>John F. Kennedy 1963-as meggyilkol\u00e1sa sz\u00e1mos \u00f6sszeesk\u00fcv\u00e9s-elm\u00e9letet sz\u00fclt. Az egyik rejt\u00e9lyt a k\u00e9pen l\u00e1that\u00f3 h\u00f6lgy okozta. A m\u00e9dia k\u00e9s\u0151bb &#8222;Babushka Lady&#8221; n\u00e9vre keresztelte, de miben k\u00fcl\u00f6nb\u00f6z\u00f6tt ez a h\u00f6lgy a t\u00f6bbi embert\u0151l? Nos, el\u0151sz\u00f6r is, m\u00e1sokkal ellent\u00e9tben \u0151 minden videokamer\u00e1val r\u00f6gz\u00edtett, r\u00e1ad\u00e1sul nagyon k\u00f6zel \u00e1llt ahhoz a helyhez, ahol a goly\u00f3 eltal\u00e1lta az eln\u00f6k\u00f6t. A p\u00e1nik kit\u00f6r\u00e9se ut\u00e1n a n\u0151 nem szaladt el, hanem nyugodtan s\u00e9t\u00e1lt a t\u00f6megben, majd elt\u0171nt.<\/p>\n<p>1970-ben egy Beverly Oliver nev\u0171 n\u0151 azt \u00e1ll\u00edtotta, hogy \u0151 volt a titokzatos &#8222;Babushka Lady&#8221;, de nincs meg az \u00e1ltala k\u00e9sz\u00edtett felv\u00e9tel, mert n\u00e9h\u00e1ny \u00e9vvel Kennedy meggyilkol\u00e1sa ut\u00e1n egy f\u00e9rfi kopogtatott be a h\u00e1z\u00e1ba, azt \u00e1ll\u00edtva, hogy FBI \u00fcgyn\u00f6k, majd elvette t\u0151le a felv\u00e9telt \u00e9s soha t\u00f6bb\u00e9 nem l\u00e1tta.<\/p>\n<p>A n\u0151 sztorija azonnal k\u00e9ts\u00e9geket \u00e9bresztett, f\u0151leg az\u00e9rt, mert 1963-ban m\u00e9g csak 17 \u00e9ves volt. A fot\u00f3 szerint pedig a h\u00f6lgynek legal\u00e1bb 40 \u00e9vesnek kellett lennie. A rend\u0151rs\u00e9g is megk\u00e9rd\u0151jelezte a n\u0151 t\u00f6rt\u00e9net\u00e9t, ez\u00e9rt a &#8222;Babushka Lady&#8221; rejt\u00e9ly\u00e9t tov\u00e1bbra is titok \u00f6vezi.<\/p>\n\n<div style=\"float:none;margin:0px 0 0px 0;text-align:center;\">\n<div class=\"mobileHideke5\"><div style=\"margin-top:25px;\"><div class=\"hirdeteshatter\"><div style=\"display: inline-block;width: 50%;min-width:305px;vertical-align: top;\"><div class=\"hirdetes\">HIRDET\u00c9S<\/div>\n<!-- LikedQ51 -->\n<ins class=\"adsbygoogle\"\n     style=\"display:inline-block;width:300px;height:250px\"\n     data-ad-client=\"ca-pub-9424088931673893\"\n     data-ad-slot=\"8284063326\"><\/ins>\n<script async>\n     (adsbygoogle = window.adsbygoogle || []).push({});\n<\/script><\/div><div style=\"display: inline-block;width: 50%;min-width:305px;vertical-align: top;\"><div class=\"hirdetes\">HIRDET\u00c9S<\/div>\n<!-- LikedQ52 -->\n<ins class=\"adsbygoogle\"\n     style=\"display:inline-block;width:300px;height:250px\"\n     data-ad-client=\"ca-pub-9424088931673893\"\n     data-ad-slot=\"2840164950\"><\/ins>\n<script async>\n     (adsbygoogle = window.adsbygoogle || []).push({});\n<\/script><\/div><\/div><\/div><\/div>\n<div style=\"display:flex;flex-direction:column;\"><div class=\"mobileShowka5\"><div style=\"padding-top:10px;padding-bottom:10px;min-height: 300px;\"><div class=\"hirdetes\">HIRDET\u00c9S<\/div>\n<!-- LikedQ5M -->\n<ins class=\"adsbygoogle\"\n     style=\"display:inline-block;width:300px;height:250px\"\n     data-ad-client=\"ca-pub-9424088931673893\"\n     data-ad-slot=\"9022429928\"><\/ins>\n<script async>\n     (adsbygoogle = window.adsbygoogle || []).push({});\n<\/script><\/div><\/div><\/div><\/div>\n\n<\/div>\n<\/li>\n<li class=\"zf-list_item\">\n<div class=\"zf-list_header\">\n<h3 id=\"2\" class=\"zf-list_title\"><span class=\"zf-number\">2<\/span>&nbsp;Hessdalen-f\u00e9nyek: UFO-k vagy egy term\u00e9szetes akkumul\u00e1tor?<\/h3>\n<\/div>\n<figure class=\"zf-list_media zf-media-wrapper zf-image zf-type-image\">\n<div class=\"zf-media\" title=\"Hessdalen-f\u00e9nyek: UFO-k vagy egy term\u00e9szetes akkumul\u00e1tor?\">\n<div class=\"zf-media\" title=\"Hessdalen-f\u00e9nyek: UFO-k vagy egy term\u00e9szetes akkumul\u00e1tor?\">\n<div class=\"bb-media-placeholder\"><img loading=\"lazy\" class=\"\" src=\"https:\/\/liked.hu\/old\/wp-content\/uploads\/2021\/11\/1f849669c8358565a68bd798bbb65e0f.jpg\" sizes=\"(max-width: 800px) 100vw, 800px\" srcset=\"https:\/\/liked.hu\/old\/wp-content\/uploads\/2021\/11\/1f849669c8358565a68bd798bbb65e0f.jpg 800w, https:\/\/liked.hu\/old\/wp-content\/uploads\/2021\/11\/1f849669c8358565a68bd798bbb65e0f-768x768.jpg 768w, https:\/\/liked.hu\/old\/wp-content\/uploads\/2021\/11\/1f849669c8358565a68bd798bbb65e0f-360x360.jpg 360w\" alt=\"1f849669c8358565a68bd798bbb65e0f\" width=\"800\" height=\"800\"><\/div>\n<\/div>\n<\/div><figcaption class=\"zf-figcaption\"><cite><\/cite><\/figcaption><\/figure>\n<div class=\"zf-list_description\">\n<p>A norv\u00e9giai Hessdalenben az emberek rendszeresen \u00e9szlelik a k\u00e9pen l\u00e1that\u00f3 f\u00e9nyeket. A f\u00e9nyek k\u00fcl\u00f6n\u00f6sen akt\u00edvak voltak 1981 \u00e9s 198 k\u00f6z\u00f6tt, amikor a vil\u00e1g minden t\u00e1j\u00e1r\u00f3l \u00e9rkeztek ide emberek, hogy a szabad \u00e9g alatt \u00e9jszak\u00e1zva figyelj\u00e9k meg a hetente 15-20 alkalommal felt\u0171n\u0151 f\u00e9nyeket. Napjainkban m\u00e1r csak \u00e9vente 15-20 alkalommal t\u0171nnek fel.<\/p>\n<p>Tudom\u00e1nyos magyar\u00e1zat tov\u00e1bbra sincs a jelens\u00e9gre, \u00e1m az UFO-elm\u00e9leteken t\u00fal egyes tud\u00f3sok \u00fagy v\u00e9lik, hogy a f\u00e9nyeket a k\u00f6rnyez\u0151 hegyekben l\u00e9v\u0151 nagy mennyis\u00e9g\u0171 vas, illetve a foly\u00f3ban l\u00e9v\u0151 nagy mennyis\u00e9g\u0171 k\u00e9n okozza, melynek hat\u00e1s\u00e1ra egyfajta term\u00e9szetes akkumul\u00e1tork\u00e9nt \u00fczemel a v\u00f6lgy \u00e9s ez okozza a rejt\u00e9lyes f\u00e9nyjelens\u00e9geket.<\/p>\n<\/div>\n<\/li>\n<li class=\"zf-list_item\">\n<div class=\"zf-list_header\">\n<h3 id=\"3\" class=\"zf-list_title\"><span class=\"zf-number\">3<\/span>&nbsp;Tengeri sz\u00f6rny<\/h3>\n<\/div>\n<figure class=\"zf-list_media zf-media-wrapper zf-image zf-type-image\">\n<div class=\"zf-media\" title=\"Tengeri sz\u00f6rny\">\n<div class=\"zf-media\" title=\"Tengeri sz\u00f6rny\">\n<div class=\"bb-media-placeholder\"><img loading=\"lazy\" class=\"\" src=\"https:\/\/liked.hu\/old\/wp-content\/uploads\/2021\/11\/Vizi-szorny.jpg\" sizes=\"(max-width: 800px) 100vw, 800px\" srcset=\"https:\/\/liked.hu\/old\/wp-content\/uploads\/2021\/11\/Vizi-szorny.jpg 800w, https:\/\/liked.hu\/old\/wp-content\/uploads\/2021\/11\/Vizi-szorny-768x768.jpg 768w, https:\/\/liked.hu\/old\/wp-content\/uploads\/2021\/11\/Vizi-szorny-360x360.jpg 360w\" alt=\"Vizi szorny\" width=\"800\" height=\"800\"><\/div>\n<\/div>\n<\/div><figcaption class=\"zf-figcaption\"><cite><\/cite><\/figcaption><\/figure>\n<div class=\"zf-list_description\">\n<p>Manaps\u00e1g egy ilyen fot\u00f3 l\u00e1tt\u00e1n azonnal Photoshoppot ki\u00e1ltan\u00e1nk, de ez a k\u00e9p 1964. december 12-\u00e9n k\u00e9sz\u00fclt, amikor m\u00e9g t\u00e1volr\u00f3l sem l\u00e9tezett Photoshop.<\/p>\n<p>Robert Le Serrec \u00e9s feles\u00e9ge a Stonehaven-\u00f6b\u00f6l partjain\u00e1l haj\u00f3ztak \u00e9pp a queenslandi Hook-szigeten, amikor a feles\u00e9g egy hatalmas \u00e1rny\u00e9kra lett figyelmes egy csendes, f\u00e9lrees\u0151 lag\u00fan\u00e1ban. T\u00f6bb f\u00e9nyk\u00e9pet is k\u00e9sz\u00edtett, hogy a v\u00e9g\u00e9re j\u00e1rhasson a hatalmas l\u00e9nynek, mely elmond\u00e1sa szerint \u00fagy n\u00e9zett ki, mint egy 25 m\u00e9ter hossz\u00fa ebihal. A l\u00e9ny eleinte mozdulatlan volt, de amikor a cs\u00f3nakkal megpr\u00f3b\u00e1lt\u00e1k megk\u00f6zel\u00edteni, gyorsan a m\u00e9lybe s\u00fcllyedt.<\/p>\n\n<div style=\"float:none;margin:0px 0 0px 0;text-align:center;\">\n<div class=\"mobileHideke8\"><div style=\"margin-top:25px;\"><div class=\"hirdeteshatter\"><div style=\"display: inline-block;width: 50%;min-width:340px;vertical-align: top;\"><div class=\"hirdetes\">HIRDET\u00c9S<\/div>\n<!-- Liked7Q1 -->\n<ins class=\"adsbygoogle\"\n     style=\"display:inline-block;width:336px;height:280px\"\n     data-ad-client=\"ca-pub-9424088931673893\"\n     data-ad-slot=\"3022062587\"><\/ins>\n<script async>\n     (adsbygoogle = window.adsbygoogle || []).push({});\n<\/script><\/div><div style=\"display: inline-block;width: 50%;min-width:340px;vertical-align: top;\"><div class=\"hirdetes\">HIRDET\u00c9S<\/div>\n<!-- Liked7Q2 -->\n<ins class=\"adsbygoogle\"\n     style=\"display:inline-block;width:336px;height:280px\"\n     data-ad-client=\"ca-pub-9424088931673893\"\n     data-ad-slot=\"3952000871\"><\/ins>\n<script async>\n     (adsbygoogle = window.adsbygoogle || []).push({});\n<\/script><\/div><\/div><\/div><\/div>\n<div style=\"display:flex;flex-direction:column;\"><div class=\"mobileShowka8\"><div style=\"padding-top:15px;margin-bottom:15px;min-height: 300px;\"><div class=\"hirdetes\">HIRDET\u00c9S<\/div>\n<!-- Liked7QMobil -->\n<ins class=\"adsbygoogle\"\n     style=\"display:inline-block;width:336px;height:280px\"\n     data-ad-client=\"ca-pub-9424088931673893\"\n     data-ad-slot=\"5073510857\"><\/ins>\n<script async>\n     (adsbygoogle = window.adsbygoogle || []).push({});\n<\/script><\/div><\/div><\/div><\/div>\n\n<\/div>\n<\/li>\n<li class=\"zf-list_item\">\n<div class=\"zf-list_header\">\n<h3 id=\"4\" class=\"zf-list_title\"><span class=\"zf-number\">4<\/span>&nbsp;\u0170rhaj\u00f3s sziluett<\/h3>\n<\/div>\n<figure class=\"zf-list_media zf-media-wrapper zf-embed\">\n<div class=\"zf-media\" title=\"\u0170rhaj\u00f3s sziluett\">\n<div class=\"zf-media\" title=\"\u0170rhaj\u00f3s sziluett\">\n<div class=\"zf-embedded-url\"><img loading=\"lazy\" src=\"https:\/\/liked.hu\/old\/wp-content\/uploads\/2019\/05\/rtf8.jpg\" alt=\"\" width=\"100%\" height=\"auto\"><\/div>\n<\/div>\n<\/div><figcaption class=\"zf-figcaption\"><cite><\/cite><\/figcaption><\/figure>\n<div class=\"zf-list_description\">\n<p>1964-ben Jim Templeton f\u00e9nyk\u00e9p\u00e9sz k\u00e9sz\u00edtette ezt a fot\u00f3t a l\u00e1ny\u00e1r\u00f3l, de az el\u0151h\u00edv\u00e1s ut\u00e1n egy eg\u00e9szen elk\u00e9peszt\u0151 alak bontakozott ki a k\u00e9pen: egy \u0171rhaj\u00f3s szkafanderbe b\u00fajt \u201evalamit&#8221; \u00f6r\u00f6k\u00edtett meg a kamera. A f\u00e9rfi \u00e1ll\u00edtotta, hogy a fot\u00f3 elk\u00e9sz\u00fcltekor csak a l\u00e1nya volt a helysz\u00ednen. M\u00e9g a Kodak v\u00e1llalat is vizsg\u00e1l\u00f3dni kezdett a t\u00e9m\u00e1ban \u00e9s meg\u00e1llap\u00edtott\u00e1k, hogy a tekercs \u00e9rintetlen, senki se buher\u00e1lta meg a k\u00e9pet.<\/p>\n<p>Sokan \u00fagy v\u00e9lik, hogy a k\u00e9pen l\u00e1that\u00f3 \u0171rhaj\u00f3s val\u00f3j\u00e1ban a l\u00e1ny \u00e9desanyja, aki a domb tetej\u00e9n \u00e1llt \u00e9s a f\u00e9ny pont \u00fagy esett az objekt\u00edvre, hogy ilyen becsap\u00f3s f\u00e9nyk\u00e9p sz\u00fcletett.<\/p>\n<\/div>\n<\/li>\n<li class=\"zf-list_item\">\n<div class=\"zf-list_header\">\n<h3 id=\"5\" class=\"zf-list_title\"><span class=\"zf-number\">5<\/span>&nbsp;Fantomarcok a Watertown fed\u00e9lzet\u00e9n<\/h3>\n<\/div>\n<figure class=\"zf-list_media zf-media-wrapper zf-image zf-type-image\">\n<div class=\"zf-media\" title=\"Fantomarcok a Watertown fed\u00e9lzet\u00e9n\">\n<div class=\"zf-media\" title=\"Fantomarcok a Watertown fed\u00e9lzet\u00e9n\">\n<div class=\"bb-media-placeholder\"><img loading=\"lazy\" class=\"\" src=\"https:\/\/liked.hu\/old\/wp-content\/uploads\/2021\/11\/4ee72132b046c42675b26ae66af26ee3.jpg\" sizes=\"(max-width: 800px) 100vw, 800px\" srcset=\"https:\/\/liked.hu\/old\/wp-content\/uploads\/2021\/11\/4ee72132b046c42675b26ae66af26ee3.jpg 800w, https:\/\/liked.hu\/old\/wp-content\/uploads\/2021\/11\/4ee72132b046c42675b26ae66af26ee3-768x768.jpg 768w, https:\/\/liked.hu\/old\/wp-content\/uploads\/2021\/11\/4ee72132b046c42675b26ae66af26ee3-360x360.jpg 360w\" alt=\"4ee72132b046c42675b26ae66af26ee3\" width=\"800\" height=\"800\"><\/div>\n<\/div>\n<\/div><figcaption class=\"zf-figcaption\"><cite><\/cite><\/figcaption><\/figure>\n<div class=\"zf-list_description\">\n<p>James Courtney \u00e9s Michael Meehan egy \u00fczemanyagtart\u00e1lyt tiszt\u00edtott a Watertown haj\u00f3n 1924-ben. A munkav\u00e9gz\u00e9s sor\u00e1n a f\u00e9rfiak k\u00e1ros g\u0151z\u00f6ket sz\u00edvtak be, \u00e9s megfulladtak. Az akkori szok\u00e1soknak megfelel\u0151en a tengerbe temett\u00e9k el \u0151ket, de a temet\u00e9s\u00fck ut\u00e1n n\u00e9h\u00e1ny napig a haj\u00f3t k\u00e9t f\u00e9rfi arc \u00fcld\u00f6zte a vizen, akik egy pillanatra sem t\u0171ntek el a v\u00edz felsz\u00edn\u00e9r\u0151l.<\/p>\n<p>Az arcok olyan j\u00f3l l\u00e1tszottak, hogy Keith Tracy kapit\u00e1ny elrendelte, f\u00e9nyk\u00e9pezze le \u0151ket a szem\u00e9lyzet.<\/p>\n<\/div>\n<\/li>\n<\/ol>\n<\/li>\n<\/ol>\n<p><!--nextpage--><\/p>\n<div id=\"zombify-main-section-front\" class=\"zombify-main-section-front zombify-screen zf-media-full zf-screen-sm\">\n<div class=\"zf-container\">\n<div id=\"zf-list\" class=\"zf-list zf-numbered\">\n<ol class=\"zf-structure-list\">\n<li class=\"zf-list_item\">\n<div class=\"zf-list_header\">\n<h3 id=\"6\" class=\"zf-list_title\"><span class=\"zf-number\">6<\/span>&nbsp;F\u00f6ld k\u00f6r\u00fcl kering\u0151 idegen m\u0171hold<\/h3>\n<\/div>\n<figure class=\"zf-list_media zf-media-wrapper zf-embed\">\n<div class=\"zf-media\" title=\"F\u00f6ld k\u00f6r\u00fcl kering\u0151 idegen m\u0171hold\">\n<div class=\"zf-media\" title=\"F\u00f6ld k\u00f6r\u00fcl kering\u0151 idegen m\u0171hold\">\n<div class=\"zf-embedded-url\"><img loading=\"lazy\" src=\"https:\/\/liked.hu\/old\/wp-content\/uploads\/2019\/05\/rtf3.jpg\" alt=\"\" width=\"100%\" height=\"auto\"><\/div>\n<\/div>\n<\/div><figcaption class=\"zf-figcaption\"><cite><\/cite><\/figcaption><\/figure>\n<div class=\"zf-list_description\">\n<p>Rep\u00fclhet-e egy 13.000 \u00e9vn\u00e9l id\u0151sebb m\u0171hold a F\u00f6ld k\u00f6r\u00fcli p\u00e1ly\u00e1n? Elm\u00e9letileg minden megt\u00f6rt\u00e9net.<\/p>\n<p>A F\u00f6ld k\u00f6r\u00fcli p\u00e1ly\u00e1n lebeg\u0151 azonos\u00edtatlan objektummal kapcsolatos pletyk\u00e1k el\u0151sz\u00f6r az 1950-es \u00e9vekben jelentek meg, amikor az amerikai l\u00e9gier\u0151 k\u00e9t olyan m\u0171holdra lett figyelmes, amit sem hozz\u00e1juk, sem a szovjetekhez nem tartozott.<\/p>\n<\/div>\n<\/li>\n<li class=\"zf-list_item\">\n<div class=\"zf-list_header\">\n<h3 id=\"7\" class=\"zf-list_title\"><span class=\"zf-number\">7<\/span>&nbsp;Szellem a vacsor\u00e1n\u00e1l<\/h3>\n<\/div>\n<figure class=\"zf-list_media zf-media-wrapper zf-image zf-type-image\">\n<div class=\"zf-media\" title=\"Szellem a vacsor\u00e1n\u00e1l\">\n<div class=\"zf-media\" title=\"Szellem a vacsor\u00e1n\u00e1l\">\n<div class=\"bb-media-placeholder\"><img loading=\"lazy\" class=\"\" src=\"https:\/\/liked.hu\/old\/wp-content\/uploads\/2021\/11\/2db248c42461fb2bb3aea427d64fc17a.jpg\" sizes=\"(max-width: 800px) 100vw, 800px\" srcset=\"https:\/\/liked.hu\/old\/wp-content\/uploads\/2021\/11\/2db248c42461fb2bb3aea427d64fc17a.jpg 800w, https:\/\/liked.hu\/old\/wp-content\/uploads\/2021\/11\/2db248c42461fb2bb3aea427d64fc17a-768x768.jpg 768w, https:\/\/liked.hu\/old\/wp-content\/uploads\/2021\/11\/2db248c42461fb2bb3aea427d64fc17a-360x360.jpg 360w\" alt=\"2db248c42461fb2bb3aea427d64fc17a\" width=\"800\" height=\"800\"><\/div>\n<\/div>\n<\/div><figcaption class=\"zf-figcaption\"><cite><\/cite><\/figcaption><\/figure>\n<div class=\"zf-list_description\">\n<p>A legenda szerint amikor a Cooper csal\u00e1d (a k\u00e9pen) bek\u00f6lt\u00f6z\u00f6tt az \u00faj otthon\u00e1ba, ez volt az els\u0151 fot\u00f3, amit a h\u00e1z falai k\u00f6z\u00f6tt k\u00e9sz\u00edtettek. Amikor a fot\u00f3t el\u0151h\u00edvt\u00e1k, egy f\u00e9lelmetes, mennyezetr\u0151l l\u00f3g\u00f3 testre lettek figyelmesek, amit a f\u00e9nyk\u00e9p k\u00e9sz\u00edt\u00e9s\u00e9nek pillanat\u00e1ban senki sem l\u00e1tott.<\/p>\n<p>Sokan azzal magyar\u00e1zz\u00e1k a rejt\u00e9lyes fot\u00f3t, hogy az akkori kezdetleges technika miatt val\u00f3sz\u00edn\u0171leg egym\u00e1sra lett fot\u00f3zva k\u00e9t k\u00fcl\u00f6nb\u00f6z\u0151 k\u00e9p.<\/p>\n\n<div style=\"float:none;margin:0px 0 0px 0;text-align:center;\">\n<div class=\"mobileHideke8\"><div class=\"hirdeteshatter\"><div style=\"display: inline-block;width: 50%;min-width:340px;vertical-align: top;\"><div class=\"hirdetes\">HIRDET\u00c9S<\/div>\n<!-- LikedQ81 -->\n<ins class=\"adsbygoogle\"\n     style=\"display:inline-block;width:336px;height:280px\"\n     data-ad-client=\"ca-pub-9424088931673893\"\n     data-ad-slot=\"2436840276\"><\/ins>\n<script async>\n     (adsbygoogle = window.adsbygoogle || []).push({});\n<\/script><\/div><div style=\"display: inline-block;width: 50%;min-width:340px;vertical-align: top;\"><div class=\"hirdetes\">HIRDET\u00c9S<\/div>\n<!-- LikedQ82 -->\n<ins class=\"adsbygoogle\"\n     style=\"display:inline-block;width:336px;height:280px\"\n     data-ad-client=\"ca-pub-9424088931673893\"\n     data-ad-slot=\"3558350253\"><\/ins>\n<script async>\n     (adsbygoogle = window.adsbygoogle || []).push({});\n<\/script><\/div><\/div><\/div>\n<div style=\"display:flex;flex-direction:column;\"><div class=\"mobileShowka8 nyolc\"><div style=\"padding-top:15px;padding-bottom:5px;min-height: 300px;\"><div class=\"hirdetes\">HIRDET\u00c9S<\/div>\n<!-- LikedQ8M -->\n<ins class=\"adsbygoogle\"\n     style=\"display:inline-block;width:336px;height:280px\"\n     data-ad-client=\"ca-pub-9424088931673893\"\n     data-ad-slot=\"4679860235\"><\/ins>\n<script async>\n     (adsbygoogle = window.adsbygoogle || []).push({});\n<\/script><\/div><\/div><\/div><\/div>\n\n<\/div>\n<\/li>\n<li class=\"zf-list_item\">\n<div class=\"zf-list_header\">\n<h3 id=\"8\" class=\"zf-list_title\"><span class=\"zf-number\">8<\/span>&nbsp;Piramisok a Hold s\u00f6t\u00e9t oldal\u00e1n<\/h3>\n<\/div>\n<figure class=\"zf-list_media zf-media-wrapper zf-image zf-type-image\">\n<div class=\"zf-media\" title=\"Piramisok a Hold s\u00f6t\u00e9t oldal\u00e1n\">\n<div class=\"zf-media\" title=\"Piramisok a Hold s\u00f6t\u00e9t oldal\u00e1n\">\n<div class=\"bb-media-placeholder\"><img loading=\"lazy\" class=\"\" src=\"https:\/\/liked.hu\/old\/wp-content\/uploads\/2021\/11\/Piramis-a-Holdon.jpg\" sizes=\"(max-width: 800px) 100vw, 800px\" srcset=\"https:\/\/liked.hu\/old\/wp-content\/uploads\/2021\/11\/Piramis-a-Holdon.jpg 800w, https:\/\/liked.hu\/old\/wp-content\/uploads\/2021\/11\/Piramis-a-Holdon-768x768.jpg 768w, https:\/\/liked.hu\/old\/wp-content\/uploads\/2021\/11\/Piramis-a-Holdon-360x360.jpg 360w\" alt=\"Piramis a Holdon\" width=\"800\" height=\"800\"><\/div>\n<\/div>\n<\/div><figcaption class=\"zf-figcaption\"><cite><\/cite><\/figcaption><\/figure>\n<div class=\"zf-list_description\">\n<p>Mi tal\u00e1lhat\u00f3 pontosan a Hold s\u00f6t\u00e9t oldal\u00e1n? A fenti fot\u00f3t m\u00e9g az Apollo 17 k\u00e9sz\u00edtette, \u00e9s b\u00e1r el\u0151sz\u00f6r sikertelennek nyilv\u00e1n\u00edtott\u00e1k, k\u00e9s\u0151bb \u00e9rdekes dolgokra lettek figyelmesek. B\u00e1r rendk\u00edv\u00fcl sok a &#8222;zaj&#8221; a fot\u00f3n, j\u00f3l l\u00e1that\u00f3ak rajta a piramisokra jellemz\u0151 egyenes vonalak. Egyesek \u00fagy v\u00e9lik, hogy az egyiptomiakhoz hasonl\u00f3 piramisok tal\u00e1lhat\u00f3k a Hold s\u00f6t\u00e9t oldal\u00e1n, m\u00e1sok azonban j\u00f3val szkeptikusabbak enn\u00e9l, \u00e9s term\u00e9szetes k\u00e9pz\u0151dm\u00e9nynek tartj\u00e1k az Apollo 17 leg\u00e9nys\u00e9ge \u00e1ltal k\u00e9sz\u00edtett fot\u00f3n l\u00e1that\u00f3 furcsa objektumot.<\/p>\n<\/div>\n<\/li>\n<li class=\"zf-list_item\">\n<div class=\"zf-list_header\">\n<h3 id=\"9\" class=\"zf-list_title\"><span class=\"zf-number\">9<\/span>&nbsp;F\u00e9nyk\u00e9p Freddie Jacksonr\u00f3l a hal\u00e1l ut\u00e1n<\/h3>\n<\/div>\n<figure class=\"zf-list_media zf-media-wrapper zf-embed\">\n<div class=\"zf-media\" title=\"F\u00e9nyk\u00e9p Freddie Jacksonr\u00f3l a hal\u00e1l ut\u00e1n\">\n<div class=\"zf-media\" title=\"F\u00e9nyk\u00e9p Freddie Jacksonr\u00f3l a hal\u00e1l ut\u00e1n\">\n<div class=\"zf-embedded-url\"><img loading=\"lazy\" src=\"https:\/\/liked.hu\/old\/wp-content\/uploads\/2021\/01\/3de27a5de19919393d28619ed6.jpg\" alt=\"\" width=\"100%\" height=\"auto\"><\/div>\n<\/div>\n<\/div><figcaption class=\"zf-figcaption\"><cite><\/cite><\/figcaption><\/figure>\n<div class=\"zf-list_description\">\n<p>Freddie Jackson az RAF&nbsp;<a href=\"https:\/\/www.science20.com\/science_motherhood\/ghostly_photos_hauntings_or_hoaxes\" target=\"_blank\" rel=\"nofollow noopener noreferrer\">rep\u00fcl\u0151g\u00e9p-szerel\u0151je<\/a>&nbsp;volt az els\u0151 vil\u00e1gh\u00e1bor\u00fa idej\u00e9n. A f\u00e9rfi tragikus k\u00f6r\u00fclm\u00e9nyek k\u00f6z\u00f6tt hunyt el 1919-ben. A temet\u00e9se ugyanazon a napon volt, amikor ez a f\u00e9nyk\u00e9p k\u00e9sz\u00fclt. Jackson bar\u00e1tai \u00fagy v\u00e9lik, hogy \u00edgy akart elb\u00facs\u00fazni a f\u00e9rfi a csapatukt\u00f3l.<\/p>\n\n<div style=\"float:none;margin:0px 0 0px 0;text-align:center;\">\n<div class=\"mobileHideke5\"><div style=\"margin-top:25px;\"><div class=\"hirdeteshatter\"><div style=\"display: inline-block;width: 50%;min-width:305px;vertical-align: top;\"><div class=\"hirdetes\">HIRDET\u00c9S<\/div>\n<!-- LikedQ51 -->\n<ins class=\"adsbygoogle\"\n     style=\"display:inline-block;width:300px;height:250px\"\n     data-ad-client=\"ca-pub-9424088931673893\"\n     data-ad-slot=\"8284063326\"><\/ins>\n<script async>\n     (adsbygoogle = window.adsbygoogle || []).push({});\n<\/script><\/div><div style=\"display: inline-block;width: 50%;min-width:305px;vertical-align: top;\"><div class=\"hirdetes\">HIRDET\u00c9S<\/div>\n<!-- LikedQ52 -->\n<ins class=\"adsbygoogle\"\n     style=\"display:inline-block;width:300px;height:250px\"\n     data-ad-client=\"ca-pub-9424088931673893\"\n     data-ad-slot=\"2840164950\"><\/ins>\n<script async>\n     (adsbygoogle = window.adsbygoogle || []).push({});\n<\/script><\/div><\/div><\/div><\/div>\n<div style=\"display:flex;flex-direction:column;\"><div class=\"mobileShowka5\"><div style=\"padding-top:10px;padding-bottom:10px;min-height: 300px;\"><div class=\"hirdetes\">HIRDET\u00c9S<\/div>\n<!-- LikedQ5M -->\n<ins class=\"adsbygoogle\"\n     style=\"display:inline-block;width:300px;height:250px\"\n     data-ad-client=\"ca-pub-9424088931673893\"\n     data-ad-slot=\"9022429928\"><\/ins>\n<script async>\n     (adsbygoogle = window.adsbygoogle || []).push({});\n<\/script><\/div><\/div><\/div><\/div>\n\n<\/div>\n<\/li>\n<li class=\"zf-list_item\">\n<div class=\"zf-list_header\">\n<h3 id=\"10\" class=\"zf-list_title\"><span class=\"zf-number\">10<\/span>&nbsp;Elisa Lam titokzatos hal\u00e1la<\/h3>\n<\/div>\n<figure class=\"zf-list_media zf-media-wrapper zf-image zf-type-image\">\n<div class=\"zf-media\" title=\"Elisa Lam titokzatos hal\u00e1la\">\n<div class=\"zf-media\" title=\"Elisa Lam titokzatos hal\u00e1la\">\n<div class=\"bb-media-placeholder\"><img loading=\"lazy\" class=\"\" src=\"https:\/\/liked.hu\/old\/wp-content\/uploads\/2021\/11\/Elisa-Lam-halala.jpg\" sizes=\"(max-width: 800px) 100vw, 800px\" srcset=\"https:\/\/liked.hu\/old\/wp-content\/uploads\/2021\/11\/Elisa-Lam-halala.jpg 800w, https:\/\/liked.hu\/old\/wp-content\/uploads\/2021\/11\/Elisa-Lam-halala-768x575.jpg 768w, https:\/\/liked.hu\/old\/wp-content\/uploads\/2021\/11\/Elisa-Lam-halala-360x270.jpg 360w\" alt=\"Elisa Lam halala\" width=\"800\" height=\"599\"><\/div>\n<\/div>\n<\/div><figcaption class=\"zf-figcaption\"><cite><\/cite><\/figcaption><\/figure>\n<div class=\"zf-list_description\">\n<p>Elisa Lam egy 21 \u00e9ves di\u00e1k volt, aki 2013 janu\u00e1rj\u00e1ban t\u0171nt el a Los Angeles-i Cecil Hotelben. A holttest\u00e9t k\u00e9s\u0151bb a sz\u00e1lloda tetej\u00e9n l\u00e9v\u0151 v\u00edztart\u00e1lyban tal\u00e1lt\u00e1k meg. Elisa \u00e1ll\u00edt\u00f3lag bipol\u00e1ris zavarban szenvedett, \u00e9s a hal\u00e1l\u00e1t is egy ebb\u0151l fakad\u00f3 v\u00e9letlen baleset okozta, de nem mindenki van err\u0151l meggy\u0151z\u0151dve.<\/p>\n<p>M\u00edg a hivatalos rend\u0151rs\u00e9gi jelent\u00e9s szerint a l\u00e1ny \u00f6nmag\u00e1t\u00f3l m\u00e1szott fel a tet\u0151re \u00e9s ugrott bele a v\u00edztart\u00e1lyba ahonnan azt\u00e1n m\u00e1r nem tudott kij\u00f6nni, az internetez\u0151ket \u00e9s az \u00f6sszeesk\u00fcv\u00e9s elm\u00e9letek h\u00edveit egy&nbsp;<a href=\"https:\/\/www.youtube.com\/watch?v=_rfLSVIA0L0\" target=\"_blank\" rel=\"noopener noreferrer\">rejt\u00e9lyes videofelv\u00e9tel<\/a>&nbsp;tartja l\u00e1zban mely a l\u00e1ny \u00e9let\u00e9nek utols\u00f3 perceit \u00f6r\u00f6k\u00edtette meg. A felv\u00e9telen az l\u00e1tszik, ahogy Elisa a liftbe sz\u00e1ll, majd az \u00f6sszes gombot megnyomja, de a liftajt\u00f3 nem csuk\u00f3dik be. A l\u00e1ny ekkor kin\u00e9z a liftb\u0151l \u00e9s olyan, mintha bujk\u00e1lna valaki el\u0151l. A l\u00e1ny kimegy k\u00f6r\u00fcln\u00e9zni, majd visszaszalad a liftbe \u00e9s elb\u00fajik. Megint megnyomja a gombokat, de a lift tov\u00e1bbra sem indul. A l\u00e1ny v\u00e9g\u00fcl kisz\u00e1llt a liftb\u0151l, \u00e9s miut\u00e1n l\u00e1tsz\u00f3lag besz\u00e9lget valakivel, elt\u0171nik \u00e9s soha senki nem l\u00e1tta t\u00f6bb\u00e9 \u0151t \u00e9lve. Ahogy kil\u00e9pett a l\u00e1ny a k\u00e9pb\u0151l, a liftajt\u00f3 azonnal becsuk\u00f3dott \u00e9s a lift elindult.<\/p>\n<p><strong>N\u00e9h\u00e1ny hidegr\u00e1z\u00f3s t\u00e9ny Elisa Lam hal\u00e1l\u00e1val kapcsolatban:<\/strong><\/p>\n<ul>\n<li>A Cecil Hotel kor\u00e1bban nagyon n\u00e9pszer\u0171 volt a sorozatgyilkosok \u00e9s b\u0171n\u00f6z\u0151k k\u00f6z\u00f6tt.<\/li>\n<li>Furcsa tuberkul\u00f3zis-j\u00e1rv\u00e1ny terjedt el a hotelt\u0151l n\u00e9h\u00e1ny h\u00e1zt\u00f6mbnyire, melyre a tudom\u00e1nyos jelent\u00e9sekben &#8222;LAM-ELISA&#8221; n\u00e9ven hivatkoztak.<\/li>\n<li>Senki sem tudja megmagyar\u00e1zni, hogyan jutott fel a l\u00e1ny a lez\u00e1rt \u00e9s beriaszt\u00f3zott tet\u0151re.<\/li>\n<\/ul>\n<p>A Netflix egy\u00e9bk\u00e9nt \u00e9rdekes dokumentumfilmet forgatott a l\u00e1ny elt\u0171n\u00e9s\u00e9r\u0151l \u00e9s rejt\u00e9lyes hal\u00e1l\u00e1r\u00f3l, mely a &#8222;<a href=\"https:\/\/www.netflix.com\/hu\/title\/81183727\" target=\"_blank\" rel=\"noopener noreferrer\">Tetthely: A Cecil Hotel<\/a>&#8221; nevet kapta.<\/p>\n<p><strong>Melyik fot\u00f3 volt sz\u00e1modra a leg\u00e9rdekesebb? Ismersz m\u00e9g hasonl\u00f3an rejt\u00e9lyes fot\u00f3kat vagy vide\u00f3kat?<\/strong><\/p>\n<\/div>\n<\/li>\n<\/ol>\n<\/div>\n<\/div>\n<\/div>\n<\/div>\n<\/div>\n<\/div>\n","protected":false},"excerpt":{"rendered":"<p>Val\u00f3sz\u00edn\u0171leg sosem tudjuk meg r\u00f3luk az igazs\u00e1got.<\/p>\n","protected":false},"author":13,"featured_media":267289,"comment_status":"open","ping_status":"closed","sticky":false,"template":"","format":"standard","meta":{"buzzeditor_post_format":""},"categories":[23],"tags":[5823,1687,3799,2620,3800],"yoast_head":"<!-- This site is optimized with the Yoast SEO plugin v19.6.1 - https:\/\/yoast.com\/wordpress\/plugins\/seo\/ -->\n<title>10 titokzatos fot\u00f3, amit nem k\u00f6nny\u0171 megmagyar\u00e1zni<\/title>\n<meta name=\"description\" content=\"Val\u00f3sz\u00edn\u0171leg sosem tudjuk meg r\u00f3luk az igazs\u00e1got.\" \/>\n<meta name=\"robots\" content=\"index, follow, max-snippet:-1, max-image-preview:large, max-video-preview:-1\" \/>\n<link rel=\"canonical\" href=\"https:\/\/liked.hu\/old\/erdekes\/10-titokzatos-foto-amit-nem-konnyu-megmagyarazni\/\" \/>\n<link rel=\"next\" href=\"https:\/\/liked.hu\/old\/erdekes\/10-titokzatos-foto-amit-nem-konnyu-megmagyarazni\/2\/\" \/>\n<meta property=\"og:locale\" content=\"hu_HU\" \/>\n<meta property=\"og:type\" content=\"article\" \/>\n<meta property=\"og:title\" content=\"10 titokzatos fot\u00f3, amit nem k\u00f6nny\u0171 megmagyar\u00e1zni\" \/>\n<meta property=\"og:description\" content=\"Val\u00f3sz\u00edn\u0171leg sosem tudjuk meg r\u00f3luk az igazs\u00e1got.\" \/>\n<meta property=\"og:url\" content=\"https:\/\/liked.hu\/old\/erdekes\/10-titokzatos-foto-amit-nem-konnyu-megmagyarazni\/\" \/>\n<meta property=\"og:site_name\" content=\"Liked.hu\" \/>\n<meta property=\"article:publisher\" content=\"https:\/\/www.facebook.com\/liked.hu\" \/>\n<meta property=\"article:published_time\" content=\"2023-08-02T11:15:00+00:00\" \/>\n<meta property=\"article:modified_time\" content=\"2023-08-02T11:16:08+00:00\" \/>\n<meta property=\"og:image\" content=\"https:\/\/liked.hu\/old\/wp-content\/uploads\/2021\/11\/Rejtelyes-fotok.jpg\" \/>\n\t<meta property=\"og:image:width\" content=\"1200\" \/>\n\t<meta property=\"og:image:height\" content=\"630\" \/>\n\t<meta property=\"og:image:type\" content=\"image\/jpeg\" \/>\n<meta name=\"author\" content=\"Klingstrom\" \/>\n<meta name=\"twitter:card\" content=\"summary\" \/>\n<meta name=\"twitter:creator\" content=\"@LikedHu\" \/>\n<meta name=\"twitter:site\" content=\"@LikedHu\" \/>\n<meta name=\"twitter:label1\" content=\"Szerz\u0151:\" \/>\n\t<meta name=\"twitter:data1\" content=\"Klingstrom\" \/>\n\t<meta name=\"twitter:label2\" content=\"Becs\u00fclt olvas\u00e1si id\u0151\" \/>\n\t<meta name=\"twitter:data2\" content=\"9 perc\" \/>\n<script type=\"application\/ld+json\" class=\"yoast-schema-graph\">{\"@context\":\"https:\/\/schema.org\",\"@graph\":[{\"@type\":\"Article\",\"@id\":\"https:\/\/liked.hu\/old\/erdekes\/10-titokzatos-foto-amit-nem-konnyu-megmagyarazni\/#article\",\"isPartOf\":{\"@id\":\"https:\/\/liked.hu\/old\/erdekes\/10-titokzatos-foto-amit-nem-konnyu-megmagyarazni\/\"},\"author\":{\"name\":\"Klingstrom\",\"@id\":\"https:\/\/liked.hu\/old\/#\/schema\/person\/1c8d3f8764991e8dcd6572a7de72da8a\"},\"headline\":\"10 titokzatos fot\u00f3, amit nem k\u00f6nny\u0171 megmagyar\u00e1zni\",\"datePublished\":\"2023-08-02T11:15:00+00:00\",\"dateModified\":\"2023-08-02T11:16:08+00:00\",\"mainEntityOfPage\":{\"@id\":\"https:\/\/liked.hu\/old\/erdekes\/10-titokzatos-foto-amit-nem-konnyu-megmagyarazni\/\"},\"wordCount\":1737,\"commentCount\":1,\"publisher\":{\"@id\":\"https:\/\/liked.hu\/old\/#organization\"},\"keywords\":[\"Ma tudtam meg!\",\"megmagyar\u00e1zhatatlan\",\"rejt\u00e9lyes\",\"titok\",\"titokzatos\"],\"articleSection\":[\"\u00c9rdekess\u00e9gek\"],\"inLanguage\":\"hu\",\"potentialAction\":[{\"@type\":\"CommentAction\",\"name\":\"Comment\",\"target\":[\"https:\/\/liked.hu\/old\/erdekes\/10-titokzatos-foto-amit-nem-konnyu-megmagyarazni\/#respond\"]}]},{\"@type\":\"WebPage\",\"@id\":\"https:\/\/liked.hu\/old\/erdekes\/10-titokzatos-foto-amit-nem-konnyu-megmagyarazni\/\",\"url\":\"https:\/\/liked.hu\/old\/erdekes\/10-titokzatos-foto-amit-nem-konnyu-megmagyarazni\/\",\"name\":\"10 titokzatos fot\u00f3, amit nem k\u00f6nny\u0171 megmagyar\u00e1zni\",\"isPartOf\":{\"@id\":\"https:\/\/liked.hu\/old\/#website\"},\"datePublished\":\"2023-08-02T11:15:00+00:00\",\"dateModified\":\"2023-08-02T11:16:08+00:00\",\"description\":\"Val\u00f3sz\u00edn\u0171leg sosem tudjuk meg r\u00f3luk az igazs\u00e1got.\",\"breadcrumb\":{\"@id\":\"https:\/\/liked.hu\/old\/erdekes\/10-titokzatos-foto-amit-nem-konnyu-megmagyarazni\/#breadcrumb\"},\"inLanguage\":\"hu\",\"potentialAction\":[{\"@type\":\"ReadAction\",\"target\":[\"https:\/\/liked.hu\/old\/erdekes\/10-titokzatos-foto-amit-nem-konnyu-megmagyarazni\/\"]}]},{\"@type\":\"BreadcrumbList\",\"@id\":\"https:\/\/liked.hu\/old\/erdekes\/10-titokzatos-foto-amit-nem-konnyu-megmagyarazni\/#breadcrumb\",\"itemListElement\":[{\"@type\":\"ListItem\",\"position\":1,\"name\":\"Kezd\u0151lap\"}]},{\"@type\":\"WebSite\",\"@id\":\"https:\/\/liked.hu\/old\/#website\",\"url\":\"https:\/\/liked.hu\/old\/\",\"name\":\"Liked.hu\",\"description\":\"\",\"publisher\":{\"@id\":\"https:\/\/liked.hu\/old\/#organization\"},\"potentialAction\":[{\"@type\":\"SearchAction\",\"target\":{\"@type\":\"EntryPoint\",\"urlTemplate\":\"https:\/\/liked.hu\/old\/?s={search_term_string}\"},\"query-input\":\"required name=search_term_string\"}],\"inLanguage\":\"hu\"},{\"@type\":\"Organization\",\"@id\":\"https:\/\/liked.hu\/old\/#organization\",\"name\":\"Liked.hu\",\"url\":\"https:\/\/liked.hu\/old\/\",\"sameAs\":[\"https:\/\/hu.pinterest.com\/likedhungary\/\",\"https:\/\/www.youtube.com\/channel\/UCPv91dbMoIukYcM9b9nHN6Q\",\"https:\/\/www.facebook.com\/liked.hu\",\"https:\/\/twitter.com\/LikedHu\"],\"logo\":{\"@type\":\"ImageObject\",\"inLanguage\":\"hu\",\"@id\":\"https:\/\/liked.hu\/old\/#\/schema\/logo\/image\/\",\"url\":\"https:\/\/liked.hu\/wp-content\/uploads\/2018\/08\/Liked-icon.png\",\"contentUrl\":\"https:\/\/liked.hu\/wp-content\/uploads\/2018\/08\/Liked-icon.png\",\"width\":512,\"height\":512,\"caption\":\"Liked.hu\"},\"image\":{\"@id\":\"https:\/\/liked.hu\/old\/#\/schema\/logo\/image\/\"}},{\"@type\":\"Person\",\"@id\":\"https:\/\/liked.hu\/old\/#\/schema\/person\/1c8d3f8764991e8dcd6572a7de72da8a\",\"name\":\"Klingstrom\",\"image\":{\"@type\":\"ImageObject\",\"inLanguage\":\"hu\",\"@id\":\"https:\/\/liked.hu\/old\/#\/schema\/person\/image\/\",\"url\":\"https:\/\/liked.hu\/old\/wp-content\/uploads\/avatars\/13\/604de88bd578a-bpfull.jpg\",\"contentUrl\":\"https:\/\/liked.hu\/old\/wp-content\/uploads\/avatars\/13\/604de88bd578a-bpfull.jpg\",\"caption\":\"Klingstrom\"},\"url\":\"https:\/\/liked.hu\/old\/u\/klingstrom\/\"}]}<\/script>\n<!-- \/ Yoast SEO plugin. -->","yoast_head_json":{"title":"10 titokzatos fot\u00f3, amit nem k\u00f6nny\u0171 megmagyar\u00e1zni","description":"Val\u00f3sz\u00edn\u0171leg sosem tudjuk meg r\u00f3luk az igazs\u00e1got.","robots":{"index":"index","follow":"follow","max-snippet":"max-snippet:-1","max-image-preview":"max-image-preview:large","max-video-preview":"max-video-preview:-1"},"canonical":"https:\/\/liked.hu\/old\/erdekes\/10-titokzatos-foto-amit-nem-konnyu-megmagyarazni\/","next":"https:\/\/liked.hu\/old\/erdekes\/10-titokzatos-foto-amit-nem-konnyu-megmagyarazni\/2\/","og_locale":"hu_HU","og_type":"article","og_title":"10 titokzatos fot\u00f3, amit nem k\u00f6nny\u0171 megmagyar\u00e1zni","og_description":"Val\u00f3sz\u00edn\u0171leg sosem tudjuk meg r\u00f3luk az igazs\u00e1got.","og_url":"https:\/\/liked.hu\/old\/erdekes\/10-titokzatos-foto-amit-nem-konnyu-megmagyarazni\/","og_site_name":"Liked.hu","article_publisher":"https:\/\/www.facebook.com\/liked.hu","article_published_time":"2023-08-02T11:15:00+00:00","article_modified_time":"2023-08-02T11:16:08+00:00","og_image":[{"width":1200,"height":630,"url":"https:\/\/liked.hu\/old\/wp-content\/uploads\/2021\/11\/Rejtelyes-fotok.jpg","type":"image\/jpeg"}],"author":"Klingstrom","twitter_card":"summary","twitter_creator":"@LikedHu","twitter_site":"@LikedHu","twitter_misc":{"Szerz\u0151:":"Klingstrom","Becs\u00fclt olvas\u00e1si id\u0151":"9 perc"},"schema":{"@context":"https:\/\/schema.org","@graph":[{"@type":"Article","@id":"https:\/\/liked.hu\/old\/erdekes\/10-titokzatos-foto-amit-nem-konnyu-megmagyarazni\/#article","isPartOf":{"@id":"https:\/\/liked.hu\/old\/erdekes\/10-titokzatos-foto-amit-nem-konnyu-megmagyarazni\/"},"author":{"name":"Klingstrom","@id":"https:\/\/liked.hu\/old\/#\/schema\/person\/1c8d3f8764991e8dcd6572a7de72da8a"},"headline":"10 titokzatos fot\u00f3, amit nem k\u00f6nny\u0171 megmagyar\u00e1zni","datePublished":"2023-08-02T11:15:00+00:00","dateModified":"2023-08-02T11:16:08+00:00","mainEntityOfPage":{"@id":"https:\/\/liked.hu\/old\/erdekes\/10-titokzatos-foto-amit-nem-konnyu-megmagyarazni\/"},"wordCount":1737,"commentCount":1,"publisher":{"@id":"https:\/\/liked.hu\/old\/#organization"},"keywords":["Ma tudtam meg!","megmagyar\u00e1zhatatlan","rejt\u00e9lyes","titok","titokzatos"],"articleSection":["\u00c9rdekess\u00e9gek"],"inLanguage":"hu","potentialAction":[{"@type":"CommentAction","name":"Comment","target":["https:\/\/liked.hu\/old\/erdekes\/10-titokzatos-foto-amit-nem-konnyu-megmagyarazni\/#respond"]}]},{"@type":"WebPage","@id":"https:\/\/liked.hu\/old\/erdekes\/10-titokzatos-foto-amit-nem-konnyu-megmagyarazni\/","url":"https:\/\/liked.hu\/old\/erdekes\/10-titokzatos-foto-amit-nem-konnyu-megmagyarazni\/","name":"10 titokzatos fot\u00f3, amit nem k\u00f6nny\u0171 megmagyar\u00e1zni","isPartOf":{"@id":"https:\/\/liked.hu\/old\/#website"},"datePublished":"2023-08-02T11:15:00+00:00","dateModified":"2023-08-02T11:16:08+00:00","description":"Val\u00f3sz\u00edn\u0171leg sosem tudjuk meg r\u00f3luk az igazs\u00e1got.","breadcrumb":{"@id":"https:\/\/liked.hu\/old\/erdekes\/10-titokzatos-foto-amit-nem-konnyu-megmagyarazni\/#breadcrumb"},"inLanguage":"hu","potentialAction":[{"@type":"ReadAction","target":["https:\/\/liked.hu\/old\/erdekes\/10-titokzatos-foto-amit-nem-konnyu-megmagyarazni\/"]}]},{"@type":"BreadcrumbList","@id":"https:\/\/liked.hu\/old\/erdekes\/10-titokzatos-foto-amit-nem-konnyu-megmagyarazni\/#breadcrumb","itemListElement":[{"@type":"ListItem","position":1,"name":"Kezd\u0151lap"}]},{"@type":"WebSite","@id":"https:\/\/liked.hu\/old\/#website","url":"https:\/\/liked.hu\/old\/","name":"Liked.hu","description":"","publisher":{"@id":"https:\/\/liked.hu\/old\/#organization"},"potentialAction":[{"@type":"SearchAction","target":{"@type":"EntryPoint","urlTemplate":"https:\/\/liked.hu\/old\/?s={search_term_string}"},"query-input":"required name=search_term_string"}],"inLanguage":"hu"},{"@type":"Organization","@id":"https:\/\/liked.hu\/old\/#organization","name":"Liked.hu","url":"https:\/\/liked.hu\/old\/","sameAs":["https:\/\/hu.pinterest.com\/likedhungary\/","https:\/\/www.youtube.com\/channel\/UCPv91dbMoIukYcM9b9nHN6Q","https:\/\/www.facebook.com\/liked.hu","https:\/\/twitter.com\/LikedHu"],"logo":{"@type":"ImageObject","inLanguage":"hu","@id":"https:\/\/liked.hu\/old\/#\/schema\/logo\/image\/","url":"https:\/\/liked.hu\/wp-content\/uploads\/2018\/08\/Liked-icon.png","contentUrl":"https:\/\/liked.hu\/wp-content\/uploads\/2018\/08\/Liked-icon.png","width":512,"height":512,"caption":"Liked.hu"},"image":{"@id":"https:\/\/liked.hu\/old\/#\/schema\/logo\/image\/"}},{"@type":"Person","@id":"https:\/\/liked.hu\/old\/#\/schema\/person\/1c8d3f8764991e8dcd6572a7de72da8a","name":"Klingstrom","image":{"@type":"ImageObject","inLanguage":"hu","@id":"https:\/\/liked.hu\/old\/#\/schema\/person\/image\/","url":"https:\/\/liked.hu\/old\/wp-content\/uploads\/avatars\/13\/604de88bd578a-bpfull.jpg","contentUrl":"https:\/\/liked.hu\/old\/wp-content\/uploads\/avatars\/13\/604de88bd578a-bpfull.jpg","caption":"Klingstrom"},"url":"https:\/\/liked.hu\/old\/u\/klingstrom\/"}]}},"publishpress_future_action":{"enabled":false,"date":"1970-01-01 01:00:00","action":"","terms":[],"taxonomy":"","browser_timezone_offset":0},"_links":{"self":[{"href":"https:\/\/liked.hu\/old\/wp-json\/wp\/v2\/posts\/267287"}],"collection":[{"href":"https:\/\/liked.hu\/old\/wp-json\/wp\/v2\/posts"}],"about":[{"href":"https:\/\/liked.hu\/old\/wp-json\/wp\/v2\/types\/post"}],"author":[{"embeddable":true,"href":"https:\/\/liked.hu\/old\/wp-json\/wp\/v2\/users\/13"}],"replies":[{"embeddable":true,"href":"https:\/\/liked.hu\/old\/wp-json\/wp\/v2\/comments?post=267287"}],"version-history":[{"count":0,"href":"https:\/\/liked.hu\/old\/wp-json\/wp\/v2\/posts\/267287\/revisions"}],"wp:featuredmedia":[{"embeddable":true,"href":"https:\/\/liked.hu\/old\/wp-json\/wp\/v2\/media\/267289"}],"wp:attachment":[{"href":"https:\/\/liked.hu\/old\/wp-json\/wp\/v2\/media?parent=267287"}],"wp:term":[{"taxonomy":"category","embeddable":true,"href":"https:\/\/liked.hu\/old\/wp-json\/wp\/v2\/categories?post=267287"},{"taxonomy":"post_tag","embeddable":true,"href":"https:\/\/liked.hu\/old\/wp-json\/wp\/v2\/tags?post=267287"}],"curies":[{"name":"wp","href":"https:\/\/api.w.org\/{rel}","templated":true}]}}